{"id":71083,"date":"2020-09-11T10:00:39","date_gmt":"2020-09-11T13:00:39","guid":{"rendered":"https:\/\/www.institutodeengenharia.org.br\/site\/?p=71083"},"modified":"2020-09-21T10:23:28","modified_gmt":"2020-09-21T13:23:28","slug":"projeto-sinapse-matriz-energetica-e-aprimoramento-da-sistematica-de-insercao-ambiental-no-planejamento-da-expansao-do-sistema-eletrico","status":"publish","type":"post","link":"https:\/\/www.institutodeengenharia.org.br\/site\/2020\/09\/11\/projeto-sinapse-matriz-energetica-e-aprimoramento-da-sistematica-de-insercao-ambiental-no-planejamento-da-expansao-do-sistema-eletrico\/","title":{"rendered":"Projeto Sinapse &#8211; Matriz Energ\u00e9tica e Aprimoramento da Sistem\u00e1tica de Inser\u00e7\u00e3o Ambiental no Planejamento da Expans\u00e3o do Sistema El\u00e9trico"},"content":{"rendered":"<p>A palestra<strong>\u00a0Projeto Sinapse &#8211; Matriz Energ\u00e9tica e Aprimoramento da Sistem\u00e1tica de Inser\u00e7\u00e3o Ambiental no Planejamento da Expans\u00e3o do Sistema El\u00e9trico <\/strong>faz parte da\u00a0<em>S\u00e9rie Webinar: Falando em Engenheirar<\/em>, uma realiza\u00e7\u00e3o do Instituto de Engenharia.<\/p>\n<p><strong>Assista abaixo \u00e0 grava\u00e7\u00e3o:<\/strong><\/p>\n<p><iframe loading=\"lazy\" src=\"https:\/\/player.vimeo.com\/video\/459557247\" width=\"640\" height=\"360\" frameborder=\"0\" allowfullscreen=\"allowfullscreen\"><\/iframe><br \/>\n&nbsp;<\/p>\n<p><strong>+ Informa\u00e7\u00f5es:<\/strong><\/p>\n<p><strong>Palestrantes:<\/strong><\/p>\n<p><img loading=\"lazy\" decoding=\"async\" class=\"alignnone wp-image-70432\" src=\"https:\/\/www.institutodeengenharia.org.br\/site\/wp-content\/uploads\/2020\/09\/Dorel-Soares-Ramos.jpg\" alt=\"\" width=\"146\" height=\"140\" \/><\/p>\n<p><strong>Dorel Soares Ramos<\/strong><\/p>\n<p>Bacharel em Engenharia El\u00e9trica, com mestrado e doutorado em Engenharia El\u00e9trica pela EPUSP. Atuou como diretor das Distribuidoras Bandeirante\/Escelsa e Enersul e diretor de Regula\u00e7\u00e3o do Grupo EDP. Atualmente \u00e9 professor do Depto. de Engenharia de Energia da Escola Polit\u00e9cnica da USP (Poli-USP), <em>senior member<\/em> do IEEE e s\u00f3cio administrador da MRTS Consultoria em Engenharia, atuando em planejamento, regula\u00e7\u00e3o, comercializa\u00e7\u00e3o e an\u00e1lise de riscos, al\u00e9m de gera\u00e7\u00e3o de energia e modelagem institucional do setor el\u00e9trico.<\/p>\n<p><img loading=\"lazy\" decoding=\"async\" class=\"alignnone wp-image-70431\" src=\"https:\/\/www.institutodeengenharia.org.br\/site\/wp-content\/uploads\/2020\/09\/Ana-L\u00facia-Rodrigues-da-Silva.jpg\" alt=\"\" width=\"136\" height=\"182\" \/><\/p>\n<p><strong>Ana L\u00facia Rodrigues da Silva<\/strong><\/p>\n<p>Bacharel em F\u00edsica com mestrado pela UNESP e doutorado em Planejamento de Sistemas Energ\u00e9ticos pela Unicamp, e possui p\u00f3s-doutorado em Engenharia Civil tamb\u00e9m pela Unicamp. Atualmente e\u0301 professora do SENAC e s\u00f3cia-gerente da empresa Sinerconsult \u2013 Consultoria e Treinamento. Autora dos livros Monografia f\u00e1cil,\u00a0Marketing Energ\u00e9tico\/Energetic Marketing\u00a0(Alemanha, 2010),\u00a0Comportamento do grande consumidor de Energia El\u00e9trica e\u00a0Cruzeiros Mar\u00edtimos. \u00c9 coautora do livro\u00a0Planejamento Energ\u00e9tico \u2013 Inser\u00e7\u00e3o da vari\u00e1vel ambiental na expans\u00e3o da oferta de energia el\u00e9trica.<\/p>\n<p><img loading=\"lazy\" decoding=\"async\" class=\"alignnone wp-image-70632\" src=\"https:\/\/www.institutodeengenharia.org.br\/site\/wp-content\/uploads\/2020\/09\/Erik-Rego.jpg\" alt=\"\" width=\"130\" height=\"180\" \/><\/p>\n<p><strong>Erik Rego<\/strong><\/p>\n<p>Bacharel em Engenharia de Produ\u00e7\u00e3o pela Poli-USP, em Ci\u00eancias Econ\u00f4micas pela FEA-USP, com mestrado e doutorado em Economia da Energia pelo IEE-USP. Foi pesquisador visitante na Universidade de Illinois (EUA), e possui especializa\u00e7\u00e3o em derivativos pela BM&amp;F. Foi diretor da Excel\u00eancia Energ\u00e9tica Consultoria, professor do Departamento de Economia da FEA-USP, professor de economia da ESEG, professor da Funda\u00e7\u00e3o Vanzolini, vice-coordenador do CEAI \u2013 Curso de Especializa\u00e7\u00e3o em Administra\u00e7\u00e3o Industrial (p\u00f3s-gradua\u00e7\u00e3o &#8216;lato sensu&#8217;) da Funda\u00e7\u00e3o Vanzolini e presidente do Comit\u00ea de Energia da AMCHAM. Atua h\u00e1 mais de 15 anos no setor de energia el\u00e9trica em gera\u00e7\u00e3o e transmiss\u00e3o, leil\u00f5es de concess\u00e3o e comercializa\u00e7\u00e3o. \u00c9 diretor do Departamento de Energia El\u00e9trica da EPE e professor do Departamento de Engenharia de Produ\u00e7\u00e3o da Escola Polit\u00e9cnica da USP<\/p>\n<p><strong>Moderador:<\/strong><\/p>\n<p><img loading=\"lazy\" decoding=\"async\" class=\"alignnone wp-image-68920\" src=\"https:\/\/www.institutodeengenharia.org.br\/site\/wp-content\/uploads\/2020\/07\/Al\u00e9ssio-Bento-Borelli.png\" alt=\"\" width=\"140\" height=\"128\" \/><\/p>\n<p><strong>Al\u00e9ssio Bento Borelli<\/strong><\/p>\n<p>Bacharel e mestre em Engenharia El\u00e9trica pelo IEE\/USP, realizou cr\u00e9ditos de doutorado pela EPUSP. Atuou como gerente de Planejamento, Constru\u00e7\u00e3o e Opera\u00e7\u00e3o de Sistemas de Distribui\u00e7\u00e3o de Energia El\u00e9trica na CESP; como\u00a0<em>chariman<\/em> do Conselho Brasileiro do IEEE; como conselheiro do CREA\/SP e membro do Comit\u00ea Editorial da Revista Engenharia.\u00a0 Atualmente \u00e9 diretor do DEINFRA da FIESP e diretor do Departamento de Energia e Telecomunica\u00e7\u00f5es do Instituto de Engenharia.<\/p>\n","protected":false},"excerpt":{"rendered":"<p>A palestra\u00a0Projeto Sinapse &#8211; Matriz Energ\u00e9tica e Aprimoramento da Sistem\u00e1tica de Inser\u00e7\u00e3o Ambiental no Planejamento da Expans\u00e3o do Sistema El\u00e9trico faz parte da\u00a0S\u00e9rie Webinar: Falando em Engenheirar, uma realiza\u00e7\u00e3o do Instituto de Engenharia. Assista abaixo \u00e0 grava\u00e7\u00e3o: &nbsp; + Informa\u00e7\u00f5es: Palestrantes: Dorel Soares Ramos Bacharel em Engenharia El\u00e9trica, com mestrado e doutorado em Engenharia El\u00e9trica [&hellip;]<\/p>\n","protected":false},"author":13,"featured_media":71084,"comment_status":"open","ping_status":"open","sticky":false,"template":"","format":"standard","meta":{"footnotes":""},"categories":[968,969],"tags":[],"class_list":{"0":"post-71083","1":"post","2":"type-post","3":"status-publish","4":"format-standard","5":"has-post-thumbnail","7":"category-nova-tv-engenharia","8":"category-palestra"},"yoast_head":"<!-- This site is optimized with the Yoast SEO plugin v27.2 - https:\/\/yoast.com\/product\/yoast-seo-wordpress\/ -->\n<title>Projeto Sinapse - Matriz Energ\u00e9tica e Aprimoramento da Sistem\u00e1tica de Inser\u00e7\u00e3o Ambiental no Planejamento da Expans\u00e3o do Sistema El\u00e9trico - Instituto de Engenharia<\/title>\n<meta name=\"robots\" content=\"index, follow, max-snippet:-1, max-image-preview:large, max-video-preview:-1\" \/>\n<link rel=\"canonical\" href=\"https:\/\/www.institutodeengenharia.org.br\/site\/2020\/09\/11\/projeto-sinapse-matriz-energetica-e-aprimoramento-da-sistematica-de-insercao-ambiental-no-planejamento-da-expansao-do-sistema-eletrico\/\" \/>\n<meta property=\"og:locale\" content=\"pt_BR\" \/>\n<meta property=\"og:type\" content=\"article\" \/>\n<meta property=\"og:title\" content=\"Projeto Sinapse - Matriz Energ\u00e9tica e Aprimoramento da Sistem\u00e1tica de Inser\u00e7\u00e3o Ambiental no Planejamento da Expans\u00e3o do Sistema El\u00e9trico - Instituto de Engenharia\" \/>\n<meta property=\"og:description\" content=\"A palestra\u00a0Projeto Sinapse &#8211; Matriz Energ\u00e9tica e Aprimoramento da Sistem\u00e1tica de Inser\u00e7\u00e3o Ambiental no Planejamento da Expans\u00e3o do Sistema El\u00e9trico faz parte da\u00a0S\u00e9rie Webinar: Falando em Engenheirar, uma realiza\u00e7\u00e3o do Instituto de Engenharia. Assista abaixo \u00e0 grava\u00e7\u00e3o: &nbsp; + Informa\u00e7\u00f5es: Palestrantes: Dorel Soares Ramos Bacharel em Engenharia El\u00e9trica, com mestrado e doutorado em Engenharia El\u00e9trica [&hellip;]\" \/>\n<meta property=\"og:url\" content=\"https:\/\/www.institutodeengenharia.org.br\/site\/2020\/09\/11\/projeto-sinapse-matriz-energetica-e-aprimoramento-da-sistematica-de-insercao-ambiental-no-planejamento-da-expansao-do-sistema-eletrico\/\" \/>\n<meta property=\"og:site_name\" content=\"Instituto de Engenharia\" \/>\n<meta property=\"article:publisher\" content=\"https:\/\/www.facebook.com\/institutodeengenharia\" \/>\n<meta property=\"article:published_time\" content=\"2020-09-11T13:00:39+00:00\" \/>\n<meta property=\"article:modified_time\" content=\"2020-09-21T13:23:28+00:00\" \/>\n<meta property=\"og:image\" content=\"https:\/\/www.institutodeengenharia.org.br\/site\/wp-content\/uploads\/2020\/09\/energia-el\u00e9trica.jpg\" \/>\n\t<meta property=\"og:image:width\" content=\"1035\" \/>\n\t<meta property=\"og:image:height\" content=\"646\" \/>\n\t<meta property=\"og:image:type\" content=\"image\/jpeg\" \/>\n<meta name=\"author\" content=\"Bianca\" \/>\n<meta name=\"twitter:card\" content=\"summary_large_image\" \/>\n<meta name=\"twitter:creator\" content=\"@iengenharia\" \/>\n<meta name=\"twitter:site\" content=\"@iengenharia\" \/>\n<meta name=\"twitter:label1\" content=\"Escrito por\" \/>\n\t<meta name=\"twitter:data1\" content=\"Bianca\" \/>\n\t<meta name=\"twitter:label2\" content=\"Est. tempo de leitura\" \/>\n\t<meta name=\"twitter:data2\" content=\"2 minutos\" \/>\n<script type=\"application\/ld+json\" class=\"yoast-schema-graph\">{\"@context\":\"https:\/\/schema.org\",\"@graph\":[{\"@type\":\"Article\",\"@id\":\"https:\/\/www.institutodeengenharia.org.br\/site\/2020\/09\/11\/projeto-sinapse-matriz-energetica-e-aprimoramento-da-sistematica-de-insercao-ambiental-no-planejamento-da-expansao-do-sistema-eletrico\/#article\",\"isPartOf\":{\"@id\":\"https:\/\/www.institutodeengenharia.org.br\/site\/2020\/09\/11\/projeto-sinapse-matriz-energetica-e-aprimoramento-da-sistematica-de-insercao-ambiental-no-planejamento-da-expansao-do-sistema-eletrico\/\"},\"author\":{\"name\":\"Bianca\",\"@id\":\"https:\/\/www.institutodeengenharia.org.br\/site\/#\/schema\/person\/aeb64951c405e100d26d30b033dd423f\"},\"headline\":\"Projeto Sinapse &#8211; Matriz Energ\u00e9tica e Aprimoramento da Sistem\u00e1tica de Inser\u00e7\u00e3o Ambiental no Planejamento da Expans\u00e3o do Sistema El\u00e9trico\",\"datePublished\":\"2020-09-11T13:00:39+00:00\",\"dateModified\":\"2020-09-21T13:23:28+00:00\",\"mainEntityOfPage\":{\"@id\":\"https:\/\/www.institutodeengenharia.org.br\/site\/2020\/09\/11\/projeto-sinapse-matriz-energetica-e-aprimoramento-da-sistematica-de-insercao-ambiental-no-planejamento-da-expansao-do-sistema-eletrico\/\"},\"wordCount\":486,\"commentCount\":0,\"publisher\":{\"@id\":\"https:\/\/www.institutodeengenharia.org.br\/site\/#organization\"},\"image\":{\"@id\":\"https:\/\/www.institutodeengenharia.org.br\/site\/2020\/09\/11\/projeto-sinapse-matriz-energetica-e-aprimoramento-da-sistematica-de-insercao-ambiental-no-planejamento-da-expansao-do-sistema-eletrico\/#primaryimage\"},\"thumbnailUrl\":\"https:\/\/www.institutodeengenharia.org.br\/site\/wp-content\/uploads\/2020\/09\/energia-el\u00e9trica.jpg\",\"articleSection\":[\"Nova TV Engenharia\",\"Palestra\"],\"inLanguage\":\"pt-BR\",\"potentialAction\":[{\"@type\":\"CommentAction\",\"name\":\"Comment\",\"target\":[\"https:\/\/www.institutodeengenharia.org.br\/site\/2020\/09\/11\/projeto-sinapse-matriz-energetica-e-aprimoramento-da-sistematica-de-insercao-ambiental-no-planejamento-da-expansao-do-sistema-eletrico\/#respond\"]}]},{\"@type\":\"WebPage\",\"@id\":\"https:\/\/www.institutodeengenharia.org.br\/site\/2020\/09\/11\/projeto-sinapse-matriz-energetica-e-aprimoramento-da-sistematica-de-insercao-ambiental-no-planejamento-da-expansao-do-sistema-eletrico\/\",\"url\":\"https:\/\/www.institutodeengenharia.org.br\/site\/2020\/09\/11\/projeto-sinapse-matriz-energetica-e-aprimoramento-da-sistematica-de-insercao-ambiental-no-planejamento-da-expansao-do-sistema-eletrico\/\",\"name\":\"Projeto Sinapse - Matriz Energ\u00e9tica e Aprimoramento da Sistem\u00e1tica de Inser\u00e7\u00e3o Ambiental no Planejamento da Expans\u00e3o do Sistema El\u00e9trico - Instituto de Engenharia\",\"isPartOf\":{\"@id\":\"https:\/\/www.institutodeengenharia.org.br\/site\/#website\"},\"primaryImageOfPage\":{\"@id\":\"https:\/\/www.institutodeengenharia.org.br\/site\/2020\/09\/11\/projeto-sinapse-matriz-energetica-e-aprimoramento-da-sistematica-de-insercao-ambiental-no-planejamento-da-expansao-do-sistema-eletrico\/#primaryimage\"},\"image\":{\"@id\":\"https:\/\/www.institutodeengenharia.org.br\/site\/2020\/09\/11\/projeto-sinapse-matriz-energetica-e-aprimoramento-da-sistematica-de-insercao-ambiental-no-planejamento-da-expansao-do-sistema-eletrico\/#primaryimage\"},\"thumbnailUrl\":\"https:\/\/www.institutodeengenharia.org.br\/site\/wp-content\/uploads\/2020\/09\/energia-el\u00e9trica.jpg\",\"datePublished\":\"2020-09-11T13:00:39+00:00\",\"dateModified\":\"2020-09-21T13:23:28+00:00\",\"breadcrumb\":{\"@id\":\"https:\/\/www.institutodeengenharia.org.br\/site\/2020\/09\/11\/projeto-sinapse-matriz-energetica-e-aprimoramento-da-sistematica-de-insercao-ambiental-no-planejamento-da-expansao-do-sistema-eletrico\/#breadcrumb\"},\"inLanguage\":\"pt-BR\",\"potentialAction\":[{\"@type\":\"ReadAction\",\"target\":[\"https:\/\/www.institutodeengenharia.org.br\/site\/2020\/09\/11\/projeto-sinapse-matriz-energetica-e-aprimoramento-da-sistematica-de-insercao-ambiental-no-planejamento-da-expansao-do-sistema-eletrico\/\"]}]},{\"@type\":\"ImageObject\",\"inLanguage\":\"pt-BR\",\"@id\":\"https:\/\/www.institutodeengenharia.org.br\/site\/2020\/09\/11\/projeto-sinapse-matriz-energetica-e-aprimoramento-da-sistematica-de-insercao-ambiental-no-planejamento-da-expansao-do-sistema-eletrico\/#primaryimage\",\"url\":\"https:\/\/www.institutodeengenharia.org.br\/site\/wp-content\/uploads\/2020\/09\/energia-el\u00e9trica.jpg\",\"contentUrl\":\"https:\/\/www.institutodeengenharia.org.br\/site\/wp-content\/uploads\/2020\/09\/energia-el\u00e9trica.jpg\",\"width\":1035,\"height\":646},{\"@type\":\"BreadcrumbList\",\"@id\":\"https:\/\/www.institutodeengenharia.org.br\/site\/2020\/09\/11\/projeto-sinapse-matriz-energetica-e-aprimoramento-da-sistematica-de-insercao-ambiental-no-planejamento-da-expansao-do-sistema-eletrico\/#breadcrumb\",\"itemListElement\":[{\"@type\":\"ListItem\",\"position\":1,\"name\":\"In\u00edcio\",\"item\":\"https:\/\/www.institutodeengenharia.org.br\/site\/\"},{\"@type\":\"ListItem\",\"position\":2,\"name\":\"Projeto Sinapse &#8211; Matriz Energ\u00e9tica e Aprimoramento da Sistem\u00e1tica de Inser\u00e7\u00e3o Ambiental no Planejamento da Expans\u00e3o do Sistema El\u00e9trico\"}]},{\"@type\":\"WebSite\",\"@id\":\"https:\/\/www.institutodeengenharia.org.br\/site\/#website\",\"url\":\"https:\/\/www.institutodeengenharia.org.br\/site\/\",\"name\":\"Instituto de Engenharia\",\"description\":\"O Instituto de Engenharia promove a Engenharia em benef\u00edcio do desenvolvimento e da qualidade de vida da sociedade.\",\"publisher\":{\"@id\":\"https:\/\/www.institutodeengenharia.org.br\/site\/#organization\"},\"potentialAction\":[{\"@type\":\"SearchAction\",\"target\":{\"@type\":\"EntryPoint\",\"urlTemplate\":\"https:\/\/www.institutodeengenharia.org.br\/site\/?s={search_term_string}\"},\"query-input\":{\"@type\":\"PropertyValueSpecification\",\"valueRequired\":true,\"valueName\":\"search_term_string\"}}],\"inLanguage\":\"pt-BR\"},{\"@type\":\"Organization\",\"@id\":\"https:\/\/www.institutodeengenharia.org.br\/site\/#organization\",\"name\":\"Instituto de Engenharia\",\"url\":\"https:\/\/www.institutodeengenharia.org.br\/site\/\",\"logo\":{\"@type\":\"ImageObject\",\"inLanguage\":\"pt-BR\",\"@id\":\"https:\/\/www.institutodeengenharia.org.br\/site\/#\/schema\/logo\/image\/\",\"url\":\"https:\/\/www.institutodeengenharia.org.br\/site\/wp-content\/uploads\/2019\/03\/logo-novo-IE2018-1.jpg\",\"contentUrl\":\"https:\/\/www.institutodeengenharia.org.br\/site\/wp-content\/uploads\/2019\/03\/logo-novo-IE2018-1.jpg\",\"width\":1486,\"height\":1879,\"caption\":\"Instituto de Engenharia\"},\"image\":{\"@id\":\"https:\/\/www.institutodeengenharia.org.br\/site\/#\/schema\/logo\/image\/\"},\"sameAs\":[\"https:\/\/www.facebook.com\/institutodeengenharia\",\"https:\/\/x.com\/iengenharia\",\"https:\/\/www.instagram.com\/institutodeengenharia\/\",\"https:\/\/www.linkedin.com\/company\/instituto-de-engenharia\/\",\"https:\/\/www.youtube.com\/channel\/UCXiCAlsSMe977vamW915HxA\"]},{\"@type\":\"Person\",\"@id\":\"https:\/\/www.institutodeengenharia.org.br\/site\/#\/schema\/person\/aeb64951c405e100d26d30b033dd423f\",\"name\":\"Bianca\",\"image\":{\"@type\":\"ImageObject\",\"inLanguage\":\"pt-BR\",\"@id\":\"https:\/\/secure.gravatar.com\/avatar\/a6fbe9bff57405baf4c1e2c5c1811e072b558253974a9f9508f4678900c97c2a?s=96&d=mm&r=g\",\"url\":\"https:\/\/secure.gravatar.com\/avatar\/a6fbe9bff57405baf4c1e2c5c1811e072b558253974a9f9508f4678900c97c2a?s=96&d=mm&r=g\",\"contentUrl\":\"https:\/\/secure.gravatar.com\/avatar\/a6fbe9bff57405baf4c1e2c5c1811e072b558253974a9f9508f4678900c97c2a?s=96&d=mm&r=g\",\"caption\":\"Bianca\"},\"url\":\"https:\/\/www.institutodeengenharia.org.br\/site\/author\/comunicacao1\/\"}]}<\/script>\n<!-- \/ Yoast SEO plugin. -->","yoast_head_json":{"title":"Projeto Sinapse - Matriz Energ\u00e9tica e Aprimoramento da Sistem\u00e1tica de Inser\u00e7\u00e3o Ambiental no Planejamento da Expans\u00e3o do Sistema El\u00e9trico - Instituto de Engenharia","robots":{"index":"index","follow":"follow","max-snippet":"max-snippet:-1","max-image-preview":"max-image-preview:large","max-video-preview":"max-video-preview:-1"},"canonical":"https:\/\/www.institutodeengenharia.org.br\/site\/2020\/09\/11\/projeto-sinapse-matriz-energetica-e-aprimoramento-da-sistematica-de-insercao-ambiental-no-planejamento-da-expansao-do-sistema-eletrico\/","og_locale":"pt_BR","og_type":"article","og_title":"Projeto Sinapse - Matriz Energ\u00e9tica e Aprimoramento da Sistem\u00e1tica de Inser\u00e7\u00e3o Ambiental no Planejamento da Expans\u00e3o do Sistema El\u00e9trico - Instituto de Engenharia","og_description":"A palestra\u00a0Projeto Sinapse &#8211; Matriz Energ\u00e9tica e Aprimoramento da Sistem\u00e1tica de Inser\u00e7\u00e3o Ambiental no Planejamento da Expans\u00e3o do Sistema El\u00e9trico faz parte da\u00a0S\u00e9rie Webinar: Falando em Engenheirar, uma realiza\u00e7\u00e3o do Instituto de Engenharia. Assista abaixo \u00e0 grava\u00e7\u00e3o: &nbsp; + Informa\u00e7\u00f5es: Palestrantes: Dorel Soares Ramos Bacharel em Engenharia El\u00e9trica, com mestrado e doutorado em Engenharia El\u00e9trica [&hellip;]","og_url":"https:\/\/www.institutodeengenharia.org.br\/site\/2020\/09\/11\/projeto-sinapse-matriz-energetica-e-aprimoramento-da-sistematica-de-insercao-ambiental-no-planejamento-da-expansao-do-sistema-eletrico\/","og_site_name":"Instituto de Engenharia","article_publisher":"https:\/\/www.facebook.com\/institutodeengenharia","article_published_time":"2020-09-11T13:00:39+00:00","article_modified_time":"2020-09-21T13:23:28+00:00","og_image":[{"width":1035,"height":646,"url":"https:\/\/www.institutodeengenharia.org.br\/site\/wp-content\/uploads\/2020\/09\/energia-el\u00e9trica.jpg","type":"image\/jpeg"}],"author":"Bianca","twitter_card":"summary_large_image","twitter_creator":"@iengenharia","twitter_site":"@iengenharia","twitter_misc":{"Escrito por":"Bianca","Est. tempo de leitura":"2 minutos"},"schema":{"@context":"https:\/\/schema.org","@graph":[{"@type":"Article","@id":"https:\/\/www.institutodeengenharia.org.br\/site\/2020\/09\/11\/projeto-sinapse-matriz-energetica-e-aprimoramento-da-sistematica-de-insercao-ambiental-no-planejamento-da-expansao-do-sistema-eletrico\/#article","isPartOf":{"@id":"https:\/\/www.institutodeengenharia.org.br\/site\/2020\/09\/11\/projeto-sinapse-matriz-energetica-e-aprimoramento-da-sistematica-de-insercao-ambiental-no-planejamento-da-expansao-do-sistema-eletrico\/"},"author":{"name":"Bianca","@id":"https:\/\/www.institutodeengenharia.org.br\/site\/#\/schema\/person\/aeb64951c405e100d26d30b033dd423f"},"headline":"Projeto Sinapse &#8211; Matriz Energ\u00e9tica e Aprimoramento da Sistem\u00e1tica de Inser\u00e7\u00e3o Ambiental no Planejamento da Expans\u00e3o do Sistema El\u00e9trico","datePublished":"2020-09-11T13:00:39+00:00","dateModified":"2020-09-21T13:23:28+00:00","mainEntityOfPage":{"@id":"https:\/\/www.institutodeengenharia.org.br\/site\/2020\/09\/11\/projeto-sinapse-matriz-energetica-e-aprimoramento-da-sistematica-de-insercao-ambiental-no-planejamento-da-expansao-do-sistema-eletrico\/"},"wordCount":486,"commentCount":0,"publisher":{"@id":"https:\/\/www.institutodeengenharia.org.br\/site\/#organization"},"image":{"@id":"https:\/\/www.institutodeengenharia.org.br\/site\/2020\/09\/11\/projeto-sinapse-matriz-energetica-e-aprimoramento-da-sistematica-de-insercao-ambiental-no-planejamento-da-expansao-do-sistema-eletrico\/#primaryimage"},"thumbnailUrl":"https:\/\/www.institutodeengenharia.org.br\/site\/wp-content\/uploads\/2020\/09\/energia-el\u00e9trica.jpg","articleSection":["Nova TV Engenharia","Palestra"],"inLanguage":"pt-BR","potentialAction":[{"@type":"CommentAction","name":"Comment","target":["https:\/\/www.institutodeengenharia.org.br\/site\/2020\/09\/11\/projeto-sinapse-matriz-energetica-e-aprimoramento-da-sistematica-de-insercao-ambiental-no-planejamento-da-expansao-do-sistema-eletrico\/#respond"]}]},{"@type":"WebPage","@id":"https:\/\/www.institutodeengenharia.org.br\/site\/2020\/09\/11\/projeto-sinapse-matriz-energetica-e-aprimoramento-da-sistematica-de-insercao-ambiental-no-planejamento-da-expansao-do-sistema-eletrico\/","url":"https:\/\/www.institutodeengenharia.org.br\/site\/2020\/09\/11\/projeto-sinapse-matriz-energetica-e-aprimoramento-da-sistematica-de-insercao-ambiental-no-planejamento-da-expansao-do-sistema-eletrico\/","name":"Projeto Sinapse - Matriz Energ\u00e9tica e Aprimoramento da Sistem\u00e1tica de Inser\u00e7\u00e3o Ambiental no Planejamento da Expans\u00e3o do Sistema El\u00e9trico - Instituto de Engenharia","isPartOf":{"@id":"https:\/\/www.institutodeengenharia.org.br\/site\/#website"},"primaryImageOfPage":{"@id":"https:\/\/www.institutodeengenharia.org.br\/site\/2020\/09\/11\/projeto-sinapse-matriz-energetica-e-aprimoramento-da-sistematica-de-insercao-ambiental-no-planejamento-da-expansao-do-sistema-eletrico\/#primaryimage"},"image":{"@id":"https:\/\/www.institutodeengenharia.org.br\/site\/2020\/09\/11\/projeto-sinapse-matriz-energetica-e-aprimoramento-da-sistematica-de-insercao-ambiental-no-planejamento-da-expansao-do-sistema-eletrico\/#primaryimage"},"thumbnailUrl":"https:\/\/www.institutodeengenharia.org.br\/site\/wp-content\/uploads\/2020\/09\/energia-el\u00e9trica.jpg","datePublished":"2020-09-11T13:00:39+00:00","dateModified":"2020-09-21T13:23:28+00:00","breadcrumb":{"@id":"https:\/\/www.institutodeengenharia.org.br\/site\/2020\/09\/11\/projeto-sinapse-matriz-energetica-e-aprimoramento-da-sistematica-de-insercao-ambiental-no-planejamento-da-expansao-do-sistema-eletrico\/#breadcrumb"},"inLanguage":"pt-BR","potentialAction":[{"@type":"ReadAction","target":["https:\/\/www.institutodeengenharia.org.br\/site\/2020\/09\/11\/projeto-sinapse-matriz-energetica-e-aprimoramento-da-sistematica-de-insercao-ambiental-no-planejamento-da-expansao-do-sistema-eletrico\/"]}]},{"@type":"ImageObject","inLanguage":"pt-BR","@id":"https:\/\/www.institutodeengenharia.org.br\/site\/2020\/09\/11\/projeto-sinapse-matriz-energetica-e-aprimoramento-da-sistematica-de-insercao-ambiental-no-planejamento-da-expansao-do-sistema-eletrico\/#primaryimage","url":"https:\/\/www.institutodeengenharia.org.br\/site\/wp-content\/uploads\/2020\/09\/energia-el\u00e9trica.jpg","contentUrl":"https:\/\/www.institutodeengenharia.org.br\/site\/wp-content\/uploads\/2020\/09\/energia-el\u00e9trica.jpg","width":1035,"height":646},{"@type":"BreadcrumbList","@id":"https:\/\/www.institutodeengenharia.org.br\/site\/2020\/09\/11\/projeto-sinapse-matriz-energetica-e-aprimoramento-da-sistematica-de-insercao-ambiental-no-planejamento-da-expansao-do-sistema-eletrico\/#breadcrumb","itemListElement":[{"@type":"ListItem","position":1,"name":"In\u00edcio","item":"https:\/\/www.institutodeengenharia.org.br\/site\/"},{"@type":"ListItem","position":2,"name":"Projeto Sinapse &#8211; Matriz Energ\u00e9tica e Aprimoramento da Sistem\u00e1tica de Inser\u00e7\u00e3o Ambiental no Planejamento da Expans\u00e3o do Sistema El\u00e9trico"}]},{"@type":"WebSite","@id":"https:\/\/www.institutodeengenharia.org.br\/site\/#website","url":"https:\/\/www.institutodeengenharia.org.br\/site\/","name":"Instituto de Engenharia","description":"O Instituto de Engenharia promove a Engenharia em benef\u00edcio do desenvolvimento e da qualidade de vida da sociedade.","publisher":{"@id":"https:\/\/www.institutodeengenharia.org.br\/site\/#organization"},"potentialAction":[{"@type":"SearchAction","target":{"@type":"EntryPoint","urlTemplate":"https:\/\/www.institutodeengenharia.org.br\/site\/?s={search_term_string}"},"query-input":{"@type":"PropertyValueSpecification","valueRequired":true,"valueName":"search_term_string"}}],"inLanguage":"pt-BR"},{"@type":"Organization","@id":"https:\/\/www.institutodeengenharia.org.br\/site\/#organization","name":"Instituto de Engenharia","url":"https:\/\/www.institutodeengenharia.org.br\/site\/","logo":{"@type":"ImageObject","inLanguage":"pt-BR","@id":"https:\/\/www.institutodeengenharia.org.br\/site\/#\/schema\/logo\/image\/","url":"https:\/\/www.institutodeengenharia.org.br\/site\/wp-content\/uploads\/2019\/03\/logo-novo-IE2018-1.jpg","contentUrl":"https:\/\/www.institutodeengenharia.org.br\/site\/wp-content\/uploads\/2019\/03\/logo-novo-IE2018-1.jpg","width":1486,"height":1879,"caption":"Instituto de Engenharia"},"image":{"@id":"https:\/\/www.institutodeengenharia.org.br\/site\/#\/schema\/logo\/image\/"},"sameAs":["https:\/\/www.facebook.com\/institutodeengenharia","https:\/\/x.com\/iengenharia","https:\/\/www.instagram.com\/institutodeengenharia\/","https:\/\/www.linkedin.com\/company\/instituto-de-engenharia\/","https:\/\/www.youtube.com\/channel\/UCXiCAlsSMe977vamW915HxA"]},{"@type":"Person","@id":"https:\/\/www.institutodeengenharia.org.br\/site\/#\/schema\/person\/aeb64951c405e100d26d30b033dd423f","name":"Bianca","image":{"@type":"ImageObject","inLanguage":"pt-BR","@id":"https:\/\/secure.gravatar.com\/avatar\/a6fbe9bff57405baf4c1e2c5c1811e072b558253974a9f9508f4678900c97c2a?s=96&d=mm&r=g","url":"https:\/\/secure.gravatar.com\/avatar\/a6fbe9bff57405baf4c1e2c5c1811e072b558253974a9f9508f4678900c97c2a?s=96&d=mm&r=g","contentUrl":"https:\/\/secure.gravatar.com\/avatar\/a6fbe9bff57405baf4c1e2c5c1811e072b558253974a9f9508f4678900c97c2a?s=96&d=mm&r=g","caption":"Bianca"},"url":"https:\/\/www.institutodeengenharia.org.br\/site\/author\/comunicacao1\/"}]}},"_links":{"self":[{"href":"https:\/\/www.institutodeengenharia.org.br\/site\/wp-json\/wp\/v2\/posts\/71083","targetHints":{"allow":["GET"]}}],"collection":[{"href":"https:\/\/www.institutodeengenharia.org.br\/site\/wp-json\/wp\/v2\/posts"}],"about":[{"href":"https:\/\/www.institutodeengenharia.org.br\/site\/wp-json\/wp\/v2\/types\/post"}],"author":[{"embeddable":true,"href":"https:\/\/www.institutodeengenharia.org.br\/site\/wp-json\/wp\/v2\/users\/13"}],"replies":[{"embeddable":true,"href":"https:\/\/www.institutodeengenharia.org.br\/site\/wp-json\/wp\/v2\/comments?post=71083"}],"version-history":[{"count":1,"href":"https:\/\/www.institutodeengenharia.org.br\/site\/wp-json\/wp\/v2\/posts\/71083\/revisions"}],"predecessor-version":[{"id":71085,"href":"https:\/\/www.institutodeengenharia.org.br\/site\/wp-json\/wp\/v2\/posts\/71083\/revisions\/71085"}],"wp:featuredmedia":[{"embeddable":true,"href":"https:\/\/www.institutodeengenharia.org.br\/site\/wp-json\/wp\/v2\/media\/71084"}],"wp:attachment":[{"href":"https:\/\/www.institutodeengenharia.org.br\/site\/wp-json\/wp\/v2\/media?parent=71083"}],"wp:term":[{"taxonomy":"category","embeddable":true,"href":"https:\/\/www.institutodeengenharia.org.br\/site\/wp-json\/wp\/v2\/categories?post=71083"},{"taxonomy":"post_tag","embeddable":true,"href":"https:\/\/www.institutodeengenharia.org.br\/site\/wp-json\/wp\/v2\/tags?post=71083"}],"curies":[{"name":"wp","href":"https:\/\/api.w.org\/{rel}","templated":true}]}}