{"id":70975,"date":"2020-08-25T19:30:53","date_gmt":"2020-08-25T22:30:53","guid":{"rendered":"https:\/\/www.institutodeengenharia.org.br\/site\/?p=70975"},"modified":"2020-09-16T10:58:14","modified_gmt":"2020-09-16T13:58:14","slug":"casa-de-eps-isopor-uma-abordagem-pratica-e-objetiva-sobre-o-processo-de-construcao-e-os-impactos-ambientais-em-relacao-a-alvenaria-convencional","status":"publish","type":"post","link":"https:\/\/www.institutodeengenharia.org.br\/site\/2020\/08\/25\/casa-de-eps-isopor-uma-abordagem-pratica-e-objetiva-sobre-o-processo-de-construcao-e-os-impactos-ambientais-em-relacao-a-alvenaria-convencional\/","title":{"rendered":"Casa de EPS (Isopor) &#8211; Uma abordagem pr\u00e1tica e objetiva sobre o processo de constru\u00e7\u00e3o e os impactos ambientais em rela\u00e7\u00e3o \u00e0 alvenaria convencional"},"content":{"rendered":"<p><strong>Assista abaixo \u00e0 grava\u00e7\u00e3o:<\/strong><\/p>\n<p><iframe loading=\"lazy\" src=\"https:\/\/player.vimeo.com\/video\/458528975\" width=\"640\" height=\"480\" frameborder=\"0\" allowfullscreen=\"allowfullscreen\"><\/iframe><br \/>\n&nbsp;<\/p>\n<p><strong>+ Informa\u00e7\u00f5es:<\/strong><\/p>\n<p><strong>Abordagem:<\/strong><\/p>\n<p>Fazer uma abordagem pr\u00e1tica e objetiva sobre o processo de constru\u00e7\u00e3o com pain\u00e9is de EPS (isopor) e de como este processo pode reduzir, e muito, o tempo, a complexidade, os custos e os impactos ambientais em rela\u00e7\u00e3o \u00e0 alvenaria convencional, mostrando que qualquer pessoa pode executar a arma\u00e7\u00e3o das paredes.<\/p>\n<p><strong>P\u00fablico-alvo: <\/strong><\/p>\n<p>Engenheiros, Arquitetos e outros interessados.<\/p>\n<p><strong>Palestrante:<\/strong><\/p>\n<p><strong>\u00a0<img loading=\"lazy\" decoding=\"async\" class=\"alignnone wp-image-69838\" src=\"https:\/\/www.institutodeengenharia.org.br\/site\/wp-content\/uploads\/2020\/08\/Jorge-M.S.-Mendes.jpg\" alt=\"\" width=\"142\" height=\"167\" srcset=\"https:\/\/www.institutodeengenharia.org.br\/site\/wp-content\/uploads\/2020\/08\/Jorge-M.S.-Mendes.jpg 434w, https:\/\/www.institutodeengenharia.org.br\/site\/wp-content\/uploads\/2020\/08\/Jorge-M.S.-Mendes-257x300.jpg 257w, https:\/\/www.institutodeengenharia.org.br\/site\/wp-content\/uploads\/2020\/08\/Jorge-M.S.-Mendes-360x420.jpg 360w\" sizes=\"auto, (max-width: 142px) 100vw, 142px\" \/><\/strong><\/p>\n<p><strong>Jorge M. S. Mendes<\/strong><\/p>\n<p>Graduado em Redes de Computadores pela FATEC, com p\u00f3s-gradua\u00e7\u00e3o em Aut\u00f4matas e Linguagens Formais pelo ITA. Militar da reserva do Ex\u00e9rcito Brasileiro, possui experi\u00eancia no Brasil e no exterior com projeto, implementa\u00e7\u00e3o e administra\u00e7\u00e3o de redes de grande porte nos mais variados ambientes, inclusive em selva e situa\u00e7\u00f5es de combate. Experi\u00eancia de 35 anos como programador de computadores, 28 anos como administrador de redes e 22 anos como administrador de servidores linux. Conhecimento profundo em servidores linux e servi\u00e7os de internet e intranet, realizando projeto, implementa\u00e7\u00e3o e manuten\u00e7\u00e3o de servi\u00e7os diversos servi\u00e7os.<\/p>\n<p><strong>Mediadores:<\/strong><\/p>\n<p><img loading=\"lazy\" decoding=\"async\" class=\"alignnone wp-image-68765\" src=\"https:\/\/www.institutodeengenharia.org.br\/site\/wp-content\/uploads\/2020\/07\/Jos\u00e9-Manoel-de-Oliveira-Reis.jpg\" alt=\"\" width=\"148\" height=\"147\" srcset=\"https:\/\/www.institutodeengenharia.org.br\/site\/wp-content\/uploads\/2020\/07\/Jos\u00e9-Manoel-de-Oliveira-Reis.jpg 616w, https:\/\/www.institutodeengenharia.org.br\/site\/wp-content\/uploads\/2020\/07\/Jos\u00e9-Manoel-de-Oliveira-Reis-150x150.jpg 150w, https:\/\/www.institutodeengenharia.org.br\/site\/wp-content\/uploads\/2020\/07\/Jos\u00e9-Manoel-de-Oliveira-Reis-300x300.jpg 300w, https:\/\/www.institutodeengenharia.org.br\/site\/wp-content\/uploads\/2020\/07\/Jos\u00e9-Manoel-de-Oliveira-Reis-421x420.jpg 421w, https:\/\/www.institutodeengenharia.org.br\/site\/wp-content\/uploads\/2020\/07\/Jos\u00e9-Manoel-de-Oliveira-Reis-600x598.jpg 600w, https:\/\/www.institutodeengenharia.org.br\/site\/wp-content\/uploads\/2020\/07\/Jos\u00e9-Manoel-de-Oliveira-Reis-100x100.jpg 100w\" sizes=\"auto, (max-width: 148px) 100vw, 148px\" \/><\/p>\n<p><strong>Jos\u00e9 Manoel de Oliveira Reis<\/strong><\/p>\n<p>Administrador de Empresas, engenheiro Ambiental e de Seguran\u00e7a do Trabalho, com MBA em Tr\u00e2nsito, Mobilidade e Seguran\u00e7a e em Gest\u00e3o do Meio Ambiente e Sustentabilidade. Foi engenheiro coordenador de Projetos e Obras da Cidade de S\u00e3o Paulo, chefe de Departamento da Divis\u00e3o de Meio Ambiente (DIGAM), chefe do Departamento de Opera\u00e7\u00f5es do Rodoanel Mario Covas \u2013 Trecho Sul (DERSA), chefe do OP\/DETRA \u2013 Departamento de Opera\u00e7\u00f5es de Tr\u00e1fego e do Departamento de Opera\u00e7\u00f5es das Rodovias: Rodovia Dom Pedro I \u2013 SP-065 e Rodovia Ayrton Senna\/Carvalho Pinto, diretor da Divis\u00e3o T\u00e9cnica e Educacional de Tr\u00e2nsito de Bragan\u00e7a Paulista e gestor na CET \u2013 Cia. de Engenharia de Tr\u00e1fego de S\u00e3o Paulo. Atualmente \u00e9 diretor geral do Departamento Hidrovi\u00e1rio do Estado de S\u00e3o Paulo (DH), professor de Inova\u00e7\u00e3o para a p\u00f3s-gradua\u00e7\u00e3o da FMU e coordenador da Divis\u00e3o T\u00e9cnica de Constru\u00e7\u00e3o Sustent\u00e1vel e Meio Ambiente do Instituto de Engenharia.<\/p>\n<p><img loading=\"lazy\" decoding=\"async\" class=\"alignnone wp-image-68766\" src=\"https:\/\/www.institutodeengenharia.org.br\/site\/wp-content\/uploads\/2020\/07\/Daniele-de-Andrade-Villarim-Lima.jpg\" alt=\"\" width=\"129\" height=\"161\" \/><\/p>\n<p><strong>Daniele de Andrade Villarim Lima<\/strong><\/p>\n<p>Engenheira Ambiental pelas Faculdades Oswaldo Cruz e perita ambiental extrajudicial. \u00c9 mestranda no Centro de Qu\u00edmica e Meio Ambiente (CQMA) do Instituto de Pesquisas Energ\u00e9ticas e Nucleares (IPEN), onde realiza pesquisa sobre a Avalia\u00e7\u00e3o da aplica\u00e7\u00e3o de biocarv\u00e3o no melhoramento das caracter\u00edsticas ambientais de telhado verde. Faz p\u00f3s-gradua\u00e7\u00e3o em Engenharia de Seguran\u00e7a do Trabalho pelo SENAC. Trabalhou na empresa Ambient Air Ar Condicionado como coordenadora de Planejamento e Gest\u00e3o de Obras, empresa do ramo de refrigera\u00e7\u00e3o, por 14 anos, onde, al\u00e9m de garantir a execu\u00e7\u00e3o dos processos para conclus\u00e3o das obras, atuou na implanta\u00e7\u00e3o de projetos internos de educa\u00e7\u00e3o e conscientiza\u00e7\u00e3o ambiental, criando campanhas de separa\u00e7\u00e3o e coleta seletiva de res\u00edduos, informativos para uso consciente de papel, copos pl\u00e1sticos, al\u00e9m do uso adequado de \u00e1gua e energia el\u00e9trica. Atualmente \u00e9 coordenadora de Planejamento e Gest\u00e3o de Obras na empresa Best Clima Engenharia e Instala\u00e7\u00f5es. Tamb\u00e9m atua como volunt\u00e1ria no Instituto de Engenharia como vice-coordenadora da Divis\u00e3o T\u00e9cnica de Constru\u00e7\u00e3o Sustent\u00e1vel e Meio Ambiente, e que recentemente est\u00e1 em parceria com a ABRAPS (Associa\u00e7\u00e3o Brasileira dos Profissionais pelo Desenvolvimento Sustent\u00e1vel) no Grupo de Trabalho de Constru\u00e7\u00f5es Sustent\u00e1veis.<\/p>\n<p><strong>Apoio Institucional:<\/strong><\/p>\n<p><strong>\u00a0<img loading=\"lazy\" decoding=\"async\" class=\"alignnone size-full wp-image-34556\" src=\"https:\/\/www.institutodeengenharia.org.br\/site\/wp-content\/uploads\/2018\/04\/CREA-SP_vertical.jpg\" alt=\"\" width=\"150\" height=\"106\" srcset=\"https:\/\/www.institutodeengenharia.org.br\/site\/wp-content\/uploads\/2018\/04\/CREA-SP_vertical.jpg 150w, https:\/\/www.institutodeengenharia.org.br\/site\/wp-content\/uploads\/2018\/04\/CREA-SP_vertical-100x70.jpg 100w\" sizes=\"auto, (max-width: 150px) 100vw, 150px\" \/><\/strong><\/p>\n<p><strong>Realiza\u00e7\u00e3o:<\/strong><\/p>\n<p><strong>Eng. Jer\u00f4nimo Cabral Pereira Fagundes Neto <\/strong>\u2013 Vice-Presidente de Atividades T\u00e9cnicas<\/p>\n<p><strong>Eng. Roberto Kochen <\/strong>\u2013 Diretor do Departamento de Engenharia do Habitat e Infraestrutura<\/p>\n<p><strong>Eng. Jos\u00e9 Manoel de O. Reis<\/strong> \u2013 Coordenador da Divis\u00e3o T\u00e9cnica de Constru\u00e7\u00e3o Sustent\u00e1vel e Meio Ambiente<\/p>\n","protected":false},"excerpt":{"rendered":"<p>Assista abaixo \u00e0 grava\u00e7\u00e3o: &nbsp; + Informa\u00e7\u00f5es: Abordagem: Fazer uma abordagem pr\u00e1tica e objetiva sobre o processo de constru\u00e7\u00e3o com pain\u00e9is de EPS (isopor) e de como este processo pode reduzir, e muito, o tempo, a complexidade, os custos e os impactos ambientais em rela\u00e7\u00e3o \u00e0 alvenaria convencional, mostrando que qualquer pessoa pode executar a [&hellip;]<\/p>\n","protected":false},"author":13,"featured_media":70166,"comment_status":"open","ping_status":"open","sticky":false,"template":"","format":"standard","meta":{"footnotes":""},"categories":[15,74,968,969],"tags":[],"class_list":{"0":"post-70975","1":"post","2":"type-post","3":"status-publish","4":"format-standard","5":"has-post-thumbnail","7":"category-departamento-desenvolvimento-de-projetos-e-servicos-de-infraestrutura","8":"category-divisao-tecnica-meio-ambiente-e-sustentabilidade","9":"category-nova-tv-engenharia","10":"category-palestra"},"yoast_head":"<!-- This site is optimized with the Yoast SEO plugin v27.2 - https:\/\/yoast.com\/product\/yoast-seo-wordpress\/ -->\n<title>Casa de EPS (Isopor) - Uma abordagem pr\u00e1tica e objetiva sobre o processo de constru\u00e7\u00e3o e os impactos ambientais em rela\u00e7\u00e3o \u00e0 alvenaria convencional - Instituto de Engenharia<\/title>\n<meta name=\"robots\" content=\"index, follow, max-snippet:-1, max-image-preview:large, max-video-preview:-1\" \/>\n<link rel=\"canonical\" href=\"https:\/\/www.institutodeengenharia.org.br\/site\/2020\/08\/25\/casa-de-eps-isopor-uma-abordagem-pratica-e-objetiva-sobre-o-processo-de-construcao-e-os-impactos-ambientais-em-relacao-a-alvenaria-convencional\/\" \/>\n<meta property=\"og:locale\" content=\"pt_BR\" \/>\n<meta property=\"og:type\" content=\"article\" \/>\n<meta property=\"og:title\" content=\"Casa de EPS (Isopor) - Uma abordagem pr\u00e1tica e objetiva sobre o processo de constru\u00e7\u00e3o e os impactos ambientais em rela\u00e7\u00e3o \u00e0 alvenaria convencional - Instituto de Engenharia\" \/>\n<meta property=\"og:description\" content=\"Assista abaixo \u00e0 grava\u00e7\u00e3o: &nbsp; + Informa\u00e7\u00f5es: Abordagem: Fazer uma abordagem pr\u00e1tica e objetiva sobre o processo de constru\u00e7\u00e3o com pain\u00e9is de EPS (isopor) e de como este processo pode reduzir, e muito, o tempo, a complexidade, os custos e os impactos ambientais em rela\u00e7\u00e3o \u00e0 alvenaria convencional, mostrando que qualquer pessoa pode executar a [&hellip;]\" \/>\n<meta property=\"og:url\" content=\"https:\/\/www.institutodeengenharia.org.br\/site\/2020\/08\/25\/casa-de-eps-isopor-uma-abordagem-pratica-e-objetiva-sobre-o-processo-de-construcao-e-os-impactos-ambientais-em-relacao-a-alvenaria-convencional\/\" \/>\n<meta property=\"og:site_name\" content=\"Instituto de Engenharia\" \/>\n<meta property=\"article:publisher\" content=\"https:\/\/www.facebook.com\/institutodeengenharia\" \/>\n<meta property=\"article:published_time\" content=\"2020-08-25T22:30:53+00:00\" \/>\n<meta property=\"article:modified_time\" content=\"2020-09-16T13:58:14+00:00\" \/>\n<meta property=\"og:image\" content=\"https:\/\/www.institutodeengenharia.org.br\/site\/wp-content\/uploads\/2020\/08\/42bfbea03cce865b2f6f3be1a87895b7_XL.jpg\" \/>\n\t<meta property=\"og:image:width\" content=\"900\" \/>\n\t<meta property=\"og:image:height\" content=\"546\" \/>\n\t<meta property=\"og:image:type\" content=\"image\/jpeg\" \/>\n<meta name=\"author\" content=\"Bianca\" \/>\n<meta name=\"twitter:card\" content=\"summary_large_image\" \/>\n<meta name=\"twitter:creator\" content=\"@iengenharia\" \/>\n<meta name=\"twitter:site\" content=\"@iengenharia\" \/>\n<meta name=\"twitter:label1\" content=\"Escrito por\" \/>\n\t<meta name=\"twitter:data1\" content=\"Bianca\" \/>\n\t<meta name=\"twitter:label2\" content=\"Est. tempo de leitura\" \/>\n\t<meta name=\"twitter:data2\" content=\"3 minutos\" \/>\n<script type=\"application\/ld+json\" class=\"yoast-schema-graph\">{\"@context\":\"https:\/\/schema.org\",\"@graph\":[{\"@type\":\"Article\",\"@id\":\"https:\/\/www.institutodeengenharia.org.br\/site\/2020\/08\/25\/casa-de-eps-isopor-uma-abordagem-pratica-e-objetiva-sobre-o-processo-de-construcao-e-os-impactos-ambientais-em-relacao-a-alvenaria-convencional\/#article\",\"isPartOf\":{\"@id\":\"https:\/\/www.institutodeengenharia.org.br\/site\/2020\/08\/25\/casa-de-eps-isopor-uma-abordagem-pratica-e-objetiva-sobre-o-processo-de-construcao-e-os-impactos-ambientais-em-relacao-a-alvenaria-convencional\/\"},\"author\":{\"name\":\"Bianca\",\"@id\":\"https:\/\/www.institutodeengenharia.org.br\/site\/#\/schema\/person\/aeb64951c405e100d26d30b033dd423f\"},\"headline\":\"Casa de EPS (Isopor) &#8211; Uma abordagem pr\u00e1tica e objetiva sobre o processo de constru\u00e7\u00e3o e os impactos ambientais em rela\u00e7\u00e3o \u00e0 alvenaria convencional\",\"datePublished\":\"2020-08-25T22:30:53+00:00\",\"dateModified\":\"2020-09-16T13:58:14+00:00\",\"mainEntityOfPage\":{\"@id\":\"https:\/\/www.institutodeengenharia.org.br\/site\/2020\/08\/25\/casa-de-eps-isopor-uma-abordagem-pratica-e-objetiva-sobre-o-processo-de-construcao-e-os-impactos-ambientais-em-relacao-a-alvenaria-convencional\/\"},\"wordCount\":647,\"commentCount\":0,\"publisher\":{\"@id\":\"https:\/\/www.institutodeengenharia.org.br\/site\/#organization\"},\"image\":{\"@id\":\"https:\/\/www.institutodeengenharia.org.br\/site\/2020\/08\/25\/casa-de-eps-isopor-uma-abordagem-pratica-e-objetiva-sobre-o-processo-de-construcao-e-os-impactos-ambientais-em-relacao-a-alvenaria-convencional\/#primaryimage\"},\"thumbnailUrl\":\"https:\/\/www.institutodeengenharia.org.br\/site\/wp-content\/uploads\/2020\/08\/42bfbea03cce865b2f6f3be1a87895b7_XL.jpg\",\"articleSection\":[\"Departamento Desenvolvimento de Projetos e Servi\u00e7os de Infraestrutura\",\"Divis\u00e3o T\u00e9cnica Meio Ambiente e Sustentabilidade\",\"Nova TV Engenharia\",\"Palestra\"],\"inLanguage\":\"pt-BR\",\"potentialAction\":[{\"@type\":\"CommentAction\",\"name\":\"Comment\",\"target\":[\"https:\/\/www.institutodeengenharia.org.br\/site\/2020\/08\/25\/casa-de-eps-isopor-uma-abordagem-pratica-e-objetiva-sobre-o-processo-de-construcao-e-os-impactos-ambientais-em-relacao-a-alvenaria-convencional\/#respond\"]}]},{\"@type\":\"WebPage\",\"@id\":\"https:\/\/www.institutodeengenharia.org.br\/site\/2020\/08\/25\/casa-de-eps-isopor-uma-abordagem-pratica-e-objetiva-sobre-o-processo-de-construcao-e-os-impactos-ambientais-em-relacao-a-alvenaria-convencional\/\",\"url\":\"https:\/\/www.institutodeengenharia.org.br\/site\/2020\/08\/25\/casa-de-eps-isopor-uma-abordagem-pratica-e-objetiva-sobre-o-processo-de-construcao-e-os-impactos-ambientais-em-relacao-a-alvenaria-convencional\/\",\"name\":\"Casa de EPS (Isopor) - Uma abordagem pr\u00e1tica e objetiva sobre o processo de constru\u00e7\u00e3o e os impactos ambientais em rela\u00e7\u00e3o \u00e0 alvenaria convencional - Instituto de Engenharia\",\"isPartOf\":{\"@id\":\"https:\/\/www.institutodeengenharia.org.br\/site\/#website\"},\"primaryImageOfPage\":{\"@id\":\"https:\/\/www.institutodeengenharia.org.br\/site\/2020\/08\/25\/casa-de-eps-isopor-uma-abordagem-pratica-e-objetiva-sobre-o-processo-de-construcao-e-os-impactos-ambientais-em-relacao-a-alvenaria-convencional\/#primaryimage\"},\"image\":{\"@id\":\"https:\/\/www.institutodeengenharia.org.br\/site\/2020\/08\/25\/casa-de-eps-isopor-uma-abordagem-pratica-e-objetiva-sobre-o-processo-de-construcao-e-os-impactos-ambientais-em-relacao-a-alvenaria-convencional\/#primaryimage\"},\"thumbnailUrl\":\"https:\/\/www.institutodeengenharia.org.br\/site\/wp-content\/uploads\/2020\/08\/42bfbea03cce865b2f6f3be1a87895b7_XL.jpg\",\"datePublished\":\"2020-08-25T22:30:53+00:00\",\"dateModified\":\"2020-09-16T13:58:14+00:00\",\"breadcrumb\":{\"@id\":\"https:\/\/www.institutodeengenharia.org.br\/site\/2020\/08\/25\/casa-de-eps-isopor-uma-abordagem-pratica-e-objetiva-sobre-o-processo-de-construcao-e-os-impactos-ambientais-em-relacao-a-alvenaria-convencional\/#breadcrumb\"},\"inLanguage\":\"pt-BR\",\"potentialAction\":[{\"@type\":\"ReadAction\",\"target\":[\"https:\/\/www.institutodeengenharia.org.br\/site\/2020\/08\/25\/casa-de-eps-isopor-uma-abordagem-pratica-e-objetiva-sobre-o-processo-de-construcao-e-os-impactos-ambientais-em-relacao-a-alvenaria-convencional\/\"]}]},{\"@type\":\"ImageObject\",\"inLanguage\":\"pt-BR\",\"@id\":\"https:\/\/www.institutodeengenharia.org.br\/site\/2020\/08\/25\/casa-de-eps-isopor-uma-abordagem-pratica-e-objetiva-sobre-o-processo-de-construcao-e-os-impactos-ambientais-em-relacao-a-alvenaria-convencional\/#primaryimage\",\"url\":\"https:\/\/www.institutodeengenharia.org.br\/site\/wp-content\/uploads\/2020\/08\/42bfbea03cce865b2f6f3be1a87895b7_XL.jpg\",\"contentUrl\":\"https:\/\/www.institutodeengenharia.org.br\/site\/wp-content\/uploads\/2020\/08\/42bfbea03cce865b2f6f3be1a87895b7_XL.jpg\",\"width\":900,\"height\":546},{\"@type\":\"BreadcrumbList\",\"@id\":\"https:\/\/www.institutodeengenharia.org.br\/site\/2020\/08\/25\/casa-de-eps-isopor-uma-abordagem-pratica-e-objetiva-sobre-o-processo-de-construcao-e-os-impactos-ambientais-em-relacao-a-alvenaria-convencional\/#breadcrumb\",\"itemListElement\":[{\"@type\":\"ListItem\",\"position\":1,\"name\":\"In\u00edcio\",\"item\":\"https:\/\/www.institutodeengenharia.org.br\/site\/\"},{\"@type\":\"ListItem\",\"position\":2,\"name\":\"Casa de EPS (Isopor) &#8211; Uma abordagem pr\u00e1tica e objetiva sobre o processo de constru\u00e7\u00e3o e os impactos ambientais em rela\u00e7\u00e3o \u00e0 alvenaria convencional\"}]},{\"@type\":\"WebSite\",\"@id\":\"https:\/\/www.institutodeengenharia.org.br\/site\/#website\",\"url\":\"https:\/\/www.institutodeengenharia.org.br\/site\/\",\"name\":\"Instituto de Engenharia\",\"description\":\"O Instituto de Engenharia promove a Engenharia em benef\u00edcio do desenvolvimento e da qualidade de vida da sociedade.\",\"publisher\":{\"@id\":\"https:\/\/www.institutodeengenharia.org.br\/site\/#organization\"},\"potentialAction\":[{\"@type\":\"SearchAction\",\"target\":{\"@type\":\"EntryPoint\",\"urlTemplate\":\"https:\/\/www.institutodeengenharia.org.br\/site\/?s={search_term_string}\"},\"query-input\":{\"@type\":\"PropertyValueSpecification\",\"valueRequired\":true,\"valueName\":\"search_term_string\"}}],\"inLanguage\":\"pt-BR\"},{\"@type\":\"Organization\",\"@id\":\"https:\/\/www.institutodeengenharia.org.br\/site\/#organization\",\"name\":\"Instituto de Engenharia\",\"url\":\"https:\/\/www.institutodeengenharia.org.br\/site\/\",\"logo\":{\"@type\":\"ImageObject\",\"inLanguage\":\"pt-BR\",\"@id\":\"https:\/\/www.institutodeengenharia.org.br\/site\/#\/schema\/logo\/image\/\",\"url\":\"https:\/\/www.institutodeengenharia.org.br\/site\/wp-content\/uploads\/2019\/03\/logo-novo-IE2018-1.jpg\",\"contentUrl\":\"https:\/\/www.institutodeengenharia.org.br\/site\/wp-content\/uploads\/2019\/03\/logo-novo-IE2018-1.jpg\",\"width\":1486,\"height\":1879,\"caption\":\"Instituto de Engenharia\"},\"image\":{\"@id\":\"https:\/\/www.institutodeengenharia.org.br\/site\/#\/schema\/logo\/image\/\"},\"sameAs\":[\"https:\/\/www.facebook.com\/institutodeengenharia\",\"https:\/\/x.com\/iengenharia\",\"https:\/\/www.instagram.com\/institutodeengenharia\/\",\"https:\/\/www.linkedin.com\/company\/instituto-de-engenharia\/\",\"https:\/\/www.youtube.com\/channel\/UCXiCAlsSMe977vamW915HxA\"]},{\"@type\":\"Person\",\"@id\":\"https:\/\/www.institutodeengenharia.org.br\/site\/#\/schema\/person\/aeb64951c405e100d26d30b033dd423f\",\"name\":\"Bianca\",\"image\":{\"@type\":\"ImageObject\",\"inLanguage\":\"pt-BR\",\"@id\":\"https:\/\/secure.gravatar.com\/avatar\/a6fbe9bff57405baf4c1e2c5c1811e072b558253974a9f9508f4678900c97c2a?s=96&d=mm&r=g\",\"url\":\"https:\/\/secure.gravatar.com\/avatar\/a6fbe9bff57405baf4c1e2c5c1811e072b558253974a9f9508f4678900c97c2a?s=96&d=mm&r=g\",\"contentUrl\":\"https:\/\/secure.gravatar.com\/avatar\/a6fbe9bff57405baf4c1e2c5c1811e072b558253974a9f9508f4678900c97c2a?s=96&d=mm&r=g\",\"caption\":\"Bianca\"},\"url\":\"https:\/\/www.institutodeengenharia.org.br\/site\/author\/comunicacao1\/\"}]}<\/script>\n<!-- \/ Yoast SEO plugin. -->","yoast_head_json":{"title":"Casa de EPS (Isopor) - Uma abordagem pr\u00e1tica e objetiva sobre o processo de constru\u00e7\u00e3o e os impactos ambientais em rela\u00e7\u00e3o \u00e0 alvenaria convencional - Instituto de Engenharia","robots":{"index":"index","follow":"follow","max-snippet":"max-snippet:-1","max-image-preview":"max-image-preview:large","max-video-preview":"max-video-preview:-1"},"canonical":"https:\/\/www.institutodeengenharia.org.br\/site\/2020\/08\/25\/casa-de-eps-isopor-uma-abordagem-pratica-e-objetiva-sobre-o-processo-de-construcao-e-os-impactos-ambientais-em-relacao-a-alvenaria-convencional\/","og_locale":"pt_BR","og_type":"article","og_title":"Casa de EPS (Isopor) - Uma abordagem pr\u00e1tica e objetiva sobre o processo de constru\u00e7\u00e3o e os impactos ambientais em rela\u00e7\u00e3o \u00e0 alvenaria convencional - Instituto de Engenharia","og_description":"Assista abaixo \u00e0 grava\u00e7\u00e3o: &nbsp; + Informa\u00e7\u00f5es: Abordagem: Fazer uma abordagem pr\u00e1tica e objetiva sobre o processo de constru\u00e7\u00e3o com pain\u00e9is de EPS (isopor) e de como este processo pode reduzir, e muito, o tempo, a complexidade, os custos e os impactos ambientais em rela\u00e7\u00e3o \u00e0 alvenaria convencional, mostrando que qualquer pessoa pode executar a [&hellip;]","og_url":"https:\/\/www.institutodeengenharia.org.br\/site\/2020\/08\/25\/casa-de-eps-isopor-uma-abordagem-pratica-e-objetiva-sobre-o-processo-de-construcao-e-os-impactos-ambientais-em-relacao-a-alvenaria-convencional\/","og_site_name":"Instituto de Engenharia","article_publisher":"https:\/\/www.facebook.com\/institutodeengenharia","article_published_time":"2020-08-25T22:30:53+00:00","article_modified_time":"2020-09-16T13:58:14+00:00","og_image":[{"width":900,"height":546,"url":"https:\/\/www.institutodeengenharia.org.br\/site\/wp-content\/uploads\/2020\/08\/42bfbea03cce865b2f6f3be1a87895b7_XL.jpg","type":"image\/jpeg"}],"author":"Bianca","twitter_card":"summary_large_image","twitter_creator":"@iengenharia","twitter_site":"@iengenharia","twitter_misc":{"Escrito por":"Bianca","Est. tempo de leitura":"3 minutos"},"schema":{"@context":"https:\/\/schema.org","@graph":[{"@type":"Article","@id":"https:\/\/www.institutodeengenharia.org.br\/site\/2020\/08\/25\/casa-de-eps-isopor-uma-abordagem-pratica-e-objetiva-sobre-o-processo-de-construcao-e-os-impactos-ambientais-em-relacao-a-alvenaria-convencional\/#article","isPartOf":{"@id":"https:\/\/www.institutodeengenharia.org.br\/site\/2020\/08\/25\/casa-de-eps-isopor-uma-abordagem-pratica-e-objetiva-sobre-o-processo-de-construcao-e-os-impactos-ambientais-em-relacao-a-alvenaria-convencional\/"},"author":{"name":"Bianca","@id":"https:\/\/www.institutodeengenharia.org.br\/site\/#\/schema\/person\/aeb64951c405e100d26d30b033dd423f"},"headline":"Casa de EPS (Isopor) &#8211; Uma abordagem pr\u00e1tica e objetiva sobre o processo de constru\u00e7\u00e3o e os impactos ambientais em rela\u00e7\u00e3o \u00e0 alvenaria convencional","datePublished":"2020-08-25T22:30:53+00:00","dateModified":"2020-09-16T13:58:14+00:00","mainEntityOfPage":{"@id":"https:\/\/www.institutodeengenharia.org.br\/site\/2020\/08\/25\/casa-de-eps-isopor-uma-abordagem-pratica-e-objetiva-sobre-o-processo-de-construcao-e-os-impactos-ambientais-em-relacao-a-alvenaria-convencional\/"},"wordCount":647,"commentCount":0,"publisher":{"@id":"https:\/\/www.institutodeengenharia.org.br\/site\/#organization"},"image":{"@id":"https:\/\/www.institutodeengenharia.org.br\/site\/2020\/08\/25\/casa-de-eps-isopor-uma-abordagem-pratica-e-objetiva-sobre-o-processo-de-construcao-e-os-impactos-ambientais-em-relacao-a-alvenaria-convencional\/#primaryimage"},"thumbnailUrl":"https:\/\/www.institutodeengenharia.org.br\/site\/wp-content\/uploads\/2020\/08\/42bfbea03cce865b2f6f3be1a87895b7_XL.jpg","articleSection":["Departamento Desenvolvimento de Projetos e Servi\u00e7os de Infraestrutura","Divis\u00e3o T\u00e9cnica Meio Ambiente e Sustentabilidade","Nova TV Engenharia","Palestra"],"inLanguage":"pt-BR","potentialAction":[{"@type":"CommentAction","name":"Comment","target":["https:\/\/www.institutodeengenharia.org.br\/site\/2020\/08\/25\/casa-de-eps-isopor-uma-abordagem-pratica-e-objetiva-sobre-o-processo-de-construcao-e-os-impactos-ambientais-em-relacao-a-alvenaria-convencional\/#respond"]}]},{"@type":"WebPage","@id":"https:\/\/www.institutodeengenharia.org.br\/site\/2020\/08\/25\/casa-de-eps-isopor-uma-abordagem-pratica-e-objetiva-sobre-o-processo-de-construcao-e-os-impactos-ambientais-em-relacao-a-alvenaria-convencional\/","url":"https:\/\/www.institutodeengenharia.org.br\/site\/2020\/08\/25\/casa-de-eps-isopor-uma-abordagem-pratica-e-objetiva-sobre-o-processo-de-construcao-e-os-impactos-ambientais-em-relacao-a-alvenaria-convencional\/","name":"Casa de EPS (Isopor) - Uma abordagem pr\u00e1tica e objetiva sobre o processo de constru\u00e7\u00e3o e os impactos ambientais em rela\u00e7\u00e3o \u00e0 alvenaria convencional - Instituto de Engenharia","isPartOf":{"@id":"https:\/\/www.institutodeengenharia.org.br\/site\/#website"},"primaryImageOfPage":{"@id":"https:\/\/www.institutodeengenharia.org.br\/site\/2020\/08\/25\/casa-de-eps-isopor-uma-abordagem-pratica-e-objetiva-sobre-o-processo-de-construcao-e-os-impactos-ambientais-em-relacao-a-alvenaria-convencional\/#primaryimage"},"image":{"@id":"https:\/\/www.institutodeengenharia.org.br\/site\/2020\/08\/25\/casa-de-eps-isopor-uma-abordagem-pratica-e-objetiva-sobre-o-processo-de-construcao-e-os-impactos-ambientais-em-relacao-a-alvenaria-convencional\/#primaryimage"},"thumbnailUrl":"https:\/\/www.institutodeengenharia.org.br\/site\/wp-content\/uploads\/2020\/08\/42bfbea03cce865b2f6f3be1a87895b7_XL.jpg","datePublished":"2020-08-25T22:30:53+00:00","dateModified":"2020-09-16T13:58:14+00:00","breadcrumb":{"@id":"https:\/\/www.institutodeengenharia.org.br\/site\/2020\/08\/25\/casa-de-eps-isopor-uma-abordagem-pratica-e-objetiva-sobre-o-processo-de-construcao-e-os-impactos-ambientais-em-relacao-a-alvenaria-convencional\/#breadcrumb"},"inLanguage":"pt-BR","potentialAction":[{"@type":"ReadAction","target":["https:\/\/www.institutodeengenharia.org.br\/site\/2020\/08\/25\/casa-de-eps-isopor-uma-abordagem-pratica-e-objetiva-sobre-o-processo-de-construcao-e-os-impactos-ambientais-em-relacao-a-alvenaria-convencional\/"]}]},{"@type":"ImageObject","inLanguage":"pt-BR","@id":"https:\/\/www.institutodeengenharia.org.br\/site\/2020\/08\/25\/casa-de-eps-isopor-uma-abordagem-pratica-e-objetiva-sobre-o-processo-de-construcao-e-os-impactos-ambientais-em-relacao-a-alvenaria-convencional\/#primaryimage","url":"https:\/\/www.institutodeengenharia.org.br\/site\/wp-content\/uploads\/2020\/08\/42bfbea03cce865b2f6f3be1a87895b7_XL.jpg","contentUrl":"https:\/\/www.institutodeengenharia.org.br\/site\/wp-content\/uploads\/2020\/08\/42bfbea03cce865b2f6f3be1a87895b7_XL.jpg","width":900,"height":546},{"@type":"BreadcrumbList","@id":"https:\/\/www.institutodeengenharia.org.br\/site\/2020\/08\/25\/casa-de-eps-isopor-uma-abordagem-pratica-e-objetiva-sobre-o-processo-de-construcao-e-os-impactos-ambientais-em-relacao-a-alvenaria-convencional\/#breadcrumb","itemListElement":[{"@type":"ListItem","position":1,"name":"In\u00edcio","item":"https:\/\/www.institutodeengenharia.org.br\/site\/"},{"@type":"ListItem","position":2,"name":"Casa de EPS (Isopor) &#8211; Uma abordagem pr\u00e1tica e objetiva sobre o processo de constru\u00e7\u00e3o e os impactos ambientais em rela\u00e7\u00e3o \u00e0 alvenaria convencional"}]},{"@type":"WebSite","@id":"https:\/\/www.institutodeengenharia.org.br\/site\/#website","url":"https:\/\/www.institutodeengenharia.org.br\/site\/","name":"Instituto de Engenharia","description":"O Instituto de Engenharia promove a Engenharia em benef\u00edcio do desenvolvimento e da qualidade de vida da sociedade.","publisher":{"@id":"https:\/\/www.institutodeengenharia.org.br\/site\/#organization"},"potentialAction":[{"@type":"SearchAction","target":{"@type":"EntryPoint","urlTemplate":"https:\/\/www.institutodeengenharia.org.br\/site\/?s={search_term_string}"},"query-input":{"@type":"PropertyValueSpecification","valueRequired":true,"valueName":"search_term_string"}}],"inLanguage":"pt-BR"},{"@type":"Organization","@id":"https:\/\/www.institutodeengenharia.org.br\/site\/#organization","name":"Instituto de Engenharia","url":"https:\/\/www.institutodeengenharia.org.br\/site\/","logo":{"@type":"ImageObject","inLanguage":"pt-BR","@id":"https:\/\/www.institutodeengenharia.org.br\/site\/#\/schema\/logo\/image\/","url":"https:\/\/www.institutodeengenharia.org.br\/site\/wp-content\/uploads\/2019\/03\/logo-novo-IE2018-1.jpg","contentUrl":"https:\/\/www.institutodeengenharia.org.br\/site\/wp-content\/uploads\/2019\/03\/logo-novo-IE2018-1.jpg","width":1486,"height":1879,"caption":"Instituto de Engenharia"},"image":{"@id":"https:\/\/www.institutodeengenharia.org.br\/site\/#\/schema\/logo\/image\/"},"sameAs":["https:\/\/www.facebook.com\/institutodeengenharia","https:\/\/x.com\/iengenharia","https:\/\/www.instagram.com\/institutodeengenharia\/","https:\/\/www.linkedin.com\/company\/instituto-de-engenharia\/","https:\/\/www.youtube.com\/channel\/UCXiCAlsSMe977vamW915HxA"]},{"@type":"Person","@id":"https:\/\/www.institutodeengenharia.org.br\/site\/#\/schema\/person\/aeb64951c405e100d26d30b033dd423f","name":"Bianca","image":{"@type":"ImageObject","inLanguage":"pt-BR","@id":"https:\/\/secure.gravatar.com\/avatar\/a6fbe9bff57405baf4c1e2c5c1811e072b558253974a9f9508f4678900c97c2a?s=96&d=mm&r=g","url":"https:\/\/secure.gravatar.com\/avatar\/a6fbe9bff57405baf4c1e2c5c1811e072b558253974a9f9508f4678900c97c2a?s=96&d=mm&r=g","contentUrl":"https:\/\/secure.gravatar.com\/avatar\/a6fbe9bff57405baf4c1e2c5c1811e072b558253974a9f9508f4678900c97c2a?s=96&d=mm&r=g","caption":"Bianca"},"url":"https:\/\/www.institutodeengenharia.org.br\/site\/author\/comunicacao1\/"}]}},"_links":{"self":[{"href":"https:\/\/www.institutodeengenharia.org.br\/site\/wp-json\/wp\/v2\/posts\/70975","targetHints":{"allow":["GET"]}}],"collection":[{"href":"https:\/\/www.institutodeengenharia.org.br\/site\/wp-json\/wp\/v2\/posts"}],"about":[{"href":"https:\/\/www.institutodeengenharia.org.br\/site\/wp-json\/wp\/v2\/types\/post"}],"author":[{"embeddable":true,"href":"https:\/\/www.institutodeengenharia.org.br\/site\/wp-json\/wp\/v2\/users\/13"}],"replies":[{"embeddable":true,"href":"https:\/\/www.institutodeengenharia.org.br\/site\/wp-json\/wp\/v2\/comments?post=70975"}],"version-history":[{"count":1,"href":"https:\/\/www.institutodeengenharia.org.br\/site\/wp-json\/wp\/v2\/posts\/70975\/revisions"}],"predecessor-version":[{"id":70976,"href":"https:\/\/www.institutodeengenharia.org.br\/site\/wp-json\/wp\/v2\/posts\/70975\/revisions\/70976"}],"wp:featuredmedia":[{"embeddable":true,"href":"https:\/\/www.institutodeengenharia.org.br\/site\/wp-json\/wp\/v2\/media\/70166"}],"wp:attachment":[{"href":"https:\/\/www.institutodeengenharia.org.br\/site\/wp-json\/wp\/v2\/media?parent=70975"}],"wp:term":[{"taxonomy":"category","embeddable":true,"href":"https:\/\/www.institutodeengenharia.org.br\/site\/wp-json\/wp\/v2\/categories?post=70975"},{"taxonomy":"post_tag","embeddable":true,"href":"https:\/\/www.institutodeengenharia.org.br\/site\/wp-json\/wp\/v2\/tags?post=70975"}],"curies":[{"name":"wp","href":"https:\/\/api.w.org\/{rel}","templated":true}]}}