{"id":70972,"date":"2020-08-20T18:00:25","date_gmt":"2020-08-20T21:00:25","guid":{"rendered":"https:\/\/www.institutodeengenharia.org.br\/site\/?p=70972"},"modified":"2020-09-16T10:54:24","modified_gmt":"2020-09-16T13:54:24","slug":"a-funcao-do-perito-judicial-e-do-assistente-tecnico","status":"publish","type":"post","link":"https:\/\/www.institutodeengenharia.org.br\/site\/2020\/08\/20\/a-funcao-do-perito-judicial-e-do-assistente-tecnico\/","title":{"rendered":"A Fun\u00e7\u00e3o do Perito Judicial e do Assistente T\u00e9cnico"},"content":{"rendered":"<p><strong>Assista abaixo \u00e0 grava\u00e7\u00e3o:<\/strong><\/p>\n<p><iframe loading=\"lazy\" src=\"https:\/\/player.vimeo.com\/video\/458527609\" width=\"640\" height=\"480\" frameborder=\"0\" allowfullscreen=\"allowfullscreen\"><\/iframe><br \/>\n&nbsp;<\/p>\n<p><strong>+ Informa\u00e7\u00f5es:<\/strong><\/p>\n<p><strong>Abordagem:<\/strong><\/p>\n<p>Esclarecer a fun\u00e7\u00e3o do perito Judicial e dos assistentes T\u00e9cnicos, habilita\u00e7\u00e3o, atribui\u00e7\u00e3o, experi\u00eancia e compet\u00eancia, bem como as condutas \u00e9ticas, procedimentos periciais e apresenta\u00e7\u00e3o de casos.<\/p>\n<p><strong>P\u00fablico-alvo: <\/strong><\/p>\n<p>Engenheiros e Arquitetos, Peritos e Assistentes T\u00e9cnicos.<\/p>\n<p><strong>Moderador e palestrante:<\/strong><\/p>\n<p><img loading=\"lazy\" decoding=\"async\" class=\"alignnone wp-image-64007\" src=\"https:\/\/www.institutodeengenharia.org.br\/site\/wp-content\/uploads\/2020\/05\/ricardo-imamura.jpg\" alt=\"\" width=\"150\" height=\"168\" \/><\/p>\n<p><strong>Ricardo Henrique de A. Imamura<\/strong><\/p>\n<p>Engenheiro Civil pela Escola de Engenharia de Lins, 1977. Perito Judicial de diversas Varas C\u00edveis e da Fazenda no Estado de S\u00e3o Paulo, desde 1978. Dentre sua experi\u00eancia como Perito Judicial, encontram-se a Elabora\u00e7\u00e3o de mais de 4.300 Laudos de Engenharia Legal de naturezas diversas. Membro Titular, Coordenador da Divis\u00e3o de Avalia\u00e7\u00f5es e Per\u00edcias, Conselheiro e Perito Especialista da C\u00e2mara de Media\u00e7\u00e3o e Arbitragem do Instituto de Engenharia \u2013 S\u00e3o Paulo. Membro Fundador e Ex-Presidente da Associa\u00e7\u00e3o Parama\u00e7\u00f4nica de Peritos Judiciais \u2013 APPJ. Presidente da AELINS \u2013 Associa\u00e7\u00e3o de Engenheiros de Lins \u2013 Lins\/SP. Membro da CBAr \u2013 Comit\u00ea Brasileiro de Arbitragem; Membro da ABCIP \u2013 Associa\u00e7\u00e3o Brasileira das Entidades de Cr\u00e9dito Imobili\u00e1rio e Poupan\u00e7a; Membro da CAM-CCBC \u2013 C\u00e2mara de Com\u00e9rcio Brasil-Canad\u00e1; Membro da AMCHAM Brasil; Membro da CAMARB \u2013 Camara de Arbitragem Empresarial Brasil; Membro do FIDIC. Membro de diversas Associa\u00e7\u00f5es em S\u00e3o Paulo. Ministra Cursos e Palestras e tem publica\u00e7\u00f5es t\u00e9cnicas diversas. Engenheiro pela Empresa Consultora Hidroservice \u2013 Engenharia de Projetos Ltda., de 1978 a 1989. Engenheiro pela S.A. Ind\u00fastrias Votorantim, de 1989 a 1990; Assessor da Diretoria pela Empresa Consultora Matricial Projetos e Consultoria Ltda., de novembro de 1990 a 1991. S\u00f3cio Propriet\u00e1rio da R.H. Imamura Peritos Consultores e dos Advisors Committee.<\/p>\n<p><strong>Palestrantes:<\/strong><\/p>\n<p><img loading=\"lazy\" decoding=\"async\" class=\"alignnone size-full wp-image-68769\" src=\"https:\/\/www.institutodeengenharia.org.br\/site\/wp-content\/uploads\/2020\/07\/jos\u00e9-fiker.jpg\" alt=\"\" width=\"148\" height=\"201\" \/><\/p>\n<p><strong>Jos\u00e9 Fiker<\/strong><\/p>\n<p>Doutor em Semi\u00f3tica e Lingu\u00edstica Geral (com \u00eanfase em Laudos). Foi fundador e primeiro presidente da C\u00e2mara de Valores do Instituto Brasileiro de Avalia\u00e7\u00f5es e Per\u00edcias (Ibape). \u00c9 perito dos Tribunais de Al\u00e7ada e Justi\u00e7a e coordenador da Divis\u00e3o T\u00e9cnica de Avalia\u00e7\u00f5es e Per\u00edcias do Instituto de Engenharia. Graduado em Portugu\u00eas, Latim e Lingu\u00edstica, assessor Jur\u00eddico da Diretoria do Ibape\/Nacional e vice-presidente do Ibape\/SP. \u00c9 diretor-presidente da EMBRAVAL \u2013 Empresa Brasileira de Avalia\u00e7\u00f5es S\/C Ltda. \u00c9 autor dos livros \u201cManual de Reda\u00e7\u00e3o de Laudos\u201d, \u201cAvalia\u00e7\u00e3o de Im\u00f3veis Urbanos\u201d, \u201cA Per\u00edcia Judicial\u201d (em coautoria com o Eng. Joaquim da Rocha Medeiros) e \u201cManual Pr\u00e1tico de Avalia\u00e7\u00f5es e Per\u00edcias de Engenharia\u201d, todos pela Editora Pini; e \u201cManual Pr\u00e1tico de Direito das Constru\u00e7\u00f5es\u201d, \u201cLinguagem do Laudo Pericial\u201d, \u201cPer\u00edcias e Avalia\u00e7\u00f5es Fundamentos Pr\u00e1ticos\u201d e \u201cContesta\u00e7\u00e3o na Per\u00edcia Judicial\u201d, pela Editora Leud \u2013 Livraria Editora Universit\u00e1ria de Direito. O livro \u201cLinguagem do Laudo Pericial\u201d \u00e9 origin\u00e1rio da tese de doutorado e do Melhor Trabalho do Ano em colabora\u00e7\u00e3o com a classe do Instituto de Engenharia de 2004 e 2011 \u2013 Medalha de Ouro. Advogado formado pela USP. J\u00e1 deu aula nas principais entidades ligadas a avalia\u00e7\u00f5es e per\u00edcias em todo o Brasil.<\/p>\n<p><img loading=\"lazy\" decoding=\"async\" class=\"wp-image-44183 td-animation-stack-type0-2 alignnone\" src=\"https:\/\/www.institutodeengenharia.org.br\/site\/wp-content\/uploads\/2019\/10\/WhatsApp-Image-2019-10-01-at-09.07.45-e1591635963571.jpeg\" alt=\"\" width=\"151\" height=\"151\" srcset=\"https:\/\/www.institutodeengenharia.org.br\/site\/wp-content\/uploads\/2019\/10\/WhatsApp-Image-2019-10-01-at-09.07.45-e1591635963571.jpeg 632w, https:\/\/www.institutodeengenharia.org.br\/site\/wp-content\/uploads\/2019\/10\/WhatsApp-Image-2019-10-01-at-09.07.45-e1591635963571-150x150.jpeg 150w, https:\/\/www.institutodeengenharia.org.br\/site\/wp-content\/uploads\/2019\/10\/WhatsApp-Image-2019-10-01-at-09.07.45-e1591635963571-300x300.jpeg 300w, https:\/\/www.institutodeengenharia.org.br\/site\/wp-content\/uploads\/2019\/10\/WhatsApp-Image-2019-10-01-at-09.07.45-e1591635963571-419x420.jpeg 419w, https:\/\/www.institutodeengenharia.org.br\/site\/wp-content\/uploads\/2019\/10\/WhatsApp-Image-2019-10-01-at-09.07.45-e1591635963571-600x602.jpeg 600w, https:\/\/www.institutodeengenharia.org.br\/site\/wp-content\/uploads\/2019\/10\/WhatsApp-Image-2019-10-01-at-09.07.45-e1591635963571-100x100.jpeg 100w\" sizes=\"auto, (max-width: 151px) 100vw, 151px\" \/><\/p>\n<p><strong>Miriana Pereira Marques<\/strong><\/p>\n<p>Formada em Engenharia Civil pela FAAP, foi professora universit\u00e1ria de Maci\u00e7os e Obras de Terras, Transportes e Mec\u00e2nica dos Solos na mesma faculdade. Com 20 anos de atua\u00e7\u00e3o profissional dedicada \u00e0 \u00e1rea de Avalia\u00e7\u00f5es e Per\u00edcias, referente a bens patrimoniais e a im\u00f3veis urbanos, comerciais, residenciais, rurais e industriais, \u00e9 respons\u00e1vel t\u00e9cnica pela \u00e1rea de Avalia\u00e7\u00f5es e Per\u00edcias da Marques &amp; Marques Engenharia e assistente t\u00e9cnica do Metr\u00f4 e da Dersa. No Instituto de Engenharia, \u00e9 vice-presidente de Assuntos Internos, vice-coordenadora da Divis\u00e3o T\u00e9cnica de Inform\u00e1tica e da Divis\u00e3o de Avalia\u00e7\u00f5es e Per\u00edcias, membro do Conselho Consultivo e da C\u00e2mara de Media\u00e7\u00e3o e Arbitragem. Foi laureada com o Pr\u00eamio de Melhor Trabalho T\u00e9cnico do Ano analisando temas ligados ao exerc\u00edcio da profiss\u00e3o \u2013 \u201cVistoria Cautelar\u201d, \u201cIm\u00f3veis Tombados\u201d e \u201cCal\u00e7adas\u201d, pela mesma institui\u00e7\u00e3o.<\/p>\n<p><img loading=\"lazy\" decoding=\"async\" class=\"alignnone wp-image-66722\" src=\"https:\/\/www.institutodeengenharia.org.br\/site\/wp-content\/uploads\/2020\/06\/debora-marinello.jpg\" alt=\"\" width=\"167\" height=\"158\" \/><\/p>\n<p><strong>D\u00e9bora Marinello<\/strong><\/p>\n<p>Engenheira Civil pela Universidade Presbiteriana Mackenzie em 1993; p\u00f3s-graduada em \u201cPatologia nas Obras Civis\u201d \u2013 IDD\/SP e T\u00e9cnica em Edifica\u00e7\u00f5es \u2013 Liceu de Artes e Of\u00edcios de S\u00e3o Paulo. Aperfei\u00e7oamento em Avalia\u00e7\u00f5es de Im\u00f3veis Urbanos e Rurais e Avalia\u00e7\u00e3o de Alugu\u00e9is pelo Ibape\/SP e em Gerenciamento de Opera\u00e7\u00f5es na Constru\u00e7\u00e3o Civil\u2013 Escola Polit\u00e9cnica \u2013 USP.\u00a0Atua\u00e7\u00e3o na \u00e1rea da Engenharia Diagn\u00f3stica, realizando vistorias, inspe\u00e7\u00f5es, auditoria, per\u00edcias e consultorias t\u00e9cnicas de edifica\u00e7\u00f5es, principalmente para Condom\u00ednios Residenciais e Comerciais, Construtoras e Incorporadoras e na \u00e1rea de Avalia\u00e7\u00f5es de Im\u00f3veis (valor de mercado, valor locativo); residenciais, comerciais (lojas de rua e shoppings); assistente t\u00e9cnica junto \u00e0 escrit\u00f3rios de advocacia e empresas de engenharia. No Instituto de Engenharia \u00e9 diretora do Departamento de Engenharia de Produ\u00e7\u00e3o.<\/p>\n<p><img loading=\"lazy\" decoding=\"async\" class=\"alignnone size-full wp-image-69895\" src=\"https:\/\/www.institutodeengenharia.org.br\/site\/wp-content\/uploads\/2020\/08\/Wilson-Abramovick-Costa.png\" alt=\"\" width=\"132\" height=\"177\" \/><\/p>\n<p><strong>Wilson Abramovick Costa<\/strong><\/p>\n<p>Engenheiro Civil formado pela Escola de Engenharia de Lins (1978), p\u00f3s-graduado pela UNINOVE em Engenharia de Avalia\u00e7\u00f5es e Per\u00edcias (2019) e em Administra\u00e7\u00e3o Imobili\u00e1ria pelo SECOVI (2017). Consultor em Avalia\u00e7\u00f5es e Per\u00edcias de Engenharia, Avalia\u00e7\u00f5es de Bens (m\u00f3veis e im\u00f3veis), membro da Divis\u00e3o T\u00e9cnica de Avalia\u00e7\u00f5es e Per\u00edcias e secret\u00e1rio da Divis\u00e3o T\u00e9cnica de Compliance do Instituto de Engenharia.<\/p>\n<p><strong>Apoio Institucional:<\/strong><\/p>\n<p><img loading=\"lazy\" decoding=\"async\" class=\"alignnone size-full wp-image-34556\" src=\"https:\/\/www.institutodeengenharia.org.br\/site\/wp-content\/uploads\/2018\/04\/CREA-SP_vertical.jpg\" alt=\"\" width=\"150\" height=\"106\" srcset=\"https:\/\/www.institutodeengenharia.org.br\/site\/wp-content\/uploads\/2018\/04\/CREA-SP_vertical.jpg 150w, https:\/\/www.institutodeengenharia.org.br\/site\/wp-content\/uploads\/2018\/04\/CREA-SP_vertical-100x70.jpg 100w\" sizes=\"auto, (max-width: 150px) 100vw, 150px\" \/><\/p>\n<p><strong>Realiza\u00e7\u00e3o:<\/strong><\/p>\n<p><strong>Eng. Jer\u00f4nimo Cabral Pereira Fagundes Neto <\/strong>\u2013 Vice-presidente de Atividades T\u00e9cnicas<\/p>\n<p><strong>Eng.\u00aa D\u00e9bora Sanches de A. Marinello <\/strong>\u2013 Diretora do Departamento de Engenharia de Produ\u00e7\u00e3o<\/p>\n<p><strong>Eng. Ricardo Henrique de A. Imamura <\/strong>\u2013 Coordenador da Divis\u00e3o T\u00e9cnica de Avalia\u00e7\u00f5es e Per\u00edcias<\/p>\n","protected":false},"excerpt":{"rendered":"<p>Assista abaixo \u00e0 grava\u00e7\u00e3o: &nbsp; + Informa\u00e7\u00f5es: Abordagem: Esclarecer a fun\u00e7\u00e3o do perito Judicial e dos assistentes T\u00e9cnicos, habilita\u00e7\u00e3o, atribui\u00e7\u00e3o, experi\u00eancia e compet\u00eancia, bem como as condutas \u00e9ticas, procedimentos periciais e apresenta\u00e7\u00e3o de casos. P\u00fablico-alvo: Engenheiros e Arquitetos, Peritos e Assistentes T\u00e9cnicos. Moderador e palestrante: Ricardo Henrique de A. Imamura Engenheiro Civil pela Escola de [&hellip;]<\/p>\n","protected":false},"author":13,"featured_media":70067,"comment_status":"open","ping_status":"open","sticky":false,"template":"","format":"standard","meta":{"footnotes":""},"categories":[46,67,968,969],"tags":[],"class_list":{"0":"post-70972","1":"post","2":"type-post","3":"status-publish","4":"format-standard","5":"has-post-thumbnail","7":"category-departamento-desenvolvimento-de-gestao-e-objetivos","8":"category-divisao-de-avaliacoes-e-pericias","9":"category-nova-tv-engenharia","10":"category-palestra"},"yoast_head":"<!-- This site is optimized with the Yoast SEO plugin v27.2 - https:\/\/yoast.com\/product\/yoast-seo-wordpress\/ -->\n<title>A Fun\u00e7\u00e3o do Perito Judicial e do Assistente T\u00e9cnico - Instituto de Engenharia<\/title>\n<meta name=\"robots\" content=\"index, follow, max-snippet:-1, max-image-preview:large, max-video-preview:-1\" \/>\n<link rel=\"canonical\" href=\"https:\/\/www.institutodeengenharia.org.br\/site\/2020\/08\/20\/a-funcao-do-perito-judicial-e-do-assistente-tecnico\/\" \/>\n<meta property=\"og:locale\" content=\"pt_BR\" \/>\n<meta property=\"og:type\" content=\"article\" \/>\n<meta property=\"og:title\" content=\"A Fun\u00e7\u00e3o do Perito Judicial e do Assistente T\u00e9cnico - Instituto de Engenharia\" \/>\n<meta property=\"og:description\" content=\"Assista abaixo \u00e0 grava\u00e7\u00e3o: &nbsp; + Informa\u00e7\u00f5es: Abordagem: Esclarecer a fun\u00e7\u00e3o do perito Judicial e dos assistentes T\u00e9cnicos, habilita\u00e7\u00e3o, atribui\u00e7\u00e3o, experi\u00eancia e compet\u00eancia, bem como as condutas \u00e9ticas, procedimentos periciais e apresenta\u00e7\u00e3o de casos. P\u00fablico-alvo: Engenheiros e Arquitetos, Peritos e Assistentes T\u00e9cnicos. Moderador e palestrante: Ricardo Henrique de A. Imamura Engenheiro Civil pela Escola de [&hellip;]\" \/>\n<meta property=\"og:url\" content=\"https:\/\/www.institutodeengenharia.org.br\/site\/2020\/08\/20\/a-funcao-do-perito-judicial-e-do-assistente-tecnico\/\" \/>\n<meta property=\"og:site_name\" content=\"Instituto de Engenharia\" \/>\n<meta property=\"article:publisher\" content=\"https:\/\/www.facebook.com\/institutodeengenharia\" \/>\n<meta property=\"article:published_time\" content=\"2020-08-20T21:00:25+00:00\" \/>\n<meta property=\"article:modified_time\" content=\"2020-09-16T13:54:24+00:00\" \/>\n<meta property=\"og:image\" content=\"https:\/\/www.institutodeengenharia.org.br\/site\/wp-content\/uploads\/2020\/08\/192520-OXNZ2Q-274-1024x576.jpg\" \/>\n\t<meta property=\"og:image:width\" content=\"1024\" \/>\n\t<meta property=\"og:image:height\" content=\"576\" \/>\n\t<meta property=\"og:image:type\" content=\"image\/jpeg\" \/>\n<meta name=\"author\" content=\"Bianca\" \/>\n<meta name=\"twitter:card\" content=\"summary_large_image\" \/>\n<meta name=\"twitter:creator\" content=\"@iengenharia\" \/>\n<meta name=\"twitter:site\" content=\"@iengenharia\" \/>\n<meta name=\"twitter:label1\" content=\"Escrito por\" \/>\n\t<meta name=\"twitter:data1\" content=\"Bianca\" \/>\n\t<meta name=\"twitter:label2\" content=\"Est. tempo de leitura\" \/>\n\t<meta name=\"twitter:data2\" content=\"5 minutos\" \/>\n<script type=\"application\/ld+json\" class=\"yoast-schema-graph\">{\"@context\":\"https:\/\/schema.org\",\"@graph\":[{\"@type\":\"Article\",\"@id\":\"https:\/\/www.institutodeengenharia.org.br\/site\/2020\/08\/20\/a-funcao-do-perito-judicial-e-do-assistente-tecnico\/#article\",\"isPartOf\":{\"@id\":\"https:\/\/www.institutodeengenharia.org.br\/site\/2020\/08\/20\/a-funcao-do-perito-judicial-e-do-assistente-tecnico\/\"},\"author\":{\"name\":\"Bianca\",\"@id\":\"https:\/\/www.institutodeengenharia.org.br\/site\/#\/schema\/person\/aeb64951c405e100d26d30b033dd423f\"},\"headline\":\"A Fun\u00e7\u00e3o do Perito Judicial e do Assistente T\u00e9cnico\",\"datePublished\":\"2020-08-20T21:00:25+00:00\",\"dateModified\":\"2020-09-16T13:54:24+00:00\",\"mainEntityOfPage\":{\"@id\":\"https:\/\/www.institutodeengenharia.org.br\/site\/2020\/08\/20\/a-funcao-do-perito-judicial-e-do-assistente-tecnico\/\"},\"wordCount\":943,\"commentCount\":0,\"publisher\":{\"@id\":\"https:\/\/www.institutodeengenharia.org.br\/site\/#organization\"},\"image\":{\"@id\":\"https:\/\/www.institutodeengenharia.org.br\/site\/2020\/08\/20\/a-funcao-do-perito-judicial-e-do-assistente-tecnico\/#primaryimage\"},\"thumbnailUrl\":\"https:\/\/www.institutodeengenharia.org.br\/site\/wp-content\/uploads\/2020\/08\/192520-OXNZ2Q-274-1024x576.jpg\",\"articleSection\":[\"Departamento Desenvolvimento de Gest\u00e3o e Objetivos\",\"Divis\u00e3o T\u00e9cnica de Avalia\u00e7\u00f5es e Per\u00edcias\",\"Nova TV Engenharia\",\"Palestra\"],\"inLanguage\":\"pt-BR\",\"potentialAction\":[{\"@type\":\"CommentAction\",\"name\":\"Comment\",\"target\":[\"https:\/\/www.institutodeengenharia.org.br\/site\/2020\/08\/20\/a-funcao-do-perito-judicial-e-do-assistente-tecnico\/#respond\"]}]},{\"@type\":\"WebPage\",\"@id\":\"https:\/\/www.institutodeengenharia.org.br\/site\/2020\/08\/20\/a-funcao-do-perito-judicial-e-do-assistente-tecnico\/\",\"url\":\"https:\/\/www.institutodeengenharia.org.br\/site\/2020\/08\/20\/a-funcao-do-perito-judicial-e-do-assistente-tecnico\/\",\"name\":\"A Fun\u00e7\u00e3o do Perito Judicial e do Assistente T\u00e9cnico - Instituto de Engenharia\",\"isPartOf\":{\"@id\":\"https:\/\/www.institutodeengenharia.org.br\/site\/#website\"},\"primaryImageOfPage\":{\"@id\":\"https:\/\/www.institutodeengenharia.org.br\/site\/2020\/08\/20\/a-funcao-do-perito-judicial-e-do-assistente-tecnico\/#primaryimage\"},\"image\":{\"@id\":\"https:\/\/www.institutodeengenharia.org.br\/site\/2020\/08\/20\/a-funcao-do-perito-judicial-e-do-assistente-tecnico\/#primaryimage\"},\"thumbnailUrl\":\"https:\/\/www.institutodeengenharia.org.br\/site\/wp-content\/uploads\/2020\/08\/192520-OXNZ2Q-274-1024x576.jpg\",\"datePublished\":\"2020-08-20T21:00:25+00:00\",\"dateModified\":\"2020-09-16T13:54:24+00:00\",\"breadcrumb\":{\"@id\":\"https:\/\/www.institutodeengenharia.org.br\/site\/2020\/08\/20\/a-funcao-do-perito-judicial-e-do-assistente-tecnico\/#breadcrumb\"},\"inLanguage\":\"pt-BR\",\"potentialAction\":[{\"@type\":\"ReadAction\",\"target\":[\"https:\/\/www.institutodeengenharia.org.br\/site\/2020\/08\/20\/a-funcao-do-perito-judicial-e-do-assistente-tecnico\/\"]}]},{\"@type\":\"ImageObject\",\"inLanguage\":\"pt-BR\",\"@id\":\"https:\/\/www.institutodeengenharia.org.br\/site\/2020\/08\/20\/a-funcao-do-perito-judicial-e-do-assistente-tecnico\/#primaryimage\",\"url\":\"https:\/\/www.institutodeengenharia.org.br\/site\/wp-content\/uploads\/2020\/08\/192520-OXNZ2Q-274-1024x576.jpg\",\"contentUrl\":\"https:\/\/www.institutodeengenharia.org.br\/site\/wp-content\/uploads\/2020\/08\/192520-OXNZ2Q-274-1024x576.jpg\",\"width\":1024,\"height\":576},{\"@type\":\"BreadcrumbList\",\"@id\":\"https:\/\/www.institutodeengenharia.org.br\/site\/2020\/08\/20\/a-funcao-do-perito-judicial-e-do-assistente-tecnico\/#breadcrumb\",\"itemListElement\":[{\"@type\":\"ListItem\",\"position\":1,\"name\":\"In\u00edcio\",\"item\":\"https:\/\/www.institutodeengenharia.org.br\/site\/\"},{\"@type\":\"ListItem\",\"position\":2,\"name\":\"A Fun\u00e7\u00e3o do Perito Judicial e do Assistente T\u00e9cnico\"}]},{\"@type\":\"WebSite\",\"@id\":\"https:\/\/www.institutodeengenharia.org.br\/site\/#website\",\"url\":\"https:\/\/www.institutodeengenharia.org.br\/site\/\",\"name\":\"Instituto de Engenharia\",\"description\":\"O Instituto de Engenharia promove a Engenharia em benef\u00edcio do desenvolvimento e da qualidade de vida da sociedade.\",\"publisher\":{\"@id\":\"https:\/\/www.institutodeengenharia.org.br\/site\/#organization\"},\"potentialAction\":[{\"@type\":\"SearchAction\",\"target\":{\"@type\":\"EntryPoint\",\"urlTemplate\":\"https:\/\/www.institutodeengenharia.org.br\/site\/?s={search_term_string}\"},\"query-input\":{\"@type\":\"PropertyValueSpecification\",\"valueRequired\":true,\"valueName\":\"search_term_string\"}}],\"inLanguage\":\"pt-BR\"},{\"@type\":\"Organization\",\"@id\":\"https:\/\/www.institutodeengenharia.org.br\/site\/#organization\",\"name\":\"Instituto de Engenharia\",\"url\":\"https:\/\/www.institutodeengenharia.org.br\/site\/\",\"logo\":{\"@type\":\"ImageObject\",\"inLanguage\":\"pt-BR\",\"@id\":\"https:\/\/www.institutodeengenharia.org.br\/site\/#\/schema\/logo\/image\/\",\"url\":\"https:\/\/www.institutodeengenharia.org.br\/site\/wp-content\/uploads\/2019\/03\/logo-novo-IE2018-1.jpg\",\"contentUrl\":\"https:\/\/www.institutodeengenharia.org.br\/site\/wp-content\/uploads\/2019\/03\/logo-novo-IE2018-1.jpg\",\"width\":1486,\"height\":1879,\"caption\":\"Instituto de Engenharia\"},\"image\":{\"@id\":\"https:\/\/www.institutodeengenharia.org.br\/site\/#\/schema\/logo\/image\/\"},\"sameAs\":[\"https:\/\/www.facebook.com\/institutodeengenharia\",\"https:\/\/x.com\/iengenharia\",\"https:\/\/www.instagram.com\/institutodeengenharia\/\",\"https:\/\/www.linkedin.com\/company\/instituto-de-engenharia\/\",\"https:\/\/www.youtube.com\/channel\/UCXiCAlsSMe977vamW915HxA\"]},{\"@type\":\"Person\",\"@id\":\"https:\/\/www.institutodeengenharia.org.br\/site\/#\/schema\/person\/aeb64951c405e100d26d30b033dd423f\",\"name\":\"Bianca\",\"image\":{\"@type\":\"ImageObject\",\"inLanguage\":\"pt-BR\",\"@id\":\"https:\/\/secure.gravatar.com\/avatar\/a6fbe9bff57405baf4c1e2c5c1811e072b558253974a9f9508f4678900c97c2a?s=96&d=mm&r=g\",\"url\":\"https:\/\/secure.gravatar.com\/avatar\/a6fbe9bff57405baf4c1e2c5c1811e072b558253974a9f9508f4678900c97c2a?s=96&d=mm&r=g\",\"contentUrl\":\"https:\/\/secure.gravatar.com\/avatar\/a6fbe9bff57405baf4c1e2c5c1811e072b558253974a9f9508f4678900c97c2a?s=96&d=mm&r=g\",\"caption\":\"Bianca\"},\"url\":\"https:\/\/www.institutodeengenharia.org.br\/site\/author\/comunicacao1\/\"}]}<\/script>\n<!-- \/ Yoast SEO plugin. -->","yoast_head_json":{"title":"A Fun\u00e7\u00e3o do Perito Judicial e do Assistente T\u00e9cnico - Instituto de Engenharia","robots":{"index":"index","follow":"follow","max-snippet":"max-snippet:-1","max-image-preview":"max-image-preview:large","max-video-preview":"max-video-preview:-1"},"canonical":"https:\/\/www.institutodeengenharia.org.br\/site\/2020\/08\/20\/a-funcao-do-perito-judicial-e-do-assistente-tecnico\/","og_locale":"pt_BR","og_type":"article","og_title":"A Fun\u00e7\u00e3o do Perito Judicial e do Assistente T\u00e9cnico - Instituto de Engenharia","og_description":"Assista abaixo \u00e0 grava\u00e7\u00e3o: &nbsp; + Informa\u00e7\u00f5es: Abordagem: Esclarecer a fun\u00e7\u00e3o do perito Judicial e dos assistentes T\u00e9cnicos, habilita\u00e7\u00e3o, atribui\u00e7\u00e3o, experi\u00eancia e compet\u00eancia, bem como as condutas \u00e9ticas, procedimentos periciais e apresenta\u00e7\u00e3o de casos. P\u00fablico-alvo: Engenheiros e Arquitetos, Peritos e Assistentes T\u00e9cnicos. Moderador e palestrante: Ricardo Henrique de A. Imamura Engenheiro Civil pela Escola de [&hellip;]","og_url":"https:\/\/www.institutodeengenharia.org.br\/site\/2020\/08\/20\/a-funcao-do-perito-judicial-e-do-assistente-tecnico\/","og_site_name":"Instituto de Engenharia","article_publisher":"https:\/\/www.facebook.com\/institutodeengenharia","article_published_time":"2020-08-20T21:00:25+00:00","article_modified_time":"2020-09-16T13:54:24+00:00","og_image":[{"width":1024,"height":576,"url":"https:\/\/www.institutodeengenharia.org.br\/site\/wp-content\/uploads\/2020\/08\/192520-OXNZ2Q-274-1024x576.jpg","type":"image\/jpeg"}],"author":"Bianca","twitter_card":"summary_large_image","twitter_creator":"@iengenharia","twitter_site":"@iengenharia","twitter_misc":{"Escrito por":"Bianca","Est. tempo de leitura":"5 minutos"},"schema":{"@context":"https:\/\/schema.org","@graph":[{"@type":"Article","@id":"https:\/\/www.institutodeengenharia.org.br\/site\/2020\/08\/20\/a-funcao-do-perito-judicial-e-do-assistente-tecnico\/#article","isPartOf":{"@id":"https:\/\/www.institutodeengenharia.org.br\/site\/2020\/08\/20\/a-funcao-do-perito-judicial-e-do-assistente-tecnico\/"},"author":{"name":"Bianca","@id":"https:\/\/www.institutodeengenharia.org.br\/site\/#\/schema\/person\/aeb64951c405e100d26d30b033dd423f"},"headline":"A Fun\u00e7\u00e3o do Perito Judicial e do Assistente T\u00e9cnico","datePublished":"2020-08-20T21:00:25+00:00","dateModified":"2020-09-16T13:54:24+00:00","mainEntityOfPage":{"@id":"https:\/\/www.institutodeengenharia.org.br\/site\/2020\/08\/20\/a-funcao-do-perito-judicial-e-do-assistente-tecnico\/"},"wordCount":943,"commentCount":0,"publisher":{"@id":"https:\/\/www.institutodeengenharia.org.br\/site\/#organization"},"image":{"@id":"https:\/\/www.institutodeengenharia.org.br\/site\/2020\/08\/20\/a-funcao-do-perito-judicial-e-do-assistente-tecnico\/#primaryimage"},"thumbnailUrl":"https:\/\/www.institutodeengenharia.org.br\/site\/wp-content\/uploads\/2020\/08\/192520-OXNZ2Q-274-1024x576.jpg","articleSection":["Departamento Desenvolvimento de Gest\u00e3o e Objetivos","Divis\u00e3o T\u00e9cnica de Avalia\u00e7\u00f5es e Per\u00edcias","Nova TV Engenharia","Palestra"],"inLanguage":"pt-BR","potentialAction":[{"@type":"CommentAction","name":"Comment","target":["https:\/\/www.institutodeengenharia.org.br\/site\/2020\/08\/20\/a-funcao-do-perito-judicial-e-do-assistente-tecnico\/#respond"]}]},{"@type":"WebPage","@id":"https:\/\/www.institutodeengenharia.org.br\/site\/2020\/08\/20\/a-funcao-do-perito-judicial-e-do-assistente-tecnico\/","url":"https:\/\/www.institutodeengenharia.org.br\/site\/2020\/08\/20\/a-funcao-do-perito-judicial-e-do-assistente-tecnico\/","name":"A Fun\u00e7\u00e3o do Perito Judicial e do Assistente T\u00e9cnico - Instituto de Engenharia","isPartOf":{"@id":"https:\/\/www.institutodeengenharia.org.br\/site\/#website"},"primaryImageOfPage":{"@id":"https:\/\/www.institutodeengenharia.org.br\/site\/2020\/08\/20\/a-funcao-do-perito-judicial-e-do-assistente-tecnico\/#primaryimage"},"image":{"@id":"https:\/\/www.institutodeengenharia.org.br\/site\/2020\/08\/20\/a-funcao-do-perito-judicial-e-do-assistente-tecnico\/#primaryimage"},"thumbnailUrl":"https:\/\/www.institutodeengenharia.org.br\/site\/wp-content\/uploads\/2020\/08\/192520-OXNZ2Q-274-1024x576.jpg","datePublished":"2020-08-20T21:00:25+00:00","dateModified":"2020-09-16T13:54:24+00:00","breadcrumb":{"@id":"https:\/\/www.institutodeengenharia.org.br\/site\/2020\/08\/20\/a-funcao-do-perito-judicial-e-do-assistente-tecnico\/#breadcrumb"},"inLanguage":"pt-BR","potentialAction":[{"@type":"ReadAction","target":["https:\/\/www.institutodeengenharia.org.br\/site\/2020\/08\/20\/a-funcao-do-perito-judicial-e-do-assistente-tecnico\/"]}]},{"@type":"ImageObject","inLanguage":"pt-BR","@id":"https:\/\/www.institutodeengenharia.org.br\/site\/2020\/08\/20\/a-funcao-do-perito-judicial-e-do-assistente-tecnico\/#primaryimage","url":"https:\/\/www.institutodeengenharia.org.br\/site\/wp-content\/uploads\/2020\/08\/192520-OXNZ2Q-274-1024x576.jpg","contentUrl":"https:\/\/www.institutodeengenharia.org.br\/site\/wp-content\/uploads\/2020\/08\/192520-OXNZ2Q-274-1024x576.jpg","width":1024,"height":576},{"@type":"BreadcrumbList","@id":"https:\/\/www.institutodeengenharia.org.br\/site\/2020\/08\/20\/a-funcao-do-perito-judicial-e-do-assistente-tecnico\/#breadcrumb","itemListElement":[{"@type":"ListItem","position":1,"name":"In\u00edcio","item":"https:\/\/www.institutodeengenharia.org.br\/site\/"},{"@type":"ListItem","position":2,"name":"A Fun\u00e7\u00e3o do Perito Judicial e do Assistente T\u00e9cnico"}]},{"@type":"WebSite","@id":"https:\/\/www.institutodeengenharia.org.br\/site\/#website","url":"https:\/\/www.institutodeengenharia.org.br\/site\/","name":"Instituto de Engenharia","description":"O Instituto de Engenharia promove a Engenharia em benef\u00edcio do desenvolvimento e da qualidade de vida da sociedade.","publisher":{"@id":"https:\/\/www.institutodeengenharia.org.br\/site\/#organization"},"potentialAction":[{"@type":"SearchAction","target":{"@type":"EntryPoint","urlTemplate":"https:\/\/www.institutodeengenharia.org.br\/site\/?s={search_term_string}"},"query-input":{"@type":"PropertyValueSpecification","valueRequired":true,"valueName":"search_term_string"}}],"inLanguage":"pt-BR"},{"@type":"Organization","@id":"https:\/\/www.institutodeengenharia.org.br\/site\/#organization","name":"Instituto de Engenharia","url":"https:\/\/www.institutodeengenharia.org.br\/site\/","logo":{"@type":"ImageObject","inLanguage":"pt-BR","@id":"https:\/\/www.institutodeengenharia.org.br\/site\/#\/schema\/logo\/image\/","url":"https:\/\/www.institutodeengenharia.org.br\/site\/wp-content\/uploads\/2019\/03\/logo-novo-IE2018-1.jpg","contentUrl":"https:\/\/www.institutodeengenharia.org.br\/site\/wp-content\/uploads\/2019\/03\/logo-novo-IE2018-1.jpg","width":1486,"height":1879,"caption":"Instituto de Engenharia"},"image":{"@id":"https:\/\/www.institutodeengenharia.org.br\/site\/#\/schema\/logo\/image\/"},"sameAs":["https:\/\/www.facebook.com\/institutodeengenharia","https:\/\/x.com\/iengenharia","https:\/\/www.instagram.com\/institutodeengenharia\/","https:\/\/www.linkedin.com\/company\/instituto-de-engenharia\/","https:\/\/www.youtube.com\/channel\/UCXiCAlsSMe977vamW915HxA"]},{"@type":"Person","@id":"https:\/\/www.institutodeengenharia.org.br\/site\/#\/schema\/person\/aeb64951c405e100d26d30b033dd423f","name":"Bianca","image":{"@type":"ImageObject","inLanguage":"pt-BR","@id":"https:\/\/secure.gravatar.com\/avatar\/a6fbe9bff57405baf4c1e2c5c1811e072b558253974a9f9508f4678900c97c2a?s=96&d=mm&r=g","url":"https:\/\/secure.gravatar.com\/avatar\/a6fbe9bff57405baf4c1e2c5c1811e072b558253974a9f9508f4678900c97c2a?s=96&d=mm&r=g","contentUrl":"https:\/\/secure.gravatar.com\/avatar\/a6fbe9bff57405baf4c1e2c5c1811e072b558253974a9f9508f4678900c97c2a?s=96&d=mm&r=g","caption":"Bianca"},"url":"https:\/\/www.institutodeengenharia.org.br\/site\/author\/comunicacao1\/"}]}},"_links":{"self":[{"href":"https:\/\/www.institutodeengenharia.org.br\/site\/wp-json\/wp\/v2\/posts\/70972","targetHints":{"allow":["GET"]}}],"collection":[{"href":"https:\/\/www.institutodeengenharia.org.br\/site\/wp-json\/wp\/v2\/posts"}],"about":[{"href":"https:\/\/www.institutodeengenharia.org.br\/site\/wp-json\/wp\/v2\/types\/post"}],"author":[{"embeddable":true,"href":"https:\/\/www.institutodeengenharia.org.br\/site\/wp-json\/wp\/v2\/users\/13"}],"replies":[{"embeddable":true,"href":"https:\/\/www.institutodeengenharia.org.br\/site\/wp-json\/wp\/v2\/comments?post=70972"}],"version-history":[{"count":1,"href":"https:\/\/www.institutodeengenharia.org.br\/site\/wp-json\/wp\/v2\/posts\/70972\/revisions"}],"predecessor-version":[{"id":70974,"href":"https:\/\/www.institutodeengenharia.org.br\/site\/wp-json\/wp\/v2\/posts\/70972\/revisions\/70974"}],"wp:featuredmedia":[{"embeddable":true,"href":"https:\/\/www.institutodeengenharia.org.br\/site\/wp-json\/wp\/v2\/media\/70067"}],"wp:attachment":[{"href":"https:\/\/www.institutodeengenharia.org.br\/site\/wp-json\/wp\/v2\/media?parent=70972"}],"wp:term":[{"taxonomy":"category","embeddable":true,"href":"https:\/\/www.institutodeengenharia.org.br\/site\/wp-json\/wp\/v2\/categories?post=70972"},{"taxonomy":"post_tag","embeddable":true,"href":"https:\/\/www.institutodeengenharia.org.br\/site\/wp-json\/wp\/v2\/tags?post=70972"}],"curies":[{"name":"wp","href":"https:\/\/api.w.org\/{rel}","templated":true}]}}