{"id":70964,"date":"2020-08-18T15:00:07","date_gmt":"2020-08-18T18:00:07","guid":{"rendered":"https:\/\/www.institutodeengenharia.org.br\/site\/?p=70964"},"modified":"2020-09-16T10:41:18","modified_gmt":"2020-09-16T13:41:18","slug":"energia-solar-fotovoltaica-pos-pandemia-no-brasil-e-no-mundo","status":"publish","type":"post","link":"https:\/\/www.institutodeengenharia.org.br\/site\/2020\/08\/18\/energia-solar-fotovoltaica-pos-pandemia-no-brasil-e-no-mundo\/","title":{"rendered":"Energia solar fotovoltaica p\u00f3s-pandemia no Brasil e no mundo"},"content":{"rendered":"<p><strong>Assista abaixo \u00e0 grava\u00e7\u00e3o:<\/strong><\/p>\n<p><iframe loading=\"lazy\" src=\"https:\/\/player.vimeo.com\/video\/458525262\" width=\"640\" height=\"361\" frameborder=\"0\" allowfullscreen=\"allowfullscreen\"><\/iframe><\/p>\n<p>&nbsp;<\/p>\n<p><strong>+ Informa\u00e7\u00f5es:<\/strong><\/p>\n<p><strong>Abordagem:<\/strong><\/p>\n<p>Apresenta\u00e7\u00e3o dos principais dados do setor e do mercado solar fotovoltaico no Brasil e no mundo; as mudan\u00e7as ocorridas com o in\u00edcio da pandemia e as expectativas de retorno das atividades e crescimento para os pr\u00f3ximos anos.<\/p>\n<p><strong>P\u00fablico-alvo: <\/strong><\/p>\n<p>Engenheiros, t\u00e9cnicos, estudantes e demais interessados.<\/p>\n<p><strong>Palestrante:<\/strong><\/p>\n<p><strong>Guilherme Susteras<\/strong><\/p>\n<p>Engenheiro Eletricista e mestre em Engenharia El\u00e9trica pela Escola Polit\u00e9cnica da Universidade de S\u00e3o Paulo (Poli-USP), p\u00f3s-graduado em Economia pela London School of Economics e doutorando em Administra\u00e7\u00e3o de Empresas pela Funda\u00e7\u00e3o Get\u00falio Vargas (FGV). Possui mais de 15 anos de experi\u00eancia no setor el\u00e9trico, tendo atuado em cargos na \u00e1rea de regula\u00e7\u00e3o e planejamento de empresas como Duke Energy, National Grid e Renova Energia. Al\u00e9m de ter gerido mais de uma dezena de projetos estrat\u00e9gicos nas principais empresas de energia do Brasil em sua passagem pela Roland Berger Strategy Consultants. \u00c9 s\u00f3cio-diretor da Sun Mobi desde 2016 e coordenador do grupo de trabalho de gera\u00e7\u00e3o distribu\u00edda da ABSOLAR.<\/p>\n<p><strong>Moderador: <\/strong><\/p>\n<p><strong>Al\u00e9ssio Bento Borelli<\/strong><\/p>\n<p>Engenheiro Industrial, Modalidade El\u00e9trica formado pela Faculdade de Engenharia Industrial \u2013 FEI em 1973. Mestre em Energia pelo Instituto de Energia e Eletrot\u00e9cnica da Universidade de S\u00e3o Paulo (IEE\/USP). Fez os cr\u00e9ditos para doutorado na EPUSP, engenheiro consultor, pesquisador com v\u00e1rios projetos junto ANEEL e foi professor de Curso de Extens\u00e3o junto ao CEDIS da Escola de Engenharia Mackenzie. Foi presidente da Se\u00e7\u00e3o Sul Brasil do IEEE e presidente do Conselho Brasil, e \u00e9<em>\u00a0life senior member<\/em>\u00a0do IEEE. Foi conselheiro do CREA-SP na C\u00e2mara de El\u00e9trica. Atualmente \u00e9 Diretor do Departamento de Engenharia de Energia e Telecomunica\u00e7\u00f5es do Instituto de Engenharia de S\u00e3o Paulo, diretor do Deinfra da Fiesp e do Conselho Editorial da Revista do IE.<\/p>\n<p><strong>Apoio Institucional:<\/strong><\/p>\n<p><strong><img loading=\"lazy\" decoding=\"async\" class=\"alignnone size-full wp-image-34556\" src=\"https:\/\/www.institutodeengenharia.org.br\/site\/wp-content\/uploads\/2018\/04\/CREA-SP_vertical.jpg\" alt=\"\" width=\"150\" height=\"106\" srcset=\"https:\/\/www.institutodeengenharia.org.br\/site\/wp-content\/uploads\/2018\/04\/CREA-SP_vertical.jpg 150w, https:\/\/www.institutodeengenharia.org.br\/site\/wp-content\/uploads\/2018\/04\/CREA-SP_vertical-100x70.jpg 100w\" sizes=\"auto, (max-width: 150px) 100vw, 150px\" \/>\u00a0<\/strong><\/p>\n<p><strong>Realiza\u00e7\u00e3o:<\/strong><\/p>\n<p><strong>Eng. Jer\u00f4nimo Cabral Pereira Fagundes Neto <\/strong>\u2013 Vice-presidente de Atividades T\u00e9cnicas<\/p>\n<p><strong>Eng. Al\u00e9ssio Bento Borelli<\/strong> \u2013 Diretor do Departamento de Engenharia de Energia e Telecomunica\u00e7\u00f5es<\/p>\n","protected":false},"excerpt":{"rendered":"<p>Assista abaixo \u00e0 grava\u00e7\u00e3o: &nbsp; + Informa\u00e7\u00f5es: Abordagem: Apresenta\u00e7\u00e3o dos principais dados do setor e do mercado solar fotovoltaico no Brasil e no mundo; as mudan\u00e7as ocorridas com o in\u00edcio da pandemia e as expectativas de retorno das atividades e crescimento para os pr\u00f3ximos anos. P\u00fablico-alvo: Engenheiros, t\u00e9cnicos, estudantes e demais interessados. Palestrante: Guilherme Susteras [&hellip;]<\/p>\n","protected":false},"author":13,"featured_media":70965,"comment_status":"open","ping_status":"open","sticky":false,"template":"","format":"standard","meta":{"footnotes":""},"categories":[16,968,969],"tags":[],"class_list":{"0":"post-70964","1":"post","2":"type-post","3":"status-publish","4":"format-standard","5":"has-post-thumbnail","7":"category-departamento-desenvolvimento-de-tecnologia-industria-energia-e-telecomunicacoes","8":"category-nova-tv-engenharia","9":"category-palestra"},"yoast_head":"<!-- This site is optimized with the Yoast SEO plugin v27.2 - https:\/\/yoast.com\/product\/yoast-seo-wordpress\/ -->\n<title>Energia solar fotovoltaica p\u00f3s-pandemia no Brasil e no mundo - Instituto de Engenharia<\/title>\n<meta name=\"robots\" content=\"index, follow, max-snippet:-1, max-image-preview:large, max-video-preview:-1\" \/>\n<link rel=\"canonical\" href=\"https:\/\/www.institutodeengenharia.org.br\/site\/2020\/08\/18\/energia-solar-fotovoltaica-pos-pandemia-no-brasil-e-no-mundo\/\" \/>\n<meta property=\"og:locale\" content=\"pt_BR\" \/>\n<meta property=\"og:type\" content=\"article\" \/>\n<meta property=\"og:title\" content=\"Energia solar fotovoltaica p\u00f3s-pandemia no Brasil e no mundo - Instituto de Engenharia\" \/>\n<meta property=\"og:description\" content=\"Assista abaixo \u00e0 grava\u00e7\u00e3o: &nbsp; + Informa\u00e7\u00f5es: Abordagem: Apresenta\u00e7\u00e3o dos principais dados do setor e do mercado solar fotovoltaico no Brasil e no mundo; as mudan\u00e7as ocorridas com o in\u00edcio da pandemia e as expectativas de retorno das atividades e crescimento para os pr\u00f3ximos anos. P\u00fablico-alvo: Engenheiros, t\u00e9cnicos, estudantes e demais interessados. Palestrante: Guilherme Susteras [&hellip;]\" \/>\n<meta property=\"og:url\" content=\"https:\/\/www.institutodeengenharia.org.br\/site\/2020\/08\/18\/energia-solar-fotovoltaica-pos-pandemia-no-brasil-e-no-mundo\/\" \/>\n<meta property=\"og:site_name\" content=\"Instituto de Engenharia\" \/>\n<meta property=\"article:publisher\" content=\"https:\/\/www.facebook.com\/institutodeengenharia\" \/>\n<meta property=\"article:published_time\" content=\"2020-08-18T18:00:07+00:00\" \/>\n<meta property=\"article:modified_time\" content=\"2020-09-16T13:41:18+00:00\" \/>\n<meta property=\"og:image\" content=\"https:\/\/www.institutodeengenharia.org.br\/site\/wp-content\/uploads\/2020\/09\/placa-post-770x500.png\" \/>\n\t<meta property=\"og:image:width\" content=\"770\" \/>\n\t<meta property=\"og:image:height\" content=\"500\" \/>\n\t<meta property=\"og:image:type\" content=\"image\/png\" \/>\n<meta name=\"author\" content=\"Bianca\" \/>\n<meta name=\"twitter:card\" content=\"summary_large_image\" \/>\n<meta name=\"twitter:creator\" content=\"@iengenharia\" \/>\n<meta name=\"twitter:site\" content=\"@iengenharia\" \/>\n<meta name=\"twitter:label1\" content=\"Escrito por\" \/>\n\t<meta name=\"twitter:data1\" content=\"Bianca\" \/>\n\t<meta name=\"twitter:label2\" content=\"Est. tempo de leitura\" \/>\n\t<meta name=\"twitter:data2\" content=\"2 minutos\" \/>\n<script type=\"application\/ld+json\" class=\"yoast-schema-graph\">{\"@context\":\"https:\/\/schema.org\",\"@graph\":[{\"@type\":\"Article\",\"@id\":\"https:\/\/www.institutodeengenharia.org.br\/site\/2020\/08\/18\/energia-solar-fotovoltaica-pos-pandemia-no-brasil-e-no-mundo\/#article\",\"isPartOf\":{\"@id\":\"https:\/\/www.institutodeengenharia.org.br\/site\/2020\/08\/18\/energia-solar-fotovoltaica-pos-pandemia-no-brasil-e-no-mundo\/\"},\"author\":{\"name\":\"Bianca\",\"@id\":\"https:\/\/www.institutodeengenharia.org.br\/site\/#\/schema\/person\/aeb64951c405e100d26d30b033dd423f\"},\"headline\":\"Energia solar fotovoltaica p\u00f3s-pandemia no Brasil e no mundo\",\"datePublished\":\"2020-08-18T18:00:07+00:00\",\"dateModified\":\"2020-09-16T13:41:18+00:00\",\"mainEntityOfPage\":{\"@id\":\"https:\/\/www.institutodeengenharia.org.br\/site\/2020\/08\/18\/energia-solar-fotovoltaica-pos-pandemia-no-brasil-e-no-mundo\/\"},\"wordCount\":354,\"commentCount\":0,\"publisher\":{\"@id\":\"https:\/\/www.institutodeengenharia.org.br\/site\/#organization\"},\"image\":{\"@id\":\"https:\/\/www.institutodeengenharia.org.br\/site\/2020\/08\/18\/energia-solar-fotovoltaica-pos-pandemia-no-brasil-e-no-mundo\/#primaryimage\"},\"thumbnailUrl\":\"https:\/\/www.institutodeengenharia.org.br\/site\/wp-content\/uploads\/2020\/09\/placa-post-770x500.png\",\"articleSection\":[\"Departamento de Desenvolvimento de Tecnologia, Ind\u00fastria, Energia e Telecomunica\u00e7\u00f5es\",\"Nova TV Engenharia\",\"Palestra\"],\"inLanguage\":\"pt-BR\",\"potentialAction\":[{\"@type\":\"CommentAction\",\"name\":\"Comment\",\"target\":[\"https:\/\/www.institutodeengenharia.org.br\/site\/2020\/08\/18\/energia-solar-fotovoltaica-pos-pandemia-no-brasil-e-no-mundo\/#respond\"]}]},{\"@type\":\"WebPage\",\"@id\":\"https:\/\/www.institutodeengenharia.org.br\/site\/2020\/08\/18\/energia-solar-fotovoltaica-pos-pandemia-no-brasil-e-no-mundo\/\",\"url\":\"https:\/\/www.institutodeengenharia.org.br\/site\/2020\/08\/18\/energia-solar-fotovoltaica-pos-pandemia-no-brasil-e-no-mundo\/\",\"name\":\"Energia solar fotovoltaica p\u00f3s-pandemia no Brasil e no mundo - Instituto de Engenharia\",\"isPartOf\":{\"@id\":\"https:\/\/www.institutodeengenharia.org.br\/site\/#website\"},\"primaryImageOfPage\":{\"@id\":\"https:\/\/www.institutodeengenharia.org.br\/site\/2020\/08\/18\/energia-solar-fotovoltaica-pos-pandemia-no-brasil-e-no-mundo\/#primaryimage\"},\"image\":{\"@id\":\"https:\/\/www.institutodeengenharia.org.br\/site\/2020\/08\/18\/energia-solar-fotovoltaica-pos-pandemia-no-brasil-e-no-mundo\/#primaryimage\"},\"thumbnailUrl\":\"https:\/\/www.institutodeengenharia.org.br\/site\/wp-content\/uploads\/2020\/09\/placa-post-770x500.png\",\"datePublished\":\"2020-08-18T18:00:07+00:00\",\"dateModified\":\"2020-09-16T13:41:18+00:00\",\"breadcrumb\":{\"@id\":\"https:\/\/www.institutodeengenharia.org.br\/site\/2020\/08\/18\/energia-solar-fotovoltaica-pos-pandemia-no-brasil-e-no-mundo\/#breadcrumb\"},\"inLanguage\":\"pt-BR\",\"potentialAction\":[{\"@type\":\"ReadAction\",\"target\":[\"https:\/\/www.institutodeengenharia.org.br\/site\/2020\/08\/18\/energia-solar-fotovoltaica-pos-pandemia-no-brasil-e-no-mundo\/\"]}]},{\"@type\":\"ImageObject\",\"inLanguage\":\"pt-BR\",\"@id\":\"https:\/\/www.institutodeengenharia.org.br\/site\/2020\/08\/18\/energia-solar-fotovoltaica-pos-pandemia-no-brasil-e-no-mundo\/#primaryimage\",\"url\":\"https:\/\/www.institutodeengenharia.org.br\/site\/wp-content\/uploads\/2020\/09\/placa-post-770x500.png\",\"contentUrl\":\"https:\/\/www.institutodeengenharia.org.br\/site\/wp-content\/uploads\/2020\/09\/placa-post-770x500.png\",\"width\":770,\"height\":500},{\"@type\":\"BreadcrumbList\",\"@id\":\"https:\/\/www.institutodeengenharia.org.br\/site\/2020\/08\/18\/energia-solar-fotovoltaica-pos-pandemia-no-brasil-e-no-mundo\/#breadcrumb\",\"itemListElement\":[{\"@type\":\"ListItem\",\"position\":1,\"name\":\"In\u00edcio\",\"item\":\"https:\/\/www.institutodeengenharia.org.br\/site\/\"},{\"@type\":\"ListItem\",\"position\":2,\"name\":\"Energia solar fotovoltaica p\u00f3s-pandemia no Brasil e no mundo\"}]},{\"@type\":\"WebSite\",\"@id\":\"https:\/\/www.institutodeengenharia.org.br\/site\/#website\",\"url\":\"https:\/\/www.institutodeengenharia.org.br\/site\/\",\"name\":\"Instituto de Engenharia\",\"description\":\"O Instituto de Engenharia promove a Engenharia em benef\u00edcio do desenvolvimento e da qualidade de vida da sociedade.\",\"publisher\":{\"@id\":\"https:\/\/www.institutodeengenharia.org.br\/site\/#organization\"},\"potentialAction\":[{\"@type\":\"SearchAction\",\"target\":{\"@type\":\"EntryPoint\",\"urlTemplate\":\"https:\/\/www.institutodeengenharia.org.br\/site\/?s={search_term_string}\"},\"query-input\":{\"@type\":\"PropertyValueSpecification\",\"valueRequired\":true,\"valueName\":\"search_term_string\"}}],\"inLanguage\":\"pt-BR\"},{\"@type\":\"Organization\",\"@id\":\"https:\/\/www.institutodeengenharia.org.br\/site\/#organization\",\"name\":\"Instituto de Engenharia\",\"url\":\"https:\/\/www.institutodeengenharia.org.br\/site\/\",\"logo\":{\"@type\":\"ImageObject\",\"inLanguage\":\"pt-BR\",\"@id\":\"https:\/\/www.institutodeengenharia.org.br\/site\/#\/schema\/logo\/image\/\",\"url\":\"https:\/\/www.institutodeengenharia.org.br\/site\/wp-content\/uploads\/2019\/03\/logo-novo-IE2018-1.jpg\",\"contentUrl\":\"https:\/\/www.institutodeengenharia.org.br\/site\/wp-content\/uploads\/2019\/03\/logo-novo-IE2018-1.jpg\",\"width\":1486,\"height\":1879,\"caption\":\"Instituto de Engenharia\"},\"image\":{\"@id\":\"https:\/\/www.institutodeengenharia.org.br\/site\/#\/schema\/logo\/image\/\"},\"sameAs\":[\"https:\/\/www.facebook.com\/institutodeengenharia\",\"https:\/\/x.com\/iengenharia\",\"https:\/\/www.instagram.com\/institutodeengenharia\/\",\"https:\/\/www.linkedin.com\/company\/instituto-de-engenharia\/\",\"https:\/\/www.youtube.com\/channel\/UCXiCAlsSMe977vamW915HxA\"]},{\"@type\":\"Person\",\"@id\":\"https:\/\/www.institutodeengenharia.org.br\/site\/#\/schema\/person\/aeb64951c405e100d26d30b033dd423f\",\"name\":\"Bianca\",\"image\":{\"@type\":\"ImageObject\",\"inLanguage\":\"pt-BR\",\"@id\":\"https:\/\/secure.gravatar.com\/avatar\/a6fbe9bff57405baf4c1e2c5c1811e072b558253974a9f9508f4678900c97c2a?s=96&d=mm&r=g\",\"url\":\"https:\/\/secure.gravatar.com\/avatar\/a6fbe9bff57405baf4c1e2c5c1811e072b558253974a9f9508f4678900c97c2a?s=96&d=mm&r=g\",\"contentUrl\":\"https:\/\/secure.gravatar.com\/avatar\/a6fbe9bff57405baf4c1e2c5c1811e072b558253974a9f9508f4678900c97c2a?s=96&d=mm&r=g\",\"caption\":\"Bianca\"},\"url\":\"https:\/\/www.institutodeengenharia.org.br\/site\/author\/comunicacao1\/\"}]}<\/script>\n<!-- \/ Yoast SEO plugin. -->","yoast_head_json":{"title":"Energia solar fotovoltaica p\u00f3s-pandemia no Brasil e no mundo - Instituto de Engenharia","robots":{"index":"index","follow":"follow","max-snippet":"max-snippet:-1","max-image-preview":"max-image-preview:large","max-video-preview":"max-video-preview:-1"},"canonical":"https:\/\/www.institutodeengenharia.org.br\/site\/2020\/08\/18\/energia-solar-fotovoltaica-pos-pandemia-no-brasil-e-no-mundo\/","og_locale":"pt_BR","og_type":"article","og_title":"Energia solar fotovoltaica p\u00f3s-pandemia no Brasil e no mundo - Instituto de Engenharia","og_description":"Assista abaixo \u00e0 grava\u00e7\u00e3o: &nbsp; + Informa\u00e7\u00f5es: Abordagem: Apresenta\u00e7\u00e3o dos principais dados do setor e do mercado solar fotovoltaico no Brasil e no mundo; as mudan\u00e7as ocorridas com o in\u00edcio da pandemia e as expectativas de retorno das atividades e crescimento para os pr\u00f3ximos anos. P\u00fablico-alvo: Engenheiros, t\u00e9cnicos, estudantes e demais interessados. Palestrante: Guilherme Susteras [&hellip;]","og_url":"https:\/\/www.institutodeengenharia.org.br\/site\/2020\/08\/18\/energia-solar-fotovoltaica-pos-pandemia-no-brasil-e-no-mundo\/","og_site_name":"Instituto de Engenharia","article_publisher":"https:\/\/www.facebook.com\/institutodeengenharia","article_published_time":"2020-08-18T18:00:07+00:00","article_modified_time":"2020-09-16T13:41:18+00:00","og_image":[{"width":770,"height":500,"url":"https:\/\/www.institutodeengenharia.org.br\/site\/wp-content\/uploads\/2020\/09\/placa-post-770x500.png","type":"image\/png"}],"author":"Bianca","twitter_card":"summary_large_image","twitter_creator":"@iengenharia","twitter_site":"@iengenharia","twitter_misc":{"Escrito por":"Bianca","Est. tempo de leitura":"2 minutos"},"schema":{"@context":"https:\/\/schema.org","@graph":[{"@type":"Article","@id":"https:\/\/www.institutodeengenharia.org.br\/site\/2020\/08\/18\/energia-solar-fotovoltaica-pos-pandemia-no-brasil-e-no-mundo\/#article","isPartOf":{"@id":"https:\/\/www.institutodeengenharia.org.br\/site\/2020\/08\/18\/energia-solar-fotovoltaica-pos-pandemia-no-brasil-e-no-mundo\/"},"author":{"name":"Bianca","@id":"https:\/\/www.institutodeengenharia.org.br\/site\/#\/schema\/person\/aeb64951c405e100d26d30b033dd423f"},"headline":"Energia solar fotovoltaica p\u00f3s-pandemia no Brasil e no mundo","datePublished":"2020-08-18T18:00:07+00:00","dateModified":"2020-09-16T13:41:18+00:00","mainEntityOfPage":{"@id":"https:\/\/www.institutodeengenharia.org.br\/site\/2020\/08\/18\/energia-solar-fotovoltaica-pos-pandemia-no-brasil-e-no-mundo\/"},"wordCount":354,"commentCount":0,"publisher":{"@id":"https:\/\/www.institutodeengenharia.org.br\/site\/#organization"},"image":{"@id":"https:\/\/www.institutodeengenharia.org.br\/site\/2020\/08\/18\/energia-solar-fotovoltaica-pos-pandemia-no-brasil-e-no-mundo\/#primaryimage"},"thumbnailUrl":"https:\/\/www.institutodeengenharia.org.br\/site\/wp-content\/uploads\/2020\/09\/placa-post-770x500.png","articleSection":["Departamento de Desenvolvimento de Tecnologia, Ind\u00fastria, Energia e Telecomunica\u00e7\u00f5es","Nova TV Engenharia","Palestra"],"inLanguage":"pt-BR","potentialAction":[{"@type":"CommentAction","name":"Comment","target":["https:\/\/www.institutodeengenharia.org.br\/site\/2020\/08\/18\/energia-solar-fotovoltaica-pos-pandemia-no-brasil-e-no-mundo\/#respond"]}]},{"@type":"WebPage","@id":"https:\/\/www.institutodeengenharia.org.br\/site\/2020\/08\/18\/energia-solar-fotovoltaica-pos-pandemia-no-brasil-e-no-mundo\/","url":"https:\/\/www.institutodeengenharia.org.br\/site\/2020\/08\/18\/energia-solar-fotovoltaica-pos-pandemia-no-brasil-e-no-mundo\/","name":"Energia solar fotovoltaica p\u00f3s-pandemia no Brasil e no mundo - Instituto de Engenharia","isPartOf":{"@id":"https:\/\/www.institutodeengenharia.org.br\/site\/#website"},"primaryImageOfPage":{"@id":"https:\/\/www.institutodeengenharia.org.br\/site\/2020\/08\/18\/energia-solar-fotovoltaica-pos-pandemia-no-brasil-e-no-mundo\/#primaryimage"},"image":{"@id":"https:\/\/www.institutodeengenharia.org.br\/site\/2020\/08\/18\/energia-solar-fotovoltaica-pos-pandemia-no-brasil-e-no-mundo\/#primaryimage"},"thumbnailUrl":"https:\/\/www.institutodeengenharia.org.br\/site\/wp-content\/uploads\/2020\/09\/placa-post-770x500.png","datePublished":"2020-08-18T18:00:07+00:00","dateModified":"2020-09-16T13:41:18+00:00","breadcrumb":{"@id":"https:\/\/www.institutodeengenharia.org.br\/site\/2020\/08\/18\/energia-solar-fotovoltaica-pos-pandemia-no-brasil-e-no-mundo\/#breadcrumb"},"inLanguage":"pt-BR","potentialAction":[{"@type":"ReadAction","target":["https:\/\/www.institutodeengenharia.org.br\/site\/2020\/08\/18\/energia-solar-fotovoltaica-pos-pandemia-no-brasil-e-no-mundo\/"]}]},{"@type":"ImageObject","inLanguage":"pt-BR","@id":"https:\/\/www.institutodeengenharia.org.br\/site\/2020\/08\/18\/energia-solar-fotovoltaica-pos-pandemia-no-brasil-e-no-mundo\/#primaryimage","url":"https:\/\/www.institutodeengenharia.org.br\/site\/wp-content\/uploads\/2020\/09\/placa-post-770x500.png","contentUrl":"https:\/\/www.institutodeengenharia.org.br\/site\/wp-content\/uploads\/2020\/09\/placa-post-770x500.png","width":770,"height":500},{"@type":"BreadcrumbList","@id":"https:\/\/www.institutodeengenharia.org.br\/site\/2020\/08\/18\/energia-solar-fotovoltaica-pos-pandemia-no-brasil-e-no-mundo\/#breadcrumb","itemListElement":[{"@type":"ListItem","position":1,"name":"In\u00edcio","item":"https:\/\/www.institutodeengenharia.org.br\/site\/"},{"@type":"ListItem","position":2,"name":"Energia solar fotovoltaica p\u00f3s-pandemia no Brasil e no mundo"}]},{"@type":"WebSite","@id":"https:\/\/www.institutodeengenharia.org.br\/site\/#website","url":"https:\/\/www.institutodeengenharia.org.br\/site\/","name":"Instituto de Engenharia","description":"O Instituto de Engenharia promove a Engenharia em benef\u00edcio do desenvolvimento e da qualidade de vida da sociedade.","publisher":{"@id":"https:\/\/www.institutodeengenharia.org.br\/site\/#organization"},"potentialAction":[{"@type":"SearchAction","target":{"@type":"EntryPoint","urlTemplate":"https:\/\/www.institutodeengenharia.org.br\/site\/?s={search_term_string}"},"query-input":{"@type":"PropertyValueSpecification","valueRequired":true,"valueName":"search_term_string"}}],"inLanguage":"pt-BR"},{"@type":"Organization","@id":"https:\/\/www.institutodeengenharia.org.br\/site\/#organization","name":"Instituto de Engenharia","url":"https:\/\/www.institutodeengenharia.org.br\/site\/","logo":{"@type":"ImageObject","inLanguage":"pt-BR","@id":"https:\/\/www.institutodeengenharia.org.br\/site\/#\/schema\/logo\/image\/","url":"https:\/\/www.institutodeengenharia.org.br\/site\/wp-content\/uploads\/2019\/03\/logo-novo-IE2018-1.jpg","contentUrl":"https:\/\/www.institutodeengenharia.org.br\/site\/wp-content\/uploads\/2019\/03\/logo-novo-IE2018-1.jpg","width":1486,"height":1879,"caption":"Instituto de Engenharia"},"image":{"@id":"https:\/\/www.institutodeengenharia.org.br\/site\/#\/schema\/logo\/image\/"},"sameAs":["https:\/\/www.facebook.com\/institutodeengenharia","https:\/\/x.com\/iengenharia","https:\/\/www.instagram.com\/institutodeengenharia\/","https:\/\/www.linkedin.com\/company\/instituto-de-engenharia\/","https:\/\/www.youtube.com\/channel\/UCXiCAlsSMe977vamW915HxA"]},{"@type":"Person","@id":"https:\/\/www.institutodeengenharia.org.br\/site\/#\/schema\/person\/aeb64951c405e100d26d30b033dd423f","name":"Bianca","image":{"@type":"ImageObject","inLanguage":"pt-BR","@id":"https:\/\/secure.gravatar.com\/avatar\/a6fbe9bff57405baf4c1e2c5c1811e072b558253974a9f9508f4678900c97c2a?s=96&d=mm&r=g","url":"https:\/\/secure.gravatar.com\/avatar\/a6fbe9bff57405baf4c1e2c5c1811e072b558253974a9f9508f4678900c97c2a?s=96&d=mm&r=g","contentUrl":"https:\/\/secure.gravatar.com\/avatar\/a6fbe9bff57405baf4c1e2c5c1811e072b558253974a9f9508f4678900c97c2a?s=96&d=mm&r=g","caption":"Bianca"},"url":"https:\/\/www.institutodeengenharia.org.br\/site\/author\/comunicacao1\/"}]}},"_links":{"self":[{"href":"https:\/\/www.institutodeengenharia.org.br\/site\/wp-json\/wp\/v2\/posts\/70964","targetHints":{"allow":["GET"]}}],"collection":[{"href":"https:\/\/www.institutodeengenharia.org.br\/site\/wp-json\/wp\/v2\/posts"}],"about":[{"href":"https:\/\/www.institutodeengenharia.org.br\/site\/wp-json\/wp\/v2\/types\/post"}],"author":[{"embeddable":true,"href":"https:\/\/www.institutodeengenharia.org.br\/site\/wp-json\/wp\/v2\/users\/13"}],"replies":[{"embeddable":true,"href":"https:\/\/www.institutodeengenharia.org.br\/site\/wp-json\/wp\/v2\/comments?post=70964"}],"version-history":[{"count":1,"href":"https:\/\/www.institutodeengenharia.org.br\/site\/wp-json\/wp\/v2\/posts\/70964\/revisions"}],"predecessor-version":[{"id":70966,"href":"https:\/\/www.institutodeengenharia.org.br\/site\/wp-json\/wp\/v2\/posts\/70964\/revisions\/70966"}],"wp:featuredmedia":[{"embeddable":true,"href":"https:\/\/www.institutodeengenharia.org.br\/site\/wp-json\/wp\/v2\/media\/70965"}],"wp:attachment":[{"href":"https:\/\/www.institutodeengenharia.org.br\/site\/wp-json\/wp\/v2\/media?parent=70964"}],"wp:term":[{"taxonomy":"category","embeddable":true,"href":"https:\/\/www.institutodeengenharia.org.br\/site\/wp-json\/wp\/v2\/categories?post=70964"},{"taxonomy":"post_tag","embeddable":true,"href":"https:\/\/www.institutodeengenharia.org.br\/site\/wp-json\/wp\/v2\/tags?post=70964"}],"curies":[{"name":"wp","href":"https:\/\/api.w.org\/{rel}","templated":true}]}}