{"id":70673,"date":"2020-08-13T18:00:36","date_gmt":"2020-08-13T21:00:36","guid":{"rendered":"https:\/\/www.institutodeengenharia.org.br\/site\/?p=70673"},"modified":"2020-09-10T15:06:24","modified_gmt":"2020-09-10T18:06:24","slug":"material-tecnico-patologia-das-instalacoes-eletricas-de-baixa-tensao","status":"publish","type":"post","link":"https:\/\/www.institutodeengenharia.org.br\/site\/2020\/08\/13\/material-tecnico-patologia-das-instalacoes-eletricas-de-baixa-tensao\/","title":{"rendered":"Material T\u00e9cnico &#8211; Patologia das instala\u00e7\u00f5es el\u00e9tricas de baixa tens\u00e3o"},"content":{"rendered":"<p>Palestra ministrada por\u00a0<strong>Paulo E. Q. M. Barreto<\/strong><br \/>\nE moderada por\u00a0<strong>Al\u00e9ssio Bento Borelli<\/strong><\/p>\n<p><a href=\"https:\/\/www.institutodeengenharia.org.br\/site\/wp-content\/uploads\/2020\/09\/200813-59dt.El\u00e9tricas.pdf\" target=\"_blank\" rel=\"noopener\">Clique e confira o material t\u00e9cnico<\/a><\/p>\n<p><a href=\"https:\/\/www.institutodeengenharia.org.br\/site\/wp-content\/uploads\/2020\/08\/Cobertura-e-An\u00e1lise-de-Evento-Palestra-Eng.-Barreto-13-Ago-2020-1.pdf\" target=\"_blank\" rel=\"noopener\">Clique e confira a cobertura e an\u00e1lise do evento<\/a><\/p>\n<p>&nbsp;<\/p>\n<p><strong>Realiza\u00e7\u00e3o:<\/strong><\/p>\n<p><strong>Eng. Jer\u00f4nimo Cabral Pereira Fagundes Neto <\/strong>\u2013 Vice-presidente de Atividades T\u00e9cnicas<\/p>\n<p><strong>Eng. Al\u00e9ssio Bento Borelli<\/strong> \u2013 Diretor do Departamento de Engenharia de Energia e Telecomunica\u00e7\u00f5es<\/p>\n<p><strong>Eng. Paulo E. Q. M. Barreto <\/strong>\u2013 Coordenador da Divis\u00e3o de Instala\u00e7\u00f5es El\u00e9tricas<\/p>\n","protected":false},"excerpt":{"rendered":"<p>Palestra ministrada por\u00a0Paulo E. Q. M. Barreto E moderada por\u00a0Al\u00e9ssio Bento Borelli Clique e confira o material t\u00e9cnico Clique e confira a cobertura e an\u00e1lise do evento &nbsp; Realiza\u00e7\u00e3o: Eng. Jer\u00f4nimo Cabral Pereira Fagundes Neto \u2013 Vice-presidente de Atividades T\u00e9cnicas Eng. Al\u00e9ssio Bento Borelli \u2013 Diretor do Departamento de Engenharia de Energia e Telecomunica\u00e7\u00f5es Eng. [&hellip;]<\/p>\n","protected":false},"author":13,"featured_media":70675,"comment_status":"open","ping_status":"open","sticky":false,"template":"","format":"standard","meta":{"footnotes":""},"categories":[16,60,119],"tags":[],"class_list":{"0":"post-70673","1":"post","2":"type-post","3":"status-publish","4":"format-standard","5":"has-post-thumbnail","7":"category-departamento-desenvolvimento-de-tecnologia-industria-energia-e-telecomunicacoes","8":"category-divisao-tecnica-sistemas","9":"category-publicacoes-tecnicas"},"yoast_head":"<!-- This site is optimized with the Yoast SEO plugin v27.2 - https:\/\/yoast.com\/product\/yoast-seo-wordpress\/ -->\n<title>Material T\u00e9cnico - Patologia das instala\u00e7\u00f5es el\u00e9tricas de baixa tens\u00e3o - Instituto de Engenharia<\/title>\n<meta name=\"robots\" content=\"index, follow, max-snippet:-1, max-image-preview:large, max-video-preview:-1\" \/>\n<link rel=\"canonical\" href=\"https:\/\/www.institutodeengenharia.org.br\/site\/2020\/08\/13\/material-tecnico-patologia-das-instalacoes-eletricas-de-baixa-tensao\/\" \/>\n<meta property=\"og:locale\" content=\"pt_BR\" \/>\n<meta property=\"og:type\" content=\"article\" \/>\n<meta property=\"og:title\" content=\"Material T\u00e9cnico - Patologia das instala\u00e7\u00f5es el\u00e9tricas de baixa tens\u00e3o - Instituto de Engenharia\" \/>\n<meta property=\"og:description\" content=\"Palestra ministrada por\u00a0Paulo E. Q. M. Barreto E moderada por\u00a0Al\u00e9ssio Bento Borelli Clique e confira o material t\u00e9cnico Clique e confira a cobertura e an\u00e1lise do evento &nbsp; Realiza\u00e7\u00e3o: Eng. Jer\u00f4nimo Cabral Pereira Fagundes Neto \u2013 Vice-presidente de Atividades T\u00e9cnicas Eng. Al\u00e9ssio Bento Borelli \u2013 Diretor do Departamento de Engenharia de Energia e Telecomunica\u00e7\u00f5es Eng. [&hellip;]\" \/>\n<meta property=\"og:url\" content=\"https:\/\/www.institutodeengenharia.org.br\/site\/2020\/08\/13\/material-tecnico-patologia-das-instalacoes-eletricas-de-baixa-tensao\/\" \/>\n<meta property=\"og:site_name\" content=\"Instituto de Engenharia\" \/>\n<meta property=\"article:publisher\" content=\"https:\/\/www.facebook.com\/institutodeengenharia\" \/>\n<meta property=\"article:published_time\" content=\"2020-08-13T21:00:36+00:00\" \/>\n<meta property=\"article:modified_time\" content=\"2020-09-10T18:06:24+00:00\" \/>\n<meta property=\"og:image\" content=\"https:\/\/www.institutodeengenharia.org.br\/site\/wp-content\/uploads\/2020\/09\/6b26712a6c82-o00x204n66tbukpyzutymjv5q5gzxkmk7s5kxjepqo.jpg\" \/>\n\t<meta property=\"og:image:width\" content=\"738\" \/>\n\t<meta property=\"og:image:height\" content=\"520\" \/>\n\t<meta property=\"og:image:type\" content=\"image\/jpeg\" \/>\n<meta name=\"author\" content=\"Bianca\" \/>\n<meta name=\"twitter:card\" content=\"summary_large_image\" \/>\n<meta name=\"twitter:creator\" content=\"@iengenharia\" \/>\n<meta name=\"twitter:site\" content=\"@iengenharia\" \/>\n<meta name=\"twitter:label1\" content=\"Escrito por\" \/>\n\t<meta name=\"twitter:data1\" content=\"Bianca\" \/>\n<script type=\"application\/ld+json\" class=\"yoast-schema-graph\">{\"@context\":\"https:\/\/schema.org\",\"@graph\":[{\"@type\":\"Article\",\"@id\":\"https:\/\/www.institutodeengenharia.org.br\/site\/2020\/08\/13\/material-tecnico-patologia-das-instalacoes-eletricas-de-baixa-tensao\/#article\",\"isPartOf\":{\"@id\":\"https:\/\/www.institutodeengenharia.org.br\/site\/2020\/08\/13\/material-tecnico-patologia-das-instalacoes-eletricas-de-baixa-tensao\/\"},\"author\":{\"name\":\"Bianca\",\"@id\":\"https:\/\/www.institutodeengenharia.org.br\/site\/#\/schema\/person\/aeb64951c405e100d26d30b033dd423f\"},\"headline\":\"Material T\u00e9cnico &#8211; Patologia das instala\u00e7\u00f5es el\u00e9tricas de baixa tens\u00e3o\",\"datePublished\":\"2020-08-13T21:00:36+00:00\",\"dateModified\":\"2020-09-10T18:06:24+00:00\",\"mainEntityOfPage\":{\"@id\":\"https:\/\/www.institutodeengenharia.org.br\/site\/2020\/08\/13\/material-tecnico-patologia-das-instalacoes-eletricas-de-baixa-tensao\/\"},\"wordCount\":91,\"commentCount\":0,\"publisher\":{\"@id\":\"https:\/\/www.institutodeengenharia.org.br\/site\/#organization\"},\"image\":{\"@id\":\"https:\/\/www.institutodeengenharia.org.br\/site\/2020\/08\/13\/material-tecnico-patologia-das-instalacoes-eletricas-de-baixa-tensao\/#primaryimage\"},\"thumbnailUrl\":\"https:\/\/www.institutodeengenharia.org.br\/site\/wp-content\/uploads\/2020\/09\/6b26712a6c82-o00x204n66tbukpyzutymjv5q5gzxkmk7s5kxjepqo.jpg\",\"articleSection\":[\"Departamento de Desenvolvimento de Tecnologia, Ind\u00fastria, Energia e Telecomunica\u00e7\u00f5es\",\"Divis\u00e3o T\u00e9cnica Sistemas\",\"Publica\u00e7\u00f5es T\u00e9cnicas\"],\"inLanguage\":\"pt-BR\",\"potentialAction\":[{\"@type\":\"CommentAction\",\"name\":\"Comment\",\"target\":[\"https:\/\/www.institutodeengenharia.org.br\/site\/2020\/08\/13\/material-tecnico-patologia-das-instalacoes-eletricas-de-baixa-tensao\/#respond\"]}]},{\"@type\":\"WebPage\",\"@id\":\"https:\/\/www.institutodeengenharia.org.br\/site\/2020\/08\/13\/material-tecnico-patologia-das-instalacoes-eletricas-de-baixa-tensao\/\",\"url\":\"https:\/\/www.institutodeengenharia.org.br\/site\/2020\/08\/13\/material-tecnico-patologia-das-instalacoes-eletricas-de-baixa-tensao\/\",\"name\":\"Material T\u00e9cnico - Patologia das instala\u00e7\u00f5es el\u00e9tricas de baixa tens\u00e3o - Instituto de Engenharia\",\"isPartOf\":{\"@id\":\"https:\/\/www.institutodeengenharia.org.br\/site\/#website\"},\"primaryImageOfPage\":{\"@id\":\"https:\/\/www.institutodeengenharia.org.br\/site\/2020\/08\/13\/material-tecnico-patologia-das-instalacoes-eletricas-de-baixa-tensao\/#primaryimage\"},\"image\":{\"@id\":\"https:\/\/www.institutodeengenharia.org.br\/site\/2020\/08\/13\/material-tecnico-patologia-das-instalacoes-eletricas-de-baixa-tensao\/#primaryimage\"},\"thumbnailUrl\":\"https:\/\/www.institutodeengenharia.org.br\/site\/wp-content\/uploads\/2020\/09\/6b26712a6c82-o00x204n66tbukpyzutymjv5q5gzxkmk7s5kxjepqo.jpg\",\"datePublished\":\"2020-08-13T21:00:36+00:00\",\"dateModified\":\"2020-09-10T18:06:24+00:00\",\"breadcrumb\":{\"@id\":\"https:\/\/www.institutodeengenharia.org.br\/site\/2020\/08\/13\/material-tecnico-patologia-das-instalacoes-eletricas-de-baixa-tensao\/#breadcrumb\"},\"inLanguage\":\"pt-BR\",\"potentialAction\":[{\"@type\":\"ReadAction\",\"target\":[\"https:\/\/www.institutodeengenharia.org.br\/site\/2020\/08\/13\/material-tecnico-patologia-das-instalacoes-eletricas-de-baixa-tensao\/\"]}]},{\"@type\":\"ImageObject\",\"inLanguage\":\"pt-BR\",\"@id\":\"https:\/\/www.institutodeengenharia.org.br\/site\/2020\/08\/13\/material-tecnico-patologia-das-instalacoes-eletricas-de-baixa-tensao\/#primaryimage\",\"url\":\"https:\/\/www.institutodeengenharia.org.br\/site\/wp-content\/uploads\/2020\/09\/6b26712a6c82-o00x204n66tbukpyzutymjv5q5gzxkmk7s5kxjepqo.jpg\",\"contentUrl\":\"https:\/\/www.institutodeengenharia.org.br\/site\/wp-content\/uploads\/2020\/09\/6b26712a6c82-o00x204n66tbukpyzutymjv5q5gzxkmk7s5kxjepqo.jpg\",\"width\":738,\"height\":520},{\"@type\":\"BreadcrumbList\",\"@id\":\"https:\/\/www.institutodeengenharia.org.br\/site\/2020\/08\/13\/material-tecnico-patologia-das-instalacoes-eletricas-de-baixa-tensao\/#breadcrumb\",\"itemListElement\":[{\"@type\":\"ListItem\",\"position\":1,\"name\":\"In\u00edcio\",\"item\":\"https:\/\/www.institutodeengenharia.org.br\/site\/\"},{\"@type\":\"ListItem\",\"position\":2,\"name\":\"Material T\u00e9cnico &#8211; Patologia das instala\u00e7\u00f5es el\u00e9tricas de baixa tens\u00e3o\"}]},{\"@type\":\"WebSite\",\"@id\":\"https:\/\/www.institutodeengenharia.org.br\/site\/#website\",\"url\":\"https:\/\/www.institutodeengenharia.org.br\/site\/\",\"name\":\"Instituto de Engenharia\",\"description\":\"O Instituto de Engenharia promove a Engenharia em benef\u00edcio do desenvolvimento e da qualidade de vida da sociedade.\",\"publisher\":{\"@id\":\"https:\/\/www.institutodeengenharia.org.br\/site\/#organization\"},\"potentialAction\":[{\"@type\":\"SearchAction\",\"target\":{\"@type\":\"EntryPoint\",\"urlTemplate\":\"https:\/\/www.institutodeengenharia.org.br\/site\/?s={search_term_string}\"},\"query-input\":{\"@type\":\"PropertyValueSpecification\",\"valueRequired\":true,\"valueName\":\"search_term_string\"}}],\"inLanguage\":\"pt-BR\"},{\"@type\":\"Organization\",\"@id\":\"https:\/\/www.institutodeengenharia.org.br\/site\/#organization\",\"name\":\"Instituto de Engenharia\",\"url\":\"https:\/\/www.institutodeengenharia.org.br\/site\/\",\"logo\":{\"@type\":\"ImageObject\",\"inLanguage\":\"pt-BR\",\"@id\":\"https:\/\/www.institutodeengenharia.org.br\/site\/#\/schema\/logo\/image\/\",\"url\":\"https:\/\/www.institutodeengenharia.org.br\/site\/wp-content\/uploads\/2019\/03\/logo-novo-IE2018-1.jpg\",\"contentUrl\":\"https:\/\/www.institutodeengenharia.org.br\/site\/wp-content\/uploads\/2019\/03\/logo-novo-IE2018-1.jpg\",\"width\":1486,\"height\":1879,\"caption\":\"Instituto de Engenharia\"},\"image\":{\"@id\":\"https:\/\/www.institutodeengenharia.org.br\/site\/#\/schema\/logo\/image\/\"},\"sameAs\":[\"https:\/\/www.facebook.com\/institutodeengenharia\",\"https:\/\/x.com\/iengenharia\",\"https:\/\/www.instagram.com\/institutodeengenharia\/\",\"https:\/\/www.linkedin.com\/company\/instituto-de-engenharia\/\",\"https:\/\/www.youtube.com\/channel\/UCXiCAlsSMe977vamW915HxA\"]},{\"@type\":\"Person\",\"@id\":\"https:\/\/www.institutodeengenharia.org.br\/site\/#\/schema\/person\/aeb64951c405e100d26d30b033dd423f\",\"name\":\"Bianca\",\"image\":{\"@type\":\"ImageObject\",\"inLanguage\":\"pt-BR\",\"@id\":\"https:\/\/secure.gravatar.com\/avatar\/a6fbe9bff57405baf4c1e2c5c1811e072b558253974a9f9508f4678900c97c2a?s=96&d=mm&r=g\",\"url\":\"https:\/\/secure.gravatar.com\/avatar\/a6fbe9bff57405baf4c1e2c5c1811e072b558253974a9f9508f4678900c97c2a?s=96&d=mm&r=g\",\"contentUrl\":\"https:\/\/secure.gravatar.com\/avatar\/a6fbe9bff57405baf4c1e2c5c1811e072b558253974a9f9508f4678900c97c2a?s=96&d=mm&r=g\",\"caption\":\"Bianca\"},\"url\":\"https:\/\/www.institutodeengenharia.org.br\/site\/author\/comunicacao1\/\"}]}<\/script>\n<!-- \/ Yoast SEO plugin. -->","yoast_head_json":{"title":"Material T\u00e9cnico - Patologia das instala\u00e7\u00f5es el\u00e9tricas de baixa tens\u00e3o - Instituto de Engenharia","robots":{"index":"index","follow":"follow","max-snippet":"max-snippet:-1","max-image-preview":"max-image-preview:large","max-video-preview":"max-video-preview:-1"},"canonical":"https:\/\/www.institutodeengenharia.org.br\/site\/2020\/08\/13\/material-tecnico-patologia-das-instalacoes-eletricas-de-baixa-tensao\/","og_locale":"pt_BR","og_type":"article","og_title":"Material T\u00e9cnico - Patologia das instala\u00e7\u00f5es el\u00e9tricas de baixa tens\u00e3o - Instituto de Engenharia","og_description":"Palestra ministrada por\u00a0Paulo E. Q. M. Barreto E moderada por\u00a0Al\u00e9ssio Bento Borelli Clique e confira o material t\u00e9cnico Clique e confira a cobertura e an\u00e1lise do evento &nbsp; Realiza\u00e7\u00e3o: Eng. Jer\u00f4nimo Cabral Pereira Fagundes Neto \u2013 Vice-presidente de Atividades T\u00e9cnicas Eng. Al\u00e9ssio Bento Borelli \u2013 Diretor do Departamento de Engenharia de Energia e Telecomunica\u00e7\u00f5es Eng. [&hellip;]","og_url":"https:\/\/www.institutodeengenharia.org.br\/site\/2020\/08\/13\/material-tecnico-patologia-das-instalacoes-eletricas-de-baixa-tensao\/","og_site_name":"Instituto de Engenharia","article_publisher":"https:\/\/www.facebook.com\/institutodeengenharia","article_published_time":"2020-08-13T21:00:36+00:00","article_modified_time":"2020-09-10T18:06:24+00:00","og_image":[{"width":738,"height":520,"url":"https:\/\/www.institutodeengenharia.org.br\/site\/wp-content\/uploads\/2020\/09\/6b26712a6c82-o00x204n66tbukpyzutymjv5q5gzxkmk7s5kxjepqo.jpg","type":"image\/jpeg"}],"author":"Bianca","twitter_card":"summary_large_image","twitter_creator":"@iengenharia","twitter_site":"@iengenharia","twitter_misc":{"Escrito por":"Bianca"},"schema":{"@context":"https:\/\/schema.org","@graph":[{"@type":"Article","@id":"https:\/\/www.institutodeengenharia.org.br\/site\/2020\/08\/13\/material-tecnico-patologia-das-instalacoes-eletricas-de-baixa-tensao\/#article","isPartOf":{"@id":"https:\/\/www.institutodeengenharia.org.br\/site\/2020\/08\/13\/material-tecnico-patologia-das-instalacoes-eletricas-de-baixa-tensao\/"},"author":{"name":"Bianca","@id":"https:\/\/www.institutodeengenharia.org.br\/site\/#\/schema\/person\/aeb64951c405e100d26d30b033dd423f"},"headline":"Material T\u00e9cnico &#8211; Patologia das instala\u00e7\u00f5es el\u00e9tricas de baixa tens\u00e3o","datePublished":"2020-08-13T21:00:36+00:00","dateModified":"2020-09-10T18:06:24+00:00","mainEntityOfPage":{"@id":"https:\/\/www.institutodeengenharia.org.br\/site\/2020\/08\/13\/material-tecnico-patologia-das-instalacoes-eletricas-de-baixa-tensao\/"},"wordCount":91,"commentCount":0,"publisher":{"@id":"https:\/\/www.institutodeengenharia.org.br\/site\/#organization"},"image":{"@id":"https:\/\/www.institutodeengenharia.org.br\/site\/2020\/08\/13\/material-tecnico-patologia-das-instalacoes-eletricas-de-baixa-tensao\/#primaryimage"},"thumbnailUrl":"https:\/\/www.institutodeengenharia.org.br\/site\/wp-content\/uploads\/2020\/09\/6b26712a6c82-o00x204n66tbukpyzutymjv5q5gzxkmk7s5kxjepqo.jpg","articleSection":["Departamento de Desenvolvimento de Tecnologia, Ind\u00fastria, Energia e Telecomunica\u00e7\u00f5es","Divis\u00e3o T\u00e9cnica Sistemas","Publica\u00e7\u00f5es T\u00e9cnicas"],"inLanguage":"pt-BR","potentialAction":[{"@type":"CommentAction","name":"Comment","target":["https:\/\/www.institutodeengenharia.org.br\/site\/2020\/08\/13\/material-tecnico-patologia-das-instalacoes-eletricas-de-baixa-tensao\/#respond"]}]},{"@type":"WebPage","@id":"https:\/\/www.institutodeengenharia.org.br\/site\/2020\/08\/13\/material-tecnico-patologia-das-instalacoes-eletricas-de-baixa-tensao\/","url":"https:\/\/www.institutodeengenharia.org.br\/site\/2020\/08\/13\/material-tecnico-patologia-das-instalacoes-eletricas-de-baixa-tensao\/","name":"Material T\u00e9cnico - Patologia das instala\u00e7\u00f5es el\u00e9tricas de baixa tens\u00e3o - Instituto de Engenharia","isPartOf":{"@id":"https:\/\/www.institutodeengenharia.org.br\/site\/#website"},"primaryImageOfPage":{"@id":"https:\/\/www.institutodeengenharia.org.br\/site\/2020\/08\/13\/material-tecnico-patologia-das-instalacoes-eletricas-de-baixa-tensao\/#primaryimage"},"image":{"@id":"https:\/\/www.institutodeengenharia.org.br\/site\/2020\/08\/13\/material-tecnico-patologia-das-instalacoes-eletricas-de-baixa-tensao\/#primaryimage"},"thumbnailUrl":"https:\/\/www.institutodeengenharia.org.br\/site\/wp-content\/uploads\/2020\/09\/6b26712a6c82-o00x204n66tbukpyzutymjv5q5gzxkmk7s5kxjepqo.jpg","datePublished":"2020-08-13T21:00:36+00:00","dateModified":"2020-09-10T18:06:24+00:00","breadcrumb":{"@id":"https:\/\/www.institutodeengenharia.org.br\/site\/2020\/08\/13\/material-tecnico-patologia-das-instalacoes-eletricas-de-baixa-tensao\/#breadcrumb"},"inLanguage":"pt-BR","potentialAction":[{"@type":"ReadAction","target":["https:\/\/www.institutodeengenharia.org.br\/site\/2020\/08\/13\/material-tecnico-patologia-das-instalacoes-eletricas-de-baixa-tensao\/"]}]},{"@type":"ImageObject","inLanguage":"pt-BR","@id":"https:\/\/www.institutodeengenharia.org.br\/site\/2020\/08\/13\/material-tecnico-patologia-das-instalacoes-eletricas-de-baixa-tensao\/#primaryimage","url":"https:\/\/www.institutodeengenharia.org.br\/site\/wp-content\/uploads\/2020\/09\/6b26712a6c82-o00x204n66tbukpyzutymjv5q5gzxkmk7s5kxjepqo.jpg","contentUrl":"https:\/\/www.institutodeengenharia.org.br\/site\/wp-content\/uploads\/2020\/09\/6b26712a6c82-o00x204n66tbukpyzutymjv5q5gzxkmk7s5kxjepqo.jpg","width":738,"height":520},{"@type":"BreadcrumbList","@id":"https:\/\/www.institutodeengenharia.org.br\/site\/2020\/08\/13\/material-tecnico-patologia-das-instalacoes-eletricas-de-baixa-tensao\/#breadcrumb","itemListElement":[{"@type":"ListItem","position":1,"name":"In\u00edcio","item":"https:\/\/www.institutodeengenharia.org.br\/site\/"},{"@type":"ListItem","position":2,"name":"Material T\u00e9cnico &#8211; Patologia das instala\u00e7\u00f5es el\u00e9tricas de baixa tens\u00e3o"}]},{"@type":"WebSite","@id":"https:\/\/www.institutodeengenharia.org.br\/site\/#website","url":"https:\/\/www.institutodeengenharia.org.br\/site\/","name":"Instituto de Engenharia","description":"O Instituto de Engenharia promove a Engenharia em benef\u00edcio do desenvolvimento e da qualidade de vida da sociedade.","publisher":{"@id":"https:\/\/www.institutodeengenharia.org.br\/site\/#organization"},"potentialAction":[{"@type":"SearchAction","target":{"@type":"EntryPoint","urlTemplate":"https:\/\/www.institutodeengenharia.org.br\/site\/?s={search_term_string}"},"query-input":{"@type":"PropertyValueSpecification","valueRequired":true,"valueName":"search_term_string"}}],"inLanguage":"pt-BR"},{"@type":"Organization","@id":"https:\/\/www.institutodeengenharia.org.br\/site\/#organization","name":"Instituto de Engenharia","url":"https:\/\/www.institutodeengenharia.org.br\/site\/","logo":{"@type":"ImageObject","inLanguage":"pt-BR","@id":"https:\/\/www.institutodeengenharia.org.br\/site\/#\/schema\/logo\/image\/","url":"https:\/\/www.institutodeengenharia.org.br\/site\/wp-content\/uploads\/2019\/03\/logo-novo-IE2018-1.jpg","contentUrl":"https:\/\/www.institutodeengenharia.org.br\/site\/wp-content\/uploads\/2019\/03\/logo-novo-IE2018-1.jpg","width":1486,"height":1879,"caption":"Instituto de Engenharia"},"image":{"@id":"https:\/\/www.institutodeengenharia.org.br\/site\/#\/schema\/logo\/image\/"},"sameAs":["https:\/\/www.facebook.com\/institutodeengenharia","https:\/\/x.com\/iengenharia","https:\/\/www.instagram.com\/institutodeengenharia\/","https:\/\/www.linkedin.com\/company\/instituto-de-engenharia\/","https:\/\/www.youtube.com\/channel\/UCXiCAlsSMe977vamW915HxA"]},{"@type":"Person","@id":"https:\/\/www.institutodeengenharia.org.br\/site\/#\/schema\/person\/aeb64951c405e100d26d30b033dd423f","name":"Bianca","image":{"@type":"ImageObject","inLanguage":"pt-BR","@id":"https:\/\/secure.gravatar.com\/avatar\/a6fbe9bff57405baf4c1e2c5c1811e072b558253974a9f9508f4678900c97c2a?s=96&d=mm&r=g","url":"https:\/\/secure.gravatar.com\/avatar\/a6fbe9bff57405baf4c1e2c5c1811e072b558253974a9f9508f4678900c97c2a?s=96&d=mm&r=g","contentUrl":"https:\/\/secure.gravatar.com\/avatar\/a6fbe9bff57405baf4c1e2c5c1811e072b558253974a9f9508f4678900c97c2a?s=96&d=mm&r=g","caption":"Bianca"},"url":"https:\/\/www.institutodeengenharia.org.br\/site\/author\/comunicacao1\/"}]}},"_links":{"self":[{"href":"https:\/\/www.institutodeengenharia.org.br\/site\/wp-json\/wp\/v2\/posts\/70673","targetHints":{"allow":["GET"]}}],"collection":[{"href":"https:\/\/www.institutodeengenharia.org.br\/site\/wp-json\/wp\/v2\/posts"}],"about":[{"href":"https:\/\/www.institutodeengenharia.org.br\/site\/wp-json\/wp\/v2\/types\/post"}],"author":[{"embeddable":true,"href":"https:\/\/www.institutodeengenharia.org.br\/site\/wp-json\/wp\/v2\/users\/13"}],"replies":[{"embeddable":true,"href":"https:\/\/www.institutodeengenharia.org.br\/site\/wp-json\/wp\/v2\/comments?post=70673"}],"version-history":[{"count":2,"href":"https:\/\/www.institutodeengenharia.org.br\/site\/wp-json\/wp\/v2\/posts\/70673\/revisions"}],"predecessor-version":[{"id":70767,"href":"https:\/\/www.institutodeengenharia.org.br\/site\/wp-json\/wp\/v2\/posts\/70673\/revisions\/70767"}],"wp:featuredmedia":[{"embeddable":true,"href":"https:\/\/www.institutodeengenharia.org.br\/site\/wp-json\/wp\/v2\/media\/70675"}],"wp:attachment":[{"href":"https:\/\/www.institutodeengenharia.org.br\/site\/wp-json\/wp\/v2\/media?parent=70673"}],"wp:term":[{"taxonomy":"category","embeddable":true,"href":"https:\/\/www.institutodeengenharia.org.br\/site\/wp-json\/wp\/v2\/categories?post=70673"},{"taxonomy":"post_tag","embeddable":true,"href":"https:\/\/www.institutodeengenharia.org.br\/site\/wp-json\/wp\/v2\/tags?post=70673"}],"curies":[{"name":"wp","href":"https:\/\/api.w.org\/{rel}","templated":true}]}}