{"id":70634,"date":"2020-07-13T10:00:44","date_gmt":"2020-07-13T13:00:44","guid":{"rendered":"https:\/\/www.institutodeengenharia.org.br\/site\/?p=70634"},"modified":"2020-09-11T11:48:32","modified_gmt":"2020-09-11T14:48:32","slug":"4o-workshop-petroleo-gas-uma-visao-de-baixa-emissao","status":"publish","type":"post","link":"https:\/\/www.institutodeengenharia.org.br\/site\/2020\/07\/13\/4o-workshop-petroleo-gas-uma-visao-de-baixa-emissao\/","title":{"rendered":"4\u00ba Workshop Petr\u00f3leo &#038; G\u00e1s &#8211; Uma vis\u00e3o de baixa emiss\u00e3o"},"content":{"rendered":"<p>&nbsp;<\/p>\n<p><strong>Assista abaixo \u00e0s grava\u00e7\u00f5es:<\/strong><\/p>\n<ul>\n<li>Abertura<\/li>\n<\/ul>\n<p><iframe loading=\"lazy\" src=\"https:\/\/player.vimeo.com\/video\/454663503\" width=\"640\" height=\"360\" frameborder=\"0\" allowfullscreen=\"allowfullscreen\"><\/iframe><\/p>\n<ul>\n<li>Painel 1: Biog\u00e1s\/Biometano &#8211; Oportunidades<\/li>\n<\/ul>\n<p><iframe loading=\"lazy\" src=\"https:\/\/player.vimeo.com\/video\/454918594\" width=\"640\" height=\"360\" frameborder=\"0\" allowfullscreen=\"allowfullscreen\"><\/iframe><\/p>\n<ul>\n<li>Painel 2: Uso do H2 associado ao G\u00e1s Natural para redu\u00e7\u00e3o de emiss\u00f5es<\/li>\n<\/ul>\n<p><iframe loading=\"lazy\" src=\"https:\/\/player.vimeo.com\/video\/455142153\" width=\"640\" height=\"360\" frameborder=\"0\" allowfullscreen=\"allowfullscreen\"><\/iframe><\/p>\n<ul>\n<li>Painel 3: Produ\u00e7\u00e3o de Energia de Baixo Carbono<\/li>\n<\/ul>\n<p><iframe loading=\"lazy\" src=\"https:\/\/player.vimeo.com\/video\/455787773\" width=\"640\" height=\"360\" frameborder=\"0\" allowfullscreen=\"allowfullscreen\"><\/iframe><\/p>\n<ul>\n<li>Painel 4: A import\u00e2ncia dos Hidrocarbonetos na Descarboniza\u00e7\u00e3o<\/li>\n<\/ul>\n<p><iframe loading=\"lazy\" src=\"https:\/\/player.vimeo.com\/video\/456290066\" width=\"640\" height=\"360\" frameborder=\"0\" allowfullscreen=\"allowfullscreen\"><\/iframe><br \/>\n&nbsp;<\/p>\n<p><strong>+ Informa\u00e7\u00f5es:<\/strong><\/p>\n<p><strong>PROGRAMA\u00c7\u00c3O:<\/strong><\/p>\n<p><span style=\"color: #ff0000;\"><strong>Abertura<\/strong><\/span><\/p>\n<ul>\n<li><strong>Eduardo Ferreira Lafraia<\/strong> \u2013 Presidente do Instituto de Engenharia (IE)<\/li>\n<li><strong>Marcos Penido<\/strong> \u2013 Secret\u00e1rio de Infraestrutura e Meio Ambiente do Governo do Estado de S\u00e3o Paulo<\/li>\n<li><strong>Cristina Pinho<\/strong>\u00a0\u2013 Secret\u00e1ria Geral do\u00a0Instituto Brasileiro de Petr\u00f3leo, G\u00e1s e Biocombust\u00edveis (IBP)<\/li>\n<li><strong>Jo\u00e3o Ricardo Lafraia<\/strong> \u2013 Presidente do Conselho Deliberativo da\u00a0Associa\u00e7\u00e3o Brasileira de Manuten\u00e7\u00e3o e Gest\u00e3o de Ativos (ABRAMAN)<\/li>\n<li><strong>Jos\u00e9 Eduardo Frasca Poyares Jardim<\/strong>\u00a0\u2013 Conselheiro do IE e Coordenador do GT<\/li>\n<\/ul>\n<p><span style=\"color: #ff0000;\"><strong>Painel 1: Biog\u00e1s\/Biometano &#8211; Oportunidades<\/strong><\/span><\/p>\n<ul>\n<li><strong>Ieda Gomes<\/strong> \u2013 Non Executive Director Energy&amp;Infrastructure<\/li>\n<li><strong>M\u00e1rcio F\u00e9lix<\/strong>\u00a0\u2013 CEO da Energy Platform<\/li>\n<\/ul>\n<p><strong>Moderador:<\/strong> <strong>Jos\u00e9 Eduardo Frasca Poyares Jardim<\/strong> \u2013 Instituto de Engenharia<\/p>\n<p><span style=\"color: #ff0000;\"><strong>Painel 2:\u00a0Uso do H2 associado ao G\u00e1s Natural para redu\u00e7\u00e3o de emiss\u00f5es<\/strong><\/span><\/p>\n<ul>\n<li><strong>Felipe Salgado<\/strong> \u2013 Universidade KTH &#8211; Royal Institute of Technology &#8211; Estocolmo (Su\u00e9cia)<\/li>\n<li><strong>Ieda Gomes<\/strong>\u00a0\u2013 Non Executive Director Energy &amp; Infrastructure<\/li>\n<\/ul>\n<p><strong>Moderadora:<\/strong> <strong>Prof.\u00aa Dra. Elita Urano<\/strong>\u00a0\u2013\u00a0Instituto de Pesquisas Energ\u00e9ticas e Nucleares (IPEN)<\/p>\n<p><span style=\"color: #ff0000;\"><strong>Painel 3: Produ\u00e7\u00e3o de Energia de Baixo Carbono<\/strong><\/span><\/p>\n<ul>\n<li><strong>Jos\u00e9 Mauro Coelho<\/strong> \u2013 Secret\u00e1rio de Petr\u00f3leo, G\u00e1s Natural e Biocombust\u00edveis do Minist\u00e9rio de Minas e Energia<\/li>\n<li><strong>Rivaldo Moreira Neto <\/strong>\u2013 CEO Gas Energy<\/li>\n<\/ul>\n<p><strong>Moderador:<\/strong> <strong>Jo\u00e3o Carlos de Souza Meirelles<\/strong><\/p>\n<p><span style=\"color: #ff0000;\"><strong>Painel 4: A import\u00e2ncia dos Hidrocarbonetos na Descarboniza\u00e7\u00e3o<\/strong><\/span><\/p>\n<ul>\n<li><strong>Prof. Dr. Humberto Riella<\/strong> \u2013 UFSC\/USP<\/li>\n<li><strong>Viviana Coelho <\/strong>\u2013\u00a0Gerente de emiss\u00f5es e mudan\u00e7as de clima da Petrobras<\/li>\n<\/ul>\n<p><strong>Moderador:\u00a0 Jo\u00e3o Ricardo Lafraia<\/strong> \u2013 ABRAMAN<\/p>\n<p><strong>PARTICIPANTES:<\/strong><\/p>\n<p><img loading=\"lazy\" decoding=\"async\" class=\"wp-image-68650 alignnone\" src=\"https:\/\/www.institutodeengenharia.org.br\/site\/wp-content\/uploads\/2020\/06\/Cristina-Pinho.jpg\" alt=\"\" width=\"135\" height=\"168\" srcset=\"https:\/\/www.institutodeengenharia.org.br\/site\/wp-content\/uploads\/2020\/06\/Cristina-Pinho.jpg 299w, https:\/\/www.institutodeengenharia.org.br\/site\/wp-content\/uploads\/2020\/06\/Cristina-Pinho-241x300.jpg 241w\" sizes=\"auto, (max-width: 135px) 100vw, 135px\" \/><\/p>\n<p><strong>Cristina Pinho <\/strong><\/p>\n<p>Trabalhou por 31 anos na Petrobras, onde teve a oportunidade de passar por v\u00e1rias \u00e1reas operacionais da companhia, iniciando sua vida profissional no <em>downstream<\/em> e depois permanecendo a maior parte dela no <em>upstream<\/em>. Ap\u00f3s sua aposentadoria em janeiro de 2018, dedicou-se aos estudos de governan\u00e7a corporativa e transforma\u00e7\u00e3o digital. Atua como conselheira no Instituto Luisa Pinho Sartori e durante o ano de 2018 deu consultoria a empresas na sua estrat\u00e9gia de implanta\u00e7\u00e3o de tecnologia digital. Atualmente ocupa a posi\u00e7\u00e3o de secret\u00e1ria-geral do IBP, onde tamb\u00e9m participa do comit\u00ea de diversidade de g\u00eaneros do Instituto, onde, junto com outras executivas da \u00e1rea de \u00f3leo e g\u00e1s, tem um programa de mentoria para jovens gerentes mulheres ultrapassarem suas barreiras para se tornarem executivas da ind\u00fastria.<\/p>\n<p><img loading=\"lazy\" decoding=\"async\" class=\"wp-image-68374 alignnone\" src=\"https:\/\/www.institutodeengenharia.org.br\/site\/wp-content\/uploads\/2020\/06\/Elita-Urano.jpg\" alt=\"\" width=\"126\" height=\"181\" srcset=\"https:\/\/www.institutodeengenharia.org.br\/site\/wp-content\/uploads\/2020\/06\/Elita-Urano.jpg 369w, https:\/\/www.institutodeengenharia.org.br\/site\/wp-content\/uploads\/2020\/06\/Elita-Urano-208x300.jpg 208w, https:\/\/www.institutodeengenharia.org.br\/site\/wp-content\/uploads\/2020\/06\/Elita-Urano-291x420.jpg 291w\" sizes=\"auto, (max-width: 126px) 100vw, 126px\" \/><\/p>\n<p><strong>Elita Fontenele Urano de Carvalho<\/strong><\/p>\n<p>Doutora em Tecnologia Nuclear pela Universidade de S\u00e3o Paulo (USP), \u00e9 pesquisadora e gerente do Centro do Combust\u00edvel Nuclear do Instituto de Pesquisas Energ\u00e9ticas e Nucleares da Comiss\u00e3o Nacional de Energia Nuclear (IPEN\/CNEN). Experi\u00eancia na \u00e1rea de Engenharia de Materiais e Qu\u00edmica com \u00eanfase em Convers\u00e3o, Enriquecimento, Fabrica\u00e7\u00e3o de Combust\u00edvel Nuclear, Tratamento de efluentes radioativos e convencionais e reaproveitamento de res\u00edduos industriais e t\u00e9cnicas de caracteriza\u00e7\u00e3o qu\u00edmica de materiais. Membro do Instituto Nacional de Tecnologia (INCT) para Reatores Nucleares Inovadores. Autora de cap\u00edtulos dos livros:\u00a0<em>Radioisotopes: Applications in Physical Sciences <\/em>(Editora IntechOpen, 2011) &#8211; t\u00edtulo do cap\u00edtulo: <em>Research Reactor Fuel Fabrication to Produce Radioisotopes<\/em>; <em>Materiais Avan\u00e7ados para Energia<\/em> In: Centro de Gest\u00e3o e Estudos Estrat\u00e9gicos (Org.). Materiais Avan\u00e7ados 2010-2020. 1ed. Brasilia e <em>Oz\u00f4nio na Recupera\u00e7\u00e3o de Solos e Recursos H\u00eddricos Contaminados por Minera\u00e7\u00e3o<\/em>. \u00c9 professora de gradua\u00e7\u00e3o e de p\u00f3s-gradua\u00e7\u00e3o da USP na \u00e1rea de combust\u00edvel nuclear.<\/p>\n<p><img loading=\"lazy\" decoding=\"async\" class=\"wp-image-64975 alignnone\" src=\"https:\/\/www.institutodeengenharia.org.br\/site\/wp-content\/uploads\/2020\/05\/felipe-salgado.jpg\" alt=\"\" width=\"144\" height=\"143\" srcset=\"https:\/\/www.institutodeengenharia.org.br\/site\/wp-content\/uploads\/2020\/05\/felipe-salgado.jpg 370w, https:\/\/www.institutodeengenharia.org.br\/site\/wp-content\/uploads\/2020\/05\/felipe-salgado-150x150.jpg 150w, https:\/\/www.institutodeengenharia.org.br\/site\/wp-content\/uploads\/2020\/05\/felipe-salgado-300x300.jpg 300w, https:\/\/www.institutodeengenharia.org.br\/site\/wp-content\/uploads\/2020\/05\/felipe-salgado-100x100.jpg 100w\" sizes=\"auto, (max-width: 144px) 100vw, 144px\" \/><\/p>\n<p><strong>Felipe Salgado<\/strong><br \/>\nGraduado em Engenharia de Materiais pela UFSC, com p\u00f3s-gradua\u00e7\u00e3o em Administra\u00e7\u00e3o de Empresas pela FGV\/SP e MBA em Marketing pela FGV\/RJ. Atualmente est\u00e1 cursando mestrado em Sistemas Energ\u00e9ticos Sustent\u00e1veis em um programa do EIT InnoEnergy, onde tem contato com o estado da arte das fontes renov\u00e1veis de energia. O mestrado possui dupla diploma\u00e7\u00e3o, a primeira pela Royal Institute of Technology (Su\u00e9cia) e a segunda pela Universitat Polit\u00e8cnica de Catalunya (Espanha), com previs\u00e3o de conclus\u00e3o para maio de 2021. No Brasil, atuou como consultor de sustentabilidade desenvolvendo projetos para inclus\u00e3o do tema no planejamento estrat\u00e9gico de grandes empresas. Foi presidente da C\u00e2mara Tem\u00e1tica de Mobilidade Sustent\u00e1vel do Conselho Empresarial Brasileiro para Desenvolvimento Sustent\u00e1vel (CEBDS). Na Ipiranga Produtos de Petr\u00f3leo S.A, coordenou o comit\u00ea de sustentabilidade da companhia, al\u00e9m de diversos projetos de sustentabilidade com foco em meio ambiente e mudan\u00e7as clim\u00e1ticas. Antes de iniciar o mestrado, ainda na Ipiranga, atuou como coordenador de unidades operacionais em variados estados brasileiros, com foco na armazenagem e entrega de combust\u00edveis, gerenciando equipes com mais de 100 funcion\u00e1rios, com foco em efici\u00eancia operacional e redu\u00e7\u00e3o de custos.<\/p>\n<p><img loading=\"lazy\" decoding=\"async\" class=\"wp-image-64974 alignnone\" src=\"https:\/\/www.institutodeengenharia.org.br\/site\/wp-content\/uploads\/2020\/05\/humberto.jpg\" alt=\"\" width=\"120\" height=\"174\" srcset=\"https:\/\/www.institutodeengenharia.org.br\/site\/wp-content\/uploads\/2020\/05\/humberto.jpg 362w, https:\/\/www.institutodeengenharia.org.br\/site\/wp-content\/uploads\/2020\/05\/humberto-208x300.jpg 208w, https:\/\/www.institutodeengenharia.org.br\/site\/wp-content\/uploads\/2020\/05\/humberto-291x420.jpg 291w\" sizes=\"auto, (max-width: 120px) 100vw, 120px\" \/><\/p>\n<p><strong>Humberto Gracher Riella<\/strong><\/p>\n<p>Graduado em Engenharia Qu\u00edmica, mestre em Tecnologia Nuclear pela Universidade de S\u00e3o Paulo (USP) e doutor em Maschinenbauingenier &#8211; Karlsruhe Institut f\u00fcr Technologie. Professor titular da Universidade Federal de Santa Catarina (UFSC) e do programa de p\u00f3s-gradua\u00e7\u00e3o em Engenharia Qu\u00edmica. Pesquisador membro do INCT- Instituto Nacional de Ci\u00eancia e Tecnologia para Reatores. Possui experi\u00eancia em Engenharia de Materiais e Metal\u00fargica, com \u00eanfase em Materiais Cer\u00e2micos e Processamento de Min\u00e9rios, atuando principalmente nos seguintes temas: Combust\u00edveis Nucleares, Res\u00edduos S\u00f3lidos Industriais, Processamento de Minerais met\u00e1licos, Materiais Antimicrobianos, S\u00edntese de Materiais Nano-estruturados e T\u00e9cnicas de Caracteriza\u00e7\u00e3o de Materiais. Diretor t\u00e9cnico do centro de tecnologia em cer\u00e2mica em Crici\u00fama\/SC, coordenador de projetos de implanta\u00e7\u00e3o fabris de combust\u00edveis nucleares na Marinha do Brasil, coordenador t\u00e9cnico na montagem do laborat\u00f3rio de materiais da Marinha do Brasil em Iper\u00f3\/SP, gerente de projeto na Comiss\u00e3o Nacional de Energia Nuclear (CNEN) do combust\u00edvel nuclear, nomeado pelo presidente da CNEN pela Portaria Ministerial 186. Condecorado pela Marinha do Brasil por gerenciar a fabrica\u00e7\u00e3o do primeiro reator nuclear brasileiro IPEN-MB-01. Participou do estudo &#8220;Roadmap tecnol\u00f3gico para produ\u00e7\u00e3o, uso limpo e eficiente do carv\u00e3o mineral nacional&#8221;. \u00c9 autor de diversos livros nacionais e internacionais no setor de cer\u00e2mica, combust\u00edveis nucleares para reatores, radia\u00e7\u00e3o ionizante, materiais, nanoestruturas, res\u00edduos s\u00f3lidos componentes eletr\u00f4nicos, e entre outros. Atualmente \u00e9 coordenador do laborat\u00f3rio de materiais e corros\u00e3o da UFSC.<\/p>\n<p><img loading=\"lazy\" decoding=\"async\" class=\"wp-image-68373 alignnone\" src=\"https:\/\/www.institutodeengenharia.org.br\/site\/wp-content\/uploads\/2020\/06\/ieda-gomes.jpg\" alt=\"\" width=\"142\" height=\"153\" srcset=\"https:\/\/www.institutodeengenharia.org.br\/site\/wp-content\/uploads\/2020\/06\/ieda-gomes.jpg 579w, https:\/\/www.institutodeengenharia.org.br\/site\/wp-content\/uploads\/2020\/06\/ieda-gomes-277x300.jpg 277w, https:\/\/www.institutodeengenharia.org.br\/site\/wp-content\/uploads\/2020\/06\/ieda-gomes-388x420.jpg 388w\" sizes=\"auto, (max-width: 142px) 100vw, 142px\" \/><\/p>\n<p><strong>Ieda Gomes<\/strong><\/p>\n<p>Conselheira independente em empresas internacionais nos setores de energia e infraestrutura. Tamb\u00e9m \u00e9 consultora independente especializada em estrat\u00e9gia de energia, fornecimento de g\u00e1s natural e GNL, pre\u00e7os, contratos e fundamentos de mercado. Em uma carreira de 30 anos no setor de g\u00e1s e energia, passou mais de 13 anos na BP, onde ocupou cargos seniores, tais como: vice-presidente de novos empreendimentos para o sul da \u00c1sia e Oriente M\u00e9dio, presidente da BP Brasil e vice-presidente de assuntos regulat\u00f3rios da BP Gas and Power. Antes da BP, foi CEO da Companhia de g\u00e1s de S\u00e3o Paulo (Comg\u00e1s), a maior empresa de distribui\u00e7\u00e3o de g\u00e1s do Brasil. Atualmente, \u00e9 conselheira da C\u00e2mara de Com\u00e9rcio Brasileira da Gr\u00e3-Bretanha, diretora no Departamento de Infraestrutura da Federa\u00e7\u00e3o das Ind\u00fastrias de S\u00e3o Paulo, e atua no conselho de administra\u00e7\u00e3o de empresas na Fran\u00e7a, EUA e Brasil. \u00c9 consultora s\u00eanior da FGV Energia, pesquisadora visitante s\u00eanior do Oxford Institute for Energy Studies e \u00e9 membro ativo da International Gas Union (IGU), tendo atuado no comit\u00ea executivo por dois mandatos. Apresentou-se em v\u00e1rias confer\u00eancias e cursos de treinamento sobre energia e \u00e9 membro do comit\u00ea de programa do GNL 2022. Tamb\u00e9m est\u00e1 no conselho consultivo da consultoria Crystol Energy e co-preside o Access for Women in Energy. \u00c9 colunista regular da revista especializada Brasil Energia.\u00a0 Formada em Engenharia Qu\u00edmica pela Universidade Federal da Bahia (UFBA), mestre em Energia pela Universidade de S\u00e3o Paulo (USP) e mestre pela \u00c9cole Polytechnique F\u00e9d\u00e9rale de Lausanne.<\/p>\n<p><img loading=\"lazy\" decoding=\"async\" class=\"wp-image-68579 alignnone\" src=\"https:\/\/www.institutodeengenharia.org.br\/site\/wp-content\/uploads\/2020\/06\/45489890382_128b8f48f2_k.jpg\" alt=\"\" width=\"140\" height=\"171\" srcset=\"https:\/\/www.institutodeengenharia.org.br\/site\/wp-content\/uploads\/2020\/06\/45489890382_128b8f48f2_k.jpg 593w, https:\/\/www.institutodeengenharia.org.br\/site\/wp-content\/uploads\/2020\/06\/45489890382_128b8f48f2_k-246x300.jpg 246w, https:\/\/www.institutodeengenharia.org.br\/site\/wp-content\/uploads\/2020\/06\/45489890382_128b8f48f2_k-344x420.jpg 344w\" sizes=\"auto, (max-width: 140px) 100vw, 140px\" \/><\/p>\n<p><strong>Jo\u00e3o Carlos de Souza Meirelles<\/strong><\/p>\n<p>Engenheiro Civil pela Escola Polit\u00e9cnica da USP (Poli-USP), especialista em engenharia de desenvolvimento, implanta\u00e7\u00e3o de infraestrutura, loteamento de grandes \u00e1reas rurais e urbanas e sua comercializa\u00e7\u00e3o. Em 1981 criou a Fronteira Norte Engenharia de Desenvolvimento Ltda., empresa dedicada ao desenvolvimento regional integrado, ao agroneg\u00f3cio e \u00e0s energias renov\u00e1veis. Foi secret\u00e1rio de Agricultura e Abastecimento (1998-2002), secret\u00e1rio de Ci\u00eancia, Tecnologia e Desenvolvimento Econ\u00f4mico (2003-2006), chefe da Assessoria de Assuntos Estrat\u00e9gicos (2013-2014) e secret\u00e1rio de Energia e Minera\u00e7\u00e3o (2015-2018), todos pelo Governo do Estado de S\u00e3o Paulo.<\/p>\n<p><img loading=\"lazy\" decoding=\"async\" class=\"alignnone\" src=\"https:\/\/petronoticias.com.br\/wp-content\/uploads\/2013\/06\/joao-ricardo-lafraia.jpg\" alt=\"ABRAMAM PROMOVER\u00c1 FEIRA DE GEST\u00c3O DE ATIVOS EM SALVADOR ...\" width=\"151\" height=\"160\" \/><\/p>\n<p><strong>Jo\u00e3o Ricardo Lafraia <\/strong><\/p>\n<p>Engenheiro Mec\u00e2nico, MSc em Engenharia e MBA e doutorando em Administra\u00e7\u00e3o de Empresas. Presidente do Conselho Deliberativo da ABRAMAN &#8211; Associa\u00e7\u00e3o Brasileira de Gest\u00e3o de Ativos e Manuten\u00e7\u00e3o, coordenador do ABNT\/CEE-251 Comiss\u00e3o de Estudo Especial Gest\u00e3o de Ativos (Comiss\u00e3o Espelho do ISO\/TC251) e diretor do WPiAM (World Partners in Asset Management). Atualmente \u00e9 gerente Geral da Petrobras na Unidade de Explora\u00e7\u00e3o e Produ\u00e7\u00e3o da Bacia de Santos, em Santos, S\u00e3o Paulo. Trabalha h\u00e1 35 anos na Petrobras, ocupando as fun\u00e7\u00f5es de engenheiro de Inspe\u00e7\u00e3o, coordenador de Confiabilidade, gerente de Engenharia, gerente de Produ\u00e7\u00e3o na Refinaria Repar, gerente Geral de Efici\u00eancia Operacional das Refinarias do Rio Janeiro e gerente Geral de cinco refinarias no Brasil. \u00c9 o coordenador da Comiss\u00e3o Especial de Estudo (CEE-251) da ABNT que produziu a s\u00e9rie de normas de Gest\u00e3o de Ativos NBR ISO 55.000. Foi Presidente da ABRAMAN e fez parte do Comit\u00ea Executivo do F\u00f3rum Global de Manuten\u00e7\u00e3o e Gest\u00e3o de Ativos (GFMAM). \u00c9 autor do livros &#8220;Manual de Confiabilidade, Disponibilidade e Manuten\u00e7\u00e3o&#8221;, &#8220;Lideran\u00e7a para Seguran\u00e7a, Sa\u00fade e Ambiente&#8221; e co-autor dos &#8220;Gest\u00e3o de Estrat\u00e9gia e Confiabilidade&#8221;, &#8220;Criando o Habito da Excel\u00eancia&#8221;, &#8220;Lideran\u00e7a baseada em Valores&#8221;, &#8220;Gest\u00e3o de Ativos&#8221; e &#8220;Vivendo a Gest\u00e3o de Ativos&#8221;. Em Novembro de 2013 lan\u00e7ou o livro em Ingl\u00eas &#8220;Living Asset Management&#8221; em coautoria com John Hardwick, com quem escreveu um cap\u00edtulo do livro &#8220;The New Asset Managment Handbook \u2013 A guide to ISO 55.000&#8221;, lan\u00e7ado em 2014 e co-autor do livro &#8220;Living Asset Management Maturity&#8221; em 2020. \u00c9 autor de diversos artigos e palestras sobre Excel\u00eancia na Gest\u00e3o de Ativos, Confiabilidade, Sa\u00fade, Seguran\u00e7a e Meio Ambiente. \u00c9 certificado CMPR (Certified Maintenance and Reliability Professional) pela SMRP-USA, CFAM (Certified Fellow in Asset Management) pela AMCouncil-Austr\u00e1lia e CAMA (Certified Asset Management Assessor) pelo WPiAM.<\/p>\n<p><img loading=\"lazy\" decoding=\"async\" class=\"wp-image-60594 alignnone\" src=\"https:\/\/www.institutodeengenharia.org.br\/site\/wp-content\/uploads\/2020\/02\/POYARES.jpg\" alt=\"\" width=\"120\" height=\"143\" srcset=\"https:\/\/www.institutodeengenharia.org.br\/site\/wp-content\/uploads\/2020\/02\/POYARES.jpg 2049w, https:\/\/www.institutodeengenharia.org.br\/site\/wp-content\/uploads\/2020\/02\/POYARES-251x300.jpg 251w, https:\/\/www.institutodeengenharia.org.br\/site\/wp-content\/uploads\/2020\/02\/POYARES-768x919.jpg 768w, https:\/\/www.institutodeengenharia.org.br\/site\/wp-content\/uploads\/2020\/02\/POYARES-855x1024.jpg 855w, https:\/\/www.institutodeengenharia.org.br\/site\/wp-content\/uploads\/2020\/02\/POYARES-696x833.jpg 696w, https:\/\/www.institutodeengenharia.org.br\/site\/wp-content\/uploads\/2020\/02\/POYARES-1068x1279.jpg 1068w, https:\/\/www.institutodeengenharia.org.br\/site\/wp-content\/uploads\/2020\/02\/POYARES-351x420.jpg 351w, https:\/\/www.institutodeengenharia.org.br\/site\/wp-content\/uploads\/2020\/02\/POYARES-1920x2299.jpg 1920w, https:\/\/www.institutodeengenharia.org.br\/site\/wp-content\/uploads\/2020\/02\/POYARES-600x718.jpg 600w\" sizes=\"auto, (max-width: 120px) 100vw, 120px\" \/><\/p>\n<p><strong>Jos\u00e9 Eduardo Frasca Poyares Jardim<\/strong><\/p>\n<p>Engenheiro Civil\u00a0Escola Polit\u00e9cnica da USP. Vice-Presidente da Diretoria e do Conselho de Administra\u00e7\u00e3o da AZEVEDO &amp; TRAVASSOS S.A (1962-1998). Em 1998 criou a empresa INTECH ENGENHARIA LTDA, especializada em perfura\u00e7\u00e3o direcional dirigida para instala\u00e7\u00e3o de dutos de petr\u00f3leo, g\u00e1s, energia el\u00e9trica, \u00e1gua e esgoto, em instala\u00e7\u00f5es <em>onshore<\/em> e <em>offshore<\/em>, e montagens industriais. Nesse mesmo ano criou juntamente com outros engenheiros a empresa STARFISH \u00d3LEO E G\u00c1S, especializada em prospec\u00e7\u00e3o de petr\u00f3leo e g\u00e1s\u00a0em blocos <em>onshore<\/em> e <em>offshore<\/em>. S\u00f3cio-diretor da empresa IMOBEL PARTICIPA\u00c7\u00d5ES S.A, especializada em constru\u00e7\u00e3o de edif\u00edcios e loteamentos. Em 2020 criou a empresa POYARES\u00a0JARDIM CONSULTORIA EMPRESARIAL. Foi presidente da ABRAPET &#8211; Associa\u00e7\u00e3o Brasileira dos Perfuradores de Petr\u00f3leo, presidente da SPE &#8211; Society of Petroleum Engineers\/Se\u00e7\u00e3o Brasil e vice-presidente da ABDIB &#8211; Associa\u00e7\u00e3o Brasileira das Ind\u00fastrias de Base. Membro de v\u00e1rias associa\u00e7\u00f5es como ABEMI, IBP, e membro dos Conselhos Deliberativo e Consultivo do Instituto de Engenharia de S\u00e3o Paulo e Coordenador do Grupo de Petr\u00f3leo e G\u00e1s da institui\u00e7\u00e3o.<\/p>\n<p><img loading=\"lazy\" decoding=\"async\" class=\"alignnone\" src=\"https:\/\/www.metallum.com.br\/1congressoRBQAV\/static\/img\/small\/6277ec222acb1c1b9494d32c4cbc5b78.jpg\" alt=\"Proje\u00e7\u00f5es de demanda e produ\u00e7\u00e3o de QAV no Brasil-I Congresso da ...\" width=\"105\" height=\"147\" \/><\/p>\n<p><strong>Jos\u00e9 Mauro Ferreira Coelho<\/strong><\/p>\n<p>Secret\u00e1rio de Petr\u00f3leo, G\u00e1s Natural e Biocombust\u00edveis do Minist\u00e9rio de Minas e Energia e presidente do Conselho de Administra\u00e7\u00e3o da Pr\u00e9-Sal Petr\u00f3leo (PPSA). Possui gradua\u00e7\u00e3o em Qu\u00edmica Industrial, mestrado em Ci\u00eancias dos Materiais pelo Instituto Militar de Engenharia (IME) e doutorado em Planejamento Energ\u00e9tico pelo Programa de Planejamento Energ\u00e9tico (PPE) da Universidade Federal do Rio de Janeiro (UFRJ). Foi diretor de Estudos do Petr\u00f3leo, G\u00e1s e Biocombust\u00edveis da Empresa de Pesquisa Energ\u00e9tica (EPE). Possui mais de 25 anos de experi\u00eancia profissional, atuando nos setores de petr\u00f3leo, g\u00e1s natural e biocombust\u00edveis. Atuou tamb\u00e9m, por v\u00e1rios anos, na \u00e1rea docente de gradua\u00e7\u00e3o e p\u00f3s-gradua\u00e7\u00e3o.<\/p>\n<p><img loading=\"lazy\" decoding=\"async\" class=\"alignnone\" src=\"https:\/\/organizacoessustentaveis.files.wordpress.com\/2012\/05\/mc3a1rcio-vi.jpg\" alt=\"Perfil |\" width=\"139\" height=\"181\" \/><\/p>\n<p class=\"x_MsoNormal\"><b>Marcio Felix Carvalho Bezerra<\/b><\/p>\n<p class=\"x_MsoNormal\">Graduado em Engenharia Eletr\u00f4nica pela Universidade de Bras\u00edlia com especializa\u00e7\u00e3o em Engenharia de Petr\u00f3leo pela Universidade Petrobras. Tem MBA em Gest\u00e3o Empresarial pela Universidade Federal do Rio de Janeiro e curso de parcerias e alian\u00e7as estrat\u00e9gicas pelo Instituto Superior de Administra\u00e7\u00e3o, Insead, Fran\u00e7a. Possui uma s\u00f3lida e consistente carreira t\u00e9cnica e gerencial no setor energ\u00e9tico, especialmente petr\u00f3leo, g\u00e1s e biocombust\u00edveis, tanto em empresas como no setor p\u00fablico. Iniciou sua carreira na Flopetrol-Schlumberger em 1981 como engenheiro de testes de po\u00e7os. De 1983 a 2019 trabalhou na Petrobras, come\u00e7ando como engenheiro de campo de avalia\u00e7\u00e3o de forma\u00e7\u00f5es na Bacia de Campos, passando por v\u00e1rios cargos gerenciais na Explora\u00e7\u00e3o e Produ\u00e7\u00e3o (E&amp;P), incluindo a ger\u00eancia geral da Unidade de Neg\u00f3cios de E&amp;P do Esp\u00edrito Santo, a ger\u00eancia geral de Novos Neg\u00f3cios de E&amp;P e a ger\u00eancia executiva de Suporte T\u00e9cnico nas opera\u00e7\u00f5es no exterior da Petrobras. Foi\u00a0secret\u00e1rio Estadual de Desenvolvimento Econ\u00f4mico do Esp\u00edrito Santo, no per\u00edodo 2010 a 2012. Em Bras\u00edlia, atuou no Minist\u00e9rio de Minas e Energia de 2016 a 2019, per\u00edodo em que foi secret\u00e1rio de Petr\u00f3leo, G\u00e1s e Biocombust\u00edveis e tamb\u00e9m secret\u00e1rio Executivo, tendo ocupado como tal a fun\u00e7\u00e3o de Ministro interino. Foi tamb\u00e9m diretor do Instituto Brasileiro de Petr\u00f3leo, G\u00e1s Natural e Biocombust\u00edveis (IBP), e atualmente \u00e9 vice-presidente Executivo da Organiza\u00e7\u00e3o Nacional da Ind\u00fastria do Petr\u00f3leo (Onip). Presidiu o conselho de administra\u00e7\u00e3o de diversas empresas, a exemplo do Banco de Desenvolvimento do Espirito Santo (Bandes), da Pr\u00e9-Sal Petr\u00f3leo (PPSA), e da empresa de distribui\u00e7\u00e3o de g\u00e1s do Esp\u00edrito Santo (ES G\u00e1s). Em mar\u00e7o de 2020, assumiu o desafio de presidir a Energy Platform (EnP), empresa inovadora dedicada a conceber, desenvolver e operar ecossistemas energ\u00e9ticos no Brasil.<\/p>\n<p><img loading=\"lazy\" decoding=\"async\" class=\"alignnone\" src=\"https:\/\/www.saopaulo.sp.gov.br\/wp-content\/uploads\/2019\/01\/selecionadas14.jpg\" alt=\"Infraestrutura e Meio Ambiente | Governo do Estado de S\u00e3o Paulo\" width=\"136\" height=\"167\" \/><\/p>\n<p><strong>Marcos Rodrigues Penido<\/strong><\/p>\n<p>Secret\u00e1rio de Infraestrutura e Meio Ambiente do Estado de S\u00e3o Paulo desde 2019; foi secret\u00e1rio Municipal das SubPrefeituras pela Prefeitura de S\u00e3o Paulo, em 2018; secret\u00e1rio Municipal de Servi\u00e7os e Obras, em 2017; secret\u00e1rio Municipal de Infraestrutura Urbana, de 2006 a 2010; diretor-presidente da CDHU \u2013 Cia. de Desenvolvimento Habitacional e Urbano pelo Governo do Estado de S\u00e3o Paulo, de 2011 a 2016; representante do Governo do Estado de S\u00e3o Paulo no F\u00f3rum Nacional de Secret\u00e1rios da Habita\u00e7\u00e3o e Desenvolvimento Urbano e ABC, em Bras\u00edlia; representante da CDHU junco \u00e0 UNEP-SBCI \u2013 United Nations Environmental Program \u2013 Sustainable Building and Climate Initiative, no bi\u00eanio 2011-2012; coordenador-fundador do Programa QUALIHAB do Estado de S\u00e3o Paulo, de 1995 a 2005 e \u00e9 funcion\u00e1rio de carreira da CDHU desde 1985.<br \/>\nEngenheiro Civil, com extens\u00e3o em Gerenciamento de Empreendimentos pela FGV, \u00e9 especialista na gest\u00e3o de pol\u00edticas p\u00fabicas em habita\u00e7\u00e3o e infraestrutura urbana no Brasil.<br \/>\nOcupou cargos de responsabilidade nas administra\u00e7\u00f5es do Governo de S\u00e3o Paulo e da Prefeitura do Munic\u00edpio de S\u00e3o Paulo, \u00e0 frente de grandes desafios de programas de constru\u00e7\u00e3o de moradias, urbaniza\u00e7\u00e3o de favelas, reassentamento de \u00e1reas de risco, erradica\u00e7\u00e3o de corti\u00e7os, implanta\u00e7\u00e3o de infraestrutura urbana, sistema vi\u00e1rio e transportes, canaliza\u00e7\u00e3o e c\u00f3rregos, equipamentos p\u00fablicos de escolas, creches, postos de sa\u00fade e hospitais, gest\u00e3o da ilumina\u00e7\u00e3o p\u00fablica, lixo e zeladoria da cidade de S\u00e3o Paulo.<\/p>\n<p><img loading=\"lazy\" decoding=\"async\" class=\"wp-image-68560 alignnone\" src=\"https:\/\/www.institutodeengenharia.org.br\/site\/wp-content\/uploads\/2020\/06\/Rivaldo-Moreira-Neto.jpg\" alt=\"\" width=\"145\" height=\"178\" \/><\/p>\n<p><strong>Rivaldo Moreira Neto <\/strong><\/p>\n<p>Graduado em Economia pela Universidade de Bras\u00edlia (UnB) em 2010, e com MBA em Finan\u00e7as pelo Ibmec, possui larga experi\u00eancia na cadeia de neg\u00f3cios do g\u00e1s natural, seu universo regulat\u00f3rio e de rela\u00e7\u00f5es institucionais. Iniciou sua carreira na Coordena\u00e7\u00e3o de Energia da Secretaria de Acompanhamento Econ\u00f4mico (Seae) do Minist\u00e9rio da Fazenda, em 2010 e 2011. No ano seguinte, fez parte da \u00e1rea t\u00e9cnica da Abraceel, que representa os comercializadores de energia, com grande intera\u00e7\u00e3o com toda a cadeia de agentes econ\u00f4micos do setor el\u00e9trico e autoridades regulat\u00f3rias. Tamb\u00e9m atuou na Abrace, que re\u00fane grandes consumidores de energia, com ampla participa\u00e7\u00e3o em revis\u00f5es tarif\u00e1rias e estudos que buscavam romper com as barreiras do desenvolvimento do setor de g\u00e1s natural no Brasil. Desde 2015, lidera a equipe de analistas da Gas Energy, dirigindo e participando intensamente de todos os projetos contratados junto \u00e0 consultoria, com \u00eanfase particular no estudo de solu\u00e7\u00f5es para monetiza\u00e7\u00e3o de reservas de g\u00e1s natural, intelig\u00eancia de mercado e negocia\u00e7\u00e3o de contratos de compra e venda do combust\u00edvel.<\/p>\n<p><strong>REALIZA\u00c7\u00c3O:<\/strong><\/p>\n<p><img loading=\"lazy\" decoding=\"async\" class=\"alignnone wp-image-60234\" src=\"https:\/\/www.institutodeengenharia.org.br\/site\/wp-content\/uploads\/2020\/02\/logo-novo-IE2018-1.png\" alt=\"\" width=\"110\" height=\"139\" srcset=\"https:\/\/www.institutodeengenharia.org.br\/site\/wp-content\/uploads\/2020\/02\/logo-novo-IE2018-1.png 1486w, https:\/\/www.institutodeengenharia.org.br\/site\/wp-content\/uploads\/2020\/02\/logo-novo-IE2018-1-237x300.png 237w, https:\/\/www.institutodeengenharia.org.br\/site\/wp-content\/uploads\/2020\/02\/logo-novo-IE2018-1-768x971.png 768w, https:\/\/www.institutodeengenharia.org.br\/site\/wp-content\/uploads\/2020\/02\/logo-novo-IE2018-1-810x1024.png 810w, https:\/\/www.institutodeengenharia.org.br\/site\/wp-content\/uploads\/2020\/02\/logo-novo-IE2018-1-696x880.png 696w, https:\/\/www.institutodeengenharia.org.br\/site\/wp-content\/uploads\/2020\/02\/logo-novo-IE2018-1-1068x1350.png 1068w, https:\/\/www.institutodeengenharia.org.br\/site\/wp-content\/uploads\/2020\/02\/logo-novo-IE2018-1-332x420.png 332w, https:\/\/www.institutodeengenharia.org.br\/site\/wp-content\/uploads\/2020\/02\/logo-novo-IE2018-1-600x759.png 600w\" sizes=\"auto, (max-width: 110px) 100vw, 110px\" \/><\/p>\n<p><strong>APOIO:<\/strong><\/p>\n<p><img loading=\"lazy\" decoding=\"async\" class=\"\" src=\"https:\/\/abraco.org.br\/src\/uploads\/2018\/06\/Logo-IBP-horizontal-RGB-01.png\" alt=\"Instituto Brasileiro de Petr\u00f3leo, G\u00e1s e Biocombust\u00edveis - ABRACO\" width=\"189\" height=\"189\" \/><\/p>\n","protected":false},"excerpt":{"rendered":"<p>&nbsp; Assista abaixo \u00e0s grava\u00e7\u00f5es: Abertura Painel 1: Biog\u00e1s\/Biometano &#8211; Oportunidades Painel 2: Uso do H2 associado ao G\u00e1s Natural para redu\u00e7\u00e3o de emiss\u00f5es Painel 3: Produ\u00e7\u00e3o de Energia de Baixo Carbono Painel 4: A import\u00e2ncia dos Hidrocarbonetos na Descarboniza\u00e7\u00e3o &nbsp; + Informa\u00e7\u00f5es: PROGRAMA\u00c7\u00c3O: Abertura Eduardo Ferreira Lafraia \u2013 Presidente do Instituto de Engenharia (IE) [&hellip;]<\/p>\n","protected":false},"author":13,"featured_media":68227,"comment_status":"open","ping_status":"open","sticky":false,"template":"","format":"standard","meta":{"footnotes":""},"categories":[968,970],"tags":[],"class_list":{"0":"post-70634","1":"post","2":"type-post","3":"status-publish","4":"format-standard","5":"has-post-thumbnail","7":"category-nova-tv-engenharia","8":"category-seminario"},"yoast_head":"<!-- This site is optimized with the Yoast SEO plugin v27.2 - https:\/\/yoast.com\/product\/yoast-seo-wordpress\/ -->\n<title>4\u00ba Workshop Petr\u00f3leo &amp; G\u00e1s - Uma vis\u00e3o de baixa emiss\u00e3o - Instituto de Engenharia<\/title>\n<meta name=\"robots\" content=\"index, follow, max-snippet:-1, max-image-preview:large, max-video-preview:-1\" \/>\n<link rel=\"canonical\" href=\"https:\/\/www.institutodeengenharia.org.br\/site\/2020\/07\/13\/4o-workshop-petroleo-gas-uma-visao-de-baixa-emissao\/\" \/>\n<meta property=\"og:locale\" content=\"pt_BR\" \/>\n<meta property=\"og:type\" content=\"article\" \/>\n<meta property=\"og:title\" content=\"4\u00ba Workshop Petr\u00f3leo &amp; G\u00e1s - Uma vis\u00e3o de baixa emiss\u00e3o - Instituto de Engenharia\" \/>\n<meta property=\"og:description\" content=\"&nbsp; Assista abaixo \u00e0s grava\u00e7\u00f5es: Abertura Painel 1: Biog\u00e1s\/Biometano &#8211; Oportunidades Painel 2: Uso do H2 associado ao G\u00e1s Natural para redu\u00e7\u00e3o de emiss\u00f5es Painel 3: Produ\u00e7\u00e3o de Energia de Baixo Carbono Painel 4: A import\u00e2ncia dos Hidrocarbonetos na Descarboniza\u00e7\u00e3o &nbsp; + Informa\u00e7\u00f5es: PROGRAMA\u00c7\u00c3O: Abertura Eduardo Ferreira Lafraia \u2013 Presidente do Instituto de Engenharia (IE) [&hellip;]\" \/>\n<meta property=\"og:url\" content=\"https:\/\/www.institutodeengenharia.org.br\/site\/2020\/07\/13\/4o-workshop-petroleo-gas-uma-visao-de-baixa-emissao\/\" \/>\n<meta property=\"og:site_name\" content=\"Instituto de Engenharia\" \/>\n<meta property=\"article:publisher\" content=\"https:\/\/www.facebook.com\/institutodeengenharia\" \/>\n<meta property=\"article:published_time\" content=\"2020-07-13T13:00:44+00:00\" \/>\n<meta property=\"article:modified_time\" content=\"2020-09-11T14:48:32+00:00\" \/>\n<meta property=\"og:image\" content=\"https:\/\/www.institutodeengenharia.org.br\/site\/wp-content\/uploads\/2020\/06\/petr\u00f3leo-e-g\u00e1s-1.jpg\" \/>\n\t<meta property=\"og:image:width\" content=\"3500\" \/>\n\t<meta property=\"og:image:height\" content=\"2203\" \/>\n\t<meta property=\"og:image:type\" content=\"image\/jpeg\" \/>\n<meta name=\"author\" content=\"Bianca\" \/>\n<meta name=\"twitter:card\" content=\"summary_large_image\" \/>\n<meta name=\"twitter:creator\" content=\"@iengenharia\" \/>\n<meta name=\"twitter:site\" content=\"@iengenharia\" \/>\n<meta name=\"twitter:label1\" content=\"Escrito por\" \/>\n\t<meta name=\"twitter:data1\" content=\"Bianca\" \/>\n\t<meta name=\"twitter:label2\" content=\"Est. tempo de leitura\" \/>\n\t<meta name=\"twitter:data2\" content=\"14 minutos\" \/>\n<script type=\"application\/ld+json\" class=\"yoast-schema-graph\">{\"@context\":\"https:\/\/schema.org\",\"@graph\":[{\"@type\":\"Article\",\"@id\":\"https:\/\/www.institutodeengenharia.org.br\/site\/2020\/07\/13\/4o-workshop-petroleo-gas-uma-visao-de-baixa-emissao\/#article\",\"isPartOf\":{\"@id\":\"https:\/\/www.institutodeengenharia.org.br\/site\/2020\/07\/13\/4o-workshop-petroleo-gas-uma-visao-de-baixa-emissao\/\"},\"author\":{\"name\":\"Bianca\",\"@id\":\"https:\/\/www.institutodeengenharia.org.br\/site\/#\/schema\/person\/aeb64951c405e100d26d30b033dd423f\"},\"headline\":\"4\u00ba Workshop Petr\u00f3leo &#038; G\u00e1s &#8211; Uma vis\u00e3o de baixa emiss\u00e3o\",\"datePublished\":\"2020-07-13T13:00:44+00:00\",\"dateModified\":\"2020-09-11T14:48:32+00:00\",\"mainEntityOfPage\":{\"@id\":\"https:\/\/www.institutodeengenharia.org.br\/site\/2020\/07\/13\/4o-workshop-petroleo-gas-uma-visao-de-baixa-emissao\/\"},\"wordCount\":2893,\"commentCount\":0,\"publisher\":{\"@id\":\"https:\/\/www.institutodeengenharia.org.br\/site\/#organization\"},\"image\":{\"@id\":\"https:\/\/www.institutodeengenharia.org.br\/site\/2020\/07\/13\/4o-workshop-petroleo-gas-uma-visao-de-baixa-emissao\/#primaryimage\"},\"thumbnailUrl\":\"https:\/\/www.institutodeengenharia.org.br\/site\/wp-content\/uploads\/2020\/06\/petr\u00f3leo-e-g\u00e1s-1.jpg\",\"articleSection\":[\"Nova TV Engenharia\",\"Semin\u00e1rio\"],\"inLanguage\":\"pt-BR\",\"potentialAction\":[{\"@type\":\"CommentAction\",\"name\":\"Comment\",\"target\":[\"https:\/\/www.institutodeengenharia.org.br\/site\/2020\/07\/13\/4o-workshop-petroleo-gas-uma-visao-de-baixa-emissao\/#respond\"]}]},{\"@type\":\"WebPage\",\"@id\":\"https:\/\/www.institutodeengenharia.org.br\/site\/2020\/07\/13\/4o-workshop-petroleo-gas-uma-visao-de-baixa-emissao\/\",\"url\":\"https:\/\/www.institutodeengenharia.org.br\/site\/2020\/07\/13\/4o-workshop-petroleo-gas-uma-visao-de-baixa-emissao\/\",\"name\":\"4\u00ba Workshop Petr\u00f3leo & G\u00e1s - Uma vis\u00e3o de baixa emiss\u00e3o - Instituto de Engenharia\",\"isPartOf\":{\"@id\":\"https:\/\/www.institutodeengenharia.org.br\/site\/#website\"},\"primaryImageOfPage\":{\"@id\":\"https:\/\/www.institutodeengenharia.org.br\/site\/2020\/07\/13\/4o-workshop-petroleo-gas-uma-visao-de-baixa-emissao\/#primaryimage\"},\"image\":{\"@id\":\"https:\/\/www.institutodeengenharia.org.br\/site\/2020\/07\/13\/4o-workshop-petroleo-gas-uma-visao-de-baixa-emissao\/#primaryimage\"},\"thumbnailUrl\":\"https:\/\/www.institutodeengenharia.org.br\/site\/wp-content\/uploads\/2020\/06\/petr\u00f3leo-e-g\u00e1s-1.jpg\",\"datePublished\":\"2020-07-13T13:00:44+00:00\",\"dateModified\":\"2020-09-11T14:48:32+00:00\",\"breadcrumb\":{\"@id\":\"https:\/\/www.institutodeengenharia.org.br\/site\/2020\/07\/13\/4o-workshop-petroleo-gas-uma-visao-de-baixa-emissao\/#breadcrumb\"},\"inLanguage\":\"pt-BR\",\"potentialAction\":[{\"@type\":\"ReadAction\",\"target\":[\"https:\/\/www.institutodeengenharia.org.br\/site\/2020\/07\/13\/4o-workshop-petroleo-gas-uma-visao-de-baixa-emissao\/\"]}]},{\"@type\":\"ImageObject\",\"inLanguage\":\"pt-BR\",\"@id\":\"https:\/\/www.institutodeengenharia.org.br\/site\/2020\/07\/13\/4o-workshop-petroleo-gas-uma-visao-de-baixa-emissao\/#primaryimage\",\"url\":\"https:\/\/www.institutodeengenharia.org.br\/site\/wp-content\/uploads\/2020\/06\/petr\u00f3leo-e-g\u00e1s-1.jpg\",\"contentUrl\":\"https:\/\/www.institutodeengenharia.org.br\/site\/wp-content\/uploads\/2020\/06\/petr\u00f3leo-e-g\u00e1s-1.jpg\",\"width\":3500,\"height\":2203},{\"@type\":\"BreadcrumbList\",\"@id\":\"https:\/\/www.institutodeengenharia.org.br\/site\/2020\/07\/13\/4o-workshop-petroleo-gas-uma-visao-de-baixa-emissao\/#breadcrumb\",\"itemListElement\":[{\"@type\":\"ListItem\",\"position\":1,\"name\":\"In\u00edcio\",\"item\":\"https:\/\/www.institutodeengenharia.org.br\/site\/\"},{\"@type\":\"ListItem\",\"position\":2,\"name\":\"4\u00ba Workshop Petr\u00f3leo &#038; G\u00e1s &#8211; Uma vis\u00e3o de baixa emiss\u00e3o\"}]},{\"@type\":\"WebSite\",\"@id\":\"https:\/\/www.institutodeengenharia.org.br\/site\/#website\",\"url\":\"https:\/\/www.institutodeengenharia.org.br\/site\/\",\"name\":\"Instituto de Engenharia\",\"description\":\"O Instituto de Engenharia promove a Engenharia em benef\u00edcio do desenvolvimento e da qualidade de vida da sociedade.\",\"publisher\":{\"@id\":\"https:\/\/www.institutodeengenharia.org.br\/site\/#organization\"},\"potentialAction\":[{\"@type\":\"SearchAction\",\"target\":{\"@type\":\"EntryPoint\",\"urlTemplate\":\"https:\/\/www.institutodeengenharia.org.br\/site\/?s={search_term_string}\"},\"query-input\":{\"@type\":\"PropertyValueSpecification\",\"valueRequired\":true,\"valueName\":\"search_term_string\"}}],\"inLanguage\":\"pt-BR\"},{\"@type\":\"Organization\",\"@id\":\"https:\/\/www.institutodeengenharia.org.br\/site\/#organization\",\"name\":\"Instituto de Engenharia\",\"url\":\"https:\/\/www.institutodeengenharia.org.br\/site\/\",\"logo\":{\"@type\":\"ImageObject\",\"inLanguage\":\"pt-BR\",\"@id\":\"https:\/\/www.institutodeengenharia.org.br\/site\/#\/schema\/logo\/image\/\",\"url\":\"https:\/\/www.institutodeengenharia.org.br\/site\/wp-content\/uploads\/2019\/03\/logo-novo-IE2018-1.jpg\",\"contentUrl\":\"https:\/\/www.institutodeengenharia.org.br\/site\/wp-content\/uploads\/2019\/03\/logo-novo-IE2018-1.jpg\",\"width\":1486,\"height\":1879,\"caption\":\"Instituto de Engenharia\"},\"image\":{\"@id\":\"https:\/\/www.institutodeengenharia.org.br\/site\/#\/schema\/logo\/image\/\"},\"sameAs\":[\"https:\/\/www.facebook.com\/institutodeengenharia\",\"https:\/\/x.com\/iengenharia\",\"https:\/\/www.instagram.com\/institutodeengenharia\/\",\"https:\/\/www.linkedin.com\/company\/instituto-de-engenharia\/\",\"https:\/\/www.youtube.com\/channel\/UCXiCAlsSMe977vamW915HxA\"]},{\"@type\":\"Person\",\"@id\":\"https:\/\/www.institutodeengenharia.org.br\/site\/#\/schema\/person\/aeb64951c405e100d26d30b033dd423f\",\"name\":\"Bianca\",\"image\":{\"@type\":\"ImageObject\",\"inLanguage\":\"pt-BR\",\"@id\":\"https:\/\/secure.gravatar.com\/avatar\/a6fbe9bff57405baf4c1e2c5c1811e072b558253974a9f9508f4678900c97c2a?s=96&d=mm&r=g\",\"url\":\"https:\/\/secure.gravatar.com\/avatar\/a6fbe9bff57405baf4c1e2c5c1811e072b558253974a9f9508f4678900c97c2a?s=96&d=mm&r=g\",\"contentUrl\":\"https:\/\/secure.gravatar.com\/avatar\/a6fbe9bff57405baf4c1e2c5c1811e072b558253974a9f9508f4678900c97c2a?s=96&d=mm&r=g\",\"caption\":\"Bianca\"},\"url\":\"https:\/\/www.institutodeengenharia.org.br\/site\/author\/comunicacao1\/\"}]}<\/script>\n<!-- \/ Yoast SEO plugin. -->","yoast_head_json":{"title":"4\u00ba Workshop Petr\u00f3leo & G\u00e1s - Uma vis\u00e3o de baixa emiss\u00e3o - Instituto de Engenharia","robots":{"index":"index","follow":"follow","max-snippet":"max-snippet:-1","max-image-preview":"max-image-preview:large","max-video-preview":"max-video-preview:-1"},"canonical":"https:\/\/www.institutodeengenharia.org.br\/site\/2020\/07\/13\/4o-workshop-petroleo-gas-uma-visao-de-baixa-emissao\/","og_locale":"pt_BR","og_type":"article","og_title":"4\u00ba Workshop Petr\u00f3leo & G\u00e1s - Uma vis\u00e3o de baixa emiss\u00e3o - Instituto de Engenharia","og_description":"&nbsp; Assista abaixo \u00e0s grava\u00e7\u00f5es: Abertura Painel 1: Biog\u00e1s\/Biometano &#8211; Oportunidades Painel 2: Uso do H2 associado ao G\u00e1s Natural para redu\u00e7\u00e3o de emiss\u00f5es Painel 3: Produ\u00e7\u00e3o de Energia de Baixo Carbono Painel 4: A import\u00e2ncia dos Hidrocarbonetos na Descarboniza\u00e7\u00e3o &nbsp; + Informa\u00e7\u00f5es: PROGRAMA\u00c7\u00c3O: Abertura Eduardo Ferreira Lafraia \u2013 Presidente do Instituto de Engenharia (IE) [&hellip;]","og_url":"https:\/\/www.institutodeengenharia.org.br\/site\/2020\/07\/13\/4o-workshop-petroleo-gas-uma-visao-de-baixa-emissao\/","og_site_name":"Instituto de Engenharia","article_publisher":"https:\/\/www.facebook.com\/institutodeengenharia","article_published_time":"2020-07-13T13:00:44+00:00","article_modified_time":"2020-09-11T14:48:32+00:00","og_image":[{"width":3500,"height":2203,"url":"https:\/\/www.institutodeengenharia.org.br\/site\/wp-content\/uploads\/2020\/06\/petr\u00f3leo-e-g\u00e1s-1.jpg","type":"image\/jpeg"}],"author":"Bianca","twitter_card":"summary_large_image","twitter_creator":"@iengenharia","twitter_site":"@iengenharia","twitter_misc":{"Escrito por":"Bianca","Est. tempo de leitura":"14 minutos"},"schema":{"@context":"https:\/\/schema.org","@graph":[{"@type":"Article","@id":"https:\/\/www.institutodeengenharia.org.br\/site\/2020\/07\/13\/4o-workshop-petroleo-gas-uma-visao-de-baixa-emissao\/#article","isPartOf":{"@id":"https:\/\/www.institutodeengenharia.org.br\/site\/2020\/07\/13\/4o-workshop-petroleo-gas-uma-visao-de-baixa-emissao\/"},"author":{"name":"Bianca","@id":"https:\/\/www.institutodeengenharia.org.br\/site\/#\/schema\/person\/aeb64951c405e100d26d30b033dd423f"},"headline":"4\u00ba Workshop Petr\u00f3leo &#038; G\u00e1s &#8211; Uma vis\u00e3o de baixa emiss\u00e3o","datePublished":"2020-07-13T13:00:44+00:00","dateModified":"2020-09-11T14:48:32+00:00","mainEntityOfPage":{"@id":"https:\/\/www.institutodeengenharia.org.br\/site\/2020\/07\/13\/4o-workshop-petroleo-gas-uma-visao-de-baixa-emissao\/"},"wordCount":2893,"commentCount":0,"publisher":{"@id":"https:\/\/www.institutodeengenharia.org.br\/site\/#organization"},"image":{"@id":"https:\/\/www.institutodeengenharia.org.br\/site\/2020\/07\/13\/4o-workshop-petroleo-gas-uma-visao-de-baixa-emissao\/#primaryimage"},"thumbnailUrl":"https:\/\/www.institutodeengenharia.org.br\/site\/wp-content\/uploads\/2020\/06\/petr\u00f3leo-e-g\u00e1s-1.jpg","articleSection":["Nova TV Engenharia","Semin\u00e1rio"],"inLanguage":"pt-BR","potentialAction":[{"@type":"CommentAction","name":"Comment","target":["https:\/\/www.institutodeengenharia.org.br\/site\/2020\/07\/13\/4o-workshop-petroleo-gas-uma-visao-de-baixa-emissao\/#respond"]}]},{"@type":"WebPage","@id":"https:\/\/www.institutodeengenharia.org.br\/site\/2020\/07\/13\/4o-workshop-petroleo-gas-uma-visao-de-baixa-emissao\/","url":"https:\/\/www.institutodeengenharia.org.br\/site\/2020\/07\/13\/4o-workshop-petroleo-gas-uma-visao-de-baixa-emissao\/","name":"4\u00ba Workshop Petr\u00f3leo & G\u00e1s - Uma vis\u00e3o de baixa emiss\u00e3o - Instituto de Engenharia","isPartOf":{"@id":"https:\/\/www.institutodeengenharia.org.br\/site\/#website"},"primaryImageOfPage":{"@id":"https:\/\/www.institutodeengenharia.org.br\/site\/2020\/07\/13\/4o-workshop-petroleo-gas-uma-visao-de-baixa-emissao\/#primaryimage"},"image":{"@id":"https:\/\/www.institutodeengenharia.org.br\/site\/2020\/07\/13\/4o-workshop-petroleo-gas-uma-visao-de-baixa-emissao\/#primaryimage"},"thumbnailUrl":"https:\/\/www.institutodeengenharia.org.br\/site\/wp-content\/uploads\/2020\/06\/petr\u00f3leo-e-g\u00e1s-1.jpg","datePublished":"2020-07-13T13:00:44+00:00","dateModified":"2020-09-11T14:48:32+00:00","breadcrumb":{"@id":"https:\/\/www.institutodeengenharia.org.br\/site\/2020\/07\/13\/4o-workshop-petroleo-gas-uma-visao-de-baixa-emissao\/#breadcrumb"},"inLanguage":"pt-BR","potentialAction":[{"@type":"ReadAction","target":["https:\/\/www.institutodeengenharia.org.br\/site\/2020\/07\/13\/4o-workshop-petroleo-gas-uma-visao-de-baixa-emissao\/"]}]},{"@type":"ImageObject","inLanguage":"pt-BR","@id":"https:\/\/www.institutodeengenharia.org.br\/site\/2020\/07\/13\/4o-workshop-petroleo-gas-uma-visao-de-baixa-emissao\/#primaryimage","url":"https:\/\/www.institutodeengenharia.org.br\/site\/wp-content\/uploads\/2020\/06\/petr\u00f3leo-e-g\u00e1s-1.jpg","contentUrl":"https:\/\/www.institutodeengenharia.org.br\/site\/wp-content\/uploads\/2020\/06\/petr\u00f3leo-e-g\u00e1s-1.jpg","width":3500,"height":2203},{"@type":"BreadcrumbList","@id":"https:\/\/www.institutodeengenharia.org.br\/site\/2020\/07\/13\/4o-workshop-petroleo-gas-uma-visao-de-baixa-emissao\/#breadcrumb","itemListElement":[{"@type":"ListItem","position":1,"name":"In\u00edcio","item":"https:\/\/www.institutodeengenharia.org.br\/site\/"},{"@type":"ListItem","position":2,"name":"4\u00ba Workshop Petr\u00f3leo &#038; G\u00e1s &#8211; Uma vis\u00e3o de baixa emiss\u00e3o"}]},{"@type":"WebSite","@id":"https:\/\/www.institutodeengenharia.org.br\/site\/#website","url":"https:\/\/www.institutodeengenharia.org.br\/site\/","name":"Instituto de Engenharia","description":"O Instituto de Engenharia promove a Engenharia em benef\u00edcio do desenvolvimento e da qualidade de vida da sociedade.","publisher":{"@id":"https:\/\/www.institutodeengenharia.org.br\/site\/#organization"},"potentialAction":[{"@type":"SearchAction","target":{"@type":"EntryPoint","urlTemplate":"https:\/\/www.institutodeengenharia.org.br\/site\/?s={search_term_string}"},"query-input":{"@type":"PropertyValueSpecification","valueRequired":true,"valueName":"search_term_string"}}],"inLanguage":"pt-BR"},{"@type":"Organization","@id":"https:\/\/www.institutodeengenharia.org.br\/site\/#organization","name":"Instituto de Engenharia","url":"https:\/\/www.institutodeengenharia.org.br\/site\/","logo":{"@type":"ImageObject","inLanguage":"pt-BR","@id":"https:\/\/www.institutodeengenharia.org.br\/site\/#\/schema\/logo\/image\/","url":"https:\/\/www.institutodeengenharia.org.br\/site\/wp-content\/uploads\/2019\/03\/logo-novo-IE2018-1.jpg","contentUrl":"https:\/\/www.institutodeengenharia.org.br\/site\/wp-content\/uploads\/2019\/03\/logo-novo-IE2018-1.jpg","width":1486,"height":1879,"caption":"Instituto de Engenharia"},"image":{"@id":"https:\/\/www.institutodeengenharia.org.br\/site\/#\/schema\/logo\/image\/"},"sameAs":["https:\/\/www.facebook.com\/institutodeengenharia","https:\/\/x.com\/iengenharia","https:\/\/www.instagram.com\/institutodeengenharia\/","https:\/\/www.linkedin.com\/company\/instituto-de-engenharia\/","https:\/\/www.youtube.com\/channel\/UCXiCAlsSMe977vamW915HxA"]},{"@type":"Person","@id":"https:\/\/www.institutodeengenharia.org.br\/site\/#\/schema\/person\/aeb64951c405e100d26d30b033dd423f","name":"Bianca","image":{"@type":"ImageObject","inLanguage":"pt-BR","@id":"https:\/\/secure.gravatar.com\/avatar\/a6fbe9bff57405baf4c1e2c5c1811e072b558253974a9f9508f4678900c97c2a?s=96&d=mm&r=g","url":"https:\/\/secure.gravatar.com\/avatar\/a6fbe9bff57405baf4c1e2c5c1811e072b558253974a9f9508f4678900c97c2a?s=96&d=mm&r=g","contentUrl":"https:\/\/secure.gravatar.com\/avatar\/a6fbe9bff57405baf4c1e2c5c1811e072b558253974a9f9508f4678900c97c2a?s=96&d=mm&r=g","caption":"Bianca"},"url":"https:\/\/www.institutodeengenharia.org.br\/site\/author\/comunicacao1\/"}]}},"_links":{"self":[{"href":"https:\/\/www.institutodeengenharia.org.br\/site\/wp-json\/wp\/v2\/posts\/70634","targetHints":{"allow":["GET"]}}],"collection":[{"href":"https:\/\/www.institutodeengenharia.org.br\/site\/wp-json\/wp\/v2\/posts"}],"about":[{"href":"https:\/\/www.institutodeengenharia.org.br\/site\/wp-json\/wp\/v2\/types\/post"}],"author":[{"embeddable":true,"href":"https:\/\/www.institutodeengenharia.org.br\/site\/wp-json\/wp\/v2\/users\/13"}],"replies":[{"embeddable":true,"href":"https:\/\/www.institutodeengenharia.org.br\/site\/wp-json\/wp\/v2\/comments?post=70634"}],"version-history":[{"count":4,"href":"https:\/\/www.institutodeengenharia.org.br\/site\/wp-json\/wp\/v2\/posts\/70634\/revisions"}],"predecessor-version":[{"id":70809,"href":"https:\/\/www.institutodeengenharia.org.br\/site\/wp-json\/wp\/v2\/posts\/70634\/revisions\/70809"}],"wp:featuredmedia":[{"embeddable":true,"href":"https:\/\/www.institutodeengenharia.org.br\/site\/wp-json\/wp\/v2\/media\/68227"}],"wp:attachment":[{"href":"https:\/\/www.institutodeengenharia.org.br\/site\/wp-json\/wp\/v2\/media?parent=70634"}],"wp:term":[{"taxonomy":"category","embeddable":true,"href":"https:\/\/www.institutodeengenharia.org.br\/site\/wp-json\/wp\/v2\/categories?post=70634"},{"taxonomy":"post_tag","embeddable":true,"href":"https:\/\/www.institutodeengenharia.org.br\/site\/wp-json\/wp\/v2\/tags?post=70634"}],"curies":[{"name":"wp","href":"https:\/\/api.w.org\/{rel}","templated":true}]}}