{"id":70332,"date":"2020-08-21T10:03:42","date_gmt":"2020-08-21T13:03:42","guid":{"rendered":"https:\/\/www.institutodeengenharia.org.br\/site\/?p=70332"},"modified":"2020-08-27T12:11:03","modified_gmt":"2020-08-27T15:11:03","slug":"mindset-empresarial-na-transformacao-resiliente-engenheirando-uma-estrategia-para-a-existencia-de-empresas","status":"publish","type":"post","link":"https:\/\/www.institutodeengenharia.org.br\/site\/2020\/08\/21\/mindset-empresarial-na-transformacao-resiliente-engenheirando-uma-estrategia-para-a-existencia-de-empresas\/","title":{"rendered":"Mindset Empresarial na Transforma\u00e7\u00e3o Resiliente &#8211; Engenheirando uma estrat\u00e9gia para a exist\u00eancia de empresas"},"content":{"rendered":"<p>A palestra<strong>\u00a0Mindset Empresarial na Transforma\u00e7\u00e3o Resiliente &#8211; Engenheirando uma estrat\u00e9gia para a exist\u00eancia de empresas <\/strong>faz parte da\u00a0<em>S\u00e9rie Webinar: Falando em Engenheirar<\/em>, uma realiza\u00e7\u00e3o do Instituto de Engenharia.<\/p>\n<p>&nbsp;<\/p>\n<p><strong>Assista abaixo \u00e0 grava\u00e7\u00e3o:<\/strong><\/p>\n<p><iframe loading=\"lazy\" src=\"https:\/\/player.vimeo.com\/video\/451840131\" width=\"640\" height=\"360\" frameborder=\"0\" allowfullscreen=\"allowfullscreen\"><\/iframe><br \/>\n&nbsp;<\/p>\n<p><strong>Palestrantes:<\/strong><\/p>\n<p><img loading=\"lazy\" decoding=\"async\" class=\"alignnone wp-image-69759\" src=\"https:\/\/www.institutodeengenharia.org.br\/site\/wp-content\/uploads\/2020\/08\/Wladimir-Palermo-e1596808058641.png\" alt=\"\" width=\"138\" height=\"144\" \/><\/p>\n<p><strong>Wladimir Palermo<\/strong><\/p>\n<p>Bacharel em Administra\u00e7\u00e3o de Empresas com diversas especializa\u00e7\u00f5es na \u00e1rea do Comportamento Humano e autor de algumas das metodologias utilizadas no grupo BEST IN CLASS\u00ae. Executivo nas \u00e1reas de Controladoria e Industrial de grandes organiza\u00e7\u00f5es. Foi presidente do grupo Quadrata, projeto de <em>turnaround<\/em> exitoso que culminou com a compra da empresa por um grupo norte-americano. Foi fundador da MC1 Mobile Technologies em sociedade com Funda\u00e7\u00e3o Atech e Mitsubishi Corporation. \u00c9 s\u00f3cio-fundador do grupo BEST IN CLASS\u00ae.<\/p>\n<p><img loading=\"lazy\" decoding=\"async\" class=\"alignnone wp-image-69760\" src=\"https:\/\/www.institutodeengenharia.org.br\/site\/wp-content\/uploads\/2020\/08\/Paulo-Grise-e1596808094222.jpg\" alt=\"\" width=\"129\" height=\"157\" \/><\/p>\n<p><strong>Paulo Grise<\/strong><\/p>\n<p>Bacharel em Engenharia de Produ\u00e7\u00e3o, mestre em Gerenciamento pela INSEAD, com MBA pela FEI e pela FUMEC. Atuou como gerente de Engenharia Industrial, gerente de Suprimentos e gerente de Marketing da Alcan Alum\u00ednio do Brasil S.A. Foi consultor s\u00eanior de Marketing Industrial na JCTM Marketing Industrial. Possui mais de duas d\u00e9cadas de experi\u00eancia como consultor de gest\u00e3o para ind\u00fastrias e neg\u00f3cios. Atualmente \u00e9 professor da Escola de Marketing Industrial e s\u00f3cio-propriet\u00e1rio da Paulo Grise Consultoria.<\/p>\n<p><img loading=\"lazy\" decoding=\"async\" class=\"alignnone wp-image-69761\" src=\"https:\/\/www.institutodeengenharia.org.br\/site\/wp-content\/uploads\/2020\/08\/Jos\u00e9-Carlos-de-Souza-Jr-e1596808139448.jpg\" alt=\"\" width=\"137\" height=\"147\" \/><\/p>\n<p><strong>Jos\u00e9 Carlos de Souza Jr.<\/strong><\/p>\n<p>Bacharel em Engenharia El\u00e9trica e Eletr\u00f4nica pela Escola de Engenharia Mau\u00e1, com mestrado e doutorado em Engenharia El\u00e9trica pela USP. Foi s\u00f3cio-diretor do Grupo Mosaico, professor pela Universidade S\u00e3o Judas Tadeu e pelo Centro Universit\u00e1rio da FEI. Atualmente \u00e9 s\u00f3cio da Versor Inova\u00e7\u00e3o Tecnol\u00f3gica, da Motom e reitor do Centro Universit\u00e1rio do Instituto Mau\u00e1 de Tecnologia.<\/p>\n<p><strong>Moderador:<\/strong><\/p>\n<p><img loading=\"lazy\" decoding=\"async\" class=\"alignnone wp-image-69762\" src=\"https:\/\/www.institutodeengenharia.org.br\/site\/wp-content\/uploads\/2020\/08\/George-Paulus-Dias.png\" alt=\"\" width=\"140\" height=\"140\" srcset=\"https:\/\/www.institutodeengenharia.org.br\/site\/wp-content\/uploads\/2020\/08\/George-Paulus-Dias.png 200w, https:\/\/www.institutodeengenharia.org.br\/site\/wp-content\/uploads\/2020\/08\/George-Paulus-Dias-150x150.png 150w, https:\/\/www.institutodeengenharia.org.br\/site\/wp-content\/uploads\/2020\/08\/George-Paulus-Dias-100x100.png 100w\" sizes=\"auto, (max-width: 140px) 100vw, 140px\" \/><\/p>\n<p><strong>George Paulus Dias<\/strong><\/p>\n<p>Bacharel em Engenharia de Produ\u00e7\u00e3o pela EPUSP, t\u00e9cnico em eletr\u00f4nica pelo LAO SP, com mestrado em Engenharia de Produ\u00e7\u00e3o com \u00eanfase em Log\u00edstica e doutorado com \u00eanfase na Aprendizagem com Jogos de Empresa pela EPUSP. Atuou no Insper, como professor de\u00a0<em>supply chain<\/em>\u00a0na gradua\u00e7\u00e3o do curso de Administra\u00e7\u00e3o de Empresas. Foi professor do curso de MBA em Gest\u00e3o e Especializa\u00e7\u00e3o em Log\u00edstica na Funda\u00e7\u00e3o Vanzolini. \u00c9 s\u00f3cio da Proage Consultoria e no Instituto de Engenharia \u00e9 diretor de Comunica\u00e7\u00e3o.<\/p>\n","protected":false},"excerpt":{"rendered":"<p>A palestra\u00a0Mindset Empresarial na Transforma\u00e7\u00e3o Resiliente &#8211; Engenheirando uma estrat\u00e9gia para a exist\u00eancia de empresas faz parte da\u00a0S\u00e9rie Webinar: Falando em Engenheirar, uma realiza\u00e7\u00e3o do Instituto de Engenharia. &nbsp; Assista abaixo \u00e0 grava\u00e7\u00e3o: &nbsp; Palestrantes: Wladimir Palermo Bacharel em Administra\u00e7\u00e3o de Empresas com diversas especializa\u00e7\u00f5es na \u00e1rea do Comportamento Humano e autor de algumas das [&hellip;]<\/p>\n","protected":false},"author":13,"featured_media":70334,"comment_status":"open","ping_status":"open","sticky":false,"template":"","format":"standard","meta":{"footnotes":""},"categories":[968,969],"tags":[],"class_list":{"0":"post-70332","1":"post","2":"type-post","3":"status-publish","4":"format-standard","5":"has-post-thumbnail","7":"category-nova-tv-engenharia","8":"category-palestra"},"yoast_head":"<!-- This site is optimized with the Yoast SEO plugin v27.2 - https:\/\/yoast.com\/product\/yoast-seo-wordpress\/ -->\n<title>Mindset Empresarial na Transforma\u00e7\u00e3o Resiliente - Engenheirando uma estrat\u00e9gia para a exist\u00eancia de empresas - Instituto de Engenharia<\/title>\n<meta name=\"robots\" content=\"index, follow, max-snippet:-1, max-image-preview:large, max-video-preview:-1\" \/>\n<link rel=\"canonical\" href=\"https:\/\/www.institutodeengenharia.org.br\/site\/2020\/08\/21\/mindset-empresarial-na-transformacao-resiliente-engenheirando-uma-estrategia-para-a-existencia-de-empresas\/\" \/>\n<meta property=\"og:locale\" content=\"pt_BR\" \/>\n<meta property=\"og:type\" content=\"article\" \/>\n<meta property=\"og:title\" content=\"Mindset Empresarial na Transforma\u00e7\u00e3o Resiliente - Engenheirando uma estrat\u00e9gia para a exist\u00eancia de empresas - Instituto de Engenharia\" \/>\n<meta property=\"og:description\" content=\"A palestra\u00a0Mindset Empresarial na Transforma\u00e7\u00e3o Resiliente &#8211; Engenheirando uma estrat\u00e9gia para a exist\u00eancia de empresas faz parte da\u00a0S\u00e9rie Webinar: Falando em Engenheirar, uma realiza\u00e7\u00e3o do Instituto de Engenharia. &nbsp; Assista abaixo \u00e0 grava\u00e7\u00e3o: &nbsp; Palestrantes: Wladimir Palermo Bacharel em Administra\u00e7\u00e3o de Empresas com diversas especializa\u00e7\u00f5es na \u00e1rea do Comportamento Humano e autor de algumas das [&hellip;]\" \/>\n<meta property=\"og:url\" content=\"https:\/\/www.institutodeengenharia.org.br\/site\/2020\/08\/21\/mindset-empresarial-na-transformacao-resiliente-engenheirando-uma-estrategia-para-a-existencia-de-empresas\/\" \/>\n<meta property=\"og:site_name\" content=\"Instituto de Engenharia\" \/>\n<meta property=\"article:publisher\" content=\"https:\/\/www.facebook.com\/institutodeengenharia\" \/>\n<meta property=\"article:published_time\" content=\"2020-08-21T13:03:42+00:00\" \/>\n<meta property=\"article:modified_time\" content=\"2020-08-27T15:11:03+00:00\" \/>\n<meta property=\"og:image\" content=\"https:\/\/www.institutodeengenharia.org.br\/site\/wp-content\/uploads\/2020\/08\/tvMindset-Empresarial-na-Transforma\u00e7\u00e3o-Resiliente-Engenheirando-uma-estrat\u00e9gia-para-a-exist\u00eancia-de-empresas.jpg\" \/>\n\t<meta property=\"og:image:width\" content=\"1034\" \/>\n\t<meta property=\"og:image:height\" content=\"605\" \/>\n\t<meta property=\"og:image:type\" content=\"image\/jpeg\" \/>\n<meta name=\"author\" content=\"Bianca\" \/>\n<meta name=\"twitter:card\" content=\"summary_large_image\" \/>\n<meta name=\"twitter:creator\" content=\"@iengenharia\" \/>\n<meta name=\"twitter:site\" content=\"@iengenharia\" \/>\n<meta name=\"twitter:label1\" content=\"Escrito por\" \/>\n\t<meta name=\"twitter:data1\" content=\"Bianca\" \/>\n\t<meta name=\"twitter:label2\" content=\"Est. tempo de leitura\" \/>\n\t<meta name=\"twitter:data2\" content=\"2 minutos\" \/>\n<script type=\"application\/ld+json\" class=\"yoast-schema-graph\">{\"@context\":\"https:\/\/schema.org\",\"@graph\":[{\"@type\":\"Article\",\"@id\":\"https:\/\/www.institutodeengenharia.org.br\/site\/2020\/08\/21\/mindset-empresarial-na-transformacao-resiliente-engenheirando-uma-estrategia-para-a-existencia-de-empresas\/#article\",\"isPartOf\":{\"@id\":\"https:\/\/www.institutodeengenharia.org.br\/site\/2020\/08\/21\/mindset-empresarial-na-transformacao-resiliente-engenheirando-uma-estrategia-para-a-existencia-de-empresas\/\"},\"author\":{\"name\":\"Bianca\",\"@id\":\"https:\/\/www.institutodeengenharia.org.br\/site\/#\/schema\/person\/aeb64951c405e100d26d30b033dd423f\"},\"headline\":\"Mindset Empresarial na Transforma\u00e7\u00e3o Resiliente &#8211; Engenheirando uma estrat\u00e9gia para a exist\u00eancia de empresas\",\"datePublished\":\"2020-08-21T13:03:42+00:00\",\"dateModified\":\"2020-08-27T15:11:03+00:00\",\"mainEntityOfPage\":{\"@id\":\"https:\/\/www.institutodeengenharia.org.br\/site\/2020\/08\/21\/mindset-empresarial-na-transformacao-resiliente-engenheirando-uma-estrategia-para-a-existencia-de-empresas\/\"},\"wordCount\":393,\"commentCount\":0,\"publisher\":{\"@id\":\"https:\/\/www.institutodeengenharia.org.br\/site\/#organization\"},\"image\":{\"@id\":\"https:\/\/www.institutodeengenharia.org.br\/site\/2020\/08\/21\/mindset-empresarial-na-transformacao-resiliente-engenheirando-uma-estrategia-para-a-existencia-de-empresas\/#primaryimage\"},\"thumbnailUrl\":\"https:\/\/www.institutodeengenharia.org.br\/site\/wp-content\/uploads\/2020\/08\/tvMindset-Empresarial-na-Transforma\u00e7\u00e3o-Resiliente-Engenheirando-uma-estrat\u00e9gia-para-a-exist\u00eancia-de-empresas.jpg\",\"articleSection\":[\"Nova TV Engenharia\",\"Palestra\"],\"inLanguage\":\"pt-BR\",\"potentialAction\":[{\"@type\":\"CommentAction\",\"name\":\"Comment\",\"target\":[\"https:\/\/www.institutodeengenharia.org.br\/site\/2020\/08\/21\/mindset-empresarial-na-transformacao-resiliente-engenheirando-uma-estrategia-para-a-existencia-de-empresas\/#respond\"]}]},{\"@type\":\"WebPage\",\"@id\":\"https:\/\/www.institutodeengenharia.org.br\/site\/2020\/08\/21\/mindset-empresarial-na-transformacao-resiliente-engenheirando-uma-estrategia-para-a-existencia-de-empresas\/\",\"url\":\"https:\/\/www.institutodeengenharia.org.br\/site\/2020\/08\/21\/mindset-empresarial-na-transformacao-resiliente-engenheirando-uma-estrategia-para-a-existencia-de-empresas\/\",\"name\":\"Mindset Empresarial na Transforma\u00e7\u00e3o Resiliente - Engenheirando uma estrat\u00e9gia para a exist\u00eancia de empresas - Instituto de Engenharia\",\"isPartOf\":{\"@id\":\"https:\/\/www.institutodeengenharia.org.br\/site\/#website\"},\"primaryImageOfPage\":{\"@id\":\"https:\/\/www.institutodeengenharia.org.br\/site\/2020\/08\/21\/mindset-empresarial-na-transformacao-resiliente-engenheirando-uma-estrategia-para-a-existencia-de-empresas\/#primaryimage\"},\"image\":{\"@id\":\"https:\/\/www.institutodeengenharia.org.br\/site\/2020\/08\/21\/mindset-empresarial-na-transformacao-resiliente-engenheirando-uma-estrategia-para-a-existencia-de-empresas\/#primaryimage\"},\"thumbnailUrl\":\"https:\/\/www.institutodeengenharia.org.br\/site\/wp-content\/uploads\/2020\/08\/tvMindset-Empresarial-na-Transforma\u00e7\u00e3o-Resiliente-Engenheirando-uma-estrat\u00e9gia-para-a-exist\u00eancia-de-empresas.jpg\",\"datePublished\":\"2020-08-21T13:03:42+00:00\",\"dateModified\":\"2020-08-27T15:11:03+00:00\",\"breadcrumb\":{\"@id\":\"https:\/\/www.institutodeengenharia.org.br\/site\/2020\/08\/21\/mindset-empresarial-na-transformacao-resiliente-engenheirando-uma-estrategia-para-a-existencia-de-empresas\/#breadcrumb\"},\"inLanguage\":\"pt-BR\",\"potentialAction\":[{\"@type\":\"ReadAction\",\"target\":[\"https:\/\/www.institutodeengenharia.org.br\/site\/2020\/08\/21\/mindset-empresarial-na-transformacao-resiliente-engenheirando-uma-estrategia-para-a-existencia-de-empresas\/\"]}]},{\"@type\":\"ImageObject\",\"inLanguage\":\"pt-BR\",\"@id\":\"https:\/\/www.institutodeengenharia.org.br\/site\/2020\/08\/21\/mindset-empresarial-na-transformacao-resiliente-engenheirando-uma-estrategia-para-a-existencia-de-empresas\/#primaryimage\",\"url\":\"https:\/\/www.institutodeengenharia.org.br\/site\/wp-content\/uploads\/2020\/08\/tvMindset-Empresarial-na-Transforma\u00e7\u00e3o-Resiliente-Engenheirando-uma-estrat\u00e9gia-para-a-exist\u00eancia-de-empresas.jpg\",\"contentUrl\":\"https:\/\/www.institutodeengenharia.org.br\/site\/wp-content\/uploads\/2020\/08\/tvMindset-Empresarial-na-Transforma\u00e7\u00e3o-Resiliente-Engenheirando-uma-estrat\u00e9gia-para-a-exist\u00eancia-de-empresas.jpg\",\"width\":1034,\"height\":605},{\"@type\":\"BreadcrumbList\",\"@id\":\"https:\/\/www.institutodeengenharia.org.br\/site\/2020\/08\/21\/mindset-empresarial-na-transformacao-resiliente-engenheirando-uma-estrategia-para-a-existencia-de-empresas\/#breadcrumb\",\"itemListElement\":[{\"@type\":\"ListItem\",\"position\":1,\"name\":\"In\u00edcio\",\"item\":\"https:\/\/www.institutodeengenharia.org.br\/site\/\"},{\"@type\":\"ListItem\",\"position\":2,\"name\":\"Mindset Empresarial na Transforma\u00e7\u00e3o Resiliente &#8211; Engenheirando uma estrat\u00e9gia para a exist\u00eancia de empresas\"}]},{\"@type\":\"WebSite\",\"@id\":\"https:\/\/www.institutodeengenharia.org.br\/site\/#website\",\"url\":\"https:\/\/www.institutodeengenharia.org.br\/site\/\",\"name\":\"Instituto de Engenharia\",\"description\":\"O Instituto de Engenharia promove a Engenharia em benef\u00edcio do desenvolvimento e da qualidade de vida da sociedade.\",\"publisher\":{\"@id\":\"https:\/\/www.institutodeengenharia.org.br\/site\/#organization\"},\"potentialAction\":[{\"@type\":\"SearchAction\",\"target\":{\"@type\":\"EntryPoint\",\"urlTemplate\":\"https:\/\/www.institutodeengenharia.org.br\/site\/?s={search_term_string}\"},\"query-input\":{\"@type\":\"PropertyValueSpecification\",\"valueRequired\":true,\"valueName\":\"search_term_string\"}}],\"inLanguage\":\"pt-BR\"},{\"@type\":\"Organization\",\"@id\":\"https:\/\/www.institutodeengenharia.org.br\/site\/#organization\",\"name\":\"Instituto de Engenharia\",\"url\":\"https:\/\/www.institutodeengenharia.org.br\/site\/\",\"logo\":{\"@type\":\"ImageObject\",\"inLanguage\":\"pt-BR\",\"@id\":\"https:\/\/www.institutodeengenharia.org.br\/site\/#\/schema\/logo\/image\/\",\"url\":\"https:\/\/www.institutodeengenharia.org.br\/site\/wp-content\/uploads\/2019\/03\/logo-novo-IE2018-1.jpg\",\"contentUrl\":\"https:\/\/www.institutodeengenharia.org.br\/site\/wp-content\/uploads\/2019\/03\/logo-novo-IE2018-1.jpg\",\"width\":1486,\"height\":1879,\"caption\":\"Instituto de Engenharia\"},\"image\":{\"@id\":\"https:\/\/www.institutodeengenharia.org.br\/site\/#\/schema\/logo\/image\/\"},\"sameAs\":[\"https:\/\/www.facebook.com\/institutodeengenharia\",\"https:\/\/x.com\/iengenharia\",\"https:\/\/www.instagram.com\/institutodeengenharia\/\",\"https:\/\/www.linkedin.com\/company\/instituto-de-engenharia\/\",\"https:\/\/www.youtube.com\/channel\/UCXiCAlsSMe977vamW915HxA\"]},{\"@type\":\"Person\",\"@id\":\"https:\/\/www.institutodeengenharia.org.br\/site\/#\/schema\/person\/aeb64951c405e100d26d30b033dd423f\",\"name\":\"Bianca\",\"image\":{\"@type\":\"ImageObject\",\"inLanguage\":\"pt-BR\",\"@id\":\"https:\/\/secure.gravatar.com\/avatar\/a6fbe9bff57405baf4c1e2c5c1811e072b558253974a9f9508f4678900c97c2a?s=96&d=mm&r=g\",\"url\":\"https:\/\/secure.gravatar.com\/avatar\/a6fbe9bff57405baf4c1e2c5c1811e072b558253974a9f9508f4678900c97c2a?s=96&d=mm&r=g\",\"contentUrl\":\"https:\/\/secure.gravatar.com\/avatar\/a6fbe9bff57405baf4c1e2c5c1811e072b558253974a9f9508f4678900c97c2a?s=96&d=mm&r=g\",\"caption\":\"Bianca\"},\"url\":\"https:\/\/www.institutodeengenharia.org.br\/site\/author\/comunicacao1\/\"}]}<\/script>\n<!-- \/ Yoast SEO plugin. -->","yoast_head_json":{"title":"Mindset Empresarial na Transforma\u00e7\u00e3o Resiliente - Engenheirando uma estrat\u00e9gia para a exist\u00eancia de empresas - Instituto de Engenharia","robots":{"index":"index","follow":"follow","max-snippet":"max-snippet:-1","max-image-preview":"max-image-preview:large","max-video-preview":"max-video-preview:-1"},"canonical":"https:\/\/www.institutodeengenharia.org.br\/site\/2020\/08\/21\/mindset-empresarial-na-transformacao-resiliente-engenheirando-uma-estrategia-para-a-existencia-de-empresas\/","og_locale":"pt_BR","og_type":"article","og_title":"Mindset Empresarial na Transforma\u00e7\u00e3o Resiliente - Engenheirando uma estrat\u00e9gia para a exist\u00eancia de empresas - Instituto de Engenharia","og_description":"A palestra\u00a0Mindset Empresarial na Transforma\u00e7\u00e3o Resiliente &#8211; Engenheirando uma estrat\u00e9gia para a exist\u00eancia de empresas faz parte da\u00a0S\u00e9rie Webinar: Falando em Engenheirar, uma realiza\u00e7\u00e3o do Instituto de Engenharia. &nbsp; Assista abaixo \u00e0 grava\u00e7\u00e3o: &nbsp; Palestrantes: Wladimir Palermo Bacharel em Administra\u00e7\u00e3o de Empresas com diversas especializa\u00e7\u00f5es na \u00e1rea do Comportamento Humano e autor de algumas das [&hellip;]","og_url":"https:\/\/www.institutodeengenharia.org.br\/site\/2020\/08\/21\/mindset-empresarial-na-transformacao-resiliente-engenheirando-uma-estrategia-para-a-existencia-de-empresas\/","og_site_name":"Instituto de Engenharia","article_publisher":"https:\/\/www.facebook.com\/institutodeengenharia","article_published_time":"2020-08-21T13:03:42+00:00","article_modified_time":"2020-08-27T15:11:03+00:00","og_image":[{"width":1034,"height":605,"url":"https:\/\/www.institutodeengenharia.org.br\/site\/wp-content\/uploads\/2020\/08\/tvMindset-Empresarial-na-Transforma\u00e7\u00e3o-Resiliente-Engenheirando-uma-estrat\u00e9gia-para-a-exist\u00eancia-de-empresas.jpg","type":"image\/jpeg"}],"author":"Bianca","twitter_card":"summary_large_image","twitter_creator":"@iengenharia","twitter_site":"@iengenharia","twitter_misc":{"Escrito por":"Bianca","Est. tempo de leitura":"2 minutos"},"schema":{"@context":"https:\/\/schema.org","@graph":[{"@type":"Article","@id":"https:\/\/www.institutodeengenharia.org.br\/site\/2020\/08\/21\/mindset-empresarial-na-transformacao-resiliente-engenheirando-uma-estrategia-para-a-existencia-de-empresas\/#article","isPartOf":{"@id":"https:\/\/www.institutodeengenharia.org.br\/site\/2020\/08\/21\/mindset-empresarial-na-transformacao-resiliente-engenheirando-uma-estrategia-para-a-existencia-de-empresas\/"},"author":{"name":"Bianca","@id":"https:\/\/www.institutodeengenharia.org.br\/site\/#\/schema\/person\/aeb64951c405e100d26d30b033dd423f"},"headline":"Mindset Empresarial na Transforma\u00e7\u00e3o Resiliente &#8211; Engenheirando uma estrat\u00e9gia para a exist\u00eancia de empresas","datePublished":"2020-08-21T13:03:42+00:00","dateModified":"2020-08-27T15:11:03+00:00","mainEntityOfPage":{"@id":"https:\/\/www.institutodeengenharia.org.br\/site\/2020\/08\/21\/mindset-empresarial-na-transformacao-resiliente-engenheirando-uma-estrategia-para-a-existencia-de-empresas\/"},"wordCount":393,"commentCount":0,"publisher":{"@id":"https:\/\/www.institutodeengenharia.org.br\/site\/#organization"},"image":{"@id":"https:\/\/www.institutodeengenharia.org.br\/site\/2020\/08\/21\/mindset-empresarial-na-transformacao-resiliente-engenheirando-uma-estrategia-para-a-existencia-de-empresas\/#primaryimage"},"thumbnailUrl":"https:\/\/www.institutodeengenharia.org.br\/site\/wp-content\/uploads\/2020\/08\/tvMindset-Empresarial-na-Transforma\u00e7\u00e3o-Resiliente-Engenheirando-uma-estrat\u00e9gia-para-a-exist\u00eancia-de-empresas.jpg","articleSection":["Nova TV Engenharia","Palestra"],"inLanguage":"pt-BR","potentialAction":[{"@type":"CommentAction","name":"Comment","target":["https:\/\/www.institutodeengenharia.org.br\/site\/2020\/08\/21\/mindset-empresarial-na-transformacao-resiliente-engenheirando-uma-estrategia-para-a-existencia-de-empresas\/#respond"]}]},{"@type":"WebPage","@id":"https:\/\/www.institutodeengenharia.org.br\/site\/2020\/08\/21\/mindset-empresarial-na-transformacao-resiliente-engenheirando-uma-estrategia-para-a-existencia-de-empresas\/","url":"https:\/\/www.institutodeengenharia.org.br\/site\/2020\/08\/21\/mindset-empresarial-na-transformacao-resiliente-engenheirando-uma-estrategia-para-a-existencia-de-empresas\/","name":"Mindset Empresarial na Transforma\u00e7\u00e3o Resiliente - Engenheirando uma estrat\u00e9gia para a exist\u00eancia de empresas - Instituto de Engenharia","isPartOf":{"@id":"https:\/\/www.institutodeengenharia.org.br\/site\/#website"},"primaryImageOfPage":{"@id":"https:\/\/www.institutodeengenharia.org.br\/site\/2020\/08\/21\/mindset-empresarial-na-transformacao-resiliente-engenheirando-uma-estrategia-para-a-existencia-de-empresas\/#primaryimage"},"image":{"@id":"https:\/\/www.institutodeengenharia.org.br\/site\/2020\/08\/21\/mindset-empresarial-na-transformacao-resiliente-engenheirando-uma-estrategia-para-a-existencia-de-empresas\/#primaryimage"},"thumbnailUrl":"https:\/\/www.institutodeengenharia.org.br\/site\/wp-content\/uploads\/2020\/08\/tvMindset-Empresarial-na-Transforma\u00e7\u00e3o-Resiliente-Engenheirando-uma-estrat\u00e9gia-para-a-exist\u00eancia-de-empresas.jpg","datePublished":"2020-08-21T13:03:42+00:00","dateModified":"2020-08-27T15:11:03+00:00","breadcrumb":{"@id":"https:\/\/www.institutodeengenharia.org.br\/site\/2020\/08\/21\/mindset-empresarial-na-transformacao-resiliente-engenheirando-uma-estrategia-para-a-existencia-de-empresas\/#breadcrumb"},"inLanguage":"pt-BR","potentialAction":[{"@type":"ReadAction","target":["https:\/\/www.institutodeengenharia.org.br\/site\/2020\/08\/21\/mindset-empresarial-na-transformacao-resiliente-engenheirando-uma-estrategia-para-a-existencia-de-empresas\/"]}]},{"@type":"ImageObject","inLanguage":"pt-BR","@id":"https:\/\/www.institutodeengenharia.org.br\/site\/2020\/08\/21\/mindset-empresarial-na-transformacao-resiliente-engenheirando-uma-estrategia-para-a-existencia-de-empresas\/#primaryimage","url":"https:\/\/www.institutodeengenharia.org.br\/site\/wp-content\/uploads\/2020\/08\/tvMindset-Empresarial-na-Transforma\u00e7\u00e3o-Resiliente-Engenheirando-uma-estrat\u00e9gia-para-a-exist\u00eancia-de-empresas.jpg","contentUrl":"https:\/\/www.institutodeengenharia.org.br\/site\/wp-content\/uploads\/2020\/08\/tvMindset-Empresarial-na-Transforma\u00e7\u00e3o-Resiliente-Engenheirando-uma-estrat\u00e9gia-para-a-exist\u00eancia-de-empresas.jpg","width":1034,"height":605},{"@type":"BreadcrumbList","@id":"https:\/\/www.institutodeengenharia.org.br\/site\/2020\/08\/21\/mindset-empresarial-na-transformacao-resiliente-engenheirando-uma-estrategia-para-a-existencia-de-empresas\/#breadcrumb","itemListElement":[{"@type":"ListItem","position":1,"name":"In\u00edcio","item":"https:\/\/www.institutodeengenharia.org.br\/site\/"},{"@type":"ListItem","position":2,"name":"Mindset Empresarial na Transforma\u00e7\u00e3o Resiliente &#8211; Engenheirando uma estrat\u00e9gia para a exist\u00eancia de empresas"}]},{"@type":"WebSite","@id":"https:\/\/www.institutodeengenharia.org.br\/site\/#website","url":"https:\/\/www.institutodeengenharia.org.br\/site\/","name":"Instituto de Engenharia","description":"O Instituto de Engenharia promove a Engenharia em benef\u00edcio do desenvolvimento e da qualidade de vida da sociedade.","publisher":{"@id":"https:\/\/www.institutodeengenharia.org.br\/site\/#organization"},"potentialAction":[{"@type":"SearchAction","target":{"@type":"EntryPoint","urlTemplate":"https:\/\/www.institutodeengenharia.org.br\/site\/?s={search_term_string}"},"query-input":{"@type":"PropertyValueSpecification","valueRequired":true,"valueName":"search_term_string"}}],"inLanguage":"pt-BR"},{"@type":"Organization","@id":"https:\/\/www.institutodeengenharia.org.br\/site\/#organization","name":"Instituto de Engenharia","url":"https:\/\/www.institutodeengenharia.org.br\/site\/","logo":{"@type":"ImageObject","inLanguage":"pt-BR","@id":"https:\/\/www.institutodeengenharia.org.br\/site\/#\/schema\/logo\/image\/","url":"https:\/\/www.institutodeengenharia.org.br\/site\/wp-content\/uploads\/2019\/03\/logo-novo-IE2018-1.jpg","contentUrl":"https:\/\/www.institutodeengenharia.org.br\/site\/wp-content\/uploads\/2019\/03\/logo-novo-IE2018-1.jpg","width":1486,"height":1879,"caption":"Instituto de Engenharia"},"image":{"@id":"https:\/\/www.institutodeengenharia.org.br\/site\/#\/schema\/logo\/image\/"},"sameAs":["https:\/\/www.facebook.com\/institutodeengenharia","https:\/\/x.com\/iengenharia","https:\/\/www.instagram.com\/institutodeengenharia\/","https:\/\/www.linkedin.com\/company\/instituto-de-engenharia\/","https:\/\/www.youtube.com\/channel\/UCXiCAlsSMe977vamW915HxA"]},{"@type":"Person","@id":"https:\/\/www.institutodeengenharia.org.br\/site\/#\/schema\/person\/aeb64951c405e100d26d30b033dd423f","name":"Bianca","image":{"@type":"ImageObject","inLanguage":"pt-BR","@id":"https:\/\/secure.gravatar.com\/avatar\/a6fbe9bff57405baf4c1e2c5c1811e072b558253974a9f9508f4678900c97c2a?s=96&d=mm&r=g","url":"https:\/\/secure.gravatar.com\/avatar\/a6fbe9bff57405baf4c1e2c5c1811e072b558253974a9f9508f4678900c97c2a?s=96&d=mm&r=g","contentUrl":"https:\/\/secure.gravatar.com\/avatar\/a6fbe9bff57405baf4c1e2c5c1811e072b558253974a9f9508f4678900c97c2a?s=96&d=mm&r=g","caption":"Bianca"},"url":"https:\/\/www.institutodeengenharia.org.br\/site\/author\/comunicacao1\/"}]}},"_links":{"self":[{"href":"https:\/\/www.institutodeengenharia.org.br\/site\/wp-json\/wp\/v2\/posts\/70332","targetHints":{"allow":["GET"]}}],"collection":[{"href":"https:\/\/www.institutodeengenharia.org.br\/site\/wp-json\/wp\/v2\/posts"}],"about":[{"href":"https:\/\/www.institutodeengenharia.org.br\/site\/wp-json\/wp\/v2\/types\/post"}],"author":[{"embeddable":true,"href":"https:\/\/www.institutodeengenharia.org.br\/site\/wp-json\/wp\/v2\/users\/13"}],"replies":[{"embeddable":true,"href":"https:\/\/www.institutodeengenharia.org.br\/site\/wp-json\/wp\/v2\/comments?post=70332"}],"version-history":[{"count":1,"href":"https:\/\/www.institutodeengenharia.org.br\/site\/wp-json\/wp\/v2\/posts\/70332\/revisions"}],"predecessor-version":[{"id":70335,"href":"https:\/\/www.institutodeengenharia.org.br\/site\/wp-json\/wp\/v2\/posts\/70332\/revisions\/70335"}],"wp:featuredmedia":[{"embeddable":true,"href":"https:\/\/www.institutodeengenharia.org.br\/site\/wp-json\/wp\/v2\/media\/70334"}],"wp:attachment":[{"href":"https:\/\/www.institutodeengenharia.org.br\/site\/wp-json\/wp\/v2\/media?parent=70332"}],"wp:term":[{"taxonomy":"category","embeddable":true,"href":"https:\/\/www.institutodeengenharia.org.br\/site\/wp-json\/wp\/v2\/categories?post=70332"},{"taxonomy":"post_tag","embeddable":true,"href":"https:\/\/www.institutodeengenharia.org.br\/site\/wp-json\/wp\/v2\/tags?post=70332"}],"curies":[{"name":"wp","href":"https:\/\/api.w.org\/{rel}","templated":true}]}}