{"id":69973,"date":"2020-07-23T19:30:27","date_gmt":"2020-07-23T22:30:27","guid":{"rendered":"https:\/\/www.institutodeengenharia.org.br\/site\/?p=69973"},"modified":"2020-08-14T15:54:57","modified_gmt":"2020-08-14T18:54:57","slug":"preservacao-ambiental-sustentabilidade-e-residuos-plasticos-em-ambiente-aquatico","status":"publish","type":"post","link":"https:\/\/www.institutodeengenharia.org.br\/site\/2020\/07\/23\/preservacao-ambiental-sustentabilidade-e-residuos-plasticos-em-ambiente-aquatico\/","title":{"rendered":"Preserva\u00e7\u00e3o ambiental, sustentabilidade e res\u00edduos pl\u00e1sticos em ambiente aqu\u00e1tico"},"content":{"rendered":"<p>&nbsp;<\/p>\n<p><strong>Assista abaixo \u00e0 grava\u00e7\u00e3o:<\/strong><\/p>\n<p><iframe loading=\"lazy\" src=\"https:\/\/player.vimeo.com\/video\/442815862\" width=\"640\" height=\"480\" frameborder=\"0\" allowfullscreen=\"allowfullscreen\"><\/iframe><br \/>\n&nbsp;<\/p>\n<p><strong>+ INFORMA\u00c7\u00d5ES:\u00a0<\/strong><\/p>\n<p><strong>Abordagem:<\/strong><\/p>\n<p>Fazer uma abordagem sobre preserva\u00e7\u00e3o ambiental, sustentabilidade e res\u00edduos pl\u00e1sticos em ambiente aqu\u00e1tico.<\/p>\n<p>O objetivo da palestra \u00e9 trazer aos espectadores conhecimento sobre estes t\u00f3picos e os impactos que o Meio Ambiente sofre, convidando-os a pensar em a\u00e7\u00f5es que prejudicam com autocr\u00edtica e atitudes que beneficiam o meio ambiente, assim fazendo-os perceber seu papel de mudan\u00e7a para o futuro do planeta.<\/p>\n<p><strong>P\u00fablico-alvo: <\/strong><\/p>\n<p>Engenheiros, t\u00e9cnicos, estudantes e demais interessados.<\/p>\n<p><strong>Palestrantes:<\/strong><\/p>\n<p><img loading=\"lazy\" decoding=\"async\" class=\"wp-image-68758 alignnone\" src=\"https:\/\/www.institutodeengenharia.org.br\/site\/wp-content\/uploads\/2020\/07\/Rosane-Farah.jpg\" alt=\"\" width=\"148\" height=\"151\" srcset=\"https:\/\/www.institutodeengenharia.org.br\/site\/wp-content\/uploads\/2020\/07\/Rosane-Farah.jpg 649w, https:\/\/www.institutodeengenharia.org.br\/site\/wp-content\/uploads\/2020\/07\/Rosane-Farah-295x300.jpg 295w, https:\/\/www.institutodeengenharia.org.br\/site\/wp-content\/uploads\/2020\/07\/Rosane-Farah-356x364.jpg 356w, https:\/\/www.institutodeengenharia.org.br\/site\/wp-content\/uploads\/2020\/07\/Rosane-Farah-412x420.jpg 412w, https:\/\/www.institutodeengenharia.org.br\/site\/wp-content\/uploads\/2020\/07\/Rosane-Farah-600x611.jpg 600w\" sizes=\"auto, (max-width: 148px) 100vw, 148px\" \/><\/p>\n<p><strong>Rosane Farah<\/strong><\/p>\n<p>Possui gradua\u00e7\u00e3o em Ci\u00eancias Biol\u00f3gicas pela Universidade de Santo Amaro, e realizou trabalho de forma\u00e7\u00e3o de curso no Zool\u00f3gico de Guarulhos sobre bem-estar animal. \u00c9 bi\u00f3loga respons\u00e1vel T\u00e9cnica pelo Instituto Gremar desde 2010, atuando na gest\u00e3o dos Resgates, Reabilita\u00e7\u00e3o e Educa\u00e7\u00e3o Ambiental de animais Marinhos e Silvestres da Regi\u00e3o da Baixada Santista. Atua tamb\u00e9m em respostas a emerg\u00eancias ambientais. Possui experi\u00eancia Internacional em Centros de Reabilita\u00e7\u00e3o de Animais Marinhos na Africa do Sul (SANCCOB), Austr\u00e1lia (Australian Seabird Rescue) e Fl\u00f3rida (Suncoast Seabird Sanctuary). \u00c9 conselheira titular no Conselho da APA Marinha litoral Centro e Parque Estadual Marinho da Laje de Santos.<\/p>\n<p><img loading=\"lazy\" decoding=\"async\" class=\"wp-image-68260 alignnone\" src=\"https:\/\/www.institutodeengenharia.org.br\/site\/wp-content\/uploads\/2020\/06\/Paula_Rodrigues.jpg\" alt=\"\" width=\"150\" height=\"150\" srcset=\"https:\/\/www.institutodeengenharia.org.br\/site\/wp-content\/uploads\/2020\/06\/Paula_Rodrigues.jpg 810w, https:\/\/www.institutodeengenharia.org.br\/site\/wp-content\/uploads\/2020\/06\/Paula_Rodrigues-150x150.jpg 150w, https:\/\/www.institutodeengenharia.org.br\/site\/wp-content\/uploads\/2020\/06\/Paula_Rodrigues-300x300.jpg 300w, https:\/\/www.institutodeengenharia.org.br\/site\/wp-content\/uploads\/2020\/06\/Paula_Rodrigues-768x768.jpg 768w, https:\/\/www.institutodeengenharia.org.br\/site\/wp-content\/uploads\/2020\/06\/Paula_Rodrigues-696x696.jpg 696w, https:\/\/www.institutodeengenharia.org.br\/site\/wp-content\/uploads\/2020\/06\/Paula_Rodrigues-420x420.jpg 420w, https:\/\/www.institutodeengenharia.org.br\/site\/wp-content\/uploads\/2020\/06\/Paula_Rodrigues-600x600.jpg 600w, https:\/\/www.institutodeengenharia.org.br\/site\/wp-content\/uploads\/2020\/06\/Paula_Rodrigues-100x100.jpg 100w\" sizes=\"auto, (max-width: 150px) 100vw, 150px\" \/><\/p>\n<p><strong>Paula Fernanda Morais Andrade Rodrigues<\/strong><\/p>\n<p>Mestre em Sustentabilidade e especialista em Engenharia de Seguran\u00e7a do Trabalho pela USP, bi\u00f3loga pela Mackenzie e engenheira Ambiental pela UFSCar. Atua em meio ambiente, seguran\u00e7a ocupacional e per\u00edcia judicial prestando servi\u00e7os nas \u00e1reas de licenciamento ambiental, avalia\u00e7\u00e3o de impactos ambientais, investiga\u00e7\u00e3o e gerenciamento de \u00e1reas contaminadas e preven\u00e7\u00e3o de inc\u00eandio. Consultora em Relat\u00f3rios de Sustentabilidade. Atuou como pesquisadora nas \u00e1reas de energia, mitiga\u00e7\u00e3o de emiss\u00f5es de gases do efeito estufa, efici\u00eancia energ\u00e9tica, mudan\u00e7as clim\u00e1ticas e economia ambiental para o Banco Interamericano de Desenvolvimento (BID). Ministrou aulas de Elementos Biol\u00f3gicos em Per\u00edcia Ambiental no Ibape\/SP. Coordena a Divis\u00e3o T\u00e9cnica de Engenharia Sanit\u00e1ria, Recursos H\u00eddricos e Biotecnologia do Instituto de Engenharia.<\/p>\n<p><img loading=\"lazy\" decoding=\"async\" class=\"wp-image-68759 alignnone\" src=\"https:\/\/www.institutodeengenharia.org.br\/site\/wp-content\/uploads\/2020\/07\/Kl\u00e9ber-Cavazza-Campos.jpg\" alt=\"\" width=\"169\" height=\"146\" srcset=\"https:\/\/www.institutodeengenharia.org.br\/site\/wp-content\/uploads\/2020\/07\/Kl\u00e9ber-Cavazza-Campos.jpg 917w, https:\/\/www.institutodeengenharia.org.br\/site\/wp-content\/uploads\/2020\/07\/Kl\u00e9ber-Cavazza-Campos-300x258.jpg 300w, https:\/\/www.institutodeengenharia.org.br\/site\/wp-content\/uploads\/2020\/07\/Kl\u00e9ber-Cavazza-Campos-768x661.jpg 768w, https:\/\/www.institutodeengenharia.org.br\/site\/wp-content\/uploads\/2020\/07\/Kl\u00e9ber-Cavazza-Campos-534x462.jpg 534w, https:\/\/www.institutodeengenharia.org.br\/site\/wp-content\/uploads\/2020\/07\/Kl\u00e9ber-Cavazza-Campos-696x599.jpg 696w, https:\/\/www.institutodeengenharia.org.br\/site\/wp-content\/uploads\/2020\/07\/Kl\u00e9ber-Cavazza-Campos-488x420.jpg 488w, https:\/\/www.institutodeengenharia.org.br\/site\/wp-content\/uploads\/2020\/07\/Kl\u00e9ber-Cavazza-Campos-600x516.jpg 600w\" sizes=\"auto, (max-width: 169px) 100vw, 169px\" \/><\/p>\n<p><strong>Kl\u00e9ber Cavazza Campos<\/strong><\/p>\n<p>Graduado em Geografia pelo Departamento de Geografia da Universidade de S\u00e3o Paulo (USP), em 2001; mestre em Hidrogeologia e Meio Ambiente pelo Instituto de Geoci\u00eancias da USP, em 2005; e especialista em Gest\u00e3o Ambiental e Neg\u00f3cios no Setor Energ\u00e9tico pelo Instituto de Energia e Eletrot\u00e9cnica da USP, em 2008. Como docente nos cursos de Engenharia Ambiental, Engenharia Civil, Gest\u00e3o Ambiental, leciona desde 2006 em diversas Institui\u00e7\u00f5es de Ensino Superior (IES), com destaque ao Centro Universit\u00e1rio Senac (2007 a 2012) e a Faculdade Oswaldo Cruz (2006 a 2019). Ocupou, na Prefeitura da Est\u00e2ncia de Atibaia, o cargo em comiss\u00e3o, desempenhando a fun\u00e7\u00e3o de assessoramento no Departamento de Meio e Ambiente da Secretaria de Urbanismo e Meio Ambiente\/SUMA. Concomitantemente \u00e0 doc\u00eancia, presta assessoria, aplica treinamentos e ministra cursos\/palestras com foco em res\u00edduos oriundos de desastres naturais; mapeamento de \u00e1reas suscet\u00edveis a escorregamento\/inunda\u00e7\u00e3o e de fontes de contamina\u00e7\u00e3o (preliminar) como subs\u00eddio ao zoneamento; gerenciamento de res\u00edduos s\u00f3lidos urbanos de munic\u00edpios de pequeno porte que operam aterro tipo vala; res\u00edduos de servi\u00e7o de sa\u00fade \u2013 subgrupo A4 (em especial aos dos Centros de Controle de Zoonoses (CCZ); Unidades cemiteriais e res\u00edduos.<\/p>\n<p><strong>Mediadores:<\/strong><\/p>\n<p><img loading=\"lazy\" decoding=\"async\" class=\"wp-image-68765 alignnone\" src=\"https:\/\/www.institutodeengenharia.org.br\/site\/wp-content\/uploads\/2020\/07\/Jos\u00e9-Manoel-de-Oliveira-Reis.jpg\" alt=\"\" width=\"143\" height=\"142\" srcset=\"https:\/\/www.institutodeengenharia.org.br\/site\/wp-content\/uploads\/2020\/07\/Jos\u00e9-Manoel-de-Oliveira-Reis.jpg 616w, https:\/\/www.institutodeengenharia.org.br\/site\/wp-content\/uploads\/2020\/07\/Jos\u00e9-Manoel-de-Oliveira-Reis-150x150.jpg 150w, https:\/\/www.institutodeengenharia.org.br\/site\/wp-content\/uploads\/2020\/07\/Jos\u00e9-Manoel-de-Oliveira-Reis-300x300.jpg 300w, https:\/\/www.institutodeengenharia.org.br\/site\/wp-content\/uploads\/2020\/07\/Jos\u00e9-Manoel-de-Oliveira-Reis-421x420.jpg 421w, https:\/\/www.institutodeengenharia.org.br\/site\/wp-content\/uploads\/2020\/07\/Jos\u00e9-Manoel-de-Oliveira-Reis-600x598.jpg 600w, https:\/\/www.institutodeengenharia.org.br\/site\/wp-content\/uploads\/2020\/07\/Jos\u00e9-Manoel-de-Oliveira-Reis-100x100.jpg 100w\" sizes=\"auto, (max-width: 143px) 100vw, 143px\" \/><\/p>\n<p><strong>Jos\u00e9 Manoel de Oliveira Reis<\/strong><\/p>\n<p>Administrador de Empresas, engenheiro Ambiental, engenheiro de Seguran\u00e7a do Trabalho, MBA em Tr\u00e2nsito, Mobilidade e Seguran\u00e7a e em Gest\u00e3o do Meio Ambiente e Sustentabilidade. Foi engenheiro Coordenador de Projetos e Obras da Cidade de S\u00e3o Paulo, chefe de Departamento da Divis\u00e3o de Meio Ambiente (DIGAM) e chefe do Departamento de Opera\u00e7\u00f5es do Rodoanel Mario Covas \u2013 Trecho Sul (DERSA), chefe do Departamento de Opera\u00e7\u00f5es de Tr\u00e1fego (OP\/DETRA) e do Departamento de Opera\u00e7\u00f5es das Rodovias: Rodovia Dom Pedro I \u2013 SP-065 e Rodovia Ayrton Senna\/Carvalho Pinto, diretor da Divis\u00e3o T\u00e9cnica e Educacional de Tr\u00e2nsito de Bragan\u00e7a Paulista e Gestor na Cia. de Engenharia de Tr\u00e1fego (CET) de S\u00e3o Paulo. Atualmente \u00e9 diretor Geral do Departamento Hidrovi\u00e1rio do Estado de S\u00e3o Paulo (DH), professor de Inova\u00e7\u00e3o para a p\u00f3s-gradua\u00e7\u00e3o da FMU e coordenador da Divis\u00e3o T\u00e9cnica de Constru\u00e7\u00e3o Sustent\u00e1vel e Meio Ambiente do Instituto de Engenharia.<\/p>\n<p><img loading=\"lazy\" decoding=\"async\" class=\"wp-image-68766 alignnone\" src=\"https:\/\/www.institutodeengenharia.org.br\/site\/wp-content\/uploads\/2020\/07\/Daniele-de-Andrade-Villarim-Lima.jpg\" alt=\"\" width=\"148\" height=\"184\" \/><\/p>\n<p><strong>Daniele de Andrade Villarim Lima<\/strong><\/p>\n<p>Engenheira Ambiental graduada em 2016 pelas Faculdades Oswaldo Cruz e perita Ambiental Extrajudicial. \u00c9 mestranda no Centro de Qu\u00edmica e Meio Ambiente (CQMA) do Instituto de Pesquisas Energ\u00e9ticas e Nucleares (IPEN), onde realiza pesquisa sobre a Avalia\u00e7\u00e3o da aplica\u00e7\u00e3o de biocarv\u00e3o no melhoramento das caracter\u00edsticas ambientais de telhado verde. Faz p\u00f3s-gradua\u00e7\u00e3o em Engenharia de Seguran\u00e7a do Trabalho pelo SENAC. Trabalhou na empresa Ambient Air Ar Condicionado como coordenadora de Planejamento e Gest\u00e3o de Obras, empresa do ramo de refrigera\u00e7\u00e3o, por 14 anos, onde, al\u00e9m de garantir a execu\u00e7\u00e3o dos processos para conclus\u00e3o das obras, atuou na implanta\u00e7\u00e3o de projetos internos de educa\u00e7\u00e3o e conscientiza\u00e7\u00e3o ambiental, criando campanhas de separa\u00e7\u00e3o e coleta seletiva de res\u00edduos, informativos para uso consciente de papel, copos pl\u00e1sticos, al\u00e9m do uso adequado de \u00e1gua e energia el\u00e9trica. Atualmente \u00e9 coordenadora de Planejamento e Gest\u00e3o de Obras na empresa Best Clima Engenharia e Instala\u00e7\u00f5es. Tamb\u00e9m atua como volunt\u00e1ria no Instituto de Engenharia como vice-coordenadora da Divis\u00e3o T\u00e9cnica de Constru\u00e7\u00f5es Sustent\u00e1veis e Meio Ambiente, e que recentemente est\u00e1 em parceria com a ABRAPS (Associa\u00e7\u00e3o Brasileira dos Profissionais pelo Desenvolvimento Sustent\u00e1vel) no Grupo de Trabalho de Constru\u00e7\u00f5es Sustent\u00e1veis.<\/p>\n<p><strong>Apoio Institucional:<\/strong><\/p>\n<p><strong>\u00a0<img loading=\"lazy\" decoding=\"async\" class=\"alignnone size-full wp-image-34556\" src=\"https:\/\/www.institutodeengenharia.org.br\/site\/wp-content\/uploads\/2018\/04\/CREA-SP_vertical.jpg\" alt=\"\" width=\"150\" height=\"106\" srcset=\"https:\/\/www.institutodeengenharia.org.br\/site\/wp-content\/uploads\/2018\/04\/CREA-SP_vertical.jpg 150w, https:\/\/www.institutodeengenharia.org.br\/site\/wp-content\/uploads\/2018\/04\/CREA-SP_vertical-100x70.jpg 100w\" sizes=\"auto, (max-width: 150px) 100vw, 150px\" \/><\/strong><\/p>\n<p><strong>Realiza\u00e7\u00e3o:<\/strong><\/p>\n<p><strong>Eng. Jer\u00f4nimo Cabral Pereira Fagundes Neto <\/strong>\u2013 Vice-Presidente de Atividades T\u00e9cnicas<\/p>\n<p><strong>Eng. Roberto Kochen <\/strong>\u2013 Diretor do Departamento de Engenharia do Habitat e Infraestrutura<\/p>\n<p><strong>Eng. Jos\u00e9 Manoel de O. Reis<\/strong> \u2013 Coordenador da Divis\u00e3o T\u00e9cnica de Constru\u00e7\u00e3o Sustent\u00e1vel e Meio Ambiente<\/p>\n","protected":false},"excerpt":{"rendered":"<p>&nbsp; Assista abaixo \u00e0 grava\u00e7\u00e3o: &nbsp; + INFORMA\u00c7\u00d5ES:\u00a0 Abordagem: Fazer uma abordagem sobre preserva\u00e7\u00e3o ambiental, sustentabilidade e res\u00edduos pl\u00e1sticos em ambiente aqu\u00e1tico. O objetivo da palestra \u00e9 trazer aos espectadores conhecimento sobre estes t\u00f3picos e os impactos que o Meio Ambiente sofre, convidando-os a pensar em a\u00e7\u00f5es que prejudicam com autocr\u00edtica e atitudes que beneficiam [&hellip;]<\/p>\n","protected":false},"author":13,"featured_media":69255,"comment_status":"open","ping_status":"open","sticky":false,"template":"","format":"standard","meta":{"footnotes":""},"categories":[15,74,968,969],"tags":[],"class_list":{"0":"post-69973","1":"post","2":"type-post","3":"status-publish","4":"format-standard","5":"has-post-thumbnail","7":"category-departamento-desenvolvimento-de-projetos-e-servicos-de-infraestrutura","8":"category-divisao-tecnica-meio-ambiente-e-sustentabilidade","9":"category-nova-tv-engenharia","10":"category-palestra"},"yoast_head":"<!-- This site is optimized with the Yoast SEO plugin v27.2 - https:\/\/yoast.com\/product\/yoast-seo-wordpress\/ -->\n<title>Preserva\u00e7\u00e3o ambiental, sustentabilidade e res\u00edduos pl\u00e1sticos em ambiente aqu\u00e1tico - Instituto de Engenharia<\/title>\n<meta name=\"robots\" content=\"index, follow, max-snippet:-1, max-image-preview:large, max-video-preview:-1\" \/>\n<link rel=\"canonical\" href=\"https:\/\/www.institutodeengenharia.org.br\/site\/2020\/07\/23\/preservacao-ambiental-sustentabilidade-e-residuos-plasticos-em-ambiente-aquatico\/\" \/>\n<meta property=\"og:locale\" content=\"pt_BR\" \/>\n<meta property=\"og:type\" content=\"article\" \/>\n<meta property=\"og:title\" content=\"Preserva\u00e7\u00e3o ambiental, sustentabilidade e res\u00edduos pl\u00e1sticos em ambiente aqu\u00e1tico - Instituto de Engenharia\" \/>\n<meta property=\"og:description\" content=\"&nbsp; Assista abaixo \u00e0 grava\u00e7\u00e3o: &nbsp; + INFORMA\u00c7\u00d5ES:\u00a0 Abordagem: Fazer uma abordagem sobre preserva\u00e7\u00e3o ambiental, sustentabilidade e res\u00edduos pl\u00e1sticos em ambiente aqu\u00e1tico. O objetivo da palestra \u00e9 trazer aos espectadores conhecimento sobre estes t\u00f3picos e os impactos que o Meio Ambiente sofre, convidando-os a pensar em a\u00e7\u00f5es que prejudicam com autocr\u00edtica e atitudes que beneficiam [&hellip;]\" \/>\n<meta property=\"og:url\" content=\"https:\/\/www.institutodeengenharia.org.br\/site\/2020\/07\/23\/preservacao-ambiental-sustentabilidade-e-residuos-plasticos-em-ambiente-aquatico\/\" \/>\n<meta property=\"og:site_name\" content=\"Instituto de Engenharia\" \/>\n<meta property=\"article:publisher\" content=\"https:\/\/www.facebook.com\/institutodeengenharia\" \/>\n<meta property=\"article:published_time\" content=\"2020-07-23T22:30:27+00:00\" \/>\n<meta property=\"article:modified_time\" content=\"2020-08-14T18:54:57+00:00\" \/>\n<meta property=\"og:image\" content=\"https:\/\/www.institutodeengenharia.org.br\/site\/wp-content\/uploads\/2020\/07\/Preserva\u00e7\u00e3o-Meio-Ambiente.jpg\" \/>\n\t<meta property=\"og:image:width\" content=\"670\" \/>\n\t<meta property=\"og:image:height\" content=\"383\" \/>\n\t<meta property=\"og:image:type\" content=\"image\/jpeg\" \/>\n<meta name=\"author\" content=\"Bianca\" \/>\n<meta name=\"twitter:card\" content=\"summary_large_image\" \/>\n<meta name=\"twitter:creator\" content=\"@iengenharia\" \/>\n<meta name=\"twitter:site\" content=\"@iengenharia\" \/>\n<meta name=\"twitter:label1\" content=\"Escrito por\" \/>\n\t<meta name=\"twitter:data1\" content=\"Bianca\" \/>\n\t<meta name=\"twitter:label2\" content=\"Est. tempo de leitura\" \/>\n\t<meta name=\"twitter:data2\" content=\"5 minutos\" \/>\n<script type=\"application\/ld+json\" class=\"yoast-schema-graph\">{\"@context\":\"https:\/\/schema.org\",\"@graph\":[{\"@type\":\"Article\",\"@id\":\"https:\/\/www.institutodeengenharia.org.br\/site\/2020\/07\/23\/preservacao-ambiental-sustentabilidade-e-residuos-plasticos-em-ambiente-aquatico\/#article\",\"isPartOf\":{\"@id\":\"https:\/\/www.institutodeengenharia.org.br\/site\/2020\/07\/23\/preservacao-ambiental-sustentabilidade-e-residuos-plasticos-em-ambiente-aquatico\/\"},\"author\":{\"name\":\"Bianca\",\"@id\":\"https:\/\/www.institutodeengenharia.org.br\/site\/#\/schema\/person\/aeb64951c405e100d26d30b033dd423f\"},\"headline\":\"Preserva\u00e7\u00e3o ambiental, sustentabilidade e res\u00edduos pl\u00e1sticos em ambiente aqu\u00e1tico\",\"datePublished\":\"2020-07-23T22:30:27+00:00\",\"dateModified\":\"2020-08-14T18:54:57+00:00\",\"mainEntityOfPage\":{\"@id\":\"https:\/\/www.institutodeengenharia.org.br\/site\/2020\/07\/23\/preservacao-ambiental-sustentabilidade-e-residuos-plasticos-em-ambiente-aquatico\/\"},\"wordCount\":1011,\"commentCount\":0,\"publisher\":{\"@id\":\"https:\/\/www.institutodeengenharia.org.br\/site\/#organization\"},\"image\":{\"@id\":\"https:\/\/www.institutodeengenharia.org.br\/site\/2020\/07\/23\/preservacao-ambiental-sustentabilidade-e-residuos-plasticos-em-ambiente-aquatico\/#primaryimage\"},\"thumbnailUrl\":\"https:\/\/www.institutodeengenharia.org.br\/site\/wp-content\/uploads\/2020\/07\/Preserva\u00e7\u00e3o-Meio-Ambiente.jpg\",\"articleSection\":[\"Departamento Desenvolvimento de Projetos e Servi\u00e7os de Infraestrutura\",\"Divis\u00e3o T\u00e9cnica Meio Ambiente e Sustentabilidade\",\"Nova TV Engenharia\",\"Palestra\"],\"inLanguage\":\"pt-BR\",\"potentialAction\":[{\"@type\":\"CommentAction\",\"name\":\"Comment\",\"target\":[\"https:\/\/www.institutodeengenharia.org.br\/site\/2020\/07\/23\/preservacao-ambiental-sustentabilidade-e-residuos-plasticos-em-ambiente-aquatico\/#respond\"]}]},{\"@type\":\"WebPage\",\"@id\":\"https:\/\/www.institutodeengenharia.org.br\/site\/2020\/07\/23\/preservacao-ambiental-sustentabilidade-e-residuos-plasticos-em-ambiente-aquatico\/\",\"url\":\"https:\/\/www.institutodeengenharia.org.br\/site\/2020\/07\/23\/preservacao-ambiental-sustentabilidade-e-residuos-plasticos-em-ambiente-aquatico\/\",\"name\":\"Preserva\u00e7\u00e3o ambiental, sustentabilidade e res\u00edduos pl\u00e1sticos em ambiente aqu\u00e1tico - Instituto de Engenharia\",\"isPartOf\":{\"@id\":\"https:\/\/www.institutodeengenharia.org.br\/site\/#website\"},\"primaryImageOfPage\":{\"@id\":\"https:\/\/www.institutodeengenharia.org.br\/site\/2020\/07\/23\/preservacao-ambiental-sustentabilidade-e-residuos-plasticos-em-ambiente-aquatico\/#primaryimage\"},\"image\":{\"@id\":\"https:\/\/www.institutodeengenharia.org.br\/site\/2020\/07\/23\/preservacao-ambiental-sustentabilidade-e-residuos-plasticos-em-ambiente-aquatico\/#primaryimage\"},\"thumbnailUrl\":\"https:\/\/www.institutodeengenharia.org.br\/site\/wp-content\/uploads\/2020\/07\/Preserva\u00e7\u00e3o-Meio-Ambiente.jpg\",\"datePublished\":\"2020-07-23T22:30:27+00:00\",\"dateModified\":\"2020-08-14T18:54:57+00:00\",\"breadcrumb\":{\"@id\":\"https:\/\/www.institutodeengenharia.org.br\/site\/2020\/07\/23\/preservacao-ambiental-sustentabilidade-e-residuos-plasticos-em-ambiente-aquatico\/#breadcrumb\"},\"inLanguage\":\"pt-BR\",\"potentialAction\":[{\"@type\":\"ReadAction\",\"target\":[\"https:\/\/www.institutodeengenharia.org.br\/site\/2020\/07\/23\/preservacao-ambiental-sustentabilidade-e-residuos-plasticos-em-ambiente-aquatico\/\"]}]},{\"@type\":\"ImageObject\",\"inLanguage\":\"pt-BR\",\"@id\":\"https:\/\/www.institutodeengenharia.org.br\/site\/2020\/07\/23\/preservacao-ambiental-sustentabilidade-e-residuos-plasticos-em-ambiente-aquatico\/#primaryimage\",\"url\":\"https:\/\/www.institutodeengenharia.org.br\/site\/wp-content\/uploads\/2020\/07\/Preserva\u00e7\u00e3o-Meio-Ambiente.jpg\",\"contentUrl\":\"https:\/\/www.institutodeengenharia.org.br\/site\/wp-content\/uploads\/2020\/07\/Preserva\u00e7\u00e3o-Meio-Ambiente.jpg\",\"width\":670,\"height\":383},{\"@type\":\"BreadcrumbList\",\"@id\":\"https:\/\/www.institutodeengenharia.org.br\/site\/2020\/07\/23\/preservacao-ambiental-sustentabilidade-e-residuos-plasticos-em-ambiente-aquatico\/#breadcrumb\",\"itemListElement\":[{\"@type\":\"ListItem\",\"position\":1,\"name\":\"In\u00edcio\",\"item\":\"https:\/\/www.institutodeengenharia.org.br\/site\/\"},{\"@type\":\"ListItem\",\"position\":2,\"name\":\"Preserva\u00e7\u00e3o ambiental, sustentabilidade e res\u00edduos pl\u00e1sticos em ambiente aqu\u00e1tico\"}]},{\"@type\":\"WebSite\",\"@id\":\"https:\/\/www.institutodeengenharia.org.br\/site\/#website\",\"url\":\"https:\/\/www.institutodeengenharia.org.br\/site\/\",\"name\":\"Instituto de Engenharia\",\"description\":\"O Instituto de Engenharia promove a Engenharia em benef\u00edcio do desenvolvimento e da qualidade de vida da sociedade.\",\"publisher\":{\"@id\":\"https:\/\/www.institutodeengenharia.org.br\/site\/#organization\"},\"potentialAction\":[{\"@type\":\"SearchAction\",\"target\":{\"@type\":\"EntryPoint\",\"urlTemplate\":\"https:\/\/www.institutodeengenharia.org.br\/site\/?s={search_term_string}\"},\"query-input\":{\"@type\":\"PropertyValueSpecification\",\"valueRequired\":true,\"valueName\":\"search_term_string\"}}],\"inLanguage\":\"pt-BR\"},{\"@type\":\"Organization\",\"@id\":\"https:\/\/www.institutodeengenharia.org.br\/site\/#organization\",\"name\":\"Instituto de Engenharia\",\"url\":\"https:\/\/www.institutodeengenharia.org.br\/site\/\",\"logo\":{\"@type\":\"ImageObject\",\"inLanguage\":\"pt-BR\",\"@id\":\"https:\/\/www.institutodeengenharia.org.br\/site\/#\/schema\/logo\/image\/\",\"url\":\"https:\/\/www.institutodeengenharia.org.br\/site\/wp-content\/uploads\/2019\/03\/logo-novo-IE2018-1.jpg\",\"contentUrl\":\"https:\/\/www.institutodeengenharia.org.br\/site\/wp-content\/uploads\/2019\/03\/logo-novo-IE2018-1.jpg\",\"width\":1486,\"height\":1879,\"caption\":\"Instituto de Engenharia\"},\"image\":{\"@id\":\"https:\/\/www.institutodeengenharia.org.br\/site\/#\/schema\/logo\/image\/\"},\"sameAs\":[\"https:\/\/www.facebook.com\/institutodeengenharia\",\"https:\/\/x.com\/iengenharia\",\"https:\/\/www.instagram.com\/institutodeengenharia\/\",\"https:\/\/www.linkedin.com\/company\/instituto-de-engenharia\/\",\"https:\/\/www.youtube.com\/channel\/UCXiCAlsSMe977vamW915HxA\"]},{\"@type\":\"Person\",\"@id\":\"https:\/\/www.institutodeengenharia.org.br\/site\/#\/schema\/person\/aeb64951c405e100d26d30b033dd423f\",\"name\":\"Bianca\",\"image\":{\"@type\":\"ImageObject\",\"inLanguage\":\"pt-BR\",\"@id\":\"https:\/\/secure.gravatar.com\/avatar\/a6fbe9bff57405baf4c1e2c5c1811e072b558253974a9f9508f4678900c97c2a?s=96&d=mm&r=g\",\"url\":\"https:\/\/secure.gravatar.com\/avatar\/a6fbe9bff57405baf4c1e2c5c1811e072b558253974a9f9508f4678900c97c2a?s=96&d=mm&r=g\",\"contentUrl\":\"https:\/\/secure.gravatar.com\/avatar\/a6fbe9bff57405baf4c1e2c5c1811e072b558253974a9f9508f4678900c97c2a?s=96&d=mm&r=g\",\"caption\":\"Bianca\"},\"url\":\"https:\/\/www.institutodeengenharia.org.br\/site\/author\/comunicacao1\/\"}]}<\/script>\n<!-- \/ Yoast SEO plugin. -->","yoast_head_json":{"title":"Preserva\u00e7\u00e3o ambiental, sustentabilidade e res\u00edduos pl\u00e1sticos em ambiente aqu\u00e1tico - Instituto de Engenharia","robots":{"index":"index","follow":"follow","max-snippet":"max-snippet:-1","max-image-preview":"max-image-preview:large","max-video-preview":"max-video-preview:-1"},"canonical":"https:\/\/www.institutodeengenharia.org.br\/site\/2020\/07\/23\/preservacao-ambiental-sustentabilidade-e-residuos-plasticos-em-ambiente-aquatico\/","og_locale":"pt_BR","og_type":"article","og_title":"Preserva\u00e7\u00e3o ambiental, sustentabilidade e res\u00edduos pl\u00e1sticos em ambiente aqu\u00e1tico - Instituto de Engenharia","og_description":"&nbsp; Assista abaixo \u00e0 grava\u00e7\u00e3o: &nbsp; + INFORMA\u00c7\u00d5ES:\u00a0 Abordagem: Fazer uma abordagem sobre preserva\u00e7\u00e3o ambiental, sustentabilidade e res\u00edduos pl\u00e1sticos em ambiente aqu\u00e1tico. O objetivo da palestra \u00e9 trazer aos espectadores conhecimento sobre estes t\u00f3picos e os impactos que o Meio Ambiente sofre, convidando-os a pensar em a\u00e7\u00f5es que prejudicam com autocr\u00edtica e atitudes que beneficiam [&hellip;]","og_url":"https:\/\/www.institutodeengenharia.org.br\/site\/2020\/07\/23\/preservacao-ambiental-sustentabilidade-e-residuos-plasticos-em-ambiente-aquatico\/","og_site_name":"Instituto de Engenharia","article_publisher":"https:\/\/www.facebook.com\/institutodeengenharia","article_published_time":"2020-07-23T22:30:27+00:00","article_modified_time":"2020-08-14T18:54:57+00:00","og_image":[{"width":670,"height":383,"url":"https:\/\/www.institutodeengenharia.org.br\/site\/wp-content\/uploads\/2020\/07\/Preserva\u00e7\u00e3o-Meio-Ambiente.jpg","type":"image\/jpeg"}],"author":"Bianca","twitter_card":"summary_large_image","twitter_creator":"@iengenharia","twitter_site":"@iengenharia","twitter_misc":{"Escrito por":"Bianca","Est. tempo de leitura":"5 minutos"},"schema":{"@context":"https:\/\/schema.org","@graph":[{"@type":"Article","@id":"https:\/\/www.institutodeengenharia.org.br\/site\/2020\/07\/23\/preservacao-ambiental-sustentabilidade-e-residuos-plasticos-em-ambiente-aquatico\/#article","isPartOf":{"@id":"https:\/\/www.institutodeengenharia.org.br\/site\/2020\/07\/23\/preservacao-ambiental-sustentabilidade-e-residuos-plasticos-em-ambiente-aquatico\/"},"author":{"name":"Bianca","@id":"https:\/\/www.institutodeengenharia.org.br\/site\/#\/schema\/person\/aeb64951c405e100d26d30b033dd423f"},"headline":"Preserva\u00e7\u00e3o ambiental, sustentabilidade e res\u00edduos pl\u00e1sticos em ambiente aqu\u00e1tico","datePublished":"2020-07-23T22:30:27+00:00","dateModified":"2020-08-14T18:54:57+00:00","mainEntityOfPage":{"@id":"https:\/\/www.institutodeengenharia.org.br\/site\/2020\/07\/23\/preservacao-ambiental-sustentabilidade-e-residuos-plasticos-em-ambiente-aquatico\/"},"wordCount":1011,"commentCount":0,"publisher":{"@id":"https:\/\/www.institutodeengenharia.org.br\/site\/#organization"},"image":{"@id":"https:\/\/www.institutodeengenharia.org.br\/site\/2020\/07\/23\/preservacao-ambiental-sustentabilidade-e-residuos-plasticos-em-ambiente-aquatico\/#primaryimage"},"thumbnailUrl":"https:\/\/www.institutodeengenharia.org.br\/site\/wp-content\/uploads\/2020\/07\/Preserva\u00e7\u00e3o-Meio-Ambiente.jpg","articleSection":["Departamento Desenvolvimento de Projetos e Servi\u00e7os de Infraestrutura","Divis\u00e3o T\u00e9cnica Meio Ambiente e Sustentabilidade","Nova TV Engenharia","Palestra"],"inLanguage":"pt-BR","potentialAction":[{"@type":"CommentAction","name":"Comment","target":["https:\/\/www.institutodeengenharia.org.br\/site\/2020\/07\/23\/preservacao-ambiental-sustentabilidade-e-residuos-plasticos-em-ambiente-aquatico\/#respond"]}]},{"@type":"WebPage","@id":"https:\/\/www.institutodeengenharia.org.br\/site\/2020\/07\/23\/preservacao-ambiental-sustentabilidade-e-residuos-plasticos-em-ambiente-aquatico\/","url":"https:\/\/www.institutodeengenharia.org.br\/site\/2020\/07\/23\/preservacao-ambiental-sustentabilidade-e-residuos-plasticos-em-ambiente-aquatico\/","name":"Preserva\u00e7\u00e3o ambiental, sustentabilidade e res\u00edduos pl\u00e1sticos em ambiente aqu\u00e1tico - Instituto de Engenharia","isPartOf":{"@id":"https:\/\/www.institutodeengenharia.org.br\/site\/#website"},"primaryImageOfPage":{"@id":"https:\/\/www.institutodeengenharia.org.br\/site\/2020\/07\/23\/preservacao-ambiental-sustentabilidade-e-residuos-plasticos-em-ambiente-aquatico\/#primaryimage"},"image":{"@id":"https:\/\/www.institutodeengenharia.org.br\/site\/2020\/07\/23\/preservacao-ambiental-sustentabilidade-e-residuos-plasticos-em-ambiente-aquatico\/#primaryimage"},"thumbnailUrl":"https:\/\/www.institutodeengenharia.org.br\/site\/wp-content\/uploads\/2020\/07\/Preserva\u00e7\u00e3o-Meio-Ambiente.jpg","datePublished":"2020-07-23T22:30:27+00:00","dateModified":"2020-08-14T18:54:57+00:00","breadcrumb":{"@id":"https:\/\/www.institutodeengenharia.org.br\/site\/2020\/07\/23\/preservacao-ambiental-sustentabilidade-e-residuos-plasticos-em-ambiente-aquatico\/#breadcrumb"},"inLanguage":"pt-BR","potentialAction":[{"@type":"ReadAction","target":["https:\/\/www.institutodeengenharia.org.br\/site\/2020\/07\/23\/preservacao-ambiental-sustentabilidade-e-residuos-plasticos-em-ambiente-aquatico\/"]}]},{"@type":"ImageObject","inLanguage":"pt-BR","@id":"https:\/\/www.institutodeengenharia.org.br\/site\/2020\/07\/23\/preservacao-ambiental-sustentabilidade-e-residuos-plasticos-em-ambiente-aquatico\/#primaryimage","url":"https:\/\/www.institutodeengenharia.org.br\/site\/wp-content\/uploads\/2020\/07\/Preserva\u00e7\u00e3o-Meio-Ambiente.jpg","contentUrl":"https:\/\/www.institutodeengenharia.org.br\/site\/wp-content\/uploads\/2020\/07\/Preserva\u00e7\u00e3o-Meio-Ambiente.jpg","width":670,"height":383},{"@type":"BreadcrumbList","@id":"https:\/\/www.institutodeengenharia.org.br\/site\/2020\/07\/23\/preservacao-ambiental-sustentabilidade-e-residuos-plasticos-em-ambiente-aquatico\/#breadcrumb","itemListElement":[{"@type":"ListItem","position":1,"name":"In\u00edcio","item":"https:\/\/www.institutodeengenharia.org.br\/site\/"},{"@type":"ListItem","position":2,"name":"Preserva\u00e7\u00e3o ambiental, sustentabilidade e res\u00edduos pl\u00e1sticos em ambiente aqu\u00e1tico"}]},{"@type":"WebSite","@id":"https:\/\/www.institutodeengenharia.org.br\/site\/#website","url":"https:\/\/www.institutodeengenharia.org.br\/site\/","name":"Instituto de Engenharia","description":"O Instituto de Engenharia promove a Engenharia em benef\u00edcio do desenvolvimento e da qualidade de vida da sociedade.","publisher":{"@id":"https:\/\/www.institutodeengenharia.org.br\/site\/#organization"},"potentialAction":[{"@type":"SearchAction","target":{"@type":"EntryPoint","urlTemplate":"https:\/\/www.institutodeengenharia.org.br\/site\/?s={search_term_string}"},"query-input":{"@type":"PropertyValueSpecification","valueRequired":true,"valueName":"search_term_string"}}],"inLanguage":"pt-BR"},{"@type":"Organization","@id":"https:\/\/www.institutodeengenharia.org.br\/site\/#organization","name":"Instituto de Engenharia","url":"https:\/\/www.institutodeengenharia.org.br\/site\/","logo":{"@type":"ImageObject","inLanguage":"pt-BR","@id":"https:\/\/www.institutodeengenharia.org.br\/site\/#\/schema\/logo\/image\/","url":"https:\/\/www.institutodeengenharia.org.br\/site\/wp-content\/uploads\/2019\/03\/logo-novo-IE2018-1.jpg","contentUrl":"https:\/\/www.institutodeengenharia.org.br\/site\/wp-content\/uploads\/2019\/03\/logo-novo-IE2018-1.jpg","width":1486,"height":1879,"caption":"Instituto de Engenharia"},"image":{"@id":"https:\/\/www.institutodeengenharia.org.br\/site\/#\/schema\/logo\/image\/"},"sameAs":["https:\/\/www.facebook.com\/institutodeengenharia","https:\/\/x.com\/iengenharia","https:\/\/www.instagram.com\/institutodeengenharia\/","https:\/\/www.linkedin.com\/company\/instituto-de-engenharia\/","https:\/\/www.youtube.com\/channel\/UCXiCAlsSMe977vamW915HxA"]},{"@type":"Person","@id":"https:\/\/www.institutodeengenharia.org.br\/site\/#\/schema\/person\/aeb64951c405e100d26d30b033dd423f","name":"Bianca","image":{"@type":"ImageObject","inLanguage":"pt-BR","@id":"https:\/\/secure.gravatar.com\/avatar\/a6fbe9bff57405baf4c1e2c5c1811e072b558253974a9f9508f4678900c97c2a?s=96&d=mm&r=g","url":"https:\/\/secure.gravatar.com\/avatar\/a6fbe9bff57405baf4c1e2c5c1811e072b558253974a9f9508f4678900c97c2a?s=96&d=mm&r=g","contentUrl":"https:\/\/secure.gravatar.com\/avatar\/a6fbe9bff57405baf4c1e2c5c1811e072b558253974a9f9508f4678900c97c2a?s=96&d=mm&r=g","caption":"Bianca"},"url":"https:\/\/www.institutodeengenharia.org.br\/site\/author\/comunicacao1\/"}]}},"_links":{"self":[{"href":"https:\/\/www.institutodeengenharia.org.br\/site\/wp-json\/wp\/v2\/posts\/69973","targetHints":{"allow":["GET"]}}],"collection":[{"href":"https:\/\/www.institutodeengenharia.org.br\/site\/wp-json\/wp\/v2\/posts"}],"about":[{"href":"https:\/\/www.institutodeengenharia.org.br\/site\/wp-json\/wp\/v2\/types\/post"}],"author":[{"embeddable":true,"href":"https:\/\/www.institutodeengenharia.org.br\/site\/wp-json\/wp\/v2\/users\/13"}],"replies":[{"embeddable":true,"href":"https:\/\/www.institutodeengenharia.org.br\/site\/wp-json\/wp\/v2\/comments?post=69973"}],"version-history":[{"count":1,"href":"https:\/\/www.institutodeengenharia.org.br\/site\/wp-json\/wp\/v2\/posts\/69973\/revisions"}],"predecessor-version":[{"id":69974,"href":"https:\/\/www.institutodeengenharia.org.br\/site\/wp-json\/wp\/v2\/posts\/69973\/revisions\/69974"}],"wp:featuredmedia":[{"embeddable":true,"href":"https:\/\/www.institutodeengenharia.org.br\/site\/wp-json\/wp\/v2\/media\/69255"}],"wp:attachment":[{"href":"https:\/\/www.institutodeengenharia.org.br\/site\/wp-json\/wp\/v2\/media?parent=69973"}],"wp:term":[{"taxonomy":"category","embeddable":true,"href":"https:\/\/www.institutodeengenharia.org.br\/site\/wp-json\/wp\/v2\/categories?post=69973"},{"taxonomy":"post_tag","embeddable":true,"href":"https:\/\/www.institutodeengenharia.org.br\/site\/wp-json\/wp\/v2\/tags?post=69973"}],"curies":[{"name":"wp","href":"https:\/\/api.w.org\/{rel}","templated":true}]}}