{"id":69967,"date":"2020-07-22T11:35:18","date_gmt":"2020-07-22T14:35:18","guid":{"rendered":"https:\/\/www.institutodeengenharia.org.br\/site\/?p=69967"},"modified":"2020-08-14T15:47:16","modified_gmt":"2020-08-14T18:47:16","slug":"diretrizes-para-o-saneamento-como-chegar-a-universalizacao","status":"publish","type":"post","link":"https:\/\/www.institutodeengenharia.org.br\/site\/2020\/07\/22\/diretrizes-para-o-saneamento-como-chegar-a-universalizacao\/","title":{"rendered":"Diretrizes para o Saneamento \u2013 Como chegar \u00e0 Universaliza\u00e7\u00e3o"},"content":{"rendered":"<p>&nbsp;<\/p>\n<p><strong>Assista abaixo \u00e0 grava\u00e7\u00e3o:<\/strong><\/p>\n<p><iframe loading=\"lazy\" src=\"https:\/\/player.vimeo.com\/video\/442771247\" width=\"640\" height=\"343\" frameborder=\"0\" allowfullscreen=\"allowfullscreen\"><\/iframe><\/p>\n<p>&nbsp;<\/p>\n<p>&nbsp;<\/p>\n<p><strong>+ INFORMA\u00c7\u00d5ES:\u00a0<\/strong><\/p>\n<p><strong>Abordagem:<\/strong><\/p>\n<p>Este evento faz parte de uma s\u00e9rie de webinars cujo intuito \u00e9 discutir como transformar as medidas do novo Marco Legal do Saneamento em realidade, eliminando o <em>d\u00e9ficit<\/em> negativo que o Pa\u00eds tem hoje nos quatro aspectos:\u00a0distribui\u00e7\u00e3o de \u00e1gua, coleta e tratamento de esgotos, coleta e destina\u00e7\u00e3o do lixo e drenagem urbana.<\/p>\n<p>Os webinars do <strong>Instituto de Engenharia<\/strong> ir\u00e3o abordar, dentro da especialidade de cada palestrante, os meios financeiros, legais, pol\u00edticos e t\u00e9cnicos, e as dificuldades para se chegar \u00e0 universaliza\u00e7\u00e3o do saneamento no Brasil.<\/p>\n<p>Nosso estudo <a href=\"https:\/\/www.institutodeengenharia.org.br\/site\/diretrizesaneamentonobrasil\/\" target=\"_blank\" rel=\"noopener\"><em>Diretrizes para Universaliza\u00e7\u00e3o do Saneamento no Brasil<\/em><\/a>, publicado pelo <strong>Instituto de Engenharia<\/strong>, servir\u00e1 de base para a formula\u00e7\u00e3o de perguntas, pelos moderadores, aos palestrantes convidados.<\/p>\n<p><strong>P\u00fablico-alvo: <\/strong><\/p>\n<p>Profissionais ligados \u00e0 \u00e1rea de saneamento e interessados no tema.<\/p>\n<p><strong>Abertura:<\/strong><\/p>\n<p><img loading=\"lazy\" decoding=\"async\" class=\"wp-image-37546 alignnone\" src=\"https:\/\/www.institutodeengenharia.org.br\/site\/wp-content\/uploads\/2018\/08\/Eduardo-Lafraia-Presidente-do-Instituto-de-Engenharia-1-683x1024-226x300.jpg\" alt=\"\" width=\"134\" height=\"178\" srcset=\"https:\/\/www.institutodeengenharia.org.br\/site\/wp-content\/uploads\/2018\/08\/Eduardo-Lafraia-Presidente-do-Instituto-de-Engenharia-1-683x1024-226x300.jpg 226w, https:\/\/www.institutodeengenharia.org.br\/site\/wp-content\/uploads\/2018\/08\/Eduardo-Lafraia-Presidente-do-Instituto-de-Engenharia-1-683x1024-316x420.jpg 316w, https:\/\/www.institutodeengenharia.org.br\/site\/wp-content\/uploads\/2018\/08\/Eduardo-Lafraia-Presidente-do-Instituto-de-Engenharia-1-683x1024.jpg 516w\" sizes=\"auto, (max-width: 134px) 100vw, 134px\" \/><\/p>\n<p><strong>Eduardo Lafraia<\/strong><br \/>\nPresidente Instituto de Engenharia<\/p>\n<p><strong>Palestrantes:<\/strong><\/p>\n<p><img loading=\"lazy\" decoding=\"async\" class=\"wp-image-69051 alignnone\" src=\"https:\/\/www.institutodeengenharia.org.br\/site\/wp-content\/uploads\/2020\/07\/Oscar_Cordeiro_Netto_3x4_FUNDO_BRANCO.jpg\" alt=\"\" width=\"138\" height=\"185\" srcset=\"https:\/\/www.institutodeengenharia.org.br\/site\/wp-content\/uploads\/2020\/07\/Oscar_Cordeiro_Netto_3x4_FUNDO_BRANCO.jpg 354w, https:\/\/www.institutodeengenharia.org.br\/site\/wp-content\/uploads\/2020\/07\/Oscar_Cordeiro_Netto_3x4_FUNDO_BRANCO-225x300.jpg 225w, https:\/\/www.institutodeengenharia.org.br\/site\/wp-content\/uploads\/2020\/07\/Oscar_Cordeiro_Netto_3x4_FUNDO_BRANCO-314x420.jpg 314w\" sizes=\"auto, (max-width: 138px) 100vw, 138px\" \/><\/p>\n<p><strong>Oscar Cordeiro Netto<\/strong><br \/>\n(Ag\u00eancia Nacional de \u00c1guas e Saneamento B\u00e1sico \u2013 ANA)<\/p>\n<p>Graduado em Engenharia Civil pela Universidade de Bras\u00edlia (UnB), em 1978, mestrado\/DEA em T\u00e9cnicas e Gest\u00e3o do Meio Ambiente pela <em>\u00c9cole Nationale des Ponts et Chauss\u00e9es <\/em>da Fran\u00e7a, em 1989, e doutorado em Ci\u00eancias e T\u00e9cnicas Ambientais, tamb\u00e9m pela <em>\u00c9cole Nationale des Ponts et Chauss\u00e9es<\/em>, em 1995. \u00c9 professor do Departamento de Engenharia Civil e Ambiental da UnB. Foi diretor da Ag\u00eancia Nacional de \u00c1guas e Saneamento B\u00e1sico (ANA) no per\u00edodo de 2004 a 2008, e presidente da ABRH \u2013 Associa\u00e7\u00e3o Brasileira de Recursos H\u00eddricos, no bi\u00eanio de 2002-2003. Foi membro do TEC\/GWP (<em>Technical Committee of the Global Water Partnership<\/em>). Tem experi\u00eancia nas \u00e1reas de Engenharia de Recursos H\u00eddricos e Engenharia Sanit\u00e1ria, com \u00eanfase em Planejamento Integrado dos Recursos H\u00eddricos, atuando principalmente nos seguintes temas: saneamento ambiental, gest\u00e3o de recursos h\u00eddricos, planejamento no uso de recursos h\u00eddricos, processos de aux\u00edlio \u00e0 decis\u00e3o e avalia\u00e7\u00e3o de pol\u00edticas p\u00fablicas. Desde 2018 \u00e9 diretor da \u00c1rea de Regula\u00e7\u00e3o da ANA.<\/p>\n<p><img loading=\"lazy\" decoding=\"async\" class=\"wp-image-69052 alignnone\" src=\"https:\/\/www.institutodeengenharia.org.br\/site\/wp-content\/uploads\/2020\/07\/Percy-Soares-Neto.jpg\" alt=\"\" width=\"144\" height=\"177\" \/><\/p>\n<p><strong>Percy Soares Neto<\/strong><br \/>\n(Associa\u00e7\u00e3o Brasileira das Concession\u00e1rias Privadas de Servi\u00e7os P\u00fablicos de \u00c1gua e Esgoto\u00a0\u2013 ABCON)<\/p>\n<p>Diretor executivo da ABCON \u2013 Associa\u00e7\u00e3o Brasileira das Concession\u00e1rias Privadas de Servi\u00e7os P\u00fablicos de \u00c1gua e Esgoto e do SINDCON \u2013 Sindicato Nacional das Concession\u00e1rias Privadas de Servi\u00e7os P\u00fablicos de \u00c1gua e Esgoto. \u00c9 especialista em Economia do Meio Ambiente pela Universidade de Alcal\u00e1 de Henares, com mestrado na UFRGS. Trabalhou tamb\u00e9m como coordenador da rede de recursos h\u00eddricos da Ind\u00fastria da CNI e no Minist\u00e9rio do Meio Ambiente. Autor do livro \u201cConstruindo a Seguran\u00e7a H\u00eddrica\u201d, lan\u00e7ado em 2018.<\/p>\n<p><img loading=\"lazy\" decoding=\"async\" class=\"wp-image-69053 alignnone\" src=\"https:\/\/www.institutodeengenharia.org.br\/site\/wp-content\/uploads\/2020\/07\/Caio_Portugal_Foto.jpg\" alt=\"\" width=\"147\" height=\"180\" srcset=\"https:\/\/www.institutodeengenharia.org.br\/site\/wp-content\/uploads\/2020\/07\/Caio_Portugal_Foto.jpg 361w, https:\/\/www.institutodeengenharia.org.br\/site\/wp-content\/uploads\/2020\/07\/Caio_Portugal_Foto-245x300.jpg 245w, https:\/\/www.institutodeengenharia.org.br\/site\/wp-content\/uploads\/2020\/07\/Caio_Portugal_Foto-324x400.jpg 324w, https:\/\/www.institutodeengenharia.org.br\/site\/wp-content\/uploads\/2020\/07\/Caio_Portugal_Foto-343x420.jpg 343w\" sizes=\"auto, (max-width: 147px) 100vw, 147px\" \/><\/p>\n<p><strong>Caio Carmona Cesar Portugal<\/strong><br \/>\n(Associa\u00e7\u00e3o das Empresas de Loteamento Urbano \u2013 AELO)<\/p>\n<p>Formado em Administra\u00e7\u00e3o de Empresas pela Funda\u00e7\u00e3o Get\u00falio Vargas de S\u00e3o Paulo (FGV-SP)\u00a0e bacharel em Direito pela Pontif\u00edcia Universidade Cat\u00f3lica de S\u00e3o Paulo (PUC-SP). Atua na \u00e1rea de loteamentos h\u00e1 mais de 30 anos pela GP Desenvolvimento Urbano, empresa loteadora com mais de 68 empreendimentos realizados. \u00c9 presidente da AELO (Associa\u00e7\u00e3o das Empresas de Loteamento e Desenvolvimento Urbano) desde 2011. Tamb\u00e9m \u00e9 vice-presidente de Desenvolvimento Urbano e Meio Ambiente do Secovi-SP (Sindicato da Habita\u00e7\u00e3o) desde 2005, e presidente do Conselho Gestor da Secretaria de Habita\u00e7\u00e3o do Estado de S\u00e3o Paulo na atual gest\u00e3o do governo do Estado.<\/p>\n<p><strong>Moderadores:<\/strong><\/p>\n<p><img loading=\"lazy\" decoding=\"async\" class=\"wp-image-69054 alignnone\" src=\"https:\/\/www.institutodeengenharia.org.br\/site\/wp-content\/uploads\/2020\/07\/Paula-2.jpeg\" alt=\"\" width=\"148\" height=\"172\" srcset=\"https:\/\/www.institutodeengenharia.org.br\/site\/wp-content\/uploads\/2020\/07\/Paula-2.jpeg 482w, https:\/\/www.institutodeengenharia.org.br\/site\/wp-content\/uploads\/2020\/07\/Paula-2-259x300.jpeg 259w, https:\/\/www.institutodeengenharia.org.br\/site\/wp-content\/uploads\/2020\/07\/Paula-2-362x420.jpeg 362w\" sizes=\"auto, (max-width: 148px) 100vw, 148px\" \/><\/p>\n<p><strong>Paula Fernanda Morais Andrade Rodrigues<\/strong><br \/>\n(Coordenadora da Divis\u00e3o T\u00e9cnica de Engenharia Sanit\u00e1ria, Recursos H\u00eddricos e Biotecnologia do Instituto de Engenharia)<\/p>\n<p>Mestre em Sustentabilidade e especialista em Engenharia de Seguran\u00e7a do Trabalho pela Universidade de S\u00e3o Paulo (USP), bi\u00f3loga pela Universidade Presbiteriana Mackenzie e engenheira Ambiental pela Universidade Federal de S\u00e3o Carlos (UFSCar). Atua em meio ambiente, seguran\u00e7a ocupacional e per\u00edcia judicial prestando servi\u00e7os nas \u00e1reas de licenciamento ambiental, avalia\u00e7\u00e3o de impactos ambientais, investiga\u00e7\u00e3o e gerenciamento de \u00e1reas contaminadas e preven\u00e7\u00e3o de inc\u00eandio. Consultora em Relat\u00f3rios de Sustentabilidade. Atuou como pesquisadora nas \u00e1reas de energia, mitiga\u00e7\u00e3o de emiss\u00f5es de gases do efeito estufa, efici\u00eancia energ\u00e9tica, mudan\u00e7as clim\u00e1ticas e economia ambiental para o Banco Interamericano de Desenvolvimento (BID). Ministrou aulas de Elementos Biol\u00f3gicos em Per\u00edcia Ambiental no IBAPE\/SP. Coordena a Divis\u00e3o T\u00e9cnica de Engenharia Sanit\u00e1ria, Recursos H\u00eddricos e Biotecnologia do Instituto de Engenharia.<\/p>\n<p><img loading=\"lazy\" decoding=\"async\" class=\"wp-image-68239 alignnone\" src=\"https:\/\/www.institutodeengenharia.org.br\/site\/wp-content\/uploads\/2020\/06\/mario-ernesto-humberg.jpg\" alt=\"\" width=\"146\" height=\"167\" srcset=\"https:\/\/www.institutodeengenharia.org.br\/site\/wp-content\/uploads\/2020\/06\/mario-ernesto-humberg.jpg 1131w, https:\/\/www.institutodeengenharia.org.br\/site\/wp-content\/uploads\/2020\/06\/mario-ernesto-humberg-262x300.jpg 262w, https:\/\/www.institutodeengenharia.org.br\/site\/wp-content\/uploads\/2020\/06\/mario-ernesto-humberg-768x881.jpg 768w, https:\/\/www.institutodeengenharia.org.br\/site\/wp-content\/uploads\/2020\/06\/mario-ernesto-humberg-893x1024.jpg 893w, https:\/\/www.institutodeengenharia.org.br\/site\/wp-content\/uploads\/2020\/06\/mario-ernesto-humberg-696x798.jpg 696w, https:\/\/www.institutodeengenharia.org.br\/site\/wp-content\/uploads\/2020\/06\/mario-ernesto-humberg-1068x1225.jpg 1068w, https:\/\/www.institutodeengenharia.org.br\/site\/wp-content\/uploads\/2020\/06\/mario-ernesto-humberg-366x420.jpg 366w, https:\/\/www.institutodeengenharia.org.br\/site\/wp-content\/uploads\/2020\/06\/mario-ernesto-humberg-600x688.jpg 600w\" sizes=\"auto, (max-width: 146px) 100vw, 146px\" \/><\/p>\n<p><strong>Mario Ernesto Humberg<\/strong><br \/>\n(Redator do estudo Diretrizes para Universaliza\u00e7\u00e3o do Saneamento no Brasil)<\/p>\n<p>Formado em Qu\u00edmica pela Universidade de S\u00e3o Paulo (USP), com especializa\u00e7\u00e3o em Qu\u00edmica Industrial. Foi professor das escolas de Engenharia Mau\u00e1, Oswaldo Cruz e Tecnologia de Barretos e atuou em ind\u00fastrias do setor. Dirigiu a Revista Qu\u00edmica e Derivados, passando para a \u00e1rea Jornal\u00edstica, como diretor das revistas t\u00e9cnicas da Editora Abril, e depois do jornal Gazeta Mercantil. Dirigiu a \u00e1rea de Rela\u00e7\u00f5es Institucionais das empresas BASF e ap\u00f3s fundou sua empresa de consultoria, a CL-A Comunica\u00e7\u00f5es. Atua na prepara\u00e7\u00e3o de\u00a0<em>papers<\/em>,\u00a0estudos e outros conte\u00fados sobre neg\u00f3cios, meio ambiente e informa\u00e7\u00f5es sociais e econ\u00f4micas. \u00c9 tamb\u00e9m consultor e palestrante sobre \u00c9tica Organizacional e Gest\u00e3o de Crises, com v\u00e1rios livros publicados. \u00c9 atualmente coordenador Geral do PNBE \u2013 Pensamento Nacional das Bases Empresariais, conselheiro da ADVB \u2013 Associa\u00e7\u00e3o dos Dirigentes de Vendas e Marketing do Brasil, e membro do Conselho de Economia Empresarial e Pol\u00edtica \u2013 CEEP da Fecomercio-SP<\/p>\n<p><strong>Apoio:<\/strong><\/p>\n<p><img loading=\"lazy\" decoding=\"async\" class=\"alignnone wp-image-68324\" src=\"https:\/\/www.institutodeengenharia.org.br\/site\/wp-content\/uploads\/2020\/06\/abimaq_horizontal_sem_trademaq.jpg\" alt=\"\" width=\"188\" height=\"70\" srcset=\"https:\/\/www.institutodeengenharia.org.br\/site\/wp-content\/uploads\/2020\/06\/abimaq_horizontal_sem_trademaq.jpg 1344w, https:\/\/www.institutodeengenharia.org.br\/site\/wp-content\/uploads\/2020\/06\/abimaq_horizontal_sem_trademaq-300x113.jpg 300w, https:\/\/www.institutodeengenharia.org.br\/site\/wp-content\/uploads\/2020\/06\/abimaq_horizontal_sem_trademaq-768x288.jpg 768w, https:\/\/www.institutodeengenharia.org.br\/site\/wp-content\/uploads\/2020\/06\/abimaq_horizontal_sem_trademaq-1024x384.jpg 1024w, https:\/\/www.institutodeengenharia.org.br\/site\/wp-content\/uploads\/2020\/06\/abimaq_horizontal_sem_trademaq-696x261.jpg 696w, https:\/\/www.institutodeengenharia.org.br\/site\/wp-content\/uploads\/2020\/06\/abimaq_horizontal_sem_trademaq-1068x401.jpg 1068w, https:\/\/www.institutodeengenharia.org.br\/site\/wp-content\/uploads\/2020\/06\/abimaq_horizontal_sem_trademaq-1120x420.jpg 1120w, https:\/\/www.institutodeengenharia.org.br\/site\/wp-content\/uploads\/2020\/06\/abimaq_horizontal_sem_trademaq-600x225.jpg 600w\" sizes=\"auto, (max-width: 188px) 100vw, 188px\" \/><img loading=\"lazy\" decoding=\"async\" class=\"alignnone wp-image-69234\" src=\"https:\/\/www.institutodeengenharia.org.br\/site\/wp-content\/uploads\/2020\/07\/LG_tagline_horizontal-1.jpg\" alt=\"\" width=\"172\" height=\"77\" srcset=\"https:\/\/www.institutodeengenharia.org.br\/site\/wp-content\/uploads\/2020\/07\/LG_tagline_horizontal-1.jpg 588w, https:\/\/www.institutodeengenharia.org.br\/site\/wp-content\/uploads\/2020\/07\/LG_tagline_horizontal-1-300x135.jpg 300w\" sizes=\"auto, (max-width: 172px) 100vw, 172px\" \/><img loading=\"lazy\" decoding=\"async\" class=\"alignnone wp-image-69233\" src=\"https:\/\/www.institutodeengenharia.org.br\/site\/wp-content\/uploads\/2020\/07\/LogoASSEMAE.jpg\" alt=\"\" width=\"124\" height=\"80\" srcset=\"https:\/\/www.institutodeengenharia.org.br\/site\/wp-content\/uploads\/2020\/07\/LogoASSEMAE.jpg 1443w, https:\/\/www.institutodeengenharia.org.br\/site\/wp-content\/uploads\/2020\/07\/LogoASSEMAE-300x194.jpg 300w, https:\/\/www.institutodeengenharia.org.br\/site\/wp-content\/uploads\/2020\/07\/LogoASSEMAE-768x498.jpg 768w, https:\/\/www.institutodeengenharia.org.br\/site\/wp-content\/uploads\/2020\/07\/LogoASSEMAE-1024x664.jpg 1024w, https:\/\/www.institutodeengenharia.org.br\/site\/wp-content\/uploads\/2020\/07\/LogoASSEMAE-696x451.jpg 696w, https:\/\/www.institutodeengenharia.org.br\/site\/wp-content\/uploads\/2020\/07\/LogoASSEMAE-741x486.jpg 741w, https:\/\/www.institutodeengenharia.org.br\/site\/wp-content\/uploads\/2020\/07\/LogoASSEMAE-1068x692.jpg 1068w, https:\/\/www.institutodeengenharia.org.br\/site\/wp-content\/uploads\/2020\/07\/LogoASSEMAE-648x420.jpg 648w, https:\/\/www.institutodeengenharia.org.br\/site\/wp-content\/uploads\/2020\/07\/LogoASSEMAE-600x389.jpg 600w\" sizes=\"auto, (max-width: 124px) 100vw, 124px\" \/><\/p>\n<p><strong>Apoio Institucional:<\/strong><\/p>\n<p><strong><img loading=\"lazy\" decoding=\"async\" class=\"alignnone size-full wp-image-34556\" src=\"https:\/\/www.institutodeengenharia.org.br\/site\/wp-content\/uploads\/2018\/04\/CREA-SP_vertical.jpg\" alt=\"\" width=\"150\" height=\"106\" srcset=\"https:\/\/www.institutodeengenharia.org.br\/site\/wp-content\/uploads\/2018\/04\/CREA-SP_vertical.jpg 150w, https:\/\/www.institutodeengenharia.org.br\/site\/wp-content\/uploads\/2018\/04\/CREA-SP_vertical-100x70.jpg 100w\" sizes=\"auto, (max-width: 150px) 100vw, 150px\" \/>\u00a0<\/strong><\/p>\n<p><strong>Realiza\u00e7\u00e3o:<\/strong><\/p>\n<p><strong>Eng. Jer\u00f4nimo Cabral Pereira Fagundes Neto <\/strong>\u2013 Vice-presidente de Atividades T\u00e9cnicas<\/p>\n<p><strong>Eng. Roberto Kochen<\/strong>\u00a0\u2013 Diretor do Departamento de Engenharia do Habitat e Infraestrutura<\/p>\n<p><strong>Eng.\u00aa Paula Fernanda M. A. Rodrigues<\/strong>\u00a0\u2013 Coordenadora da Divis\u00e3o T\u00e9cnica\u00a0de Engenharia Sanit\u00e1ria e Recursos H\u00eddricos e Biotecnologia<\/p>\n","protected":false},"excerpt":{"rendered":"<p>&nbsp; Assista abaixo \u00e0 grava\u00e7\u00e3o: &nbsp; &nbsp; + INFORMA\u00c7\u00d5ES:\u00a0 Abordagem: Este evento faz parte de uma s\u00e9rie de webinars cujo intuito \u00e9 discutir como transformar as medidas do novo Marco Legal do Saneamento em realidade, eliminando o d\u00e9ficit negativo que o Pa\u00eds tem hoje nos quatro aspectos:\u00a0distribui\u00e7\u00e3o de \u00e1gua, coleta e tratamento de esgotos, coleta [&hellip;]<\/p>\n","protected":false},"author":13,"featured_media":69142,"comment_status":"open","ping_status":"open","sticky":false,"template":"","format":"standard","meta":{"footnotes":""},"categories":[15,75,968,970],"tags":[],"class_list":{"0":"post-69967","1":"post","2":"type-post","3":"status-publish","4":"format-standard","5":"has-post-thumbnail","7":"category-departamento-desenvolvimento-de-projetos-e-servicos-de-infraestrutura","8":"category-divisao-tecnica-aguas-e-saneamento","9":"category-nova-tv-engenharia","10":"category-seminario"},"yoast_head":"<!-- This site is optimized with the Yoast SEO plugin v27.2 - https:\/\/yoast.com\/product\/yoast-seo-wordpress\/ -->\n<title>Diretrizes para o Saneamento \u2013 Como chegar \u00e0 Universaliza\u00e7\u00e3o - Instituto de Engenharia<\/title>\n<meta name=\"robots\" content=\"index, follow, max-snippet:-1, max-image-preview:large, max-video-preview:-1\" \/>\n<link rel=\"canonical\" href=\"https:\/\/www.institutodeengenharia.org.br\/site\/2020\/07\/22\/diretrizes-para-o-saneamento-como-chegar-a-universalizacao\/\" \/>\n<meta property=\"og:locale\" content=\"pt_BR\" \/>\n<meta property=\"og:type\" content=\"article\" \/>\n<meta property=\"og:title\" content=\"Diretrizes para o Saneamento \u2013 Como chegar \u00e0 Universaliza\u00e7\u00e3o - Instituto de Engenharia\" \/>\n<meta property=\"og:description\" content=\"&nbsp; Assista abaixo \u00e0 grava\u00e7\u00e3o: &nbsp; &nbsp; + INFORMA\u00c7\u00d5ES:\u00a0 Abordagem: Este evento faz parte de uma s\u00e9rie de webinars cujo intuito \u00e9 discutir como transformar as medidas do novo Marco Legal do Saneamento em realidade, eliminando o d\u00e9ficit negativo que o Pa\u00eds tem hoje nos quatro aspectos:\u00a0distribui\u00e7\u00e3o de \u00e1gua, coleta e tratamento de esgotos, coleta [&hellip;]\" \/>\n<meta property=\"og:url\" content=\"https:\/\/www.institutodeengenharia.org.br\/site\/2020\/07\/22\/diretrizes-para-o-saneamento-como-chegar-a-universalizacao\/\" \/>\n<meta property=\"og:site_name\" content=\"Instituto de Engenharia\" \/>\n<meta property=\"article:publisher\" content=\"https:\/\/www.facebook.com\/institutodeengenharia\" \/>\n<meta property=\"article:published_time\" content=\"2020-07-22T14:35:18+00:00\" \/>\n<meta property=\"article:modified_time\" content=\"2020-08-14T18:47:16+00:00\" \/>\n<meta property=\"og:image\" content=\"https:\/\/www.institutodeengenharia.org.br\/site\/wp-content\/uploads\/2020\/07\/original-d8ec12a069ba933c087e56aa85751800.jpg\" \/>\n\t<meta property=\"og:image:width\" content=\"724\" \/>\n\t<meta property=\"og:image:height\" content=\"483\" \/>\n\t<meta property=\"og:image:type\" content=\"image\/jpeg\" \/>\n<meta name=\"author\" content=\"Bianca\" \/>\n<meta name=\"twitter:card\" content=\"summary_large_image\" \/>\n<meta name=\"twitter:creator\" content=\"@iengenharia\" \/>\n<meta name=\"twitter:site\" content=\"@iengenharia\" \/>\n<meta name=\"twitter:label1\" content=\"Escrito por\" \/>\n\t<meta name=\"twitter:data1\" content=\"Bianca\" \/>\n\t<meta name=\"twitter:label2\" content=\"Est. tempo de leitura\" \/>\n\t<meta name=\"twitter:data2\" content=\"5 minutos\" \/>\n<script type=\"application\/ld+json\" class=\"yoast-schema-graph\">{\"@context\":\"https:\/\/schema.org\",\"@graph\":[{\"@type\":\"Article\",\"@id\":\"https:\/\/www.institutodeengenharia.org.br\/site\/2020\/07\/22\/diretrizes-para-o-saneamento-como-chegar-a-universalizacao\/#article\",\"isPartOf\":{\"@id\":\"https:\/\/www.institutodeengenharia.org.br\/site\/2020\/07\/22\/diretrizes-para-o-saneamento-como-chegar-a-universalizacao\/\"},\"author\":{\"name\":\"Bianca\",\"@id\":\"https:\/\/www.institutodeengenharia.org.br\/site\/#\/schema\/person\/aeb64951c405e100d26d30b033dd423f\"},\"headline\":\"Diretrizes para o Saneamento \u2013 Como chegar \u00e0 Universaliza\u00e7\u00e3o\",\"datePublished\":\"2020-07-22T14:35:18+00:00\",\"dateModified\":\"2020-08-14T18:47:16+00:00\",\"mainEntityOfPage\":{\"@id\":\"https:\/\/www.institutodeengenharia.org.br\/site\/2020\/07\/22\/diretrizes-para-o-saneamento-como-chegar-a-universalizacao\/\"},\"wordCount\":976,\"commentCount\":0,\"publisher\":{\"@id\":\"https:\/\/www.institutodeengenharia.org.br\/site\/#organization\"},\"image\":{\"@id\":\"https:\/\/www.institutodeengenharia.org.br\/site\/2020\/07\/22\/diretrizes-para-o-saneamento-como-chegar-a-universalizacao\/#primaryimage\"},\"thumbnailUrl\":\"https:\/\/www.institutodeengenharia.org.br\/site\/wp-content\/uploads\/2020\/07\/original-d8ec12a069ba933c087e56aa85751800.jpg\",\"articleSection\":[\"Departamento Desenvolvimento de Projetos e Servi\u00e7os de Infraestrutura\",\"Divis\u00e3o T\u00e9cnica \u00c1guas e Saneamento\",\"Nova TV Engenharia\",\"Semin\u00e1rio\"],\"inLanguage\":\"pt-BR\",\"potentialAction\":[{\"@type\":\"CommentAction\",\"name\":\"Comment\",\"target\":[\"https:\/\/www.institutodeengenharia.org.br\/site\/2020\/07\/22\/diretrizes-para-o-saneamento-como-chegar-a-universalizacao\/#respond\"]}]},{\"@type\":\"WebPage\",\"@id\":\"https:\/\/www.institutodeengenharia.org.br\/site\/2020\/07\/22\/diretrizes-para-o-saneamento-como-chegar-a-universalizacao\/\",\"url\":\"https:\/\/www.institutodeengenharia.org.br\/site\/2020\/07\/22\/diretrizes-para-o-saneamento-como-chegar-a-universalizacao\/\",\"name\":\"Diretrizes para o Saneamento \u2013 Como chegar \u00e0 Universaliza\u00e7\u00e3o - Instituto de Engenharia\",\"isPartOf\":{\"@id\":\"https:\/\/www.institutodeengenharia.org.br\/site\/#website\"},\"primaryImageOfPage\":{\"@id\":\"https:\/\/www.institutodeengenharia.org.br\/site\/2020\/07\/22\/diretrizes-para-o-saneamento-como-chegar-a-universalizacao\/#primaryimage\"},\"image\":{\"@id\":\"https:\/\/www.institutodeengenharia.org.br\/site\/2020\/07\/22\/diretrizes-para-o-saneamento-como-chegar-a-universalizacao\/#primaryimage\"},\"thumbnailUrl\":\"https:\/\/www.institutodeengenharia.org.br\/site\/wp-content\/uploads\/2020\/07\/original-d8ec12a069ba933c087e56aa85751800.jpg\",\"datePublished\":\"2020-07-22T14:35:18+00:00\",\"dateModified\":\"2020-08-14T18:47:16+00:00\",\"breadcrumb\":{\"@id\":\"https:\/\/www.institutodeengenharia.org.br\/site\/2020\/07\/22\/diretrizes-para-o-saneamento-como-chegar-a-universalizacao\/#breadcrumb\"},\"inLanguage\":\"pt-BR\",\"potentialAction\":[{\"@type\":\"ReadAction\",\"target\":[\"https:\/\/www.institutodeengenharia.org.br\/site\/2020\/07\/22\/diretrizes-para-o-saneamento-como-chegar-a-universalizacao\/\"]}]},{\"@type\":\"ImageObject\",\"inLanguage\":\"pt-BR\",\"@id\":\"https:\/\/www.institutodeengenharia.org.br\/site\/2020\/07\/22\/diretrizes-para-o-saneamento-como-chegar-a-universalizacao\/#primaryimage\",\"url\":\"https:\/\/www.institutodeengenharia.org.br\/site\/wp-content\/uploads\/2020\/07\/original-d8ec12a069ba933c087e56aa85751800.jpg\",\"contentUrl\":\"https:\/\/www.institutodeengenharia.org.br\/site\/wp-content\/uploads\/2020\/07\/original-d8ec12a069ba933c087e56aa85751800.jpg\",\"width\":724,\"height\":483},{\"@type\":\"BreadcrumbList\",\"@id\":\"https:\/\/www.institutodeengenharia.org.br\/site\/2020\/07\/22\/diretrizes-para-o-saneamento-como-chegar-a-universalizacao\/#breadcrumb\",\"itemListElement\":[{\"@type\":\"ListItem\",\"position\":1,\"name\":\"In\u00edcio\",\"item\":\"https:\/\/www.institutodeengenharia.org.br\/site\/\"},{\"@type\":\"ListItem\",\"position\":2,\"name\":\"Diretrizes para o Saneamento \u2013 Como chegar \u00e0 Universaliza\u00e7\u00e3o\"}]},{\"@type\":\"WebSite\",\"@id\":\"https:\/\/www.institutodeengenharia.org.br\/site\/#website\",\"url\":\"https:\/\/www.institutodeengenharia.org.br\/site\/\",\"name\":\"Instituto de Engenharia\",\"description\":\"O Instituto de Engenharia promove a Engenharia em benef\u00edcio do desenvolvimento e da qualidade de vida da sociedade.\",\"publisher\":{\"@id\":\"https:\/\/www.institutodeengenharia.org.br\/site\/#organization\"},\"potentialAction\":[{\"@type\":\"SearchAction\",\"target\":{\"@type\":\"EntryPoint\",\"urlTemplate\":\"https:\/\/www.institutodeengenharia.org.br\/site\/?s={search_term_string}\"},\"query-input\":{\"@type\":\"PropertyValueSpecification\",\"valueRequired\":true,\"valueName\":\"search_term_string\"}}],\"inLanguage\":\"pt-BR\"},{\"@type\":\"Organization\",\"@id\":\"https:\/\/www.institutodeengenharia.org.br\/site\/#organization\",\"name\":\"Instituto de Engenharia\",\"url\":\"https:\/\/www.institutodeengenharia.org.br\/site\/\",\"logo\":{\"@type\":\"ImageObject\",\"inLanguage\":\"pt-BR\",\"@id\":\"https:\/\/www.institutodeengenharia.org.br\/site\/#\/schema\/logo\/image\/\",\"url\":\"https:\/\/www.institutodeengenharia.org.br\/site\/wp-content\/uploads\/2019\/03\/logo-novo-IE2018-1.jpg\",\"contentUrl\":\"https:\/\/www.institutodeengenharia.org.br\/site\/wp-content\/uploads\/2019\/03\/logo-novo-IE2018-1.jpg\",\"width\":1486,\"height\":1879,\"caption\":\"Instituto de Engenharia\"},\"image\":{\"@id\":\"https:\/\/www.institutodeengenharia.org.br\/site\/#\/schema\/logo\/image\/\"},\"sameAs\":[\"https:\/\/www.facebook.com\/institutodeengenharia\",\"https:\/\/x.com\/iengenharia\",\"https:\/\/www.instagram.com\/institutodeengenharia\/\",\"https:\/\/www.linkedin.com\/company\/instituto-de-engenharia\/\",\"https:\/\/www.youtube.com\/channel\/UCXiCAlsSMe977vamW915HxA\"]},{\"@type\":\"Person\",\"@id\":\"https:\/\/www.institutodeengenharia.org.br\/site\/#\/schema\/person\/aeb64951c405e100d26d30b033dd423f\",\"name\":\"Bianca\",\"image\":{\"@type\":\"ImageObject\",\"inLanguage\":\"pt-BR\",\"@id\":\"https:\/\/secure.gravatar.com\/avatar\/a6fbe9bff57405baf4c1e2c5c1811e072b558253974a9f9508f4678900c97c2a?s=96&d=mm&r=g\",\"url\":\"https:\/\/secure.gravatar.com\/avatar\/a6fbe9bff57405baf4c1e2c5c1811e072b558253974a9f9508f4678900c97c2a?s=96&d=mm&r=g\",\"contentUrl\":\"https:\/\/secure.gravatar.com\/avatar\/a6fbe9bff57405baf4c1e2c5c1811e072b558253974a9f9508f4678900c97c2a?s=96&d=mm&r=g\",\"caption\":\"Bianca\"},\"url\":\"https:\/\/www.institutodeengenharia.org.br\/site\/author\/comunicacao1\/\"}]}<\/script>\n<!-- \/ Yoast SEO plugin. -->","yoast_head_json":{"title":"Diretrizes para o Saneamento \u2013 Como chegar \u00e0 Universaliza\u00e7\u00e3o - Instituto de Engenharia","robots":{"index":"index","follow":"follow","max-snippet":"max-snippet:-1","max-image-preview":"max-image-preview:large","max-video-preview":"max-video-preview:-1"},"canonical":"https:\/\/www.institutodeengenharia.org.br\/site\/2020\/07\/22\/diretrizes-para-o-saneamento-como-chegar-a-universalizacao\/","og_locale":"pt_BR","og_type":"article","og_title":"Diretrizes para o Saneamento \u2013 Como chegar \u00e0 Universaliza\u00e7\u00e3o - Instituto de Engenharia","og_description":"&nbsp; Assista abaixo \u00e0 grava\u00e7\u00e3o: &nbsp; &nbsp; + INFORMA\u00c7\u00d5ES:\u00a0 Abordagem: Este evento faz parte de uma s\u00e9rie de webinars cujo intuito \u00e9 discutir como transformar as medidas do novo Marco Legal do Saneamento em realidade, eliminando o d\u00e9ficit negativo que o Pa\u00eds tem hoje nos quatro aspectos:\u00a0distribui\u00e7\u00e3o de \u00e1gua, coleta e tratamento de esgotos, coleta [&hellip;]","og_url":"https:\/\/www.institutodeengenharia.org.br\/site\/2020\/07\/22\/diretrizes-para-o-saneamento-como-chegar-a-universalizacao\/","og_site_name":"Instituto de Engenharia","article_publisher":"https:\/\/www.facebook.com\/institutodeengenharia","article_published_time":"2020-07-22T14:35:18+00:00","article_modified_time":"2020-08-14T18:47:16+00:00","og_image":[{"width":724,"height":483,"url":"https:\/\/www.institutodeengenharia.org.br\/site\/wp-content\/uploads\/2020\/07\/original-d8ec12a069ba933c087e56aa85751800.jpg","type":"image\/jpeg"}],"author":"Bianca","twitter_card":"summary_large_image","twitter_creator":"@iengenharia","twitter_site":"@iengenharia","twitter_misc":{"Escrito por":"Bianca","Est. tempo de leitura":"5 minutos"},"schema":{"@context":"https:\/\/schema.org","@graph":[{"@type":"Article","@id":"https:\/\/www.institutodeengenharia.org.br\/site\/2020\/07\/22\/diretrizes-para-o-saneamento-como-chegar-a-universalizacao\/#article","isPartOf":{"@id":"https:\/\/www.institutodeengenharia.org.br\/site\/2020\/07\/22\/diretrizes-para-o-saneamento-como-chegar-a-universalizacao\/"},"author":{"name":"Bianca","@id":"https:\/\/www.institutodeengenharia.org.br\/site\/#\/schema\/person\/aeb64951c405e100d26d30b033dd423f"},"headline":"Diretrizes para o Saneamento \u2013 Como chegar \u00e0 Universaliza\u00e7\u00e3o","datePublished":"2020-07-22T14:35:18+00:00","dateModified":"2020-08-14T18:47:16+00:00","mainEntityOfPage":{"@id":"https:\/\/www.institutodeengenharia.org.br\/site\/2020\/07\/22\/diretrizes-para-o-saneamento-como-chegar-a-universalizacao\/"},"wordCount":976,"commentCount":0,"publisher":{"@id":"https:\/\/www.institutodeengenharia.org.br\/site\/#organization"},"image":{"@id":"https:\/\/www.institutodeengenharia.org.br\/site\/2020\/07\/22\/diretrizes-para-o-saneamento-como-chegar-a-universalizacao\/#primaryimage"},"thumbnailUrl":"https:\/\/www.institutodeengenharia.org.br\/site\/wp-content\/uploads\/2020\/07\/original-d8ec12a069ba933c087e56aa85751800.jpg","articleSection":["Departamento Desenvolvimento de Projetos e Servi\u00e7os de Infraestrutura","Divis\u00e3o T\u00e9cnica \u00c1guas e Saneamento","Nova TV Engenharia","Semin\u00e1rio"],"inLanguage":"pt-BR","potentialAction":[{"@type":"CommentAction","name":"Comment","target":["https:\/\/www.institutodeengenharia.org.br\/site\/2020\/07\/22\/diretrizes-para-o-saneamento-como-chegar-a-universalizacao\/#respond"]}]},{"@type":"WebPage","@id":"https:\/\/www.institutodeengenharia.org.br\/site\/2020\/07\/22\/diretrizes-para-o-saneamento-como-chegar-a-universalizacao\/","url":"https:\/\/www.institutodeengenharia.org.br\/site\/2020\/07\/22\/diretrizes-para-o-saneamento-como-chegar-a-universalizacao\/","name":"Diretrizes para o Saneamento \u2013 Como chegar \u00e0 Universaliza\u00e7\u00e3o - Instituto de Engenharia","isPartOf":{"@id":"https:\/\/www.institutodeengenharia.org.br\/site\/#website"},"primaryImageOfPage":{"@id":"https:\/\/www.institutodeengenharia.org.br\/site\/2020\/07\/22\/diretrizes-para-o-saneamento-como-chegar-a-universalizacao\/#primaryimage"},"image":{"@id":"https:\/\/www.institutodeengenharia.org.br\/site\/2020\/07\/22\/diretrizes-para-o-saneamento-como-chegar-a-universalizacao\/#primaryimage"},"thumbnailUrl":"https:\/\/www.institutodeengenharia.org.br\/site\/wp-content\/uploads\/2020\/07\/original-d8ec12a069ba933c087e56aa85751800.jpg","datePublished":"2020-07-22T14:35:18+00:00","dateModified":"2020-08-14T18:47:16+00:00","breadcrumb":{"@id":"https:\/\/www.institutodeengenharia.org.br\/site\/2020\/07\/22\/diretrizes-para-o-saneamento-como-chegar-a-universalizacao\/#breadcrumb"},"inLanguage":"pt-BR","potentialAction":[{"@type":"ReadAction","target":["https:\/\/www.institutodeengenharia.org.br\/site\/2020\/07\/22\/diretrizes-para-o-saneamento-como-chegar-a-universalizacao\/"]}]},{"@type":"ImageObject","inLanguage":"pt-BR","@id":"https:\/\/www.institutodeengenharia.org.br\/site\/2020\/07\/22\/diretrizes-para-o-saneamento-como-chegar-a-universalizacao\/#primaryimage","url":"https:\/\/www.institutodeengenharia.org.br\/site\/wp-content\/uploads\/2020\/07\/original-d8ec12a069ba933c087e56aa85751800.jpg","contentUrl":"https:\/\/www.institutodeengenharia.org.br\/site\/wp-content\/uploads\/2020\/07\/original-d8ec12a069ba933c087e56aa85751800.jpg","width":724,"height":483},{"@type":"BreadcrumbList","@id":"https:\/\/www.institutodeengenharia.org.br\/site\/2020\/07\/22\/diretrizes-para-o-saneamento-como-chegar-a-universalizacao\/#breadcrumb","itemListElement":[{"@type":"ListItem","position":1,"name":"In\u00edcio","item":"https:\/\/www.institutodeengenharia.org.br\/site\/"},{"@type":"ListItem","position":2,"name":"Diretrizes para o Saneamento \u2013 Como chegar \u00e0 Universaliza\u00e7\u00e3o"}]},{"@type":"WebSite","@id":"https:\/\/www.institutodeengenharia.org.br\/site\/#website","url":"https:\/\/www.institutodeengenharia.org.br\/site\/","name":"Instituto de Engenharia","description":"O Instituto de Engenharia promove a Engenharia em benef\u00edcio do desenvolvimento e da qualidade de vida da sociedade.","publisher":{"@id":"https:\/\/www.institutodeengenharia.org.br\/site\/#organization"},"potentialAction":[{"@type":"SearchAction","target":{"@type":"EntryPoint","urlTemplate":"https:\/\/www.institutodeengenharia.org.br\/site\/?s={search_term_string}"},"query-input":{"@type":"PropertyValueSpecification","valueRequired":true,"valueName":"search_term_string"}}],"inLanguage":"pt-BR"},{"@type":"Organization","@id":"https:\/\/www.institutodeengenharia.org.br\/site\/#organization","name":"Instituto de Engenharia","url":"https:\/\/www.institutodeengenharia.org.br\/site\/","logo":{"@type":"ImageObject","inLanguage":"pt-BR","@id":"https:\/\/www.institutodeengenharia.org.br\/site\/#\/schema\/logo\/image\/","url":"https:\/\/www.institutodeengenharia.org.br\/site\/wp-content\/uploads\/2019\/03\/logo-novo-IE2018-1.jpg","contentUrl":"https:\/\/www.institutodeengenharia.org.br\/site\/wp-content\/uploads\/2019\/03\/logo-novo-IE2018-1.jpg","width":1486,"height":1879,"caption":"Instituto de Engenharia"},"image":{"@id":"https:\/\/www.institutodeengenharia.org.br\/site\/#\/schema\/logo\/image\/"},"sameAs":["https:\/\/www.facebook.com\/institutodeengenharia","https:\/\/x.com\/iengenharia","https:\/\/www.instagram.com\/institutodeengenharia\/","https:\/\/www.linkedin.com\/company\/instituto-de-engenharia\/","https:\/\/www.youtube.com\/channel\/UCXiCAlsSMe977vamW915HxA"]},{"@type":"Person","@id":"https:\/\/www.institutodeengenharia.org.br\/site\/#\/schema\/person\/aeb64951c405e100d26d30b033dd423f","name":"Bianca","image":{"@type":"ImageObject","inLanguage":"pt-BR","@id":"https:\/\/secure.gravatar.com\/avatar\/a6fbe9bff57405baf4c1e2c5c1811e072b558253974a9f9508f4678900c97c2a?s=96&d=mm&r=g","url":"https:\/\/secure.gravatar.com\/avatar\/a6fbe9bff57405baf4c1e2c5c1811e072b558253974a9f9508f4678900c97c2a?s=96&d=mm&r=g","contentUrl":"https:\/\/secure.gravatar.com\/avatar\/a6fbe9bff57405baf4c1e2c5c1811e072b558253974a9f9508f4678900c97c2a?s=96&d=mm&r=g","caption":"Bianca"},"url":"https:\/\/www.institutodeengenharia.org.br\/site\/author\/comunicacao1\/"}]}},"_links":{"self":[{"href":"https:\/\/www.institutodeengenharia.org.br\/site\/wp-json\/wp\/v2\/posts\/69967","targetHints":{"allow":["GET"]}}],"collection":[{"href":"https:\/\/www.institutodeengenharia.org.br\/site\/wp-json\/wp\/v2\/posts"}],"about":[{"href":"https:\/\/www.institutodeengenharia.org.br\/site\/wp-json\/wp\/v2\/types\/post"}],"author":[{"embeddable":true,"href":"https:\/\/www.institutodeengenharia.org.br\/site\/wp-json\/wp\/v2\/users\/13"}],"replies":[{"embeddable":true,"href":"https:\/\/www.institutodeengenharia.org.br\/site\/wp-json\/wp\/v2\/comments?post=69967"}],"version-history":[{"count":3,"href":"https:\/\/www.institutodeengenharia.org.br\/site\/wp-json\/wp\/v2\/posts\/69967\/revisions"}],"predecessor-version":[{"id":69971,"href":"https:\/\/www.institutodeengenharia.org.br\/site\/wp-json\/wp\/v2\/posts\/69967\/revisions\/69971"}],"wp:featuredmedia":[{"embeddable":true,"href":"https:\/\/www.institutodeengenharia.org.br\/site\/wp-json\/wp\/v2\/media\/69142"}],"wp:attachment":[{"href":"https:\/\/www.institutodeengenharia.org.br\/site\/wp-json\/wp\/v2\/media?parent=69967"}],"wp:term":[{"taxonomy":"category","embeddable":true,"href":"https:\/\/www.institutodeengenharia.org.br\/site\/wp-json\/wp\/v2\/categories?post=69967"},{"taxonomy":"post_tag","embeddable":true,"href":"https:\/\/www.institutodeengenharia.org.br\/site\/wp-json\/wp\/v2\/tags?post=69967"}],"curies":[{"name":"wp","href":"https:\/\/api.w.org\/{rel}","templated":true}]}}