{"id":69964,"date":"2020-07-21T19:29:58","date_gmt":"2020-07-21T22:29:58","guid":{"rendered":"https:\/\/www.institutodeengenharia.org.br\/site\/?p=69964"},"modified":"2020-08-14T15:33:58","modified_gmt":"2020-08-14T18:33:58","slug":"nosso-momento-bim-bim-na-construcao","status":"publish","type":"post","link":"https:\/\/www.institutodeengenharia.org.br\/site\/2020\/07\/21\/nosso-momento-bim-bim-na-construcao\/","title":{"rendered":"Nosso Momento BIM \u2013 BIM na Constru\u00e7\u00e3o"},"content":{"rendered":"<p>&nbsp;<\/p>\n<p><strong>Assista abaixo \u00e0 grava\u00e7\u00e3o:<\/strong><\/p>\n<p><iframe loading=\"lazy\" src=\"https:\/\/player.vimeo.com\/video\/442744179\" width=\"640\" height=\"270\" frameborder=\"0\" allowfullscreen=\"allowfullscreen\"><\/iframe><\/p>\n<p>&nbsp;<\/p>\n<p><strong>+ INFORMA\u00c7\u00d5ES:\u00a0<\/strong><\/p>\n<p><strong>Abordagem:<\/strong><\/p>\n<p>Atualmente, um dos maiores desafios da aplica\u00e7\u00e3o do BIM para o setor AECO (Arquitetura, Engenharia, Constru\u00e7\u00e3o e Opera\u00e7\u00e3o) \u00e9 trazer as informa\u00e7\u00f5es geradas e extra\u00eddas atrav\u00e9s dos modelos BIM para o terreno. No Brasil, com o avan\u00e7o da metodologia, j\u00e1 temos construtoras aplicando o BIM em diversas tipologias de obras.<\/p>\n<p>Para apresentar os<em> cases<\/em> mais destacados no \u00e2mbito nacional, a NossoBIM e o Instituto de Engenharia convidam para o pr\u00f3ximo encontro <strong>Nosso Momento BIM<\/strong>:<\/p>\n<p>Priscila Castro, da SINCO Engenharia; Erik Vinicius, da Andrade Gutierrez; e Marcelo Nonato Santos, da Camargo Corr\u00eaa Infra.<\/p>\n<p><strong>P\u00fablico-alvo: <\/strong><\/p>\n<p>Projetistas\/Construtoras\/Instaladoras e estudantes da \u00e1rea da constru\u00e7\u00e3o civil.<\/p>\n<p><strong>Palestrantes:<\/strong><\/p>\n<p><strong><img loading=\"lazy\" decoding=\"async\" class=\"wp-image-68773 alignnone\" src=\"https:\/\/www.institutodeengenharia.org.br\/site\/wp-content\/uploads\/2020\/07\/Priscila-Castro.png\" alt=\"\" width=\"141\" height=\"140\" srcset=\"https:\/\/www.institutodeengenharia.org.br\/site\/wp-content\/uploads\/2020\/07\/Priscila-Castro.png 199w, https:\/\/www.institutodeengenharia.org.br\/site\/wp-content\/uploads\/2020\/07\/Priscila-Castro-150x150.png 150w, https:\/\/www.institutodeengenharia.org.br\/site\/wp-content\/uploads\/2020\/07\/Priscila-Castro-100x100.png 100w\" sizes=\"auto, (max-width: 141px) 100vw, 141px\" \/><\/strong><\/p>\n<p><strong>Priscila Castro<\/strong><\/p>\n<p>Arquiteta formada pela Universidade Presbiteriana Mackenzie, nove anos como gerente BIM e Projetos da Sinco Engenharia, empresa vencedora do Pr\u00eamio de Excel\u00eancia BIM SindusCon-SP, em 2017, na categoria Construtor.<\/p>\n<p>Com forma\u00e7\u00e3o em Marketing pela Escola Superior de Propaganda e Marketing (ESPM), atuou tamb\u00e9m na Graphisoft do Brasil e no grupo PINI. Possui mais de 20 anos de experi\u00eancia com a implementa\u00e7\u00e3o da metodologia BIM em empresas de projeto e constru\u00e7\u00e3o civil.<\/p>\n<p><img loading=\"lazy\" decoding=\"async\" class=\"wp-image-68774 alignnone\" src=\"https:\/\/www.institutodeengenharia.org.br\/site\/wp-content\/uploads\/2020\/07\/Erik-Vinicius-Aquino.png\" alt=\"\" width=\"147\" height=\"147\" srcset=\"https:\/\/www.institutodeengenharia.org.br\/site\/wp-content\/uploads\/2020\/07\/Erik-Vinicius-Aquino.png 196w, https:\/\/www.institutodeengenharia.org.br\/site\/wp-content\/uploads\/2020\/07\/Erik-Vinicius-Aquino-150x150.png 150w, https:\/\/www.institutodeengenharia.org.br\/site\/wp-content\/uploads\/2020\/07\/Erik-Vinicius-Aquino-100x100.png 100w\" sizes=\"auto, (max-width: 147px) 100vw, 147px\" \/><\/p>\n<p><strong>Erik Vinicius Aquino<\/strong><\/p>\n<p>Engenheiro Civil com mais de 18 anos de experi\u00eancia em obras de infraestrutura, especialmente rodovias e metrovi\u00e1rias.<\/p>\n<p>Respons\u00e1vel desde 2018 pelo projeto de implanta\u00e7\u00e3o do BIM na Andrade Gutierrez, uma das maiores empresas de engenharia da Am\u00e9rica Latina, com sete d\u00e9cadas de atua\u00e7\u00e3o na \u00e1rea de constru\u00e7\u00e3o pesada no Brasil e no mundo.<\/p>\n<p><img loading=\"lazy\" decoding=\"async\" class=\"wp-image-68775 alignnone\" src=\"https:\/\/www.institutodeengenharia.org.br\/site\/wp-content\/uploads\/2020\/07\/Marcelo-Nonato.png\" alt=\"\" width=\"146\" height=\"144\" srcset=\"https:\/\/www.institutodeengenharia.org.br\/site\/wp-content\/uploads\/2020\/07\/Marcelo-Nonato.png 199w, https:\/\/www.institutodeengenharia.org.br\/site\/wp-content\/uploads\/2020\/07\/Marcelo-Nonato-100x100.png 100w\" sizes=\"auto, (max-width: 146px) 100vw, 146px\" \/><\/p>\n<p><strong>Marcelo Nonato<\/strong><\/p>\n<p>Engenheiro Civil pela Escola Polit\u00e9cnica da USP, p\u00f3s-graduado em Gest\u00e3o de Projetos e em Magist\u00e9rio Superior. Com 27 anos de Camargo Corr\u00eaa, atuou nas \u00e1reas de produ\u00e7\u00e3o, planejamento, produtividade, engenharia, <em>project control<\/em>, inova\u00e7\u00e3o, gest\u00e3o do conhecimento e constru\u00e7\u00e3o virtual.<\/p>\n<p>Desde 2020 tamb\u00e9m atua como coordenador da Divis\u00e3o T\u00e9cnica de Inform\u00e1tica do Instituto de Engenharia.<\/p>\n<p><strong>Realiza\u00e7\u00e3o:<\/strong><\/p>\n<p><img loading=\"lazy\" decoding=\"async\" class=\"wp-image-60234 alignleft\" src=\"https:\/\/www.institutodeengenharia.org.br\/site\/wp-content\/uploads\/2020\/02\/logo-novo-IE2018-1.png\" alt=\"\" width=\"108\" height=\"136\" srcset=\"https:\/\/www.institutodeengenharia.org.br\/site\/wp-content\/uploads\/2020\/02\/logo-novo-IE2018-1.png 1486w, https:\/\/www.institutodeengenharia.org.br\/site\/wp-content\/uploads\/2020\/02\/logo-novo-IE2018-1-237x300.png 237w, https:\/\/www.institutodeengenharia.org.br\/site\/wp-content\/uploads\/2020\/02\/logo-novo-IE2018-1-768x971.png 768w, https:\/\/www.institutodeengenharia.org.br\/site\/wp-content\/uploads\/2020\/02\/logo-novo-IE2018-1-810x1024.png 810w, https:\/\/www.institutodeengenharia.org.br\/site\/wp-content\/uploads\/2020\/02\/logo-novo-IE2018-1-696x880.png 696w, https:\/\/www.institutodeengenharia.org.br\/site\/wp-content\/uploads\/2020\/02\/logo-novo-IE2018-1-1068x1350.png 1068w, https:\/\/www.institutodeengenharia.org.br\/site\/wp-content\/uploads\/2020\/02\/logo-novo-IE2018-1-332x420.png 332w, https:\/\/www.institutodeengenharia.org.br\/site\/wp-content\/uploads\/2020\/02\/logo-novo-IE2018-1-600x759.png 600w\" sizes=\"auto, (max-width: 108px) 100vw, 108px\" \/><\/p>\n<p>&nbsp;<\/p>\n<p><img loading=\"lazy\" decoding=\"async\" class=\"alignnone wp-image-62655\" src=\"https:\/\/www.institutodeengenharia.org.br\/site\/wp-content\/uploads\/2020\/03\/nosso-bim-3.jpg\" alt=\"\" width=\"194\" height=\"86\" srcset=\"https:\/\/www.institutodeengenharia.org.br\/site\/wp-content\/uploads\/2020\/03\/nosso-bim-3.jpg 221w, https:\/\/www.institutodeengenharia.org.br\/site\/wp-content\/uploads\/2020\/03\/nosso-bim-3-218x98.jpg 218w\" sizes=\"auto, (max-width: 194px) 100vw, 194px\" \/><\/p>\n<p><strong>Apoio Institucional:<\/strong><\/p>\n<p><strong><img loading=\"lazy\" decoding=\"async\" class=\"alignnone size-full wp-image-34556\" src=\"https:\/\/www.institutodeengenharia.org.br\/site\/wp-content\/uploads\/2018\/04\/CREA-SP_vertical.jpg\" alt=\"\" width=\"150\" height=\"106\" srcset=\"https:\/\/www.institutodeengenharia.org.br\/site\/wp-content\/uploads\/2018\/04\/CREA-SP_vertical.jpg 150w, https:\/\/www.institutodeengenharia.org.br\/site\/wp-content\/uploads\/2018\/04\/CREA-SP_vertical-100x70.jpg 100w\" sizes=\"auto, (max-width: 150px) 100vw, 150px\" \/>\u00a0<\/strong><\/p>\n<p><strong>Realiza\u00e7\u00e3o:<\/strong><\/p>\n<p><strong>Eng. Jer\u00f4nimo Cabral Pereira Fagundes Neto <\/strong>\u2013 Vice-presidente de Atividades T\u00e9cnicas<\/p>\n<p><strong>Eng.\u00aa D\u00e9bora Sanches de A. Marinello<\/strong> \u2013 Diretora do Departamento de Engenharia de Produ\u00e7\u00e3o<\/p>\n<p><strong>Eng. Marcelo Nonato Santos <\/strong>\u2013 Coordenador da Divis\u00e3o T\u00e9cnica de Inform\u00e1tica<\/p>\n","protected":false},"excerpt":{"rendered":"<p>&nbsp; Assista abaixo \u00e0 grava\u00e7\u00e3o: &nbsp; + INFORMA\u00c7\u00d5ES:\u00a0 Abordagem: Atualmente, um dos maiores desafios da aplica\u00e7\u00e3o do BIM para o setor AECO (Arquitetura, Engenharia, Constru\u00e7\u00e3o e Opera\u00e7\u00e3o) \u00e9 trazer as informa\u00e7\u00f5es geradas e extra\u00eddas atrav\u00e9s dos modelos BIM para o terreno. No Brasil, com o avan\u00e7o da metodologia, j\u00e1 temos construtoras aplicando o BIM em [&hellip;]<\/p>\n","protected":false},"author":13,"featured_media":69965,"comment_status":"open","ping_status":"open","sticky":false,"template":"","format":"standard","meta":{"footnotes":""},"categories":[46,72,968,969],"tags":[],"class_list":{"0":"post-69964","1":"post","2":"type-post","3":"status-publish","4":"format-standard","5":"has-post-thumbnail","7":"category-departamento-desenvolvimento-de-gestao-e-objetivos","8":"category-divisao-tecnica-de-tecnologias-digitais","9":"category-nova-tv-engenharia","10":"category-palestra"},"yoast_head":"<!-- This site is optimized with the Yoast SEO plugin v27.2 - https:\/\/yoast.com\/product\/yoast-seo-wordpress\/ -->\n<title>Nosso Momento BIM \u2013 BIM na Constru\u00e7\u00e3o - Instituto de Engenharia<\/title>\n<meta name=\"robots\" content=\"index, follow, max-snippet:-1, max-image-preview:large, max-video-preview:-1\" \/>\n<link rel=\"canonical\" href=\"https:\/\/www.institutodeengenharia.org.br\/site\/2020\/07\/21\/nosso-momento-bim-bim-na-construcao\/\" \/>\n<meta property=\"og:locale\" content=\"pt_BR\" \/>\n<meta property=\"og:type\" content=\"article\" \/>\n<meta property=\"og:title\" content=\"Nosso Momento BIM \u2013 BIM na Constru\u00e7\u00e3o - Instituto de Engenharia\" \/>\n<meta property=\"og:description\" content=\"&nbsp; Assista abaixo \u00e0 grava\u00e7\u00e3o: &nbsp; + INFORMA\u00c7\u00d5ES:\u00a0 Abordagem: Atualmente, um dos maiores desafios da aplica\u00e7\u00e3o do BIM para o setor AECO (Arquitetura, Engenharia, Constru\u00e7\u00e3o e Opera\u00e7\u00e3o) \u00e9 trazer as informa\u00e7\u00f5es geradas e extra\u00eddas atrav\u00e9s dos modelos BIM para o terreno. No Brasil, com o avan\u00e7o da metodologia, j\u00e1 temos construtoras aplicando o BIM em [&hellip;]\" \/>\n<meta property=\"og:url\" content=\"https:\/\/www.institutodeengenharia.org.br\/site\/2020\/07\/21\/nosso-momento-bim-bim-na-construcao\/\" \/>\n<meta property=\"og:site_name\" content=\"Instituto de Engenharia\" \/>\n<meta property=\"article:publisher\" content=\"https:\/\/www.facebook.com\/institutodeengenharia\" \/>\n<meta property=\"article:published_time\" content=\"2020-07-21T22:29:58+00:00\" \/>\n<meta property=\"article:modified_time\" content=\"2020-08-14T18:33:58+00:00\" \/>\n<meta property=\"og:image\" content=\"https:\/\/www.institutodeengenharia.org.br\/site\/wp-content\/uploads\/2020\/08\/679d43677e6d0d556a899019b0966abe27e86378.jpeg\" \/>\n\t<meta property=\"og:image:width\" content=\"1900\" \/>\n\t<meta property=\"og:image:height\" content=\"1100\" \/>\n\t<meta property=\"og:image:type\" content=\"image\/jpeg\" \/>\n<meta name=\"author\" content=\"Bianca\" \/>\n<meta name=\"twitter:card\" content=\"summary_large_image\" \/>\n<meta name=\"twitter:creator\" content=\"@iengenharia\" \/>\n<meta name=\"twitter:site\" content=\"@iengenharia\" \/>\n<meta name=\"twitter:label1\" content=\"Escrito por\" \/>\n\t<meta name=\"twitter:data1\" content=\"Bianca\" \/>\n\t<meta name=\"twitter:label2\" content=\"Est. tempo de leitura\" \/>\n\t<meta name=\"twitter:data2\" content=\"2 minutos\" \/>\n<script type=\"application\/ld+json\" class=\"yoast-schema-graph\">{\"@context\":\"https:\/\/schema.org\",\"@graph\":[{\"@type\":\"Article\",\"@id\":\"https:\/\/www.institutodeengenharia.org.br\/site\/2020\/07\/21\/nosso-momento-bim-bim-na-construcao\/#article\",\"isPartOf\":{\"@id\":\"https:\/\/www.institutodeengenharia.org.br\/site\/2020\/07\/21\/nosso-momento-bim-bim-na-construcao\/\"},\"author\":{\"name\":\"Bianca\",\"@id\":\"https:\/\/www.institutodeengenharia.org.br\/site\/#\/schema\/person\/aeb64951c405e100d26d30b033dd423f\"},\"headline\":\"Nosso Momento BIM \u2013 BIM na Constru\u00e7\u00e3o\",\"datePublished\":\"2020-07-21T22:29:58+00:00\",\"dateModified\":\"2020-08-14T18:33:58+00:00\",\"mainEntityOfPage\":{\"@id\":\"https:\/\/www.institutodeengenharia.org.br\/site\/2020\/07\/21\/nosso-momento-bim-bim-na-construcao\/\"},\"wordCount\":384,\"commentCount\":0,\"publisher\":{\"@id\":\"https:\/\/www.institutodeengenharia.org.br\/site\/#organization\"},\"image\":{\"@id\":\"https:\/\/www.institutodeengenharia.org.br\/site\/2020\/07\/21\/nosso-momento-bim-bim-na-construcao\/#primaryimage\"},\"thumbnailUrl\":\"https:\/\/www.institutodeengenharia.org.br\/site\/wp-content\/uploads\/2020\/08\/679d43677e6d0d556a899019b0966abe27e86378.jpeg\",\"articleSection\":[\"Departamento Desenvolvimento de Gest\u00e3o e Objetivos\",\"Divis\u00e3o T\u00e9cnica de Tecnologias Digitais\",\"Nova TV Engenharia\",\"Palestra\"],\"inLanguage\":\"pt-BR\",\"potentialAction\":[{\"@type\":\"CommentAction\",\"name\":\"Comment\",\"target\":[\"https:\/\/www.institutodeengenharia.org.br\/site\/2020\/07\/21\/nosso-momento-bim-bim-na-construcao\/#respond\"]}]},{\"@type\":\"WebPage\",\"@id\":\"https:\/\/www.institutodeengenharia.org.br\/site\/2020\/07\/21\/nosso-momento-bim-bim-na-construcao\/\",\"url\":\"https:\/\/www.institutodeengenharia.org.br\/site\/2020\/07\/21\/nosso-momento-bim-bim-na-construcao\/\",\"name\":\"Nosso Momento BIM \u2013 BIM na Constru\u00e7\u00e3o - Instituto de Engenharia\",\"isPartOf\":{\"@id\":\"https:\/\/www.institutodeengenharia.org.br\/site\/#website\"},\"primaryImageOfPage\":{\"@id\":\"https:\/\/www.institutodeengenharia.org.br\/site\/2020\/07\/21\/nosso-momento-bim-bim-na-construcao\/#primaryimage\"},\"image\":{\"@id\":\"https:\/\/www.institutodeengenharia.org.br\/site\/2020\/07\/21\/nosso-momento-bim-bim-na-construcao\/#primaryimage\"},\"thumbnailUrl\":\"https:\/\/www.institutodeengenharia.org.br\/site\/wp-content\/uploads\/2020\/08\/679d43677e6d0d556a899019b0966abe27e86378.jpeg\",\"datePublished\":\"2020-07-21T22:29:58+00:00\",\"dateModified\":\"2020-08-14T18:33:58+00:00\",\"breadcrumb\":{\"@id\":\"https:\/\/www.institutodeengenharia.org.br\/site\/2020\/07\/21\/nosso-momento-bim-bim-na-construcao\/#breadcrumb\"},\"inLanguage\":\"pt-BR\",\"potentialAction\":[{\"@type\":\"ReadAction\",\"target\":[\"https:\/\/www.institutodeengenharia.org.br\/site\/2020\/07\/21\/nosso-momento-bim-bim-na-construcao\/\"]}]},{\"@type\":\"ImageObject\",\"inLanguage\":\"pt-BR\",\"@id\":\"https:\/\/www.institutodeengenharia.org.br\/site\/2020\/07\/21\/nosso-momento-bim-bim-na-construcao\/#primaryimage\",\"url\":\"https:\/\/www.institutodeengenharia.org.br\/site\/wp-content\/uploads\/2020\/08\/679d43677e6d0d556a899019b0966abe27e86378.jpeg\",\"contentUrl\":\"https:\/\/www.institutodeengenharia.org.br\/site\/wp-content\/uploads\/2020\/08\/679d43677e6d0d556a899019b0966abe27e86378.jpeg\",\"width\":1900,\"height\":1100},{\"@type\":\"BreadcrumbList\",\"@id\":\"https:\/\/www.institutodeengenharia.org.br\/site\/2020\/07\/21\/nosso-momento-bim-bim-na-construcao\/#breadcrumb\",\"itemListElement\":[{\"@type\":\"ListItem\",\"position\":1,\"name\":\"In\u00edcio\",\"item\":\"https:\/\/www.institutodeengenharia.org.br\/site\/\"},{\"@type\":\"ListItem\",\"position\":2,\"name\":\"Nosso Momento BIM \u2013 BIM na Constru\u00e7\u00e3o\"}]},{\"@type\":\"WebSite\",\"@id\":\"https:\/\/www.institutodeengenharia.org.br\/site\/#website\",\"url\":\"https:\/\/www.institutodeengenharia.org.br\/site\/\",\"name\":\"Instituto de Engenharia\",\"description\":\"O Instituto de Engenharia promove a Engenharia em benef\u00edcio do desenvolvimento e da qualidade de vida da sociedade.\",\"publisher\":{\"@id\":\"https:\/\/www.institutodeengenharia.org.br\/site\/#organization\"},\"potentialAction\":[{\"@type\":\"SearchAction\",\"target\":{\"@type\":\"EntryPoint\",\"urlTemplate\":\"https:\/\/www.institutodeengenharia.org.br\/site\/?s={search_term_string}\"},\"query-input\":{\"@type\":\"PropertyValueSpecification\",\"valueRequired\":true,\"valueName\":\"search_term_string\"}}],\"inLanguage\":\"pt-BR\"},{\"@type\":\"Organization\",\"@id\":\"https:\/\/www.institutodeengenharia.org.br\/site\/#organization\",\"name\":\"Instituto de Engenharia\",\"url\":\"https:\/\/www.institutodeengenharia.org.br\/site\/\",\"logo\":{\"@type\":\"ImageObject\",\"inLanguage\":\"pt-BR\",\"@id\":\"https:\/\/www.institutodeengenharia.org.br\/site\/#\/schema\/logo\/image\/\",\"url\":\"https:\/\/www.institutodeengenharia.org.br\/site\/wp-content\/uploads\/2019\/03\/logo-novo-IE2018-1.jpg\",\"contentUrl\":\"https:\/\/www.institutodeengenharia.org.br\/site\/wp-content\/uploads\/2019\/03\/logo-novo-IE2018-1.jpg\",\"width\":1486,\"height\":1879,\"caption\":\"Instituto de Engenharia\"},\"image\":{\"@id\":\"https:\/\/www.institutodeengenharia.org.br\/site\/#\/schema\/logo\/image\/\"},\"sameAs\":[\"https:\/\/www.facebook.com\/institutodeengenharia\",\"https:\/\/x.com\/iengenharia\",\"https:\/\/www.instagram.com\/institutodeengenharia\/\",\"https:\/\/www.linkedin.com\/company\/instituto-de-engenharia\/\",\"https:\/\/www.youtube.com\/channel\/UCXiCAlsSMe977vamW915HxA\"]},{\"@type\":\"Person\",\"@id\":\"https:\/\/www.institutodeengenharia.org.br\/site\/#\/schema\/person\/aeb64951c405e100d26d30b033dd423f\",\"name\":\"Bianca\",\"image\":{\"@type\":\"ImageObject\",\"inLanguage\":\"pt-BR\",\"@id\":\"https:\/\/secure.gravatar.com\/avatar\/a6fbe9bff57405baf4c1e2c5c1811e072b558253974a9f9508f4678900c97c2a?s=96&d=mm&r=g\",\"url\":\"https:\/\/secure.gravatar.com\/avatar\/a6fbe9bff57405baf4c1e2c5c1811e072b558253974a9f9508f4678900c97c2a?s=96&d=mm&r=g\",\"contentUrl\":\"https:\/\/secure.gravatar.com\/avatar\/a6fbe9bff57405baf4c1e2c5c1811e072b558253974a9f9508f4678900c97c2a?s=96&d=mm&r=g\",\"caption\":\"Bianca\"},\"url\":\"https:\/\/www.institutodeengenharia.org.br\/site\/author\/comunicacao1\/\"}]}<\/script>\n<!-- \/ Yoast SEO plugin. -->","yoast_head_json":{"title":"Nosso Momento BIM \u2013 BIM na Constru\u00e7\u00e3o - Instituto de Engenharia","robots":{"index":"index","follow":"follow","max-snippet":"max-snippet:-1","max-image-preview":"max-image-preview:large","max-video-preview":"max-video-preview:-1"},"canonical":"https:\/\/www.institutodeengenharia.org.br\/site\/2020\/07\/21\/nosso-momento-bim-bim-na-construcao\/","og_locale":"pt_BR","og_type":"article","og_title":"Nosso Momento BIM \u2013 BIM na Constru\u00e7\u00e3o - Instituto de Engenharia","og_description":"&nbsp; Assista abaixo \u00e0 grava\u00e7\u00e3o: &nbsp; + INFORMA\u00c7\u00d5ES:\u00a0 Abordagem: Atualmente, um dos maiores desafios da aplica\u00e7\u00e3o do BIM para o setor AECO (Arquitetura, Engenharia, Constru\u00e7\u00e3o e Opera\u00e7\u00e3o) \u00e9 trazer as informa\u00e7\u00f5es geradas e extra\u00eddas atrav\u00e9s dos modelos BIM para o terreno. No Brasil, com o avan\u00e7o da metodologia, j\u00e1 temos construtoras aplicando o BIM em [&hellip;]","og_url":"https:\/\/www.institutodeengenharia.org.br\/site\/2020\/07\/21\/nosso-momento-bim-bim-na-construcao\/","og_site_name":"Instituto de Engenharia","article_publisher":"https:\/\/www.facebook.com\/institutodeengenharia","article_published_time":"2020-07-21T22:29:58+00:00","article_modified_time":"2020-08-14T18:33:58+00:00","og_image":[{"width":1900,"height":1100,"url":"https:\/\/www.institutodeengenharia.org.br\/site\/wp-content\/uploads\/2020\/08\/679d43677e6d0d556a899019b0966abe27e86378.jpeg","type":"image\/jpeg"}],"author":"Bianca","twitter_card":"summary_large_image","twitter_creator":"@iengenharia","twitter_site":"@iengenharia","twitter_misc":{"Escrito por":"Bianca","Est. tempo de leitura":"2 minutos"},"schema":{"@context":"https:\/\/schema.org","@graph":[{"@type":"Article","@id":"https:\/\/www.institutodeengenharia.org.br\/site\/2020\/07\/21\/nosso-momento-bim-bim-na-construcao\/#article","isPartOf":{"@id":"https:\/\/www.institutodeengenharia.org.br\/site\/2020\/07\/21\/nosso-momento-bim-bim-na-construcao\/"},"author":{"name":"Bianca","@id":"https:\/\/www.institutodeengenharia.org.br\/site\/#\/schema\/person\/aeb64951c405e100d26d30b033dd423f"},"headline":"Nosso Momento BIM \u2013 BIM na Constru\u00e7\u00e3o","datePublished":"2020-07-21T22:29:58+00:00","dateModified":"2020-08-14T18:33:58+00:00","mainEntityOfPage":{"@id":"https:\/\/www.institutodeengenharia.org.br\/site\/2020\/07\/21\/nosso-momento-bim-bim-na-construcao\/"},"wordCount":384,"commentCount":0,"publisher":{"@id":"https:\/\/www.institutodeengenharia.org.br\/site\/#organization"},"image":{"@id":"https:\/\/www.institutodeengenharia.org.br\/site\/2020\/07\/21\/nosso-momento-bim-bim-na-construcao\/#primaryimage"},"thumbnailUrl":"https:\/\/www.institutodeengenharia.org.br\/site\/wp-content\/uploads\/2020\/08\/679d43677e6d0d556a899019b0966abe27e86378.jpeg","articleSection":["Departamento Desenvolvimento de Gest\u00e3o e Objetivos","Divis\u00e3o T\u00e9cnica de Tecnologias Digitais","Nova TV Engenharia","Palestra"],"inLanguage":"pt-BR","potentialAction":[{"@type":"CommentAction","name":"Comment","target":["https:\/\/www.institutodeengenharia.org.br\/site\/2020\/07\/21\/nosso-momento-bim-bim-na-construcao\/#respond"]}]},{"@type":"WebPage","@id":"https:\/\/www.institutodeengenharia.org.br\/site\/2020\/07\/21\/nosso-momento-bim-bim-na-construcao\/","url":"https:\/\/www.institutodeengenharia.org.br\/site\/2020\/07\/21\/nosso-momento-bim-bim-na-construcao\/","name":"Nosso Momento BIM \u2013 BIM na Constru\u00e7\u00e3o - Instituto de Engenharia","isPartOf":{"@id":"https:\/\/www.institutodeengenharia.org.br\/site\/#website"},"primaryImageOfPage":{"@id":"https:\/\/www.institutodeengenharia.org.br\/site\/2020\/07\/21\/nosso-momento-bim-bim-na-construcao\/#primaryimage"},"image":{"@id":"https:\/\/www.institutodeengenharia.org.br\/site\/2020\/07\/21\/nosso-momento-bim-bim-na-construcao\/#primaryimage"},"thumbnailUrl":"https:\/\/www.institutodeengenharia.org.br\/site\/wp-content\/uploads\/2020\/08\/679d43677e6d0d556a899019b0966abe27e86378.jpeg","datePublished":"2020-07-21T22:29:58+00:00","dateModified":"2020-08-14T18:33:58+00:00","breadcrumb":{"@id":"https:\/\/www.institutodeengenharia.org.br\/site\/2020\/07\/21\/nosso-momento-bim-bim-na-construcao\/#breadcrumb"},"inLanguage":"pt-BR","potentialAction":[{"@type":"ReadAction","target":["https:\/\/www.institutodeengenharia.org.br\/site\/2020\/07\/21\/nosso-momento-bim-bim-na-construcao\/"]}]},{"@type":"ImageObject","inLanguage":"pt-BR","@id":"https:\/\/www.institutodeengenharia.org.br\/site\/2020\/07\/21\/nosso-momento-bim-bim-na-construcao\/#primaryimage","url":"https:\/\/www.institutodeengenharia.org.br\/site\/wp-content\/uploads\/2020\/08\/679d43677e6d0d556a899019b0966abe27e86378.jpeg","contentUrl":"https:\/\/www.institutodeengenharia.org.br\/site\/wp-content\/uploads\/2020\/08\/679d43677e6d0d556a899019b0966abe27e86378.jpeg","width":1900,"height":1100},{"@type":"BreadcrumbList","@id":"https:\/\/www.institutodeengenharia.org.br\/site\/2020\/07\/21\/nosso-momento-bim-bim-na-construcao\/#breadcrumb","itemListElement":[{"@type":"ListItem","position":1,"name":"In\u00edcio","item":"https:\/\/www.institutodeengenharia.org.br\/site\/"},{"@type":"ListItem","position":2,"name":"Nosso Momento BIM \u2013 BIM na Constru\u00e7\u00e3o"}]},{"@type":"WebSite","@id":"https:\/\/www.institutodeengenharia.org.br\/site\/#website","url":"https:\/\/www.institutodeengenharia.org.br\/site\/","name":"Instituto de Engenharia","description":"O Instituto de Engenharia promove a Engenharia em benef\u00edcio do desenvolvimento e da qualidade de vida da sociedade.","publisher":{"@id":"https:\/\/www.institutodeengenharia.org.br\/site\/#organization"},"potentialAction":[{"@type":"SearchAction","target":{"@type":"EntryPoint","urlTemplate":"https:\/\/www.institutodeengenharia.org.br\/site\/?s={search_term_string}"},"query-input":{"@type":"PropertyValueSpecification","valueRequired":true,"valueName":"search_term_string"}}],"inLanguage":"pt-BR"},{"@type":"Organization","@id":"https:\/\/www.institutodeengenharia.org.br\/site\/#organization","name":"Instituto de Engenharia","url":"https:\/\/www.institutodeengenharia.org.br\/site\/","logo":{"@type":"ImageObject","inLanguage":"pt-BR","@id":"https:\/\/www.institutodeengenharia.org.br\/site\/#\/schema\/logo\/image\/","url":"https:\/\/www.institutodeengenharia.org.br\/site\/wp-content\/uploads\/2019\/03\/logo-novo-IE2018-1.jpg","contentUrl":"https:\/\/www.institutodeengenharia.org.br\/site\/wp-content\/uploads\/2019\/03\/logo-novo-IE2018-1.jpg","width":1486,"height":1879,"caption":"Instituto de Engenharia"},"image":{"@id":"https:\/\/www.institutodeengenharia.org.br\/site\/#\/schema\/logo\/image\/"},"sameAs":["https:\/\/www.facebook.com\/institutodeengenharia","https:\/\/x.com\/iengenharia","https:\/\/www.instagram.com\/institutodeengenharia\/","https:\/\/www.linkedin.com\/company\/instituto-de-engenharia\/","https:\/\/www.youtube.com\/channel\/UCXiCAlsSMe977vamW915HxA"]},{"@type":"Person","@id":"https:\/\/www.institutodeengenharia.org.br\/site\/#\/schema\/person\/aeb64951c405e100d26d30b033dd423f","name":"Bianca","image":{"@type":"ImageObject","inLanguage":"pt-BR","@id":"https:\/\/secure.gravatar.com\/avatar\/a6fbe9bff57405baf4c1e2c5c1811e072b558253974a9f9508f4678900c97c2a?s=96&d=mm&r=g","url":"https:\/\/secure.gravatar.com\/avatar\/a6fbe9bff57405baf4c1e2c5c1811e072b558253974a9f9508f4678900c97c2a?s=96&d=mm&r=g","contentUrl":"https:\/\/secure.gravatar.com\/avatar\/a6fbe9bff57405baf4c1e2c5c1811e072b558253974a9f9508f4678900c97c2a?s=96&d=mm&r=g","caption":"Bianca"},"url":"https:\/\/www.institutodeengenharia.org.br\/site\/author\/comunicacao1\/"}]}},"_links":{"self":[{"href":"https:\/\/www.institutodeengenharia.org.br\/site\/wp-json\/wp\/v2\/posts\/69964","targetHints":{"allow":["GET"]}}],"collection":[{"href":"https:\/\/www.institutodeengenharia.org.br\/site\/wp-json\/wp\/v2\/posts"}],"about":[{"href":"https:\/\/www.institutodeengenharia.org.br\/site\/wp-json\/wp\/v2\/types\/post"}],"author":[{"embeddable":true,"href":"https:\/\/www.institutodeengenharia.org.br\/site\/wp-json\/wp\/v2\/users\/13"}],"replies":[{"embeddable":true,"href":"https:\/\/www.institutodeengenharia.org.br\/site\/wp-json\/wp\/v2\/comments?post=69964"}],"version-history":[{"count":1,"href":"https:\/\/www.institutodeengenharia.org.br\/site\/wp-json\/wp\/v2\/posts\/69964\/revisions"}],"predecessor-version":[{"id":69966,"href":"https:\/\/www.institutodeengenharia.org.br\/site\/wp-json\/wp\/v2\/posts\/69964\/revisions\/69966"}],"wp:featuredmedia":[{"embeddable":true,"href":"https:\/\/www.institutodeengenharia.org.br\/site\/wp-json\/wp\/v2\/media\/69965"}],"wp:attachment":[{"href":"https:\/\/www.institutodeengenharia.org.br\/site\/wp-json\/wp\/v2\/media?parent=69964"}],"wp:term":[{"taxonomy":"category","embeddable":true,"href":"https:\/\/www.institutodeengenharia.org.br\/site\/wp-json\/wp\/v2\/categories?post=69964"},{"taxonomy":"post_tag","embeddable":true,"href":"https:\/\/www.institutodeengenharia.org.br\/site\/wp-json\/wp\/v2\/tags?post=69964"}],"curies":[{"name":"wp","href":"https:\/\/api.w.org\/{rel}","templated":true}]}}