{"id":69955,"date":"2020-07-09T17:07:05","date_gmt":"2020-07-09T20:07:05","guid":{"rendered":"https:\/\/www.institutodeengenharia.org.br\/site\/?p=69955"},"modified":"2020-08-14T15:16:19","modified_gmt":"2020-08-14T18:16:19","slug":"sustentabilidade-nos-materiais-de-construcao","status":"publish","type":"post","link":"https:\/\/www.institutodeengenharia.org.br\/site\/2020\/07\/09\/sustentabilidade-nos-materiais-de-construcao\/","title":{"rendered":"Sustentabilidade nos materiais de constru\u00e7\u00e3o"},"content":{"rendered":"<p>&nbsp;<\/p>\n<p><strong>Assista abaixo \u00e0 grava\u00e7\u00e3o:<\/strong><\/p>\n<p><iframe loading=\"lazy\" src=\"https:\/\/player.vimeo.com\/video\/442426084\" width=\"640\" height=\"360\" frameborder=\"0\" allowfullscreen=\"allowfullscreen\"><\/iframe><br \/>\n&nbsp;<\/p>\n<p><strong>+ INFORMA\u00c7\u00d5ES:\u00a0<\/strong><\/p>\n<p><strong>Abordagem:<\/strong><\/p>\n<ul>\n<li>Solu\u00e7\u00f5es para Concreto verde (Cen\u00e1rio Internacional);<\/li>\n<li>Materiais produzidos a partir de res\u00edduos;<\/li>\n<li>Uso do Bambu na constru\u00e7\u00e3o civil.<\/li>\n<\/ul>\n<p><strong>P\u00fablico-alvo: <\/strong><\/p>\n<p>Engenheiros, t\u00e9cnicos, estudantes e demais interessados.<\/p>\n<p><strong>Palestrantes:<\/strong><\/p>\n<p><img loading=\"lazy\" decoding=\"async\" class=\"size-full wp-image-68490 alignnone\" src=\"https:\/\/www.institutodeengenharia.org.br\/site\/wp-content\/uploads\/2020\/07\/lylian-coelho-ferreira.png\" alt=\"\" width=\"182\" height=\"168\" \/><\/p>\n<p><strong>Lylian Coelho Ferreira<\/strong><\/p>\n<p>Engenheira Civil pela Universidade Presbiteriana Mackenzie. Atuou em v\u00e1rias ind\u00fastrias, como automobil\u00edstica, esta\u00e7\u00f5es de \u00e1gua, petr\u00f3leo e g\u00e1s. Atualmente \u00e9 gestora de Projetos no Grupo Suez e \u00e9 cofundadora e vice-presidente da ONG Womenvai. Lidera projetos de Reciclagem e Recupera\u00e7\u00e3o de Res\u00edduos ligados \u00e0 Dire\u00e7\u00e3o de Desenvolvimento do Departamento de Concursos P\u00fablicos da SUEZ R&amp;V Fran\u00e7a. Os projetos est\u00e3o de acordo com as SDG&#8217;s, que incluem a redu\u00e7\u00e3o das emiss\u00f5es de g\u00e1s estufa, a promo\u00e7\u00e3o da igualdade de g\u00eanero e a coordena\u00e7\u00e3o de solu\u00e7\u00f5es para mobilizar volunt\u00e1rios, empres\u00e1rios e comunidades com o objetivo de acelerar a transi\u00e7\u00e3o para uma economia mais circular, unida e ecol\u00f3gica. Ingressou na INWES em 2008 como oradora, desde ent\u00e3o tem organizado eventos, tais como ICWES, WEC, Hult Prize Challenge, TEDX Champs Elys\u00e9es W, COP24 e COP25.<\/p>\n<p><img loading=\"lazy\" decoding=\"async\" class=\"wp-image-68491 alignnone\" src=\"https:\/\/www.institutodeengenharia.org.br\/site\/wp-content\/uploads\/2020\/07\/edna-possan.jpg\" alt=\"\" width=\"162\" height=\"218\" srcset=\"https:\/\/www.institutodeengenharia.org.br\/site\/wp-content\/uploads\/2020\/07\/edna-possan.jpg 440w, https:\/\/www.institutodeengenharia.org.br\/site\/wp-content\/uploads\/2020\/07\/edna-possan-223x300.jpg 223w, https:\/\/www.institutodeengenharia.org.br\/site\/wp-content\/uploads\/2020\/07\/edna-possan-312x420.jpg 312w\" sizes=\"auto, (max-width: 162px) 100vw, 162px\" \/><\/p>\n<p><strong>Edna Possan<\/strong><\/p>\n<p>Engenheira Civil pela Unioeste (2002). Mestre e doutora em Engenharia pela UFRGS (2010). Atualmente \u00e9 professora Associada n\u00edvel II na Universidade Federal da Integra\u00e7\u00e3o Latino Americana (UNILA). Coordenadora do mestrado em Engenharia Civil (PPGECI) e do Laborat\u00f3rio de Desempenho, Estruturas e Materiais (LADEMA) na UNILA. Foi diretora do Centro Interdisciplinar de Tecnologia e Infraestrutura (CITI\/UNILA) de 2013 a 2015. Desde 2010 \u00e9 pesquisadora do CEASB\/PTI (Centro de Estudos Avan\u00e7ados em Seguran\u00e7a de Barragens\/Parque Tecnol\u00f3gico de Itaipu), desenvolvendo em paralelo diversos trabalhos em parceria com o Laborat\u00f3rio de Tecnologia do Concreto de Itaipu (LTCI). Membro fundadora ALCONPAT-Brasil. Diretora de rela\u00e7\u00f5es interinstitucionais da ANTAC gest\u00e3o 2018-2020. Membro da Diretoria Regional do IBRACON (2020-2023) e Conselheira do CREA-PR (2020-2023). \u00c9 membro da Comiss\u00e3o de Estudo de Durabilidade do Concreto da ABNT.<\/p>\n<p><strong>\u00a0<img loading=\"lazy\" decoding=\"async\" class=\"wp-image-68492 alignnone\" src=\"https:\/\/www.institutodeengenharia.org.br\/site\/wp-content\/uploads\/2020\/07\/mateus-de-azevedo-bar\u00e3o.jpg\" alt=\"\" width=\"179\" height=\"179\" srcset=\"https:\/\/www.institutodeengenharia.org.br\/site\/wp-content\/uploads\/2020\/07\/mateus-de-azevedo-bar\u00e3o.jpg 200w, https:\/\/www.institutodeengenharia.org.br\/site\/wp-content\/uploads\/2020\/07\/mateus-de-azevedo-bar\u00e3o-150x150.jpg 150w, https:\/\/www.institutodeengenharia.org.br\/site\/wp-content\/uploads\/2020\/07\/mateus-de-azevedo-bar\u00e3o-100x100.jpg 100w\" sizes=\"auto, (max-width: 179px) 100vw, 179px\" \/><\/strong><\/p>\n<p><strong>Mateus De Azevedo Bar\u00e3o<\/strong><\/p>\n<p>Engenheiro Civil, formado pela PUC-PR (2003). Mestre em Engenharia de Recursos H\u00eddricos e Ambiental pela UFPR (2007). Permacultor pela Rede Permear (2010). Instrutor de PDC &#8211; Permaculture Design Courses pela Rede Permear (2018). Forma\u00e7\u00e3o em uso sustent\u00e1vel do bamb\u00fa M\u00f3dulos I-Introdu\u00e7\u00e3o e II-Constru\u00e7\u00f5es (CPRA &#8211; Centro Paranaense de Refer\u00eancia em Agroecologia, 2010, 2011). Master Internacional em Patologia Avan\u00e7ada III-Preven\u00e7\u00e3o de Problemas Patol\u00f3gicos na Industria da Constru\u00e7\u00e3o (IDD &#8211; Red PREVENIR, Curitiba-BR, 2016). Master Internacional em T\u00e9cnicas Avan\u00e7adas para o diagn\u00f3stico de manifesta\u00e7\u00f5es patol\u00f3gicas em estruturas de concreto e materiais (IDD &#8211; CINVESTAV- Centro de Investigaci\u00f3n y de Estudios Avanzados del IPN, M\u00e9rida-MX, 2019). Atua desde 2002 na \u00e1rea de consultoria e projetos com \u00eanfase em sustentabilidade \u2013 avalia\u00e7\u00e3o de impactos socioambientais, gerenciamento de res\u00edduos; e planejamento urbano e territorial. Atua desde 2007 na \u00e1rea de Patologia nas Obras Civis (Inspe\u00e7\u00f5es prediais e de obras; laudos t\u00e9cnicos; per\u00edcias e assist\u00eancias t\u00e9cnicas; ensaios t\u00e9cnicos, projetos de reparo e refor\u00e7o, supervis\u00e3o, acompanhamento t\u00e9cnico e execu\u00e7\u00e3o de obras de recupera\u00e7\u00e3o estrutural e reparos em edifica\u00e7\u00f5es. Professor e Coordenador do curso de P\u00f3s-Gradua\u00e7\u00e3o em Patologia nas Obras Civis e do Curso de Gradua\u00e7\u00e3o em Tecnologia da Constru\u00e7\u00e3o de Edif\u00edcios na Faculdade IDD, desde 2014. S\u00f3cio-diretor da empresa Bar\u00e3o Engenharia S\/S Ltda., desde 2007. S\u00f3cio- fundador da empresa Sustentarte &#8211; Constru\u00e7\u00e3o, Desenvolvimento e Arte, desde 2015.<\/p>\n<p><strong>Co-realiza\u00e7\u00e3o do evento:<\/strong><\/p>\n<p><img loading=\"lazy\" decoding=\"async\" class=\"alignnone size-full wp-image-34519\" src=\"https:\/\/www.institutodeengenharia.org.br\/site\/wp-content\/uploads\/2018\/04\/ibracon.jpg\" alt=\"\" width=\"101\" height=\"88\" \/><img loading=\"lazy\" decoding=\"async\" class=\"alignnone wp-image-66248\" src=\"https:\/\/www.institutodeengenharia.org.br\/site\/wp-content\/uploads\/2020\/06\/alconpat.png\" alt=\"\" width=\"119\" height=\"115\" \/><\/p>\n<p><strong>Apoio Institucional:<\/strong><\/p>\n<p><strong>\u00a0<img loading=\"lazy\" decoding=\"async\" class=\"alignnone size-full wp-image-34556\" src=\"https:\/\/www.institutodeengenharia.org.br\/site\/wp-content\/uploads\/2018\/04\/CREA-SP_vertical.jpg\" alt=\"\" width=\"150\" height=\"106\" srcset=\"https:\/\/www.institutodeengenharia.org.br\/site\/wp-content\/uploads\/2018\/04\/CREA-SP_vertical.jpg 150w, https:\/\/www.institutodeengenharia.org.br\/site\/wp-content\/uploads\/2018\/04\/CREA-SP_vertical-100x70.jpg 100w\" sizes=\"auto, (max-width: 150px) 100vw, 150px\" \/><\/strong><\/p>\n<p><strong>Realiza\u00e7\u00e3o:<\/strong><\/p>\n<p><strong>Eng. Jer\u00f4nimo Cabral Pereira Fagundes Neto <\/strong>\u2013 Vice-presidente de Atividades T\u00e9cnicas<\/p>\n<p><strong>Eng. Roberto Kochen<\/strong> \u2013 Diretor do Departamento de Engenharia do Habitat e Infraestrutura<\/p>\n<p><strong>Eng. Rafael Timerman<\/strong> \u2013 Coordenador da Divis\u00e3o T\u00e9cnica de Estruturas<\/p>\n","protected":false},"excerpt":{"rendered":"<p>&nbsp; Assista abaixo \u00e0 grava\u00e7\u00e3o: &nbsp; + INFORMA\u00c7\u00d5ES:\u00a0 Abordagem: Solu\u00e7\u00f5es para Concreto verde (Cen\u00e1rio Internacional); Materiais produzidos a partir de res\u00edduos; Uso do Bambu na constru\u00e7\u00e3o civil. P\u00fablico-alvo: Engenheiros, t\u00e9cnicos, estudantes e demais interessados. Palestrantes: Lylian Coelho Ferreira Engenheira Civil pela Universidade Presbiteriana Mackenzie. Atuou em v\u00e1rias ind\u00fastrias, como automobil\u00edstica, esta\u00e7\u00f5es de \u00e1gua, petr\u00f3leo e [&hellip;]<\/p>\n","protected":false},"author":13,"featured_media":69957,"comment_status":"open","ping_status":"open","sticky":false,"template":"","format":"standard","meta":{"footnotes":""},"categories":[15,76,968,969],"tags":[],"class_list":{"0":"post-69955","1":"post","2":"type-post","3":"status-publish","4":"format-standard","5":"has-post-thumbnail","7":"category-departamento-desenvolvimento-de-projetos-e-servicos-de-infraestrutura","8":"category-divisao-tecnica-estruturas-e-controle-tecnologico","9":"category-nova-tv-engenharia","10":"category-palestra"},"yoast_head":"<!-- This site is optimized with the Yoast SEO plugin v27.2 - https:\/\/yoast.com\/product\/yoast-seo-wordpress\/ -->\n<title>Sustentabilidade nos materiais de constru\u00e7\u00e3o - Instituto de Engenharia<\/title>\n<meta name=\"robots\" content=\"index, follow, max-snippet:-1, max-image-preview:large, max-video-preview:-1\" \/>\n<link rel=\"canonical\" href=\"https:\/\/www.institutodeengenharia.org.br\/site\/2020\/07\/09\/sustentabilidade-nos-materiais-de-construcao\/\" \/>\n<meta property=\"og:locale\" content=\"pt_BR\" \/>\n<meta property=\"og:type\" content=\"article\" \/>\n<meta property=\"og:title\" content=\"Sustentabilidade nos materiais de constru\u00e7\u00e3o - Instituto de Engenharia\" \/>\n<meta property=\"og:description\" content=\"&nbsp; Assista abaixo \u00e0 grava\u00e7\u00e3o: &nbsp; + INFORMA\u00c7\u00d5ES:\u00a0 Abordagem: Solu\u00e7\u00f5es para Concreto verde (Cen\u00e1rio Internacional); Materiais produzidos a partir de res\u00edduos; Uso do Bambu na constru\u00e7\u00e3o civil. P\u00fablico-alvo: Engenheiros, t\u00e9cnicos, estudantes e demais interessados. Palestrantes: Lylian Coelho Ferreira Engenheira Civil pela Universidade Presbiteriana Mackenzie. Atuou em v\u00e1rias ind\u00fastrias, como automobil\u00edstica, esta\u00e7\u00f5es de \u00e1gua, petr\u00f3leo e [&hellip;]\" \/>\n<meta property=\"og:url\" content=\"https:\/\/www.institutodeengenharia.org.br\/site\/2020\/07\/09\/sustentabilidade-nos-materiais-de-construcao\/\" \/>\n<meta property=\"og:site_name\" content=\"Instituto de Engenharia\" \/>\n<meta property=\"article:publisher\" content=\"https:\/\/www.facebook.com\/institutodeengenharia\" \/>\n<meta property=\"article:published_time\" content=\"2020-07-09T20:07:05+00:00\" \/>\n<meta property=\"article:modified_time\" content=\"2020-08-14T18:16:19+00:00\" \/>\n<meta property=\"og:image\" content=\"https:\/\/www.institutodeengenharia.org.br\/site\/wp-content\/uploads\/2020\/08\/Sustentabilidade-na-constru\u00e7\u00e3o-civil_benef\u00edcios-ambientais-e-econ\u00f4micos.png\" \/>\n\t<meta property=\"og:image:width\" content=\"630\" \/>\n\t<meta property=\"og:image:height\" content=\"415\" \/>\n\t<meta property=\"og:image:type\" content=\"image\/png\" \/>\n<meta name=\"author\" content=\"Bianca\" \/>\n<meta name=\"twitter:card\" content=\"summary_large_image\" \/>\n<meta name=\"twitter:creator\" content=\"@iengenharia\" \/>\n<meta name=\"twitter:site\" content=\"@iengenharia\" \/>\n<meta name=\"twitter:label1\" content=\"Escrito por\" \/>\n\t<meta name=\"twitter:data1\" content=\"Bianca\" \/>\n\t<meta name=\"twitter:label2\" content=\"Est. tempo de leitura\" \/>\n\t<meta name=\"twitter:data2\" content=\"3 minutos\" \/>\n<script type=\"application\/ld+json\" class=\"yoast-schema-graph\">{\"@context\":\"https:\/\/schema.org\",\"@graph\":[{\"@type\":\"Article\",\"@id\":\"https:\/\/www.institutodeengenharia.org.br\/site\/2020\/07\/09\/sustentabilidade-nos-materiais-de-construcao\/#article\",\"isPartOf\":{\"@id\":\"https:\/\/www.institutodeengenharia.org.br\/site\/2020\/07\/09\/sustentabilidade-nos-materiais-de-construcao\/\"},\"author\":{\"name\":\"Bianca\",\"@id\":\"https:\/\/www.institutodeengenharia.org.br\/site\/#\/schema\/person\/aeb64951c405e100d26d30b033dd423f\"},\"headline\":\"Sustentabilidade nos materiais de constru\u00e7\u00e3o\",\"datePublished\":\"2020-07-09T20:07:05+00:00\",\"dateModified\":\"2020-08-14T18:16:19+00:00\",\"mainEntityOfPage\":{\"@id\":\"https:\/\/www.institutodeengenharia.org.br\/site\/2020\/07\/09\/sustentabilidade-nos-materiais-de-construcao\/\"},\"wordCount\":636,\"commentCount\":0,\"publisher\":{\"@id\":\"https:\/\/www.institutodeengenharia.org.br\/site\/#organization\"},\"image\":{\"@id\":\"https:\/\/www.institutodeengenharia.org.br\/site\/2020\/07\/09\/sustentabilidade-nos-materiais-de-construcao\/#primaryimage\"},\"thumbnailUrl\":\"https:\/\/www.institutodeengenharia.org.br\/site\/wp-content\/uploads\/2020\/08\/Sustentabilidade-na-constru\u00e7\u00e3o-civil_benef\u00edcios-ambientais-e-econ\u00f4micos.png\",\"articleSection\":[\"Departamento Desenvolvimento de Projetos e Servi\u00e7os de Infraestrutura\",\"Divis\u00e3o T\u00e9cnica Estruturas e Controle Tecnol\u00f3gico\",\"Nova TV Engenharia\",\"Palestra\"],\"inLanguage\":\"pt-BR\",\"potentialAction\":[{\"@type\":\"CommentAction\",\"name\":\"Comment\",\"target\":[\"https:\/\/www.institutodeengenharia.org.br\/site\/2020\/07\/09\/sustentabilidade-nos-materiais-de-construcao\/#respond\"]}]},{\"@type\":\"WebPage\",\"@id\":\"https:\/\/www.institutodeengenharia.org.br\/site\/2020\/07\/09\/sustentabilidade-nos-materiais-de-construcao\/\",\"url\":\"https:\/\/www.institutodeengenharia.org.br\/site\/2020\/07\/09\/sustentabilidade-nos-materiais-de-construcao\/\",\"name\":\"Sustentabilidade nos materiais de constru\u00e7\u00e3o - Instituto de Engenharia\",\"isPartOf\":{\"@id\":\"https:\/\/www.institutodeengenharia.org.br\/site\/#website\"},\"primaryImageOfPage\":{\"@id\":\"https:\/\/www.institutodeengenharia.org.br\/site\/2020\/07\/09\/sustentabilidade-nos-materiais-de-construcao\/#primaryimage\"},\"image\":{\"@id\":\"https:\/\/www.institutodeengenharia.org.br\/site\/2020\/07\/09\/sustentabilidade-nos-materiais-de-construcao\/#primaryimage\"},\"thumbnailUrl\":\"https:\/\/www.institutodeengenharia.org.br\/site\/wp-content\/uploads\/2020\/08\/Sustentabilidade-na-constru\u00e7\u00e3o-civil_benef\u00edcios-ambientais-e-econ\u00f4micos.png\",\"datePublished\":\"2020-07-09T20:07:05+00:00\",\"dateModified\":\"2020-08-14T18:16:19+00:00\",\"breadcrumb\":{\"@id\":\"https:\/\/www.institutodeengenharia.org.br\/site\/2020\/07\/09\/sustentabilidade-nos-materiais-de-construcao\/#breadcrumb\"},\"inLanguage\":\"pt-BR\",\"potentialAction\":[{\"@type\":\"ReadAction\",\"target\":[\"https:\/\/www.institutodeengenharia.org.br\/site\/2020\/07\/09\/sustentabilidade-nos-materiais-de-construcao\/\"]}]},{\"@type\":\"ImageObject\",\"inLanguage\":\"pt-BR\",\"@id\":\"https:\/\/www.institutodeengenharia.org.br\/site\/2020\/07\/09\/sustentabilidade-nos-materiais-de-construcao\/#primaryimage\",\"url\":\"https:\/\/www.institutodeengenharia.org.br\/site\/wp-content\/uploads\/2020\/08\/Sustentabilidade-na-constru\u00e7\u00e3o-civil_benef\u00edcios-ambientais-e-econ\u00f4micos.png\",\"contentUrl\":\"https:\/\/www.institutodeengenharia.org.br\/site\/wp-content\/uploads\/2020\/08\/Sustentabilidade-na-constru\u00e7\u00e3o-civil_benef\u00edcios-ambientais-e-econ\u00f4micos.png\",\"width\":630,\"height\":415},{\"@type\":\"BreadcrumbList\",\"@id\":\"https:\/\/www.institutodeengenharia.org.br\/site\/2020\/07\/09\/sustentabilidade-nos-materiais-de-construcao\/#breadcrumb\",\"itemListElement\":[{\"@type\":\"ListItem\",\"position\":1,\"name\":\"In\u00edcio\",\"item\":\"https:\/\/www.institutodeengenharia.org.br\/site\/\"},{\"@type\":\"ListItem\",\"position\":2,\"name\":\"Sustentabilidade nos materiais de constru\u00e7\u00e3o\"}]},{\"@type\":\"WebSite\",\"@id\":\"https:\/\/www.institutodeengenharia.org.br\/site\/#website\",\"url\":\"https:\/\/www.institutodeengenharia.org.br\/site\/\",\"name\":\"Instituto de Engenharia\",\"description\":\"O Instituto de Engenharia promove a Engenharia em benef\u00edcio do desenvolvimento e da qualidade de vida da sociedade.\",\"publisher\":{\"@id\":\"https:\/\/www.institutodeengenharia.org.br\/site\/#organization\"},\"potentialAction\":[{\"@type\":\"SearchAction\",\"target\":{\"@type\":\"EntryPoint\",\"urlTemplate\":\"https:\/\/www.institutodeengenharia.org.br\/site\/?s={search_term_string}\"},\"query-input\":{\"@type\":\"PropertyValueSpecification\",\"valueRequired\":true,\"valueName\":\"search_term_string\"}}],\"inLanguage\":\"pt-BR\"},{\"@type\":\"Organization\",\"@id\":\"https:\/\/www.institutodeengenharia.org.br\/site\/#organization\",\"name\":\"Instituto de Engenharia\",\"url\":\"https:\/\/www.institutodeengenharia.org.br\/site\/\",\"logo\":{\"@type\":\"ImageObject\",\"inLanguage\":\"pt-BR\",\"@id\":\"https:\/\/www.institutodeengenharia.org.br\/site\/#\/schema\/logo\/image\/\",\"url\":\"https:\/\/www.institutodeengenharia.org.br\/site\/wp-content\/uploads\/2019\/03\/logo-novo-IE2018-1.jpg\",\"contentUrl\":\"https:\/\/www.institutodeengenharia.org.br\/site\/wp-content\/uploads\/2019\/03\/logo-novo-IE2018-1.jpg\",\"width\":1486,\"height\":1879,\"caption\":\"Instituto de Engenharia\"},\"image\":{\"@id\":\"https:\/\/www.institutodeengenharia.org.br\/site\/#\/schema\/logo\/image\/\"},\"sameAs\":[\"https:\/\/www.facebook.com\/institutodeengenharia\",\"https:\/\/x.com\/iengenharia\",\"https:\/\/www.instagram.com\/institutodeengenharia\/\",\"https:\/\/www.linkedin.com\/company\/instituto-de-engenharia\/\",\"https:\/\/www.youtube.com\/channel\/UCXiCAlsSMe977vamW915HxA\"]},{\"@type\":\"Person\",\"@id\":\"https:\/\/www.institutodeengenharia.org.br\/site\/#\/schema\/person\/aeb64951c405e100d26d30b033dd423f\",\"name\":\"Bianca\",\"image\":{\"@type\":\"ImageObject\",\"inLanguage\":\"pt-BR\",\"@id\":\"https:\/\/secure.gravatar.com\/avatar\/a6fbe9bff57405baf4c1e2c5c1811e072b558253974a9f9508f4678900c97c2a?s=96&d=mm&r=g\",\"url\":\"https:\/\/secure.gravatar.com\/avatar\/a6fbe9bff57405baf4c1e2c5c1811e072b558253974a9f9508f4678900c97c2a?s=96&d=mm&r=g\",\"contentUrl\":\"https:\/\/secure.gravatar.com\/avatar\/a6fbe9bff57405baf4c1e2c5c1811e072b558253974a9f9508f4678900c97c2a?s=96&d=mm&r=g\",\"caption\":\"Bianca\"},\"url\":\"https:\/\/www.institutodeengenharia.org.br\/site\/author\/comunicacao1\/\"}]}<\/script>\n<!-- \/ Yoast SEO plugin. -->","yoast_head_json":{"title":"Sustentabilidade nos materiais de constru\u00e7\u00e3o - Instituto de Engenharia","robots":{"index":"index","follow":"follow","max-snippet":"max-snippet:-1","max-image-preview":"max-image-preview:large","max-video-preview":"max-video-preview:-1"},"canonical":"https:\/\/www.institutodeengenharia.org.br\/site\/2020\/07\/09\/sustentabilidade-nos-materiais-de-construcao\/","og_locale":"pt_BR","og_type":"article","og_title":"Sustentabilidade nos materiais de constru\u00e7\u00e3o - Instituto de Engenharia","og_description":"&nbsp; Assista abaixo \u00e0 grava\u00e7\u00e3o: &nbsp; + INFORMA\u00c7\u00d5ES:\u00a0 Abordagem: Solu\u00e7\u00f5es para Concreto verde (Cen\u00e1rio Internacional); Materiais produzidos a partir de res\u00edduos; Uso do Bambu na constru\u00e7\u00e3o civil. P\u00fablico-alvo: Engenheiros, t\u00e9cnicos, estudantes e demais interessados. Palestrantes: Lylian Coelho Ferreira Engenheira Civil pela Universidade Presbiteriana Mackenzie. Atuou em v\u00e1rias ind\u00fastrias, como automobil\u00edstica, esta\u00e7\u00f5es de \u00e1gua, petr\u00f3leo e [&hellip;]","og_url":"https:\/\/www.institutodeengenharia.org.br\/site\/2020\/07\/09\/sustentabilidade-nos-materiais-de-construcao\/","og_site_name":"Instituto de Engenharia","article_publisher":"https:\/\/www.facebook.com\/institutodeengenharia","article_published_time":"2020-07-09T20:07:05+00:00","article_modified_time":"2020-08-14T18:16:19+00:00","og_image":[{"width":630,"height":415,"url":"https:\/\/www.institutodeengenharia.org.br\/site\/wp-content\/uploads\/2020\/08\/Sustentabilidade-na-constru\u00e7\u00e3o-civil_benef\u00edcios-ambientais-e-econ\u00f4micos.png","type":"image\/png"}],"author":"Bianca","twitter_card":"summary_large_image","twitter_creator":"@iengenharia","twitter_site":"@iengenharia","twitter_misc":{"Escrito por":"Bianca","Est. tempo de leitura":"3 minutos"},"schema":{"@context":"https:\/\/schema.org","@graph":[{"@type":"Article","@id":"https:\/\/www.institutodeengenharia.org.br\/site\/2020\/07\/09\/sustentabilidade-nos-materiais-de-construcao\/#article","isPartOf":{"@id":"https:\/\/www.institutodeengenharia.org.br\/site\/2020\/07\/09\/sustentabilidade-nos-materiais-de-construcao\/"},"author":{"name":"Bianca","@id":"https:\/\/www.institutodeengenharia.org.br\/site\/#\/schema\/person\/aeb64951c405e100d26d30b033dd423f"},"headline":"Sustentabilidade nos materiais de constru\u00e7\u00e3o","datePublished":"2020-07-09T20:07:05+00:00","dateModified":"2020-08-14T18:16:19+00:00","mainEntityOfPage":{"@id":"https:\/\/www.institutodeengenharia.org.br\/site\/2020\/07\/09\/sustentabilidade-nos-materiais-de-construcao\/"},"wordCount":636,"commentCount":0,"publisher":{"@id":"https:\/\/www.institutodeengenharia.org.br\/site\/#organization"},"image":{"@id":"https:\/\/www.institutodeengenharia.org.br\/site\/2020\/07\/09\/sustentabilidade-nos-materiais-de-construcao\/#primaryimage"},"thumbnailUrl":"https:\/\/www.institutodeengenharia.org.br\/site\/wp-content\/uploads\/2020\/08\/Sustentabilidade-na-constru\u00e7\u00e3o-civil_benef\u00edcios-ambientais-e-econ\u00f4micos.png","articleSection":["Departamento Desenvolvimento de Projetos e Servi\u00e7os de Infraestrutura","Divis\u00e3o T\u00e9cnica Estruturas e Controle Tecnol\u00f3gico","Nova TV Engenharia","Palestra"],"inLanguage":"pt-BR","potentialAction":[{"@type":"CommentAction","name":"Comment","target":["https:\/\/www.institutodeengenharia.org.br\/site\/2020\/07\/09\/sustentabilidade-nos-materiais-de-construcao\/#respond"]}]},{"@type":"WebPage","@id":"https:\/\/www.institutodeengenharia.org.br\/site\/2020\/07\/09\/sustentabilidade-nos-materiais-de-construcao\/","url":"https:\/\/www.institutodeengenharia.org.br\/site\/2020\/07\/09\/sustentabilidade-nos-materiais-de-construcao\/","name":"Sustentabilidade nos materiais de constru\u00e7\u00e3o - Instituto de Engenharia","isPartOf":{"@id":"https:\/\/www.institutodeengenharia.org.br\/site\/#website"},"primaryImageOfPage":{"@id":"https:\/\/www.institutodeengenharia.org.br\/site\/2020\/07\/09\/sustentabilidade-nos-materiais-de-construcao\/#primaryimage"},"image":{"@id":"https:\/\/www.institutodeengenharia.org.br\/site\/2020\/07\/09\/sustentabilidade-nos-materiais-de-construcao\/#primaryimage"},"thumbnailUrl":"https:\/\/www.institutodeengenharia.org.br\/site\/wp-content\/uploads\/2020\/08\/Sustentabilidade-na-constru\u00e7\u00e3o-civil_benef\u00edcios-ambientais-e-econ\u00f4micos.png","datePublished":"2020-07-09T20:07:05+00:00","dateModified":"2020-08-14T18:16:19+00:00","breadcrumb":{"@id":"https:\/\/www.institutodeengenharia.org.br\/site\/2020\/07\/09\/sustentabilidade-nos-materiais-de-construcao\/#breadcrumb"},"inLanguage":"pt-BR","potentialAction":[{"@type":"ReadAction","target":["https:\/\/www.institutodeengenharia.org.br\/site\/2020\/07\/09\/sustentabilidade-nos-materiais-de-construcao\/"]}]},{"@type":"ImageObject","inLanguage":"pt-BR","@id":"https:\/\/www.institutodeengenharia.org.br\/site\/2020\/07\/09\/sustentabilidade-nos-materiais-de-construcao\/#primaryimage","url":"https:\/\/www.institutodeengenharia.org.br\/site\/wp-content\/uploads\/2020\/08\/Sustentabilidade-na-constru\u00e7\u00e3o-civil_benef\u00edcios-ambientais-e-econ\u00f4micos.png","contentUrl":"https:\/\/www.institutodeengenharia.org.br\/site\/wp-content\/uploads\/2020\/08\/Sustentabilidade-na-constru\u00e7\u00e3o-civil_benef\u00edcios-ambientais-e-econ\u00f4micos.png","width":630,"height":415},{"@type":"BreadcrumbList","@id":"https:\/\/www.institutodeengenharia.org.br\/site\/2020\/07\/09\/sustentabilidade-nos-materiais-de-construcao\/#breadcrumb","itemListElement":[{"@type":"ListItem","position":1,"name":"In\u00edcio","item":"https:\/\/www.institutodeengenharia.org.br\/site\/"},{"@type":"ListItem","position":2,"name":"Sustentabilidade nos materiais de constru\u00e7\u00e3o"}]},{"@type":"WebSite","@id":"https:\/\/www.institutodeengenharia.org.br\/site\/#website","url":"https:\/\/www.institutodeengenharia.org.br\/site\/","name":"Instituto de Engenharia","description":"O Instituto de Engenharia promove a Engenharia em benef\u00edcio do desenvolvimento e da qualidade de vida da sociedade.","publisher":{"@id":"https:\/\/www.institutodeengenharia.org.br\/site\/#organization"},"potentialAction":[{"@type":"SearchAction","target":{"@type":"EntryPoint","urlTemplate":"https:\/\/www.institutodeengenharia.org.br\/site\/?s={search_term_string}"},"query-input":{"@type":"PropertyValueSpecification","valueRequired":true,"valueName":"search_term_string"}}],"inLanguage":"pt-BR"},{"@type":"Organization","@id":"https:\/\/www.institutodeengenharia.org.br\/site\/#organization","name":"Instituto de Engenharia","url":"https:\/\/www.institutodeengenharia.org.br\/site\/","logo":{"@type":"ImageObject","inLanguage":"pt-BR","@id":"https:\/\/www.institutodeengenharia.org.br\/site\/#\/schema\/logo\/image\/","url":"https:\/\/www.institutodeengenharia.org.br\/site\/wp-content\/uploads\/2019\/03\/logo-novo-IE2018-1.jpg","contentUrl":"https:\/\/www.institutodeengenharia.org.br\/site\/wp-content\/uploads\/2019\/03\/logo-novo-IE2018-1.jpg","width":1486,"height":1879,"caption":"Instituto de Engenharia"},"image":{"@id":"https:\/\/www.institutodeengenharia.org.br\/site\/#\/schema\/logo\/image\/"},"sameAs":["https:\/\/www.facebook.com\/institutodeengenharia","https:\/\/x.com\/iengenharia","https:\/\/www.instagram.com\/institutodeengenharia\/","https:\/\/www.linkedin.com\/company\/instituto-de-engenharia\/","https:\/\/www.youtube.com\/channel\/UCXiCAlsSMe977vamW915HxA"]},{"@type":"Person","@id":"https:\/\/www.institutodeengenharia.org.br\/site\/#\/schema\/person\/aeb64951c405e100d26d30b033dd423f","name":"Bianca","image":{"@type":"ImageObject","inLanguage":"pt-BR","@id":"https:\/\/secure.gravatar.com\/avatar\/a6fbe9bff57405baf4c1e2c5c1811e072b558253974a9f9508f4678900c97c2a?s=96&d=mm&r=g","url":"https:\/\/secure.gravatar.com\/avatar\/a6fbe9bff57405baf4c1e2c5c1811e072b558253974a9f9508f4678900c97c2a?s=96&d=mm&r=g","contentUrl":"https:\/\/secure.gravatar.com\/avatar\/a6fbe9bff57405baf4c1e2c5c1811e072b558253974a9f9508f4678900c97c2a?s=96&d=mm&r=g","caption":"Bianca"},"url":"https:\/\/www.institutodeengenharia.org.br\/site\/author\/comunicacao1\/"}]}},"_links":{"self":[{"href":"https:\/\/www.institutodeengenharia.org.br\/site\/wp-json\/wp\/v2\/posts\/69955","targetHints":{"allow":["GET"]}}],"collection":[{"href":"https:\/\/www.institutodeengenharia.org.br\/site\/wp-json\/wp\/v2\/posts"}],"about":[{"href":"https:\/\/www.institutodeengenharia.org.br\/site\/wp-json\/wp\/v2\/types\/post"}],"author":[{"embeddable":true,"href":"https:\/\/www.institutodeengenharia.org.br\/site\/wp-json\/wp\/v2\/users\/13"}],"replies":[{"embeddable":true,"href":"https:\/\/www.institutodeengenharia.org.br\/site\/wp-json\/wp\/v2\/comments?post=69955"}],"version-history":[{"count":1,"href":"https:\/\/www.institutodeengenharia.org.br\/site\/wp-json\/wp\/v2\/posts\/69955\/revisions"}],"predecessor-version":[{"id":69958,"href":"https:\/\/www.institutodeengenharia.org.br\/site\/wp-json\/wp\/v2\/posts\/69955\/revisions\/69958"}],"wp:featuredmedia":[{"embeddable":true,"href":"https:\/\/www.institutodeengenharia.org.br\/site\/wp-json\/wp\/v2\/media\/69957"}],"wp:attachment":[{"href":"https:\/\/www.institutodeengenharia.org.br\/site\/wp-json\/wp\/v2\/media?parent=69955"}],"wp:term":[{"taxonomy":"category","embeddable":true,"href":"https:\/\/www.institutodeengenharia.org.br\/site\/wp-json\/wp\/v2\/categories?post=69955"},{"taxonomy":"post_tag","embeddable":true,"href":"https:\/\/www.institutodeengenharia.org.br\/site\/wp-json\/wp\/v2\/tags?post=69955"}],"curies":[{"name":"wp","href":"https:\/\/api.w.org\/{rel}","templated":true}]}}