{"id":69655,"date":"2020-07-31T10:00:02","date_gmt":"2020-07-31T13:00:02","guid":{"rendered":"https:\/\/www.institutodeengenharia.org.br\/site\/?p=69655"},"modified":"2020-08-04T13:18:48","modified_gmt":"2020-08-04T16:18:48","slug":"fatos-e-mitos-do-agro-brasileiro-engenheirar-ou-praticar","status":"publish","type":"post","link":"https:\/\/www.institutodeengenharia.org.br\/site\/2020\/07\/31\/fatos-e-mitos-do-agro-brasileiro-engenheirar-ou-praticar\/","title":{"rendered":"Fatos e Mitos do Agro Brasileiro &#8211; Engenheirar ou praticar?"},"content":{"rendered":"<p>&nbsp;<\/p>\n<p>A palestra<strong>\u00a0Fatos e Mitos do Agro Brasileiro &#8211; Engenheirar ou praticar? <\/strong>faz parte da\u00a0<em>S\u00e9rie Webinar: Falando em Engenheirar<\/em>, uma realiza\u00e7\u00e3o do Instituto de Engenharia.<\/p>\n<p><strong>Assista abaixo \u00e0 grava\u00e7\u00e3o:<\/strong><\/p>\n<p><iframe loading=\"lazy\" src=\"https:\/\/player.vimeo.com\/video\/444512254\" width=\"640\" height=\"360\" frameborder=\"0\" allowfullscreen=\"allowfullscreen\"><\/iframe><\/p>\n<p>&nbsp;<\/p>\n<p>&nbsp;<\/p>\n<p><strong>Palestrantes:<\/strong><\/p>\n<p><img loading=\"lazy\" decoding=\"async\" class=\"wp-image-64156 alignnone\" src=\"https:\/\/www.institutodeengenharia.org.br\/site\/wp-content\/uploads\/2020\/05\/xico.jpg\" alt=\"\" width=\"151\" height=\"154\" \/><\/p>\n<p><strong>Francisco Graziano Neto (Xico Graziano)<\/strong><\/p>\n<p>Engenheiro Agr\u00f4nomo, formado na ESALQ\/USP e doutor em Administra\u00e7\u00e3o pela FGV\/SP, onde leciona, no MBA, a disciplina &#8220;Meio Ambiente e Agroneg\u00f3cios&#8221;. Ocupou v\u00e1rios cargos p\u00fablicos, destacando-se os de secret\u00e1rio Estadual do Meio Ambiente e secret\u00e1rio Estadual de Agricultura, em S\u00e3o Paulo. Consultor em sustentabilidade, conferencista, foi professor da Unesp, em Jaboticabal. S\u00f3cio-diretor da OIABrasil, empresa de certifica\u00e7\u00e3o socioambiental, tem 10 livros publicados sobre a quest\u00e3o agr\u00e1ria, agricultura e pol\u00edtica.<\/p>\n<p><img loading=\"lazy\" decoding=\"async\" class=\"wp-image-68815 alignnone\" src=\"https:\/\/www.institutodeengenharia.org.br\/site\/wp-content\/uploads\/2020\/07\/Maria-Thereza-Macedo-Pedroso.jpg\" alt=\"\" width=\"146\" height=\"154\" srcset=\"https:\/\/www.institutodeengenharia.org.br\/site\/wp-content\/uploads\/2020\/07\/Maria-Thereza-Macedo-Pedroso.jpg 475w, https:\/\/www.institutodeengenharia.org.br\/site\/wp-content\/uploads\/2020\/07\/Maria-Thereza-Macedo-Pedroso-285x300.jpg 285w, https:\/\/www.institutodeengenharia.org.br\/site\/wp-content\/uploads\/2020\/07\/Maria-Thereza-Macedo-Pedroso-399x420.jpg 399w\" sizes=\"auto, (max-width: 146px) 100vw, 146px\" \/><\/p>\n<p><strong>Maria Thereza Macedo Pedroso<\/strong><\/p>\n<p>Engenheira Agr\u00f4noma, mestre em Desenvolvimento Sustent\u00e1vel e doutora em Ci\u00eancias Sociais. Atualmente \u00e9 pesquisadora da Embrapa Hortali\u00e7as. Foi assessora t\u00e9cnica parlamentar na C\u00e2mara dos Deputados.<\/p>\n<p><img loading=\"lazy\" decoding=\"async\" class=\"wp-image-68816 alignnone\" src=\"https:\/\/www.institutodeengenharia.org.br\/site\/wp-content\/uploads\/2020\/07\/D\u00e9cio-Luiz-Gazzoni.jpg\" alt=\"\" width=\"139\" height=\"159\" \/><\/p>\n<p><strong>D\u00e9cio Luiz Gazzoni<\/strong><\/p>\n<p>Engenheiro Agr\u00f4nomo formado pela UFRGS, atualmente pesquisador da Embrapa, da qual foi chefe de Unidades e diretor T\u00e9cnico (Bras\u00edlia). Foi assessor da Secretaria de Assuntos Estrat\u00e9gicos da Presid\u00eancia da Rep\u00fablica e consultor internacional do BID, BIRD e FAO. Publicou 271 artigos em peri\u00f3dicos especializados, 128 em anais de eventos, 1.602 em revistas e jornais, 15 cap\u00edtulos de livros e sete livros. Organizou tr\u00eas Congressos Internacionais e orientou 134 estudantes tendo participado de 203 eventos cient\u00edficos nacionais e internacionais. Recebeu o Pr\u00eamio Frederico Menezes Veiga, a honraria mais graduada concedida a cientistas agr\u00edcolas no Brasil.<\/p>\n<p><strong>Moderador:<\/strong><\/p>\n<p><img loading=\"lazy\" decoding=\"async\" class=\"wp-image-68818 alignnone\" src=\"https:\/\/www.institutodeengenharia.org.br\/site\/wp-content\/uploads\/2020\/07\/Bruno-Faustino.jpg\" alt=\"\" width=\"132\" height=\"166\" srcset=\"https:\/\/www.institutodeengenharia.org.br\/site\/wp-content\/uploads\/2020\/07\/Bruno-Faustino.jpg 338w, https:\/\/www.institutodeengenharia.org.br\/site\/wp-content\/uploads\/2020\/07\/Bruno-Faustino-238x300.jpg 238w, https:\/\/www.institutodeengenharia.org.br\/site\/wp-content\/uploads\/2020\/07\/Bruno-Faustino-333x420.jpg 333w\" sizes=\"auto, (max-width: 132px) 100vw, 132px\" \/><\/p>\n<p><strong>Bruno Faustino<\/strong><\/p>\n<p>Bacharel em Jornalismo. Atuou na r\u00e1dio CBN, Gazeta online e TV Gazeta, al\u00e9m da TV Educativa do Esp\u00edrito Santo e TV Cultura. Atualmente possui neg\u00f3cio pr\u00f3prio: a premiada revista Neg\u00f3cio Rural. Por onde passa, leva o nome do Estado do Esp\u00edrito Santo para o Brasil, Estado que o acolheu desde a inf\u00e2ncia e vive at\u00e9 hoje. Sempre se considerou um mineroxaba com orgulho.<\/p>\n","protected":false},"excerpt":{"rendered":"<p>&nbsp; A palestra\u00a0Fatos e Mitos do Agro Brasileiro &#8211; Engenheirar ou praticar? faz parte da\u00a0S\u00e9rie Webinar: Falando em Engenheirar, uma realiza\u00e7\u00e3o do Instituto de Engenharia. Assista abaixo \u00e0 grava\u00e7\u00e3o: &nbsp; &nbsp; Palestrantes: Francisco Graziano Neto (Xico Graziano) Engenheiro Agr\u00f4nomo, formado na ESALQ\/USP e doutor em Administra\u00e7\u00e3o pela FGV\/SP, onde leciona, no MBA, a disciplina &#8220;Meio [&hellip;]<\/p>\n","protected":false},"author":13,"featured_media":69657,"comment_status":"open","ping_status":"open","sticky":false,"template":"","format":"standard","meta":{"footnotes":""},"categories":[968,969],"tags":[],"class_list":{"0":"post-69655","1":"post","2":"type-post","3":"status-publish","4":"format-standard","5":"has-post-thumbnail","7":"category-nova-tv-engenharia","8":"category-palestra"},"yoast_head":"<!-- This site is optimized with the Yoast SEO plugin v27.2 - https:\/\/yoast.com\/product\/yoast-seo-wordpress\/ -->\n<title>Fatos e Mitos do Agro Brasileiro - Engenheirar ou praticar? - Instituto de Engenharia<\/title>\n<meta name=\"robots\" content=\"index, follow, max-snippet:-1, max-image-preview:large, max-video-preview:-1\" \/>\n<link rel=\"canonical\" href=\"https:\/\/www.institutodeengenharia.org.br\/site\/2020\/07\/31\/fatos-e-mitos-do-agro-brasileiro-engenheirar-ou-praticar\/\" \/>\n<meta property=\"og:locale\" content=\"pt_BR\" \/>\n<meta property=\"og:type\" content=\"article\" \/>\n<meta property=\"og:title\" content=\"Fatos e Mitos do Agro Brasileiro - Engenheirar ou praticar? - Instituto de Engenharia\" \/>\n<meta property=\"og:description\" content=\"&nbsp; A palestra\u00a0Fatos e Mitos do Agro Brasileiro &#8211; Engenheirar ou praticar? faz parte da\u00a0S\u00e9rie Webinar: Falando em Engenheirar, uma realiza\u00e7\u00e3o do Instituto de Engenharia. Assista abaixo \u00e0 grava\u00e7\u00e3o: &nbsp; &nbsp; Palestrantes: Francisco Graziano Neto (Xico Graziano) Engenheiro Agr\u00f4nomo, formado na ESALQ\/USP e doutor em Administra\u00e7\u00e3o pela FGV\/SP, onde leciona, no MBA, a disciplina &#8220;Meio [&hellip;]\" \/>\n<meta property=\"og:url\" content=\"https:\/\/www.institutodeengenharia.org.br\/site\/2020\/07\/31\/fatos-e-mitos-do-agro-brasileiro-engenheirar-ou-praticar\/\" \/>\n<meta property=\"og:site_name\" content=\"Instituto de Engenharia\" \/>\n<meta property=\"article:publisher\" content=\"https:\/\/www.facebook.com\/institutodeengenharia\" \/>\n<meta property=\"article:published_time\" content=\"2020-07-31T13:00:02+00:00\" \/>\n<meta property=\"article:modified_time\" content=\"2020-08-04T16:18:48+00:00\" \/>\n<meta property=\"og:image\" content=\"https:\/\/www.institutodeengenharia.org.br\/site\/wp-content\/uploads\/2020\/08\/Fatos-e-Mitos-do-Agro-Brasileiro_-Engenheirar-ou-praticar.jpg\" \/>\n\t<meta property=\"og:image:width\" content=\"1034\" \/>\n\t<meta property=\"og:image:height\" content=\"646\" \/>\n\t<meta property=\"og:image:type\" content=\"image\/jpeg\" \/>\n<meta name=\"author\" content=\"Bianca\" \/>\n<meta name=\"twitter:card\" content=\"summary_large_image\" \/>\n<meta name=\"twitter:creator\" content=\"@iengenharia\" \/>\n<meta name=\"twitter:site\" content=\"@iengenharia\" \/>\n<meta name=\"twitter:label1\" content=\"Escrito por\" \/>\n\t<meta name=\"twitter:data1\" content=\"Bianca\" \/>\n\t<meta name=\"twitter:label2\" content=\"Est. tempo de leitura\" \/>\n\t<meta name=\"twitter:data2\" content=\"2 minutos\" \/>\n<script type=\"application\/ld+json\" class=\"yoast-schema-graph\">{\"@context\":\"https:\/\/schema.org\",\"@graph\":[{\"@type\":\"Article\",\"@id\":\"https:\/\/www.institutodeengenharia.org.br\/site\/2020\/07\/31\/fatos-e-mitos-do-agro-brasileiro-engenheirar-ou-praticar\/#article\",\"isPartOf\":{\"@id\":\"https:\/\/www.institutodeengenharia.org.br\/site\/2020\/07\/31\/fatos-e-mitos-do-agro-brasileiro-engenheirar-ou-praticar\/\"},\"author\":{\"name\":\"Bianca\",\"@id\":\"https:\/\/www.institutodeengenharia.org.br\/site\/#\/schema\/person\/aeb64951c405e100d26d30b033dd423f\"},\"headline\":\"Fatos e Mitos do Agro Brasileiro &#8211; Engenheirar ou praticar?\",\"datePublished\":\"2020-07-31T13:00:02+00:00\",\"dateModified\":\"2020-08-04T16:18:48+00:00\",\"mainEntityOfPage\":{\"@id\":\"https:\/\/www.institutodeengenharia.org.br\/site\/2020\/07\/31\/fatos-e-mitos-do-agro-brasileiro-engenheirar-ou-praticar\/\"},\"wordCount\":346,\"commentCount\":0,\"publisher\":{\"@id\":\"https:\/\/www.institutodeengenharia.org.br\/site\/#organization\"},\"image\":{\"@id\":\"https:\/\/www.institutodeengenharia.org.br\/site\/2020\/07\/31\/fatos-e-mitos-do-agro-brasileiro-engenheirar-ou-praticar\/#primaryimage\"},\"thumbnailUrl\":\"https:\/\/www.institutodeengenharia.org.br\/site\/wp-content\/uploads\/2020\/08\/Fatos-e-Mitos-do-Agro-Brasileiro_-Engenheirar-ou-praticar.jpg\",\"articleSection\":[\"Nova TV Engenharia\",\"Palestra\"],\"inLanguage\":\"pt-BR\",\"potentialAction\":[{\"@type\":\"CommentAction\",\"name\":\"Comment\",\"target\":[\"https:\/\/www.institutodeengenharia.org.br\/site\/2020\/07\/31\/fatos-e-mitos-do-agro-brasileiro-engenheirar-ou-praticar\/#respond\"]}]},{\"@type\":\"WebPage\",\"@id\":\"https:\/\/www.institutodeengenharia.org.br\/site\/2020\/07\/31\/fatos-e-mitos-do-agro-brasileiro-engenheirar-ou-praticar\/\",\"url\":\"https:\/\/www.institutodeengenharia.org.br\/site\/2020\/07\/31\/fatos-e-mitos-do-agro-brasileiro-engenheirar-ou-praticar\/\",\"name\":\"Fatos e Mitos do Agro Brasileiro - Engenheirar ou praticar? - Instituto de Engenharia\",\"isPartOf\":{\"@id\":\"https:\/\/www.institutodeengenharia.org.br\/site\/#website\"},\"primaryImageOfPage\":{\"@id\":\"https:\/\/www.institutodeengenharia.org.br\/site\/2020\/07\/31\/fatos-e-mitos-do-agro-brasileiro-engenheirar-ou-praticar\/#primaryimage\"},\"image\":{\"@id\":\"https:\/\/www.institutodeengenharia.org.br\/site\/2020\/07\/31\/fatos-e-mitos-do-agro-brasileiro-engenheirar-ou-praticar\/#primaryimage\"},\"thumbnailUrl\":\"https:\/\/www.institutodeengenharia.org.br\/site\/wp-content\/uploads\/2020\/08\/Fatos-e-Mitos-do-Agro-Brasileiro_-Engenheirar-ou-praticar.jpg\",\"datePublished\":\"2020-07-31T13:00:02+00:00\",\"dateModified\":\"2020-08-04T16:18:48+00:00\",\"breadcrumb\":{\"@id\":\"https:\/\/www.institutodeengenharia.org.br\/site\/2020\/07\/31\/fatos-e-mitos-do-agro-brasileiro-engenheirar-ou-praticar\/#breadcrumb\"},\"inLanguage\":\"pt-BR\",\"potentialAction\":[{\"@type\":\"ReadAction\",\"target\":[\"https:\/\/www.institutodeengenharia.org.br\/site\/2020\/07\/31\/fatos-e-mitos-do-agro-brasileiro-engenheirar-ou-praticar\/\"]}]},{\"@type\":\"ImageObject\",\"inLanguage\":\"pt-BR\",\"@id\":\"https:\/\/www.institutodeengenharia.org.br\/site\/2020\/07\/31\/fatos-e-mitos-do-agro-brasileiro-engenheirar-ou-praticar\/#primaryimage\",\"url\":\"https:\/\/www.institutodeengenharia.org.br\/site\/wp-content\/uploads\/2020\/08\/Fatos-e-Mitos-do-Agro-Brasileiro_-Engenheirar-ou-praticar.jpg\",\"contentUrl\":\"https:\/\/www.institutodeengenharia.org.br\/site\/wp-content\/uploads\/2020\/08\/Fatos-e-Mitos-do-Agro-Brasileiro_-Engenheirar-ou-praticar.jpg\",\"width\":1034,\"height\":646},{\"@type\":\"BreadcrumbList\",\"@id\":\"https:\/\/www.institutodeengenharia.org.br\/site\/2020\/07\/31\/fatos-e-mitos-do-agro-brasileiro-engenheirar-ou-praticar\/#breadcrumb\",\"itemListElement\":[{\"@type\":\"ListItem\",\"position\":1,\"name\":\"In\u00edcio\",\"item\":\"https:\/\/www.institutodeengenharia.org.br\/site\/\"},{\"@type\":\"ListItem\",\"position\":2,\"name\":\"Fatos e Mitos do Agro Brasileiro &#8211; Engenheirar ou praticar?\"}]},{\"@type\":\"WebSite\",\"@id\":\"https:\/\/www.institutodeengenharia.org.br\/site\/#website\",\"url\":\"https:\/\/www.institutodeengenharia.org.br\/site\/\",\"name\":\"Instituto de Engenharia\",\"description\":\"O Instituto de Engenharia promove a Engenharia em benef\u00edcio do desenvolvimento e da qualidade de vida da sociedade.\",\"publisher\":{\"@id\":\"https:\/\/www.institutodeengenharia.org.br\/site\/#organization\"},\"potentialAction\":[{\"@type\":\"SearchAction\",\"target\":{\"@type\":\"EntryPoint\",\"urlTemplate\":\"https:\/\/www.institutodeengenharia.org.br\/site\/?s={search_term_string}\"},\"query-input\":{\"@type\":\"PropertyValueSpecification\",\"valueRequired\":true,\"valueName\":\"search_term_string\"}}],\"inLanguage\":\"pt-BR\"},{\"@type\":\"Organization\",\"@id\":\"https:\/\/www.institutodeengenharia.org.br\/site\/#organization\",\"name\":\"Instituto de Engenharia\",\"url\":\"https:\/\/www.institutodeengenharia.org.br\/site\/\",\"logo\":{\"@type\":\"ImageObject\",\"inLanguage\":\"pt-BR\",\"@id\":\"https:\/\/www.institutodeengenharia.org.br\/site\/#\/schema\/logo\/image\/\",\"url\":\"https:\/\/www.institutodeengenharia.org.br\/site\/wp-content\/uploads\/2019\/03\/logo-novo-IE2018-1.jpg\",\"contentUrl\":\"https:\/\/www.institutodeengenharia.org.br\/site\/wp-content\/uploads\/2019\/03\/logo-novo-IE2018-1.jpg\",\"width\":1486,\"height\":1879,\"caption\":\"Instituto de Engenharia\"},\"image\":{\"@id\":\"https:\/\/www.institutodeengenharia.org.br\/site\/#\/schema\/logo\/image\/\"},\"sameAs\":[\"https:\/\/www.facebook.com\/institutodeengenharia\",\"https:\/\/x.com\/iengenharia\",\"https:\/\/www.instagram.com\/institutodeengenharia\/\",\"https:\/\/www.linkedin.com\/company\/instituto-de-engenharia\/\",\"https:\/\/www.youtube.com\/channel\/UCXiCAlsSMe977vamW915HxA\"]},{\"@type\":\"Person\",\"@id\":\"https:\/\/www.institutodeengenharia.org.br\/site\/#\/schema\/person\/aeb64951c405e100d26d30b033dd423f\",\"name\":\"Bianca\",\"image\":{\"@type\":\"ImageObject\",\"inLanguage\":\"pt-BR\",\"@id\":\"https:\/\/secure.gravatar.com\/avatar\/a6fbe9bff57405baf4c1e2c5c1811e072b558253974a9f9508f4678900c97c2a?s=96&d=mm&r=g\",\"url\":\"https:\/\/secure.gravatar.com\/avatar\/a6fbe9bff57405baf4c1e2c5c1811e072b558253974a9f9508f4678900c97c2a?s=96&d=mm&r=g\",\"contentUrl\":\"https:\/\/secure.gravatar.com\/avatar\/a6fbe9bff57405baf4c1e2c5c1811e072b558253974a9f9508f4678900c97c2a?s=96&d=mm&r=g\",\"caption\":\"Bianca\"},\"url\":\"https:\/\/www.institutodeengenharia.org.br\/site\/author\/comunicacao1\/\"}]}<\/script>\n<!-- \/ Yoast SEO plugin. -->","yoast_head_json":{"title":"Fatos e Mitos do Agro Brasileiro - Engenheirar ou praticar? - Instituto de Engenharia","robots":{"index":"index","follow":"follow","max-snippet":"max-snippet:-1","max-image-preview":"max-image-preview:large","max-video-preview":"max-video-preview:-1"},"canonical":"https:\/\/www.institutodeengenharia.org.br\/site\/2020\/07\/31\/fatos-e-mitos-do-agro-brasileiro-engenheirar-ou-praticar\/","og_locale":"pt_BR","og_type":"article","og_title":"Fatos e Mitos do Agro Brasileiro - Engenheirar ou praticar? - Instituto de Engenharia","og_description":"&nbsp; A palestra\u00a0Fatos e Mitos do Agro Brasileiro &#8211; Engenheirar ou praticar? faz parte da\u00a0S\u00e9rie Webinar: Falando em Engenheirar, uma realiza\u00e7\u00e3o do Instituto de Engenharia. Assista abaixo \u00e0 grava\u00e7\u00e3o: &nbsp; &nbsp; Palestrantes: Francisco Graziano Neto (Xico Graziano) Engenheiro Agr\u00f4nomo, formado na ESALQ\/USP e doutor em Administra\u00e7\u00e3o pela FGV\/SP, onde leciona, no MBA, a disciplina &#8220;Meio [&hellip;]","og_url":"https:\/\/www.institutodeengenharia.org.br\/site\/2020\/07\/31\/fatos-e-mitos-do-agro-brasileiro-engenheirar-ou-praticar\/","og_site_name":"Instituto de Engenharia","article_publisher":"https:\/\/www.facebook.com\/institutodeengenharia","article_published_time":"2020-07-31T13:00:02+00:00","article_modified_time":"2020-08-04T16:18:48+00:00","og_image":[{"width":1034,"height":646,"url":"https:\/\/www.institutodeengenharia.org.br\/site\/wp-content\/uploads\/2020\/08\/Fatos-e-Mitos-do-Agro-Brasileiro_-Engenheirar-ou-praticar.jpg","type":"image\/jpeg"}],"author":"Bianca","twitter_card":"summary_large_image","twitter_creator":"@iengenharia","twitter_site":"@iengenharia","twitter_misc":{"Escrito por":"Bianca","Est. tempo de leitura":"2 minutos"},"schema":{"@context":"https:\/\/schema.org","@graph":[{"@type":"Article","@id":"https:\/\/www.institutodeengenharia.org.br\/site\/2020\/07\/31\/fatos-e-mitos-do-agro-brasileiro-engenheirar-ou-praticar\/#article","isPartOf":{"@id":"https:\/\/www.institutodeengenharia.org.br\/site\/2020\/07\/31\/fatos-e-mitos-do-agro-brasileiro-engenheirar-ou-praticar\/"},"author":{"name":"Bianca","@id":"https:\/\/www.institutodeengenharia.org.br\/site\/#\/schema\/person\/aeb64951c405e100d26d30b033dd423f"},"headline":"Fatos e Mitos do Agro Brasileiro &#8211; Engenheirar ou praticar?","datePublished":"2020-07-31T13:00:02+00:00","dateModified":"2020-08-04T16:18:48+00:00","mainEntityOfPage":{"@id":"https:\/\/www.institutodeengenharia.org.br\/site\/2020\/07\/31\/fatos-e-mitos-do-agro-brasileiro-engenheirar-ou-praticar\/"},"wordCount":346,"commentCount":0,"publisher":{"@id":"https:\/\/www.institutodeengenharia.org.br\/site\/#organization"},"image":{"@id":"https:\/\/www.institutodeengenharia.org.br\/site\/2020\/07\/31\/fatos-e-mitos-do-agro-brasileiro-engenheirar-ou-praticar\/#primaryimage"},"thumbnailUrl":"https:\/\/www.institutodeengenharia.org.br\/site\/wp-content\/uploads\/2020\/08\/Fatos-e-Mitos-do-Agro-Brasileiro_-Engenheirar-ou-praticar.jpg","articleSection":["Nova TV Engenharia","Palestra"],"inLanguage":"pt-BR","potentialAction":[{"@type":"CommentAction","name":"Comment","target":["https:\/\/www.institutodeengenharia.org.br\/site\/2020\/07\/31\/fatos-e-mitos-do-agro-brasileiro-engenheirar-ou-praticar\/#respond"]}]},{"@type":"WebPage","@id":"https:\/\/www.institutodeengenharia.org.br\/site\/2020\/07\/31\/fatos-e-mitos-do-agro-brasileiro-engenheirar-ou-praticar\/","url":"https:\/\/www.institutodeengenharia.org.br\/site\/2020\/07\/31\/fatos-e-mitos-do-agro-brasileiro-engenheirar-ou-praticar\/","name":"Fatos e Mitos do Agro Brasileiro - Engenheirar ou praticar? - Instituto de Engenharia","isPartOf":{"@id":"https:\/\/www.institutodeengenharia.org.br\/site\/#website"},"primaryImageOfPage":{"@id":"https:\/\/www.institutodeengenharia.org.br\/site\/2020\/07\/31\/fatos-e-mitos-do-agro-brasileiro-engenheirar-ou-praticar\/#primaryimage"},"image":{"@id":"https:\/\/www.institutodeengenharia.org.br\/site\/2020\/07\/31\/fatos-e-mitos-do-agro-brasileiro-engenheirar-ou-praticar\/#primaryimage"},"thumbnailUrl":"https:\/\/www.institutodeengenharia.org.br\/site\/wp-content\/uploads\/2020\/08\/Fatos-e-Mitos-do-Agro-Brasileiro_-Engenheirar-ou-praticar.jpg","datePublished":"2020-07-31T13:00:02+00:00","dateModified":"2020-08-04T16:18:48+00:00","breadcrumb":{"@id":"https:\/\/www.institutodeengenharia.org.br\/site\/2020\/07\/31\/fatos-e-mitos-do-agro-brasileiro-engenheirar-ou-praticar\/#breadcrumb"},"inLanguage":"pt-BR","potentialAction":[{"@type":"ReadAction","target":["https:\/\/www.institutodeengenharia.org.br\/site\/2020\/07\/31\/fatos-e-mitos-do-agro-brasileiro-engenheirar-ou-praticar\/"]}]},{"@type":"ImageObject","inLanguage":"pt-BR","@id":"https:\/\/www.institutodeengenharia.org.br\/site\/2020\/07\/31\/fatos-e-mitos-do-agro-brasileiro-engenheirar-ou-praticar\/#primaryimage","url":"https:\/\/www.institutodeengenharia.org.br\/site\/wp-content\/uploads\/2020\/08\/Fatos-e-Mitos-do-Agro-Brasileiro_-Engenheirar-ou-praticar.jpg","contentUrl":"https:\/\/www.institutodeengenharia.org.br\/site\/wp-content\/uploads\/2020\/08\/Fatos-e-Mitos-do-Agro-Brasileiro_-Engenheirar-ou-praticar.jpg","width":1034,"height":646},{"@type":"BreadcrumbList","@id":"https:\/\/www.institutodeengenharia.org.br\/site\/2020\/07\/31\/fatos-e-mitos-do-agro-brasileiro-engenheirar-ou-praticar\/#breadcrumb","itemListElement":[{"@type":"ListItem","position":1,"name":"In\u00edcio","item":"https:\/\/www.institutodeengenharia.org.br\/site\/"},{"@type":"ListItem","position":2,"name":"Fatos e Mitos do Agro Brasileiro &#8211; Engenheirar ou praticar?"}]},{"@type":"WebSite","@id":"https:\/\/www.institutodeengenharia.org.br\/site\/#website","url":"https:\/\/www.institutodeengenharia.org.br\/site\/","name":"Instituto de Engenharia","description":"O Instituto de Engenharia promove a Engenharia em benef\u00edcio do desenvolvimento e da qualidade de vida da sociedade.","publisher":{"@id":"https:\/\/www.institutodeengenharia.org.br\/site\/#organization"},"potentialAction":[{"@type":"SearchAction","target":{"@type":"EntryPoint","urlTemplate":"https:\/\/www.institutodeengenharia.org.br\/site\/?s={search_term_string}"},"query-input":{"@type":"PropertyValueSpecification","valueRequired":true,"valueName":"search_term_string"}}],"inLanguage":"pt-BR"},{"@type":"Organization","@id":"https:\/\/www.institutodeengenharia.org.br\/site\/#organization","name":"Instituto de Engenharia","url":"https:\/\/www.institutodeengenharia.org.br\/site\/","logo":{"@type":"ImageObject","inLanguage":"pt-BR","@id":"https:\/\/www.institutodeengenharia.org.br\/site\/#\/schema\/logo\/image\/","url":"https:\/\/www.institutodeengenharia.org.br\/site\/wp-content\/uploads\/2019\/03\/logo-novo-IE2018-1.jpg","contentUrl":"https:\/\/www.institutodeengenharia.org.br\/site\/wp-content\/uploads\/2019\/03\/logo-novo-IE2018-1.jpg","width":1486,"height":1879,"caption":"Instituto de Engenharia"},"image":{"@id":"https:\/\/www.institutodeengenharia.org.br\/site\/#\/schema\/logo\/image\/"},"sameAs":["https:\/\/www.facebook.com\/institutodeengenharia","https:\/\/x.com\/iengenharia","https:\/\/www.instagram.com\/institutodeengenharia\/","https:\/\/www.linkedin.com\/company\/instituto-de-engenharia\/","https:\/\/www.youtube.com\/channel\/UCXiCAlsSMe977vamW915HxA"]},{"@type":"Person","@id":"https:\/\/www.institutodeengenharia.org.br\/site\/#\/schema\/person\/aeb64951c405e100d26d30b033dd423f","name":"Bianca","image":{"@type":"ImageObject","inLanguage":"pt-BR","@id":"https:\/\/secure.gravatar.com\/avatar\/a6fbe9bff57405baf4c1e2c5c1811e072b558253974a9f9508f4678900c97c2a?s=96&d=mm&r=g","url":"https:\/\/secure.gravatar.com\/avatar\/a6fbe9bff57405baf4c1e2c5c1811e072b558253974a9f9508f4678900c97c2a?s=96&d=mm&r=g","contentUrl":"https:\/\/secure.gravatar.com\/avatar\/a6fbe9bff57405baf4c1e2c5c1811e072b558253974a9f9508f4678900c97c2a?s=96&d=mm&r=g","caption":"Bianca"},"url":"https:\/\/www.institutodeengenharia.org.br\/site\/author\/comunicacao1\/"}]}},"_links":{"self":[{"href":"https:\/\/www.institutodeengenharia.org.br\/site\/wp-json\/wp\/v2\/posts\/69655","targetHints":{"allow":["GET"]}}],"collection":[{"href":"https:\/\/www.institutodeengenharia.org.br\/site\/wp-json\/wp\/v2\/posts"}],"about":[{"href":"https:\/\/www.institutodeengenharia.org.br\/site\/wp-json\/wp\/v2\/types\/post"}],"author":[{"embeddable":true,"href":"https:\/\/www.institutodeengenharia.org.br\/site\/wp-json\/wp\/v2\/users\/13"}],"replies":[{"embeddable":true,"href":"https:\/\/www.institutodeengenharia.org.br\/site\/wp-json\/wp\/v2\/comments?post=69655"}],"version-history":[{"count":2,"href":"https:\/\/www.institutodeengenharia.org.br\/site\/wp-json\/wp\/v2\/posts\/69655\/revisions"}],"predecessor-version":[{"id":69659,"href":"https:\/\/www.institutodeengenharia.org.br\/site\/wp-json\/wp\/v2\/posts\/69655\/revisions\/69659"}],"wp:featuredmedia":[{"embeddable":true,"href":"https:\/\/www.institutodeengenharia.org.br\/site\/wp-json\/wp\/v2\/media\/69657"}],"wp:attachment":[{"href":"https:\/\/www.institutodeengenharia.org.br\/site\/wp-json\/wp\/v2\/media?parent=69655"}],"wp:term":[{"taxonomy":"category","embeddable":true,"href":"https:\/\/www.institutodeengenharia.org.br\/site\/wp-json\/wp\/v2\/categories?post=69655"},{"taxonomy":"post_tag","embeddable":true,"href":"https:\/\/www.institutodeengenharia.org.br\/site\/wp-json\/wp\/v2\/tags?post=69655"}],"curies":[{"name":"wp","href":"https:\/\/api.w.org\/{rel}","templated":true}]}}