{"id":69326,"date":"2020-07-17T10:00:52","date_gmt":"2020-07-17T13:00:52","guid":{"rendered":"https:\/\/www.institutodeengenharia.org.br\/site\/?p=69326"},"modified":"2020-07-24T11:26:55","modified_gmt":"2020-07-24T14:26:55","slug":"engenharia-de-transformacao-e-criacao-da-presenca-digital-dos-negocios","status":"publish","type":"post","link":"https:\/\/www.institutodeengenharia.org.br\/site\/2020\/07\/17\/engenharia-de-transformacao-e-criacao-da-presenca-digital-dos-negocios\/","title":{"rendered":"Engenharia de Transforma\u00e7\u00e3o e cria\u00e7\u00e3o da presen\u00e7a digital dos neg\u00f3cios"},"content":{"rendered":"<p>&nbsp;<\/p>\n<p>A palestra<strong>\u00a0Engenharia de Transforma\u00e7\u00e3o e cria\u00e7\u00e3o da presen\u00e7a digital dos neg\u00f3cios <\/strong>faz parte da\u00a0<em>S\u00e9rie Webinar: Falando em Engenheirar<\/em>, uma realiza\u00e7\u00e3o do Instituto de Engenharia.<\/p>\n<p><strong>Assista abaixo \u00e0 grava\u00e7\u00e3o:<\/strong><\/p>\n<p><iframe loading=\"lazy\" src=\"https:\/\/player.vimeo.com\/video\/441001761\" width=\"640\" height=\"360\" frameborder=\"0\" allowfullscreen=\"allowfullscreen\"><\/iframe><\/p>\n<p>&nbsp;<\/p>\n<p><strong>Palestrantes:<\/strong><\/p>\n<p><img loading=\"lazy\" decoding=\"async\" class=\"wp-image-68385 alignleft\" src=\"https:\/\/www.institutodeengenharia.org.br\/site\/wp-content\/uploads\/2020\/07\/Michele-Anthony-Lorelli.jpg\" alt=\"\" width=\"154\" height=\"154\" srcset=\"https:\/\/www.institutodeengenharia.org.br\/site\/wp-content\/uploads\/2020\/07\/Michele-Anthony-Lorelli.jpg 357w, https:\/\/www.institutodeengenharia.org.br\/site\/wp-content\/uploads\/2020\/07\/Michele-Anthony-Lorelli-150x150.jpg 150w, https:\/\/www.institutodeengenharia.org.br\/site\/wp-content\/uploads\/2020\/07\/Michele-Anthony-Lorelli-300x300.jpg 300w, https:\/\/www.institutodeengenharia.org.br\/site\/wp-content\/uploads\/2020\/07\/Michele-Anthony-Lorelli-356x357.jpg 356w, https:\/\/www.institutodeengenharia.org.br\/site\/wp-content\/uploads\/2020\/07\/Michele-Anthony-Lorelli-100x100.jpg 100w\" sizes=\"auto, (max-width: 154px) 100vw, 154px\" \/><\/p>\n<p><strong>Michele Anthony Lorelli<\/strong><\/p>\n<p>Graduado em Engenharia El\u00e9trica com p\u00f3s-gradua\u00e7\u00e3o em Tecnologia da Informa\u00e7\u00e3o e Gest\u00e3o de Sistemas e MBA em Gest\u00e3o Empresarial pela FGV. Atuou por mais de 25 anos em empresas multinacionais e nacionais tais como Paramount Ind\u00fastria T\u00eaxtil, Ice Cards, LIQ, Grupo LMG Digital, Adtranz e ABB em posi\u00e7\u00e3o estrat\u00e9gica s\u00eanior na estrutura\u00e7\u00e3o e gest\u00e3o generalista da Tecnologia da Informa\u00e7\u00e3o, Governan\u00e7a e Seguran\u00e7a da Informa\u00e7\u00e3o, Gest\u00e3o de Projetos, Desenvolvimento e Suporte\/Help Desk, Infraestrutura e Implanta\u00e7\u00e3o\/Manuten\u00e7\u00e3o de Sistema ERP, estimulando sempre o foco na melhoria continua dos Processos de TI &amp; Neg\u00f3cios.<\/p>\n<p>&nbsp;<\/p>\n<p><img loading=\"lazy\" decoding=\"async\" class=\"wp-image-68387 alignleft\" src=\"https:\/\/www.institutodeengenharia.org.br\/site\/wp-content\/uploads\/2020\/07\/Divaldo-Pereira-de-Oliveira-Jr-1.jpg\" alt=\"\" width=\"160\" height=\"172\" \/><\/p>\n<p><strong>Divaldo Pereira de Oliveira Jr.<\/strong><\/p>\n<p>Graduado em Processamento de Dados com MBA em Gest\u00e3o Empresarial. Atuou por mais de dez anos na Europa em posi\u00e7\u00e3o executiva da Telef\u00f4nica, Brasil Telecom e CIO da Odebrecht. Atualmente \u00e9 empres\u00e1rio e empreendedor na \u00e1rea de tecnologia da informa\u00e7\u00e3o, com foco na cria\u00e7\u00e3o ou melhoria da presen\u00e7a, transforma\u00e7\u00e3o, desenvolvimento e integra\u00e7\u00e3o digital de expertises e tecnologias em UX (user experience), marketing, vendas, com\u00e9rcio eletr\u00f4nico, automa\u00e7\u00e3o, intelig\u00eancia artificial e analytics na jornada de mudan\u00e7a e consolida\u00e7\u00e3o no digital. Promovedor em iniciativas de inova\u00e7\u00e3o em institui\u00e7\u00f5es como IBM, Ita\u00fa, Claro, Caixa Econ\u00f4mica, Marisa Lojas, C&amp;A e outros.<\/p>\n<p>&nbsp;<\/p>\n<p><strong>Moderador:<\/strong><\/p>\n<p><img loading=\"lazy\" decoding=\"async\" class=\"wp-image-60358 alignleft\" src=\"https:\/\/www.institutodeengenharia.org.br\/site\/wp-content\/uploads\/2020\/02\/Lawrence_koo-e1593796712420.jpg\" alt=\"\" width=\"152\" height=\"166\" srcset=\"https:\/\/www.institutodeengenharia.org.br\/site\/wp-content\/uploads\/2020\/02\/Lawrence_koo-e1593796712420.jpg 628w, https:\/\/www.institutodeengenharia.org.br\/site\/wp-content\/uploads\/2020\/02\/Lawrence_koo-e1593796712420-274x300.jpg 274w, https:\/\/www.institutodeengenharia.org.br\/site\/wp-content\/uploads\/2020\/02\/Lawrence_koo-e1593796712420-384x420.jpg 384w, https:\/\/www.institutodeengenharia.org.br\/site\/wp-content\/uploads\/2020\/02\/Lawrence_koo-e1593796712420-600x656.jpg 600w\" sizes=\"auto, (max-width: 152px) 100vw, 152px\" \/><\/p>\n<p><strong>Lawrence Chung Koo<\/strong><\/p>\n<p>Bacharel em Engenharia Mec\u00e2nica pelo ITA, mestrado e doutorado em Comunica\u00e7\u00e3o e Semi\u00f3tica pela PUC-SP, p\u00f3s-doc em Publicidade e propaganda pela ECA\/USP, MBA pela FGV e especializa\u00e7\u00e3o em Gest\u00e3o de Marketing pela Wharton School da Universidade da Pensilv\u00e2nia, p\u00f3s-doc em Intelig\u00eancia Artificial pela PUC, foi pr\u00f3-reitor de Planejamento, Desenvolvimento e Administra\u00e7\u00e3o. Atuou na IBM por 25 anos como cientista de dados e consultor s\u00eanior visitante na BR Academy. Atualmente na PUC atua como coordenador do curso de BI e Intelig\u00eancia Competitiva, professor PhD e pesquisador de IA, Administra\u00e7\u00e3o, Cultura Empreendedora, diretor de opera\u00e7\u00f5es na SBCE\/A2DE (Sistema Brasileiro de Competitividade), pesquisador doutor e s\u00f3cio-fundador na Casa Semio, semiotista, peritagem e laudos de semi\u00f3tico, professor de p\u00f3s-gradua\u00e7\u00e3o em pesquisa de mercado, estudos semi\u00f3ticos em comunica\u00e7\u00e3o, consumo e cultura na ECA\/USP, atua tamb\u00e9m como professor convidado de marketing e vendas na FGV\/PEC, professor convidado pela MBA Atl\u00e2ntico (Angola\/Portugal\/Brasil), s\u00f3cio-diretor na Lawrence Consulting e \u00e9 conselheiro e integrante da iniciativa Engenharia do Futuro do Instituto de Engenharia.<\/p>\n","protected":false},"excerpt":{"rendered":"<p>&nbsp; A palestra\u00a0Engenharia de Transforma\u00e7\u00e3o e cria\u00e7\u00e3o da presen\u00e7a digital dos neg\u00f3cios faz parte da\u00a0S\u00e9rie Webinar: Falando em Engenheirar, uma realiza\u00e7\u00e3o do Instituto de Engenharia. Assista abaixo \u00e0 grava\u00e7\u00e3o: &nbsp; Palestrantes: Michele Anthony Lorelli Graduado em Engenharia El\u00e9trica com p\u00f3s-gradua\u00e7\u00e3o em Tecnologia da Informa\u00e7\u00e3o e Gest\u00e3o de Sistemas e MBA em Gest\u00e3o Empresarial pela FGV. [&hellip;]<\/p>\n","protected":false},"author":13,"featured_media":69327,"comment_status":"open","ping_status":"open","sticky":false,"template":"","format":"standard","meta":{"footnotes":""},"categories":[968,969],"tags":[],"class_list":{"0":"post-69326","1":"post","2":"type-post","3":"status-publish","4":"format-standard","5":"has-post-thumbnail","7":"category-nova-tv-engenharia","8":"category-palestra"},"yoast_head":"<!-- This site is optimized with the Yoast SEO plugin v27.2 - https:\/\/yoast.com\/product\/yoast-seo-wordpress\/ -->\n<title>Engenharia de Transforma\u00e7\u00e3o e cria\u00e7\u00e3o da presen\u00e7a digital dos neg\u00f3cios - Instituto de Engenharia<\/title>\n<meta name=\"robots\" content=\"index, follow, max-snippet:-1, max-image-preview:large, max-video-preview:-1\" \/>\n<link rel=\"canonical\" href=\"https:\/\/www.institutodeengenharia.org.br\/site\/2020\/07\/17\/engenharia-de-transformacao-e-criacao-da-presenca-digital-dos-negocios\/\" \/>\n<meta property=\"og:locale\" content=\"pt_BR\" \/>\n<meta property=\"og:type\" content=\"article\" \/>\n<meta property=\"og:title\" content=\"Engenharia de Transforma\u00e7\u00e3o e cria\u00e7\u00e3o da presen\u00e7a digital dos neg\u00f3cios - Instituto de Engenharia\" \/>\n<meta property=\"og:description\" content=\"&nbsp; A palestra\u00a0Engenharia de Transforma\u00e7\u00e3o e cria\u00e7\u00e3o da presen\u00e7a digital dos neg\u00f3cios faz parte da\u00a0S\u00e9rie Webinar: Falando em Engenheirar, uma realiza\u00e7\u00e3o do Instituto de Engenharia. Assista abaixo \u00e0 grava\u00e7\u00e3o: &nbsp; Palestrantes: Michele Anthony Lorelli Graduado em Engenharia El\u00e9trica com p\u00f3s-gradua\u00e7\u00e3o em Tecnologia da Informa\u00e7\u00e3o e Gest\u00e3o de Sistemas e MBA em Gest\u00e3o Empresarial pela FGV. [&hellip;]\" \/>\n<meta property=\"og:url\" content=\"https:\/\/www.institutodeengenharia.org.br\/site\/2020\/07\/17\/engenharia-de-transformacao-e-criacao-da-presenca-digital-dos-negocios\/\" \/>\n<meta property=\"og:site_name\" content=\"Instituto de Engenharia\" \/>\n<meta property=\"article:publisher\" content=\"https:\/\/www.facebook.com\/institutodeengenharia\" \/>\n<meta property=\"article:published_time\" content=\"2020-07-17T13:00:52+00:00\" \/>\n<meta property=\"article:modified_time\" content=\"2020-07-24T14:26:55+00:00\" \/>\n<meta property=\"og:image\" content=\"https:\/\/www.institutodeengenharia.org.br\/site\/wp-content\/uploads\/2020\/07\/Engenharia-de-Transforma\u00e7\u00e3o-e-cria\u00e7\u00e3o-da-presen\u00e7a-digital-dos-neg\u00f3cios.jpg\" \/>\n\t<meta property=\"og:image:width\" content=\"1034\" \/>\n\t<meta property=\"og:image:height\" content=\"646\" \/>\n\t<meta property=\"og:image:type\" content=\"image\/jpeg\" \/>\n<meta name=\"author\" content=\"Bianca\" \/>\n<meta name=\"twitter:card\" content=\"summary_large_image\" \/>\n<meta name=\"twitter:creator\" content=\"@iengenharia\" \/>\n<meta name=\"twitter:site\" content=\"@iengenharia\" \/>\n<meta name=\"twitter:label1\" content=\"Escrito por\" \/>\n\t<meta name=\"twitter:data1\" content=\"Bianca\" \/>\n\t<meta name=\"twitter:label2\" content=\"Est. tempo de leitura\" \/>\n\t<meta name=\"twitter:data2\" content=\"2 minutos\" \/>\n<script type=\"application\/ld+json\" class=\"yoast-schema-graph\">{\"@context\":\"https:\/\/schema.org\",\"@graph\":[{\"@type\":\"Article\",\"@id\":\"https:\/\/www.institutodeengenharia.org.br\/site\/2020\/07\/17\/engenharia-de-transformacao-e-criacao-da-presenca-digital-dos-negocios\/#article\",\"isPartOf\":{\"@id\":\"https:\/\/www.institutodeengenharia.org.br\/site\/2020\/07\/17\/engenharia-de-transformacao-e-criacao-da-presenca-digital-dos-negocios\/\"},\"author\":{\"name\":\"Bianca\",\"@id\":\"https:\/\/www.institutodeengenharia.org.br\/site\/#\/schema\/person\/aeb64951c405e100d26d30b033dd423f\"},\"headline\":\"Engenharia de Transforma\u00e7\u00e3o e cria\u00e7\u00e3o da presen\u00e7a digital dos neg\u00f3cios\",\"datePublished\":\"2020-07-17T13:00:52+00:00\",\"dateModified\":\"2020-07-24T14:26:55+00:00\",\"mainEntityOfPage\":{\"@id\":\"https:\/\/www.institutodeengenharia.org.br\/site\/2020\/07\/17\/engenharia-de-transformacao-e-criacao-da-presenca-digital-dos-negocios\/\"},\"wordCount\":486,\"commentCount\":0,\"publisher\":{\"@id\":\"https:\/\/www.institutodeengenharia.org.br\/site\/#organization\"},\"image\":{\"@id\":\"https:\/\/www.institutodeengenharia.org.br\/site\/2020\/07\/17\/engenharia-de-transformacao-e-criacao-da-presenca-digital-dos-negocios\/#primaryimage\"},\"thumbnailUrl\":\"https:\/\/www.institutodeengenharia.org.br\/site\/wp-content\/uploads\/2020\/07\/Engenharia-de-Transforma\u00e7\u00e3o-e-cria\u00e7\u00e3o-da-presen\u00e7a-digital-dos-neg\u00f3cios.jpg\",\"articleSection\":[\"Nova TV Engenharia\",\"Palestra\"],\"inLanguage\":\"pt-BR\",\"potentialAction\":[{\"@type\":\"CommentAction\",\"name\":\"Comment\",\"target\":[\"https:\/\/www.institutodeengenharia.org.br\/site\/2020\/07\/17\/engenharia-de-transformacao-e-criacao-da-presenca-digital-dos-negocios\/#respond\"]}]},{\"@type\":\"WebPage\",\"@id\":\"https:\/\/www.institutodeengenharia.org.br\/site\/2020\/07\/17\/engenharia-de-transformacao-e-criacao-da-presenca-digital-dos-negocios\/\",\"url\":\"https:\/\/www.institutodeengenharia.org.br\/site\/2020\/07\/17\/engenharia-de-transformacao-e-criacao-da-presenca-digital-dos-negocios\/\",\"name\":\"Engenharia de Transforma\u00e7\u00e3o e cria\u00e7\u00e3o da presen\u00e7a digital dos neg\u00f3cios - Instituto de Engenharia\",\"isPartOf\":{\"@id\":\"https:\/\/www.institutodeengenharia.org.br\/site\/#website\"},\"primaryImageOfPage\":{\"@id\":\"https:\/\/www.institutodeengenharia.org.br\/site\/2020\/07\/17\/engenharia-de-transformacao-e-criacao-da-presenca-digital-dos-negocios\/#primaryimage\"},\"image\":{\"@id\":\"https:\/\/www.institutodeengenharia.org.br\/site\/2020\/07\/17\/engenharia-de-transformacao-e-criacao-da-presenca-digital-dos-negocios\/#primaryimage\"},\"thumbnailUrl\":\"https:\/\/www.institutodeengenharia.org.br\/site\/wp-content\/uploads\/2020\/07\/Engenharia-de-Transforma\u00e7\u00e3o-e-cria\u00e7\u00e3o-da-presen\u00e7a-digital-dos-neg\u00f3cios.jpg\",\"datePublished\":\"2020-07-17T13:00:52+00:00\",\"dateModified\":\"2020-07-24T14:26:55+00:00\",\"breadcrumb\":{\"@id\":\"https:\/\/www.institutodeengenharia.org.br\/site\/2020\/07\/17\/engenharia-de-transformacao-e-criacao-da-presenca-digital-dos-negocios\/#breadcrumb\"},\"inLanguage\":\"pt-BR\",\"potentialAction\":[{\"@type\":\"ReadAction\",\"target\":[\"https:\/\/www.institutodeengenharia.org.br\/site\/2020\/07\/17\/engenharia-de-transformacao-e-criacao-da-presenca-digital-dos-negocios\/\"]}]},{\"@type\":\"ImageObject\",\"inLanguage\":\"pt-BR\",\"@id\":\"https:\/\/www.institutodeengenharia.org.br\/site\/2020\/07\/17\/engenharia-de-transformacao-e-criacao-da-presenca-digital-dos-negocios\/#primaryimage\",\"url\":\"https:\/\/www.institutodeengenharia.org.br\/site\/wp-content\/uploads\/2020\/07\/Engenharia-de-Transforma\u00e7\u00e3o-e-cria\u00e7\u00e3o-da-presen\u00e7a-digital-dos-neg\u00f3cios.jpg\",\"contentUrl\":\"https:\/\/www.institutodeengenharia.org.br\/site\/wp-content\/uploads\/2020\/07\/Engenharia-de-Transforma\u00e7\u00e3o-e-cria\u00e7\u00e3o-da-presen\u00e7a-digital-dos-neg\u00f3cios.jpg\",\"width\":1034,\"height\":646},{\"@type\":\"BreadcrumbList\",\"@id\":\"https:\/\/www.institutodeengenharia.org.br\/site\/2020\/07\/17\/engenharia-de-transformacao-e-criacao-da-presenca-digital-dos-negocios\/#breadcrumb\",\"itemListElement\":[{\"@type\":\"ListItem\",\"position\":1,\"name\":\"In\u00edcio\",\"item\":\"https:\/\/www.institutodeengenharia.org.br\/site\/\"},{\"@type\":\"ListItem\",\"position\":2,\"name\":\"Engenharia de Transforma\u00e7\u00e3o e cria\u00e7\u00e3o da presen\u00e7a digital dos neg\u00f3cios\"}]},{\"@type\":\"WebSite\",\"@id\":\"https:\/\/www.institutodeengenharia.org.br\/site\/#website\",\"url\":\"https:\/\/www.institutodeengenharia.org.br\/site\/\",\"name\":\"Instituto de Engenharia\",\"description\":\"O Instituto de Engenharia promove a Engenharia em benef\u00edcio do desenvolvimento e da qualidade de vida da sociedade.\",\"publisher\":{\"@id\":\"https:\/\/www.institutodeengenharia.org.br\/site\/#organization\"},\"potentialAction\":[{\"@type\":\"SearchAction\",\"target\":{\"@type\":\"EntryPoint\",\"urlTemplate\":\"https:\/\/www.institutodeengenharia.org.br\/site\/?s={search_term_string}\"},\"query-input\":{\"@type\":\"PropertyValueSpecification\",\"valueRequired\":true,\"valueName\":\"search_term_string\"}}],\"inLanguage\":\"pt-BR\"},{\"@type\":\"Organization\",\"@id\":\"https:\/\/www.institutodeengenharia.org.br\/site\/#organization\",\"name\":\"Instituto de Engenharia\",\"url\":\"https:\/\/www.institutodeengenharia.org.br\/site\/\",\"logo\":{\"@type\":\"ImageObject\",\"inLanguage\":\"pt-BR\",\"@id\":\"https:\/\/www.institutodeengenharia.org.br\/site\/#\/schema\/logo\/image\/\",\"url\":\"https:\/\/www.institutodeengenharia.org.br\/site\/wp-content\/uploads\/2019\/03\/logo-novo-IE2018-1.jpg\",\"contentUrl\":\"https:\/\/www.institutodeengenharia.org.br\/site\/wp-content\/uploads\/2019\/03\/logo-novo-IE2018-1.jpg\",\"width\":1486,\"height\":1879,\"caption\":\"Instituto de Engenharia\"},\"image\":{\"@id\":\"https:\/\/www.institutodeengenharia.org.br\/site\/#\/schema\/logo\/image\/\"},\"sameAs\":[\"https:\/\/www.facebook.com\/institutodeengenharia\",\"https:\/\/x.com\/iengenharia\",\"https:\/\/www.instagram.com\/institutodeengenharia\/\",\"https:\/\/www.linkedin.com\/company\/instituto-de-engenharia\/\",\"https:\/\/www.youtube.com\/channel\/UCXiCAlsSMe977vamW915HxA\"]},{\"@type\":\"Person\",\"@id\":\"https:\/\/www.institutodeengenharia.org.br\/site\/#\/schema\/person\/aeb64951c405e100d26d30b033dd423f\",\"name\":\"Bianca\",\"image\":{\"@type\":\"ImageObject\",\"inLanguage\":\"pt-BR\",\"@id\":\"https:\/\/secure.gravatar.com\/avatar\/a6fbe9bff57405baf4c1e2c5c1811e072b558253974a9f9508f4678900c97c2a?s=96&d=mm&r=g\",\"url\":\"https:\/\/secure.gravatar.com\/avatar\/a6fbe9bff57405baf4c1e2c5c1811e072b558253974a9f9508f4678900c97c2a?s=96&d=mm&r=g\",\"contentUrl\":\"https:\/\/secure.gravatar.com\/avatar\/a6fbe9bff57405baf4c1e2c5c1811e072b558253974a9f9508f4678900c97c2a?s=96&d=mm&r=g\",\"caption\":\"Bianca\"},\"url\":\"https:\/\/www.institutodeengenharia.org.br\/site\/author\/comunicacao1\/\"}]}<\/script>\n<!-- \/ Yoast SEO plugin. -->","yoast_head_json":{"title":"Engenharia de Transforma\u00e7\u00e3o e cria\u00e7\u00e3o da presen\u00e7a digital dos neg\u00f3cios - Instituto de Engenharia","robots":{"index":"index","follow":"follow","max-snippet":"max-snippet:-1","max-image-preview":"max-image-preview:large","max-video-preview":"max-video-preview:-1"},"canonical":"https:\/\/www.institutodeengenharia.org.br\/site\/2020\/07\/17\/engenharia-de-transformacao-e-criacao-da-presenca-digital-dos-negocios\/","og_locale":"pt_BR","og_type":"article","og_title":"Engenharia de Transforma\u00e7\u00e3o e cria\u00e7\u00e3o da presen\u00e7a digital dos neg\u00f3cios - Instituto de Engenharia","og_description":"&nbsp; A palestra\u00a0Engenharia de Transforma\u00e7\u00e3o e cria\u00e7\u00e3o da presen\u00e7a digital dos neg\u00f3cios faz parte da\u00a0S\u00e9rie Webinar: Falando em Engenheirar, uma realiza\u00e7\u00e3o do Instituto de Engenharia. Assista abaixo \u00e0 grava\u00e7\u00e3o: &nbsp; Palestrantes: Michele Anthony Lorelli Graduado em Engenharia El\u00e9trica com p\u00f3s-gradua\u00e7\u00e3o em Tecnologia da Informa\u00e7\u00e3o e Gest\u00e3o de Sistemas e MBA em Gest\u00e3o Empresarial pela FGV. [&hellip;]","og_url":"https:\/\/www.institutodeengenharia.org.br\/site\/2020\/07\/17\/engenharia-de-transformacao-e-criacao-da-presenca-digital-dos-negocios\/","og_site_name":"Instituto de Engenharia","article_publisher":"https:\/\/www.facebook.com\/institutodeengenharia","article_published_time":"2020-07-17T13:00:52+00:00","article_modified_time":"2020-07-24T14:26:55+00:00","og_image":[{"width":1034,"height":646,"url":"https:\/\/www.institutodeengenharia.org.br\/site\/wp-content\/uploads\/2020\/07\/Engenharia-de-Transforma\u00e7\u00e3o-e-cria\u00e7\u00e3o-da-presen\u00e7a-digital-dos-neg\u00f3cios.jpg","type":"image\/jpeg"}],"author":"Bianca","twitter_card":"summary_large_image","twitter_creator":"@iengenharia","twitter_site":"@iengenharia","twitter_misc":{"Escrito por":"Bianca","Est. tempo de leitura":"2 minutos"},"schema":{"@context":"https:\/\/schema.org","@graph":[{"@type":"Article","@id":"https:\/\/www.institutodeengenharia.org.br\/site\/2020\/07\/17\/engenharia-de-transformacao-e-criacao-da-presenca-digital-dos-negocios\/#article","isPartOf":{"@id":"https:\/\/www.institutodeengenharia.org.br\/site\/2020\/07\/17\/engenharia-de-transformacao-e-criacao-da-presenca-digital-dos-negocios\/"},"author":{"name":"Bianca","@id":"https:\/\/www.institutodeengenharia.org.br\/site\/#\/schema\/person\/aeb64951c405e100d26d30b033dd423f"},"headline":"Engenharia de Transforma\u00e7\u00e3o e cria\u00e7\u00e3o da presen\u00e7a digital dos neg\u00f3cios","datePublished":"2020-07-17T13:00:52+00:00","dateModified":"2020-07-24T14:26:55+00:00","mainEntityOfPage":{"@id":"https:\/\/www.institutodeengenharia.org.br\/site\/2020\/07\/17\/engenharia-de-transformacao-e-criacao-da-presenca-digital-dos-negocios\/"},"wordCount":486,"commentCount":0,"publisher":{"@id":"https:\/\/www.institutodeengenharia.org.br\/site\/#organization"},"image":{"@id":"https:\/\/www.institutodeengenharia.org.br\/site\/2020\/07\/17\/engenharia-de-transformacao-e-criacao-da-presenca-digital-dos-negocios\/#primaryimage"},"thumbnailUrl":"https:\/\/www.institutodeengenharia.org.br\/site\/wp-content\/uploads\/2020\/07\/Engenharia-de-Transforma\u00e7\u00e3o-e-cria\u00e7\u00e3o-da-presen\u00e7a-digital-dos-neg\u00f3cios.jpg","articleSection":["Nova TV Engenharia","Palestra"],"inLanguage":"pt-BR","potentialAction":[{"@type":"CommentAction","name":"Comment","target":["https:\/\/www.institutodeengenharia.org.br\/site\/2020\/07\/17\/engenharia-de-transformacao-e-criacao-da-presenca-digital-dos-negocios\/#respond"]}]},{"@type":"WebPage","@id":"https:\/\/www.institutodeengenharia.org.br\/site\/2020\/07\/17\/engenharia-de-transformacao-e-criacao-da-presenca-digital-dos-negocios\/","url":"https:\/\/www.institutodeengenharia.org.br\/site\/2020\/07\/17\/engenharia-de-transformacao-e-criacao-da-presenca-digital-dos-negocios\/","name":"Engenharia de Transforma\u00e7\u00e3o e cria\u00e7\u00e3o da presen\u00e7a digital dos neg\u00f3cios - Instituto de Engenharia","isPartOf":{"@id":"https:\/\/www.institutodeengenharia.org.br\/site\/#website"},"primaryImageOfPage":{"@id":"https:\/\/www.institutodeengenharia.org.br\/site\/2020\/07\/17\/engenharia-de-transformacao-e-criacao-da-presenca-digital-dos-negocios\/#primaryimage"},"image":{"@id":"https:\/\/www.institutodeengenharia.org.br\/site\/2020\/07\/17\/engenharia-de-transformacao-e-criacao-da-presenca-digital-dos-negocios\/#primaryimage"},"thumbnailUrl":"https:\/\/www.institutodeengenharia.org.br\/site\/wp-content\/uploads\/2020\/07\/Engenharia-de-Transforma\u00e7\u00e3o-e-cria\u00e7\u00e3o-da-presen\u00e7a-digital-dos-neg\u00f3cios.jpg","datePublished":"2020-07-17T13:00:52+00:00","dateModified":"2020-07-24T14:26:55+00:00","breadcrumb":{"@id":"https:\/\/www.institutodeengenharia.org.br\/site\/2020\/07\/17\/engenharia-de-transformacao-e-criacao-da-presenca-digital-dos-negocios\/#breadcrumb"},"inLanguage":"pt-BR","potentialAction":[{"@type":"ReadAction","target":["https:\/\/www.institutodeengenharia.org.br\/site\/2020\/07\/17\/engenharia-de-transformacao-e-criacao-da-presenca-digital-dos-negocios\/"]}]},{"@type":"ImageObject","inLanguage":"pt-BR","@id":"https:\/\/www.institutodeengenharia.org.br\/site\/2020\/07\/17\/engenharia-de-transformacao-e-criacao-da-presenca-digital-dos-negocios\/#primaryimage","url":"https:\/\/www.institutodeengenharia.org.br\/site\/wp-content\/uploads\/2020\/07\/Engenharia-de-Transforma\u00e7\u00e3o-e-cria\u00e7\u00e3o-da-presen\u00e7a-digital-dos-neg\u00f3cios.jpg","contentUrl":"https:\/\/www.institutodeengenharia.org.br\/site\/wp-content\/uploads\/2020\/07\/Engenharia-de-Transforma\u00e7\u00e3o-e-cria\u00e7\u00e3o-da-presen\u00e7a-digital-dos-neg\u00f3cios.jpg","width":1034,"height":646},{"@type":"BreadcrumbList","@id":"https:\/\/www.institutodeengenharia.org.br\/site\/2020\/07\/17\/engenharia-de-transformacao-e-criacao-da-presenca-digital-dos-negocios\/#breadcrumb","itemListElement":[{"@type":"ListItem","position":1,"name":"In\u00edcio","item":"https:\/\/www.institutodeengenharia.org.br\/site\/"},{"@type":"ListItem","position":2,"name":"Engenharia de Transforma\u00e7\u00e3o e cria\u00e7\u00e3o da presen\u00e7a digital dos neg\u00f3cios"}]},{"@type":"WebSite","@id":"https:\/\/www.institutodeengenharia.org.br\/site\/#website","url":"https:\/\/www.institutodeengenharia.org.br\/site\/","name":"Instituto de Engenharia","description":"O Instituto de Engenharia promove a Engenharia em benef\u00edcio do desenvolvimento e da qualidade de vida da sociedade.","publisher":{"@id":"https:\/\/www.institutodeengenharia.org.br\/site\/#organization"},"potentialAction":[{"@type":"SearchAction","target":{"@type":"EntryPoint","urlTemplate":"https:\/\/www.institutodeengenharia.org.br\/site\/?s={search_term_string}"},"query-input":{"@type":"PropertyValueSpecification","valueRequired":true,"valueName":"search_term_string"}}],"inLanguage":"pt-BR"},{"@type":"Organization","@id":"https:\/\/www.institutodeengenharia.org.br\/site\/#organization","name":"Instituto de Engenharia","url":"https:\/\/www.institutodeengenharia.org.br\/site\/","logo":{"@type":"ImageObject","inLanguage":"pt-BR","@id":"https:\/\/www.institutodeengenharia.org.br\/site\/#\/schema\/logo\/image\/","url":"https:\/\/www.institutodeengenharia.org.br\/site\/wp-content\/uploads\/2019\/03\/logo-novo-IE2018-1.jpg","contentUrl":"https:\/\/www.institutodeengenharia.org.br\/site\/wp-content\/uploads\/2019\/03\/logo-novo-IE2018-1.jpg","width":1486,"height":1879,"caption":"Instituto de Engenharia"},"image":{"@id":"https:\/\/www.institutodeengenharia.org.br\/site\/#\/schema\/logo\/image\/"},"sameAs":["https:\/\/www.facebook.com\/institutodeengenharia","https:\/\/x.com\/iengenharia","https:\/\/www.instagram.com\/institutodeengenharia\/","https:\/\/www.linkedin.com\/company\/instituto-de-engenharia\/","https:\/\/www.youtube.com\/channel\/UCXiCAlsSMe977vamW915HxA"]},{"@type":"Person","@id":"https:\/\/www.institutodeengenharia.org.br\/site\/#\/schema\/person\/aeb64951c405e100d26d30b033dd423f","name":"Bianca","image":{"@type":"ImageObject","inLanguage":"pt-BR","@id":"https:\/\/secure.gravatar.com\/avatar\/a6fbe9bff57405baf4c1e2c5c1811e072b558253974a9f9508f4678900c97c2a?s=96&d=mm&r=g","url":"https:\/\/secure.gravatar.com\/avatar\/a6fbe9bff57405baf4c1e2c5c1811e072b558253974a9f9508f4678900c97c2a?s=96&d=mm&r=g","contentUrl":"https:\/\/secure.gravatar.com\/avatar\/a6fbe9bff57405baf4c1e2c5c1811e072b558253974a9f9508f4678900c97c2a?s=96&d=mm&r=g","caption":"Bianca"},"url":"https:\/\/www.institutodeengenharia.org.br\/site\/author\/comunicacao1\/"}]}},"_links":{"self":[{"href":"https:\/\/www.institutodeengenharia.org.br\/site\/wp-json\/wp\/v2\/posts\/69326","targetHints":{"allow":["GET"]}}],"collection":[{"href":"https:\/\/www.institutodeengenharia.org.br\/site\/wp-json\/wp\/v2\/posts"}],"about":[{"href":"https:\/\/www.institutodeengenharia.org.br\/site\/wp-json\/wp\/v2\/types\/post"}],"author":[{"embeddable":true,"href":"https:\/\/www.institutodeengenharia.org.br\/site\/wp-json\/wp\/v2\/users\/13"}],"replies":[{"embeddable":true,"href":"https:\/\/www.institutodeengenharia.org.br\/site\/wp-json\/wp\/v2\/comments?post=69326"}],"version-history":[{"count":1,"href":"https:\/\/www.institutodeengenharia.org.br\/site\/wp-json\/wp\/v2\/posts\/69326\/revisions"}],"predecessor-version":[{"id":69328,"href":"https:\/\/www.institutodeengenharia.org.br\/site\/wp-json\/wp\/v2\/posts\/69326\/revisions\/69328"}],"wp:featuredmedia":[{"embeddable":true,"href":"https:\/\/www.institutodeengenharia.org.br\/site\/wp-json\/wp\/v2\/media\/69327"}],"wp:attachment":[{"href":"https:\/\/www.institutodeengenharia.org.br\/site\/wp-json\/wp\/v2\/media?parent=69326"}],"wp:term":[{"taxonomy":"category","embeddable":true,"href":"https:\/\/www.institutodeengenharia.org.br\/site\/wp-json\/wp\/v2\/categories?post=69326"},{"taxonomy":"post_tag","embeddable":true,"href":"https:\/\/www.institutodeengenharia.org.br\/site\/wp-json\/wp\/v2\/tags?post=69326"}],"curies":[{"name":"wp","href":"https:\/\/api.w.org\/{rel}","templated":true}]}}