{"id":69247,"date":"2020-07-15T17:00:23","date_gmt":"2020-07-15T20:00:23","guid":{"rendered":"https:\/\/www.institutodeengenharia.org.br\/site\/?p=69247"},"modified":"2020-07-21T15:57:47","modified_gmt":"2020-07-21T18:57:47","slug":"encontro-internacional-retorno-seguro-das-pessoas-aos-transportes-publicos","status":"publish","type":"post","link":"https:\/\/www.institutodeengenharia.org.br\/site\/2020\/07\/15\/encontro-internacional-retorno-seguro-das-pessoas-aos-transportes-publicos\/","title":{"rendered":"Encontro Internacional &#8211; Retorno seguro das pessoas aos Transportes P\u00fablicos"},"content":{"rendered":"<p>&nbsp;<\/p>\n<p><strong>Assista abaixo \u00e0 grava\u00e7\u00e3o:<\/strong><\/p>\n<p><iframe loading=\"lazy\" src=\"https:\/\/player.vimeo.com\/video\/440316422\" width=\"640\" height=\"360\" frameborder=\"0\" allowfullscreen=\"allowfullscreen\"><\/iframe><\/p>\n<p>&nbsp;<\/p>\n<p><strong>+ Informa\u00e7\u00f5es:<\/strong><\/p>\n<p>&nbsp;<\/p>\n<p><strong>ABORDAGEM:<\/strong><\/p>\n<p>O <strong>Instituto de Engenharia<\/strong>, preocupado com a mobilidade urbana em tempos de pandemia, convida especialistas da Europa e do Brasil para expor exemplos de protocolos aplicados no retorno seguro dos passageiros aos Transportes P\u00fablicos e de sugest\u00f5es para sustentabilidade financeira dos operadores. Foram convidados, para troca de informa\u00e7\u00f5es, representantes da sociedade civil envolvida com transporte em nosso Pa\u00eds. Durante o encontro, o p\u00fablico poder\u00e1 levantar quest\u00f5es ou pedir esclarecimentos.<\/p>\n<p><span style=\"color: #000000;\"><strong>PROGRAMA\u00c7\u00c3O:<\/strong><\/span><\/p>\n<p><strong><u>Abertura:<\/u><\/strong><\/p>\n<p><strong>Eduardo Lafraia<\/strong> &#8211; Presidente do Instituto de Engenharia<\/p>\n<p><strong><u>Expositores:<\/u><\/strong><\/p>\n<p><strong>Bernardo Alves<\/strong> \u2013 Assessor do Secret\u00e1rio da Mobilidade da Cidade de Lisboa<\/p>\n<p><strong>Rodrigo Tortoriello<\/strong> \u2013 Secret\u00e1rio Extraordin\u00e1rio de Mobilidade Urbana de Porto Alegre<\/p>\n<p><strong>Tiago Farias<\/strong> \u2013 Presidente da CARRIS e OTILIS &#8211; Operadores de Transportes da Regi\u00e3o de Lisboa<\/p>\n<p><strong><u>Debatedores:<\/u><\/strong><\/p>\n<p><strong>Ailton Brasiliense<\/strong>\u00a0\u2013 ANTP &#8211; Associa\u00e7\u00e3o Brasileira de Transportes P\u00fablicos<\/p>\n<p><strong>Flam\u00ednio Fichmann<\/strong>\u00a0\u2013 Coordenador da Divis\u00e3o T\u00e9cnica de Transporte Metropolitano do Instituto de Engenharia<\/p>\n<p><strong>Jean Carlos Pejo<\/strong>\u00a0\u2013 ALAF &#8211; Asociaci\u00f3n Latinoamericana de Ferrocarriles<\/p>\n<p><strong>Joubert Fortes Flores Filho<\/strong>\u00a0\u2013 ANPTrilhos &#8211; Associa\u00e7\u00e3o Nacional dos Transportadores de Passageiros sobre Trilhos<\/p>\n<p><strong>Jurandir Fernandes<\/strong>\u00a0\u2013 UITP &#8211; Uni\u00e3o Internacional de Transportes P\u00fablicos<\/p>\n<p><strong>Luiz Fernando Portella<\/strong> \u2013 Assessor do Departamento de Engenharia de Mobilidade e Log\u00edstica do Instituto de Engenharia<\/p>\n<p><strong>Ot\u00e1vio Vieira da Cunha Filho<\/strong> \u2013 NTU &#8211; Associa\u00e7\u00e3o Nacional das Empresas de Transporte Urbano<\/p>\n<p><strong>Vicente Abate<\/strong>\u00a0\u2013 ABIFER &#8211; Associa\u00e7\u00e3o Brasileira da Ind\u00fastria Ferrovi\u00e1ria<\/p>\n<p><strong><u>Moderador:<\/u><\/strong><\/p>\n<p><strong>Ivan Metran Whately<\/strong>\u00a0\u2013 Diretor do Departamento de Engenharia de Mobilidade e Log\u00edstica do Instituto de Engenharia<\/p>\n<p>&nbsp;<\/p>\n<p><span style=\"color: #000000;\"><strong>CONVIDADOS:<\/strong><\/span><\/p>\n<p><strong><u>Expositores<\/u><\/strong><\/p>\n<p><img loading=\"lazy\" decoding=\"async\" class=\"wp-image-68585 alignleft\" src=\"https:\/\/www.institutodeengenharia.org.br\/site\/wp-content\/uploads\/2020\/07\/Bernardo-Alves.jpg\" alt=\"\" width=\"138\" height=\"172\" srcset=\"https:\/\/www.institutodeengenharia.org.br\/site\/wp-content\/uploads\/2020\/07\/Bernardo-Alves.jpg 440w, https:\/\/www.institutodeengenharia.org.br\/site\/wp-content\/uploads\/2020\/07\/Bernardo-Alves-240x300.jpg 240w, https:\/\/www.institutodeengenharia.org.br\/site\/wp-content\/uploads\/2020\/07\/Bernardo-Alves-335x420.jpg 335w\" sizes=\"auto, (max-width: 138px) 100vw, 138px\" \/><\/p>\n<p><strong>Bernardo Alves<\/strong><\/p>\n<p>Engenheiro do Ambiente com mestrado em Transportes. \u00c9 s\u00f3cio-fundador da IZIMOOVE, uma empresa de consultoria focada em gest\u00e3o da mobilidade urbana e sustentabilidade, bem como no desenvolvimento de produtos e solu\u00e7\u00f5es de base tecnol\u00f3gica. Participou em m\u00faltiplos estudos de suporte \u00e0 pol\u00edtica p\u00fablica em mat\u00e9ria de mobilidade e ambiente, bem como em estrat\u00e9gias corporativas de baixo carbono. Coordenou os primeiros Planos de Mobilidade Empresarial realizados em Portugal, para algumas das maiores empresas portuguesas como a EDP e a CGD. Participou no desenvolvimento da primeira marca nacional de compensa\u00e7\u00e3o de emiss\u00f5es de carbono. Nos \u00faltimos anos integrou a equipe do Vereador da Mobilidade na C\u00e2mara Municipal de Lisboa, como assessor na \u00e1rea dos transportes p\u00fablicos em Lisboa e da sua integra\u00e7\u00e3o a n\u00edvel metropolitano.<\/p>\n<p><img loading=\"lazy\" decoding=\"async\" class=\"wp-image-68588 alignleft\" src=\"https:\/\/www.institutodeengenharia.org.br\/site\/wp-content\/uploads\/2020\/07\/RODRIGO-TORTORIELLO.jpg\" alt=\"\" width=\"138\" height=\"153\" srcset=\"https:\/\/www.institutodeengenharia.org.br\/site\/wp-content\/uploads\/2020\/07\/RODRIGO-TORTORIELLO.jpg 489w, https:\/\/www.institutodeengenharia.org.br\/site\/wp-content\/uploads\/2020\/07\/RODRIGO-TORTORIELLO-270x300.jpg 270w, https:\/\/www.institutodeengenharia.org.br\/site\/wp-content\/uploads\/2020\/07\/RODRIGO-TORTORIELLO-378x420.jpg 378w\" sizes=\"auto, (max-width: 138px) 100vw, 138px\" \/><\/p>\n<p><strong>Rodrigo Tortoriello<\/strong><\/p>\n<p>Especialista em Mobilidade Urbana, po\u0301s-graduado com MBA em Engenharia de Transportes pela Universidade Federal do Rio de Janeiro (UFRJ), e com formac\u0327a\u0303o em Gesta\u0303o Pu\u0301blica pelo CLP em S\u00e3o Paulo, com m\u00f3dulo internacional na Kennedy School da Universidade de Harvard, nos Estados Unidos. De 2013 a abril de 2019 atuou como secreta\u0301rio de Transporte e Tra\u0302nsito de Juiz de Fora (MG). Antes de assumir o seu primeiro cargo p\u00fablico fez parte da equipe da Sinergia Estudos e Projetos no Rio de Janeiro nos anos de 2002 a 2012. Atualmente ocupa o cargo de secret\u00e1rio Extraordin\u00e1rio de Mobilidade Urbana de Porto Alegre e e\u0301 presidente do Fo\u0301rum Nacional de Secreta\u0301rios e Dirigentes Pu\u0301blicos de Mobilidade Urbana da ANTP \u2013 Associac\u0327a\u0303o Nacional de Transportes Pu\u0301blicos, em segundo mandato.<\/p>\n<p><img loading=\"lazy\" decoding=\"async\" class=\"wp-image-68587 alignleft\" src=\"https:\/\/www.institutodeengenharia.org.br\/site\/wp-content\/uploads\/2020\/07\/Tiago-Farias.jpg\" alt=\"\" width=\"138\" height=\"173\" srcset=\"https:\/\/www.institutodeengenharia.org.br\/site\/wp-content\/uploads\/2020\/07\/Tiago-Farias.jpg 632w, https:\/\/www.institutodeengenharia.org.br\/site\/wp-content\/uploads\/2020\/07\/Tiago-Farias-239x300.jpg 239w, https:\/\/www.institutodeengenharia.org.br\/site\/wp-content\/uploads\/2020\/07\/Tiago-Farias-335x420.jpg 335w, https:\/\/www.institutodeengenharia.org.br\/site\/wp-content\/uploads\/2020\/07\/Tiago-Farias-600x752.jpg 600w\" sizes=\"auto, (max-width: 138px) 100vw, 138px\" \/><\/p>\n<p><strong>Tiago Farias<\/strong><\/p>\n<p>Professor do Instituto Superior T\u00e9cnico, Universidade de Lisboa. Como gestor desempenhou ao longo da \u00faltima d\u00e9cada os cargos de membro do Conselho de Administra\u00e7\u00e3o da EMEL &#8211; Empresa Municipal de Mobilidade e Estacionamento de Lisboa, diretor Municipal de Mobilidade e Transportes da C\u00e2mara Municipal de Lisboa, e presidente do Conselho de Administra\u00e7\u00e3o das empresas CARRIS, Metropolitano de Lisboa, Transtejo e Soflusa. Desempenha atualmente os cargos de presidente do Conselho de Administra\u00e7\u00e3o da CARRIS (Companhia Carris de Ferro de Lisboa), operador de transporte p\u00fablico urbano de superf\u00edcie da cidade de Lisboa, e presidente da OTLIS &#8211; Operadores de Transportes da Regi\u00e3o de Lisboa, entidade respons\u00e1vel por desenvolver, implementar e gerir o sistema de bilh\u00e9tica sem contacto e interoper\u00e1vel da \u00e1rea metropolitana de Lisboa.<\/p>\n<p><strong><u>Debatedores<\/u><\/strong><\/p>\n<p><img loading=\"lazy\" decoding=\"async\" class=\"wp-image-68642 alignleft\" src=\"https:\/\/www.institutodeengenharia.org.br\/site\/wp-content\/uploads\/2020\/07\/Ailton-Brasiliense-Pires.jpg\" alt=\"\" width=\"134\" height=\"170\" srcset=\"https:\/\/www.institutodeengenharia.org.br\/site\/wp-content\/uploads\/2020\/07\/Ailton-Brasiliense-Pires.jpg 625w, https:\/\/www.institutodeengenharia.org.br\/site\/wp-content\/uploads\/2020\/07\/Ailton-Brasiliense-Pires-236x300.jpg 236w, https:\/\/www.institutodeengenharia.org.br\/site\/wp-content\/uploads\/2020\/07\/Ailton-Brasiliense-Pires-330x420.jpg 330w, https:\/\/www.institutodeengenharia.org.br\/site\/wp-content\/uploads\/2020\/07\/Ailton-Brasiliense-Pires-600x764.jpg 600w\" sizes=\"auto, (max-width: 134px) 100vw, 134px\" \/><\/p>\n<p><strong>Ailton Brasiliense Pires<\/strong><\/p>\n<p>Graduado em Engenharia El\u00e9trica, \u00e9 presidente da Associa\u00e7\u00e3o Nacional de Transportes P\u00fablicos (ANTP). J\u00e1 foi presidente da Companhia de Engenharia de Tr\u00e1fego (CET), diretor Geral do Departamento de Opera\u00e7\u00e3o do Sistema Vi\u00e1rio (DSV), diretor Geral do\u00a0Departamento Nacional de Tr\u00e2nsito (Denatran), assessor do secret\u00e1rio Estadual de Transportes e do secret\u00e1rio de Transportes Metropolitanos e assessor da Diretoria de Planejamento do Metr\u00f4 e da CPTM.<\/p>\n<p>&nbsp;<\/p>\n<p><img loading=\"lazy\" decoding=\"async\" class=\"wp-image-63206 alignleft\" src=\"https:\/\/www.institutodeengenharia.org.br\/site\/wp-content\/uploads\/2020\/04\/Flam\u00ednio-Fichmann.jpeg\" alt=\"\" width=\"139\" height=\"178\" srcset=\"https:\/\/www.institutodeengenharia.org.br\/site\/wp-content\/uploads\/2020\/04\/Flam\u00ednio-Fichmann.jpeg 565w, https:\/\/www.institutodeengenharia.org.br\/site\/wp-content\/uploads\/2020\/04\/Flam\u00ednio-Fichmann-234x300.jpeg 234w, https:\/\/www.institutodeengenharia.org.br\/site\/wp-content\/uploads\/2020\/04\/Flam\u00ednio-Fichmann-328x420.jpeg 328w\" sizes=\"auto, (max-width: 139px) 100vw, 139px\" \/><\/p>\n<p><strong>Flam\u00ednio Fichmann<\/strong><\/p>\n<p>Graduado em Arquitetura e Urbanismo pela Universidade Presbiteriana Mackenzie, com especializa\u00e7\u00e3o na FGV. Trabalhou na administra\u00e7\u00e3o p\u00fablica por 14 anos (CET e EMTU\/SP). \u00c9 consultor h\u00e1 28 anos, s\u00f3cio e diretor da Projeto 34 \u2013 Arquitetura e Engenharia desde 2004, empresa que executou in\u00fameros planos e projetos no Brasil e exterior, de rodovias, BRTs, metr\u00f4s, trens e atividades relacionadas \u00e0 mobilidade urbana junto a \u00f3rg\u00e3os p\u00fablicos e empresas particulares. \u00c9 coordenador da Divis\u00e3o T\u00e9cnica de Transporte Metropolitano do Instituto de Engenharia. Foi consultor da Socicam e do INST \u2013 Instituto Nacional de Seguran\u00e7a no Tr\u00e2nsito, diretor da ONG Bairro Vivo, presidente do Comit\u00ea de Tr\u00e2nsito da Ag\u00eancia Brasil de Seguran\u00e7a &#8211; ABS e professor do curso de p\u00f3s-gradua\u00e7\u00e3o &#8220;Gerente da Cidade&#8221; da FAAP.<\/p>\n<p><img loading=\"lazy\" decoding=\"async\" class=\"wp-image-65459 alignleft\" src=\"https:\/\/www.institutodeengenharia.org.br\/site\/wp-content\/uploads\/2020\/05\/jean-pejo.jpg\" alt=\"\" width=\"139\" height=\"163\" srcset=\"https:\/\/www.institutodeengenharia.org.br\/site\/wp-content\/uploads\/2020\/05\/jean-pejo.jpg 476w, https:\/\/www.institutodeengenharia.org.br\/site\/wp-content\/uploads\/2020\/05\/jean-pejo-255x300.jpg 255w, https:\/\/www.institutodeengenharia.org.br\/site\/wp-content\/uploads\/2020\/05\/jean-pejo-358x420.jpg 358w\" sizes=\"auto, (max-width: 139px) 100vw, 139px\" \/><\/p>\n<p><strong>Jean Pejo<\/strong><\/p>\n<p>Graduado em Engenharia Mec\u00e2nica pela UNICAMP, com MBA em Ger\u00eancia de Projetos, e MBA em Log\u00edstica, ambas pela FGV e MBA em Empreendedorismo pelo Babson College dos EUA. Realizou est\u00e1gios nas ferrovias da Fran\u00e7a e Jap\u00e3o e cursos de especializa\u00e7\u00e3o e extens\u00e3o universit\u00e1ria em disciplinas de Engenharia Ferrovi\u00e1ria na Espanha, It\u00e1lia, Canad\u00e1, EUA e Brasil. \u00c9 secret\u00e1rio Geral da sede do Brasil da ALAF \u2013 Associa\u00e7\u00e3o Latino-Americana de Ferrovias. Recebeu em 2019 o t\u00edtulo de Personalidade da Tecnologia da Intermodalidade e Ferrovia, pelo Sindicato dos Engenheiros de S\u00e3o Paulo.\u00a0Foi secret\u00e1rio Nacional de Mobilidade e Servi\u00e7os Urbanos, assessor Especial do Ministro do Desenvolvimento Regional, diretor, coordenador Geral de Gest\u00e3o e superintendente de Projetos e Engenharia da FEPASA e conselheiro da CPFL \u2013 Cia. Paulista de For\u00e7a e Luz. Apresentou v\u00e1rias palestras em Congressos no Brasil e exterior, bem como publicou textos e artigos em revistas especializadas.<\/p>\n<p><img loading=\"lazy\" decoding=\"async\" class=\"wp-image-68632 alignleft\" src=\"https:\/\/www.institutodeengenharia.org.br\/site\/wp-content\/uploads\/2020\/07\/Joubert-Fortes-Flores-Filho.jpg\" alt=\"\" width=\"142\" height=\"160\" srcset=\"https:\/\/www.institutodeengenharia.org.br\/site\/wp-content\/uploads\/2020\/07\/Joubert-Fortes-Flores-Filho.jpg 522w, https:\/\/www.institutodeengenharia.org.br\/site\/wp-content\/uploads\/2020\/07\/Joubert-Fortes-Flores-Filho-266x300.jpg 266w, https:\/\/www.institutodeengenharia.org.br\/site\/wp-content\/uploads\/2020\/07\/Joubert-Fortes-Flores-Filho-372x420.jpg 372w\" sizes=\"auto, (max-width: 142px) 100vw, 142px\" \/><\/p>\n<p><strong>Joubert Fortes Flores Filho<\/strong><\/p>\n<p>Graduado em Engenharia El\u00e9trica na Universidade Federal do Rio de Janeiro (UFRJ), com MBA em Ger\u00eancia de Energia na Escola de p\u00f3s-gradua\u00e7\u00e3o em Economia da FGV. Foi diretor Executivo de Engenharia e de Rela\u00e7\u00f5es Institucionais e <em>senior advisor<\/em> do Metr\u00f4 do Rio de Janeiro. \u00c9 presidente da Associa\u00e7\u00e3o Brasileira de Transportadoras de Passageiros sobre Trilhos (ANPTrilhos), vice-presidente de Ferrovias da Confedera\u00e7\u00e3o Nacional dos Transportes (CNT), <em>vice chairman<\/em>\u00a0da Divis\u00e3o de Metr\u00f4s da Uni\u00e3o Internacional de Transportes P\u00fablicos (UITP) na Am\u00e9rica Latina, vice-presidente e presidente da Comiss\u00e3o metro-ferrovi\u00e1ria da Associa\u00e7\u00e3o Nacional de Transportes P\u00fablicos (ANTP), conselheiro-primeiro do Conselho Diretor da Associa\u00e7\u00e3o Latino-americana de Metr\u00f4s\u00a0e\u00a0Subterr\u00e2neos (ALAMYS) e membro da Diretoria e do Conselho Deliberativo da\u00a0Associa\u00e7\u00e3o Brasileira de Manuten\u00e7\u00e3o\u00a0e Gest\u00e3o de Ativos (ABRAMAN). Outorgado com a Medalha Juscelino Kubitschek de Ordem do M\u00e9rito Grande Oficial do Transporte Brasileiro, conferida pela CNT (Confedera\u00e7\u00e3o Nacional de Transportes).<\/p>\n<p><img loading=\"lazy\" decoding=\"async\" class=\"alignleft\" src=\"https:\/\/portalcbncampinas.com.br\/wp-content\/uploads\/2017\/11\/Secret%C3%A1rio-Jurandir-Fernandes-01.png\" alt=\"Presidente na Am\u00e9rica Latina da Uni\u00e3o Internacional de Transportes ...\" width=\"141\" height=\"174\" \/><\/p>\n<p><strong>Jurandir Fernandes<\/strong><\/p>\n<p>Engenheiro Mec\u00e2nico, formado pelo Instituto Tecnol\u00f3gico de Aeron\u00e1utica (ITA), com doutorado pela Unicamp e p\u00f3s-doutorado na \u00c9cole Centrale de Paris e no Laboratoire d&#8217;Automatique d&#8217;Analyse des Syst\u00e8mes (LAAS), de Toulouse, tamb\u00e9m na Fran\u00e7a. \u00c9 presidente\u00a0da Divis\u00e3o Am\u00e9rica Latina da Uni\u00e3o Internacional de Transportes P\u00fablicos (UITP). Foi diretor do Departamento Nacional de Tr\u00e2nsito (Denatran), diretor de planejamento e desenvolvimento da Dersa e presidente da Empresa Municipal de Desenvolvimento de Campinas (EMDEC). Com mais de 30 anos de experi\u00eancia no setor de transporte p\u00fablico, ocupou os cargos de secret\u00e1rio municipal de Transportes de Campinas e secret\u00e1rio de Transporte Metropolitano de S\u00e3o Paulo, onde desenvolveu o maior plano de investimento da Am\u00e9rica Latina.<\/p>\n<p><img loading=\"lazy\" decoding=\"async\" class=\"wp-image-36879 alignleft\" src=\"https:\/\/www.institutodeengenharia.org.br\/site\/wp-content\/uploads\/2018\/06\/Foto-Portella-1.jpg\" alt=\"\" width=\"131\" height=\"188\" \/><\/p>\n<p><strong>Luiz Fernando Portella<\/strong><\/p>\n<p>Engenheiro Mec\u00e2nico pela FEI, p\u00f3s-gradua\u00e7\u00e3o em Administra\u00e7\u00e3o de Empresas pela FGV, em An\u00e1lise de Sistemas Digitais pela LTD-Datamec, em Marketing Industrial pela Escola de Engenharia Mau\u00e1 e em Industrial Marketing Strategy pela GE-Camp\/Stanford, dentre outros cursos extra curriculares. \u00c9 CEO da NBO Participa\u00e7\u00f5es &amp; Servi\u00e7os Ltda. e conselheiro e assessor do Departamento de Mobilidade e Log\u00edstica do Instituto de Engenharia. Foi executivo das empresas Exxon, Alfa-Laval e GE, onde participou de projetos em infraestrutura, industriais e de transportes mar\u00edtimo e ferrovi\u00e1rio atendendo o mercado Latino Americano. Atualmente, sua\u00a0atividade esta focada na transfer\u00eancia de conhecimento das melhores praticas da bilhetagem eletr\u00f4nica interoper\u00e1vel, ITS, Plataformas MaaS, em projetos no Brasil, Chile, Paraguai, Peru, Equador, Col\u00f4mbia, M\u00e9xico e Portugal dentre outros. Desenvolve e coordena programas de Mentoria e Capacita\u00e7\u00e3o assistindo entidades afins.<\/p>\n<p><img loading=\"lazy\" decoding=\"async\" class=\"wp-image-68641 alignleft\" src=\"https:\/\/www.institutodeengenharia.org.br\/site\/wp-content\/uploads\/2020\/07\/Ot\u00e1vio-Vieira-da-Cunha-Filho-.jpg\" alt=\"\" width=\"136\" height=\"162\" srcset=\"https:\/\/www.institutodeengenharia.org.br\/site\/wp-content\/uploads\/2020\/07\/Ot\u00e1vio-Vieira-da-Cunha-Filho-.jpg 456w, https:\/\/www.institutodeengenharia.org.br\/site\/wp-content\/uploads\/2020\/07\/Ot\u00e1vio-Vieira-da-Cunha-Filho--252x300.jpg 252w, https:\/\/www.institutodeengenharia.org.br\/site\/wp-content\/uploads\/2020\/07\/Ot\u00e1vio-Vieira-da-Cunha-Filho--353x420.jpg 353w\" sizes=\"auto, (max-width: 136px) 100vw, 136px\" \/><\/p>\n<p><strong>Ot\u00e1vio Vieira da Cunha Filho<\/strong><\/p>\n<p>Presidente executivo da Associa\u00e7\u00e3o Nacional das Empresas de Transportes Urbanos (NTU). Foi empres\u00e1rio de transporte urbano de passageiros por mais de 40 anos, atuando no setor de transportes desde 1965. \u00c9 membro do Conselho Diretor da Associa\u00e7\u00e3o Nacional de Transportes P\u00fablicos (ANTP). Foi diretor do Sindicato das Empresas de Transportes de Passageiros de Belo Horizonte (Setransp\/BH) e participou de Comiss\u00e3o Especial criada pela Presid\u00eancia da Rep\u00fablica para reduzir as tarifas e melhorar o servi\u00e7o de transporte coletivo nas cidades brasileiras.<\/p>\n<p><img loading=\"lazy\" decoding=\"async\" class=\"wp-image-43028 alignleft\" src=\"https:\/\/www.institutodeengenharia.org.br\/site\/wp-content\/uploads\/2019\/06\/vicente_abate-e1594215005781.jpg\" alt=\"\" width=\"137\" height=\"164\" srcset=\"https:\/\/www.institutodeengenharia.org.br\/site\/wp-content\/uploads\/2019\/06\/vicente_abate-e1594215005781.jpg 830w, https:\/\/www.institutodeengenharia.org.br\/site\/wp-content\/uploads\/2019\/06\/vicente_abate-e1594215005781-249x300.jpg 249w, https:\/\/www.institutodeengenharia.org.br\/site\/wp-content\/uploads\/2019\/06\/vicente_abate-e1594215005781-768x924.jpg 768w, https:\/\/www.institutodeengenharia.org.br\/site\/wp-content\/uploads\/2019\/06\/vicente_abate-e1594215005781-696x838.jpg 696w, https:\/\/www.institutodeengenharia.org.br\/site\/wp-content\/uploads\/2019\/06\/vicente_abate-e1594215005781-349x420.jpg 349w, https:\/\/www.institutodeengenharia.org.br\/site\/wp-content\/uploads\/2019\/06\/vicente_abate-e1594215005781-600x722.jpg 600w\" sizes=\"auto, (max-width: 137px) 100vw, 137px\" \/><\/p>\n<p><strong>Vicente Abate<\/strong><\/p>\n<p>Engenheiro Metalurgista pela Escola de Engenharia Mau\u00e1. Consultor das empresas ferrovi\u00e1rias MAXION; presidente da Associa\u00e7\u00e3o Brasileira da Ind\u00fastria Ferrovi\u00e1ria (ABIFER); vice-presidente da Associa\u00e7\u00e3o Brasileira de Fundi\u00e7\u00e3o (ABIFA); conselheiro do Instituto de Engenharia, do Conselho Superior de Infraestrutura (COINFRA), do Conselho Superior da Ind\u00fastria da Constru\u00e7\u00e3o (CONSIC) e do Conselho Superior da Ind\u00fastria da Constru\u00e7\u00e3o (CONSEP) da FIESP.<\/p>\n<p><strong><u>Moderador<\/u><\/strong><\/p>\n<p><img loading=\"lazy\" decoding=\"async\" class=\"wp-image-37543 alignleft\" src=\"https:\/\/www.institutodeengenharia.org.br\/site\/wp-content\/uploads\/2018\/08\/WhatsApp-Image-2018-08-29-at-14.42.54.jpeg\" alt=\"\" width=\"137\" height=\"176\" srcset=\"https:\/\/www.institutodeengenharia.org.br\/site\/wp-content\/uploads\/2018\/08\/WhatsApp-Image-2018-08-29-at-14.42.54.jpeg 741w, https:\/\/www.institutodeengenharia.org.br\/site\/wp-content\/uploads\/2018\/08\/WhatsApp-Image-2018-08-29-at-14.42.54-233x300.jpeg 233w, https:\/\/www.institutodeengenharia.org.br\/site\/wp-content\/uploads\/2018\/08\/WhatsApp-Image-2018-08-29-at-14.42.54-696x897.jpeg 696w, https:\/\/www.institutodeengenharia.org.br\/site\/wp-content\/uploads\/2018\/08\/WhatsApp-Image-2018-08-29-at-14.42.54-326x420.jpeg 326w\" sizes=\"auto, (max-width: 137px) 100vw, 137px\" \/><\/p>\n<p><strong>Ivan Metran Whately<\/strong><\/p>\n<p>Engenheiro Civil e Arquiteto, especialista em planejamento de transporte. Trabalhou em empresas privadas e p\u00fablicas do setor, acumulando experi\u00eancia em projetos e gerenciamento de obras. J\u00e1 exerceu as fun\u00e7\u00f5es de assessor do presidente e assessor da Diretoria de Planejamento do Metr\u00f4-SP; assessor especial do secret\u00e1rio Municipal de Transporte; gerente de Projetos e Obras da EMTU; diretor de Projetos e Desenvolvimento T\u00e9cnico da CPOS e diretor presidente da CPOS. Ocupou outros cargos, como superintendente do DAEE, presidente da Comiss\u00e3o Pr\u00f3-Centro e diretor do Departamento de Transportes P\u00fablicos da PMSP. Al\u00e9m disso, foi consultor da OEA; diretor da Divis\u00e3o de Projetos de Engenharia do Fundo de Constru\u00e7\u00f5es da USP; dirigente da Assessoria T\u00e9cnica da Secretaria dos Neg\u00f3cios Metropolitanos; assessor t\u00e9cnico da Secretaria de Estado dos Transportes; diretor do Departamento de Projetos de Engenharia de Transportes da SEEBLA e coordenador de Projetos da CET. Conselheiro e diretor do Departamento de Mobilidade e Log\u00edstica do Instituto de Engenharia.<\/p>\n<p><span style=\"color: #000000;\"><strong>REALIZA\u00c7\u00c3O:<\/strong><\/span><\/p>\n<p><b>Eng. Jer\u00f4nimo Cabral Pereira Fagundes Neto <\/b>\u2013 Vice-presidente de Atividades T\u00e9cnicas<\/p>\n<p><b>Eng. Ivan Metran Whately<\/b> \u2013 Diretor do Depto. de Engenharia de Mobilidade e Log\u00edstica<\/p>\n<p><img loading=\"lazy\" decoding=\"async\" class=\"alignnone wp-image-60234\" src=\"https:\/\/www.institutodeengenharia.org.br\/site\/wp-content\/uploads\/2020\/02\/logo-novo-IE2018-1.png\" alt=\"\" width=\"98\" height=\"124\" srcset=\"https:\/\/www.institutodeengenharia.org.br\/site\/wp-content\/uploads\/2020\/02\/logo-novo-IE2018-1.png 1486w, https:\/\/www.institutodeengenharia.org.br\/site\/wp-content\/uploads\/2020\/02\/logo-novo-IE2018-1-237x300.png 237w, https:\/\/www.institutodeengenharia.org.br\/site\/wp-content\/uploads\/2020\/02\/logo-novo-IE2018-1-768x971.png 768w, https:\/\/www.institutodeengenharia.org.br\/site\/wp-content\/uploads\/2020\/02\/logo-novo-IE2018-1-810x1024.png 810w, https:\/\/www.institutodeengenharia.org.br\/site\/wp-content\/uploads\/2020\/02\/logo-novo-IE2018-1-696x880.png 696w, https:\/\/www.institutodeengenharia.org.br\/site\/wp-content\/uploads\/2020\/02\/logo-novo-IE2018-1-1068x1350.png 1068w, https:\/\/www.institutodeengenharia.org.br\/site\/wp-content\/uploads\/2020\/02\/logo-novo-IE2018-1-332x420.png 332w, https:\/\/www.institutodeengenharia.org.br\/site\/wp-content\/uploads\/2020\/02\/logo-novo-IE2018-1-600x759.png 600w\" sizes=\"auto, (max-width: 98px) 100vw, 98px\" \/><\/p>\n<p><span style=\"color: #000000;\"><strong>APOIO INSTITUCIONAL:<\/strong><\/span><\/p>\n<p><img loading=\"lazy\" decoding=\"async\" class=\"alignnone size-full wp-image-68682\" src=\"https:\/\/www.institutodeengenharia.org.br\/site\/wp-content\/uploads\/2020\/07\/apoio-institucional.jpg\" alt=\"\" width=\"818\" height=\"345\" srcset=\"https:\/\/www.institutodeengenharia.org.br\/site\/wp-content\/uploads\/2020\/07\/apoio-institucional.jpg 818w, https:\/\/www.institutodeengenharia.org.br\/site\/wp-content\/uploads\/2020\/07\/apoio-institucional-300x127.jpg 300w, https:\/\/www.institutodeengenharia.org.br\/site\/wp-content\/uploads\/2020\/07\/apoio-institucional-768x324.jpg 768w, https:\/\/www.institutodeengenharia.org.br\/site\/wp-content\/uploads\/2020\/07\/apoio-institucional-696x294.jpg 696w, https:\/\/www.institutodeengenharia.org.br\/site\/wp-content\/uploads\/2020\/07\/apoio-institucional-600x253.jpg 600w\" sizes=\"auto, (max-width: 818px) 100vw, 818px\" \/><\/p>\n","protected":false},"excerpt":{"rendered":"<p>&nbsp; Assista abaixo \u00e0 grava\u00e7\u00e3o: &nbsp; + Informa\u00e7\u00f5es: &nbsp; ABORDAGEM: O Instituto de Engenharia, preocupado com a mobilidade urbana em tempos de pandemia, convida especialistas da Europa e do Brasil para expor exemplos de protocolos aplicados no retorno seguro dos passageiros aos Transportes P\u00fablicos e de sugest\u00f5es para sustentabilidade financeira dos operadores. Foram convidados, para [&hellip;]<\/p>\n","protected":false},"author":13,"featured_media":69252,"comment_status":"open","ping_status":"open","sticky":false,"template":"","format":"standard","meta":{"footnotes":""},"categories":[48,968,970],"tags":[],"class_list":{"0":"post-69247","1":"post","2":"type-post","3":"status-publish","4":"format-standard","5":"has-post-thumbnail","7":"category-departamento-desenvolvimento-urbano-e-regional","8":"category-nova-tv-engenharia","9":"category-seminario"},"yoast_head":"<!-- This site is optimized with the Yoast SEO plugin v27.2 - https:\/\/yoast.com\/product\/yoast-seo-wordpress\/ -->\n<title>Encontro Internacional - Retorno seguro das pessoas aos Transportes P\u00fablicos - Instituto de Engenharia<\/title>\n<meta name=\"robots\" content=\"index, follow, max-snippet:-1, max-image-preview:large, max-video-preview:-1\" \/>\n<link rel=\"canonical\" href=\"https:\/\/www.institutodeengenharia.org.br\/site\/2020\/07\/15\/encontro-internacional-retorno-seguro-das-pessoas-aos-transportes-publicos\/\" \/>\n<meta property=\"og:locale\" content=\"pt_BR\" \/>\n<meta property=\"og:type\" content=\"article\" \/>\n<meta property=\"og:title\" content=\"Encontro Internacional - Retorno seguro das pessoas aos Transportes P\u00fablicos - Instituto de Engenharia\" \/>\n<meta property=\"og:description\" content=\"&nbsp; Assista abaixo \u00e0 grava\u00e7\u00e3o: &nbsp; + Informa\u00e7\u00f5es: &nbsp; ABORDAGEM: O Instituto de Engenharia, preocupado com a mobilidade urbana em tempos de pandemia, convida especialistas da Europa e do Brasil para expor exemplos de protocolos aplicados no retorno seguro dos passageiros aos Transportes P\u00fablicos e de sugest\u00f5es para sustentabilidade financeira dos operadores. Foram convidados, para [&hellip;]\" \/>\n<meta property=\"og:url\" content=\"https:\/\/www.institutodeengenharia.org.br\/site\/2020\/07\/15\/encontro-internacional-retorno-seguro-das-pessoas-aos-transportes-publicos\/\" \/>\n<meta property=\"og:site_name\" content=\"Instituto de Engenharia\" \/>\n<meta property=\"article:publisher\" content=\"https:\/\/www.facebook.com\/institutodeengenharia\" \/>\n<meta property=\"article:published_time\" content=\"2020-07-15T20:00:23+00:00\" \/>\n<meta property=\"article:modified_time\" content=\"2020-07-21T18:57:47+00:00\" \/>\n<meta property=\"og:image\" content=\"https:\/\/www.institutodeengenharia.org.br\/site\/wp-content\/uploads\/2020\/07\/transporte.jpg\" \/>\n\t<meta property=\"og:image:width\" content=\"767\" \/>\n\t<meta property=\"og:image:height\" content=\"478\" \/>\n\t<meta property=\"og:image:type\" content=\"image\/jpeg\" \/>\n<meta name=\"author\" content=\"Bianca\" \/>\n<meta name=\"twitter:card\" content=\"summary_large_image\" \/>\n<meta name=\"twitter:creator\" content=\"@iengenharia\" \/>\n<meta name=\"twitter:site\" content=\"@iengenharia\" \/>\n<meta name=\"twitter:label1\" content=\"Escrito por\" \/>\n\t<meta name=\"twitter:data1\" content=\"Bianca\" \/>\n\t<meta name=\"twitter:label2\" content=\"Est. tempo de leitura\" \/>\n\t<meta name=\"twitter:data2\" content=\"9 minutos\" \/>\n<script type=\"application\/ld+json\" class=\"yoast-schema-graph\">{\"@context\":\"https:\/\/schema.org\",\"@graph\":[{\"@type\":\"Article\",\"@id\":\"https:\/\/www.institutodeengenharia.org.br\/site\/2020\/07\/15\/encontro-internacional-retorno-seguro-das-pessoas-aos-transportes-publicos\/#article\",\"isPartOf\":{\"@id\":\"https:\/\/www.institutodeengenharia.org.br\/site\/2020\/07\/15\/encontro-internacional-retorno-seguro-das-pessoas-aos-transportes-publicos\/\"},\"author\":{\"name\":\"Bianca\",\"@id\":\"https:\/\/www.institutodeengenharia.org.br\/site\/#\/schema\/person\/aeb64951c405e100d26d30b033dd423f\"},\"headline\":\"Encontro Internacional &#8211; Retorno seguro das pessoas aos Transportes P\u00fablicos\",\"datePublished\":\"2020-07-15T20:00:23+00:00\",\"dateModified\":\"2020-07-21T18:57:47+00:00\",\"mainEntityOfPage\":{\"@id\":\"https:\/\/www.institutodeengenharia.org.br\/site\/2020\/07\/15\/encontro-internacional-retorno-seguro-das-pessoas-aos-transportes-publicos\/\"},\"wordCount\":1887,\"commentCount\":0,\"publisher\":{\"@id\":\"https:\/\/www.institutodeengenharia.org.br\/site\/#organization\"},\"image\":{\"@id\":\"https:\/\/www.institutodeengenharia.org.br\/site\/2020\/07\/15\/encontro-internacional-retorno-seguro-das-pessoas-aos-transportes-publicos\/#primaryimage\"},\"thumbnailUrl\":\"https:\/\/www.institutodeengenharia.org.br\/site\/wp-content\/uploads\/2020\/07\/transporte.jpg\",\"articleSection\":[\"Departamento de Desenvolvimento Urbano e Regional\",\"Nova TV Engenharia\",\"Semin\u00e1rio\"],\"inLanguage\":\"pt-BR\",\"potentialAction\":[{\"@type\":\"CommentAction\",\"name\":\"Comment\",\"target\":[\"https:\/\/www.institutodeengenharia.org.br\/site\/2020\/07\/15\/encontro-internacional-retorno-seguro-das-pessoas-aos-transportes-publicos\/#respond\"]}]},{\"@type\":\"WebPage\",\"@id\":\"https:\/\/www.institutodeengenharia.org.br\/site\/2020\/07\/15\/encontro-internacional-retorno-seguro-das-pessoas-aos-transportes-publicos\/\",\"url\":\"https:\/\/www.institutodeengenharia.org.br\/site\/2020\/07\/15\/encontro-internacional-retorno-seguro-das-pessoas-aos-transportes-publicos\/\",\"name\":\"Encontro Internacional - Retorno seguro das pessoas aos Transportes P\u00fablicos - Instituto de Engenharia\",\"isPartOf\":{\"@id\":\"https:\/\/www.institutodeengenharia.org.br\/site\/#website\"},\"primaryImageOfPage\":{\"@id\":\"https:\/\/www.institutodeengenharia.org.br\/site\/2020\/07\/15\/encontro-internacional-retorno-seguro-das-pessoas-aos-transportes-publicos\/#primaryimage\"},\"image\":{\"@id\":\"https:\/\/www.institutodeengenharia.org.br\/site\/2020\/07\/15\/encontro-internacional-retorno-seguro-das-pessoas-aos-transportes-publicos\/#primaryimage\"},\"thumbnailUrl\":\"https:\/\/www.institutodeengenharia.org.br\/site\/wp-content\/uploads\/2020\/07\/transporte.jpg\",\"datePublished\":\"2020-07-15T20:00:23+00:00\",\"dateModified\":\"2020-07-21T18:57:47+00:00\",\"breadcrumb\":{\"@id\":\"https:\/\/www.institutodeengenharia.org.br\/site\/2020\/07\/15\/encontro-internacional-retorno-seguro-das-pessoas-aos-transportes-publicos\/#breadcrumb\"},\"inLanguage\":\"pt-BR\",\"potentialAction\":[{\"@type\":\"ReadAction\",\"target\":[\"https:\/\/www.institutodeengenharia.org.br\/site\/2020\/07\/15\/encontro-internacional-retorno-seguro-das-pessoas-aos-transportes-publicos\/\"]}]},{\"@type\":\"ImageObject\",\"inLanguage\":\"pt-BR\",\"@id\":\"https:\/\/www.institutodeengenharia.org.br\/site\/2020\/07\/15\/encontro-internacional-retorno-seguro-das-pessoas-aos-transportes-publicos\/#primaryimage\",\"url\":\"https:\/\/www.institutodeengenharia.org.br\/site\/wp-content\/uploads\/2020\/07\/transporte.jpg\",\"contentUrl\":\"https:\/\/www.institutodeengenharia.org.br\/site\/wp-content\/uploads\/2020\/07\/transporte.jpg\",\"width\":767,\"height\":478},{\"@type\":\"BreadcrumbList\",\"@id\":\"https:\/\/www.institutodeengenharia.org.br\/site\/2020\/07\/15\/encontro-internacional-retorno-seguro-das-pessoas-aos-transportes-publicos\/#breadcrumb\",\"itemListElement\":[{\"@type\":\"ListItem\",\"position\":1,\"name\":\"In\u00edcio\",\"item\":\"https:\/\/www.institutodeengenharia.org.br\/site\/\"},{\"@type\":\"ListItem\",\"position\":2,\"name\":\"Encontro Internacional &#8211; Retorno seguro das pessoas aos Transportes P\u00fablicos\"}]},{\"@type\":\"WebSite\",\"@id\":\"https:\/\/www.institutodeengenharia.org.br\/site\/#website\",\"url\":\"https:\/\/www.institutodeengenharia.org.br\/site\/\",\"name\":\"Instituto de Engenharia\",\"description\":\"O Instituto de Engenharia promove a Engenharia em benef\u00edcio do desenvolvimento e da qualidade de vida da sociedade.\",\"publisher\":{\"@id\":\"https:\/\/www.institutodeengenharia.org.br\/site\/#organization\"},\"potentialAction\":[{\"@type\":\"SearchAction\",\"target\":{\"@type\":\"EntryPoint\",\"urlTemplate\":\"https:\/\/www.institutodeengenharia.org.br\/site\/?s={search_term_string}\"},\"query-input\":{\"@type\":\"PropertyValueSpecification\",\"valueRequired\":true,\"valueName\":\"search_term_string\"}}],\"inLanguage\":\"pt-BR\"},{\"@type\":\"Organization\",\"@id\":\"https:\/\/www.institutodeengenharia.org.br\/site\/#organization\",\"name\":\"Instituto de Engenharia\",\"url\":\"https:\/\/www.institutodeengenharia.org.br\/site\/\",\"logo\":{\"@type\":\"ImageObject\",\"inLanguage\":\"pt-BR\",\"@id\":\"https:\/\/www.institutodeengenharia.org.br\/site\/#\/schema\/logo\/image\/\",\"url\":\"https:\/\/www.institutodeengenharia.org.br\/site\/wp-content\/uploads\/2019\/03\/logo-novo-IE2018-1.jpg\",\"contentUrl\":\"https:\/\/www.institutodeengenharia.org.br\/site\/wp-content\/uploads\/2019\/03\/logo-novo-IE2018-1.jpg\",\"width\":1486,\"height\":1879,\"caption\":\"Instituto de Engenharia\"},\"image\":{\"@id\":\"https:\/\/www.institutodeengenharia.org.br\/site\/#\/schema\/logo\/image\/\"},\"sameAs\":[\"https:\/\/www.facebook.com\/institutodeengenharia\",\"https:\/\/x.com\/iengenharia\",\"https:\/\/www.instagram.com\/institutodeengenharia\/\",\"https:\/\/www.linkedin.com\/company\/instituto-de-engenharia\/\",\"https:\/\/www.youtube.com\/channel\/UCXiCAlsSMe977vamW915HxA\"]},{\"@type\":\"Person\",\"@id\":\"https:\/\/www.institutodeengenharia.org.br\/site\/#\/schema\/person\/aeb64951c405e100d26d30b033dd423f\",\"name\":\"Bianca\",\"image\":{\"@type\":\"ImageObject\",\"inLanguage\":\"pt-BR\",\"@id\":\"https:\/\/secure.gravatar.com\/avatar\/a6fbe9bff57405baf4c1e2c5c1811e072b558253974a9f9508f4678900c97c2a?s=96&d=mm&r=g\",\"url\":\"https:\/\/secure.gravatar.com\/avatar\/a6fbe9bff57405baf4c1e2c5c1811e072b558253974a9f9508f4678900c97c2a?s=96&d=mm&r=g\",\"contentUrl\":\"https:\/\/secure.gravatar.com\/avatar\/a6fbe9bff57405baf4c1e2c5c1811e072b558253974a9f9508f4678900c97c2a?s=96&d=mm&r=g\",\"caption\":\"Bianca\"},\"url\":\"https:\/\/www.institutodeengenharia.org.br\/site\/author\/comunicacao1\/\"}]}<\/script>\n<!-- \/ Yoast SEO plugin. -->","yoast_head_json":{"title":"Encontro Internacional - Retorno seguro das pessoas aos Transportes P\u00fablicos - Instituto de Engenharia","robots":{"index":"index","follow":"follow","max-snippet":"max-snippet:-1","max-image-preview":"max-image-preview:large","max-video-preview":"max-video-preview:-1"},"canonical":"https:\/\/www.institutodeengenharia.org.br\/site\/2020\/07\/15\/encontro-internacional-retorno-seguro-das-pessoas-aos-transportes-publicos\/","og_locale":"pt_BR","og_type":"article","og_title":"Encontro Internacional - Retorno seguro das pessoas aos Transportes P\u00fablicos - Instituto de Engenharia","og_description":"&nbsp; Assista abaixo \u00e0 grava\u00e7\u00e3o: &nbsp; + Informa\u00e7\u00f5es: &nbsp; ABORDAGEM: O Instituto de Engenharia, preocupado com a mobilidade urbana em tempos de pandemia, convida especialistas da Europa e do Brasil para expor exemplos de protocolos aplicados no retorno seguro dos passageiros aos Transportes P\u00fablicos e de sugest\u00f5es para sustentabilidade financeira dos operadores. Foram convidados, para [&hellip;]","og_url":"https:\/\/www.institutodeengenharia.org.br\/site\/2020\/07\/15\/encontro-internacional-retorno-seguro-das-pessoas-aos-transportes-publicos\/","og_site_name":"Instituto de Engenharia","article_publisher":"https:\/\/www.facebook.com\/institutodeengenharia","article_published_time":"2020-07-15T20:00:23+00:00","article_modified_time":"2020-07-21T18:57:47+00:00","og_image":[{"width":767,"height":478,"url":"https:\/\/www.institutodeengenharia.org.br\/site\/wp-content\/uploads\/2020\/07\/transporte.jpg","type":"image\/jpeg"}],"author":"Bianca","twitter_card":"summary_large_image","twitter_creator":"@iengenharia","twitter_site":"@iengenharia","twitter_misc":{"Escrito por":"Bianca","Est. tempo de leitura":"9 minutos"},"schema":{"@context":"https:\/\/schema.org","@graph":[{"@type":"Article","@id":"https:\/\/www.institutodeengenharia.org.br\/site\/2020\/07\/15\/encontro-internacional-retorno-seguro-das-pessoas-aos-transportes-publicos\/#article","isPartOf":{"@id":"https:\/\/www.institutodeengenharia.org.br\/site\/2020\/07\/15\/encontro-internacional-retorno-seguro-das-pessoas-aos-transportes-publicos\/"},"author":{"name":"Bianca","@id":"https:\/\/www.institutodeengenharia.org.br\/site\/#\/schema\/person\/aeb64951c405e100d26d30b033dd423f"},"headline":"Encontro Internacional &#8211; Retorno seguro das pessoas aos Transportes P\u00fablicos","datePublished":"2020-07-15T20:00:23+00:00","dateModified":"2020-07-21T18:57:47+00:00","mainEntityOfPage":{"@id":"https:\/\/www.institutodeengenharia.org.br\/site\/2020\/07\/15\/encontro-internacional-retorno-seguro-das-pessoas-aos-transportes-publicos\/"},"wordCount":1887,"commentCount":0,"publisher":{"@id":"https:\/\/www.institutodeengenharia.org.br\/site\/#organization"},"image":{"@id":"https:\/\/www.institutodeengenharia.org.br\/site\/2020\/07\/15\/encontro-internacional-retorno-seguro-das-pessoas-aos-transportes-publicos\/#primaryimage"},"thumbnailUrl":"https:\/\/www.institutodeengenharia.org.br\/site\/wp-content\/uploads\/2020\/07\/transporte.jpg","articleSection":["Departamento de Desenvolvimento Urbano e Regional","Nova TV Engenharia","Semin\u00e1rio"],"inLanguage":"pt-BR","potentialAction":[{"@type":"CommentAction","name":"Comment","target":["https:\/\/www.institutodeengenharia.org.br\/site\/2020\/07\/15\/encontro-internacional-retorno-seguro-das-pessoas-aos-transportes-publicos\/#respond"]}]},{"@type":"WebPage","@id":"https:\/\/www.institutodeengenharia.org.br\/site\/2020\/07\/15\/encontro-internacional-retorno-seguro-das-pessoas-aos-transportes-publicos\/","url":"https:\/\/www.institutodeengenharia.org.br\/site\/2020\/07\/15\/encontro-internacional-retorno-seguro-das-pessoas-aos-transportes-publicos\/","name":"Encontro Internacional - Retorno seguro das pessoas aos Transportes P\u00fablicos - Instituto de Engenharia","isPartOf":{"@id":"https:\/\/www.institutodeengenharia.org.br\/site\/#website"},"primaryImageOfPage":{"@id":"https:\/\/www.institutodeengenharia.org.br\/site\/2020\/07\/15\/encontro-internacional-retorno-seguro-das-pessoas-aos-transportes-publicos\/#primaryimage"},"image":{"@id":"https:\/\/www.institutodeengenharia.org.br\/site\/2020\/07\/15\/encontro-internacional-retorno-seguro-das-pessoas-aos-transportes-publicos\/#primaryimage"},"thumbnailUrl":"https:\/\/www.institutodeengenharia.org.br\/site\/wp-content\/uploads\/2020\/07\/transporte.jpg","datePublished":"2020-07-15T20:00:23+00:00","dateModified":"2020-07-21T18:57:47+00:00","breadcrumb":{"@id":"https:\/\/www.institutodeengenharia.org.br\/site\/2020\/07\/15\/encontro-internacional-retorno-seguro-das-pessoas-aos-transportes-publicos\/#breadcrumb"},"inLanguage":"pt-BR","potentialAction":[{"@type":"ReadAction","target":["https:\/\/www.institutodeengenharia.org.br\/site\/2020\/07\/15\/encontro-internacional-retorno-seguro-das-pessoas-aos-transportes-publicos\/"]}]},{"@type":"ImageObject","inLanguage":"pt-BR","@id":"https:\/\/www.institutodeengenharia.org.br\/site\/2020\/07\/15\/encontro-internacional-retorno-seguro-das-pessoas-aos-transportes-publicos\/#primaryimage","url":"https:\/\/www.institutodeengenharia.org.br\/site\/wp-content\/uploads\/2020\/07\/transporte.jpg","contentUrl":"https:\/\/www.institutodeengenharia.org.br\/site\/wp-content\/uploads\/2020\/07\/transporte.jpg","width":767,"height":478},{"@type":"BreadcrumbList","@id":"https:\/\/www.institutodeengenharia.org.br\/site\/2020\/07\/15\/encontro-internacional-retorno-seguro-das-pessoas-aos-transportes-publicos\/#breadcrumb","itemListElement":[{"@type":"ListItem","position":1,"name":"In\u00edcio","item":"https:\/\/www.institutodeengenharia.org.br\/site\/"},{"@type":"ListItem","position":2,"name":"Encontro Internacional &#8211; Retorno seguro das pessoas aos Transportes P\u00fablicos"}]},{"@type":"WebSite","@id":"https:\/\/www.institutodeengenharia.org.br\/site\/#website","url":"https:\/\/www.institutodeengenharia.org.br\/site\/","name":"Instituto de Engenharia","description":"O Instituto de Engenharia promove a Engenharia em benef\u00edcio do desenvolvimento e da qualidade de vida da sociedade.","publisher":{"@id":"https:\/\/www.institutodeengenharia.org.br\/site\/#organization"},"potentialAction":[{"@type":"SearchAction","target":{"@type":"EntryPoint","urlTemplate":"https:\/\/www.institutodeengenharia.org.br\/site\/?s={search_term_string}"},"query-input":{"@type":"PropertyValueSpecification","valueRequired":true,"valueName":"search_term_string"}}],"inLanguage":"pt-BR"},{"@type":"Organization","@id":"https:\/\/www.institutodeengenharia.org.br\/site\/#organization","name":"Instituto de Engenharia","url":"https:\/\/www.institutodeengenharia.org.br\/site\/","logo":{"@type":"ImageObject","inLanguage":"pt-BR","@id":"https:\/\/www.institutodeengenharia.org.br\/site\/#\/schema\/logo\/image\/","url":"https:\/\/www.institutodeengenharia.org.br\/site\/wp-content\/uploads\/2019\/03\/logo-novo-IE2018-1.jpg","contentUrl":"https:\/\/www.institutodeengenharia.org.br\/site\/wp-content\/uploads\/2019\/03\/logo-novo-IE2018-1.jpg","width":1486,"height":1879,"caption":"Instituto de Engenharia"},"image":{"@id":"https:\/\/www.institutodeengenharia.org.br\/site\/#\/schema\/logo\/image\/"},"sameAs":["https:\/\/www.facebook.com\/institutodeengenharia","https:\/\/x.com\/iengenharia","https:\/\/www.instagram.com\/institutodeengenharia\/","https:\/\/www.linkedin.com\/company\/instituto-de-engenharia\/","https:\/\/www.youtube.com\/channel\/UCXiCAlsSMe977vamW915HxA"]},{"@type":"Person","@id":"https:\/\/www.institutodeengenharia.org.br\/site\/#\/schema\/person\/aeb64951c405e100d26d30b033dd423f","name":"Bianca","image":{"@type":"ImageObject","inLanguage":"pt-BR","@id":"https:\/\/secure.gravatar.com\/avatar\/a6fbe9bff57405baf4c1e2c5c1811e072b558253974a9f9508f4678900c97c2a?s=96&d=mm&r=g","url":"https:\/\/secure.gravatar.com\/avatar\/a6fbe9bff57405baf4c1e2c5c1811e072b558253974a9f9508f4678900c97c2a?s=96&d=mm&r=g","contentUrl":"https:\/\/secure.gravatar.com\/avatar\/a6fbe9bff57405baf4c1e2c5c1811e072b558253974a9f9508f4678900c97c2a?s=96&d=mm&r=g","caption":"Bianca"},"url":"https:\/\/www.institutodeengenharia.org.br\/site\/author\/comunicacao1\/"}]}},"_links":{"self":[{"href":"https:\/\/www.institutodeengenharia.org.br\/site\/wp-json\/wp\/v2\/posts\/69247","targetHints":{"allow":["GET"]}}],"collection":[{"href":"https:\/\/www.institutodeengenharia.org.br\/site\/wp-json\/wp\/v2\/posts"}],"about":[{"href":"https:\/\/www.institutodeengenharia.org.br\/site\/wp-json\/wp\/v2\/types\/post"}],"author":[{"embeddable":true,"href":"https:\/\/www.institutodeengenharia.org.br\/site\/wp-json\/wp\/v2\/users\/13"}],"replies":[{"embeddable":true,"href":"https:\/\/www.institutodeengenharia.org.br\/site\/wp-json\/wp\/v2\/comments?post=69247"}],"version-history":[{"count":1,"href":"https:\/\/www.institutodeengenharia.org.br\/site\/wp-json\/wp\/v2\/posts\/69247\/revisions"}],"predecessor-version":[{"id":69248,"href":"https:\/\/www.institutodeengenharia.org.br\/site\/wp-json\/wp\/v2\/posts\/69247\/revisions\/69248"}],"wp:featuredmedia":[{"embeddable":true,"href":"https:\/\/www.institutodeengenharia.org.br\/site\/wp-json\/wp\/v2\/media\/69252"}],"wp:attachment":[{"href":"https:\/\/www.institutodeengenharia.org.br\/site\/wp-json\/wp\/v2\/media?parent=69247"}],"wp:term":[{"taxonomy":"category","embeddable":true,"href":"https:\/\/www.institutodeengenharia.org.br\/site\/wp-json\/wp\/v2\/categories?post=69247"},{"taxonomy":"post_tag","embeddable":true,"href":"https:\/\/www.institutodeengenharia.org.br\/site\/wp-json\/wp\/v2\/tags?post=69247"}],"curies":[{"name":"wp","href":"https:\/\/api.w.org\/{rel}","templated":true}]}}