{"id":69192,"date":"2020-07-06T16:30:13","date_gmt":"2020-07-06T19:30:13","guid":{"rendered":"https:\/\/www.institutodeengenharia.org.br\/site\/?p=69192"},"modified":"2020-07-16T15:39:47","modified_gmt":"2020-07-16T18:39:47","slug":"lancamento-do-caderno-diretrizes-para-universalizacao-do-saneamento-no-brasil","status":"publish","type":"post","link":"https:\/\/www.institutodeengenharia.org.br\/site\/2020\/07\/06\/lancamento-do-caderno-diretrizes-para-universalizacao-do-saneamento-no-brasil\/","title":{"rendered":"Lan\u00e7amento do caderno Diretrizes para Universaliza\u00e7\u00e3o do Saneamento no Brasil"},"content":{"rendered":"<p>&nbsp;<\/p>\n<p><strong>Assista abaixo \u00e0 grava\u00e7\u00e3o:<\/strong><\/p>\n<p><iframe loading=\"lazy\" src=\"https:\/\/player.vimeo.com\/video\/438791078\" width=\"640\" height=\"360\" frameborder=\"0\" allowfullscreen=\"allowfullscreen\"><\/iframe><br \/>\n&nbsp;<\/p>\n<p><strong>+ Informa\u00e7\u00f5es:<\/strong><\/p>\n<p>&nbsp;<\/p>\n<p><strong>Abordagem:<\/strong><\/p>\n<p>Lan\u00e7amento do caderno especial\u00a0<strong>Diretrizes para Universaliza\u00e7\u00e3o do Saneamento no Brasil<\/strong>, desenvolvido pelo Instituto de Engenharia com a\u00a0coordena\u00e7\u00e3o da Divis\u00e3o T\u00e9cnica de Engenharia Sanit\u00e1ria, Recursos H\u00eddricos e Biotecnologia. Na ocasi\u00e3o, ser\u00e3o discutidos temas como os meios financeiros, legais, pol\u00edticos e t\u00e9cnicos, e as dificuldades para chegarmos \u00e0 universaliza\u00e7\u00e3o do saneamento no Pa\u00eds.<\/p>\n<p>Este evento ser\u00e1 o primeiro de uma s\u00e9rie de webinars cujo intuito \u00e9 discutir <em>como transformar as medidas do novo Marco do Saneamento em realidade<\/em>, eliminando o d\u00e9ficit negativo que o Brasil tem hoje nos quatro aspectos: distribui\u00e7\u00e3o de \u00e1gua, coleta e tratamento de esgotos, coleta e destina\u00e7\u00e3o do lixo e drenagem urbana.<\/p>\n<p><strong>Convidados:<\/strong><\/p>\n<p><img loading=\"lazy\" decoding=\"async\" class=\"wp-image-68240 alignleft\" src=\"https:\/\/www.institutodeengenharia.org.br\/site\/wp-content\/uploads\/2020\/06\/Aparecido-Hojaij.jpg\" alt=\"\" width=\"157\" height=\"158\" srcset=\"https:\/\/www.institutodeengenharia.org.br\/site\/wp-content\/uploads\/2020\/06\/Aparecido-Hojaij.jpg 406w, https:\/\/www.institutodeengenharia.org.br\/site\/wp-content\/uploads\/2020\/06\/Aparecido-Hojaij-150x150.jpg 150w, https:\/\/www.institutodeengenharia.org.br\/site\/wp-content\/uploads\/2020\/06\/Aparecido-Hojaij-298x300.jpg 298w, https:\/\/www.institutodeengenharia.org.br\/site\/wp-content\/uploads\/2020\/06\/Aparecido-Hojaij-300x300.jpg 300w, https:\/\/www.institutodeengenharia.org.br\/site\/wp-content\/uploads\/2020\/06\/Aparecido-Hojaij-100x100.jpg 100w\" sizes=\"auto, (max-width: 157px) 100vw, 157px\" \/><\/p>\n<p><strong>Aparecido Hojaij<\/strong><\/p>\n<p>\u00c9 presidente da Associa\u00e7\u00e3o Nacional dos Servi\u00e7os Municipais de Saneamento (Assemae), entidade que re\u00fane quase dois mil munic\u00edpios associados com servi\u00e7os pr\u00f3prios de saneamento. Bacharel em Ci\u00eancias Biol\u00f3gicas pela Faculdade de Filosofia, Ci\u00eancias e Letras Bar\u00e3o de Mau\u00e1, e especialista em Engenharia de Saneamento B\u00e1sico pela Universidade Federal de S\u00e3o Carlos. \u00c9 diretor do Servi\u00e7o Aut\u00f4nomo de \u00c1gua e Esgotos de Jaboticabal (SAAEJ), em S\u00e3o Paulo. Com mais de 30 anos de experi\u00eancia no setor, tamb\u00e9m atua como Coordenador da C\u00e2mara T\u00e9cnica de Gest\u00e3o e Planejamento do Comit\u00ea da Bacia Hidrogr\u00e1fica do Rio Mogi-Gua\u00e7u.<\/p>\n<p><img loading=\"lazy\" decoding=\"async\" class=\"alignleft\" src=\"https:\/\/www.bndes.gov.br\/wps\/wcm\/connect\/site\/150282ea-46a9-443f-b97d-299758c0621a\/fabio-abrahao-foto.jpg?MOD=AJPERES&amp;CACHEID=ROOTWORKSPACE.Z18_7QGCHA41LORVA0AHO1SIO51085-150282ea-46a9-443f-b97d-299758c0621a-m.ExkfJ\" alt=\"BNDES - imagem ilustrativa\" width=\"151\" height=\"182\" \/><\/p>\n<p><strong>F\u00e1bio Abrah\u00e3o<\/strong><\/p>\n<p dir=\"ltr\">Diretor de Infraestrutura, Concess\u00f5es e PPPs do Banco Nacional de Desenvolvimento Econ\u00f4mico e Social (BNDES). Engenheiro Mec\u00e2nico graduado pela UFRJ e mestre em administra\u00e7\u00e3o pelo Instituto COPPEAD\/UFRJ. Cursou tamb\u00e9m especializa\u00e7\u00e3o em Gest\u00e3o, Estrat\u00e9gia e Inova\u00e7\u00e3o pelo MIT\/ Sloan.<\/p>\n<p dir=\"ltr\">Atuou como assessor especial do Ministro de Estado da Economia. Como s\u00f3cio-fundador do Infra Partners Investimentos, liderou mais de 40 decis\u00f5es de investimento em infraestrutura e iniciativas de\u00a0<em>turnaround<\/em>. Foi fundador de dois operadores log\u00edsticos de base tecnol\u00f3gica, com atividade em todas as regi\u00f5es do Brasil e pa\u00edses da Am\u00e9rica Latina.<\/p>\n<p dir=\"ltr\"><img loading=\"lazy\" decoding=\"async\" class=\"wp-image-68357 alignleft\" src=\"https:\/\/www.institutodeengenharia.org.br\/site\/wp-content\/uploads\/2020\/06\/paulo-ferreira.jpg\" alt=\"\" width=\"129\" height=\"167\" \/><\/p>\n<p dir=\"ltr\"><strong>Paulo Ferreira<\/strong><\/p>\n<p dir=\"ltr\">Professor da Escola de Engenharia da Universidade Presbiteriana Mackenzie. Engenheiro Civil pela Mackenzie, com mestrado e doutorado pela Escola Polit\u00e9cnica da USP,\u00a0j\u00e1 exerceu os cargos de secret\u00e1rio adjunto do Meio Ambiente do Estado de S\u00e3o Paulo, diretor de Controle de Polui\u00e7\u00e3o da Companhia Ambiental do Estado de S\u00e3o Paulo (Cetesb), secret\u00e1rio nacional de Saneamento do Minist\u00e9rio das Cidades e coordenador, superintendente e diretor t\u00e9cnico na Companhia de Saneamento B\u00e1sico do Estado de S\u00e3o Paulo (Sabesp).<\/p>\n<p><strong>Mediadores:<\/strong><\/p>\n<p><img loading=\"lazy\" decoding=\"async\" class=\"wp-image-68260 alignleft\" src=\"https:\/\/www.institutodeengenharia.org.br\/site\/wp-content\/uploads\/2020\/06\/Paula_Rodrigues.jpg\" alt=\"\" width=\"139\" height=\"139\" srcset=\"https:\/\/www.institutodeengenharia.org.br\/site\/wp-content\/uploads\/2020\/06\/Paula_Rodrigues.jpg 810w, https:\/\/www.institutodeengenharia.org.br\/site\/wp-content\/uploads\/2020\/06\/Paula_Rodrigues-150x150.jpg 150w, https:\/\/www.institutodeengenharia.org.br\/site\/wp-content\/uploads\/2020\/06\/Paula_Rodrigues-300x300.jpg 300w, https:\/\/www.institutodeengenharia.org.br\/site\/wp-content\/uploads\/2020\/06\/Paula_Rodrigues-768x768.jpg 768w, https:\/\/www.institutodeengenharia.org.br\/site\/wp-content\/uploads\/2020\/06\/Paula_Rodrigues-696x696.jpg 696w, https:\/\/www.institutodeengenharia.org.br\/site\/wp-content\/uploads\/2020\/06\/Paula_Rodrigues-420x420.jpg 420w, https:\/\/www.institutodeengenharia.org.br\/site\/wp-content\/uploads\/2020\/06\/Paula_Rodrigues-600x600.jpg 600w, https:\/\/www.institutodeengenharia.org.br\/site\/wp-content\/uploads\/2020\/06\/Paula_Rodrigues-100x100.jpg 100w\" sizes=\"auto, (max-width: 139px) 100vw, 139px\" \/><\/p>\n<p><strong>Paula Fernanda Morais Andrade Rodrigues<\/strong><\/p>\n<p><strong><a href=\"https:\/\/www.linkedin.com\/in\/rodriguespaula2018\/\" target=\"_blank\" rel=\"noopener\"><img loading=\"lazy\" decoding=\"async\" class=\"alignnone wp-image-36844\" src=\"https:\/\/www.institutodeengenharia.org.br\/site\/wp-content\/uploads\/2018\/06\/2000px-Linkedin.svg_.png\" alt=\"\" width=\"30\" height=\"30\" srcset=\"https:\/\/www.institutodeengenharia.org.br\/site\/wp-content\/uploads\/2018\/06\/2000px-Linkedin.svg_.png 2000w, https:\/\/www.institutodeengenharia.org.br\/site\/wp-content\/uploads\/2018\/06\/2000px-Linkedin.svg_-150x150.png 150w, https:\/\/www.institutodeengenharia.org.br\/site\/wp-content\/uploads\/2018\/06\/2000px-Linkedin.svg_-300x300.png 300w, https:\/\/www.institutodeengenharia.org.br\/site\/wp-content\/uploads\/2018\/06\/2000px-Linkedin.svg_-768x768.png 768w, https:\/\/www.institutodeengenharia.org.br\/site\/wp-content\/uploads\/2018\/06\/2000px-Linkedin.svg_-1024x1024.png 1024w, https:\/\/www.institutodeengenharia.org.br\/site\/wp-content\/uploads\/2018\/06\/2000px-Linkedin.svg_-356x364.png 356w, https:\/\/www.institutodeengenharia.org.br\/site\/wp-content\/uploads\/2018\/06\/2000px-Linkedin.svg_-696x696.png 696w, https:\/\/www.institutodeengenharia.org.br\/site\/wp-content\/uploads\/2018\/06\/2000px-Linkedin.svg_-1068x1068.png 1068w, https:\/\/www.institutodeengenharia.org.br\/site\/wp-content\/uploads\/2018\/06\/2000px-Linkedin.svg_-420x420.png 420w, https:\/\/www.institutodeengenharia.org.br\/site\/wp-content\/uploads\/2018\/06\/2000px-Linkedin.svg_-1920x1920.png 1920w\" sizes=\"auto, (max-width: 30px) 100vw, 30px\" \/><\/a><\/strong><\/p>\n<p>Mestre em Sustentabilidade (USP). Especialista em Engenharia de Seguran\u00e7a do Trabalho (USP). Bi\u00f3loga (Mackenzie) e Engenheira Ambiental (UFSCar). Atua em meio ambiente, seguran\u00e7a ocupacional e per\u00edcia judicial prestando servi\u00e7os nas \u00e1reas de licenciamento ambiental, avalia\u00e7\u00e3o de impactos ambientais, investiga\u00e7\u00e3o e gerenciamento de \u00e1reas contaminadas e preven\u00e7\u00e3o de inc\u00eandio. Consultora em Relat\u00f3rios de Sustentabilidade. Atuou como pesquisadora nas \u00e1reas de energia, mitiga\u00e7\u00e3o de emiss\u00f5es de gases do efeito estufa, efici\u00eancia energ\u00e9tica, mudan\u00e7as clim\u00e1ticas e economia ambiental para o Banco Interamericano de Desenvolvimento (BID). Ministrou aulas de Elementos Biol\u00f3gicos em Per\u00edcia Ambiental no IBAPE\/SP. Coordena a Divis\u00e3o de Engenharia Sanit\u00e1ria, Recursos H\u00eddricos e Biotecnologia do Instituto de Engenharia.<\/p>\n<p dir=\"ltr\"><img loading=\"lazy\" decoding=\"async\" class=\"wp-image-68239 alignleft\" src=\"https:\/\/www.institutodeengenharia.org.br\/site\/wp-content\/uploads\/2020\/06\/mario-ernesto-humberg.jpg\" alt=\"\" width=\"129\" height=\"147\" srcset=\"https:\/\/www.institutodeengenharia.org.br\/site\/wp-content\/uploads\/2020\/06\/mario-ernesto-humberg.jpg 1131w, https:\/\/www.institutodeengenharia.org.br\/site\/wp-content\/uploads\/2020\/06\/mario-ernesto-humberg-262x300.jpg 262w, https:\/\/www.institutodeengenharia.org.br\/site\/wp-content\/uploads\/2020\/06\/mario-ernesto-humberg-768x881.jpg 768w, https:\/\/www.institutodeengenharia.org.br\/site\/wp-content\/uploads\/2020\/06\/mario-ernesto-humberg-893x1024.jpg 893w, https:\/\/www.institutodeengenharia.org.br\/site\/wp-content\/uploads\/2020\/06\/mario-ernesto-humberg-696x798.jpg 696w, https:\/\/www.institutodeengenharia.org.br\/site\/wp-content\/uploads\/2020\/06\/mario-ernesto-humberg-1068x1225.jpg 1068w, https:\/\/www.institutodeengenharia.org.br\/site\/wp-content\/uploads\/2020\/06\/mario-ernesto-humberg-366x420.jpg 366w, https:\/\/www.institutodeengenharia.org.br\/site\/wp-content\/uploads\/2020\/06\/mario-ernesto-humberg-600x688.jpg 600w\" sizes=\"auto, (max-width: 129px) 100vw, 129px\" \/><\/p>\n<p dir=\"ltr\"><strong>Mario Ernesto Humberg<\/strong><\/p>\n<p>Formado em Qu\u00edmica pela USP, com especializa\u00e7\u00e3o em Qu\u00edmica Industrial. Foi professor das escolas de engenharia Mau\u00e1, Oswaldo Cruz e Tecnologia de Barretos e atuou em ind\u00fastrias do setor. Dirigiu a Revista Qu\u00edmica e Derivados, derivando para a \u00e1rea jornal\u00edstica, como diretor das revistas t\u00e9cnicas da Editora Abril, e depois do jornal Gazeta Mercantil. Dirigiu a \u00e1rea de Rela\u00e7\u00f5es institucionais das empresas BASF e depois fundou sua empresa de consultoria, a CL-A Comunica\u00e7\u00f5es.<\/p>\n<p>Atua na prepara\u00e7\u00e3o de <em>papers,<\/em> estudos e outros conte\u00fados sobre neg\u00f3cios, meio ambiente e informa\u00e7\u00f5es sociais e econ\u00f4micas. \u00c9 tamb\u00e9m consultor e palestrante sobre \u00c9tica Organizacional e Gest\u00e3o de Crises, com v\u00e1rios livros publicados.<\/p>\n<p>\u00c9 atualmente coordenador Geral do PNBE &#8211; Pensamento Nacional das Bases Empresariais, conselheiro da ADVB &#8211; Associa\u00e7\u00e3o dos Dirigentes de Vendas e Marketing do Brasil, e membro do Conselho de Economia Empresarial e Pol\u00edtica \u2013 CEEP da FECOMERCIO SP.<\/p>\n<p>&nbsp;<\/p>\n<p>Conhe\u00e7a e saiba mais sobre o caderno especial\u00a0<strong><em>Diretrizes para Universaliza\u00e7\u00e3o do Saneamento no Brasil<\/em><\/strong>:<\/p>\n<p><a href=\"https:\/\/www.institutodeengenharia.org.br\/site\/diretrizesaneamentonobrasil\/\" target=\"_blank\" rel=\"noopener\"><img loading=\"lazy\" decoding=\"async\" class=\"alignnone wp-image-65762\" src=\"https:\/\/www.institutodeengenharia.org.br\/site\/wp-content\/uploads\/2020\/05\/botao-clique-acessar.png\" alt=\"\" width=\"179\" height=\"78\" \/><\/a><\/p>\n<p><strong>Realiza\u00e7\u00e3o:<\/strong><\/p>\n<p><img loading=\"lazy\" decoding=\"async\" class=\"alignnone wp-image-60234\" src=\"https:\/\/www.institutodeengenharia.org.br\/site\/wp-content\/uploads\/2020\/02\/logo-novo-IE2018-1.png\" alt=\"\" width=\"86\" height=\"109\" srcset=\"https:\/\/www.institutodeengenharia.org.br\/site\/wp-content\/uploads\/2020\/02\/logo-novo-IE2018-1.png 1486w, https:\/\/www.institutodeengenharia.org.br\/site\/wp-content\/uploads\/2020\/02\/logo-novo-IE2018-1-237x300.png 237w, https:\/\/www.institutodeengenharia.org.br\/site\/wp-content\/uploads\/2020\/02\/logo-novo-IE2018-1-768x971.png 768w, https:\/\/www.institutodeengenharia.org.br\/site\/wp-content\/uploads\/2020\/02\/logo-novo-IE2018-1-810x1024.png 810w, https:\/\/www.institutodeengenharia.org.br\/site\/wp-content\/uploads\/2020\/02\/logo-novo-IE2018-1-696x880.png 696w, https:\/\/www.institutodeengenharia.org.br\/site\/wp-content\/uploads\/2020\/02\/logo-novo-IE2018-1-1068x1350.png 1068w, https:\/\/www.institutodeengenharia.org.br\/site\/wp-content\/uploads\/2020\/02\/logo-novo-IE2018-1-332x420.png 332w, https:\/\/www.institutodeengenharia.org.br\/site\/wp-content\/uploads\/2020\/02\/logo-novo-IE2018-1-600x759.png 600w\" sizes=\"auto, (max-width: 86px) 100vw, 86px\" \/><\/p>\n<p><strong>Divis\u00e3o T\u00e9cnica de Engenharia Sanit\u00e1ria, Recursos H\u00eddricos e Biotecnologia<\/strong><\/p>\n<p>&nbsp;<\/p>\n<p><strong>Apoio:<\/strong><\/p>\n<p><img loading=\"lazy\" decoding=\"async\" class=\"alignnone wp-image-68274\" src=\"https:\/\/www.institutodeengenharia.org.br\/site\/wp-content\/uploads\/2020\/06\/logo-ABEMI-2019-002.png\" alt=\"\" width=\"202\" height=\"49\" srcset=\"https:\/\/www.institutodeengenharia.org.br\/site\/wp-content\/uploads\/2020\/06\/logo-ABEMI-2019-002.png 3000w, https:\/\/www.institutodeengenharia.org.br\/site\/wp-content\/uploads\/2020\/06\/logo-ABEMI-2019-002-300x73.png 300w, https:\/\/www.institutodeengenharia.org.br\/site\/wp-content\/uploads\/2020\/06\/logo-ABEMI-2019-002-768x188.png 768w, https:\/\/www.institutodeengenharia.org.br\/site\/wp-content\/uploads\/2020\/06\/logo-ABEMI-2019-002-1024x251.png 1024w, https:\/\/www.institutodeengenharia.org.br\/site\/wp-content\/uploads\/2020\/06\/logo-ABEMI-2019-002-696x170.png 696w, https:\/\/www.institutodeengenharia.org.br\/site\/wp-content\/uploads\/2020\/06\/logo-ABEMI-2019-002-1068x261.png 1068w, https:\/\/www.institutodeengenharia.org.br\/site\/wp-content\/uploads\/2020\/06\/logo-ABEMI-2019-002-1717x420.png 1717w, https:\/\/www.institutodeengenharia.org.br\/site\/wp-content\/uploads\/2020\/06\/logo-ABEMI-2019-002-1920x470.png 1920w, https:\/\/www.institutodeengenharia.org.br\/site\/wp-content\/uploads\/2020\/06\/logo-ABEMI-2019-002-600x147.png 600w\" sizes=\"auto, (max-width: 202px) 100vw, 202px\" \/><img loading=\"lazy\" decoding=\"async\" class=\"alignnone wp-image-68324\" src=\"https:\/\/www.institutodeengenharia.org.br\/site\/wp-content\/uploads\/2020\/06\/abimaq_horizontal_sem_trademaq-300x113.jpg\" alt=\"\" width=\"178\" height=\"66\" srcset=\"https:\/\/www.institutodeengenharia.org.br\/site\/wp-content\/uploads\/2020\/06\/abimaq_horizontal_sem_trademaq-300x113.jpg 300w, https:\/\/www.institutodeengenharia.org.br\/site\/wp-content\/uploads\/2020\/06\/abimaq_horizontal_sem_trademaq-768x288.jpg 768w, https:\/\/www.institutodeengenharia.org.br\/site\/wp-content\/uploads\/2020\/06\/abimaq_horizontal_sem_trademaq-1024x384.jpg 1024w, https:\/\/www.institutodeengenharia.org.br\/site\/wp-content\/uploads\/2020\/06\/abimaq_horizontal_sem_trademaq-696x261.jpg 696w, https:\/\/www.institutodeengenharia.org.br\/site\/wp-content\/uploads\/2020\/06\/abimaq_horizontal_sem_trademaq-1068x401.jpg 1068w, https:\/\/www.institutodeengenharia.org.br\/site\/wp-content\/uploads\/2020\/06\/abimaq_horizontal_sem_trademaq-1120x420.jpg 1120w, https:\/\/www.institutodeengenharia.org.br\/site\/wp-content\/uploads\/2020\/06\/abimaq_horizontal_sem_trademaq-600x225.jpg 600w, https:\/\/www.institutodeengenharia.org.br\/site\/wp-content\/uploads\/2020\/06\/abimaq_horizontal_sem_trademaq.jpg 1344w\" sizes=\"auto, (max-width: 178px) 100vw, 178px\" \/><img loading=\"lazy\" decoding=\"async\" class=\"alignnone wp-image-68327\" src=\"https:\/\/www.institutodeengenharia.org.br\/site\/wp-content\/uploads\/2020\/06\/ABRASP-300x135.jpg\" alt=\"\" width=\"157\" height=\"70\" srcset=\"https:\/\/www.institutodeengenharia.org.br\/site\/wp-content\/uploads\/2020\/06\/ABRASP-300x135.jpg 300w, https:\/\/www.institutodeengenharia.org.br\/site\/wp-content\/uploads\/2020\/06\/ABRASP.jpg 588w\" sizes=\"auto, (max-width: 157px) 100vw, 157px\" \/><img loading=\"lazy\" decoding=\"async\" class=\"alignnone wp-image-68328\" src=\"https:\/\/www.institutodeengenharia.org.br\/site\/wp-content\/uploads\/2020\/06\/logo-assemae.jpg\" alt=\"\" width=\"168\" height=\"109\" \/><img loading=\"lazy\" decoding=\"async\" class=\"alignnone wp-image-68330\" src=\"https:\/\/www.institutodeengenharia.org.br\/site\/wp-content\/uploads\/2020\/06\/Communit\u00e0-Atual_logo-300x80.jpg\" alt=\"\" width=\"199\" height=\"53\" srcset=\"https:\/\/www.institutodeengenharia.org.br\/site\/wp-content\/uploads\/2020\/06\/Communit\u00e0-Atual_logo-300x80.jpg 300w, https:\/\/www.institutodeengenharia.org.br\/site\/wp-content\/uploads\/2020\/06\/Communit\u00e0-Atual_logo-768x205.jpg 768w, https:\/\/www.institutodeengenharia.org.br\/site\/wp-content\/uploads\/2020\/06\/Communit\u00e0-Atual_logo-1024x273.jpg 1024w, https:\/\/www.institutodeengenharia.org.br\/site\/wp-content\/uploads\/2020\/06\/Communit\u00e0-Atual_logo-696x185.jpg 696w, https:\/\/www.institutodeengenharia.org.br\/site\/wp-content\/uploads\/2020\/06\/Communit\u00e0-Atual_logo-1068x285.jpg 1068w, https:\/\/www.institutodeengenharia.org.br\/site\/wp-content\/uploads\/2020\/06\/Communit\u00e0-Atual_logo-600x160.jpg 600w, https:\/\/www.institutodeengenharia.org.br\/site\/wp-content\/uploads\/2020\/06\/Communit\u00e0-Atual_logo.jpg 1280w\" sizes=\"auto, (max-width: 199px) 100vw, 199px\" \/><img loading=\"lazy\" decoding=\"async\" class=\"alignnone wp-image-68473\" src=\"https:\/\/www.institutodeengenharia.org.br\/site\/wp-content\/uploads\/2020\/06\/LOGO-Portal_Saneamento_Basico-300x84.jpg\" alt=\"\" width=\"168\" height=\"47\" srcset=\"https:\/\/www.institutodeengenharia.org.br\/site\/wp-content\/uploads\/2020\/06\/LOGO-Portal_Saneamento_Basico-300x84.jpg 300w, https:\/\/www.institutodeengenharia.org.br\/site\/wp-content\/uploads\/2020\/06\/LOGO-Portal_Saneamento_Basico.jpg 469w\" sizes=\"auto, (max-width: 168px) 100vw, 168px\" \/><\/p>\n<p>&nbsp;<\/p>\n<p><strong>Apoio Institucional:<\/strong><\/p>\n<p><img loading=\"lazy\" decoding=\"async\" class=\"alignnone wp-image-34556\" src=\"https:\/\/www.institutodeengenharia.org.br\/site\/wp-content\/uploads\/2018\/04\/CREA-SP_vertical.jpg\" alt=\"\" width=\"122\" height=\"86\" srcset=\"https:\/\/www.institutodeengenharia.org.br\/site\/wp-content\/uploads\/2018\/04\/CREA-SP_vertical.jpg 150w, https:\/\/www.institutodeengenharia.org.br\/site\/wp-content\/uploads\/2018\/04\/CREA-SP_vertical-100x70.jpg 100w\" sizes=\"auto, (max-width: 122px) 100vw, 122px\" \/><\/p>\n","protected":false},"excerpt":{"rendered":"<p>&nbsp; Assista abaixo \u00e0 grava\u00e7\u00e3o: &nbsp; + Informa\u00e7\u00f5es: &nbsp; Abordagem: Lan\u00e7amento do caderno especial\u00a0Diretrizes para Universaliza\u00e7\u00e3o do Saneamento no Brasil, desenvolvido pelo Instituto de Engenharia com a\u00a0coordena\u00e7\u00e3o da Divis\u00e3o T\u00e9cnica de Engenharia Sanit\u00e1ria, Recursos H\u00eddricos e Biotecnologia. Na ocasi\u00e3o, ser\u00e3o discutidos temas como os meios financeiros, legais, pol\u00edticos e t\u00e9cnicos, e as dificuldades para chegarmos [&hellip;]<\/p>\n","protected":false},"author":13,"featured_media":67339,"comment_status":"open","ping_status":"open","sticky":false,"template":"","format":"standard","meta":{"footnotes":""},"categories":[75,968,969,1086],"tags":[],"class_list":{"0":"post-69192","1":"post","2":"type-post","3":"status-publish","4":"format-standard","5":"has-post-thumbnail","7":"category-divisao-tecnica-aguas-e-saneamento","8":"category-nova-tv-engenharia","9":"category-palestra","10":"category-saneamento"},"yoast_head":"<!-- This site is optimized with the Yoast SEO plugin v27.2 - https:\/\/yoast.com\/product\/yoast-seo-wordpress\/ -->\n<title>Lan\u00e7amento do caderno Diretrizes para Universaliza\u00e7\u00e3o do Saneamento no Brasil - Instituto de Engenharia<\/title>\n<meta name=\"robots\" content=\"index, follow, max-snippet:-1, max-image-preview:large, max-video-preview:-1\" \/>\n<link rel=\"canonical\" href=\"https:\/\/www.institutodeengenharia.org.br\/site\/2020\/07\/06\/lancamento-do-caderno-diretrizes-para-universalizacao-do-saneamento-no-brasil\/\" \/>\n<meta property=\"og:locale\" content=\"pt_BR\" \/>\n<meta property=\"og:type\" content=\"article\" \/>\n<meta property=\"og:title\" content=\"Lan\u00e7amento do caderno Diretrizes para Universaliza\u00e7\u00e3o do Saneamento no Brasil - Instituto de Engenharia\" \/>\n<meta property=\"og:description\" content=\"&nbsp; Assista abaixo \u00e0 grava\u00e7\u00e3o: &nbsp; + Informa\u00e7\u00f5es: &nbsp; Abordagem: Lan\u00e7amento do caderno especial\u00a0Diretrizes para Universaliza\u00e7\u00e3o do Saneamento no Brasil, desenvolvido pelo Instituto de Engenharia com a\u00a0coordena\u00e7\u00e3o da Divis\u00e3o T\u00e9cnica de Engenharia Sanit\u00e1ria, Recursos H\u00eddricos e Biotecnologia. Na ocasi\u00e3o, ser\u00e3o discutidos temas como os meios financeiros, legais, pol\u00edticos e t\u00e9cnicos, e as dificuldades para chegarmos [&hellip;]\" \/>\n<meta property=\"og:url\" content=\"https:\/\/www.institutodeengenharia.org.br\/site\/2020\/07\/06\/lancamento-do-caderno-diretrizes-para-universalizacao-do-saneamento-no-brasil\/\" \/>\n<meta property=\"og:site_name\" content=\"Instituto de Engenharia\" \/>\n<meta property=\"article:publisher\" content=\"https:\/\/www.facebook.com\/institutodeengenharia\" \/>\n<meta property=\"article:published_time\" content=\"2020-07-06T19:30:13+00:00\" \/>\n<meta property=\"article:modified_time\" content=\"2020-07-16T18:39:47+00:00\" \/>\n<meta property=\"og:image\" content=\"https:\/\/www.institutodeengenharia.org.br\/site\/wp-content\/uploads\/2020\/06\/mao-de-crianca-com-agua-da-torneira_33836-50.jpg\" \/>\n\t<meta property=\"og:image:width\" content=\"626\" \/>\n\t<meta property=\"og:image:height\" content=\"417\" \/>\n\t<meta property=\"og:image:type\" content=\"image\/jpeg\" \/>\n<meta name=\"author\" content=\"Bianca\" \/>\n<meta name=\"twitter:card\" content=\"summary_large_image\" \/>\n<meta name=\"twitter:creator\" content=\"@iengenharia\" \/>\n<meta name=\"twitter:site\" content=\"@iengenharia\" \/>\n<meta name=\"twitter:label1\" content=\"Escrito por\" \/>\n\t<meta name=\"twitter:data1\" content=\"Bianca\" \/>\n\t<meta name=\"twitter:label2\" content=\"Est. tempo de leitura\" \/>\n\t<meta name=\"twitter:data2\" content=\"4 minutos\" \/>\n<script type=\"application\/ld+json\" class=\"yoast-schema-graph\">{\"@context\":\"https:\/\/schema.org\",\"@graph\":[{\"@type\":\"Article\",\"@id\":\"https:\/\/www.institutodeengenharia.org.br\/site\/2020\/07\/06\/lancamento-do-caderno-diretrizes-para-universalizacao-do-saneamento-no-brasil\/#article\",\"isPartOf\":{\"@id\":\"https:\/\/www.institutodeengenharia.org.br\/site\/2020\/07\/06\/lancamento-do-caderno-diretrizes-para-universalizacao-do-saneamento-no-brasil\/\"},\"author\":{\"name\":\"Bianca\",\"@id\":\"https:\/\/www.institutodeengenharia.org.br\/site\/#\/schema\/person\/aeb64951c405e100d26d30b033dd423f\"},\"headline\":\"Lan\u00e7amento do caderno Diretrizes para Universaliza\u00e7\u00e3o do Saneamento no Brasil\",\"datePublished\":\"2020-07-06T19:30:13+00:00\",\"dateModified\":\"2020-07-16T18:39:47+00:00\",\"mainEntityOfPage\":{\"@id\":\"https:\/\/www.institutodeengenharia.org.br\/site\/2020\/07\/06\/lancamento-do-caderno-diretrizes-para-universalizacao-do-saneamento-no-brasil\/\"},\"wordCount\":793,\"commentCount\":0,\"publisher\":{\"@id\":\"https:\/\/www.institutodeengenharia.org.br\/site\/#organization\"},\"image\":{\"@id\":\"https:\/\/www.institutodeengenharia.org.br\/site\/2020\/07\/06\/lancamento-do-caderno-diretrizes-para-universalizacao-do-saneamento-no-brasil\/#primaryimage\"},\"thumbnailUrl\":\"https:\/\/www.institutodeengenharia.org.br\/site\/wp-content\/uploads\/2020\/06\/mao-de-crianca-com-agua-da-torneira_33836-50.jpg\",\"articleSection\":[\"Divis\u00e3o T\u00e9cnica \u00c1guas e Saneamento\",\"Nova TV Engenharia\",\"Palestra\",\"Saneamento\"],\"inLanguage\":\"pt-BR\",\"potentialAction\":[{\"@type\":\"CommentAction\",\"name\":\"Comment\",\"target\":[\"https:\/\/www.institutodeengenharia.org.br\/site\/2020\/07\/06\/lancamento-do-caderno-diretrizes-para-universalizacao-do-saneamento-no-brasil\/#respond\"]}]},{\"@type\":\"WebPage\",\"@id\":\"https:\/\/www.institutodeengenharia.org.br\/site\/2020\/07\/06\/lancamento-do-caderno-diretrizes-para-universalizacao-do-saneamento-no-brasil\/\",\"url\":\"https:\/\/www.institutodeengenharia.org.br\/site\/2020\/07\/06\/lancamento-do-caderno-diretrizes-para-universalizacao-do-saneamento-no-brasil\/\",\"name\":\"Lan\u00e7amento do caderno Diretrizes para Universaliza\u00e7\u00e3o do Saneamento no Brasil - Instituto de Engenharia\",\"isPartOf\":{\"@id\":\"https:\/\/www.institutodeengenharia.org.br\/site\/#website\"},\"primaryImageOfPage\":{\"@id\":\"https:\/\/www.institutodeengenharia.org.br\/site\/2020\/07\/06\/lancamento-do-caderno-diretrizes-para-universalizacao-do-saneamento-no-brasil\/#primaryimage\"},\"image\":{\"@id\":\"https:\/\/www.institutodeengenharia.org.br\/site\/2020\/07\/06\/lancamento-do-caderno-diretrizes-para-universalizacao-do-saneamento-no-brasil\/#primaryimage\"},\"thumbnailUrl\":\"https:\/\/www.institutodeengenharia.org.br\/site\/wp-content\/uploads\/2020\/06\/mao-de-crianca-com-agua-da-torneira_33836-50.jpg\",\"datePublished\":\"2020-07-06T19:30:13+00:00\",\"dateModified\":\"2020-07-16T18:39:47+00:00\",\"breadcrumb\":{\"@id\":\"https:\/\/www.institutodeengenharia.org.br\/site\/2020\/07\/06\/lancamento-do-caderno-diretrizes-para-universalizacao-do-saneamento-no-brasil\/#breadcrumb\"},\"inLanguage\":\"pt-BR\",\"potentialAction\":[{\"@type\":\"ReadAction\",\"target\":[\"https:\/\/www.institutodeengenharia.org.br\/site\/2020\/07\/06\/lancamento-do-caderno-diretrizes-para-universalizacao-do-saneamento-no-brasil\/\"]}]},{\"@type\":\"ImageObject\",\"inLanguage\":\"pt-BR\",\"@id\":\"https:\/\/www.institutodeengenharia.org.br\/site\/2020\/07\/06\/lancamento-do-caderno-diretrizes-para-universalizacao-do-saneamento-no-brasil\/#primaryimage\",\"url\":\"https:\/\/www.institutodeengenharia.org.br\/site\/wp-content\/uploads\/2020\/06\/mao-de-crianca-com-agua-da-torneira_33836-50.jpg\",\"contentUrl\":\"https:\/\/www.institutodeengenharia.org.br\/site\/wp-content\/uploads\/2020\/06\/mao-de-crianca-com-agua-da-torneira_33836-50.jpg\",\"width\":626,\"height\":417},{\"@type\":\"BreadcrumbList\",\"@id\":\"https:\/\/www.institutodeengenharia.org.br\/site\/2020\/07\/06\/lancamento-do-caderno-diretrizes-para-universalizacao-do-saneamento-no-brasil\/#breadcrumb\",\"itemListElement\":[{\"@type\":\"ListItem\",\"position\":1,\"name\":\"In\u00edcio\",\"item\":\"https:\/\/www.institutodeengenharia.org.br\/site\/\"},{\"@type\":\"ListItem\",\"position\":2,\"name\":\"Lan\u00e7amento do caderno Diretrizes para Universaliza\u00e7\u00e3o do Saneamento no Brasil\"}]},{\"@type\":\"WebSite\",\"@id\":\"https:\/\/www.institutodeengenharia.org.br\/site\/#website\",\"url\":\"https:\/\/www.institutodeengenharia.org.br\/site\/\",\"name\":\"Instituto de Engenharia\",\"description\":\"O Instituto de Engenharia promove a Engenharia em benef\u00edcio do desenvolvimento e da qualidade de vida da sociedade.\",\"publisher\":{\"@id\":\"https:\/\/www.institutodeengenharia.org.br\/site\/#organization\"},\"potentialAction\":[{\"@type\":\"SearchAction\",\"target\":{\"@type\":\"EntryPoint\",\"urlTemplate\":\"https:\/\/www.institutodeengenharia.org.br\/site\/?s={search_term_string}\"},\"query-input\":{\"@type\":\"PropertyValueSpecification\",\"valueRequired\":true,\"valueName\":\"search_term_string\"}}],\"inLanguage\":\"pt-BR\"},{\"@type\":\"Organization\",\"@id\":\"https:\/\/www.institutodeengenharia.org.br\/site\/#organization\",\"name\":\"Instituto de Engenharia\",\"url\":\"https:\/\/www.institutodeengenharia.org.br\/site\/\",\"logo\":{\"@type\":\"ImageObject\",\"inLanguage\":\"pt-BR\",\"@id\":\"https:\/\/www.institutodeengenharia.org.br\/site\/#\/schema\/logo\/image\/\",\"url\":\"https:\/\/www.institutodeengenharia.org.br\/site\/wp-content\/uploads\/2019\/03\/logo-novo-IE2018-1.jpg\",\"contentUrl\":\"https:\/\/www.institutodeengenharia.org.br\/site\/wp-content\/uploads\/2019\/03\/logo-novo-IE2018-1.jpg\",\"width\":1486,\"height\":1879,\"caption\":\"Instituto de Engenharia\"},\"image\":{\"@id\":\"https:\/\/www.institutodeengenharia.org.br\/site\/#\/schema\/logo\/image\/\"},\"sameAs\":[\"https:\/\/www.facebook.com\/institutodeengenharia\",\"https:\/\/x.com\/iengenharia\",\"https:\/\/www.instagram.com\/institutodeengenharia\/\",\"https:\/\/www.linkedin.com\/company\/instituto-de-engenharia\/\",\"https:\/\/www.youtube.com\/channel\/UCXiCAlsSMe977vamW915HxA\"]},{\"@type\":\"Person\",\"@id\":\"https:\/\/www.institutodeengenharia.org.br\/site\/#\/schema\/person\/aeb64951c405e100d26d30b033dd423f\",\"name\":\"Bianca\",\"image\":{\"@type\":\"ImageObject\",\"inLanguage\":\"pt-BR\",\"@id\":\"https:\/\/secure.gravatar.com\/avatar\/a6fbe9bff57405baf4c1e2c5c1811e072b558253974a9f9508f4678900c97c2a?s=96&d=mm&r=g\",\"url\":\"https:\/\/secure.gravatar.com\/avatar\/a6fbe9bff57405baf4c1e2c5c1811e072b558253974a9f9508f4678900c97c2a?s=96&d=mm&r=g\",\"contentUrl\":\"https:\/\/secure.gravatar.com\/avatar\/a6fbe9bff57405baf4c1e2c5c1811e072b558253974a9f9508f4678900c97c2a?s=96&d=mm&r=g\",\"caption\":\"Bianca\"},\"url\":\"https:\/\/www.institutodeengenharia.org.br\/site\/author\/comunicacao1\/\"}]}<\/script>\n<!-- \/ Yoast SEO plugin. -->","yoast_head_json":{"title":"Lan\u00e7amento do caderno Diretrizes para Universaliza\u00e7\u00e3o do Saneamento no Brasil - Instituto de Engenharia","robots":{"index":"index","follow":"follow","max-snippet":"max-snippet:-1","max-image-preview":"max-image-preview:large","max-video-preview":"max-video-preview:-1"},"canonical":"https:\/\/www.institutodeengenharia.org.br\/site\/2020\/07\/06\/lancamento-do-caderno-diretrizes-para-universalizacao-do-saneamento-no-brasil\/","og_locale":"pt_BR","og_type":"article","og_title":"Lan\u00e7amento do caderno Diretrizes para Universaliza\u00e7\u00e3o do Saneamento no Brasil - Instituto de Engenharia","og_description":"&nbsp; Assista abaixo \u00e0 grava\u00e7\u00e3o: &nbsp; + Informa\u00e7\u00f5es: &nbsp; Abordagem: Lan\u00e7amento do caderno especial\u00a0Diretrizes para Universaliza\u00e7\u00e3o do Saneamento no Brasil, desenvolvido pelo Instituto de Engenharia com a\u00a0coordena\u00e7\u00e3o da Divis\u00e3o T\u00e9cnica de Engenharia Sanit\u00e1ria, Recursos H\u00eddricos e Biotecnologia. Na ocasi\u00e3o, ser\u00e3o discutidos temas como os meios financeiros, legais, pol\u00edticos e t\u00e9cnicos, e as dificuldades para chegarmos [&hellip;]","og_url":"https:\/\/www.institutodeengenharia.org.br\/site\/2020\/07\/06\/lancamento-do-caderno-diretrizes-para-universalizacao-do-saneamento-no-brasil\/","og_site_name":"Instituto de Engenharia","article_publisher":"https:\/\/www.facebook.com\/institutodeengenharia","article_published_time":"2020-07-06T19:30:13+00:00","article_modified_time":"2020-07-16T18:39:47+00:00","og_image":[{"width":626,"height":417,"url":"https:\/\/www.institutodeengenharia.org.br\/site\/wp-content\/uploads\/2020\/06\/mao-de-crianca-com-agua-da-torneira_33836-50.jpg","type":"image\/jpeg"}],"author":"Bianca","twitter_card":"summary_large_image","twitter_creator":"@iengenharia","twitter_site":"@iengenharia","twitter_misc":{"Escrito por":"Bianca","Est. tempo de leitura":"4 minutos"},"schema":{"@context":"https:\/\/schema.org","@graph":[{"@type":"Article","@id":"https:\/\/www.institutodeengenharia.org.br\/site\/2020\/07\/06\/lancamento-do-caderno-diretrizes-para-universalizacao-do-saneamento-no-brasil\/#article","isPartOf":{"@id":"https:\/\/www.institutodeengenharia.org.br\/site\/2020\/07\/06\/lancamento-do-caderno-diretrizes-para-universalizacao-do-saneamento-no-brasil\/"},"author":{"name":"Bianca","@id":"https:\/\/www.institutodeengenharia.org.br\/site\/#\/schema\/person\/aeb64951c405e100d26d30b033dd423f"},"headline":"Lan\u00e7amento do caderno Diretrizes para Universaliza\u00e7\u00e3o do Saneamento no Brasil","datePublished":"2020-07-06T19:30:13+00:00","dateModified":"2020-07-16T18:39:47+00:00","mainEntityOfPage":{"@id":"https:\/\/www.institutodeengenharia.org.br\/site\/2020\/07\/06\/lancamento-do-caderno-diretrizes-para-universalizacao-do-saneamento-no-brasil\/"},"wordCount":793,"commentCount":0,"publisher":{"@id":"https:\/\/www.institutodeengenharia.org.br\/site\/#organization"},"image":{"@id":"https:\/\/www.institutodeengenharia.org.br\/site\/2020\/07\/06\/lancamento-do-caderno-diretrizes-para-universalizacao-do-saneamento-no-brasil\/#primaryimage"},"thumbnailUrl":"https:\/\/www.institutodeengenharia.org.br\/site\/wp-content\/uploads\/2020\/06\/mao-de-crianca-com-agua-da-torneira_33836-50.jpg","articleSection":["Divis\u00e3o T\u00e9cnica \u00c1guas e Saneamento","Nova TV Engenharia","Palestra","Saneamento"],"inLanguage":"pt-BR","potentialAction":[{"@type":"CommentAction","name":"Comment","target":["https:\/\/www.institutodeengenharia.org.br\/site\/2020\/07\/06\/lancamento-do-caderno-diretrizes-para-universalizacao-do-saneamento-no-brasil\/#respond"]}]},{"@type":"WebPage","@id":"https:\/\/www.institutodeengenharia.org.br\/site\/2020\/07\/06\/lancamento-do-caderno-diretrizes-para-universalizacao-do-saneamento-no-brasil\/","url":"https:\/\/www.institutodeengenharia.org.br\/site\/2020\/07\/06\/lancamento-do-caderno-diretrizes-para-universalizacao-do-saneamento-no-brasil\/","name":"Lan\u00e7amento do caderno Diretrizes para Universaliza\u00e7\u00e3o do Saneamento no Brasil - Instituto de Engenharia","isPartOf":{"@id":"https:\/\/www.institutodeengenharia.org.br\/site\/#website"},"primaryImageOfPage":{"@id":"https:\/\/www.institutodeengenharia.org.br\/site\/2020\/07\/06\/lancamento-do-caderno-diretrizes-para-universalizacao-do-saneamento-no-brasil\/#primaryimage"},"image":{"@id":"https:\/\/www.institutodeengenharia.org.br\/site\/2020\/07\/06\/lancamento-do-caderno-diretrizes-para-universalizacao-do-saneamento-no-brasil\/#primaryimage"},"thumbnailUrl":"https:\/\/www.institutodeengenharia.org.br\/site\/wp-content\/uploads\/2020\/06\/mao-de-crianca-com-agua-da-torneira_33836-50.jpg","datePublished":"2020-07-06T19:30:13+00:00","dateModified":"2020-07-16T18:39:47+00:00","breadcrumb":{"@id":"https:\/\/www.institutodeengenharia.org.br\/site\/2020\/07\/06\/lancamento-do-caderno-diretrizes-para-universalizacao-do-saneamento-no-brasil\/#breadcrumb"},"inLanguage":"pt-BR","potentialAction":[{"@type":"ReadAction","target":["https:\/\/www.institutodeengenharia.org.br\/site\/2020\/07\/06\/lancamento-do-caderno-diretrizes-para-universalizacao-do-saneamento-no-brasil\/"]}]},{"@type":"ImageObject","inLanguage":"pt-BR","@id":"https:\/\/www.institutodeengenharia.org.br\/site\/2020\/07\/06\/lancamento-do-caderno-diretrizes-para-universalizacao-do-saneamento-no-brasil\/#primaryimage","url":"https:\/\/www.institutodeengenharia.org.br\/site\/wp-content\/uploads\/2020\/06\/mao-de-crianca-com-agua-da-torneira_33836-50.jpg","contentUrl":"https:\/\/www.institutodeengenharia.org.br\/site\/wp-content\/uploads\/2020\/06\/mao-de-crianca-com-agua-da-torneira_33836-50.jpg","width":626,"height":417},{"@type":"BreadcrumbList","@id":"https:\/\/www.institutodeengenharia.org.br\/site\/2020\/07\/06\/lancamento-do-caderno-diretrizes-para-universalizacao-do-saneamento-no-brasil\/#breadcrumb","itemListElement":[{"@type":"ListItem","position":1,"name":"In\u00edcio","item":"https:\/\/www.institutodeengenharia.org.br\/site\/"},{"@type":"ListItem","position":2,"name":"Lan\u00e7amento do caderno Diretrizes para Universaliza\u00e7\u00e3o do Saneamento no Brasil"}]},{"@type":"WebSite","@id":"https:\/\/www.institutodeengenharia.org.br\/site\/#website","url":"https:\/\/www.institutodeengenharia.org.br\/site\/","name":"Instituto de Engenharia","description":"O Instituto de Engenharia promove a Engenharia em benef\u00edcio do desenvolvimento e da qualidade de vida da sociedade.","publisher":{"@id":"https:\/\/www.institutodeengenharia.org.br\/site\/#organization"},"potentialAction":[{"@type":"SearchAction","target":{"@type":"EntryPoint","urlTemplate":"https:\/\/www.institutodeengenharia.org.br\/site\/?s={search_term_string}"},"query-input":{"@type":"PropertyValueSpecification","valueRequired":true,"valueName":"search_term_string"}}],"inLanguage":"pt-BR"},{"@type":"Organization","@id":"https:\/\/www.institutodeengenharia.org.br\/site\/#organization","name":"Instituto de Engenharia","url":"https:\/\/www.institutodeengenharia.org.br\/site\/","logo":{"@type":"ImageObject","inLanguage":"pt-BR","@id":"https:\/\/www.institutodeengenharia.org.br\/site\/#\/schema\/logo\/image\/","url":"https:\/\/www.institutodeengenharia.org.br\/site\/wp-content\/uploads\/2019\/03\/logo-novo-IE2018-1.jpg","contentUrl":"https:\/\/www.institutodeengenharia.org.br\/site\/wp-content\/uploads\/2019\/03\/logo-novo-IE2018-1.jpg","width":1486,"height":1879,"caption":"Instituto de Engenharia"},"image":{"@id":"https:\/\/www.institutodeengenharia.org.br\/site\/#\/schema\/logo\/image\/"},"sameAs":["https:\/\/www.facebook.com\/institutodeengenharia","https:\/\/x.com\/iengenharia","https:\/\/www.instagram.com\/institutodeengenharia\/","https:\/\/www.linkedin.com\/company\/instituto-de-engenharia\/","https:\/\/www.youtube.com\/channel\/UCXiCAlsSMe977vamW915HxA"]},{"@type":"Person","@id":"https:\/\/www.institutodeengenharia.org.br\/site\/#\/schema\/person\/aeb64951c405e100d26d30b033dd423f","name":"Bianca","image":{"@type":"ImageObject","inLanguage":"pt-BR","@id":"https:\/\/secure.gravatar.com\/avatar\/a6fbe9bff57405baf4c1e2c5c1811e072b558253974a9f9508f4678900c97c2a?s=96&d=mm&r=g","url":"https:\/\/secure.gravatar.com\/avatar\/a6fbe9bff57405baf4c1e2c5c1811e072b558253974a9f9508f4678900c97c2a?s=96&d=mm&r=g","contentUrl":"https:\/\/secure.gravatar.com\/avatar\/a6fbe9bff57405baf4c1e2c5c1811e072b558253974a9f9508f4678900c97c2a?s=96&d=mm&r=g","caption":"Bianca"},"url":"https:\/\/www.institutodeengenharia.org.br\/site\/author\/comunicacao1\/"}]}},"_links":{"self":[{"href":"https:\/\/www.institutodeengenharia.org.br\/site\/wp-json\/wp\/v2\/posts\/69192","targetHints":{"allow":["GET"]}}],"collection":[{"href":"https:\/\/www.institutodeengenharia.org.br\/site\/wp-json\/wp\/v2\/posts"}],"about":[{"href":"https:\/\/www.institutodeengenharia.org.br\/site\/wp-json\/wp\/v2\/types\/post"}],"author":[{"embeddable":true,"href":"https:\/\/www.institutodeengenharia.org.br\/site\/wp-json\/wp\/v2\/users\/13"}],"replies":[{"embeddable":true,"href":"https:\/\/www.institutodeengenharia.org.br\/site\/wp-json\/wp\/v2\/comments?post=69192"}],"version-history":[{"count":1,"href":"https:\/\/www.institutodeengenharia.org.br\/site\/wp-json\/wp\/v2\/posts\/69192\/revisions"}],"predecessor-version":[{"id":69193,"href":"https:\/\/www.institutodeengenharia.org.br\/site\/wp-json\/wp\/v2\/posts\/69192\/revisions\/69193"}],"wp:featuredmedia":[{"embeddable":true,"href":"https:\/\/www.institutodeengenharia.org.br\/site\/wp-json\/wp\/v2\/media\/67339"}],"wp:attachment":[{"href":"https:\/\/www.institutodeengenharia.org.br\/site\/wp-json\/wp\/v2\/media?parent=69192"}],"wp:term":[{"taxonomy":"category","embeddable":true,"href":"https:\/\/www.institutodeengenharia.org.br\/site\/wp-json\/wp\/v2\/categories?post=69192"},{"taxonomy":"post_tag","embeddable":true,"href":"https:\/\/www.institutodeengenharia.org.br\/site\/wp-json\/wp\/v2\/tags?post=69192"}],"curies":[{"name":"wp","href":"https:\/\/api.w.org\/{rel}","templated":true}]}}