{"id":68841,"date":"2020-06-26T14:35:19","date_gmt":"2020-06-26T17:35:19","guid":{"rendered":"https:\/\/www.institutodeengenharia.org.br\/site\/?p=68841"},"modified":"2020-07-13T11:38:42","modified_gmt":"2020-07-13T14:38:42","slug":"intervencoes-em-pontes-historicas-europeias","status":"publish","type":"post","link":"https:\/\/www.institutodeengenharia.org.br\/site\/2020\/06\/26\/intervencoes-em-pontes-historicas-europeias\/","title":{"rendered":"Interven\u00e7\u00f5es em pontes hist\u00f3ricas europeias"},"content":{"rendered":"<p>&nbsp;<\/p>\n<p><strong>Assista abaixo \u00e0 grava\u00e7\u00e3o:<\/strong><\/p>\n<p><iframe loading=\"lazy\" src=\"https:\/\/player.vimeo.com\/video\/436436074\" width=\"640\" height=\"360\" frameborder=\"0\" allowfullscreen=\"allowfullscreen\"><\/iframe><br \/>\n&nbsp;<\/p>\n<p><strong>+ Informa\u00e7\u00f5es:<\/strong><\/p>\n<p>&nbsp;<\/p>\n<p><strong>Abordagem<\/strong>:<\/p>\n<ul>\n<li>Recupera\u00e7\u00e3o de pontes europeias;<\/li>\n<li>Ponte de Rande \u2013 amplia\u00e7\u00e3o de ponte estaiada;<\/li>\n<li>Ponte de Alcoi \u2013 corros\u00e3o e substitui\u00e7\u00e3o dos estais;<\/li>\n<li>Ponte de Deba \u2013 colapso de funda\u00e7\u00e3o e interven\u00e7\u00e3o emergencial.<\/li>\n<\/ul>\n<p><strong>P\u00fablico-alvo: <\/strong><\/p>\n<p>Engenheiros, t\u00e9cnicos, estudantes e demais interessados.<\/p>\n<p><strong>Palestrantes:<\/strong><\/p>\n<p><img loading=\"lazy\" decoding=\"async\" class=\"wp-image-66244 alignleft\" src=\"https:\/\/www.institutodeengenharia.org.br\/site\/wp-content\/uploads\/2020\/06\/Hugo-Corres-Peiretti.png\" alt=\"\" width=\"138\" height=\"182\" srcset=\"https:\/\/www.institutodeengenharia.org.br\/site\/wp-content\/uploads\/2020\/06\/Hugo-Corres-Peiretti.png 283w, https:\/\/www.institutodeengenharia.org.br\/site\/wp-content\/uploads\/2020\/06\/Hugo-Corres-Peiretti-228x300.png 228w\" sizes=\"auto, (max-width: 138px) 100vw, 138px\" \/><\/p>\n<p><strong>Hugo Corres Peiretti<\/strong><\/p>\n<p>Engenheiro civil pela Universidade Polit\u00e9cnica de Madrid em 1977. Doutorado em estruturas pela Universidade Polit\u00e9cnica de Madrid em 1982. Professor das cadeiras de Concreto Armado, Concreto Protendido na Escola de Engenharia da Universidade Polit\u00e9cnica de Madrid desde 1993. Doutor \u201cHonoris Causa\u201d pela Universidade Tecnol\u00f3gica da Bratislava em 2003. EURO ING. pela FEANI \u2013 Federa\u00e7\u00e3o Europeia da Associa\u00e7\u00e3o Nacional dos Engenheiros. Presidente da ACHE \u2013 Associa\u00e7\u00e3o Cient\u00edfico T\u00e9cnica para o Concreto Estrutural de 2002 a 2005. Presidente da fib de 2016 a 2018. Participou de diversos comit\u00eas t\u00e9cnicos cient\u00edficos pelo mundo para pontes, concreto armado e protendido sobre normas internacionais, europeias e espanholas. Fundador e presidente da FHECOR Ingenieros Consultores desde 1979. Atuou e desenvolver diversos trabalhos relacionados a Engenharia Estrutural.<\/p>\n<p><img loading=\"lazy\" decoding=\"async\" class=\"wp-image-66245 alignleft\" src=\"https:\/\/www.institutodeengenharia.org.br\/site\/wp-content\/uploads\/2020\/06\/Francisco-Prieto-Aguilera.jpg\" alt=\"\" width=\"151\" height=\"184\" \/><strong>Francisco Prieto Aguilera<\/strong><\/p>\n<p>Engenheiro civil com especializa\u00e7\u00e3o na \u00e1rea de estruturas pela Escola T\u00e9cnica Superior de Santander em 2000. Membro de ACHE. Membro de comit\u00eas t\u00e9cnicos da ACHE para avalia\u00e7\u00e3o de estruturas existentes em concreto estrutural. Membro do comit\u00ea t\u00e9cnico de recupera\u00e7\u00e3o de estruturas met\u00e1licas existentes em a\u00e7o galvanizado. Diretor do Departamento de Engenharia Civil e Pontes da FHECOR Ingenieros Consultores desde 2001.<\/p>\n<p><strong>Co-realiza\u00e7\u00e3o do evento:<\/strong><\/p>\n<p><img loading=\"lazy\" decoding=\"async\" class=\"alignnone size-full wp-image-34168\" src=\"https:\/\/www.institutodeengenharia.org.br\/site\/wp-content\/uploads\/2018\/03\/abece(71).jpg\" alt=\"\" width=\"123\" height=\"72\" \/><img loading=\"lazy\" decoding=\"async\" class=\"alignnone size-full wp-image-34519\" src=\"https:\/\/www.institutodeengenharia.org.br\/site\/wp-content\/uploads\/2018\/04\/ibracon.jpg\" alt=\"\" width=\"101\" height=\"88\" \/><img loading=\"lazy\" decoding=\"async\" class=\"alignnone wp-image-66248\" src=\"https:\/\/www.institutodeengenharia.org.br\/site\/wp-content\/uploads\/2020\/06\/alconpat.png\" alt=\"\" width=\"86\" height=\"84\" \/><\/p>\n<p><strong>Apoio Institucional:<\/strong><\/p>\n<p><img loading=\"lazy\" decoding=\"async\" class=\"alignnone size-full wp-image-34556\" src=\"https:\/\/www.institutodeengenharia.org.br\/site\/wp-content\/uploads\/2018\/04\/CREA-SP_vertical.jpg\" alt=\"\" width=\"150\" height=\"106\" srcset=\"https:\/\/www.institutodeengenharia.org.br\/site\/wp-content\/uploads\/2018\/04\/CREA-SP_vertical.jpg 150w, https:\/\/www.institutodeengenharia.org.br\/site\/wp-content\/uploads\/2018\/04\/CREA-SP_vertical-100x70.jpg 100w\" sizes=\"auto, (max-width: 150px) 100vw, 150px\" \/><\/p>\n<p><strong>Realiza\u00e7\u00e3o:<\/strong><\/p>\n<p><strong>Eng. Jer\u00f4nimo Cabral Pereira Fagundes Neto <\/strong>\u2013 Vice-presidente de Atividades T\u00e9cnicas<\/p>\n<p><strong>Eng. Roberto Kochen<\/strong> \u2013 Diretor do Departamento de Engenharia do Habitat e Infraestrutura<\/p>\n<p><strong>Eng. Rafael Timerman<\/strong> \u2013 Coordenador da Divis\u00e3o T\u00e9cnica de Estruturas<\/p>\n","protected":false},"excerpt":{"rendered":"<p>&nbsp; Assista abaixo \u00e0 grava\u00e7\u00e3o: &nbsp; + Informa\u00e7\u00f5es: &nbsp; Abordagem: Recupera\u00e7\u00e3o de pontes europeias; Ponte de Rande \u2013 amplia\u00e7\u00e3o de ponte estaiada; Ponte de Alcoi \u2013 corros\u00e3o e substitui\u00e7\u00e3o dos estais; Ponte de Deba \u2013 colapso de funda\u00e7\u00e3o e interven\u00e7\u00e3o emergencial. P\u00fablico-alvo: Engenheiros, t\u00e9cnicos, estudantes e demais interessados. Palestrantes: Hugo Corres Peiretti Engenheiro civil pela [&hellip;]<\/p>\n","protected":false},"author":13,"featured_media":66254,"comment_status":"open","ping_status":"open","sticky":false,"template":"","format":"standard","meta":{"footnotes":""},"categories":[15,76,968,969],"tags":[],"class_list":{"0":"post-68841","1":"post","2":"type-post","3":"status-publish","4":"format-standard","5":"has-post-thumbnail","7":"category-departamento-desenvolvimento-de-projetos-e-servicos-de-infraestrutura","8":"category-divisao-tecnica-estruturas-e-controle-tecnologico","9":"category-nova-tv-engenharia","10":"category-palestra"},"yoast_head":"<!-- This site is optimized with the Yoast SEO plugin v27.2 - https:\/\/yoast.com\/product\/yoast-seo-wordpress\/ -->\n<title>Interven\u00e7\u00f5es em pontes hist\u00f3ricas europeias - Instituto de Engenharia<\/title>\n<meta name=\"robots\" content=\"index, follow, max-snippet:-1, max-image-preview:large, max-video-preview:-1\" \/>\n<link rel=\"canonical\" href=\"https:\/\/www.institutodeengenharia.org.br\/site\/2020\/06\/26\/intervencoes-em-pontes-historicas-europeias\/\" \/>\n<meta property=\"og:locale\" content=\"pt_BR\" \/>\n<meta property=\"og:type\" content=\"article\" \/>\n<meta property=\"og:title\" content=\"Interven\u00e7\u00f5es em pontes hist\u00f3ricas europeias - Instituto de Engenharia\" \/>\n<meta property=\"og:description\" content=\"&nbsp; Assista abaixo \u00e0 grava\u00e7\u00e3o: &nbsp; + Informa\u00e7\u00f5es: &nbsp; Abordagem: Recupera\u00e7\u00e3o de pontes europeias; Ponte de Rande \u2013 amplia\u00e7\u00e3o de ponte estaiada; Ponte de Alcoi \u2013 corros\u00e3o e substitui\u00e7\u00e3o dos estais; Ponte de Deba \u2013 colapso de funda\u00e7\u00e3o e interven\u00e7\u00e3o emergencial. P\u00fablico-alvo: Engenheiros, t\u00e9cnicos, estudantes e demais interessados. Palestrantes: Hugo Corres Peiretti Engenheiro civil pela [&hellip;]\" \/>\n<meta property=\"og:url\" content=\"https:\/\/www.institutodeengenharia.org.br\/site\/2020\/06\/26\/intervencoes-em-pontes-historicas-europeias\/\" \/>\n<meta property=\"og:site_name\" content=\"Instituto de Engenharia\" \/>\n<meta property=\"article:publisher\" content=\"https:\/\/www.facebook.com\/institutodeengenharia\" \/>\n<meta property=\"article:published_time\" content=\"2020-06-26T17:35:19+00:00\" \/>\n<meta property=\"article:modified_time\" content=\"2020-07-13T14:38:42+00:00\" \/>\n<meta property=\"og:image\" content=\"https:\/\/www.institutodeengenharia.org.br\/site\/wp-content\/uploads\/2020\/06\/1.jpg\" \/>\n\t<meta property=\"og:image:width\" content=\"2576\" \/>\n\t<meta property=\"og:image:height\" content=\"1932\" \/>\n\t<meta property=\"og:image:type\" content=\"image\/jpeg\" \/>\n<meta name=\"author\" content=\"Bianca\" \/>\n<meta name=\"twitter:card\" content=\"summary_large_image\" \/>\n<meta name=\"twitter:creator\" content=\"@iengenharia\" \/>\n<meta name=\"twitter:site\" content=\"@iengenharia\" \/>\n<meta name=\"twitter:label1\" content=\"Escrito por\" \/>\n\t<meta name=\"twitter:data1\" content=\"Bianca\" \/>\n\t<meta name=\"twitter:label2\" content=\"Est. tempo de leitura\" \/>\n\t<meta name=\"twitter:data2\" content=\"1 minuto\" \/>\n<script type=\"application\/ld+json\" class=\"yoast-schema-graph\">{\"@context\":\"https:\/\/schema.org\",\"@graph\":[{\"@type\":\"Article\",\"@id\":\"https:\/\/www.institutodeengenharia.org.br\/site\/2020\/06\/26\/intervencoes-em-pontes-historicas-europeias\/#article\",\"isPartOf\":{\"@id\":\"https:\/\/www.institutodeengenharia.org.br\/site\/2020\/06\/26\/intervencoes-em-pontes-historicas-europeias\/\"},\"author\":{\"name\":\"Bianca\",\"@id\":\"https:\/\/www.institutodeengenharia.org.br\/site\/#\/schema\/person\/aeb64951c405e100d26d30b033dd423f\"},\"headline\":\"Interven\u00e7\u00f5es em pontes hist\u00f3ricas europeias\",\"datePublished\":\"2020-06-26T17:35:19+00:00\",\"dateModified\":\"2020-07-13T14:38:42+00:00\",\"mainEntityOfPage\":{\"@id\":\"https:\/\/www.institutodeengenharia.org.br\/site\/2020\/06\/26\/intervencoes-em-pontes-historicas-europeias\/\"},\"wordCount\":298,\"commentCount\":0,\"publisher\":{\"@id\":\"https:\/\/www.institutodeengenharia.org.br\/site\/#organization\"},\"image\":{\"@id\":\"https:\/\/www.institutodeengenharia.org.br\/site\/2020\/06\/26\/intervencoes-em-pontes-historicas-europeias\/#primaryimage\"},\"thumbnailUrl\":\"https:\/\/www.institutodeengenharia.org.br\/site\/wp-content\/uploads\/2020\/06\/1.jpg\",\"articleSection\":[\"Departamento Desenvolvimento de Projetos e Servi\u00e7os de Infraestrutura\",\"Divis\u00e3o T\u00e9cnica Estruturas e Controle Tecnol\u00f3gico\",\"Nova TV Engenharia\",\"Palestra\"],\"inLanguage\":\"pt-BR\",\"potentialAction\":[{\"@type\":\"CommentAction\",\"name\":\"Comment\",\"target\":[\"https:\/\/www.institutodeengenharia.org.br\/site\/2020\/06\/26\/intervencoes-em-pontes-historicas-europeias\/#respond\"]}]},{\"@type\":\"WebPage\",\"@id\":\"https:\/\/www.institutodeengenharia.org.br\/site\/2020\/06\/26\/intervencoes-em-pontes-historicas-europeias\/\",\"url\":\"https:\/\/www.institutodeengenharia.org.br\/site\/2020\/06\/26\/intervencoes-em-pontes-historicas-europeias\/\",\"name\":\"Interven\u00e7\u00f5es em pontes hist\u00f3ricas europeias - Instituto de Engenharia\",\"isPartOf\":{\"@id\":\"https:\/\/www.institutodeengenharia.org.br\/site\/#website\"},\"primaryImageOfPage\":{\"@id\":\"https:\/\/www.institutodeengenharia.org.br\/site\/2020\/06\/26\/intervencoes-em-pontes-historicas-europeias\/#primaryimage\"},\"image\":{\"@id\":\"https:\/\/www.institutodeengenharia.org.br\/site\/2020\/06\/26\/intervencoes-em-pontes-historicas-europeias\/#primaryimage\"},\"thumbnailUrl\":\"https:\/\/www.institutodeengenharia.org.br\/site\/wp-content\/uploads\/2020\/06\/1.jpg\",\"datePublished\":\"2020-06-26T17:35:19+00:00\",\"dateModified\":\"2020-07-13T14:38:42+00:00\",\"breadcrumb\":{\"@id\":\"https:\/\/www.institutodeengenharia.org.br\/site\/2020\/06\/26\/intervencoes-em-pontes-historicas-europeias\/#breadcrumb\"},\"inLanguage\":\"pt-BR\",\"potentialAction\":[{\"@type\":\"ReadAction\",\"target\":[\"https:\/\/www.institutodeengenharia.org.br\/site\/2020\/06\/26\/intervencoes-em-pontes-historicas-europeias\/\"]}]},{\"@type\":\"ImageObject\",\"inLanguage\":\"pt-BR\",\"@id\":\"https:\/\/www.institutodeengenharia.org.br\/site\/2020\/06\/26\/intervencoes-em-pontes-historicas-europeias\/#primaryimage\",\"url\":\"https:\/\/www.institutodeengenharia.org.br\/site\/wp-content\/uploads\/2020\/06\/1.jpg\",\"contentUrl\":\"https:\/\/www.institutodeengenharia.org.br\/site\/wp-content\/uploads\/2020\/06\/1.jpg\",\"width\":2576,\"height\":1932},{\"@type\":\"BreadcrumbList\",\"@id\":\"https:\/\/www.institutodeengenharia.org.br\/site\/2020\/06\/26\/intervencoes-em-pontes-historicas-europeias\/#breadcrumb\",\"itemListElement\":[{\"@type\":\"ListItem\",\"position\":1,\"name\":\"In\u00edcio\",\"item\":\"https:\/\/www.institutodeengenharia.org.br\/site\/\"},{\"@type\":\"ListItem\",\"position\":2,\"name\":\"Interven\u00e7\u00f5es em pontes hist\u00f3ricas europeias\"}]},{\"@type\":\"WebSite\",\"@id\":\"https:\/\/www.institutodeengenharia.org.br\/site\/#website\",\"url\":\"https:\/\/www.institutodeengenharia.org.br\/site\/\",\"name\":\"Instituto de Engenharia\",\"description\":\"O Instituto de Engenharia promove a Engenharia em benef\u00edcio do desenvolvimento e da qualidade de vida da sociedade.\",\"publisher\":{\"@id\":\"https:\/\/www.institutodeengenharia.org.br\/site\/#organization\"},\"potentialAction\":[{\"@type\":\"SearchAction\",\"target\":{\"@type\":\"EntryPoint\",\"urlTemplate\":\"https:\/\/www.institutodeengenharia.org.br\/site\/?s={search_term_string}\"},\"query-input\":{\"@type\":\"PropertyValueSpecification\",\"valueRequired\":true,\"valueName\":\"search_term_string\"}}],\"inLanguage\":\"pt-BR\"},{\"@type\":\"Organization\",\"@id\":\"https:\/\/www.institutodeengenharia.org.br\/site\/#organization\",\"name\":\"Instituto de Engenharia\",\"url\":\"https:\/\/www.institutodeengenharia.org.br\/site\/\",\"logo\":{\"@type\":\"ImageObject\",\"inLanguage\":\"pt-BR\",\"@id\":\"https:\/\/www.institutodeengenharia.org.br\/site\/#\/schema\/logo\/image\/\",\"url\":\"https:\/\/www.institutodeengenharia.org.br\/site\/wp-content\/uploads\/2019\/03\/logo-novo-IE2018-1.jpg\",\"contentUrl\":\"https:\/\/www.institutodeengenharia.org.br\/site\/wp-content\/uploads\/2019\/03\/logo-novo-IE2018-1.jpg\",\"width\":1486,\"height\":1879,\"caption\":\"Instituto de Engenharia\"},\"image\":{\"@id\":\"https:\/\/www.institutodeengenharia.org.br\/site\/#\/schema\/logo\/image\/\"},\"sameAs\":[\"https:\/\/www.facebook.com\/institutodeengenharia\",\"https:\/\/x.com\/iengenharia\",\"https:\/\/www.instagram.com\/institutodeengenharia\/\",\"https:\/\/www.linkedin.com\/company\/instituto-de-engenharia\/\",\"https:\/\/www.youtube.com\/channel\/UCXiCAlsSMe977vamW915HxA\"]},{\"@type\":\"Person\",\"@id\":\"https:\/\/www.institutodeengenharia.org.br\/site\/#\/schema\/person\/aeb64951c405e100d26d30b033dd423f\",\"name\":\"Bianca\",\"image\":{\"@type\":\"ImageObject\",\"inLanguage\":\"pt-BR\",\"@id\":\"https:\/\/secure.gravatar.com\/avatar\/a6fbe9bff57405baf4c1e2c5c1811e072b558253974a9f9508f4678900c97c2a?s=96&d=mm&r=g\",\"url\":\"https:\/\/secure.gravatar.com\/avatar\/a6fbe9bff57405baf4c1e2c5c1811e072b558253974a9f9508f4678900c97c2a?s=96&d=mm&r=g\",\"contentUrl\":\"https:\/\/secure.gravatar.com\/avatar\/a6fbe9bff57405baf4c1e2c5c1811e072b558253974a9f9508f4678900c97c2a?s=96&d=mm&r=g\",\"caption\":\"Bianca\"},\"url\":\"https:\/\/www.institutodeengenharia.org.br\/site\/author\/comunicacao1\/\"}]}<\/script>\n<!-- \/ Yoast SEO plugin. -->","yoast_head_json":{"title":"Interven\u00e7\u00f5es em pontes hist\u00f3ricas europeias - Instituto de Engenharia","robots":{"index":"index","follow":"follow","max-snippet":"max-snippet:-1","max-image-preview":"max-image-preview:large","max-video-preview":"max-video-preview:-1"},"canonical":"https:\/\/www.institutodeengenharia.org.br\/site\/2020\/06\/26\/intervencoes-em-pontes-historicas-europeias\/","og_locale":"pt_BR","og_type":"article","og_title":"Interven\u00e7\u00f5es em pontes hist\u00f3ricas europeias - Instituto de Engenharia","og_description":"&nbsp; Assista abaixo \u00e0 grava\u00e7\u00e3o: &nbsp; + Informa\u00e7\u00f5es: &nbsp; Abordagem: Recupera\u00e7\u00e3o de pontes europeias; Ponte de Rande \u2013 amplia\u00e7\u00e3o de ponte estaiada; Ponte de Alcoi \u2013 corros\u00e3o e substitui\u00e7\u00e3o dos estais; Ponte de Deba \u2013 colapso de funda\u00e7\u00e3o e interven\u00e7\u00e3o emergencial. P\u00fablico-alvo: Engenheiros, t\u00e9cnicos, estudantes e demais interessados. Palestrantes: Hugo Corres Peiretti Engenheiro civil pela [&hellip;]","og_url":"https:\/\/www.institutodeengenharia.org.br\/site\/2020\/06\/26\/intervencoes-em-pontes-historicas-europeias\/","og_site_name":"Instituto de Engenharia","article_publisher":"https:\/\/www.facebook.com\/institutodeengenharia","article_published_time":"2020-06-26T17:35:19+00:00","article_modified_time":"2020-07-13T14:38:42+00:00","og_image":[{"width":2576,"height":1932,"url":"https:\/\/www.institutodeengenharia.org.br\/site\/wp-content\/uploads\/2020\/06\/1.jpg","type":"image\/jpeg"}],"author":"Bianca","twitter_card":"summary_large_image","twitter_creator":"@iengenharia","twitter_site":"@iengenharia","twitter_misc":{"Escrito por":"Bianca","Est. tempo de leitura":"1 minuto"},"schema":{"@context":"https:\/\/schema.org","@graph":[{"@type":"Article","@id":"https:\/\/www.institutodeengenharia.org.br\/site\/2020\/06\/26\/intervencoes-em-pontes-historicas-europeias\/#article","isPartOf":{"@id":"https:\/\/www.institutodeengenharia.org.br\/site\/2020\/06\/26\/intervencoes-em-pontes-historicas-europeias\/"},"author":{"name":"Bianca","@id":"https:\/\/www.institutodeengenharia.org.br\/site\/#\/schema\/person\/aeb64951c405e100d26d30b033dd423f"},"headline":"Interven\u00e7\u00f5es em pontes hist\u00f3ricas europeias","datePublished":"2020-06-26T17:35:19+00:00","dateModified":"2020-07-13T14:38:42+00:00","mainEntityOfPage":{"@id":"https:\/\/www.institutodeengenharia.org.br\/site\/2020\/06\/26\/intervencoes-em-pontes-historicas-europeias\/"},"wordCount":298,"commentCount":0,"publisher":{"@id":"https:\/\/www.institutodeengenharia.org.br\/site\/#organization"},"image":{"@id":"https:\/\/www.institutodeengenharia.org.br\/site\/2020\/06\/26\/intervencoes-em-pontes-historicas-europeias\/#primaryimage"},"thumbnailUrl":"https:\/\/www.institutodeengenharia.org.br\/site\/wp-content\/uploads\/2020\/06\/1.jpg","articleSection":["Departamento Desenvolvimento de Projetos e Servi\u00e7os de Infraestrutura","Divis\u00e3o T\u00e9cnica Estruturas e Controle Tecnol\u00f3gico","Nova TV Engenharia","Palestra"],"inLanguage":"pt-BR","potentialAction":[{"@type":"CommentAction","name":"Comment","target":["https:\/\/www.institutodeengenharia.org.br\/site\/2020\/06\/26\/intervencoes-em-pontes-historicas-europeias\/#respond"]}]},{"@type":"WebPage","@id":"https:\/\/www.institutodeengenharia.org.br\/site\/2020\/06\/26\/intervencoes-em-pontes-historicas-europeias\/","url":"https:\/\/www.institutodeengenharia.org.br\/site\/2020\/06\/26\/intervencoes-em-pontes-historicas-europeias\/","name":"Interven\u00e7\u00f5es em pontes hist\u00f3ricas europeias - Instituto de Engenharia","isPartOf":{"@id":"https:\/\/www.institutodeengenharia.org.br\/site\/#website"},"primaryImageOfPage":{"@id":"https:\/\/www.institutodeengenharia.org.br\/site\/2020\/06\/26\/intervencoes-em-pontes-historicas-europeias\/#primaryimage"},"image":{"@id":"https:\/\/www.institutodeengenharia.org.br\/site\/2020\/06\/26\/intervencoes-em-pontes-historicas-europeias\/#primaryimage"},"thumbnailUrl":"https:\/\/www.institutodeengenharia.org.br\/site\/wp-content\/uploads\/2020\/06\/1.jpg","datePublished":"2020-06-26T17:35:19+00:00","dateModified":"2020-07-13T14:38:42+00:00","breadcrumb":{"@id":"https:\/\/www.institutodeengenharia.org.br\/site\/2020\/06\/26\/intervencoes-em-pontes-historicas-europeias\/#breadcrumb"},"inLanguage":"pt-BR","potentialAction":[{"@type":"ReadAction","target":["https:\/\/www.institutodeengenharia.org.br\/site\/2020\/06\/26\/intervencoes-em-pontes-historicas-europeias\/"]}]},{"@type":"ImageObject","inLanguage":"pt-BR","@id":"https:\/\/www.institutodeengenharia.org.br\/site\/2020\/06\/26\/intervencoes-em-pontes-historicas-europeias\/#primaryimage","url":"https:\/\/www.institutodeengenharia.org.br\/site\/wp-content\/uploads\/2020\/06\/1.jpg","contentUrl":"https:\/\/www.institutodeengenharia.org.br\/site\/wp-content\/uploads\/2020\/06\/1.jpg","width":2576,"height":1932},{"@type":"BreadcrumbList","@id":"https:\/\/www.institutodeengenharia.org.br\/site\/2020\/06\/26\/intervencoes-em-pontes-historicas-europeias\/#breadcrumb","itemListElement":[{"@type":"ListItem","position":1,"name":"In\u00edcio","item":"https:\/\/www.institutodeengenharia.org.br\/site\/"},{"@type":"ListItem","position":2,"name":"Interven\u00e7\u00f5es em pontes hist\u00f3ricas europeias"}]},{"@type":"WebSite","@id":"https:\/\/www.institutodeengenharia.org.br\/site\/#website","url":"https:\/\/www.institutodeengenharia.org.br\/site\/","name":"Instituto de Engenharia","description":"O Instituto de Engenharia promove a Engenharia em benef\u00edcio do desenvolvimento e da qualidade de vida da sociedade.","publisher":{"@id":"https:\/\/www.institutodeengenharia.org.br\/site\/#organization"},"potentialAction":[{"@type":"SearchAction","target":{"@type":"EntryPoint","urlTemplate":"https:\/\/www.institutodeengenharia.org.br\/site\/?s={search_term_string}"},"query-input":{"@type":"PropertyValueSpecification","valueRequired":true,"valueName":"search_term_string"}}],"inLanguage":"pt-BR"},{"@type":"Organization","@id":"https:\/\/www.institutodeengenharia.org.br\/site\/#organization","name":"Instituto de Engenharia","url":"https:\/\/www.institutodeengenharia.org.br\/site\/","logo":{"@type":"ImageObject","inLanguage":"pt-BR","@id":"https:\/\/www.institutodeengenharia.org.br\/site\/#\/schema\/logo\/image\/","url":"https:\/\/www.institutodeengenharia.org.br\/site\/wp-content\/uploads\/2019\/03\/logo-novo-IE2018-1.jpg","contentUrl":"https:\/\/www.institutodeengenharia.org.br\/site\/wp-content\/uploads\/2019\/03\/logo-novo-IE2018-1.jpg","width":1486,"height":1879,"caption":"Instituto de Engenharia"},"image":{"@id":"https:\/\/www.institutodeengenharia.org.br\/site\/#\/schema\/logo\/image\/"},"sameAs":["https:\/\/www.facebook.com\/institutodeengenharia","https:\/\/x.com\/iengenharia","https:\/\/www.instagram.com\/institutodeengenharia\/","https:\/\/www.linkedin.com\/company\/instituto-de-engenharia\/","https:\/\/www.youtube.com\/channel\/UCXiCAlsSMe977vamW915HxA"]},{"@type":"Person","@id":"https:\/\/www.institutodeengenharia.org.br\/site\/#\/schema\/person\/aeb64951c405e100d26d30b033dd423f","name":"Bianca","image":{"@type":"ImageObject","inLanguage":"pt-BR","@id":"https:\/\/secure.gravatar.com\/avatar\/a6fbe9bff57405baf4c1e2c5c1811e072b558253974a9f9508f4678900c97c2a?s=96&d=mm&r=g","url":"https:\/\/secure.gravatar.com\/avatar\/a6fbe9bff57405baf4c1e2c5c1811e072b558253974a9f9508f4678900c97c2a?s=96&d=mm&r=g","contentUrl":"https:\/\/secure.gravatar.com\/avatar\/a6fbe9bff57405baf4c1e2c5c1811e072b558253974a9f9508f4678900c97c2a?s=96&d=mm&r=g","caption":"Bianca"},"url":"https:\/\/www.institutodeengenharia.org.br\/site\/author\/comunicacao1\/"}]}},"_links":{"self":[{"href":"https:\/\/www.institutodeengenharia.org.br\/site\/wp-json\/wp\/v2\/posts\/68841","targetHints":{"allow":["GET"]}}],"collection":[{"href":"https:\/\/www.institutodeengenharia.org.br\/site\/wp-json\/wp\/v2\/posts"}],"about":[{"href":"https:\/\/www.institutodeengenharia.org.br\/site\/wp-json\/wp\/v2\/types\/post"}],"author":[{"embeddable":true,"href":"https:\/\/www.institutodeengenharia.org.br\/site\/wp-json\/wp\/v2\/users\/13"}],"replies":[{"embeddable":true,"href":"https:\/\/www.institutodeengenharia.org.br\/site\/wp-json\/wp\/v2\/comments?post=68841"}],"version-history":[{"count":1,"href":"https:\/\/www.institutodeengenharia.org.br\/site\/wp-json\/wp\/v2\/posts\/68841\/revisions"}],"predecessor-version":[{"id":68844,"href":"https:\/\/www.institutodeengenharia.org.br\/site\/wp-json\/wp\/v2\/posts\/68841\/revisions\/68844"}],"wp:featuredmedia":[{"embeddable":true,"href":"https:\/\/www.institutodeengenharia.org.br\/site\/wp-json\/wp\/v2\/media\/66254"}],"wp:attachment":[{"href":"https:\/\/www.institutodeengenharia.org.br\/site\/wp-json\/wp\/v2\/media?parent=68841"}],"wp:term":[{"taxonomy":"category","embeddable":true,"href":"https:\/\/www.institutodeengenharia.org.br\/site\/wp-json\/wp\/v2\/categories?post=68841"},{"taxonomy":"post_tag","embeddable":true,"href":"https:\/\/www.institutodeengenharia.org.br\/site\/wp-json\/wp\/v2\/tags?post=68841"}],"curies":[{"name":"wp","href":"https:\/\/api.w.org\/{rel}","templated":true}]}}