{"id":67911,"date":"2020-06-24T10:17:52","date_gmt":"2020-06-24T13:17:52","guid":{"rendered":"https:\/\/www.institutodeengenharia.org.br\/site\/?p=67911"},"modified":"2021-08-31T11:02:29","modified_gmt":"2021-08-31T14:02:29","slug":"expectativas-da-mobilidade-eletrica-para-o-novo-normal","status":"publish","type":"post","link":"https:\/\/www.institutodeengenharia.org.br\/site\/2020\/06\/24\/expectativas-da-mobilidade-eletrica-para-o-novo-normal\/","title":{"rendered":"Expectativas da Mobilidade El\u00e9trica para o novo normal"},"content":{"rendered":"<p>&nbsp;<\/p>\n<p>A palestra<strong>\u00a0Expectativas da Mobilidade El\u00e9trica para o novo normal <\/strong>faz parte da\u00a0<em>S\u00e9rie Webinar: Brasil p\u00f3s-crise<\/em>, uma realiza\u00e7\u00e3o do Instituto de Engenharia.<\/p>\n<p><strong>Assista abaixo \u00e0 grava\u00e7\u00e3o:<\/strong><\/p>\n<p><iframe loading=\"lazy\" src=\"https:\/\/player.vimeo.com\/video\/432598866\" width=\"640\" height=\"360\" frameborder=\"0\" allowfullscreen=\"allowfullscreen\"><\/iframe><\/p>\n<p>&nbsp;<\/p>\n<p><strong>Palestrante:<\/strong><\/p>\n<p><img loading=\"lazy\" decoding=\"async\" class=\"wp-image-67266 alignleft\" src=\"https:\/\/www.institutodeengenharia.org.br\/site\/wp-content\/uploads\/2020\/06\/Raul-Beck.jpg\" alt=\"\" width=\"157\" height=\"157\" srcset=\"https:\/\/www.institutodeengenharia.org.br\/site\/wp-content\/uploads\/2020\/06\/Raul-Beck.jpg 467w, https:\/\/www.institutodeengenharia.org.br\/site\/wp-content\/uploads\/2020\/06\/Raul-Beck-150x150.jpg 150w, https:\/\/www.institutodeengenharia.org.br\/site\/wp-content\/uploads\/2020\/06\/Raul-Beck-300x300.jpg 300w, https:\/\/www.institutodeengenharia.org.br\/site\/wp-content\/uploads\/2020\/06\/Raul-Beck-420x420.jpg 420w, https:\/\/www.institutodeengenharia.org.br\/site\/wp-content\/uploads\/2020\/06\/Raul-Beck-100x100.jpg 100w\" sizes=\"auto, (max-width: 157px) 100vw, 157px\" \/><\/p>\n<p><strong>Raul Beck<\/strong><\/p>\n<p>Possui gradua\u00e7\u00e3o em Engenharia El\u00e9trica (Automa\u00e7\u00e3o e Telecom) pela Universidade Estadual de Campinas (Unicamp) e especializa\u00e7\u00e3o em Eletr\u00f4nica de Pot\u00eancia. Forma\u00e7\u00e3o t\u00e9cnica em Qu\u00edmica Industrial pelo Col\u00e9gio T\u00e9cnico Cons. Antonio Prado (COTICAP). Atual respons\u00e1vel t\u00e9cnico da \u00c1rea de Sistemas de Energia (ASE) da Diretoria de Laborat\u00f3rios e Infraestrutura de Redes (DLIR) da Funda\u00e7\u00e3o CPqD &#8211; Centro de Pesquisa e Desenvolvimento em Telecomunica\u00e7\u00f5es, onde se executam ensaios em baterias e equipamentos para desenvolvimento e certifica\u00e7\u00e3o INMETRO, ANATEL, DENATRAN, etc. Atua\u00e7\u00e3o em servi\u00e7os de consultoria e auditoria para operadoras de telecom e concession\u00e1rias de energia el\u00e9trica nas \u00e1reas de especifica\u00e7\u00e3o, aceita\u00e7\u00e3o e manuten\u00e7\u00e3o da infraestrutura de corrente cont\u00ednua (CC), aterramento e prote\u00e7\u00e3o el\u00e9trica das esta\u00e7\u00f5es. Membro das Comiss\u00f5es de Estudos de Normatiza\u00e7\u00e3o de Baterias, de Ve\u00edculos El\u00e9tricos e H\u00edbridos, e de Sistemas de Corrente Cont\u00ednua da ABNT\/COBEI, e do Grupo de Trabalho de Normatiza\u00e7\u00e3o de Sistemas Fotovoltaicos do INMETRO, atuando como colaborador e consultor na elabora\u00e7\u00e3o e valida\u00e7\u00e3o de normas e requisitos nas \u00e1reas de energia para a ANATEL. Membro da SOBRAEP (Sociedade Brasileira de Eletr\u00f4nica de Pot\u00eancia) e da SAE BRASIL (Sociedade de Engenheiros da Mobilidade).<\/p>\n","protected":false},"excerpt":{"rendered":"<p>&nbsp; A palestra\u00a0Expectativas da Mobilidade El\u00e9trica para o novo normal faz parte da\u00a0S\u00e9rie Webinar: Brasil p\u00f3s-crise, uma realiza\u00e7\u00e3o do Instituto de Engenharia. Assista abaixo \u00e0 grava\u00e7\u00e3o: &nbsp; Palestrante: Raul Beck Possui gradua\u00e7\u00e3o em Engenharia El\u00e9trica (Automa\u00e7\u00e3o e Telecom) pela Universidade Estadual de Campinas (Unicamp) e especializa\u00e7\u00e3o em Eletr\u00f4nica de Pot\u00eancia. Forma\u00e7\u00e3o t\u00e9cnica em Qu\u00edmica Industrial [&hellip;]<\/p>\n","protected":false},"author":13,"featured_media":67912,"comment_status":"open","ping_status":"open","sticky":false,"template":"","format":"standard","meta":{"footnotes":""},"categories":[968,969],"tags":[],"class_list":{"0":"post-67911","1":"post","2":"type-post","3":"status-publish","4":"format-standard","5":"has-post-thumbnail","7":"category-nova-tv-engenharia","8":"category-palestra"},"yoast_head":"<!-- This site is optimized with the Yoast SEO plugin v27.2 - https:\/\/yoast.com\/product\/yoast-seo-wordpress\/ -->\n<title>Expectativas da Mobilidade El\u00e9trica para o novo normal - Instituto de Engenharia<\/title>\n<meta name=\"description\" content=\"autom\u00f3veis el\u00e9tricos, autom\u00f3vel el\u00e9trico, veiculos el\u00e9tricos, veiculo el\u00e9trico, expectativas de mobilidade el\u00e9trica, mobilidade el\u00e9trica\" \/>\n<meta name=\"robots\" content=\"index, follow, max-snippet:-1, max-image-preview:large, max-video-preview:-1\" \/>\n<link rel=\"canonical\" href=\"https:\/\/www.institutodeengenharia.org.br\/site\/2020\/06\/24\/expectativas-da-mobilidade-eletrica-para-o-novo-normal\/\" \/>\n<meta property=\"og:locale\" content=\"pt_BR\" \/>\n<meta property=\"og:type\" content=\"article\" \/>\n<meta property=\"og:title\" content=\"Expectativas da Mobilidade El\u00e9trica para o novo normal - Instituto de Engenharia\" \/>\n<meta property=\"og:description\" content=\"autom\u00f3veis el\u00e9tricos, autom\u00f3vel el\u00e9trico, veiculos el\u00e9tricos, veiculo el\u00e9trico, expectativas de mobilidade el\u00e9trica, mobilidade el\u00e9trica\" \/>\n<meta property=\"og:url\" content=\"https:\/\/www.institutodeengenharia.org.br\/site\/2020\/06\/24\/expectativas-da-mobilidade-eletrica-para-o-novo-normal\/\" \/>\n<meta property=\"og:site_name\" content=\"Instituto de Engenharia\" \/>\n<meta property=\"article:publisher\" content=\"https:\/\/www.facebook.com\/institutodeengenharia\" \/>\n<meta property=\"article:published_time\" content=\"2020-06-24T13:17:52+00:00\" \/>\n<meta property=\"article:modified_time\" content=\"2021-08-31T14:02:29+00:00\" \/>\n<meta property=\"og:image\" content=\"https:\/\/www.institutodeengenharia.org.br\/site\/wp-content\/uploads\/2020\/06\/mobilidade-eletrica.jpg\" \/>\n\t<meta property=\"og:image:width\" content=\"1034\" \/>\n\t<meta property=\"og:image:height\" content=\"646\" \/>\n\t<meta property=\"og:image:type\" content=\"image\/jpeg\" \/>\n<meta name=\"author\" content=\"Bianca\" \/>\n<meta name=\"twitter:card\" content=\"summary_large_image\" \/>\n<meta name=\"twitter:creator\" content=\"@iengenharia\" \/>\n<meta name=\"twitter:site\" content=\"@iengenharia\" \/>\n<meta name=\"twitter:label1\" content=\"Escrito por\" \/>\n\t<meta name=\"twitter:data1\" content=\"Bianca\" \/>\n\t<meta name=\"twitter:label2\" content=\"Est. tempo de leitura\" \/>\n\t<meta name=\"twitter:data2\" content=\"1 minuto\" \/>\n<script type=\"application\/ld+json\" class=\"yoast-schema-graph\">{\"@context\":\"https:\/\/schema.org\",\"@graph\":[{\"@type\":\"Article\",\"@id\":\"https:\/\/www.institutodeengenharia.org.br\/site\/2020\/06\/24\/expectativas-da-mobilidade-eletrica-para-o-novo-normal\/#article\",\"isPartOf\":{\"@id\":\"https:\/\/www.institutodeengenharia.org.br\/site\/2020\/06\/24\/expectativas-da-mobilidade-eletrica-para-o-novo-normal\/\"},\"author\":{\"name\":\"Bianca\",\"@id\":\"https:\/\/www.institutodeengenharia.org.br\/site\/#\/schema\/person\/aeb64951c405e100d26d30b033dd423f\"},\"headline\":\"Expectativas da Mobilidade El\u00e9trica para o novo normal\",\"datePublished\":\"2020-06-24T13:17:52+00:00\",\"dateModified\":\"2021-08-31T14:02:29+00:00\",\"mainEntityOfPage\":{\"@id\":\"https:\/\/www.institutodeengenharia.org.br\/site\/2020\/06\/24\/expectativas-da-mobilidade-eletrica-para-o-novo-normal\/\"},\"wordCount\":270,\"commentCount\":0,\"publisher\":{\"@id\":\"https:\/\/www.institutodeengenharia.org.br\/site\/#organization\"},\"image\":{\"@id\":\"https:\/\/www.institutodeengenharia.org.br\/site\/2020\/06\/24\/expectativas-da-mobilidade-eletrica-para-o-novo-normal\/#primaryimage\"},\"thumbnailUrl\":\"https:\/\/www.institutodeengenharia.org.br\/site\/wp-content\/uploads\/2020\/06\/mobilidade-eletrica.jpg\",\"articleSection\":[\"Nova TV Engenharia\",\"Palestra\"],\"inLanguage\":\"pt-BR\",\"potentialAction\":[{\"@type\":\"CommentAction\",\"name\":\"Comment\",\"target\":[\"https:\/\/www.institutodeengenharia.org.br\/site\/2020\/06\/24\/expectativas-da-mobilidade-eletrica-para-o-novo-normal\/#respond\"]}]},{\"@type\":\"WebPage\",\"@id\":\"https:\/\/www.institutodeengenharia.org.br\/site\/2020\/06\/24\/expectativas-da-mobilidade-eletrica-para-o-novo-normal\/\",\"url\":\"https:\/\/www.institutodeengenharia.org.br\/site\/2020\/06\/24\/expectativas-da-mobilidade-eletrica-para-o-novo-normal\/\",\"name\":\"Expectativas da Mobilidade El\u00e9trica para o novo normal - Instituto de Engenharia\",\"isPartOf\":{\"@id\":\"https:\/\/www.institutodeengenharia.org.br\/site\/#website\"},\"primaryImageOfPage\":{\"@id\":\"https:\/\/www.institutodeengenharia.org.br\/site\/2020\/06\/24\/expectativas-da-mobilidade-eletrica-para-o-novo-normal\/#primaryimage\"},\"image\":{\"@id\":\"https:\/\/www.institutodeengenharia.org.br\/site\/2020\/06\/24\/expectativas-da-mobilidade-eletrica-para-o-novo-normal\/#primaryimage\"},\"thumbnailUrl\":\"https:\/\/www.institutodeengenharia.org.br\/site\/wp-content\/uploads\/2020\/06\/mobilidade-eletrica.jpg\",\"datePublished\":\"2020-06-24T13:17:52+00:00\",\"dateModified\":\"2021-08-31T14:02:29+00:00\",\"description\":\"autom\u00f3veis el\u00e9tricos, autom\u00f3vel el\u00e9trico, veiculos el\u00e9tricos, veiculo el\u00e9trico, expectativas de mobilidade el\u00e9trica, mobilidade el\u00e9trica\",\"breadcrumb\":{\"@id\":\"https:\/\/www.institutodeengenharia.org.br\/site\/2020\/06\/24\/expectativas-da-mobilidade-eletrica-para-o-novo-normal\/#breadcrumb\"},\"inLanguage\":\"pt-BR\",\"potentialAction\":[{\"@type\":\"ReadAction\",\"target\":[\"https:\/\/www.institutodeengenharia.org.br\/site\/2020\/06\/24\/expectativas-da-mobilidade-eletrica-para-o-novo-normal\/\"]}]},{\"@type\":\"ImageObject\",\"inLanguage\":\"pt-BR\",\"@id\":\"https:\/\/www.institutodeengenharia.org.br\/site\/2020\/06\/24\/expectativas-da-mobilidade-eletrica-para-o-novo-normal\/#primaryimage\",\"url\":\"https:\/\/www.institutodeengenharia.org.br\/site\/wp-content\/uploads\/2020\/06\/mobilidade-eletrica.jpg\",\"contentUrl\":\"https:\/\/www.institutodeengenharia.org.br\/site\/wp-content\/uploads\/2020\/06\/mobilidade-eletrica.jpg\",\"width\":1034,\"height\":646},{\"@type\":\"BreadcrumbList\",\"@id\":\"https:\/\/www.institutodeengenharia.org.br\/site\/2020\/06\/24\/expectativas-da-mobilidade-eletrica-para-o-novo-normal\/#breadcrumb\",\"itemListElement\":[{\"@type\":\"ListItem\",\"position\":1,\"name\":\"In\u00edcio\",\"item\":\"https:\/\/www.institutodeengenharia.org.br\/site\/\"},{\"@type\":\"ListItem\",\"position\":2,\"name\":\"Expectativas da Mobilidade El\u00e9trica para o novo normal\"}]},{\"@type\":\"WebSite\",\"@id\":\"https:\/\/www.institutodeengenharia.org.br\/site\/#website\",\"url\":\"https:\/\/www.institutodeengenharia.org.br\/site\/\",\"name\":\"Instituto de Engenharia\",\"description\":\"O Instituto de Engenharia promove a Engenharia em benef\u00edcio do desenvolvimento e da qualidade de vida da sociedade.\",\"publisher\":{\"@id\":\"https:\/\/www.institutodeengenharia.org.br\/site\/#organization\"},\"potentialAction\":[{\"@type\":\"SearchAction\",\"target\":{\"@type\":\"EntryPoint\",\"urlTemplate\":\"https:\/\/www.institutodeengenharia.org.br\/site\/?s={search_term_string}\"},\"query-input\":{\"@type\":\"PropertyValueSpecification\",\"valueRequired\":true,\"valueName\":\"search_term_string\"}}],\"inLanguage\":\"pt-BR\"},{\"@type\":\"Organization\",\"@id\":\"https:\/\/www.institutodeengenharia.org.br\/site\/#organization\",\"name\":\"Instituto de Engenharia\",\"url\":\"https:\/\/www.institutodeengenharia.org.br\/site\/\",\"logo\":{\"@type\":\"ImageObject\",\"inLanguage\":\"pt-BR\",\"@id\":\"https:\/\/www.institutodeengenharia.org.br\/site\/#\/schema\/logo\/image\/\",\"url\":\"https:\/\/www.institutodeengenharia.org.br\/site\/wp-content\/uploads\/2019\/03\/logo-novo-IE2018-1.jpg\",\"contentUrl\":\"https:\/\/www.institutodeengenharia.org.br\/site\/wp-content\/uploads\/2019\/03\/logo-novo-IE2018-1.jpg\",\"width\":1486,\"height\":1879,\"caption\":\"Instituto de Engenharia\"},\"image\":{\"@id\":\"https:\/\/www.institutodeengenharia.org.br\/site\/#\/schema\/logo\/image\/\"},\"sameAs\":[\"https:\/\/www.facebook.com\/institutodeengenharia\",\"https:\/\/x.com\/iengenharia\",\"https:\/\/www.instagram.com\/institutodeengenharia\/\",\"https:\/\/www.linkedin.com\/company\/instituto-de-engenharia\/\",\"https:\/\/www.youtube.com\/channel\/UCXiCAlsSMe977vamW915HxA\"]},{\"@type\":\"Person\",\"@id\":\"https:\/\/www.institutodeengenharia.org.br\/site\/#\/schema\/person\/aeb64951c405e100d26d30b033dd423f\",\"name\":\"Bianca\",\"image\":{\"@type\":\"ImageObject\",\"inLanguage\":\"pt-BR\",\"@id\":\"https:\/\/secure.gravatar.com\/avatar\/a6fbe9bff57405baf4c1e2c5c1811e072b558253974a9f9508f4678900c97c2a?s=96&d=mm&r=g\",\"url\":\"https:\/\/secure.gravatar.com\/avatar\/a6fbe9bff57405baf4c1e2c5c1811e072b558253974a9f9508f4678900c97c2a?s=96&d=mm&r=g\",\"contentUrl\":\"https:\/\/secure.gravatar.com\/avatar\/a6fbe9bff57405baf4c1e2c5c1811e072b558253974a9f9508f4678900c97c2a?s=96&d=mm&r=g\",\"caption\":\"Bianca\"},\"url\":\"https:\/\/www.institutodeengenharia.org.br\/site\/author\/comunicacao1\/\"}]}<\/script>\n<!-- \/ Yoast SEO plugin. -->","yoast_head_json":{"title":"Expectativas da Mobilidade El\u00e9trica para o novo normal - Instituto de Engenharia","description":"autom\u00f3veis el\u00e9tricos, autom\u00f3vel el\u00e9trico, veiculos el\u00e9tricos, veiculo el\u00e9trico, expectativas de mobilidade el\u00e9trica, mobilidade el\u00e9trica","robots":{"index":"index","follow":"follow","max-snippet":"max-snippet:-1","max-image-preview":"max-image-preview:large","max-video-preview":"max-video-preview:-1"},"canonical":"https:\/\/www.institutodeengenharia.org.br\/site\/2020\/06\/24\/expectativas-da-mobilidade-eletrica-para-o-novo-normal\/","og_locale":"pt_BR","og_type":"article","og_title":"Expectativas da Mobilidade El\u00e9trica para o novo normal - Instituto de Engenharia","og_description":"autom\u00f3veis el\u00e9tricos, autom\u00f3vel el\u00e9trico, veiculos el\u00e9tricos, veiculo el\u00e9trico, expectativas de mobilidade el\u00e9trica, mobilidade el\u00e9trica","og_url":"https:\/\/www.institutodeengenharia.org.br\/site\/2020\/06\/24\/expectativas-da-mobilidade-eletrica-para-o-novo-normal\/","og_site_name":"Instituto de Engenharia","article_publisher":"https:\/\/www.facebook.com\/institutodeengenharia","article_published_time":"2020-06-24T13:17:52+00:00","article_modified_time":"2021-08-31T14:02:29+00:00","og_image":[{"width":1034,"height":646,"url":"https:\/\/www.institutodeengenharia.org.br\/site\/wp-content\/uploads\/2020\/06\/mobilidade-eletrica.jpg","type":"image\/jpeg"}],"author":"Bianca","twitter_card":"summary_large_image","twitter_creator":"@iengenharia","twitter_site":"@iengenharia","twitter_misc":{"Escrito por":"Bianca","Est. tempo de leitura":"1 minuto"},"schema":{"@context":"https:\/\/schema.org","@graph":[{"@type":"Article","@id":"https:\/\/www.institutodeengenharia.org.br\/site\/2020\/06\/24\/expectativas-da-mobilidade-eletrica-para-o-novo-normal\/#article","isPartOf":{"@id":"https:\/\/www.institutodeengenharia.org.br\/site\/2020\/06\/24\/expectativas-da-mobilidade-eletrica-para-o-novo-normal\/"},"author":{"name":"Bianca","@id":"https:\/\/www.institutodeengenharia.org.br\/site\/#\/schema\/person\/aeb64951c405e100d26d30b033dd423f"},"headline":"Expectativas da Mobilidade El\u00e9trica para o novo normal","datePublished":"2020-06-24T13:17:52+00:00","dateModified":"2021-08-31T14:02:29+00:00","mainEntityOfPage":{"@id":"https:\/\/www.institutodeengenharia.org.br\/site\/2020\/06\/24\/expectativas-da-mobilidade-eletrica-para-o-novo-normal\/"},"wordCount":270,"commentCount":0,"publisher":{"@id":"https:\/\/www.institutodeengenharia.org.br\/site\/#organization"},"image":{"@id":"https:\/\/www.institutodeengenharia.org.br\/site\/2020\/06\/24\/expectativas-da-mobilidade-eletrica-para-o-novo-normal\/#primaryimage"},"thumbnailUrl":"https:\/\/www.institutodeengenharia.org.br\/site\/wp-content\/uploads\/2020\/06\/mobilidade-eletrica.jpg","articleSection":["Nova TV Engenharia","Palestra"],"inLanguage":"pt-BR","potentialAction":[{"@type":"CommentAction","name":"Comment","target":["https:\/\/www.institutodeengenharia.org.br\/site\/2020\/06\/24\/expectativas-da-mobilidade-eletrica-para-o-novo-normal\/#respond"]}]},{"@type":"WebPage","@id":"https:\/\/www.institutodeengenharia.org.br\/site\/2020\/06\/24\/expectativas-da-mobilidade-eletrica-para-o-novo-normal\/","url":"https:\/\/www.institutodeengenharia.org.br\/site\/2020\/06\/24\/expectativas-da-mobilidade-eletrica-para-o-novo-normal\/","name":"Expectativas da Mobilidade El\u00e9trica para o novo normal - Instituto de Engenharia","isPartOf":{"@id":"https:\/\/www.institutodeengenharia.org.br\/site\/#website"},"primaryImageOfPage":{"@id":"https:\/\/www.institutodeengenharia.org.br\/site\/2020\/06\/24\/expectativas-da-mobilidade-eletrica-para-o-novo-normal\/#primaryimage"},"image":{"@id":"https:\/\/www.institutodeengenharia.org.br\/site\/2020\/06\/24\/expectativas-da-mobilidade-eletrica-para-o-novo-normal\/#primaryimage"},"thumbnailUrl":"https:\/\/www.institutodeengenharia.org.br\/site\/wp-content\/uploads\/2020\/06\/mobilidade-eletrica.jpg","datePublished":"2020-06-24T13:17:52+00:00","dateModified":"2021-08-31T14:02:29+00:00","description":"autom\u00f3veis el\u00e9tricos, autom\u00f3vel el\u00e9trico, veiculos el\u00e9tricos, veiculo el\u00e9trico, expectativas de mobilidade el\u00e9trica, mobilidade el\u00e9trica","breadcrumb":{"@id":"https:\/\/www.institutodeengenharia.org.br\/site\/2020\/06\/24\/expectativas-da-mobilidade-eletrica-para-o-novo-normal\/#breadcrumb"},"inLanguage":"pt-BR","potentialAction":[{"@type":"ReadAction","target":["https:\/\/www.institutodeengenharia.org.br\/site\/2020\/06\/24\/expectativas-da-mobilidade-eletrica-para-o-novo-normal\/"]}]},{"@type":"ImageObject","inLanguage":"pt-BR","@id":"https:\/\/www.institutodeengenharia.org.br\/site\/2020\/06\/24\/expectativas-da-mobilidade-eletrica-para-o-novo-normal\/#primaryimage","url":"https:\/\/www.institutodeengenharia.org.br\/site\/wp-content\/uploads\/2020\/06\/mobilidade-eletrica.jpg","contentUrl":"https:\/\/www.institutodeengenharia.org.br\/site\/wp-content\/uploads\/2020\/06\/mobilidade-eletrica.jpg","width":1034,"height":646},{"@type":"BreadcrumbList","@id":"https:\/\/www.institutodeengenharia.org.br\/site\/2020\/06\/24\/expectativas-da-mobilidade-eletrica-para-o-novo-normal\/#breadcrumb","itemListElement":[{"@type":"ListItem","position":1,"name":"In\u00edcio","item":"https:\/\/www.institutodeengenharia.org.br\/site\/"},{"@type":"ListItem","position":2,"name":"Expectativas da Mobilidade El\u00e9trica para o novo normal"}]},{"@type":"WebSite","@id":"https:\/\/www.institutodeengenharia.org.br\/site\/#website","url":"https:\/\/www.institutodeengenharia.org.br\/site\/","name":"Instituto de Engenharia","description":"O Instituto de Engenharia promove a Engenharia em benef\u00edcio do desenvolvimento e da qualidade de vida da sociedade.","publisher":{"@id":"https:\/\/www.institutodeengenharia.org.br\/site\/#organization"},"potentialAction":[{"@type":"SearchAction","target":{"@type":"EntryPoint","urlTemplate":"https:\/\/www.institutodeengenharia.org.br\/site\/?s={search_term_string}"},"query-input":{"@type":"PropertyValueSpecification","valueRequired":true,"valueName":"search_term_string"}}],"inLanguage":"pt-BR"},{"@type":"Organization","@id":"https:\/\/www.institutodeengenharia.org.br\/site\/#organization","name":"Instituto de Engenharia","url":"https:\/\/www.institutodeengenharia.org.br\/site\/","logo":{"@type":"ImageObject","inLanguage":"pt-BR","@id":"https:\/\/www.institutodeengenharia.org.br\/site\/#\/schema\/logo\/image\/","url":"https:\/\/www.institutodeengenharia.org.br\/site\/wp-content\/uploads\/2019\/03\/logo-novo-IE2018-1.jpg","contentUrl":"https:\/\/www.institutodeengenharia.org.br\/site\/wp-content\/uploads\/2019\/03\/logo-novo-IE2018-1.jpg","width":1486,"height":1879,"caption":"Instituto de Engenharia"},"image":{"@id":"https:\/\/www.institutodeengenharia.org.br\/site\/#\/schema\/logo\/image\/"},"sameAs":["https:\/\/www.facebook.com\/institutodeengenharia","https:\/\/x.com\/iengenharia","https:\/\/www.instagram.com\/institutodeengenharia\/","https:\/\/www.linkedin.com\/company\/instituto-de-engenharia\/","https:\/\/www.youtube.com\/channel\/UCXiCAlsSMe977vamW915HxA"]},{"@type":"Person","@id":"https:\/\/www.institutodeengenharia.org.br\/site\/#\/schema\/person\/aeb64951c405e100d26d30b033dd423f","name":"Bianca","image":{"@type":"ImageObject","inLanguage":"pt-BR","@id":"https:\/\/secure.gravatar.com\/avatar\/a6fbe9bff57405baf4c1e2c5c1811e072b558253974a9f9508f4678900c97c2a?s=96&d=mm&r=g","url":"https:\/\/secure.gravatar.com\/avatar\/a6fbe9bff57405baf4c1e2c5c1811e072b558253974a9f9508f4678900c97c2a?s=96&d=mm&r=g","contentUrl":"https:\/\/secure.gravatar.com\/avatar\/a6fbe9bff57405baf4c1e2c5c1811e072b558253974a9f9508f4678900c97c2a?s=96&d=mm&r=g","caption":"Bianca"},"url":"https:\/\/www.institutodeengenharia.org.br\/site\/author\/comunicacao1\/"}]}},"_links":{"self":[{"href":"https:\/\/www.institutodeengenharia.org.br\/site\/wp-json\/wp\/v2\/posts\/67911","targetHints":{"allow":["GET"]}}],"collection":[{"href":"https:\/\/www.institutodeengenharia.org.br\/site\/wp-json\/wp\/v2\/posts"}],"about":[{"href":"https:\/\/www.institutodeengenharia.org.br\/site\/wp-json\/wp\/v2\/types\/post"}],"author":[{"embeddable":true,"href":"https:\/\/www.institutodeengenharia.org.br\/site\/wp-json\/wp\/v2\/users\/13"}],"replies":[{"embeddable":true,"href":"https:\/\/www.institutodeengenharia.org.br\/site\/wp-json\/wp\/v2\/comments?post=67911"}],"version-history":[{"count":1,"href":"https:\/\/www.institutodeengenharia.org.br\/site\/wp-json\/wp\/v2\/posts\/67911\/revisions"}],"predecessor-version":[{"id":67913,"href":"https:\/\/www.institutodeengenharia.org.br\/site\/wp-json\/wp\/v2\/posts\/67911\/revisions\/67913"}],"wp:featuredmedia":[{"embeddable":true,"href":"https:\/\/www.institutodeengenharia.org.br\/site\/wp-json\/wp\/v2\/media\/67912"}],"wp:attachment":[{"href":"https:\/\/www.institutodeengenharia.org.br\/site\/wp-json\/wp\/v2\/media?parent=67911"}],"wp:term":[{"taxonomy":"category","embeddable":true,"href":"https:\/\/www.institutodeengenharia.org.br\/site\/wp-json\/wp\/v2\/categories?post=67911"},{"taxonomy":"post_tag","embeddable":true,"href":"https:\/\/www.institutodeengenharia.org.br\/site\/wp-json\/wp\/v2\/tags?post=67911"}],"curies":[{"name":"wp","href":"https:\/\/api.w.org\/{rel}","templated":true}]}}