{"id":67578,"date":"2020-06-19T10:07:18","date_gmt":"2020-06-19T13:07:18","guid":{"rendered":"https:\/\/www.institutodeengenharia.org.br\/site\/?p=67578"},"modified":"2020-06-22T10:15:12","modified_gmt":"2020-06-22T13:15:12","slug":"baterias-estacionarias-em-microgeracao-e-renovaveis","status":"publish","type":"post","link":"https:\/\/www.institutodeengenharia.org.br\/site\/2020\/06\/19\/baterias-estacionarias-em-microgeracao-e-renovaveis\/","title":{"rendered":"Baterias Estacion\u00e1rias em microgera\u00e7\u00e3o e renov\u00e1veis"},"content":{"rendered":"<p>&nbsp;<\/p>\n<p>A palestra<strong>\u00a0Baterias Estacion\u00e1rias em microgera\u00e7\u00e3o e renov\u00e1veis <\/strong>faz parte da\u00a0<em>S\u00e9rie Webinar: Brasil p\u00f3s-crise<\/em>, uma realiza\u00e7\u00e3o do Instituto de Engenharia.<\/p>\n<p><strong>Assista abaixo \u00e0 grava\u00e7\u00e3o:<\/strong><\/p>\n<p><iframe loading=\"lazy\" src=\"https:\/\/player.vimeo.com\/video\/431098768\" width=\"640\" height=\"360\" frameborder=\"0\" allowfullscreen=\"allowfullscreen\"><\/iframe><\/p>\n<p>&nbsp;<\/p>\n<p><strong>Palestrantes:<\/strong><\/p>\n<p><img loading=\"lazy\" decoding=\"async\" class=\"wp-image-66829 alignleft\" src=\"https:\/\/www.institutodeengenharia.org.br\/site\/wp-content\/uploads\/2020\/06\/Maria-de-F\u00e1tima-Negreli-Campos-Rosolem.jpg\" alt=\"\" width=\"139\" height=\"208\" \/><\/p>\n<p><strong>Maria de F\u00e1tima Negreli Campos Rosolem<\/strong><\/p>\n<p>Bacharel em Qu\u00edmica (UFSCar), mestre em Eletroqu\u00edmica (USP-S\u00e3o Carlos) e MBA em Gest\u00e3o Empresarial. Atua no CPqD desde 1989 na \u00c1rea de Sistemas de Energia (ASE), desenvolvendo estudos e aplica\u00e7\u00f5es sobre baterias. Seu foco de pesquisa atual s\u00e3o as tecnologias avan\u00e7adas para aplica\u00e7\u00e3o em sistemas de armazenamento de energia estacion\u00e1rios e baterias avan\u00e7adas para ve\u00edculos el\u00e9tricos. Atua em v\u00e1rias Comiss\u00f5es T\u00e9cnicas na \u00e1rea, como ABNT\u00a0CB\u00a0003:021.002 (Comiss\u00e3o Estudos Baterias Estacion\u00e1rias), ABNT\u00a0CE\u00a0003:069.001 (Comiss\u00e3o Estudos Ve\u00edculos El\u00e9tricos Rodovi\u00e1rios e Industriais) e CT-VE&amp;H da SAE-BRASIL (Comiss\u00e3o T\u00e9cnica\u00a0Ve\u00edculos El\u00e9tricos e H\u00edbridos da Sociedade de Engenheiros da Mobilidade). Possui dezenas de artigos publicados e apresenta\u00e7\u00f5es nos principais eventos nacionais e internacionais sobre baterias estacion\u00e1rias. Atuou na organiza\u00e7\u00e3o de v\u00e1rios eventos no Brasil, tais como CININTEL, SeSIE, Sal\u00e3o Internacional de Ve\u00edculos El\u00e9tricos e H\u00edbridos e Simp\u00f3sio de Ve\u00edculos El\u00e9tricos e H\u00edbridos da SAE Brasil, e tamb\u00e9m fora do Brasil, no MaBIC \u2013 Metal Advanced Batteries International Congress (Espanha).<\/p>\n<p>&nbsp;<\/p>\n<p><img loading=\"lazy\" decoding=\"async\" class=\"size-full wp-image-66830 alignleft\" src=\"https:\/\/www.institutodeengenharia.org.br\/site\/wp-content\/uploads\/2020\/06\/Carlos-Alexandre-Pr\u00edncipe-Pires.jpg\" alt=\"\" width=\"200\" height=\"200\" srcset=\"https:\/\/www.institutodeengenharia.org.br\/site\/wp-content\/uploads\/2020\/06\/Carlos-Alexandre-Pr\u00edncipe-Pires.jpg 200w, https:\/\/www.institutodeengenharia.org.br\/site\/wp-content\/uploads\/2020\/06\/Carlos-Alexandre-Pr\u00edncipe-Pires-150x150.jpg 150w, https:\/\/www.institutodeengenharia.org.br\/site\/wp-content\/uploads\/2020\/06\/Carlos-Alexandre-Pr\u00edncipe-Pires-100x100.jpg 100w\" sizes=\"auto, (max-width: 200px) 100vw, 200px\" \/><\/p>\n<p><strong>Carlos Alexandre Pr\u00edncipe Pires<\/strong><\/p>\n<p>Bacharel em Engenharia Civil (cum laude pela UFRJ), p\u00f3s-graduado em Administra\u00e7\u00e3o e Marketing pela PUC\/RJ, MBA Executivo pelo IBMEC\/RJ e especializa\u00e7\u00e3o em Pol\u00edticas P\u00fablicas e Gest\u00e3o Governamental nos setores Energ\u00e9tico e Mineral pela PUC\/RJ. Atuou em Furnas como engenheiro Civil, como coordenador de projetos no PROCEL, como consultor do PNUD na Centrais El\u00e9trica Brasileiras, como especialista em Recursos H\u00eddricos na Ag\u00eancia Nacional de \u00c1guas (ANA), como assessor de Gabinete no CADE \u2013 Conselho Administrativo de Defesa Econ\u00f4mica, como coordenador Geral de Efici\u00eancia Energ\u00e9tica do Minist\u00e9rio de Minas e Energia, e atualmente \u00e9 diretor do Departamento de Desenvolvimento Energ\u00e9tico do Minist\u00e9rio de Minas e Energia.<\/p>\n","protected":false},"excerpt":{"rendered":"<p>&nbsp; A palestra\u00a0Baterias Estacion\u00e1rias em microgera\u00e7\u00e3o e renov\u00e1veis faz parte da\u00a0S\u00e9rie Webinar: Brasil p\u00f3s-crise, uma realiza\u00e7\u00e3o do Instituto de Engenharia. Assista abaixo \u00e0 grava\u00e7\u00e3o: &nbsp; Palestrantes: Maria de F\u00e1tima Negreli Campos Rosolem Bacharel em Qu\u00edmica (UFSCar), mestre em Eletroqu\u00edmica (USP-S\u00e3o Carlos) e MBA em Gest\u00e3o Empresarial. Atua no CPqD desde 1989 na \u00c1rea de Sistemas [&hellip;]<\/p>\n","protected":false},"author":13,"featured_media":67579,"comment_status":"open","ping_status":"open","sticky":false,"template":"","format":"standard","meta":{"footnotes":""},"categories":[968,969],"tags":[],"class_list":{"0":"post-67578","1":"post","2":"type-post","3":"status-publish","4":"format-standard","5":"has-post-thumbnail","7":"category-nova-tv-engenharia","8":"category-palestra"},"yoast_head":"<!-- This site is optimized with the Yoast SEO plugin v27.2 - https:\/\/yoast.com\/product\/yoast-seo-wordpress\/ -->\n<title>Baterias Estacion\u00e1rias em microgera\u00e7\u00e3o e renov\u00e1veis - Instituto de Engenharia<\/title>\n<meta name=\"robots\" content=\"index, follow, max-snippet:-1, max-image-preview:large, max-video-preview:-1\" \/>\n<link rel=\"canonical\" href=\"https:\/\/www.institutodeengenharia.org.br\/site\/2020\/06\/19\/baterias-estacionarias-em-microgeracao-e-renovaveis\/\" \/>\n<meta property=\"og:locale\" content=\"pt_BR\" \/>\n<meta property=\"og:type\" content=\"article\" \/>\n<meta property=\"og:title\" content=\"Baterias Estacion\u00e1rias em microgera\u00e7\u00e3o e renov\u00e1veis - Instituto de Engenharia\" \/>\n<meta property=\"og:description\" content=\"&nbsp; A palestra\u00a0Baterias Estacion\u00e1rias em microgera\u00e7\u00e3o e renov\u00e1veis faz parte da\u00a0S\u00e9rie Webinar: Brasil p\u00f3s-crise, uma realiza\u00e7\u00e3o do Instituto de Engenharia. Assista abaixo \u00e0 grava\u00e7\u00e3o: &nbsp; Palestrantes: Maria de F\u00e1tima Negreli Campos Rosolem Bacharel em Qu\u00edmica (UFSCar), mestre em Eletroqu\u00edmica (USP-S\u00e3o Carlos) e MBA em Gest\u00e3o Empresarial. Atua no CPqD desde 1989 na \u00c1rea de Sistemas [&hellip;]\" \/>\n<meta property=\"og:url\" content=\"https:\/\/www.institutodeengenharia.org.br\/site\/2020\/06\/19\/baterias-estacionarias-em-microgeracao-e-renovaveis\/\" \/>\n<meta property=\"og:site_name\" content=\"Instituto de Engenharia\" \/>\n<meta property=\"article:publisher\" content=\"https:\/\/www.facebook.com\/institutodeengenharia\" \/>\n<meta property=\"article:published_time\" content=\"2020-06-19T13:07:18+00:00\" \/>\n<meta property=\"article:modified_time\" content=\"2020-06-22T13:15:12+00:00\" \/>\n<meta property=\"og:image\" content=\"https:\/\/www.institutodeengenharia.org.br\/site\/wp-content\/uploads\/2020\/06\/baterias-estacion\u00e1rias.jpg\" \/>\n\t<meta property=\"og:image:width\" content=\"1034\" \/>\n\t<meta property=\"og:image:height\" content=\"645\" \/>\n\t<meta property=\"og:image:type\" content=\"image\/jpeg\" \/>\n<meta name=\"author\" content=\"Bianca\" \/>\n<meta name=\"twitter:card\" content=\"summary_large_image\" \/>\n<meta name=\"twitter:creator\" content=\"@iengenharia\" \/>\n<meta name=\"twitter:site\" content=\"@iengenharia\" \/>\n<meta name=\"twitter:label1\" content=\"Escrito por\" \/>\n\t<meta name=\"twitter:data1\" content=\"Bianca\" \/>\n\t<meta name=\"twitter:label2\" content=\"Est. tempo de leitura\" \/>\n\t<meta name=\"twitter:data2\" content=\"2 minutos\" \/>\n<script type=\"application\/ld+json\" class=\"yoast-schema-graph\">{\"@context\":\"https:\/\/schema.org\",\"@graph\":[{\"@type\":\"Article\",\"@id\":\"https:\/\/www.institutodeengenharia.org.br\/site\/2020\/06\/19\/baterias-estacionarias-em-microgeracao-e-renovaveis\/#article\",\"isPartOf\":{\"@id\":\"https:\/\/www.institutodeengenharia.org.br\/site\/2020\/06\/19\/baterias-estacionarias-em-microgeracao-e-renovaveis\/\"},\"author\":{\"name\":\"Bianca\",\"@id\":\"https:\/\/www.institutodeengenharia.org.br\/site\/#\/schema\/person\/aeb64951c405e100d26d30b033dd423f\"},\"headline\":\"Baterias Estacion\u00e1rias em microgera\u00e7\u00e3o e renov\u00e1veis\",\"datePublished\":\"2020-06-19T13:07:18+00:00\",\"dateModified\":\"2020-06-22T13:15:12+00:00\",\"mainEntityOfPage\":{\"@id\":\"https:\/\/www.institutodeengenharia.org.br\/site\/2020\/06\/19\/baterias-estacionarias-em-microgeracao-e-renovaveis\/\"},\"wordCount\":370,\"commentCount\":0,\"publisher\":{\"@id\":\"https:\/\/www.institutodeengenharia.org.br\/site\/#organization\"},\"image\":{\"@id\":\"https:\/\/www.institutodeengenharia.org.br\/site\/2020\/06\/19\/baterias-estacionarias-em-microgeracao-e-renovaveis\/#primaryimage\"},\"thumbnailUrl\":\"https:\/\/www.institutodeengenharia.org.br\/site\/wp-content\/uploads\/2020\/06\/baterias-estacion\u00e1rias.jpg\",\"articleSection\":[\"Nova TV Engenharia\",\"Palestra\"],\"inLanguage\":\"pt-BR\",\"potentialAction\":[{\"@type\":\"CommentAction\",\"name\":\"Comment\",\"target\":[\"https:\/\/www.institutodeengenharia.org.br\/site\/2020\/06\/19\/baterias-estacionarias-em-microgeracao-e-renovaveis\/#respond\"]}]},{\"@type\":\"WebPage\",\"@id\":\"https:\/\/www.institutodeengenharia.org.br\/site\/2020\/06\/19\/baterias-estacionarias-em-microgeracao-e-renovaveis\/\",\"url\":\"https:\/\/www.institutodeengenharia.org.br\/site\/2020\/06\/19\/baterias-estacionarias-em-microgeracao-e-renovaveis\/\",\"name\":\"Baterias Estacion\u00e1rias em microgera\u00e7\u00e3o e renov\u00e1veis - Instituto de Engenharia\",\"isPartOf\":{\"@id\":\"https:\/\/www.institutodeengenharia.org.br\/site\/#website\"},\"primaryImageOfPage\":{\"@id\":\"https:\/\/www.institutodeengenharia.org.br\/site\/2020\/06\/19\/baterias-estacionarias-em-microgeracao-e-renovaveis\/#primaryimage\"},\"image\":{\"@id\":\"https:\/\/www.institutodeengenharia.org.br\/site\/2020\/06\/19\/baterias-estacionarias-em-microgeracao-e-renovaveis\/#primaryimage\"},\"thumbnailUrl\":\"https:\/\/www.institutodeengenharia.org.br\/site\/wp-content\/uploads\/2020\/06\/baterias-estacion\u00e1rias.jpg\",\"datePublished\":\"2020-06-19T13:07:18+00:00\",\"dateModified\":\"2020-06-22T13:15:12+00:00\",\"breadcrumb\":{\"@id\":\"https:\/\/www.institutodeengenharia.org.br\/site\/2020\/06\/19\/baterias-estacionarias-em-microgeracao-e-renovaveis\/#breadcrumb\"},\"inLanguage\":\"pt-BR\",\"potentialAction\":[{\"@type\":\"ReadAction\",\"target\":[\"https:\/\/www.institutodeengenharia.org.br\/site\/2020\/06\/19\/baterias-estacionarias-em-microgeracao-e-renovaveis\/\"]}]},{\"@type\":\"ImageObject\",\"inLanguage\":\"pt-BR\",\"@id\":\"https:\/\/www.institutodeengenharia.org.br\/site\/2020\/06\/19\/baterias-estacionarias-em-microgeracao-e-renovaveis\/#primaryimage\",\"url\":\"https:\/\/www.institutodeengenharia.org.br\/site\/wp-content\/uploads\/2020\/06\/baterias-estacion\u00e1rias.jpg\",\"contentUrl\":\"https:\/\/www.institutodeengenharia.org.br\/site\/wp-content\/uploads\/2020\/06\/baterias-estacion\u00e1rias.jpg\",\"width\":1034,\"height\":645},{\"@type\":\"BreadcrumbList\",\"@id\":\"https:\/\/www.institutodeengenharia.org.br\/site\/2020\/06\/19\/baterias-estacionarias-em-microgeracao-e-renovaveis\/#breadcrumb\",\"itemListElement\":[{\"@type\":\"ListItem\",\"position\":1,\"name\":\"In\u00edcio\",\"item\":\"https:\/\/www.institutodeengenharia.org.br\/site\/\"},{\"@type\":\"ListItem\",\"position\":2,\"name\":\"Baterias Estacion\u00e1rias em microgera\u00e7\u00e3o e renov\u00e1veis\"}]},{\"@type\":\"WebSite\",\"@id\":\"https:\/\/www.institutodeengenharia.org.br\/site\/#website\",\"url\":\"https:\/\/www.institutodeengenharia.org.br\/site\/\",\"name\":\"Instituto de Engenharia\",\"description\":\"O Instituto de Engenharia promove a Engenharia em benef\u00edcio do desenvolvimento e da qualidade de vida da sociedade.\",\"publisher\":{\"@id\":\"https:\/\/www.institutodeengenharia.org.br\/site\/#organization\"},\"potentialAction\":[{\"@type\":\"SearchAction\",\"target\":{\"@type\":\"EntryPoint\",\"urlTemplate\":\"https:\/\/www.institutodeengenharia.org.br\/site\/?s={search_term_string}\"},\"query-input\":{\"@type\":\"PropertyValueSpecification\",\"valueRequired\":true,\"valueName\":\"search_term_string\"}}],\"inLanguage\":\"pt-BR\"},{\"@type\":\"Organization\",\"@id\":\"https:\/\/www.institutodeengenharia.org.br\/site\/#organization\",\"name\":\"Instituto de Engenharia\",\"url\":\"https:\/\/www.institutodeengenharia.org.br\/site\/\",\"logo\":{\"@type\":\"ImageObject\",\"inLanguage\":\"pt-BR\",\"@id\":\"https:\/\/www.institutodeengenharia.org.br\/site\/#\/schema\/logo\/image\/\",\"url\":\"https:\/\/www.institutodeengenharia.org.br\/site\/wp-content\/uploads\/2019\/03\/logo-novo-IE2018-1.jpg\",\"contentUrl\":\"https:\/\/www.institutodeengenharia.org.br\/site\/wp-content\/uploads\/2019\/03\/logo-novo-IE2018-1.jpg\",\"width\":1486,\"height\":1879,\"caption\":\"Instituto de Engenharia\"},\"image\":{\"@id\":\"https:\/\/www.institutodeengenharia.org.br\/site\/#\/schema\/logo\/image\/\"},\"sameAs\":[\"https:\/\/www.facebook.com\/institutodeengenharia\",\"https:\/\/x.com\/iengenharia\",\"https:\/\/www.instagram.com\/institutodeengenharia\/\",\"https:\/\/www.linkedin.com\/company\/instituto-de-engenharia\/\",\"https:\/\/www.youtube.com\/channel\/UCXiCAlsSMe977vamW915HxA\"]},{\"@type\":\"Person\",\"@id\":\"https:\/\/www.institutodeengenharia.org.br\/site\/#\/schema\/person\/aeb64951c405e100d26d30b033dd423f\",\"name\":\"Bianca\",\"image\":{\"@type\":\"ImageObject\",\"inLanguage\":\"pt-BR\",\"@id\":\"https:\/\/secure.gravatar.com\/avatar\/a6fbe9bff57405baf4c1e2c5c1811e072b558253974a9f9508f4678900c97c2a?s=96&d=mm&r=g\",\"url\":\"https:\/\/secure.gravatar.com\/avatar\/a6fbe9bff57405baf4c1e2c5c1811e072b558253974a9f9508f4678900c97c2a?s=96&d=mm&r=g\",\"contentUrl\":\"https:\/\/secure.gravatar.com\/avatar\/a6fbe9bff57405baf4c1e2c5c1811e072b558253974a9f9508f4678900c97c2a?s=96&d=mm&r=g\",\"caption\":\"Bianca\"},\"url\":\"https:\/\/www.institutodeengenharia.org.br\/site\/author\/comunicacao1\/\"}]}<\/script>\n<!-- \/ Yoast SEO plugin. -->","yoast_head_json":{"title":"Baterias Estacion\u00e1rias em microgera\u00e7\u00e3o e renov\u00e1veis - Instituto de Engenharia","robots":{"index":"index","follow":"follow","max-snippet":"max-snippet:-1","max-image-preview":"max-image-preview:large","max-video-preview":"max-video-preview:-1"},"canonical":"https:\/\/www.institutodeengenharia.org.br\/site\/2020\/06\/19\/baterias-estacionarias-em-microgeracao-e-renovaveis\/","og_locale":"pt_BR","og_type":"article","og_title":"Baterias Estacion\u00e1rias em microgera\u00e7\u00e3o e renov\u00e1veis - Instituto de Engenharia","og_description":"&nbsp; A palestra\u00a0Baterias Estacion\u00e1rias em microgera\u00e7\u00e3o e renov\u00e1veis faz parte da\u00a0S\u00e9rie Webinar: Brasil p\u00f3s-crise, uma realiza\u00e7\u00e3o do Instituto de Engenharia. Assista abaixo \u00e0 grava\u00e7\u00e3o: &nbsp; Palestrantes: Maria de F\u00e1tima Negreli Campos Rosolem Bacharel em Qu\u00edmica (UFSCar), mestre em Eletroqu\u00edmica (USP-S\u00e3o Carlos) e MBA em Gest\u00e3o Empresarial. Atua no CPqD desde 1989 na \u00c1rea de Sistemas [&hellip;]","og_url":"https:\/\/www.institutodeengenharia.org.br\/site\/2020\/06\/19\/baterias-estacionarias-em-microgeracao-e-renovaveis\/","og_site_name":"Instituto de Engenharia","article_publisher":"https:\/\/www.facebook.com\/institutodeengenharia","article_published_time":"2020-06-19T13:07:18+00:00","article_modified_time":"2020-06-22T13:15:12+00:00","og_image":[{"width":1034,"height":645,"url":"https:\/\/www.institutodeengenharia.org.br\/site\/wp-content\/uploads\/2020\/06\/baterias-estacion\u00e1rias.jpg","type":"image\/jpeg"}],"author":"Bianca","twitter_card":"summary_large_image","twitter_creator":"@iengenharia","twitter_site":"@iengenharia","twitter_misc":{"Escrito por":"Bianca","Est. tempo de leitura":"2 minutos"},"schema":{"@context":"https:\/\/schema.org","@graph":[{"@type":"Article","@id":"https:\/\/www.institutodeengenharia.org.br\/site\/2020\/06\/19\/baterias-estacionarias-em-microgeracao-e-renovaveis\/#article","isPartOf":{"@id":"https:\/\/www.institutodeengenharia.org.br\/site\/2020\/06\/19\/baterias-estacionarias-em-microgeracao-e-renovaveis\/"},"author":{"name":"Bianca","@id":"https:\/\/www.institutodeengenharia.org.br\/site\/#\/schema\/person\/aeb64951c405e100d26d30b033dd423f"},"headline":"Baterias Estacion\u00e1rias em microgera\u00e7\u00e3o e renov\u00e1veis","datePublished":"2020-06-19T13:07:18+00:00","dateModified":"2020-06-22T13:15:12+00:00","mainEntityOfPage":{"@id":"https:\/\/www.institutodeengenharia.org.br\/site\/2020\/06\/19\/baterias-estacionarias-em-microgeracao-e-renovaveis\/"},"wordCount":370,"commentCount":0,"publisher":{"@id":"https:\/\/www.institutodeengenharia.org.br\/site\/#organization"},"image":{"@id":"https:\/\/www.institutodeengenharia.org.br\/site\/2020\/06\/19\/baterias-estacionarias-em-microgeracao-e-renovaveis\/#primaryimage"},"thumbnailUrl":"https:\/\/www.institutodeengenharia.org.br\/site\/wp-content\/uploads\/2020\/06\/baterias-estacion\u00e1rias.jpg","articleSection":["Nova TV Engenharia","Palestra"],"inLanguage":"pt-BR","potentialAction":[{"@type":"CommentAction","name":"Comment","target":["https:\/\/www.institutodeengenharia.org.br\/site\/2020\/06\/19\/baterias-estacionarias-em-microgeracao-e-renovaveis\/#respond"]}]},{"@type":"WebPage","@id":"https:\/\/www.institutodeengenharia.org.br\/site\/2020\/06\/19\/baterias-estacionarias-em-microgeracao-e-renovaveis\/","url":"https:\/\/www.institutodeengenharia.org.br\/site\/2020\/06\/19\/baterias-estacionarias-em-microgeracao-e-renovaveis\/","name":"Baterias Estacion\u00e1rias em microgera\u00e7\u00e3o e renov\u00e1veis - Instituto de Engenharia","isPartOf":{"@id":"https:\/\/www.institutodeengenharia.org.br\/site\/#website"},"primaryImageOfPage":{"@id":"https:\/\/www.institutodeengenharia.org.br\/site\/2020\/06\/19\/baterias-estacionarias-em-microgeracao-e-renovaveis\/#primaryimage"},"image":{"@id":"https:\/\/www.institutodeengenharia.org.br\/site\/2020\/06\/19\/baterias-estacionarias-em-microgeracao-e-renovaveis\/#primaryimage"},"thumbnailUrl":"https:\/\/www.institutodeengenharia.org.br\/site\/wp-content\/uploads\/2020\/06\/baterias-estacion\u00e1rias.jpg","datePublished":"2020-06-19T13:07:18+00:00","dateModified":"2020-06-22T13:15:12+00:00","breadcrumb":{"@id":"https:\/\/www.institutodeengenharia.org.br\/site\/2020\/06\/19\/baterias-estacionarias-em-microgeracao-e-renovaveis\/#breadcrumb"},"inLanguage":"pt-BR","potentialAction":[{"@type":"ReadAction","target":["https:\/\/www.institutodeengenharia.org.br\/site\/2020\/06\/19\/baterias-estacionarias-em-microgeracao-e-renovaveis\/"]}]},{"@type":"ImageObject","inLanguage":"pt-BR","@id":"https:\/\/www.institutodeengenharia.org.br\/site\/2020\/06\/19\/baterias-estacionarias-em-microgeracao-e-renovaveis\/#primaryimage","url":"https:\/\/www.institutodeengenharia.org.br\/site\/wp-content\/uploads\/2020\/06\/baterias-estacion\u00e1rias.jpg","contentUrl":"https:\/\/www.institutodeengenharia.org.br\/site\/wp-content\/uploads\/2020\/06\/baterias-estacion\u00e1rias.jpg","width":1034,"height":645},{"@type":"BreadcrumbList","@id":"https:\/\/www.institutodeengenharia.org.br\/site\/2020\/06\/19\/baterias-estacionarias-em-microgeracao-e-renovaveis\/#breadcrumb","itemListElement":[{"@type":"ListItem","position":1,"name":"In\u00edcio","item":"https:\/\/www.institutodeengenharia.org.br\/site\/"},{"@type":"ListItem","position":2,"name":"Baterias Estacion\u00e1rias em microgera\u00e7\u00e3o e renov\u00e1veis"}]},{"@type":"WebSite","@id":"https:\/\/www.institutodeengenharia.org.br\/site\/#website","url":"https:\/\/www.institutodeengenharia.org.br\/site\/","name":"Instituto de Engenharia","description":"O Instituto de Engenharia promove a Engenharia em benef\u00edcio do desenvolvimento e da qualidade de vida da sociedade.","publisher":{"@id":"https:\/\/www.institutodeengenharia.org.br\/site\/#organization"},"potentialAction":[{"@type":"SearchAction","target":{"@type":"EntryPoint","urlTemplate":"https:\/\/www.institutodeengenharia.org.br\/site\/?s={search_term_string}"},"query-input":{"@type":"PropertyValueSpecification","valueRequired":true,"valueName":"search_term_string"}}],"inLanguage":"pt-BR"},{"@type":"Organization","@id":"https:\/\/www.institutodeengenharia.org.br\/site\/#organization","name":"Instituto de Engenharia","url":"https:\/\/www.institutodeengenharia.org.br\/site\/","logo":{"@type":"ImageObject","inLanguage":"pt-BR","@id":"https:\/\/www.institutodeengenharia.org.br\/site\/#\/schema\/logo\/image\/","url":"https:\/\/www.institutodeengenharia.org.br\/site\/wp-content\/uploads\/2019\/03\/logo-novo-IE2018-1.jpg","contentUrl":"https:\/\/www.institutodeengenharia.org.br\/site\/wp-content\/uploads\/2019\/03\/logo-novo-IE2018-1.jpg","width":1486,"height":1879,"caption":"Instituto de Engenharia"},"image":{"@id":"https:\/\/www.institutodeengenharia.org.br\/site\/#\/schema\/logo\/image\/"},"sameAs":["https:\/\/www.facebook.com\/institutodeengenharia","https:\/\/x.com\/iengenharia","https:\/\/www.instagram.com\/institutodeengenharia\/","https:\/\/www.linkedin.com\/company\/instituto-de-engenharia\/","https:\/\/www.youtube.com\/channel\/UCXiCAlsSMe977vamW915HxA"]},{"@type":"Person","@id":"https:\/\/www.institutodeengenharia.org.br\/site\/#\/schema\/person\/aeb64951c405e100d26d30b033dd423f","name":"Bianca","image":{"@type":"ImageObject","inLanguage":"pt-BR","@id":"https:\/\/secure.gravatar.com\/avatar\/a6fbe9bff57405baf4c1e2c5c1811e072b558253974a9f9508f4678900c97c2a?s=96&d=mm&r=g","url":"https:\/\/secure.gravatar.com\/avatar\/a6fbe9bff57405baf4c1e2c5c1811e072b558253974a9f9508f4678900c97c2a?s=96&d=mm&r=g","contentUrl":"https:\/\/secure.gravatar.com\/avatar\/a6fbe9bff57405baf4c1e2c5c1811e072b558253974a9f9508f4678900c97c2a?s=96&d=mm&r=g","caption":"Bianca"},"url":"https:\/\/www.institutodeengenharia.org.br\/site\/author\/comunicacao1\/"}]}},"_links":{"self":[{"href":"https:\/\/www.institutodeengenharia.org.br\/site\/wp-json\/wp\/v2\/posts\/67578","targetHints":{"allow":["GET"]}}],"collection":[{"href":"https:\/\/www.institutodeengenharia.org.br\/site\/wp-json\/wp\/v2\/posts"}],"about":[{"href":"https:\/\/www.institutodeengenharia.org.br\/site\/wp-json\/wp\/v2\/types\/post"}],"author":[{"embeddable":true,"href":"https:\/\/www.institutodeengenharia.org.br\/site\/wp-json\/wp\/v2\/users\/13"}],"replies":[{"embeddable":true,"href":"https:\/\/www.institutodeengenharia.org.br\/site\/wp-json\/wp\/v2\/comments?post=67578"}],"version-history":[{"count":1,"href":"https:\/\/www.institutodeengenharia.org.br\/site\/wp-json\/wp\/v2\/posts\/67578\/revisions"}],"predecessor-version":[{"id":67580,"href":"https:\/\/www.institutodeengenharia.org.br\/site\/wp-json\/wp\/v2\/posts\/67578\/revisions\/67580"}],"wp:featuredmedia":[{"embeddable":true,"href":"https:\/\/www.institutodeengenharia.org.br\/site\/wp-json\/wp\/v2\/media\/67579"}],"wp:attachment":[{"href":"https:\/\/www.institutodeengenharia.org.br\/site\/wp-json\/wp\/v2\/media?parent=67578"}],"wp:term":[{"taxonomy":"category","embeddable":true,"href":"https:\/\/www.institutodeengenharia.org.br\/site\/wp-json\/wp\/v2\/categories?post=67578"},{"taxonomy":"post_tag","embeddable":true,"href":"https:\/\/www.institutodeengenharia.org.br\/site\/wp-json\/wp\/v2\/tags?post=67578"}],"curies":[{"name":"wp","href":"https:\/\/api.w.org\/{rel}","templated":true}]}}