{"id":67221,"date":"2020-05-20T19:14:01","date_gmt":"2020-05-20T22:14:01","guid":{"rendered":"https:\/\/www.institutodeengenharia.org.br\/site\/?p=67221"},"modified":"2020-06-16T13:15:58","modified_gmt":"2020-06-16T16:15:58","slug":"avaliacao-de-imoveis-urbanos-metodologias-e-normas-tecnicas","status":"publish","type":"post","link":"https:\/\/www.institutodeengenharia.org.br\/site\/2020\/05\/20\/avaliacao-de-imoveis-urbanos-metodologias-e-normas-tecnicas\/","title":{"rendered":"Avalia\u00e7\u00e3o de im\u00f3veis urbanos \u2013 Metodologias e normas t\u00e9cnicas"},"content":{"rendered":"<p>&nbsp;<\/p>\n<p><strong>Assista abaixo \u00e0 grava\u00e7\u00e3o:<\/strong><\/p>\n<p><iframe loading=\"lazy\" src=\"https:\/\/player.vimeo.com\/video\/429598447\" width=\"640\" height=\"360\" frameborder=\"0\" allowfullscreen=\"allowfullscreen\"><\/iframe><\/p>\n<p>&nbsp;<\/p>\n<p><strong>+ Informa\u00e7\u00f5es:<\/strong><\/p>\n<p>&nbsp;<\/p>\n<p><strong>Abordagem<\/strong>:<\/p>\n<p>Fazer uma abordagem pr\u00e1tica sobre Avalia\u00e7\u00e3o de Im\u00f3veis Urbanos, apresentando metodologias, orienta\u00e7\u00f5es e casos pr\u00e1ticos e Normas T\u00e9cnicas para os profissionais Engenheiros e Arquitetos que atuam ou desejam atuar na \u00e1rea de Avalia\u00e7\u00f5es.<\/p>\n<p>&nbsp;<\/p>\n<p><strong>P\u00fablico Alvo: <\/strong><\/p>\n<p>Engenheiros, Arquitetos e Peritos Avaliadores.<\/p>\n<p>&nbsp;<\/p>\n<p><strong>Programa\u00e7\u00e3o:<\/strong><\/p>\n<ul>\n<li><strong>1\u00ba Tema: <\/strong><strong>Primeira parte:<\/strong> Ricardo Henrique de A. ImamuraAtribui\u00e7\u00f5es Profissionais, Habilita\u00e7\u00e3o (Legisla\u00e7\u00e3o), Especializa\u00e7\u00e3o, Expertise e Experi\u00eancia.<strong>Segunda parte:<\/strong> Os\u00f3rio GattoAs Normas de avalia\u00e7\u00f5es, os aspectos metodol\u00f3gicos e exemplos de suas aplica\u00e7\u00f5es.<\/li>\n<\/ul>\n<p>&nbsp;<\/p>\n<ul>\n<li><strong>2\u00ba Tema<\/strong>:<strong>Primeira parte:<\/strong> Jos\u00e9 FikerMetodologias avaliat\u00f3rias e Case.<strong>Segunda parte:<\/strong> Miriana Pereira MarquesPr\u00e1ticas de Vistoria e an\u00e1lises t\u00e9cnicas necess\u00e1rias para a Avalia\u00e7\u00e3o do Im\u00f3vel.\n<p><strong>Terceira parte: <\/strong>S\u00e9rgio Liporoni<\/p>\n<p>Apresenta\u00e7\u00e3o de casos pol\u00eamicos em avalia\u00e7\u00f5es.<\/li>\n<\/ul>\n<p>&nbsp;<\/p>\n<p><strong>Moderador:<\/strong><\/p>\n<p><strong>Ricardo Henrique de A. Imamura<\/strong><\/p>\n<p>Engenheiro Civil pela Escola de Engenharia de Lins, 1977. Perito judicial de diversas Varas C\u00edveis e da Fazenda no Estado de S\u00e3o Paulo, desde 1978. Dentre sua experi\u00eancia como perito judicial, encontram-se a elabora\u00e7\u00e3o de mais de 4.300 laudos de Engenharia Legal de naturezas diversas. Membro titular, coordenador da Divis\u00e3o de Avalia\u00e7\u00f5es e Per\u00edcias, conselheiro e perito especialista da C\u00e2mara de Media\u00e7\u00e3o e Arbitragem do Instituto de Engenharia \u2013 S\u00e3o Paulo. Membro fundador e ex-presidente da Associa\u00e7\u00e3o Parama\u00e7\u00f4nica de Peritos Judiciais \u2013 APPJ. Presidente da AELINS \u2013 Associa\u00e7\u00e3o de Engenheiros de Lins \u2013 Lins\/SP. Membro da CBAr \u2013 Comit\u00ea Brasileiro de Arbitragem; membro da ABCIP \u2013 Associa\u00e7\u00e3o Brasileira das Entidades de Cr\u00e9dito Imobili\u00e1rio e Poupan\u00e7a; membro da CAM-CCBC \u2013 C\u00e2mara de Com\u00e9rcio Brasil-Canad\u00e1; membro da AMCHAM Brasil; membro da CAMARB \u2013 Camara de Arbitragem Empresarial Brasil; membro do FIDIC. Membro tamb\u00e9m de diversas associa\u00e7\u00f5es em S\u00e3o Paulo. Ministra cursos e palestras e tem publica\u00e7\u00f5es t\u00e9cnicas diversas. Engenheiro pela Empresa Consultora Hidroservice \u2013 Engenharia de Projetos Ltda., de 1978 a 1989. Engenheiro pela S.A. Ind\u00fastrias Votorantim, de 1989 a 1990; assessor da Diretoria pela Empresa Consultora Matricial Projetos e Consultoria Ltda., de novembro de 1990 a 1991. S\u00f3cio Propriet\u00e1rio da R.H. Imamura Peritos Consultores e dos Advisors Committee.<\/p>\n<p>&nbsp;<\/p>\n<p><strong>Palestrantes:<\/strong><\/p>\n<p><strong>Antonio S\u00e9rgio Liporoni<\/strong><\/p>\n<p>Engenheiro Civil pela Escola de Engenharia Mau\u00e1, Matem\u00e1tica Universidade de Itajub\u00e1 e p\u00f3s-graduado em Engenharia de Avalia\u00e7\u00f5es pela UNISANTA. Avaliador com certifica\u00e7\u00e3o n\u00edvel AAA pelo IBAPE Nacional. Foi presidente do IBAPE de S\u00e3o Paulo de 1991 a 1996, e presidente do IBAPE Nacional de 1995 a 1997. Foi tamb\u00e9m presidente da UPAV de 2005 a 2007, s\u00f3cio fundador da CTA &#8211; Consultoria T\u00e9cnica e Assessoria, ex-professor dos cursos de Avalia\u00e7\u00f5es e P\u00f3s-gradua\u00e7\u00e3o do IBAPE\/SP e autor dos livros de \u201cGest\u00e3o Tribut\u00e1ria de Cidades\u201d e \u201cPosse e Dom\u00ednio\u201d e diversos artigos de Avalia\u00e7\u00e3o em Massa com \u00eanfase em Planta de Valores Georreferenciada.<\/p>\n<p><strong>Prof. Dr. Jos\u00e9 Fiker<\/strong><\/p>\n<p>Doutor em Semi\u00f3tica e Lingu\u00edstica Geral (com \u00eanfase em Laudos). Foi fundador e primeiro presidente da C\u00e2mara de Valores do IBAPE \u2013 Instituto Brasileiro de Avalia\u00e7\u00f5es e Per\u00edcias do Instituto de Engenharia, perito dos Tribunais de Al\u00e7ada e Justi\u00e7a. Coordenador da Divis\u00e3o de Avalia\u00e7\u00f5es e Per\u00edcias do Instituto de Engenharia, graduado em Portugu\u00eas, Latim e Lingu\u00edstica, assessor Jur\u00eddico da Diretoria do IBAPE Nacional e vice-presidente do IBAPE- SP. \u00c9 diretor-presidente da EMBRAVAL \u2013 Empresa Brasileira de Avalia\u00e7\u00f5es S\/C Ltda. \u00c9 autor dos livros <em>Manual de Reda\u00e7\u00e3o de Laudos<\/em>, <em>Avalia\u00e7\u00e3o de Im\u00f3veis Urbanos<\/em> e <em>A Per\u00edcia Judicial<\/em> (este \u00faltimo em coautoria com o Eng\u00ba Joaquim da Rocha Medeiros), <em>Manual Pr\u00e1tico de Avalia\u00e7\u00f5es e Per\u00edcias de Engenharia<\/em>, todos pela Editora Pini. <em>Manual Pr\u00e1tico de Direito das Constru\u00e7\u00f5es<\/em>, <em>Linguagem do Laudo Pericial<\/em>, <em>Per\u00edcias e Avalia\u00e7\u00f5es Fundamentos Pr\u00e1ticos<\/em> e <em>Contesta\u00e7\u00e3o na Per\u00edcia Judicial<\/em>, pela\u00a0Editora Leud \u2013 Livraria Editora Universit\u00e1ria de Direito. O livro <em>Linguagem do Laudo Pericial<\/em> \u00e9 origin\u00e1rio da tese de Doutorado e do Melhor Trabalho do ano em colabora\u00e7\u00e3o com a classe do Instituto de Engenharia de 2004 e 2011, medalha de ouro. Advogado formado pela Universidade de S\u00e3o Paulo (USP). J\u00e1 deu aula nas principais entidades ligadas \u00e0 avalia\u00e7\u00f5es e per\u00edcias em todo o Brasil.<\/p>\n<p><strong>Miriana Pereira Marques<\/strong><\/p>\n<p>Formada em Engenharia Civil pela FAAP, foi professora universit\u00e1ria de Maci\u00e7os e Obras de Terras, Transportes e Mec\u00e2nica dos Solos na mesma faculdade.<\/p>\n<p>Com 20 anos de atua\u00e7\u00e3o profissional dedicados \u00e0 \u00e1rea de Avalia\u00e7\u00f5es e Per\u00edcias, referente a bens patrimoniais e a im\u00f3veis urbanos, comerciais, residenciais, rurais e industriais, \u00e9 respons\u00e1vel t\u00e9cnica pela \u00e1rea de Avalia\u00e7\u00f5es e Per\u00edcias da Marques &amp; Marques Engenharia. Assistente t\u00e9cnico do Metr\u00f4 e da Dersa e especialista em Avalia\u00e7\u00f5es e Per\u00edcias.<\/p>\n<p>No Instituto de Engenharia, \u00e9 vice-presidente de Assuntos Internos, vice-coordenadora da Divis\u00e3o T\u00e9cnica de Inform\u00e1tica e da Divis\u00e3o de Avalia\u00e7\u00f5es e Per\u00edcias, membro do Conselho Consultivo e da C\u00e2mara de Media\u00e7\u00e3o e Arbitragem (CMA). E possui o pr\u00eamio de Melhor Trabalho T\u00e9cnico do Ano Analisando Temas Ligados ao Exerc\u00edcio da Profiss\u00e3o \u2013 \u201cVistoria Cautelar\u201d, \u201cIm\u00f3veis Tombados\u201d e \u201cCal\u00e7adas\u201d, entregues pela institui\u00e7\u00e3o.<\/p>\n<p><strong>Os\u00f3rio Accioly Gatto<\/strong><\/p>\n<p>Engenheiro Mec\u00e2nico pela Universidade Presbiteriana Mackenzie, p\u00f3s-graduado em Engenharia de Avalia\u00e7\u00f5es FAAP, mestre em Economia pela Mackenzie, avaliador certificado n\u00edvel AAA pelo IBAPE Nacional, foi presidente do IBAPE Nacional nos anos de 2012 e 2013,\u00a0 presidente do IBAPE SP em 2008 e 2009, vice-presidente da UPAV em 2017 e 2018, s\u00f3cio-fundador da Mercatto Assessoria e Avalia\u00e7\u00f5es, ex-professor dos cursos de Avalia\u00e7\u00f5es Econ\u00f4micas, Avalia\u00e7\u00f5es de M\u00e1quinas e Equipamentos, do IBAPE\/SP e p\u00f3s-gradua\u00e7\u00f5es do IBAPE.<\/p>\n<p>&nbsp;<\/p>\n<p><strong>Parceria:<\/strong><\/p>\n<p><img loading=\"lazy\" decoding=\"async\" class=\"\" src=\"https:\/\/s3.amazonaws.com\/qualimovelwordpress\/noticias\/wp-content\/uploads\/2017\/09\/09015153\/Ibape-SP.jpg\" alt=\"Ibape-SP elege nova gest\u00e3o e refor\u00e7a planejamento empresarial ...\" width=\"112\" height=\"112\" \/><\/p>\n<p>&nbsp;<\/p>\n<p><strong>Apoio Institucional:<\/strong><\/p>\n<p><img loading=\"lazy\" decoding=\"async\" class=\"alignnone size-full wp-image-34556\" src=\"https:\/\/www.institutodeengenharia.org.br\/site\/wp-content\/uploads\/2018\/04\/CREA-SP_vertical.jpg\" alt=\"\" width=\"150\" height=\"106\" srcset=\"https:\/\/www.institutodeengenharia.org.br\/site\/wp-content\/uploads\/2018\/04\/CREA-SP_vertical.jpg 150w, https:\/\/www.institutodeengenharia.org.br\/site\/wp-content\/uploads\/2018\/04\/CREA-SP_vertical-100x70.jpg 100w\" sizes=\"auto, (max-width: 150px) 100vw, 150px\" \/><\/p>\n<p>&nbsp;<\/p>\n<p><strong>Realiza\u00e7\u00e3o:<\/strong><\/p>\n<p><strong>Eng. Jer\u00f4nimo Cabral Pereira Fagundes Neto <\/strong>\u2013 Vice-presidente de Atividades T\u00e9cnicas<br \/>\n<strong>Eng\u00aa. D\u00e9bora Sanches de A. Marinello <\/strong>\u2013 Diretora do Departamento de Engenharia de Produ\u00e7\u00e3o<br \/>\n<strong>Eng. Ricardo Henrique de A. Imamura <\/strong>\u2013 Coordenador da Divis\u00e3o T\u00e9cnica de Avalia\u00e7\u00f5es e Per\u00edcias<\/p>\n","protected":false},"excerpt":{"rendered":"<p>&nbsp; Assista abaixo \u00e0 grava\u00e7\u00e3o: &nbsp; + Informa\u00e7\u00f5es: &nbsp; Abordagem: Fazer uma abordagem pr\u00e1tica sobre Avalia\u00e7\u00e3o de Im\u00f3veis Urbanos, apresentando metodologias, orienta\u00e7\u00f5es e casos pr\u00e1ticos e Normas T\u00e9cnicas para os profissionais Engenheiros e Arquitetos que atuam ou desejam atuar na \u00e1rea de Avalia\u00e7\u00f5es. &nbsp; P\u00fablico Alvo: Engenheiros, Arquitetos e Peritos Avaliadores. &nbsp; Programa\u00e7\u00e3o: 1\u00ba Tema: [&hellip;]<\/p>\n","protected":false},"author":13,"featured_media":64004,"comment_status":"open","ping_status":"open","sticky":false,"template":"","format":"standard","meta":{"footnotes":""},"categories":[46,67,968,969],"tags":[],"class_list":{"0":"post-67221","1":"post","2":"type-post","3":"status-publish","4":"format-standard","5":"has-post-thumbnail","7":"category-departamento-desenvolvimento-de-gestao-e-objetivos","8":"category-divisao-de-avaliacoes-e-pericias","9":"category-nova-tv-engenharia","10":"category-palestra"},"yoast_head":"<!-- This site is optimized with the Yoast SEO plugin v27.2 - https:\/\/yoast.com\/product\/yoast-seo-wordpress\/ -->\n<title>Avalia\u00e7\u00e3o de im\u00f3veis urbanos \u2013 Metodologias e normas t\u00e9cnicas - Instituto de Engenharia<\/title>\n<meta name=\"robots\" content=\"index, follow, max-snippet:-1, max-image-preview:large, max-video-preview:-1\" \/>\n<link rel=\"canonical\" href=\"https:\/\/www.institutodeengenharia.org.br\/site\/2020\/05\/20\/avaliacao-de-imoveis-urbanos-metodologias-e-normas-tecnicas\/\" \/>\n<meta property=\"og:locale\" content=\"pt_BR\" \/>\n<meta property=\"og:type\" content=\"article\" \/>\n<meta property=\"og:title\" content=\"Avalia\u00e7\u00e3o de im\u00f3veis urbanos \u2013 Metodologias e normas t\u00e9cnicas - Instituto de Engenharia\" \/>\n<meta property=\"og:description\" content=\"&nbsp; Assista abaixo \u00e0 grava\u00e7\u00e3o: &nbsp; + Informa\u00e7\u00f5es: &nbsp; Abordagem: Fazer uma abordagem pr\u00e1tica sobre Avalia\u00e7\u00e3o de Im\u00f3veis Urbanos, apresentando metodologias, orienta\u00e7\u00f5es e casos pr\u00e1ticos e Normas T\u00e9cnicas para os profissionais Engenheiros e Arquitetos que atuam ou desejam atuar na \u00e1rea de Avalia\u00e7\u00f5es. &nbsp; P\u00fablico Alvo: Engenheiros, Arquitetos e Peritos Avaliadores. &nbsp; Programa\u00e7\u00e3o: 1\u00ba Tema: [&hellip;]\" \/>\n<meta property=\"og:url\" content=\"https:\/\/www.institutodeengenharia.org.br\/site\/2020\/05\/20\/avaliacao-de-imoveis-urbanos-metodologias-e-normas-tecnicas\/\" \/>\n<meta property=\"og:site_name\" content=\"Instituto de Engenharia\" \/>\n<meta property=\"article:publisher\" content=\"https:\/\/www.facebook.com\/institutodeengenharia\" \/>\n<meta property=\"article:published_time\" content=\"2020-05-20T22:14:01+00:00\" \/>\n<meta property=\"article:modified_time\" content=\"2020-06-16T16:15:58+00:00\" \/>\n<meta property=\"og:image\" content=\"https:\/\/www.institutodeengenharia.org.br\/site\/wp-content\/uploads\/2020\/05\/imagem.jpg\" \/>\n\t<meta property=\"og:image:width\" content=\"1388\" \/>\n\t<meta property=\"og:image:height\" content=\"670\" \/>\n\t<meta property=\"og:image:type\" content=\"image\/jpeg\" \/>\n<meta name=\"author\" content=\"Bianca\" \/>\n<meta name=\"twitter:card\" content=\"summary_large_image\" \/>\n<meta name=\"twitter:creator\" content=\"@iengenharia\" \/>\n<meta name=\"twitter:site\" content=\"@iengenharia\" \/>\n<meta name=\"twitter:label1\" content=\"Escrito por\" \/>\n\t<meta name=\"twitter:data1\" content=\"Bianca\" \/>\n\t<meta name=\"twitter:label2\" content=\"Est. tempo de leitura\" \/>\n\t<meta name=\"twitter:data2\" content=\"5 minutos\" \/>\n<script type=\"application\/ld+json\" class=\"yoast-schema-graph\">{\"@context\":\"https:\/\/schema.org\",\"@graph\":[{\"@type\":\"Article\",\"@id\":\"https:\/\/www.institutodeengenharia.org.br\/site\/2020\/05\/20\/avaliacao-de-imoveis-urbanos-metodologias-e-normas-tecnicas\/#article\",\"isPartOf\":{\"@id\":\"https:\/\/www.institutodeengenharia.org.br\/site\/2020\/05\/20\/avaliacao-de-imoveis-urbanos-metodologias-e-normas-tecnicas\/\"},\"author\":{\"name\":\"Bianca\",\"@id\":\"https:\/\/www.institutodeengenharia.org.br\/site\/#\/schema\/person\/aeb64951c405e100d26d30b033dd423f\"},\"headline\":\"Avalia\u00e7\u00e3o de im\u00f3veis urbanos \u2013 Metodologias e normas t\u00e9cnicas\",\"datePublished\":\"2020-05-20T22:14:01+00:00\",\"dateModified\":\"2020-06-16T16:15:58+00:00\",\"mainEntityOfPage\":{\"@id\":\"https:\/\/www.institutodeengenharia.org.br\/site\/2020\/05\/20\/avaliacao-de-imoveis-urbanos-metodologias-e-normas-tecnicas\/\"},\"wordCount\":1038,\"commentCount\":0,\"publisher\":{\"@id\":\"https:\/\/www.institutodeengenharia.org.br\/site\/#organization\"},\"image\":{\"@id\":\"https:\/\/www.institutodeengenharia.org.br\/site\/2020\/05\/20\/avaliacao-de-imoveis-urbanos-metodologias-e-normas-tecnicas\/#primaryimage\"},\"thumbnailUrl\":\"https:\/\/www.institutodeengenharia.org.br\/site\/wp-content\/uploads\/2020\/05\/imagem.jpg\",\"articleSection\":[\"Departamento Desenvolvimento de Gest\u00e3o e Objetivos\",\"Divis\u00e3o T\u00e9cnica de Avalia\u00e7\u00f5es e Per\u00edcias\",\"Nova TV Engenharia\",\"Palestra\"],\"inLanguage\":\"pt-BR\",\"potentialAction\":[{\"@type\":\"CommentAction\",\"name\":\"Comment\",\"target\":[\"https:\/\/www.institutodeengenharia.org.br\/site\/2020\/05\/20\/avaliacao-de-imoveis-urbanos-metodologias-e-normas-tecnicas\/#respond\"]}]},{\"@type\":\"WebPage\",\"@id\":\"https:\/\/www.institutodeengenharia.org.br\/site\/2020\/05\/20\/avaliacao-de-imoveis-urbanos-metodologias-e-normas-tecnicas\/\",\"url\":\"https:\/\/www.institutodeengenharia.org.br\/site\/2020\/05\/20\/avaliacao-de-imoveis-urbanos-metodologias-e-normas-tecnicas\/\",\"name\":\"Avalia\u00e7\u00e3o de im\u00f3veis urbanos \u2013 Metodologias e normas t\u00e9cnicas - Instituto de Engenharia\",\"isPartOf\":{\"@id\":\"https:\/\/www.institutodeengenharia.org.br\/site\/#website\"},\"primaryImageOfPage\":{\"@id\":\"https:\/\/www.institutodeengenharia.org.br\/site\/2020\/05\/20\/avaliacao-de-imoveis-urbanos-metodologias-e-normas-tecnicas\/#primaryimage\"},\"image\":{\"@id\":\"https:\/\/www.institutodeengenharia.org.br\/site\/2020\/05\/20\/avaliacao-de-imoveis-urbanos-metodologias-e-normas-tecnicas\/#primaryimage\"},\"thumbnailUrl\":\"https:\/\/www.institutodeengenharia.org.br\/site\/wp-content\/uploads\/2020\/05\/imagem.jpg\",\"datePublished\":\"2020-05-20T22:14:01+00:00\",\"dateModified\":\"2020-06-16T16:15:58+00:00\",\"breadcrumb\":{\"@id\":\"https:\/\/www.institutodeengenharia.org.br\/site\/2020\/05\/20\/avaliacao-de-imoveis-urbanos-metodologias-e-normas-tecnicas\/#breadcrumb\"},\"inLanguage\":\"pt-BR\",\"potentialAction\":[{\"@type\":\"ReadAction\",\"target\":[\"https:\/\/www.institutodeengenharia.org.br\/site\/2020\/05\/20\/avaliacao-de-imoveis-urbanos-metodologias-e-normas-tecnicas\/\"]}]},{\"@type\":\"ImageObject\",\"inLanguage\":\"pt-BR\",\"@id\":\"https:\/\/www.institutodeengenharia.org.br\/site\/2020\/05\/20\/avaliacao-de-imoveis-urbanos-metodologias-e-normas-tecnicas\/#primaryimage\",\"url\":\"https:\/\/www.institutodeengenharia.org.br\/site\/wp-content\/uploads\/2020\/05\/imagem.jpg\",\"contentUrl\":\"https:\/\/www.institutodeengenharia.org.br\/site\/wp-content\/uploads\/2020\/05\/imagem.jpg\",\"width\":1388,\"height\":670},{\"@type\":\"BreadcrumbList\",\"@id\":\"https:\/\/www.institutodeengenharia.org.br\/site\/2020\/05\/20\/avaliacao-de-imoveis-urbanos-metodologias-e-normas-tecnicas\/#breadcrumb\",\"itemListElement\":[{\"@type\":\"ListItem\",\"position\":1,\"name\":\"In\u00edcio\",\"item\":\"https:\/\/www.institutodeengenharia.org.br\/site\/\"},{\"@type\":\"ListItem\",\"position\":2,\"name\":\"Avalia\u00e7\u00e3o de im\u00f3veis urbanos \u2013 Metodologias e normas t\u00e9cnicas\"}]},{\"@type\":\"WebSite\",\"@id\":\"https:\/\/www.institutodeengenharia.org.br\/site\/#website\",\"url\":\"https:\/\/www.institutodeengenharia.org.br\/site\/\",\"name\":\"Instituto de Engenharia\",\"description\":\"O Instituto de Engenharia promove a Engenharia em benef\u00edcio do desenvolvimento e da qualidade de vida da sociedade.\",\"publisher\":{\"@id\":\"https:\/\/www.institutodeengenharia.org.br\/site\/#organization\"},\"potentialAction\":[{\"@type\":\"SearchAction\",\"target\":{\"@type\":\"EntryPoint\",\"urlTemplate\":\"https:\/\/www.institutodeengenharia.org.br\/site\/?s={search_term_string}\"},\"query-input\":{\"@type\":\"PropertyValueSpecification\",\"valueRequired\":true,\"valueName\":\"search_term_string\"}}],\"inLanguage\":\"pt-BR\"},{\"@type\":\"Organization\",\"@id\":\"https:\/\/www.institutodeengenharia.org.br\/site\/#organization\",\"name\":\"Instituto de Engenharia\",\"url\":\"https:\/\/www.institutodeengenharia.org.br\/site\/\",\"logo\":{\"@type\":\"ImageObject\",\"inLanguage\":\"pt-BR\",\"@id\":\"https:\/\/www.institutodeengenharia.org.br\/site\/#\/schema\/logo\/image\/\",\"url\":\"https:\/\/www.institutodeengenharia.org.br\/site\/wp-content\/uploads\/2019\/03\/logo-novo-IE2018-1.jpg\",\"contentUrl\":\"https:\/\/www.institutodeengenharia.org.br\/site\/wp-content\/uploads\/2019\/03\/logo-novo-IE2018-1.jpg\",\"width\":1486,\"height\":1879,\"caption\":\"Instituto de Engenharia\"},\"image\":{\"@id\":\"https:\/\/www.institutodeengenharia.org.br\/site\/#\/schema\/logo\/image\/\"},\"sameAs\":[\"https:\/\/www.facebook.com\/institutodeengenharia\",\"https:\/\/x.com\/iengenharia\",\"https:\/\/www.instagram.com\/institutodeengenharia\/\",\"https:\/\/www.linkedin.com\/company\/instituto-de-engenharia\/\",\"https:\/\/www.youtube.com\/channel\/UCXiCAlsSMe977vamW915HxA\"]},{\"@type\":\"Person\",\"@id\":\"https:\/\/www.institutodeengenharia.org.br\/site\/#\/schema\/person\/aeb64951c405e100d26d30b033dd423f\",\"name\":\"Bianca\",\"image\":{\"@type\":\"ImageObject\",\"inLanguage\":\"pt-BR\",\"@id\":\"https:\/\/secure.gravatar.com\/avatar\/a6fbe9bff57405baf4c1e2c5c1811e072b558253974a9f9508f4678900c97c2a?s=96&d=mm&r=g\",\"url\":\"https:\/\/secure.gravatar.com\/avatar\/a6fbe9bff57405baf4c1e2c5c1811e072b558253974a9f9508f4678900c97c2a?s=96&d=mm&r=g\",\"contentUrl\":\"https:\/\/secure.gravatar.com\/avatar\/a6fbe9bff57405baf4c1e2c5c1811e072b558253974a9f9508f4678900c97c2a?s=96&d=mm&r=g\",\"caption\":\"Bianca\"},\"url\":\"https:\/\/www.institutodeengenharia.org.br\/site\/author\/comunicacao1\/\"}]}<\/script>\n<!-- \/ Yoast SEO plugin. -->","yoast_head_json":{"title":"Avalia\u00e7\u00e3o de im\u00f3veis urbanos \u2013 Metodologias e normas t\u00e9cnicas - Instituto de Engenharia","robots":{"index":"index","follow":"follow","max-snippet":"max-snippet:-1","max-image-preview":"max-image-preview:large","max-video-preview":"max-video-preview:-1"},"canonical":"https:\/\/www.institutodeengenharia.org.br\/site\/2020\/05\/20\/avaliacao-de-imoveis-urbanos-metodologias-e-normas-tecnicas\/","og_locale":"pt_BR","og_type":"article","og_title":"Avalia\u00e7\u00e3o de im\u00f3veis urbanos \u2013 Metodologias e normas t\u00e9cnicas - Instituto de Engenharia","og_description":"&nbsp; Assista abaixo \u00e0 grava\u00e7\u00e3o: &nbsp; + Informa\u00e7\u00f5es: &nbsp; Abordagem: Fazer uma abordagem pr\u00e1tica sobre Avalia\u00e7\u00e3o de Im\u00f3veis Urbanos, apresentando metodologias, orienta\u00e7\u00f5es e casos pr\u00e1ticos e Normas T\u00e9cnicas para os profissionais Engenheiros e Arquitetos que atuam ou desejam atuar na \u00e1rea de Avalia\u00e7\u00f5es. &nbsp; P\u00fablico Alvo: Engenheiros, Arquitetos e Peritos Avaliadores. &nbsp; Programa\u00e7\u00e3o: 1\u00ba Tema: [&hellip;]","og_url":"https:\/\/www.institutodeengenharia.org.br\/site\/2020\/05\/20\/avaliacao-de-imoveis-urbanos-metodologias-e-normas-tecnicas\/","og_site_name":"Instituto de Engenharia","article_publisher":"https:\/\/www.facebook.com\/institutodeengenharia","article_published_time":"2020-05-20T22:14:01+00:00","article_modified_time":"2020-06-16T16:15:58+00:00","og_image":[{"width":1388,"height":670,"url":"https:\/\/www.institutodeengenharia.org.br\/site\/wp-content\/uploads\/2020\/05\/imagem.jpg","type":"image\/jpeg"}],"author":"Bianca","twitter_card":"summary_large_image","twitter_creator":"@iengenharia","twitter_site":"@iengenharia","twitter_misc":{"Escrito por":"Bianca","Est. tempo de leitura":"5 minutos"},"schema":{"@context":"https:\/\/schema.org","@graph":[{"@type":"Article","@id":"https:\/\/www.institutodeengenharia.org.br\/site\/2020\/05\/20\/avaliacao-de-imoveis-urbanos-metodologias-e-normas-tecnicas\/#article","isPartOf":{"@id":"https:\/\/www.institutodeengenharia.org.br\/site\/2020\/05\/20\/avaliacao-de-imoveis-urbanos-metodologias-e-normas-tecnicas\/"},"author":{"name":"Bianca","@id":"https:\/\/www.institutodeengenharia.org.br\/site\/#\/schema\/person\/aeb64951c405e100d26d30b033dd423f"},"headline":"Avalia\u00e7\u00e3o de im\u00f3veis urbanos \u2013 Metodologias e normas t\u00e9cnicas","datePublished":"2020-05-20T22:14:01+00:00","dateModified":"2020-06-16T16:15:58+00:00","mainEntityOfPage":{"@id":"https:\/\/www.institutodeengenharia.org.br\/site\/2020\/05\/20\/avaliacao-de-imoveis-urbanos-metodologias-e-normas-tecnicas\/"},"wordCount":1038,"commentCount":0,"publisher":{"@id":"https:\/\/www.institutodeengenharia.org.br\/site\/#organization"},"image":{"@id":"https:\/\/www.institutodeengenharia.org.br\/site\/2020\/05\/20\/avaliacao-de-imoveis-urbanos-metodologias-e-normas-tecnicas\/#primaryimage"},"thumbnailUrl":"https:\/\/www.institutodeengenharia.org.br\/site\/wp-content\/uploads\/2020\/05\/imagem.jpg","articleSection":["Departamento Desenvolvimento de Gest\u00e3o e Objetivos","Divis\u00e3o T\u00e9cnica de Avalia\u00e7\u00f5es e Per\u00edcias","Nova TV Engenharia","Palestra"],"inLanguage":"pt-BR","potentialAction":[{"@type":"CommentAction","name":"Comment","target":["https:\/\/www.institutodeengenharia.org.br\/site\/2020\/05\/20\/avaliacao-de-imoveis-urbanos-metodologias-e-normas-tecnicas\/#respond"]}]},{"@type":"WebPage","@id":"https:\/\/www.institutodeengenharia.org.br\/site\/2020\/05\/20\/avaliacao-de-imoveis-urbanos-metodologias-e-normas-tecnicas\/","url":"https:\/\/www.institutodeengenharia.org.br\/site\/2020\/05\/20\/avaliacao-de-imoveis-urbanos-metodologias-e-normas-tecnicas\/","name":"Avalia\u00e7\u00e3o de im\u00f3veis urbanos \u2013 Metodologias e normas t\u00e9cnicas - Instituto de Engenharia","isPartOf":{"@id":"https:\/\/www.institutodeengenharia.org.br\/site\/#website"},"primaryImageOfPage":{"@id":"https:\/\/www.institutodeengenharia.org.br\/site\/2020\/05\/20\/avaliacao-de-imoveis-urbanos-metodologias-e-normas-tecnicas\/#primaryimage"},"image":{"@id":"https:\/\/www.institutodeengenharia.org.br\/site\/2020\/05\/20\/avaliacao-de-imoveis-urbanos-metodologias-e-normas-tecnicas\/#primaryimage"},"thumbnailUrl":"https:\/\/www.institutodeengenharia.org.br\/site\/wp-content\/uploads\/2020\/05\/imagem.jpg","datePublished":"2020-05-20T22:14:01+00:00","dateModified":"2020-06-16T16:15:58+00:00","breadcrumb":{"@id":"https:\/\/www.institutodeengenharia.org.br\/site\/2020\/05\/20\/avaliacao-de-imoveis-urbanos-metodologias-e-normas-tecnicas\/#breadcrumb"},"inLanguage":"pt-BR","potentialAction":[{"@type":"ReadAction","target":["https:\/\/www.institutodeengenharia.org.br\/site\/2020\/05\/20\/avaliacao-de-imoveis-urbanos-metodologias-e-normas-tecnicas\/"]}]},{"@type":"ImageObject","inLanguage":"pt-BR","@id":"https:\/\/www.institutodeengenharia.org.br\/site\/2020\/05\/20\/avaliacao-de-imoveis-urbanos-metodologias-e-normas-tecnicas\/#primaryimage","url":"https:\/\/www.institutodeengenharia.org.br\/site\/wp-content\/uploads\/2020\/05\/imagem.jpg","contentUrl":"https:\/\/www.institutodeengenharia.org.br\/site\/wp-content\/uploads\/2020\/05\/imagem.jpg","width":1388,"height":670},{"@type":"BreadcrumbList","@id":"https:\/\/www.institutodeengenharia.org.br\/site\/2020\/05\/20\/avaliacao-de-imoveis-urbanos-metodologias-e-normas-tecnicas\/#breadcrumb","itemListElement":[{"@type":"ListItem","position":1,"name":"In\u00edcio","item":"https:\/\/www.institutodeengenharia.org.br\/site\/"},{"@type":"ListItem","position":2,"name":"Avalia\u00e7\u00e3o de im\u00f3veis urbanos \u2013 Metodologias e normas t\u00e9cnicas"}]},{"@type":"WebSite","@id":"https:\/\/www.institutodeengenharia.org.br\/site\/#website","url":"https:\/\/www.institutodeengenharia.org.br\/site\/","name":"Instituto de Engenharia","description":"O Instituto de Engenharia promove a Engenharia em benef\u00edcio do desenvolvimento e da qualidade de vida da sociedade.","publisher":{"@id":"https:\/\/www.institutodeengenharia.org.br\/site\/#organization"},"potentialAction":[{"@type":"SearchAction","target":{"@type":"EntryPoint","urlTemplate":"https:\/\/www.institutodeengenharia.org.br\/site\/?s={search_term_string}"},"query-input":{"@type":"PropertyValueSpecification","valueRequired":true,"valueName":"search_term_string"}}],"inLanguage":"pt-BR"},{"@type":"Organization","@id":"https:\/\/www.institutodeengenharia.org.br\/site\/#organization","name":"Instituto de Engenharia","url":"https:\/\/www.institutodeengenharia.org.br\/site\/","logo":{"@type":"ImageObject","inLanguage":"pt-BR","@id":"https:\/\/www.institutodeengenharia.org.br\/site\/#\/schema\/logo\/image\/","url":"https:\/\/www.institutodeengenharia.org.br\/site\/wp-content\/uploads\/2019\/03\/logo-novo-IE2018-1.jpg","contentUrl":"https:\/\/www.institutodeengenharia.org.br\/site\/wp-content\/uploads\/2019\/03\/logo-novo-IE2018-1.jpg","width":1486,"height":1879,"caption":"Instituto de Engenharia"},"image":{"@id":"https:\/\/www.institutodeengenharia.org.br\/site\/#\/schema\/logo\/image\/"},"sameAs":["https:\/\/www.facebook.com\/institutodeengenharia","https:\/\/x.com\/iengenharia","https:\/\/www.instagram.com\/institutodeengenharia\/","https:\/\/www.linkedin.com\/company\/instituto-de-engenharia\/","https:\/\/www.youtube.com\/channel\/UCXiCAlsSMe977vamW915HxA"]},{"@type":"Person","@id":"https:\/\/www.institutodeengenharia.org.br\/site\/#\/schema\/person\/aeb64951c405e100d26d30b033dd423f","name":"Bianca","image":{"@type":"ImageObject","inLanguage":"pt-BR","@id":"https:\/\/secure.gravatar.com\/avatar\/a6fbe9bff57405baf4c1e2c5c1811e072b558253974a9f9508f4678900c97c2a?s=96&d=mm&r=g","url":"https:\/\/secure.gravatar.com\/avatar\/a6fbe9bff57405baf4c1e2c5c1811e072b558253974a9f9508f4678900c97c2a?s=96&d=mm&r=g","contentUrl":"https:\/\/secure.gravatar.com\/avatar\/a6fbe9bff57405baf4c1e2c5c1811e072b558253974a9f9508f4678900c97c2a?s=96&d=mm&r=g","caption":"Bianca"},"url":"https:\/\/www.institutodeengenharia.org.br\/site\/author\/comunicacao1\/"}]}},"_links":{"self":[{"href":"https:\/\/www.institutodeengenharia.org.br\/site\/wp-json\/wp\/v2\/posts\/67221","targetHints":{"allow":["GET"]}}],"collection":[{"href":"https:\/\/www.institutodeengenharia.org.br\/site\/wp-json\/wp\/v2\/posts"}],"about":[{"href":"https:\/\/www.institutodeengenharia.org.br\/site\/wp-json\/wp\/v2\/types\/post"}],"author":[{"embeddable":true,"href":"https:\/\/www.institutodeengenharia.org.br\/site\/wp-json\/wp\/v2\/users\/13"}],"replies":[{"embeddable":true,"href":"https:\/\/www.institutodeengenharia.org.br\/site\/wp-json\/wp\/v2\/comments?post=67221"}],"version-history":[{"count":1,"href":"https:\/\/www.institutodeengenharia.org.br\/site\/wp-json\/wp\/v2\/posts\/67221\/revisions"}],"predecessor-version":[{"id":67222,"href":"https:\/\/www.institutodeengenharia.org.br\/site\/wp-json\/wp\/v2\/posts\/67221\/revisions\/67222"}],"wp:featuredmedia":[{"embeddable":true,"href":"https:\/\/www.institutodeengenharia.org.br\/site\/wp-json\/wp\/v2\/media\/64004"}],"wp:attachment":[{"href":"https:\/\/www.institutodeengenharia.org.br\/site\/wp-json\/wp\/v2\/media?parent=67221"}],"wp:term":[{"taxonomy":"category","embeddable":true,"href":"https:\/\/www.institutodeengenharia.org.br\/site\/wp-json\/wp\/v2\/categories?post=67221"},{"taxonomy":"post_tag","embeddable":true,"href":"https:\/\/www.institutodeengenharia.org.br\/site\/wp-json\/wp\/v2\/tags?post=67221"}],"curies":[{"name":"wp","href":"https:\/\/api.w.org\/{rel}","templated":true}]}}