{"id":67215,"date":"2020-05-14T16:00:28","date_gmt":"2020-05-14T19:00:28","guid":{"rendered":"https:\/\/www.institutodeengenharia.org.br\/site\/?p=67215"},"modified":"2023-01-09T10:32:31","modified_gmt":"2023-01-09T13:32:31","slug":"impactos-do-covid-19-no-setor-eletrico-brasileiro","status":"publish","type":"post","link":"https:\/\/www.institutodeengenharia.org.br\/site\/2020\/05\/14\/impactos-do-covid-19-no-setor-eletrico-brasileiro\/","title":{"rendered":"Impactos do Covid-19 no setor el\u00e9trico brasileiro"},"content":{"rendered":"<p>&nbsp;<\/p>\n<p><strong>Assista abaixo \u00e0 grava\u00e7\u00e3o:<\/strong><\/p>\n<p><iframe loading=\"lazy\" src=\"https:\/\/player.vimeo.com\/video\/429583565\" width=\"640\" height=\"343\" frameborder=\"0\" allowfullscreen=\"allowfullscreen\"><\/iframe><\/p>\n<p>&nbsp;<\/p>\n<p><strong>+ Informa\u00e7\u00f5es:<\/strong><\/p>\n<p>&nbsp;<\/p>\n<p><strong>Abordagem<\/strong>:<\/p>\n<ul>\n<li>Vis\u00e3o internacional;<\/li>\n<li>Efeitos na demanda;<\/li>\n<li>Efeitos nas tarifas;<\/li>\n<li>Efeitos na opera\u00e7\u00e3o &#8211; O papel das renov\u00e1veis intermitentes;<\/li>\n<li>Reflex\u00f5es sobre o futuro.<\/li>\n<\/ul>\n<p>&nbsp;<\/p>\n<p><strong>P\u00fablico-alvo: <\/strong><\/p>\n<p>Engenheiros, t\u00e9cnicos, estudantes e demais interessados.<\/p>\n<p>&nbsp;<\/p>\n<p><strong>Palestrantes:<\/strong><\/p>\n<p><strong><img loading=\"lazy\" decoding=\"async\" class=\"wp-image-64104 alignleft\" src=\"https:\/\/www.institutodeengenharia.org.br\/site\/wp-content\/uploads\/2020\/05\/fernando-amaral.jpg\" alt=\"\" width=\"104\" height=\"171\" srcset=\"https:\/\/www.institutodeengenharia.org.br\/site\/wp-content\/uploads\/2020\/05\/fernando-amaral.jpg 209w, https:\/\/www.institutodeengenharia.org.br\/site\/wp-content\/uploads\/2020\/05\/fernando-amaral-183x300.jpg 183w\" sizes=\"auto, (max-width: 104px) 100vw, 104px\" \/><\/strong><\/p>\n<p><strong>Fernando Amaral de Almeida Prado J\u00fanior<\/strong><\/p>\n<p>Possui gradua\u00e7\u00e3o em Engenharia Civil pela Universidade Estadual de Campinas (1977), curso de especializa\u00e7\u00e3o em Administra\u00e7\u00e3o Cont\u00e1bil e Financeira &#8211; CEAG &#8211; FGV-SP (1987), mestrado em Planejamento de Sistemas Energ\u00e9ticos pela Universidade Estadual de Campinas (1994), doutorado em Planejamento de Sistemas Energ\u00e9ticos pela Universidade Estadual de Campinas (1999) e p\u00f3s-doutorado em Sistemas de Pot\u00eancia\u00a0 pela Universidade de S\u00e3o Paulo (2006).<\/p>\n<p>Tem experi\u00eancia na \u00e1rea de Engenharia El\u00e9trica, com \u00eanfase em energia el\u00e9trica, atuando principalmente nos seguintes temas: Gera\u00e7\u00e3o Distribu\u00edda, Smart Grid, Mudan\u00e7as Clim\u00e1ticas, Reestrutura\u00e7\u00e3o Institucional, Tarifas, Avalia\u00e7\u00e3o de Risco e Regula\u00e7\u00e3o. Entre os cursos de especializa\u00e7\u00e3o realizados cabem tr\u00eas destaques: Energy Management &#8211; Kytakyushu University (Jap\u00e3o, 1990\/1991), Climate Change Science, Impacts and Responses- Imperial College (Londres, 2007) e Utility Regulation and Strategy no Public Utility Research Center &#8211; Warrington College of Business University of Florida (EUA, 2013).<\/p>\n<p>Atualmente \u00e9 professor de p\u00f3s-gradua\u00e7\u00e3o da Universidade de S\u00e3o Paulo. Desde 2002 ministra a disciplina PEA 5001 sobre Mudan\u00e7as Clim\u00e1ticas e o Setor El\u00e9trico Brasileiro; desde 2008 ministra a PEA 5831, An\u00e1lise de Riscos no Setor El\u00e9trico Brasileiro; desde 2014 ministra a PEA 5769, Regula\u00e7\u00e3o de Servi\u00e7os P\u00fablicos. Todas no programa de p\u00f3s-gradua\u00e7\u00e3o em energia da Escola Polit\u00e9cnica da USP.<\/p>\n<p>No per\u00edodo de 1997 \u00e0 2001 atuou na Comiss\u00e3o de Servi\u00e7os P\u00fablicos de Energia do Estado de S\u00e3o Paulo, atuando como comiss\u00e1rio chefe dessa institui\u00e7\u00e3o no per\u00edodo entre 1999 e 2001. Desde 2001 \u00e9 s\u00f3cio gerente da empresa Sinerconsult &#8211; Consultoria, Treinamento e Participa\u00e7\u00f5es Ltda., onde atua como consultor de empresas e organiza\u00e7\u00f5es como por exemplo: Grupo P\u00e3o de A\u00e7\u00facar, CPFL, Nestl\u00e9 Brasil, Banco Mundial, Operador Nacional do Sistema El\u00e9trico-ONS entre outras, al\u00e9m da coordena\u00e7\u00e3o e atua\u00e7\u00e3o em diversos projetos de pesquisa e desenvolvimento no setor el\u00e9trico nacional.<\/p>\n<p>Entre agosto de 2012 e agosto de 2013 atuou como Visiting Scholar no Public Utility Research Center &#8211; PURC do Warrington College of Business, na University of Florida, EUA. Publicou mais de 100 artigos em Congressos e revistas nacionais e internacionais e em cap\u00edtulos de livros. Atua como membro de comit\u00eas editoriais e revisor t\u00e9cnico de diferentes revistas t\u00e9cnicas e Congressos, nacionais e internacionais.<\/p>\n<p><img loading=\"lazy\" decoding=\"async\" class=\"wp-image-64106 alignleft\" src=\"https:\/\/www.institutodeengenharia.org.br\/site\/wp-content\/uploads\/2020\/05\/antonio-carlos.jpg\" alt=\"\" width=\"132\" height=\"139\" \/><\/p>\n<p><strong>Antonio Carlos Fel\u00edcio Lambertini<\/strong><\/p>\n<p>Graduado em Engenharia Civil em 1979 pela Escola de Engenharia de S\u00e3o Carlos-USP, com especializa\u00e7\u00e3o em Gerenciamento da Implanta\u00e7\u00e3o de Empreendimentos pela Funda\u00e7\u00e3o Get\u00falio Vargas \u2013 FGV (1992), especializa\u00e7\u00e3o em An\u00e1lise de Risco pelo CDRA \u2013 Center for Disaster ad Risk Analysis \u2013 Colorado University (2002). \u00c9 respons\u00e1vel pela coordena\u00e7\u00e3o em diversas fases de mais de 120 projetos multidisciplinares nas \u00e1reas de energia renov\u00e1vel de fonte h\u00eddrica, solar e biomassa, por diversos estudos de viabilidade (EVTEA) de empreendimentos nas \u00e1reas de energia, infraestrutura e ind\u00fastria e\u00a0tamb\u00e9m pela coordena\u00e7\u00e3o de diversos contratos de EPC \u2013 Engineering, Procurement and Construction para PCHs e CGHs.<\/p>\n<p><strong>\u00a0<\/strong><\/p>\n<p><strong>Apoio Institucional:<\/strong><\/p>\n<p><strong>\u00a0<img loading=\"lazy\" decoding=\"async\" class=\"alignnone size-full wp-image-34556\" src=\"https:\/\/www.institutodeengenharia.org.br\/site\/wp-content\/uploads\/2018\/04\/CREA-SP_vertical.jpg\" alt=\"\" width=\"150\" height=\"106\" srcset=\"https:\/\/www.institutodeengenharia.org.br\/site\/wp-content\/uploads\/2018\/04\/CREA-SP_vertical.jpg 150w, https:\/\/www.institutodeengenharia.org.br\/site\/wp-content\/uploads\/2018\/04\/CREA-SP_vertical-100x70.jpg 100w\" sizes=\"auto, (max-width: 150px) 100vw, 150px\" \/><\/strong><\/p>\n<p><strong>\u00a0<\/strong><\/p>\n<p><strong>Realiza\u00e7\u00e3o:<\/strong><\/p>\n<p><strong>Eng. Jer\u00f4nimo Cabral Pereira Fagundes Neto <\/strong>\u2013 Vice-presidente de Atividades T\u00e9cnicas<\/p>\n<p><strong>Eng. Al\u00e9ssio Bento Borelli<\/strong> \u2013 Diretor do Departamento de Engenharia de Energia e Telecomunica\u00e7\u00f5es<\/p>\n<p><strong>Eng. Antonio Carlos F. Lambertini<\/strong> \u2013 Coordenador da Divis\u00e3o T\u00e9cnica de Gera\u00e7\u00e3o e Transmiss\u00e3o<\/p>\n","protected":false},"excerpt":{"rendered":"<p>&nbsp; Assista abaixo \u00e0 grava\u00e7\u00e3o: &nbsp; + Informa\u00e7\u00f5es: &nbsp; Abordagem: Vis\u00e3o internacional; Efeitos na demanda; Efeitos nas tarifas; Efeitos na opera\u00e7\u00e3o &#8211; O papel das renov\u00e1veis intermitentes; Reflex\u00f5es sobre o futuro. &nbsp; P\u00fablico-alvo: Engenheiros, t\u00e9cnicos, estudantes e demais interessados. &nbsp; Palestrantes: Fernando Amaral de Almeida Prado J\u00fanior Possui gradua\u00e7\u00e3o em Engenharia Civil pela Universidade Estadual [&hellip;]<\/p>\n","protected":false},"author":13,"featured_media":64108,"comment_status":"open","ping_status":"open","sticky":false,"template":"","format":"standard","meta":{"footnotes":""},"categories":[16,59,968,969],"tags":[1475],"class_list":{"0":"post-67215","1":"post","2":"type-post","3":"status-publish","4":"format-standard","5":"has-post-thumbnail","7":"category-departamento-desenvolvimento-de-tecnologia-industria-energia-e-telecomunicacoes","8":"category-divisao-tecnica-energia","9":"category-nova-tv-engenharia","10":"category-palestra","11":"tag-covid"},"yoast_head":"<!-- This site is optimized with the Yoast SEO plugin v27.2 - https:\/\/yoast.com\/product\/yoast-seo-wordpress\/ -->\n<title>Impactos do Covid-19 no setor el\u00e9trico brasileiro - Instituto de Engenharia<\/title>\n<meta name=\"robots\" content=\"index, follow, max-snippet:-1, max-image-preview:large, max-video-preview:-1\" \/>\n<link rel=\"canonical\" href=\"https:\/\/www.institutodeengenharia.org.br\/site\/2020\/05\/14\/impactos-do-covid-19-no-setor-eletrico-brasileiro\/\" \/>\n<meta property=\"og:locale\" content=\"pt_BR\" \/>\n<meta property=\"og:type\" content=\"article\" \/>\n<meta property=\"og:title\" content=\"Impactos do Covid-19 no setor el\u00e9trico brasileiro - Instituto de Engenharia\" \/>\n<meta property=\"og:description\" content=\"&nbsp; Assista abaixo \u00e0 grava\u00e7\u00e3o: &nbsp; + Informa\u00e7\u00f5es: &nbsp; Abordagem: Vis\u00e3o internacional; Efeitos na demanda; Efeitos nas tarifas; Efeitos na opera\u00e7\u00e3o &#8211; O papel das renov\u00e1veis intermitentes; Reflex\u00f5es sobre o futuro. &nbsp; P\u00fablico-alvo: Engenheiros, t\u00e9cnicos, estudantes e demais interessados. &nbsp; Palestrantes: Fernando Amaral de Almeida Prado J\u00fanior Possui gradua\u00e7\u00e3o em Engenharia Civil pela Universidade Estadual [&hellip;]\" \/>\n<meta property=\"og:url\" content=\"https:\/\/www.institutodeengenharia.org.br\/site\/2020\/05\/14\/impactos-do-covid-19-no-setor-eletrico-brasileiro\/\" \/>\n<meta property=\"og:site_name\" content=\"Instituto de Engenharia\" \/>\n<meta property=\"article:publisher\" content=\"https:\/\/www.facebook.com\/institutodeengenharia\" \/>\n<meta property=\"article:published_time\" content=\"2020-05-14T19:00:28+00:00\" \/>\n<meta property=\"article:modified_time\" content=\"2023-01-09T13:32:31+00:00\" \/>\n<meta property=\"og:image\" content=\"https:\/\/www.institutodeengenharia.org.br\/site\/wp-content\/uploads\/2020\/05\/169528-a-evolucao-do-setor-eletrico-brasileiro-810x540-810x540.jpg\" \/>\n\t<meta property=\"og:image:width\" content=\"810\" \/>\n\t<meta property=\"og:image:height\" content=\"540\" \/>\n\t<meta property=\"og:image:type\" content=\"image\/jpeg\" \/>\n<meta name=\"author\" content=\"Bianca\" \/>\n<meta name=\"twitter:card\" content=\"summary_large_image\" \/>\n<meta name=\"twitter:creator\" content=\"@iengenharia\" \/>\n<meta name=\"twitter:site\" content=\"@iengenharia\" \/>\n<meta name=\"twitter:label1\" content=\"Escrito por\" \/>\n\t<meta name=\"twitter:data1\" content=\"Bianca\" \/>\n\t<meta name=\"twitter:label2\" content=\"Est. tempo de leitura\" \/>\n\t<meta name=\"twitter:data2\" content=\"4 minutos\" \/>\n<script type=\"application\/ld+json\" class=\"yoast-schema-graph\">{\"@context\":\"https:\/\/schema.org\",\"@graph\":[{\"@type\":\"Article\",\"@id\":\"https:\/\/www.institutodeengenharia.org.br\/site\/2020\/05\/14\/impactos-do-covid-19-no-setor-eletrico-brasileiro\/#article\",\"isPartOf\":{\"@id\":\"https:\/\/www.institutodeengenharia.org.br\/site\/2020\/05\/14\/impactos-do-covid-19-no-setor-eletrico-brasileiro\/\"},\"author\":{\"name\":\"Bianca\",\"@id\":\"https:\/\/www.institutodeengenharia.org.br\/site\/#\/schema\/person\/aeb64951c405e100d26d30b033dd423f\"},\"headline\":\"Impactos do Covid-19 no setor el\u00e9trico brasileiro\",\"datePublished\":\"2020-05-14T19:00:28+00:00\",\"dateModified\":\"2023-01-09T13:32:31+00:00\",\"mainEntityOfPage\":{\"@id\":\"https:\/\/www.institutodeengenharia.org.br\/site\/2020\/05\/14\/impactos-do-covid-19-no-setor-eletrico-brasileiro\/\"},\"wordCount\":605,\"commentCount\":0,\"publisher\":{\"@id\":\"https:\/\/www.institutodeengenharia.org.br\/site\/#organization\"},\"image\":{\"@id\":\"https:\/\/www.institutodeengenharia.org.br\/site\/2020\/05\/14\/impactos-do-covid-19-no-setor-eletrico-brasileiro\/#primaryimage\"},\"thumbnailUrl\":\"https:\/\/www.institutodeengenharia.org.br\/site\/wp-content\/uploads\/2020\/05\/169528-a-evolucao-do-setor-eletrico-brasileiro-810x540-810x540.jpg\",\"keywords\":[\"covid\"],\"articleSection\":[\"Departamento de Desenvolvimento de Tecnologia, Ind\u00fastria, Energia e Telecomunica\u00e7\u00f5es\",\"Divis\u00e3o T\u00e9cnica Energia\",\"Nova TV Engenharia\",\"Palestra\"],\"inLanguage\":\"pt-BR\",\"potentialAction\":[{\"@type\":\"CommentAction\",\"name\":\"Comment\",\"target\":[\"https:\/\/www.institutodeengenharia.org.br\/site\/2020\/05\/14\/impactos-do-covid-19-no-setor-eletrico-brasileiro\/#respond\"]}]},{\"@type\":\"WebPage\",\"@id\":\"https:\/\/www.institutodeengenharia.org.br\/site\/2020\/05\/14\/impactos-do-covid-19-no-setor-eletrico-brasileiro\/\",\"url\":\"https:\/\/www.institutodeengenharia.org.br\/site\/2020\/05\/14\/impactos-do-covid-19-no-setor-eletrico-brasileiro\/\",\"name\":\"Impactos do Covid-19 no setor el\u00e9trico brasileiro - Instituto de Engenharia\",\"isPartOf\":{\"@id\":\"https:\/\/www.institutodeengenharia.org.br\/site\/#website\"},\"primaryImageOfPage\":{\"@id\":\"https:\/\/www.institutodeengenharia.org.br\/site\/2020\/05\/14\/impactos-do-covid-19-no-setor-eletrico-brasileiro\/#primaryimage\"},\"image\":{\"@id\":\"https:\/\/www.institutodeengenharia.org.br\/site\/2020\/05\/14\/impactos-do-covid-19-no-setor-eletrico-brasileiro\/#primaryimage\"},\"thumbnailUrl\":\"https:\/\/www.institutodeengenharia.org.br\/site\/wp-content\/uploads\/2020\/05\/169528-a-evolucao-do-setor-eletrico-brasileiro-810x540-810x540.jpg\",\"datePublished\":\"2020-05-14T19:00:28+00:00\",\"dateModified\":\"2023-01-09T13:32:31+00:00\",\"breadcrumb\":{\"@id\":\"https:\/\/www.institutodeengenharia.org.br\/site\/2020\/05\/14\/impactos-do-covid-19-no-setor-eletrico-brasileiro\/#breadcrumb\"},\"inLanguage\":\"pt-BR\",\"potentialAction\":[{\"@type\":\"ReadAction\",\"target\":[\"https:\/\/www.institutodeengenharia.org.br\/site\/2020\/05\/14\/impactos-do-covid-19-no-setor-eletrico-brasileiro\/\"]}]},{\"@type\":\"ImageObject\",\"inLanguage\":\"pt-BR\",\"@id\":\"https:\/\/www.institutodeengenharia.org.br\/site\/2020\/05\/14\/impactos-do-covid-19-no-setor-eletrico-brasileiro\/#primaryimage\",\"url\":\"https:\/\/www.institutodeengenharia.org.br\/site\/wp-content\/uploads\/2020\/05\/169528-a-evolucao-do-setor-eletrico-brasileiro-810x540-810x540.jpg\",\"contentUrl\":\"https:\/\/www.institutodeengenharia.org.br\/site\/wp-content\/uploads\/2020\/05\/169528-a-evolucao-do-setor-eletrico-brasileiro-810x540-810x540.jpg\",\"width\":810,\"height\":540},{\"@type\":\"BreadcrumbList\",\"@id\":\"https:\/\/www.institutodeengenharia.org.br\/site\/2020\/05\/14\/impactos-do-covid-19-no-setor-eletrico-brasileiro\/#breadcrumb\",\"itemListElement\":[{\"@type\":\"ListItem\",\"position\":1,\"name\":\"In\u00edcio\",\"item\":\"https:\/\/www.institutodeengenharia.org.br\/site\/\"},{\"@type\":\"ListItem\",\"position\":2,\"name\":\"Impactos do Covid-19 no setor el\u00e9trico brasileiro\"}]},{\"@type\":\"WebSite\",\"@id\":\"https:\/\/www.institutodeengenharia.org.br\/site\/#website\",\"url\":\"https:\/\/www.institutodeengenharia.org.br\/site\/\",\"name\":\"Instituto de Engenharia\",\"description\":\"O Instituto de Engenharia promove a Engenharia em benef\u00edcio do desenvolvimento e da qualidade de vida da sociedade.\",\"publisher\":{\"@id\":\"https:\/\/www.institutodeengenharia.org.br\/site\/#organization\"},\"potentialAction\":[{\"@type\":\"SearchAction\",\"target\":{\"@type\":\"EntryPoint\",\"urlTemplate\":\"https:\/\/www.institutodeengenharia.org.br\/site\/?s={search_term_string}\"},\"query-input\":{\"@type\":\"PropertyValueSpecification\",\"valueRequired\":true,\"valueName\":\"search_term_string\"}}],\"inLanguage\":\"pt-BR\"},{\"@type\":\"Organization\",\"@id\":\"https:\/\/www.institutodeengenharia.org.br\/site\/#organization\",\"name\":\"Instituto de Engenharia\",\"url\":\"https:\/\/www.institutodeengenharia.org.br\/site\/\",\"logo\":{\"@type\":\"ImageObject\",\"inLanguage\":\"pt-BR\",\"@id\":\"https:\/\/www.institutodeengenharia.org.br\/site\/#\/schema\/logo\/image\/\",\"url\":\"https:\/\/www.institutodeengenharia.org.br\/site\/wp-content\/uploads\/2019\/03\/logo-novo-IE2018-1.jpg\",\"contentUrl\":\"https:\/\/www.institutodeengenharia.org.br\/site\/wp-content\/uploads\/2019\/03\/logo-novo-IE2018-1.jpg\",\"width\":1486,\"height\":1879,\"caption\":\"Instituto de Engenharia\"},\"image\":{\"@id\":\"https:\/\/www.institutodeengenharia.org.br\/site\/#\/schema\/logo\/image\/\"},\"sameAs\":[\"https:\/\/www.facebook.com\/institutodeengenharia\",\"https:\/\/x.com\/iengenharia\",\"https:\/\/www.instagram.com\/institutodeengenharia\/\",\"https:\/\/www.linkedin.com\/company\/instituto-de-engenharia\/\",\"https:\/\/www.youtube.com\/channel\/UCXiCAlsSMe977vamW915HxA\"]},{\"@type\":\"Person\",\"@id\":\"https:\/\/www.institutodeengenharia.org.br\/site\/#\/schema\/person\/aeb64951c405e100d26d30b033dd423f\",\"name\":\"Bianca\",\"image\":{\"@type\":\"ImageObject\",\"inLanguage\":\"pt-BR\",\"@id\":\"https:\/\/secure.gravatar.com\/avatar\/a6fbe9bff57405baf4c1e2c5c1811e072b558253974a9f9508f4678900c97c2a?s=96&d=mm&r=g\",\"url\":\"https:\/\/secure.gravatar.com\/avatar\/a6fbe9bff57405baf4c1e2c5c1811e072b558253974a9f9508f4678900c97c2a?s=96&d=mm&r=g\",\"contentUrl\":\"https:\/\/secure.gravatar.com\/avatar\/a6fbe9bff57405baf4c1e2c5c1811e072b558253974a9f9508f4678900c97c2a?s=96&d=mm&r=g\",\"caption\":\"Bianca\"},\"url\":\"https:\/\/www.institutodeengenharia.org.br\/site\/author\/comunicacao1\/\"}]}<\/script>\n<!-- \/ Yoast SEO plugin. -->","yoast_head_json":{"title":"Impactos do Covid-19 no setor el\u00e9trico brasileiro - Instituto de Engenharia","robots":{"index":"index","follow":"follow","max-snippet":"max-snippet:-1","max-image-preview":"max-image-preview:large","max-video-preview":"max-video-preview:-1"},"canonical":"https:\/\/www.institutodeengenharia.org.br\/site\/2020\/05\/14\/impactos-do-covid-19-no-setor-eletrico-brasileiro\/","og_locale":"pt_BR","og_type":"article","og_title":"Impactos do Covid-19 no setor el\u00e9trico brasileiro - Instituto de Engenharia","og_description":"&nbsp; Assista abaixo \u00e0 grava\u00e7\u00e3o: &nbsp; + Informa\u00e7\u00f5es: &nbsp; Abordagem: Vis\u00e3o internacional; Efeitos na demanda; Efeitos nas tarifas; Efeitos na opera\u00e7\u00e3o &#8211; O papel das renov\u00e1veis intermitentes; Reflex\u00f5es sobre o futuro. &nbsp; P\u00fablico-alvo: Engenheiros, t\u00e9cnicos, estudantes e demais interessados. &nbsp; Palestrantes: Fernando Amaral de Almeida Prado J\u00fanior Possui gradua\u00e7\u00e3o em Engenharia Civil pela Universidade Estadual [&hellip;]","og_url":"https:\/\/www.institutodeengenharia.org.br\/site\/2020\/05\/14\/impactos-do-covid-19-no-setor-eletrico-brasileiro\/","og_site_name":"Instituto de Engenharia","article_publisher":"https:\/\/www.facebook.com\/institutodeengenharia","article_published_time":"2020-05-14T19:00:28+00:00","article_modified_time":"2023-01-09T13:32:31+00:00","og_image":[{"width":810,"height":540,"url":"https:\/\/www.institutodeengenharia.org.br\/site\/wp-content\/uploads\/2020\/05\/169528-a-evolucao-do-setor-eletrico-brasileiro-810x540-810x540.jpg","type":"image\/jpeg"}],"author":"Bianca","twitter_card":"summary_large_image","twitter_creator":"@iengenharia","twitter_site":"@iengenharia","twitter_misc":{"Escrito por":"Bianca","Est. tempo de leitura":"4 minutos"},"schema":{"@context":"https:\/\/schema.org","@graph":[{"@type":"Article","@id":"https:\/\/www.institutodeengenharia.org.br\/site\/2020\/05\/14\/impactos-do-covid-19-no-setor-eletrico-brasileiro\/#article","isPartOf":{"@id":"https:\/\/www.institutodeengenharia.org.br\/site\/2020\/05\/14\/impactos-do-covid-19-no-setor-eletrico-brasileiro\/"},"author":{"name":"Bianca","@id":"https:\/\/www.institutodeengenharia.org.br\/site\/#\/schema\/person\/aeb64951c405e100d26d30b033dd423f"},"headline":"Impactos do Covid-19 no setor el\u00e9trico brasileiro","datePublished":"2020-05-14T19:00:28+00:00","dateModified":"2023-01-09T13:32:31+00:00","mainEntityOfPage":{"@id":"https:\/\/www.institutodeengenharia.org.br\/site\/2020\/05\/14\/impactos-do-covid-19-no-setor-eletrico-brasileiro\/"},"wordCount":605,"commentCount":0,"publisher":{"@id":"https:\/\/www.institutodeengenharia.org.br\/site\/#organization"},"image":{"@id":"https:\/\/www.institutodeengenharia.org.br\/site\/2020\/05\/14\/impactos-do-covid-19-no-setor-eletrico-brasileiro\/#primaryimage"},"thumbnailUrl":"https:\/\/www.institutodeengenharia.org.br\/site\/wp-content\/uploads\/2020\/05\/169528-a-evolucao-do-setor-eletrico-brasileiro-810x540-810x540.jpg","keywords":["covid"],"articleSection":["Departamento de Desenvolvimento de Tecnologia, Ind\u00fastria, Energia e Telecomunica\u00e7\u00f5es","Divis\u00e3o T\u00e9cnica Energia","Nova TV Engenharia","Palestra"],"inLanguage":"pt-BR","potentialAction":[{"@type":"CommentAction","name":"Comment","target":["https:\/\/www.institutodeengenharia.org.br\/site\/2020\/05\/14\/impactos-do-covid-19-no-setor-eletrico-brasileiro\/#respond"]}]},{"@type":"WebPage","@id":"https:\/\/www.institutodeengenharia.org.br\/site\/2020\/05\/14\/impactos-do-covid-19-no-setor-eletrico-brasileiro\/","url":"https:\/\/www.institutodeengenharia.org.br\/site\/2020\/05\/14\/impactos-do-covid-19-no-setor-eletrico-brasileiro\/","name":"Impactos do Covid-19 no setor el\u00e9trico brasileiro - Instituto de Engenharia","isPartOf":{"@id":"https:\/\/www.institutodeengenharia.org.br\/site\/#website"},"primaryImageOfPage":{"@id":"https:\/\/www.institutodeengenharia.org.br\/site\/2020\/05\/14\/impactos-do-covid-19-no-setor-eletrico-brasileiro\/#primaryimage"},"image":{"@id":"https:\/\/www.institutodeengenharia.org.br\/site\/2020\/05\/14\/impactos-do-covid-19-no-setor-eletrico-brasileiro\/#primaryimage"},"thumbnailUrl":"https:\/\/www.institutodeengenharia.org.br\/site\/wp-content\/uploads\/2020\/05\/169528-a-evolucao-do-setor-eletrico-brasileiro-810x540-810x540.jpg","datePublished":"2020-05-14T19:00:28+00:00","dateModified":"2023-01-09T13:32:31+00:00","breadcrumb":{"@id":"https:\/\/www.institutodeengenharia.org.br\/site\/2020\/05\/14\/impactos-do-covid-19-no-setor-eletrico-brasileiro\/#breadcrumb"},"inLanguage":"pt-BR","potentialAction":[{"@type":"ReadAction","target":["https:\/\/www.institutodeengenharia.org.br\/site\/2020\/05\/14\/impactos-do-covid-19-no-setor-eletrico-brasileiro\/"]}]},{"@type":"ImageObject","inLanguage":"pt-BR","@id":"https:\/\/www.institutodeengenharia.org.br\/site\/2020\/05\/14\/impactos-do-covid-19-no-setor-eletrico-brasileiro\/#primaryimage","url":"https:\/\/www.institutodeengenharia.org.br\/site\/wp-content\/uploads\/2020\/05\/169528-a-evolucao-do-setor-eletrico-brasileiro-810x540-810x540.jpg","contentUrl":"https:\/\/www.institutodeengenharia.org.br\/site\/wp-content\/uploads\/2020\/05\/169528-a-evolucao-do-setor-eletrico-brasileiro-810x540-810x540.jpg","width":810,"height":540},{"@type":"BreadcrumbList","@id":"https:\/\/www.institutodeengenharia.org.br\/site\/2020\/05\/14\/impactos-do-covid-19-no-setor-eletrico-brasileiro\/#breadcrumb","itemListElement":[{"@type":"ListItem","position":1,"name":"In\u00edcio","item":"https:\/\/www.institutodeengenharia.org.br\/site\/"},{"@type":"ListItem","position":2,"name":"Impactos do Covid-19 no setor el\u00e9trico brasileiro"}]},{"@type":"WebSite","@id":"https:\/\/www.institutodeengenharia.org.br\/site\/#website","url":"https:\/\/www.institutodeengenharia.org.br\/site\/","name":"Instituto de Engenharia","description":"O Instituto de Engenharia promove a Engenharia em benef\u00edcio do desenvolvimento e da qualidade de vida da sociedade.","publisher":{"@id":"https:\/\/www.institutodeengenharia.org.br\/site\/#organization"},"potentialAction":[{"@type":"SearchAction","target":{"@type":"EntryPoint","urlTemplate":"https:\/\/www.institutodeengenharia.org.br\/site\/?s={search_term_string}"},"query-input":{"@type":"PropertyValueSpecification","valueRequired":true,"valueName":"search_term_string"}}],"inLanguage":"pt-BR"},{"@type":"Organization","@id":"https:\/\/www.institutodeengenharia.org.br\/site\/#organization","name":"Instituto de Engenharia","url":"https:\/\/www.institutodeengenharia.org.br\/site\/","logo":{"@type":"ImageObject","inLanguage":"pt-BR","@id":"https:\/\/www.institutodeengenharia.org.br\/site\/#\/schema\/logo\/image\/","url":"https:\/\/www.institutodeengenharia.org.br\/site\/wp-content\/uploads\/2019\/03\/logo-novo-IE2018-1.jpg","contentUrl":"https:\/\/www.institutodeengenharia.org.br\/site\/wp-content\/uploads\/2019\/03\/logo-novo-IE2018-1.jpg","width":1486,"height":1879,"caption":"Instituto de Engenharia"},"image":{"@id":"https:\/\/www.institutodeengenharia.org.br\/site\/#\/schema\/logo\/image\/"},"sameAs":["https:\/\/www.facebook.com\/institutodeengenharia","https:\/\/x.com\/iengenharia","https:\/\/www.instagram.com\/institutodeengenharia\/","https:\/\/www.linkedin.com\/company\/instituto-de-engenharia\/","https:\/\/www.youtube.com\/channel\/UCXiCAlsSMe977vamW915HxA"]},{"@type":"Person","@id":"https:\/\/www.institutodeengenharia.org.br\/site\/#\/schema\/person\/aeb64951c405e100d26d30b033dd423f","name":"Bianca","image":{"@type":"ImageObject","inLanguage":"pt-BR","@id":"https:\/\/secure.gravatar.com\/avatar\/a6fbe9bff57405baf4c1e2c5c1811e072b558253974a9f9508f4678900c97c2a?s=96&d=mm&r=g","url":"https:\/\/secure.gravatar.com\/avatar\/a6fbe9bff57405baf4c1e2c5c1811e072b558253974a9f9508f4678900c97c2a?s=96&d=mm&r=g","contentUrl":"https:\/\/secure.gravatar.com\/avatar\/a6fbe9bff57405baf4c1e2c5c1811e072b558253974a9f9508f4678900c97c2a?s=96&d=mm&r=g","caption":"Bianca"},"url":"https:\/\/www.institutodeengenharia.org.br\/site\/author\/comunicacao1\/"}]}},"_links":{"self":[{"href":"https:\/\/www.institutodeengenharia.org.br\/site\/wp-json\/wp\/v2\/posts\/67215","targetHints":{"allow":["GET"]}}],"collection":[{"href":"https:\/\/www.institutodeengenharia.org.br\/site\/wp-json\/wp\/v2\/posts"}],"about":[{"href":"https:\/\/www.institutodeengenharia.org.br\/site\/wp-json\/wp\/v2\/types\/post"}],"author":[{"embeddable":true,"href":"https:\/\/www.institutodeengenharia.org.br\/site\/wp-json\/wp\/v2\/users\/13"}],"replies":[{"embeddable":true,"href":"https:\/\/www.institutodeengenharia.org.br\/site\/wp-json\/wp\/v2\/comments?post=67215"}],"version-history":[{"count":1,"href":"https:\/\/www.institutodeengenharia.org.br\/site\/wp-json\/wp\/v2\/posts\/67215\/revisions"}],"predecessor-version":[{"id":67216,"href":"https:\/\/www.institutodeengenharia.org.br\/site\/wp-json\/wp\/v2\/posts\/67215\/revisions\/67216"}],"wp:featuredmedia":[{"embeddable":true,"href":"https:\/\/www.institutodeengenharia.org.br\/site\/wp-json\/wp\/v2\/media\/64108"}],"wp:attachment":[{"href":"https:\/\/www.institutodeengenharia.org.br\/site\/wp-json\/wp\/v2\/media?parent=67215"}],"wp:term":[{"taxonomy":"category","embeddable":true,"href":"https:\/\/www.institutodeengenharia.org.br\/site\/wp-json\/wp\/v2\/categories?post=67215"},{"taxonomy":"post_tag","embeddable":true,"href":"https:\/\/www.institutodeengenharia.org.br\/site\/wp-json\/wp\/v2\/tags?post=67215"}],"curies":[{"name":"wp","href":"https:\/\/api.w.org\/{rel}","templated":true}]}}