{"id":67084,"date":"2020-06-12T10:00:31","date_gmt":"2020-06-12T13:00:31","guid":{"rendered":"https:\/\/www.institutodeengenharia.org.br\/site\/?p=67084"},"modified":"2020-06-15T09:57:05","modified_gmt":"2020-06-15T12:57:05","slug":"impressao-da-retomada-da-macroeconomia-e-a-politica-de-desenvolvimento-do-brasil","status":"publish","type":"post","link":"https:\/\/www.institutodeengenharia.org.br\/site\/2020\/06\/12\/impressao-da-retomada-da-macroeconomia-e-a-politica-de-desenvolvimento-do-brasil\/","title":{"rendered":"Impress\u00e3o da retomada da (macro)Economia e a Pol\u00edtica de Desenvolvimento do Brasil"},"content":{"rendered":"<p>&nbsp;<\/p>\n<p>A palestra<strong>\u00a0Impress\u00e3o da retomada da (macro)Economia e a Pol\u00edtica de Desenvolvimento do Brasil <\/strong>faz parte da\u00a0<em>S\u00e9rie Webinar: Brasil p\u00f3s-crise<\/em>, uma realiza\u00e7\u00e3o do Instituto de Engenharia.<\/p>\n<p><strong>Assista \u00e0 grava\u00e7\u00e3o do evento:<\/strong><\/p>\n<p>&nbsp;<\/p>\n<p><iframe loading=\"lazy\" src=\"https:\/\/player.vimeo.com\/video\/429134402\" width=\"640\" height=\"360\" frameborder=\"0\" allowfullscreen=\"allowfullscreen\"><\/iframe><\/p>\n<p>&nbsp;<\/p>\n<p><strong>Convidados:<\/strong><\/p>\n<p><img loading=\"lazy\" decoding=\"async\" class=\"wp-image-66507 alignleft\" src=\"https:\/\/www.institutodeengenharia.org.br\/site\/wp-content\/uploads\/2020\/06\/antonio-delfim-netto.jpg\" alt=\"\" width=\"164\" height=\"178\" srcset=\"https:\/\/www.institutodeengenharia.org.br\/site\/wp-content\/uploads\/2020\/06\/antonio-delfim-netto.jpg 771w, https:\/\/www.institutodeengenharia.org.br\/site\/wp-content\/uploads\/2020\/06\/antonio-delfim-netto-275x300.jpg 275w, https:\/\/www.institutodeengenharia.org.br\/site\/wp-content\/uploads\/2020\/06\/antonio-delfim-netto-768x838.jpg 768w, https:\/\/www.institutodeengenharia.org.br\/site\/wp-content\/uploads\/2020\/06\/antonio-delfim-netto-696x759.jpg 696w, https:\/\/www.institutodeengenharia.org.br\/site\/wp-content\/uploads\/2020\/06\/antonio-delfim-netto-385x420.jpg 385w, https:\/\/www.institutodeengenharia.org.br\/site\/wp-content\/uploads\/2020\/06\/antonio-delfim-netto-600x654.jpg 600w\" sizes=\"auto, (max-width: 164px) 100vw, 164px\" \/><\/p>\n<p><strong>Ex-Ministro Ant\u00f4nio Delfim Netto<\/strong><\/p>\n<p>Possui gradua\u00e7\u00e3o em Economia pela Universidade de S\u00e3o Paulo (USP), foi ministro da Fazenda, ministro da Agricultura e ministro do Planejamento, controlando o Conselho Monet\u00e1rio Nacional e o Banco Central. Al\u00e9m disso, foi integrante do Conselho Consultivo de Planejamento do governo Castelo Branco e Embaixador do Brasil na Fran\u00e7a.<\/p>\n<p>&nbsp;<\/p>\n<p>&nbsp;<\/p>\n<p><img loading=\"lazy\" decoding=\"async\" class=\"wp-image-66508 alignleft\" src=\"https:\/\/www.institutodeengenharia.org.br\/site\/wp-content\/uploads\/2020\/06\/Shigeaki-Ueki.jpg\" alt=\"\" width=\"154\" height=\"207\" srcset=\"https:\/\/www.institutodeengenharia.org.br\/site\/wp-content\/uploads\/2020\/06\/Shigeaki-Ueki.jpg 1201w, https:\/\/www.institutodeengenharia.org.br\/site\/wp-content\/uploads\/2020\/06\/Shigeaki-Ueki-223x300.jpg 223w, https:\/\/www.institutodeengenharia.org.br\/site\/wp-content\/uploads\/2020\/06\/Shigeaki-Ueki-768x1033.jpg 768w, https:\/\/www.institutodeengenharia.org.br\/site\/wp-content\/uploads\/2020\/06\/Shigeaki-Ueki-761x1024.jpg 761w, https:\/\/www.institutodeengenharia.org.br\/site\/wp-content\/uploads\/2020\/06\/Shigeaki-Ueki-696x936.jpg 696w, https:\/\/www.institutodeengenharia.org.br\/site\/wp-content\/uploads\/2020\/06\/Shigeaki-Ueki-1068x1437.jpg 1068w, https:\/\/www.institutodeengenharia.org.br\/site\/wp-content\/uploads\/2020\/06\/Shigeaki-Ueki-312x420.jpg 312w, https:\/\/www.institutodeengenharia.org.br\/site\/wp-content\/uploads\/2020\/06\/Shigeaki-Ueki-600x807.jpg 600w\" sizes=\"auto, (max-width: 154px) 100vw, 154px\" \/><\/p>\n<p><strong>Ex-Ministro Shigeaki Ueki<\/strong><\/p>\n<p>Formado em Direito pela Pontif\u00edcia Universidade Cat\u00f3lica de S\u00e3o Paulo (PUC-SP), foi diretor Comercial e Financeiro da Petrobras (1969-1974), ministro de Minas e Energia no governo Ernesto Geisel (1974-1979), e o primeiro presidente civil da Petrobras (1979-1984).<\/p>\n<p>&nbsp;<\/p>\n<p>&nbsp;<\/p>\n<p>&nbsp;<\/p>\n<p><strong>Intervenientes pelo Instituto de Engenharia:<\/strong><\/p>\n<p>&nbsp;<\/p>\n<p><img loading=\"lazy\" decoding=\"async\" class=\" wp-image-63789 alignleft\" src=\"https:\/\/www.institutodeengenharia.org.br\/site\/wp-content\/uploads\/2020\/05\/arlindo-e1588618224122.jpg\" alt=\"\" width=\"127\" height=\"174\" \/><\/p>\n<p><strong>Arlindo Virg\u00edlio Moura<\/strong><\/p>\n<p>Engenheiro Mec\u00e2nico pelo Instituto Mau\u00e1 de Tecnologia. \u00c9 vice-presidente de Administra\u00e7\u00e3o e Finan\u00e7as do Instituto de Engenharia, tendo sido tamb\u00e9m da gest\u00e3o de 2011 a 2013. Foi membro do Conselho Deliberativo (2000-2004) e desde 2017 \u00e9 membro Vital\u00edcio do Conselho\u00a0Consultivo. Foi vice-presidente da\u00a0diretoria do E.E. (2011-2013); conselheiro\u00a0da Associa\u00e7\u00e3o Brasileira de Engenharia Industria; presidente da Comiss\u00e3o de Obras\u00a0P\u00fablicas da CBIC \u2013 C\u00e2mara Brasileira da Ind\u00fastria da Constru\u00e7\u00e3o (2003-2014); presidente do\u00a0Conselho Deliberativo da APEOP\u00a0(2009-2017); membro do Conselho Consultivo da CBIC \u2013 desde 2014; membro efetivo do NAT\u00a0\u2013 N\u00facleo de Altos Temas do SECOVI \u2013 desde 2010; presidente\u00a0do Esporte Clube Pinheiros (1993-1997); vice-presidente e membro\u00a0do Conselho Superior da ACESC\u00a0(1994-1998). Fez parte da Associa\u00e7\u00e3o dos Clubes Esportivos e S\u00f3cio-Culturais\u00a0de SP, sendo presidente do Sindi-Clube\u00a0\u2013 Sindicato dos Clubes Esportivos\u00a0e S\u00f3cio-Culturais do Estado de S\u00e3o\u00a0Paulo (1997-2006). Conselheiro\u00a0efetivo do Esporte Clube Pinheiros\u00a0e do Sindi-Clube.<\/p>\n","protected":false},"excerpt":{"rendered":"<p>&nbsp; A palestra\u00a0Impress\u00e3o da retomada da (macro)Economia e a Pol\u00edtica de Desenvolvimento do Brasil faz parte da\u00a0S\u00e9rie Webinar: Brasil p\u00f3s-crise, uma realiza\u00e7\u00e3o do Instituto de Engenharia. Assista \u00e0 grava\u00e7\u00e3o do evento: &nbsp; &nbsp; Convidados: Ex-Ministro Ant\u00f4nio Delfim Netto Possui gradua\u00e7\u00e3o em Economia pela Universidade de S\u00e3o Paulo (USP), foi ministro da Fazenda, ministro da Agricultura [&hellip;]<\/p>\n","protected":false},"author":13,"featured_media":67086,"comment_status":"open","ping_status":"open","sticky":false,"template":"","format":"standard","meta":{"footnotes":""},"categories":[968,969],"tags":[],"class_list":{"0":"post-67084","1":"post","2":"type-post","3":"status-publish","4":"format-standard","5":"has-post-thumbnail","7":"category-nova-tv-engenharia","8":"category-palestra"},"yoast_head":"<!-- This site is optimized with the Yoast SEO plugin v27.2 - https:\/\/yoast.com\/product\/yoast-seo-wordpress\/ -->\n<title>Impress\u00e3o da retomada da (macro)Economia e a Pol\u00edtica de Desenvolvimento do Brasil - Instituto de Engenharia<\/title>\n<meta name=\"robots\" content=\"index, follow, max-snippet:-1, max-image-preview:large, max-video-preview:-1\" \/>\n<link rel=\"canonical\" href=\"https:\/\/www.institutodeengenharia.org.br\/site\/2020\/06\/12\/impressao-da-retomada-da-macroeconomia-e-a-politica-de-desenvolvimento-do-brasil\/\" \/>\n<meta property=\"og:locale\" content=\"pt_BR\" \/>\n<meta property=\"og:type\" content=\"article\" \/>\n<meta property=\"og:title\" content=\"Impress\u00e3o da retomada da (macro)Economia e a Pol\u00edtica de Desenvolvimento do Brasil - Instituto de Engenharia\" \/>\n<meta property=\"og:description\" content=\"&nbsp; A palestra\u00a0Impress\u00e3o da retomada da (macro)Economia e a Pol\u00edtica de Desenvolvimento do Brasil faz parte da\u00a0S\u00e9rie Webinar: Brasil p\u00f3s-crise, uma realiza\u00e7\u00e3o do Instituto de Engenharia. Assista \u00e0 grava\u00e7\u00e3o do evento: &nbsp; &nbsp; Convidados: Ex-Ministro Ant\u00f4nio Delfim Netto Possui gradua\u00e7\u00e3o em Economia pela Universidade de S\u00e3o Paulo (USP), foi ministro da Fazenda, ministro da Agricultura [&hellip;]\" \/>\n<meta property=\"og:url\" content=\"https:\/\/www.institutodeengenharia.org.br\/site\/2020\/06\/12\/impressao-da-retomada-da-macroeconomia-e-a-politica-de-desenvolvimento-do-brasil\/\" \/>\n<meta property=\"og:site_name\" content=\"Instituto de Engenharia\" \/>\n<meta property=\"article:publisher\" content=\"https:\/\/www.facebook.com\/institutodeengenharia\" \/>\n<meta property=\"article:published_time\" content=\"2020-06-12T13:00:31+00:00\" \/>\n<meta property=\"article:modified_time\" content=\"2020-06-15T12:57:05+00:00\" \/>\n<meta property=\"og:image\" content=\"https:\/\/www.institutodeengenharia.org.br\/site\/wp-content\/uploads\/2020\/06\/economia-no-brasil.jpg\" \/>\n\t<meta property=\"og:image:width\" content=\"1034\" \/>\n\t<meta property=\"og:image:height\" content=\"646\" \/>\n\t<meta property=\"og:image:type\" content=\"image\/jpeg\" \/>\n<meta name=\"author\" content=\"Bianca\" \/>\n<meta name=\"twitter:card\" content=\"summary_large_image\" \/>\n<meta name=\"twitter:creator\" content=\"@iengenharia\" \/>\n<meta name=\"twitter:site\" content=\"@iengenharia\" \/>\n<meta name=\"twitter:label1\" content=\"Escrito por\" \/>\n\t<meta name=\"twitter:data1\" content=\"Bianca\" \/>\n\t<meta name=\"twitter:label2\" content=\"Est. tempo de leitura\" \/>\n\t<meta name=\"twitter:data2\" content=\"2 minutos\" \/>\n<script type=\"application\/ld+json\" class=\"yoast-schema-graph\">{\"@context\":\"https:\/\/schema.org\",\"@graph\":[{\"@type\":\"Article\",\"@id\":\"https:\/\/www.institutodeengenharia.org.br\/site\/2020\/06\/12\/impressao-da-retomada-da-macroeconomia-e-a-politica-de-desenvolvimento-do-brasil\/#article\",\"isPartOf\":{\"@id\":\"https:\/\/www.institutodeengenharia.org.br\/site\/2020\/06\/12\/impressao-da-retomada-da-macroeconomia-e-a-politica-de-desenvolvimento-do-brasil\/\"},\"author\":{\"name\":\"Bianca\",\"@id\":\"https:\/\/www.institutodeengenharia.org.br\/site\/#\/schema\/person\/aeb64951c405e100d26d30b033dd423f\"},\"headline\":\"Impress\u00e3o da retomada da (macro)Economia e a Pol\u00edtica de Desenvolvimento do Brasil\",\"datePublished\":\"2020-06-12T13:00:31+00:00\",\"dateModified\":\"2020-06-15T12:57:05+00:00\",\"mainEntityOfPage\":{\"@id\":\"https:\/\/www.institutodeengenharia.org.br\/site\/2020\/06\/12\/impressao-da-retomada-da-macroeconomia-e-a-politica-de-desenvolvimento-do-brasil\/\"},\"wordCount\":333,\"commentCount\":0,\"publisher\":{\"@id\":\"https:\/\/www.institutodeengenharia.org.br\/site\/#organization\"},\"image\":{\"@id\":\"https:\/\/www.institutodeengenharia.org.br\/site\/2020\/06\/12\/impressao-da-retomada-da-macroeconomia-e-a-politica-de-desenvolvimento-do-brasil\/#primaryimage\"},\"thumbnailUrl\":\"https:\/\/www.institutodeengenharia.org.br\/site\/wp-content\/uploads\/2020\/06\/economia-no-brasil.jpg\",\"articleSection\":[\"Nova TV Engenharia\",\"Palestra\"],\"inLanguage\":\"pt-BR\",\"potentialAction\":[{\"@type\":\"CommentAction\",\"name\":\"Comment\",\"target\":[\"https:\/\/www.institutodeengenharia.org.br\/site\/2020\/06\/12\/impressao-da-retomada-da-macroeconomia-e-a-politica-de-desenvolvimento-do-brasil\/#respond\"]}]},{\"@type\":\"WebPage\",\"@id\":\"https:\/\/www.institutodeengenharia.org.br\/site\/2020\/06\/12\/impressao-da-retomada-da-macroeconomia-e-a-politica-de-desenvolvimento-do-brasil\/\",\"url\":\"https:\/\/www.institutodeengenharia.org.br\/site\/2020\/06\/12\/impressao-da-retomada-da-macroeconomia-e-a-politica-de-desenvolvimento-do-brasil\/\",\"name\":\"Impress\u00e3o da retomada da (macro)Economia e a Pol\u00edtica de Desenvolvimento do Brasil - Instituto de Engenharia\",\"isPartOf\":{\"@id\":\"https:\/\/www.institutodeengenharia.org.br\/site\/#website\"},\"primaryImageOfPage\":{\"@id\":\"https:\/\/www.institutodeengenharia.org.br\/site\/2020\/06\/12\/impressao-da-retomada-da-macroeconomia-e-a-politica-de-desenvolvimento-do-brasil\/#primaryimage\"},\"image\":{\"@id\":\"https:\/\/www.institutodeengenharia.org.br\/site\/2020\/06\/12\/impressao-da-retomada-da-macroeconomia-e-a-politica-de-desenvolvimento-do-brasil\/#primaryimage\"},\"thumbnailUrl\":\"https:\/\/www.institutodeengenharia.org.br\/site\/wp-content\/uploads\/2020\/06\/economia-no-brasil.jpg\",\"datePublished\":\"2020-06-12T13:00:31+00:00\",\"dateModified\":\"2020-06-15T12:57:05+00:00\",\"breadcrumb\":{\"@id\":\"https:\/\/www.institutodeengenharia.org.br\/site\/2020\/06\/12\/impressao-da-retomada-da-macroeconomia-e-a-politica-de-desenvolvimento-do-brasil\/#breadcrumb\"},\"inLanguage\":\"pt-BR\",\"potentialAction\":[{\"@type\":\"ReadAction\",\"target\":[\"https:\/\/www.institutodeengenharia.org.br\/site\/2020\/06\/12\/impressao-da-retomada-da-macroeconomia-e-a-politica-de-desenvolvimento-do-brasil\/\"]}]},{\"@type\":\"ImageObject\",\"inLanguage\":\"pt-BR\",\"@id\":\"https:\/\/www.institutodeengenharia.org.br\/site\/2020\/06\/12\/impressao-da-retomada-da-macroeconomia-e-a-politica-de-desenvolvimento-do-brasil\/#primaryimage\",\"url\":\"https:\/\/www.institutodeengenharia.org.br\/site\/wp-content\/uploads\/2020\/06\/economia-no-brasil.jpg\",\"contentUrl\":\"https:\/\/www.institutodeengenharia.org.br\/site\/wp-content\/uploads\/2020\/06\/economia-no-brasil.jpg\",\"width\":1034,\"height\":646},{\"@type\":\"BreadcrumbList\",\"@id\":\"https:\/\/www.institutodeengenharia.org.br\/site\/2020\/06\/12\/impressao-da-retomada-da-macroeconomia-e-a-politica-de-desenvolvimento-do-brasil\/#breadcrumb\",\"itemListElement\":[{\"@type\":\"ListItem\",\"position\":1,\"name\":\"In\u00edcio\",\"item\":\"https:\/\/www.institutodeengenharia.org.br\/site\/\"},{\"@type\":\"ListItem\",\"position\":2,\"name\":\"Impress\u00e3o da retomada da (macro)Economia e a Pol\u00edtica de Desenvolvimento do Brasil\"}]},{\"@type\":\"WebSite\",\"@id\":\"https:\/\/www.institutodeengenharia.org.br\/site\/#website\",\"url\":\"https:\/\/www.institutodeengenharia.org.br\/site\/\",\"name\":\"Instituto de Engenharia\",\"description\":\"O Instituto de Engenharia promove a Engenharia em benef\u00edcio do desenvolvimento e da qualidade de vida da sociedade.\",\"publisher\":{\"@id\":\"https:\/\/www.institutodeengenharia.org.br\/site\/#organization\"},\"potentialAction\":[{\"@type\":\"SearchAction\",\"target\":{\"@type\":\"EntryPoint\",\"urlTemplate\":\"https:\/\/www.institutodeengenharia.org.br\/site\/?s={search_term_string}\"},\"query-input\":{\"@type\":\"PropertyValueSpecification\",\"valueRequired\":true,\"valueName\":\"search_term_string\"}}],\"inLanguage\":\"pt-BR\"},{\"@type\":\"Organization\",\"@id\":\"https:\/\/www.institutodeengenharia.org.br\/site\/#organization\",\"name\":\"Instituto de Engenharia\",\"url\":\"https:\/\/www.institutodeengenharia.org.br\/site\/\",\"logo\":{\"@type\":\"ImageObject\",\"inLanguage\":\"pt-BR\",\"@id\":\"https:\/\/www.institutodeengenharia.org.br\/site\/#\/schema\/logo\/image\/\",\"url\":\"https:\/\/www.institutodeengenharia.org.br\/site\/wp-content\/uploads\/2019\/03\/logo-novo-IE2018-1.jpg\",\"contentUrl\":\"https:\/\/www.institutodeengenharia.org.br\/site\/wp-content\/uploads\/2019\/03\/logo-novo-IE2018-1.jpg\",\"width\":1486,\"height\":1879,\"caption\":\"Instituto de Engenharia\"},\"image\":{\"@id\":\"https:\/\/www.institutodeengenharia.org.br\/site\/#\/schema\/logo\/image\/\"},\"sameAs\":[\"https:\/\/www.facebook.com\/institutodeengenharia\",\"https:\/\/x.com\/iengenharia\",\"https:\/\/www.instagram.com\/institutodeengenharia\/\",\"https:\/\/www.linkedin.com\/company\/instituto-de-engenharia\/\",\"https:\/\/www.youtube.com\/channel\/UCXiCAlsSMe977vamW915HxA\"]},{\"@type\":\"Person\",\"@id\":\"https:\/\/www.institutodeengenharia.org.br\/site\/#\/schema\/person\/aeb64951c405e100d26d30b033dd423f\",\"name\":\"Bianca\",\"image\":{\"@type\":\"ImageObject\",\"inLanguage\":\"pt-BR\",\"@id\":\"https:\/\/secure.gravatar.com\/avatar\/a6fbe9bff57405baf4c1e2c5c1811e072b558253974a9f9508f4678900c97c2a?s=96&d=mm&r=g\",\"url\":\"https:\/\/secure.gravatar.com\/avatar\/a6fbe9bff57405baf4c1e2c5c1811e072b558253974a9f9508f4678900c97c2a?s=96&d=mm&r=g\",\"contentUrl\":\"https:\/\/secure.gravatar.com\/avatar\/a6fbe9bff57405baf4c1e2c5c1811e072b558253974a9f9508f4678900c97c2a?s=96&d=mm&r=g\",\"caption\":\"Bianca\"},\"url\":\"https:\/\/www.institutodeengenharia.org.br\/site\/author\/comunicacao1\/\"}]}<\/script>\n<!-- \/ Yoast SEO plugin. -->","yoast_head_json":{"title":"Impress\u00e3o da retomada da (macro)Economia e a Pol\u00edtica de Desenvolvimento do Brasil - Instituto de Engenharia","robots":{"index":"index","follow":"follow","max-snippet":"max-snippet:-1","max-image-preview":"max-image-preview:large","max-video-preview":"max-video-preview:-1"},"canonical":"https:\/\/www.institutodeengenharia.org.br\/site\/2020\/06\/12\/impressao-da-retomada-da-macroeconomia-e-a-politica-de-desenvolvimento-do-brasil\/","og_locale":"pt_BR","og_type":"article","og_title":"Impress\u00e3o da retomada da (macro)Economia e a Pol\u00edtica de Desenvolvimento do Brasil - Instituto de Engenharia","og_description":"&nbsp; A palestra\u00a0Impress\u00e3o da retomada da (macro)Economia e a Pol\u00edtica de Desenvolvimento do Brasil faz parte da\u00a0S\u00e9rie Webinar: Brasil p\u00f3s-crise, uma realiza\u00e7\u00e3o do Instituto de Engenharia. Assista \u00e0 grava\u00e7\u00e3o do evento: &nbsp; &nbsp; Convidados: Ex-Ministro Ant\u00f4nio Delfim Netto Possui gradua\u00e7\u00e3o em Economia pela Universidade de S\u00e3o Paulo (USP), foi ministro da Fazenda, ministro da Agricultura [&hellip;]","og_url":"https:\/\/www.institutodeengenharia.org.br\/site\/2020\/06\/12\/impressao-da-retomada-da-macroeconomia-e-a-politica-de-desenvolvimento-do-brasil\/","og_site_name":"Instituto de Engenharia","article_publisher":"https:\/\/www.facebook.com\/institutodeengenharia","article_published_time":"2020-06-12T13:00:31+00:00","article_modified_time":"2020-06-15T12:57:05+00:00","og_image":[{"width":1034,"height":646,"url":"https:\/\/www.institutodeengenharia.org.br\/site\/wp-content\/uploads\/2020\/06\/economia-no-brasil.jpg","type":"image\/jpeg"}],"author":"Bianca","twitter_card":"summary_large_image","twitter_creator":"@iengenharia","twitter_site":"@iengenharia","twitter_misc":{"Escrito por":"Bianca","Est. tempo de leitura":"2 minutos"},"schema":{"@context":"https:\/\/schema.org","@graph":[{"@type":"Article","@id":"https:\/\/www.institutodeengenharia.org.br\/site\/2020\/06\/12\/impressao-da-retomada-da-macroeconomia-e-a-politica-de-desenvolvimento-do-brasil\/#article","isPartOf":{"@id":"https:\/\/www.institutodeengenharia.org.br\/site\/2020\/06\/12\/impressao-da-retomada-da-macroeconomia-e-a-politica-de-desenvolvimento-do-brasil\/"},"author":{"name":"Bianca","@id":"https:\/\/www.institutodeengenharia.org.br\/site\/#\/schema\/person\/aeb64951c405e100d26d30b033dd423f"},"headline":"Impress\u00e3o da retomada da (macro)Economia e a Pol\u00edtica de Desenvolvimento do Brasil","datePublished":"2020-06-12T13:00:31+00:00","dateModified":"2020-06-15T12:57:05+00:00","mainEntityOfPage":{"@id":"https:\/\/www.institutodeengenharia.org.br\/site\/2020\/06\/12\/impressao-da-retomada-da-macroeconomia-e-a-politica-de-desenvolvimento-do-brasil\/"},"wordCount":333,"commentCount":0,"publisher":{"@id":"https:\/\/www.institutodeengenharia.org.br\/site\/#organization"},"image":{"@id":"https:\/\/www.institutodeengenharia.org.br\/site\/2020\/06\/12\/impressao-da-retomada-da-macroeconomia-e-a-politica-de-desenvolvimento-do-brasil\/#primaryimage"},"thumbnailUrl":"https:\/\/www.institutodeengenharia.org.br\/site\/wp-content\/uploads\/2020\/06\/economia-no-brasil.jpg","articleSection":["Nova TV Engenharia","Palestra"],"inLanguage":"pt-BR","potentialAction":[{"@type":"CommentAction","name":"Comment","target":["https:\/\/www.institutodeengenharia.org.br\/site\/2020\/06\/12\/impressao-da-retomada-da-macroeconomia-e-a-politica-de-desenvolvimento-do-brasil\/#respond"]}]},{"@type":"WebPage","@id":"https:\/\/www.institutodeengenharia.org.br\/site\/2020\/06\/12\/impressao-da-retomada-da-macroeconomia-e-a-politica-de-desenvolvimento-do-brasil\/","url":"https:\/\/www.institutodeengenharia.org.br\/site\/2020\/06\/12\/impressao-da-retomada-da-macroeconomia-e-a-politica-de-desenvolvimento-do-brasil\/","name":"Impress\u00e3o da retomada da (macro)Economia e a Pol\u00edtica de Desenvolvimento do Brasil - Instituto de Engenharia","isPartOf":{"@id":"https:\/\/www.institutodeengenharia.org.br\/site\/#website"},"primaryImageOfPage":{"@id":"https:\/\/www.institutodeengenharia.org.br\/site\/2020\/06\/12\/impressao-da-retomada-da-macroeconomia-e-a-politica-de-desenvolvimento-do-brasil\/#primaryimage"},"image":{"@id":"https:\/\/www.institutodeengenharia.org.br\/site\/2020\/06\/12\/impressao-da-retomada-da-macroeconomia-e-a-politica-de-desenvolvimento-do-brasil\/#primaryimage"},"thumbnailUrl":"https:\/\/www.institutodeengenharia.org.br\/site\/wp-content\/uploads\/2020\/06\/economia-no-brasil.jpg","datePublished":"2020-06-12T13:00:31+00:00","dateModified":"2020-06-15T12:57:05+00:00","breadcrumb":{"@id":"https:\/\/www.institutodeengenharia.org.br\/site\/2020\/06\/12\/impressao-da-retomada-da-macroeconomia-e-a-politica-de-desenvolvimento-do-brasil\/#breadcrumb"},"inLanguage":"pt-BR","potentialAction":[{"@type":"ReadAction","target":["https:\/\/www.institutodeengenharia.org.br\/site\/2020\/06\/12\/impressao-da-retomada-da-macroeconomia-e-a-politica-de-desenvolvimento-do-brasil\/"]}]},{"@type":"ImageObject","inLanguage":"pt-BR","@id":"https:\/\/www.institutodeengenharia.org.br\/site\/2020\/06\/12\/impressao-da-retomada-da-macroeconomia-e-a-politica-de-desenvolvimento-do-brasil\/#primaryimage","url":"https:\/\/www.institutodeengenharia.org.br\/site\/wp-content\/uploads\/2020\/06\/economia-no-brasil.jpg","contentUrl":"https:\/\/www.institutodeengenharia.org.br\/site\/wp-content\/uploads\/2020\/06\/economia-no-brasil.jpg","width":1034,"height":646},{"@type":"BreadcrumbList","@id":"https:\/\/www.institutodeengenharia.org.br\/site\/2020\/06\/12\/impressao-da-retomada-da-macroeconomia-e-a-politica-de-desenvolvimento-do-brasil\/#breadcrumb","itemListElement":[{"@type":"ListItem","position":1,"name":"In\u00edcio","item":"https:\/\/www.institutodeengenharia.org.br\/site\/"},{"@type":"ListItem","position":2,"name":"Impress\u00e3o da retomada da (macro)Economia e a Pol\u00edtica de Desenvolvimento do Brasil"}]},{"@type":"WebSite","@id":"https:\/\/www.institutodeengenharia.org.br\/site\/#website","url":"https:\/\/www.institutodeengenharia.org.br\/site\/","name":"Instituto de Engenharia","description":"O Instituto de Engenharia promove a Engenharia em benef\u00edcio do desenvolvimento e da qualidade de vida da sociedade.","publisher":{"@id":"https:\/\/www.institutodeengenharia.org.br\/site\/#organization"},"potentialAction":[{"@type":"SearchAction","target":{"@type":"EntryPoint","urlTemplate":"https:\/\/www.institutodeengenharia.org.br\/site\/?s={search_term_string}"},"query-input":{"@type":"PropertyValueSpecification","valueRequired":true,"valueName":"search_term_string"}}],"inLanguage":"pt-BR"},{"@type":"Organization","@id":"https:\/\/www.institutodeengenharia.org.br\/site\/#organization","name":"Instituto de Engenharia","url":"https:\/\/www.institutodeengenharia.org.br\/site\/","logo":{"@type":"ImageObject","inLanguage":"pt-BR","@id":"https:\/\/www.institutodeengenharia.org.br\/site\/#\/schema\/logo\/image\/","url":"https:\/\/www.institutodeengenharia.org.br\/site\/wp-content\/uploads\/2019\/03\/logo-novo-IE2018-1.jpg","contentUrl":"https:\/\/www.institutodeengenharia.org.br\/site\/wp-content\/uploads\/2019\/03\/logo-novo-IE2018-1.jpg","width":1486,"height":1879,"caption":"Instituto de Engenharia"},"image":{"@id":"https:\/\/www.institutodeengenharia.org.br\/site\/#\/schema\/logo\/image\/"},"sameAs":["https:\/\/www.facebook.com\/institutodeengenharia","https:\/\/x.com\/iengenharia","https:\/\/www.instagram.com\/institutodeengenharia\/","https:\/\/www.linkedin.com\/company\/instituto-de-engenharia\/","https:\/\/www.youtube.com\/channel\/UCXiCAlsSMe977vamW915HxA"]},{"@type":"Person","@id":"https:\/\/www.institutodeengenharia.org.br\/site\/#\/schema\/person\/aeb64951c405e100d26d30b033dd423f","name":"Bianca","image":{"@type":"ImageObject","inLanguage":"pt-BR","@id":"https:\/\/secure.gravatar.com\/avatar\/a6fbe9bff57405baf4c1e2c5c1811e072b558253974a9f9508f4678900c97c2a?s=96&d=mm&r=g","url":"https:\/\/secure.gravatar.com\/avatar\/a6fbe9bff57405baf4c1e2c5c1811e072b558253974a9f9508f4678900c97c2a?s=96&d=mm&r=g","contentUrl":"https:\/\/secure.gravatar.com\/avatar\/a6fbe9bff57405baf4c1e2c5c1811e072b558253974a9f9508f4678900c97c2a?s=96&d=mm&r=g","caption":"Bianca"},"url":"https:\/\/www.institutodeengenharia.org.br\/site\/author\/comunicacao1\/"}]}},"_links":{"self":[{"href":"https:\/\/www.institutodeengenharia.org.br\/site\/wp-json\/wp\/v2\/posts\/67084","targetHints":{"allow":["GET"]}}],"collection":[{"href":"https:\/\/www.institutodeengenharia.org.br\/site\/wp-json\/wp\/v2\/posts"}],"about":[{"href":"https:\/\/www.institutodeengenharia.org.br\/site\/wp-json\/wp\/v2\/types\/post"}],"author":[{"embeddable":true,"href":"https:\/\/www.institutodeengenharia.org.br\/site\/wp-json\/wp\/v2\/users\/13"}],"replies":[{"embeddable":true,"href":"https:\/\/www.institutodeengenharia.org.br\/site\/wp-json\/wp\/v2\/comments?post=67084"}],"version-history":[{"count":1,"href":"https:\/\/www.institutodeengenharia.org.br\/site\/wp-json\/wp\/v2\/posts\/67084\/revisions"}],"predecessor-version":[{"id":67087,"href":"https:\/\/www.institutodeengenharia.org.br\/site\/wp-json\/wp\/v2\/posts\/67084\/revisions\/67087"}],"wp:featuredmedia":[{"embeddable":true,"href":"https:\/\/www.institutodeengenharia.org.br\/site\/wp-json\/wp\/v2\/media\/67086"}],"wp:attachment":[{"href":"https:\/\/www.institutodeengenharia.org.br\/site\/wp-json\/wp\/v2\/media?parent=67084"}],"wp:term":[{"taxonomy":"category","embeddable":true,"href":"https:\/\/www.institutodeengenharia.org.br\/site\/wp-json\/wp\/v2\/categories?post=67084"},{"taxonomy":"post_tag","embeddable":true,"href":"https:\/\/www.institutodeengenharia.org.br\/site\/wp-json\/wp\/v2\/tags?post=67084"}],"curies":[{"name":"wp","href":"https:\/\/api.w.org\/{rel}","templated":true}]}}