{"id":67008,"date":"2020-06-10T10:01:37","date_gmt":"2020-06-10T13:01:37","guid":{"rendered":"https:\/\/www.institutodeengenharia.org.br\/site\/?p=67008"},"modified":"2020-06-12T11:14:29","modified_gmt":"2020-06-12T14:14:29","slug":"infraestrutura-ferroviaria-desafios-e-oportunidades-pos-crise","status":"publish","type":"post","link":"https:\/\/www.institutodeengenharia.org.br\/site\/2020\/06\/10\/infraestrutura-ferroviaria-desafios-e-oportunidades-pos-crise\/","title":{"rendered":"Infraestrutura Ferrovi\u00e1ria &#8211; Desafios e Oportunidades p\u00f3s-crise"},"content":{"rendered":"<p>&nbsp;<\/p>\n<p>A palestra<strong>\u00a0Infraestrutura Ferrovi\u00e1ria &#8211; Desafios e Oportunidades p\u00f3s-crise <\/strong>faz parte da\u00a0<em>S\u00e9rie Webinar: Brasil p\u00f3s-crise<\/em>, uma realiza\u00e7\u00e3o do Instituto de Engenharia.<\/p>\n<p><strong>Assista \u00e0 grava\u00e7\u00e3o do evento:<\/strong><\/p>\n<p><iframe loading=\"lazy\" src=\"https:\/\/player.vimeo.com\/video\/428266079\" width=\"640\" height=\"360\" frameborder=\"0\" allowfullscreen=\"allowfullscreen\"><\/iframe><\/p>\n<p>&nbsp;<\/p>\n<p><strong>Palestrante:<\/strong><\/p>\n<p><img loading=\"lazy\" decoding=\"async\" class=\"wp-image-66500 alignleft\" src=\"https:\/\/www.institutodeengenharia.org.br\/site\/wp-content\/uploads\/2020\/06\/Marcello-da-Costa-Vieira.jpg\" alt=\"\" width=\"202\" height=\"165\" \/><\/p>\n<p><strong>Marcello da Costa Vieira<\/strong><\/p>\n<p>Secret\u00e1rio Nacional de Transportes Terrestres do Minist\u00e9rio de Infraestrutura, com gradua\u00e7\u00e3o em Ci\u00eancias Militares pela Academia Militar das Agulhas Negras \u2013 AMAN e em Engenharia Civil\/Fortifica\u00e7\u00e3o e Constru\u00e7\u00e3o pelo Instituto Militar de Engenharia (IME); especializa\u00e7\u00e3o em Gerenciamento de Projetos pela Funda\u00e7\u00e3o Get\u00falio Vargas \u2013 FGV e doutorado em Transportes com \u00eanfase em Log\u00edstica pela Universidade de Bras\u00edlia \u2013 UnB. \u00c9 certificado como\u00a0Project Management Professional (PMP)\u00a0pelo Project Management Institute (PMI). Coronel Engenheiro Militar do Ex\u00e9rcito Brasileiro onde coordenou obras de Engenharia do Ex\u00e9rcito na Regi\u00e3o Amaz\u00f4nica. Or\u00e7amentista e respons\u00e1vel pelo planejamento de obras de coopera\u00e7\u00e3o do Ex\u00e9rcito Brasileiro com diversas institui\u00e7\u00f5es: DNIT (Estradas e pontes), INFRAERO (Aeroportos), MI (Integra\u00e7\u00e3o da Bacia do S\u00e3o Francisco), Governos Estaduais e Municipais, entre outros. Respons\u00e1vel t\u00e9cnico e gerente de projetos de diversas obras rodovi\u00e1rias, aeroportu\u00e1rias, ferrovi\u00e1rias, h\u00eddricas e de saneamento nas regi\u00f5es Sudeste, Centro-Oeste, Norte e Nordeste, dentre elas o projeto executivo dos Lotes e I e V do Projeto de Transposi\u00e7\u00e3o do Rio S\u00e3o Francisco, obra de duplica\u00e7\u00e3o do lote 01 da BR 101\/RN e obra de implanta\u00e7\u00e3o do Terminal de Passageiros \u2013 TPS3, do Aeroporto Internacional de S\u00e3o Paulo\/Guarulhos. Foi diretor do Departamento de Gest\u00e3o e Projetos Especiais, na Secretaria Nacional de Transportes Terrestres do Minist\u00e9rio da Infraestrutura. Autor de pesquisa para o Engineer Research and Development\u00a0 Center \u2013 ERDC, do Corpo de Engenheiros do Ex\u00e9rcito Americano na \u00e1rea de sistema de medi\u00e7\u00e3o de servi\u00e7os de dragagem em portos mar\u00edtimos. Palestrante em cursos e semin\u00e1rios sobre licita\u00e7\u00f5es e contratos de obras p\u00fablicas, gerenciamento de projetos e planejamento de obras de infraestrutura e autor de artigos cient\u00edficos nas \u00e1reas de log\u00edstica, pesquisa operacional e or\u00e7amento de obras p\u00fablicas.<\/p>\n","protected":false},"excerpt":{"rendered":"<p>&nbsp; A palestra\u00a0Infraestrutura Ferrovi\u00e1ria &#8211; Desafios e Oportunidades p\u00f3s-crise faz parte da\u00a0S\u00e9rie Webinar: Brasil p\u00f3s-crise, uma realiza\u00e7\u00e3o do Instituto de Engenharia. Assista \u00e0 grava\u00e7\u00e3o do evento: &nbsp; Palestrante: Marcello da Costa Vieira Secret\u00e1rio Nacional de Transportes Terrestres do Minist\u00e9rio de Infraestrutura, com gradua\u00e7\u00e3o em Ci\u00eancias Militares pela Academia Militar das Agulhas Negras \u2013 AMAN e [&hellip;]<\/p>\n","protected":false},"author":13,"featured_media":67010,"comment_status":"open","ping_status":"open","sticky":false,"template":"","format":"standard","meta":{"footnotes":""},"categories":[968,969],"tags":[],"class_list":{"0":"post-67008","1":"post","2":"type-post","3":"status-publish","4":"format-standard","5":"has-post-thumbnail","7":"category-nova-tv-engenharia","8":"category-palestra"},"yoast_head":"<!-- This site is optimized with the Yoast SEO plugin v27.2 - https:\/\/yoast.com\/product\/yoast-seo-wordpress\/ -->\n<title>Infraestrutura Ferrovi\u00e1ria - Desafios e Oportunidades p\u00f3s-crise - Instituto de Engenharia<\/title>\n<meta name=\"robots\" content=\"index, follow, max-snippet:-1, max-image-preview:large, max-video-preview:-1\" \/>\n<link rel=\"canonical\" href=\"https:\/\/www.institutodeengenharia.org.br\/site\/2020\/06\/10\/infraestrutura-ferroviaria-desafios-e-oportunidades-pos-crise\/\" \/>\n<meta property=\"og:locale\" content=\"pt_BR\" \/>\n<meta property=\"og:type\" content=\"article\" \/>\n<meta property=\"og:title\" content=\"Infraestrutura Ferrovi\u00e1ria - Desafios e Oportunidades p\u00f3s-crise - Instituto de Engenharia\" \/>\n<meta property=\"og:description\" content=\"&nbsp; A palestra\u00a0Infraestrutura Ferrovi\u00e1ria &#8211; Desafios e Oportunidades p\u00f3s-crise faz parte da\u00a0S\u00e9rie Webinar: Brasil p\u00f3s-crise, uma realiza\u00e7\u00e3o do Instituto de Engenharia. Assista \u00e0 grava\u00e7\u00e3o do evento: &nbsp; Palestrante: Marcello da Costa Vieira Secret\u00e1rio Nacional de Transportes Terrestres do Minist\u00e9rio de Infraestrutura, com gradua\u00e7\u00e3o em Ci\u00eancias Militares pela Academia Militar das Agulhas Negras \u2013 AMAN e [&hellip;]\" \/>\n<meta property=\"og:url\" content=\"https:\/\/www.institutodeengenharia.org.br\/site\/2020\/06\/10\/infraestrutura-ferroviaria-desafios-e-oportunidades-pos-crise\/\" \/>\n<meta property=\"og:site_name\" content=\"Instituto de Engenharia\" \/>\n<meta property=\"article:publisher\" content=\"https:\/\/www.facebook.com\/institutodeengenharia\" \/>\n<meta property=\"article:published_time\" content=\"2020-06-10T13:01:37+00:00\" \/>\n<meta property=\"article:modified_time\" content=\"2020-06-12T14:14:29+00:00\" \/>\n<meta property=\"og:image\" content=\"https:\/\/www.institutodeengenharia.org.br\/site\/wp-content\/uploads\/2020\/06\/infra-ferrovi\u00e1ria.jpg\" \/>\n\t<meta property=\"og:image:width\" content=\"1035\" \/>\n\t<meta property=\"og:image:height\" content=\"646\" \/>\n\t<meta property=\"og:image:type\" content=\"image\/jpeg\" \/>\n<meta name=\"author\" content=\"Bianca\" \/>\n<meta name=\"twitter:card\" content=\"summary_large_image\" \/>\n<meta name=\"twitter:creator\" content=\"@iengenharia\" \/>\n<meta name=\"twitter:site\" content=\"@iengenharia\" \/>\n<meta name=\"twitter:label1\" content=\"Escrito por\" \/>\n\t<meta name=\"twitter:data1\" content=\"Bianca\" \/>\n\t<meta name=\"twitter:label2\" content=\"Est. tempo de leitura\" \/>\n\t<meta name=\"twitter:data2\" content=\"2 minutos\" \/>\n<script type=\"application\/ld+json\" class=\"yoast-schema-graph\">{\"@context\":\"https:\/\/schema.org\",\"@graph\":[{\"@type\":\"Article\",\"@id\":\"https:\/\/www.institutodeengenharia.org.br\/site\/2020\/06\/10\/infraestrutura-ferroviaria-desafios-e-oportunidades-pos-crise\/#article\",\"isPartOf\":{\"@id\":\"https:\/\/www.institutodeengenharia.org.br\/site\/2020\/06\/10\/infraestrutura-ferroviaria-desafios-e-oportunidades-pos-crise\/\"},\"author\":{\"name\":\"Bianca\",\"@id\":\"https:\/\/www.institutodeengenharia.org.br\/site\/#\/schema\/person\/aeb64951c405e100d26d30b033dd423f\"},\"headline\":\"Infraestrutura Ferrovi\u00e1ria &#8211; Desafios e Oportunidades p\u00f3s-crise\",\"datePublished\":\"2020-06-10T13:01:37+00:00\",\"dateModified\":\"2020-06-12T14:14:29+00:00\",\"mainEntityOfPage\":{\"@id\":\"https:\/\/www.institutodeengenharia.org.br\/site\/2020\/06\/10\/infraestrutura-ferroviaria-desafios-e-oportunidades-pos-crise\/\"},\"wordCount\":366,\"commentCount\":0,\"publisher\":{\"@id\":\"https:\/\/www.institutodeengenharia.org.br\/site\/#organization\"},\"image\":{\"@id\":\"https:\/\/www.institutodeengenharia.org.br\/site\/2020\/06\/10\/infraestrutura-ferroviaria-desafios-e-oportunidades-pos-crise\/#primaryimage\"},\"thumbnailUrl\":\"https:\/\/www.institutodeengenharia.org.br\/site\/wp-content\/uploads\/2020\/06\/infra-ferrovi\u00e1ria.jpg\",\"articleSection\":[\"Nova TV Engenharia\",\"Palestra\"],\"inLanguage\":\"pt-BR\",\"potentialAction\":[{\"@type\":\"CommentAction\",\"name\":\"Comment\",\"target\":[\"https:\/\/www.institutodeengenharia.org.br\/site\/2020\/06\/10\/infraestrutura-ferroviaria-desafios-e-oportunidades-pos-crise\/#respond\"]}]},{\"@type\":\"WebPage\",\"@id\":\"https:\/\/www.institutodeengenharia.org.br\/site\/2020\/06\/10\/infraestrutura-ferroviaria-desafios-e-oportunidades-pos-crise\/\",\"url\":\"https:\/\/www.institutodeengenharia.org.br\/site\/2020\/06\/10\/infraestrutura-ferroviaria-desafios-e-oportunidades-pos-crise\/\",\"name\":\"Infraestrutura Ferrovi\u00e1ria - Desafios e Oportunidades p\u00f3s-crise - Instituto de Engenharia\",\"isPartOf\":{\"@id\":\"https:\/\/www.institutodeengenharia.org.br\/site\/#website\"},\"primaryImageOfPage\":{\"@id\":\"https:\/\/www.institutodeengenharia.org.br\/site\/2020\/06\/10\/infraestrutura-ferroviaria-desafios-e-oportunidades-pos-crise\/#primaryimage\"},\"image\":{\"@id\":\"https:\/\/www.institutodeengenharia.org.br\/site\/2020\/06\/10\/infraestrutura-ferroviaria-desafios-e-oportunidades-pos-crise\/#primaryimage\"},\"thumbnailUrl\":\"https:\/\/www.institutodeengenharia.org.br\/site\/wp-content\/uploads\/2020\/06\/infra-ferrovi\u00e1ria.jpg\",\"datePublished\":\"2020-06-10T13:01:37+00:00\",\"dateModified\":\"2020-06-12T14:14:29+00:00\",\"breadcrumb\":{\"@id\":\"https:\/\/www.institutodeengenharia.org.br\/site\/2020\/06\/10\/infraestrutura-ferroviaria-desafios-e-oportunidades-pos-crise\/#breadcrumb\"},\"inLanguage\":\"pt-BR\",\"potentialAction\":[{\"@type\":\"ReadAction\",\"target\":[\"https:\/\/www.institutodeengenharia.org.br\/site\/2020\/06\/10\/infraestrutura-ferroviaria-desafios-e-oportunidades-pos-crise\/\"]}]},{\"@type\":\"ImageObject\",\"inLanguage\":\"pt-BR\",\"@id\":\"https:\/\/www.institutodeengenharia.org.br\/site\/2020\/06\/10\/infraestrutura-ferroviaria-desafios-e-oportunidades-pos-crise\/#primaryimage\",\"url\":\"https:\/\/www.institutodeengenharia.org.br\/site\/wp-content\/uploads\/2020\/06\/infra-ferrovi\u00e1ria.jpg\",\"contentUrl\":\"https:\/\/www.institutodeengenharia.org.br\/site\/wp-content\/uploads\/2020\/06\/infra-ferrovi\u00e1ria.jpg\",\"width\":1035,\"height\":646},{\"@type\":\"BreadcrumbList\",\"@id\":\"https:\/\/www.institutodeengenharia.org.br\/site\/2020\/06\/10\/infraestrutura-ferroviaria-desafios-e-oportunidades-pos-crise\/#breadcrumb\",\"itemListElement\":[{\"@type\":\"ListItem\",\"position\":1,\"name\":\"In\u00edcio\",\"item\":\"https:\/\/www.institutodeengenharia.org.br\/site\/\"},{\"@type\":\"ListItem\",\"position\":2,\"name\":\"Infraestrutura Ferrovi\u00e1ria &#8211; Desafios e Oportunidades p\u00f3s-crise\"}]},{\"@type\":\"WebSite\",\"@id\":\"https:\/\/www.institutodeengenharia.org.br\/site\/#website\",\"url\":\"https:\/\/www.institutodeengenharia.org.br\/site\/\",\"name\":\"Instituto de Engenharia\",\"description\":\"O Instituto de Engenharia promove a Engenharia em benef\u00edcio do desenvolvimento e da qualidade de vida da sociedade.\",\"publisher\":{\"@id\":\"https:\/\/www.institutodeengenharia.org.br\/site\/#organization\"},\"potentialAction\":[{\"@type\":\"SearchAction\",\"target\":{\"@type\":\"EntryPoint\",\"urlTemplate\":\"https:\/\/www.institutodeengenharia.org.br\/site\/?s={search_term_string}\"},\"query-input\":{\"@type\":\"PropertyValueSpecification\",\"valueRequired\":true,\"valueName\":\"search_term_string\"}}],\"inLanguage\":\"pt-BR\"},{\"@type\":\"Organization\",\"@id\":\"https:\/\/www.institutodeengenharia.org.br\/site\/#organization\",\"name\":\"Instituto de Engenharia\",\"url\":\"https:\/\/www.institutodeengenharia.org.br\/site\/\",\"logo\":{\"@type\":\"ImageObject\",\"inLanguage\":\"pt-BR\",\"@id\":\"https:\/\/www.institutodeengenharia.org.br\/site\/#\/schema\/logo\/image\/\",\"url\":\"https:\/\/www.institutodeengenharia.org.br\/site\/wp-content\/uploads\/2019\/03\/logo-novo-IE2018-1.jpg\",\"contentUrl\":\"https:\/\/www.institutodeengenharia.org.br\/site\/wp-content\/uploads\/2019\/03\/logo-novo-IE2018-1.jpg\",\"width\":1486,\"height\":1879,\"caption\":\"Instituto de Engenharia\"},\"image\":{\"@id\":\"https:\/\/www.institutodeengenharia.org.br\/site\/#\/schema\/logo\/image\/\"},\"sameAs\":[\"https:\/\/www.facebook.com\/institutodeengenharia\",\"https:\/\/x.com\/iengenharia\",\"https:\/\/www.instagram.com\/institutodeengenharia\/\",\"https:\/\/www.linkedin.com\/company\/instituto-de-engenharia\/\",\"https:\/\/www.youtube.com\/channel\/UCXiCAlsSMe977vamW915HxA\"]},{\"@type\":\"Person\",\"@id\":\"https:\/\/www.institutodeengenharia.org.br\/site\/#\/schema\/person\/aeb64951c405e100d26d30b033dd423f\",\"name\":\"Bianca\",\"image\":{\"@type\":\"ImageObject\",\"inLanguage\":\"pt-BR\",\"@id\":\"https:\/\/secure.gravatar.com\/avatar\/a6fbe9bff57405baf4c1e2c5c1811e072b558253974a9f9508f4678900c97c2a?s=96&d=mm&r=g\",\"url\":\"https:\/\/secure.gravatar.com\/avatar\/a6fbe9bff57405baf4c1e2c5c1811e072b558253974a9f9508f4678900c97c2a?s=96&d=mm&r=g\",\"contentUrl\":\"https:\/\/secure.gravatar.com\/avatar\/a6fbe9bff57405baf4c1e2c5c1811e072b558253974a9f9508f4678900c97c2a?s=96&d=mm&r=g\",\"caption\":\"Bianca\"},\"url\":\"https:\/\/www.institutodeengenharia.org.br\/site\/author\/comunicacao1\/\"}]}<\/script>\n<!-- \/ Yoast SEO plugin. -->","yoast_head_json":{"title":"Infraestrutura Ferrovi\u00e1ria - Desafios e Oportunidades p\u00f3s-crise - Instituto de Engenharia","robots":{"index":"index","follow":"follow","max-snippet":"max-snippet:-1","max-image-preview":"max-image-preview:large","max-video-preview":"max-video-preview:-1"},"canonical":"https:\/\/www.institutodeengenharia.org.br\/site\/2020\/06\/10\/infraestrutura-ferroviaria-desafios-e-oportunidades-pos-crise\/","og_locale":"pt_BR","og_type":"article","og_title":"Infraestrutura Ferrovi\u00e1ria - Desafios e Oportunidades p\u00f3s-crise - Instituto de Engenharia","og_description":"&nbsp; A palestra\u00a0Infraestrutura Ferrovi\u00e1ria &#8211; Desafios e Oportunidades p\u00f3s-crise faz parte da\u00a0S\u00e9rie Webinar: Brasil p\u00f3s-crise, uma realiza\u00e7\u00e3o do Instituto de Engenharia. Assista \u00e0 grava\u00e7\u00e3o do evento: &nbsp; Palestrante: Marcello da Costa Vieira Secret\u00e1rio Nacional de Transportes Terrestres do Minist\u00e9rio de Infraestrutura, com gradua\u00e7\u00e3o em Ci\u00eancias Militares pela Academia Militar das Agulhas Negras \u2013 AMAN e [&hellip;]","og_url":"https:\/\/www.institutodeengenharia.org.br\/site\/2020\/06\/10\/infraestrutura-ferroviaria-desafios-e-oportunidades-pos-crise\/","og_site_name":"Instituto de Engenharia","article_publisher":"https:\/\/www.facebook.com\/institutodeengenharia","article_published_time":"2020-06-10T13:01:37+00:00","article_modified_time":"2020-06-12T14:14:29+00:00","og_image":[{"width":1035,"height":646,"url":"https:\/\/www.institutodeengenharia.org.br\/site\/wp-content\/uploads\/2020\/06\/infra-ferrovi\u00e1ria.jpg","type":"image\/jpeg"}],"author":"Bianca","twitter_card":"summary_large_image","twitter_creator":"@iengenharia","twitter_site":"@iengenharia","twitter_misc":{"Escrito por":"Bianca","Est. tempo de leitura":"2 minutos"},"schema":{"@context":"https:\/\/schema.org","@graph":[{"@type":"Article","@id":"https:\/\/www.institutodeengenharia.org.br\/site\/2020\/06\/10\/infraestrutura-ferroviaria-desafios-e-oportunidades-pos-crise\/#article","isPartOf":{"@id":"https:\/\/www.institutodeengenharia.org.br\/site\/2020\/06\/10\/infraestrutura-ferroviaria-desafios-e-oportunidades-pos-crise\/"},"author":{"name":"Bianca","@id":"https:\/\/www.institutodeengenharia.org.br\/site\/#\/schema\/person\/aeb64951c405e100d26d30b033dd423f"},"headline":"Infraestrutura Ferrovi\u00e1ria &#8211; Desafios e Oportunidades p\u00f3s-crise","datePublished":"2020-06-10T13:01:37+00:00","dateModified":"2020-06-12T14:14:29+00:00","mainEntityOfPage":{"@id":"https:\/\/www.institutodeengenharia.org.br\/site\/2020\/06\/10\/infraestrutura-ferroviaria-desafios-e-oportunidades-pos-crise\/"},"wordCount":366,"commentCount":0,"publisher":{"@id":"https:\/\/www.institutodeengenharia.org.br\/site\/#organization"},"image":{"@id":"https:\/\/www.institutodeengenharia.org.br\/site\/2020\/06\/10\/infraestrutura-ferroviaria-desafios-e-oportunidades-pos-crise\/#primaryimage"},"thumbnailUrl":"https:\/\/www.institutodeengenharia.org.br\/site\/wp-content\/uploads\/2020\/06\/infra-ferrovi\u00e1ria.jpg","articleSection":["Nova TV Engenharia","Palestra"],"inLanguage":"pt-BR","potentialAction":[{"@type":"CommentAction","name":"Comment","target":["https:\/\/www.institutodeengenharia.org.br\/site\/2020\/06\/10\/infraestrutura-ferroviaria-desafios-e-oportunidades-pos-crise\/#respond"]}]},{"@type":"WebPage","@id":"https:\/\/www.institutodeengenharia.org.br\/site\/2020\/06\/10\/infraestrutura-ferroviaria-desafios-e-oportunidades-pos-crise\/","url":"https:\/\/www.institutodeengenharia.org.br\/site\/2020\/06\/10\/infraestrutura-ferroviaria-desafios-e-oportunidades-pos-crise\/","name":"Infraestrutura Ferrovi\u00e1ria - Desafios e Oportunidades p\u00f3s-crise - Instituto de Engenharia","isPartOf":{"@id":"https:\/\/www.institutodeengenharia.org.br\/site\/#website"},"primaryImageOfPage":{"@id":"https:\/\/www.institutodeengenharia.org.br\/site\/2020\/06\/10\/infraestrutura-ferroviaria-desafios-e-oportunidades-pos-crise\/#primaryimage"},"image":{"@id":"https:\/\/www.institutodeengenharia.org.br\/site\/2020\/06\/10\/infraestrutura-ferroviaria-desafios-e-oportunidades-pos-crise\/#primaryimage"},"thumbnailUrl":"https:\/\/www.institutodeengenharia.org.br\/site\/wp-content\/uploads\/2020\/06\/infra-ferrovi\u00e1ria.jpg","datePublished":"2020-06-10T13:01:37+00:00","dateModified":"2020-06-12T14:14:29+00:00","breadcrumb":{"@id":"https:\/\/www.institutodeengenharia.org.br\/site\/2020\/06\/10\/infraestrutura-ferroviaria-desafios-e-oportunidades-pos-crise\/#breadcrumb"},"inLanguage":"pt-BR","potentialAction":[{"@type":"ReadAction","target":["https:\/\/www.institutodeengenharia.org.br\/site\/2020\/06\/10\/infraestrutura-ferroviaria-desafios-e-oportunidades-pos-crise\/"]}]},{"@type":"ImageObject","inLanguage":"pt-BR","@id":"https:\/\/www.institutodeengenharia.org.br\/site\/2020\/06\/10\/infraestrutura-ferroviaria-desafios-e-oportunidades-pos-crise\/#primaryimage","url":"https:\/\/www.institutodeengenharia.org.br\/site\/wp-content\/uploads\/2020\/06\/infra-ferrovi\u00e1ria.jpg","contentUrl":"https:\/\/www.institutodeengenharia.org.br\/site\/wp-content\/uploads\/2020\/06\/infra-ferrovi\u00e1ria.jpg","width":1035,"height":646},{"@type":"BreadcrumbList","@id":"https:\/\/www.institutodeengenharia.org.br\/site\/2020\/06\/10\/infraestrutura-ferroviaria-desafios-e-oportunidades-pos-crise\/#breadcrumb","itemListElement":[{"@type":"ListItem","position":1,"name":"In\u00edcio","item":"https:\/\/www.institutodeengenharia.org.br\/site\/"},{"@type":"ListItem","position":2,"name":"Infraestrutura Ferrovi\u00e1ria &#8211; Desafios e Oportunidades p\u00f3s-crise"}]},{"@type":"WebSite","@id":"https:\/\/www.institutodeengenharia.org.br\/site\/#website","url":"https:\/\/www.institutodeengenharia.org.br\/site\/","name":"Instituto de Engenharia","description":"O Instituto de Engenharia promove a Engenharia em benef\u00edcio do desenvolvimento e da qualidade de vida da sociedade.","publisher":{"@id":"https:\/\/www.institutodeengenharia.org.br\/site\/#organization"},"potentialAction":[{"@type":"SearchAction","target":{"@type":"EntryPoint","urlTemplate":"https:\/\/www.institutodeengenharia.org.br\/site\/?s={search_term_string}"},"query-input":{"@type":"PropertyValueSpecification","valueRequired":true,"valueName":"search_term_string"}}],"inLanguage":"pt-BR"},{"@type":"Organization","@id":"https:\/\/www.institutodeengenharia.org.br\/site\/#organization","name":"Instituto de Engenharia","url":"https:\/\/www.institutodeengenharia.org.br\/site\/","logo":{"@type":"ImageObject","inLanguage":"pt-BR","@id":"https:\/\/www.institutodeengenharia.org.br\/site\/#\/schema\/logo\/image\/","url":"https:\/\/www.institutodeengenharia.org.br\/site\/wp-content\/uploads\/2019\/03\/logo-novo-IE2018-1.jpg","contentUrl":"https:\/\/www.institutodeengenharia.org.br\/site\/wp-content\/uploads\/2019\/03\/logo-novo-IE2018-1.jpg","width":1486,"height":1879,"caption":"Instituto de Engenharia"},"image":{"@id":"https:\/\/www.institutodeengenharia.org.br\/site\/#\/schema\/logo\/image\/"},"sameAs":["https:\/\/www.facebook.com\/institutodeengenharia","https:\/\/x.com\/iengenharia","https:\/\/www.instagram.com\/institutodeengenharia\/","https:\/\/www.linkedin.com\/company\/instituto-de-engenharia\/","https:\/\/www.youtube.com\/channel\/UCXiCAlsSMe977vamW915HxA"]},{"@type":"Person","@id":"https:\/\/www.institutodeengenharia.org.br\/site\/#\/schema\/person\/aeb64951c405e100d26d30b033dd423f","name":"Bianca","image":{"@type":"ImageObject","inLanguage":"pt-BR","@id":"https:\/\/secure.gravatar.com\/avatar\/a6fbe9bff57405baf4c1e2c5c1811e072b558253974a9f9508f4678900c97c2a?s=96&d=mm&r=g","url":"https:\/\/secure.gravatar.com\/avatar\/a6fbe9bff57405baf4c1e2c5c1811e072b558253974a9f9508f4678900c97c2a?s=96&d=mm&r=g","contentUrl":"https:\/\/secure.gravatar.com\/avatar\/a6fbe9bff57405baf4c1e2c5c1811e072b558253974a9f9508f4678900c97c2a?s=96&d=mm&r=g","caption":"Bianca"},"url":"https:\/\/www.institutodeengenharia.org.br\/site\/author\/comunicacao1\/"}]}},"_links":{"self":[{"href":"https:\/\/www.institutodeengenharia.org.br\/site\/wp-json\/wp\/v2\/posts\/67008","targetHints":{"allow":["GET"]}}],"collection":[{"href":"https:\/\/www.institutodeengenharia.org.br\/site\/wp-json\/wp\/v2\/posts"}],"about":[{"href":"https:\/\/www.institutodeengenharia.org.br\/site\/wp-json\/wp\/v2\/types\/post"}],"author":[{"embeddable":true,"href":"https:\/\/www.institutodeengenharia.org.br\/site\/wp-json\/wp\/v2\/users\/13"}],"replies":[{"embeddable":true,"href":"https:\/\/www.institutodeengenharia.org.br\/site\/wp-json\/wp\/v2\/comments?post=67008"}],"version-history":[{"count":1,"href":"https:\/\/www.institutodeengenharia.org.br\/site\/wp-json\/wp\/v2\/posts\/67008\/revisions"}],"predecessor-version":[{"id":67009,"href":"https:\/\/www.institutodeengenharia.org.br\/site\/wp-json\/wp\/v2\/posts\/67008\/revisions\/67009"}],"wp:featuredmedia":[{"embeddable":true,"href":"https:\/\/www.institutodeengenharia.org.br\/site\/wp-json\/wp\/v2\/media\/67010"}],"wp:attachment":[{"href":"https:\/\/www.institutodeengenharia.org.br\/site\/wp-json\/wp\/v2\/media?parent=67008"}],"wp:term":[{"taxonomy":"category","embeddable":true,"href":"https:\/\/www.institutodeengenharia.org.br\/site\/wp-json\/wp\/v2\/categories?post=67008"},{"taxonomy":"post_tag","embeddable":true,"href":"https:\/\/www.institutodeengenharia.org.br\/site\/wp-json\/wp\/v2\/tags?post=67008"}],"curies":[{"name":"wp","href":"https:\/\/api.w.org\/{rel}","templated":true}]}}