{"id":65955,"date":"2020-05-25T10:18:06","date_gmt":"2020-05-25T13:18:06","guid":{"rendered":"https:\/\/www.institutodeengenharia.org.br\/site\/?p=65955"},"modified":"2020-05-27T09:25:57","modified_gmt":"2020-05-27T12:25:57","slug":"aplicacao-de-materiais-com-grafeno-um-novo-mundo-nano","status":"publish","type":"post","link":"https:\/\/www.institutodeengenharia.org.br\/site\/2020\/05\/25\/aplicacao-de-materiais-com-grafeno-um-novo-mundo-nano\/","title":{"rendered":"Aplica\u00e7\u00e3o de materiais com Grafeno \u2013 Um novo mundo nano"},"content":{"rendered":"<p>&nbsp;<\/p>\n<p>A palestra<strong>\u00a0Aplica\u00e7\u00e3o de materiais com Grafeno \u2013 Um novo mundo nano\u00a0<\/strong>faz parte da\u00a0<em>S\u00e9rie Webinar: Brasil p\u00f3s-crise<\/em>, uma realiza\u00e7\u00e3o do Instituto de Engenharia.<\/p>\n<p><strong>Assista \u00e0 grava\u00e7\u00e3o do evento:<\/strong><\/p>\n<p><iframe loading=\"lazy\" src=\"https:\/\/player.vimeo.com\/video\/422872777\" width=\"640\" height=\"360\" frameborder=\"0\" allowfullscreen=\"allowfullscreen\"><\/iframe><\/p>\n<p>&nbsp;<\/p>\n<p><strong>Palestrante:<\/strong><\/p>\n<p><img loading=\"lazy\" decoding=\"async\" class=\"wp-image-64965 alignleft td-animation-stack-type0-2\" src=\"https:\/\/www.institutodeengenharia.org.br\/site\/wp-content\/uploads\/2020\/05\/eunezio-antonio.jpg\" alt=\"\" width=\"172\" height=\"175\" srcset=\"https:\/\/www.institutodeengenharia.org.br\/site\/wp-content\/uploads\/2020\/05\/eunezio-antonio.jpg 501w, https:\/\/www.institutodeengenharia.org.br\/site\/wp-content\/uploads\/2020\/05\/eunezio-antonio-294x300.jpg 294w, https:\/\/www.institutodeengenharia.org.br\/site\/wp-content\/uploads\/2020\/05\/eunezio-antonio-356x364.jpg 356w, https:\/\/www.institutodeengenharia.org.br\/site\/wp-content\/uploads\/2020\/05\/eunezio-antonio-412x420.jpg 412w\" sizes=\"auto, (max-width: 172px) 100vw, 172px\" \/><\/p>\n<p><strong>Eunezio Antonio de Souza \u201cTHOROH\u201d<\/strong><\/p>\n<p>Possui gradua\u00e7\u00e3o em F\u00edsica, doutorado no Instituto de F\u00edsica Gleb Wataghin da Universidade Estadual de Campinas, foi pesquisador visitante da AT&amp;T Bell Laboratories, trabalhou no departamento de dispositivos optoeletr\u00f4nicos avan\u00e7ados da AT&amp;T e foi coordenador de p\u00f3s-gradua\u00e7\u00e3o e professor do Instituto de F\u00edsica da Universidade de Bras\u00edlia (UnB). Atualmente \u00e9 professor titular da Universidade Presbiteriana Mackenzie e idealizador do MackGraphe (Centro de Pesquisas Avan\u00e7adas em Grafeno Nano-materiais e Nanotecnologias). \u00c9 conselheiro do CGIA (China Innovation Alliance of the Graphene Industry), membro do International Committee do RIDC (Research, Innovation and Dissemination Centers) da Fapesp, do Scientific Advisory Board do Quanta-Lab (INL \u2013 International Iberian Nanotechnology Laboratory e Universidade do Minho), do Comit\u00ea de Inova\u00e7\u00e3o do CPqD, do CCFOTO (Comit\u00ea Consultivo de Fot\u00f4nica do MCTIC), membro da OSA (Optical Society of Am\u00e9rica), do IEEE Photonics Society, da SBF (Sociedade Brasileira de F\u00edsica) e da SBMO (Sociedade Brasileira de Microondas e Optoeletr\u00f4nia). Atua na \u00e1rea de Fot\u00f4nica em dispositivos avan\u00e7ados baseados em materiais bi-dimensionais, como o grafeno.<\/p>\n","protected":false},"excerpt":{"rendered":"<p>&nbsp; A palestra\u00a0Aplica\u00e7\u00e3o de materiais com Grafeno \u2013 Um novo mundo nano\u00a0faz parte da\u00a0S\u00e9rie Webinar: Brasil p\u00f3s-crise, uma realiza\u00e7\u00e3o do Instituto de Engenharia. Assista \u00e0 grava\u00e7\u00e3o do evento: &nbsp; Palestrante: Eunezio Antonio de Souza \u201cTHOROH\u201d Possui gradua\u00e7\u00e3o em F\u00edsica, doutorado no Instituto de F\u00edsica Gleb Wataghin da Universidade Estadual de Campinas, foi pesquisador visitante da [&hellip;]<\/p>\n","protected":false},"author":13,"featured_media":65957,"comment_status":"open","ping_status":"open","sticky":false,"template":"","format":"standard","meta":{"footnotes":""},"categories":[968,969],"tags":[],"class_list":{"0":"post-65955","1":"post","2":"type-post","3":"status-publish","4":"format-standard","5":"has-post-thumbnail","7":"category-nova-tv-engenharia","8":"category-palestra"},"yoast_head":"<!-- This site is optimized with the Yoast SEO plugin v27.2 - https:\/\/yoast.com\/product\/yoast-seo-wordpress\/ -->\n<title>Aplica\u00e7\u00e3o de materiais com Grafeno \u2013 Um novo mundo nano - Instituto de Engenharia<\/title>\n<meta name=\"robots\" content=\"index, follow, max-snippet:-1, max-image-preview:large, max-video-preview:-1\" \/>\n<link rel=\"canonical\" href=\"https:\/\/www.institutodeengenharia.org.br\/site\/2020\/05\/25\/aplicacao-de-materiais-com-grafeno-um-novo-mundo-nano\/\" \/>\n<meta property=\"og:locale\" content=\"pt_BR\" \/>\n<meta property=\"og:type\" content=\"article\" \/>\n<meta property=\"og:title\" content=\"Aplica\u00e7\u00e3o de materiais com Grafeno \u2013 Um novo mundo nano - Instituto de Engenharia\" \/>\n<meta property=\"og:description\" content=\"&nbsp; A palestra\u00a0Aplica\u00e7\u00e3o de materiais com Grafeno \u2013 Um novo mundo nano\u00a0faz parte da\u00a0S\u00e9rie Webinar: Brasil p\u00f3s-crise, uma realiza\u00e7\u00e3o do Instituto de Engenharia. Assista \u00e0 grava\u00e7\u00e3o do evento: &nbsp; Palestrante: Eunezio Antonio de Souza \u201cTHOROH\u201d Possui gradua\u00e7\u00e3o em F\u00edsica, doutorado no Instituto de F\u00edsica Gleb Wataghin da Universidade Estadual de Campinas, foi pesquisador visitante da [&hellip;]\" \/>\n<meta property=\"og:url\" content=\"https:\/\/www.institutodeengenharia.org.br\/site\/2020\/05\/25\/aplicacao-de-materiais-com-grafeno-um-novo-mundo-nano\/\" \/>\n<meta property=\"og:site_name\" content=\"Instituto de Engenharia\" \/>\n<meta property=\"article:publisher\" content=\"https:\/\/www.facebook.com\/institutodeengenharia\" \/>\n<meta property=\"article:published_time\" content=\"2020-05-25T13:18:06+00:00\" \/>\n<meta property=\"article:modified_time\" content=\"2020-05-27T12:25:57+00:00\" \/>\n<meta property=\"og:image\" content=\"https:\/\/www.institutodeengenharia.org.br\/site\/wp-content\/uploads\/2020\/05\/grafeno_.jpg\" \/>\n\t<meta property=\"og:image:width\" content=\"1034\" \/>\n\t<meta property=\"og:image:height\" content=\"646\" \/>\n\t<meta property=\"og:image:type\" content=\"image\/jpeg\" \/>\n<meta name=\"author\" content=\"Bianca\" \/>\n<meta name=\"twitter:card\" content=\"summary_large_image\" \/>\n<meta name=\"twitter:creator\" content=\"@iengenharia\" \/>\n<meta name=\"twitter:site\" content=\"@iengenharia\" \/>\n<meta name=\"twitter:label1\" content=\"Escrito por\" \/>\n\t<meta name=\"twitter:data1\" content=\"Bianca\" \/>\n\t<meta name=\"twitter:label2\" content=\"Est. tempo de leitura\" \/>\n\t<meta name=\"twitter:data2\" content=\"1 minuto\" \/>\n<script type=\"application\/ld+json\" class=\"yoast-schema-graph\">{\"@context\":\"https:\/\/schema.org\",\"@graph\":[{\"@type\":\"Article\",\"@id\":\"https:\/\/www.institutodeengenharia.org.br\/site\/2020\/05\/25\/aplicacao-de-materiais-com-grafeno-um-novo-mundo-nano\/#article\",\"isPartOf\":{\"@id\":\"https:\/\/www.institutodeengenharia.org.br\/site\/2020\/05\/25\/aplicacao-de-materiais-com-grafeno-um-novo-mundo-nano\/\"},\"author\":{\"name\":\"Bianca\",\"@id\":\"https:\/\/www.institutodeengenharia.org.br\/site\/#\/schema\/person\/aeb64951c405e100d26d30b033dd423f\"},\"headline\":\"Aplica\u00e7\u00e3o de materiais com Grafeno \u2013 Um novo mundo nano\",\"datePublished\":\"2020-05-25T13:18:06+00:00\",\"dateModified\":\"2020-05-27T12:25:57+00:00\",\"mainEntityOfPage\":{\"@id\":\"https:\/\/www.institutodeengenharia.org.br\/site\/2020\/05\/25\/aplicacao-de-materiais-com-grafeno-um-novo-mundo-nano\/\"},\"wordCount\":233,\"commentCount\":0,\"publisher\":{\"@id\":\"https:\/\/www.institutodeengenharia.org.br\/site\/#organization\"},\"image\":{\"@id\":\"https:\/\/www.institutodeengenharia.org.br\/site\/2020\/05\/25\/aplicacao-de-materiais-com-grafeno-um-novo-mundo-nano\/#primaryimage\"},\"thumbnailUrl\":\"https:\/\/www.institutodeengenharia.org.br\/site\/wp-content\/uploads\/2020\/05\/grafeno_.jpg\",\"articleSection\":[\"Nova TV Engenharia\",\"Palestra\"],\"inLanguage\":\"pt-BR\",\"potentialAction\":[{\"@type\":\"CommentAction\",\"name\":\"Comment\",\"target\":[\"https:\/\/www.institutodeengenharia.org.br\/site\/2020\/05\/25\/aplicacao-de-materiais-com-grafeno-um-novo-mundo-nano\/#respond\"]}]},{\"@type\":\"WebPage\",\"@id\":\"https:\/\/www.institutodeengenharia.org.br\/site\/2020\/05\/25\/aplicacao-de-materiais-com-grafeno-um-novo-mundo-nano\/\",\"url\":\"https:\/\/www.institutodeengenharia.org.br\/site\/2020\/05\/25\/aplicacao-de-materiais-com-grafeno-um-novo-mundo-nano\/\",\"name\":\"Aplica\u00e7\u00e3o de materiais com Grafeno \u2013 Um novo mundo nano - Instituto de Engenharia\",\"isPartOf\":{\"@id\":\"https:\/\/www.institutodeengenharia.org.br\/site\/#website\"},\"primaryImageOfPage\":{\"@id\":\"https:\/\/www.institutodeengenharia.org.br\/site\/2020\/05\/25\/aplicacao-de-materiais-com-grafeno-um-novo-mundo-nano\/#primaryimage\"},\"image\":{\"@id\":\"https:\/\/www.institutodeengenharia.org.br\/site\/2020\/05\/25\/aplicacao-de-materiais-com-grafeno-um-novo-mundo-nano\/#primaryimage\"},\"thumbnailUrl\":\"https:\/\/www.institutodeengenharia.org.br\/site\/wp-content\/uploads\/2020\/05\/grafeno_.jpg\",\"datePublished\":\"2020-05-25T13:18:06+00:00\",\"dateModified\":\"2020-05-27T12:25:57+00:00\",\"breadcrumb\":{\"@id\":\"https:\/\/www.institutodeengenharia.org.br\/site\/2020\/05\/25\/aplicacao-de-materiais-com-grafeno-um-novo-mundo-nano\/#breadcrumb\"},\"inLanguage\":\"pt-BR\",\"potentialAction\":[{\"@type\":\"ReadAction\",\"target\":[\"https:\/\/www.institutodeengenharia.org.br\/site\/2020\/05\/25\/aplicacao-de-materiais-com-grafeno-um-novo-mundo-nano\/\"]}]},{\"@type\":\"ImageObject\",\"inLanguage\":\"pt-BR\",\"@id\":\"https:\/\/www.institutodeengenharia.org.br\/site\/2020\/05\/25\/aplicacao-de-materiais-com-grafeno-um-novo-mundo-nano\/#primaryimage\",\"url\":\"https:\/\/www.institutodeengenharia.org.br\/site\/wp-content\/uploads\/2020\/05\/grafeno_.jpg\",\"contentUrl\":\"https:\/\/www.institutodeengenharia.org.br\/site\/wp-content\/uploads\/2020\/05\/grafeno_.jpg\",\"width\":1034,\"height\":646},{\"@type\":\"BreadcrumbList\",\"@id\":\"https:\/\/www.institutodeengenharia.org.br\/site\/2020\/05\/25\/aplicacao-de-materiais-com-grafeno-um-novo-mundo-nano\/#breadcrumb\",\"itemListElement\":[{\"@type\":\"ListItem\",\"position\":1,\"name\":\"In\u00edcio\",\"item\":\"https:\/\/www.institutodeengenharia.org.br\/site\/\"},{\"@type\":\"ListItem\",\"position\":2,\"name\":\"Aplica\u00e7\u00e3o de materiais com Grafeno \u2013 Um novo mundo nano\"}]},{\"@type\":\"WebSite\",\"@id\":\"https:\/\/www.institutodeengenharia.org.br\/site\/#website\",\"url\":\"https:\/\/www.institutodeengenharia.org.br\/site\/\",\"name\":\"Instituto de Engenharia\",\"description\":\"O Instituto de Engenharia promove a Engenharia em benef\u00edcio do desenvolvimento e da qualidade de vida da sociedade.\",\"publisher\":{\"@id\":\"https:\/\/www.institutodeengenharia.org.br\/site\/#organization\"},\"potentialAction\":[{\"@type\":\"SearchAction\",\"target\":{\"@type\":\"EntryPoint\",\"urlTemplate\":\"https:\/\/www.institutodeengenharia.org.br\/site\/?s={search_term_string}\"},\"query-input\":{\"@type\":\"PropertyValueSpecification\",\"valueRequired\":true,\"valueName\":\"search_term_string\"}}],\"inLanguage\":\"pt-BR\"},{\"@type\":\"Organization\",\"@id\":\"https:\/\/www.institutodeengenharia.org.br\/site\/#organization\",\"name\":\"Instituto de Engenharia\",\"url\":\"https:\/\/www.institutodeengenharia.org.br\/site\/\",\"logo\":{\"@type\":\"ImageObject\",\"inLanguage\":\"pt-BR\",\"@id\":\"https:\/\/www.institutodeengenharia.org.br\/site\/#\/schema\/logo\/image\/\",\"url\":\"https:\/\/www.institutodeengenharia.org.br\/site\/wp-content\/uploads\/2019\/03\/logo-novo-IE2018-1.jpg\",\"contentUrl\":\"https:\/\/www.institutodeengenharia.org.br\/site\/wp-content\/uploads\/2019\/03\/logo-novo-IE2018-1.jpg\",\"width\":1486,\"height\":1879,\"caption\":\"Instituto de Engenharia\"},\"image\":{\"@id\":\"https:\/\/www.institutodeengenharia.org.br\/site\/#\/schema\/logo\/image\/\"},\"sameAs\":[\"https:\/\/www.facebook.com\/institutodeengenharia\",\"https:\/\/x.com\/iengenharia\",\"https:\/\/www.instagram.com\/institutodeengenharia\/\",\"https:\/\/www.linkedin.com\/company\/instituto-de-engenharia\/\",\"https:\/\/www.youtube.com\/channel\/UCXiCAlsSMe977vamW915HxA\"]},{\"@type\":\"Person\",\"@id\":\"https:\/\/www.institutodeengenharia.org.br\/site\/#\/schema\/person\/aeb64951c405e100d26d30b033dd423f\",\"name\":\"Bianca\",\"image\":{\"@type\":\"ImageObject\",\"inLanguage\":\"pt-BR\",\"@id\":\"https:\/\/secure.gravatar.com\/avatar\/a6fbe9bff57405baf4c1e2c5c1811e072b558253974a9f9508f4678900c97c2a?s=96&d=mm&r=g\",\"url\":\"https:\/\/secure.gravatar.com\/avatar\/a6fbe9bff57405baf4c1e2c5c1811e072b558253974a9f9508f4678900c97c2a?s=96&d=mm&r=g\",\"contentUrl\":\"https:\/\/secure.gravatar.com\/avatar\/a6fbe9bff57405baf4c1e2c5c1811e072b558253974a9f9508f4678900c97c2a?s=96&d=mm&r=g\",\"caption\":\"Bianca\"},\"url\":\"https:\/\/www.institutodeengenharia.org.br\/site\/author\/comunicacao1\/\"}]}<\/script>\n<!-- \/ Yoast SEO plugin. -->","yoast_head_json":{"title":"Aplica\u00e7\u00e3o de materiais com Grafeno \u2013 Um novo mundo nano - Instituto de Engenharia","robots":{"index":"index","follow":"follow","max-snippet":"max-snippet:-1","max-image-preview":"max-image-preview:large","max-video-preview":"max-video-preview:-1"},"canonical":"https:\/\/www.institutodeengenharia.org.br\/site\/2020\/05\/25\/aplicacao-de-materiais-com-grafeno-um-novo-mundo-nano\/","og_locale":"pt_BR","og_type":"article","og_title":"Aplica\u00e7\u00e3o de materiais com Grafeno \u2013 Um novo mundo nano - Instituto de Engenharia","og_description":"&nbsp; A palestra\u00a0Aplica\u00e7\u00e3o de materiais com Grafeno \u2013 Um novo mundo nano\u00a0faz parte da\u00a0S\u00e9rie Webinar: Brasil p\u00f3s-crise, uma realiza\u00e7\u00e3o do Instituto de Engenharia. Assista \u00e0 grava\u00e7\u00e3o do evento: &nbsp; Palestrante: Eunezio Antonio de Souza \u201cTHOROH\u201d Possui gradua\u00e7\u00e3o em F\u00edsica, doutorado no Instituto de F\u00edsica Gleb Wataghin da Universidade Estadual de Campinas, foi pesquisador visitante da [&hellip;]","og_url":"https:\/\/www.institutodeengenharia.org.br\/site\/2020\/05\/25\/aplicacao-de-materiais-com-grafeno-um-novo-mundo-nano\/","og_site_name":"Instituto de Engenharia","article_publisher":"https:\/\/www.facebook.com\/institutodeengenharia","article_published_time":"2020-05-25T13:18:06+00:00","article_modified_time":"2020-05-27T12:25:57+00:00","og_image":[{"width":1034,"height":646,"url":"https:\/\/www.institutodeengenharia.org.br\/site\/wp-content\/uploads\/2020\/05\/grafeno_.jpg","type":"image\/jpeg"}],"author":"Bianca","twitter_card":"summary_large_image","twitter_creator":"@iengenharia","twitter_site":"@iengenharia","twitter_misc":{"Escrito por":"Bianca","Est. tempo de leitura":"1 minuto"},"schema":{"@context":"https:\/\/schema.org","@graph":[{"@type":"Article","@id":"https:\/\/www.institutodeengenharia.org.br\/site\/2020\/05\/25\/aplicacao-de-materiais-com-grafeno-um-novo-mundo-nano\/#article","isPartOf":{"@id":"https:\/\/www.institutodeengenharia.org.br\/site\/2020\/05\/25\/aplicacao-de-materiais-com-grafeno-um-novo-mundo-nano\/"},"author":{"name":"Bianca","@id":"https:\/\/www.institutodeengenharia.org.br\/site\/#\/schema\/person\/aeb64951c405e100d26d30b033dd423f"},"headline":"Aplica\u00e7\u00e3o de materiais com Grafeno \u2013 Um novo mundo nano","datePublished":"2020-05-25T13:18:06+00:00","dateModified":"2020-05-27T12:25:57+00:00","mainEntityOfPage":{"@id":"https:\/\/www.institutodeengenharia.org.br\/site\/2020\/05\/25\/aplicacao-de-materiais-com-grafeno-um-novo-mundo-nano\/"},"wordCount":233,"commentCount":0,"publisher":{"@id":"https:\/\/www.institutodeengenharia.org.br\/site\/#organization"},"image":{"@id":"https:\/\/www.institutodeengenharia.org.br\/site\/2020\/05\/25\/aplicacao-de-materiais-com-grafeno-um-novo-mundo-nano\/#primaryimage"},"thumbnailUrl":"https:\/\/www.institutodeengenharia.org.br\/site\/wp-content\/uploads\/2020\/05\/grafeno_.jpg","articleSection":["Nova TV Engenharia","Palestra"],"inLanguage":"pt-BR","potentialAction":[{"@type":"CommentAction","name":"Comment","target":["https:\/\/www.institutodeengenharia.org.br\/site\/2020\/05\/25\/aplicacao-de-materiais-com-grafeno-um-novo-mundo-nano\/#respond"]}]},{"@type":"WebPage","@id":"https:\/\/www.institutodeengenharia.org.br\/site\/2020\/05\/25\/aplicacao-de-materiais-com-grafeno-um-novo-mundo-nano\/","url":"https:\/\/www.institutodeengenharia.org.br\/site\/2020\/05\/25\/aplicacao-de-materiais-com-grafeno-um-novo-mundo-nano\/","name":"Aplica\u00e7\u00e3o de materiais com Grafeno \u2013 Um novo mundo nano - Instituto de Engenharia","isPartOf":{"@id":"https:\/\/www.institutodeengenharia.org.br\/site\/#website"},"primaryImageOfPage":{"@id":"https:\/\/www.institutodeengenharia.org.br\/site\/2020\/05\/25\/aplicacao-de-materiais-com-grafeno-um-novo-mundo-nano\/#primaryimage"},"image":{"@id":"https:\/\/www.institutodeengenharia.org.br\/site\/2020\/05\/25\/aplicacao-de-materiais-com-grafeno-um-novo-mundo-nano\/#primaryimage"},"thumbnailUrl":"https:\/\/www.institutodeengenharia.org.br\/site\/wp-content\/uploads\/2020\/05\/grafeno_.jpg","datePublished":"2020-05-25T13:18:06+00:00","dateModified":"2020-05-27T12:25:57+00:00","breadcrumb":{"@id":"https:\/\/www.institutodeengenharia.org.br\/site\/2020\/05\/25\/aplicacao-de-materiais-com-grafeno-um-novo-mundo-nano\/#breadcrumb"},"inLanguage":"pt-BR","potentialAction":[{"@type":"ReadAction","target":["https:\/\/www.institutodeengenharia.org.br\/site\/2020\/05\/25\/aplicacao-de-materiais-com-grafeno-um-novo-mundo-nano\/"]}]},{"@type":"ImageObject","inLanguage":"pt-BR","@id":"https:\/\/www.institutodeengenharia.org.br\/site\/2020\/05\/25\/aplicacao-de-materiais-com-grafeno-um-novo-mundo-nano\/#primaryimage","url":"https:\/\/www.institutodeengenharia.org.br\/site\/wp-content\/uploads\/2020\/05\/grafeno_.jpg","contentUrl":"https:\/\/www.institutodeengenharia.org.br\/site\/wp-content\/uploads\/2020\/05\/grafeno_.jpg","width":1034,"height":646},{"@type":"BreadcrumbList","@id":"https:\/\/www.institutodeengenharia.org.br\/site\/2020\/05\/25\/aplicacao-de-materiais-com-grafeno-um-novo-mundo-nano\/#breadcrumb","itemListElement":[{"@type":"ListItem","position":1,"name":"In\u00edcio","item":"https:\/\/www.institutodeengenharia.org.br\/site\/"},{"@type":"ListItem","position":2,"name":"Aplica\u00e7\u00e3o de materiais com Grafeno \u2013 Um novo mundo nano"}]},{"@type":"WebSite","@id":"https:\/\/www.institutodeengenharia.org.br\/site\/#website","url":"https:\/\/www.institutodeengenharia.org.br\/site\/","name":"Instituto de Engenharia","description":"O Instituto de Engenharia promove a Engenharia em benef\u00edcio do desenvolvimento e da qualidade de vida da sociedade.","publisher":{"@id":"https:\/\/www.institutodeengenharia.org.br\/site\/#organization"},"potentialAction":[{"@type":"SearchAction","target":{"@type":"EntryPoint","urlTemplate":"https:\/\/www.institutodeengenharia.org.br\/site\/?s={search_term_string}"},"query-input":{"@type":"PropertyValueSpecification","valueRequired":true,"valueName":"search_term_string"}}],"inLanguage":"pt-BR"},{"@type":"Organization","@id":"https:\/\/www.institutodeengenharia.org.br\/site\/#organization","name":"Instituto de Engenharia","url":"https:\/\/www.institutodeengenharia.org.br\/site\/","logo":{"@type":"ImageObject","inLanguage":"pt-BR","@id":"https:\/\/www.institutodeengenharia.org.br\/site\/#\/schema\/logo\/image\/","url":"https:\/\/www.institutodeengenharia.org.br\/site\/wp-content\/uploads\/2019\/03\/logo-novo-IE2018-1.jpg","contentUrl":"https:\/\/www.institutodeengenharia.org.br\/site\/wp-content\/uploads\/2019\/03\/logo-novo-IE2018-1.jpg","width":1486,"height":1879,"caption":"Instituto de Engenharia"},"image":{"@id":"https:\/\/www.institutodeengenharia.org.br\/site\/#\/schema\/logo\/image\/"},"sameAs":["https:\/\/www.facebook.com\/institutodeengenharia","https:\/\/x.com\/iengenharia","https:\/\/www.instagram.com\/institutodeengenharia\/","https:\/\/www.linkedin.com\/company\/instituto-de-engenharia\/","https:\/\/www.youtube.com\/channel\/UCXiCAlsSMe977vamW915HxA"]},{"@type":"Person","@id":"https:\/\/www.institutodeengenharia.org.br\/site\/#\/schema\/person\/aeb64951c405e100d26d30b033dd423f","name":"Bianca","image":{"@type":"ImageObject","inLanguage":"pt-BR","@id":"https:\/\/secure.gravatar.com\/avatar\/a6fbe9bff57405baf4c1e2c5c1811e072b558253974a9f9508f4678900c97c2a?s=96&d=mm&r=g","url":"https:\/\/secure.gravatar.com\/avatar\/a6fbe9bff57405baf4c1e2c5c1811e072b558253974a9f9508f4678900c97c2a?s=96&d=mm&r=g","contentUrl":"https:\/\/secure.gravatar.com\/avatar\/a6fbe9bff57405baf4c1e2c5c1811e072b558253974a9f9508f4678900c97c2a?s=96&d=mm&r=g","caption":"Bianca"},"url":"https:\/\/www.institutodeengenharia.org.br\/site\/author\/comunicacao1\/"}]}},"_links":{"self":[{"href":"https:\/\/www.institutodeengenharia.org.br\/site\/wp-json\/wp\/v2\/posts\/65955","targetHints":{"allow":["GET"]}}],"collection":[{"href":"https:\/\/www.institutodeengenharia.org.br\/site\/wp-json\/wp\/v2\/posts"}],"about":[{"href":"https:\/\/www.institutodeengenharia.org.br\/site\/wp-json\/wp\/v2\/types\/post"}],"author":[{"embeddable":true,"href":"https:\/\/www.institutodeengenharia.org.br\/site\/wp-json\/wp\/v2\/users\/13"}],"replies":[{"embeddable":true,"href":"https:\/\/www.institutodeengenharia.org.br\/site\/wp-json\/wp\/v2\/comments?post=65955"}],"version-history":[{"count":1,"href":"https:\/\/www.institutodeengenharia.org.br\/site\/wp-json\/wp\/v2\/posts\/65955\/revisions"}],"predecessor-version":[{"id":65958,"href":"https:\/\/www.institutodeengenharia.org.br\/site\/wp-json\/wp\/v2\/posts\/65955\/revisions\/65958"}],"wp:featuredmedia":[{"embeddable":true,"href":"https:\/\/www.institutodeengenharia.org.br\/site\/wp-json\/wp\/v2\/media\/65957"}],"wp:attachment":[{"href":"https:\/\/www.institutodeengenharia.org.br\/site\/wp-json\/wp\/v2\/media?parent=65955"}],"wp:term":[{"taxonomy":"category","embeddable":true,"href":"https:\/\/www.institutodeengenharia.org.br\/site\/wp-json\/wp\/v2\/categories?post=65955"},{"taxonomy":"post_tag","embeddable":true,"href":"https:\/\/www.institutodeengenharia.org.br\/site\/wp-json\/wp\/v2\/tags?post=65955"}],"curies":[{"name":"wp","href":"https:\/\/api.w.org\/{rel}","templated":true}]}}