{"id":65920,"date":"2020-04-23T15:19:46","date_gmt":"2020-04-23T18:19:46","guid":{"rendered":"https:\/\/www.institutodeengenharia.org.br\/site\/?p=65920"},"modified":"2023-01-09T12:05:44","modified_gmt":"2023-01-09T15:05:44","slug":"material-tecnico-contaminacoes-possiveis-por-agentes-patogenicos-em-edificacoes-atraves-de-ar-condicionado-e-outros-meios","status":"publish","type":"post","link":"https:\/\/www.institutodeengenharia.org.br\/site\/2020\/04\/23\/material-tecnico-contaminacoes-possiveis-por-agentes-patogenicos-em-edificacoes-atraves-de-ar-condicionado-e-outros-meios\/","title":{"rendered":"Material T\u00e9cnico &#8211; Contamina\u00e7\u00f5es poss\u00edveis por agentes patog\u00eanicos em edifica\u00e7\u00f5es atrav\u00e9s de ar condicionado e outros meios"},"content":{"rendered":"<p>&nbsp;<\/p>\n<p><strong>Confira abaixo os materiais t\u00e9cnicos:<\/strong><\/p>\n<p><a href=\"https:\/\/www.institutodeengenharia.org.br\/site\/wp-content\/uploads\/2020\/05\/200423-23dt.Sustent\u00e1vel.pdf\" target=\"_blank\" rel=\"noopener\">Recomenda\u00e7\u00f5es para a Gest\u00e3o de Res\u00edduos em Situa\u00e7\u00e3o de Pandemia por coronav\u00edrus (Covid-19)<\/a><\/p>\n<p><a href=\"https:\/\/www.institutodeengenharia.org.br\/site\/wp-content\/uploads\/2020\/05\/200423-23dt.Sustent\u00e1vel-1.pdf\" target=\"_blank\" rel=\"noopener\">Res\u00edduos gerados nos estabelecimentos de Servi\u00e7o de Sa\u00fade e nas Resid\u00eancias de pessoas em isolamento domiciliar por suspeita ou confirma\u00e7\u00e3o de contamina\u00e7\u00e3o com o coronav\u00edrus (Covid-19)<\/a><\/p>\n<p><a href=\"https:\/\/www.institutodeengenharia.org.br\/site\/wp-content\/uploads\/2020\/05\/200423-23dt.Sustent\u00e1vel-2.pdf\" target=\"_blank\" rel=\"noopener\">Semin\u00e1rio: Tratamento de Ar e \u00c1gua para Sistemas de Ar Condicionado e Refrigerado<\/a><\/p>\n<p>&nbsp;<\/p>\n<p>&nbsp;<\/p>\n<p><strong>Apoio Institucional:<\/strong><\/p>\n<p><img loading=\"lazy\" decoding=\"async\" class=\"wp-image-29914 alignleft td-animation-stack-type0-2\" src=\"https:\/\/www.institutodeengenharia.org.br\/site\/wp-content\/uploads\/2018\/02\/CREA-SP_vertical.jpg\" alt=\"\" width=\"113\" height=\"79\" srcset=\"https:\/\/www.institutodeengenharia.org.br\/site\/wp-content\/uploads\/2018\/02\/CREA-SP_vertical.jpg 150w, https:\/\/www.institutodeengenharia.org.br\/site\/wp-content\/uploads\/2018\/02\/CREA-SP_vertical-100x70.jpg 100w\" sizes=\"auto, (max-width: 113px) 100vw, 113px\" \/><img loading=\"lazy\" decoding=\"async\" class=\"alignleft td-animation-stack-type0-2\" src=\"https:\/\/i2.wp.com\/abes-dn.org.br\/wp-content\/uploads\/2016\/02\/cropped-logo.png?fit=240%2C240\" alt=\"ABES \u2013 Associa\u00e7\u00e3o Brasileira de Engenharia Sanit\u00e1ria e Ambiental\" width=\"77\" height=\"77\" \/><img loading=\"lazy\" decoding=\"async\" class=\"alignleft td-animation-stack-type0-2\" src=\"https:\/\/cranebrasil.com.br\/wp-content\/uploads\/2015\/10\/abemiLOGO.jpg\" alt=\"ABEMI PROMOVE SEMIN\u00c1RIO ANTICORRUP\u00c7\u00c3O - Crane Brasil\" width=\"221\" height=\"57\" \/><img loading=\"lazy\" decoding=\"async\" class=\"alignleft td-animation-stack-type0-2\" src=\"https:\/\/www.aecweb.com.br\/tematico\/img_associacao\/abrava_logo.jpg\" alt=\"AECweb | ABRAVA - Associa\u00e7\u00e3o Brasileira de Refrigera\u00e7\u00e3o Ar ...\" width=\"153\" height=\"86\" \/><img loading=\"lazy\" decoding=\"async\" class=\"alignleft td-animation-stack-type0-2\" src=\"https:\/\/gi-upload-production.s3.amazonaws.com\/uploads\/hotsite\/v2\/photos_photo\/1519783722_c88836d5-75fd-42a0-94eb-89c319bcb037.png\" alt=\"Portal Cursos - Planejamento e Controle de Obras | e-inscri\u00e7\u00e3o\" width=\"196\" height=\"63\" \/><\/p>\n<p>&nbsp;<\/p>\n<p>&nbsp;<\/p>\n<p>&nbsp;<\/p>\n<p>&nbsp;<\/p>\n<p>&nbsp;<\/p>\n<p><strong>Realiza\u00e7\u00e3o:<\/strong><\/p>\n<p><strong>Eng. Jer\u00f4nimo Cabral Pereira Fagundes Neto<\/strong>\u00a0\u2013 Vice-presidente de Atividades T\u00e9cnicas<br \/>\n<strong>Eng. Roberto Kochen<\/strong>\u00a0\u2013 Diretor do Departamento de Engenharia do Habitat e Infraestrutura<br \/>\n<strong>Eng. Jos\u00e9 Manoel de O. Reis<\/strong>\u00a0\u2013 Coordenador da DT. de Constru\u00e7\u00e3o Sustent\u00e1vel e Meio\u00a0Ambiente<br \/>\n<strong>Eng. Henrique Dias de Faria<\/strong>\u00a0\u2013 Secret\u00e1rio da DT. de Constru\u00e7\u00e3o Sustent\u00e1vel e Meio Ambiente<br \/>\n<strong>Eng. Jefferson D. Teixeira da Costa<\/strong>\u00a0\u2013 Coordenador da DT. de Seguran\u00e7a no Trabalho<br \/>\n<strong>Eng\u00aa. Paula Fernanda M. A. Rodrigues<\/strong>\u00a0\u2013 Coordenadora da DT. de Engenharia Sanit\u00e1ria, Recursos H\u00eddricos e Biotecnologia<\/p>\n","protected":false},"excerpt":{"rendered":"<p>&nbsp; Confira abaixo os materiais t\u00e9cnicos: Recomenda\u00e7\u00f5es para a Gest\u00e3o de Res\u00edduos em Situa\u00e7\u00e3o de Pandemia por coronav\u00edrus (Covid-19) Res\u00edduos gerados nos estabelecimentos de Servi\u00e7o de Sa\u00fade e nas Resid\u00eancias de pessoas em isolamento domiciliar por suspeita ou confirma\u00e7\u00e3o de contamina\u00e7\u00e3o com o coronav\u00edrus (Covid-19) Semin\u00e1rio: Tratamento de Ar e \u00c1gua para Sistemas de Ar [&hellip;]<\/p>\n","protected":false},"author":13,"featured_media":62496,"comment_status":"open","ping_status":"open","sticky":false,"template":"","format":"standard","meta":{"footnotes":""},"categories":[15,75,78,74,119],"tags":[1475],"class_list":{"0":"post-65920","1":"post","2":"type-post","3":"status-publish","4":"format-standard","5":"has-post-thumbnail","7":"category-departamento-desenvolvimento-de-projetos-e-servicos-de-infraestrutura","8":"category-divisao-tecnica-aguas-e-saneamento","9":"category-divisao-de-seguranca-no-trabalho","10":"category-divisao-tecnica-meio-ambiente-e-sustentabilidade","11":"category-publicacoes-tecnicas","12":"tag-covid"},"yoast_head":"<!-- This site is optimized with the Yoast SEO plugin v27.2 - https:\/\/yoast.com\/product\/yoast-seo-wordpress\/ -->\n<title>Material T\u00e9cnico - Contamina\u00e7\u00f5es poss\u00edveis por agentes patog\u00eanicos em edifica\u00e7\u00f5es atrav\u00e9s de ar condicionado e outros meios - Instituto de Engenharia<\/title>\n<meta name=\"robots\" content=\"index, follow, max-snippet:-1, max-image-preview:large, max-video-preview:-1\" \/>\n<link rel=\"canonical\" href=\"https:\/\/www.institutodeengenharia.org.br\/site\/2020\/04\/23\/material-tecnico-contaminacoes-possiveis-por-agentes-patogenicos-em-edificacoes-atraves-de-ar-condicionado-e-outros-meios\/\" \/>\n<meta property=\"og:locale\" content=\"pt_BR\" \/>\n<meta property=\"og:type\" content=\"article\" \/>\n<meta property=\"og:title\" content=\"Material T\u00e9cnico - Contamina\u00e7\u00f5es poss\u00edveis por agentes patog\u00eanicos em edifica\u00e7\u00f5es atrav\u00e9s de ar condicionado e outros meios - Instituto de Engenharia\" \/>\n<meta property=\"og:description\" content=\"&nbsp; Confira abaixo os materiais t\u00e9cnicos: Recomenda\u00e7\u00f5es para a Gest\u00e3o de Res\u00edduos em Situa\u00e7\u00e3o de Pandemia por coronav\u00edrus (Covid-19) Res\u00edduos gerados nos estabelecimentos de Servi\u00e7o de Sa\u00fade e nas Resid\u00eancias de pessoas em isolamento domiciliar por suspeita ou confirma\u00e7\u00e3o de contamina\u00e7\u00e3o com o coronav\u00edrus (Covid-19) Semin\u00e1rio: Tratamento de Ar e \u00c1gua para Sistemas de Ar [&hellip;]\" \/>\n<meta property=\"og:url\" content=\"https:\/\/www.institutodeengenharia.org.br\/site\/2020\/04\/23\/material-tecnico-contaminacoes-possiveis-por-agentes-patogenicos-em-edificacoes-atraves-de-ar-condicionado-e-outros-meios\/\" \/>\n<meta property=\"og:site_name\" content=\"Instituto de Engenharia\" \/>\n<meta property=\"article:publisher\" content=\"https:\/\/www.facebook.com\/institutodeengenharia\" \/>\n<meta property=\"article:published_time\" content=\"2020-04-23T18:19:46+00:00\" \/>\n<meta property=\"article:modified_time\" content=\"2023-01-09T15:05:44+00:00\" \/>\n<meta property=\"og:image\" content=\"https:\/\/www.institutodeengenharia.org.br\/site\/wp-content\/uploads\/2020\/04\/Bacterias-1024x768-1.jpg\" \/>\n\t<meta property=\"og:image:width\" content=\"1000\" \/>\n\t<meta property=\"og:image:height\" content=\"686\" \/>\n\t<meta property=\"og:image:type\" content=\"image\/jpeg\" \/>\n<meta name=\"author\" content=\"Bianca\" \/>\n<meta name=\"twitter:card\" content=\"summary_large_image\" \/>\n<meta name=\"twitter:creator\" content=\"@iengenharia\" \/>\n<meta name=\"twitter:site\" content=\"@iengenharia\" \/>\n<meta name=\"twitter:label1\" content=\"Escrito por\" \/>\n\t<meta name=\"twitter:data1\" content=\"Bianca\" \/>\n\t<meta name=\"twitter:label2\" content=\"Est. tempo de leitura\" \/>\n\t<meta name=\"twitter:data2\" content=\"2 minutos\" \/>\n<script type=\"application\/ld+json\" class=\"yoast-schema-graph\">{\"@context\":\"https:\/\/schema.org\",\"@graph\":[{\"@type\":\"Article\",\"@id\":\"https:\/\/www.institutodeengenharia.org.br\/site\/2020\/04\/23\/material-tecnico-contaminacoes-possiveis-por-agentes-patogenicos-em-edificacoes-atraves-de-ar-condicionado-e-outros-meios\/#article\",\"isPartOf\":{\"@id\":\"https:\/\/www.institutodeengenharia.org.br\/site\/2020\/04\/23\/material-tecnico-contaminacoes-possiveis-por-agentes-patogenicos-em-edificacoes-atraves-de-ar-condicionado-e-outros-meios\/\"},\"author\":{\"name\":\"Bianca\",\"@id\":\"https:\/\/www.institutodeengenharia.org.br\/site\/#\/schema\/person\/aeb64951c405e100d26d30b033dd423f\"},\"headline\":\"Material T\u00e9cnico &#8211; Contamina\u00e7\u00f5es poss\u00edveis por agentes patog\u00eanicos em edifica\u00e7\u00f5es atrav\u00e9s de ar condicionado e outros meios\",\"datePublished\":\"2020-04-23T18:19:46+00:00\",\"dateModified\":\"2023-01-09T15:05:44+00:00\",\"mainEntityOfPage\":{\"@id\":\"https:\/\/www.institutodeengenharia.org.br\/site\/2020\/04\/23\/material-tecnico-contaminacoes-possiveis-por-agentes-patogenicos-em-edificacoes-atraves-de-ar-condicionado-e-outros-meios\/\"},\"wordCount\":196,\"commentCount\":0,\"publisher\":{\"@id\":\"https:\/\/www.institutodeengenharia.org.br\/site\/#organization\"},\"image\":{\"@id\":\"https:\/\/www.institutodeengenharia.org.br\/site\/2020\/04\/23\/material-tecnico-contaminacoes-possiveis-por-agentes-patogenicos-em-edificacoes-atraves-de-ar-condicionado-e-outros-meios\/#primaryimage\"},\"thumbnailUrl\":\"https:\/\/www.institutodeengenharia.org.br\/site\/wp-content\/uploads\/2020\/04\/Bacterias-1024x768-1.jpg\",\"keywords\":[\"covid\"],\"articleSection\":[\"Departamento Desenvolvimento de Projetos e Servi\u00e7os de Infraestrutura\",\"Divis\u00e3o T\u00e9cnica \u00c1guas e Saneamento\",\"Divis\u00e3o T\u00e9cnica de Seguran\u00e7a no Trabalho\",\"Divis\u00e3o T\u00e9cnica Meio Ambiente e Sustentabilidade\",\"Publica\u00e7\u00f5es T\u00e9cnicas\"],\"inLanguage\":\"pt-BR\",\"potentialAction\":[{\"@type\":\"CommentAction\",\"name\":\"Comment\",\"target\":[\"https:\/\/www.institutodeengenharia.org.br\/site\/2020\/04\/23\/material-tecnico-contaminacoes-possiveis-por-agentes-patogenicos-em-edificacoes-atraves-de-ar-condicionado-e-outros-meios\/#respond\"]}]},{\"@type\":\"WebPage\",\"@id\":\"https:\/\/www.institutodeengenharia.org.br\/site\/2020\/04\/23\/material-tecnico-contaminacoes-possiveis-por-agentes-patogenicos-em-edificacoes-atraves-de-ar-condicionado-e-outros-meios\/\",\"url\":\"https:\/\/www.institutodeengenharia.org.br\/site\/2020\/04\/23\/material-tecnico-contaminacoes-possiveis-por-agentes-patogenicos-em-edificacoes-atraves-de-ar-condicionado-e-outros-meios\/\",\"name\":\"Material T\u00e9cnico - Contamina\u00e7\u00f5es poss\u00edveis por agentes patog\u00eanicos em edifica\u00e7\u00f5es atrav\u00e9s de ar condicionado e outros meios - Instituto de Engenharia\",\"isPartOf\":{\"@id\":\"https:\/\/www.institutodeengenharia.org.br\/site\/#website\"},\"primaryImageOfPage\":{\"@id\":\"https:\/\/www.institutodeengenharia.org.br\/site\/2020\/04\/23\/material-tecnico-contaminacoes-possiveis-por-agentes-patogenicos-em-edificacoes-atraves-de-ar-condicionado-e-outros-meios\/#primaryimage\"},\"image\":{\"@id\":\"https:\/\/www.institutodeengenharia.org.br\/site\/2020\/04\/23\/material-tecnico-contaminacoes-possiveis-por-agentes-patogenicos-em-edificacoes-atraves-de-ar-condicionado-e-outros-meios\/#primaryimage\"},\"thumbnailUrl\":\"https:\/\/www.institutodeengenharia.org.br\/site\/wp-content\/uploads\/2020\/04\/Bacterias-1024x768-1.jpg\",\"datePublished\":\"2020-04-23T18:19:46+00:00\",\"dateModified\":\"2023-01-09T15:05:44+00:00\",\"breadcrumb\":{\"@id\":\"https:\/\/www.institutodeengenharia.org.br\/site\/2020\/04\/23\/material-tecnico-contaminacoes-possiveis-por-agentes-patogenicos-em-edificacoes-atraves-de-ar-condicionado-e-outros-meios\/#breadcrumb\"},\"inLanguage\":\"pt-BR\",\"potentialAction\":[{\"@type\":\"ReadAction\",\"target\":[\"https:\/\/www.institutodeengenharia.org.br\/site\/2020\/04\/23\/material-tecnico-contaminacoes-possiveis-por-agentes-patogenicos-em-edificacoes-atraves-de-ar-condicionado-e-outros-meios\/\"]}]},{\"@type\":\"ImageObject\",\"inLanguage\":\"pt-BR\",\"@id\":\"https:\/\/www.institutodeengenharia.org.br\/site\/2020\/04\/23\/material-tecnico-contaminacoes-possiveis-por-agentes-patogenicos-em-edificacoes-atraves-de-ar-condicionado-e-outros-meios\/#primaryimage\",\"url\":\"https:\/\/www.institutodeengenharia.org.br\/site\/wp-content\/uploads\/2020\/04\/Bacterias-1024x768-1.jpg\",\"contentUrl\":\"https:\/\/www.institutodeengenharia.org.br\/site\/wp-content\/uploads\/2020\/04\/Bacterias-1024x768-1.jpg\",\"width\":1000,\"height\":686},{\"@type\":\"BreadcrumbList\",\"@id\":\"https:\/\/www.institutodeengenharia.org.br\/site\/2020\/04\/23\/material-tecnico-contaminacoes-possiveis-por-agentes-patogenicos-em-edificacoes-atraves-de-ar-condicionado-e-outros-meios\/#breadcrumb\",\"itemListElement\":[{\"@type\":\"ListItem\",\"position\":1,\"name\":\"In\u00edcio\",\"item\":\"https:\/\/www.institutodeengenharia.org.br\/site\/\"},{\"@type\":\"ListItem\",\"position\":2,\"name\":\"Material T\u00e9cnico &#8211; Contamina\u00e7\u00f5es poss\u00edveis por agentes patog\u00eanicos em edifica\u00e7\u00f5es atrav\u00e9s de ar condicionado e outros meios\"}]},{\"@type\":\"WebSite\",\"@id\":\"https:\/\/www.institutodeengenharia.org.br\/site\/#website\",\"url\":\"https:\/\/www.institutodeengenharia.org.br\/site\/\",\"name\":\"Instituto de Engenharia\",\"description\":\"O Instituto de Engenharia promove a Engenharia em benef\u00edcio do desenvolvimento e da qualidade de vida da sociedade.\",\"publisher\":{\"@id\":\"https:\/\/www.institutodeengenharia.org.br\/site\/#organization\"},\"potentialAction\":[{\"@type\":\"SearchAction\",\"target\":{\"@type\":\"EntryPoint\",\"urlTemplate\":\"https:\/\/www.institutodeengenharia.org.br\/site\/?s={search_term_string}\"},\"query-input\":{\"@type\":\"PropertyValueSpecification\",\"valueRequired\":true,\"valueName\":\"search_term_string\"}}],\"inLanguage\":\"pt-BR\"},{\"@type\":\"Organization\",\"@id\":\"https:\/\/www.institutodeengenharia.org.br\/site\/#organization\",\"name\":\"Instituto de Engenharia\",\"url\":\"https:\/\/www.institutodeengenharia.org.br\/site\/\",\"logo\":{\"@type\":\"ImageObject\",\"inLanguage\":\"pt-BR\",\"@id\":\"https:\/\/www.institutodeengenharia.org.br\/site\/#\/schema\/logo\/image\/\",\"url\":\"https:\/\/www.institutodeengenharia.org.br\/site\/wp-content\/uploads\/2019\/03\/logo-novo-IE2018-1.jpg\",\"contentUrl\":\"https:\/\/www.institutodeengenharia.org.br\/site\/wp-content\/uploads\/2019\/03\/logo-novo-IE2018-1.jpg\",\"width\":1486,\"height\":1879,\"caption\":\"Instituto de Engenharia\"},\"image\":{\"@id\":\"https:\/\/www.institutodeengenharia.org.br\/site\/#\/schema\/logo\/image\/\"},\"sameAs\":[\"https:\/\/www.facebook.com\/institutodeengenharia\",\"https:\/\/x.com\/iengenharia\",\"https:\/\/www.instagram.com\/institutodeengenharia\/\",\"https:\/\/www.linkedin.com\/company\/instituto-de-engenharia\/\",\"https:\/\/www.youtube.com\/channel\/UCXiCAlsSMe977vamW915HxA\"]},{\"@type\":\"Person\",\"@id\":\"https:\/\/www.institutodeengenharia.org.br\/site\/#\/schema\/person\/aeb64951c405e100d26d30b033dd423f\",\"name\":\"Bianca\",\"image\":{\"@type\":\"ImageObject\",\"inLanguage\":\"pt-BR\",\"@id\":\"https:\/\/secure.gravatar.com\/avatar\/a6fbe9bff57405baf4c1e2c5c1811e072b558253974a9f9508f4678900c97c2a?s=96&d=mm&r=g\",\"url\":\"https:\/\/secure.gravatar.com\/avatar\/a6fbe9bff57405baf4c1e2c5c1811e072b558253974a9f9508f4678900c97c2a?s=96&d=mm&r=g\",\"contentUrl\":\"https:\/\/secure.gravatar.com\/avatar\/a6fbe9bff57405baf4c1e2c5c1811e072b558253974a9f9508f4678900c97c2a?s=96&d=mm&r=g\",\"caption\":\"Bianca\"},\"url\":\"https:\/\/www.institutodeengenharia.org.br\/site\/author\/comunicacao1\/\"}]}<\/script>\n<!-- \/ Yoast SEO plugin. -->","yoast_head_json":{"title":"Material T\u00e9cnico - Contamina\u00e7\u00f5es poss\u00edveis por agentes patog\u00eanicos em edifica\u00e7\u00f5es atrav\u00e9s de ar condicionado e outros meios - Instituto de Engenharia","robots":{"index":"index","follow":"follow","max-snippet":"max-snippet:-1","max-image-preview":"max-image-preview:large","max-video-preview":"max-video-preview:-1"},"canonical":"https:\/\/www.institutodeengenharia.org.br\/site\/2020\/04\/23\/material-tecnico-contaminacoes-possiveis-por-agentes-patogenicos-em-edificacoes-atraves-de-ar-condicionado-e-outros-meios\/","og_locale":"pt_BR","og_type":"article","og_title":"Material T\u00e9cnico - Contamina\u00e7\u00f5es poss\u00edveis por agentes patog\u00eanicos em edifica\u00e7\u00f5es atrav\u00e9s de ar condicionado e outros meios - Instituto de Engenharia","og_description":"&nbsp; Confira abaixo os materiais t\u00e9cnicos: Recomenda\u00e7\u00f5es para a Gest\u00e3o de Res\u00edduos em Situa\u00e7\u00e3o de Pandemia por coronav\u00edrus (Covid-19) Res\u00edduos gerados nos estabelecimentos de Servi\u00e7o de Sa\u00fade e nas Resid\u00eancias de pessoas em isolamento domiciliar por suspeita ou confirma\u00e7\u00e3o de contamina\u00e7\u00e3o com o coronav\u00edrus (Covid-19) Semin\u00e1rio: Tratamento de Ar e \u00c1gua para Sistemas de Ar [&hellip;]","og_url":"https:\/\/www.institutodeengenharia.org.br\/site\/2020\/04\/23\/material-tecnico-contaminacoes-possiveis-por-agentes-patogenicos-em-edificacoes-atraves-de-ar-condicionado-e-outros-meios\/","og_site_name":"Instituto de Engenharia","article_publisher":"https:\/\/www.facebook.com\/institutodeengenharia","article_published_time":"2020-04-23T18:19:46+00:00","article_modified_time":"2023-01-09T15:05:44+00:00","og_image":[{"width":1000,"height":686,"url":"https:\/\/www.institutodeengenharia.org.br\/site\/wp-content\/uploads\/2020\/04\/Bacterias-1024x768-1.jpg","type":"image\/jpeg"}],"author":"Bianca","twitter_card":"summary_large_image","twitter_creator":"@iengenharia","twitter_site":"@iengenharia","twitter_misc":{"Escrito por":"Bianca","Est. tempo de leitura":"2 minutos"},"schema":{"@context":"https:\/\/schema.org","@graph":[{"@type":"Article","@id":"https:\/\/www.institutodeengenharia.org.br\/site\/2020\/04\/23\/material-tecnico-contaminacoes-possiveis-por-agentes-patogenicos-em-edificacoes-atraves-de-ar-condicionado-e-outros-meios\/#article","isPartOf":{"@id":"https:\/\/www.institutodeengenharia.org.br\/site\/2020\/04\/23\/material-tecnico-contaminacoes-possiveis-por-agentes-patogenicos-em-edificacoes-atraves-de-ar-condicionado-e-outros-meios\/"},"author":{"name":"Bianca","@id":"https:\/\/www.institutodeengenharia.org.br\/site\/#\/schema\/person\/aeb64951c405e100d26d30b033dd423f"},"headline":"Material T\u00e9cnico &#8211; Contamina\u00e7\u00f5es poss\u00edveis por agentes patog\u00eanicos em edifica\u00e7\u00f5es atrav\u00e9s de ar condicionado e outros meios","datePublished":"2020-04-23T18:19:46+00:00","dateModified":"2023-01-09T15:05:44+00:00","mainEntityOfPage":{"@id":"https:\/\/www.institutodeengenharia.org.br\/site\/2020\/04\/23\/material-tecnico-contaminacoes-possiveis-por-agentes-patogenicos-em-edificacoes-atraves-de-ar-condicionado-e-outros-meios\/"},"wordCount":196,"commentCount":0,"publisher":{"@id":"https:\/\/www.institutodeengenharia.org.br\/site\/#organization"},"image":{"@id":"https:\/\/www.institutodeengenharia.org.br\/site\/2020\/04\/23\/material-tecnico-contaminacoes-possiveis-por-agentes-patogenicos-em-edificacoes-atraves-de-ar-condicionado-e-outros-meios\/#primaryimage"},"thumbnailUrl":"https:\/\/www.institutodeengenharia.org.br\/site\/wp-content\/uploads\/2020\/04\/Bacterias-1024x768-1.jpg","keywords":["covid"],"articleSection":["Departamento Desenvolvimento de Projetos e Servi\u00e7os de Infraestrutura","Divis\u00e3o T\u00e9cnica \u00c1guas e Saneamento","Divis\u00e3o T\u00e9cnica de Seguran\u00e7a no Trabalho","Divis\u00e3o T\u00e9cnica Meio Ambiente e Sustentabilidade","Publica\u00e7\u00f5es T\u00e9cnicas"],"inLanguage":"pt-BR","potentialAction":[{"@type":"CommentAction","name":"Comment","target":["https:\/\/www.institutodeengenharia.org.br\/site\/2020\/04\/23\/material-tecnico-contaminacoes-possiveis-por-agentes-patogenicos-em-edificacoes-atraves-de-ar-condicionado-e-outros-meios\/#respond"]}]},{"@type":"WebPage","@id":"https:\/\/www.institutodeengenharia.org.br\/site\/2020\/04\/23\/material-tecnico-contaminacoes-possiveis-por-agentes-patogenicos-em-edificacoes-atraves-de-ar-condicionado-e-outros-meios\/","url":"https:\/\/www.institutodeengenharia.org.br\/site\/2020\/04\/23\/material-tecnico-contaminacoes-possiveis-por-agentes-patogenicos-em-edificacoes-atraves-de-ar-condicionado-e-outros-meios\/","name":"Material T\u00e9cnico - Contamina\u00e7\u00f5es poss\u00edveis por agentes patog\u00eanicos em edifica\u00e7\u00f5es atrav\u00e9s de ar condicionado e outros meios - Instituto de Engenharia","isPartOf":{"@id":"https:\/\/www.institutodeengenharia.org.br\/site\/#website"},"primaryImageOfPage":{"@id":"https:\/\/www.institutodeengenharia.org.br\/site\/2020\/04\/23\/material-tecnico-contaminacoes-possiveis-por-agentes-patogenicos-em-edificacoes-atraves-de-ar-condicionado-e-outros-meios\/#primaryimage"},"image":{"@id":"https:\/\/www.institutodeengenharia.org.br\/site\/2020\/04\/23\/material-tecnico-contaminacoes-possiveis-por-agentes-patogenicos-em-edificacoes-atraves-de-ar-condicionado-e-outros-meios\/#primaryimage"},"thumbnailUrl":"https:\/\/www.institutodeengenharia.org.br\/site\/wp-content\/uploads\/2020\/04\/Bacterias-1024x768-1.jpg","datePublished":"2020-04-23T18:19:46+00:00","dateModified":"2023-01-09T15:05:44+00:00","breadcrumb":{"@id":"https:\/\/www.institutodeengenharia.org.br\/site\/2020\/04\/23\/material-tecnico-contaminacoes-possiveis-por-agentes-patogenicos-em-edificacoes-atraves-de-ar-condicionado-e-outros-meios\/#breadcrumb"},"inLanguage":"pt-BR","potentialAction":[{"@type":"ReadAction","target":["https:\/\/www.institutodeengenharia.org.br\/site\/2020\/04\/23\/material-tecnico-contaminacoes-possiveis-por-agentes-patogenicos-em-edificacoes-atraves-de-ar-condicionado-e-outros-meios\/"]}]},{"@type":"ImageObject","inLanguage":"pt-BR","@id":"https:\/\/www.institutodeengenharia.org.br\/site\/2020\/04\/23\/material-tecnico-contaminacoes-possiveis-por-agentes-patogenicos-em-edificacoes-atraves-de-ar-condicionado-e-outros-meios\/#primaryimage","url":"https:\/\/www.institutodeengenharia.org.br\/site\/wp-content\/uploads\/2020\/04\/Bacterias-1024x768-1.jpg","contentUrl":"https:\/\/www.institutodeengenharia.org.br\/site\/wp-content\/uploads\/2020\/04\/Bacterias-1024x768-1.jpg","width":1000,"height":686},{"@type":"BreadcrumbList","@id":"https:\/\/www.institutodeengenharia.org.br\/site\/2020\/04\/23\/material-tecnico-contaminacoes-possiveis-por-agentes-patogenicos-em-edificacoes-atraves-de-ar-condicionado-e-outros-meios\/#breadcrumb","itemListElement":[{"@type":"ListItem","position":1,"name":"In\u00edcio","item":"https:\/\/www.institutodeengenharia.org.br\/site\/"},{"@type":"ListItem","position":2,"name":"Material T\u00e9cnico &#8211; Contamina\u00e7\u00f5es poss\u00edveis por agentes patog\u00eanicos em edifica\u00e7\u00f5es atrav\u00e9s de ar condicionado e outros meios"}]},{"@type":"WebSite","@id":"https:\/\/www.institutodeengenharia.org.br\/site\/#website","url":"https:\/\/www.institutodeengenharia.org.br\/site\/","name":"Instituto de Engenharia","description":"O Instituto de Engenharia promove a Engenharia em benef\u00edcio do desenvolvimento e da qualidade de vida da sociedade.","publisher":{"@id":"https:\/\/www.institutodeengenharia.org.br\/site\/#organization"},"potentialAction":[{"@type":"SearchAction","target":{"@type":"EntryPoint","urlTemplate":"https:\/\/www.institutodeengenharia.org.br\/site\/?s={search_term_string}"},"query-input":{"@type":"PropertyValueSpecification","valueRequired":true,"valueName":"search_term_string"}}],"inLanguage":"pt-BR"},{"@type":"Organization","@id":"https:\/\/www.institutodeengenharia.org.br\/site\/#organization","name":"Instituto de Engenharia","url":"https:\/\/www.institutodeengenharia.org.br\/site\/","logo":{"@type":"ImageObject","inLanguage":"pt-BR","@id":"https:\/\/www.institutodeengenharia.org.br\/site\/#\/schema\/logo\/image\/","url":"https:\/\/www.institutodeengenharia.org.br\/site\/wp-content\/uploads\/2019\/03\/logo-novo-IE2018-1.jpg","contentUrl":"https:\/\/www.institutodeengenharia.org.br\/site\/wp-content\/uploads\/2019\/03\/logo-novo-IE2018-1.jpg","width":1486,"height":1879,"caption":"Instituto de Engenharia"},"image":{"@id":"https:\/\/www.institutodeengenharia.org.br\/site\/#\/schema\/logo\/image\/"},"sameAs":["https:\/\/www.facebook.com\/institutodeengenharia","https:\/\/x.com\/iengenharia","https:\/\/www.instagram.com\/institutodeengenharia\/","https:\/\/www.linkedin.com\/company\/instituto-de-engenharia\/","https:\/\/www.youtube.com\/channel\/UCXiCAlsSMe977vamW915HxA"]},{"@type":"Person","@id":"https:\/\/www.institutodeengenharia.org.br\/site\/#\/schema\/person\/aeb64951c405e100d26d30b033dd423f","name":"Bianca","image":{"@type":"ImageObject","inLanguage":"pt-BR","@id":"https:\/\/secure.gravatar.com\/avatar\/a6fbe9bff57405baf4c1e2c5c1811e072b558253974a9f9508f4678900c97c2a?s=96&d=mm&r=g","url":"https:\/\/secure.gravatar.com\/avatar\/a6fbe9bff57405baf4c1e2c5c1811e072b558253974a9f9508f4678900c97c2a?s=96&d=mm&r=g","contentUrl":"https:\/\/secure.gravatar.com\/avatar\/a6fbe9bff57405baf4c1e2c5c1811e072b558253974a9f9508f4678900c97c2a?s=96&d=mm&r=g","caption":"Bianca"},"url":"https:\/\/www.institutodeengenharia.org.br\/site\/author\/comunicacao1\/"}]}},"_links":{"self":[{"href":"https:\/\/www.institutodeengenharia.org.br\/site\/wp-json\/wp\/v2\/posts\/65920","targetHints":{"allow":["GET"]}}],"collection":[{"href":"https:\/\/www.institutodeengenharia.org.br\/site\/wp-json\/wp\/v2\/posts"}],"about":[{"href":"https:\/\/www.institutodeengenharia.org.br\/site\/wp-json\/wp\/v2\/types\/post"}],"author":[{"embeddable":true,"href":"https:\/\/www.institutodeengenharia.org.br\/site\/wp-json\/wp\/v2\/users\/13"}],"replies":[{"embeddable":true,"href":"https:\/\/www.institutodeengenharia.org.br\/site\/wp-json\/wp\/v2\/comments?post=65920"}],"version-history":[{"count":1,"href":"https:\/\/www.institutodeengenharia.org.br\/site\/wp-json\/wp\/v2\/posts\/65920\/revisions"}],"predecessor-version":[{"id":65926,"href":"https:\/\/www.institutodeengenharia.org.br\/site\/wp-json\/wp\/v2\/posts\/65920\/revisions\/65926"}],"wp:featuredmedia":[{"embeddable":true,"href":"https:\/\/www.institutodeengenharia.org.br\/site\/wp-json\/wp\/v2\/media\/62496"}],"wp:attachment":[{"href":"https:\/\/www.institutodeengenharia.org.br\/site\/wp-json\/wp\/v2\/media?parent=65920"}],"wp:term":[{"taxonomy":"category","embeddable":true,"href":"https:\/\/www.institutodeengenharia.org.br\/site\/wp-json\/wp\/v2\/categories?post=65920"},{"taxonomy":"post_tag","embeddable":true,"href":"https:\/\/www.institutodeengenharia.org.br\/site\/wp-json\/wp\/v2\/tags?post=65920"}],"curies":[{"name":"wp","href":"https:\/\/api.w.org\/{rel}","templated":true}]}}