{"id":65714,"date":"2020-05-22T17:08:43","date_gmt":"2020-05-22T20:08:43","guid":{"rendered":"https:\/\/www.institutodeengenharia.org.br\/site\/?p=65714"},"modified":"2023-01-09T10:32:15","modified_gmt":"2023-01-09T13:32:15","slug":"uma-visao-do-setor-do-agronegocio-em-momentos-de-covid-19-oportunidades-e-perspectivas","status":"publish","type":"post","link":"https:\/\/www.institutodeengenharia.org.br\/site\/2020\/05\/22\/uma-visao-do-setor-do-agronegocio-em-momentos-de-covid-19-oportunidades-e-perspectivas\/","title":{"rendered":"Uma vis\u00e3o do setor do Agroneg\u00f3cio em Momentos de Covid-19: Oportunidades e Perspectivas"},"content":{"rendered":"<p>&nbsp;<\/p>\n<p>A palestra<strong>\u00a0Uma vis\u00e3o do setor do Agroneg\u00f3cio em Momentos de Covid-19: Oportunidades e Perspectivas\u00a0<\/strong>faz parte da\u00a0<em>S\u00e9rie Divis\u00f5es T\u00e9cnicas \u2013 Live<\/em>, uma realiza\u00e7\u00e3o do Instituto de Engenharia.<\/p>\n<p>&nbsp;<\/p>\n<p><strong>Para mais informa\u00e7\u00f5es sobre o p\u00f3s-evento, <a href=\"https:\/\/www.institutodeengenharia.org.br\/site\/events\/uma-visao-do-setor-do-agronegocio-em-momentos-de-covid-19-oportunidades-e-perspectivas\/\">clique aqui<\/a>.<\/strong><\/p>\n<p>&nbsp;<\/p>\n<p><strong>Assista \u00e0 grava\u00e7\u00e3o do evento:<\/strong><\/p>\n<p>&nbsp;<\/p>\n<p><iframe loading=\"lazy\" src=\"https:\/\/player.vimeo.com\/video\/421686486\" width=\"640\" height=\"360\" frameborder=\"0\" allowfullscreen=\"allowfullscreen\"><\/iframe><\/p>\n<p>&nbsp;<\/p>\n<p>&nbsp;<\/p>\n<p><strong>Entrevistada:<\/strong><\/p>\n<p><img loading=\"lazy\" decoding=\"async\" class=\"wp-image-64155 alignleft td-animation-stack-type0-2\" src=\"https:\/\/www.institutodeengenharia.org.br\/site\/wp-content\/uploads\/2020\/05\/tereza-cristina-1.jpg\" alt=\"\" width=\"139\" height=\"135\" \/><\/p>\n<p><strong>Tereza Cristina<\/strong><\/p>\n<p>Engenheira Agr\u00f4noma e empres\u00e1ria, \u00e9 deputada Federal (DEM\/MS). Foi secret\u00e1ria da Agricultura, Ind\u00fastria, Com\u00e9rcio, Turismo e Desenvolvimento do Mato Grosso do Sul (2011\/18), e presidente da Frente Parlamentar da Agropecu\u00e1ria do Congresso Nacional \u2013 FPA. Atualmente \u00e9 ministra da Agricultura, Pecu\u00e1ria e Abastecimento do Brasil.<\/p>\n<p><strong>Entrevistadores:<\/strong><\/p>\n<p><img loading=\"lazy\" decoding=\"async\" class=\"wp-image-64156 alignleft td-animation-stack-type0-2\" src=\"https:\/\/www.institutodeengenharia.org.br\/site\/wp-content\/uploads\/2020\/05\/xico.jpg\" alt=\"\" width=\"141\" height=\"144\" \/><\/p>\n<p><strong>Xico Graziano<\/strong><\/p>\n<p>Engenheiro Agr\u00f4nomo (ESALQ\/USP, 1974), mestre em Economia Agr\u00e1ria (USP, 1977), doutor em Administra\u00e7\u00e3o (FGV\/SP, 1989). Presidente da ONG AgroBrasil \u2013 Valoriza\u00e7\u00e3o dos Agroneg\u00f3cios, \u00e9 professor de p\u00f3s-gradua\u00e7\u00e3o da FGV\/SP, consultor em organiza\u00e7\u00e3o e marketing rural, comentarista de r\u00e1dio e TV, articulista dos jornais\u00a0<em>O Estado de S.Paulo<\/em>,\u00a0<em>O Globo<\/em>\u00a0(RJ),\u00a0<em>Portal 360\u00ba<\/em>\u00a0e\u00a0<em>Portal AgroSaber.<\/em>\u00a0Foi deputado Federal (PSDB\/SP, 1998-2002), secret\u00e1rio de Agricultura de S\u00e3o Paulo (1996-98), presidente do Incra (1995) e chefe do Gabinete Pessoal do presidente Fernando Henrique Cardoso (1995). Presidiu a Federa\u00e7\u00e3o dos Estudantes de Agronomia do Brasil (1972-73) e a Cooperativa de Cr\u00e9dito M\u00fatuo de Jaboticabal\/Unesp (1988-90).<\/p>\n<p><img loading=\"lazy\" decoding=\"async\" class=\"wp-image-64157 alignleft td-animation-stack-type0-2\" src=\"https:\/\/www.institutodeengenharia.org.br\/site\/wp-content\/uploads\/2020\/05\/camila.jpg\" alt=\"\" width=\"126\" height=\"142\" srcset=\"https:\/\/www.institutodeengenharia.org.br\/site\/wp-content\/uploads\/2020\/05\/camila.jpg 419w, https:\/\/www.institutodeengenharia.org.br\/site\/wp-content\/uploads\/2020\/05\/camila-266x300.jpg 266w, https:\/\/www.institutodeengenharia.org.br\/site\/wp-content\/uploads\/2020\/05\/camila-373x420.jpg 373w\" sizes=\"auto, (max-width: 126px) 100vw, 126px\" \/><\/p>\n<p><strong>Camila Telles<\/strong><\/p>\n<p>Conhecida influenciadora digital do agro do Brasil \u00e9 graduada em Comunica\u00e7\u00e3o Social. Desde 2015 ministra palestras sobre comunica\u00e7\u00e3o na agropecu\u00e1ria brasileira. A desvaloriza\u00e7\u00e3o da agricultura sempre a incomodou, o que a transformou em uma dedicada ativista pelas redes sociais. A partir de 2019 seus v\u00eddeos viralizaram. Ela ficou nacionalmente conhecida quando desmentiu e combateu fake news divulgadas por famosos.<\/p>\n<p><strong>Participa\u00e7\u00e3o:<\/strong><\/p>\n<p><img loading=\"lazy\" decoding=\"async\" class=\"wp-image-37546 alignleft td-animation-stack-type0-2\" src=\"https:\/\/www.institutodeengenharia.org.br\/site\/wp-content\/uploads\/2018\/08\/Eduardo-Lafraia-Presidente-do-Instituto-de-Engenharia-1-683x1024.jpg\" alt=\"\" width=\"121\" height=\"161\" srcset=\"https:\/\/www.institutodeengenharia.org.br\/site\/wp-content\/uploads\/2018\/08\/Eduardo-Lafraia-Presidente-do-Instituto-de-Engenharia-1-683x1024.jpg 516w, https:\/\/www.institutodeengenharia.org.br\/site\/wp-content\/uploads\/2018\/08\/Eduardo-Lafraia-Presidente-do-Instituto-de-Engenharia-1-683x1024-226x300.jpg 226w, https:\/\/www.institutodeengenharia.org.br\/site\/wp-content\/uploads\/2018\/08\/Eduardo-Lafraia-Presidente-do-Instituto-de-Engenharia-1-683x1024-316x420.jpg 316w\" sizes=\"auto, (max-width: 121px) 100vw, 121px\" \/><\/p>\n<p><strong>Eduardo Ferreira Lafraia<\/strong><\/p>\n<p>Presidente do\u00a0Instituto de Engenharia, tendo\u00a0presidido a Casa\u00a0tamb\u00e9m nas gest\u00f5es de 2003-2004\u00a0\/2005-2006. Atualmente, \u00e9 diretor da empresa Sebel Engenharia e<br \/>\nConstru\u00e7\u00f5es Ltda., que atua no setor\u00a0de constru\u00e7\u00e3o habitacional.\u00a0Engenheiro Civil (Mackenzie),\u00a0p\u00f3s-graduado em Administra\u00e7\u00e3o de\u00a0Empresas (FGV) e MBA em Administra\u00e7\u00e3o de Empreendimentos da\u00a0Constru\u00e7\u00e3o Civil (Poli-USP).\u00a0Foi presidente do Conselho Deliberativo da Apeop, membro do\u00a0Conselho de Orienta\u00e7\u00e3o do IPT, do\u00a0Conselho Superior de Infraestrutura\u00a0da Fiesp, da Cadeia Produtiva da Ind\u00fastria da Constru\u00e7\u00e3o Civil, Fiesp,<br \/>\nconselheiro e diretor da Alian\u00e7a\u00a0Cultural Brasil-Jap\u00e3o, foi diretor do\u00a0Sciesp \u2013 Sindicato dos Corretores\u00a0de Im\u00f3veis do Estado de S\u00e3o Paulo, diretor de obras da Cohab-SP e presidente do DCE \u2013 Diret\u00f3rio Central dos Estudantes, na Universidade\u00a0Mackenzie. \u00c9 membro dos Conselhos Consultivo e Deliberativo do\u00a0Instituto de Engenharia, e diretor-pleno da Associa\u00e7\u00e3o Comercial de\u00a0S\u00e3o Paulo.<\/p>\n","protected":false},"excerpt":{"rendered":"<p>&nbsp; A palestra\u00a0Uma vis\u00e3o do setor do Agroneg\u00f3cio em Momentos de Covid-19: Oportunidades e Perspectivas\u00a0faz parte da\u00a0S\u00e9rie Divis\u00f5es T\u00e9cnicas \u2013 Live, uma realiza\u00e7\u00e3o do Instituto de Engenharia. &nbsp; Para mais informa\u00e7\u00f5es sobre o p\u00f3s-evento, clique aqui. &nbsp; Assista \u00e0 grava\u00e7\u00e3o do evento: &nbsp; &nbsp; &nbsp; Entrevistada: Tereza Cristina Engenheira Agr\u00f4noma e empres\u00e1ria, \u00e9 deputada Federal [&hellip;]<\/p>\n","protected":false},"author":2,"featured_media":65719,"comment_status":"open","ping_status":"open","sticky":false,"template":"","format":"standard","meta":{"footnotes":""},"categories":[968,969],"tags":[1475],"class_list":{"0":"post-65714","1":"post","2":"type-post","3":"status-publish","4":"format-standard","5":"has-post-thumbnail","7":"category-nova-tv-engenharia","8":"category-palestra","9":"tag-covid"},"yoast_head":"<!-- This site is optimized with the Yoast SEO plugin v27.2 - https:\/\/yoast.com\/product\/yoast-seo-wordpress\/ -->\n<title>Uma vis\u00e3o do setor do Agroneg\u00f3cio em Momentos de Covid-19: Oportunidades e Perspectivas - Instituto de Engenharia<\/title>\n<meta name=\"robots\" content=\"index, follow, max-snippet:-1, max-image-preview:large, max-video-preview:-1\" \/>\n<link rel=\"canonical\" href=\"https:\/\/www.institutodeengenharia.org.br\/site\/2020\/05\/22\/uma-visao-do-setor-do-agronegocio-em-momentos-de-covid-19-oportunidades-e-perspectivas\/\" \/>\n<meta property=\"og:locale\" content=\"pt_BR\" \/>\n<meta property=\"og:type\" content=\"article\" \/>\n<meta property=\"og:title\" content=\"Uma vis\u00e3o do setor do Agroneg\u00f3cio em Momentos de Covid-19: Oportunidades e Perspectivas - Instituto de Engenharia\" \/>\n<meta property=\"og:description\" content=\"&nbsp; A palestra\u00a0Uma vis\u00e3o do setor do Agroneg\u00f3cio em Momentos de Covid-19: Oportunidades e Perspectivas\u00a0faz parte da\u00a0S\u00e9rie Divis\u00f5es T\u00e9cnicas \u2013 Live, uma realiza\u00e7\u00e3o do Instituto de Engenharia. &nbsp; Para mais informa\u00e7\u00f5es sobre o p\u00f3s-evento, clique aqui. &nbsp; Assista \u00e0 grava\u00e7\u00e3o do evento: &nbsp; &nbsp; &nbsp; Entrevistada: Tereza Cristina Engenheira Agr\u00f4noma e empres\u00e1ria, \u00e9 deputada Federal [&hellip;]\" \/>\n<meta property=\"og:url\" content=\"https:\/\/www.institutodeengenharia.org.br\/site\/2020\/05\/22\/uma-visao-do-setor-do-agronegocio-em-momentos-de-covid-19-oportunidades-e-perspectivas\/\" \/>\n<meta property=\"og:site_name\" content=\"Instituto de Engenharia\" \/>\n<meta property=\"article:publisher\" content=\"https:\/\/www.facebook.com\/institutodeengenharia\" \/>\n<meta property=\"article:published_time\" content=\"2020-05-22T20:08:43+00:00\" \/>\n<meta property=\"article:modified_time\" content=\"2023-01-09T13:32:15+00:00\" \/>\n<meta property=\"og:image\" content=\"https:\/\/www.institutodeengenharia.org.br\/site\/wp-content\/uploads\/2020\/05\/agrosss.jpg\" \/>\n\t<meta property=\"og:image:width\" content=\"1035\" \/>\n\t<meta property=\"og:image:height\" content=\"646\" \/>\n\t<meta property=\"og:image:type\" content=\"image\/jpeg\" \/>\n<meta name=\"author\" content=\"Isabel\" \/>\n<meta name=\"twitter:card\" content=\"summary_large_image\" \/>\n<meta name=\"twitter:creator\" content=\"@iengenharia\" \/>\n<meta name=\"twitter:site\" content=\"@iengenharia\" \/>\n<meta name=\"twitter:label1\" content=\"Escrito por\" \/>\n\t<meta name=\"twitter:data1\" content=\"Isabel\" \/>\n\t<meta name=\"twitter:label2\" content=\"Est. tempo de leitura\" \/>\n\t<meta name=\"twitter:data2\" content=\"3 minutos\" \/>\n<script type=\"application\/ld+json\" class=\"yoast-schema-graph\">{\"@context\":\"https:\/\/schema.org\",\"@graph\":[{\"@type\":\"Article\",\"@id\":\"https:\/\/www.institutodeengenharia.org.br\/site\/2020\/05\/22\/uma-visao-do-setor-do-agronegocio-em-momentos-de-covid-19-oportunidades-e-perspectivas\/#article\",\"isPartOf\":{\"@id\":\"https:\/\/www.institutodeengenharia.org.br\/site\/2020\/05\/22\/uma-visao-do-setor-do-agronegocio-em-momentos-de-covid-19-oportunidades-e-perspectivas\/\"},\"author\":{\"name\":\"Isabel\",\"@id\":\"https:\/\/www.institutodeengenharia.org.br\/site\/#\/schema\/person\/d1764429c217aaa88954818c8f9a3036\"},\"headline\":\"Uma vis\u00e3o do setor do Agroneg\u00f3cio em Momentos de Covid-19: Oportunidades e Perspectivas\",\"datePublished\":\"2020-05-22T20:08:43+00:00\",\"dateModified\":\"2023-01-09T13:32:15+00:00\",\"mainEntityOfPage\":{\"@id\":\"https:\/\/www.institutodeengenharia.org.br\/site\/2020\/05\/22\/uma-visao-do-setor-do-agronegocio-em-momentos-de-covid-19-oportunidades-e-perspectivas\/\"},\"wordCount\":459,\"commentCount\":0,\"publisher\":{\"@id\":\"https:\/\/www.institutodeengenharia.org.br\/site\/#organization\"},\"image\":{\"@id\":\"https:\/\/www.institutodeengenharia.org.br\/site\/2020\/05\/22\/uma-visao-do-setor-do-agronegocio-em-momentos-de-covid-19-oportunidades-e-perspectivas\/#primaryimage\"},\"thumbnailUrl\":\"https:\/\/www.institutodeengenharia.org.br\/site\/wp-content\/uploads\/2020\/05\/agrosss.jpg\",\"keywords\":[\"covid\"],\"articleSection\":[\"Nova TV Engenharia\",\"Palestra\"],\"inLanguage\":\"pt-BR\",\"potentialAction\":[{\"@type\":\"CommentAction\",\"name\":\"Comment\",\"target\":[\"https:\/\/www.institutodeengenharia.org.br\/site\/2020\/05\/22\/uma-visao-do-setor-do-agronegocio-em-momentos-de-covid-19-oportunidades-e-perspectivas\/#respond\"]}]},{\"@type\":\"WebPage\",\"@id\":\"https:\/\/www.institutodeengenharia.org.br\/site\/2020\/05\/22\/uma-visao-do-setor-do-agronegocio-em-momentos-de-covid-19-oportunidades-e-perspectivas\/\",\"url\":\"https:\/\/www.institutodeengenharia.org.br\/site\/2020\/05\/22\/uma-visao-do-setor-do-agronegocio-em-momentos-de-covid-19-oportunidades-e-perspectivas\/\",\"name\":\"Uma vis\u00e3o do setor do Agroneg\u00f3cio em Momentos de Covid-19: Oportunidades e Perspectivas - Instituto de Engenharia\",\"isPartOf\":{\"@id\":\"https:\/\/www.institutodeengenharia.org.br\/site\/#website\"},\"primaryImageOfPage\":{\"@id\":\"https:\/\/www.institutodeengenharia.org.br\/site\/2020\/05\/22\/uma-visao-do-setor-do-agronegocio-em-momentos-de-covid-19-oportunidades-e-perspectivas\/#primaryimage\"},\"image\":{\"@id\":\"https:\/\/www.institutodeengenharia.org.br\/site\/2020\/05\/22\/uma-visao-do-setor-do-agronegocio-em-momentos-de-covid-19-oportunidades-e-perspectivas\/#primaryimage\"},\"thumbnailUrl\":\"https:\/\/www.institutodeengenharia.org.br\/site\/wp-content\/uploads\/2020\/05\/agrosss.jpg\",\"datePublished\":\"2020-05-22T20:08:43+00:00\",\"dateModified\":\"2023-01-09T13:32:15+00:00\",\"breadcrumb\":{\"@id\":\"https:\/\/www.institutodeengenharia.org.br\/site\/2020\/05\/22\/uma-visao-do-setor-do-agronegocio-em-momentos-de-covid-19-oportunidades-e-perspectivas\/#breadcrumb\"},\"inLanguage\":\"pt-BR\",\"potentialAction\":[{\"@type\":\"ReadAction\",\"target\":[\"https:\/\/www.institutodeengenharia.org.br\/site\/2020\/05\/22\/uma-visao-do-setor-do-agronegocio-em-momentos-de-covid-19-oportunidades-e-perspectivas\/\"]}]},{\"@type\":\"ImageObject\",\"inLanguage\":\"pt-BR\",\"@id\":\"https:\/\/www.institutodeengenharia.org.br\/site\/2020\/05\/22\/uma-visao-do-setor-do-agronegocio-em-momentos-de-covid-19-oportunidades-e-perspectivas\/#primaryimage\",\"url\":\"https:\/\/www.institutodeengenharia.org.br\/site\/wp-content\/uploads\/2020\/05\/agrosss.jpg\",\"contentUrl\":\"https:\/\/www.institutodeengenharia.org.br\/site\/wp-content\/uploads\/2020\/05\/agrosss.jpg\",\"width\":1035,\"height\":646},{\"@type\":\"BreadcrumbList\",\"@id\":\"https:\/\/www.institutodeengenharia.org.br\/site\/2020\/05\/22\/uma-visao-do-setor-do-agronegocio-em-momentos-de-covid-19-oportunidades-e-perspectivas\/#breadcrumb\",\"itemListElement\":[{\"@type\":\"ListItem\",\"position\":1,\"name\":\"In\u00edcio\",\"item\":\"https:\/\/www.institutodeengenharia.org.br\/site\/\"},{\"@type\":\"ListItem\",\"position\":2,\"name\":\"Uma vis\u00e3o do setor do Agroneg\u00f3cio em Momentos de Covid-19: Oportunidades e Perspectivas\"}]},{\"@type\":\"WebSite\",\"@id\":\"https:\/\/www.institutodeengenharia.org.br\/site\/#website\",\"url\":\"https:\/\/www.institutodeengenharia.org.br\/site\/\",\"name\":\"Instituto de Engenharia\",\"description\":\"O Instituto de Engenharia promove a Engenharia em benef\u00edcio do desenvolvimento e da qualidade de vida da sociedade.\",\"publisher\":{\"@id\":\"https:\/\/www.institutodeengenharia.org.br\/site\/#organization\"},\"potentialAction\":[{\"@type\":\"SearchAction\",\"target\":{\"@type\":\"EntryPoint\",\"urlTemplate\":\"https:\/\/www.institutodeengenharia.org.br\/site\/?s={search_term_string}\"},\"query-input\":{\"@type\":\"PropertyValueSpecification\",\"valueRequired\":true,\"valueName\":\"search_term_string\"}}],\"inLanguage\":\"pt-BR\"},{\"@type\":\"Organization\",\"@id\":\"https:\/\/www.institutodeengenharia.org.br\/site\/#organization\",\"name\":\"Instituto de Engenharia\",\"url\":\"https:\/\/www.institutodeengenharia.org.br\/site\/\",\"logo\":{\"@type\":\"ImageObject\",\"inLanguage\":\"pt-BR\",\"@id\":\"https:\/\/www.institutodeengenharia.org.br\/site\/#\/schema\/logo\/image\/\",\"url\":\"https:\/\/www.institutodeengenharia.org.br\/site\/wp-content\/uploads\/2019\/03\/logo-novo-IE2018-1.jpg\",\"contentUrl\":\"https:\/\/www.institutodeengenharia.org.br\/site\/wp-content\/uploads\/2019\/03\/logo-novo-IE2018-1.jpg\",\"width\":1486,\"height\":1879,\"caption\":\"Instituto de Engenharia\"},\"image\":{\"@id\":\"https:\/\/www.institutodeengenharia.org.br\/site\/#\/schema\/logo\/image\/\"},\"sameAs\":[\"https:\/\/www.facebook.com\/institutodeengenharia\",\"https:\/\/x.com\/iengenharia\",\"https:\/\/www.instagram.com\/institutodeengenharia\/\",\"https:\/\/www.linkedin.com\/company\/instituto-de-engenharia\/\",\"https:\/\/www.youtube.com\/channel\/UCXiCAlsSMe977vamW915HxA\"]},{\"@type\":\"Person\",\"@id\":\"https:\/\/www.institutodeengenharia.org.br\/site\/#\/schema\/person\/d1764429c217aaa88954818c8f9a3036\",\"name\":\"Isabel\",\"image\":{\"@type\":\"ImageObject\",\"inLanguage\":\"pt-BR\",\"@id\":\"https:\/\/secure.gravatar.com\/avatar\/a91d60506c31a7cb05e69a21529f91908e538db3b21f58bfda4039be740fcb71?s=96&d=mm&r=g\",\"url\":\"https:\/\/secure.gravatar.com\/avatar\/a91d60506c31a7cb05e69a21529f91908e538db3b21f58bfda4039be740fcb71?s=96&d=mm&r=g\",\"contentUrl\":\"https:\/\/secure.gravatar.com\/avatar\/a91d60506c31a7cb05e69a21529f91908e538db3b21f58bfda4039be740fcb71?s=96&d=mm&r=g\",\"caption\":\"Isabel\"},\"url\":\"https:\/\/www.institutodeengenharia.org.br\/site\/author\/isabel\/\"}]}<\/script>\n<!-- \/ Yoast SEO plugin. -->","yoast_head_json":{"title":"Uma vis\u00e3o do setor do Agroneg\u00f3cio em Momentos de Covid-19: Oportunidades e Perspectivas - Instituto de Engenharia","robots":{"index":"index","follow":"follow","max-snippet":"max-snippet:-1","max-image-preview":"max-image-preview:large","max-video-preview":"max-video-preview:-1"},"canonical":"https:\/\/www.institutodeengenharia.org.br\/site\/2020\/05\/22\/uma-visao-do-setor-do-agronegocio-em-momentos-de-covid-19-oportunidades-e-perspectivas\/","og_locale":"pt_BR","og_type":"article","og_title":"Uma vis\u00e3o do setor do Agroneg\u00f3cio em Momentos de Covid-19: Oportunidades e Perspectivas - Instituto de Engenharia","og_description":"&nbsp; A palestra\u00a0Uma vis\u00e3o do setor do Agroneg\u00f3cio em Momentos de Covid-19: Oportunidades e Perspectivas\u00a0faz parte da\u00a0S\u00e9rie Divis\u00f5es T\u00e9cnicas \u2013 Live, uma realiza\u00e7\u00e3o do Instituto de Engenharia. &nbsp; Para mais informa\u00e7\u00f5es sobre o p\u00f3s-evento, clique aqui. &nbsp; Assista \u00e0 grava\u00e7\u00e3o do evento: &nbsp; &nbsp; &nbsp; Entrevistada: Tereza Cristina Engenheira Agr\u00f4noma e empres\u00e1ria, \u00e9 deputada Federal [&hellip;]","og_url":"https:\/\/www.institutodeengenharia.org.br\/site\/2020\/05\/22\/uma-visao-do-setor-do-agronegocio-em-momentos-de-covid-19-oportunidades-e-perspectivas\/","og_site_name":"Instituto de Engenharia","article_publisher":"https:\/\/www.facebook.com\/institutodeengenharia","article_published_time":"2020-05-22T20:08:43+00:00","article_modified_time":"2023-01-09T13:32:15+00:00","og_image":[{"width":1035,"height":646,"url":"https:\/\/www.institutodeengenharia.org.br\/site\/wp-content\/uploads\/2020\/05\/agrosss.jpg","type":"image\/jpeg"}],"author":"Isabel","twitter_card":"summary_large_image","twitter_creator":"@iengenharia","twitter_site":"@iengenharia","twitter_misc":{"Escrito por":"Isabel","Est. tempo de leitura":"3 minutos"},"schema":{"@context":"https:\/\/schema.org","@graph":[{"@type":"Article","@id":"https:\/\/www.institutodeengenharia.org.br\/site\/2020\/05\/22\/uma-visao-do-setor-do-agronegocio-em-momentos-de-covid-19-oportunidades-e-perspectivas\/#article","isPartOf":{"@id":"https:\/\/www.institutodeengenharia.org.br\/site\/2020\/05\/22\/uma-visao-do-setor-do-agronegocio-em-momentos-de-covid-19-oportunidades-e-perspectivas\/"},"author":{"name":"Isabel","@id":"https:\/\/www.institutodeengenharia.org.br\/site\/#\/schema\/person\/d1764429c217aaa88954818c8f9a3036"},"headline":"Uma vis\u00e3o do setor do Agroneg\u00f3cio em Momentos de Covid-19: Oportunidades e Perspectivas","datePublished":"2020-05-22T20:08:43+00:00","dateModified":"2023-01-09T13:32:15+00:00","mainEntityOfPage":{"@id":"https:\/\/www.institutodeengenharia.org.br\/site\/2020\/05\/22\/uma-visao-do-setor-do-agronegocio-em-momentos-de-covid-19-oportunidades-e-perspectivas\/"},"wordCount":459,"commentCount":0,"publisher":{"@id":"https:\/\/www.institutodeengenharia.org.br\/site\/#organization"},"image":{"@id":"https:\/\/www.institutodeengenharia.org.br\/site\/2020\/05\/22\/uma-visao-do-setor-do-agronegocio-em-momentos-de-covid-19-oportunidades-e-perspectivas\/#primaryimage"},"thumbnailUrl":"https:\/\/www.institutodeengenharia.org.br\/site\/wp-content\/uploads\/2020\/05\/agrosss.jpg","keywords":["covid"],"articleSection":["Nova TV Engenharia","Palestra"],"inLanguage":"pt-BR","potentialAction":[{"@type":"CommentAction","name":"Comment","target":["https:\/\/www.institutodeengenharia.org.br\/site\/2020\/05\/22\/uma-visao-do-setor-do-agronegocio-em-momentos-de-covid-19-oportunidades-e-perspectivas\/#respond"]}]},{"@type":"WebPage","@id":"https:\/\/www.institutodeengenharia.org.br\/site\/2020\/05\/22\/uma-visao-do-setor-do-agronegocio-em-momentos-de-covid-19-oportunidades-e-perspectivas\/","url":"https:\/\/www.institutodeengenharia.org.br\/site\/2020\/05\/22\/uma-visao-do-setor-do-agronegocio-em-momentos-de-covid-19-oportunidades-e-perspectivas\/","name":"Uma vis\u00e3o do setor do Agroneg\u00f3cio em Momentos de Covid-19: Oportunidades e Perspectivas - Instituto de Engenharia","isPartOf":{"@id":"https:\/\/www.institutodeengenharia.org.br\/site\/#website"},"primaryImageOfPage":{"@id":"https:\/\/www.institutodeengenharia.org.br\/site\/2020\/05\/22\/uma-visao-do-setor-do-agronegocio-em-momentos-de-covid-19-oportunidades-e-perspectivas\/#primaryimage"},"image":{"@id":"https:\/\/www.institutodeengenharia.org.br\/site\/2020\/05\/22\/uma-visao-do-setor-do-agronegocio-em-momentos-de-covid-19-oportunidades-e-perspectivas\/#primaryimage"},"thumbnailUrl":"https:\/\/www.institutodeengenharia.org.br\/site\/wp-content\/uploads\/2020\/05\/agrosss.jpg","datePublished":"2020-05-22T20:08:43+00:00","dateModified":"2023-01-09T13:32:15+00:00","breadcrumb":{"@id":"https:\/\/www.institutodeengenharia.org.br\/site\/2020\/05\/22\/uma-visao-do-setor-do-agronegocio-em-momentos-de-covid-19-oportunidades-e-perspectivas\/#breadcrumb"},"inLanguage":"pt-BR","potentialAction":[{"@type":"ReadAction","target":["https:\/\/www.institutodeengenharia.org.br\/site\/2020\/05\/22\/uma-visao-do-setor-do-agronegocio-em-momentos-de-covid-19-oportunidades-e-perspectivas\/"]}]},{"@type":"ImageObject","inLanguage":"pt-BR","@id":"https:\/\/www.institutodeengenharia.org.br\/site\/2020\/05\/22\/uma-visao-do-setor-do-agronegocio-em-momentos-de-covid-19-oportunidades-e-perspectivas\/#primaryimage","url":"https:\/\/www.institutodeengenharia.org.br\/site\/wp-content\/uploads\/2020\/05\/agrosss.jpg","contentUrl":"https:\/\/www.institutodeengenharia.org.br\/site\/wp-content\/uploads\/2020\/05\/agrosss.jpg","width":1035,"height":646},{"@type":"BreadcrumbList","@id":"https:\/\/www.institutodeengenharia.org.br\/site\/2020\/05\/22\/uma-visao-do-setor-do-agronegocio-em-momentos-de-covid-19-oportunidades-e-perspectivas\/#breadcrumb","itemListElement":[{"@type":"ListItem","position":1,"name":"In\u00edcio","item":"https:\/\/www.institutodeengenharia.org.br\/site\/"},{"@type":"ListItem","position":2,"name":"Uma vis\u00e3o do setor do Agroneg\u00f3cio em Momentos de Covid-19: Oportunidades e Perspectivas"}]},{"@type":"WebSite","@id":"https:\/\/www.institutodeengenharia.org.br\/site\/#website","url":"https:\/\/www.institutodeengenharia.org.br\/site\/","name":"Instituto de Engenharia","description":"O Instituto de Engenharia promove a Engenharia em benef\u00edcio do desenvolvimento e da qualidade de vida da sociedade.","publisher":{"@id":"https:\/\/www.institutodeengenharia.org.br\/site\/#organization"},"potentialAction":[{"@type":"SearchAction","target":{"@type":"EntryPoint","urlTemplate":"https:\/\/www.institutodeengenharia.org.br\/site\/?s={search_term_string}"},"query-input":{"@type":"PropertyValueSpecification","valueRequired":true,"valueName":"search_term_string"}}],"inLanguage":"pt-BR"},{"@type":"Organization","@id":"https:\/\/www.institutodeengenharia.org.br\/site\/#organization","name":"Instituto de Engenharia","url":"https:\/\/www.institutodeengenharia.org.br\/site\/","logo":{"@type":"ImageObject","inLanguage":"pt-BR","@id":"https:\/\/www.institutodeengenharia.org.br\/site\/#\/schema\/logo\/image\/","url":"https:\/\/www.institutodeengenharia.org.br\/site\/wp-content\/uploads\/2019\/03\/logo-novo-IE2018-1.jpg","contentUrl":"https:\/\/www.institutodeengenharia.org.br\/site\/wp-content\/uploads\/2019\/03\/logo-novo-IE2018-1.jpg","width":1486,"height":1879,"caption":"Instituto de Engenharia"},"image":{"@id":"https:\/\/www.institutodeengenharia.org.br\/site\/#\/schema\/logo\/image\/"},"sameAs":["https:\/\/www.facebook.com\/institutodeengenharia","https:\/\/x.com\/iengenharia","https:\/\/www.instagram.com\/institutodeengenharia\/","https:\/\/www.linkedin.com\/company\/instituto-de-engenharia\/","https:\/\/www.youtube.com\/channel\/UCXiCAlsSMe977vamW915HxA"]},{"@type":"Person","@id":"https:\/\/www.institutodeengenharia.org.br\/site\/#\/schema\/person\/d1764429c217aaa88954818c8f9a3036","name":"Isabel","image":{"@type":"ImageObject","inLanguage":"pt-BR","@id":"https:\/\/secure.gravatar.com\/avatar\/a91d60506c31a7cb05e69a21529f91908e538db3b21f58bfda4039be740fcb71?s=96&d=mm&r=g","url":"https:\/\/secure.gravatar.com\/avatar\/a91d60506c31a7cb05e69a21529f91908e538db3b21f58bfda4039be740fcb71?s=96&d=mm&r=g","contentUrl":"https:\/\/secure.gravatar.com\/avatar\/a91d60506c31a7cb05e69a21529f91908e538db3b21f58bfda4039be740fcb71?s=96&d=mm&r=g","caption":"Isabel"},"url":"https:\/\/www.institutodeengenharia.org.br\/site\/author\/isabel\/"}]}},"_links":{"self":[{"href":"https:\/\/www.institutodeengenharia.org.br\/site\/wp-json\/wp\/v2\/posts\/65714","targetHints":{"allow":["GET"]}}],"collection":[{"href":"https:\/\/www.institutodeengenharia.org.br\/site\/wp-json\/wp\/v2\/posts"}],"about":[{"href":"https:\/\/www.institutodeengenharia.org.br\/site\/wp-json\/wp\/v2\/types\/post"}],"author":[{"embeddable":true,"href":"https:\/\/www.institutodeengenharia.org.br\/site\/wp-json\/wp\/v2\/users\/2"}],"replies":[{"embeddable":true,"href":"https:\/\/www.institutodeengenharia.org.br\/site\/wp-json\/wp\/v2\/comments?post=65714"}],"version-history":[{"count":6,"href":"https:\/\/www.institutodeengenharia.org.br\/site\/wp-json\/wp\/v2\/posts\/65714\/revisions"}],"predecessor-version":[{"id":65987,"href":"https:\/\/www.institutodeengenharia.org.br\/site\/wp-json\/wp\/v2\/posts\/65714\/revisions\/65987"}],"wp:featuredmedia":[{"embeddable":true,"href":"https:\/\/www.institutodeengenharia.org.br\/site\/wp-json\/wp\/v2\/media\/65719"}],"wp:attachment":[{"href":"https:\/\/www.institutodeengenharia.org.br\/site\/wp-json\/wp\/v2\/media?parent=65714"}],"wp:term":[{"taxonomy":"category","embeddable":true,"href":"https:\/\/www.institutodeengenharia.org.br\/site\/wp-json\/wp\/v2\/categories?post=65714"},{"taxonomy":"post_tag","embeddable":true,"href":"https:\/\/www.institutodeengenharia.org.br\/site\/wp-json\/wp\/v2\/tags?post=65714"}],"curies":[{"name":"wp","href":"https:\/\/api.w.org\/{rel}","templated":true}]}}