{"id":65492,"date":"2020-05-18T15:06:30","date_gmt":"2020-05-18T18:06:30","guid":{"rendered":"https:\/\/www.institutodeengenharia.org.br\/site\/?p=65492"},"modified":"2020-05-21T12:13:33","modified_gmt":"2020-05-21T15:13:33","slug":"tendencias-tecnologicas-no-setor-automotivo","status":"publish","type":"post","link":"https:\/\/www.institutodeengenharia.org.br\/site\/2020\/05\/18\/tendencias-tecnologicas-no-setor-automotivo\/","title":{"rendered":"Tend\u00eancias Tecnol\u00f3gicas no Setor Automotivo"},"content":{"rendered":"<p>&nbsp;<\/p>\n<p>A palestra<strong>\u00a0Tend\u00eancias Tecnol\u00f3gicas no Setor Automotivo <\/strong>faz parte da\u00a0<em>S\u00e9rie Webinar: Brasil p\u00f3s-crise<\/em>, uma realiza\u00e7\u00e3o do Instituto de Engenharia.<\/p>\n<p><strong>Assista \u00e0 grava\u00e7\u00e3o do evento:<\/strong><\/p>\n<p><iframe loading=\"lazy\" src=\"https:\/\/player.vimeo.com\/video\/420874006\" width=\"640\" height=\"360\" frameborder=\"0\" allowfullscreen=\"allowfullscreen\"><\/iframe><\/p>\n<p><strong>Assista ao bate-papo do evento:<\/strong><\/p>\n<p><iframe loading=\"lazy\" src=\"https:\/\/player.vimeo.com\/video\/420874306\" width=\"640\" height=\"360\" frameborder=\"0\" allowfullscreen=\"allowfullscreen\"><\/iframe><\/p>\n<p>&nbsp;<\/p>\n<p><strong>Palestrante:<\/strong><\/p>\n<p><img loading=\"lazy\" decoding=\"async\" class=\"wp-image-64143 alignleft\" src=\"https:\/\/www.institutodeengenharia.org.br\/site\/wp-content\/uploads\/2020\/05\/ricardo.jpg\" alt=\"\" width=\"154\" height=\"154\" srcset=\"https:\/\/www.institutodeengenharia.org.br\/site\/wp-content\/uploads\/2020\/05\/ricardo.jpg 175w, https:\/\/www.institutodeengenharia.org.br\/site\/wp-content\/uploads\/2020\/05\/ricardo-150x150.jpg 150w, https:\/\/www.institutodeengenharia.org.br\/site\/wp-content\/uploads\/2020\/05\/ricardo-100x100.jpg 100w\" sizes=\"auto, (max-width: 154px) 100vw, 154px\" \/><\/p>\n<p><strong>Ricardo Yoshikazu\u00a0Takahira<\/strong><\/p>\n<p>Possui gradua\u00e7\u00e3o em Engenharia Eletr\u00f4nica e T\u00e9cnico com mais de 30 anos de experi\u00eancia em: Automa\u00e7\u00e3o Industrial, Instrumenta\u00e7\u00e3o Industrial, TI, Ind\u00fastria de TI, Localiza\u00e7\u00e3o e Design de Fabrica\u00e7\u00e3o de Perif\u00e9ricos de TI, Projetos de Direito Inform\u00e1tica, Treinamento e Suporte, Automotivo, Educa\u00e7\u00e3o, Projetos Financiados. Compet\u00eancias essenciais: Ve\u00edculos el\u00e9tricos, HEV, IoT, Tecnologia sem fio, Eletr\u00f4nica automotiva incorporada, Software, Conectividade: Telem\u00e1tica e infotainment, GPS, LBS, Fundos de Governo e programas de incentivo relacionados \u00e0 Inova\u00e7\u00e3o: Lei do BEM, Inovar Auto. Professor no SENAI nos aulas de Automa\u00e7\u00e3o de Controle, Microprocessadores, Eletricidade, Projetos, Suporte \u00e0 Ind\u00fastria, Multiplicador de Agente ISO TS 9000. Engenheiro de Design de Software Automotivo, Instrument Cluster, Multimedia, ECUs. L\u00edder de projeto dentro de tr\u00eas anos de atribui\u00e7\u00e3o internacional em Dearborn-EUA, certifica\u00e7\u00e3o CMM at\u00e9 n\u00edvel tr\u00eas, ISO QS TS, VDA, PPAP, APQP, SPICE, AUTOSAR. Desenvolvimento de neg\u00f3cios para informa\u00e7\u00f5es sobre motoristas, chassi e carroceria, entretenimento e telem\u00e1tica, mais de US$ 20 milh\u00f5es em indica\u00e7\u00f5es de neg\u00f3cios concedidas. Realiza\u00e7\u00e3o em submiss\u00e3o de projetos de tecnologia e inova\u00e7\u00e3o do FINEP de Subven\u00e7\u00e3o, Inova Brasil, Est\u00e1dio, Horizonte &#8211; FP6 \/ sete Projetos com ERTICO, FUNTTEL, INOVA ENERGIA, INOVA ELECOM.<\/p>\n<p>&nbsp;<\/p>\n","protected":false},"excerpt":{"rendered":"<p>&nbsp; A palestra\u00a0Tend\u00eancias Tecnol\u00f3gicas no Setor Automotivo faz parte da\u00a0S\u00e9rie Webinar: Brasil p\u00f3s-crise, uma realiza\u00e7\u00e3o do Instituto de Engenharia. Assista \u00e0 grava\u00e7\u00e3o do evento: Assista ao bate-papo do evento: &nbsp; Palestrante: Ricardo Yoshikazu\u00a0Takahira Possui gradua\u00e7\u00e3o em Engenharia Eletr\u00f4nica e T\u00e9cnico com mais de 30 anos de experi\u00eancia em: Automa\u00e7\u00e3o Industrial, Instrumenta\u00e7\u00e3o Industrial, TI, Ind\u00fastria de [&hellip;]<\/p>\n","protected":false},"author":13,"featured_media":65493,"comment_status":"open","ping_status":"open","sticky":false,"template":"","format":"standard","meta":{"footnotes":""},"categories":[968,969],"tags":[],"class_list":{"0":"post-65492","1":"post","2":"type-post","3":"status-publish","4":"format-standard","5":"has-post-thumbnail","7":"category-nova-tv-engenharia","8":"category-palestra"},"yoast_head":"<!-- This site is optimized with the Yoast SEO plugin v27.2 - https:\/\/yoast.com\/product\/yoast-seo-wordpress\/ -->\n<title>Tend\u00eancias Tecnol\u00f3gicas no Setor Automotivo - Instituto de Engenharia<\/title>\n<meta name=\"robots\" content=\"index, follow, max-snippet:-1, max-image-preview:large, max-video-preview:-1\" \/>\n<link rel=\"canonical\" href=\"https:\/\/www.institutodeengenharia.org.br\/site\/2020\/05\/18\/tendencias-tecnologicas-no-setor-automotivo\/\" \/>\n<meta property=\"og:locale\" content=\"pt_BR\" \/>\n<meta property=\"og:type\" content=\"article\" \/>\n<meta property=\"og:title\" content=\"Tend\u00eancias Tecnol\u00f3gicas no Setor Automotivo - Instituto de Engenharia\" \/>\n<meta property=\"og:description\" content=\"&nbsp; A palestra\u00a0Tend\u00eancias Tecnol\u00f3gicas no Setor Automotivo faz parte da\u00a0S\u00e9rie Webinar: Brasil p\u00f3s-crise, uma realiza\u00e7\u00e3o do Instituto de Engenharia. Assista \u00e0 grava\u00e7\u00e3o do evento: Assista ao bate-papo do evento: &nbsp; Palestrante: Ricardo Yoshikazu\u00a0Takahira Possui gradua\u00e7\u00e3o em Engenharia Eletr\u00f4nica e T\u00e9cnico com mais de 30 anos de experi\u00eancia em: Automa\u00e7\u00e3o Industrial, Instrumenta\u00e7\u00e3o Industrial, TI, Ind\u00fastria de [&hellip;]\" \/>\n<meta property=\"og:url\" content=\"https:\/\/www.institutodeengenharia.org.br\/site\/2020\/05\/18\/tendencias-tecnologicas-no-setor-automotivo\/\" \/>\n<meta property=\"og:site_name\" content=\"Instituto de Engenharia\" \/>\n<meta property=\"article:publisher\" content=\"https:\/\/www.facebook.com\/institutodeengenharia\" \/>\n<meta property=\"article:published_time\" content=\"2020-05-18T18:06:30+00:00\" \/>\n<meta property=\"article:modified_time\" content=\"2020-05-21T15:13:33+00:00\" \/>\n<meta property=\"og:image\" content=\"https:\/\/www.institutodeengenharia.org.br\/site\/wp-content\/uploads\/2020\/05\/automa\u00e7\u00e3o-tecnologia.jpg\" \/>\n\t<meta property=\"og:image:width\" content=\"1034\" \/>\n\t<meta property=\"og:image:height\" content=\"646\" \/>\n\t<meta property=\"og:image:type\" content=\"image\/jpeg\" \/>\n<meta name=\"author\" content=\"Bianca\" \/>\n<meta name=\"twitter:card\" content=\"summary_large_image\" \/>\n<meta name=\"twitter:creator\" content=\"@iengenharia\" \/>\n<meta name=\"twitter:site\" content=\"@iengenharia\" \/>\n<meta name=\"twitter:label1\" content=\"Escrito por\" \/>\n\t<meta name=\"twitter:data1\" content=\"Bianca\" \/>\n\t<meta name=\"twitter:label2\" content=\"Est. tempo de leitura\" \/>\n\t<meta name=\"twitter:data2\" content=\"1 minuto\" \/>\n<script type=\"application\/ld+json\" class=\"yoast-schema-graph\">{\"@context\":\"https:\/\/schema.org\",\"@graph\":[{\"@type\":\"Article\",\"@id\":\"https:\/\/www.institutodeengenharia.org.br\/site\/2020\/05\/18\/tendencias-tecnologicas-no-setor-automotivo\/#article\",\"isPartOf\":{\"@id\":\"https:\/\/www.institutodeengenharia.org.br\/site\/2020\/05\/18\/tendencias-tecnologicas-no-setor-automotivo\/\"},\"author\":{\"name\":\"Bianca\",\"@id\":\"https:\/\/www.institutodeengenharia.org.br\/site\/#\/schema\/person\/aeb64951c405e100d26d30b033dd423f\"},\"headline\":\"Tend\u00eancias Tecnol\u00f3gicas no Setor Automotivo\",\"datePublished\":\"2020-05-18T18:06:30+00:00\",\"dateModified\":\"2020-05-21T15:13:33+00:00\",\"mainEntityOfPage\":{\"@id\":\"https:\/\/www.institutodeengenharia.org.br\/site\/2020\/05\/18\/tendencias-tecnologicas-no-setor-automotivo\/\"},\"wordCount\":265,\"commentCount\":0,\"publisher\":{\"@id\":\"https:\/\/www.institutodeengenharia.org.br\/site\/#organization\"},\"image\":{\"@id\":\"https:\/\/www.institutodeengenharia.org.br\/site\/2020\/05\/18\/tendencias-tecnologicas-no-setor-automotivo\/#primaryimage\"},\"thumbnailUrl\":\"https:\/\/www.institutodeengenharia.org.br\/site\/wp-content\/uploads\/2020\/05\/automa\u00e7\u00e3o-tecnologia.jpg\",\"articleSection\":[\"Nova TV Engenharia\",\"Palestra\"],\"inLanguage\":\"pt-BR\",\"potentialAction\":[{\"@type\":\"CommentAction\",\"name\":\"Comment\",\"target\":[\"https:\/\/www.institutodeengenharia.org.br\/site\/2020\/05\/18\/tendencias-tecnologicas-no-setor-automotivo\/#respond\"]}]},{\"@type\":\"WebPage\",\"@id\":\"https:\/\/www.institutodeengenharia.org.br\/site\/2020\/05\/18\/tendencias-tecnologicas-no-setor-automotivo\/\",\"url\":\"https:\/\/www.institutodeengenharia.org.br\/site\/2020\/05\/18\/tendencias-tecnologicas-no-setor-automotivo\/\",\"name\":\"Tend\u00eancias Tecnol\u00f3gicas no Setor Automotivo - Instituto de Engenharia\",\"isPartOf\":{\"@id\":\"https:\/\/www.institutodeengenharia.org.br\/site\/#website\"},\"primaryImageOfPage\":{\"@id\":\"https:\/\/www.institutodeengenharia.org.br\/site\/2020\/05\/18\/tendencias-tecnologicas-no-setor-automotivo\/#primaryimage\"},\"image\":{\"@id\":\"https:\/\/www.institutodeengenharia.org.br\/site\/2020\/05\/18\/tendencias-tecnologicas-no-setor-automotivo\/#primaryimage\"},\"thumbnailUrl\":\"https:\/\/www.institutodeengenharia.org.br\/site\/wp-content\/uploads\/2020\/05\/automa\u00e7\u00e3o-tecnologia.jpg\",\"datePublished\":\"2020-05-18T18:06:30+00:00\",\"dateModified\":\"2020-05-21T15:13:33+00:00\",\"breadcrumb\":{\"@id\":\"https:\/\/www.institutodeengenharia.org.br\/site\/2020\/05\/18\/tendencias-tecnologicas-no-setor-automotivo\/#breadcrumb\"},\"inLanguage\":\"pt-BR\",\"potentialAction\":[{\"@type\":\"ReadAction\",\"target\":[\"https:\/\/www.institutodeengenharia.org.br\/site\/2020\/05\/18\/tendencias-tecnologicas-no-setor-automotivo\/\"]}]},{\"@type\":\"ImageObject\",\"inLanguage\":\"pt-BR\",\"@id\":\"https:\/\/www.institutodeengenharia.org.br\/site\/2020\/05\/18\/tendencias-tecnologicas-no-setor-automotivo\/#primaryimage\",\"url\":\"https:\/\/www.institutodeengenharia.org.br\/site\/wp-content\/uploads\/2020\/05\/automa\u00e7\u00e3o-tecnologia.jpg\",\"contentUrl\":\"https:\/\/www.institutodeengenharia.org.br\/site\/wp-content\/uploads\/2020\/05\/automa\u00e7\u00e3o-tecnologia.jpg\",\"width\":1034,\"height\":646},{\"@type\":\"BreadcrumbList\",\"@id\":\"https:\/\/www.institutodeengenharia.org.br\/site\/2020\/05\/18\/tendencias-tecnologicas-no-setor-automotivo\/#breadcrumb\",\"itemListElement\":[{\"@type\":\"ListItem\",\"position\":1,\"name\":\"In\u00edcio\",\"item\":\"https:\/\/www.institutodeengenharia.org.br\/site\/\"},{\"@type\":\"ListItem\",\"position\":2,\"name\":\"Tend\u00eancias Tecnol\u00f3gicas no Setor Automotivo\"}]},{\"@type\":\"WebSite\",\"@id\":\"https:\/\/www.institutodeengenharia.org.br\/site\/#website\",\"url\":\"https:\/\/www.institutodeengenharia.org.br\/site\/\",\"name\":\"Instituto de Engenharia\",\"description\":\"O Instituto de Engenharia promove a Engenharia em benef\u00edcio do desenvolvimento e da qualidade de vida da sociedade.\",\"publisher\":{\"@id\":\"https:\/\/www.institutodeengenharia.org.br\/site\/#organization\"},\"potentialAction\":[{\"@type\":\"SearchAction\",\"target\":{\"@type\":\"EntryPoint\",\"urlTemplate\":\"https:\/\/www.institutodeengenharia.org.br\/site\/?s={search_term_string}\"},\"query-input\":{\"@type\":\"PropertyValueSpecification\",\"valueRequired\":true,\"valueName\":\"search_term_string\"}}],\"inLanguage\":\"pt-BR\"},{\"@type\":\"Organization\",\"@id\":\"https:\/\/www.institutodeengenharia.org.br\/site\/#organization\",\"name\":\"Instituto de Engenharia\",\"url\":\"https:\/\/www.institutodeengenharia.org.br\/site\/\",\"logo\":{\"@type\":\"ImageObject\",\"inLanguage\":\"pt-BR\",\"@id\":\"https:\/\/www.institutodeengenharia.org.br\/site\/#\/schema\/logo\/image\/\",\"url\":\"https:\/\/www.institutodeengenharia.org.br\/site\/wp-content\/uploads\/2019\/03\/logo-novo-IE2018-1.jpg\",\"contentUrl\":\"https:\/\/www.institutodeengenharia.org.br\/site\/wp-content\/uploads\/2019\/03\/logo-novo-IE2018-1.jpg\",\"width\":1486,\"height\":1879,\"caption\":\"Instituto de Engenharia\"},\"image\":{\"@id\":\"https:\/\/www.institutodeengenharia.org.br\/site\/#\/schema\/logo\/image\/\"},\"sameAs\":[\"https:\/\/www.facebook.com\/institutodeengenharia\",\"https:\/\/x.com\/iengenharia\",\"https:\/\/www.instagram.com\/institutodeengenharia\/\",\"https:\/\/www.linkedin.com\/company\/instituto-de-engenharia\/\",\"https:\/\/www.youtube.com\/channel\/UCXiCAlsSMe977vamW915HxA\"]},{\"@type\":\"Person\",\"@id\":\"https:\/\/www.institutodeengenharia.org.br\/site\/#\/schema\/person\/aeb64951c405e100d26d30b033dd423f\",\"name\":\"Bianca\",\"image\":{\"@type\":\"ImageObject\",\"inLanguage\":\"pt-BR\",\"@id\":\"https:\/\/secure.gravatar.com\/avatar\/a6fbe9bff57405baf4c1e2c5c1811e072b558253974a9f9508f4678900c97c2a?s=96&d=mm&r=g\",\"url\":\"https:\/\/secure.gravatar.com\/avatar\/a6fbe9bff57405baf4c1e2c5c1811e072b558253974a9f9508f4678900c97c2a?s=96&d=mm&r=g\",\"contentUrl\":\"https:\/\/secure.gravatar.com\/avatar\/a6fbe9bff57405baf4c1e2c5c1811e072b558253974a9f9508f4678900c97c2a?s=96&d=mm&r=g\",\"caption\":\"Bianca\"},\"url\":\"https:\/\/www.institutodeengenharia.org.br\/site\/author\/comunicacao1\/\"}]}<\/script>\n<!-- \/ Yoast SEO plugin. -->","yoast_head_json":{"title":"Tend\u00eancias Tecnol\u00f3gicas no Setor Automotivo - Instituto de Engenharia","robots":{"index":"index","follow":"follow","max-snippet":"max-snippet:-1","max-image-preview":"max-image-preview:large","max-video-preview":"max-video-preview:-1"},"canonical":"https:\/\/www.institutodeengenharia.org.br\/site\/2020\/05\/18\/tendencias-tecnologicas-no-setor-automotivo\/","og_locale":"pt_BR","og_type":"article","og_title":"Tend\u00eancias Tecnol\u00f3gicas no Setor Automotivo - Instituto de Engenharia","og_description":"&nbsp; A palestra\u00a0Tend\u00eancias Tecnol\u00f3gicas no Setor Automotivo faz parte da\u00a0S\u00e9rie Webinar: Brasil p\u00f3s-crise, uma realiza\u00e7\u00e3o do Instituto de Engenharia. Assista \u00e0 grava\u00e7\u00e3o do evento: Assista ao bate-papo do evento: &nbsp; Palestrante: Ricardo Yoshikazu\u00a0Takahira Possui gradua\u00e7\u00e3o em Engenharia Eletr\u00f4nica e T\u00e9cnico com mais de 30 anos de experi\u00eancia em: Automa\u00e7\u00e3o Industrial, Instrumenta\u00e7\u00e3o Industrial, TI, Ind\u00fastria de [&hellip;]","og_url":"https:\/\/www.institutodeengenharia.org.br\/site\/2020\/05\/18\/tendencias-tecnologicas-no-setor-automotivo\/","og_site_name":"Instituto de Engenharia","article_publisher":"https:\/\/www.facebook.com\/institutodeengenharia","article_published_time":"2020-05-18T18:06:30+00:00","article_modified_time":"2020-05-21T15:13:33+00:00","og_image":[{"width":1034,"height":646,"url":"https:\/\/www.institutodeengenharia.org.br\/site\/wp-content\/uploads\/2020\/05\/automa\u00e7\u00e3o-tecnologia.jpg","type":"image\/jpeg"}],"author":"Bianca","twitter_card":"summary_large_image","twitter_creator":"@iengenharia","twitter_site":"@iengenharia","twitter_misc":{"Escrito por":"Bianca","Est. tempo de leitura":"1 minuto"},"schema":{"@context":"https:\/\/schema.org","@graph":[{"@type":"Article","@id":"https:\/\/www.institutodeengenharia.org.br\/site\/2020\/05\/18\/tendencias-tecnologicas-no-setor-automotivo\/#article","isPartOf":{"@id":"https:\/\/www.institutodeengenharia.org.br\/site\/2020\/05\/18\/tendencias-tecnologicas-no-setor-automotivo\/"},"author":{"name":"Bianca","@id":"https:\/\/www.institutodeengenharia.org.br\/site\/#\/schema\/person\/aeb64951c405e100d26d30b033dd423f"},"headline":"Tend\u00eancias Tecnol\u00f3gicas no Setor Automotivo","datePublished":"2020-05-18T18:06:30+00:00","dateModified":"2020-05-21T15:13:33+00:00","mainEntityOfPage":{"@id":"https:\/\/www.institutodeengenharia.org.br\/site\/2020\/05\/18\/tendencias-tecnologicas-no-setor-automotivo\/"},"wordCount":265,"commentCount":0,"publisher":{"@id":"https:\/\/www.institutodeengenharia.org.br\/site\/#organization"},"image":{"@id":"https:\/\/www.institutodeengenharia.org.br\/site\/2020\/05\/18\/tendencias-tecnologicas-no-setor-automotivo\/#primaryimage"},"thumbnailUrl":"https:\/\/www.institutodeengenharia.org.br\/site\/wp-content\/uploads\/2020\/05\/automa\u00e7\u00e3o-tecnologia.jpg","articleSection":["Nova TV Engenharia","Palestra"],"inLanguage":"pt-BR","potentialAction":[{"@type":"CommentAction","name":"Comment","target":["https:\/\/www.institutodeengenharia.org.br\/site\/2020\/05\/18\/tendencias-tecnologicas-no-setor-automotivo\/#respond"]}]},{"@type":"WebPage","@id":"https:\/\/www.institutodeengenharia.org.br\/site\/2020\/05\/18\/tendencias-tecnologicas-no-setor-automotivo\/","url":"https:\/\/www.institutodeengenharia.org.br\/site\/2020\/05\/18\/tendencias-tecnologicas-no-setor-automotivo\/","name":"Tend\u00eancias Tecnol\u00f3gicas no Setor Automotivo - Instituto de Engenharia","isPartOf":{"@id":"https:\/\/www.institutodeengenharia.org.br\/site\/#website"},"primaryImageOfPage":{"@id":"https:\/\/www.institutodeengenharia.org.br\/site\/2020\/05\/18\/tendencias-tecnologicas-no-setor-automotivo\/#primaryimage"},"image":{"@id":"https:\/\/www.institutodeengenharia.org.br\/site\/2020\/05\/18\/tendencias-tecnologicas-no-setor-automotivo\/#primaryimage"},"thumbnailUrl":"https:\/\/www.institutodeengenharia.org.br\/site\/wp-content\/uploads\/2020\/05\/automa\u00e7\u00e3o-tecnologia.jpg","datePublished":"2020-05-18T18:06:30+00:00","dateModified":"2020-05-21T15:13:33+00:00","breadcrumb":{"@id":"https:\/\/www.institutodeengenharia.org.br\/site\/2020\/05\/18\/tendencias-tecnologicas-no-setor-automotivo\/#breadcrumb"},"inLanguage":"pt-BR","potentialAction":[{"@type":"ReadAction","target":["https:\/\/www.institutodeengenharia.org.br\/site\/2020\/05\/18\/tendencias-tecnologicas-no-setor-automotivo\/"]}]},{"@type":"ImageObject","inLanguage":"pt-BR","@id":"https:\/\/www.institutodeengenharia.org.br\/site\/2020\/05\/18\/tendencias-tecnologicas-no-setor-automotivo\/#primaryimage","url":"https:\/\/www.institutodeengenharia.org.br\/site\/wp-content\/uploads\/2020\/05\/automa\u00e7\u00e3o-tecnologia.jpg","contentUrl":"https:\/\/www.institutodeengenharia.org.br\/site\/wp-content\/uploads\/2020\/05\/automa\u00e7\u00e3o-tecnologia.jpg","width":1034,"height":646},{"@type":"BreadcrumbList","@id":"https:\/\/www.institutodeengenharia.org.br\/site\/2020\/05\/18\/tendencias-tecnologicas-no-setor-automotivo\/#breadcrumb","itemListElement":[{"@type":"ListItem","position":1,"name":"In\u00edcio","item":"https:\/\/www.institutodeengenharia.org.br\/site\/"},{"@type":"ListItem","position":2,"name":"Tend\u00eancias Tecnol\u00f3gicas no Setor Automotivo"}]},{"@type":"WebSite","@id":"https:\/\/www.institutodeengenharia.org.br\/site\/#website","url":"https:\/\/www.institutodeengenharia.org.br\/site\/","name":"Instituto de Engenharia","description":"O Instituto de Engenharia promove a Engenharia em benef\u00edcio do desenvolvimento e da qualidade de vida da sociedade.","publisher":{"@id":"https:\/\/www.institutodeengenharia.org.br\/site\/#organization"},"potentialAction":[{"@type":"SearchAction","target":{"@type":"EntryPoint","urlTemplate":"https:\/\/www.institutodeengenharia.org.br\/site\/?s={search_term_string}"},"query-input":{"@type":"PropertyValueSpecification","valueRequired":true,"valueName":"search_term_string"}}],"inLanguage":"pt-BR"},{"@type":"Organization","@id":"https:\/\/www.institutodeengenharia.org.br\/site\/#organization","name":"Instituto de Engenharia","url":"https:\/\/www.institutodeengenharia.org.br\/site\/","logo":{"@type":"ImageObject","inLanguage":"pt-BR","@id":"https:\/\/www.institutodeengenharia.org.br\/site\/#\/schema\/logo\/image\/","url":"https:\/\/www.institutodeengenharia.org.br\/site\/wp-content\/uploads\/2019\/03\/logo-novo-IE2018-1.jpg","contentUrl":"https:\/\/www.institutodeengenharia.org.br\/site\/wp-content\/uploads\/2019\/03\/logo-novo-IE2018-1.jpg","width":1486,"height":1879,"caption":"Instituto de Engenharia"},"image":{"@id":"https:\/\/www.institutodeengenharia.org.br\/site\/#\/schema\/logo\/image\/"},"sameAs":["https:\/\/www.facebook.com\/institutodeengenharia","https:\/\/x.com\/iengenharia","https:\/\/www.instagram.com\/institutodeengenharia\/","https:\/\/www.linkedin.com\/company\/instituto-de-engenharia\/","https:\/\/www.youtube.com\/channel\/UCXiCAlsSMe977vamW915HxA"]},{"@type":"Person","@id":"https:\/\/www.institutodeengenharia.org.br\/site\/#\/schema\/person\/aeb64951c405e100d26d30b033dd423f","name":"Bianca","image":{"@type":"ImageObject","inLanguage":"pt-BR","@id":"https:\/\/secure.gravatar.com\/avatar\/a6fbe9bff57405baf4c1e2c5c1811e072b558253974a9f9508f4678900c97c2a?s=96&d=mm&r=g","url":"https:\/\/secure.gravatar.com\/avatar\/a6fbe9bff57405baf4c1e2c5c1811e072b558253974a9f9508f4678900c97c2a?s=96&d=mm&r=g","contentUrl":"https:\/\/secure.gravatar.com\/avatar\/a6fbe9bff57405baf4c1e2c5c1811e072b558253974a9f9508f4678900c97c2a?s=96&d=mm&r=g","caption":"Bianca"},"url":"https:\/\/www.institutodeengenharia.org.br\/site\/author\/comunicacao1\/"}]}},"_links":{"self":[{"href":"https:\/\/www.institutodeengenharia.org.br\/site\/wp-json\/wp\/v2\/posts\/65492","targetHints":{"allow":["GET"]}}],"collection":[{"href":"https:\/\/www.institutodeengenharia.org.br\/site\/wp-json\/wp\/v2\/posts"}],"about":[{"href":"https:\/\/www.institutodeengenharia.org.br\/site\/wp-json\/wp\/v2\/types\/post"}],"author":[{"embeddable":true,"href":"https:\/\/www.institutodeengenharia.org.br\/site\/wp-json\/wp\/v2\/users\/13"}],"replies":[{"embeddable":true,"href":"https:\/\/www.institutodeengenharia.org.br\/site\/wp-json\/wp\/v2\/comments?post=65492"}],"version-history":[{"count":1,"href":"https:\/\/www.institutodeengenharia.org.br\/site\/wp-json\/wp\/v2\/posts\/65492\/revisions"}],"predecessor-version":[{"id":65494,"href":"https:\/\/www.institutodeengenharia.org.br\/site\/wp-json\/wp\/v2\/posts\/65492\/revisions\/65494"}],"wp:featuredmedia":[{"embeddable":true,"href":"https:\/\/www.institutodeengenharia.org.br\/site\/wp-json\/wp\/v2\/media\/65493"}],"wp:attachment":[{"href":"https:\/\/www.institutodeengenharia.org.br\/site\/wp-json\/wp\/v2\/media?parent=65492"}],"wp:term":[{"taxonomy":"category","embeddable":true,"href":"https:\/\/www.institutodeengenharia.org.br\/site\/wp-json\/wp\/v2\/categories?post=65492"},{"taxonomy":"post_tag","embeddable":true,"href":"https:\/\/www.institutodeengenharia.org.br\/site\/wp-json\/wp\/v2\/tags?post=65492"}],"curies":[{"name":"wp","href":"https:\/\/api.w.org\/{rel}","templated":true}]}}