{"id":64978,"date":"2020-05-15T10:36:51","date_gmt":"2020-05-15T13:36:51","guid":{"rendered":"https:\/\/www.institutodeengenharia.org.br\/site\/?p=64978"},"modified":"2020-05-19T12:42:13","modified_gmt":"2020-05-19T15:42:13","slug":"impressoes-da-classe-jornalistica-com-respeito-a-novas-tecnologias-de-midia-e-perfil-da-sociedade-uma-nova-normalidade","status":"publish","type":"post","link":"https:\/\/www.institutodeengenharia.org.br\/site\/2020\/05\/15\/impressoes-da-classe-jornalistica-com-respeito-a-novas-tecnologias-de-midia-e-perfil-da-sociedade-uma-nova-normalidade\/","title":{"rendered":"Impress\u00f5es da classe jornal\u00edstica com respeito a novas tecnologias de m\u00eddia e perfil da sociedade &#8211; Uma nova normalidade"},"content":{"rendered":"<p>&nbsp;<\/p>\n<p>A palestra<strong>\u00a0Impress\u00f5es da classe jornal\u00edstica com respeito a novas tecnologias de m\u00eddia e perfil da sociedade &#8211; Uma nova normalidade <\/strong>faz parte da\u00a0<em>S\u00e9rie Webinar: Brasil p\u00f3s-crise<\/em>, uma realiza\u00e7\u00e3o do Instituto de Engenharia.<\/p>\n<p><strong>Assista \u00e0 grava\u00e7\u00e3o do evento:<\/strong><\/p>\n<p>&nbsp;<\/p>\n<p><iframe loading=\"lazy\" src=\"https:\/\/player.vimeo.com\/video\/420320497\" width=\"640\" height=\"360\" frameborder=\"0\" allowfullscreen=\"allowfullscreen\"><\/iframe><\/p>\n<p>&nbsp;<\/p>\n<p>&nbsp;<\/p>\n<p><strong>Palestrante:<\/strong><\/p>\n<p><img loading=\"lazy\" decoding=\"async\" class=\"wp-image-64091 alignleft\" src=\"https:\/\/www.institutodeengenharia.org.br\/site\/wp-content\/uploads\/2020\/05\/jos\u00e9-gon\u00e7alves-pereira-neto.jpg\" alt=\"\" width=\"152\" height=\"172\" \/><\/p>\n<p><strong>Jos\u00e9 Gon\u00e7alves Pereira Neto<\/strong><\/p>\n<p>Formado em Jornalismo pela Faculdade C\u00e1sper L\u00edbero, com especializa\u00e7\u00e3o em Comunica\u00e7\u00e3o Corporativa pelo Aberje\/Syracuse University, e Newhouse College de New York. Possui mais de 25 anos de experi\u00eancia em jornalismo, gest\u00e3o de crise e assessoria de imprensa, para importantes ve\u00edculos, como a <em>Folha de S.Paulo <\/em>e a Editora Globo, e foi rep\u00f3rter do jornal <em>O Estado de S.Paulo<\/em>. Como assessor de imprensa esteve \u00e0 frente da comunica\u00e7\u00e3o externa de empresas como Syngenta, Yahoo! e McDonald\u2019s, entre outras. Esteve \u00e0 frente da comunica\u00e7\u00e3o externa e de imprensa da Siemens no Brasil durante mais de uma d\u00e9cada, participando do reconhecimento por cinco anos como uma das empresas que melhor se comunicam com jornalistas. Atuou no processo de superar uma das maiores crises corporativas no Brasil, pr\u00e9-Lava Jato, levando a Siemens e seus executivos serem uma refer\u00eancia em Compliance. Atualmente \u00e9 consultor de comunica\u00e7\u00e3o e gestor de crise.<\/p>\n","protected":false},"excerpt":{"rendered":"<p>&nbsp; A palestra\u00a0Impress\u00f5es da classe jornal\u00edstica com respeito a novas tecnologias de m\u00eddia e perfil da sociedade &#8211; Uma nova normalidade faz parte da\u00a0S\u00e9rie Webinar: Brasil p\u00f3s-crise, uma realiza\u00e7\u00e3o do Instituto de Engenharia. Assista \u00e0 grava\u00e7\u00e3o do evento: &nbsp; &nbsp; &nbsp; Palestrante: Jos\u00e9 Gon\u00e7alves Pereira Neto Formado em Jornalismo pela Faculdade C\u00e1sper L\u00edbero, com especializa\u00e7\u00e3o [&hellip;]<\/p>\n","protected":false},"author":13,"featured_media":64979,"comment_status":"open","ping_status":"open","sticky":false,"template":"","format":"standard","meta":{"footnotes":""},"categories":[968,969],"tags":[],"class_list":{"0":"post-64978","1":"post","2":"type-post","3":"status-publish","4":"format-standard","5":"has-post-thumbnail","7":"category-nova-tv-engenharia","8":"category-palestra"},"yoast_head":"<!-- This site is optimized with the Yoast SEO plugin v27.2 - https:\/\/yoast.com\/product\/yoast-seo-wordpress\/ -->\n<title>Impress\u00f5es da classe jornal\u00edstica com respeito a novas tecnologias de m\u00eddia e perfil da sociedade - Uma nova normalidade - Instituto de Engenharia<\/title>\n<meta name=\"robots\" content=\"index, follow, max-snippet:-1, max-image-preview:large, max-video-preview:-1\" \/>\n<link rel=\"canonical\" href=\"https:\/\/www.institutodeengenharia.org.br\/site\/2020\/05\/15\/impressoes-da-classe-jornalistica-com-respeito-a-novas-tecnologias-de-midia-e-perfil-da-sociedade-uma-nova-normalidade\/\" \/>\n<meta property=\"og:locale\" content=\"pt_BR\" \/>\n<meta property=\"og:type\" content=\"article\" \/>\n<meta property=\"og:title\" content=\"Impress\u00f5es da classe jornal\u00edstica com respeito a novas tecnologias de m\u00eddia e perfil da sociedade - Uma nova normalidade - Instituto de Engenharia\" \/>\n<meta property=\"og:description\" content=\"&nbsp; A palestra\u00a0Impress\u00f5es da classe jornal\u00edstica com respeito a novas tecnologias de m\u00eddia e perfil da sociedade &#8211; Uma nova normalidade faz parte da\u00a0S\u00e9rie Webinar: Brasil p\u00f3s-crise, uma realiza\u00e7\u00e3o do Instituto de Engenharia. Assista \u00e0 grava\u00e7\u00e3o do evento: &nbsp; &nbsp; &nbsp; Palestrante: Jos\u00e9 Gon\u00e7alves Pereira Neto Formado em Jornalismo pela Faculdade C\u00e1sper L\u00edbero, com especializa\u00e7\u00e3o [&hellip;]\" \/>\n<meta property=\"og:url\" content=\"https:\/\/www.institutodeengenharia.org.br\/site\/2020\/05\/15\/impressoes-da-classe-jornalistica-com-respeito-a-novas-tecnologias-de-midia-e-perfil-da-sociedade-uma-nova-normalidade\/\" \/>\n<meta property=\"og:site_name\" content=\"Instituto de Engenharia\" \/>\n<meta property=\"article:publisher\" content=\"https:\/\/www.facebook.com\/institutodeengenharia\" \/>\n<meta property=\"article:published_time\" content=\"2020-05-15T13:36:51+00:00\" \/>\n<meta property=\"article:modified_time\" content=\"2020-05-19T15:42:13+00:00\" \/>\n<meta property=\"og:image\" content=\"https:\/\/www.institutodeengenharia.org.br\/site\/wp-content\/uploads\/2020\/05\/jornalismo-e-tec..jpg\" \/>\n\t<meta property=\"og:image:width\" content=\"1034\" \/>\n\t<meta property=\"og:image:height\" content=\"646\" \/>\n\t<meta property=\"og:image:type\" content=\"image\/jpeg\" \/>\n<meta name=\"author\" content=\"Bianca\" \/>\n<meta name=\"twitter:card\" content=\"summary_large_image\" \/>\n<meta name=\"twitter:creator\" content=\"@iengenharia\" \/>\n<meta name=\"twitter:site\" content=\"@iengenharia\" \/>\n<meta name=\"twitter:label1\" content=\"Escrito por\" \/>\n\t<meta name=\"twitter:data1\" content=\"Bianca\" \/>\n\t<meta name=\"twitter:label2\" content=\"Est. tempo de leitura\" \/>\n\t<meta name=\"twitter:data2\" content=\"1 minuto\" \/>\n<script type=\"application\/ld+json\" class=\"yoast-schema-graph\">{\"@context\":\"https:\/\/schema.org\",\"@graph\":[{\"@type\":\"Article\",\"@id\":\"https:\/\/www.institutodeengenharia.org.br\/site\/2020\/05\/15\/impressoes-da-classe-jornalistica-com-respeito-a-novas-tecnologias-de-midia-e-perfil-da-sociedade-uma-nova-normalidade\/#article\",\"isPartOf\":{\"@id\":\"https:\/\/www.institutodeengenharia.org.br\/site\/2020\/05\/15\/impressoes-da-classe-jornalistica-com-respeito-a-novas-tecnologias-de-midia-e-perfil-da-sociedade-uma-nova-normalidade\/\"},\"author\":{\"name\":\"Bianca\",\"@id\":\"https:\/\/www.institutodeengenharia.org.br\/site\/#\/schema\/person\/aeb64951c405e100d26d30b033dd423f\"},\"headline\":\"Impress\u00f5es da classe jornal\u00edstica com respeito a novas tecnologias de m\u00eddia e perfil da sociedade &#8211; Uma nova normalidade\",\"datePublished\":\"2020-05-15T13:36:51+00:00\",\"dateModified\":\"2020-05-19T15:42:13+00:00\",\"mainEntityOfPage\":{\"@id\":\"https:\/\/www.institutodeengenharia.org.br\/site\/2020\/05\/15\/impressoes-da-classe-jornalistica-com-respeito-a-novas-tecnologias-de-midia-e-perfil-da-sociedade-uma-nova-normalidade\/\"},\"wordCount\":236,\"commentCount\":0,\"publisher\":{\"@id\":\"https:\/\/www.institutodeengenharia.org.br\/site\/#organization\"},\"image\":{\"@id\":\"https:\/\/www.institutodeengenharia.org.br\/site\/2020\/05\/15\/impressoes-da-classe-jornalistica-com-respeito-a-novas-tecnologias-de-midia-e-perfil-da-sociedade-uma-nova-normalidade\/#primaryimage\"},\"thumbnailUrl\":\"https:\/\/www.institutodeengenharia.org.br\/site\/wp-content\/uploads\/2020\/05\/jornalismo-e-tec..jpg\",\"articleSection\":[\"Nova TV Engenharia\",\"Palestra\"],\"inLanguage\":\"pt-BR\",\"potentialAction\":[{\"@type\":\"CommentAction\",\"name\":\"Comment\",\"target\":[\"https:\/\/www.institutodeengenharia.org.br\/site\/2020\/05\/15\/impressoes-da-classe-jornalistica-com-respeito-a-novas-tecnologias-de-midia-e-perfil-da-sociedade-uma-nova-normalidade\/#respond\"]}]},{\"@type\":\"WebPage\",\"@id\":\"https:\/\/www.institutodeengenharia.org.br\/site\/2020\/05\/15\/impressoes-da-classe-jornalistica-com-respeito-a-novas-tecnologias-de-midia-e-perfil-da-sociedade-uma-nova-normalidade\/\",\"url\":\"https:\/\/www.institutodeengenharia.org.br\/site\/2020\/05\/15\/impressoes-da-classe-jornalistica-com-respeito-a-novas-tecnologias-de-midia-e-perfil-da-sociedade-uma-nova-normalidade\/\",\"name\":\"Impress\u00f5es da classe jornal\u00edstica com respeito a novas tecnologias de m\u00eddia e perfil da sociedade - Uma nova normalidade - Instituto de Engenharia\",\"isPartOf\":{\"@id\":\"https:\/\/www.institutodeengenharia.org.br\/site\/#website\"},\"primaryImageOfPage\":{\"@id\":\"https:\/\/www.institutodeengenharia.org.br\/site\/2020\/05\/15\/impressoes-da-classe-jornalistica-com-respeito-a-novas-tecnologias-de-midia-e-perfil-da-sociedade-uma-nova-normalidade\/#primaryimage\"},\"image\":{\"@id\":\"https:\/\/www.institutodeengenharia.org.br\/site\/2020\/05\/15\/impressoes-da-classe-jornalistica-com-respeito-a-novas-tecnologias-de-midia-e-perfil-da-sociedade-uma-nova-normalidade\/#primaryimage\"},\"thumbnailUrl\":\"https:\/\/www.institutodeengenharia.org.br\/site\/wp-content\/uploads\/2020\/05\/jornalismo-e-tec..jpg\",\"datePublished\":\"2020-05-15T13:36:51+00:00\",\"dateModified\":\"2020-05-19T15:42:13+00:00\",\"breadcrumb\":{\"@id\":\"https:\/\/www.institutodeengenharia.org.br\/site\/2020\/05\/15\/impressoes-da-classe-jornalistica-com-respeito-a-novas-tecnologias-de-midia-e-perfil-da-sociedade-uma-nova-normalidade\/#breadcrumb\"},\"inLanguage\":\"pt-BR\",\"potentialAction\":[{\"@type\":\"ReadAction\",\"target\":[\"https:\/\/www.institutodeengenharia.org.br\/site\/2020\/05\/15\/impressoes-da-classe-jornalistica-com-respeito-a-novas-tecnologias-de-midia-e-perfil-da-sociedade-uma-nova-normalidade\/\"]}]},{\"@type\":\"ImageObject\",\"inLanguage\":\"pt-BR\",\"@id\":\"https:\/\/www.institutodeengenharia.org.br\/site\/2020\/05\/15\/impressoes-da-classe-jornalistica-com-respeito-a-novas-tecnologias-de-midia-e-perfil-da-sociedade-uma-nova-normalidade\/#primaryimage\",\"url\":\"https:\/\/www.institutodeengenharia.org.br\/site\/wp-content\/uploads\/2020\/05\/jornalismo-e-tec..jpg\",\"contentUrl\":\"https:\/\/www.institutodeengenharia.org.br\/site\/wp-content\/uploads\/2020\/05\/jornalismo-e-tec..jpg\",\"width\":1034,\"height\":646},{\"@type\":\"BreadcrumbList\",\"@id\":\"https:\/\/www.institutodeengenharia.org.br\/site\/2020\/05\/15\/impressoes-da-classe-jornalistica-com-respeito-a-novas-tecnologias-de-midia-e-perfil-da-sociedade-uma-nova-normalidade\/#breadcrumb\",\"itemListElement\":[{\"@type\":\"ListItem\",\"position\":1,\"name\":\"In\u00edcio\",\"item\":\"https:\/\/www.institutodeengenharia.org.br\/site\/\"},{\"@type\":\"ListItem\",\"position\":2,\"name\":\"Impress\u00f5es da classe jornal\u00edstica com respeito a novas tecnologias de m\u00eddia e perfil da sociedade &#8211; Uma nova normalidade\"}]},{\"@type\":\"WebSite\",\"@id\":\"https:\/\/www.institutodeengenharia.org.br\/site\/#website\",\"url\":\"https:\/\/www.institutodeengenharia.org.br\/site\/\",\"name\":\"Instituto de Engenharia\",\"description\":\"O Instituto de Engenharia promove a Engenharia em benef\u00edcio do desenvolvimento e da qualidade de vida da sociedade.\",\"publisher\":{\"@id\":\"https:\/\/www.institutodeengenharia.org.br\/site\/#organization\"},\"potentialAction\":[{\"@type\":\"SearchAction\",\"target\":{\"@type\":\"EntryPoint\",\"urlTemplate\":\"https:\/\/www.institutodeengenharia.org.br\/site\/?s={search_term_string}\"},\"query-input\":{\"@type\":\"PropertyValueSpecification\",\"valueRequired\":true,\"valueName\":\"search_term_string\"}}],\"inLanguage\":\"pt-BR\"},{\"@type\":\"Organization\",\"@id\":\"https:\/\/www.institutodeengenharia.org.br\/site\/#organization\",\"name\":\"Instituto de Engenharia\",\"url\":\"https:\/\/www.institutodeengenharia.org.br\/site\/\",\"logo\":{\"@type\":\"ImageObject\",\"inLanguage\":\"pt-BR\",\"@id\":\"https:\/\/www.institutodeengenharia.org.br\/site\/#\/schema\/logo\/image\/\",\"url\":\"https:\/\/www.institutodeengenharia.org.br\/site\/wp-content\/uploads\/2019\/03\/logo-novo-IE2018-1.jpg\",\"contentUrl\":\"https:\/\/www.institutodeengenharia.org.br\/site\/wp-content\/uploads\/2019\/03\/logo-novo-IE2018-1.jpg\",\"width\":1486,\"height\":1879,\"caption\":\"Instituto de Engenharia\"},\"image\":{\"@id\":\"https:\/\/www.institutodeengenharia.org.br\/site\/#\/schema\/logo\/image\/\"},\"sameAs\":[\"https:\/\/www.facebook.com\/institutodeengenharia\",\"https:\/\/x.com\/iengenharia\",\"https:\/\/www.instagram.com\/institutodeengenharia\/\",\"https:\/\/www.linkedin.com\/company\/instituto-de-engenharia\/\",\"https:\/\/www.youtube.com\/channel\/UCXiCAlsSMe977vamW915HxA\"]},{\"@type\":\"Person\",\"@id\":\"https:\/\/www.institutodeengenharia.org.br\/site\/#\/schema\/person\/aeb64951c405e100d26d30b033dd423f\",\"name\":\"Bianca\",\"image\":{\"@type\":\"ImageObject\",\"inLanguage\":\"pt-BR\",\"@id\":\"https:\/\/secure.gravatar.com\/avatar\/a6fbe9bff57405baf4c1e2c5c1811e072b558253974a9f9508f4678900c97c2a?s=96&d=mm&r=g\",\"url\":\"https:\/\/secure.gravatar.com\/avatar\/a6fbe9bff57405baf4c1e2c5c1811e072b558253974a9f9508f4678900c97c2a?s=96&d=mm&r=g\",\"contentUrl\":\"https:\/\/secure.gravatar.com\/avatar\/a6fbe9bff57405baf4c1e2c5c1811e072b558253974a9f9508f4678900c97c2a?s=96&d=mm&r=g\",\"caption\":\"Bianca\"},\"url\":\"https:\/\/www.institutodeengenharia.org.br\/site\/author\/comunicacao1\/\"}]}<\/script>\n<!-- \/ Yoast SEO plugin. -->","yoast_head_json":{"title":"Impress\u00f5es da classe jornal\u00edstica com respeito a novas tecnologias de m\u00eddia e perfil da sociedade - Uma nova normalidade - Instituto de Engenharia","robots":{"index":"index","follow":"follow","max-snippet":"max-snippet:-1","max-image-preview":"max-image-preview:large","max-video-preview":"max-video-preview:-1"},"canonical":"https:\/\/www.institutodeengenharia.org.br\/site\/2020\/05\/15\/impressoes-da-classe-jornalistica-com-respeito-a-novas-tecnologias-de-midia-e-perfil-da-sociedade-uma-nova-normalidade\/","og_locale":"pt_BR","og_type":"article","og_title":"Impress\u00f5es da classe jornal\u00edstica com respeito a novas tecnologias de m\u00eddia e perfil da sociedade - Uma nova normalidade - Instituto de Engenharia","og_description":"&nbsp; A palestra\u00a0Impress\u00f5es da classe jornal\u00edstica com respeito a novas tecnologias de m\u00eddia e perfil da sociedade &#8211; Uma nova normalidade faz parte da\u00a0S\u00e9rie Webinar: Brasil p\u00f3s-crise, uma realiza\u00e7\u00e3o do Instituto de Engenharia. Assista \u00e0 grava\u00e7\u00e3o do evento: &nbsp; &nbsp; &nbsp; Palestrante: Jos\u00e9 Gon\u00e7alves Pereira Neto Formado em Jornalismo pela Faculdade C\u00e1sper L\u00edbero, com especializa\u00e7\u00e3o [&hellip;]","og_url":"https:\/\/www.institutodeengenharia.org.br\/site\/2020\/05\/15\/impressoes-da-classe-jornalistica-com-respeito-a-novas-tecnologias-de-midia-e-perfil-da-sociedade-uma-nova-normalidade\/","og_site_name":"Instituto de Engenharia","article_publisher":"https:\/\/www.facebook.com\/institutodeengenharia","article_published_time":"2020-05-15T13:36:51+00:00","article_modified_time":"2020-05-19T15:42:13+00:00","og_image":[{"width":1034,"height":646,"url":"https:\/\/www.institutodeengenharia.org.br\/site\/wp-content\/uploads\/2020\/05\/jornalismo-e-tec..jpg","type":"image\/jpeg"}],"author":"Bianca","twitter_card":"summary_large_image","twitter_creator":"@iengenharia","twitter_site":"@iengenharia","twitter_misc":{"Escrito por":"Bianca","Est. tempo de leitura":"1 minuto"},"schema":{"@context":"https:\/\/schema.org","@graph":[{"@type":"Article","@id":"https:\/\/www.institutodeengenharia.org.br\/site\/2020\/05\/15\/impressoes-da-classe-jornalistica-com-respeito-a-novas-tecnologias-de-midia-e-perfil-da-sociedade-uma-nova-normalidade\/#article","isPartOf":{"@id":"https:\/\/www.institutodeengenharia.org.br\/site\/2020\/05\/15\/impressoes-da-classe-jornalistica-com-respeito-a-novas-tecnologias-de-midia-e-perfil-da-sociedade-uma-nova-normalidade\/"},"author":{"name":"Bianca","@id":"https:\/\/www.institutodeengenharia.org.br\/site\/#\/schema\/person\/aeb64951c405e100d26d30b033dd423f"},"headline":"Impress\u00f5es da classe jornal\u00edstica com respeito a novas tecnologias de m\u00eddia e perfil da sociedade &#8211; Uma nova normalidade","datePublished":"2020-05-15T13:36:51+00:00","dateModified":"2020-05-19T15:42:13+00:00","mainEntityOfPage":{"@id":"https:\/\/www.institutodeengenharia.org.br\/site\/2020\/05\/15\/impressoes-da-classe-jornalistica-com-respeito-a-novas-tecnologias-de-midia-e-perfil-da-sociedade-uma-nova-normalidade\/"},"wordCount":236,"commentCount":0,"publisher":{"@id":"https:\/\/www.institutodeengenharia.org.br\/site\/#organization"},"image":{"@id":"https:\/\/www.institutodeengenharia.org.br\/site\/2020\/05\/15\/impressoes-da-classe-jornalistica-com-respeito-a-novas-tecnologias-de-midia-e-perfil-da-sociedade-uma-nova-normalidade\/#primaryimage"},"thumbnailUrl":"https:\/\/www.institutodeengenharia.org.br\/site\/wp-content\/uploads\/2020\/05\/jornalismo-e-tec..jpg","articleSection":["Nova TV Engenharia","Palestra"],"inLanguage":"pt-BR","potentialAction":[{"@type":"CommentAction","name":"Comment","target":["https:\/\/www.institutodeengenharia.org.br\/site\/2020\/05\/15\/impressoes-da-classe-jornalistica-com-respeito-a-novas-tecnologias-de-midia-e-perfil-da-sociedade-uma-nova-normalidade\/#respond"]}]},{"@type":"WebPage","@id":"https:\/\/www.institutodeengenharia.org.br\/site\/2020\/05\/15\/impressoes-da-classe-jornalistica-com-respeito-a-novas-tecnologias-de-midia-e-perfil-da-sociedade-uma-nova-normalidade\/","url":"https:\/\/www.institutodeengenharia.org.br\/site\/2020\/05\/15\/impressoes-da-classe-jornalistica-com-respeito-a-novas-tecnologias-de-midia-e-perfil-da-sociedade-uma-nova-normalidade\/","name":"Impress\u00f5es da classe jornal\u00edstica com respeito a novas tecnologias de m\u00eddia e perfil da sociedade - Uma nova normalidade - Instituto de Engenharia","isPartOf":{"@id":"https:\/\/www.institutodeengenharia.org.br\/site\/#website"},"primaryImageOfPage":{"@id":"https:\/\/www.institutodeengenharia.org.br\/site\/2020\/05\/15\/impressoes-da-classe-jornalistica-com-respeito-a-novas-tecnologias-de-midia-e-perfil-da-sociedade-uma-nova-normalidade\/#primaryimage"},"image":{"@id":"https:\/\/www.institutodeengenharia.org.br\/site\/2020\/05\/15\/impressoes-da-classe-jornalistica-com-respeito-a-novas-tecnologias-de-midia-e-perfil-da-sociedade-uma-nova-normalidade\/#primaryimage"},"thumbnailUrl":"https:\/\/www.institutodeengenharia.org.br\/site\/wp-content\/uploads\/2020\/05\/jornalismo-e-tec..jpg","datePublished":"2020-05-15T13:36:51+00:00","dateModified":"2020-05-19T15:42:13+00:00","breadcrumb":{"@id":"https:\/\/www.institutodeengenharia.org.br\/site\/2020\/05\/15\/impressoes-da-classe-jornalistica-com-respeito-a-novas-tecnologias-de-midia-e-perfil-da-sociedade-uma-nova-normalidade\/#breadcrumb"},"inLanguage":"pt-BR","potentialAction":[{"@type":"ReadAction","target":["https:\/\/www.institutodeengenharia.org.br\/site\/2020\/05\/15\/impressoes-da-classe-jornalistica-com-respeito-a-novas-tecnologias-de-midia-e-perfil-da-sociedade-uma-nova-normalidade\/"]}]},{"@type":"ImageObject","inLanguage":"pt-BR","@id":"https:\/\/www.institutodeengenharia.org.br\/site\/2020\/05\/15\/impressoes-da-classe-jornalistica-com-respeito-a-novas-tecnologias-de-midia-e-perfil-da-sociedade-uma-nova-normalidade\/#primaryimage","url":"https:\/\/www.institutodeengenharia.org.br\/site\/wp-content\/uploads\/2020\/05\/jornalismo-e-tec..jpg","contentUrl":"https:\/\/www.institutodeengenharia.org.br\/site\/wp-content\/uploads\/2020\/05\/jornalismo-e-tec..jpg","width":1034,"height":646},{"@type":"BreadcrumbList","@id":"https:\/\/www.institutodeengenharia.org.br\/site\/2020\/05\/15\/impressoes-da-classe-jornalistica-com-respeito-a-novas-tecnologias-de-midia-e-perfil-da-sociedade-uma-nova-normalidade\/#breadcrumb","itemListElement":[{"@type":"ListItem","position":1,"name":"In\u00edcio","item":"https:\/\/www.institutodeengenharia.org.br\/site\/"},{"@type":"ListItem","position":2,"name":"Impress\u00f5es da classe jornal\u00edstica com respeito a novas tecnologias de m\u00eddia e perfil da sociedade &#8211; Uma nova normalidade"}]},{"@type":"WebSite","@id":"https:\/\/www.institutodeengenharia.org.br\/site\/#website","url":"https:\/\/www.institutodeengenharia.org.br\/site\/","name":"Instituto de Engenharia","description":"O Instituto de Engenharia promove a Engenharia em benef\u00edcio do desenvolvimento e da qualidade de vida da sociedade.","publisher":{"@id":"https:\/\/www.institutodeengenharia.org.br\/site\/#organization"},"potentialAction":[{"@type":"SearchAction","target":{"@type":"EntryPoint","urlTemplate":"https:\/\/www.institutodeengenharia.org.br\/site\/?s={search_term_string}"},"query-input":{"@type":"PropertyValueSpecification","valueRequired":true,"valueName":"search_term_string"}}],"inLanguage":"pt-BR"},{"@type":"Organization","@id":"https:\/\/www.institutodeengenharia.org.br\/site\/#organization","name":"Instituto de Engenharia","url":"https:\/\/www.institutodeengenharia.org.br\/site\/","logo":{"@type":"ImageObject","inLanguage":"pt-BR","@id":"https:\/\/www.institutodeengenharia.org.br\/site\/#\/schema\/logo\/image\/","url":"https:\/\/www.institutodeengenharia.org.br\/site\/wp-content\/uploads\/2019\/03\/logo-novo-IE2018-1.jpg","contentUrl":"https:\/\/www.institutodeengenharia.org.br\/site\/wp-content\/uploads\/2019\/03\/logo-novo-IE2018-1.jpg","width":1486,"height":1879,"caption":"Instituto de Engenharia"},"image":{"@id":"https:\/\/www.institutodeengenharia.org.br\/site\/#\/schema\/logo\/image\/"},"sameAs":["https:\/\/www.facebook.com\/institutodeengenharia","https:\/\/x.com\/iengenharia","https:\/\/www.instagram.com\/institutodeengenharia\/","https:\/\/www.linkedin.com\/company\/instituto-de-engenharia\/","https:\/\/www.youtube.com\/channel\/UCXiCAlsSMe977vamW915HxA"]},{"@type":"Person","@id":"https:\/\/www.institutodeengenharia.org.br\/site\/#\/schema\/person\/aeb64951c405e100d26d30b033dd423f","name":"Bianca","image":{"@type":"ImageObject","inLanguage":"pt-BR","@id":"https:\/\/secure.gravatar.com\/avatar\/a6fbe9bff57405baf4c1e2c5c1811e072b558253974a9f9508f4678900c97c2a?s=96&d=mm&r=g","url":"https:\/\/secure.gravatar.com\/avatar\/a6fbe9bff57405baf4c1e2c5c1811e072b558253974a9f9508f4678900c97c2a?s=96&d=mm&r=g","contentUrl":"https:\/\/secure.gravatar.com\/avatar\/a6fbe9bff57405baf4c1e2c5c1811e072b558253974a9f9508f4678900c97c2a?s=96&d=mm&r=g","caption":"Bianca"},"url":"https:\/\/www.institutodeengenharia.org.br\/site\/author\/comunicacao1\/"}]}},"_links":{"self":[{"href":"https:\/\/www.institutodeengenharia.org.br\/site\/wp-json\/wp\/v2\/posts\/64978","targetHints":{"allow":["GET"]}}],"collection":[{"href":"https:\/\/www.institutodeengenharia.org.br\/site\/wp-json\/wp\/v2\/posts"}],"about":[{"href":"https:\/\/www.institutodeengenharia.org.br\/site\/wp-json\/wp\/v2\/types\/post"}],"author":[{"embeddable":true,"href":"https:\/\/www.institutodeengenharia.org.br\/site\/wp-json\/wp\/v2\/users\/13"}],"replies":[{"embeddable":true,"href":"https:\/\/www.institutodeengenharia.org.br\/site\/wp-json\/wp\/v2\/comments?post=64978"}],"version-history":[{"count":1,"href":"https:\/\/www.institutodeengenharia.org.br\/site\/wp-json\/wp\/v2\/posts\/64978\/revisions"}],"predecessor-version":[{"id":64980,"href":"https:\/\/www.institutodeengenharia.org.br\/site\/wp-json\/wp\/v2\/posts\/64978\/revisions\/64980"}],"wp:featuredmedia":[{"embeddable":true,"href":"https:\/\/www.institutodeengenharia.org.br\/site\/wp-json\/wp\/v2\/media\/64979"}],"wp:attachment":[{"href":"https:\/\/www.institutodeengenharia.org.br\/site\/wp-json\/wp\/v2\/media?parent=64978"}],"wp:term":[{"taxonomy":"category","embeddable":true,"href":"https:\/\/www.institutodeengenharia.org.br\/site\/wp-json\/wp\/v2\/categories?post=64978"},{"taxonomy":"post_tag","embeddable":true,"href":"https:\/\/www.institutodeengenharia.org.br\/site\/wp-json\/wp\/v2\/tags?post=64978"}],"curies":[{"name":"wp","href":"https:\/\/api.w.org\/{rel}","templated":true}]}}