{"id":64801,"date":"2020-05-18T09:00:52","date_gmt":"2020-05-18T12:00:52","guid":{"rendered":"https:\/\/www.institutodeengenharia.org.br\/site\/?p=64801"},"modified":"2023-01-10T11:06:42","modified_gmt":"2023-01-10T14:06:42","slug":"manifesto-em-apoio-a-ministra-tereza-cristina","status":"publish","type":"post","link":"https:\/\/www.institutodeengenharia.org.br\/site\/2020\/05\/18\/manifesto-em-apoio-a-ministra-tereza-cristina\/","title":{"rendered":"Manifesto em apoio \u00e0 ministra Tereza Cristina"},"content":{"rendered":"<p>O Instituto de Engenharia e as entidades abaixo firmadas v\u00eam manifestar \u00e0 Sociedade o seu apoio ao trabalho da ministra da Agricultura e Pecu\u00e1ria, Eng\u00aa Agr\u00f4noma Tereza Cristina, \u00e0 frente do agroneg\u00f3cio brasileiro. O agroneg\u00f3cio n\u00e3o parou com a pandemia, prossegue produzindo volumes recordes de gr\u00e3os, carnes e outros produtos, al\u00e9m de seguir exportando.<\/p>\n<p>Continua assegurando super\u00e1vits comerciais, garantindo recursos de que o Pa\u00eds precisa, inclusive para a compra de equipamentos necess\u00e1rios de combate ao coronav\u00edrus, trazendo certa tranquilidade para fazer frente aos seus compromissos.<\/p>\n<p>O agroneg\u00f3cio ser\u00e1 o \u00fanico setor da economia que apresentar\u00e1 crescimento em 2020, evitando um tombo maior do PIB. Entre os diversos pa\u00edses do mundo, o Brasil poder\u00e1 ser aquele com melhores condi\u00e7\u00f5es de retomada, por dispor de grandes excedentes de alimentos para exporta\u00e7\u00e3o.<\/p>\n<p>O mundo precisa de comida, mais ainda p\u00f3s-crise, e o Brasil vem cumprindo o seu papel de suprir o mundo de alimentos, mas \u00e9 preciso ir al\u00e9m: devemos nos transformar num dos principais fornecedores mundiais de alimentos prontos ou semiprontos para consumo, processando e industrializando nossas mat\u00e9rias-primas. Para isso a Engenharia brasileira ter\u00e1 um papel fundamental na supera\u00e7\u00e3o dos gargalos log\u00edsticos e de outras \u00e1reas de infraestrutura que comprometem a competitividade dos seus produtos, como no desenvolvimento de tecnologias que viabilizem o prop\u00f3sito.<\/p>\n<p>Entendemos que o desenvolvimento do agroneg\u00f3cio brasileiro, agregando cada vez mais valor aos seus produtos, deve ser o um dos principais caminhos trilhados pelo Brasil em dire\u00e7\u00e3o ao seu futuro. Dever\u00e1 ser, juntamente com a constru\u00e7\u00e3o civil, um dos principais eixos a orientar os investimentos em infraestrutura a serem implantados de imediato como instrumento para reanimar a economia e gerar empregos no p\u00f3s-crise.<\/p>\n<p>O Brasil precisa investir fortemente na sua infraestrutura, mas n\u00e3o pode faz\u00ea-lo sem planejamento e projetos adequados. Devemos, neste momento, fazer os projetos de Engenharia para estarmos preparados para retomar a economia de forma mais r\u00e1pida.<\/p>\n<p>A continuidade do desenvolvimento do agroneg\u00f3cio \u00e9 essencial e tem na ministra Tereza Cristina sua principal l\u00edder.<\/p>\n<p><strong>Associa\u00e7\u00f5es que assinaram o manifesto: <\/strong><\/p>\n<p>Instituto de Engenharia (<strong>IE<\/strong>);\u00a0<strong>AABIC<\/strong> \u2013 Associa\u00e7\u00e3o das Administradoras de Bens de Im\u00f3veis e Condom\u00ednios de S\u00e3o Paulo; <strong>ABIFER<\/strong>\u00a0\u2013\u00a0Associa\u00e7\u00e3o Brasileira da Ind\u00fastria Ferrovi\u00e1ria; <strong>ABRAINC<\/strong> \u2013 Associa\u00e7\u00e3o Brasileira de Incorporadoras; <strong>ABRINSTAL<\/strong> \u2013 Associa\u00e7\u00e3o Brasileira pela Conformidade e Efici\u00eancia de Instala\u00e7\u00f5es; <strong>ACSP<\/strong> \u2013 Associa\u00e7\u00e3o Comercial de S\u00e3o Paulo;<strong> ADEMI-RJ<\/strong>\u00a0\u2013 Associa\u00e7\u00e3o de Dirigentes de Empresas do Mercado Imobili\u00e1rio; <strong>ADIT BRASIL<\/strong>\u00a0\u2013 Associa\u00e7\u00e3o para o Desenvolvimento Imobili\u00e1rio e Tur\u00edstico do Brasil; <strong>ADVB<\/strong>\u00a0\u2013 Associa\u00e7\u00e3o dos Dirigentes de Vendas e Marketing do Brasil; <strong>AELO<\/strong>\u00a0\u2013 Associa\u00e7\u00e3o das Empresas de Loteamento e Desenvolvimento Urbano; <strong>APEOP<\/strong>\u00a0\u2013 Associa\u00e7\u00e3o para o Progresso de Empresas de Obras de Infraestrutura Social e Log\u00edstica; <strong>COFECI\u00a0<\/strong>\u2013 Conselho Federal de Corretores de Im\u00f3veis; <strong>FIABCI<\/strong>\u2013 Federa\u00e7\u00e3o Internacional Imobili\u00e1ria; <strong>SINAENCO<\/strong>\u00a0\u2013 Sindicato Nacional das Empresas de Arquitetura e Engenharia Consultiva; <strong>SCIESP<\/strong>\u00a0\u2013 Sindicato dos Corretores de Im\u00f3veis do Estado de S\u00e3o Paulo; <strong>Secovi-MS<\/strong> &#8211;\u00a0Sindicato da Habita\u00e7\u00e3o do Mato Grosso do Sul;\u00a0<strong>Secovi-SP<\/strong>\u00a0\u2013 Sindicato da Habita\u00e7\u00e3o de S\u00e3o Paulo;\u00a0<strong>SindusCon<\/strong>\u00a0\u2013 Sindicato da Ind\u00fastria da Constru\u00e7\u00e3o Civil do Estado de S\u00e3o Paulo; <strong>SINICESP<\/strong>\u00a0\u2013 Sindicato da Ind\u00fastria da Constru\u00e7\u00e3o Pesada do Estado de S\u00e3o Paulo; <strong>SOBRATEMA<\/strong>\u00a0\u2013 Associa\u00e7\u00e3o Brasileira de Tecnologia para Constru\u00e7\u00e3o e Minera\u00e7\u00e3o; e <strong>SRB<\/strong> \u2013 Sociedade Rural Brasileira.<\/p>\n","protected":false},"excerpt":{"rendered":"<p>O Instituto de Engenharia e as entidades abaixo firmadas v\u00eam manifestar \u00e0 Sociedade o seu apoio ao trabalho da ministra da Agricultura e Pecu\u00e1ria, Eng\u00aa Agr\u00f4noma Tereza Cristina, \u00e0 frente do agroneg\u00f3cio brasileiro. O agroneg\u00f3cio n\u00e3o parou com a pandemia, prossegue produzindo volumes recordes de gr\u00e3os, carnes e outros produtos, al\u00e9m de seguir exportando. Continua [&hellip;]<\/p>\n","protected":false},"author":13,"featured_media":64818,"comment_status":"open","ping_status":"open","sticky":false,"template":"","format":"standard","meta":{"footnotes":""},"categories":[1084,27],"tags":[1475,201],"class_list":{"0":"post-64801","1":"post","2":"type-post","3":"status-publish","4":"format-standard","5":"has-post-thumbnail","7":"category-covid-19","8":"category-instituto-de-engenharia","9":"tag-covid","10":"tag-destaque-topo"},"yoast_head":"<!-- This site is optimized with the Yoast SEO plugin v27.2 - https:\/\/yoast.com\/product\/yoast-seo-wordpress\/ -->\n<title>Manifesto em apoio \u00e0 ministra Tereza Cristina - Instituto de Engenharia<\/title>\n<meta name=\"robots\" content=\"index, follow, max-snippet:-1, max-image-preview:large, max-video-preview:-1\" \/>\n<link rel=\"canonical\" href=\"https:\/\/www.institutodeengenharia.org.br\/site\/2020\/05\/18\/manifesto-em-apoio-a-ministra-tereza-cristina\/\" \/>\n<meta property=\"og:locale\" content=\"pt_BR\" \/>\n<meta property=\"og:type\" content=\"article\" \/>\n<meta property=\"og:title\" content=\"Manifesto em apoio \u00e0 ministra Tereza Cristina - Instituto de Engenharia\" \/>\n<meta property=\"og:description\" content=\"O Instituto de Engenharia e as entidades abaixo firmadas v\u00eam manifestar \u00e0 Sociedade o seu apoio ao trabalho da ministra da Agricultura e Pecu\u00e1ria, Eng\u00aa Agr\u00f4noma Tereza Cristina, \u00e0 frente do agroneg\u00f3cio brasileiro. O agroneg\u00f3cio n\u00e3o parou com a pandemia, prossegue produzindo volumes recordes de gr\u00e3os, carnes e outros produtos, al\u00e9m de seguir exportando. Continua [&hellip;]\" \/>\n<meta property=\"og:url\" content=\"https:\/\/www.institutodeengenharia.org.br\/site\/2020\/05\/18\/manifesto-em-apoio-a-ministra-tereza-cristina\/\" \/>\n<meta property=\"og:site_name\" content=\"Instituto de Engenharia\" \/>\n<meta property=\"article:publisher\" content=\"https:\/\/www.facebook.com\/institutodeengenharia\" \/>\n<meta property=\"article:published_time\" content=\"2020-05-18T12:00:52+00:00\" \/>\n<meta property=\"article:modified_time\" content=\"2023-01-10T14:06:42+00:00\" \/>\n<meta property=\"og:image\" content=\"https:\/\/www.institutodeengenharia.org.br\/site\/wp-content\/uploads\/2020\/05\/05613473ee5ac24d15bacc1b96106f38f5569aca.jpg\" \/>\n\t<meta property=\"og:image:width\" content=\"1755\" \/>\n\t<meta property=\"og:image:height\" content=\"1082\" \/>\n\t<meta property=\"og:image:type\" content=\"image\/jpeg\" \/>\n<meta name=\"author\" content=\"Bianca\" \/>\n<meta name=\"twitter:card\" content=\"summary_large_image\" \/>\n<meta name=\"twitter:creator\" content=\"@iengenharia\" \/>\n<meta name=\"twitter:site\" content=\"@iengenharia\" \/>\n<meta name=\"twitter:label1\" content=\"Escrito por\" \/>\n\t<meta name=\"twitter:data1\" content=\"Bianca\" \/>\n\t<meta name=\"twitter:label2\" content=\"Est. tempo de leitura\" \/>\n\t<meta name=\"twitter:data2\" content=\"3 minutos\" \/>\n<script type=\"application\/ld+json\" class=\"yoast-schema-graph\">{\"@context\":\"https:\/\/schema.org\",\"@graph\":[{\"@type\":\"Article\",\"@id\":\"https:\/\/www.institutodeengenharia.org.br\/site\/2020\/05\/18\/manifesto-em-apoio-a-ministra-tereza-cristina\/#article\",\"isPartOf\":{\"@id\":\"https:\/\/www.institutodeengenharia.org.br\/site\/2020\/05\/18\/manifesto-em-apoio-a-ministra-tereza-cristina\/\"},\"author\":{\"name\":\"Bianca\",\"@id\":\"https:\/\/www.institutodeengenharia.org.br\/site\/#\/schema\/person\/aeb64951c405e100d26d30b033dd423f\"},\"headline\":\"Manifesto em apoio \u00e0 ministra Tereza Cristina\",\"datePublished\":\"2020-05-18T12:00:52+00:00\",\"dateModified\":\"2023-01-10T14:06:42+00:00\",\"mainEntityOfPage\":{\"@id\":\"https:\/\/www.institutodeengenharia.org.br\/site\/2020\/05\/18\/manifesto-em-apoio-a-ministra-tereza-cristina\/\"},\"wordCount\":588,\"commentCount\":0,\"publisher\":{\"@id\":\"https:\/\/www.institutodeengenharia.org.br\/site\/#organization\"},\"image\":{\"@id\":\"https:\/\/www.institutodeengenharia.org.br\/site\/2020\/05\/18\/manifesto-em-apoio-a-ministra-tereza-cristina\/#primaryimage\"},\"thumbnailUrl\":\"https:\/\/www.institutodeengenharia.org.br\/site\/wp-content\/uploads\/2020\/05\/05613473ee5ac24d15bacc1b96106f38f5569aca.jpg\",\"keywords\":[\"covid\",\"Destaque Topo\"],\"articleSection\":[\"Covid-19\",\"Instituto de Engenharia\"],\"inLanguage\":\"pt-BR\",\"potentialAction\":[{\"@type\":\"CommentAction\",\"name\":\"Comment\",\"target\":[\"https:\/\/www.institutodeengenharia.org.br\/site\/2020\/05\/18\/manifesto-em-apoio-a-ministra-tereza-cristina\/#respond\"]}]},{\"@type\":\"WebPage\",\"@id\":\"https:\/\/www.institutodeengenharia.org.br\/site\/2020\/05\/18\/manifesto-em-apoio-a-ministra-tereza-cristina\/\",\"url\":\"https:\/\/www.institutodeengenharia.org.br\/site\/2020\/05\/18\/manifesto-em-apoio-a-ministra-tereza-cristina\/\",\"name\":\"Manifesto em apoio \u00e0 ministra Tereza Cristina - Instituto de Engenharia\",\"isPartOf\":{\"@id\":\"https:\/\/www.institutodeengenharia.org.br\/site\/#website\"},\"primaryImageOfPage\":{\"@id\":\"https:\/\/www.institutodeengenharia.org.br\/site\/2020\/05\/18\/manifesto-em-apoio-a-ministra-tereza-cristina\/#primaryimage\"},\"image\":{\"@id\":\"https:\/\/www.institutodeengenharia.org.br\/site\/2020\/05\/18\/manifesto-em-apoio-a-ministra-tereza-cristina\/#primaryimage\"},\"thumbnailUrl\":\"https:\/\/www.institutodeengenharia.org.br\/site\/wp-content\/uploads\/2020\/05\/05613473ee5ac24d15bacc1b96106f38f5569aca.jpg\",\"datePublished\":\"2020-05-18T12:00:52+00:00\",\"dateModified\":\"2023-01-10T14:06:42+00:00\",\"breadcrumb\":{\"@id\":\"https:\/\/www.institutodeengenharia.org.br\/site\/2020\/05\/18\/manifesto-em-apoio-a-ministra-tereza-cristina\/#breadcrumb\"},\"inLanguage\":\"pt-BR\",\"potentialAction\":[{\"@type\":\"ReadAction\",\"target\":[\"https:\/\/www.institutodeengenharia.org.br\/site\/2020\/05\/18\/manifesto-em-apoio-a-ministra-tereza-cristina\/\"]}]},{\"@type\":\"ImageObject\",\"inLanguage\":\"pt-BR\",\"@id\":\"https:\/\/www.institutodeengenharia.org.br\/site\/2020\/05\/18\/manifesto-em-apoio-a-ministra-tereza-cristina\/#primaryimage\",\"url\":\"https:\/\/www.institutodeengenharia.org.br\/site\/wp-content\/uploads\/2020\/05\/05613473ee5ac24d15bacc1b96106f38f5569aca.jpg\",\"contentUrl\":\"https:\/\/www.institutodeengenharia.org.br\/site\/wp-content\/uploads\/2020\/05\/05613473ee5ac24d15bacc1b96106f38f5569aca.jpg\",\"width\":1755,\"height\":1082},{\"@type\":\"BreadcrumbList\",\"@id\":\"https:\/\/www.institutodeengenharia.org.br\/site\/2020\/05\/18\/manifesto-em-apoio-a-ministra-tereza-cristina\/#breadcrumb\",\"itemListElement\":[{\"@type\":\"ListItem\",\"position\":1,\"name\":\"In\u00edcio\",\"item\":\"https:\/\/www.institutodeengenharia.org.br\/site\/\"},{\"@type\":\"ListItem\",\"position\":2,\"name\":\"Manifesto em apoio \u00e0 ministra Tereza Cristina\"}]},{\"@type\":\"WebSite\",\"@id\":\"https:\/\/www.institutodeengenharia.org.br\/site\/#website\",\"url\":\"https:\/\/www.institutodeengenharia.org.br\/site\/\",\"name\":\"Instituto de Engenharia\",\"description\":\"O Instituto de Engenharia promove a Engenharia em benef\u00edcio do desenvolvimento e da qualidade de vida da sociedade.\",\"publisher\":{\"@id\":\"https:\/\/www.institutodeengenharia.org.br\/site\/#organization\"},\"potentialAction\":[{\"@type\":\"SearchAction\",\"target\":{\"@type\":\"EntryPoint\",\"urlTemplate\":\"https:\/\/www.institutodeengenharia.org.br\/site\/?s={search_term_string}\"},\"query-input\":{\"@type\":\"PropertyValueSpecification\",\"valueRequired\":true,\"valueName\":\"search_term_string\"}}],\"inLanguage\":\"pt-BR\"},{\"@type\":\"Organization\",\"@id\":\"https:\/\/www.institutodeengenharia.org.br\/site\/#organization\",\"name\":\"Instituto de Engenharia\",\"url\":\"https:\/\/www.institutodeengenharia.org.br\/site\/\",\"logo\":{\"@type\":\"ImageObject\",\"inLanguage\":\"pt-BR\",\"@id\":\"https:\/\/www.institutodeengenharia.org.br\/site\/#\/schema\/logo\/image\/\",\"url\":\"https:\/\/www.institutodeengenharia.org.br\/site\/wp-content\/uploads\/2019\/03\/logo-novo-IE2018-1.jpg\",\"contentUrl\":\"https:\/\/www.institutodeengenharia.org.br\/site\/wp-content\/uploads\/2019\/03\/logo-novo-IE2018-1.jpg\",\"width\":1486,\"height\":1879,\"caption\":\"Instituto de Engenharia\"},\"image\":{\"@id\":\"https:\/\/www.institutodeengenharia.org.br\/site\/#\/schema\/logo\/image\/\"},\"sameAs\":[\"https:\/\/www.facebook.com\/institutodeengenharia\",\"https:\/\/x.com\/iengenharia\",\"https:\/\/www.instagram.com\/institutodeengenharia\/\",\"https:\/\/www.linkedin.com\/company\/instituto-de-engenharia\/\",\"https:\/\/www.youtube.com\/channel\/UCXiCAlsSMe977vamW915HxA\"]},{\"@type\":\"Person\",\"@id\":\"https:\/\/www.institutodeengenharia.org.br\/site\/#\/schema\/person\/aeb64951c405e100d26d30b033dd423f\",\"name\":\"Bianca\",\"image\":{\"@type\":\"ImageObject\",\"inLanguage\":\"pt-BR\",\"@id\":\"https:\/\/secure.gravatar.com\/avatar\/a6fbe9bff57405baf4c1e2c5c1811e072b558253974a9f9508f4678900c97c2a?s=96&d=mm&r=g\",\"url\":\"https:\/\/secure.gravatar.com\/avatar\/a6fbe9bff57405baf4c1e2c5c1811e072b558253974a9f9508f4678900c97c2a?s=96&d=mm&r=g\",\"contentUrl\":\"https:\/\/secure.gravatar.com\/avatar\/a6fbe9bff57405baf4c1e2c5c1811e072b558253974a9f9508f4678900c97c2a?s=96&d=mm&r=g\",\"caption\":\"Bianca\"},\"url\":\"https:\/\/www.institutodeengenharia.org.br\/site\/author\/comunicacao1\/\"}]}<\/script>\n<!-- \/ Yoast SEO plugin. -->","yoast_head_json":{"title":"Manifesto em apoio \u00e0 ministra Tereza Cristina - Instituto de Engenharia","robots":{"index":"index","follow":"follow","max-snippet":"max-snippet:-1","max-image-preview":"max-image-preview:large","max-video-preview":"max-video-preview:-1"},"canonical":"https:\/\/www.institutodeengenharia.org.br\/site\/2020\/05\/18\/manifesto-em-apoio-a-ministra-tereza-cristina\/","og_locale":"pt_BR","og_type":"article","og_title":"Manifesto em apoio \u00e0 ministra Tereza Cristina - Instituto de Engenharia","og_description":"O Instituto de Engenharia e as entidades abaixo firmadas v\u00eam manifestar \u00e0 Sociedade o seu apoio ao trabalho da ministra da Agricultura e Pecu\u00e1ria, Eng\u00aa Agr\u00f4noma Tereza Cristina, \u00e0 frente do agroneg\u00f3cio brasileiro. O agroneg\u00f3cio n\u00e3o parou com a pandemia, prossegue produzindo volumes recordes de gr\u00e3os, carnes e outros produtos, al\u00e9m de seguir exportando. Continua [&hellip;]","og_url":"https:\/\/www.institutodeengenharia.org.br\/site\/2020\/05\/18\/manifesto-em-apoio-a-ministra-tereza-cristina\/","og_site_name":"Instituto de Engenharia","article_publisher":"https:\/\/www.facebook.com\/institutodeengenharia","article_published_time":"2020-05-18T12:00:52+00:00","article_modified_time":"2023-01-10T14:06:42+00:00","og_image":[{"width":1755,"height":1082,"url":"https:\/\/www.institutodeengenharia.org.br\/site\/wp-content\/uploads\/2020\/05\/05613473ee5ac24d15bacc1b96106f38f5569aca.jpg","type":"image\/jpeg"}],"author":"Bianca","twitter_card":"summary_large_image","twitter_creator":"@iengenharia","twitter_site":"@iengenharia","twitter_misc":{"Escrito por":"Bianca","Est. tempo de leitura":"3 minutos"},"schema":{"@context":"https:\/\/schema.org","@graph":[{"@type":"Article","@id":"https:\/\/www.institutodeengenharia.org.br\/site\/2020\/05\/18\/manifesto-em-apoio-a-ministra-tereza-cristina\/#article","isPartOf":{"@id":"https:\/\/www.institutodeengenharia.org.br\/site\/2020\/05\/18\/manifesto-em-apoio-a-ministra-tereza-cristina\/"},"author":{"name":"Bianca","@id":"https:\/\/www.institutodeengenharia.org.br\/site\/#\/schema\/person\/aeb64951c405e100d26d30b033dd423f"},"headline":"Manifesto em apoio \u00e0 ministra Tereza Cristina","datePublished":"2020-05-18T12:00:52+00:00","dateModified":"2023-01-10T14:06:42+00:00","mainEntityOfPage":{"@id":"https:\/\/www.institutodeengenharia.org.br\/site\/2020\/05\/18\/manifesto-em-apoio-a-ministra-tereza-cristina\/"},"wordCount":588,"commentCount":0,"publisher":{"@id":"https:\/\/www.institutodeengenharia.org.br\/site\/#organization"},"image":{"@id":"https:\/\/www.institutodeengenharia.org.br\/site\/2020\/05\/18\/manifesto-em-apoio-a-ministra-tereza-cristina\/#primaryimage"},"thumbnailUrl":"https:\/\/www.institutodeengenharia.org.br\/site\/wp-content\/uploads\/2020\/05\/05613473ee5ac24d15bacc1b96106f38f5569aca.jpg","keywords":["covid","Destaque Topo"],"articleSection":["Covid-19","Instituto de Engenharia"],"inLanguage":"pt-BR","potentialAction":[{"@type":"CommentAction","name":"Comment","target":["https:\/\/www.institutodeengenharia.org.br\/site\/2020\/05\/18\/manifesto-em-apoio-a-ministra-tereza-cristina\/#respond"]}]},{"@type":"WebPage","@id":"https:\/\/www.institutodeengenharia.org.br\/site\/2020\/05\/18\/manifesto-em-apoio-a-ministra-tereza-cristina\/","url":"https:\/\/www.institutodeengenharia.org.br\/site\/2020\/05\/18\/manifesto-em-apoio-a-ministra-tereza-cristina\/","name":"Manifesto em apoio \u00e0 ministra Tereza Cristina - Instituto de Engenharia","isPartOf":{"@id":"https:\/\/www.institutodeengenharia.org.br\/site\/#website"},"primaryImageOfPage":{"@id":"https:\/\/www.institutodeengenharia.org.br\/site\/2020\/05\/18\/manifesto-em-apoio-a-ministra-tereza-cristina\/#primaryimage"},"image":{"@id":"https:\/\/www.institutodeengenharia.org.br\/site\/2020\/05\/18\/manifesto-em-apoio-a-ministra-tereza-cristina\/#primaryimage"},"thumbnailUrl":"https:\/\/www.institutodeengenharia.org.br\/site\/wp-content\/uploads\/2020\/05\/05613473ee5ac24d15bacc1b96106f38f5569aca.jpg","datePublished":"2020-05-18T12:00:52+00:00","dateModified":"2023-01-10T14:06:42+00:00","breadcrumb":{"@id":"https:\/\/www.institutodeengenharia.org.br\/site\/2020\/05\/18\/manifesto-em-apoio-a-ministra-tereza-cristina\/#breadcrumb"},"inLanguage":"pt-BR","potentialAction":[{"@type":"ReadAction","target":["https:\/\/www.institutodeengenharia.org.br\/site\/2020\/05\/18\/manifesto-em-apoio-a-ministra-tereza-cristina\/"]}]},{"@type":"ImageObject","inLanguage":"pt-BR","@id":"https:\/\/www.institutodeengenharia.org.br\/site\/2020\/05\/18\/manifesto-em-apoio-a-ministra-tereza-cristina\/#primaryimage","url":"https:\/\/www.institutodeengenharia.org.br\/site\/wp-content\/uploads\/2020\/05\/05613473ee5ac24d15bacc1b96106f38f5569aca.jpg","contentUrl":"https:\/\/www.institutodeengenharia.org.br\/site\/wp-content\/uploads\/2020\/05\/05613473ee5ac24d15bacc1b96106f38f5569aca.jpg","width":1755,"height":1082},{"@type":"BreadcrumbList","@id":"https:\/\/www.institutodeengenharia.org.br\/site\/2020\/05\/18\/manifesto-em-apoio-a-ministra-tereza-cristina\/#breadcrumb","itemListElement":[{"@type":"ListItem","position":1,"name":"In\u00edcio","item":"https:\/\/www.institutodeengenharia.org.br\/site\/"},{"@type":"ListItem","position":2,"name":"Manifesto em apoio \u00e0 ministra Tereza Cristina"}]},{"@type":"WebSite","@id":"https:\/\/www.institutodeengenharia.org.br\/site\/#website","url":"https:\/\/www.institutodeengenharia.org.br\/site\/","name":"Instituto de Engenharia","description":"O Instituto de Engenharia promove a Engenharia em benef\u00edcio do desenvolvimento e da qualidade de vida da sociedade.","publisher":{"@id":"https:\/\/www.institutodeengenharia.org.br\/site\/#organization"},"potentialAction":[{"@type":"SearchAction","target":{"@type":"EntryPoint","urlTemplate":"https:\/\/www.institutodeengenharia.org.br\/site\/?s={search_term_string}"},"query-input":{"@type":"PropertyValueSpecification","valueRequired":true,"valueName":"search_term_string"}}],"inLanguage":"pt-BR"},{"@type":"Organization","@id":"https:\/\/www.institutodeengenharia.org.br\/site\/#organization","name":"Instituto de Engenharia","url":"https:\/\/www.institutodeengenharia.org.br\/site\/","logo":{"@type":"ImageObject","inLanguage":"pt-BR","@id":"https:\/\/www.institutodeengenharia.org.br\/site\/#\/schema\/logo\/image\/","url":"https:\/\/www.institutodeengenharia.org.br\/site\/wp-content\/uploads\/2019\/03\/logo-novo-IE2018-1.jpg","contentUrl":"https:\/\/www.institutodeengenharia.org.br\/site\/wp-content\/uploads\/2019\/03\/logo-novo-IE2018-1.jpg","width":1486,"height":1879,"caption":"Instituto de Engenharia"},"image":{"@id":"https:\/\/www.institutodeengenharia.org.br\/site\/#\/schema\/logo\/image\/"},"sameAs":["https:\/\/www.facebook.com\/institutodeengenharia","https:\/\/x.com\/iengenharia","https:\/\/www.instagram.com\/institutodeengenharia\/","https:\/\/www.linkedin.com\/company\/instituto-de-engenharia\/","https:\/\/www.youtube.com\/channel\/UCXiCAlsSMe977vamW915HxA"]},{"@type":"Person","@id":"https:\/\/www.institutodeengenharia.org.br\/site\/#\/schema\/person\/aeb64951c405e100d26d30b033dd423f","name":"Bianca","image":{"@type":"ImageObject","inLanguage":"pt-BR","@id":"https:\/\/secure.gravatar.com\/avatar\/a6fbe9bff57405baf4c1e2c5c1811e072b558253974a9f9508f4678900c97c2a?s=96&d=mm&r=g","url":"https:\/\/secure.gravatar.com\/avatar\/a6fbe9bff57405baf4c1e2c5c1811e072b558253974a9f9508f4678900c97c2a?s=96&d=mm&r=g","contentUrl":"https:\/\/secure.gravatar.com\/avatar\/a6fbe9bff57405baf4c1e2c5c1811e072b558253974a9f9508f4678900c97c2a?s=96&d=mm&r=g","caption":"Bianca"},"url":"https:\/\/www.institutodeengenharia.org.br\/site\/author\/comunicacao1\/"}]}},"_links":{"self":[{"href":"https:\/\/www.institutodeengenharia.org.br\/site\/wp-json\/wp\/v2\/posts\/64801","targetHints":{"allow":["GET"]}}],"collection":[{"href":"https:\/\/www.institutodeengenharia.org.br\/site\/wp-json\/wp\/v2\/posts"}],"about":[{"href":"https:\/\/www.institutodeengenharia.org.br\/site\/wp-json\/wp\/v2\/types\/post"}],"author":[{"embeddable":true,"href":"https:\/\/www.institutodeengenharia.org.br\/site\/wp-json\/wp\/v2\/users\/13"}],"replies":[{"embeddable":true,"href":"https:\/\/www.institutodeengenharia.org.br\/site\/wp-json\/wp\/v2\/comments?post=64801"}],"version-history":[{"count":6,"href":"https:\/\/www.institutodeengenharia.org.br\/site\/wp-json\/wp\/v2\/posts\/64801\/revisions"}],"predecessor-version":[{"id":65502,"href":"https:\/\/www.institutodeengenharia.org.br\/site\/wp-json\/wp\/v2\/posts\/64801\/revisions\/65502"}],"wp:featuredmedia":[{"embeddable":true,"href":"https:\/\/www.institutodeengenharia.org.br\/site\/wp-json\/wp\/v2\/media\/64818"}],"wp:attachment":[{"href":"https:\/\/www.institutodeengenharia.org.br\/site\/wp-json\/wp\/v2\/media?parent=64801"}],"wp:term":[{"taxonomy":"category","embeddable":true,"href":"https:\/\/www.institutodeengenharia.org.br\/site\/wp-json\/wp\/v2\/categories?post=64801"},{"taxonomy":"post_tag","embeddable":true,"href":"https:\/\/www.institutodeengenharia.org.br\/site\/wp-json\/wp\/v2\/tags?post=64801"}],"curies":[{"name":"wp","href":"https:\/\/api.w.org\/{rel}","templated":true}]}}