{"id":64564,"date":"2020-05-04T10:11:13","date_gmt":"2020-05-04T13:11:13","guid":{"rendered":"https:\/\/www.institutodeengenharia.org.br\/site\/?p=64564"},"modified":"2020-05-14T10:12:49","modified_gmt":"2020-05-14T13:12:49","slug":"modelos-de-simulacao-e-a-mobilidade-urbana-no-pos-crise","status":"publish","type":"post","link":"https:\/\/www.institutodeengenharia.org.br\/site\/2020\/05\/04\/modelos-de-simulacao-e-a-mobilidade-urbana-no-pos-crise\/","title":{"rendered":"Modelos de simula\u00e7\u00e3o e a Mobilidade Urbana no p\u00f3s-crise"},"content":{"rendered":"<p>&nbsp;<\/p>\n<p><strong>Assista abaixo \u00e0 grava\u00e7\u00e3o:<\/strong><\/p>\n<p>&nbsp;<\/p>\n<p><iframe loading=\"lazy\" src=\"https:\/\/player.vimeo.com\/video\/418197843\" width=\"640\" height=\"360\" frameborder=\"0\" allowfullscreen=\"allowfullscreen\"><\/iframe><\/p>\n<p>&nbsp;<\/p>\n<p><strong>+ Informa\u00e7\u00f5es:<\/strong><\/p>\n<p>&nbsp;<\/p>\n<p><strong>Abordagem<\/strong>:<\/p>\n<p>A ideia \u00e9 conversar sobre modelos existentes de simula\u00e7\u00e3o de tr\u00e2nsito e transportes para serem aplicados no retorno \u00e0 vida normal das atividades da cidade ou se \u00e9 o caso de desenvolver modelos novos.<\/p>\n<p><strong>P\u00fablico Alvo:\u00a0<\/strong>Engenheiros, arquitetos, t\u00e9cnicos, estudantes e demais interessados.<\/p>\n<p><strong>Palestrantes:<\/strong><\/p>\n<p><img loading=\"lazy\" decoding=\"async\" class=\"size-full wp-image-63204 alignleft td-animation-stack-type0-2\" src=\"https:\/\/www.institutodeengenharia.org.br\/site\/wp-content\/uploads\/2020\/04\/Eduardo-Barbosa-Germani.jpeg\" alt=\"\" width=\"112\" height=\"128\" \/><\/p>\n<p><strong>Eng. Eduardo Barbosa Germani<\/strong><\/p>\n<p>S\u00f3cio\/Diretor da TTC Engenharia de Tr\u00e1fego e de Transportes, \u00e9 engenheiro Mecatr\u00f4nico, com mestrado em Planejamento de Transportes pela Escola Polit\u00e9cnica da Universidade de S\u00e3o Paulo (Poli-USP) com mais de 30 anos de experi\u00eancia.<br \/>\nLiderou uma extensa lista de projetos de planejamento de transporte em v\u00e1rios pa\u00edses, trabalhando para os setores privado e governamental. Nos est\u00e1gios iniciais da carreira, se especializou em modelagem e previs\u00e3o de demanda por viagens para an\u00e1lise do impacto de novos sistemas, avalia\u00e7\u00e3o de viabilidade e otimiza\u00e7\u00e3o da oferta. Ao longo dos anos, ampliou suas habilidades atrav\u00e9s do gerenciamento de projetos de BRTs, linhas de metr\u00f4, trens urbanos, concess\u00e3o de estradas e planejamento de tr\u00e1fego, na Am\u00e9rica Latina e na China.<\/p>\n<p><img loading=\"lazy\" decoding=\"async\" class=\"wp-image-63206 alignleft td-animation-stack-type0-2\" src=\"https:\/\/www.institutodeengenharia.org.br\/site\/wp-content\/uploads\/2020\/04\/Flam%C3%ADnio-Fichmann.jpeg\" alt=\"\" width=\"113\" height=\"144\" \/><\/p>\n<p><strong>Arq. Urb. Flaminio Fichmann<\/strong><\/p>\n<p>Graduado em Arquitetura e Urbanismo pela Universidade Presbiteriana Mackenzie com especializa\u00e7\u00e3o na FGV. Trabalhou na administra\u00e7\u00e3o p\u00fablica por 14 anos (CET e EMTU\/SP).<br \/>\n\u00c9 consultor h\u00e1 28 anos e, desde 2004, s\u00f3cio e diretor da Projeto 34 \u2013 Arquitetura e Engenharia, empresa que executou in\u00fameros planos e projetos no Brasil e exterior, de rodovias, BRTs, metr\u00f4s, trens e atividades relacionadas \u00e0 mobilidade urbana junto a \u00f3rg\u00e3os p\u00fablicos e empresas particulares.<br \/>\nFoi consultor da Socicam e do INST \u2013 Instituto Nacional de Seguran\u00e7a no Tr\u00e2nsito; diretor da ONG Bairro Vivo; presidente do Comit\u00ea de Tr\u00e2nsito da Ag\u00eancia Brasil de Seguran\u00e7a\u00a0\u2013 ABS e professor de p\u00f3s-gradua\u00e7\u00e3o da FAAP.<\/p>\n<p><img loading=\"lazy\" decoding=\"async\" class=\"wp-image-63208 alignleft td-animation-stack-type0-2\" src=\"https:\/\/www.institutodeengenharia.org.br\/site\/wp-content\/uploads\/2020\/04\/Wagner-Colombini-Martins.jpeg\" alt=\"\" width=\"117\" height=\"155\" srcset=\"https:\/\/www.institutodeengenharia.org.br\/site\/wp-content\/uploads\/2020\/04\/Wagner-Colombini-Martins.jpeg 300w, https:\/\/www.institutodeengenharia.org.br\/site\/wp-content\/uploads\/2020\/04\/Wagner-Colombini-Martins-225x300.jpeg 225w\" sizes=\"auto, (max-width: 117px) 100vw, 117px\" \/><\/p>\n<p><strong>Eng. Wagner Colombini Martins<\/strong><\/p>\n<p>S\u00f3cio-diretor e fundador da Logit Engenharia Consultiva Ltda, com mais de 40 anos de experi\u00eancia em consultoria no desenvolvimento, gest\u00e3o e coordena\u00e7\u00e3o de projetos de transportes. Ao longo dos anos, participou de in\u00fameros projetos para o setor p\u00fablico e privado. Graduado em Engenharia Civil pela Escola Polit\u00e9cnica da Universidade de S\u00e3o Paulo (Poli-USP), com mestrado em Planejamento de Transportes pela Universidade de Birmingham\/Reino Unido, foi professor da cadeira de planejamento de transportes da Escola Polit\u00e9cnica por mais de dez anos.<br \/>\nAl\u00e9m da USP, foi chefe de agrupamento no Instituto de Pesquisas Tecnol\u00f3gicas \u2013 IPT da divis\u00e3o de planejamento de transportes, tendo desenvolvido pesquisas no tema por quase 15 anos.<br \/>\nAtua nas \u00e1reas de Planejamento de Transportes, Mobilidade Urbana, Concess\u00e3o de Infraestrutura e de Servi\u00e7os de Transporte, Transporte regional de cargas e passageiros, Log\u00edstica Empresarial.<br \/>\nTem atuado internacionalmente na \u00e1rea de Mobilidade Urbana em mais de 25 pa\u00edses da Am\u00e9rica Latina, \u00c1frica e \u00c1sia.<\/p>\n<p><strong>Realiza\u00e7\u00e3o:<\/strong><\/p>\n<p><strong>Eng. Jer\u00f4nimo Cabral Pereira Fagundes Neto\u00a0<\/strong>\u2013 Vice-presidente de Atividades T\u00e9cnicas<br \/>\n<strong>Eng. Ivan Metran Whately<\/strong>\u00a0\u2013 Diretor do Departamento de Engenharia de Mobilidade e Log\u00edstica<br \/>\n<strong>Arq. Urb. Maria da Penha Pereira Nobre\u00a0<\/strong>\u2013 Coordenadora da Divis\u00e3o T\u00e9cnica de Tr\u00e2nsito<br \/>\n<strong>Eng. Vanderlei C\u00f3ffani\u00a0<\/strong>\u2013 Vice-coordenador da Divis\u00e3o T\u00e9cnica de Tr\u00e2nsito<\/p>\n","protected":false},"excerpt":{"rendered":"<p>&nbsp; Assista abaixo \u00e0 grava\u00e7\u00e3o: &nbsp; &nbsp; + Informa\u00e7\u00f5es: &nbsp; Abordagem: A ideia \u00e9 conversar sobre modelos existentes de simula\u00e7\u00e3o de tr\u00e2nsito e transportes para serem aplicados no retorno \u00e0 vida normal das atividades da cidade ou se \u00e9 o caso de desenvolver modelos novos. P\u00fablico Alvo:\u00a0Engenheiros, arquitetos, t\u00e9cnicos, estudantes e demais interessados. Palestrantes: Eng. [&hellip;]<\/p>\n","protected":false},"author":13,"featured_media":63214,"comment_status":"open","ping_status":"open","sticky":false,"template":"","format":"standard","meta":{"footnotes":""},"categories":[48,65,968,969],"tags":[],"class_list":{"0":"post-64564","1":"post","2":"type-post","3":"status-publish","4":"format-standard","5":"has-post-thumbnail","7":"category-departamento-desenvolvimento-urbano-e-regional","8":"category-divisao-de-transito","9":"category-nova-tv-engenharia","10":"category-palestra"},"yoast_head":"<!-- This site is optimized with the Yoast SEO plugin v27.2 - https:\/\/yoast.com\/product\/yoast-seo-wordpress\/ -->\n<title>Modelos de simula\u00e7\u00e3o e a Mobilidade Urbana no p\u00f3s-crise - Instituto de Engenharia<\/title>\n<meta name=\"robots\" content=\"index, follow, max-snippet:-1, max-image-preview:large, max-video-preview:-1\" \/>\n<link rel=\"canonical\" href=\"https:\/\/www.institutodeengenharia.org.br\/site\/2020\/05\/04\/modelos-de-simulacao-e-a-mobilidade-urbana-no-pos-crise\/\" \/>\n<meta property=\"og:locale\" content=\"pt_BR\" \/>\n<meta property=\"og:type\" content=\"article\" \/>\n<meta property=\"og:title\" content=\"Modelos de simula\u00e7\u00e3o e a Mobilidade Urbana no p\u00f3s-crise - Instituto de Engenharia\" \/>\n<meta property=\"og:description\" content=\"&nbsp; Assista abaixo \u00e0 grava\u00e7\u00e3o: &nbsp; &nbsp; + Informa\u00e7\u00f5es: &nbsp; Abordagem: A ideia \u00e9 conversar sobre modelos existentes de simula\u00e7\u00e3o de tr\u00e2nsito e transportes para serem aplicados no retorno \u00e0 vida normal das atividades da cidade ou se \u00e9 o caso de desenvolver modelos novos. P\u00fablico Alvo:\u00a0Engenheiros, arquitetos, t\u00e9cnicos, estudantes e demais interessados. Palestrantes: Eng. [&hellip;]\" \/>\n<meta property=\"og:url\" content=\"https:\/\/www.institutodeengenharia.org.br\/site\/2020\/05\/04\/modelos-de-simulacao-e-a-mobilidade-urbana-no-pos-crise\/\" \/>\n<meta property=\"og:site_name\" content=\"Instituto de Engenharia\" \/>\n<meta property=\"article:publisher\" content=\"https:\/\/www.facebook.com\/institutodeengenharia\" \/>\n<meta property=\"article:published_time\" content=\"2020-05-04T13:11:13+00:00\" \/>\n<meta property=\"article:modified_time\" content=\"2020-05-14T13:12:49+00:00\" \/>\n<meta property=\"og:image\" content=\"https:\/\/www.institutodeengenharia.org.br\/site\/wp-content\/uploads\/2020\/04\/como-drone-funciona-1.jpg\" \/>\n\t<meta property=\"og:image:width\" content=\"1024\" \/>\n\t<meta property=\"og:image:height\" content=\"768\" \/>\n\t<meta property=\"og:image:type\" content=\"image\/jpeg\" \/>\n<meta name=\"author\" content=\"Bianca\" \/>\n<meta name=\"twitter:card\" content=\"summary_large_image\" \/>\n<meta name=\"twitter:creator\" content=\"@iengenharia\" \/>\n<meta name=\"twitter:site\" content=\"@iengenharia\" \/>\n<meta name=\"twitter:label1\" content=\"Escrito por\" \/>\n\t<meta name=\"twitter:data1\" content=\"Bianca\" \/>\n\t<meta name=\"twitter:label2\" content=\"Est. tempo de leitura\" \/>\n\t<meta name=\"twitter:data2\" content=\"3 minutos\" \/>\n<script type=\"application\/ld+json\" class=\"yoast-schema-graph\">{\"@context\":\"https:\/\/schema.org\",\"@graph\":[{\"@type\":\"Article\",\"@id\":\"https:\/\/www.institutodeengenharia.org.br\/site\/2020\/05\/04\/modelos-de-simulacao-e-a-mobilidade-urbana-no-pos-crise\/#article\",\"isPartOf\":{\"@id\":\"https:\/\/www.institutodeengenharia.org.br\/site\/2020\/05\/04\/modelos-de-simulacao-e-a-mobilidade-urbana-no-pos-crise\/\"},\"author\":{\"name\":\"Bianca\",\"@id\":\"https:\/\/www.institutodeengenharia.org.br\/site\/#\/schema\/person\/aeb64951c405e100d26d30b033dd423f\"},\"headline\":\"Modelos de simula\u00e7\u00e3o e a Mobilidade Urbana no p\u00f3s-crise\",\"datePublished\":\"2020-05-04T13:11:13+00:00\",\"dateModified\":\"2020-05-14T13:12:49+00:00\",\"mainEntityOfPage\":{\"@id\":\"https:\/\/www.institutodeengenharia.org.br\/site\/2020\/05\/04\/modelos-de-simulacao-e-a-mobilidade-urbana-no-pos-crise\/\"},\"wordCount\":548,\"commentCount\":0,\"publisher\":{\"@id\":\"https:\/\/www.institutodeengenharia.org.br\/site\/#organization\"},\"image\":{\"@id\":\"https:\/\/www.institutodeengenharia.org.br\/site\/2020\/05\/04\/modelos-de-simulacao-e-a-mobilidade-urbana-no-pos-crise\/#primaryimage\"},\"thumbnailUrl\":\"https:\/\/www.institutodeengenharia.org.br\/site\/wp-content\/uploads\/2020\/04\/como-drone-funciona-1.jpg\",\"articleSection\":[\"Departamento de Desenvolvimento Urbano e Regional\",\"Divis\u00e3o T\u00e9cnica de Tr\u00e2nsito\",\"Nova TV Engenharia\",\"Palestra\"],\"inLanguage\":\"pt-BR\",\"potentialAction\":[{\"@type\":\"CommentAction\",\"name\":\"Comment\",\"target\":[\"https:\/\/www.institutodeengenharia.org.br\/site\/2020\/05\/04\/modelos-de-simulacao-e-a-mobilidade-urbana-no-pos-crise\/#respond\"]}]},{\"@type\":\"WebPage\",\"@id\":\"https:\/\/www.institutodeengenharia.org.br\/site\/2020\/05\/04\/modelos-de-simulacao-e-a-mobilidade-urbana-no-pos-crise\/\",\"url\":\"https:\/\/www.institutodeengenharia.org.br\/site\/2020\/05\/04\/modelos-de-simulacao-e-a-mobilidade-urbana-no-pos-crise\/\",\"name\":\"Modelos de simula\u00e7\u00e3o e a Mobilidade Urbana no p\u00f3s-crise - Instituto de Engenharia\",\"isPartOf\":{\"@id\":\"https:\/\/www.institutodeengenharia.org.br\/site\/#website\"},\"primaryImageOfPage\":{\"@id\":\"https:\/\/www.institutodeengenharia.org.br\/site\/2020\/05\/04\/modelos-de-simulacao-e-a-mobilidade-urbana-no-pos-crise\/#primaryimage\"},\"image\":{\"@id\":\"https:\/\/www.institutodeengenharia.org.br\/site\/2020\/05\/04\/modelos-de-simulacao-e-a-mobilidade-urbana-no-pos-crise\/#primaryimage\"},\"thumbnailUrl\":\"https:\/\/www.institutodeengenharia.org.br\/site\/wp-content\/uploads\/2020\/04\/como-drone-funciona-1.jpg\",\"datePublished\":\"2020-05-04T13:11:13+00:00\",\"dateModified\":\"2020-05-14T13:12:49+00:00\",\"breadcrumb\":{\"@id\":\"https:\/\/www.institutodeengenharia.org.br\/site\/2020\/05\/04\/modelos-de-simulacao-e-a-mobilidade-urbana-no-pos-crise\/#breadcrumb\"},\"inLanguage\":\"pt-BR\",\"potentialAction\":[{\"@type\":\"ReadAction\",\"target\":[\"https:\/\/www.institutodeengenharia.org.br\/site\/2020\/05\/04\/modelos-de-simulacao-e-a-mobilidade-urbana-no-pos-crise\/\"]}]},{\"@type\":\"ImageObject\",\"inLanguage\":\"pt-BR\",\"@id\":\"https:\/\/www.institutodeengenharia.org.br\/site\/2020\/05\/04\/modelos-de-simulacao-e-a-mobilidade-urbana-no-pos-crise\/#primaryimage\",\"url\":\"https:\/\/www.institutodeengenharia.org.br\/site\/wp-content\/uploads\/2020\/04\/como-drone-funciona-1.jpg\",\"contentUrl\":\"https:\/\/www.institutodeengenharia.org.br\/site\/wp-content\/uploads\/2020\/04\/como-drone-funciona-1.jpg\",\"width\":1024,\"height\":768},{\"@type\":\"BreadcrumbList\",\"@id\":\"https:\/\/www.institutodeengenharia.org.br\/site\/2020\/05\/04\/modelos-de-simulacao-e-a-mobilidade-urbana-no-pos-crise\/#breadcrumb\",\"itemListElement\":[{\"@type\":\"ListItem\",\"position\":1,\"name\":\"In\u00edcio\",\"item\":\"https:\/\/www.institutodeengenharia.org.br\/site\/\"},{\"@type\":\"ListItem\",\"position\":2,\"name\":\"Modelos de simula\u00e7\u00e3o e a Mobilidade Urbana no p\u00f3s-crise\"}]},{\"@type\":\"WebSite\",\"@id\":\"https:\/\/www.institutodeengenharia.org.br\/site\/#website\",\"url\":\"https:\/\/www.institutodeengenharia.org.br\/site\/\",\"name\":\"Instituto de Engenharia\",\"description\":\"O Instituto de Engenharia promove a Engenharia em benef\u00edcio do desenvolvimento e da qualidade de vida da sociedade.\",\"publisher\":{\"@id\":\"https:\/\/www.institutodeengenharia.org.br\/site\/#organization\"},\"potentialAction\":[{\"@type\":\"SearchAction\",\"target\":{\"@type\":\"EntryPoint\",\"urlTemplate\":\"https:\/\/www.institutodeengenharia.org.br\/site\/?s={search_term_string}\"},\"query-input\":{\"@type\":\"PropertyValueSpecification\",\"valueRequired\":true,\"valueName\":\"search_term_string\"}}],\"inLanguage\":\"pt-BR\"},{\"@type\":\"Organization\",\"@id\":\"https:\/\/www.institutodeengenharia.org.br\/site\/#organization\",\"name\":\"Instituto de Engenharia\",\"url\":\"https:\/\/www.institutodeengenharia.org.br\/site\/\",\"logo\":{\"@type\":\"ImageObject\",\"inLanguage\":\"pt-BR\",\"@id\":\"https:\/\/www.institutodeengenharia.org.br\/site\/#\/schema\/logo\/image\/\",\"url\":\"https:\/\/www.institutodeengenharia.org.br\/site\/wp-content\/uploads\/2019\/03\/logo-novo-IE2018-1.jpg\",\"contentUrl\":\"https:\/\/www.institutodeengenharia.org.br\/site\/wp-content\/uploads\/2019\/03\/logo-novo-IE2018-1.jpg\",\"width\":1486,\"height\":1879,\"caption\":\"Instituto de Engenharia\"},\"image\":{\"@id\":\"https:\/\/www.institutodeengenharia.org.br\/site\/#\/schema\/logo\/image\/\"},\"sameAs\":[\"https:\/\/www.facebook.com\/institutodeengenharia\",\"https:\/\/x.com\/iengenharia\",\"https:\/\/www.instagram.com\/institutodeengenharia\/\",\"https:\/\/www.linkedin.com\/company\/instituto-de-engenharia\/\",\"https:\/\/www.youtube.com\/channel\/UCXiCAlsSMe977vamW915HxA\"]},{\"@type\":\"Person\",\"@id\":\"https:\/\/www.institutodeengenharia.org.br\/site\/#\/schema\/person\/aeb64951c405e100d26d30b033dd423f\",\"name\":\"Bianca\",\"image\":{\"@type\":\"ImageObject\",\"inLanguage\":\"pt-BR\",\"@id\":\"https:\/\/secure.gravatar.com\/avatar\/a6fbe9bff57405baf4c1e2c5c1811e072b558253974a9f9508f4678900c97c2a?s=96&d=mm&r=g\",\"url\":\"https:\/\/secure.gravatar.com\/avatar\/a6fbe9bff57405baf4c1e2c5c1811e072b558253974a9f9508f4678900c97c2a?s=96&d=mm&r=g\",\"contentUrl\":\"https:\/\/secure.gravatar.com\/avatar\/a6fbe9bff57405baf4c1e2c5c1811e072b558253974a9f9508f4678900c97c2a?s=96&d=mm&r=g\",\"caption\":\"Bianca\"},\"url\":\"https:\/\/www.institutodeengenharia.org.br\/site\/author\/comunicacao1\/\"}]}<\/script>\n<!-- \/ Yoast SEO plugin. -->","yoast_head_json":{"title":"Modelos de simula\u00e7\u00e3o e a Mobilidade Urbana no p\u00f3s-crise - Instituto de Engenharia","robots":{"index":"index","follow":"follow","max-snippet":"max-snippet:-1","max-image-preview":"max-image-preview:large","max-video-preview":"max-video-preview:-1"},"canonical":"https:\/\/www.institutodeengenharia.org.br\/site\/2020\/05\/04\/modelos-de-simulacao-e-a-mobilidade-urbana-no-pos-crise\/","og_locale":"pt_BR","og_type":"article","og_title":"Modelos de simula\u00e7\u00e3o e a Mobilidade Urbana no p\u00f3s-crise - Instituto de Engenharia","og_description":"&nbsp; Assista abaixo \u00e0 grava\u00e7\u00e3o: &nbsp; &nbsp; + Informa\u00e7\u00f5es: &nbsp; Abordagem: A ideia \u00e9 conversar sobre modelos existentes de simula\u00e7\u00e3o de tr\u00e2nsito e transportes para serem aplicados no retorno \u00e0 vida normal das atividades da cidade ou se \u00e9 o caso de desenvolver modelos novos. P\u00fablico Alvo:\u00a0Engenheiros, arquitetos, t\u00e9cnicos, estudantes e demais interessados. Palestrantes: Eng. [&hellip;]","og_url":"https:\/\/www.institutodeengenharia.org.br\/site\/2020\/05\/04\/modelos-de-simulacao-e-a-mobilidade-urbana-no-pos-crise\/","og_site_name":"Instituto de Engenharia","article_publisher":"https:\/\/www.facebook.com\/institutodeengenharia","article_published_time":"2020-05-04T13:11:13+00:00","article_modified_time":"2020-05-14T13:12:49+00:00","og_image":[{"width":1024,"height":768,"url":"https:\/\/www.institutodeengenharia.org.br\/site\/wp-content\/uploads\/2020\/04\/como-drone-funciona-1.jpg","type":"image\/jpeg"}],"author":"Bianca","twitter_card":"summary_large_image","twitter_creator":"@iengenharia","twitter_site":"@iengenharia","twitter_misc":{"Escrito por":"Bianca","Est. tempo de leitura":"3 minutos"},"schema":{"@context":"https:\/\/schema.org","@graph":[{"@type":"Article","@id":"https:\/\/www.institutodeengenharia.org.br\/site\/2020\/05\/04\/modelos-de-simulacao-e-a-mobilidade-urbana-no-pos-crise\/#article","isPartOf":{"@id":"https:\/\/www.institutodeengenharia.org.br\/site\/2020\/05\/04\/modelos-de-simulacao-e-a-mobilidade-urbana-no-pos-crise\/"},"author":{"name":"Bianca","@id":"https:\/\/www.institutodeengenharia.org.br\/site\/#\/schema\/person\/aeb64951c405e100d26d30b033dd423f"},"headline":"Modelos de simula\u00e7\u00e3o e a Mobilidade Urbana no p\u00f3s-crise","datePublished":"2020-05-04T13:11:13+00:00","dateModified":"2020-05-14T13:12:49+00:00","mainEntityOfPage":{"@id":"https:\/\/www.institutodeengenharia.org.br\/site\/2020\/05\/04\/modelos-de-simulacao-e-a-mobilidade-urbana-no-pos-crise\/"},"wordCount":548,"commentCount":0,"publisher":{"@id":"https:\/\/www.institutodeengenharia.org.br\/site\/#organization"},"image":{"@id":"https:\/\/www.institutodeengenharia.org.br\/site\/2020\/05\/04\/modelos-de-simulacao-e-a-mobilidade-urbana-no-pos-crise\/#primaryimage"},"thumbnailUrl":"https:\/\/www.institutodeengenharia.org.br\/site\/wp-content\/uploads\/2020\/04\/como-drone-funciona-1.jpg","articleSection":["Departamento de Desenvolvimento Urbano e Regional","Divis\u00e3o T\u00e9cnica de Tr\u00e2nsito","Nova TV Engenharia","Palestra"],"inLanguage":"pt-BR","potentialAction":[{"@type":"CommentAction","name":"Comment","target":["https:\/\/www.institutodeengenharia.org.br\/site\/2020\/05\/04\/modelos-de-simulacao-e-a-mobilidade-urbana-no-pos-crise\/#respond"]}]},{"@type":"WebPage","@id":"https:\/\/www.institutodeengenharia.org.br\/site\/2020\/05\/04\/modelos-de-simulacao-e-a-mobilidade-urbana-no-pos-crise\/","url":"https:\/\/www.institutodeengenharia.org.br\/site\/2020\/05\/04\/modelos-de-simulacao-e-a-mobilidade-urbana-no-pos-crise\/","name":"Modelos de simula\u00e7\u00e3o e a Mobilidade Urbana no p\u00f3s-crise - Instituto de Engenharia","isPartOf":{"@id":"https:\/\/www.institutodeengenharia.org.br\/site\/#website"},"primaryImageOfPage":{"@id":"https:\/\/www.institutodeengenharia.org.br\/site\/2020\/05\/04\/modelos-de-simulacao-e-a-mobilidade-urbana-no-pos-crise\/#primaryimage"},"image":{"@id":"https:\/\/www.institutodeengenharia.org.br\/site\/2020\/05\/04\/modelos-de-simulacao-e-a-mobilidade-urbana-no-pos-crise\/#primaryimage"},"thumbnailUrl":"https:\/\/www.institutodeengenharia.org.br\/site\/wp-content\/uploads\/2020\/04\/como-drone-funciona-1.jpg","datePublished":"2020-05-04T13:11:13+00:00","dateModified":"2020-05-14T13:12:49+00:00","breadcrumb":{"@id":"https:\/\/www.institutodeengenharia.org.br\/site\/2020\/05\/04\/modelos-de-simulacao-e-a-mobilidade-urbana-no-pos-crise\/#breadcrumb"},"inLanguage":"pt-BR","potentialAction":[{"@type":"ReadAction","target":["https:\/\/www.institutodeengenharia.org.br\/site\/2020\/05\/04\/modelos-de-simulacao-e-a-mobilidade-urbana-no-pos-crise\/"]}]},{"@type":"ImageObject","inLanguage":"pt-BR","@id":"https:\/\/www.institutodeengenharia.org.br\/site\/2020\/05\/04\/modelos-de-simulacao-e-a-mobilidade-urbana-no-pos-crise\/#primaryimage","url":"https:\/\/www.institutodeengenharia.org.br\/site\/wp-content\/uploads\/2020\/04\/como-drone-funciona-1.jpg","contentUrl":"https:\/\/www.institutodeengenharia.org.br\/site\/wp-content\/uploads\/2020\/04\/como-drone-funciona-1.jpg","width":1024,"height":768},{"@type":"BreadcrumbList","@id":"https:\/\/www.institutodeengenharia.org.br\/site\/2020\/05\/04\/modelos-de-simulacao-e-a-mobilidade-urbana-no-pos-crise\/#breadcrumb","itemListElement":[{"@type":"ListItem","position":1,"name":"In\u00edcio","item":"https:\/\/www.institutodeengenharia.org.br\/site\/"},{"@type":"ListItem","position":2,"name":"Modelos de simula\u00e7\u00e3o e a Mobilidade Urbana no p\u00f3s-crise"}]},{"@type":"WebSite","@id":"https:\/\/www.institutodeengenharia.org.br\/site\/#website","url":"https:\/\/www.institutodeengenharia.org.br\/site\/","name":"Instituto de Engenharia","description":"O Instituto de Engenharia promove a Engenharia em benef\u00edcio do desenvolvimento e da qualidade de vida da sociedade.","publisher":{"@id":"https:\/\/www.institutodeengenharia.org.br\/site\/#organization"},"potentialAction":[{"@type":"SearchAction","target":{"@type":"EntryPoint","urlTemplate":"https:\/\/www.institutodeengenharia.org.br\/site\/?s={search_term_string}"},"query-input":{"@type":"PropertyValueSpecification","valueRequired":true,"valueName":"search_term_string"}}],"inLanguage":"pt-BR"},{"@type":"Organization","@id":"https:\/\/www.institutodeengenharia.org.br\/site\/#organization","name":"Instituto de Engenharia","url":"https:\/\/www.institutodeengenharia.org.br\/site\/","logo":{"@type":"ImageObject","inLanguage":"pt-BR","@id":"https:\/\/www.institutodeengenharia.org.br\/site\/#\/schema\/logo\/image\/","url":"https:\/\/www.institutodeengenharia.org.br\/site\/wp-content\/uploads\/2019\/03\/logo-novo-IE2018-1.jpg","contentUrl":"https:\/\/www.institutodeengenharia.org.br\/site\/wp-content\/uploads\/2019\/03\/logo-novo-IE2018-1.jpg","width":1486,"height":1879,"caption":"Instituto de Engenharia"},"image":{"@id":"https:\/\/www.institutodeengenharia.org.br\/site\/#\/schema\/logo\/image\/"},"sameAs":["https:\/\/www.facebook.com\/institutodeengenharia","https:\/\/x.com\/iengenharia","https:\/\/www.instagram.com\/institutodeengenharia\/","https:\/\/www.linkedin.com\/company\/instituto-de-engenharia\/","https:\/\/www.youtube.com\/channel\/UCXiCAlsSMe977vamW915HxA"]},{"@type":"Person","@id":"https:\/\/www.institutodeengenharia.org.br\/site\/#\/schema\/person\/aeb64951c405e100d26d30b033dd423f","name":"Bianca","image":{"@type":"ImageObject","inLanguage":"pt-BR","@id":"https:\/\/secure.gravatar.com\/avatar\/a6fbe9bff57405baf4c1e2c5c1811e072b558253974a9f9508f4678900c97c2a?s=96&d=mm&r=g","url":"https:\/\/secure.gravatar.com\/avatar\/a6fbe9bff57405baf4c1e2c5c1811e072b558253974a9f9508f4678900c97c2a?s=96&d=mm&r=g","contentUrl":"https:\/\/secure.gravatar.com\/avatar\/a6fbe9bff57405baf4c1e2c5c1811e072b558253974a9f9508f4678900c97c2a?s=96&d=mm&r=g","caption":"Bianca"},"url":"https:\/\/www.institutodeengenharia.org.br\/site\/author\/comunicacao1\/"}]}},"_links":{"self":[{"href":"https:\/\/www.institutodeengenharia.org.br\/site\/wp-json\/wp\/v2\/posts\/64564","targetHints":{"allow":["GET"]}}],"collection":[{"href":"https:\/\/www.institutodeengenharia.org.br\/site\/wp-json\/wp\/v2\/posts"}],"about":[{"href":"https:\/\/www.institutodeengenharia.org.br\/site\/wp-json\/wp\/v2\/types\/post"}],"author":[{"embeddable":true,"href":"https:\/\/www.institutodeengenharia.org.br\/site\/wp-json\/wp\/v2\/users\/13"}],"replies":[{"embeddable":true,"href":"https:\/\/www.institutodeengenharia.org.br\/site\/wp-json\/wp\/v2\/comments?post=64564"}],"version-history":[{"count":1,"href":"https:\/\/www.institutodeengenharia.org.br\/site\/wp-json\/wp\/v2\/posts\/64564\/revisions"}],"predecessor-version":[{"id":64565,"href":"https:\/\/www.institutodeengenharia.org.br\/site\/wp-json\/wp\/v2\/posts\/64564\/revisions\/64565"}],"wp:featuredmedia":[{"embeddable":true,"href":"https:\/\/www.institutodeengenharia.org.br\/site\/wp-json\/wp\/v2\/media\/63214"}],"wp:attachment":[{"href":"https:\/\/www.institutodeengenharia.org.br\/site\/wp-json\/wp\/v2\/media?parent=64564"}],"wp:term":[{"taxonomy":"category","embeddable":true,"href":"https:\/\/www.institutodeengenharia.org.br\/site\/wp-json\/wp\/v2\/categories?post=64564"},{"taxonomy":"post_tag","embeddable":true,"href":"https:\/\/www.institutodeengenharia.org.br\/site\/wp-json\/wp\/v2\/tags?post=64564"}],"curies":[{"name":"wp","href":"https:\/\/api.w.org\/{rel}","templated":true}]}}