{"id":64551,"date":"2020-05-12T09:57:48","date_gmt":"2020-05-12T12:57:48","guid":{"rendered":"https:\/\/www.institutodeengenharia.org.br\/site\/?p=64551"},"modified":"2020-05-14T10:00:16","modified_gmt":"2020-05-14T13:00:16","slug":"pericias-em-condominio-a-atuacao-da-engenharia-diagnostica","status":"publish","type":"post","link":"https:\/\/www.institutodeengenharia.org.br\/site\/2020\/05\/12\/pericias-em-condominio-a-atuacao-da-engenharia-diagnostica\/","title":{"rendered":"Per\u00edcias em condom\u00ednio \u2013 A atua\u00e7\u00e3o da Engenharia Diagn\u00f3stica"},"content":{"rendered":"<p>&nbsp;<\/p>\n<p><strong>Assista abaixo \u00e0 grava\u00e7\u00e3o:<\/strong><\/p>\n<p>&nbsp;<\/p>\n<p><iframe loading=\"lazy\" src=\"https:\/\/player.vimeo.com\/video\/418203478\" width=\"640\" height=\"360\" frameborder=\"0\" allowfullscreen=\"allowfullscreen\"><\/iframe><\/p>\n<p>&nbsp;<\/p>\n<p><strong>+ Informa\u00e7\u00f5es:<\/strong><\/p>\n<p>&nbsp;<\/p>\n<p><strong>Abordagem<\/strong>:<\/p>\n<p>Tema de sucesso em curso ministrado durante anos pelos engenheiros Jer\u00f4nimo Cabral e Marco Antonio Gullo, agora abordado numa exposi\u00e7\u00e3o interativa ao vivo, ser\u00e3o expostos os detalhes pr\u00e1ticos das contrata\u00e7\u00f5es dos engenheiros diagn\u00f3sticos pelos condom\u00ednios prediais, esclarecendo os formatos da presta\u00e7\u00e3o de servi\u00e7o em atendimento \u00e0s necessidades t\u00e9cnicas e no limite das responsabilidades dos profissionais contratados.<\/p>\n<p>A live ser\u00e1 mediada pela engenheira Miriana Marques, profissional de renome nas vistorias cautelares em todo o Pa\u00eds, envolvendo inclusive os condom\u00ednios prediais, agregando assim mais conhecimento a este evento imperd\u00edvel do\u00a0<strong>Instituto de Engenharia<\/strong>.<\/p>\n<p><strong>P\u00fablico-alvo:<\/strong><\/p>\n<p>Engenheiros e arquitetos formados ou estudantes, s\u00edndicos profissionais e administrados de im\u00f3veis.<\/p>\n<p><strong>Palestrantes:<\/strong><\/p>\n<p><strong>Jer\u00f4nimo Cabral Pereira Fagundes Neto<\/strong><\/p>\n<p>Engenheiro Civil pela Escola de Engenharia de Lins, em 1980; p\u00f3s-graduado em Avalia\u00e7\u00f5es e Per\u00edcias de Engenharia pela FAAP, em 2002; mestre em Habita\u00e7\u00e3o na \u00e1rea de Tecnologia das Edifica\u00e7\u00f5es pelo Instituto de Pesquisas Tecnol\u00f3gicas (IPT), em 2007; membro docente de cursos de p\u00f3s-gradua\u00e7\u00e3o em Engenharia Diagn\u00f3stica em Edifica\u00e7\u00f5es, Per\u00edcias de Engenharia e Avalia\u00e7\u00f5es em conv\u00eanios com entidades diversas. Autor e coautor de livros e artigos t\u00e9cnicos sobre Engenharia Diagn\u00f3stica em Edifica\u00e7\u00f5es, Inspe\u00e7\u00e3o Predial, Manuten\u00e7\u00e3o Predial, com premia\u00e7\u00e3o em alguns t\u00edtulos; perito judicial militante na capital de S\u00e3o Paulo e sua regi\u00e3o metropolitana, al\u00e9m de atuar como assistente t\u00e9cnico junto a renomados escrit\u00f3rios de advocacia na regi\u00e3o Sul e Sudeste. \u00c9 vice-presidente de Atividades T\u00e9cnicas do Instituto de Engenharia e diretor da J. Cabral Per\u00edcias de Engenharia e Avalia\u00e7\u00f5es.<\/p>\n<p><strong>Marco Antonio Gullo<\/strong><\/p>\n<p>Engenheiro Civil, mestrando em Tecnologia da Habita\u00e7\u00e3o pelo IPT, p\u00f3s-graduado em Per\u00edcias de Engenharia e Avalia\u00e7\u00f5es, p\u00f3s-graduado em Administra\u00e7\u00e3o de Empresas; Diretor de cursos do Instituto de Engenharia \u2013 IE e ex-coordenador da C\u00e2mara T\u00e9cnica de Per\u00edcias em Edifica\u00e7\u00f5es do IBAPE\/SP; Docente em cursos de especializa\u00e7\u00e3o e p\u00f3s-gradua\u00e7\u00e3o do IE e do Instituto Brasileiro de Educa\u00e7\u00e3o Continuada \u2013 INBEC; coautor de diversos livros enfocando Engenharia Diagn\u00f3stica; Assistente t\u00e9cnico judicial; Consultor t\u00e9cnico de renomadas empresas de constru\u00e7\u00e3o; Carreira desenvolvida em atividades de constru\u00e7\u00e3o e fiscaliza\u00e7\u00e3o de empreendimentos prediais; Participa\u00e7\u00e3o como consultor em importantes ve\u00edculos de comunica\u00e7\u00e3o, entre os quais Folha, Editora Abril, R7, SBT e Rede Globo; S\u00f3cio diretor da MG CONSULT.<\/p>\n<p><strong>Mediadora:<\/strong><\/p>\n<p><strong>Miriana Pereira Marques<\/strong><\/p>\n<p>Formada em Engenharia Civil pela FAAP, foi professora universit\u00e1ria de Maci\u00e7os e Obras de Terras, Transportes e Mec\u00e2nica dos Solos na mesma faculdade.<\/p>\n<p>Com 20 anos de atua\u00e7\u00e3o profissional dedicados \u00e0 \u00e1rea de Avalia\u00e7\u00f5es e Per\u00edcias, referente a bens patrimoniais e a im\u00f3veis urbanos, comerciais, residenciais, rurais e industriais, \u00e9 respons\u00e1vel t\u00e9cnica pela \u00e1rea de Avalia\u00e7\u00f5es e Per\u00edcias da Marques &amp; Marques Engenharia. Assistente t\u00e9cnico do Metr\u00f4 e da Dersa e especialista em Avalia\u00e7\u00f5es e Pericias.<\/p>\n<p>No Instituto de Engenharia, \u00e9 vice-presidente de Assuntos Internos, vice-coordenadora da Divis\u00e3o T\u00e9cnica de Inform\u00e1tica e da Divis\u00e3o de Avalia\u00e7\u00f5es e Per\u00edcias, membro do Conselho Consultivo e da C\u00e2mara de Media\u00e7\u00e3o e Arbitragem (CMA). E possui o pr\u00eamio de Melhor Trabalho T\u00e9cnico do Ano Analisando Temas Ligados ao Exerc\u00edcio da Profiss\u00e3o \u2013 \u201cVistoria Cautelar\u201d, \u201cIm\u00f3veis Tombados\u201d e \u201cCal\u00e7adas\u201d, entregues pela institui\u00e7\u00e3o.<\/p>\n<p><strong>Apoio Institucional:<\/strong><\/p>\n<p><strong><img loading=\"lazy\" decoding=\"async\" class=\"alignnone size-full wp-image-34556 td-animation-stack-type0-2\" src=\"https:\/\/www.institutodeengenharia.org.br\/site\/wp-content\/uploads\/2018\/04\/CREA-SP_vertical.jpg\" alt=\"\" width=\"150\" height=\"106\" srcset=\"https:\/\/www.institutodeengenharia.org.br\/site\/wp-content\/uploads\/2018\/04\/CREA-SP_vertical.jpg 150w, https:\/\/www.institutodeengenharia.org.br\/site\/wp-content\/uploads\/2018\/04\/CREA-SP_vertical-100x70.jpg 100w\" sizes=\"auto, (max-width: 150px) 100vw, 150px\" \/>\u00a0<\/strong><\/p>\n<p><strong>Realiza\u00e7\u00e3o:<\/strong><\/p>\n<p><strong>Eng. Jer\u00f4nimo Cabral Pereira Fagundes Neto\u00a0<\/strong>\u2013 Vice-presidente de Atividades T\u00e9cnicas<\/p>\n<p><strong>Eng\u00aa. Miriana Pereira Marques<\/strong>\u00a0\u2013 Vice-presidente de Assuntos Internos<\/p>\n<p><strong>Eng.\u00a0<\/strong><strong>Marco Antonio Gullo\u00a0<\/strong>\u2013 Diretor de Cursos<\/p>\n","protected":false},"excerpt":{"rendered":"<p>&nbsp; Assista abaixo \u00e0 grava\u00e7\u00e3o: &nbsp; &nbsp; + Informa\u00e7\u00f5es: &nbsp; Abordagem: Tema de sucesso em curso ministrado durante anos pelos engenheiros Jer\u00f4nimo Cabral e Marco Antonio Gullo, agora abordado numa exposi\u00e7\u00e3o interativa ao vivo, ser\u00e3o expostos os detalhes pr\u00e1ticos das contrata\u00e7\u00f5es dos engenheiros diagn\u00f3sticos pelos condom\u00ednios prediais, esclarecendo os formatos da presta\u00e7\u00e3o de servi\u00e7o em [&hellip;]<\/p>\n","protected":false},"author":13,"featured_media":63495,"comment_status":"open","ping_status":"open","sticky":false,"template":"","format":"standard","meta":{"footnotes":""},"categories":[968,969],"tags":[],"class_list":{"0":"post-64551","1":"post","2":"type-post","3":"status-publish","4":"format-standard","5":"has-post-thumbnail","7":"category-nova-tv-engenharia","8":"category-palestra"},"yoast_head":"<!-- This site is optimized with the Yoast SEO plugin v27.2 - https:\/\/yoast.com\/product\/yoast-seo-wordpress\/ -->\n<title>Per\u00edcias em condom\u00ednio \u2013 A atua\u00e7\u00e3o da Engenharia Diagn\u00f3stica - Instituto de Engenharia<\/title>\n<meta name=\"robots\" content=\"index, follow, max-snippet:-1, max-image-preview:large, max-video-preview:-1\" \/>\n<link rel=\"canonical\" href=\"https:\/\/www.institutodeengenharia.org.br\/site\/2020\/05\/12\/pericias-em-condominio-a-atuacao-da-engenharia-diagnostica\/\" \/>\n<meta property=\"og:locale\" content=\"pt_BR\" \/>\n<meta property=\"og:type\" content=\"article\" \/>\n<meta property=\"og:title\" content=\"Per\u00edcias em condom\u00ednio \u2013 A atua\u00e7\u00e3o da Engenharia Diagn\u00f3stica - Instituto de Engenharia\" \/>\n<meta property=\"og:description\" content=\"&nbsp; Assista abaixo \u00e0 grava\u00e7\u00e3o: &nbsp; &nbsp; + Informa\u00e7\u00f5es: &nbsp; Abordagem: Tema de sucesso em curso ministrado durante anos pelos engenheiros Jer\u00f4nimo Cabral e Marco Antonio Gullo, agora abordado numa exposi\u00e7\u00e3o interativa ao vivo, ser\u00e3o expostos os detalhes pr\u00e1ticos das contrata\u00e7\u00f5es dos engenheiros diagn\u00f3sticos pelos condom\u00ednios prediais, esclarecendo os formatos da presta\u00e7\u00e3o de servi\u00e7o em [&hellip;]\" \/>\n<meta property=\"og:url\" content=\"https:\/\/www.institutodeengenharia.org.br\/site\/2020\/05\/12\/pericias-em-condominio-a-atuacao-da-engenharia-diagnostica\/\" \/>\n<meta property=\"og:site_name\" content=\"Instituto de Engenharia\" \/>\n<meta property=\"article:publisher\" content=\"https:\/\/www.facebook.com\/institutodeengenharia\" \/>\n<meta property=\"article:published_time\" content=\"2020-05-12T12:57:48+00:00\" \/>\n<meta property=\"article:modified_time\" content=\"2020-05-14T13:00:16+00:00\" \/>\n<meta property=\"og:image\" content=\"https:\/\/www.institutodeengenharia.org.br\/site\/wp-content\/uploads\/2020\/04\/QUALIENGE_Texto_01_1135258877-970x550.jpg\" \/>\n\t<meta property=\"og:image:width\" content=\"970\" \/>\n\t<meta property=\"og:image:height\" content=\"550\" \/>\n\t<meta property=\"og:image:type\" content=\"image\/jpeg\" \/>\n<meta name=\"author\" content=\"Bianca\" \/>\n<meta name=\"twitter:card\" content=\"summary_large_image\" \/>\n<meta name=\"twitter:creator\" content=\"@iengenharia\" \/>\n<meta name=\"twitter:site\" content=\"@iengenharia\" \/>\n<meta name=\"twitter:label1\" content=\"Escrito por\" \/>\n\t<meta name=\"twitter:data1\" content=\"Bianca\" \/>\n\t<meta name=\"twitter:label2\" content=\"Est. tempo de leitura\" \/>\n\t<meta name=\"twitter:data2\" content=\"3 minutos\" \/>\n<script type=\"application\/ld+json\" class=\"yoast-schema-graph\">{\"@context\":\"https:\/\/schema.org\",\"@graph\":[{\"@type\":\"Article\",\"@id\":\"https:\/\/www.institutodeengenharia.org.br\/site\/2020\/05\/12\/pericias-em-condominio-a-atuacao-da-engenharia-diagnostica\/#article\",\"isPartOf\":{\"@id\":\"https:\/\/www.institutodeengenharia.org.br\/site\/2020\/05\/12\/pericias-em-condominio-a-atuacao-da-engenharia-diagnostica\/\"},\"author\":{\"name\":\"Bianca\",\"@id\":\"https:\/\/www.institutodeengenharia.org.br\/site\/#\/schema\/person\/aeb64951c405e100d26d30b033dd423f\"},\"headline\":\"Per\u00edcias em condom\u00ednio \u2013 A atua\u00e7\u00e3o da Engenharia Diagn\u00f3stica\",\"datePublished\":\"2020-05-12T12:57:48+00:00\",\"dateModified\":\"2020-05-14T13:00:16+00:00\",\"mainEntityOfPage\":{\"@id\":\"https:\/\/www.institutodeengenharia.org.br\/site\/2020\/05\/12\/pericias-em-condominio-a-atuacao-da-engenharia-diagnostica\/\"},\"wordCount\":636,\"commentCount\":0,\"publisher\":{\"@id\":\"https:\/\/www.institutodeengenharia.org.br\/site\/#organization\"},\"image\":{\"@id\":\"https:\/\/www.institutodeengenharia.org.br\/site\/2020\/05\/12\/pericias-em-condominio-a-atuacao-da-engenharia-diagnostica\/#primaryimage\"},\"thumbnailUrl\":\"https:\/\/www.institutodeengenharia.org.br\/site\/wp-content\/uploads\/2020\/04\/QUALIENGE_Texto_01_1135258877-970x550.jpg\",\"articleSection\":[\"Nova TV Engenharia\",\"Palestra\"],\"inLanguage\":\"pt-BR\",\"potentialAction\":[{\"@type\":\"CommentAction\",\"name\":\"Comment\",\"target\":[\"https:\/\/www.institutodeengenharia.org.br\/site\/2020\/05\/12\/pericias-em-condominio-a-atuacao-da-engenharia-diagnostica\/#respond\"]}]},{\"@type\":\"WebPage\",\"@id\":\"https:\/\/www.institutodeengenharia.org.br\/site\/2020\/05\/12\/pericias-em-condominio-a-atuacao-da-engenharia-diagnostica\/\",\"url\":\"https:\/\/www.institutodeengenharia.org.br\/site\/2020\/05\/12\/pericias-em-condominio-a-atuacao-da-engenharia-diagnostica\/\",\"name\":\"Per\u00edcias em condom\u00ednio \u2013 A atua\u00e7\u00e3o da Engenharia Diagn\u00f3stica - Instituto de Engenharia\",\"isPartOf\":{\"@id\":\"https:\/\/www.institutodeengenharia.org.br\/site\/#website\"},\"primaryImageOfPage\":{\"@id\":\"https:\/\/www.institutodeengenharia.org.br\/site\/2020\/05\/12\/pericias-em-condominio-a-atuacao-da-engenharia-diagnostica\/#primaryimage\"},\"image\":{\"@id\":\"https:\/\/www.institutodeengenharia.org.br\/site\/2020\/05\/12\/pericias-em-condominio-a-atuacao-da-engenharia-diagnostica\/#primaryimage\"},\"thumbnailUrl\":\"https:\/\/www.institutodeengenharia.org.br\/site\/wp-content\/uploads\/2020\/04\/QUALIENGE_Texto_01_1135258877-970x550.jpg\",\"datePublished\":\"2020-05-12T12:57:48+00:00\",\"dateModified\":\"2020-05-14T13:00:16+00:00\",\"breadcrumb\":{\"@id\":\"https:\/\/www.institutodeengenharia.org.br\/site\/2020\/05\/12\/pericias-em-condominio-a-atuacao-da-engenharia-diagnostica\/#breadcrumb\"},\"inLanguage\":\"pt-BR\",\"potentialAction\":[{\"@type\":\"ReadAction\",\"target\":[\"https:\/\/www.institutodeengenharia.org.br\/site\/2020\/05\/12\/pericias-em-condominio-a-atuacao-da-engenharia-diagnostica\/\"]}]},{\"@type\":\"ImageObject\",\"inLanguage\":\"pt-BR\",\"@id\":\"https:\/\/www.institutodeengenharia.org.br\/site\/2020\/05\/12\/pericias-em-condominio-a-atuacao-da-engenharia-diagnostica\/#primaryimage\",\"url\":\"https:\/\/www.institutodeengenharia.org.br\/site\/wp-content\/uploads\/2020\/04\/QUALIENGE_Texto_01_1135258877-970x550.jpg\",\"contentUrl\":\"https:\/\/www.institutodeengenharia.org.br\/site\/wp-content\/uploads\/2020\/04\/QUALIENGE_Texto_01_1135258877-970x550.jpg\",\"width\":970,\"height\":550},{\"@type\":\"BreadcrumbList\",\"@id\":\"https:\/\/www.institutodeengenharia.org.br\/site\/2020\/05\/12\/pericias-em-condominio-a-atuacao-da-engenharia-diagnostica\/#breadcrumb\",\"itemListElement\":[{\"@type\":\"ListItem\",\"position\":1,\"name\":\"In\u00edcio\",\"item\":\"https:\/\/www.institutodeengenharia.org.br\/site\/\"},{\"@type\":\"ListItem\",\"position\":2,\"name\":\"Per\u00edcias em condom\u00ednio \u2013 A atua\u00e7\u00e3o da Engenharia Diagn\u00f3stica\"}]},{\"@type\":\"WebSite\",\"@id\":\"https:\/\/www.institutodeengenharia.org.br\/site\/#website\",\"url\":\"https:\/\/www.institutodeengenharia.org.br\/site\/\",\"name\":\"Instituto de Engenharia\",\"description\":\"O Instituto de Engenharia promove a Engenharia em benef\u00edcio do desenvolvimento e da qualidade de vida da sociedade.\",\"publisher\":{\"@id\":\"https:\/\/www.institutodeengenharia.org.br\/site\/#organization\"},\"potentialAction\":[{\"@type\":\"SearchAction\",\"target\":{\"@type\":\"EntryPoint\",\"urlTemplate\":\"https:\/\/www.institutodeengenharia.org.br\/site\/?s={search_term_string}\"},\"query-input\":{\"@type\":\"PropertyValueSpecification\",\"valueRequired\":true,\"valueName\":\"search_term_string\"}}],\"inLanguage\":\"pt-BR\"},{\"@type\":\"Organization\",\"@id\":\"https:\/\/www.institutodeengenharia.org.br\/site\/#organization\",\"name\":\"Instituto de Engenharia\",\"url\":\"https:\/\/www.institutodeengenharia.org.br\/site\/\",\"logo\":{\"@type\":\"ImageObject\",\"inLanguage\":\"pt-BR\",\"@id\":\"https:\/\/www.institutodeengenharia.org.br\/site\/#\/schema\/logo\/image\/\",\"url\":\"https:\/\/www.institutodeengenharia.org.br\/site\/wp-content\/uploads\/2019\/03\/logo-novo-IE2018-1.jpg\",\"contentUrl\":\"https:\/\/www.institutodeengenharia.org.br\/site\/wp-content\/uploads\/2019\/03\/logo-novo-IE2018-1.jpg\",\"width\":1486,\"height\":1879,\"caption\":\"Instituto de Engenharia\"},\"image\":{\"@id\":\"https:\/\/www.institutodeengenharia.org.br\/site\/#\/schema\/logo\/image\/\"},\"sameAs\":[\"https:\/\/www.facebook.com\/institutodeengenharia\",\"https:\/\/x.com\/iengenharia\",\"https:\/\/www.instagram.com\/institutodeengenharia\/\",\"https:\/\/www.linkedin.com\/company\/instituto-de-engenharia\/\",\"https:\/\/www.youtube.com\/channel\/UCXiCAlsSMe977vamW915HxA\"]},{\"@type\":\"Person\",\"@id\":\"https:\/\/www.institutodeengenharia.org.br\/site\/#\/schema\/person\/aeb64951c405e100d26d30b033dd423f\",\"name\":\"Bianca\",\"image\":{\"@type\":\"ImageObject\",\"inLanguage\":\"pt-BR\",\"@id\":\"https:\/\/secure.gravatar.com\/avatar\/a6fbe9bff57405baf4c1e2c5c1811e072b558253974a9f9508f4678900c97c2a?s=96&d=mm&r=g\",\"url\":\"https:\/\/secure.gravatar.com\/avatar\/a6fbe9bff57405baf4c1e2c5c1811e072b558253974a9f9508f4678900c97c2a?s=96&d=mm&r=g\",\"contentUrl\":\"https:\/\/secure.gravatar.com\/avatar\/a6fbe9bff57405baf4c1e2c5c1811e072b558253974a9f9508f4678900c97c2a?s=96&d=mm&r=g\",\"caption\":\"Bianca\"},\"url\":\"https:\/\/www.institutodeengenharia.org.br\/site\/author\/comunicacao1\/\"}]}<\/script>\n<!-- \/ Yoast SEO plugin. -->","yoast_head_json":{"title":"Per\u00edcias em condom\u00ednio \u2013 A atua\u00e7\u00e3o da Engenharia Diagn\u00f3stica - Instituto de Engenharia","robots":{"index":"index","follow":"follow","max-snippet":"max-snippet:-1","max-image-preview":"max-image-preview:large","max-video-preview":"max-video-preview:-1"},"canonical":"https:\/\/www.institutodeengenharia.org.br\/site\/2020\/05\/12\/pericias-em-condominio-a-atuacao-da-engenharia-diagnostica\/","og_locale":"pt_BR","og_type":"article","og_title":"Per\u00edcias em condom\u00ednio \u2013 A atua\u00e7\u00e3o da Engenharia Diagn\u00f3stica - Instituto de Engenharia","og_description":"&nbsp; Assista abaixo \u00e0 grava\u00e7\u00e3o: &nbsp; &nbsp; + Informa\u00e7\u00f5es: &nbsp; Abordagem: Tema de sucesso em curso ministrado durante anos pelos engenheiros Jer\u00f4nimo Cabral e Marco Antonio Gullo, agora abordado numa exposi\u00e7\u00e3o interativa ao vivo, ser\u00e3o expostos os detalhes pr\u00e1ticos das contrata\u00e7\u00f5es dos engenheiros diagn\u00f3sticos pelos condom\u00ednios prediais, esclarecendo os formatos da presta\u00e7\u00e3o de servi\u00e7o em [&hellip;]","og_url":"https:\/\/www.institutodeengenharia.org.br\/site\/2020\/05\/12\/pericias-em-condominio-a-atuacao-da-engenharia-diagnostica\/","og_site_name":"Instituto de Engenharia","article_publisher":"https:\/\/www.facebook.com\/institutodeengenharia","article_published_time":"2020-05-12T12:57:48+00:00","article_modified_time":"2020-05-14T13:00:16+00:00","og_image":[{"width":970,"height":550,"url":"https:\/\/www.institutodeengenharia.org.br\/site\/wp-content\/uploads\/2020\/04\/QUALIENGE_Texto_01_1135258877-970x550.jpg","type":"image\/jpeg"}],"author":"Bianca","twitter_card":"summary_large_image","twitter_creator":"@iengenharia","twitter_site":"@iengenharia","twitter_misc":{"Escrito por":"Bianca","Est. tempo de leitura":"3 minutos"},"schema":{"@context":"https:\/\/schema.org","@graph":[{"@type":"Article","@id":"https:\/\/www.institutodeengenharia.org.br\/site\/2020\/05\/12\/pericias-em-condominio-a-atuacao-da-engenharia-diagnostica\/#article","isPartOf":{"@id":"https:\/\/www.institutodeengenharia.org.br\/site\/2020\/05\/12\/pericias-em-condominio-a-atuacao-da-engenharia-diagnostica\/"},"author":{"name":"Bianca","@id":"https:\/\/www.institutodeengenharia.org.br\/site\/#\/schema\/person\/aeb64951c405e100d26d30b033dd423f"},"headline":"Per\u00edcias em condom\u00ednio \u2013 A atua\u00e7\u00e3o da Engenharia Diagn\u00f3stica","datePublished":"2020-05-12T12:57:48+00:00","dateModified":"2020-05-14T13:00:16+00:00","mainEntityOfPage":{"@id":"https:\/\/www.institutodeengenharia.org.br\/site\/2020\/05\/12\/pericias-em-condominio-a-atuacao-da-engenharia-diagnostica\/"},"wordCount":636,"commentCount":0,"publisher":{"@id":"https:\/\/www.institutodeengenharia.org.br\/site\/#organization"},"image":{"@id":"https:\/\/www.institutodeengenharia.org.br\/site\/2020\/05\/12\/pericias-em-condominio-a-atuacao-da-engenharia-diagnostica\/#primaryimage"},"thumbnailUrl":"https:\/\/www.institutodeengenharia.org.br\/site\/wp-content\/uploads\/2020\/04\/QUALIENGE_Texto_01_1135258877-970x550.jpg","articleSection":["Nova TV Engenharia","Palestra"],"inLanguage":"pt-BR","potentialAction":[{"@type":"CommentAction","name":"Comment","target":["https:\/\/www.institutodeengenharia.org.br\/site\/2020\/05\/12\/pericias-em-condominio-a-atuacao-da-engenharia-diagnostica\/#respond"]}]},{"@type":"WebPage","@id":"https:\/\/www.institutodeengenharia.org.br\/site\/2020\/05\/12\/pericias-em-condominio-a-atuacao-da-engenharia-diagnostica\/","url":"https:\/\/www.institutodeengenharia.org.br\/site\/2020\/05\/12\/pericias-em-condominio-a-atuacao-da-engenharia-diagnostica\/","name":"Per\u00edcias em condom\u00ednio \u2013 A atua\u00e7\u00e3o da Engenharia Diagn\u00f3stica - Instituto de Engenharia","isPartOf":{"@id":"https:\/\/www.institutodeengenharia.org.br\/site\/#website"},"primaryImageOfPage":{"@id":"https:\/\/www.institutodeengenharia.org.br\/site\/2020\/05\/12\/pericias-em-condominio-a-atuacao-da-engenharia-diagnostica\/#primaryimage"},"image":{"@id":"https:\/\/www.institutodeengenharia.org.br\/site\/2020\/05\/12\/pericias-em-condominio-a-atuacao-da-engenharia-diagnostica\/#primaryimage"},"thumbnailUrl":"https:\/\/www.institutodeengenharia.org.br\/site\/wp-content\/uploads\/2020\/04\/QUALIENGE_Texto_01_1135258877-970x550.jpg","datePublished":"2020-05-12T12:57:48+00:00","dateModified":"2020-05-14T13:00:16+00:00","breadcrumb":{"@id":"https:\/\/www.institutodeengenharia.org.br\/site\/2020\/05\/12\/pericias-em-condominio-a-atuacao-da-engenharia-diagnostica\/#breadcrumb"},"inLanguage":"pt-BR","potentialAction":[{"@type":"ReadAction","target":["https:\/\/www.institutodeengenharia.org.br\/site\/2020\/05\/12\/pericias-em-condominio-a-atuacao-da-engenharia-diagnostica\/"]}]},{"@type":"ImageObject","inLanguage":"pt-BR","@id":"https:\/\/www.institutodeengenharia.org.br\/site\/2020\/05\/12\/pericias-em-condominio-a-atuacao-da-engenharia-diagnostica\/#primaryimage","url":"https:\/\/www.institutodeengenharia.org.br\/site\/wp-content\/uploads\/2020\/04\/QUALIENGE_Texto_01_1135258877-970x550.jpg","contentUrl":"https:\/\/www.institutodeengenharia.org.br\/site\/wp-content\/uploads\/2020\/04\/QUALIENGE_Texto_01_1135258877-970x550.jpg","width":970,"height":550},{"@type":"BreadcrumbList","@id":"https:\/\/www.institutodeengenharia.org.br\/site\/2020\/05\/12\/pericias-em-condominio-a-atuacao-da-engenharia-diagnostica\/#breadcrumb","itemListElement":[{"@type":"ListItem","position":1,"name":"In\u00edcio","item":"https:\/\/www.institutodeengenharia.org.br\/site\/"},{"@type":"ListItem","position":2,"name":"Per\u00edcias em condom\u00ednio \u2013 A atua\u00e7\u00e3o da Engenharia Diagn\u00f3stica"}]},{"@type":"WebSite","@id":"https:\/\/www.institutodeengenharia.org.br\/site\/#website","url":"https:\/\/www.institutodeengenharia.org.br\/site\/","name":"Instituto de Engenharia","description":"O Instituto de Engenharia promove a Engenharia em benef\u00edcio do desenvolvimento e da qualidade de vida da sociedade.","publisher":{"@id":"https:\/\/www.institutodeengenharia.org.br\/site\/#organization"},"potentialAction":[{"@type":"SearchAction","target":{"@type":"EntryPoint","urlTemplate":"https:\/\/www.institutodeengenharia.org.br\/site\/?s={search_term_string}"},"query-input":{"@type":"PropertyValueSpecification","valueRequired":true,"valueName":"search_term_string"}}],"inLanguage":"pt-BR"},{"@type":"Organization","@id":"https:\/\/www.institutodeengenharia.org.br\/site\/#organization","name":"Instituto de Engenharia","url":"https:\/\/www.institutodeengenharia.org.br\/site\/","logo":{"@type":"ImageObject","inLanguage":"pt-BR","@id":"https:\/\/www.institutodeengenharia.org.br\/site\/#\/schema\/logo\/image\/","url":"https:\/\/www.institutodeengenharia.org.br\/site\/wp-content\/uploads\/2019\/03\/logo-novo-IE2018-1.jpg","contentUrl":"https:\/\/www.institutodeengenharia.org.br\/site\/wp-content\/uploads\/2019\/03\/logo-novo-IE2018-1.jpg","width":1486,"height":1879,"caption":"Instituto de Engenharia"},"image":{"@id":"https:\/\/www.institutodeengenharia.org.br\/site\/#\/schema\/logo\/image\/"},"sameAs":["https:\/\/www.facebook.com\/institutodeengenharia","https:\/\/x.com\/iengenharia","https:\/\/www.instagram.com\/institutodeengenharia\/","https:\/\/www.linkedin.com\/company\/instituto-de-engenharia\/","https:\/\/www.youtube.com\/channel\/UCXiCAlsSMe977vamW915HxA"]},{"@type":"Person","@id":"https:\/\/www.institutodeengenharia.org.br\/site\/#\/schema\/person\/aeb64951c405e100d26d30b033dd423f","name":"Bianca","image":{"@type":"ImageObject","inLanguage":"pt-BR","@id":"https:\/\/secure.gravatar.com\/avatar\/a6fbe9bff57405baf4c1e2c5c1811e072b558253974a9f9508f4678900c97c2a?s=96&d=mm&r=g","url":"https:\/\/secure.gravatar.com\/avatar\/a6fbe9bff57405baf4c1e2c5c1811e072b558253974a9f9508f4678900c97c2a?s=96&d=mm&r=g","contentUrl":"https:\/\/secure.gravatar.com\/avatar\/a6fbe9bff57405baf4c1e2c5c1811e072b558253974a9f9508f4678900c97c2a?s=96&d=mm&r=g","caption":"Bianca"},"url":"https:\/\/www.institutodeengenharia.org.br\/site\/author\/comunicacao1\/"}]}},"_links":{"self":[{"href":"https:\/\/www.institutodeengenharia.org.br\/site\/wp-json\/wp\/v2\/posts\/64551","targetHints":{"allow":["GET"]}}],"collection":[{"href":"https:\/\/www.institutodeengenharia.org.br\/site\/wp-json\/wp\/v2\/posts"}],"about":[{"href":"https:\/\/www.institutodeengenharia.org.br\/site\/wp-json\/wp\/v2\/types\/post"}],"author":[{"embeddable":true,"href":"https:\/\/www.institutodeengenharia.org.br\/site\/wp-json\/wp\/v2\/users\/13"}],"replies":[{"embeddable":true,"href":"https:\/\/www.institutodeengenharia.org.br\/site\/wp-json\/wp\/v2\/comments?post=64551"}],"version-history":[{"count":1,"href":"https:\/\/www.institutodeengenharia.org.br\/site\/wp-json\/wp\/v2\/posts\/64551\/revisions"}],"predecessor-version":[{"id":64552,"href":"https:\/\/www.institutodeengenharia.org.br\/site\/wp-json\/wp\/v2\/posts\/64551\/revisions\/64552"}],"wp:featuredmedia":[{"embeddable":true,"href":"https:\/\/www.institutodeengenharia.org.br\/site\/wp-json\/wp\/v2\/media\/63495"}],"wp:attachment":[{"href":"https:\/\/www.institutodeengenharia.org.br\/site\/wp-json\/wp\/v2\/media?parent=64551"}],"wp:term":[{"taxonomy":"category","embeddable":true,"href":"https:\/\/www.institutodeengenharia.org.br\/site\/wp-json\/wp\/v2\/categories?post=64551"},{"taxonomy":"post_tag","embeddable":true,"href":"https:\/\/www.institutodeengenharia.org.br\/site\/wp-json\/wp\/v2\/tags?post=64551"}],"curies":[{"name":"wp","href":"https:\/\/api.w.org\/{rel}","templated":true}]}}