{"id":64549,"date":"2020-05-08T09:52:53","date_gmt":"2020-05-08T12:52:53","guid":{"rendered":"https:\/\/www.institutodeengenharia.org.br\/site\/?p=64549"},"modified":"2023-01-09T10:32:48","modified_gmt":"2023-01-09T13:32:48","slug":"visao-do-setor-hidroviario-e-portuario-em-momentos-de-covid-19-oportunidades-e-perspectivas","status":"publish","type":"post","link":"https:\/\/www.institutodeengenharia.org.br\/site\/2020\/05\/08\/visao-do-setor-hidroviario-e-portuario-em-momentos-de-covid-19-oportunidades-e-perspectivas\/","title":{"rendered":"Vis\u00e3o do setor hidrovi\u00e1rio e portu\u00e1rio em momentos de Covid-19: Oportunidades e Perspectivas"},"content":{"rendered":"<p>&nbsp;<\/p>\n<p>A palestra<strong>\u00a0Vis\u00e3o do setor hidrovi\u00e1rio e portu\u00e1rio em momentos de Covid-19 &#8211; oportunidades e perspectivas <\/strong>faz parte da <em>S\u00e9rie Divis\u00f5es T\u00e9cnicas &#8211; Live<\/em>, uma realiza\u00e7\u00e3o do Instituto de Engenharia.<\/p>\n<p><strong>Assista abaixo \u00e0 grava\u00e7\u00e3o do evento:<\/strong><\/p>\n<p>&nbsp;<\/p>\n<p><iframe loading=\"lazy\" src=\"https:\/\/player.vimeo.com\/video\/418129381\" width=\"640\" height=\"360\" frameborder=\"0\" allowfullscreen=\"allowfullscreen\"><\/iframe><\/p>\n<p>&nbsp;<\/p>\n<p>&nbsp;<\/p>\n<p><strong>Realiza\u00e7\u00e3o:<\/strong><\/p>\n<ul>\n<li><strong>Divis\u00e3o T\u00e9cnica de Log\u00edstica<\/strong><\/li>\n<\/ul>\n<p>Coordenador: Jos\u00e9 Wagner Leite Ferreira<\/p>\n<ul>\n<li><strong>Departamento de Engenharia de Mobilidade e Log\u00edstica<\/strong><\/li>\n<\/ul>\n<p>Diretor: Ivan Metran Whately<\/p>\n<ul>\n<li><strong>Vice-presid\u00eancia de Atividades T\u00e9cnicas<\/strong><\/li>\n<\/ul>\n<p>VP: Jer\u00f4nimo Cabral Pereira Fagundes Neto<\/p>\n<p>&nbsp;<\/p>\n<p><strong>Convidados:<\/strong><\/p>\n<p><img loading=\"lazy\" decoding=\"async\" class=\"size-full wp-image-63689 alignleft\" src=\"https:\/\/www.institutodeengenharia.org.br\/site\/wp-content\/uploads\/2020\/05\/casemiro.jpg\" alt=\"\" width=\"142\" height=\"142\" srcset=\"https:\/\/www.institutodeengenharia.org.br\/site\/wp-content\/uploads\/2020\/05\/casemiro.jpg 142w, https:\/\/www.institutodeengenharia.org.br\/site\/wp-content\/uploads\/2020\/05\/casemiro-100x100.jpg 100w\" sizes=\"auto, (max-width: 142px) 100vw, 142px\" \/><\/p>\n<p><strong>Casemiro T\u00e9rcio Carvalho<\/strong><\/p>\n<p>Engenheiro Naval, formado pela Escola Polit\u00e9cnica da USP e AMP (Advanced Management Program) pelo IESE Business School. Executivo h\u00e1 mais de 14 anos, apresenta extensa carteira de projetos e obras de infraestrutura. Foi s\u00f3cio fundador e <em>head<\/em> de infraestrutura da Gar\u00edn Investimentos e do Bureau da Engenharia, atuou por oito anos como CEO e diretor geral nos setores portu\u00e1rio e hidrovi\u00e1rio, na diretoria presid\u00eancia da Autoridade Portu\u00e1ria de Santos, na administra\u00e7\u00e3o do Porto de S\u00e3o Sebasti\u00e3o e da Hidrovia Tiet\u00ea-Paran\u00e1. Na esfera ambiental, como secret\u00e1rio de Estado adjunto e coordenador de Planejamento, desenvolveu avalia\u00e7\u00f5es estrat\u00e9gicas, como as atividades de constru\u00e7\u00e3o naval e ind\u00fastria <em>offshore<\/em> e portu\u00e1ria para todo o litoral de S\u00e3o Paulo. Pioneiro, elaborou, a partir dos conceitos de Green Economy no Brasil, um portf\u00f3lio de programas e projetos de baixo carbono.<\/p>\n<p>&nbsp;<\/p>\n<p><img loading=\"lazy\" decoding=\"async\" class=\" wp-image-63692 alignleft\" src=\"https:\/\/www.institutodeengenharia.org.br\/site\/wp-content\/uploads\/2020\/05\/edinho.jpg\" alt=\"\" width=\"137\" height=\"150\" srcset=\"https:\/\/www.institutodeengenharia.org.br\/site\/wp-content\/uploads\/2020\/05\/edinho.jpg 328w, https:\/\/www.institutodeengenharia.org.br\/site\/wp-content\/uploads\/2020\/05\/edinho-272x300.jpg 272w\" sizes=\"auto, (max-width: 137px) 100vw, 137px\" \/><\/p>\n<p><strong>Edinho Bez<\/strong><\/p>\n<p>Formado em Ci\u00eancias Cont\u00e1beis pela Universidade do Sul, em Gravata\u00ed, Santa Catarina. Foi presidente do Conselho Administrativo do Departamento de Transportes e Terminais, presidente do Conselho Administrativo do Porto de S\u00e3o Francisco do Sul, membro do Conselho Estadual da Articula\u00e7\u00e3o do Com\u00e9rcio Exterior, membro do Conselho de Desenvolvimento e Integra\u00e7\u00e3o Sul. Chefe do INCRA, presidente da Funda\u00e7\u00e3o Hospitalar S\u00edlvio Jo\u00e3o de Oliveira, foi secret\u00e1rio de Infraestrutura de Santa Catarina e secret\u00e1rio de Transportes e Obras de Santa Catarina. Foi deputado federal por seis mandatos entre 1995 e 2019. Atualmente \u00e9 diretor de Rela\u00e7\u00f5es Institucionais da Frente Parlamentar Mista de Log\u00edstica e Infraestrutura &#8211; FRENLOGI.<\/p>\n<p>&nbsp;<\/p>\n<p><img loading=\"lazy\" decoding=\"async\" class=\"size-full wp-image-63690 alignleft\" src=\"https:\/\/www.institutodeengenharia.org.br\/site\/wp-content\/uploads\/2020\/05\/jos\u00e9-manoel.png\" alt=\"\" width=\"130\" height=\"126\" \/><\/p>\n<p><strong>Jos\u00e9 Manoel de Oliveira Reis<\/strong><\/p>\n<p>Engenheiro Ambiental &#8211; UNISA, Administrador de Empresas, Engenheiro de Seguran\u00e7a do Trabalho, tecn\u00f3logo em Engenharia da Constru\u00e7\u00e3o Civil e em Movimentos de Terra e Pavimenta\u00e7\u00e3o. Possui MBA em Gest\u00e3o do Meio Ambiente e Sustentabilidade e MBA em Tr\u00e2nsito, Mobilidade e Seguran\u00e7a. Foi professor das Faculdades Metropolitanas Unidas (FMU) do curso de p\u00f3s-gradua\u00e7\u00e3o de Engenharia de Infraestrutura em Transportes, Modais de transportes e Engenharia de tr\u00e1fego e da Universidade Anhembi Morumbi no curso de p\u00f3s-gradua\u00e7\u00e3o em Engenharia de Tr\u00e1fego e de Avalia\u00e7\u00e3o de Im\u00f3veis Urbanos. Atuou como t\u00e9cnico, gerente, especialista, assessor de diretoria e diretor em empresas como CMSP, CET, ATOMst, Prefeituras de Bragan\u00e7a Paulista, Campinas e de S\u00e3o Paulo, DERSA e diversas outras empresas do setor privado. Realizou e ministrou diversos cursos e semin\u00e1rios em transportes, tr\u00e2nsito e atividades de log\u00edstica em empresas como DERSA, CET, DETRAN, F\u00f3runs de Secret\u00e1rios de Transportes, UNESP, ABRAMET, IPT, CET, SMT, EPUSP, etc. Possui ainda diversas atividades de treinamento e opera\u00e7\u00f5es em atividades subaqu\u00e1ticas, com p\u00f3s-gradua\u00e7\u00e3o em instru\u00e7\u00e3o de mergulho \u2013 EsEFEX Escola de Educa\u00e7\u00e3o F\u00edsica do Ex\u00e9rcito \u2013 RJ, forma\u00e7\u00e3o de instru\u00e7\u00e3o de mergulho pela CMAS \u2013 Confedera\u00e7\u00e3o Mundial de Atividades Subaqu\u00e1ticas e Instrutor de Mergulho Internacional\u2013 CBPDS \u2013 Confedera\u00e7\u00e3o Brasileira de Pesca e Desportos Subaqu\u00e1ticos (Vinculada ao Comit\u00ea Ol\u00edmpico Brasileiro) \u2013 N\u00edvel m\u00e1ximo 3 estrelas. \u00c9 coordenador da Divis\u00e3o T\u00e9cnica de Constru\u00e7\u00f5es Sustent\u00e1veis e Meio Ambiente do Instituto de Engenharia e Diretor do Departamento Hidrovi\u00e1rio do estado de S\u00e3o Paulo (DH).<\/p>\n<p>&nbsp;<\/p>\n<p><strong>Moderador:<\/strong><\/p>\n<p>&nbsp;<\/p>\n<p><img loading=\"lazy\" decoding=\"async\" class=\"wp-image-40679 alignleft\" src=\"https:\/\/www.institutodeengenharia.org.br\/site\/wp-content\/uploads\/2019\/03\/WAGNErR-e1588597104413.jpg\" alt=\"\" width=\"151\" height=\"188\" srcset=\"https:\/\/www.institutodeengenharia.org.br\/site\/wp-content\/uploads\/2019\/03\/WAGNErR-e1588597104413.jpg 1439w, https:\/\/www.institutodeengenharia.org.br\/site\/wp-content\/uploads\/2019\/03\/WAGNErR-e1588597104413-241x300.jpg 241w, https:\/\/www.institutodeengenharia.org.br\/site\/wp-content\/uploads\/2019\/03\/WAGNErR-e1588597104413-768x957.jpg 768w, https:\/\/www.institutodeengenharia.org.br\/site\/wp-content\/uploads\/2019\/03\/WAGNErR-e1588597104413-821x1024.jpg 821w, https:\/\/www.institutodeengenharia.org.br\/site\/wp-content\/uploads\/2019\/03\/WAGNErR-e1588597104413-696x868.jpg 696w, https:\/\/www.institutodeengenharia.org.br\/site\/wp-content\/uploads\/2019\/03\/WAGNErR-e1588597104413-1068x1331.jpg 1068w, https:\/\/www.institutodeengenharia.org.br\/site\/wp-content\/uploads\/2019\/03\/WAGNErR-e1588597104413-337x420.jpg 337w, https:\/\/www.institutodeengenharia.org.br\/site\/wp-content\/uploads\/2019\/03\/WAGNErR-e1588597104413-600x748.jpg 600w\" sizes=\"auto, (max-width: 151px) 100vw, 151px\" \/><\/p>\n<p><strong>Jos\u00e9 Wagner Leite Ferreira<\/strong><\/p>\n<p>Arquiteto Urbanista formado pela Universidade Presbiteriana Mackenzie, com especializa\u00e7\u00e3o em Transporte Urbano pelo IPR\/IPT, em Gest\u00e3o do Transporte Fluvial, pelo IFIT Namur na B\u00e9lgica, em Portos e Vias Naveg\u00e1veis, pela APEC \u2013 Antwerp \u2013 B\u00e9lgica. Com mais de 30 anos de experi\u00eancia em sistemas hidrovi\u00e1rios e portu\u00e1rios, atuou e visitou entidades e eventos em diversas localidades nos EUA, Am\u00e9rica Latina, Europa dentre as quais: CNR \u2013 Compagnie National du Rhone, TVA \u2013 Tennessee Valley Authority, Albert Canal, Du Rhone Canal, Le Havre Canal, Portos Fluviais em Duisburg, Hidrovia Rhein, etc. Participa e contribui das entidades CNR \u2013 Compagnie National du Rhone, RMD &#8211; Rhein Main Donau, TVA \u2013 Tenessee Valey Authority, INE \u2013 Inland Navigation Europe, PIANC \u2013 Associa\u00e7\u00e3o Mundial para a Infraestrutura de Transportes Aquavi\u00e1rios e VNF \u2013 Voies Navigables de France. Organizou, fundou e coordenou entidades do setor como Faculdade de Tecnologia Fluvial de Jahu, em coopera\u00e7\u00e3o com a UNIVERSIT\u00c9 DE LI\u00c8GE-BELGICA, CITP &#8211; Cons\u00f3rcio Intermunicipal Tiet\u00ea Paran\u00e1, ADTP &#8211; Ag\u00eancia de Desenvolvimento Tiet\u00ea\/Paran\u00e1, CESP &#8211; Companhia Energ\u00e9tica de S\u00e3o Paulo nos terminais portu\u00e1rios, Plano de Desenvolvimento do Turismo Fluvial para o GESP, Plano Nacional de Turismo Fluvial na EMBRATUR, Plano de Revitaliza\u00e7\u00e3o Hidrovi\u00e1ria do Vale do Ribeira e de Transporte Fl\u00favio-Mar\u00edtimo de Registro a Cubat\u00e3o, UNIMEP\/UNIVERSIT\u00c9 DE LI\u00c8GE, do Plano Hidrovi\u00e1rio do Estado de S\u00e3o Paulo, Corredor de Exporta\u00e7\u00e3o de Etanol &#8211; Transpetro BR, do PORTO BRASIL em Peru\u00edbe, na Secretaria de Portos da Presid\u00eancia da Rep\u00fablica &#8211; Sistema Hidrovi\u00e1rio da Baixada Santista\/Plano de Opera\u00e7\u00e3o, na liga\u00e7\u00e3o fluvial de passageiros Bertioga\/Santos \u2013 ANTAQ. Atualmente coordena a Divis\u00e3o T\u00e9cnica de Log\u00edstica de Transportes do Instituto de Engenharia, \u00e9 consultor associado da FIGUEIREDO FERRAZ ENGENHARIA DE PROJETOS, diretor do CEANI &#8211; Centro de Estudos Avan\u00e7ados de Navega\u00e7\u00e3o Interior, consultor da CODESP &#8211; Porto de Santos e coordenador do Conv\u00eanio Universidade de Li\u00e8ge\/Unimep \u2013 Navega\u00e7\u00e3o Interior.<\/p>\n","protected":false},"excerpt":{"rendered":"<p>&nbsp; A palestra\u00a0Vis\u00e3o do setor hidrovi\u00e1rio e portu\u00e1rio em momentos de Covid-19 &#8211; oportunidades e perspectivas faz parte da S\u00e9rie Divis\u00f5es T\u00e9cnicas &#8211; Live, uma realiza\u00e7\u00e3o do Instituto de Engenharia. Assista abaixo \u00e0 grava\u00e7\u00e3o do evento: &nbsp; &nbsp; &nbsp; Realiza\u00e7\u00e3o: Divis\u00e3o T\u00e9cnica de Log\u00edstica Coordenador: Jos\u00e9 Wagner Leite Ferreira Departamento de Engenharia de Mobilidade e [&hellip;]<\/p>\n","protected":false},"author":13,"featured_media":63696,"comment_status":"open","ping_status":"open","sticky":false,"template":"","format":"standard","meta":{"footnotes":""},"categories":[48,62,968,970],"tags":[1475],"class_list":{"0":"post-64549","1":"post","2":"type-post","3":"status-publish","4":"format-standard","5":"has-post-thumbnail","7":"category-departamento-desenvolvimento-urbano-e-regional","8":"category-divisao-de-navegacao-interior-e-portos","9":"category-nova-tv-engenharia","10":"category-seminario","11":"tag-covid"},"yoast_head":"<!-- This site is optimized with the Yoast SEO plugin v27.2 - https:\/\/yoast.com\/product\/yoast-seo-wordpress\/ -->\n<title>Vis\u00e3o do setor hidrovi\u00e1rio e portu\u00e1rio em momentos de Covid-19: Oportunidades e Perspectivas - Instituto de Engenharia<\/title>\n<meta name=\"robots\" content=\"index, follow, max-snippet:-1, max-image-preview:large, max-video-preview:-1\" \/>\n<link rel=\"canonical\" href=\"https:\/\/www.institutodeengenharia.org.br\/site\/2020\/05\/08\/visao-do-setor-hidroviario-e-portuario-em-momentos-de-covid-19-oportunidades-e-perspectivas\/\" \/>\n<meta property=\"og:locale\" content=\"pt_BR\" \/>\n<meta property=\"og:type\" content=\"article\" \/>\n<meta property=\"og:title\" content=\"Vis\u00e3o do setor hidrovi\u00e1rio e portu\u00e1rio em momentos de Covid-19: Oportunidades e Perspectivas - Instituto de Engenharia\" \/>\n<meta property=\"og:description\" content=\"&nbsp; A palestra\u00a0Vis\u00e3o do setor hidrovi\u00e1rio e portu\u00e1rio em momentos de Covid-19 &#8211; oportunidades e perspectivas faz parte da S\u00e9rie Divis\u00f5es T\u00e9cnicas &#8211; Live, uma realiza\u00e7\u00e3o do Instituto de Engenharia. Assista abaixo \u00e0 grava\u00e7\u00e3o do evento: &nbsp; &nbsp; &nbsp; Realiza\u00e7\u00e3o: Divis\u00e3o T\u00e9cnica de Log\u00edstica Coordenador: Jos\u00e9 Wagner Leite Ferreira Departamento de Engenharia de Mobilidade e [&hellip;]\" \/>\n<meta property=\"og:url\" content=\"https:\/\/www.institutodeengenharia.org.br\/site\/2020\/05\/08\/visao-do-setor-hidroviario-e-portuario-em-momentos-de-covid-19-oportunidades-e-perspectivas\/\" \/>\n<meta property=\"og:site_name\" content=\"Instituto de Engenharia\" \/>\n<meta property=\"article:publisher\" content=\"https:\/\/www.facebook.com\/institutodeengenharia\" \/>\n<meta property=\"article:published_time\" content=\"2020-05-08T12:52:53+00:00\" \/>\n<meta property=\"article:modified_time\" content=\"2023-01-09T13:32:48+00:00\" \/>\n<meta property=\"og:image\" content=\"https:\/\/www.institutodeengenharia.org.br\/site\/wp-content\/uploads\/2020\/05\/Setor-hidrovias.jpg\" \/>\n\t<meta property=\"og:image:width\" content=\"1034\" \/>\n\t<meta property=\"og:image:height\" content=\"646\" \/>\n\t<meta property=\"og:image:type\" content=\"image\/jpeg\" \/>\n<meta name=\"author\" content=\"Bianca\" \/>\n<meta name=\"twitter:card\" content=\"summary_large_image\" \/>\n<meta name=\"twitter:creator\" content=\"@iengenharia\" \/>\n<meta name=\"twitter:site\" content=\"@iengenharia\" \/>\n<meta name=\"twitter:label1\" content=\"Escrito por\" \/>\n\t<meta name=\"twitter:data1\" content=\"Bianca\" \/>\n\t<meta name=\"twitter:label2\" content=\"Est. tempo de leitura\" \/>\n\t<meta name=\"twitter:data2\" content=\"6 minutos\" \/>\n<script type=\"application\/ld+json\" class=\"yoast-schema-graph\">{\"@context\":\"https:\/\/schema.org\",\"@graph\":[{\"@type\":\"Article\",\"@id\":\"https:\/\/www.institutodeengenharia.org.br\/site\/2020\/05\/08\/visao-do-setor-hidroviario-e-portuario-em-momentos-de-covid-19-oportunidades-e-perspectivas\/#article\",\"isPartOf\":{\"@id\":\"https:\/\/www.institutodeengenharia.org.br\/site\/2020\/05\/08\/visao-do-setor-hidroviario-e-portuario-em-momentos-de-covid-19-oportunidades-e-perspectivas\/\"},\"author\":{\"name\":\"Bianca\",\"@id\":\"https:\/\/www.institutodeengenharia.org.br\/site\/#\/schema\/person\/aeb64951c405e100d26d30b033dd423f\"},\"headline\":\"Vis\u00e3o do setor hidrovi\u00e1rio e portu\u00e1rio em momentos de Covid-19: Oportunidades e Perspectivas\",\"datePublished\":\"2020-05-08T12:52:53+00:00\",\"dateModified\":\"2023-01-09T13:32:48+00:00\",\"mainEntityOfPage\":{\"@id\":\"https:\/\/www.institutodeengenharia.org.br\/site\/2020\/05\/08\/visao-do-setor-hidroviario-e-portuario-em-momentos-de-covid-19-oportunidades-e-perspectivas\/\"},\"wordCount\":1007,\"commentCount\":0,\"publisher\":{\"@id\":\"https:\/\/www.institutodeengenharia.org.br\/site\/#organization\"},\"image\":{\"@id\":\"https:\/\/www.institutodeengenharia.org.br\/site\/2020\/05\/08\/visao-do-setor-hidroviario-e-portuario-em-momentos-de-covid-19-oportunidades-e-perspectivas\/#primaryimage\"},\"thumbnailUrl\":\"https:\/\/www.institutodeengenharia.org.br\/site\/wp-content\/uploads\/2020\/05\/Setor-hidrovias.jpg\",\"keywords\":[\"covid\"],\"articleSection\":[\"Departamento de Desenvolvimento Urbano e Regional\",\"Divis\u00e3o T\u00e9cnica de Navega\u00e7\u00e3o Interior e Portos\",\"Nova TV Engenharia\",\"Semin\u00e1rio\"],\"inLanguage\":\"pt-BR\",\"potentialAction\":[{\"@type\":\"CommentAction\",\"name\":\"Comment\",\"target\":[\"https:\/\/www.institutodeengenharia.org.br\/site\/2020\/05\/08\/visao-do-setor-hidroviario-e-portuario-em-momentos-de-covid-19-oportunidades-e-perspectivas\/#respond\"]}]},{\"@type\":\"WebPage\",\"@id\":\"https:\/\/www.institutodeengenharia.org.br\/site\/2020\/05\/08\/visao-do-setor-hidroviario-e-portuario-em-momentos-de-covid-19-oportunidades-e-perspectivas\/\",\"url\":\"https:\/\/www.institutodeengenharia.org.br\/site\/2020\/05\/08\/visao-do-setor-hidroviario-e-portuario-em-momentos-de-covid-19-oportunidades-e-perspectivas\/\",\"name\":\"Vis\u00e3o do setor hidrovi\u00e1rio e portu\u00e1rio em momentos de Covid-19: Oportunidades e Perspectivas - Instituto de Engenharia\",\"isPartOf\":{\"@id\":\"https:\/\/www.institutodeengenharia.org.br\/site\/#website\"},\"primaryImageOfPage\":{\"@id\":\"https:\/\/www.institutodeengenharia.org.br\/site\/2020\/05\/08\/visao-do-setor-hidroviario-e-portuario-em-momentos-de-covid-19-oportunidades-e-perspectivas\/#primaryimage\"},\"image\":{\"@id\":\"https:\/\/www.institutodeengenharia.org.br\/site\/2020\/05\/08\/visao-do-setor-hidroviario-e-portuario-em-momentos-de-covid-19-oportunidades-e-perspectivas\/#primaryimage\"},\"thumbnailUrl\":\"https:\/\/www.institutodeengenharia.org.br\/site\/wp-content\/uploads\/2020\/05\/Setor-hidrovias.jpg\",\"datePublished\":\"2020-05-08T12:52:53+00:00\",\"dateModified\":\"2023-01-09T13:32:48+00:00\",\"breadcrumb\":{\"@id\":\"https:\/\/www.institutodeengenharia.org.br\/site\/2020\/05\/08\/visao-do-setor-hidroviario-e-portuario-em-momentos-de-covid-19-oportunidades-e-perspectivas\/#breadcrumb\"},\"inLanguage\":\"pt-BR\",\"potentialAction\":[{\"@type\":\"ReadAction\",\"target\":[\"https:\/\/www.institutodeengenharia.org.br\/site\/2020\/05\/08\/visao-do-setor-hidroviario-e-portuario-em-momentos-de-covid-19-oportunidades-e-perspectivas\/\"]}]},{\"@type\":\"ImageObject\",\"inLanguage\":\"pt-BR\",\"@id\":\"https:\/\/www.institutodeengenharia.org.br\/site\/2020\/05\/08\/visao-do-setor-hidroviario-e-portuario-em-momentos-de-covid-19-oportunidades-e-perspectivas\/#primaryimage\",\"url\":\"https:\/\/www.institutodeengenharia.org.br\/site\/wp-content\/uploads\/2020\/05\/Setor-hidrovias.jpg\",\"contentUrl\":\"https:\/\/www.institutodeengenharia.org.br\/site\/wp-content\/uploads\/2020\/05\/Setor-hidrovias.jpg\",\"width\":1034,\"height\":646},{\"@type\":\"BreadcrumbList\",\"@id\":\"https:\/\/www.institutodeengenharia.org.br\/site\/2020\/05\/08\/visao-do-setor-hidroviario-e-portuario-em-momentos-de-covid-19-oportunidades-e-perspectivas\/#breadcrumb\",\"itemListElement\":[{\"@type\":\"ListItem\",\"position\":1,\"name\":\"In\u00edcio\",\"item\":\"https:\/\/www.institutodeengenharia.org.br\/site\/\"},{\"@type\":\"ListItem\",\"position\":2,\"name\":\"Vis\u00e3o do setor hidrovi\u00e1rio e portu\u00e1rio em momentos de Covid-19: Oportunidades e Perspectivas\"}]},{\"@type\":\"WebSite\",\"@id\":\"https:\/\/www.institutodeengenharia.org.br\/site\/#website\",\"url\":\"https:\/\/www.institutodeengenharia.org.br\/site\/\",\"name\":\"Instituto de Engenharia\",\"description\":\"O Instituto de Engenharia promove a Engenharia em benef\u00edcio do desenvolvimento e da qualidade de vida da sociedade.\",\"publisher\":{\"@id\":\"https:\/\/www.institutodeengenharia.org.br\/site\/#organization\"},\"potentialAction\":[{\"@type\":\"SearchAction\",\"target\":{\"@type\":\"EntryPoint\",\"urlTemplate\":\"https:\/\/www.institutodeengenharia.org.br\/site\/?s={search_term_string}\"},\"query-input\":{\"@type\":\"PropertyValueSpecification\",\"valueRequired\":true,\"valueName\":\"search_term_string\"}}],\"inLanguage\":\"pt-BR\"},{\"@type\":\"Organization\",\"@id\":\"https:\/\/www.institutodeengenharia.org.br\/site\/#organization\",\"name\":\"Instituto de Engenharia\",\"url\":\"https:\/\/www.institutodeengenharia.org.br\/site\/\",\"logo\":{\"@type\":\"ImageObject\",\"inLanguage\":\"pt-BR\",\"@id\":\"https:\/\/www.institutodeengenharia.org.br\/site\/#\/schema\/logo\/image\/\",\"url\":\"https:\/\/www.institutodeengenharia.org.br\/site\/wp-content\/uploads\/2019\/03\/logo-novo-IE2018-1.jpg\",\"contentUrl\":\"https:\/\/www.institutodeengenharia.org.br\/site\/wp-content\/uploads\/2019\/03\/logo-novo-IE2018-1.jpg\",\"width\":1486,\"height\":1879,\"caption\":\"Instituto de Engenharia\"},\"image\":{\"@id\":\"https:\/\/www.institutodeengenharia.org.br\/site\/#\/schema\/logo\/image\/\"},\"sameAs\":[\"https:\/\/www.facebook.com\/institutodeengenharia\",\"https:\/\/x.com\/iengenharia\",\"https:\/\/www.instagram.com\/institutodeengenharia\/\",\"https:\/\/www.linkedin.com\/company\/instituto-de-engenharia\/\",\"https:\/\/www.youtube.com\/channel\/UCXiCAlsSMe977vamW915HxA\"]},{\"@type\":\"Person\",\"@id\":\"https:\/\/www.institutodeengenharia.org.br\/site\/#\/schema\/person\/aeb64951c405e100d26d30b033dd423f\",\"name\":\"Bianca\",\"image\":{\"@type\":\"ImageObject\",\"inLanguage\":\"pt-BR\",\"@id\":\"https:\/\/secure.gravatar.com\/avatar\/a6fbe9bff57405baf4c1e2c5c1811e072b558253974a9f9508f4678900c97c2a?s=96&d=mm&r=g\",\"url\":\"https:\/\/secure.gravatar.com\/avatar\/a6fbe9bff57405baf4c1e2c5c1811e072b558253974a9f9508f4678900c97c2a?s=96&d=mm&r=g\",\"contentUrl\":\"https:\/\/secure.gravatar.com\/avatar\/a6fbe9bff57405baf4c1e2c5c1811e072b558253974a9f9508f4678900c97c2a?s=96&d=mm&r=g\",\"caption\":\"Bianca\"},\"url\":\"https:\/\/www.institutodeengenharia.org.br\/site\/author\/comunicacao1\/\"}]}<\/script>\n<!-- \/ Yoast SEO plugin. -->","yoast_head_json":{"title":"Vis\u00e3o do setor hidrovi\u00e1rio e portu\u00e1rio em momentos de Covid-19: Oportunidades e Perspectivas - Instituto de Engenharia","robots":{"index":"index","follow":"follow","max-snippet":"max-snippet:-1","max-image-preview":"max-image-preview:large","max-video-preview":"max-video-preview:-1"},"canonical":"https:\/\/www.institutodeengenharia.org.br\/site\/2020\/05\/08\/visao-do-setor-hidroviario-e-portuario-em-momentos-de-covid-19-oportunidades-e-perspectivas\/","og_locale":"pt_BR","og_type":"article","og_title":"Vis\u00e3o do setor hidrovi\u00e1rio e portu\u00e1rio em momentos de Covid-19: Oportunidades e Perspectivas - Instituto de Engenharia","og_description":"&nbsp; A palestra\u00a0Vis\u00e3o do setor hidrovi\u00e1rio e portu\u00e1rio em momentos de Covid-19 &#8211; oportunidades e perspectivas faz parte da S\u00e9rie Divis\u00f5es T\u00e9cnicas &#8211; Live, uma realiza\u00e7\u00e3o do Instituto de Engenharia. Assista abaixo \u00e0 grava\u00e7\u00e3o do evento: &nbsp; &nbsp; &nbsp; Realiza\u00e7\u00e3o: Divis\u00e3o T\u00e9cnica de Log\u00edstica Coordenador: Jos\u00e9 Wagner Leite Ferreira Departamento de Engenharia de Mobilidade e [&hellip;]","og_url":"https:\/\/www.institutodeengenharia.org.br\/site\/2020\/05\/08\/visao-do-setor-hidroviario-e-portuario-em-momentos-de-covid-19-oportunidades-e-perspectivas\/","og_site_name":"Instituto de Engenharia","article_publisher":"https:\/\/www.facebook.com\/institutodeengenharia","article_published_time":"2020-05-08T12:52:53+00:00","article_modified_time":"2023-01-09T13:32:48+00:00","og_image":[{"width":1034,"height":646,"url":"https:\/\/www.institutodeengenharia.org.br\/site\/wp-content\/uploads\/2020\/05\/Setor-hidrovias.jpg","type":"image\/jpeg"}],"author":"Bianca","twitter_card":"summary_large_image","twitter_creator":"@iengenharia","twitter_site":"@iengenharia","twitter_misc":{"Escrito por":"Bianca","Est. tempo de leitura":"6 minutos"},"schema":{"@context":"https:\/\/schema.org","@graph":[{"@type":"Article","@id":"https:\/\/www.institutodeengenharia.org.br\/site\/2020\/05\/08\/visao-do-setor-hidroviario-e-portuario-em-momentos-de-covid-19-oportunidades-e-perspectivas\/#article","isPartOf":{"@id":"https:\/\/www.institutodeengenharia.org.br\/site\/2020\/05\/08\/visao-do-setor-hidroviario-e-portuario-em-momentos-de-covid-19-oportunidades-e-perspectivas\/"},"author":{"name":"Bianca","@id":"https:\/\/www.institutodeengenharia.org.br\/site\/#\/schema\/person\/aeb64951c405e100d26d30b033dd423f"},"headline":"Vis\u00e3o do setor hidrovi\u00e1rio e portu\u00e1rio em momentos de Covid-19: Oportunidades e Perspectivas","datePublished":"2020-05-08T12:52:53+00:00","dateModified":"2023-01-09T13:32:48+00:00","mainEntityOfPage":{"@id":"https:\/\/www.institutodeengenharia.org.br\/site\/2020\/05\/08\/visao-do-setor-hidroviario-e-portuario-em-momentos-de-covid-19-oportunidades-e-perspectivas\/"},"wordCount":1007,"commentCount":0,"publisher":{"@id":"https:\/\/www.institutodeengenharia.org.br\/site\/#organization"},"image":{"@id":"https:\/\/www.institutodeengenharia.org.br\/site\/2020\/05\/08\/visao-do-setor-hidroviario-e-portuario-em-momentos-de-covid-19-oportunidades-e-perspectivas\/#primaryimage"},"thumbnailUrl":"https:\/\/www.institutodeengenharia.org.br\/site\/wp-content\/uploads\/2020\/05\/Setor-hidrovias.jpg","keywords":["covid"],"articleSection":["Departamento de Desenvolvimento Urbano e Regional","Divis\u00e3o T\u00e9cnica de Navega\u00e7\u00e3o Interior e Portos","Nova TV Engenharia","Semin\u00e1rio"],"inLanguage":"pt-BR","potentialAction":[{"@type":"CommentAction","name":"Comment","target":["https:\/\/www.institutodeengenharia.org.br\/site\/2020\/05\/08\/visao-do-setor-hidroviario-e-portuario-em-momentos-de-covid-19-oportunidades-e-perspectivas\/#respond"]}]},{"@type":"WebPage","@id":"https:\/\/www.institutodeengenharia.org.br\/site\/2020\/05\/08\/visao-do-setor-hidroviario-e-portuario-em-momentos-de-covid-19-oportunidades-e-perspectivas\/","url":"https:\/\/www.institutodeengenharia.org.br\/site\/2020\/05\/08\/visao-do-setor-hidroviario-e-portuario-em-momentos-de-covid-19-oportunidades-e-perspectivas\/","name":"Vis\u00e3o do setor hidrovi\u00e1rio e portu\u00e1rio em momentos de Covid-19: Oportunidades e Perspectivas - Instituto de Engenharia","isPartOf":{"@id":"https:\/\/www.institutodeengenharia.org.br\/site\/#website"},"primaryImageOfPage":{"@id":"https:\/\/www.institutodeengenharia.org.br\/site\/2020\/05\/08\/visao-do-setor-hidroviario-e-portuario-em-momentos-de-covid-19-oportunidades-e-perspectivas\/#primaryimage"},"image":{"@id":"https:\/\/www.institutodeengenharia.org.br\/site\/2020\/05\/08\/visao-do-setor-hidroviario-e-portuario-em-momentos-de-covid-19-oportunidades-e-perspectivas\/#primaryimage"},"thumbnailUrl":"https:\/\/www.institutodeengenharia.org.br\/site\/wp-content\/uploads\/2020\/05\/Setor-hidrovias.jpg","datePublished":"2020-05-08T12:52:53+00:00","dateModified":"2023-01-09T13:32:48+00:00","breadcrumb":{"@id":"https:\/\/www.institutodeengenharia.org.br\/site\/2020\/05\/08\/visao-do-setor-hidroviario-e-portuario-em-momentos-de-covid-19-oportunidades-e-perspectivas\/#breadcrumb"},"inLanguage":"pt-BR","potentialAction":[{"@type":"ReadAction","target":["https:\/\/www.institutodeengenharia.org.br\/site\/2020\/05\/08\/visao-do-setor-hidroviario-e-portuario-em-momentos-de-covid-19-oportunidades-e-perspectivas\/"]}]},{"@type":"ImageObject","inLanguage":"pt-BR","@id":"https:\/\/www.institutodeengenharia.org.br\/site\/2020\/05\/08\/visao-do-setor-hidroviario-e-portuario-em-momentos-de-covid-19-oportunidades-e-perspectivas\/#primaryimage","url":"https:\/\/www.institutodeengenharia.org.br\/site\/wp-content\/uploads\/2020\/05\/Setor-hidrovias.jpg","contentUrl":"https:\/\/www.institutodeengenharia.org.br\/site\/wp-content\/uploads\/2020\/05\/Setor-hidrovias.jpg","width":1034,"height":646},{"@type":"BreadcrumbList","@id":"https:\/\/www.institutodeengenharia.org.br\/site\/2020\/05\/08\/visao-do-setor-hidroviario-e-portuario-em-momentos-de-covid-19-oportunidades-e-perspectivas\/#breadcrumb","itemListElement":[{"@type":"ListItem","position":1,"name":"In\u00edcio","item":"https:\/\/www.institutodeengenharia.org.br\/site\/"},{"@type":"ListItem","position":2,"name":"Vis\u00e3o do setor hidrovi\u00e1rio e portu\u00e1rio em momentos de Covid-19: Oportunidades e Perspectivas"}]},{"@type":"WebSite","@id":"https:\/\/www.institutodeengenharia.org.br\/site\/#website","url":"https:\/\/www.institutodeengenharia.org.br\/site\/","name":"Instituto de Engenharia","description":"O Instituto de Engenharia promove a Engenharia em benef\u00edcio do desenvolvimento e da qualidade de vida da sociedade.","publisher":{"@id":"https:\/\/www.institutodeengenharia.org.br\/site\/#organization"},"potentialAction":[{"@type":"SearchAction","target":{"@type":"EntryPoint","urlTemplate":"https:\/\/www.institutodeengenharia.org.br\/site\/?s={search_term_string}"},"query-input":{"@type":"PropertyValueSpecification","valueRequired":true,"valueName":"search_term_string"}}],"inLanguage":"pt-BR"},{"@type":"Organization","@id":"https:\/\/www.institutodeengenharia.org.br\/site\/#organization","name":"Instituto de Engenharia","url":"https:\/\/www.institutodeengenharia.org.br\/site\/","logo":{"@type":"ImageObject","inLanguage":"pt-BR","@id":"https:\/\/www.institutodeengenharia.org.br\/site\/#\/schema\/logo\/image\/","url":"https:\/\/www.institutodeengenharia.org.br\/site\/wp-content\/uploads\/2019\/03\/logo-novo-IE2018-1.jpg","contentUrl":"https:\/\/www.institutodeengenharia.org.br\/site\/wp-content\/uploads\/2019\/03\/logo-novo-IE2018-1.jpg","width":1486,"height":1879,"caption":"Instituto de Engenharia"},"image":{"@id":"https:\/\/www.institutodeengenharia.org.br\/site\/#\/schema\/logo\/image\/"},"sameAs":["https:\/\/www.facebook.com\/institutodeengenharia","https:\/\/x.com\/iengenharia","https:\/\/www.instagram.com\/institutodeengenharia\/","https:\/\/www.linkedin.com\/company\/instituto-de-engenharia\/","https:\/\/www.youtube.com\/channel\/UCXiCAlsSMe977vamW915HxA"]},{"@type":"Person","@id":"https:\/\/www.institutodeengenharia.org.br\/site\/#\/schema\/person\/aeb64951c405e100d26d30b033dd423f","name":"Bianca","image":{"@type":"ImageObject","inLanguage":"pt-BR","@id":"https:\/\/secure.gravatar.com\/avatar\/a6fbe9bff57405baf4c1e2c5c1811e072b558253974a9f9508f4678900c97c2a?s=96&d=mm&r=g","url":"https:\/\/secure.gravatar.com\/avatar\/a6fbe9bff57405baf4c1e2c5c1811e072b558253974a9f9508f4678900c97c2a?s=96&d=mm&r=g","contentUrl":"https:\/\/secure.gravatar.com\/avatar\/a6fbe9bff57405baf4c1e2c5c1811e072b558253974a9f9508f4678900c97c2a?s=96&d=mm&r=g","caption":"Bianca"},"url":"https:\/\/www.institutodeengenharia.org.br\/site\/author\/comunicacao1\/"}]}},"_links":{"self":[{"href":"https:\/\/www.institutodeengenharia.org.br\/site\/wp-json\/wp\/v2\/posts\/64549","targetHints":{"allow":["GET"]}}],"collection":[{"href":"https:\/\/www.institutodeengenharia.org.br\/site\/wp-json\/wp\/v2\/posts"}],"about":[{"href":"https:\/\/www.institutodeengenharia.org.br\/site\/wp-json\/wp\/v2\/types\/post"}],"author":[{"embeddable":true,"href":"https:\/\/www.institutodeengenharia.org.br\/site\/wp-json\/wp\/v2\/users\/13"}],"replies":[{"embeddable":true,"href":"https:\/\/www.institutodeengenharia.org.br\/site\/wp-json\/wp\/v2\/comments?post=64549"}],"version-history":[{"count":1,"href":"https:\/\/www.institutodeengenharia.org.br\/site\/wp-json\/wp\/v2\/posts\/64549\/revisions"}],"predecessor-version":[{"id":64550,"href":"https:\/\/www.institutodeengenharia.org.br\/site\/wp-json\/wp\/v2\/posts\/64549\/revisions\/64550"}],"wp:featuredmedia":[{"embeddable":true,"href":"https:\/\/www.institutodeengenharia.org.br\/site\/wp-json\/wp\/v2\/media\/63696"}],"wp:attachment":[{"href":"https:\/\/www.institutodeengenharia.org.br\/site\/wp-json\/wp\/v2\/media?parent=64549"}],"wp:term":[{"taxonomy":"category","embeddable":true,"href":"https:\/\/www.institutodeengenharia.org.br\/site\/wp-json\/wp\/v2\/categories?post=64549"},{"taxonomy":"post_tag","embeddable":true,"href":"https:\/\/www.institutodeengenharia.org.br\/site\/wp-json\/wp\/v2\/tags?post=64549"}],"curies":[{"name":"wp","href":"https:\/\/api.w.org\/{rel}","templated":true}]}}