{"id":64281,"date":"2020-05-06T18:11:57","date_gmt":"2020-05-06T21:11:57","guid":{"rendered":"https:\/\/www.institutodeengenharia.org.br\/site\/?p=64281"},"modified":"2020-05-12T14:18:58","modified_gmt":"2020-05-12T17:18:58","slug":"a-gestao-e-governanca-com-inovacao-e-qualidade-em-empresas-no-momento-pos-crise-o-que-esperar","status":"publish","type":"post","link":"https:\/\/www.institutodeengenharia.org.br\/site\/2020\/05\/06\/a-gestao-e-governanca-com-inovacao-e-qualidade-em-empresas-no-momento-pos-crise-o-que-esperar\/","title":{"rendered":"A gest\u00e3o e governan\u00e7a com inova\u00e7\u00e3o e qualidade em empresas no momento p\u00f3s-crise: O que esperar?"},"content":{"rendered":"<p>&nbsp;<\/p>\n<p>A palestra<strong>\u00a0A gest\u00e3o e governan\u00e7a com inova\u00e7\u00e3o e qualidade em empresas no momento p\u00f3s-crise: O que esperar? <\/strong>faz parte da\u00a0<em>S\u00e9rie Webinar: Brasil p\u00f3s-crise<\/em>, uma realiza\u00e7\u00e3o do Instituto de Engenharia.<\/p>\n<p><strong>Assista \u00e0 grava\u00e7\u00e3o do evento:<\/strong><\/p>\n<p>&nbsp;<\/p>\n<p><iframe loading=\"lazy\" src=\"https:\/\/player.vimeo.com\/video\/416814199\" width=\"640\" height=\"360\" frameborder=\"0\" allowfullscreen=\"allowfullscreen\"><\/iframe><\/p>\n<p>&nbsp;<\/p>\n<p><strong>Palestrante:<\/strong><\/p>\n<p><img loading=\"lazy\" decoding=\"async\" class=\"wp-image-63069 alignleft\" src=\"https:\/\/www.institutodeengenharia.org.br\/site\/wp-content\/uploads\/2020\/04\/ronald.jpg\" alt=\"\" width=\"171\" height=\"171\" srcset=\"https:\/\/www.institutodeengenharia.org.br\/site\/wp-content\/uploads\/2020\/04\/ronald.jpg 400w, https:\/\/www.institutodeengenharia.org.br\/site\/wp-content\/uploads\/2020\/04\/ronald-150x150.jpg 150w, https:\/\/www.institutodeengenharia.org.br\/site\/wp-content\/uploads\/2020\/04\/ronald-300x300.jpg 300w, https:\/\/www.institutodeengenharia.org.br\/site\/wp-content\/uploads\/2020\/04\/ronald-100x100.jpg 100w\" sizes=\"auto, (max-width: 171px) 100vw, 171px\" \/><\/p>\n<p><strong>Ronald Dauscha<\/strong><\/p>\n<p>Formado em Engenharia El\u00e9trica pela Escola Polit\u00e9cnica da Universidade de S\u00e3o Paulo (Poli-USP) e tem MBAs em Administra\u00e7\u00e3o Industrial pela Universidade Federal do Paran\u00e1 (UFPR), em Finan\u00e7as Empresariais pela FGV, em Gest\u00e3o de Inova\u00e7\u00e3o e Tecnologia pela Unicamp e em Gest\u00e3o e Administra\u00e7\u00e3o pela Duke University. Fundou e foi CEO do Centro Internacional de Inova\u00e7\u00e3o da Federa\u00e7\u00e3o das Ind\u00fastrias do Paran\u00e1 \/ Senai (C2i), foi CEO da SHC Gigaset \/ Grupo e Diretor Corporativo de Inova\u00e7\u00e3o, Tecnologia, Processos e Qualidade do Grupo Siemens. Foi Presidente da Associa\u00e7\u00e3o Nacional de P&amp;D e Inova\u00e7\u00e3o das Empresas Inovadoras (Anpei), conselheiro do Centro Brasileiro de Design, membro do Comit\u00ea de Inova\u00e7\u00e3o da Associa\u00e7\u00e3o Comercial do Rio de Janeiro, coordenador da Plataforma de Inova\u00e7\u00e3o da C\u00e2mara de Com\u00e9rcio Brasil-Alemanha, membro do Conselho do Centro de Gest\u00e3o de Estudos Estrat\u00e9gicos (CGEE ) e assessor <em>ad hoc<\/em> da Empresa Brasileira de Pesquisa e Inova\u00e7\u00e3o Industrial (Embrapii). Tamb\u00e9m foi presidente do Conselho de Administra\u00e7\u00e3o do Centro Latino Americano de Inova\u00e7\u00e3o, Excel\u00eancia e Qualidade (CLAEQ). Atualmente \u00e9 diretor presidente da Funda\u00e7\u00e3o Nacional da Qualidade (FNQ) e antes foi <em>Head<\/em> no Brasil do Liaison Office dos Institutos Fraunhofer da Alemanha. Tamb\u00e9m \u00e9 um dos coordenadores dos Programas PIPE e PITE da FAPESP, membro do Decomtec (Conselho de Competitividade e Tecnologia da Fiesp), do Conic (Conselho de Inova\u00e7\u00e3o e Competitividade da Fiesp) e da MEI \/ CNI (Mobiliza\u00e7\u00e3o Empresarial para a Inova\u00e7\u00e3o).<\/p>\n","protected":false},"excerpt":{"rendered":"<p>&nbsp; A palestra\u00a0A gest\u00e3o e governan\u00e7a com inova\u00e7\u00e3o e qualidade em empresas no momento p\u00f3s-crise: O que esperar? faz parte da\u00a0S\u00e9rie Webinar: Brasil p\u00f3s-crise, uma realiza\u00e7\u00e3o do Instituto de Engenharia. Assista \u00e0 grava\u00e7\u00e3o do evento: &nbsp; &nbsp; Palestrante: Ronald Dauscha Formado em Engenharia El\u00e9trica pela Escola Polit\u00e9cnica da Universidade de S\u00e3o Paulo (Poli-USP) e tem [&hellip;]<\/p>\n","protected":false},"author":13,"featured_media":64282,"comment_status":"open","ping_status":"open","sticky":false,"template":"","format":"standard","meta":{"footnotes":""},"categories":[968,969],"tags":[],"class_list":{"0":"post-64281","1":"post","2":"type-post","3":"status-publish","4":"format-standard","5":"has-post-thumbnail","7":"category-nova-tv-engenharia","8":"category-palestra"},"yoast_head":"<!-- This site is optimized with the Yoast SEO plugin v27.2 - https:\/\/yoast.com\/product\/yoast-seo-wordpress\/ -->\n<title>A gest\u00e3o e governan\u00e7a com inova\u00e7\u00e3o e qualidade em empresas no momento p\u00f3s-crise: O que esperar? - Instituto de Engenharia<\/title>\n<meta name=\"robots\" content=\"index, follow, max-snippet:-1, max-image-preview:large, max-video-preview:-1\" \/>\n<link rel=\"canonical\" href=\"https:\/\/www.institutodeengenharia.org.br\/site\/2020\/05\/06\/a-gestao-e-governanca-com-inovacao-e-qualidade-em-empresas-no-momento-pos-crise-o-que-esperar\/\" \/>\n<meta property=\"og:locale\" content=\"pt_BR\" \/>\n<meta property=\"og:type\" content=\"article\" \/>\n<meta property=\"og:title\" content=\"A gest\u00e3o e governan\u00e7a com inova\u00e7\u00e3o e qualidade em empresas no momento p\u00f3s-crise: O que esperar? - Instituto de Engenharia\" \/>\n<meta property=\"og:description\" content=\"&nbsp; A palestra\u00a0A gest\u00e3o e governan\u00e7a com inova\u00e7\u00e3o e qualidade em empresas no momento p\u00f3s-crise: O que esperar? faz parte da\u00a0S\u00e9rie Webinar: Brasil p\u00f3s-crise, uma realiza\u00e7\u00e3o do Instituto de Engenharia. Assista \u00e0 grava\u00e7\u00e3o do evento: &nbsp; &nbsp; Palestrante: Ronald Dauscha Formado em Engenharia El\u00e9trica pela Escola Polit\u00e9cnica da Universidade de S\u00e3o Paulo (Poli-USP) e tem [&hellip;]\" \/>\n<meta property=\"og:url\" content=\"https:\/\/www.institutodeengenharia.org.br\/site\/2020\/05\/06\/a-gestao-e-governanca-com-inovacao-e-qualidade-em-empresas-no-momento-pos-crise-o-que-esperar\/\" \/>\n<meta property=\"og:site_name\" content=\"Instituto de Engenharia\" \/>\n<meta property=\"article:publisher\" content=\"https:\/\/www.facebook.com\/institutodeengenharia\" \/>\n<meta property=\"article:published_time\" content=\"2020-05-06T21:11:57+00:00\" \/>\n<meta property=\"article:modified_time\" content=\"2020-05-12T17:18:58+00:00\" \/>\n<meta property=\"og:image\" content=\"https:\/\/www.institutodeengenharia.org.br\/site\/wp-content\/uploads\/2020\/05\/inova\u00e7\u00e3o.jpg\" \/>\n\t<meta property=\"og:image:width\" content=\"1034\" \/>\n\t<meta property=\"og:image:height\" content=\"646\" \/>\n\t<meta property=\"og:image:type\" content=\"image\/jpeg\" \/>\n<meta name=\"author\" content=\"Bianca\" \/>\n<meta name=\"twitter:card\" content=\"summary_large_image\" \/>\n<meta name=\"twitter:creator\" content=\"@iengenharia\" \/>\n<meta name=\"twitter:site\" content=\"@iengenharia\" \/>\n<meta name=\"twitter:label1\" content=\"Escrito por\" \/>\n\t<meta name=\"twitter:data1\" content=\"Bianca\" \/>\n\t<meta name=\"twitter:label2\" content=\"Est. tempo de leitura\" \/>\n\t<meta name=\"twitter:data2\" content=\"2 minutos\" \/>\n<script type=\"application\/ld+json\" class=\"yoast-schema-graph\">{\"@context\":\"https:\/\/schema.org\",\"@graph\":[{\"@type\":\"Article\",\"@id\":\"https:\/\/www.institutodeengenharia.org.br\/site\/2020\/05\/06\/a-gestao-e-governanca-com-inovacao-e-qualidade-em-empresas-no-momento-pos-crise-o-que-esperar\/#article\",\"isPartOf\":{\"@id\":\"https:\/\/www.institutodeengenharia.org.br\/site\/2020\/05\/06\/a-gestao-e-governanca-com-inovacao-e-qualidade-em-empresas-no-momento-pos-crise-o-que-esperar\/\"},\"author\":{\"name\":\"Bianca\",\"@id\":\"https:\/\/www.institutodeengenharia.org.br\/site\/#\/schema\/person\/aeb64951c405e100d26d30b033dd423f\"},\"headline\":\"A gest\u00e3o e governan\u00e7a com inova\u00e7\u00e3o e qualidade em empresas no momento p\u00f3s-crise: O que esperar?\",\"datePublished\":\"2020-05-06T21:11:57+00:00\",\"dateModified\":\"2020-05-12T17:18:58+00:00\",\"mainEntityOfPage\":{\"@id\":\"https:\/\/www.institutodeengenharia.org.br\/site\/2020\/05\/06\/a-gestao-e-governanca-com-inovacao-e-qualidade-em-empresas-no-momento-pos-crise-o-que-esperar\/\"},\"wordCount\":329,\"commentCount\":0,\"publisher\":{\"@id\":\"https:\/\/www.institutodeengenharia.org.br\/site\/#organization\"},\"image\":{\"@id\":\"https:\/\/www.institutodeengenharia.org.br\/site\/2020\/05\/06\/a-gestao-e-governanca-com-inovacao-e-qualidade-em-empresas-no-momento-pos-crise-o-que-esperar\/#primaryimage\"},\"thumbnailUrl\":\"https:\/\/www.institutodeengenharia.org.br\/site\/wp-content\/uploads\/2020\/05\/inova\u00e7\u00e3o.jpg\",\"articleSection\":[\"Nova TV Engenharia\",\"Palestra\"],\"inLanguage\":\"pt-BR\",\"potentialAction\":[{\"@type\":\"CommentAction\",\"name\":\"Comment\",\"target\":[\"https:\/\/www.institutodeengenharia.org.br\/site\/2020\/05\/06\/a-gestao-e-governanca-com-inovacao-e-qualidade-em-empresas-no-momento-pos-crise-o-que-esperar\/#respond\"]}]},{\"@type\":\"WebPage\",\"@id\":\"https:\/\/www.institutodeengenharia.org.br\/site\/2020\/05\/06\/a-gestao-e-governanca-com-inovacao-e-qualidade-em-empresas-no-momento-pos-crise-o-que-esperar\/\",\"url\":\"https:\/\/www.institutodeengenharia.org.br\/site\/2020\/05\/06\/a-gestao-e-governanca-com-inovacao-e-qualidade-em-empresas-no-momento-pos-crise-o-que-esperar\/\",\"name\":\"A gest\u00e3o e governan\u00e7a com inova\u00e7\u00e3o e qualidade em empresas no momento p\u00f3s-crise: O que esperar? - Instituto de Engenharia\",\"isPartOf\":{\"@id\":\"https:\/\/www.institutodeengenharia.org.br\/site\/#website\"},\"primaryImageOfPage\":{\"@id\":\"https:\/\/www.institutodeengenharia.org.br\/site\/2020\/05\/06\/a-gestao-e-governanca-com-inovacao-e-qualidade-em-empresas-no-momento-pos-crise-o-que-esperar\/#primaryimage\"},\"image\":{\"@id\":\"https:\/\/www.institutodeengenharia.org.br\/site\/2020\/05\/06\/a-gestao-e-governanca-com-inovacao-e-qualidade-em-empresas-no-momento-pos-crise-o-que-esperar\/#primaryimage\"},\"thumbnailUrl\":\"https:\/\/www.institutodeengenharia.org.br\/site\/wp-content\/uploads\/2020\/05\/inova\u00e7\u00e3o.jpg\",\"datePublished\":\"2020-05-06T21:11:57+00:00\",\"dateModified\":\"2020-05-12T17:18:58+00:00\",\"breadcrumb\":{\"@id\":\"https:\/\/www.institutodeengenharia.org.br\/site\/2020\/05\/06\/a-gestao-e-governanca-com-inovacao-e-qualidade-em-empresas-no-momento-pos-crise-o-que-esperar\/#breadcrumb\"},\"inLanguage\":\"pt-BR\",\"potentialAction\":[{\"@type\":\"ReadAction\",\"target\":[\"https:\/\/www.institutodeengenharia.org.br\/site\/2020\/05\/06\/a-gestao-e-governanca-com-inovacao-e-qualidade-em-empresas-no-momento-pos-crise-o-que-esperar\/\"]}]},{\"@type\":\"ImageObject\",\"inLanguage\":\"pt-BR\",\"@id\":\"https:\/\/www.institutodeengenharia.org.br\/site\/2020\/05\/06\/a-gestao-e-governanca-com-inovacao-e-qualidade-em-empresas-no-momento-pos-crise-o-que-esperar\/#primaryimage\",\"url\":\"https:\/\/www.institutodeengenharia.org.br\/site\/wp-content\/uploads\/2020\/05\/inova\u00e7\u00e3o.jpg\",\"contentUrl\":\"https:\/\/www.institutodeengenharia.org.br\/site\/wp-content\/uploads\/2020\/05\/inova\u00e7\u00e3o.jpg\",\"width\":1034,\"height\":646},{\"@type\":\"BreadcrumbList\",\"@id\":\"https:\/\/www.institutodeengenharia.org.br\/site\/2020\/05\/06\/a-gestao-e-governanca-com-inovacao-e-qualidade-em-empresas-no-momento-pos-crise-o-que-esperar\/#breadcrumb\",\"itemListElement\":[{\"@type\":\"ListItem\",\"position\":1,\"name\":\"In\u00edcio\",\"item\":\"https:\/\/www.institutodeengenharia.org.br\/site\/\"},{\"@type\":\"ListItem\",\"position\":2,\"name\":\"A gest\u00e3o e governan\u00e7a com inova\u00e7\u00e3o e qualidade em empresas no momento p\u00f3s-crise: O que esperar?\"}]},{\"@type\":\"WebSite\",\"@id\":\"https:\/\/www.institutodeengenharia.org.br\/site\/#website\",\"url\":\"https:\/\/www.institutodeengenharia.org.br\/site\/\",\"name\":\"Instituto de Engenharia\",\"description\":\"O Instituto de Engenharia promove a Engenharia em benef\u00edcio do desenvolvimento e da qualidade de vida da sociedade.\",\"publisher\":{\"@id\":\"https:\/\/www.institutodeengenharia.org.br\/site\/#organization\"},\"potentialAction\":[{\"@type\":\"SearchAction\",\"target\":{\"@type\":\"EntryPoint\",\"urlTemplate\":\"https:\/\/www.institutodeengenharia.org.br\/site\/?s={search_term_string}\"},\"query-input\":{\"@type\":\"PropertyValueSpecification\",\"valueRequired\":true,\"valueName\":\"search_term_string\"}}],\"inLanguage\":\"pt-BR\"},{\"@type\":\"Organization\",\"@id\":\"https:\/\/www.institutodeengenharia.org.br\/site\/#organization\",\"name\":\"Instituto de Engenharia\",\"url\":\"https:\/\/www.institutodeengenharia.org.br\/site\/\",\"logo\":{\"@type\":\"ImageObject\",\"inLanguage\":\"pt-BR\",\"@id\":\"https:\/\/www.institutodeengenharia.org.br\/site\/#\/schema\/logo\/image\/\",\"url\":\"https:\/\/www.institutodeengenharia.org.br\/site\/wp-content\/uploads\/2019\/03\/logo-novo-IE2018-1.jpg\",\"contentUrl\":\"https:\/\/www.institutodeengenharia.org.br\/site\/wp-content\/uploads\/2019\/03\/logo-novo-IE2018-1.jpg\",\"width\":1486,\"height\":1879,\"caption\":\"Instituto de Engenharia\"},\"image\":{\"@id\":\"https:\/\/www.institutodeengenharia.org.br\/site\/#\/schema\/logo\/image\/\"},\"sameAs\":[\"https:\/\/www.facebook.com\/institutodeengenharia\",\"https:\/\/x.com\/iengenharia\",\"https:\/\/www.instagram.com\/institutodeengenharia\/\",\"https:\/\/www.linkedin.com\/company\/instituto-de-engenharia\/\",\"https:\/\/www.youtube.com\/channel\/UCXiCAlsSMe977vamW915HxA\"]},{\"@type\":\"Person\",\"@id\":\"https:\/\/www.institutodeengenharia.org.br\/site\/#\/schema\/person\/aeb64951c405e100d26d30b033dd423f\",\"name\":\"Bianca\",\"image\":{\"@type\":\"ImageObject\",\"inLanguage\":\"pt-BR\",\"@id\":\"https:\/\/secure.gravatar.com\/avatar\/a6fbe9bff57405baf4c1e2c5c1811e072b558253974a9f9508f4678900c97c2a?s=96&d=mm&r=g\",\"url\":\"https:\/\/secure.gravatar.com\/avatar\/a6fbe9bff57405baf4c1e2c5c1811e072b558253974a9f9508f4678900c97c2a?s=96&d=mm&r=g\",\"contentUrl\":\"https:\/\/secure.gravatar.com\/avatar\/a6fbe9bff57405baf4c1e2c5c1811e072b558253974a9f9508f4678900c97c2a?s=96&d=mm&r=g\",\"caption\":\"Bianca\"},\"url\":\"https:\/\/www.institutodeengenharia.org.br\/site\/author\/comunicacao1\/\"}]}<\/script>\n<!-- \/ Yoast SEO plugin. -->","yoast_head_json":{"title":"A gest\u00e3o e governan\u00e7a com inova\u00e7\u00e3o e qualidade em empresas no momento p\u00f3s-crise: O que esperar? - Instituto de Engenharia","robots":{"index":"index","follow":"follow","max-snippet":"max-snippet:-1","max-image-preview":"max-image-preview:large","max-video-preview":"max-video-preview:-1"},"canonical":"https:\/\/www.institutodeengenharia.org.br\/site\/2020\/05\/06\/a-gestao-e-governanca-com-inovacao-e-qualidade-em-empresas-no-momento-pos-crise-o-que-esperar\/","og_locale":"pt_BR","og_type":"article","og_title":"A gest\u00e3o e governan\u00e7a com inova\u00e7\u00e3o e qualidade em empresas no momento p\u00f3s-crise: O que esperar? - Instituto de Engenharia","og_description":"&nbsp; A palestra\u00a0A gest\u00e3o e governan\u00e7a com inova\u00e7\u00e3o e qualidade em empresas no momento p\u00f3s-crise: O que esperar? faz parte da\u00a0S\u00e9rie Webinar: Brasil p\u00f3s-crise, uma realiza\u00e7\u00e3o do Instituto de Engenharia. Assista \u00e0 grava\u00e7\u00e3o do evento: &nbsp; &nbsp; Palestrante: Ronald Dauscha Formado em Engenharia El\u00e9trica pela Escola Polit\u00e9cnica da Universidade de S\u00e3o Paulo (Poli-USP) e tem [&hellip;]","og_url":"https:\/\/www.institutodeengenharia.org.br\/site\/2020\/05\/06\/a-gestao-e-governanca-com-inovacao-e-qualidade-em-empresas-no-momento-pos-crise-o-que-esperar\/","og_site_name":"Instituto de Engenharia","article_publisher":"https:\/\/www.facebook.com\/institutodeengenharia","article_published_time":"2020-05-06T21:11:57+00:00","article_modified_time":"2020-05-12T17:18:58+00:00","og_image":[{"width":1034,"height":646,"url":"https:\/\/www.institutodeengenharia.org.br\/site\/wp-content\/uploads\/2020\/05\/inova\u00e7\u00e3o.jpg","type":"image\/jpeg"}],"author":"Bianca","twitter_card":"summary_large_image","twitter_creator":"@iengenharia","twitter_site":"@iengenharia","twitter_misc":{"Escrito por":"Bianca","Est. tempo de leitura":"2 minutos"},"schema":{"@context":"https:\/\/schema.org","@graph":[{"@type":"Article","@id":"https:\/\/www.institutodeengenharia.org.br\/site\/2020\/05\/06\/a-gestao-e-governanca-com-inovacao-e-qualidade-em-empresas-no-momento-pos-crise-o-que-esperar\/#article","isPartOf":{"@id":"https:\/\/www.institutodeengenharia.org.br\/site\/2020\/05\/06\/a-gestao-e-governanca-com-inovacao-e-qualidade-em-empresas-no-momento-pos-crise-o-que-esperar\/"},"author":{"name":"Bianca","@id":"https:\/\/www.institutodeengenharia.org.br\/site\/#\/schema\/person\/aeb64951c405e100d26d30b033dd423f"},"headline":"A gest\u00e3o e governan\u00e7a com inova\u00e7\u00e3o e qualidade em empresas no momento p\u00f3s-crise: O que esperar?","datePublished":"2020-05-06T21:11:57+00:00","dateModified":"2020-05-12T17:18:58+00:00","mainEntityOfPage":{"@id":"https:\/\/www.institutodeengenharia.org.br\/site\/2020\/05\/06\/a-gestao-e-governanca-com-inovacao-e-qualidade-em-empresas-no-momento-pos-crise-o-que-esperar\/"},"wordCount":329,"commentCount":0,"publisher":{"@id":"https:\/\/www.institutodeengenharia.org.br\/site\/#organization"},"image":{"@id":"https:\/\/www.institutodeengenharia.org.br\/site\/2020\/05\/06\/a-gestao-e-governanca-com-inovacao-e-qualidade-em-empresas-no-momento-pos-crise-o-que-esperar\/#primaryimage"},"thumbnailUrl":"https:\/\/www.institutodeengenharia.org.br\/site\/wp-content\/uploads\/2020\/05\/inova\u00e7\u00e3o.jpg","articleSection":["Nova TV Engenharia","Palestra"],"inLanguage":"pt-BR","potentialAction":[{"@type":"CommentAction","name":"Comment","target":["https:\/\/www.institutodeengenharia.org.br\/site\/2020\/05\/06\/a-gestao-e-governanca-com-inovacao-e-qualidade-em-empresas-no-momento-pos-crise-o-que-esperar\/#respond"]}]},{"@type":"WebPage","@id":"https:\/\/www.institutodeengenharia.org.br\/site\/2020\/05\/06\/a-gestao-e-governanca-com-inovacao-e-qualidade-em-empresas-no-momento-pos-crise-o-que-esperar\/","url":"https:\/\/www.institutodeengenharia.org.br\/site\/2020\/05\/06\/a-gestao-e-governanca-com-inovacao-e-qualidade-em-empresas-no-momento-pos-crise-o-que-esperar\/","name":"A gest\u00e3o e governan\u00e7a com inova\u00e7\u00e3o e qualidade em empresas no momento p\u00f3s-crise: O que esperar? - Instituto de Engenharia","isPartOf":{"@id":"https:\/\/www.institutodeengenharia.org.br\/site\/#website"},"primaryImageOfPage":{"@id":"https:\/\/www.institutodeengenharia.org.br\/site\/2020\/05\/06\/a-gestao-e-governanca-com-inovacao-e-qualidade-em-empresas-no-momento-pos-crise-o-que-esperar\/#primaryimage"},"image":{"@id":"https:\/\/www.institutodeengenharia.org.br\/site\/2020\/05\/06\/a-gestao-e-governanca-com-inovacao-e-qualidade-em-empresas-no-momento-pos-crise-o-que-esperar\/#primaryimage"},"thumbnailUrl":"https:\/\/www.institutodeengenharia.org.br\/site\/wp-content\/uploads\/2020\/05\/inova\u00e7\u00e3o.jpg","datePublished":"2020-05-06T21:11:57+00:00","dateModified":"2020-05-12T17:18:58+00:00","breadcrumb":{"@id":"https:\/\/www.institutodeengenharia.org.br\/site\/2020\/05\/06\/a-gestao-e-governanca-com-inovacao-e-qualidade-em-empresas-no-momento-pos-crise-o-que-esperar\/#breadcrumb"},"inLanguage":"pt-BR","potentialAction":[{"@type":"ReadAction","target":["https:\/\/www.institutodeengenharia.org.br\/site\/2020\/05\/06\/a-gestao-e-governanca-com-inovacao-e-qualidade-em-empresas-no-momento-pos-crise-o-que-esperar\/"]}]},{"@type":"ImageObject","inLanguage":"pt-BR","@id":"https:\/\/www.institutodeengenharia.org.br\/site\/2020\/05\/06\/a-gestao-e-governanca-com-inovacao-e-qualidade-em-empresas-no-momento-pos-crise-o-que-esperar\/#primaryimage","url":"https:\/\/www.institutodeengenharia.org.br\/site\/wp-content\/uploads\/2020\/05\/inova\u00e7\u00e3o.jpg","contentUrl":"https:\/\/www.institutodeengenharia.org.br\/site\/wp-content\/uploads\/2020\/05\/inova\u00e7\u00e3o.jpg","width":1034,"height":646},{"@type":"BreadcrumbList","@id":"https:\/\/www.institutodeengenharia.org.br\/site\/2020\/05\/06\/a-gestao-e-governanca-com-inovacao-e-qualidade-em-empresas-no-momento-pos-crise-o-que-esperar\/#breadcrumb","itemListElement":[{"@type":"ListItem","position":1,"name":"In\u00edcio","item":"https:\/\/www.institutodeengenharia.org.br\/site\/"},{"@type":"ListItem","position":2,"name":"A gest\u00e3o e governan\u00e7a com inova\u00e7\u00e3o e qualidade em empresas no momento p\u00f3s-crise: O que esperar?"}]},{"@type":"WebSite","@id":"https:\/\/www.institutodeengenharia.org.br\/site\/#website","url":"https:\/\/www.institutodeengenharia.org.br\/site\/","name":"Instituto de Engenharia","description":"O Instituto de Engenharia promove a Engenharia em benef\u00edcio do desenvolvimento e da qualidade de vida da sociedade.","publisher":{"@id":"https:\/\/www.institutodeengenharia.org.br\/site\/#organization"},"potentialAction":[{"@type":"SearchAction","target":{"@type":"EntryPoint","urlTemplate":"https:\/\/www.institutodeengenharia.org.br\/site\/?s={search_term_string}"},"query-input":{"@type":"PropertyValueSpecification","valueRequired":true,"valueName":"search_term_string"}}],"inLanguage":"pt-BR"},{"@type":"Organization","@id":"https:\/\/www.institutodeengenharia.org.br\/site\/#organization","name":"Instituto de Engenharia","url":"https:\/\/www.institutodeengenharia.org.br\/site\/","logo":{"@type":"ImageObject","inLanguage":"pt-BR","@id":"https:\/\/www.institutodeengenharia.org.br\/site\/#\/schema\/logo\/image\/","url":"https:\/\/www.institutodeengenharia.org.br\/site\/wp-content\/uploads\/2019\/03\/logo-novo-IE2018-1.jpg","contentUrl":"https:\/\/www.institutodeengenharia.org.br\/site\/wp-content\/uploads\/2019\/03\/logo-novo-IE2018-1.jpg","width":1486,"height":1879,"caption":"Instituto de Engenharia"},"image":{"@id":"https:\/\/www.institutodeengenharia.org.br\/site\/#\/schema\/logo\/image\/"},"sameAs":["https:\/\/www.facebook.com\/institutodeengenharia","https:\/\/x.com\/iengenharia","https:\/\/www.instagram.com\/institutodeengenharia\/","https:\/\/www.linkedin.com\/company\/instituto-de-engenharia\/","https:\/\/www.youtube.com\/channel\/UCXiCAlsSMe977vamW915HxA"]},{"@type":"Person","@id":"https:\/\/www.institutodeengenharia.org.br\/site\/#\/schema\/person\/aeb64951c405e100d26d30b033dd423f","name":"Bianca","image":{"@type":"ImageObject","inLanguage":"pt-BR","@id":"https:\/\/secure.gravatar.com\/avatar\/a6fbe9bff57405baf4c1e2c5c1811e072b558253974a9f9508f4678900c97c2a?s=96&d=mm&r=g","url":"https:\/\/secure.gravatar.com\/avatar\/a6fbe9bff57405baf4c1e2c5c1811e072b558253974a9f9508f4678900c97c2a?s=96&d=mm&r=g","contentUrl":"https:\/\/secure.gravatar.com\/avatar\/a6fbe9bff57405baf4c1e2c5c1811e072b558253974a9f9508f4678900c97c2a?s=96&d=mm&r=g","caption":"Bianca"},"url":"https:\/\/www.institutodeengenharia.org.br\/site\/author\/comunicacao1\/"}]}},"_links":{"self":[{"href":"https:\/\/www.institutodeengenharia.org.br\/site\/wp-json\/wp\/v2\/posts\/64281","targetHints":{"allow":["GET"]}}],"collection":[{"href":"https:\/\/www.institutodeengenharia.org.br\/site\/wp-json\/wp\/v2\/posts"}],"about":[{"href":"https:\/\/www.institutodeengenharia.org.br\/site\/wp-json\/wp\/v2\/types\/post"}],"author":[{"embeddable":true,"href":"https:\/\/www.institutodeengenharia.org.br\/site\/wp-json\/wp\/v2\/users\/13"}],"replies":[{"embeddable":true,"href":"https:\/\/www.institutodeengenharia.org.br\/site\/wp-json\/wp\/v2\/comments?post=64281"}],"version-history":[{"count":1,"href":"https:\/\/www.institutodeengenharia.org.br\/site\/wp-json\/wp\/v2\/posts\/64281\/revisions"}],"predecessor-version":[{"id":64283,"href":"https:\/\/www.institutodeengenharia.org.br\/site\/wp-json\/wp\/v2\/posts\/64281\/revisions\/64283"}],"wp:featuredmedia":[{"embeddable":true,"href":"https:\/\/www.institutodeengenharia.org.br\/site\/wp-json\/wp\/v2\/media\/64282"}],"wp:attachment":[{"href":"https:\/\/www.institutodeengenharia.org.br\/site\/wp-json\/wp\/v2\/media?parent=64281"}],"wp:term":[{"taxonomy":"category","embeddable":true,"href":"https:\/\/www.institutodeengenharia.org.br\/site\/wp-json\/wp\/v2\/categories?post=64281"},{"taxonomy":"post_tag","embeddable":true,"href":"https:\/\/www.institutodeengenharia.org.br\/site\/wp-json\/wp\/v2\/tags?post=64281"}],"curies":[{"name":"wp","href":"https:\/\/api.w.org\/{rel}","templated":true}]}}