{"id":63877,"date":"2020-04-28T17:40:46","date_gmt":"2020-04-28T20:40:46","guid":{"rendered":"https:\/\/www.institutodeengenharia.org.br\/site\/?p=63877"},"modified":"2020-05-05T17:42:54","modified_gmt":"2020-05-05T20:42:54","slug":"ensaios-avancados-no-diagnostico-e-terapia-de-manifestacoes-patologicas-em-revestimentos","status":"publish","type":"post","link":"https:\/\/www.institutodeengenharia.org.br\/site\/2020\/04\/28\/ensaios-avancados-no-diagnostico-e-terapia-de-manifestacoes-patologicas-em-revestimentos\/","title":{"rendered":"Ensaios avan\u00e7ados no diagn\u00f3stico e terapia de manifesta\u00e7\u00f5es patol\u00f3gicas em revestimentos"},"content":{"rendered":"<p>&nbsp;<\/p>\n<p><strong>Assista \u00e0 grava\u00e7\u00e3o do evento:<\/strong><\/p>\n<p>&nbsp;<\/p>\n<p><iframe loading=\"lazy\" src=\"https:\/\/player.vimeo.com\/video\/415243988\" width=\"640\" height=\"343\" frameborder=\"0\" allowfullscreen=\"allowfullscreen\"><\/iframe><\/p>\n<p>&nbsp;<\/p>\n<p><strong>+ Informa\u00e7\u00f5es:<\/strong><\/p>\n<p><strong>Abordagem<\/strong>:<\/p>\n<p>Mostraremos a import\u00e2ncia dos ensaios avan\u00e7ados como a an\u00e1lise mineral\u00f3gica qualitativa por difra\u00e7\u00e3o de raios-X (DRX), an\u00e1lise semiquantitativa por fluoresc\u00eancia de raios-X (FRX), a an\u00e1lise t\u00e9rmica diferencial e termogravimetria (TG\/DTG), an\u00e1lise petrogr\u00e1fica por Microscopia Eletr\u00f4nica de Varredura (MEV), entre outros.<\/p>\n<p>Obviamente n\u00e3o \u00e9 o prop\u00f3sito da palestra entrarmos a fundo nestes ensaios, mas introduzimos a import\u00e2ncia destes ensaios atrav\u00e9s de dois\u00a0<em>cases<\/em>\u00a0reais, onde as an\u00e1lises assertivas foram fundamentais para a solu\u00e7\u00e3o das patologias encontradas.<\/p>\n<p>O\u00a0<em>case<\/em>\u00a01 \u00e9 sobre uma fachada de um edif\u00edcio onde aproximadamente 6.500 m\u00b2 est\u00e3o expandindo, fissurando, perdendo resist\u00eancia mec\u00e2nica e esfarelando. O juiz entendeu a hip\u00f3tese diagn\u00f3stica e o cliente ganhou o caso em 1\u00aa inst\u00e2ncia.<\/p>\n<p>No 2\u00ba\u00a0<em>case<\/em>, mostraremos como os ensaios avan\u00e7ados est\u00e3o auxiliando na detec\u00e7\u00e3o dos problemas atuais de queda de revestimentos cer\u00e2micos em todo o Brasil. A pandemia anunciada, agora oficialmente pelo CBIC, mostra um universo que ultrapassa a casa dos 2,6 milh\u00f5es de m\u00b2.<\/p>\n<p><strong>Palestrante:<\/strong><\/p>\n<p><strong>Renato Sahade<\/strong><\/p>\n<p>Mestre em Habita\u00e7\u00e3o pelo IPT com o tema \u201cAvalia\u00e7\u00e3o de sistemas de recupera\u00e7\u00e3o de fissuras em alvenarias de veda\u00e7\u00e3o\u201d (2005) e\u00a0p\u00f3s-graduado em Materiais de Constru\u00e7\u00e3o pela Poli-USP (1997).\u00a0Atualmente \u00e9 consultor\u00a0<em>in company<\/em>\u00a0para diversas construtoras do mercado nacional como a Even Construtora e Incorporadora de S\u00e3o Paulo-SP, a PROMA Constru\u00e7\u00f5es de Jaragu\u00e1 do Sul-SC, a Construtora \u00c1rbore de S\u00e3o Paulo-SP, a BILD Desenvolvimento Imobili\u00e1rio de Ribeir\u00e3o Preto-SP, a Plaenge Empreendimentos, Construtora e Incorporadora (PA), entre outras, oferecendo consultorias e cursos para o departamento de Qualidade, Assist\u00eancia T\u00e9cnica, Mestres e Encarregados em revestimentos e concreto; Consultor T\u00e9cnico junto a assistentes e peritos judiciais.<\/p>\n<p>Consultor nas \u00e1reas de patologia das constru\u00e7\u00f5es com especializa\u00e7\u00e3o nas \u00e1reas de concreto armado e revestimentos argamassados, cer\u00e2micos e p\u00e9treos desde 1998. Professor dos cursos de P\u00f3s-gradua\u00e7\u00e3o em \u201cEngenharia Diagn\u00f3stica\u201d, \u201cExcel\u00eancias Construtivas e Anomalias\u201d pelo INBEC \u2013 Instituto Brasileiro de Educa\u00e7\u00e3o Continuada, Universidade Paulista (UNIP) e Universidade Presbiteriana Mackenzie em S\u00e3o Paulo, nos m\u00f3dulos de Patologia de Veda\u00e7\u00f5es, dos Revestimentos Argamassados e Cer\u00e2micos, ministrados nas capitais do Brasil. \u00c9 co-autor do Manual de Selantes para Fachadas elaborado pelo Cons\u00f3rcio Habitare\/Caixa. Vol. 5; Membro da CE-002:109.010 da ABNT\/CB-002 \u2013 Comiss\u00e3o de Estudo de Placas Cer\u00e2micas: Procedimento e Execu\u00e7\u00e3o. Membro da CE 018:400.004 da ABNT\/CB-002 \u2013 Comiss\u00e3o de Estudos de Argamassas de Assentamento e Revestimento.<\/p>\n<p><strong>Apoio Institucional:<\/strong><\/p>\n<p><img loading=\"lazy\" decoding=\"async\" class=\"alignnone size-full wp-image-34556 td-animation-stack-type0-2\" src=\"https:\/\/www.institutodeengenharia.org.br\/site\/wp-content\/uploads\/2018\/04\/CREA-SP_vertical.jpg\" alt=\"\" width=\"150\" height=\"106\" srcset=\"https:\/\/www.institutodeengenharia.org.br\/site\/wp-content\/uploads\/2018\/04\/CREA-SP_vertical.jpg 150w, https:\/\/www.institutodeengenharia.org.br\/site\/wp-content\/uploads\/2018\/04\/CREA-SP_vertical-100x70.jpg 100w\" sizes=\"auto, (max-width: 150px) 100vw, 150px\" \/><\/p>\n<p><strong>Realiza\u00e7\u00e3o:<\/strong><\/p>\n<p><strong>Eng. Jer\u00f4nimo Cabral Pereira Fagundes Neto\u00a0<\/strong>\u2013 Vice-presidente de Atividades T\u00e9cnicas<br \/>\n<strong>Eng\u00aa. D\u00e9bora Sanches de A. Marinello<\/strong>\u00a0\u2013 Diretora do Departamento de Engenharia de Produ\u00e7\u00e3o<br \/>\n<strong>Eng\u00aa. Stella Marys Della Flora<\/strong>\u00a0\u2013 Coordenadora da Divis\u00e3o T\u00e9cnica de Patologia das Constru\u00e7\u00f5es<\/p>\n","protected":false},"excerpt":{"rendered":"<p>&nbsp; Assista \u00e0 grava\u00e7\u00e3o do evento: &nbsp; &nbsp; + Informa\u00e7\u00f5es: Abordagem: Mostraremos a import\u00e2ncia dos ensaios avan\u00e7ados como a an\u00e1lise mineral\u00f3gica qualitativa por difra\u00e7\u00e3o de raios-X (DRX), an\u00e1lise semiquantitativa por fluoresc\u00eancia de raios-X (FRX), a an\u00e1lise t\u00e9rmica diferencial e termogravimetria (TG\/DTG), an\u00e1lise petrogr\u00e1fica por Microscopia Eletr\u00f4nica de Varredura (MEV), entre outros. Obviamente n\u00e3o \u00e9 o [&hellip;]<\/p>\n","protected":false},"author":13,"featured_media":61996,"comment_status":"open","ping_status":"open","sticky":false,"template":"","format":"standard","meta":{"footnotes":""},"categories":[46,68,969],"tags":[],"class_list":{"0":"post-63877","1":"post","2":"type-post","3":"status-publish","4":"format-standard","5":"has-post-thumbnail","7":"category-departamento-desenvolvimento-de-gestao-e-objetivos","8":"category-divisao-tecnica-de-engenharia-diagnostica","9":"category-palestra"},"yoast_head":"<!-- This site is optimized with the Yoast SEO plugin v27.2 - https:\/\/yoast.com\/product\/yoast-seo-wordpress\/ -->\n<title>Ensaios avan\u00e7ados no diagn\u00f3stico e terapia de manifesta\u00e7\u00f5es patol\u00f3gicas em revestimentos - Instituto de Engenharia<\/title>\n<meta name=\"robots\" content=\"index, follow, max-snippet:-1, max-image-preview:large, max-video-preview:-1\" \/>\n<link rel=\"canonical\" href=\"https:\/\/www.institutodeengenharia.org.br\/site\/2020\/04\/28\/ensaios-avancados-no-diagnostico-e-terapia-de-manifestacoes-patologicas-em-revestimentos\/\" \/>\n<meta property=\"og:locale\" content=\"pt_BR\" \/>\n<meta property=\"og:type\" content=\"article\" \/>\n<meta property=\"og:title\" content=\"Ensaios avan\u00e7ados no diagn\u00f3stico e terapia de manifesta\u00e7\u00f5es patol\u00f3gicas em revestimentos - Instituto de Engenharia\" \/>\n<meta property=\"og:description\" content=\"&nbsp; Assista \u00e0 grava\u00e7\u00e3o do evento: &nbsp; &nbsp; + Informa\u00e7\u00f5es: Abordagem: Mostraremos a import\u00e2ncia dos ensaios avan\u00e7ados como a an\u00e1lise mineral\u00f3gica qualitativa por difra\u00e7\u00e3o de raios-X (DRX), an\u00e1lise semiquantitativa por fluoresc\u00eancia de raios-X (FRX), a an\u00e1lise t\u00e9rmica diferencial e termogravimetria (TG\/DTG), an\u00e1lise petrogr\u00e1fica por Microscopia Eletr\u00f4nica de Varredura (MEV), entre outros. Obviamente n\u00e3o \u00e9 o [&hellip;]\" \/>\n<meta property=\"og:url\" content=\"https:\/\/www.institutodeengenharia.org.br\/site\/2020\/04\/28\/ensaios-avancados-no-diagnostico-e-terapia-de-manifestacoes-patologicas-em-revestimentos\/\" \/>\n<meta property=\"og:site_name\" content=\"Instituto de Engenharia\" \/>\n<meta property=\"article:publisher\" content=\"https:\/\/www.facebook.com\/institutodeengenharia\" \/>\n<meta property=\"article:published_time\" content=\"2020-04-28T20:40:46+00:00\" \/>\n<meta property=\"article:modified_time\" content=\"2020-05-05T20:42:54+00:00\" \/>\n<meta property=\"og:image\" content=\"https:\/\/www.institutodeengenharia.org.br\/site\/wp-content\/uploads\/2020\/03\/Novo_Layout-11-1.jpg\" \/>\n\t<meta property=\"og:image:width\" content=\"790\" \/>\n\t<meta property=\"og:image:height\" content=\"490\" \/>\n\t<meta property=\"og:image:type\" content=\"image\/jpeg\" \/>\n<meta name=\"author\" content=\"Bianca\" \/>\n<meta name=\"twitter:card\" content=\"summary_large_image\" \/>\n<meta name=\"twitter:creator\" content=\"@iengenharia\" \/>\n<meta name=\"twitter:site\" content=\"@iengenharia\" \/>\n<meta name=\"twitter:label1\" content=\"Escrito por\" \/>\n\t<meta name=\"twitter:data1\" content=\"Bianca\" \/>\n\t<meta name=\"twitter:label2\" content=\"Est. tempo de leitura\" \/>\n\t<meta name=\"twitter:data2\" content=\"2 minutos\" \/>\n<script type=\"application\/ld+json\" class=\"yoast-schema-graph\">{\"@context\":\"https:\/\/schema.org\",\"@graph\":[{\"@type\":\"Article\",\"@id\":\"https:\/\/www.institutodeengenharia.org.br\/site\/2020\/04\/28\/ensaios-avancados-no-diagnostico-e-terapia-de-manifestacoes-patologicas-em-revestimentos\/#article\",\"isPartOf\":{\"@id\":\"https:\/\/www.institutodeengenharia.org.br\/site\/2020\/04\/28\/ensaios-avancados-no-diagnostico-e-terapia-de-manifestacoes-patologicas-em-revestimentos\/\"},\"author\":{\"name\":\"Bianca\",\"@id\":\"https:\/\/www.institutodeengenharia.org.br\/site\/#\/schema\/person\/aeb64951c405e100d26d30b033dd423f\"},\"headline\":\"Ensaios avan\u00e7ados no diagn\u00f3stico e terapia de manifesta\u00e7\u00f5es patol\u00f3gicas em revestimentos\",\"datePublished\":\"2020-04-28T20:40:46+00:00\",\"dateModified\":\"2020-05-05T20:42:54+00:00\",\"mainEntityOfPage\":{\"@id\":\"https:\/\/www.institutodeengenharia.org.br\/site\/2020\/04\/28\/ensaios-avancados-no-diagnostico-e-terapia-de-manifestacoes-patologicas-em-revestimentos\/\"},\"wordCount\":497,\"commentCount\":0,\"publisher\":{\"@id\":\"https:\/\/www.institutodeengenharia.org.br\/site\/#organization\"},\"image\":{\"@id\":\"https:\/\/www.institutodeengenharia.org.br\/site\/2020\/04\/28\/ensaios-avancados-no-diagnostico-e-terapia-de-manifestacoes-patologicas-em-revestimentos\/#primaryimage\"},\"thumbnailUrl\":\"https:\/\/www.institutodeengenharia.org.br\/site\/wp-content\/uploads\/2020\/03\/Novo_Layout-11-1.jpg\",\"articleSection\":[\"Departamento Desenvolvimento de Gest\u00e3o e Objetivos\",\"Divis\u00e3o T\u00e9cnica de Engenharia Diagn\u00f3stica\",\"Palestra\"],\"inLanguage\":\"pt-BR\",\"potentialAction\":[{\"@type\":\"CommentAction\",\"name\":\"Comment\",\"target\":[\"https:\/\/www.institutodeengenharia.org.br\/site\/2020\/04\/28\/ensaios-avancados-no-diagnostico-e-terapia-de-manifestacoes-patologicas-em-revestimentos\/#respond\"]}]},{\"@type\":\"WebPage\",\"@id\":\"https:\/\/www.institutodeengenharia.org.br\/site\/2020\/04\/28\/ensaios-avancados-no-diagnostico-e-terapia-de-manifestacoes-patologicas-em-revestimentos\/\",\"url\":\"https:\/\/www.institutodeengenharia.org.br\/site\/2020\/04\/28\/ensaios-avancados-no-diagnostico-e-terapia-de-manifestacoes-patologicas-em-revestimentos\/\",\"name\":\"Ensaios avan\u00e7ados no diagn\u00f3stico e terapia de manifesta\u00e7\u00f5es patol\u00f3gicas em revestimentos - Instituto de Engenharia\",\"isPartOf\":{\"@id\":\"https:\/\/www.institutodeengenharia.org.br\/site\/#website\"},\"primaryImageOfPage\":{\"@id\":\"https:\/\/www.institutodeengenharia.org.br\/site\/2020\/04\/28\/ensaios-avancados-no-diagnostico-e-terapia-de-manifestacoes-patologicas-em-revestimentos\/#primaryimage\"},\"image\":{\"@id\":\"https:\/\/www.institutodeengenharia.org.br\/site\/2020\/04\/28\/ensaios-avancados-no-diagnostico-e-terapia-de-manifestacoes-patologicas-em-revestimentos\/#primaryimage\"},\"thumbnailUrl\":\"https:\/\/www.institutodeengenharia.org.br\/site\/wp-content\/uploads\/2020\/03\/Novo_Layout-11-1.jpg\",\"datePublished\":\"2020-04-28T20:40:46+00:00\",\"dateModified\":\"2020-05-05T20:42:54+00:00\",\"breadcrumb\":{\"@id\":\"https:\/\/www.institutodeengenharia.org.br\/site\/2020\/04\/28\/ensaios-avancados-no-diagnostico-e-terapia-de-manifestacoes-patologicas-em-revestimentos\/#breadcrumb\"},\"inLanguage\":\"pt-BR\",\"potentialAction\":[{\"@type\":\"ReadAction\",\"target\":[\"https:\/\/www.institutodeengenharia.org.br\/site\/2020\/04\/28\/ensaios-avancados-no-diagnostico-e-terapia-de-manifestacoes-patologicas-em-revestimentos\/\"]}]},{\"@type\":\"ImageObject\",\"inLanguage\":\"pt-BR\",\"@id\":\"https:\/\/www.institutodeengenharia.org.br\/site\/2020\/04\/28\/ensaios-avancados-no-diagnostico-e-terapia-de-manifestacoes-patologicas-em-revestimentos\/#primaryimage\",\"url\":\"https:\/\/www.institutodeengenharia.org.br\/site\/wp-content\/uploads\/2020\/03\/Novo_Layout-11-1.jpg\",\"contentUrl\":\"https:\/\/www.institutodeengenharia.org.br\/site\/wp-content\/uploads\/2020\/03\/Novo_Layout-11-1.jpg\",\"width\":790,\"height\":490},{\"@type\":\"BreadcrumbList\",\"@id\":\"https:\/\/www.institutodeengenharia.org.br\/site\/2020\/04\/28\/ensaios-avancados-no-diagnostico-e-terapia-de-manifestacoes-patologicas-em-revestimentos\/#breadcrumb\",\"itemListElement\":[{\"@type\":\"ListItem\",\"position\":1,\"name\":\"In\u00edcio\",\"item\":\"https:\/\/www.institutodeengenharia.org.br\/site\/\"},{\"@type\":\"ListItem\",\"position\":2,\"name\":\"Ensaios avan\u00e7ados no diagn\u00f3stico e terapia de manifesta\u00e7\u00f5es patol\u00f3gicas em revestimentos\"}]},{\"@type\":\"WebSite\",\"@id\":\"https:\/\/www.institutodeengenharia.org.br\/site\/#website\",\"url\":\"https:\/\/www.institutodeengenharia.org.br\/site\/\",\"name\":\"Instituto de Engenharia\",\"description\":\"O Instituto de Engenharia promove a Engenharia em benef\u00edcio do desenvolvimento e da qualidade de vida da sociedade.\",\"publisher\":{\"@id\":\"https:\/\/www.institutodeengenharia.org.br\/site\/#organization\"},\"potentialAction\":[{\"@type\":\"SearchAction\",\"target\":{\"@type\":\"EntryPoint\",\"urlTemplate\":\"https:\/\/www.institutodeengenharia.org.br\/site\/?s={search_term_string}\"},\"query-input\":{\"@type\":\"PropertyValueSpecification\",\"valueRequired\":true,\"valueName\":\"search_term_string\"}}],\"inLanguage\":\"pt-BR\"},{\"@type\":\"Organization\",\"@id\":\"https:\/\/www.institutodeengenharia.org.br\/site\/#organization\",\"name\":\"Instituto de Engenharia\",\"url\":\"https:\/\/www.institutodeengenharia.org.br\/site\/\",\"logo\":{\"@type\":\"ImageObject\",\"inLanguage\":\"pt-BR\",\"@id\":\"https:\/\/www.institutodeengenharia.org.br\/site\/#\/schema\/logo\/image\/\",\"url\":\"https:\/\/www.institutodeengenharia.org.br\/site\/wp-content\/uploads\/2019\/03\/logo-novo-IE2018-1.jpg\",\"contentUrl\":\"https:\/\/www.institutodeengenharia.org.br\/site\/wp-content\/uploads\/2019\/03\/logo-novo-IE2018-1.jpg\",\"width\":1486,\"height\":1879,\"caption\":\"Instituto de Engenharia\"},\"image\":{\"@id\":\"https:\/\/www.institutodeengenharia.org.br\/site\/#\/schema\/logo\/image\/\"},\"sameAs\":[\"https:\/\/www.facebook.com\/institutodeengenharia\",\"https:\/\/x.com\/iengenharia\",\"https:\/\/www.instagram.com\/institutodeengenharia\/\",\"https:\/\/www.linkedin.com\/company\/instituto-de-engenharia\/\",\"https:\/\/www.youtube.com\/channel\/UCXiCAlsSMe977vamW915HxA\"]},{\"@type\":\"Person\",\"@id\":\"https:\/\/www.institutodeengenharia.org.br\/site\/#\/schema\/person\/aeb64951c405e100d26d30b033dd423f\",\"name\":\"Bianca\",\"image\":{\"@type\":\"ImageObject\",\"inLanguage\":\"pt-BR\",\"@id\":\"https:\/\/secure.gravatar.com\/avatar\/a6fbe9bff57405baf4c1e2c5c1811e072b558253974a9f9508f4678900c97c2a?s=96&d=mm&r=g\",\"url\":\"https:\/\/secure.gravatar.com\/avatar\/a6fbe9bff57405baf4c1e2c5c1811e072b558253974a9f9508f4678900c97c2a?s=96&d=mm&r=g\",\"contentUrl\":\"https:\/\/secure.gravatar.com\/avatar\/a6fbe9bff57405baf4c1e2c5c1811e072b558253974a9f9508f4678900c97c2a?s=96&d=mm&r=g\",\"caption\":\"Bianca\"},\"url\":\"https:\/\/www.institutodeengenharia.org.br\/site\/author\/comunicacao1\/\"}]}<\/script>\n<!-- \/ Yoast SEO plugin. -->","yoast_head_json":{"title":"Ensaios avan\u00e7ados no diagn\u00f3stico e terapia de manifesta\u00e7\u00f5es patol\u00f3gicas em revestimentos - Instituto de Engenharia","robots":{"index":"index","follow":"follow","max-snippet":"max-snippet:-1","max-image-preview":"max-image-preview:large","max-video-preview":"max-video-preview:-1"},"canonical":"https:\/\/www.institutodeengenharia.org.br\/site\/2020\/04\/28\/ensaios-avancados-no-diagnostico-e-terapia-de-manifestacoes-patologicas-em-revestimentos\/","og_locale":"pt_BR","og_type":"article","og_title":"Ensaios avan\u00e7ados no diagn\u00f3stico e terapia de manifesta\u00e7\u00f5es patol\u00f3gicas em revestimentos - Instituto de Engenharia","og_description":"&nbsp; Assista \u00e0 grava\u00e7\u00e3o do evento: &nbsp; &nbsp; + Informa\u00e7\u00f5es: Abordagem: Mostraremos a import\u00e2ncia dos ensaios avan\u00e7ados como a an\u00e1lise mineral\u00f3gica qualitativa por difra\u00e7\u00e3o de raios-X (DRX), an\u00e1lise semiquantitativa por fluoresc\u00eancia de raios-X (FRX), a an\u00e1lise t\u00e9rmica diferencial e termogravimetria (TG\/DTG), an\u00e1lise petrogr\u00e1fica por Microscopia Eletr\u00f4nica de Varredura (MEV), entre outros. Obviamente n\u00e3o \u00e9 o [&hellip;]","og_url":"https:\/\/www.institutodeengenharia.org.br\/site\/2020\/04\/28\/ensaios-avancados-no-diagnostico-e-terapia-de-manifestacoes-patologicas-em-revestimentos\/","og_site_name":"Instituto de Engenharia","article_publisher":"https:\/\/www.facebook.com\/institutodeengenharia","article_published_time":"2020-04-28T20:40:46+00:00","article_modified_time":"2020-05-05T20:42:54+00:00","og_image":[{"width":790,"height":490,"url":"https:\/\/www.institutodeengenharia.org.br\/site\/wp-content\/uploads\/2020\/03\/Novo_Layout-11-1.jpg","type":"image\/jpeg"}],"author":"Bianca","twitter_card":"summary_large_image","twitter_creator":"@iengenharia","twitter_site":"@iengenharia","twitter_misc":{"Escrito por":"Bianca","Est. tempo de leitura":"2 minutos"},"schema":{"@context":"https:\/\/schema.org","@graph":[{"@type":"Article","@id":"https:\/\/www.institutodeengenharia.org.br\/site\/2020\/04\/28\/ensaios-avancados-no-diagnostico-e-terapia-de-manifestacoes-patologicas-em-revestimentos\/#article","isPartOf":{"@id":"https:\/\/www.institutodeengenharia.org.br\/site\/2020\/04\/28\/ensaios-avancados-no-diagnostico-e-terapia-de-manifestacoes-patologicas-em-revestimentos\/"},"author":{"name":"Bianca","@id":"https:\/\/www.institutodeengenharia.org.br\/site\/#\/schema\/person\/aeb64951c405e100d26d30b033dd423f"},"headline":"Ensaios avan\u00e7ados no diagn\u00f3stico e terapia de manifesta\u00e7\u00f5es patol\u00f3gicas em revestimentos","datePublished":"2020-04-28T20:40:46+00:00","dateModified":"2020-05-05T20:42:54+00:00","mainEntityOfPage":{"@id":"https:\/\/www.institutodeengenharia.org.br\/site\/2020\/04\/28\/ensaios-avancados-no-diagnostico-e-terapia-de-manifestacoes-patologicas-em-revestimentos\/"},"wordCount":497,"commentCount":0,"publisher":{"@id":"https:\/\/www.institutodeengenharia.org.br\/site\/#organization"},"image":{"@id":"https:\/\/www.institutodeengenharia.org.br\/site\/2020\/04\/28\/ensaios-avancados-no-diagnostico-e-terapia-de-manifestacoes-patologicas-em-revestimentos\/#primaryimage"},"thumbnailUrl":"https:\/\/www.institutodeengenharia.org.br\/site\/wp-content\/uploads\/2020\/03\/Novo_Layout-11-1.jpg","articleSection":["Departamento Desenvolvimento de Gest\u00e3o e Objetivos","Divis\u00e3o T\u00e9cnica de Engenharia Diagn\u00f3stica","Palestra"],"inLanguage":"pt-BR","potentialAction":[{"@type":"CommentAction","name":"Comment","target":["https:\/\/www.institutodeengenharia.org.br\/site\/2020\/04\/28\/ensaios-avancados-no-diagnostico-e-terapia-de-manifestacoes-patologicas-em-revestimentos\/#respond"]}]},{"@type":"WebPage","@id":"https:\/\/www.institutodeengenharia.org.br\/site\/2020\/04\/28\/ensaios-avancados-no-diagnostico-e-terapia-de-manifestacoes-patologicas-em-revestimentos\/","url":"https:\/\/www.institutodeengenharia.org.br\/site\/2020\/04\/28\/ensaios-avancados-no-diagnostico-e-terapia-de-manifestacoes-patologicas-em-revestimentos\/","name":"Ensaios avan\u00e7ados no diagn\u00f3stico e terapia de manifesta\u00e7\u00f5es patol\u00f3gicas em revestimentos - Instituto de Engenharia","isPartOf":{"@id":"https:\/\/www.institutodeengenharia.org.br\/site\/#website"},"primaryImageOfPage":{"@id":"https:\/\/www.institutodeengenharia.org.br\/site\/2020\/04\/28\/ensaios-avancados-no-diagnostico-e-terapia-de-manifestacoes-patologicas-em-revestimentos\/#primaryimage"},"image":{"@id":"https:\/\/www.institutodeengenharia.org.br\/site\/2020\/04\/28\/ensaios-avancados-no-diagnostico-e-terapia-de-manifestacoes-patologicas-em-revestimentos\/#primaryimage"},"thumbnailUrl":"https:\/\/www.institutodeengenharia.org.br\/site\/wp-content\/uploads\/2020\/03\/Novo_Layout-11-1.jpg","datePublished":"2020-04-28T20:40:46+00:00","dateModified":"2020-05-05T20:42:54+00:00","breadcrumb":{"@id":"https:\/\/www.institutodeengenharia.org.br\/site\/2020\/04\/28\/ensaios-avancados-no-diagnostico-e-terapia-de-manifestacoes-patologicas-em-revestimentos\/#breadcrumb"},"inLanguage":"pt-BR","potentialAction":[{"@type":"ReadAction","target":["https:\/\/www.institutodeengenharia.org.br\/site\/2020\/04\/28\/ensaios-avancados-no-diagnostico-e-terapia-de-manifestacoes-patologicas-em-revestimentos\/"]}]},{"@type":"ImageObject","inLanguage":"pt-BR","@id":"https:\/\/www.institutodeengenharia.org.br\/site\/2020\/04\/28\/ensaios-avancados-no-diagnostico-e-terapia-de-manifestacoes-patologicas-em-revestimentos\/#primaryimage","url":"https:\/\/www.institutodeengenharia.org.br\/site\/wp-content\/uploads\/2020\/03\/Novo_Layout-11-1.jpg","contentUrl":"https:\/\/www.institutodeengenharia.org.br\/site\/wp-content\/uploads\/2020\/03\/Novo_Layout-11-1.jpg","width":790,"height":490},{"@type":"BreadcrumbList","@id":"https:\/\/www.institutodeengenharia.org.br\/site\/2020\/04\/28\/ensaios-avancados-no-diagnostico-e-terapia-de-manifestacoes-patologicas-em-revestimentos\/#breadcrumb","itemListElement":[{"@type":"ListItem","position":1,"name":"In\u00edcio","item":"https:\/\/www.institutodeengenharia.org.br\/site\/"},{"@type":"ListItem","position":2,"name":"Ensaios avan\u00e7ados no diagn\u00f3stico e terapia de manifesta\u00e7\u00f5es patol\u00f3gicas em revestimentos"}]},{"@type":"WebSite","@id":"https:\/\/www.institutodeengenharia.org.br\/site\/#website","url":"https:\/\/www.institutodeengenharia.org.br\/site\/","name":"Instituto de Engenharia","description":"O Instituto de Engenharia promove a Engenharia em benef\u00edcio do desenvolvimento e da qualidade de vida da sociedade.","publisher":{"@id":"https:\/\/www.institutodeengenharia.org.br\/site\/#organization"},"potentialAction":[{"@type":"SearchAction","target":{"@type":"EntryPoint","urlTemplate":"https:\/\/www.institutodeengenharia.org.br\/site\/?s={search_term_string}"},"query-input":{"@type":"PropertyValueSpecification","valueRequired":true,"valueName":"search_term_string"}}],"inLanguage":"pt-BR"},{"@type":"Organization","@id":"https:\/\/www.institutodeengenharia.org.br\/site\/#organization","name":"Instituto de Engenharia","url":"https:\/\/www.institutodeengenharia.org.br\/site\/","logo":{"@type":"ImageObject","inLanguage":"pt-BR","@id":"https:\/\/www.institutodeengenharia.org.br\/site\/#\/schema\/logo\/image\/","url":"https:\/\/www.institutodeengenharia.org.br\/site\/wp-content\/uploads\/2019\/03\/logo-novo-IE2018-1.jpg","contentUrl":"https:\/\/www.institutodeengenharia.org.br\/site\/wp-content\/uploads\/2019\/03\/logo-novo-IE2018-1.jpg","width":1486,"height":1879,"caption":"Instituto de Engenharia"},"image":{"@id":"https:\/\/www.institutodeengenharia.org.br\/site\/#\/schema\/logo\/image\/"},"sameAs":["https:\/\/www.facebook.com\/institutodeengenharia","https:\/\/x.com\/iengenharia","https:\/\/www.instagram.com\/institutodeengenharia\/","https:\/\/www.linkedin.com\/company\/instituto-de-engenharia\/","https:\/\/www.youtube.com\/channel\/UCXiCAlsSMe977vamW915HxA"]},{"@type":"Person","@id":"https:\/\/www.institutodeengenharia.org.br\/site\/#\/schema\/person\/aeb64951c405e100d26d30b033dd423f","name":"Bianca","image":{"@type":"ImageObject","inLanguage":"pt-BR","@id":"https:\/\/secure.gravatar.com\/avatar\/a6fbe9bff57405baf4c1e2c5c1811e072b558253974a9f9508f4678900c97c2a?s=96&d=mm&r=g","url":"https:\/\/secure.gravatar.com\/avatar\/a6fbe9bff57405baf4c1e2c5c1811e072b558253974a9f9508f4678900c97c2a?s=96&d=mm&r=g","contentUrl":"https:\/\/secure.gravatar.com\/avatar\/a6fbe9bff57405baf4c1e2c5c1811e072b558253974a9f9508f4678900c97c2a?s=96&d=mm&r=g","caption":"Bianca"},"url":"https:\/\/www.institutodeengenharia.org.br\/site\/author\/comunicacao1\/"}]}},"_links":{"self":[{"href":"https:\/\/www.institutodeengenharia.org.br\/site\/wp-json\/wp\/v2\/posts\/63877","targetHints":{"allow":["GET"]}}],"collection":[{"href":"https:\/\/www.institutodeengenharia.org.br\/site\/wp-json\/wp\/v2\/posts"}],"about":[{"href":"https:\/\/www.institutodeengenharia.org.br\/site\/wp-json\/wp\/v2\/types\/post"}],"author":[{"embeddable":true,"href":"https:\/\/www.institutodeengenharia.org.br\/site\/wp-json\/wp\/v2\/users\/13"}],"replies":[{"embeddable":true,"href":"https:\/\/www.institutodeengenharia.org.br\/site\/wp-json\/wp\/v2\/comments?post=63877"}],"version-history":[{"count":1,"href":"https:\/\/www.institutodeengenharia.org.br\/site\/wp-json\/wp\/v2\/posts\/63877\/revisions"}],"predecessor-version":[{"id":63878,"href":"https:\/\/www.institutodeengenharia.org.br\/site\/wp-json\/wp\/v2\/posts\/63877\/revisions\/63878"}],"wp:featuredmedia":[{"embeddable":true,"href":"https:\/\/www.institutodeengenharia.org.br\/site\/wp-json\/wp\/v2\/media\/61996"}],"wp:attachment":[{"href":"https:\/\/www.institutodeengenharia.org.br\/site\/wp-json\/wp\/v2\/media?parent=63877"}],"wp:term":[{"taxonomy":"category","embeddable":true,"href":"https:\/\/www.institutodeengenharia.org.br\/site\/wp-json\/wp\/v2\/categories?post=63877"},{"taxonomy":"post_tag","embeddable":true,"href":"https:\/\/www.institutodeengenharia.org.br\/site\/wp-json\/wp\/v2\/tags?post=63877"}],"curies":[{"name":"wp","href":"https:\/\/api.w.org\/{rel}","templated":true}]}}