{"id":63862,"date":"2020-04-28T11:40:00","date_gmt":"2020-04-28T14:40:00","guid":{"rendered":"https:\/\/www.institutodeengenharia.org.br\/site\/?p=63862"},"modified":"2020-05-05T11:47:29","modified_gmt":"2020-05-05T14:47:29","slug":"nosso-momento-bim-2","status":"publish","type":"post","link":"https:\/\/www.institutodeengenharia.org.br\/site\/2020\/04\/28\/nosso-momento-bim-2\/","title":{"rendered":"Nosso Momento BIM"},"content":{"rendered":"<p>&nbsp;<\/p>\n<p>Confira abaixo a grava\u00e7\u00e3o dos tr\u00eas dias de evento do <strong>Nosso Momento BIM<\/strong>, uma realiza\u00e7\u00e3o do Instituto de Engenharia em parceria com a NossoBIM:<\/p>\n<p>&nbsp;<\/p>\n<p><strong>28 DE ABRIL<\/strong><\/p>\n<p><iframe loading=\"lazy\" src=\"https:\/\/player.vimeo.com\/video\/414290509\" width=\"640\" height=\"360\" frameborder=\"0\" allowfullscreen=\"allowfullscreen\"><\/iframe><\/p>\n<p><strong>Temas:\u00a0<\/strong><\/p>\n<p>BIM no Mundo | Normaliza\u00e7\u00e3o BIM<\/p>\n<p><strong>Palestrantes:<\/strong><\/p>\n<p>Jos\u00e9 Carlos Lino | Eduardo Toledo<\/p>\n<p>&nbsp;<\/p>\n<p><strong>29 DE ABRIL<\/strong><\/p>\n<p><iframe loading=\"lazy\" src=\"https:\/\/player.vimeo.com\/video\/414609258\" width=\"640\" height=\"360\" frameborder=\"0\" allowfullscreen=\"allowfullscreen\"><\/iframe><\/p>\n<p><strong>Temas:\u00a0<\/strong><\/p>\n<p>Estrat\u00e9gia BIM BR\u00a0 | BIM no Metr\u00f4 de S\u00e3o Paulo<\/p>\n<p><strong>Palestrantes:<\/strong><\/p>\n<p>Wilton Catelani | Ivo Mainardi<\/p>\n<p>&nbsp;<\/p>\n<p><strong>30 DE ABRIL<\/strong><\/p>\n<p><iframe loading=\"lazy\" src=\"https:\/\/player.vimeo.com\/video\/415011071\" width=\"640\" height=\"360\" frameborder=\"0\" allowfullscreen=\"allowfullscreen\"><\/iframe><\/p>\n<p><strong>Temas:\u00a0<\/strong><\/p>\n<p>Implementa\u00e7\u00e3o BIM | Contribui\u00e7\u00f5es do Instituto de Engenharia nas politicas BIM<\/p>\n<p><strong>Palestrantes:<\/strong><\/p>\n<p>Rog\u00e9rio Suzuki | Marcelo Nonato<\/p>\n<p>&nbsp;<\/p>\n<p>&nbsp;<\/p>\n<p><strong>PALESTRANTES:<\/strong><\/p>\n<p>&nbsp;<\/p>\n<p><img loading=\"lazy\" decoding=\"async\" class=\"wp-image-62649 alignleft td-animation-stack-type0-2\" src=\"https:\/\/www.institutodeengenharia.org.br\/site\/wp-content\/uploads\/2020\/03\/2.jpg\" alt=\"\" width=\"134\" height=\"131\" \/><\/p>\n<p><strong>Eduardo Toledo<\/strong><\/p>\n<p>Engenheiro, professor doutor pela Universidade de S\u00e3o Paulo (USP). Coordenador do GT Componentes BIM, da Comiss\u00e3o Especial de Estudos sobre BIM da ABNT e membro BIM Technical Committee da ISCCBE.<\/p>\n<p>&nbsp;<\/p>\n<p>&nbsp;<\/p>\n<p><img loading=\"lazy\" decoding=\"async\" class=\"wp-image-62650 alignleft td-animation-stack-type0-2\" src=\"https:\/\/www.institutodeengenharia.org.br\/site\/wp-content\/uploads\/2020\/03\/4.jpg\" alt=\"\" width=\"134\" height=\"134\" srcset=\"https:\/\/www.institutodeengenharia.org.br\/site\/wp-content\/uploads\/2020\/03\/4.jpg 256w, https:\/\/www.institutodeengenharia.org.br\/site\/wp-content\/uploads\/2020\/03\/4-150x150.jpg 150w, https:\/\/www.institutodeengenharia.org.br\/site\/wp-content\/uploads\/2020\/03\/4-100x100.jpg 100w\" sizes=\"auto, (max-width: 134px) 100vw, 134px\" \/><\/p>\n<p><strong>Ivo Mainardi<\/strong><\/p>\n<p>Grande disseminador do BIM, coordenador do N\u00facleo BIM do Metr\u00f4 de S\u00e3o Paulo, professor na Escola de Engenharia da Universidade Presbiteriana Mackenzie. L\u00edder do subgrupo de transporte por trilhos da Comiss\u00e3o 134 da ABNT. Integrante do GT BIM na AsBEA-SP.<\/p>\n<p>&nbsp;<\/p>\n<p>&nbsp;<\/p>\n<p><img loading=\"lazy\" decoding=\"async\" class=\"wp-image-62652 alignleft td-animation-stack-type0-2\" src=\"https:\/\/www.institutodeengenharia.org.br\/site\/wp-content\/uploads\/2020\/03\/1.jpg\" alt=\"\" width=\"134\" height=\"133\" srcset=\"https:\/\/www.institutodeengenharia.org.br\/site\/wp-content\/uploads\/2020\/03\/1.jpg 256w, https:\/\/www.institutodeengenharia.org.br\/site\/wp-content\/uploads\/2020\/03\/1-150x150.jpg 150w, https:\/\/www.institutodeengenharia.org.br\/site\/wp-content\/uploads\/2020\/03\/1-100x100.jpg 100w\" sizes=\"auto, (max-width: 134px) 100vw, 134px\" \/><\/p>\n<p><strong>Jos\u00e9 Carlos Lino\u00a0<\/strong><\/p>\n<p>Diretor e fundador da NossoBIM. Atua na implementa\u00e7\u00e3o do BIM de alto n\u00edvel no Brasil, Portugal, Europa e \u00c1frica com as empresas Consultores BIM, BIMMS e IBERD. Lidera e forma parte do grupo de profissionais t\u00e9cnicos engajados na cria\u00e7\u00e3o do Cap\u00edtulo de Portugal da Building Smart International.<\/p>\n<p>&nbsp;<\/p>\n<p>&nbsp;<\/p>\n<p><img loading=\"lazy\" decoding=\"async\" class=\"wp-image-62648 alignleft td-animation-stack-type0-2\" src=\"https:\/\/www.institutodeengenharia.org.br\/site\/wp-content\/uploads\/2020\/03\/6.jpg\" alt=\"\" width=\"134\" height=\"137\" \/><\/p>\n<p><strong>Marcelo Nonato Santos<\/strong><\/p>\n<p>Engenheiro Civil pela Escola Polit\u00e9cnica da USP, p\u00f3s-graduado em Gest\u00e3o de Projetos e em Magist\u00e9rio Superior. Com 27 anos de Camargo Corr\u00eaa, atuou nas \u00e1reas de Produ\u00e7\u00e3o, Planejamento, Produtividade, Engenharia,\u00a0<em>Project Control<\/em>, Inova\u00e7\u00e3o, Gest\u00e3o do Conhecimento e Constru\u00e7\u00e3o Virtual. Desde 2020 tamb\u00e9m atua como coordenador da Divis\u00e3o T\u00e9cnica de Inform\u00e1tica do Instituto de Engenharia.<\/p>\n<p>&nbsp;<\/p>\n<p>&nbsp;<\/p>\n<p><img loading=\"lazy\" decoding=\"async\" class=\"wp-image-62653 alignleft td-animation-stack-type0-2\" src=\"https:\/\/www.institutodeengenharia.org.br\/site\/wp-content\/uploads\/2020\/03\/5.jpg\" alt=\"\" width=\"134\" height=\"134\" srcset=\"https:\/\/www.institutodeengenharia.org.br\/site\/wp-content\/uploads\/2020\/03\/5.jpg 291w, https:\/\/www.institutodeengenharia.org.br\/site\/wp-content\/uploads\/2020\/03\/5-150x150.jpg 150w, https:\/\/www.institutodeengenharia.org.br\/site\/wp-content\/uploads\/2020\/03\/5-100x100.jpg 100w\" sizes=\"auto, (max-width: 134px) 100vw, 134px\" \/><\/p>\n<p><strong>Rog\u00e9rio Suzuki<\/strong><\/p>\n<p>Mestrando em Inova\u00e7\u00e3o na Constru\u00e7\u00e3o pela Universidade de S\u00e3o Paulo (USP). Atuou como gerente de Desenvolvimento de Neg\u00f3cios da Archibus; s\u00f3cio-diretor da RS Consultoria e como professor de p\u00f3s-gradua\u00e7\u00e3o no Instituto Mau\u00e1 de Tecnologia.<\/p>\n<p>&nbsp;<\/p>\n<p>&nbsp;<\/p>\n<p>&nbsp;<\/p>\n<p><img loading=\"lazy\" decoding=\"async\" class=\"wp-image-62654 alignleft td-animation-stack-type0-2\" src=\"https:\/\/www.institutodeengenharia.org.br\/site\/wp-content\/uploads\/2020\/03\/3.jpg\" alt=\"\" width=\"134\" height=\"133\" srcset=\"https:\/\/www.institutodeengenharia.org.br\/site\/wp-content\/uploads\/2020\/03\/3.jpg 241w, https:\/\/www.institutodeengenharia.org.br\/site\/wp-content\/uploads\/2020\/03\/3-150x150.jpg 150w, https:\/\/www.institutodeengenharia.org.br\/site\/wp-content\/uploads\/2020\/03\/3-100x100.jpg 100w\" sizes=\"auto, (max-width: 134px) 100vw, 134px\" \/><\/p>\n<p><strong>Wilton Catelani<\/strong><\/p>\n<p>BIM Strategic Consultant com 31 anos de experi\u00eancia profissional em diversos setores e diversas empresas multinacionais.<\/p>\n<p>&nbsp;<\/p>\n<p>&nbsp;<\/p>\n<p>&nbsp;<\/p>\n<p>&nbsp;<\/p>\n<p><strong>REALIZA\u00c7\u00c3O:<\/strong><\/p>\n<p>&nbsp;<\/p>\n<p><img loading=\"lazy\" decoding=\"async\" class=\"wp-image-60234 alignleft td-animation-stack-type0-2\" src=\"https:\/\/www.institutodeengenharia.org.br\/site\/wp-content\/uploads\/2020\/02\/logo-novo-IE2018-1.png\" alt=\"\" width=\"103\" height=\"130\" srcset=\"https:\/\/www.institutodeengenharia.org.br\/site\/wp-content\/uploads\/2020\/02\/logo-novo-IE2018-1.png 1486w, https:\/\/www.institutodeengenharia.org.br\/site\/wp-content\/uploads\/2020\/02\/logo-novo-IE2018-1-237x300.png 237w, https:\/\/www.institutodeengenharia.org.br\/site\/wp-content\/uploads\/2020\/02\/logo-novo-IE2018-1-768x971.png 768w, https:\/\/www.institutodeengenharia.org.br\/site\/wp-content\/uploads\/2020\/02\/logo-novo-IE2018-1-810x1024.png 810w, https:\/\/www.institutodeengenharia.org.br\/site\/wp-content\/uploads\/2020\/02\/logo-novo-IE2018-1-696x880.png 696w, https:\/\/www.institutodeengenharia.org.br\/site\/wp-content\/uploads\/2020\/02\/logo-novo-IE2018-1-1068x1350.png 1068w, https:\/\/www.institutodeengenharia.org.br\/site\/wp-content\/uploads\/2020\/02\/logo-novo-IE2018-1-332x420.png 332w, https:\/\/www.institutodeengenharia.org.br\/site\/wp-content\/uploads\/2020\/02\/logo-novo-IE2018-1-600x759.png 600w\" sizes=\"auto, (max-width: 103px) 100vw, 103px\" \/><\/p>\n<p><img loading=\"lazy\" decoding=\"async\" class=\"alignnone wp-image-62655 td-animation-stack-type0-2\" src=\"https:\/\/www.institutodeengenharia.org.br\/site\/wp-content\/uploads\/2020\/03\/nosso-bim-3.jpg\" alt=\"\" width=\"180\" height=\"80\" srcset=\"https:\/\/www.institutodeengenharia.org.br\/site\/wp-content\/uploads\/2020\/03\/nosso-bim-3.jpg 221w, https:\/\/www.institutodeengenharia.org.br\/site\/wp-content\/uploads\/2020\/03\/nosso-bim-3-218x98.jpg 218w\" sizes=\"auto, (max-width: 180px) 100vw, 180px\" \/><\/p>\n","protected":false},"excerpt":{"rendered":"<p>&nbsp; Confira abaixo a grava\u00e7\u00e3o dos tr\u00eas dias de evento do Nosso Momento BIM, uma realiza\u00e7\u00e3o do Instituto de Engenharia em parceria com a NossoBIM: &nbsp; 28 DE ABRIL Temas:\u00a0 BIM no Mundo | Normaliza\u00e7\u00e3o BIM Palestrantes: Jos\u00e9 Carlos Lino | Eduardo Toledo &nbsp; 29 DE ABRIL Temas:\u00a0 Estrat\u00e9gia BIM BR\u00a0 | BIM no Metr\u00f4 [&hellip;]<\/p>\n","protected":false},"author":13,"featured_media":60794,"comment_status":"open","ping_status":"open","sticky":false,"template":"","format":"standard","meta":{"footnotes":""},"categories":[968,969],"tags":[],"class_list":{"0":"post-63862","1":"post","2":"type-post","3":"status-publish","4":"format-standard","5":"has-post-thumbnail","7":"category-nova-tv-engenharia","8":"category-palestra"},"yoast_head":"<!-- This site is optimized with the Yoast SEO plugin v27.2 - https:\/\/yoast.com\/product\/yoast-seo-wordpress\/ -->\n<title>Nosso Momento BIM - Instituto de Engenharia<\/title>\n<meta name=\"robots\" content=\"index, follow, max-snippet:-1, max-image-preview:large, max-video-preview:-1\" \/>\n<link rel=\"canonical\" href=\"https:\/\/www.institutodeengenharia.org.br\/site\/2020\/04\/28\/nosso-momento-bim-2\/\" \/>\n<meta property=\"og:locale\" content=\"pt_BR\" \/>\n<meta property=\"og:type\" content=\"article\" \/>\n<meta property=\"og:title\" content=\"Nosso Momento BIM - Instituto de Engenharia\" \/>\n<meta property=\"og:description\" content=\"&nbsp; Confira abaixo a grava\u00e7\u00e3o dos tr\u00eas dias de evento do Nosso Momento BIM, uma realiza\u00e7\u00e3o do Instituto de Engenharia em parceria com a NossoBIM: &nbsp; 28 DE ABRIL Temas:\u00a0 BIM no Mundo | Normaliza\u00e7\u00e3o BIM Palestrantes: Jos\u00e9 Carlos Lino | Eduardo Toledo &nbsp; 29 DE ABRIL Temas:\u00a0 Estrat\u00e9gia BIM BR\u00a0 | BIM no Metr\u00f4 [&hellip;]\" \/>\n<meta property=\"og:url\" content=\"https:\/\/www.institutodeengenharia.org.br\/site\/2020\/04\/28\/nosso-momento-bim-2\/\" \/>\n<meta property=\"og:site_name\" content=\"Instituto de Engenharia\" \/>\n<meta property=\"article:publisher\" content=\"https:\/\/www.facebook.com\/institutodeengenharia\" \/>\n<meta property=\"article:published_time\" content=\"2020-04-28T14:40:00+00:00\" \/>\n<meta property=\"article:modified_time\" content=\"2020-05-05T14:47:29+00:00\" \/>\n<meta property=\"og:image\" content=\"https:\/\/www.institutodeengenharia.org.br\/site\/wp-content\/uploads\/2020\/03\/nosso-bim-1.jpg\" \/>\n\t<meta property=\"og:image:width\" content=\"759\" \/>\n\t<meta property=\"og:image:height\" content=\"355\" \/>\n\t<meta property=\"og:image:type\" content=\"image\/jpeg\" \/>\n<meta name=\"author\" content=\"Bianca\" \/>\n<meta name=\"twitter:card\" content=\"summary_large_image\" \/>\n<meta name=\"twitter:creator\" content=\"@iengenharia\" \/>\n<meta name=\"twitter:site\" content=\"@iengenharia\" \/>\n<meta name=\"twitter:label1\" content=\"Escrito por\" \/>\n\t<meta name=\"twitter:data1\" content=\"Bianca\" \/>\n\t<meta name=\"twitter:label2\" content=\"Est. tempo de leitura\" \/>\n\t<meta name=\"twitter:data2\" content=\"2 minutos\" \/>\n<script type=\"application\/ld+json\" class=\"yoast-schema-graph\">{\"@context\":\"https:\/\/schema.org\",\"@graph\":[{\"@type\":\"Article\",\"@id\":\"https:\/\/www.institutodeengenharia.org.br\/site\/2020\/04\/28\/nosso-momento-bim-2\/#article\",\"isPartOf\":{\"@id\":\"https:\/\/www.institutodeengenharia.org.br\/site\/2020\/04\/28\/nosso-momento-bim-2\/\"},\"author\":{\"name\":\"Bianca\",\"@id\":\"https:\/\/www.institutodeengenharia.org.br\/site\/#\/schema\/person\/aeb64951c405e100d26d30b033dd423f\"},\"headline\":\"Nosso Momento BIM\",\"datePublished\":\"2020-04-28T14:40:00+00:00\",\"dateModified\":\"2020-05-05T14:47:29+00:00\",\"mainEntityOfPage\":{\"@id\":\"https:\/\/www.institutodeengenharia.org.br\/site\/2020\/04\/28\/nosso-momento-bim-2\/\"},\"wordCount\":375,\"commentCount\":0,\"publisher\":{\"@id\":\"https:\/\/www.institutodeengenharia.org.br\/site\/#organization\"},\"image\":{\"@id\":\"https:\/\/www.institutodeengenharia.org.br\/site\/2020\/04\/28\/nosso-momento-bim-2\/#primaryimage\"},\"thumbnailUrl\":\"https:\/\/www.institutodeengenharia.org.br\/site\/wp-content\/uploads\/2020\/03\/nosso-bim-1.jpg\",\"articleSection\":[\"Nova TV Engenharia\",\"Palestra\"],\"inLanguage\":\"pt-BR\",\"potentialAction\":[{\"@type\":\"CommentAction\",\"name\":\"Comment\",\"target\":[\"https:\/\/www.institutodeengenharia.org.br\/site\/2020\/04\/28\/nosso-momento-bim-2\/#respond\"]}]},{\"@type\":\"WebPage\",\"@id\":\"https:\/\/www.institutodeengenharia.org.br\/site\/2020\/04\/28\/nosso-momento-bim-2\/\",\"url\":\"https:\/\/www.institutodeengenharia.org.br\/site\/2020\/04\/28\/nosso-momento-bim-2\/\",\"name\":\"Nosso Momento BIM - Instituto de Engenharia\",\"isPartOf\":{\"@id\":\"https:\/\/www.institutodeengenharia.org.br\/site\/#website\"},\"primaryImageOfPage\":{\"@id\":\"https:\/\/www.institutodeengenharia.org.br\/site\/2020\/04\/28\/nosso-momento-bim-2\/#primaryimage\"},\"image\":{\"@id\":\"https:\/\/www.institutodeengenharia.org.br\/site\/2020\/04\/28\/nosso-momento-bim-2\/#primaryimage\"},\"thumbnailUrl\":\"https:\/\/www.institutodeengenharia.org.br\/site\/wp-content\/uploads\/2020\/03\/nosso-bim-1.jpg\",\"datePublished\":\"2020-04-28T14:40:00+00:00\",\"dateModified\":\"2020-05-05T14:47:29+00:00\",\"breadcrumb\":{\"@id\":\"https:\/\/www.institutodeengenharia.org.br\/site\/2020\/04\/28\/nosso-momento-bim-2\/#breadcrumb\"},\"inLanguage\":\"pt-BR\",\"potentialAction\":[{\"@type\":\"ReadAction\",\"target\":[\"https:\/\/www.institutodeengenharia.org.br\/site\/2020\/04\/28\/nosso-momento-bim-2\/\"]}]},{\"@type\":\"ImageObject\",\"inLanguage\":\"pt-BR\",\"@id\":\"https:\/\/www.institutodeengenharia.org.br\/site\/2020\/04\/28\/nosso-momento-bim-2\/#primaryimage\",\"url\":\"https:\/\/www.institutodeengenharia.org.br\/site\/wp-content\/uploads\/2020\/03\/nosso-bim-1.jpg\",\"contentUrl\":\"https:\/\/www.institutodeengenharia.org.br\/site\/wp-content\/uploads\/2020\/03\/nosso-bim-1.jpg\",\"width\":759,\"height\":355},{\"@type\":\"BreadcrumbList\",\"@id\":\"https:\/\/www.institutodeengenharia.org.br\/site\/2020\/04\/28\/nosso-momento-bim-2\/#breadcrumb\",\"itemListElement\":[{\"@type\":\"ListItem\",\"position\":1,\"name\":\"In\u00edcio\",\"item\":\"https:\/\/www.institutodeengenharia.org.br\/site\/\"},{\"@type\":\"ListItem\",\"position\":2,\"name\":\"Nosso Momento BIM\"}]},{\"@type\":\"WebSite\",\"@id\":\"https:\/\/www.institutodeengenharia.org.br\/site\/#website\",\"url\":\"https:\/\/www.institutodeengenharia.org.br\/site\/\",\"name\":\"Instituto de Engenharia\",\"description\":\"O Instituto de Engenharia promove a Engenharia em benef\u00edcio do desenvolvimento e da qualidade de vida da sociedade.\",\"publisher\":{\"@id\":\"https:\/\/www.institutodeengenharia.org.br\/site\/#organization\"},\"potentialAction\":[{\"@type\":\"SearchAction\",\"target\":{\"@type\":\"EntryPoint\",\"urlTemplate\":\"https:\/\/www.institutodeengenharia.org.br\/site\/?s={search_term_string}\"},\"query-input\":{\"@type\":\"PropertyValueSpecification\",\"valueRequired\":true,\"valueName\":\"search_term_string\"}}],\"inLanguage\":\"pt-BR\"},{\"@type\":\"Organization\",\"@id\":\"https:\/\/www.institutodeengenharia.org.br\/site\/#organization\",\"name\":\"Instituto de Engenharia\",\"url\":\"https:\/\/www.institutodeengenharia.org.br\/site\/\",\"logo\":{\"@type\":\"ImageObject\",\"inLanguage\":\"pt-BR\",\"@id\":\"https:\/\/www.institutodeengenharia.org.br\/site\/#\/schema\/logo\/image\/\",\"url\":\"https:\/\/www.institutodeengenharia.org.br\/site\/wp-content\/uploads\/2019\/03\/logo-novo-IE2018-1.jpg\",\"contentUrl\":\"https:\/\/www.institutodeengenharia.org.br\/site\/wp-content\/uploads\/2019\/03\/logo-novo-IE2018-1.jpg\",\"width\":1486,\"height\":1879,\"caption\":\"Instituto de Engenharia\"},\"image\":{\"@id\":\"https:\/\/www.institutodeengenharia.org.br\/site\/#\/schema\/logo\/image\/\"},\"sameAs\":[\"https:\/\/www.facebook.com\/institutodeengenharia\",\"https:\/\/x.com\/iengenharia\",\"https:\/\/www.instagram.com\/institutodeengenharia\/\",\"https:\/\/www.linkedin.com\/company\/instituto-de-engenharia\/\",\"https:\/\/www.youtube.com\/channel\/UCXiCAlsSMe977vamW915HxA\"]},{\"@type\":\"Person\",\"@id\":\"https:\/\/www.institutodeengenharia.org.br\/site\/#\/schema\/person\/aeb64951c405e100d26d30b033dd423f\",\"name\":\"Bianca\",\"image\":{\"@type\":\"ImageObject\",\"inLanguage\":\"pt-BR\",\"@id\":\"https:\/\/secure.gravatar.com\/avatar\/a6fbe9bff57405baf4c1e2c5c1811e072b558253974a9f9508f4678900c97c2a?s=96&d=mm&r=g\",\"url\":\"https:\/\/secure.gravatar.com\/avatar\/a6fbe9bff57405baf4c1e2c5c1811e072b558253974a9f9508f4678900c97c2a?s=96&d=mm&r=g\",\"contentUrl\":\"https:\/\/secure.gravatar.com\/avatar\/a6fbe9bff57405baf4c1e2c5c1811e072b558253974a9f9508f4678900c97c2a?s=96&d=mm&r=g\",\"caption\":\"Bianca\"},\"url\":\"https:\/\/www.institutodeengenharia.org.br\/site\/author\/comunicacao1\/\"}]}<\/script>\n<!-- \/ Yoast SEO plugin. -->","yoast_head_json":{"title":"Nosso Momento BIM - Instituto de Engenharia","robots":{"index":"index","follow":"follow","max-snippet":"max-snippet:-1","max-image-preview":"max-image-preview:large","max-video-preview":"max-video-preview:-1"},"canonical":"https:\/\/www.institutodeengenharia.org.br\/site\/2020\/04\/28\/nosso-momento-bim-2\/","og_locale":"pt_BR","og_type":"article","og_title":"Nosso Momento BIM - Instituto de Engenharia","og_description":"&nbsp; Confira abaixo a grava\u00e7\u00e3o dos tr\u00eas dias de evento do Nosso Momento BIM, uma realiza\u00e7\u00e3o do Instituto de Engenharia em parceria com a NossoBIM: &nbsp; 28 DE ABRIL Temas:\u00a0 BIM no Mundo | Normaliza\u00e7\u00e3o BIM Palestrantes: Jos\u00e9 Carlos Lino | Eduardo Toledo &nbsp; 29 DE ABRIL Temas:\u00a0 Estrat\u00e9gia BIM BR\u00a0 | BIM no Metr\u00f4 [&hellip;]","og_url":"https:\/\/www.institutodeengenharia.org.br\/site\/2020\/04\/28\/nosso-momento-bim-2\/","og_site_name":"Instituto de Engenharia","article_publisher":"https:\/\/www.facebook.com\/institutodeengenharia","article_published_time":"2020-04-28T14:40:00+00:00","article_modified_time":"2020-05-05T14:47:29+00:00","og_image":[{"width":759,"height":355,"url":"https:\/\/www.institutodeengenharia.org.br\/site\/wp-content\/uploads\/2020\/03\/nosso-bim-1.jpg","type":"image\/jpeg"}],"author":"Bianca","twitter_card":"summary_large_image","twitter_creator":"@iengenharia","twitter_site":"@iengenharia","twitter_misc":{"Escrito por":"Bianca","Est. tempo de leitura":"2 minutos"},"schema":{"@context":"https:\/\/schema.org","@graph":[{"@type":"Article","@id":"https:\/\/www.institutodeengenharia.org.br\/site\/2020\/04\/28\/nosso-momento-bim-2\/#article","isPartOf":{"@id":"https:\/\/www.institutodeengenharia.org.br\/site\/2020\/04\/28\/nosso-momento-bim-2\/"},"author":{"name":"Bianca","@id":"https:\/\/www.institutodeengenharia.org.br\/site\/#\/schema\/person\/aeb64951c405e100d26d30b033dd423f"},"headline":"Nosso Momento BIM","datePublished":"2020-04-28T14:40:00+00:00","dateModified":"2020-05-05T14:47:29+00:00","mainEntityOfPage":{"@id":"https:\/\/www.institutodeengenharia.org.br\/site\/2020\/04\/28\/nosso-momento-bim-2\/"},"wordCount":375,"commentCount":0,"publisher":{"@id":"https:\/\/www.institutodeengenharia.org.br\/site\/#organization"},"image":{"@id":"https:\/\/www.institutodeengenharia.org.br\/site\/2020\/04\/28\/nosso-momento-bim-2\/#primaryimage"},"thumbnailUrl":"https:\/\/www.institutodeengenharia.org.br\/site\/wp-content\/uploads\/2020\/03\/nosso-bim-1.jpg","articleSection":["Nova TV Engenharia","Palestra"],"inLanguage":"pt-BR","potentialAction":[{"@type":"CommentAction","name":"Comment","target":["https:\/\/www.institutodeengenharia.org.br\/site\/2020\/04\/28\/nosso-momento-bim-2\/#respond"]}]},{"@type":"WebPage","@id":"https:\/\/www.institutodeengenharia.org.br\/site\/2020\/04\/28\/nosso-momento-bim-2\/","url":"https:\/\/www.institutodeengenharia.org.br\/site\/2020\/04\/28\/nosso-momento-bim-2\/","name":"Nosso Momento BIM - Instituto de Engenharia","isPartOf":{"@id":"https:\/\/www.institutodeengenharia.org.br\/site\/#website"},"primaryImageOfPage":{"@id":"https:\/\/www.institutodeengenharia.org.br\/site\/2020\/04\/28\/nosso-momento-bim-2\/#primaryimage"},"image":{"@id":"https:\/\/www.institutodeengenharia.org.br\/site\/2020\/04\/28\/nosso-momento-bim-2\/#primaryimage"},"thumbnailUrl":"https:\/\/www.institutodeengenharia.org.br\/site\/wp-content\/uploads\/2020\/03\/nosso-bim-1.jpg","datePublished":"2020-04-28T14:40:00+00:00","dateModified":"2020-05-05T14:47:29+00:00","breadcrumb":{"@id":"https:\/\/www.institutodeengenharia.org.br\/site\/2020\/04\/28\/nosso-momento-bim-2\/#breadcrumb"},"inLanguage":"pt-BR","potentialAction":[{"@type":"ReadAction","target":["https:\/\/www.institutodeengenharia.org.br\/site\/2020\/04\/28\/nosso-momento-bim-2\/"]}]},{"@type":"ImageObject","inLanguage":"pt-BR","@id":"https:\/\/www.institutodeengenharia.org.br\/site\/2020\/04\/28\/nosso-momento-bim-2\/#primaryimage","url":"https:\/\/www.institutodeengenharia.org.br\/site\/wp-content\/uploads\/2020\/03\/nosso-bim-1.jpg","contentUrl":"https:\/\/www.institutodeengenharia.org.br\/site\/wp-content\/uploads\/2020\/03\/nosso-bim-1.jpg","width":759,"height":355},{"@type":"BreadcrumbList","@id":"https:\/\/www.institutodeengenharia.org.br\/site\/2020\/04\/28\/nosso-momento-bim-2\/#breadcrumb","itemListElement":[{"@type":"ListItem","position":1,"name":"In\u00edcio","item":"https:\/\/www.institutodeengenharia.org.br\/site\/"},{"@type":"ListItem","position":2,"name":"Nosso Momento BIM"}]},{"@type":"WebSite","@id":"https:\/\/www.institutodeengenharia.org.br\/site\/#website","url":"https:\/\/www.institutodeengenharia.org.br\/site\/","name":"Instituto de Engenharia","description":"O Instituto de Engenharia promove a Engenharia em benef\u00edcio do desenvolvimento e da qualidade de vida da sociedade.","publisher":{"@id":"https:\/\/www.institutodeengenharia.org.br\/site\/#organization"},"potentialAction":[{"@type":"SearchAction","target":{"@type":"EntryPoint","urlTemplate":"https:\/\/www.institutodeengenharia.org.br\/site\/?s={search_term_string}"},"query-input":{"@type":"PropertyValueSpecification","valueRequired":true,"valueName":"search_term_string"}}],"inLanguage":"pt-BR"},{"@type":"Organization","@id":"https:\/\/www.institutodeengenharia.org.br\/site\/#organization","name":"Instituto de Engenharia","url":"https:\/\/www.institutodeengenharia.org.br\/site\/","logo":{"@type":"ImageObject","inLanguage":"pt-BR","@id":"https:\/\/www.institutodeengenharia.org.br\/site\/#\/schema\/logo\/image\/","url":"https:\/\/www.institutodeengenharia.org.br\/site\/wp-content\/uploads\/2019\/03\/logo-novo-IE2018-1.jpg","contentUrl":"https:\/\/www.institutodeengenharia.org.br\/site\/wp-content\/uploads\/2019\/03\/logo-novo-IE2018-1.jpg","width":1486,"height":1879,"caption":"Instituto de Engenharia"},"image":{"@id":"https:\/\/www.institutodeengenharia.org.br\/site\/#\/schema\/logo\/image\/"},"sameAs":["https:\/\/www.facebook.com\/institutodeengenharia","https:\/\/x.com\/iengenharia","https:\/\/www.instagram.com\/institutodeengenharia\/","https:\/\/www.linkedin.com\/company\/instituto-de-engenharia\/","https:\/\/www.youtube.com\/channel\/UCXiCAlsSMe977vamW915HxA"]},{"@type":"Person","@id":"https:\/\/www.institutodeengenharia.org.br\/site\/#\/schema\/person\/aeb64951c405e100d26d30b033dd423f","name":"Bianca","image":{"@type":"ImageObject","inLanguage":"pt-BR","@id":"https:\/\/secure.gravatar.com\/avatar\/a6fbe9bff57405baf4c1e2c5c1811e072b558253974a9f9508f4678900c97c2a?s=96&d=mm&r=g","url":"https:\/\/secure.gravatar.com\/avatar\/a6fbe9bff57405baf4c1e2c5c1811e072b558253974a9f9508f4678900c97c2a?s=96&d=mm&r=g","contentUrl":"https:\/\/secure.gravatar.com\/avatar\/a6fbe9bff57405baf4c1e2c5c1811e072b558253974a9f9508f4678900c97c2a?s=96&d=mm&r=g","caption":"Bianca"},"url":"https:\/\/www.institutodeengenharia.org.br\/site\/author\/comunicacao1\/"}]}},"_links":{"self":[{"href":"https:\/\/www.institutodeengenharia.org.br\/site\/wp-json\/wp\/v2\/posts\/63862","targetHints":{"allow":["GET"]}}],"collection":[{"href":"https:\/\/www.institutodeengenharia.org.br\/site\/wp-json\/wp\/v2\/posts"}],"about":[{"href":"https:\/\/www.institutodeengenharia.org.br\/site\/wp-json\/wp\/v2\/types\/post"}],"author":[{"embeddable":true,"href":"https:\/\/www.institutodeengenharia.org.br\/site\/wp-json\/wp\/v2\/users\/13"}],"replies":[{"embeddable":true,"href":"https:\/\/www.institutodeengenharia.org.br\/site\/wp-json\/wp\/v2\/comments?post=63862"}],"version-history":[{"count":1,"href":"https:\/\/www.institutodeengenharia.org.br\/site\/wp-json\/wp\/v2\/posts\/63862\/revisions"}],"predecessor-version":[{"id":63863,"href":"https:\/\/www.institutodeengenharia.org.br\/site\/wp-json\/wp\/v2\/posts\/63862\/revisions\/63863"}],"wp:featuredmedia":[{"embeddable":true,"href":"https:\/\/www.institutodeengenharia.org.br\/site\/wp-json\/wp\/v2\/media\/60794"}],"wp:attachment":[{"href":"https:\/\/www.institutodeengenharia.org.br\/site\/wp-json\/wp\/v2\/media?parent=63862"}],"wp:term":[{"taxonomy":"category","embeddable":true,"href":"https:\/\/www.institutodeengenharia.org.br\/site\/wp-json\/wp\/v2\/categories?post=63862"},{"taxonomy":"post_tag","embeddable":true,"href":"https:\/\/www.institutodeengenharia.org.br\/site\/wp-json\/wp\/v2\/tags?post=63862"}],"curies":[{"name":"wp","href":"https:\/\/api.w.org\/{rel}","templated":true}]}}