{"id":63757,"date":"2020-04-29T14:39:21","date_gmt":"2020-04-29T17:39:21","guid":{"rendered":"https:\/\/www.institutodeengenharia.org.br\/site\/?p=63757"},"modified":"2023-01-09T11:14:52","modified_gmt":"2023-01-09T14:14:52","slug":"licoes-aprendidas-com-a-pandemia-do-covid-19-sob-a-otica-da-confiabilidade","status":"publish","type":"post","link":"https:\/\/www.institutodeengenharia.org.br\/site\/2020\/04\/29\/licoes-aprendidas-com-a-pandemia-do-covid-19-sob-a-otica-da-confiabilidade\/","title":{"rendered":"Li\u00e7\u00f5es aprendidas com a pandemia do Covid-19 sob a \u00f3tica da confiabilidade"},"content":{"rendered":"<p>&nbsp;<\/p>\n<p>A palestra<strong>\u00a0Li\u00e7\u00f5es aprendidas com a pandemia do Covid-19 sob a \u00f3tica da confiabilidade <\/strong>faz parte da\u00a0<em>S\u00e9rie Webinar: Brasil p\u00f3s-crise<\/em>, uma realiza\u00e7\u00e3o do Instituto de Engenharia.<\/p>\n<p><strong>Assista \u00e0 grava\u00e7\u00e3o do evento:<\/strong><\/p>\n<p>&nbsp;<\/p>\n<p><iframe loading=\"lazy\" src=\"https:\/\/player.vimeo.com\/video\/413741819\" width=\"640\" height=\"360\" frameborder=\"0\" allowfullscreen=\"allowfullscreen\"><\/iframe><\/p>\n<p>&nbsp;<\/p>\n<p><strong>Palestrante:<\/strong><\/p>\n<p><strong>Jo\u00e3o Ricardo Lafraia<\/strong><\/p>\n<p>Graduado em Engenharia Mec\u00e2nica, MSc em Engenharia e MBA e doutorando em Administra\u00e7\u00e3o de Empresas. \u00c9 presidente do Conselho Deliberativo da Associa\u00e7\u00e3o Brasileira de Gest\u00e3o de Ativos e Manuten\u00e7\u00e3o (ABRAMAN), coordenador da ABNT\/CEE-251 Comiss\u00e3o de Estudo Especial Gest\u00e3o de Ativos (Comiss\u00e3o Espelho do ISO\/TC251) e diretor do WPiAM (World Partners in Asset Management).<\/p>\n<p>Atualmente \u00e9 gerente geral da Petrobras na Unidade de Explora\u00e7\u00e3o e Produ\u00e7\u00e3o da Bacia de Santos, em Santos, S\u00e3o Paulo. Trabalha h\u00e1 35 anos na Petrobras, ocupando as fun\u00e7\u00f5es de engenheiro de Inspe\u00e7\u00e3o, coordenador de Confiabilidade, gerente de Engenharia, gerente de Produ\u00e7\u00e3o na Refinaria Repar e gerente geral de cinco Refinarias no Brasil. Foi gerente geral de Efici\u00eancia Operacional das Refinarias da Petrobras na sede no Rio Janeiro. \u00c9 coordenador da Comiss\u00e3o Especial de Estudo (CEE-251) da ABNT que produziu a s\u00e9rie de normas de Gest\u00e3o de Ativos NBR ISO 55.000.<\/p>\n<p>Foi presidente da ABRAMAN e fez parte do Comit\u00ea Executivo do F\u00f3rum Global de Manuten\u00e7\u00e3o e Gest\u00e3o de Ativos (GFMAM). \u00c9 autor do livros\u00a0 &#8220;Manual de Confiabilidade, Disponibilidade e Manuten\u00e7\u00e3o&#8221;, &#8220;Lideran\u00e7a para Seguran\u00e7a, Sa\u00fade e Ambiente&#8221; e co-autor do livros &#8220;Gest\u00e3o de Estrat\u00e9gia e Confiabilidade&#8221;, &#8220;Criando o Habito da Excel\u00eancia&#8221;, &#8220;Lideran\u00e7a baseada em Valores&#8221;, &#8220;Gest\u00e3o de Ativos&#8221; e &#8220;Vivendo a Gest\u00e3o de Ativos&#8221;. Em Novembro de 2013 lan\u00e7ou o livro &#8220;Living Asset Management&#8221;, publicado na l\u00edngua inglesa. Em coautoria com John Hardwick, escreveu um cap\u00edtulo do livro &#8220;The New Asset Managment Handbook \u2013 A guide to ISO 55.000&#8221;, lan\u00e7ado em 2014 e co-autor do livro &#8220;Living Asset Management Maturity&#8221;, em 2020.\u00a0 \u00c9 autor de diversos artigos e palestras sobre Excel\u00eancia na Gest\u00e3o de Ativos, Confiabilidade, Sa\u00fade, Seguran\u00e7a e Meio Ambiente. \u00c9 certificado CMPR (Certified Maintenance and Reliability Professional) pela SMRP-USA, CFAM (Certified Fellow in Asset Management) pela AMCouncil-Austr\u00e1lia e CAMA (Certified Asset Management Assessor) pelo WPiAM.<\/p>\n","protected":false},"excerpt":{"rendered":"<p>&nbsp; A palestra\u00a0Li\u00e7\u00f5es aprendidas com a pandemia do Covid-19 sob a \u00f3tica da confiabilidade faz parte da\u00a0S\u00e9rie Webinar: Brasil p\u00f3s-crise, uma realiza\u00e7\u00e3o do Instituto de Engenharia. Assista \u00e0 grava\u00e7\u00e3o do evento: &nbsp; &nbsp; Palestrante: Jo\u00e3o Ricardo Lafraia Graduado em Engenharia Mec\u00e2nica, MSc em Engenharia e MBA e doutorando em Administra\u00e7\u00e3o de Empresas. \u00c9 presidente do [&hellip;]<\/p>\n","protected":false},"author":13,"featured_media":63860,"comment_status":"open","ping_status":"open","sticky":false,"template":"","format":"standard","meta":{"footnotes":""},"categories":[968,969],"tags":[1475],"class_list":{"0":"post-63757","1":"post","2":"type-post","3":"status-publish","4":"format-standard","5":"has-post-thumbnail","7":"category-nova-tv-engenharia","8":"category-palestra","9":"tag-covid"},"yoast_head":"<!-- This site is optimized with the Yoast SEO plugin v27.2 - https:\/\/yoast.com\/product\/yoast-seo-wordpress\/ -->\n<title>Li\u00e7\u00f5es aprendidas com a pandemia do Covid-19 sob a \u00f3tica da confiabilidade - Instituto de Engenharia<\/title>\n<meta name=\"robots\" content=\"index, follow, max-snippet:-1, max-image-preview:large, max-video-preview:-1\" \/>\n<link rel=\"canonical\" href=\"https:\/\/www.institutodeengenharia.org.br\/site\/2020\/04\/29\/licoes-aprendidas-com-a-pandemia-do-covid-19-sob-a-otica-da-confiabilidade\/\" \/>\n<meta property=\"og:locale\" content=\"pt_BR\" \/>\n<meta property=\"og:type\" content=\"article\" \/>\n<meta property=\"og:title\" content=\"Li\u00e7\u00f5es aprendidas com a pandemia do Covid-19 sob a \u00f3tica da confiabilidade - Instituto de Engenharia\" \/>\n<meta property=\"og:description\" content=\"&nbsp; A palestra\u00a0Li\u00e7\u00f5es aprendidas com a pandemia do Covid-19 sob a \u00f3tica da confiabilidade faz parte da\u00a0S\u00e9rie Webinar: Brasil p\u00f3s-crise, uma realiza\u00e7\u00e3o do Instituto de Engenharia. Assista \u00e0 grava\u00e7\u00e3o do evento: &nbsp; &nbsp; Palestrante: Jo\u00e3o Ricardo Lafraia Graduado em Engenharia Mec\u00e2nica, MSc em Engenharia e MBA e doutorando em Administra\u00e7\u00e3o de Empresas. \u00c9 presidente do [&hellip;]\" \/>\n<meta property=\"og:url\" content=\"https:\/\/www.institutodeengenharia.org.br\/site\/2020\/04\/29\/licoes-aprendidas-com-a-pandemia-do-covid-19-sob-a-otica-da-confiabilidade\/\" \/>\n<meta property=\"og:site_name\" content=\"Instituto de Engenharia\" \/>\n<meta property=\"article:publisher\" content=\"https:\/\/www.facebook.com\/institutodeengenharia\" \/>\n<meta property=\"article:published_time\" content=\"2020-04-29T17:39:21+00:00\" \/>\n<meta property=\"article:modified_time\" content=\"2023-01-09T14:14:52+00:00\" \/>\n<meta property=\"og:image\" content=\"https:\/\/www.institutodeengenharia.org.br\/site\/wp-content\/uploads\/2020\/04\/li\u00e7\u00f5es.jpg\" \/>\n\t<meta property=\"og:image:width\" content=\"1034\" \/>\n\t<meta property=\"og:image:height\" content=\"646\" \/>\n\t<meta property=\"og:image:type\" content=\"image\/jpeg\" \/>\n<meta name=\"author\" content=\"Bianca\" \/>\n<meta name=\"twitter:card\" content=\"summary_large_image\" \/>\n<meta name=\"twitter:creator\" content=\"@iengenharia\" \/>\n<meta name=\"twitter:site\" content=\"@iengenharia\" \/>\n<meta name=\"twitter:label1\" content=\"Escrito por\" \/>\n\t<meta name=\"twitter:data1\" content=\"Bianca\" \/>\n\t<meta name=\"twitter:label2\" content=\"Est. tempo de leitura\" \/>\n\t<meta name=\"twitter:data2\" content=\"2 minutos\" \/>\n<script type=\"application\/ld+json\" class=\"yoast-schema-graph\">{\"@context\":\"https:\/\/schema.org\",\"@graph\":[{\"@type\":\"Article\",\"@id\":\"https:\/\/www.institutodeengenharia.org.br\/site\/2020\/04\/29\/licoes-aprendidas-com-a-pandemia-do-covid-19-sob-a-otica-da-confiabilidade\/#article\",\"isPartOf\":{\"@id\":\"https:\/\/www.institutodeengenharia.org.br\/site\/2020\/04\/29\/licoes-aprendidas-com-a-pandemia-do-covid-19-sob-a-otica-da-confiabilidade\/\"},\"author\":{\"name\":\"Bianca\",\"@id\":\"https:\/\/www.institutodeengenharia.org.br\/site\/#\/schema\/person\/aeb64951c405e100d26d30b033dd423f\"},\"headline\":\"Li\u00e7\u00f5es aprendidas com a pandemia do Covid-19 sob a \u00f3tica da confiabilidade\",\"datePublished\":\"2020-04-29T17:39:21+00:00\",\"dateModified\":\"2023-01-09T14:14:52+00:00\",\"mainEntityOfPage\":{\"@id\":\"https:\/\/www.institutodeengenharia.org.br\/site\/2020\/04\/29\/licoes-aprendidas-com-a-pandemia-do-covid-19-sob-a-otica-da-confiabilidade\/\"},\"wordCount\":386,\"commentCount\":0,\"publisher\":{\"@id\":\"https:\/\/www.institutodeengenharia.org.br\/site\/#organization\"},\"image\":{\"@id\":\"https:\/\/www.institutodeengenharia.org.br\/site\/2020\/04\/29\/licoes-aprendidas-com-a-pandemia-do-covid-19-sob-a-otica-da-confiabilidade\/#primaryimage\"},\"thumbnailUrl\":\"https:\/\/www.institutodeengenharia.org.br\/site\/wp-content\/uploads\/2020\/04\/li\u00e7\u00f5es.jpg\",\"keywords\":[\"covid\"],\"articleSection\":[\"Nova TV Engenharia\",\"Palestra\"],\"inLanguage\":\"pt-BR\",\"potentialAction\":[{\"@type\":\"CommentAction\",\"name\":\"Comment\",\"target\":[\"https:\/\/www.institutodeengenharia.org.br\/site\/2020\/04\/29\/licoes-aprendidas-com-a-pandemia-do-covid-19-sob-a-otica-da-confiabilidade\/#respond\"]}]},{\"@type\":\"WebPage\",\"@id\":\"https:\/\/www.institutodeengenharia.org.br\/site\/2020\/04\/29\/licoes-aprendidas-com-a-pandemia-do-covid-19-sob-a-otica-da-confiabilidade\/\",\"url\":\"https:\/\/www.institutodeengenharia.org.br\/site\/2020\/04\/29\/licoes-aprendidas-com-a-pandemia-do-covid-19-sob-a-otica-da-confiabilidade\/\",\"name\":\"Li\u00e7\u00f5es aprendidas com a pandemia do Covid-19 sob a \u00f3tica da confiabilidade - Instituto de Engenharia\",\"isPartOf\":{\"@id\":\"https:\/\/www.institutodeengenharia.org.br\/site\/#website\"},\"primaryImageOfPage\":{\"@id\":\"https:\/\/www.institutodeengenharia.org.br\/site\/2020\/04\/29\/licoes-aprendidas-com-a-pandemia-do-covid-19-sob-a-otica-da-confiabilidade\/#primaryimage\"},\"image\":{\"@id\":\"https:\/\/www.institutodeengenharia.org.br\/site\/2020\/04\/29\/licoes-aprendidas-com-a-pandemia-do-covid-19-sob-a-otica-da-confiabilidade\/#primaryimage\"},\"thumbnailUrl\":\"https:\/\/www.institutodeengenharia.org.br\/site\/wp-content\/uploads\/2020\/04\/li\u00e7\u00f5es.jpg\",\"datePublished\":\"2020-04-29T17:39:21+00:00\",\"dateModified\":\"2023-01-09T14:14:52+00:00\",\"breadcrumb\":{\"@id\":\"https:\/\/www.institutodeengenharia.org.br\/site\/2020\/04\/29\/licoes-aprendidas-com-a-pandemia-do-covid-19-sob-a-otica-da-confiabilidade\/#breadcrumb\"},\"inLanguage\":\"pt-BR\",\"potentialAction\":[{\"@type\":\"ReadAction\",\"target\":[\"https:\/\/www.institutodeengenharia.org.br\/site\/2020\/04\/29\/licoes-aprendidas-com-a-pandemia-do-covid-19-sob-a-otica-da-confiabilidade\/\"]}]},{\"@type\":\"ImageObject\",\"inLanguage\":\"pt-BR\",\"@id\":\"https:\/\/www.institutodeengenharia.org.br\/site\/2020\/04\/29\/licoes-aprendidas-com-a-pandemia-do-covid-19-sob-a-otica-da-confiabilidade\/#primaryimage\",\"url\":\"https:\/\/www.institutodeengenharia.org.br\/site\/wp-content\/uploads\/2020\/04\/li\u00e7\u00f5es.jpg\",\"contentUrl\":\"https:\/\/www.institutodeengenharia.org.br\/site\/wp-content\/uploads\/2020\/04\/li\u00e7\u00f5es.jpg\",\"width\":1034,\"height\":646},{\"@type\":\"BreadcrumbList\",\"@id\":\"https:\/\/www.institutodeengenharia.org.br\/site\/2020\/04\/29\/licoes-aprendidas-com-a-pandemia-do-covid-19-sob-a-otica-da-confiabilidade\/#breadcrumb\",\"itemListElement\":[{\"@type\":\"ListItem\",\"position\":1,\"name\":\"In\u00edcio\",\"item\":\"https:\/\/www.institutodeengenharia.org.br\/site\/\"},{\"@type\":\"ListItem\",\"position\":2,\"name\":\"Li\u00e7\u00f5es aprendidas com a pandemia do Covid-19 sob a \u00f3tica da confiabilidade\"}]},{\"@type\":\"WebSite\",\"@id\":\"https:\/\/www.institutodeengenharia.org.br\/site\/#website\",\"url\":\"https:\/\/www.institutodeengenharia.org.br\/site\/\",\"name\":\"Instituto de Engenharia\",\"description\":\"O Instituto de Engenharia promove a Engenharia em benef\u00edcio do desenvolvimento e da qualidade de vida da sociedade.\",\"publisher\":{\"@id\":\"https:\/\/www.institutodeengenharia.org.br\/site\/#organization\"},\"potentialAction\":[{\"@type\":\"SearchAction\",\"target\":{\"@type\":\"EntryPoint\",\"urlTemplate\":\"https:\/\/www.institutodeengenharia.org.br\/site\/?s={search_term_string}\"},\"query-input\":{\"@type\":\"PropertyValueSpecification\",\"valueRequired\":true,\"valueName\":\"search_term_string\"}}],\"inLanguage\":\"pt-BR\"},{\"@type\":\"Organization\",\"@id\":\"https:\/\/www.institutodeengenharia.org.br\/site\/#organization\",\"name\":\"Instituto de Engenharia\",\"url\":\"https:\/\/www.institutodeengenharia.org.br\/site\/\",\"logo\":{\"@type\":\"ImageObject\",\"inLanguage\":\"pt-BR\",\"@id\":\"https:\/\/www.institutodeengenharia.org.br\/site\/#\/schema\/logo\/image\/\",\"url\":\"https:\/\/www.institutodeengenharia.org.br\/site\/wp-content\/uploads\/2019\/03\/logo-novo-IE2018-1.jpg\",\"contentUrl\":\"https:\/\/www.institutodeengenharia.org.br\/site\/wp-content\/uploads\/2019\/03\/logo-novo-IE2018-1.jpg\",\"width\":1486,\"height\":1879,\"caption\":\"Instituto de Engenharia\"},\"image\":{\"@id\":\"https:\/\/www.institutodeengenharia.org.br\/site\/#\/schema\/logo\/image\/\"},\"sameAs\":[\"https:\/\/www.facebook.com\/institutodeengenharia\",\"https:\/\/x.com\/iengenharia\",\"https:\/\/www.instagram.com\/institutodeengenharia\/\",\"https:\/\/www.linkedin.com\/company\/instituto-de-engenharia\/\",\"https:\/\/www.youtube.com\/channel\/UCXiCAlsSMe977vamW915HxA\"]},{\"@type\":\"Person\",\"@id\":\"https:\/\/www.institutodeengenharia.org.br\/site\/#\/schema\/person\/aeb64951c405e100d26d30b033dd423f\",\"name\":\"Bianca\",\"image\":{\"@type\":\"ImageObject\",\"inLanguage\":\"pt-BR\",\"@id\":\"https:\/\/secure.gravatar.com\/avatar\/a6fbe9bff57405baf4c1e2c5c1811e072b558253974a9f9508f4678900c97c2a?s=96&d=mm&r=g\",\"url\":\"https:\/\/secure.gravatar.com\/avatar\/a6fbe9bff57405baf4c1e2c5c1811e072b558253974a9f9508f4678900c97c2a?s=96&d=mm&r=g\",\"contentUrl\":\"https:\/\/secure.gravatar.com\/avatar\/a6fbe9bff57405baf4c1e2c5c1811e072b558253974a9f9508f4678900c97c2a?s=96&d=mm&r=g\",\"caption\":\"Bianca\"},\"url\":\"https:\/\/www.institutodeengenharia.org.br\/site\/author\/comunicacao1\/\"}]}<\/script>\n<!-- \/ Yoast SEO plugin. -->","yoast_head_json":{"title":"Li\u00e7\u00f5es aprendidas com a pandemia do Covid-19 sob a \u00f3tica da confiabilidade - Instituto de Engenharia","robots":{"index":"index","follow":"follow","max-snippet":"max-snippet:-1","max-image-preview":"max-image-preview:large","max-video-preview":"max-video-preview:-1"},"canonical":"https:\/\/www.institutodeengenharia.org.br\/site\/2020\/04\/29\/licoes-aprendidas-com-a-pandemia-do-covid-19-sob-a-otica-da-confiabilidade\/","og_locale":"pt_BR","og_type":"article","og_title":"Li\u00e7\u00f5es aprendidas com a pandemia do Covid-19 sob a \u00f3tica da confiabilidade - Instituto de Engenharia","og_description":"&nbsp; A palestra\u00a0Li\u00e7\u00f5es aprendidas com a pandemia do Covid-19 sob a \u00f3tica da confiabilidade faz parte da\u00a0S\u00e9rie Webinar: Brasil p\u00f3s-crise, uma realiza\u00e7\u00e3o do Instituto de Engenharia. Assista \u00e0 grava\u00e7\u00e3o do evento: &nbsp; &nbsp; Palestrante: Jo\u00e3o Ricardo Lafraia Graduado em Engenharia Mec\u00e2nica, MSc em Engenharia e MBA e doutorando em Administra\u00e7\u00e3o de Empresas. \u00c9 presidente do [&hellip;]","og_url":"https:\/\/www.institutodeengenharia.org.br\/site\/2020\/04\/29\/licoes-aprendidas-com-a-pandemia-do-covid-19-sob-a-otica-da-confiabilidade\/","og_site_name":"Instituto de Engenharia","article_publisher":"https:\/\/www.facebook.com\/institutodeengenharia","article_published_time":"2020-04-29T17:39:21+00:00","article_modified_time":"2023-01-09T14:14:52+00:00","og_image":[{"width":1034,"height":646,"url":"https:\/\/www.institutodeengenharia.org.br\/site\/wp-content\/uploads\/2020\/04\/li\u00e7\u00f5es.jpg","type":"image\/jpeg"}],"author":"Bianca","twitter_card":"summary_large_image","twitter_creator":"@iengenharia","twitter_site":"@iengenharia","twitter_misc":{"Escrito por":"Bianca","Est. tempo de leitura":"2 minutos"},"schema":{"@context":"https:\/\/schema.org","@graph":[{"@type":"Article","@id":"https:\/\/www.institutodeengenharia.org.br\/site\/2020\/04\/29\/licoes-aprendidas-com-a-pandemia-do-covid-19-sob-a-otica-da-confiabilidade\/#article","isPartOf":{"@id":"https:\/\/www.institutodeengenharia.org.br\/site\/2020\/04\/29\/licoes-aprendidas-com-a-pandemia-do-covid-19-sob-a-otica-da-confiabilidade\/"},"author":{"name":"Bianca","@id":"https:\/\/www.institutodeengenharia.org.br\/site\/#\/schema\/person\/aeb64951c405e100d26d30b033dd423f"},"headline":"Li\u00e7\u00f5es aprendidas com a pandemia do Covid-19 sob a \u00f3tica da confiabilidade","datePublished":"2020-04-29T17:39:21+00:00","dateModified":"2023-01-09T14:14:52+00:00","mainEntityOfPage":{"@id":"https:\/\/www.institutodeengenharia.org.br\/site\/2020\/04\/29\/licoes-aprendidas-com-a-pandemia-do-covid-19-sob-a-otica-da-confiabilidade\/"},"wordCount":386,"commentCount":0,"publisher":{"@id":"https:\/\/www.institutodeengenharia.org.br\/site\/#organization"},"image":{"@id":"https:\/\/www.institutodeengenharia.org.br\/site\/2020\/04\/29\/licoes-aprendidas-com-a-pandemia-do-covid-19-sob-a-otica-da-confiabilidade\/#primaryimage"},"thumbnailUrl":"https:\/\/www.institutodeengenharia.org.br\/site\/wp-content\/uploads\/2020\/04\/li\u00e7\u00f5es.jpg","keywords":["covid"],"articleSection":["Nova TV Engenharia","Palestra"],"inLanguage":"pt-BR","potentialAction":[{"@type":"CommentAction","name":"Comment","target":["https:\/\/www.institutodeengenharia.org.br\/site\/2020\/04\/29\/licoes-aprendidas-com-a-pandemia-do-covid-19-sob-a-otica-da-confiabilidade\/#respond"]}]},{"@type":"WebPage","@id":"https:\/\/www.institutodeengenharia.org.br\/site\/2020\/04\/29\/licoes-aprendidas-com-a-pandemia-do-covid-19-sob-a-otica-da-confiabilidade\/","url":"https:\/\/www.institutodeengenharia.org.br\/site\/2020\/04\/29\/licoes-aprendidas-com-a-pandemia-do-covid-19-sob-a-otica-da-confiabilidade\/","name":"Li\u00e7\u00f5es aprendidas com a pandemia do Covid-19 sob a \u00f3tica da confiabilidade - Instituto de Engenharia","isPartOf":{"@id":"https:\/\/www.institutodeengenharia.org.br\/site\/#website"},"primaryImageOfPage":{"@id":"https:\/\/www.institutodeengenharia.org.br\/site\/2020\/04\/29\/licoes-aprendidas-com-a-pandemia-do-covid-19-sob-a-otica-da-confiabilidade\/#primaryimage"},"image":{"@id":"https:\/\/www.institutodeengenharia.org.br\/site\/2020\/04\/29\/licoes-aprendidas-com-a-pandemia-do-covid-19-sob-a-otica-da-confiabilidade\/#primaryimage"},"thumbnailUrl":"https:\/\/www.institutodeengenharia.org.br\/site\/wp-content\/uploads\/2020\/04\/li\u00e7\u00f5es.jpg","datePublished":"2020-04-29T17:39:21+00:00","dateModified":"2023-01-09T14:14:52+00:00","breadcrumb":{"@id":"https:\/\/www.institutodeengenharia.org.br\/site\/2020\/04\/29\/licoes-aprendidas-com-a-pandemia-do-covid-19-sob-a-otica-da-confiabilidade\/#breadcrumb"},"inLanguage":"pt-BR","potentialAction":[{"@type":"ReadAction","target":["https:\/\/www.institutodeengenharia.org.br\/site\/2020\/04\/29\/licoes-aprendidas-com-a-pandemia-do-covid-19-sob-a-otica-da-confiabilidade\/"]}]},{"@type":"ImageObject","inLanguage":"pt-BR","@id":"https:\/\/www.institutodeengenharia.org.br\/site\/2020\/04\/29\/licoes-aprendidas-com-a-pandemia-do-covid-19-sob-a-otica-da-confiabilidade\/#primaryimage","url":"https:\/\/www.institutodeengenharia.org.br\/site\/wp-content\/uploads\/2020\/04\/li\u00e7\u00f5es.jpg","contentUrl":"https:\/\/www.institutodeengenharia.org.br\/site\/wp-content\/uploads\/2020\/04\/li\u00e7\u00f5es.jpg","width":1034,"height":646},{"@type":"BreadcrumbList","@id":"https:\/\/www.institutodeengenharia.org.br\/site\/2020\/04\/29\/licoes-aprendidas-com-a-pandemia-do-covid-19-sob-a-otica-da-confiabilidade\/#breadcrumb","itemListElement":[{"@type":"ListItem","position":1,"name":"In\u00edcio","item":"https:\/\/www.institutodeengenharia.org.br\/site\/"},{"@type":"ListItem","position":2,"name":"Li\u00e7\u00f5es aprendidas com a pandemia do Covid-19 sob a \u00f3tica da confiabilidade"}]},{"@type":"WebSite","@id":"https:\/\/www.institutodeengenharia.org.br\/site\/#website","url":"https:\/\/www.institutodeengenharia.org.br\/site\/","name":"Instituto de Engenharia","description":"O Instituto de Engenharia promove a Engenharia em benef\u00edcio do desenvolvimento e da qualidade de vida da sociedade.","publisher":{"@id":"https:\/\/www.institutodeengenharia.org.br\/site\/#organization"},"potentialAction":[{"@type":"SearchAction","target":{"@type":"EntryPoint","urlTemplate":"https:\/\/www.institutodeengenharia.org.br\/site\/?s={search_term_string}"},"query-input":{"@type":"PropertyValueSpecification","valueRequired":true,"valueName":"search_term_string"}}],"inLanguage":"pt-BR"},{"@type":"Organization","@id":"https:\/\/www.institutodeengenharia.org.br\/site\/#organization","name":"Instituto de Engenharia","url":"https:\/\/www.institutodeengenharia.org.br\/site\/","logo":{"@type":"ImageObject","inLanguage":"pt-BR","@id":"https:\/\/www.institutodeengenharia.org.br\/site\/#\/schema\/logo\/image\/","url":"https:\/\/www.institutodeengenharia.org.br\/site\/wp-content\/uploads\/2019\/03\/logo-novo-IE2018-1.jpg","contentUrl":"https:\/\/www.institutodeengenharia.org.br\/site\/wp-content\/uploads\/2019\/03\/logo-novo-IE2018-1.jpg","width":1486,"height":1879,"caption":"Instituto de Engenharia"},"image":{"@id":"https:\/\/www.institutodeengenharia.org.br\/site\/#\/schema\/logo\/image\/"},"sameAs":["https:\/\/www.facebook.com\/institutodeengenharia","https:\/\/x.com\/iengenharia","https:\/\/www.instagram.com\/institutodeengenharia\/","https:\/\/www.linkedin.com\/company\/instituto-de-engenharia\/","https:\/\/www.youtube.com\/channel\/UCXiCAlsSMe977vamW915HxA"]},{"@type":"Person","@id":"https:\/\/www.institutodeengenharia.org.br\/site\/#\/schema\/person\/aeb64951c405e100d26d30b033dd423f","name":"Bianca","image":{"@type":"ImageObject","inLanguage":"pt-BR","@id":"https:\/\/secure.gravatar.com\/avatar\/a6fbe9bff57405baf4c1e2c5c1811e072b558253974a9f9508f4678900c97c2a?s=96&d=mm&r=g","url":"https:\/\/secure.gravatar.com\/avatar\/a6fbe9bff57405baf4c1e2c5c1811e072b558253974a9f9508f4678900c97c2a?s=96&d=mm&r=g","contentUrl":"https:\/\/secure.gravatar.com\/avatar\/a6fbe9bff57405baf4c1e2c5c1811e072b558253974a9f9508f4678900c97c2a?s=96&d=mm&r=g","caption":"Bianca"},"url":"https:\/\/www.institutodeengenharia.org.br\/site\/author\/comunicacao1\/"}]}},"_links":{"self":[{"href":"https:\/\/www.institutodeengenharia.org.br\/site\/wp-json\/wp\/v2\/posts\/63757","targetHints":{"allow":["GET"]}}],"collection":[{"href":"https:\/\/www.institutodeengenharia.org.br\/site\/wp-json\/wp\/v2\/posts"}],"about":[{"href":"https:\/\/www.institutodeengenharia.org.br\/site\/wp-json\/wp\/v2\/types\/post"}],"author":[{"embeddable":true,"href":"https:\/\/www.institutodeengenharia.org.br\/site\/wp-json\/wp\/v2\/users\/13"}],"replies":[{"embeddable":true,"href":"https:\/\/www.institutodeengenharia.org.br\/site\/wp-json\/wp\/v2\/comments?post=63757"}],"version-history":[{"count":1,"href":"https:\/\/www.institutodeengenharia.org.br\/site\/wp-json\/wp\/v2\/posts\/63757\/revisions"}],"predecessor-version":[{"id":63758,"href":"https:\/\/www.institutodeengenharia.org.br\/site\/wp-json\/wp\/v2\/posts\/63757\/revisions\/63758"}],"wp:featuredmedia":[{"embeddable":true,"href":"https:\/\/www.institutodeengenharia.org.br\/site\/wp-json\/wp\/v2\/media\/63860"}],"wp:attachment":[{"href":"https:\/\/www.institutodeengenharia.org.br\/site\/wp-json\/wp\/v2\/media?parent=63757"}],"wp:term":[{"taxonomy":"category","embeddable":true,"href":"https:\/\/www.institutodeengenharia.org.br\/site\/wp-json\/wp\/v2\/categories?post=63757"},{"taxonomy":"post_tag","embeddable":true,"href":"https:\/\/www.institutodeengenharia.org.br\/site\/wp-json\/wp\/v2\/tags?post=63757"}],"curies":[{"name":"wp","href":"https:\/\/api.w.org\/{rel}","templated":true}]}}