{"id":63612,"date":"2020-04-29T10:24:43","date_gmt":"2020-04-29T13:24:43","guid":{"rendered":"https:\/\/www.institutodeengenharia.org.br\/site\/?p=63612"},"modified":"2021-08-31T10:59:19","modified_gmt":"2021-08-31T13:59:19","slug":"educacao-e-pesquisa-universitaria-desafios-na-crise","status":"publish","type":"post","link":"https:\/\/www.institutodeengenharia.org.br\/site\/2020\/04\/29\/educacao-e-pesquisa-universitaria-desafios-na-crise\/","title":{"rendered":"Educa\u00e7\u00e3o e pesquisa universit\u00e1ria: Desafios na crise"},"content":{"rendered":"<p>&nbsp;<\/p>\n<p>A palestra<strong>\u00a0Educa\u00e7\u00e3o e pesquisa universit\u00e1ria: Desafios na crise <\/strong>faz parte da <em>S\u00e9rie Webinar: Brasil p\u00f3s-crise<\/em>, uma realiza\u00e7\u00e3o do Instituto de Engenharia.<\/p>\n<p><strong>Assista \u00e0 grava\u00e7\u00e3o do evento:<\/strong><\/p>\n<p>&nbsp;<\/p>\n<p><iframe loading=\"lazy\" src=\"https:\/\/player.vimeo.com\/video\/413444307\" width=\"640\" height=\"360\" frameborder=\"0\" allowfullscreen=\"allowfullscreen\"><\/iframe><\/p>\n<p>&nbsp;<\/p>\n<p><strong>Palestrante:<\/strong><\/p>\n<p><strong>Prof. Dr. Vahan Agopyan<\/strong><\/p>\n<p>Possui gradua\u00e7\u00e3o pela EPUSP em Engenharia Civil, \u00e9 mestre\u00a0em\u00a0Engenharia Urbana\u00a0e de Constru\u00e7\u00f5es Civis pela mesma faculdade e possui Ph.D em Engenharia Civil pela King&#8217;s College London. \u00c9 livre docente em Materiais e Componentes de Constru\u00e7\u00e3o Civil e professor titular em Materiais e Componentes de Constru\u00e7\u00e3o Civil, ambas pela EPUSP. Atualmente \u00e9 reitor da Universidade de S\u00e3o Paulo (USP), coordenador de Ci\u00eancia, Tecnologia e Inova\u00e7\u00e3o da Secretaria de Desenvolvimento do Estado de S\u00e3o Paulo, membro da Coordena\u00e7\u00e3o de Engenharias da FAPESP e membro-convidado do Comit\u00ea Assessor de Engenharia Civil do CNPq.<\/p>\n<p>Foi diretor e vice-diretor da Escola Polit\u00e9cnica da USP e chefe do Departamento de Engenharia de Constru\u00e7\u00e3o Civil da mesma faculdade. Foi presidente do Comit\u00ea Brasileiro da Constru\u00e7\u00e3o Civil (COBRACON) da ABNT, vice-presidente do Conselho do ITQC \u2013 Instituto Brasileiro de Tecnologia e Qualidade da Constru\u00e7\u00e3o Civil, membro do Conselho de Orienta\u00e7\u00e3o do IPT \u2013 Instituto de Pesquisas Tecnol\u00f3gicas do Estado de S\u00e3o Paulo, como representante da EP, membro do Conselho Diretor do Instituto Mau\u00e1 de Tecnologia, como representante do Governo do Estado, membro do Conselho Diretivo da Associa\u00e7\u00e3o Brasileira de Normas T\u00e9cnicas (ABNT), como representante do seu Conselho T\u00e9cnico, editor de Ambiente Constru\u00eddo, revista da ANTAC, desde 96 e membro do conselho editorial da revista Cement and Concrete Composites, Elsevier, presidente do Centro de Engenharia Civil e Ambiental (CEC) da Escola Polit\u00e9cnica da USP, coordenador-adjunto de Engenharia I da\u00a0CAPES, membro de todas as Comiss\u00f5es de Avalia\u00e7\u00e3o dos programas de p\u00f3s-gradua\u00e7\u00e3o em Engenharia Civil, coordenador de Engenharia I da CAPES, membro do Conselho T\u00e9cnico Cient\u00edfico da CAPES, e seu representante no Conselho Superior da ag\u00eancia, no mesmo per\u00edodo, presidente do Conselho de Pesquisa, Cultura e Extens\u00e3o Universit\u00e1ria da EPUSP, seu representante no Conselho de Pesquisa da USP e membro do Conselho do Fundo de Pesquisa da USP, membro da Comiss\u00e3o de Manuten\u00e7\u00e3o da USP e Eminente Engenheiro do Ano\u00a02004 do\u00a0Instituto de Engenharia.<\/p>\n","protected":false},"excerpt":{"rendered":"<p>&nbsp; A palestra\u00a0Educa\u00e7\u00e3o e pesquisa universit\u00e1ria: Desafios na crise faz parte da S\u00e9rie Webinar: Brasil p\u00f3s-crise, uma realiza\u00e7\u00e3o do Instituto de Engenharia. Assista \u00e0 grava\u00e7\u00e3o do evento: &nbsp; &nbsp; Palestrante: Prof. Dr. Vahan Agopyan Possui gradua\u00e7\u00e3o pela EPUSP em Engenharia Civil, \u00e9 mestre\u00a0em\u00a0Engenharia Urbana\u00a0e de Constru\u00e7\u00f5es Civis pela mesma faculdade e possui Ph.D em Engenharia [&hellip;]<\/p>\n","protected":false},"author":13,"featured_media":63857,"comment_status":"open","ping_status":"open","sticky":false,"template":"","format":"standard","meta":{"footnotes":""},"categories":[969],"tags":[],"class_list":{"0":"post-63612","1":"post","2":"type-post","3":"status-publish","4":"format-standard","5":"has-post-thumbnail","7":"category-palestra"},"yoast_head":"<!-- This site is optimized with the Yoast SEO plugin v27.2 - https:\/\/yoast.com\/product\/yoast-seo-wordpress\/ -->\n<title>Educa\u00e7\u00e3o e pesquisa universit\u00e1ria: Desafios na crise - Instituto de Engenharia<\/title>\n<meta name=\"description\" content=\"aulas durante a pandemia, aulas na pandemia, ensino a distancia na pandemia, ensino h\u00edbrido na pandemia, volta as aulas pos pandemia\" \/>\n<meta name=\"robots\" content=\"index, follow, max-snippet:-1, max-image-preview:large, max-video-preview:-1\" \/>\n<link rel=\"canonical\" href=\"https:\/\/www.institutodeengenharia.org.br\/site\/2020\/04\/29\/educacao-e-pesquisa-universitaria-desafios-na-crise\/\" \/>\n<meta property=\"og:locale\" content=\"pt_BR\" \/>\n<meta property=\"og:type\" content=\"article\" \/>\n<meta property=\"og:title\" content=\"Educa\u00e7\u00e3o e pesquisa universit\u00e1ria: Desafios na crise - Instituto de Engenharia\" \/>\n<meta property=\"og:description\" content=\"aulas durante a pandemia, aulas na pandemia, ensino a distancia na pandemia, ensino h\u00edbrido na pandemia, volta as aulas pos pandemia\" \/>\n<meta property=\"og:url\" content=\"https:\/\/www.institutodeengenharia.org.br\/site\/2020\/04\/29\/educacao-e-pesquisa-universitaria-desafios-na-crise\/\" \/>\n<meta property=\"og:site_name\" content=\"Instituto de Engenharia\" \/>\n<meta property=\"article:publisher\" content=\"https:\/\/www.facebook.com\/institutodeengenharia\" \/>\n<meta property=\"article:published_time\" content=\"2020-04-29T13:24:43+00:00\" \/>\n<meta property=\"article:modified_time\" content=\"2021-08-31T13:59:19+00:00\" \/>\n<meta property=\"og:image\" content=\"https:\/\/www.institutodeengenharia.org.br\/site\/wp-content\/uploads\/2020\/04\/educa\u00e7\u00e3o-1.jpg\" \/>\n\t<meta property=\"og:image:width\" content=\"1034\" \/>\n\t<meta property=\"og:image:height\" content=\"646\" \/>\n\t<meta property=\"og:image:type\" content=\"image\/jpeg\" \/>\n<meta name=\"author\" content=\"Bianca\" \/>\n<meta name=\"twitter:card\" content=\"summary_large_image\" \/>\n<meta name=\"twitter:creator\" content=\"@iengenharia\" \/>\n<meta name=\"twitter:site\" content=\"@iengenharia\" \/>\n<meta name=\"twitter:label1\" content=\"Escrito por\" \/>\n\t<meta name=\"twitter:data1\" content=\"Bianca\" \/>\n\t<meta name=\"twitter:label2\" content=\"Est. tempo de leitura\" \/>\n\t<meta name=\"twitter:data2\" content=\"2 minutos\" \/>\n<script type=\"application\/ld+json\" class=\"yoast-schema-graph\">{\"@context\":\"https:\/\/schema.org\",\"@graph\":[{\"@type\":\"Article\",\"@id\":\"https:\/\/www.institutodeengenharia.org.br\/site\/2020\/04\/29\/educacao-e-pesquisa-universitaria-desafios-na-crise\/#article\",\"isPartOf\":{\"@id\":\"https:\/\/www.institutodeengenharia.org.br\/site\/2020\/04\/29\/educacao-e-pesquisa-universitaria-desafios-na-crise\/\"},\"author\":{\"name\":\"Bianca\",\"@id\":\"https:\/\/www.institutodeengenharia.org.br\/site\/#\/schema\/person\/aeb64951c405e100d26d30b033dd423f\"},\"headline\":\"Educa\u00e7\u00e3o e pesquisa universit\u00e1ria: Desafios na crise\",\"datePublished\":\"2020-04-29T13:24:43+00:00\",\"dateModified\":\"2021-08-31T13:59:19+00:00\",\"mainEntityOfPage\":{\"@id\":\"https:\/\/www.institutodeengenharia.org.br\/site\/2020\/04\/29\/educacao-e-pesquisa-universitaria-desafios-na-crise\/\"},\"wordCount\":395,\"commentCount\":0,\"publisher\":{\"@id\":\"https:\/\/www.institutodeengenharia.org.br\/site\/#organization\"},\"image\":{\"@id\":\"https:\/\/www.institutodeengenharia.org.br\/site\/2020\/04\/29\/educacao-e-pesquisa-universitaria-desafios-na-crise\/#primaryimage\"},\"thumbnailUrl\":\"https:\/\/www.institutodeengenharia.org.br\/site\/wp-content\/uploads\/2020\/04\/educa\u00e7\u00e3o-1.jpg\",\"articleSection\":[\"Palestra\"],\"inLanguage\":\"pt-BR\",\"potentialAction\":[{\"@type\":\"CommentAction\",\"name\":\"Comment\",\"target\":[\"https:\/\/www.institutodeengenharia.org.br\/site\/2020\/04\/29\/educacao-e-pesquisa-universitaria-desafios-na-crise\/#respond\"]}]},{\"@type\":\"WebPage\",\"@id\":\"https:\/\/www.institutodeengenharia.org.br\/site\/2020\/04\/29\/educacao-e-pesquisa-universitaria-desafios-na-crise\/\",\"url\":\"https:\/\/www.institutodeengenharia.org.br\/site\/2020\/04\/29\/educacao-e-pesquisa-universitaria-desafios-na-crise\/\",\"name\":\"Educa\u00e7\u00e3o e pesquisa universit\u00e1ria: Desafios na crise - Instituto de Engenharia\",\"isPartOf\":{\"@id\":\"https:\/\/www.institutodeengenharia.org.br\/site\/#website\"},\"primaryImageOfPage\":{\"@id\":\"https:\/\/www.institutodeengenharia.org.br\/site\/2020\/04\/29\/educacao-e-pesquisa-universitaria-desafios-na-crise\/#primaryimage\"},\"image\":{\"@id\":\"https:\/\/www.institutodeengenharia.org.br\/site\/2020\/04\/29\/educacao-e-pesquisa-universitaria-desafios-na-crise\/#primaryimage\"},\"thumbnailUrl\":\"https:\/\/www.institutodeengenharia.org.br\/site\/wp-content\/uploads\/2020\/04\/educa\u00e7\u00e3o-1.jpg\",\"datePublished\":\"2020-04-29T13:24:43+00:00\",\"dateModified\":\"2021-08-31T13:59:19+00:00\",\"description\":\"aulas durante a pandemia, aulas na pandemia, ensino a distancia na pandemia, ensino h\u00edbrido na pandemia, volta as aulas pos pandemia\",\"breadcrumb\":{\"@id\":\"https:\/\/www.institutodeengenharia.org.br\/site\/2020\/04\/29\/educacao-e-pesquisa-universitaria-desafios-na-crise\/#breadcrumb\"},\"inLanguage\":\"pt-BR\",\"potentialAction\":[{\"@type\":\"ReadAction\",\"target\":[\"https:\/\/www.institutodeengenharia.org.br\/site\/2020\/04\/29\/educacao-e-pesquisa-universitaria-desafios-na-crise\/\"]}]},{\"@type\":\"ImageObject\",\"inLanguage\":\"pt-BR\",\"@id\":\"https:\/\/www.institutodeengenharia.org.br\/site\/2020\/04\/29\/educacao-e-pesquisa-universitaria-desafios-na-crise\/#primaryimage\",\"url\":\"https:\/\/www.institutodeengenharia.org.br\/site\/wp-content\/uploads\/2020\/04\/educa\u00e7\u00e3o-1.jpg\",\"contentUrl\":\"https:\/\/www.institutodeengenharia.org.br\/site\/wp-content\/uploads\/2020\/04\/educa\u00e7\u00e3o-1.jpg\",\"width\":1034,\"height\":646},{\"@type\":\"BreadcrumbList\",\"@id\":\"https:\/\/www.institutodeengenharia.org.br\/site\/2020\/04\/29\/educacao-e-pesquisa-universitaria-desafios-na-crise\/#breadcrumb\",\"itemListElement\":[{\"@type\":\"ListItem\",\"position\":1,\"name\":\"In\u00edcio\",\"item\":\"https:\/\/www.institutodeengenharia.org.br\/site\/\"},{\"@type\":\"ListItem\",\"position\":2,\"name\":\"Educa\u00e7\u00e3o e pesquisa universit\u00e1ria: Desafios na crise\"}]},{\"@type\":\"WebSite\",\"@id\":\"https:\/\/www.institutodeengenharia.org.br\/site\/#website\",\"url\":\"https:\/\/www.institutodeengenharia.org.br\/site\/\",\"name\":\"Instituto de Engenharia\",\"description\":\"O Instituto de Engenharia promove a Engenharia em benef\u00edcio do desenvolvimento e da qualidade de vida da sociedade.\",\"publisher\":{\"@id\":\"https:\/\/www.institutodeengenharia.org.br\/site\/#organization\"},\"potentialAction\":[{\"@type\":\"SearchAction\",\"target\":{\"@type\":\"EntryPoint\",\"urlTemplate\":\"https:\/\/www.institutodeengenharia.org.br\/site\/?s={search_term_string}\"},\"query-input\":{\"@type\":\"PropertyValueSpecification\",\"valueRequired\":true,\"valueName\":\"search_term_string\"}}],\"inLanguage\":\"pt-BR\"},{\"@type\":\"Organization\",\"@id\":\"https:\/\/www.institutodeengenharia.org.br\/site\/#organization\",\"name\":\"Instituto de Engenharia\",\"url\":\"https:\/\/www.institutodeengenharia.org.br\/site\/\",\"logo\":{\"@type\":\"ImageObject\",\"inLanguage\":\"pt-BR\",\"@id\":\"https:\/\/www.institutodeengenharia.org.br\/site\/#\/schema\/logo\/image\/\",\"url\":\"https:\/\/www.institutodeengenharia.org.br\/site\/wp-content\/uploads\/2019\/03\/logo-novo-IE2018-1.jpg\",\"contentUrl\":\"https:\/\/www.institutodeengenharia.org.br\/site\/wp-content\/uploads\/2019\/03\/logo-novo-IE2018-1.jpg\",\"width\":1486,\"height\":1879,\"caption\":\"Instituto de Engenharia\"},\"image\":{\"@id\":\"https:\/\/www.institutodeengenharia.org.br\/site\/#\/schema\/logo\/image\/\"},\"sameAs\":[\"https:\/\/www.facebook.com\/institutodeengenharia\",\"https:\/\/x.com\/iengenharia\",\"https:\/\/www.instagram.com\/institutodeengenharia\/\",\"https:\/\/www.linkedin.com\/company\/instituto-de-engenharia\/\",\"https:\/\/www.youtube.com\/channel\/UCXiCAlsSMe977vamW915HxA\"]},{\"@type\":\"Person\",\"@id\":\"https:\/\/www.institutodeengenharia.org.br\/site\/#\/schema\/person\/aeb64951c405e100d26d30b033dd423f\",\"name\":\"Bianca\",\"image\":{\"@type\":\"ImageObject\",\"inLanguage\":\"pt-BR\",\"@id\":\"https:\/\/secure.gravatar.com\/avatar\/a6fbe9bff57405baf4c1e2c5c1811e072b558253974a9f9508f4678900c97c2a?s=96&d=mm&r=g\",\"url\":\"https:\/\/secure.gravatar.com\/avatar\/a6fbe9bff57405baf4c1e2c5c1811e072b558253974a9f9508f4678900c97c2a?s=96&d=mm&r=g\",\"contentUrl\":\"https:\/\/secure.gravatar.com\/avatar\/a6fbe9bff57405baf4c1e2c5c1811e072b558253974a9f9508f4678900c97c2a?s=96&d=mm&r=g\",\"caption\":\"Bianca\"},\"url\":\"https:\/\/www.institutodeengenharia.org.br\/site\/author\/comunicacao1\/\"}]}<\/script>\n<!-- \/ Yoast SEO plugin. -->","yoast_head_json":{"title":"Educa\u00e7\u00e3o e pesquisa universit\u00e1ria: Desafios na crise - Instituto de Engenharia","description":"aulas durante a pandemia, aulas na pandemia, ensino a distancia na pandemia, ensino h\u00edbrido na pandemia, volta as aulas pos pandemia","robots":{"index":"index","follow":"follow","max-snippet":"max-snippet:-1","max-image-preview":"max-image-preview:large","max-video-preview":"max-video-preview:-1"},"canonical":"https:\/\/www.institutodeengenharia.org.br\/site\/2020\/04\/29\/educacao-e-pesquisa-universitaria-desafios-na-crise\/","og_locale":"pt_BR","og_type":"article","og_title":"Educa\u00e7\u00e3o e pesquisa universit\u00e1ria: Desafios na crise - Instituto de Engenharia","og_description":"aulas durante a pandemia, aulas na pandemia, ensino a distancia na pandemia, ensino h\u00edbrido na pandemia, volta as aulas pos pandemia","og_url":"https:\/\/www.institutodeengenharia.org.br\/site\/2020\/04\/29\/educacao-e-pesquisa-universitaria-desafios-na-crise\/","og_site_name":"Instituto de Engenharia","article_publisher":"https:\/\/www.facebook.com\/institutodeengenharia","article_published_time":"2020-04-29T13:24:43+00:00","article_modified_time":"2021-08-31T13:59:19+00:00","og_image":[{"width":1034,"height":646,"url":"https:\/\/www.institutodeengenharia.org.br\/site\/wp-content\/uploads\/2020\/04\/educa\u00e7\u00e3o-1.jpg","type":"image\/jpeg"}],"author":"Bianca","twitter_card":"summary_large_image","twitter_creator":"@iengenharia","twitter_site":"@iengenharia","twitter_misc":{"Escrito por":"Bianca","Est. tempo de leitura":"2 minutos"},"schema":{"@context":"https:\/\/schema.org","@graph":[{"@type":"Article","@id":"https:\/\/www.institutodeengenharia.org.br\/site\/2020\/04\/29\/educacao-e-pesquisa-universitaria-desafios-na-crise\/#article","isPartOf":{"@id":"https:\/\/www.institutodeengenharia.org.br\/site\/2020\/04\/29\/educacao-e-pesquisa-universitaria-desafios-na-crise\/"},"author":{"name":"Bianca","@id":"https:\/\/www.institutodeengenharia.org.br\/site\/#\/schema\/person\/aeb64951c405e100d26d30b033dd423f"},"headline":"Educa\u00e7\u00e3o e pesquisa universit\u00e1ria: Desafios na crise","datePublished":"2020-04-29T13:24:43+00:00","dateModified":"2021-08-31T13:59:19+00:00","mainEntityOfPage":{"@id":"https:\/\/www.institutodeengenharia.org.br\/site\/2020\/04\/29\/educacao-e-pesquisa-universitaria-desafios-na-crise\/"},"wordCount":395,"commentCount":0,"publisher":{"@id":"https:\/\/www.institutodeengenharia.org.br\/site\/#organization"},"image":{"@id":"https:\/\/www.institutodeengenharia.org.br\/site\/2020\/04\/29\/educacao-e-pesquisa-universitaria-desafios-na-crise\/#primaryimage"},"thumbnailUrl":"https:\/\/www.institutodeengenharia.org.br\/site\/wp-content\/uploads\/2020\/04\/educa\u00e7\u00e3o-1.jpg","articleSection":["Palestra"],"inLanguage":"pt-BR","potentialAction":[{"@type":"CommentAction","name":"Comment","target":["https:\/\/www.institutodeengenharia.org.br\/site\/2020\/04\/29\/educacao-e-pesquisa-universitaria-desafios-na-crise\/#respond"]}]},{"@type":"WebPage","@id":"https:\/\/www.institutodeengenharia.org.br\/site\/2020\/04\/29\/educacao-e-pesquisa-universitaria-desafios-na-crise\/","url":"https:\/\/www.institutodeengenharia.org.br\/site\/2020\/04\/29\/educacao-e-pesquisa-universitaria-desafios-na-crise\/","name":"Educa\u00e7\u00e3o e pesquisa universit\u00e1ria: Desafios na crise - Instituto de Engenharia","isPartOf":{"@id":"https:\/\/www.institutodeengenharia.org.br\/site\/#website"},"primaryImageOfPage":{"@id":"https:\/\/www.institutodeengenharia.org.br\/site\/2020\/04\/29\/educacao-e-pesquisa-universitaria-desafios-na-crise\/#primaryimage"},"image":{"@id":"https:\/\/www.institutodeengenharia.org.br\/site\/2020\/04\/29\/educacao-e-pesquisa-universitaria-desafios-na-crise\/#primaryimage"},"thumbnailUrl":"https:\/\/www.institutodeengenharia.org.br\/site\/wp-content\/uploads\/2020\/04\/educa\u00e7\u00e3o-1.jpg","datePublished":"2020-04-29T13:24:43+00:00","dateModified":"2021-08-31T13:59:19+00:00","description":"aulas durante a pandemia, aulas na pandemia, ensino a distancia na pandemia, ensino h\u00edbrido na pandemia, volta as aulas pos pandemia","breadcrumb":{"@id":"https:\/\/www.institutodeengenharia.org.br\/site\/2020\/04\/29\/educacao-e-pesquisa-universitaria-desafios-na-crise\/#breadcrumb"},"inLanguage":"pt-BR","potentialAction":[{"@type":"ReadAction","target":["https:\/\/www.institutodeengenharia.org.br\/site\/2020\/04\/29\/educacao-e-pesquisa-universitaria-desafios-na-crise\/"]}]},{"@type":"ImageObject","inLanguage":"pt-BR","@id":"https:\/\/www.institutodeengenharia.org.br\/site\/2020\/04\/29\/educacao-e-pesquisa-universitaria-desafios-na-crise\/#primaryimage","url":"https:\/\/www.institutodeengenharia.org.br\/site\/wp-content\/uploads\/2020\/04\/educa\u00e7\u00e3o-1.jpg","contentUrl":"https:\/\/www.institutodeengenharia.org.br\/site\/wp-content\/uploads\/2020\/04\/educa\u00e7\u00e3o-1.jpg","width":1034,"height":646},{"@type":"BreadcrumbList","@id":"https:\/\/www.institutodeengenharia.org.br\/site\/2020\/04\/29\/educacao-e-pesquisa-universitaria-desafios-na-crise\/#breadcrumb","itemListElement":[{"@type":"ListItem","position":1,"name":"In\u00edcio","item":"https:\/\/www.institutodeengenharia.org.br\/site\/"},{"@type":"ListItem","position":2,"name":"Educa\u00e7\u00e3o e pesquisa universit\u00e1ria: Desafios na crise"}]},{"@type":"WebSite","@id":"https:\/\/www.institutodeengenharia.org.br\/site\/#website","url":"https:\/\/www.institutodeengenharia.org.br\/site\/","name":"Instituto de Engenharia","description":"O Instituto de Engenharia promove a Engenharia em benef\u00edcio do desenvolvimento e da qualidade de vida da sociedade.","publisher":{"@id":"https:\/\/www.institutodeengenharia.org.br\/site\/#organization"},"potentialAction":[{"@type":"SearchAction","target":{"@type":"EntryPoint","urlTemplate":"https:\/\/www.institutodeengenharia.org.br\/site\/?s={search_term_string}"},"query-input":{"@type":"PropertyValueSpecification","valueRequired":true,"valueName":"search_term_string"}}],"inLanguage":"pt-BR"},{"@type":"Organization","@id":"https:\/\/www.institutodeengenharia.org.br\/site\/#organization","name":"Instituto de Engenharia","url":"https:\/\/www.institutodeengenharia.org.br\/site\/","logo":{"@type":"ImageObject","inLanguage":"pt-BR","@id":"https:\/\/www.institutodeengenharia.org.br\/site\/#\/schema\/logo\/image\/","url":"https:\/\/www.institutodeengenharia.org.br\/site\/wp-content\/uploads\/2019\/03\/logo-novo-IE2018-1.jpg","contentUrl":"https:\/\/www.institutodeengenharia.org.br\/site\/wp-content\/uploads\/2019\/03\/logo-novo-IE2018-1.jpg","width":1486,"height":1879,"caption":"Instituto de Engenharia"},"image":{"@id":"https:\/\/www.institutodeengenharia.org.br\/site\/#\/schema\/logo\/image\/"},"sameAs":["https:\/\/www.facebook.com\/institutodeengenharia","https:\/\/x.com\/iengenharia","https:\/\/www.instagram.com\/institutodeengenharia\/","https:\/\/www.linkedin.com\/company\/instituto-de-engenharia\/","https:\/\/www.youtube.com\/channel\/UCXiCAlsSMe977vamW915HxA"]},{"@type":"Person","@id":"https:\/\/www.institutodeengenharia.org.br\/site\/#\/schema\/person\/aeb64951c405e100d26d30b033dd423f","name":"Bianca","image":{"@type":"ImageObject","inLanguage":"pt-BR","@id":"https:\/\/secure.gravatar.com\/avatar\/a6fbe9bff57405baf4c1e2c5c1811e072b558253974a9f9508f4678900c97c2a?s=96&d=mm&r=g","url":"https:\/\/secure.gravatar.com\/avatar\/a6fbe9bff57405baf4c1e2c5c1811e072b558253974a9f9508f4678900c97c2a?s=96&d=mm&r=g","contentUrl":"https:\/\/secure.gravatar.com\/avatar\/a6fbe9bff57405baf4c1e2c5c1811e072b558253974a9f9508f4678900c97c2a?s=96&d=mm&r=g","caption":"Bianca"},"url":"https:\/\/www.institutodeengenharia.org.br\/site\/author\/comunicacao1\/"}]}},"_links":{"self":[{"href":"https:\/\/www.institutodeengenharia.org.br\/site\/wp-json\/wp\/v2\/posts\/63612","targetHints":{"allow":["GET"]}}],"collection":[{"href":"https:\/\/www.institutodeengenharia.org.br\/site\/wp-json\/wp\/v2\/posts"}],"about":[{"href":"https:\/\/www.institutodeengenharia.org.br\/site\/wp-json\/wp\/v2\/types\/post"}],"author":[{"embeddable":true,"href":"https:\/\/www.institutodeengenharia.org.br\/site\/wp-json\/wp\/v2\/users\/13"}],"replies":[{"embeddable":true,"href":"https:\/\/www.institutodeengenharia.org.br\/site\/wp-json\/wp\/v2\/comments?post=63612"}],"version-history":[{"count":1,"href":"https:\/\/www.institutodeengenharia.org.br\/site\/wp-json\/wp\/v2\/posts\/63612\/revisions"}],"predecessor-version":[{"id":63613,"href":"https:\/\/www.institutodeengenharia.org.br\/site\/wp-json\/wp\/v2\/posts\/63612\/revisions\/63613"}],"wp:featuredmedia":[{"embeddable":true,"href":"https:\/\/www.institutodeengenharia.org.br\/site\/wp-json\/wp\/v2\/media\/63857"}],"wp:attachment":[{"href":"https:\/\/www.institutodeengenharia.org.br\/site\/wp-json\/wp\/v2\/media?parent=63612"}],"wp:term":[{"taxonomy":"category","embeddable":true,"href":"https:\/\/www.institutodeengenharia.org.br\/site\/wp-json\/wp\/v2\/categories?post=63612"},{"taxonomy":"post_tag","embeddable":true,"href":"https:\/\/www.institutodeengenharia.org.br\/site\/wp-json\/wp\/v2\/tags?post=63612"}],"curies":[{"name":"wp","href":"https:\/\/api.w.org\/{rel}","templated":true}]}}