{"id":63585,"date":"2020-04-15T14:02:45","date_gmt":"2020-04-15T17:02:45","guid":{"rendered":"https:\/\/www.institutodeengenharia.org.br\/site\/?p=63585"},"modified":"2021-08-31T11:20:17","modified_gmt":"2021-08-31T14:20:17","slug":"protecao-e-seguranca-em-epocas-de-crise","status":"publish","type":"post","link":"https:\/\/www.institutodeengenharia.org.br\/site\/2020\/04\/15\/protecao-e-seguranca-em-epocas-de-crise\/","title":{"rendered":"Prote\u00e7\u00e3o e seguran\u00e7a em \u00e9pocas de crise"},"content":{"rendered":"<p>&nbsp;<\/p>\n<p>A palestra <strong>Prote\u00e7\u00e3o e seguran\u00e7a em \u00e9pocas de crise\u00a0<\/strong>faz parte da <em>S\u00e9rie Webinar: Brasil p\u00f3s-crise<\/em>, uma realiza\u00e7\u00e3o do Instituto de Engenharia.<\/p>\n<p><strong>Assista \u00e0 grava\u00e7\u00e3o do evento:<\/strong><\/p>\n<p>&nbsp;<\/p>\n<p><iframe loading=\"lazy\" src=\"https:\/\/player.vimeo.com\/video\/409888096\" width=\"640\" height=\"360\" frameborder=\"0\" allowfullscreen=\"allowfullscreen\"><\/iframe><\/p>\n<p>&nbsp;<\/p>\n<p><strong>Palestrante:<\/strong><\/p>\n<p><strong>Cel. Miguel Lib\u00f3rio Cavalcante Neto<\/strong><\/p>\n<p>Coronel da Reserva da Pol\u00edcia Militar do Estado de S\u00e3o Paulo, com 45 anos na \u00e1rea experi\u00eancia em gest\u00e3o e desenvolvimento de projetos de seguran\u00e7a tanto no setor p\u00fablico e privado, com destaque nas \u00e1reas de consultoria e eventos internacionais. Respons\u00e1vel pelo Planejamento e Opera\u00e7\u00e3o de Prote\u00e7\u00e3o e Seguran\u00e7a para a CONMEBOL COPA AM\u00c9RICA BRASIL 2019. Consultor de Seguran\u00e7a para an\u00e1lise de riscos e prote\u00e7\u00e3o em lojas (empresa Leroy Merlin LTDA.), para an\u00e1lise de Prote\u00e7\u00e3o e Seguran\u00e7a em ag\u00eancias banc\u00e1rias (KPMG). Diretor Geral da EMFORVIGIL (2014\/2015). Gerente de Opera\u00e7\u00f5es da Seguran\u00e7a do Comit\u00ea Organizador Local (COL\/FIFA) na Copa das Confedera\u00e7\u00f5es e a Copa do Mundo de Futebol no Brasil da FIFA (2012\/2014). Consultor da ONU\/PNUD, Programa de treinamento para Chefes de Pol\u00edcia e Professores de Centros de Ensino de Seguran\u00e7a P\u00fablica Internacional, integrando 35 pa\u00edses da Am\u00e9rica Latina e Caribe (2008\u20132009). Consultor de Seguran\u00e7a da Funda\u00e7\u00e3o EZUTE para formula\u00e7\u00e3o de pol\u00edticas e estrat\u00e9gias voltadas \u00e0 seguran\u00e7a p\u00fablica e defesa civil. Membro do Grupo de Trabalho para Normatiza\u00e7\u00e3o de Seguran\u00e7a para Eventos junto \u00e0 Associa\u00e7\u00e3o Brasileira de Normas T\u00e9cnicas \u2013 ABNT. Consultor da ABDIB (Associa\u00e7\u00e3o Brasileira de Desenvolvimento e Ind\u00fastrias de Base) em seguran\u00e7a p\u00fablica sobre as cidades sede da Copa do Mundo de 2014 no Brasil, da IMBEL (Minist\u00e9rio da Defesa) para o desenvolvimento de projetos em munic\u00edpios brasileiros na estrutura municipal de seguran\u00e7a p\u00fablica. Gest\u00e3o P\u00fablica (2008) para os Governos Estaduais do Amazonas, Para\u00edba, Rio Grande do Norte e Bras\u00edlia para projetos de seguran\u00e7a p\u00fablica junto ao Governo Federal (Secretaria Nacional de Seguran\u00e7a P\u00fablica \u2013 SENASP). Secret\u00e1rio Chefe da Casa Militar e Coordenador Estadual de Defesa Civil de S\u00e3o Paulo (1988\/1992 e 2007\/2008). Gestor do Fundo Nacional de Seguran\u00e7a P\u00fablica do Governo Federal (SENASP) entre 2000\/2005, Minist\u00e9rio da Justi\u00e7a. Chefe de Gabinete do Comando Geral da Pol\u00edcia Militar do Estado de S\u00e3o Paulo (2005\/2006).<\/p>\n<p>&nbsp;<\/p>\n","protected":false},"excerpt":{"rendered":"<p>&nbsp; A palestra Prote\u00e7\u00e3o e seguran\u00e7a em \u00e9pocas de crise\u00a0faz parte da S\u00e9rie Webinar: Brasil p\u00f3s-crise, uma realiza\u00e7\u00e3o do Instituto de Engenharia. Assista \u00e0 grava\u00e7\u00e3o do evento: &nbsp; &nbsp; Palestrante: Cel. Miguel Lib\u00f3rio Cavalcante Neto Coronel da Reserva da Pol\u00edcia Militar do Estado de S\u00e3o Paulo, com 45 anos na \u00e1rea experi\u00eancia em gest\u00e3o e [&hellip;]<\/p>\n","protected":false},"author":13,"featured_media":63776,"comment_status":"open","ping_status":"open","sticky":false,"template":"","format":"standard","meta":{"footnotes":""},"categories":[969],"tags":[],"class_list":{"0":"post-63585","1":"post","2":"type-post","3":"status-publish","4":"format-standard","5":"has-post-thumbnail","7":"category-palestra"},"yoast_head":"<!-- This site is optimized with the Yoast SEO plugin v27.2 - https:\/\/yoast.com\/product\/yoast-seo-wordpress\/ -->\n<title>Prote\u00e7\u00e3o e seguran\u00e7a em \u00e9pocas de crise - Instituto de Engenharia<\/title>\n<meta name=\"description\" content=\"prote\u00e7\u00e3o e seguran\u00e7a na crise, prote\u00e7\u00e3o e seguran\u00e7a na pandemia, prote\u00e7\u00e3o, seguran\u00e7a, seguran\u00e7a na pandemia, prote\u00e7\u00e3o na pandemia\" \/>\n<meta name=\"robots\" content=\"index, follow, max-snippet:-1, max-image-preview:large, max-video-preview:-1\" \/>\n<link rel=\"canonical\" href=\"https:\/\/www.institutodeengenharia.org.br\/site\/2020\/04\/15\/protecao-e-seguranca-em-epocas-de-crise\/\" \/>\n<meta property=\"og:locale\" content=\"pt_BR\" \/>\n<meta property=\"og:type\" content=\"article\" \/>\n<meta property=\"og:title\" content=\"Prote\u00e7\u00e3o e seguran\u00e7a em \u00e9pocas de crise - Instituto de Engenharia\" \/>\n<meta property=\"og:description\" content=\"prote\u00e7\u00e3o e seguran\u00e7a na crise, prote\u00e7\u00e3o e seguran\u00e7a na pandemia, prote\u00e7\u00e3o, seguran\u00e7a, seguran\u00e7a na pandemia, prote\u00e7\u00e3o na pandemia\" \/>\n<meta property=\"og:url\" content=\"https:\/\/www.institutodeengenharia.org.br\/site\/2020\/04\/15\/protecao-e-seguranca-em-epocas-de-crise\/\" \/>\n<meta property=\"og:site_name\" content=\"Instituto de Engenharia\" \/>\n<meta property=\"article:publisher\" content=\"https:\/\/www.facebook.com\/institutodeengenharia\" \/>\n<meta property=\"article:published_time\" content=\"2020-04-15T17:02:45+00:00\" \/>\n<meta property=\"article:modified_time\" content=\"2021-08-31T14:20:17+00:00\" \/>\n<meta property=\"og:image\" content=\"https:\/\/www.institutodeengenharia.org.br\/site\/wp-content\/uploads\/2020\/04\/policia.jpg\" \/>\n\t<meta property=\"og:image:width\" content=\"1034\" \/>\n\t<meta property=\"og:image:height\" content=\"647\" \/>\n\t<meta property=\"og:image:type\" content=\"image\/jpeg\" \/>\n<meta name=\"author\" content=\"Bianca\" \/>\n<meta name=\"twitter:card\" content=\"summary_large_image\" \/>\n<meta name=\"twitter:creator\" content=\"@iengenharia\" \/>\n<meta name=\"twitter:site\" content=\"@iengenharia\" \/>\n<meta name=\"twitter:label1\" content=\"Escrito por\" \/>\n\t<meta name=\"twitter:data1\" content=\"Bianca\" \/>\n\t<meta name=\"twitter:label2\" content=\"Est. tempo de leitura\" \/>\n\t<meta name=\"twitter:data2\" content=\"2 minutos\" \/>\n<script type=\"application\/ld+json\" class=\"yoast-schema-graph\">{\"@context\":\"https:\/\/schema.org\",\"@graph\":[{\"@type\":\"Article\",\"@id\":\"https:\/\/www.institutodeengenharia.org.br\/site\/2020\/04\/15\/protecao-e-seguranca-em-epocas-de-crise\/#article\",\"isPartOf\":{\"@id\":\"https:\/\/www.institutodeengenharia.org.br\/site\/2020\/04\/15\/protecao-e-seguranca-em-epocas-de-crise\/\"},\"author\":{\"name\":\"Bianca\",\"@id\":\"https:\/\/www.institutodeengenharia.org.br\/site\/#\/schema\/person\/aeb64951c405e100d26d30b033dd423f\"},\"headline\":\"Prote\u00e7\u00e3o e seguran\u00e7a em \u00e9pocas de crise\",\"datePublished\":\"2020-04-15T17:02:45+00:00\",\"dateModified\":\"2021-08-31T14:20:17+00:00\",\"mainEntityOfPage\":{\"@id\":\"https:\/\/www.institutodeengenharia.org.br\/site\/2020\/04\/15\/protecao-e-seguranca-em-epocas-de-crise\/\"},\"wordCount\":405,\"commentCount\":0,\"publisher\":{\"@id\":\"https:\/\/www.institutodeengenharia.org.br\/site\/#organization\"},\"image\":{\"@id\":\"https:\/\/www.institutodeengenharia.org.br\/site\/2020\/04\/15\/protecao-e-seguranca-em-epocas-de-crise\/#primaryimage\"},\"thumbnailUrl\":\"https:\/\/www.institutodeengenharia.org.br\/site\/wp-content\/uploads\/2020\/04\/policia.jpg\",\"articleSection\":[\"Palestra\"],\"inLanguage\":\"pt-BR\",\"potentialAction\":[{\"@type\":\"CommentAction\",\"name\":\"Comment\",\"target\":[\"https:\/\/www.institutodeengenharia.org.br\/site\/2020\/04\/15\/protecao-e-seguranca-em-epocas-de-crise\/#respond\"]}]},{\"@type\":\"WebPage\",\"@id\":\"https:\/\/www.institutodeengenharia.org.br\/site\/2020\/04\/15\/protecao-e-seguranca-em-epocas-de-crise\/\",\"url\":\"https:\/\/www.institutodeengenharia.org.br\/site\/2020\/04\/15\/protecao-e-seguranca-em-epocas-de-crise\/\",\"name\":\"Prote\u00e7\u00e3o e seguran\u00e7a em \u00e9pocas de crise - Instituto de Engenharia\",\"isPartOf\":{\"@id\":\"https:\/\/www.institutodeengenharia.org.br\/site\/#website\"},\"primaryImageOfPage\":{\"@id\":\"https:\/\/www.institutodeengenharia.org.br\/site\/2020\/04\/15\/protecao-e-seguranca-em-epocas-de-crise\/#primaryimage\"},\"image\":{\"@id\":\"https:\/\/www.institutodeengenharia.org.br\/site\/2020\/04\/15\/protecao-e-seguranca-em-epocas-de-crise\/#primaryimage\"},\"thumbnailUrl\":\"https:\/\/www.institutodeengenharia.org.br\/site\/wp-content\/uploads\/2020\/04\/policia.jpg\",\"datePublished\":\"2020-04-15T17:02:45+00:00\",\"dateModified\":\"2021-08-31T14:20:17+00:00\",\"description\":\"prote\u00e7\u00e3o e seguran\u00e7a na crise, prote\u00e7\u00e3o e seguran\u00e7a na pandemia, prote\u00e7\u00e3o, seguran\u00e7a, seguran\u00e7a na pandemia, prote\u00e7\u00e3o na pandemia\",\"breadcrumb\":{\"@id\":\"https:\/\/www.institutodeengenharia.org.br\/site\/2020\/04\/15\/protecao-e-seguranca-em-epocas-de-crise\/#breadcrumb\"},\"inLanguage\":\"pt-BR\",\"potentialAction\":[{\"@type\":\"ReadAction\",\"target\":[\"https:\/\/www.institutodeengenharia.org.br\/site\/2020\/04\/15\/protecao-e-seguranca-em-epocas-de-crise\/\"]}]},{\"@type\":\"ImageObject\",\"inLanguage\":\"pt-BR\",\"@id\":\"https:\/\/www.institutodeengenharia.org.br\/site\/2020\/04\/15\/protecao-e-seguranca-em-epocas-de-crise\/#primaryimage\",\"url\":\"https:\/\/www.institutodeengenharia.org.br\/site\/wp-content\/uploads\/2020\/04\/policia.jpg\",\"contentUrl\":\"https:\/\/www.institutodeengenharia.org.br\/site\/wp-content\/uploads\/2020\/04\/policia.jpg\",\"width\":1034,\"height\":647},{\"@type\":\"BreadcrumbList\",\"@id\":\"https:\/\/www.institutodeengenharia.org.br\/site\/2020\/04\/15\/protecao-e-seguranca-em-epocas-de-crise\/#breadcrumb\",\"itemListElement\":[{\"@type\":\"ListItem\",\"position\":1,\"name\":\"In\u00edcio\",\"item\":\"https:\/\/www.institutodeengenharia.org.br\/site\/\"},{\"@type\":\"ListItem\",\"position\":2,\"name\":\"Prote\u00e7\u00e3o e seguran\u00e7a em \u00e9pocas de crise\"}]},{\"@type\":\"WebSite\",\"@id\":\"https:\/\/www.institutodeengenharia.org.br\/site\/#website\",\"url\":\"https:\/\/www.institutodeengenharia.org.br\/site\/\",\"name\":\"Instituto de Engenharia\",\"description\":\"O Instituto de Engenharia promove a Engenharia em benef\u00edcio do desenvolvimento e da qualidade de vida da sociedade.\",\"publisher\":{\"@id\":\"https:\/\/www.institutodeengenharia.org.br\/site\/#organization\"},\"potentialAction\":[{\"@type\":\"SearchAction\",\"target\":{\"@type\":\"EntryPoint\",\"urlTemplate\":\"https:\/\/www.institutodeengenharia.org.br\/site\/?s={search_term_string}\"},\"query-input\":{\"@type\":\"PropertyValueSpecification\",\"valueRequired\":true,\"valueName\":\"search_term_string\"}}],\"inLanguage\":\"pt-BR\"},{\"@type\":\"Organization\",\"@id\":\"https:\/\/www.institutodeengenharia.org.br\/site\/#organization\",\"name\":\"Instituto de Engenharia\",\"url\":\"https:\/\/www.institutodeengenharia.org.br\/site\/\",\"logo\":{\"@type\":\"ImageObject\",\"inLanguage\":\"pt-BR\",\"@id\":\"https:\/\/www.institutodeengenharia.org.br\/site\/#\/schema\/logo\/image\/\",\"url\":\"https:\/\/www.institutodeengenharia.org.br\/site\/wp-content\/uploads\/2019\/03\/logo-novo-IE2018-1.jpg\",\"contentUrl\":\"https:\/\/www.institutodeengenharia.org.br\/site\/wp-content\/uploads\/2019\/03\/logo-novo-IE2018-1.jpg\",\"width\":1486,\"height\":1879,\"caption\":\"Instituto de Engenharia\"},\"image\":{\"@id\":\"https:\/\/www.institutodeengenharia.org.br\/site\/#\/schema\/logo\/image\/\"},\"sameAs\":[\"https:\/\/www.facebook.com\/institutodeengenharia\",\"https:\/\/x.com\/iengenharia\",\"https:\/\/www.instagram.com\/institutodeengenharia\/\",\"https:\/\/www.linkedin.com\/company\/instituto-de-engenharia\/\",\"https:\/\/www.youtube.com\/channel\/UCXiCAlsSMe977vamW915HxA\"]},{\"@type\":\"Person\",\"@id\":\"https:\/\/www.institutodeengenharia.org.br\/site\/#\/schema\/person\/aeb64951c405e100d26d30b033dd423f\",\"name\":\"Bianca\",\"image\":{\"@type\":\"ImageObject\",\"inLanguage\":\"pt-BR\",\"@id\":\"https:\/\/secure.gravatar.com\/avatar\/a6fbe9bff57405baf4c1e2c5c1811e072b558253974a9f9508f4678900c97c2a?s=96&d=mm&r=g\",\"url\":\"https:\/\/secure.gravatar.com\/avatar\/a6fbe9bff57405baf4c1e2c5c1811e072b558253974a9f9508f4678900c97c2a?s=96&d=mm&r=g\",\"contentUrl\":\"https:\/\/secure.gravatar.com\/avatar\/a6fbe9bff57405baf4c1e2c5c1811e072b558253974a9f9508f4678900c97c2a?s=96&d=mm&r=g\",\"caption\":\"Bianca\"},\"url\":\"https:\/\/www.institutodeengenharia.org.br\/site\/author\/comunicacao1\/\"}]}<\/script>\n<!-- \/ Yoast SEO plugin. -->","yoast_head_json":{"title":"Prote\u00e7\u00e3o e seguran\u00e7a em \u00e9pocas de crise - Instituto de Engenharia","description":"prote\u00e7\u00e3o e seguran\u00e7a na crise, prote\u00e7\u00e3o e seguran\u00e7a na pandemia, prote\u00e7\u00e3o, seguran\u00e7a, seguran\u00e7a na pandemia, prote\u00e7\u00e3o na pandemia","robots":{"index":"index","follow":"follow","max-snippet":"max-snippet:-1","max-image-preview":"max-image-preview:large","max-video-preview":"max-video-preview:-1"},"canonical":"https:\/\/www.institutodeengenharia.org.br\/site\/2020\/04\/15\/protecao-e-seguranca-em-epocas-de-crise\/","og_locale":"pt_BR","og_type":"article","og_title":"Prote\u00e7\u00e3o e seguran\u00e7a em \u00e9pocas de crise - Instituto de Engenharia","og_description":"prote\u00e7\u00e3o e seguran\u00e7a na crise, prote\u00e7\u00e3o e seguran\u00e7a na pandemia, prote\u00e7\u00e3o, seguran\u00e7a, seguran\u00e7a na pandemia, prote\u00e7\u00e3o na pandemia","og_url":"https:\/\/www.institutodeengenharia.org.br\/site\/2020\/04\/15\/protecao-e-seguranca-em-epocas-de-crise\/","og_site_name":"Instituto de Engenharia","article_publisher":"https:\/\/www.facebook.com\/institutodeengenharia","article_published_time":"2020-04-15T17:02:45+00:00","article_modified_time":"2021-08-31T14:20:17+00:00","og_image":[{"width":1034,"height":647,"url":"https:\/\/www.institutodeengenharia.org.br\/site\/wp-content\/uploads\/2020\/04\/policia.jpg","type":"image\/jpeg"}],"author":"Bianca","twitter_card":"summary_large_image","twitter_creator":"@iengenharia","twitter_site":"@iengenharia","twitter_misc":{"Escrito por":"Bianca","Est. tempo de leitura":"2 minutos"},"schema":{"@context":"https:\/\/schema.org","@graph":[{"@type":"Article","@id":"https:\/\/www.institutodeengenharia.org.br\/site\/2020\/04\/15\/protecao-e-seguranca-em-epocas-de-crise\/#article","isPartOf":{"@id":"https:\/\/www.institutodeengenharia.org.br\/site\/2020\/04\/15\/protecao-e-seguranca-em-epocas-de-crise\/"},"author":{"name":"Bianca","@id":"https:\/\/www.institutodeengenharia.org.br\/site\/#\/schema\/person\/aeb64951c405e100d26d30b033dd423f"},"headline":"Prote\u00e7\u00e3o e seguran\u00e7a em \u00e9pocas de crise","datePublished":"2020-04-15T17:02:45+00:00","dateModified":"2021-08-31T14:20:17+00:00","mainEntityOfPage":{"@id":"https:\/\/www.institutodeengenharia.org.br\/site\/2020\/04\/15\/protecao-e-seguranca-em-epocas-de-crise\/"},"wordCount":405,"commentCount":0,"publisher":{"@id":"https:\/\/www.institutodeengenharia.org.br\/site\/#organization"},"image":{"@id":"https:\/\/www.institutodeengenharia.org.br\/site\/2020\/04\/15\/protecao-e-seguranca-em-epocas-de-crise\/#primaryimage"},"thumbnailUrl":"https:\/\/www.institutodeengenharia.org.br\/site\/wp-content\/uploads\/2020\/04\/policia.jpg","articleSection":["Palestra"],"inLanguage":"pt-BR","potentialAction":[{"@type":"CommentAction","name":"Comment","target":["https:\/\/www.institutodeengenharia.org.br\/site\/2020\/04\/15\/protecao-e-seguranca-em-epocas-de-crise\/#respond"]}]},{"@type":"WebPage","@id":"https:\/\/www.institutodeengenharia.org.br\/site\/2020\/04\/15\/protecao-e-seguranca-em-epocas-de-crise\/","url":"https:\/\/www.institutodeengenharia.org.br\/site\/2020\/04\/15\/protecao-e-seguranca-em-epocas-de-crise\/","name":"Prote\u00e7\u00e3o e seguran\u00e7a em \u00e9pocas de crise - Instituto de Engenharia","isPartOf":{"@id":"https:\/\/www.institutodeengenharia.org.br\/site\/#website"},"primaryImageOfPage":{"@id":"https:\/\/www.institutodeengenharia.org.br\/site\/2020\/04\/15\/protecao-e-seguranca-em-epocas-de-crise\/#primaryimage"},"image":{"@id":"https:\/\/www.institutodeengenharia.org.br\/site\/2020\/04\/15\/protecao-e-seguranca-em-epocas-de-crise\/#primaryimage"},"thumbnailUrl":"https:\/\/www.institutodeengenharia.org.br\/site\/wp-content\/uploads\/2020\/04\/policia.jpg","datePublished":"2020-04-15T17:02:45+00:00","dateModified":"2021-08-31T14:20:17+00:00","description":"prote\u00e7\u00e3o e seguran\u00e7a na crise, prote\u00e7\u00e3o e seguran\u00e7a na pandemia, prote\u00e7\u00e3o, seguran\u00e7a, seguran\u00e7a na pandemia, prote\u00e7\u00e3o na pandemia","breadcrumb":{"@id":"https:\/\/www.institutodeengenharia.org.br\/site\/2020\/04\/15\/protecao-e-seguranca-em-epocas-de-crise\/#breadcrumb"},"inLanguage":"pt-BR","potentialAction":[{"@type":"ReadAction","target":["https:\/\/www.institutodeengenharia.org.br\/site\/2020\/04\/15\/protecao-e-seguranca-em-epocas-de-crise\/"]}]},{"@type":"ImageObject","inLanguage":"pt-BR","@id":"https:\/\/www.institutodeengenharia.org.br\/site\/2020\/04\/15\/protecao-e-seguranca-em-epocas-de-crise\/#primaryimage","url":"https:\/\/www.institutodeengenharia.org.br\/site\/wp-content\/uploads\/2020\/04\/policia.jpg","contentUrl":"https:\/\/www.institutodeengenharia.org.br\/site\/wp-content\/uploads\/2020\/04\/policia.jpg","width":1034,"height":647},{"@type":"BreadcrumbList","@id":"https:\/\/www.institutodeengenharia.org.br\/site\/2020\/04\/15\/protecao-e-seguranca-em-epocas-de-crise\/#breadcrumb","itemListElement":[{"@type":"ListItem","position":1,"name":"In\u00edcio","item":"https:\/\/www.institutodeengenharia.org.br\/site\/"},{"@type":"ListItem","position":2,"name":"Prote\u00e7\u00e3o e seguran\u00e7a em \u00e9pocas de crise"}]},{"@type":"WebSite","@id":"https:\/\/www.institutodeengenharia.org.br\/site\/#website","url":"https:\/\/www.institutodeengenharia.org.br\/site\/","name":"Instituto de Engenharia","description":"O Instituto de Engenharia promove a Engenharia em benef\u00edcio do desenvolvimento e da qualidade de vida da sociedade.","publisher":{"@id":"https:\/\/www.institutodeengenharia.org.br\/site\/#organization"},"potentialAction":[{"@type":"SearchAction","target":{"@type":"EntryPoint","urlTemplate":"https:\/\/www.institutodeengenharia.org.br\/site\/?s={search_term_string}"},"query-input":{"@type":"PropertyValueSpecification","valueRequired":true,"valueName":"search_term_string"}}],"inLanguage":"pt-BR"},{"@type":"Organization","@id":"https:\/\/www.institutodeengenharia.org.br\/site\/#organization","name":"Instituto de Engenharia","url":"https:\/\/www.institutodeengenharia.org.br\/site\/","logo":{"@type":"ImageObject","inLanguage":"pt-BR","@id":"https:\/\/www.institutodeengenharia.org.br\/site\/#\/schema\/logo\/image\/","url":"https:\/\/www.institutodeengenharia.org.br\/site\/wp-content\/uploads\/2019\/03\/logo-novo-IE2018-1.jpg","contentUrl":"https:\/\/www.institutodeengenharia.org.br\/site\/wp-content\/uploads\/2019\/03\/logo-novo-IE2018-1.jpg","width":1486,"height":1879,"caption":"Instituto de Engenharia"},"image":{"@id":"https:\/\/www.institutodeengenharia.org.br\/site\/#\/schema\/logo\/image\/"},"sameAs":["https:\/\/www.facebook.com\/institutodeengenharia","https:\/\/x.com\/iengenharia","https:\/\/www.instagram.com\/institutodeengenharia\/","https:\/\/www.linkedin.com\/company\/instituto-de-engenharia\/","https:\/\/www.youtube.com\/channel\/UCXiCAlsSMe977vamW915HxA"]},{"@type":"Person","@id":"https:\/\/www.institutodeengenharia.org.br\/site\/#\/schema\/person\/aeb64951c405e100d26d30b033dd423f","name":"Bianca","image":{"@type":"ImageObject","inLanguage":"pt-BR","@id":"https:\/\/secure.gravatar.com\/avatar\/a6fbe9bff57405baf4c1e2c5c1811e072b558253974a9f9508f4678900c97c2a?s=96&d=mm&r=g","url":"https:\/\/secure.gravatar.com\/avatar\/a6fbe9bff57405baf4c1e2c5c1811e072b558253974a9f9508f4678900c97c2a?s=96&d=mm&r=g","contentUrl":"https:\/\/secure.gravatar.com\/avatar\/a6fbe9bff57405baf4c1e2c5c1811e072b558253974a9f9508f4678900c97c2a?s=96&d=mm&r=g","caption":"Bianca"},"url":"https:\/\/www.institutodeengenharia.org.br\/site\/author\/comunicacao1\/"}]}},"_links":{"self":[{"href":"https:\/\/www.institutodeengenharia.org.br\/site\/wp-json\/wp\/v2\/posts\/63585","targetHints":{"allow":["GET"]}}],"collection":[{"href":"https:\/\/www.institutodeengenharia.org.br\/site\/wp-json\/wp\/v2\/posts"}],"about":[{"href":"https:\/\/www.institutodeengenharia.org.br\/site\/wp-json\/wp\/v2\/types\/post"}],"author":[{"embeddable":true,"href":"https:\/\/www.institutodeengenharia.org.br\/site\/wp-json\/wp\/v2\/users\/13"}],"replies":[{"embeddable":true,"href":"https:\/\/www.institutodeengenharia.org.br\/site\/wp-json\/wp\/v2\/comments?post=63585"}],"version-history":[{"count":1,"href":"https:\/\/www.institutodeengenharia.org.br\/site\/wp-json\/wp\/v2\/posts\/63585\/revisions"}],"predecessor-version":[{"id":63586,"href":"https:\/\/www.institutodeengenharia.org.br\/site\/wp-json\/wp\/v2\/posts\/63585\/revisions\/63586"}],"wp:featuredmedia":[{"embeddable":true,"href":"https:\/\/www.institutodeengenharia.org.br\/site\/wp-json\/wp\/v2\/media\/63776"}],"wp:attachment":[{"href":"https:\/\/www.institutodeengenharia.org.br\/site\/wp-json\/wp\/v2\/media?parent=63585"}],"wp:term":[{"taxonomy":"category","embeddable":true,"href":"https:\/\/www.institutodeengenharia.org.br\/site\/wp-json\/wp\/v2\/categories?post=63585"},{"taxonomy":"post_tag","embeddable":true,"href":"https:\/\/www.institutodeengenharia.org.br\/site\/wp-json\/wp\/v2\/tags?post=63585"}],"curies":[{"name":"wp","href":"https:\/\/api.w.org\/{rel}","templated":true}]}}