{"id":63577,"date":"2020-04-13T11:50:22","date_gmt":"2020-04-13T14:50:22","guid":{"rendered":"https:\/\/www.institutodeengenharia.org.br\/site\/?p=63577"},"modified":"2020-05-04T14:31:09","modified_gmt":"2020-05-04T17:31:09","slug":"acoes-4c-para-fortalecer-as-empresas-pos-crise-e-torna-las-sustentaveis-no-longo-prazo","status":"publish","type":"post","link":"https:\/\/www.institutodeengenharia.org.br\/site\/2020\/04\/13\/acoes-4c-para-fortalecer-as-empresas-pos-crise-e-torna-las-sustentaveis-no-longo-prazo\/","title":{"rendered":"A\u00e7\u00f5es 4C para fortalecer as empresas p\u00f3s-crise e torna-las sustent\u00e1veis no longo prazo"},"content":{"rendered":"<div><\/div>\n<div>A palestra\u00a0<strong>A\u00e7\u00f5es 4C para fortalecer as empresas p\u00f3s-crise e torna-las sustent\u00e1veis no longo prazo<\/strong>\u00a0faz parte da <em>S\u00e9rie Webinar: Brasil p\u00f3s-crise<\/em>, uma realiza\u00e7\u00e3o do Instituto de Engenharia.<\/div>\n<div><\/div>\n<div><\/div>\n<div><strong>Assista \u00e0 grava\u00e7\u00e3o do evento abaixo:<\/strong><\/div>\n<div><\/div>\n<div><\/div>\n<div style=\"padding: 56.25% 0 0 0; position: relative;\"><iframe style=\"position: absolute; top: 0; left: 0; width: 100%; height: 100%;\" src=\"https:\/\/player.vimeo.com\/video\/408329754\" frameborder=\"0\" allowfullscreen=\"allowfullscreen\"><\/iframe><\/div>\n<div><\/div>\n<div><\/div>\n<div>\n<p><strong>Palestrante:<\/strong><\/p>\n<p><strong> Wladimir Palermo<\/strong><\/p>\n<p>Formado em Administra\u00e7\u00e3o de Empresas com diversas especializa\u00e7\u00f5es na \u00e1rea do Comportamento Humano e autor de algumas das metodologias utilizadas no grupo BEST IN CLASS\u00ae. Executivo das \u00e1reas de Controladoria e Industrial de grandes organiza\u00e7\u00f5es. Em 1986, fundou sua empresa de consultoria e passou a conduzir projetos complexos para empresas internacionais, com foco em Planejamento Estrat\u00e9gico, automa\u00e7\u00e3o do Planejamento da Produ\u00e7\u00e3o, al\u00e9m de projetos de Reestrutura\u00e7\u00e3o e Turnaround para empresas industriais nacionais. No final de 1997 associou-se \u00e0 multinacional de consultoria Persona Global, passando a presidi-la. No per\u00edodo de 2001 a 2006 acumulou a presid\u00eancia do grupo Quadrata, projeto de turnaround exitoso que culminou com a compra da empresa por um grupo norte-americano. Em 2004, fundou a MC1 Mobile Technologies em sociedade com Funda\u00e7\u00e3o Atech e Mitsubishi Corporation. Em 2011, fundou o grupo BEST IN CLASS\u00ae.<\/p>\n<\/div>\n<div><\/div>\n","protected":false},"excerpt":{"rendered":"<p>A palestra\u00a0A\u00e7\u00f5es 4C para fortalecer as empresas p\u00f3s-crise e torna-las sustent\u00e1veis no longo prazo\u00a0faz parte da S\u00e9rie Webinar: Brasil p\u00f3s-crise, uma realiza\u00e7\u00e3o do Instituto de Engenharia. Assista \u00e0 grava\u00e7\u00e3o do evento abaixo: Palestrante: Wladimir Palermo Formado em Administra\u00e7\u00e3o de Empresas com diversas especializa\u00e7\u00f5es na \u00e1rea do Comportamento Humano e autor de algumas das metodologias utilizadas [&hellip;]<\/p>\n","protected":false},"author":13,"featured_media":63768,"comment_status":"open","ping_status":"open","sticky":false,"template":"","format":"standard","meta":{"footnotes":""},"categories":[968,969],"tags":[],"class_list":{"0":"post-63577","1":"post","2":"type-post","3":"status-publish","4":"format-standard","5":"has-post-thumbnail","7":"category-nova-tv-engenharia","8":"category-palestra"},"yoast_head":"<!-- This site is optimized with the Yoast SEO plugin v27.2 - https:\/\/yoast.com\/product\/yoast-seo-wordpress\/ -->\n<title>A\u00e7\u00f5es 4C para fortalecer as empresas p\u00f3s-crise e torna-las sustent\u00e1veis no longo prazo - Instituto de Engenharia<\/title>\n<meta name=\"robots\" content=\"index, follow, max-snippet:-1, max-image-preview:large, max-video-preview:-1\" \/>\n<link rel=\"canonical\" href=\"https:\/\/www.institutodeengenharia.org.br\/site\/2020\/04\/13\/acoes-4c-para-fortalecer-as-empresas-pos-crise-e-torna-las-sustentaveis-no-longo-prazo\/\" \/>\n<meta property=\"og:locale\" content=\"pt_BR\" \/>\n<meta property=\"og:type\" content=\"article\" \/>\n<meta property=\"og:title\" content=\"A\u00e7\u00f5es 4C para fortalecer as empresas p\u00f3s-crise e torna-las sustent\u00e1veis no longo prazo - Instituto de Engenharia\" \/>\n<meta property=\"og:description\" content=\"A palestra\u00a0A\u00e7\u00f5es 4C para fortalecer as empresas p\u00f3s-crise e torna-las sustent\u00e1veis no longo prazo\u00a0faz parte da S\u00e9rie Webinar: Brasil p\u00f3s-crise, uma realiza\u00e7\u00e3o do Instituto de Engenharia. Assista \u00e0 grava\u00e7\u00e3o do evento abaixo: Palestrante: Wladimir Palermo Formado em Administra\u00e7\u00e3o de Empresas com diversas especializa\u00e7\u00f5es na \u00e1rea do Comportamento Humano e autor de algumas das metodologias utilizadas [&hellip;]\" \/>\n<meta property=\"og:url\" content=\"https:\/\/www.institutodeengenharia.org.br\/site\/2020\/04\/13\/acoes-4c-para-fortalecer-as-empresas-pos-crise-e-torna-las-sustentaveis-no-longo-prazo\/\" \/>\n<meta property=\"og:site_name\" content=\"Instituto de Engenharia\" \/>\n<meta property=\"article:publisher\" content=\"https:\/\/www.facebook.com\/institutodeengenharia\" \/>\n<meta property=\"article:published_time\" content=\"2020-04-13T14:50:22+00:00\" \/>\n<meta property=\"article:modified_time\" content=\"2020-05-04T17:31:09+00:00\" \/>\n<meta property=\"og:image\" content=\"https:\/\/www.institutodeengenharia.org.br\/site\/wp-content\/uploads\/2020\/04\/teste.jpg\" \/>\n\t<meta property=\"og:image:width\" content=\"1034\" \/>\n\t<meta property=\"og:image:height\" content=\"646\" \/>\n\t<meta property=\"og:image:type\" content=\"image\/jpeg\" \/>\n<meta name=\"author\" content=\"Bianca\" \/>\n<meta name=\"twitter:card\" content=\"summary_large_image\" \/>\n<meta name=\"twitter:creator\" content=\"@iengenharia\" \/>\n<meta name=\"twitter:site\" content=\"@iengenharia\" \/>\n<meta name=\"twitter:label1\" content=\"Escrito por\" \/>\n\t<meta name=\"twitter:data1\" content=\"Bianca\" \/>\n\t<meta name=\"twitter:label2\" content=\"Est. tempo de leitura\" \/>\n\t<meta name=\"twitter:data2\" content=\"1 minuto\" \/>\n<script type=\"application\/ld+json\" class=\"yoast-schema-graph\">{\"@context\":\"https:\/\/schema.org\",\"@graph\":[{\"@type\":\"Article\",\"@id\":\"https:\/\/www.institutodeengenharia.org.br\/site\/2020\/04\/13\/acoes-4c-para-fortalecer-as-empresas-pos-crise-e-torna-las-sustentaveis-no-longo-prazo\/#article\",\"isPartOf\":{\"@id\":\"https:\/\/www.institutodeengenharia.org.br\/site\/2020\/04\/13\/acoes-4c-para-fortalecer-as-empresas-pos-crise-e-torna-las-sustentaveis-no-longo-prazo\/\"},\"author\":{\"name\":\"Bianca\",\"@id\":\"https:\/\/www.institutodeengenharia.org.br\/site\/#\/schema\/person\/aeb64951c405e100d26d30b033dd423f\"},\"headline\":\"A\u00e7\u00f5es 4C para fortalecer as empresas p\u00f3s-crise e torna-las sustent\u00e1veis no longo prazo\",\"datePublished\":\"2020-04-13T14:50:22+00:00\",\"dateModified\":\"2020-05-04T17:31:09+00:00\",\"mainEntityOfPage\":{\"@id\":\"https:\/\/www.institutodeengenharia.org.br\/site\/2020\/04\/13\/acoes-4c-para-fortalecer-as-empresas-pos-crise-e-torna-las-sustentaveis-no-longo-prazo\/\"},\"wordCount\":199,\"commentCount\":0,\"publisher\":{\"@id\":\"https:\/\/www.institutodeengenharia.org.br\/site\/#organization\"},\"image\":{\"@id\":\"https:\/\/www.institutodeengenharia.org.br\/site\/2020\/04\/13\/acoes-4c-para-fortalecer-as-empresas-pos-crise-e-torna-las-sustentaveis-no-longo-prazo\/#primaryimage\"},\"thumbnailUrl\":\"https:\/\/www.institutodeengenharia.org.br\/site\/wp-content\/uploads\/2020\/04\/teste.jpg\",\"articleSection\":[\"Nova TV Engenharia\",\"Palestra\"],\"inLanguage\":\"pt-BR\",\"potentialAction\":[{\"@type\":\"CommentAction\",\"name\":\"Comment\",\"target\":[\"https:\/\/www.institutodeengenharia.org.br\/site\/2020\/04\/13\/acoes-4c-para-fortalecer-as-empresas-pos-crise-e-torna-las-sustentaveis-no-longo-prazo\/#respond\"]}]},{\"@type\":\"WebPage\",\"@id\":\"https:\/\/www.institutodeengenharia.org.br\/site\/2020\/04\/13\/acoes-4c-para-fortalecer-as-empresas-pos-crise-e-torna-las-sustentaveis-no-longo-prazo\/\",\"url\":\"https:\/\/www.institutodeengenharia.org.br\/site\/2020\/04\/13\/acoes-4c-para-fortalecer-as-empresas-pos-crise-e-torna-las-sustentaveis-no-longo-prazo\/\",\"name\":\"A\u00e7\u00f5es 4C para fortalecer as empresas p\u00f3s-crise e torna-las sustent\u00e1veis no longo prazo - Instituto de Engenharia\",\"isPartOf\":{\"@id\":\"https:\/\/www.institutodeengenharia.org.br\/site\/#website\"},\"primaryImageOfPage\":{\"@id\":\"https:\/\/www.institutodeengenharia.org.br\/site\/2020\/04\/13\/acoes-4c-para-fortalecer-as-empresas-pos-crise-e-torna-las-sustentaveis-no-longo-prazo\/#primaryimage\"},\"image\":{\"@id\":\"https:\/\/www.institutodeengenharia.org.br\/site\/2020\/04\/13\/acoes-4c-para-fortalecer-as-empresas-pos-crise-e-torna-las-sustentaveis-no-longo-prazo\/#primaryimage\"},\"thumbnailUrl\":\"https:\/\/www.institutodeengenharia.org.br\/site\/wp-content\/uploads\/2020\/04\/teste.jpg\",\"datePublished\":\"2020-04-13T14:50:22+00:00\",\"dateModified\":\"2020-05-04T17:31:09+00:00\",\"breadcrumb\":{\"@id\":\"https:\/\/www.institutodeengenharia.org.br\/site\/2020\/04\/13\/acoes-4c-para-fortalecer-as-empresas-pos-crise-e-torna-las-sustentaveis-no-longo-prazo\/#breadcrumb\"},\"inLanguage\":\"pt-BR\",\"potentialAction\":[{\"@type\":\"ReadAction\",\"target\":[\"https:\/\/www.institutodeengenharia.org.br\/site\/2020\/04\/13\/acoes-4c-para-fortalecer-as-empresas-pos-crise-e-torna-las-sustentaveis-no-longo-prazo\/\"]}]},{\"@type\":\"ImageObject\",\"inLanguage\":\"pt-BR\",\"@id\":\"https:\/\/www.institutodeengenharia.org.br\/site\/2020\/04\/13\/acoes-4c-para-fortalecer-as-empresas-pos-crise-e-torna-las-sustentaveis-no-longo-prazo\/#primaryimage\",\"url\":\"https:\/\/www.institutodeengenharia.org.br\/site\/wp-content\/uploads\/2020\/04\/teste.jpg\",\"contentUrl\":\"https:\/\/www.institutodeengenharia.org.br\/site\/wp-content\/uploads\/2020\/04\/teste.jpg\",\"width\":1034,\"height\":646},{\"@type\":\"BreadcrumbList\",\"@id\":\"https:\/\/www.institutodeengenharia.org.br\/site\/2020\/04\/13\/acoes-4c-para-fortalecer-as-empresas-pos-crise-e-torna-las-sustentaveis-no-longo-prazo\/#breadcrumb\",\"itemListElement\":[{\"@type\":\"ListItem\",\"position\":1,\"name\":\"In\u00edcio\",\"item\":\"https:\/\/www.institutodeengenharia.org.br\/site\/\"},{\"@type\":\"ListItem\",\"position\":2,\"name\":\"A\u00e7\u00f5es 4C para fortalecer as empresas p\u00f3s-crise e torna-las sustent\u00e1veis no longo prazo\"}]},{\"@type\":\"WebSite\",\"@id\":\"https:\/\/www.institutodeengenharia.org.br\/site\/#website\",\"url\":\"https:\/\/www.institutodeengenharia.org.br\/site\/\",\"name\":\"Instituto de Engenharia\",\"description\":\"O Instituto de Engenharia promove a Engenharia em benef\u00edcio do desenvolvimento e da qualidade de vida da sociedade.\",\"publisher\":{\"@id\":\"https:\/\/www.institutodeengenharia.org.br\/site\/#organization\"},\"potentialAction\":[{\"@type\":\"SearchAction\",\"target\":{\"@type\":\"EntryPoint\",\"urlTemplate\":\"https:\/\/www.institutodeengenharia.org.br\/site\/?s={search_term_string}\"},\"query-input\":{\"@type\":\"PropertyValueSpecification\",\"valueRequired\":true,\"valueName\":\"search_term_string\"}}],\"inLanguage\":\"pt-BR\"},{\"@type\":\"Organization\",\"@id\":\"https:\/\/www.institutodeengenharia.org.br\/site\/#organization\",\"name\":\"Instituto de Engenharia\",\"url\":\"https:\/\/www.institutodeengenharia.org.br\/site\/\",\"logo\":{\"@type\":\"ImageObject\",\"inLanguage\":\"pt-BR\",\"@id\":\"https:\/\/www.institutodeengenharia.org.br\/site\/#\/schema\/logo\/image\/\",\"url\":\"https:\/\/www.institutodeengenharia.org.br\/site\/wp-content\/uploads\/2019\/03\/logo-novo-IE2018-1.jpg\",\"contentUrl\":\"https:\/\/www.institutodeengenharia.org.br\/site\/wp-content\/uploads\/2019\/03\/logo-novo-IE2018-1.jpg\",\"width\":1486,\"height\":1879,\"caption\":\"Instituto de Engenharia\"},\"image\":{\"@id\":\"https:\/\/www.institutodeengenharia.org.br\/site\/#\/schema\/logo\/image\/\"},\"sameAs\":[\"https:\/\/www.facebook.com\/institutodeengenharia\",\"https:\/\/x.com\/iengenharia\",\"https:\/\/www.instagram.com\/institutodeengenharia\/\",\"https:\/\/www.linkedin.com\/company\/instituto-de-engenharia\/\",\"https:\/\/www.youtube.com\/channel\/UCXiCAlsSMe977vamW915HxA\"]},{\"@type\":\"Person\",\"@id\":\"https:\/\/www.institutodeengenharia.org.br\/site\/#\/schema\/person\/aeb64951c405e100d26d30b033dd423f\",\"name\":\"Bianca\",\"image\":{\"@type\":\"ImageObject\",\"inLanguage\":\"pt-BR\",\"@id\":\"https:\/\/secure.gravatar.com\/avatar\/a6fbe9bff57405baf4c1e2c5c1811e072b558253974a9f9508f4678900c97c2a?s=96&d=mm&r=g\",\"url\":\"https:\/\/secure.gravatar.com\/avatar\/a6fbe9bff57405baf4c1e2c5c1811e072b558253974a9f9508f4678900c97c2a?s=96&d=mm&r=g\",\"contentUrl\":\"https:\/\/secure.gravatar.com\/avatar\/a6fbe9bff57405baf4c1e2c5c1811e072b558253974a9f9508f4678900c97c2a?s=96&d=mm&r=g\",\"caption\":\"Bianca\"},\"url\":\"https:\/\/www.institutodeengenharia.org.br\/site\/author\/comunicacao1\/\"}]}<\/script>\n<!-- \/ Yoast SEO plugin. -->","yoast_head_json":{"title":"A\u00e7\u00f5es 4C para fortalecer as empresas p\u00f3s-crise e torna-las sustent\u00e1veis no longo prazo - Instituto de Engenharia","robots":{"index":"index","follow":"follow","max-snippet":"max-snippet:-1","max-image-preview":"max-image-preview:large","max-video-preview":"max-video-preview:-1"},"canonical":"https:\/\/www.institutodeengenharia.org.br\/site\/2020\/04\/13\/acoes-4c-para-fortalecer-as-empresas-pos-crise-e-torna-las-sustentaveis-no-longo-prazo\/","og_locale":"pt_BR","og_type":"article","og_title":"A\u00e7\u00f5es 4C para fortalecer as empresas p\u00f3s-crise e torna-las sustent\u00e1veis no longo prazo - Instituto de Engenharia","og_description":"A palestra\u00a0A\u00e7\u00f5es 4C para fortalecer as empresas p\u00f3s-crise e torna-las sustent\u00e1veis no longo prazo\u00a0faz parte da S\u00e9rie Webinar: Brasil p\u00f3s-crise, uma realiza\u00e7\u00e3o do Instituto de Engenharia. Assista \u00e0 grava\u00e7\u00e3o do evento abaixo: Palestrante: Wladimir Palermo Formado em Administra\u00e7\u00e3o de Empresas com diversas especializa\u00e7\u00f5es na \u00e1rea do Comportamento Humano e autor de algumas das metodologias utilizadas [&hellip;]","og_url":"https:\/\/www.institutodeengenharia.org.br\/site\/2020\/04\/13\/acoes-4c-para-fortalecer-as-empresas-pos-crise-e-torna-las-sustentaveis-no-longo-prazo\/","og_site_name":"Instituto de Engenharia","article_publisher":"https:\/\/www.facebook.com\/institutodeengenharia","article_published_time":"2020-04-13T14:50:22+00:00","article_modified_time":"2020-05-04T17:31:09+00:00","og_image":[{"width":1034,"height":646,"url":"https:\/\/www.institutodeengenharia.org.br\/site\/wp-content\/uploads\/2020\/04\/teste.jpg","type":"image\/jpeg"}],"author":"Bianca","twitter_card":"summary_large_image","twitter_creator":"@iengenharia","twitter_site":"@iengenharia","twitter_misc":{"Escrito por":"Bianca","Est. tempo de leitura":"1 minuto"},"schema":{"@context":"https:\/\/schema.org","@graph":[{"@type":"Article","@id":"https:\/\/www.institutodeengenharia.org.br\/site\/2020\/04\/13\/acoes-4c-para-fortalecer-as-empresas-pos-crise-e-torna-las-sustentaveis-no-longo-prazo\/#article","isPartOf":{"@id":"https:\/\/www.institutodeengenharia.org.br\/site\/2020\/04\/13\/acoes-4c-para-fortalecer-as-empresas-pos-crise-e-torna-las-sustentaveis-no-longo-prazo\/"},"author":{"name":"Bianca","@id":"https:\/\/www.institutodeengenharia.org.br\/site\/#\/schema\/person\/aeb64951c405e100d26d30b033dd423f"},"headline":"A\u00e7\u00f5es 4C para fortalecer as empresas p\u00f3s-crise e torna-las sustent\u00e1veis no longo prazo","datePublished":"2020-04-13T14:50:22+00:00","dateModified":"2020-05-04T17:31:09+00:00","mainEntityOfPage":{"@id":"https:\/\/www.institutodeengenharia.org.br\/site\/2020\/04\/13\/acoes-4c-para-fortalecer-as-empresas-pos-crise-e-torna-las-sustentaveis-no-longo-prazo\/"},"wordCount":199,"commentCount":0,"publisher":{"@id":"https:\/\/www.institutodeengenharia.org.br\/site\/#organization"},"image":{"@id":"https:\/\/www.institutodeengenharia.org.br\/site\/2020\/04\/13\/acoes-4c-para-fortalecer-as-empresas-pos-crise-e-torna-las-sustentaveis-no-longo-prazo\/#primaryimage"},"thumbnailUrl":"https:\/\/www.institutodeengenharia.org.br\/site\/wp-content\/uploads\/2020\/04\/teste.jpg","articleSection":["Nova TV Engenharia","Palestra"],"inLanguage":"pt-BR","potentialAction":[{"@type":"CommentAction","name":"Comment","target":["https:\/\/www.institutodeengenharia.org.br\/site\/2020\/04\/13\/acoes-4c-para-fortalecer-as-empresas-pos-crise-e-torna-las-sustentaveis-no-longo-prazo\/#respond"]}]},{"@type":"WebPage","@id":"https:\/\/www.institutodeengenharia.org.br\/site\/2020\/04\/13\/acoes-4c-para-fortalecer-as-empresas-pos-crise-e-torna-las-sustentaveis-no-longo-prazo\/","url":"https:\/\/www.institutodeengenharia.org.br\/site\/2020\/04\/13\/acoes-4c-para-fortalecer-as-empresas-pos-crise-e-torna-las-sustentaveis-no-longo-prazo\/","name":"A\u00e7\u00f5es 4C para fortalecer as empresas p\u00f3s-crise e torna-las sustent\u00e1veis no longo prazo - Instituto de Engenharia","isPartOf":{"@id":"https:\/\/www.institutodeengenharia.org.br\/site\/#website"},"primaryImageOfPage":{"@id":"https:\/\/www.institutodeengenharia.org.br\/site\/2020\/04\/13\/acoes-4c-para-fortalecer-as-empresas-pos-crise-e-torna-las-sustentaveis-no-longo-prazo\/#primaryimage"},"image":{"@id":"https:\/\/www.institutodeengenharia.org.br\/site\/2020\/04\/13\/acoes-4c-para-fortalecer-as-empresas-pos-crise-e-torna-las-sustentaveis-no-longo-prazo\/#primaryimage"},"thumbnailUrl":"https:\/\/www.institutodeengenharia.org.br\/site\/wp-content\/uploads\/2020\/04\/teste.jpg","datePublished":"2020-04-13T14:50:22+00:00","dateModified":"2020-05-04T17:31:09+00:00","breadcrumb":{"@id":"https:\/\/www.institutodeengenharia.org.br\/site\/2020\/04\/13\/acoes-4c-para-fortalecer-as-empresas-pos-crise-e-torna-las-sustentaveis-no-longo-prazo\/#breadcrumb"},"inLanguage":"pt-BR","potentialAction":[{"@type":"ReadAction","target":["https:\/\/www.institutodeengenharia.org.br\/site\/2020\/04\/13\/acoes-4c-para-fortalecer-as-empresas-pos-crise-e-torna-las-sustentaveis-no-longo-prazo\/"]}]},{"@type":"ImageObject","inLanguage":"pt-BR","@id":"https:\/\/www.institutodeengenharia.org.br\/site\/2020\/04\/13\/acoes-4c-para-fortalecer-as-empresas-pos-crise-e-torna-las-sustentaveis-no-longo-prazo\/#primaryimage","url":"https:\/\/www.institutodeengenharia.org.br\/site\/wp-content\/uploads\/2020\/04\/teste.jpg","contentUrl":"https:\/\/www.institutodeengenharia.org.br\/site\/wp-content\/uploads\/2020\/04\/teste.jpg","width":1034,"height":646},{"@type":"BreadcrumbList","@id":"https:\/\/www.institutodeengenharia.org.br\/site\/2020\/04\/13\/acoes-4c-para-fortalecer-as-empresas-pos-crise-e-torna-las-sustentaveis-no-longo-prazo\/#breadcrumb","itemListElement":[{"@type":"ListItem","position":1,"name":"In\u00edcio","item":"https:\/\/www.institutodeengenharia.org.br\/site\/"},{"@type":"ListItem","position":2,"name":"A\u00e7\u00f5es 4C para fortalecer as empresas p\u00f3s-crise e torna-las sustent\u00e1veis no longo prazo"}]},{"@type":"WebSite","@id":"https:\/\/www.institutodeengenharia.org.br\/site\/#website","url":"https:\/\/www.institutodeengenharia.org.br\/site\/","name":"Instituto de Engenharia","description":"O Instituto de Engenharia promove a Engenharia em benef\u00edcio do desenvolvimento e da qualidade de vida da sociedade.","publisher":{"@id":"https:\/\/www.institutodeengenharia.org.br\/site\/#organization"},"potentialAction":[{"@type":"SearchAction","target":{"@type":"EntryPoint","urlTemplate":"https:\/\/www.institutodeengenharia.org.br\/site\/?s={search_term_string}"},"query-input":{"@type":"PropertyValueSpecification","valueRequired":true,"valueName":"search_term_string"}}],"inLanguage":"pt-BR"},{"@type":"Organization","@id":"https:\/\/www.institutodeengenharia.org.br\/site\/#organization","name":"Instituto de Engenharia","url":"https:\/\/www.institutodeengenharia.org.br\/site\/","logo":{"@type":"ImageObject","inLanguage":"pt-BR","@id":"https:\/\/www.institutodeengenharia.org.br\/site\/#\/schema\/logo\/image\/","url":"https:\/\/www.institutodeengenharia.org.br\/site\/wp-content\/uploads\/2019\/03\/logo-novo-IE2018-1.jpg","contentUrl":"https:\/\/www.institutodeengenharia.org.br\/site\/wp-content\/uploads\/2019\/03\/logo-novo-IE2018-1.jpg","width":1486,"height":1879,"caption":"Instituto de Engenharia"},"image":{"@id":"https:\/\/www.institutodeengenharia.org.br\/site\/#\/schema\/logo\/image\/"},"sameAs":["https:\/\/www.facebook.com\/institutodeengenharia","https:\/\/x.com\/iengenharia","https:\/\/www.instagram.com\/institutodeengenharia\/","https:\/\/www.linkedin.com\/company\/instituto-de-engenharia\/","https:\/\/www.youtube.com\/channel\/UCXiCAlsSMe977vamW915HxA"]},{"@type":"Person","@id":"https:\/\/www.institutodeengenharia.org.br\/site\/#\/schema\/person\/aeb64951c405e100d26d30b033dd423f","name":"Bianca","image":{"@type":"ImageObject","inLanguage":"pt-BR","@id":"https:\/\/secure.gravatar.com\/avatar\/a6fbe9bff57405baf4c1e2c5c1811e072b558253974a9f9508f4678900c97c2a?s=96&d=mm&r=g","url":"https:\/\/secure.gravatar.com\/avatar\/a6fbe9bff57405baf4c1e2c5c1811e072b558253974a9f9508f4678900c97c2a?s=96&d=mm&r=g","contentUrl":"https:\/\/secure.gravatar.com\/avatar\/a6fbe9bff57405baf4c1e2c5c1811e072b558253974a9f9508f4678900c97c2a?s=96&d=mm&r=g","caption":"Bianca"},"url":"https:\/\/www.institutodeengenharia.org.br\/site\/author\/comunicacao1\/"}]}},"_links":{"self":[{"href":"https:\/\/www.institutodeengenharia.org.br\/site\/wp-json\/wp\/v2\/posts\/63577","targetHints":{"allow":["GET"]}}],"collection":[{"href":"https:\/\/www.institutodeengenharia.org.br\/site\/wp-json\/wp\/v2\/posts"}],"about":[{"href":"https:\/\/www.institutodeengenharia.org.br\/site\/wp-json\/wp\/v2\/types\/post"}],"author":[{"embeddable":true,"href":"https:\/\/www.institutodeengenharia.org.br\/site\/wp-json\/wp\/v2\/users\/13"}],"replies":[{"embeddable":true,"href":"https:\/\/www.institutodeengenharia.org.br\/site\/wp-json\/wp\/v2\/comments?post=63577"}],"version-history":[{"count":1,"href":"https:\/\/www.institutodeengenharia.org.br\/site\/wp-json\/wp\/v2\/posts\/63577\/revisions"}],"predecessor-version":[{"id":63578,"href":"https:\/\/www.institutodeengenharia.org.br\/site\/wp-json\/wp\/v2\/posts\/63577\/revisions\/63578"}],"wp:featuredmedia":[{"embeddable":true,"href":"https:\/\/www.institutodeengenharia.org.br\/site\/wp-json\/wp\/v2\/media\/63768"}],"wp:attachment":[{"href":"https:\/\/www.institutodeengenharia.org.br\/site\/wp-json\/wp\/v2\/media?parent=63577"}],"wp:term":[{"taxonomy":"category","embeddable":true,"href":"https:\/\/www.institutodeengenharia.org.br\/site\/wp-json\/wp\/v2\/categories?post=63577"},{"taxonomy":"post_tag","embeddable":true,"href":"https:\/\/www.institutodeengenharia.org.br\/site\/wp-json\/wp\/v2\/tags?post=63577"}],"curies":[{"name":"wp","href":"https:\/\/api.w.org\/{rel}","templated":true}]}}