{"id":63003,"date":"2020-04-27T15:26:48","date_gmt":"2020-04-27T18:26:48","guid":{"rendered":"https:\/\/www.institutodeengenharia.org.br\/site\/?p=63003"},"modified":"2023-01-09T12:05:27","modified_gmt":"2023-01-09T15:05:27","slug":"engenharia-consultiva-vetor-para-o-brasil-pos-crise","status":"publish","type":"post","link":"https:\/\/www.institutodeengenharia.org.br\/site\/2020\/04\/27\/engenharia-consultiva-vetor-para-o-brasil-pos-crise\/","title":{"rendered":"Engenharia consultiva: vetor para o Brasil p\u00f3s-crise"},"content":{"rendered":"<p>Os dados oficiais indicam que a COVID-19 j\u00e1 ceifou perto de duas centenas de milhares de vidas, distribu\u00eddas pelo mundo todo. E juntamente com a pandemia, uma segunda trag\u00e9dia, mas de ordem econ\u00f4mica, encontra-se em evolu\u00e7\u00e3o. \u00c9 not\u00f3ria a deteriora\u00e7\u00e3o da economia de todos os pa\u00edses. A popula\u00e7\u00e3o, que tanto tem sido afetada pela Covid-19 e\/ou pelas restri\u00e7\u00f5es impostas no controle da pandemia, tamb\u00e9m tem sofrido o efeito da crise econ\u00f4mica: redu\u00e7\u00e3o da renda, perda de emprego, fechamento de neg\u00f3cios, extin\u00e7\u00e3o de fontes de recurso para o sustento etc.<\/p>\n<p>Esta realidade nos imp\u00f5e a premente necessidade de a\u00e7\u00f5es simult\u00e2neas, em duas frentes: 1. Combater a pandemia e amenizar seus efeitos; 2. Proteger a economia, bem como viabilizar e acelerar a retomada do seu crescimento. Nas a\u00e7\u00f5es relacionadas \u00e0 pandemia, n\u00e3o se pode negar o excelente trabalho de planejamento e implanta\u00e7\u00e3o ou amplia\u00e7\u00e3o de estruturas e servi\u00e7os hospitalares, a manuten\u00e7\u00e3o da log\u00edstica de transporte e de abastecimento, dentre tantas outras atividades que s\u00e3o implementadas de forma discreta, com o objetivo de reduzir os transtornos ou impactos da crise para a popula\u00e7\u00e3o.<\/p>\n<p>Na segunda frente, na batalha em prol da macroeconomia, as medidas tamb\u00e9m t\u00eam que ser planejadas e estruturadas de imediato. A recupera\u00e7\u00e3o certamente passa pela gera\u00e7\u00e3o de empregos e de renda e pelo aumento do consumo. Nesse sentido, o setor da constru\u00e7\u00e3o civil \u00e9 indubitavelmente o que mais rapidamente pode responder a essas demandas.<\/p>\n<p>Obras de habita\u00e7\u00e3o, saneamento b\u00e1sico, mobilidade urbana, transporte e demais componentes da infraestrutura possibilitam o emprego, em um curto intervalo de tempo, de grandes contingentes de trabalhadores, com todos os n\u00edveis de forma\u00e7\u00e3o e especializa\u00e7\u00e3o, e consomem enormes volumes de materiais e equipamentos. Al\u00e9m do impacto econ\u00f4mico imediato, e da consequente melhoria na arrecada\u00e7\u00e3o de impostos, estes empreendimentos geram in\u00fameros outros benef\u00edcios adjacentes, tais como: bem-estar social, melhoria das condi\u00e7\u00f5es de sa\u00fade e de vida da popula\u00e7\u00e3o, maior produtividade e competitividade para toda a cadeia produtiva nacional etc.<\/p>\n<p><strong>E o motor de arranque do processo de implanta\u00e7\u00e3o dos empreendimentos \u00e9 a engenharia consultiva, que deve sair na frente, elaborando os planejamentos, os estudos de viabilidade e os projetos para execu\u00e7\u00e3o das obras<\/strong>.<\/p>\n<p>Contudo, os citados empreendimentos demandam significativos montantes de recursos financeiros, e os investidores privados, que at\u00e9 h\u00e1 pouco tempo estavam \u00e1vidos por participar de concess\u00f5es, de parcerias p\u00fablico privadas e privatiza\u00e7\u00f5es, tamb\u00e9m foram impactados pelas crises, e devem, a partir de agora, alocar seus recursos em \u201cprodutos mais seguros e com maior liquidez\u201d, enquanto reavaliam os impactos e tra\u00e7am suas estrat\u00e9gias, diante das in\u00fameras oportunidades e dos riscos envolvidos.<\/p>\n<p>N\u00e3o restam d\u00favidas de que, neste momento, os empreendimentos v\u00e3o necessitar de investimentos p\u00fablicos. E os governos \u2013 federal, estaduais e municipais, a exemplo do que tem ocorrido em in\u00fameros outros pa\u00edses, s\u00e3o os principais respons\u00e1veis pelo comando e pela dinamiza\u00e7\u00e3o dos processos para a recupera\u00e7\u00e3o econ\u00f4mica, pois sem recursos p\u00fablicos, apropriadamente investidos, n\u00e3o haver\u00e1, a curto ou m\u00e9dio prazos, a revers\u00e3o do quadro atual.<\/p>\n<p><strong>De imediato, sem aumento dos riscos relacionados \u00e0 pandemia, e por um reduzido percentual do custo total dos empreendimentos, os estudos e projetos de engenharia para implanta\u00e7\u00e3o das obras podem ser contratados e desenvolvidos, utilizando os recursos financeiros e jur\u00eddicos disponibilizados pelas medidas adotadas em fun\u00e7\u00e3o do estado de calamidade p\u00fablica. <\/strong><\/p>\n<p>As contrata\u00e7\u00f5es poderiam envolver empreendimentos enquadrados em dois grupos: Grupo 1 \u2013 compreendendo, principalmente, empreendimentos e obras de pavimenta\u00e7\u00e3o, microdrenagem, saneamento ambiental e habita\u00e7\u00e3o, que mediante estudos e projetos de engenharia, rapidamente poderiam ser mobilizados, por estarem dispensados de estudos ambientais complexos ou desapropria\u00e7\u00e3o de \u00e1reas; Grupo 2 \u2013 compreendendo os empreendimentos de infraestrutura de maior porte e complexidade, mas que certamente ter\u00e3o maior impacto positivo na recupera\u00e7\u00e3o da economia.<\/p>\n<p><strong>Acelerar a disponibiliza\u00e7\u00e3o de estudos e projetos significa antecipar as contrata\u00e7\u00f5es de obras e colocar em movimento a engrenagem estrat\u00e9gica que possibilitar\u00e1 a recupera\u00e7\u00e3o econ\u00f4mica do nosso pa\u00eds<\/strong>.<\/p>\n<p>Ressalta-se que projetos completos, desenvolvidos com recursos e prazos adequados, e conclu\u00eddos previamente \u00e0 contrata\u00e7\u00e3o das obras, possibilitam a execu\u00e7\u00e3o segura de empreendimentos de qualidade, por pre\u00e7os justos e dentro dos prazos acordados. Os projetos s\u00e3o documentos imprescind\u00edveis para a transpar\u00eancia dos processos de contrata\u00e7\u00e3o das obras e permitem o acompanhamento e o controle da implanta\u00e7\u00e3o de todo o empreendimento, evitando desvios indesej\u00e1veis e at\u00e9 mesmo eventuais ilegalidades.<\/p>\n<p>Certos de que o setor de engenharia consultiva tem muito a contribuir para amenizar os impactos da atual crise pand\u00eamica, e muito mais no processo de recupera\u00e7\u00e3o da nossa economia, renovamos nossos protestos de alta estima e considera\u00e7\u00e3o e colocamo-nos \u00e0 disposi\u00e7\u00e3o para analisar, debater e desenvolver quaisquer medidas que julgue necess\u00e1rias, utilizando recursos de videoconfer\u00eancia ou outros meios de sua conveni\u00eancia.<\/p>\n<p>Eduardo Lafraia<br \/>\nPresidente<br \/>\nInstituto de Engenharia<\/p>\n","protected":false},"excerpt":{"rendered":"<p>Os dados oficiais indicam que a COVID-19 j\u00e1 ceifou perto de duas centenas de milhares de vidas, distribu\u00eddas pelo mundo todo. E juntamente com a pandemia, uma segunda trag\u00e9dia, mas de ordem econ\u00f4mica, encontra-se em evolu\u00e7\u00e3o. \u00c9 not\u00f3ria a deteriora\u00e7\u00e3o da economia de todos os pa\u00edses. A popula\u00e7\u00e3o, que tanto tem sido afetada pela Covid-19 [&hellip;]<\/p>\n","protected":false},"author":2,"featured_media":63014,"comment_status":"open","ping_status":"open","sticky":false,"template":"","format":"standard","meta":{"footnotes":""},"categories":[114,27,141],"tags":[202,1475],"class_list":{"0":"post-63003","1":"post","2":"type-post","3":"status-publish","4":"format-standard","5":"has-post-thumbnail","7":"category-artigos","8":"category-instituto-de-engenharia","9":"category-noticias-menu","10":"tag-destaque","11":"tag-covid"},"yoast_head":"<!-- This site is optimized with the Yoast SEO plugin v27.2 - https:\/\/yoast.com\/product\/yoast-seo-wordpress\/ -->\n<title>Engenharia consultiva: vetor para o Brasil p\u00f3s-crise - Instituto de Engenharia<\/title>\n<meta name=\"robots\" content=\"index, follow, max-snippet:-1, max-image-preview:large, max-video-preview:-1\" \/>\n<link rel=\"canonical\" href=\"https:\/\/www.institutodeengenharia.org.br\/site\/2020\/04\/27\/engenharia-consultiva-vetor-para-o-brasil-pos-crise\/\" \/>\n<meta property=\"og:locale\" content=\"pt_BR\" \/>\n<meta property=\"og:type\" content=\"article\" \/>\n<meta property=\"og:title\" content=\"Engenharia consultiva: vetor para o Brasil p\u00f3s-crise - Instituto de Engenharia\" \/>\n<meta property=\"og:description\" content=\"Os dados oficiais indicam que a COVID-19 j\u00e1 ceifou perto de duas centenas de milhares de vidas, distribu\u00eddas pelo mundo todo. E juntamente com a pandemia, uma segunda trag\u00e9dia, mas de ordem econ\u00f4mica, encontra-se em evolu\u00e7\u00e3o. \u00c9 not\u00f3ria a deteriora\u00e7\u00e3o da economia de todos os pa\u00edses. A popula\u00e7\u00e3o, que tanto tem sido afetada pela Covid-19 [&hellip;]\" \/>\n<meta property=\"og:url\" content=\"https:\/\/www.institutodeengenharia.org.br\/site\/2020\/04\/27\/engenharia-consultiva-vetor-para-o-brasil-pos-crise\/\" \/>\n<meta property=\"og:site_name\" content=\"Instituto de Engenharia\" \/>\n<meta property=\"article:publisher\" content=\"https:\/\/www.facebook.com\/institutodeengenharia\" \/>\n<meta property=\"article:published_time\" content=\"2020-04-27T18:26:48+00:00\" \/>\n<meta property=\"article:modified_time\" content=\"2023-01-09T15:05:27+00:00\" \/>\n<meta property=\"og:image\" content=\"https:\/\/www.institutodeengenharia.org.br\/site\/wp-content\/uploads\/2020\/04\/crescimentoeconomia.jpg\" \/>\n\t<meta property=\"og:image:width\" content=\"1280\" \/>\n\t<meta property=\"og:image:height\" content=\"720\" \/>\n\t<meta property=\"og:image:type\" content=\"image\/jpeg\" \/>\n<meta name=\"author\" content=\"Isabel\" \/>\n<meta name=\"twitter:card\" content=\"summary_large_image\" \/>\n<meta name=\"twitter:creator\" content=\"@iengenharia\" \/>\n<meta name=\"twitter:site\" content=\"@iengenharia\" \/>\n<meta name=\"twitter:label1\" content=\"Escrito por\" \/>\n\t<meta name=\"twitter:data1\" content=\"Isabel\" \/>\n\t<meta name=\"twitter:label2\" content=\"Est. tempo de leitura\" \/>\n\t<meta name=\"twitter:data2\" content=\"5 minutos\" \/>\n<script type=\"application\/ld+json\" class=\"yoast-schema-graph\">{\"@context\":\"https:\/\/schema.org\",\"@graph\":[{\"@type\":\"Article\",\"@id\":\"https:\/\/www.institutodeengenharia.org.br\/site\/2020\/04\/27\/engenharia-consultiva-vetor-para-o-brasil-pos-crise\/#article\",\"isPartOf\":{\"@id\":\"https:\/\/www.institutodeengenharia.org.br\/site\/2020\/04\/27\/engenharia-consultiva-vetor-para-o-brasil-pos-crise\/\"},\"author\":{\"name\":\"Isabel\",\"@id\":\"https:\/\/www.institutodeengenharia.org.br\/site\/#\/schema\/person\/d1764429c217aaa88954818c8f9a3036\"},\"headline\":\"Engenharia consultiva: vetor para o Brasil p\u00f3s-crise\",\"datePublished\":\"2020-04-27T18:26:48+00:00\",\"dateModified\":\"2023-01-09T15:05:27+00:00\",\"mainEntityOfPage\":{\"@id\":\"https:\/\/www.institutodeengenharia.org.br\/site\/2020\/04\/27\/engenharia-consultiva-vetor-para-o-brasil-pos-crise\/\"},\"wordCount\":871,\"commentCount\":0,\"publisher\":{\"@id\":\"https:\/\/www.institutodeengenharia.org.br\/site\/#organization\"},\"image\":{\"@id\":\"https:\/\/www.institutodeengenharia.org.br\/site\/2020\/04\/27\/engenharia-consultiva-vetor-para-o-brasil-pos-crise\/#primaryimage\"},\"thumbnailUrl\":\"https:\/\/www.institutodeengenharia.org.br\/site\/wp-content\/uploads\/2020\/04\/crescimentoeconomia.jpg\",\"keywords\":[\"+ Destaque\",\"covid\"],\"articleSection\":[\"Artigos\",\"Instituto de Engenharia\",\"Not\u00edcias\"],\"inLanguage\":\"pt-BR\",\"potentialAction\":[{\"@type\":\"CommentAction\",\"name\":\"Comment\",\"target\":[\"https:\/\/www.institutodeengenharia.org.br\/site\/2020\/04\/27\/engenharia-consultiva-vetor-para-o-brasil-pos-crise\/#respond\"]}]},{\"@type\":\"WebPage\",\"@id\":\"https:\/\/www.institutodeengenharia.org.br\/site\/2020\/04\/27\/engenharia-consultiva-vetor-para-o-brasil-pos-crise\/\",\"url\":\"https:\/\/www.institutodeengenharia.org.br\/site\/2020\/04\/27\/engenharia-consultiva-vetor-para-o-brasil-pos-crise\/\",\"name\":\"Engenharia consultiva: vetor para o Brasil p\u00f3s-crise - Instituto de Engenharia\",\"isPartOf\":{\"@id\":\"https:\/\/www.institutodeengenharia.org.br\/site\/#website\"},\"primaryImageOfPage\":{\"@id\":\"https:\/\/www.institutodeengenharia.org.br\/site\/2020\/04\/27\/engenharia-consultiva-vetor-para-o-brasil-pos-crise\/#primaryimage\"},\"image\":{\"@id\":\"https:\/\/www.institutodeengenharia.org.br\/site\/2020\/04\/27\/engenharia-consultiva-vetor-para-o-brasil-pos-crise\/#primaryimage\"},\"thumbnailUrl\":\"https:\/\/www.institutodeengenharia.org.br\/site\/wp-content\/uploads\/2020\/04\/crescimentoeconomia.jpg\",\"datePublished\":\"2020-04-27T18:26:48+00:00\",\"dateModified\":\"2023-01-09T15:05:27+00:00\",\"breadcrumb\":{\"@id\":\"https:\/\/www.institutodeengenharia.org.br\/site\/2020\/04\/27\/engenharia-consultiva-vetor-para-o-brasil-pos-crise\/#breadcrumb\"},\"inLanguage\":\"pt-BR\",\"potentialAction\":[{\"@type\":\"ReadAction\",\"target\":[\"https:\/\/www.institutodeengenharia.org.br\/site\/2020\/04\/27\/engenharia-consultiva-vetor-para-o-brasil-pos-crise\/\"]}]},{\"@type\":\"ImageObject\",\"inLanguage\":\"pt-BR\",\"@id\":\"https:\/\/www.institutodeengenharia.org.br\/site\/2020\/04\/27\/engenharia-consultiva-vetor-para-o-brasil-pos-crise\/#primaryimage\",\"url\":\"https:\/\/www.institutodeengenharia.org.br\/site\/wp-content\/uploads\/2020\/04\/crescimentoeconomia.jpg\",\"contentUrl\":\"https:\/\/www.institutodeengenharia.org.br\/site\/wp-content\/uploads\/2020\/04\/crescimentoeconomia.jpg\",\"width\":1280,\"height\":720},{\"@type\":\"BreadcrumbList\",\"@id\":\"https:\/\/www.institutodeengenharia.org.br\/site\/2020\/04\/27\/engenharia-consultiva-vetor-para-o-brasil-pos-crise\/#breadcrumb\",\"itemListElement\":[{\"@type\":\"ListItem\",\"position\":1,\"name\":\"In\u00edcio\",\"item\":\"https:\/\/www.institutodeengenharia.org.br\/site\/\"},{\"@type\":\"ListItem\",\"position\":2,\"name\":\"Engenharia consultiva: vetor para o Brasil p\u00f3s-crise\"}]},{\"@type\":\"WebSite\",\"@id\":\"https:\/\/www.institutodeengenharia.org.br\/site\/#website\",\"url\":\"https:\/\/www.institutodeengenharia.org.br\/site\/\",\"name\":\"Instituto de Engenharia\",\"description\":\"O Instituto de Engenharia promove a Engenharia em benef\u00edcio do desenvolvimento e da qualidade de vida da sociedade.\",\"publisher\":{\"@id\":\"https:\/\/www.institutodeengenharia.org.br\/site\/#organization\"},\"potentialAction\":[{\"@type\":\"SearchAction\",\"target\":{\"@type\":\"EntryPoint\",\"urlTemplate\":\"https:\/\/www.institutodeengenharia.org.br\/site\/?s={search_term_string}\"},\"query-input\":{\"@type\":\"PropertyValueSpecification\",\"valueRequired\":true,\"valueName\":\"search_term_string\"}}],\"inLanguage\":\"pt-BR\"},{\"@type\":\"Organization\",\"@id\":\"https:\/\/www.institutodeengenharia.org.br\/site\/#organization\",\"name\":\"Instituto de Engenharia\",\"url\":\"https:\/\/www.institutodeengenharia.org.br\/site\/\",\"logo\":{\"@type\":\"ImageObject\",\"inLanguage\":\"pt-BR\",\"@id\":\"https:\/\/www.institutodeengenharia.org.br\/site\/#\/schema\/logo\/image\/\",\"url\":\"https:\/\/www.institutodeengenharia.org.br\/site\/wp-content\/uploads\/2019\/03\/logo-novo-IE2018-1.jpg\",\"contentUrl\":\"https:\/\/www.institutodeengenharia.org.br\/site\/wp-content\/uploads\/2019\/03\/logo-novo-IE2018-1.jpg\",\"width\":1486,\"height\":1879,\"caption\":\"Instituto de Engenharia\"},\"image\":{\"@id\":\"https:\/\/www.institutodeengenharia.org.br\/site\/#\/schema\/logo\/image\/\"},\"sameAs\":[\"https:\/\/www.facebook.com\/institutodeengenharia\",\"https:\/\/x.com\/iengenharia\",\"https:\/\/www.instagram.com\/institutodeengenharia\/\",\"https:\/\/www.linkedin.com\/company\/instituto-de-engenharia\/\",\"https:\/\/www.youtube.com\/channel\/UCXiCAlsSMe977vamW915HxA\"]},{\"@type\":\"Person\",\"@id\":\"https:\/\/www.institutodeengenharia.org.br\/site\/#\/schema\/person\/d1764429c217aaa88954818c8f9a3036\",\"name\":\"Isabel\",\"image\":{\"@type\":\"ImageObject\",\"inLanguage\":\"pt-BR\",\"@id\":\"https:\/\/secure.gravatar.com\/avatar\/a91d60506c31a7cb05e69a21529f91908e538db3b21f58bfda4039be740fcb71?s=96&d=mm&r=g\",\"url\":\"https:\/\/secure.gravatar.com\/avatar\/a91d60506c31a7cb05e69a21529f91908e538db3b21f58bfda4039be740fcb71?s=96&d=mm&r=g\",\"contentUrl\":\"https:\/\/secure.gravatar.com\/avatar\/a91d60506c31a7cb05e69a21529f91908e538db3b21f58bfda4039be740fcb71?s=96&d=mm&r=g\",\"caption\":\"Isabel\"},\"url\":\"https:\/\/www.institutodeengenharia.org.br\/site\/author\/isabel\/\"}]}<\/script>\n<!-- \/ Yoast SEO plugin. -->","yoast_head_json":{"title":"Engenharia consultiva: vetor para o Brasil p\u00f3s-crise - Instituto de Engenharia","robots":{"index":"index","follow":"follow","max-snippet":"max-snippet:-1","max-image-preview":"max-image-preview:large","max-video-preview":"max-video-preview:-1"},"canonical":"https:\/\/www.institutodeengenharia.org.br\/site\/2020\/04\/27\/engenharia-consultiva-vetor-para-o-brasil-pos-crise\/","og_locale":"pt_BR","og_type":"article","og_title":"Engenharia consultiva: vetor para o Brasil p\u00f3s-crise - Instituto de Engenharia","og_description":"Os dados oficiais indicam que a COVID-19 j\u00e1 ceifou perto de duas centenas de milhares de vidas, distribu\u00eddas pelo mundo todo. E juntamente com a pandemia, uma segunda trag\u00e9dia, mas de ordem econ\u00f4mica, encontra-se em evolu\u00e7\u00e3o. \u00c9 not\u00f3ria a deteriora\u00e7\u00e3o da economia de todos os pa\u00edses. A popula\u00e7\u00e3o, que tanto tem sido afetada pela Covid-19 [&hellip;]","og_url":"https:\/\/www.institutodeengenharia.org.br\/site\/2020\/04\/27\/engenharia-consultiva-vetor-para-o-brasil-pos-crise\/","og_site_name":"Instituto de Engenharia","article_publisher":"https:\/\/www.facebook.com\/institutodeengenharia","article_published_time":"2020-04-27T18:26:48+00:00","article_modified_time":"2023-01-09T15:05:27+00:00","og_image":[{"width":1280,"height":720,"url":"https:\/\/www.institutodeengenharia.org.br\/site\/wp-content\/uploads\/2020\/04\/crescimentoeconomia.jpg","type":"image\/jpeg"}],"author":"Isabel","twitter_card":"summary_large_image","twitter_creator":"@iengenharia","twitter_site":"@iengenharia","twitter_misc":{"Escrito por":"Isabel","Est. tempo de leitura":"5 minutos"},"schema":{"@context":"https:\/\/schema.org","@graph":[{"@type":"Article","@id":"https:\/\/www.institutodeengenharia.org.br\/site\/2020\/04\/27\/engenharia-consultiva-vetor-para-o-brasil-pos-crise\/#article","isPartOf":{"@id":"https:\/\/www.institutodeengenharia.org.br\/site\/2020\/04\/27\/engenharia-consultiva-vetor-para-o-brasil-pos-crise\/"},"author":{"name":"Isabel","@id":"https:\/\/www.institutodeengenharia.org.br\/site\/#\/schema\/person\/d1764429c217aaa88954818c8f9a3036"},"headline":"Engenharia consultiva: vetor para o Brasil p\u00f3s-crise","datePublished":"2020-04-27T18:26:48+00:00","dateModified":"2023-01-09T15:05:27+00:00","mainEntityOfPage":{"@id":"https:\/\/www.institutodeengenharia.org.br\/site\/2020\/04\/27\/engenharia-consultiva-vetor-para-o-brasil-pos-crise\/"},"wordCount":871,"commentCount":0,"publisher":{"@id":"https:\/\/www.institutodeengenharia.org.br\/site\/#organization"},"image":{"@id":"https:\/\/www.institutodeengenharia.org.br\/site\/2020\/04\/27\/engenharia-consultiva-vetor-para-o-brasil-pos-crise\/#primaryimage"},"thumbnailUrl":"https:\/\/www.institutodeengenharia.org.br\/site\/wp-content\/uploads\/2020\/04\/crescimentoeconomia.jpg","keywords":["+ Destaque","covid"],"articleSection":["Artigos","Instituto de Engenharia","Not\u00edcias"],"inLanguage":"pt-BR","potentialAction":[{"@type":"CommentAction","name":"Comment","target":["https:\/\/www.institutodeengenharia.org.br\/site\/2020\/04\/27\/engenharia-consultiva-vetor-para-o-brasil-pos-crise\/#respond"]}]},{"@type":"WebPage","@id":"https:\/\/www.institutodeengenharia.org.br\/site\/2020\/04\/27\/engenharia-consultiva-vetor-para-o-brasil-pos-crise\/","url":"https:\/\/www.institutodeengenharia.org.br\/site\/2020\/04\/27\/engenharia-consultiva-vetor-para-o-brasil-pos-crise\/","name":"Engenharia consultiva: vetor para o Brasil p\u00f3s-crise - Instituto de Engenharia","isPartOf":{"@id":"https:\/\/www.institutodeengenharia.org.br\/site\/#website"},"primaryImageOfPage":{"@id":"https:\/\/www.institutodeengenharia.org.br\/site\/2020\/04\/27\/engenharia-consultiva-vetor-para-o-brasil-pos-crise\/#primaryimage"},"image":{"@id":"https:\/\/www.institutodeengenharia.org.br\/site\/2020\/04\/27\/engenharia-consultiva-vetor-para-o-brasil-pos-crise\/#primaryimage"},"thumbnailUrl":"https:\/\/www.institutodeengenharia.org.br\/site\/wp-content\/uploads\/2020\/04\/crescimentoeconomia.jpg","datePublished":"2020-04-27T18:26:48+00:00","dateModified":"2023-01-09T15:05:27+00:00","breadcrumb":{"@id":"https:\/\/www.institutodeengenharia.org.br\/site\/2020\/04\/27\/engenharia-consultiva-vetor-para-o-brasil-pos-crise\/#breadcrumb"},"inLanguage":"pt-BR","potentialAction":[{"@type":"ReadAction","target":["https:\/\/www.institutodeengenharia.org.br\/site\/2020\/04\/27\/engenharia-consultiva-vetor-para-o-brasil-pos-crise\/"]}]},{"@type":"ImageObject","inLanguage":"pt-BR","@id":"https:\/\/www.institutodeengenharia.org.br\/site\/2020\/04\/27\/engenharia-consultiva-vetor-para-o-brasil-pos-crise\/#primaryimage","url":"https:\/\/www.institutodeengenharia.org.br\/site\/wp-content\/uploads\/2020\/04\/crescimentoeconomia.jpg","contentUrl":"https:\/\/www.institutodeengenharia.org.br\/site\/wp-content\/uploads\/2020\/04\/crescimentoeconomia.jpg","width":1280,"height":720},{"@type":"BreadcrumbList","@id":"https:\/\/www.institutodeengenharia.org.br\/site\/2020\/04\/27\/engenharia-consultiva-vetor-para-o-brasil-pos-crise\/#breadcrumb","itemListElement":[{"@type":"ListItem","position":1,"name":"In\u00edcio","item":"https:\/\/www.institutodeengenharia.org.br\/site\/"},{"@type":"ListItem","position":2,"name":"Engenharia consultiva: vetor para o Brasil p\u00f3s-crise"}]},{"@type":"WebSite","@id":"https:\/\/www.institutodeengenharia.org.br\/site\/#website","url":"https:\/\/www.institutodeengenharia.org.br\/site\/","name":"Instituto de Engenharia","description":"O Instituto de Engenharia promove a Engenharia em benef\u00edcio do desenvolvimento e da qualidade de vida da sociedade.","publisher":{"@id":"https:\/\/www.institutodeengenharia.org.br\/site\/#organization"},"potentialAction":[{"@type":"SearchAction","target":{"@type":"EntryPoint","urlTemplate":"https:\/\/www.institutodeengenharia.org.br\/site\/?s={search_term_string}"},"query-input":{"@type":"PropertyValueSpecification","valueRequired":true,"valueName":"search_term_string"}}],"inLanguage":"pt-BR"},{"@type":"Organization","@id":"https:\/\/www.institutodeengenharia.org.br\/site\/#organization","name":"Instituto de Engenharia","url":"https:\/\/www.institutodeengenharia.org.br\/site\/","logo":{"@type":"ImageObject","inLanguage":"pt-BR","@id":"https:\/\/www.institutodeengenharia.org.br\/site\/#\/schema\/logo\/image\/","url":"https:\/\/www.institutodeengenharia.org.br\/site\/wp-content\/uploads\/2019\/03\/logo-novo-IE2018-1.jpg","contentUrl":"https:\/\/www.institutodeengenharia.org.br\/site\/wp-content\/uploads\/2019\/03\/logo-novo-IE2018-1.jpg","width":1486,"height":1879,"caption":"Instituto de Engenharia"},"image":{"@id":"https:\/\/www.institutodeengenharia.org.br\/site\/#\/schema\/logo\/image\/"},"sameAs":["https:\/\/www.facebook.com\/institutodeengenharia","https:\/\/x.com\/iengenharia","https:\/\/www.instagram.com\/institutodeengenharia\/","https:\/\/www.linkedin.com\/company\/instituto-de-engenharia\/","https:\/\/www.youtube.com\/channel\/UCXiCAlsSMe977vamW915HxA"]},{"@type":"Person","@id":"https:\/\/www.institutodeengenharia.org.br\/site\/#\/schema\/person\/d1764429c217aaa88954818c8f9a3036","name":"Isabel","image":{"@type":"ImageObject","inLanguage":"pt-BR","@id":"https:\/\/secure.gravatar.com\/avatar\/a91d60506c31a7cb05e69a21529f91908e538db3b21f58bfda4039be740fcb71?s=96&d=mm&r=g","url":"https:\/\/secure.gravatar.com\/avatar\/a91d60506c31a7cb05e69a21529f91908e538db3b21f58bfda4039be740fcb71?s=96&d=mm&r=g","contentUrl":"https:\/\/secure.gravatar.com\/avatar\/a91d60506c31a7cb05e69a21529f91908e538db3b21f58bfda4039be740fcb71?s=96&d=mm&r=g","caption":"Isabel"},"url":"https:\/\/www.institutodeengenharia.org.br\/site\/author\/isabel\/"}]}},"_links":{"self":[{"href":"https:\/\/www.institutodeengenharia.org.br\/site\/wp-json\/wp\/v2\/posts\/63003","targetHints":{"allow":["GET"]}}],"collection":[{"href":"https:\/\/www.institutodeengenharia.org.br\/site\/wp-json\/wp\/v2\/posts"}],"about":[{"href":"https:\/\/www.institutodeengenharia.org.br\/site\/wp-json\/wp\/v2\/types\/post"}],"author":[{"embeddable":true,"href":"https:\/\/www.institutodeengenharia.org.br\/site\/wp-json\/wp\/v2\/users\/2"}],"replies":[{"embeddable":true,"href":"https:\/\/www.institutodeengenharia.org.br\/site\/wp-json\/wp\/v2\/comments?post=63003"}],"version-history":[{"count":2,"href":"https:\/\/www.institutodeengenharia.org.br\/site\/wp-json\/wp\/v2\/posts\/63003\/revisions"}],"predecessor-version":[{"id":63017,"href":"https:\/\/www.institutodeengenharia.org.br\/site\/wp-json\/wp\/v2\/posts\/63003\/revisions\/63017"}],"wp:featuredmedia":[{"embeddable":true,"href":"https:\/\/www.institutodeengenharia.org.br\/site\/wp-json\/wp\/v2\/media\/63014"}],"wp:attachment":[{"href":"https:\/\/www.institutodeengenharia.org.br\/site\/wp-json\/wp\/v2\/media?parent=63003"}],"wp:term":[{"taxonomy":"category","embeddable":true,"href":"https:\/\/www.institutodeengenharia.org.br\/site\/wp-json\/wp\/v2\/categories?post=63003"},{"taxonomy":"post_tag","embeddable":true,"href":"https:\/\/www.institutodeengenharia.org.br\/site\/wp-json\/wp\/v2\/tags?post=63003"}],"curies":[{"name":"wp","href":"https:\/\/api.w.org\/{rel}","templated":true}]}}