{"id":62025,"date":"2020-04-09T10:44:18","date_gmt":"2020-04-09T13:44:18","guid":{"rendered":"https:\/\/www.institutodeengenharia.org.br\/site\/?p=62025"},"modified":"2020-04-09T10:44:18","modified_gmt":"2020-04-09T13:44:18","slug":"confira-a-trajetoria-de-maria-prestes-maia","status":"publish","type":"post","link":"https:\/\/www.institutodeengenharia.org.br\/site\/2020\/04\/09\/confira-a-trajetoria-de-maria-prestes-maia\/","title":{"rendered":"Confira a trajet\u00f3ria de Maria Prestes Maia"},"content":{"rendered":"<p>Mulher do ex-prefeito Francisco Prestes Maia, a atriz e ativista pol\u00edtica Maria de Lourdes Costa Cabral Prestes Maia foi uma das feministas mais engajadas da hist\u00f3ria da capital paulista. Nascida em 1901 na cidade portuguesa de Alenquer, ela desembarcou no Rio de Janeiro aos 29 anos como integrante do elenco da pe\u00e7a Chico das Pegas. Ap\u00f3s uma das apresenta\u00e7\u00f5es, Maria de Lourdes conheceu o ent\u00e3o engenheiro Prestes Maia e apaixonou-se. Divorciada em Portugal, algo malvisto \u00e0 \u00e9poca, passou a viver com ele em S\u00e3o Paulo (s\u00f3 se casariam no papel \u00e0s v\u00e9speras da morte dele). Entusiasta da pol\u00edtica, Maria de Lourdes participava ativamente das campanhas eleitorais do marido.<\/p>\n<p>Depois que Prestes Maia assumiu a prefeitura, em 1938, ela comandou as a\u00e7\u00f5es sociais da gest\u00e3o. Empenhada nesse trabalho, buscou o apoio de mulheres da elite paulistana para os projetos beneficentes. Em 1958, assumiu a diretoria da Federa\u00e7\u00e3o das Mulheres do Brasil, entidade formada no fim dos anos 40 para defender causas feministas, com forte influ\u00eancia do Partido Comunista Brasileiro (PCB), mesmo contrariando o marido.<\/p>\n<p>Durante a ditadura militar, integrou movimentos contra a repress\u00e3o do regime. No teatro, foi professora de dic\u00e7\u00e3o e orat\u00f3ria de v\u00e1rios colegas, como Paulo Autran e S\u00e9rgio Cardoso, e apoiou a abertura do Teatro Oficina. Morreu em 1988, aos 86 anos. A historiadora Maria Izilda Santos de Matos, professora da Pontif\u00edcia Universidade Cat\u00f3lica de S\u00e3o Paulo (PUC-SP), publicou em 2014 o artigo \u201cMaria Prestes Maia: trajet\u00f3ria, luta pol\u00edtica e feminista\u201d para resgatar a import\u00e2ncia de sua milit\u00e2ncia. \u201cMaria Portuguesa, como era conhecida, n\u00e3o gostava de ser chamada de primeira-dama, nomeando-se primeira-oper\u00e1ria\u201d, escreveu.<\/p>\n<figure id=\"attachment_62026\" aria-describedby=\"caption-attachment-62026\" style=\"width: 1280px\" class=\"wp-caption alignnone\"><img loading=\"lazy\" decoding=\"async\" class=\"wp-image-62026 size-full\" src=\"https:\/\/www.institutodeengenharia.org.br\/site\/wp-content\/uploads\/2020\/04\/WhatsApp-Image-2020-04-09-at-10.39.50.jpeg\" alt=\"\" width=\"1280\" height=\"1079\" srcset=\"https:\/\/www.institutodeengenharia.org.br\/site\/wp-content\/uploads\/2020\/04\/WhatsApp-Image-2020-04-09-at-10.39.50.jpeg 1280w, https:\/\/www.institutodeengenharia.org.br\/site\/wp-content\/uploads\/2020\/04\/WhatsApp-Image-2020-04-09-at-10.39.50-300x253.jpeg 300w, https:\/\/www.institutodeengenharia.org.br\/site\/wp-content\/uploads\/2020\/04\/WhatsApp-Image-2020-04-09-at-10.39.50-768x647.jpeg 768w, https:\/\/www.institutodeengenharia.org.br\/site\/wp-content\/uploads\/2020\/04\/WhatsApp-Image-2020-04-09-at-10.39.50-1024x863.jpeg 1024w, https:\/\/www.institutodeengenharia.org.br\/site\/wp-content\/uploads\/2020\/04\/WhatsApp-Image-2020-04-09-at-10.39.50-696x587.jpeg 696w, https:\/\/www.institutodeengenharia.org.br\/site\/wp-content\/uploads\/2020\/04\/WhatsApp-Image-2020-04-09-at-10.39.50-1068x900.jpeg 1068w, https:\/\/www.institutodeengenharia.org.br\/site\/wp-content\/uploads\/2020\/04\/WhatsApp-Image-2020-04-09-at-10.39.50-498x420.jpeg 498w, https:\/\/www.institutodeengenharia.org.br\/site\/wp-content\/uploads\/2020\/04\/WhatsApp-Image-2020-04-09-at-10.39.50-600x506.jpeg 600w\" sizes=\"auto, (max-width: 1280px) 100vw, 1280px\" \/><figcaption id=\"caption-attachment-62026\" class=\"wp-caption-text\">Maria Prestes Maia quando visitou o Instituto de Engenharia, em 1955. Na foto, est\u00e1 acompanhada do ent\u00e3o presidente, Pl\u00ednio de Queiroz (\u00e0 esq.) e de Fonseca Telles.<\/figcaption><\/figure>\n<p><em>Fonte Veja S\u00e3o Paulo<\/em><\/p>\n<p>&nbsp;<\/p>\n","protected":false},"excerpt":{"rendered":"<p>Mulher do ex-prefeito Francisco Prestes Maia, a atriz e ativista pol\u00edtica Maria de Lourdes Costa Cabral Prestes Maia foi uma das feministas mais engajadas da hist\u00f3ria da capital paulista. Nascida em 1901 na cidade portuguesa de Alenquer, ela desembarcou no Rio de Janeiro aos 29 anos como integrante do elenco da pe\u00e7a Chico das Pegas. [&hellip;]<\/p>\n","protected":false},"author":13,"featured_media":62027,"comment_status":"open","ping_status":"open","sticky":false,"template":"","format":"standard","meta":{"footnotes":""},"categories":[936],"tags":[],"class_list":{"0":"post-62025","1":"post","2":"type-post","3":"status-publish","4":"format-standard","5":"has-post-thumbnail","7":"category-mulher"},"yoast_head":"<!-- This site is optimized with the Yoast SEO plugin v27.2 - https:\/\/yoast.com\/product\/yoast-seo-wordpress\/ -->\n<title>Confira a trajet\u00f3ria de Maria Prestes Maia - Instituto de Engenharia<\/title>\n<meta name=\"robots\" content=\"index, follow, max-snippet:-1, max-image-preview:large, max-video-preview:-1\" \/>\n<link rel=\"canonical\" href=\"https:\/\/www.institutodeengenharia.org.br\/site\/2020\/04\/09\/confira-a-trajetoria-de-maria-prestes-maia\/\" \/>\n<meta property=\"og:locale\" content=\"pt_BR\" \/>\n<meta property=\"og:type\" content=\"article\" \/>\n<meta property=\"og:title\" content=\"Confira a trajet\u00f3ria de Maria Prestes Maia - Instituto de Engenharia\" \/>\n<meta property=\"og:description\" content=\"Mulher do ex-prefeito Francisco Prestes Maia, a atriz e ativista pol\u00edtica Maria de Lourdes Costa Cabral Prestes Maia foi uma das feministas mais engajadas da hist\u00f3ria da capital paulista. Nascida em 1901 na cidade portuguesa de Alenquer, ela desembarcou no Rio de Janeiro aos 29 anos como integrante do elenco da pe\u00e7a Chico das Pegas. [&hellip;]\" \/>\n<meta property=\"og:url\" content=\"https:\/\/www.institutodeengenharia.org.br\/site\/2020\/04\/09\/confira-a-trajetoria-de-maria-prestes-maia\/\" \/>\n<meta property=\"og:site_name\" content=\"Instituto de Engenharia\" \/>\n<meta property=\"article:publisher\" content=\"https:\/\/www.facebook.com\/institutodeengenharia\" \/>\n<meta property=\"article:published_time\" content=\"2020-04-09T13:44:18+00:00\" \/>\n<meta property=\"og:image\" content=\"https:\/\/www.institutodeengenharia.org.br\/site\/wp-content\/uploads\/2020\/04\/696645-high.jpeg.jpg\" \/>\n\t<meta property=\"og:image:width\" content=\"680\" \/>\n\t<meta property=\"og:image:height\" content=\"453\" \/>\n\t<meta property=\"og:image:type\" content=\"image\/jpeg\" \/>\n<meta name=\"author\" content=\"Bianca\" \/>\n<meta name=\"twitter:card\" content=\"summary_large_image\" \/>\n<meta name=\"twitter:creator\" content=\"@iengenharia\" \/>\n<meta name=\"twitter:site\" content=\"@iengenharia\" \/>\n<meta name=\"twitter:label1\" content=\"Escrito por\" \/>\n\t<meta name=\"twitter:data1\" content=\"Bianca\" \/>\n\t<meta name=\"twitter:label2\" content=\"Est. tempo de leitura\" \/>\n\t<meta name=\"twitter:data2\" content=\"2 minutos\" \/>\n<script type=\"application\/ld+json\" class=\"yoast-schema-graph\">{\"@context\":\"https:\/\/schema.org\",\"@graph\":[{\"@type\":\"Article\",\"@id\":\"https:\/\/www.institutodeengenharia.org.br\/site\/2020\/04\/09\/confira-a-trajetoria-de-maria-prestes-maia\/#article\",\"isPartOf\":{\"@id\":\"https:\/\/www.institutodeengenharia.org.br\/site\/2020\/04\/09\/confira-a-trajetoria-de-maria-prestes-maia\/\"},\"author\":{\"name\":\"Bianca\",\"@id\":\"https:\/\/www.institutodeengenharia.org.br\/site\/#\/schema\/person\/aeb64951c405e100d26d30b033dd423f\"},\"headline\":\"Confira a trajet\u00f3ria de Maria Prestes Maia\",\"datePublished\":\"2020-04-09T13:44:18+00:00\",\"mainEntityOfPage\":{\"@id\":\"https:\/\/www.institutodeengenharia.org.br\/site\/2020\/04\/09\/confira-a-trajetoria-de-maria-prestes-maia\/\"},\"wordCount\":331,\"commentCount\":0,\"publisher\":{\"@id\":\"https:\/\/www.institutodeengenharia.org.br\/site\/#organization\"},\"image\":{\"@id\":\"https:\/\/www.institutodeengenharia.org.br\/site\/2020\/04\/09\/confira-a-trajetoria-de-maria-prestes-maia\/#primaryimage\"},\"thumbnailUrl\":\"https:\/\/www.institutodeengenharia.org.br\/site\/wp-content\/uploads\/2020\/04\/696645-high.jpeg.jpg\",\"articleSection\":[\"Mulher\"],\"inLanguage\":\"pt-BR\",\"potentialAction\":[{\"@type\":\"CommentAction\",\"name\":\"Comment\",\"target\":[\"https:\/\/www.institutodeengenharia.org.br\/site\/2020\/04\/09\/confira-a-trajetoria-de-maria-prestes-maia\/#respond\"]}]},{\"@type\":\"WebPage\",\"@id\":\"https:\/\/www.institutodeengenharia.org.br\/site\/2020\/04\/09\/confira-a-trajetoria-de-maria-prestes-maia\/\",\"url\":\"https:\/\/www.institutodeengenharia.org.br\/site\/2020\/04\/09\/confira-a-trajetoria-de-maria-prestes-maia\/\",\"name\":\"Confira a trajet\u00f3ria de Maria Prestes Maia - Instituto de Engenharia\",\"isPartOf\":{\"@id\":\"https:\/\/www.institutodeengenharia.org.br\/site\/#website\"},\"primaryImageOfPage\":{\"@id\":\"https:\/\/www.institutodeengenharia.org.br\/site\/2020\/04\/09\/confira-a-trajetoria-de-maria-prestes-maia\/#primaryimage\"},\"image\":{\"@id\":\"https:\/\/www.institutodeengenharia.org.br\/site\/2020\/04\/09\/confira-a-trajetoria-de-maria-prestes-maia\/#primaryimage\"},\"thumbnailUrl\":\"https:\/\/www.institutodeengenharia.org.br\/site\/wp-content\/uploads\/2020\/04\/696645-high.jpeg.jpg\",\"datePublished\":\"2020-04-09T13:44:18+00:00\",\"breadcrumb\":{\"@id\":\"https:\/\/www.institutodeengenharia.org.br\/site\/2020\/04\/09\/confira-a-trajetoria-de-maria-prestes-maia\/#breadcrumb\"},\"inLanguage\":\"pt-BR\",\"potentialAction\":[{\"@type\":\"ReadAction\",\"target\":[\"https:\/\/www.institutodeengenharia.org.br\/site\/2020\/04\/09\/confira-a-trajetoria-de-maria-prestes-maia\/\"]}]},{\"@type\":\"ImageObject\",\"inLanguage\":\"pt-BR\",\"@id\":\"https:\/\/www.institutodeengenharia.org.br\/site\/2020\/04\/09\/confira-a-trajetoria-de-maria-prestes-maia\/#primaryimage\",\"url\":\"https:\/\/www.institutodeengenharia.org.br\/site\/wp-content\/uploads\/2020\/04\/696645-high.jpeg.jpg\",\"contentUrl\":\"https:\/\/www.institutodeengenharia.org.br\/site\/wp-content\/uploads\/2020\/04\/696645-high.jpeg.jpg\",\"width\":680,\"height\":453,\"caption\":\"Maria de Lourdes em congresso da Federa\u00e7\u00e3o Democr\u00e1tica Internacional de Mulheres, em 1958: ativismo (Acervo UH\/Arquivo do Estado\/FolhaPress\/Divulga\u00e7\u00e3o)\"},{\"@type\":\"BreadcrumbList\",\"@id\":\"https:\/\/www.institutodeengenharia.org.br\/site\/2020\/04\/09\/confira-a-trajetoria-de-maria-prestes-maia\/#breadcrumb\",\"itemListElement\":[{\"@type\":\"ListItem\",\"position\":1,\"name\":\"In\u00edcio\",\"item\":\"https:\/\/www.institutodeengenharia.org.br\/site\/\"},{\"@type\":\"ListItem\",\"position\":2,\"name\":\"Confira a trajet\u00f3ria de Maria Prestes Maia\"}]},{\"@type\":\"WebSite\",\"@id\":\"https:\/\/www.institutodeengenharia.org.br\/site\/#website\",\"url\":\"https:\/\/www.institutodeengenharia.org.br\/site\/\",\"name\":\"Instituto de Engenharia\",\"description\":\"O Instituto de Engenharia promove a Engenharia em benef\u00edcio do desenvolvimento e da qualidade de vida da sociedade.\",\"publisher\":{\"@id\":\"https:\/\/www.institutodeengenharia.org.br\/site\/#organization\"},\"potentialAction\":[{\"@type\":\"SearchAction\",\"target\":{\"@type\":\"EntryPoint\",\"urlTemplate\":\"https:\/\/www.institutodeengenharia.org.br\/site\/?s={search_term_string}\"},\"query-input\":{\"@type\":\"PropertyValueSpecification\",\"valueRequired\":true,\"valueName\":\"search_term_string\"}}],\"inLanguage\":\"pt-BR\"},{\"@type\":\"Organization\",\"@id\":\"https:\/\/www.institutodeengenharia.org.br\/site\/#organization\",\"name\":\"Instituto de Engenharia\",\"url\":\"https:\/\/www.institutodeengenharia.org.br\/site\/\",\"logo\":{\"@type\":\"ImageObject\",\"inLanguage\":\"pt-BR\",\"@id\":\"https:\/\/www.institutodeengenharia.org.br\/site\/#\/schema\/logo\/image\/\",\"url\":\"https:\/\/www.institutodeengenharia.org.br\/site\/wp-content\/uploads\/2019\/03\/logo-novo-IE2018-1.jpg\",\"contentUrl\":\"https:\/\/www.institutodeengenharia.org.br\/site\/wp-content\/uploads\/2019\/03\/logo-novo-IE2018-1.jpg\",\"width\":1486,\"height\":1879,\"caption\":\"Instituto de Engenharia\"},\"image\":{\"@id\":\"https:\/\/www.institutodeengenharia.org.br\/site\/#\/schema\/logo\/image\/\"},\"sameAs\":[\"https:\/\/www.facebook.com\/institutodeengenharia\",\"https:\/\/x.com\/iengenharia\",\"https:\/\/www.instagram.com\/institutodeengenharia\/\",\"https:\/\/www.linkedin.com\/company\/instituto-de-engenharia\/\",\"https:\/\/www.youtube.com\/channel\/UCXiCAlsSMe977vamW915HxA\"]},{\"@type\":\"Person\",\"@id\":\"https:\/\/www.institutodeengenharia.org.br\/site\/#\/schema\/person\/aeb64951c405e100d26d30b033dd423f\",\"name\":\"Bianca\",\"image\":{\"@type\":\"ImageObject\",\"inLanguage\":\"pt-BR\",\"@id\":\"https:\/\/secure.gravatar.com\/avatar\/a6fbe9bff57405baf4c1e2c5c1811e072b558253974a9f9508f4678900c97c2a?s=96&d=mm&r=g\",\"url\":\"https:\/\/secure.gravatar.com\/avatar\/a6fbe9bff57405baf4c1e2c5c1811e072b558253974a9f9508f4678900c97c2a?s=96&d=mm&r=g\",\"contentUrl\":\"https:\/\/secure.gravatar.com\/avatar\/a6fbe9bff57405baf4c1e2c5c1811e072b558253974a9f9508f4678900c97c2a?s=96&d=mm&r=g\",\"caption\":\"Bianca\"},\"url\":\"https:\/\/www.institutodeengenharia.org.br\/site\/author\/comunicacao1\/\"}]}<\/script>\n<!-- \/ Yoast SEO plugin. -->","yoast_head_json":{"title":"Confira a trajet\u00f3ria de Maria Prestes Maia - Instituto de Engenharia","robots":{"index":"index","follow":"follow","max-snippet":"max-snippet:-1","max-image-preview":"max-image-preview:large","max-video-preview":"max-video-preview:-1"},"canonical":"https:\/\/www.institutodeengenharia.org.br\/site\/2020\/04\/09\/confira-a-trajetoria-de-maria-prestes-maia\/","og_locale":"pt_BR","og_type":"article","og_title":"Confira a trajet\u00f3ria de Maria Prestes Maia - Instituto de Engenharia","og_description":"Mulher do ex-prefeito Francisco Prestes Maia, a atriz e ativista pol\u00edtica Maria de Lourdes Costa Cabral Prestes Maia foi uma das feministas mais engajadas da hist\u00f3ria da capital paulista. Nascida em 1901 na cidade portuguesa de Alenquer, ela desembarcou no Rio de Janeiro aos 29 anos como integrante do elenco da pe\u00e7a Chico das Pegas. [&hellip;]","og_url":"https:\/\/www.institutodeengenharia.org.br\/site\/2020\/04\/09\/confira-a-trajetoria-de-maria-prestes-maia\/","og_site_name":"Instituto de Engenharia","article_publisher":"https:\/\/www.facebook.com\/institutodeengenharia","article_published_time":"2020-04-09T13:44:18+00:00","og_image":[{"width":680,"height":453,"url":"https:\/\/www.institutodeengenharia.org.br\/site\/wp-content\/uploads\/2020\/04\/696645-high.jpeg.jpg","type":"image\/jpeg"}],"author":"Bianca","twitter_card":"summary_large_image","twitter_creator":"@iengenharia","twitter_site":"@iengenharia","twitter_misc":{"Escrito por":"Bianca","Est. tempo de leitura":"2 minutos"},"schema":{"@context":"https:\/\/schema.org","@graph":[{"@type":"Article","@id":"https:\/\/www.institutodeengenharia.org.br\/site\/2020\/04\/09\/confira-a-trajetoria-de-maria-prestes-maia\/#article","isPartOf":{"@id":"https:\/\/www.institutodeengenharia.org.br\/site\/2020\/04\/09\/confira-a-trajetoria-de-maria-prestes-maia\/"},"author":{"name":"Bianca","@id":"https:\/\/www.institutodeengenharia.org.br\/site\/#\/schema\/person\/aeb64951c405e100d26d30b033dd423f"},"headline":"Confira a trajet\u00f3ria de Maria Prestes Maia","datePublished":"2020-04-09T13:44:18+00:00","mainEntityOfPage":{"@id":"https:\/\/www.institutodeengenharia.org.br\/site\/2020\/04\/09\/confira-a-trajetoria-de-maria-prestes-maia\/"},"wordCount":331,"commentCount":0,"publisher":{"@id":"https:\/\/www.institutodeengenharia.org.br\/site\/#organization"},"image":{"@id":"https:\/\/www.institutodeengenharia.org.br\/site\/2020\/04\/09\/confira-a-trajetoria-de-maria-prestes-maia\/#primaryimage"},"thumbnailUrl":"https:\/\/www.institutodeengenharia.org.br\/site\/wp-content\/uploads\/2020\/04\/696645-high.jpeg.jpg","articleSection":["Mulher"],"inLanguage":"pt-BR","potentialAction":[{"@type":"CommentAction","name":"Comment","target":["https:\/\/www.institutodeengenharia.org.br\/site\/2020\/04\/09\/confira-a-trajetoria-de-maria-prestes-maia\/#respond"]}]},{"@type":"WebPage","@id":"https:\/\/www.institutodeengenharia.org.br\/site\/2020\/04\/09\/confira-a-trajetoria-de-maria-prestes-maia\/","url":"https:\/\/www.institutodeengenharia.org.br\/site\/2020\/04\/09\/confira-a-trajetoria-de-maria-prestes-maia\/","name":"Confira a trajet\u00f3ria de Maria Prestes Maia - Instituto de Engenharia","isPartOf":{"@id":"https:\/\/www.institutodeengenharia.org.br\/site\/#website"},"primaryImageOfPage":{"@id":"https:\/\/www.institutodeengenharia.org.br\/site\/2020\/04\/09\/confira-a-trajetoria-de-maria-prestes-maia\/#primaryimage"},"image":{"@id":"https:\/\/www.institutodeengenharia.org.br\/site\/2020\/04\/09\/confira-a-trajetoria-de-maria-prestes-maia\/#primaryimage"},"thumbnailUrl":"https:\/\/www.institutodeengenharia.org.br\/site\/wp-content\/uploads\/2020\/04\/696645-high.jpeg.jpg","datePublished":"2020-04-09T13:44:18+00:00","breadcrumb":{"@id":"https:\/\/www.institutodeengenharia.org.br\/site\/2020\/04\/09\/confira-a-trajetoria-de-maria-prestes-maia\/#breadcrumb"},"inLanguage":"pt-BR","potentialAction":[{"@type":"ReadAction","target":["https:\/\/www.institutodeengenharia.org.br\/site\/2020\/04\/09\/confira-a-trajetoria-de-maria-prestes-maia\/"]}]},{"@type":"ImageObject","inLanguage":"pt-BR","@id":"https:\/\/www.institutodeengenharia.org.br\/site\/2020\/04\/09\/confira-a-trajetoria-de-maria-prestes-maia\/#primaryimage","url":"https:\/\/www.institutodeengenharia.org.br\/site\/wp-content\/uploads\/2020\/04\/696645-high.jpeg.jpg","contentUrl":"https:\/\/www.institutodeengenharia.org.br\/site\/wp-content\/uploads\/2020\/04\/696645-high.jpeg.jpg","width":680,"height":453,"caption":"Maria de Lourdes em congresso da Federa\u00e7\u00e3o Democr\u00e1tica Internacional de Mulheres, em 1958: ativismo (Acervo UH\/Arquivo do Estado\/FolhaPress\/Divulga\u00e7\u00e3o)"},{"@type":"BreadcrumbList","@id":"https:\/\/www.institutodeengenharia.org.br\/site\/2020\/04\/09\/confira-a-trajetoria-de-maria-prestes-maia\/#breadcrumb","itemListElement":[{"@type":"ListItem","position":1,"name":"In\u00edcio","item":"https:\/\/www.institutodeengenharia.org.br\/site\/"},{"@type":"ListItem","position":2,"name":"Confira a trajet\u00f3ria de Maria Prestes Maia"}]},{"@type":"WebSite","@id":"https:\/\/www.institutodeengenharia.org.br\/site\/#website","url":"https:\/\/www.institutodeengenharia.org.br\/site\/","name":"Instituto de Engenharia","description":"O Instituto de Engenharia promove a Engenharia em benef\u00edcio do desenvolvimento e da qualidade de vida da sociedade.","publisher":{"@id":"https:\/\/www.institutodeengenharia.org.br\/site\/#organization"},"potentialAction":[{"@type":"SearchAction","target":{"@type":"EntryPoint","urlTemplate":"https:\/\/www.institutodeengenharia.org.br\/site\/?s={search_term_string}"},"query-input":{"@type":"PropertyValueSpecification","valueRequired":true,"valueName":"search_term_string"}}],"inLanguage":"pt-BR"},{"@type":"Organization","@id":"https:\/\/www.institutodeengenharia.org.br\/site\/#organization","name":"Instituto de Engenharia","url":"https:\/\/www.institutodeengenharia.org.br\/site\/","logo":{"@type":"ImageObject","inLanguage":"pt-BR","@id":"https:\/\/www.institutodeengenharia.org.br\/site\/#\/schema\/logo\/image\/","url":"https:\/\/www.institutodeengenharia.org.br\/site\/wp-content\/uploads\/2019\/03\/logo-novo-IE2018-1.jpg","contentUrl":"https:\/\/www.institutodeengenharia.org.br\/site\/wp-content\/uploads\/2019\/03\/logo-novo-IE2018-1.jpg","width":1486,"height":1879,"caption":"Instituto de Engenharia"},"image":{"@id":"https:\/\/www.institutodeengenharia.org.br\/site\/#\/schema\/logo\/image\/"},"sameAs":["https:\/\/www.facebook.com\/institutodeengenharia","https:\/\/x.com\/iengenharia","https:\/\/www.instagram.com\/institutodeengenharia\/","https:\/\/www.linkedin.com\/company\/instituto-de-engenharia\/","https:\/\/www.youtube.com\/channel\/UCXiCAlsSMe977vamW915HxA"]},{"@type":"Person","@id":"https:\/\/www.institutodeengenharia.org.br\/site\/#\/schema\/person\/aeb64951c405e100d26d30b033dd423f","name":"Bianca","image":{"@type":"ImageObject","inLanguage":"pt-BR","@id":"https:\/\/secure.gravatar.com\/avatar\/a6fbe9bff57405baf4c1e2c5c1811e072b558253974a9f9508f4678900c97c2a?s=96&d=mm&r=g","url":"https:\/\/secure.gravatar.com\/avatar\/a6fbe9bff57405baf4c1e2c5c1811e072b558253974a9f9508f4678900c97c2a?s=96&d=mm&r=g","contentUrl":"https:\/\/secure.gravatar.com\/avatar\/a6fbe9bff57405baf4c1e2c5c1811e072b558253974a9f9508f4678900c97c2a?s=96&d=mm&r=g","caption":"Bianca"},"url":"https:\/\/www.institutodeengenharia.org.br\/site\/author\/comunicacao1\/"}]}},"_links":{"self":[{"href":"https:\/\/www.institutodeengenharia.org.br\/site\/wp-json\/wp\/v2\/posts\/62025","targetHints":{"allow":["GET"]}}],"collection":[{"href":"https:\/\/www.institutodeengenharia.org.br\/site\/wp-json\/wp\/v2\/posts"}],"about":[{"href":"https:\/\/www.institutodeengenharia.org.br\/site\/wp-json\/wp\/v2\/types\/post"}],"author":[{"embeddable":true,"href":"https:\/\/www.institutodeengenharia.org.br\/site\/wp-json\/wp\/v2\/users\/13"}],"replies":[{"embeddable":true,"href":"https:\/\/www.institutodeengenharia.org.br\/site\/wp-json\/wp\/v2\/comments?post=62025"}],"version-history":[{"count":1,"href":"https:\/\/www.institutodeengenharia.org.br\/site\/wp-json\/wp\/v2\/posts\/62025\/revisions"}],"predecessor-version":[{"id":62028,"href":"https:\/\/www.institutodeengenharia.org.br\/site\/wp-json\/wp\/v2\/posts\/62025\/revisions\/62028"}],"wp:featuredmedia":[{"embeddable":true,"href":"https:\/\/www.institutodeengenharia.org.br\/site\/wp-json\/wp\/v2\/media\/62027"}],"wp:attachment":[{"href":"https:\/\/www.institutodeengenharia.org.br\/site\/wp-json\/wp\/v2\/media?parent=62025"}],"wp:term":[{"taxonomy":"category","embeddable":true,"href":"https:\/\/www.institutodeengenharia.org.br\/site\/wp-json\/wp\/v2\/categories?post=62025"},{"taxonomy":"post_tag","embeddable":true,"href":"https:\/\/www.institutodeengenharia.org.br\/site\/wp-json\/wp\/v2\/tags?post=62025"}],"curies":[{"name":"wp","href":"https:\/\/api.w.org\/{rel}","templated":true}]}}