{"id":61247,"date":"2020-03-30T09:00:39","date_gmt":"2020-03-30T12:00:39","guid":{"rendered":"https:\/\/www.institutodeengenharia.org.br\/site\/?p=61247"},"modified":"2023-01-10T11:13:59","modified_gmt":"2023-01-10T14:13:59","slug":"cenarios-do-setor-de-oleo-gas-e-energia-sinergias-entre-os-mercados-privado-e-publico-com-transmissao-ao-vivo","status":"publish","type":"post","link":"https:\/\/www.institutodeengenharia.org.br\/site\/2020\/03\/30\/cenarios-do-setor-de-oleo-gas-e-energia-sinergias-entre-os-mercados-privado-e-publico-com-transmissao-ao-vivo\/","title":{"rendered":"\u00c9 nesta quinta (16), o Webinar Cen\u00e1rios do Setor de \u00d3leo, G\u00e1s e Energia \u2013 Sinergias entre os Mercados Privado e P\u00fablico. Inscreva-se j\u00e1"},"content":{"rendered":"<p>Em continuidade a s\u00e9rie iniciada em 2019 de O&amp;G&amp;E, o Instituto de Engenharia discutir\u00e1 o setor de petr\u00f3leo, g\u00e1s e energia.\u00a0<strong>Neste ano, a s\u00e9rie ser\u00e1 em formato Webinar, tendo em vista o momento que passamos com a pandemia do coronav\u00edrus e, tamb\u00e9m, para tornar o compartilhamento das informa\u00e7\u00f5es mais eficaz pelo meio digital.<\/strong><\/p>\n<p>O evento contar\u00e1 com <strong>grandes nomes do setor<\/strong>, como <strong>Marcos Penido<\/strong>, secret\u00e1rio Estadual de Infraestrutura e Meio Ambiente,\u00a0<strong>Jos\u00e9 Mauro Ferreira<\/strong>, secret\u00e1rio de Petr\u00f3leo G\u00e1s Natural e Biocombust\u00edveis do Minist\u00e9rio de Minas e Energia,\u00a0<strong>Jo\u00e3o Carlos de Souza Meirelles<\/strong>, ex-secret\u00e1rio de Energia e Minera\u00e7\u00e3o do Estado de S\u00e3o Paulo,\u00a0<strong>Shigeaki Ueki<\/strong>,\u00a0ex-ministro e ex-presidente da Petrobras, e <strong>Jo\u00e3o Ricardo Lafraia<\/strong>, presidente do Conselho Deliberativo da Abraman. Do Instituto de Engenharia, Jos\u00e9 Eduardo Frasca Poyares Jardim, coordenador da GT O&amp;G&amp;E, e Eduardo Lafraia, presidente da entidade.<\/p>\n<p><strong><a href=\"https:\/\/www.institutodeengenharia.org.br\/site\/events\/cenarios-do-setor-de-oleo-gas-e-energia-sinergias-entre-os-mercados-privado-e-publico\/\">Clique<\/a> e inscreva-se gratuitamente.<\/strong><\/p>\n","protected":false},"excerpt":{"rendered":"<p>Em continuidade a s\u00e9rie iniciada em 2019 de O&amp;G&amp;E, o Instituto de Engenharia discutir\u00e1 o setor de petr\u00f3leo, g\u00e1s e energia.\u00a0Neste ano, a s\u00e9rie ser\u00e1 em formato Webinar, tendo em vista o momento que passamos com a pandemia do coronav\u00edrus e, tamb\u00e9m, para tornar o compartilhamento das informa\u00e7\u00f5es mais eficaz pelo meio digital. O evento [&hellip;]<\/p>\n","protected":false},"author":2,"featured_media":43500,"comment_status":"open","ping_status":"open","sticky":false,"template":"","format":"standard","meta":{"footnotes":""},"categories":[27,6],"tags":[1475,201],"class_list":{"0":"post-61247","1":"post","2":"type-post","3":"status-publish","4":"format-standard","5":"has-post-thumbnail","7":"category-instituto-de-engenharia","8":"category-noticias","9":"tag-covid","10":"tag-destaque-topo"},"yoast_head":"<!-- This site is optimized with the Yoast SEO plugin v27.2 - https:\/\/yoast.com\/product\/yoast-seo-wordpress\/ -->\n<title>\u00c9 nesta quinta (16), o Webinar Cen\u00e1rios do Setor de \u00d3leo, G\u00e1s e Energia \u2013 Sinergias entre os Mercados Privado e P\u00fablico. Inscreva-se j\u00e1 - Instituto de Engenharia<\/title>\n<meta name=\"robots\" content=\"index, follow, max-snippet:-1, max-image-preview:large, max-video-preview:-1\" \/>\n<link rel=\"canonical\" href=\"https:\/\/www.institutodeengenharia.org.br\/site\/2020\/03\/30\/cenarios-do-setor-de-oleo-gas-e-energia-sinergias-entre-os-mercados-privado-e-publico-com-transmissao-ao-vivo\/\" \/>\n<meta property=\"og:locale\" content=\"pt_BR\" \/>\n<meta property=\"og:type\" content=\"article\" \/>\n<meta property=\"og:title\" content=\"\u00c9 nesta quinta (16), o Webinar Cen\u00e1rios do Setor de \u00d3leo, G\u00e1s e Energia \u2013 Sinergias entre os Mercados Privado e P\u00fablico. Inscreva-se j\u00e1 - Instituto de Engenharia\" \/>\n<meta property=\"og:description\" content=\"Em continuidade a s\u00e9rie iniciada em 2019 de O&amp;G&amp;E, o Instituto de Engenharia discutir\u00e1 o setor de petr\u00f3leo, g\u00e1s e energia.\u00a0Neste ano, a s\u00e9rie ser\u00e1 em formato Webinar, tendo em vista o momento que passamos com a pandemia do coronav\u00edrus e, tamb\u00e9m, para tornar o compartilhamento das informa\u00e7\u00f5es mais eficaz pelo meio digital. O evento [&hellip;]\" \/>\n<meta property=\"og:url\" content=\"https:\/\/www.institutodeengenharia.org.br\/site\/2020\/03\/30\/cenarios-do-setor-de-oleo-gas-e-energia-sinergias-entre-os-mercados-privado-e-publico-com-transmissao-ao-vivo\/\" \/>\n<meta property=\"og:site_name\" content=\"Instituto de Engenharia\" \/>\n<meta property=\"article:publisher\" content=\"https:\/\/www.facebook.com\/institutodeengenharia\" \/>\n<meta property=\"article:published_time\" content=\"2020-03-30T12:00:39+00:00\" \/>\n<meta property=\"article:modified_time\" content=\"2023-01-10T14:13:59+00:00\" \/>\n<meta property=\"og:image\" content=\"https:\/\/www.institutodeengenharia.org.br\/site\/wp-content\/uploads\/2019\/08\/petroleo.jpg\" \/>\n\t<meta property=\"og:image:width\" content=\"2600\" \/>\n\t<meta property=\"og:image:height\" content=\"1950\" \/>\n\t<meta property=\"og:image:type\" content=\"image\/jpeg\" \/>\n<meta name=\"author\" content=\"Isabel\" \/>\n<meta name=\"twitter:card\" content=\"summary_large_image\" \/>\n<meta name=\"twitter:creator\" content=\"@iengenharia\" \/>\n<meta name=\"twitter:site\" content=\"@iengenharia\" \/>\n<meta name=\"twitter:label1\" content=\"Escrito por\" \/>\n\t<meta name=\"twitter:data1\" content=\"Isabel\" \/>\n\t<meta name=\"twitter:label2\" content=\"Est. tempo de leitura\" \/>\n\t<meta name=\"twitter:data2\" content=\"1 minuto\" \/>\n<script type=\"application\/ld+json\" class=\"yoast-schema-graph\">{\"@context\":\"https:\/\/schema.org\",\"@graph\":[{\"@type\":\"Article\",\"@id\":\"https:\/\/www.institutodeengenharia.org.br\/site\/2020\/03\/30\/cenarios-do-setor-de-oleo-gas-e-energia-sinergias-entre-os-mercados-privado-e-publico-com-transmissao-ao-vivo\/#article\",\"isPartOf\":{\"@id\":\"https:\/\/www.institutodeengenharia.org.br\/site\/2020\/03\/30\/cenarios-do-setor-de-oleo-gas-e-energia-sinergias-entre-os-mercados-privado-e-publico-com-transmissao-ao-vivo\/\"},\"author\":{\"name\":\"Isabel\",\"@id\":\"https:\/\/www.institutodeengenharia.org.br\/site\/#\/schema\/person\/d1764429c217aaa88954818c8f9a3036\"},\"headline\":\"\u00c9 nesta quinta (16), o Webinar Cen\u00e1rios do Setor de \u00d3leo, G\u00e1s e Energia \u2013 Sinergias entre os Mercados Privado e P\u00fablico. Inscreva-se j\u00e1\",\"datePublished\":\"2020-03-30T12:00:39+00:00\",\"dateModified\":\"2023-01-10T14:13:59+00:00\",\"mainEntityOfPage\":{\"@id\":\"https:\/\/www.institutodeengenharia.org.br\/site\/2020\/03\/30\/cenarios-do-setor-de-oleo-gas-e-energia-sinergias-entre-os-mercados-privado-e-publico-com-transmissao-ao-vivo\/\"},\"wordCount\":192,\"commentCount\":0,\"publisher\":{\"@id\":\"https:\/\/www.institutodeengenharia.org.br\/site\/#organization\"},\"image\":{\"@id\":\"https:\/\/www.institutodeengenharia.org.br\/site\/2020\/03\/30\/cenarios-do-setor-de-oleo-gas-e-energia-sinergias-entre-os-mercados-privado-e-publico-com-transmissao-ao-vivo\/#primaryimage\"},\"thumbnailUrl\":\"https:\/\/www.institutodeengenharia.org.br\/site\/wp-content\/uploads\/2019\/08\/petroleo.jpg\",\"keywords\":[\"covid\",\"Destaque Topo\"],\"articleSection\":[\"Instituto de Engenharia\",\"Not\u00edcias\"],\"inLanguage\":\"pt-BR\",\"potentialAction\":[{\"@type\":\"CommentAction\",\"name\":\"Comment\",\"target\":[\"https:\/\/www.institutodeengenharia.org.br\/site\/2020\/03\/30\/cenarios-do-setor-de-oleo-gas-e-energia-sinergias-entre-os-mercados-privado-e-publico-com-transmissao-ao-vivo\/#respond\"]}]},{\"@type\":\"WebPage\",\"@id\":\"https:\/\/www.institutodeengenharia.org.br\/site\/2020\/03\/30\/cenarios-do-setor-de-oleo-gas-e-energia-sinergias-entre-os-mercados-privado-e-publico-com-transmissao-ao-vivo\/\",\"url\":\"https:\/\/www.institutodeengenharia.org.br\/site\/2020\/03\/30\/cenarios-do-setor-de-oleo-gas-e-energia-sinergias-entre-os-mercados-privado-e-publico-com-transmissao-ao-vivo\/\",\"name\":\"\u00c9 nesta quinta (16), o Webinar Cen\u00e1rios do Setor de \u00d3leo, G\u00e1s e Energia \u2013 Sinergias entre os Mercados Privado e P\u00fablico. Inscreva-se j\u00e1 - Instituto de Engenharia\",\"isPartOf\":{\"@id\":\"https:\/\/www.institutodeengenharia.org.br\/site\/#website\"},\"primaryImageOfPage\":{\"@id\":\"https:\/\/www.institutodeengenharia.org.br\/site\/2020\/03\/30\/cenarios-do-setor-de-oleo-gas-e-energia-sinergias-entre-os-mercados-privado-e-publico-com-transmissao-ao-vivo\/#primaryimage\"},\"image\":{\"@id\":\"https:\/\/www.institutodeengenharia.org.br\/site\/2020\/03\/30\/cenarios-do-setor-de-oleo-gas-e-energia-sinergias-entre-os-mercados-privado-e-publico-com-transmissao-ao-vivo\/#primaryimage\"},\"thumbnailUrl\":\"https:\/\/www.institutodeengenharia.org.br\/site\/wp-content\/uploads\/2019\/08\/petroleo.jpg\",\"datePublished\":\"2020-03-30T12:00:39+00:00\",\"dateModified\":\"2023-01-10T14:13:59+00:00\",\"breadcrumb\":{\"@id\":\"https:\/\/www.institutodeengenharia.org.br\/site\/2020\/03\/30\/cenarios-do-setor-de-oleo-gas-e-energia-sinergias-entre-os-mercados-privado-e-publico-com-transmissao-ao-vivo\/#breadcrumb\"},\"inLanguage\":\"pt-BR\",\"potentialAction\":[{\"@type\":\"ReadAction\",\"target\":[\"https:\/\/www.institutodeengenharia.org.br\/site\/2020\/03\/30\/cenarios-do-setor-de-oleo-gas-e-energia-sinergias-entre-os-mercados-privado-e-publico-com-transmissao-ao-vivo\/\"]}]},{\"@type\":\"ImageObject\",\"inLanguage\":\"pt-BR\",\"@id\":\"https:\/\/www.institutodeengenharia.org.br\/site\/2020\/03\/30\/cenarios-do-setor-de-oleo-gas-e-energia-sinergias-entre-os-mercados-privado-e-publico-com-transmissao-ao-vivo\/#primaryimage\",\"url\":\"https:\/\/www.institutodeengenharia.org.br\/site\/wp-content\/uploads\/2019\/08\/petroleo.jpg\",\"contentUrl\":\"https:\/\/www.institutodeengenharia.org.br\/site\/wp-content\/uploads\/2019\/08\/petroleo.jpg\",\"width\":2600,\"height\":1950},{\"@type\":\"BreadcrumbList\",\"@id\":\"https:\/\/www.institutodeengenharia.org.br\/site\/2020\/03\/30\/cenarios-do-setor-de-oleo-gas-e-energia-sinergias-entre-os-mercados-privado-e-publico-com-transmissao-ao-vivo\/#breadcrumb\",\"itemListElement\":[{\"@type\":\"ListItem\",\"position\":1,\"name\":\"In\u00edcio\",\"item\":\"https:\/\/www.institutodeengenharia.org.br\/site\/\"},{\"@type\":\"ListItem\",\"position\":2,\"name\":\"\u00c9 nesta quinta (16), o Webinar Cen\u00e1rios do Setor de \u00d3leo, G\u00e1s e Energia \u2013 Sinergias entre os Mercados Privado e P\u00fablico. Inscreva-se j\u00e1\"}]},{\"@type\":\"WebSite\",\"@id\":\"https:\/\/www.institutodeengenharia.org.br\/site\/#website\",\"url\":\"https:\/\/www.institutodeengenharia.org.br\/site\/\",\"name\":\"Instituto de Engenharia\",\"description\":\"O Instituto de Engenharia promove a Engenharia em benef\u00edcio do desenvolvimento e da qualidade de vida da sociedade.\",\"publisher\":{\"@id\":\"https:\/\/www.institutodeengenharia.org.br\/site\/#organization\"},\"potentialAction\":[{\"@type\":\"SearchAction\",\"target\":{\"@type\":\"EntryPoint\",\"urlTemplate\":\"https:\/\/www.institutodeengenharia.org.br\/site\/?s={search_term_string}\"},\"query-input\":{\"@type\":\"PropertyValueSpecification\",\"valueRequired\":true,\"valueName\":\"search_term_string\"}}],\"inLanguage\":\"pt-BR\"},{\"@type\":\"Organization\",\"@id\":\"https:\/\/www.institutodeengenharia.org.br\/site\/#organization\",\"name\":\"Instituto de Engenharia\",\"url\":\"https:\/\/www.institutodeengenharia.org.br\/site\/\",\"logo\":{\"@type\":\"ImageObject\",\"inLanguage\":\"pt-BR\",\"@id\":\"https:\/\/www.institutodeengenharia.org.br\/site\/#\/schema\/logo\/image\/\",\"url\":\"https:\/\/www.institutodeengenharia.org.br\/site\/wp-content\/uploads\/2019\/03\/logo-novo-IE2018-1.jpg\",\"contentUrl\":\"https:\/\/www.institutodeengenharia.org.br\/site\/wp-content\/uploads\/2019\/03\/logo-novo-IE2018-1.jpg\",\"width\":1486,\"height\":1879,\"caption\":\"Instituto de Engenharia\"},\"image\":{\"@id\":\"https:\/\/www.institutodeengenharia.org.br\/site\/#\/schema\/logo\/image\/\"},\"sameAs\":[\"https:\/\/www.facebook.com\/institutodeengenharia\",\"https:\/\/x.com\/iengenharia\",\"https:\/\/www.instagram.com\/institutodeengenharia\/\",\"https:\/\/www.linkedin.com\/company\/instituto-de-engenharia\/\",\"https:\/\/www.youtube.com\/channel\/UCXiCAlsSMe977vamW915HxA\"]},{\"@type\":\"Person\",\"@id\":\"https:\/\/www.institutodeengenharia.org.br\/site\/#\/schema\/person\/d1764429c217aaa88954818c8f9a3036\",\"name\":\"Isabel\",\"image\":{\"@type\":\"ImageObject\",\"inLanguage\":\"pt-BR\",\"@id\":\"https:\/\/secure.gravatar.com\/avatar\/a91d60506c31a7cb05e69a21529f91908e538db3b21f58bfda4039be740fcb71?s=96&d=mm&r=g\",\"url\":\"https:\/\/secure.gravatar.com\/avatar\/a91d60506c31a7cb05e69a21529f91908e538db3b21f58bfda4039be740fcb71?s=96&d=mm&r=g\",\"contentUrl\":\"https:\/\/secure.gravatar.com\/avatar\/a91d60506c31a7cb05e69a21529f91908e538db3b21f58bfda4039be740fcb71?s=96&d=mm&r=g\",\"caption\":\"Isabel\"},\"url\":\"https:\/\/www.institutodeengenharia.org.br\/site\/author\/isabel\/\"}]}<\/script>\n<!-- \/ Yoast SEO plugin. -->","yoast_head_json":{"title":"\u00c9 nesta quinta (16), o Webinar Cen\u00e1rios do Setor de \u00d3leo, G\u00e1s e Energia \u2013 Sinergias entre os Mercados Privado e P\u00fablico. Inscreva-se j\u00e1 - Instituto de Engenharia","robots":{"index":"index","follow":"follow","max-snippet":"max-snippet:-1","max-image-preview":"max-image-preview:large","max-video-preview":"max-video-preview:-1"},"canonical":"https:\/\/www.institutodeengenharia.org.br\/site\/2020\/03\/30\/cenarios-do-setor-de-oleo-gas-e-energia-sinergias-entre-os-mercados-privado-e-publico-com-transmissao-ao-vivo\/","og_locale":"pt_BR","og_type":"article","og_title":"\u00c9 nesta quinta (16), o Webinar Cen\u00e1rios do Setor de \u00d3leo, G\u00e1s e Energia \u2013 Sinergias entre os Mercados Privado e P\u00fablico. Inscreva-se j\u00e1 - Instituto de Engenharia","og_description":"Em continuidade a s\u00e9rie iniciada em 2019 de O&amp;G&amp;E, o Instituto de Engenharia discutir\u00e1 o setor de petr\u00f3leo, g\u00e1s e energia.\u00a0Neste ano, a s\u00e9rie ser\u00e1 em formato Webinar, tendo em vista o momento que passamos com a pandemia do coronav\u00edrus e, tamb\u00e9m, para tornar o compartilhamento das informa\u00e7\u00f5es mais eficaz pelo meio digital. O evento [&hellip;]","og_url":"https:\/\/www.institutodeengenharia.org.br\/site\/2020\/03\/30\/cenarios-do-setor-de-oleo-gas-e-energia-sinergias-entre-os-mercados-privado-e-publico-com-transmissao-ao-vivo\/","og_site_name":"Instituto de Engenharia","article_publisher":"https:\/\/www.facebook.com\/institutodeengenharia","article_published_time":"2020-03-30T12:00:39+00:00","article_modified_time":"2023-01-10T14:13:59+00:00","og_image":[{"width":2600,"height":1950,"url":"https:\/\/www.institutodeengenharia.org.br\/site\/wp-content\/uploads\/2019\/08\/petroleo.jpg","type":"image\/jpeg"}],"author":"Isabel","twitter_card":"summary_large_image","twitter_creator":"@iengenharia","twitter_site":"@iengenharia","twitter_misc":{"Escrito por":"Isabel","Est. tempo de leitura":"1 minuto"},"schema":{"@context":"https:\/\/schema.org","@graph":[{"@type":"Article","@id":"https:\/\/www.institutodeengenharia.org.br\/site\/2020\/03\/30\/cenarios-do-setor-de-oleo-gas-e-energia-sinergias-entre-os-mercados-privado-e-publico-com-transmissao-ao-vivo\/#article","isPartOf":{"@id":"https:\/\/www.institutodeengenharia.org.br\/site\/2020\/03\/30\/cenarios-do-setor-de-oleo-gas-e-energia-sinergias-entre-os-mercados-privado-e-publico-com-transmissao-ao-vivo\/"},"author":{"name":"Isabel","@id":"https:\/\/www.institutodeengenharia.org.br\/site\/#\/schema\/person\/d1764429c217aaa88954818c8f9a3036"},"headline":"\u00c9 nesta quinta (16), o Webinar Cen\u00e1rios do Setor de \u00d3leo, G\u00e1s e Energia \u2013 Sinergias entre os Mercados Privado e P\u00fablico. Inscreva-se j\u00e1","datePublished":"2020-03-30T12:00:39+00:00","dateModified":"2023-01-10T14:13:59+00:00","mainEntityOfPage":{"@id":"https:\/\/www.institutodeengenharia.org.br\/site\/2020\/03\/30\/cenarios-do-setor-de-oleo-gas-e-energia-sinergias-entre-os-mercados-privado-e-publico-com-transmissao-ao-vivo\/"},"wordCount":192,"commentCount":0,"publisher":{"@id":"https:\/\/www.institutodeengenharia.org.br\/site\/#organization"},"image":{"@id":"https:\/\/www.institutodeengenharia.org.br\/site\/2020\/03\/30\/cenarios-do-setor-de-oleo-gas-e-energia-sinergias-entre-os-mercados-privado-e-publico-com-transmissao-ao-vivo\/#primaryimage"},"thumbnailUrl":"https:\/\/www.institutodeengenharia.org.br\/site\/wp-content\/uploads\/2019\/08\/petroleo.jpg","keywords":["covid","Destaque Topo"],"articleSection":["Instituto de Engenharia","Not\u00edcias"],"inLanguage":"pt-BR","potentialAction":[{"@type":"CommentAction","name":"Comment","target":["https:\/\/www.institutodeengenharia.org.br\/site\/2020\/03\/30\/cenarios-do-setor-de-oleo-gas-e-energia-sinergias-entre-os-mercados-privado-e-publico-com-transmissao-ao-vivo\/#respond"]}]},{"@type":"WebPage","@id":"https:\/\/www.institutodeengenharia.org.br\/site\/2020\/03\/30\/cenarios-do-setor-de-oleo-gas-e-energia-sinergias-entre-os-mercados-privado-e-publico-com-transmissao-ao-vivo\/","url":"https:\/\/www.institutodeengenharia.org.br\/site\/2020\/03\/30\/cenarios-do-setor-de-oleo-gas-e-energia-sinergias-entre-os-mercados-privado-e-publico-com-transmissao-ao-vivo\/","name":"\u00c9 nesta quinta (16), o Webinar Cen\u00e1rios do Setor de \u00d3leo, G\u00e1s e Energia \u2013 Sinergias entre os Mercados Privado e P\u00fablico. Inscreva-se j\u00e1 - Instituto de Engenharia","isPartOf":{"@id":"https:\/\/www.institutodeengenharia.org.br\/site\/#website"},"primaryImageOfPage":{"@id":"https:\/\/www.institutodeengenharia.org.br\/site\/2020\/03\/30\/cenarios-do-setor-de-oleo-gas-e-energia-sinergias-entre-os-mercados-privado-e-publico-com-transmissao-ao-vivo\/#primaryimage"},"image":{"@id":"https:\/\/www.institutodeengenharia.org.br\/site\/2020\/03\/30\/cenarios-do-setor-de-oleo-gas-e-energia-sinergias-entre-os-mercados-privado-e-publico-com-transmissao-ao-vivo\/#primaryimage"},"thumbnailUrl":"https:\/\/www.institutodeengenharia.org.br\/site\/wp-content\/uploads\/2019\/08\/petroleo.jpg","datePublished":"2020-03-30T12:00:39+00:00","dateModified":"2023-01-10T14:13:59+00:00","breadcrumb":{"@id":"https:\/\/www.institutodeengenharia.org.br\/site\/2020\/03\/30\/cenarios-do-setor-de-oleo-gas-e-energia-sinergias-entre-os-mercados-privado-e-publico-com-transmissao-ao-vivo\/#breadcrumb"},"inLanguage":"pt-BR","potentialAction":[{"@type":"ReadAction","target":["https:\/\/www.institutodeengenharia.org.br\/site\/2020\/03\/30\/cenarios-do-setor-de-oleo-gas-e-energia-sinergias-entre-os-mercados-privado-e-publico-com-transmissao-ao-vivo\/"]}]},{"@type":"ImageObject","inLanguage":"pt-BR","@id":"https:\/\/www.institutodeengenharia.org.br\/site\/2020\/03\/30\/cenarios-do-setor-de-oleo-gas-e-energia-sinergias-entre-os-mercados-privado-e-publico-com-transmissao-ao-vivo\/#primaryimage","url":"https:\/\/www.institutodeengenharia.org.br\/site\/wp-content\/uploads\/2019\/08\/petroleo.jpg","contentUrl":"https:\/\/www.institutodeengenharia.org.br\/site\/wp-content\/uploads\/2019\/08\/petroleo.jpg","width":2600,"height":1950},{"@type":"BreadcrumbList","@id":"https:\/\/www.institutodeengenharia.org.br\/site\/2020\/03\/30\/cenarios-do-setor-de-oleo-gas-e-energia-sinergias-entre-os-mercados-privado-e-publico-com-transmissao-ao-vivo\/#breadcrumb","itemListElement":[{"@type":"ListItem","position":1,"name":"In\u00edcio","item":"https:\/\/www.institutodeengenharia.org.br\/site\/"},{"@type":"ListItem","position":2,"name":"\u00c9 nesta quinta (16), o Webinar Cen\u00e1rios do Setor de \u00d3leo, G\u00e1s e Energia \u2013 Sinergias entre os Mercados Privado e P\u00fablico. Inscreva-se j\u00e1"}]},{"@type":"WebSite","@id":"https:\/\/www.institutodeengenharia.org.br\/site\/#website","url":"https:\/\/www.institutodeengenharia.org.br\/site\/","name":"Instituto de Engenharia","description":"O Instituto de Engenharia promove a Engenharia em benef\u00edcio do desenvolvimento e da qualidade de vida da sociedade.","publisher":{"@id":"https:\/\/www.institutodeengenharia.org.br\/site\/#organization"},"potentialAction":[{"@type":"SearchAction","target":{"@type":"EntryPoint","urlTemplate":"https:\/\/www.institutodeengenharia.org.br\/site\/?s={search_term_string}"},"query-input":{"@type":"PropertyValueSpecification","valueRequired":true,"valueName":"search_term_string"}}],"inLanguage":"pt-BR"},{"@type":"Organization","@id":"https:\/\/www.institutodeengenharia.org.br\/site\/#organization","name":"Instituto de Engenharia","url":"https:\/\/www.institutodeengenharia.org.br\/site\/","logo":{"@type":"ImageObject","inLanguage":"pt-BR","@id":"https:\/\/www.institutodeengenharia.org.br\/site\/#\/schema\/logo\/image\/","url":"https:\/\/www.institutodeengenharia.org.br\/site\/wp-content\/uploads\/2019\/03\/logo-novo-IE2018-1.jpg","contentUrl":"https:\/\/www.institutodeengenharia.org.br\/site\/wp-content\/uploads\/2019\/03\/logo-novo-IE2018-1.jpg","width":1486,"height":1879,"caption":"Instituto de Engenharia"},"image":{"@id":"https:\/\/www.institutodeengenharia.org.br\/site\/#\/schema\/logo\/image\/"},"sameAs":["https:\/\/www.facebook.com\/institutodeengenharia","https:\/\/x.com\/iengenharia","https:\/\/www.instagram.com\/institutodeengenharia\/","https:\/\/www.linkedin.com\/company\/instituto-de-engenharia\/","https:\/\/www.youtube.com\/channel\/UCXiCAlsSMe977vamW915HxA"]},{"@type":"Person","@id":"https:\/\/www.institutodeengenharia.org.br\/site\/#\/schema\/person\/d1764429c217aaa88954818c8f9a3036","name":"Isabel","image":{"@type":"ImageObject","inLanguage":"pt-BR","@id":"https:\/\/secure.gravatar.com\/avatar\/a91d60506c31a7cb05e69a21529f91908e538db3b21f58bfda4039be740fcb71?s=96&d=mm&r=g","url":"https:\/\/secure.gravatar.com\/avatar\/a91d60506c31a7cb05e69a21529f91908e538db3b21f58bfda4039be740fcb71?s=96&d=mm&r=g","contentUrl":"https:\/\/secure.gravatar.com\/avatar\/a91d60506c31a7cb05e69a21529f91908e538db3b21f58bfda4039be740fcb71?s=96&d=mm&r=g","caption":"Isabel"},"url":"https:\/\/www.institutodeengenharia.org.br\/site\/author\/isabel\/"}]}},"_links":{"self":[{"href":"https:\/\/www.institutodeengenharia.org.br\/site\/wp-json\/wp\/v2\/posts\/61247","targetHints":{"allow":["GET"]}}],"collection":[{"href":"https:\/\/www.institutodeengenharia.org.br\/site\/wp-json\/wp\/v2\/posts"}],"about":[{"href":"https:\/\/www.institutodeengenharia.org.br\/site\/wp-json\/wp\/v2\/types\/post"}],"author":[{"embeddable":true,"href":"https:\/\/www.institutodeengenharia.org.br\/site\/wp-json\/wp\/v2\/users\/2"}],"replies":[{"embeddable":true,"href":"https:\/\/www.institutodeengenharia.org.br\/site\/wp-json\/wp\/v2\/comments?post=61247"}],"version-history":[{"count":14,"href":"https:\/\/www.institutodeengenharia.org.br\/site\/wp-json\/wp\/v2\/posts\/61247\/revisions"}],"predecessor-version":[{"id":62262,"href":"https:\/\/www.institutodeengenharia.org.br\/site\/wp-json\/wp\/v2\/posts\/61247\/revisions\/62262"}],"wp:featuredmedia":[{"embeddable":true,"href":"https:\/\/www.institutodeengenharia.org.br\/site\/wp-json\/wp\/v2\/media\/43500"}],"wp:attachment":[{"href":"https:\/\/www.institutodeengenharia.org.br\/site\/wp-json\/wp\/v2\/media?parent=61247"}],"wp:term":[{"taxonomy":"category","embeddable":true,"href":"https:\/\/www.institutodeengenharia.org.br\/site\/wp-json\/wp\/v2\/categories?post=61247"},{"taxonomy":"post_tag","embeddable":true,"href":"https:\/\/www.institutodeengenharia.org.br\/site\/wp-json\/wp\/v2\/tags?post=61247"}],"curies":[{"name":"wp","href":"https:\/\/api.w.org\/{rel}","templated":true}]}}