{"id":60091,"date":"2020-02-06T17:04:36","date_gmt":"2020-02-06T19:04:36","guid":{"rendered":"https:\/\/www.institutodeengenharia.org.br\/site\/?p=60091"},"modified":"2020-02-07T17:08:11","modified_gmt":"2020-02-07T19:08:11","slug":"sustentabilidade-aplicada-a-energia-dos-materiais-uma-avaliacao-dos-compositos-cimenticeos","status":"publish","type":"post","link":"https:\/\/www.institutodeengenharia.org.br\/site\/2020\/02\/06\/sustentabilidade-aplicada-a-energia-dos-materiais-uma-avaliacao-dos-compositos-cimenticeos\/","title":{"rendered":"Sustentabilidade aplicada \u00e0 energia dos materiais \u2013 Uma avalia\u00e7\u00e3o dos comp\u00f3sitos ciment\u00edceos"},"content":{"rendered":"<p><iframe loading=\"lazy\" src=\"https:\/\/player.vimeo.com\/video\/390035896\" width=\"640\" height=\"480\" frameborder=\"0\" allowfullscreen=\"allowfullscreen\"><\/iframe><\/p>\n<p>&nbsp;<\/p>\n<h2>+ Informa\u00e7\u00f5es:<\/h2>\n<p><strong>Abordagem:<\/strong><\/p>\n<p>A palestra objetiva mostrar aos profissionais os impactos socioambientais gerados pela ind\u00fastria da constru\u00e7\u00e3o civil, com \u00eanfase na produ\u00e7\u00e3o dos aglomerantes utilizados na confec\u00e7\u00e3o de elementos de concreto armado, bem como da mobiliza\u00e7\u00e3o da ind\u00fastria na redu\u00e7\u00e3o de energia e impactos gerados pela incorpora\u00e7\u00e3o de diferentes materiais e res\u00edduos em momentos distintos da cadeia produtiva. A palestra explora tamb\u00e9m como esse novo olhar sobre os materiais se reflete nas suas propriedades e manuseio, induzindo o ouvinte a ter uma an\u00e1lise cr\u00edtica sobre o papel do profissional da constru\u00e7\u00e3o como agente transformador do seu meio.<\/p>\n<p><strong>Palestrante:<\/strong><\/p>\n<p><strong>Guilherme Perosso Alves<\/strong><\/p>\n<p>Engenheiro civil com mestrado em Edifica\u00e7\u00f5es pela Universidade Estadual de Londrina \u2013 UEL, \u00e9 docente nos cursos de gradua\u00e7\u00e3o Engenharia Civil e Tecnologia em Constru\u00e7\u00e3o Civil da Universidade Estadual de Maring\u00e1 e p\u00f3s-gradua\u00e7\u00e3o em Estruturas de concreto, Per\u00edcias e Avalia\u00e7\u00f5es da Faculdade Pit\u00e1goras \u2013 Londrina, al\u00e9m de ser o coordenador do programa de p\u00f3s-gradua\u00e7\u00e3o de patologias e per\u00edcias da Faculdade de Ipor\u00e3 \u2013 FIP. Tem experi\u00eancia na \u00e1rea de Engenharia Civil, com \u00eanfase em constru\u00e7\u00e3o civil, atuando principalmente nos seguintes temas: Concretos e argamassas, patologias da constru\u00e7\u00e3o, engenharia diagn\u00f3stica.<\/p>\n<p><strong>Apoio Institucional:<\/strong><\/p>\n<p><strong>\u00a0<img loading=\"lazy\" decoding=\"async\" class=\"alignnone size-full wp-image-34556 td-animation-stack-type0-2\" src=\"https:\/\/www.institutodeengenharia.org.br\/site\/wp-content\/uploads\/2018\/04\/CREA-SP_vertical.jpg\" alt=\"\" width=\"150\" height=\"106\" srcset=\"https:\/\/www.institutodeengenharia.org.br\/site\/wp-content\/uploads\/2018\/04\/CREA-SP_vertical.jpg 150w, https:\/\/www.institutodeengenharia.org.br\/site\/wp-content\/uploads\/2018\/04\/CREA-SP_vertical-100x70.jpg 100w\" sizes=\"auto, (max-width: 150px) 100vw, 150px\" \/><\/strong><\/p>\n<p><strong>Realiza\u00e7\u00e3o:<\/strong><\/p>\n<p><strong>Eng. Jer\u00f4nimo Cabral Pereira Fagundes Neto\u00a0<\/strong>\u2013 Vice-presidente de Atividades T\u00e9cnicas<br \/>\n<strong>Eng. Alessio Bento Borelli<\/strong>\u00a0\u2013 Diretor do Depto. de Engenharia de Energia e Telecomunica\u00e7\u00f5es<br \/>\n<strong>Eng. Roberto Kochen\u00a0<\/strong>\u2013 Diretor do Departamento de Engenharia do Habitat e Infraestrutura<br \/>\n<strong>Eng\u00aa. e Arqt\u00aa. Aurea Vendramin\u00a0<\/strong>\u2013 Coord. da Divis\u00e3o T\u00e9cnica de Controle e Automa\u00e7\u00e3o<br \/>\n<strong>Eng. Jos\u00e9 Manoel de O. Reis<\/strong>\u00a0\u2013 Coord. da DT. de Constru\u00e7\u00e3o Sustent\u00e1vel e Meio Ambiente<br \/>\n<strong>COMET (Comit\u00ea das Mulheres na Engenharia e Tecnologia)<\/strong><\/p>\n","protected":false},"excerpt":{"rendered":"<p>&nbsp; + Informa\u00e7\u00f5es: Abordagem: A palestra objetiva mostrar aos profissionais os impactos socioambientais gerados pela ind\u00fastria da constru\u00e7\u00e3o civil, com \u00eanfase na produ\u00e7\u00e3o dos aglomerantes utilizados na confec\u00e7\u00e3o de elementos de concreto armado, bem como da mobiliza\u00e7\u00e3o da ind\u00fastria na redu\u00e7\u00e3o de energia e impactos gerados pela incorpora\u00e7\u00e3o de diferentes materiais e res\u00edduos em momentos [&hellip;]<\/p>\n","protected":false},"author":13,"featured_media":44219,"comment_status":"open","ping_status":"open","sticky":false,"template":"","format":"standard","meta":{"footnotes":""},"categories":[16,15,43,74,968,969],"tags":[],"class_list":{"0":"post-60091","1":"post","2":"type-post","3":"status-publish","4":"format-standard","5":"has-post-thumbnail","7":"category-departamento-desenvolvimento-de-tecnologia-industria-energia-e-telecomunicacoes","8":"category-departamento-desenvolvimento-de-projetos-e-servicos-de-infraestrutura","9":"category-divisao-tecnica-inteligencia-artificial-controle-e-automacao","10":"category-divisao-tecnica-meio-ambiente-e-sustentabilidade","11":"category-nova-tv-engenharia","12":"category-palestra"},"yoast_head":"<!-- This site is optimized with the Yoast SEO plugin v27.2 - https:\/\/yoast.com\/product\/yoast-seo-wordpress\/ -->\n<title>Sustentabilidade aplicada \u00e0 energia dos materiais \u2013 Uma avalia\u00e7\u00e3o dos comp\u00f3sitos ciment\u00edceos - Instituto de Engenharia<\/title>\n<meta name=\"robots\" content=\"index, follow, max-snippet:-1, max-image-preview:large, max-video-preview:-1\" \/>\n<link rel=\"canonical\" href=\"https:\/\/www.institutodeengenharia.org.br\/site\/2020\/02\/06\/sustentabilidade-aplicada-a-energia-dos-materiais-uma-avaliacao-dos-compositos-cimenticeos\/\" \/>\n<meta property=\"og:locale\" content=\"pt_BR\" \/>\n<meta property=\"og:type\" content=\"article\" \/>\n<meta property=\"og:title\" content=\"Sustentabilidade aplicada \u00e0 energia dos materiais \u2013 Uma avalia\u00e7\u00e3o dos comp\u00f3sitos ciment\u00edceos - Instituto de Engenharia\" \/>\n<meta property=\"og:description\" content=\"&nbsp; + Informa\u00e7\u00f5es: Abordagem: A palestra objetiva mostrar aos profissionais os impactos socioambientais gerados pela ind\u00fastria da constru\u00e7\u00e3o civil, com \u00eanfase na produ\u00e7\u00e3o dos aglomerantes utilizados na confec\u00e7\u00e3o de elementos de concreto armado, bem como da mobiliza\u00e7\u00e3o da ind\u00fastria na redu\u00e7\u00e3o de energia e impactos gerados pela incorpora\u00e7\u00e3o de diferentes materiais e res\u00edduos em momentos [&hellip;]\" \/>\n<meta property=\"og:url\" content=\"https:\/\/www.institutodeengenharia.org.br\/site\/2020\/02\/06\/sustentabilidade-aplicada-a-energia-dos-materiais-uma-avaliacao-dos-compositos-cimenticeos\/\" \/>\n<meta property=\"og:site_name\" content=\"Instituto de Engenharia\" \/>\n<meta property=\"article:publisher\" content=\"https:\/\/www.facebook.com\/institutodeengenharia\" \/>\n<meta property=\"article:published_time\" content=\"2020-02-06T19:04:36+00:00\" \/>\n<meta property=\"article:modified_time\" content=\"2020-02-07T19:08:11+00:00\" \/>\n<meta property=\"og:image\" content=\"https:\/\/www.institutodeengenharia.org.br\/site\/wp-content\/uploads\/2019\/10\/green-building.jpg\" \/>\n\t<meta property=\"og:image:width\" content=\"1417\" \/>\n\t<meta property=\"og:image:height\" content=\"822\" \/>\n\t<meta property=\"og:image:type\" content=\"image\/jpeg\" \/>\n<meta name=\"author\" content=\"Bianca\" \/>\n<meta name=\"twitter:card\" content=\"summary_large_image\" \/>\n<meta name=\"twitter:creator\" content=\"@iengenharia\" \/>\n<meta name=\"twitter:site\" content=\"@iengenharia\" \/>\n<meta name=\"twitter:label1\" content=\"Escrito por\" \/>\n\t<meta name=\"twitter:data1\" content=\"Bianca\" \/>\n\t<meta name=\"twitter:label2\" content=\"Est. tempo de leitura\" \/>\n\t<meta name=\"twitter:data2\" content=\"1 minuto\" \/>\n<script type=\"application\/ld+json\" class=\"yoast-schema-graph\">{\"@context\":\"https:\/\/schema.org\",\"@graph\":[{\"@type\":\"Article\",\"@id\":\"https:\/\/www.institutodeengenharia.org.br\/site\/2020\/02\/06\/sustentabilidade-aplicada-a-energia-dos-materiais-uma-avaliacao-dos-compositos-cimenticeos\/#article\",\"isPartOf\":{\"@id\":\"https:\/\/www.institutodeengenharia.org.br\/site\/2020\/02\/06\/sustentabilidade-aplicada-a-energia-dos-materiais-uma-avaliacao-dos-compositos-cimenticeos\/\"},\"author\":{\"name\":\"Bianca\",\"@id\":\"https:\/\/www.institutodeengenharia.org.br\/site\/#\/schema\/person\/aeb64951c405e100d26d30b033dd423f\"},\"headline\":\"Sustentabilidade aplicada \u00e0 energia dos materiais \u2013 Uma avalia\u00e7\u00e3o dos comp\u00f3sitos ciment\u00edceos\",\"datePublished\":\"2020-02-06T19:04:36+00:00\",\"dateModified\":\"2020-02-07T19:08:11+00:00\",\"mainEntityOfPage\":{\"@id\":\"https:\/\/www.institutodeengenharia.org.br\/site\/2020\/02\/06\/sustentabilidade-aplicada-a-energia-dos-materiais-uma-avaliacao-dos-compositos-cimenticeos\/\"},\"wordCount\":312,\"commentCount\":0,\"publisher\":{\"@id\":\"https:\/\/www.institutodeengenharia.org.br\/site\/#organization\"},\"image\":{\"@id\":\"https:\/\/www.institutodeengenharia.org.br\/site\/2020\/02\/06\/sustentabilidade-aplicada-a-energia-dos-materiais-uma-avaliacao-dos-compositos-cimenticeos\/#primaryimage\"},\"thumbnailUrl\":\"https:\/\/www.institutodeengenharia.org.br\/site\/wp-content\/uploads\/2019\/10\/green-building.jpg\",\"articleSection\":[\"Departamento de Desenvolvimento de Tecnologia, Ind\u00fastria, Energia e Telecomunica\u00e7\u00f5es\",\"Departamento Desenvolvimento de Projetos e Servi\u00e7os de Infraestrutura\",\"Divis\u00e3o T\u00e9cnica Intelig\u00eancia Artificial, Controle e Automa\u00e7\u00e3o\",\"Divis\u00e3o T\u00e9cnica Meio Ambiente e Sustentabilidade\",\"Nova TV Engenharia\",\"Palestra\"],\"inLanguage\":\"pt-BR\",\"potentialAction\":[{\"@type\":\"CommentAction\",\"name\":\"Comment\",\"target\":[\"https:\/\/www.institutodeengenharia.org.br\/site\/2020\/02\/06\/sustentabilidade-aplicada-a-energia-dos-materiais-uma-avaliacao-dos-compositos-cimenticeos\/#respond\"]}]},{\"@type\":\"WebPage\",\"@id\":\"https:\/\/www.institutodeengenharia.org.br\/site\/2020\/02\/06\/sustentabilidade-aplicada-a-energia-dos-materiais-uma-avaliacao-dos-compositos-cimenticeos\/\",\"url\":\"https:\/\/www.institutodeengenharia.org.br\/site\/2020\/02\/06\/sustentabilidade-aplicada-a-energia-dos-materiais-uma-avaliacao-dos-compositos-cimenticeos\/\",\"name\":\"Sustentabilidade aplicada \u00e0 energia dos materiais \u2013 Uma avalia\u00e7\u00e3o dos comp\u00f3sitos ciment\u00edceos - Instituto de Engenharia\",\"isPartOf\":{\"@id\":\"https:\/\/www.institutodeengenharia.org.br\/site\/#website\"},\"primaryImageOfPage\":{\"@id\":\"https:\/\/www.institutodeengenharia.org.br\/site\/2020\/02\/06\/sustentabilidade-aplicada-a-energia-dos-materiais-uma-avaliacao-dos-compositos-cimenticeos\/#primaryimage\"},\"image\":{\"@id\":\"https:\/\/www.institutodeengenharia.org.br\/site\/2020\/02\/06\/sustentabilidade-aplicada-a-energia-dos-materiais-uma-avaliacao-dos-compositos-cimenticeos\/#primaryimage\"},\"thumbnailUrl\":\"https:\/\/www.institutodeengenharia.org.br\/site\/wp-content\/uploads\/2019\/10\/green-building.jpg\",\"datePublished\":\"2020-02-06T19:04:36+00:00\",\"dateModified\":\"2020-02-07T19:08:11+00:00\",\"breadcrumb\":{\"@id\":\"https:\/\/www.institutodeengenharia.org.br\/site\/2020\/02\/06\/sustentabilidade-aplicada-a-energia-dos-materiais-uma-avaliacao-dos-compositos-cimenticeos\/#breadcrumb\"},\"inLanguage\":\"pt-BR\",\"potentialAction\":[{\"@type\":\"ReadAction\",\"target\":[\"https:\/\/www.institutodeengenharia.org.br\/site\/2020\/02\/06\/sustentabilidade-aplicada-a-energia-dos-materiais-uma-avaliacao-dos-compositos-cimenticeos\/\"]}]},{\"@type\":\"ImageObject\",\"inLanguage\":\"pt-BR\",\"@id\":\"https:\/\/www.institutodeengenharia.org.br\/site\/2020\/02\/06\/sustentabilidade-aplicada-a-energia-dos-materiais-uma-avaliacao-dos-compositos-cimenticeos\/#primaryimage\",\"url\":\"https:\/\/www.institutodeengenharia.org.br\/site\/wp-content\/uploads\/2019\/10\/green-building.jpg\",\"contentUrl\":\"https:\/\/www.institutodeengenharia.org.br\/site\/wp-content\/uploads\/2019\/10\/green-building.jpg\",\"width\":1417,\"height\":822},{\"@type\":\"BreadcrumbList\",\"@id\":\"https:\/\/www.institutodeengenharia.org.br\/site\/2020\/02\/06\/sustentabilidade-aplicada-a-energia-dos-materiais-uma-avaliacao-dos-compositos-cimenticeos\/#breadcrumb\",\"itemListElement\":[{\"@type\":\"ListItem\",\"position\":1,\"name\":\"In\u00edcio\",\"item\":\"https:\/\/www.institutodeengenharia.org.br\/site\/\"},{\"@type\":\"ListItem\",\"position\":2,\"name\":\"Sustentabilidade aplicada \u00e0 energia dos materiais \u2013 Uma avalia\u00e7\u00e3o dos comp\u00f3sitos ciment\u00edceos\"}]},{\"@type\":\"WebSite\",\"@id\":\"https:\/\/www.institutodeengenharia.org.br\/site\/#website\",\"url\":\"https:\/\/www.institutodeengenharia.org.br\/site\/\",\"name\":\"Instituto de Engenharia\",\"description\":\"O Instituto de Engenharia promove a Engenharia em benef\u00edcio do desenvolvimento e da qualidade de vida da sociedade.\",\"publisher\":{\"@id\":\"https:\/\/www.institutodeengenharia.org.br\/site\/#organization\"},\"potentialAction\":[{\"@type\":\"SearchAction\",\"target\":{\"@type\":\"EntryPoint\",\"urlTemplate\":\"https:\/\/www.institutodeengenharia.org.br\/site\/?s={search_term_string}\"},\"query-input\":{\"@type\":\"PropertyValueSpecification\",\"valueRequired\":true,\"valueName\":\"search_term_string\"}}],\"inLanguage\":\"pt-BR\"},{\"@type\":\"Organization\",\"@id\":\"https:\/\/www.institutodeengenharia.org.br\/site\/#organization\",\"name\":\"Instituto de Engenharia\",\"url\":\"https:\/\/www.institutodeengenharia.org.br\/site\/\",\"logo\":{\"@type\":\"ImageObject\",\"inLanguage\":\"pt-BR\",\"@id\":\"https:\/\/www.institutodeengenharia.org.br\/site\/#\/schema\/logo\/image\/\",\"url\":\"https:\/\/www.institutodeengenharia.org.br\/site\/wp-content\/uploads\/2019\/03\/logo-novo-IE2018-1.jpg\",\"contentUrl\":\"https:\/\/www.institutodeengenharia.org.br\/site\/wp-content\/uploads\/2019\/03\/logo-novo-IE2018-1.jpg\",\"width\":1486,\"height\":1879,\"caption\":\"Instituto de Engenharia\"},\"image\":{\"@id\":\"https:\/\/www.institutodeengenharia.org.br\/site\/#\/schema\/logo\/image\/\"},\"sameAs\":[\"https:\/\/www.facebook.com\/institutodeengenharia\",\"https:\/\/x.com\/iengenharia\",\"https:\/\/www.instagram.com\/institutodeengenharia\/\",\"https:\/\/www.linkedin.com\/company\/instituto-de-engenharia\/\",\"https:\/\/www.youtube.com\/channel\/UCXiCAlsSMe977vamW915HxA\"]},{\"@type\":\"Person\",\"@id\":\"https:\/\/www.institutodeengenharia.org.br\/site\/#\/schema\/person\/aeb64951c405e100d26d30b033dd423f\",\"name\":\"Bianca\",\"image\":{\"@type\":\"ImageObject\",\"inLanguage\":\"pt-BR\",\"@id\":\"https:\/\/secure.gravatar.com\/avatar\/a6fbe9bff57405baf4c1e2c5c1811e072b558253974a9f9508f4678900c97c2a?s=96&d=mm&r=g\",\"url\":\"https:\/\/secure.gravatar.com\/avatar\/a6fbe9bff57405baf4c1e2c5c1811e072b558253974a9f9508f4678900c97c2a?s=96&d=mm&r=g\",\"contentUrl\":\"https:\/\/secure.gravatar.com\/avatar\/a6fbe9bff57405baf4c1e2c5c1811e072b558253974a9f9508f4678900c97c2a?s=96&d=mm&r=g\",\"caption\":\"Bianca\"},\"url\":\"https:\/\/www.institutodeengenharia.org.br\/site\/author\/comunicacao1\/\"}]}<\/script>\n<!-- \/ Yoast SEO plugin. -->","yoast_head_json":{"title":"Sustentabilidade aplicada \u00e0 energia dos materiais \u2013 Uma avalia\u00e7\u00e3o dos comp\u00f3sitos ciment\u00edceos - Instituto de Engenharia","robots":{"index":"index","follow":"follow","max-snippet":"max-snippet:-1","max-image-preview":"max-image-preview:large","max-video-preview":"max-video-preview:-1"},"canonical":"https:\/\/www.institutodeengenharia.org.br\/site\/2020\/02\/06\/sustentabilidade-aplicada-a-energia-dos-materiais-uma-avaliacao-dos-compositos-cimenticeos\/","og_locale":"pt_BR","og_type":"article","og_title":"Sustentabilidade aplicada \u00e0 energia dos materiais \u2013 Uma avalia\u00e7\u00e3o dos comp\u00f3sitos ciment\u00edceos - Instituto de Engenharia","og_description":"&nbsp; + Informa\u00e7\u00f5es: Abordagem: A palestra objetiva mostrar aos profissionais os impactos socioambientais gerados pela ind\u00fastria da constru\u00e7\u00e3o civil, com \u00eanfase na produ\u00e7\u00e3o dos aglomerantes utilizados na confec\u00e7\u00e3o de elementos de concreto armado, bem como da mobiliza\u00e7\u00e3o da ind\u00fastria na redu\u00e7\u00e3o de energia e impactos gerados pela incorpora\u00e7\u00e3o de diferentes materiais e res\u00edduos em momentos [&hellip;]","og_url":"https:\/\/www.institutodeengenharia.org.br\/site\/2020\/02\/06\/sustentabilidade-aplicada-a-energia-dos-materiais-uma-avaliacao-dos-compositos-cimenticeos\/","og_site_name":"Instituto de Engenharia","article_publisher":"https:\/\/www.facebook.com\/institutodeengenharia","article_published_time":"2020-02-06T19:04:36+00:00","article_modified_time":"2020-02-07T19:08:11+00:00","og_image":[{"width":1417,"height":822,"url":"https:\/\/www.institutodeengenharia.org.br\/site\/wp-content\/uploads\/2019\/10\/green-building.jpg","type":"image\/jpeg"}],"author":"Bianca","twitter_card":"summary_large_image","twitter_creator":"@iengenharia","twitter_site":"@iengenharia","twitter_misc":{"Escrito por":"Bianca","Est. tempo de leitura":"1 minuto"},"schema":{"@context":"https:\/\/schema.org","@graph":[{"@type":"Article","@id":"https:\/\/www.institutodeengenharia.org.br\/site\/2020\/02\/06\/sustentabilidade-aplicada-a-energia-dos-materiais-uma-avaliacao-dos-compositos-cimenticeos\/#article","isPartOf":{"@id":"https:\/\/www.institutodeengenharia.org.br\/site\/2020\/02\/06\/sustentabilidade-aplicada-a-energia-dos-materiais-uma-avaliacao-dos-compositos-cimenticeos\/"},"author":{"name":"Bianca","@id":"https:\/\/www.institutodeengenharia.org.br\/site\/#\/schema\/person\/aeb64951c405e100d26d30b033dd423f"},"headline":"Sustentabilidade aplicada \u00e0 energia dos materiais \u2013 Uma avalia\u00e7\u00e3o dos comp\u00f3sitos ciment\u00edceos","datePublished":"2020-02-06T19:04:36+00:00","dateModified":"2020-02-07T19:08:11+00:00","mainEntityOfPage":{"@id":"https:\/\/www.institutodeengenharia.org.br\/site\/2020\/02\/06\/sustentabilidade-aplicada-a-energia-dos-materiais-uma-avaliacao-dos-compositos-cimenticeos\/"},"wordCount":312,"commentCount":0,"publisher":{"@id":"https:\/\/www.institutodeengenharia.org.br\/site\/#organization"},"image":{"@id":"https:\/\/www.institutodeengenharia.org.br\/site\/2020\/02\/06\/sustentabilidade-aplicada-a-energia-dos-materiais-uma-avaliacao-dos-compositos-cimenticeos\/#primaryimage"},"thumbnailUrl":"https:\/\/www.institutodeengenharia.org.br\/site\/wp-content\/uploads\/2019\/10\/green-building.jpg","articleSection":["Departamento de Desenvolvimento de Tecnologia, Ind\u00fastria, Energia e Telecomunica\u00e7\u00f5es","Departamento Desenvolvimento de Projetos e Servi\u00e7os de Infraestrutura","Divis\u00e3o T\u00e9cnica Intelig\u00eancia Artificial, Controle e Automa\u00e7\u00e3o","Divis\u00e3o T\u00e9cnica Meio Ambiente e Sustentabilidade","Nova TV Engenharia","Palestra"],"inLanguage":"pt-BR","potentialAction":[{"@type":"CommentAction","name":"Comment","target":["https:\/\/www.institutodeengenharia.org.br\/site\/2020\/02\/06\/sustentabilidade-aplicada-a-energia-dos-materiais-uma-avaliacao-dos-compositos-cimenticeos\/#respond"]}]},{"@type":"WebPage","@id":"https:\/\/www.institutodeengenharia.org.br\/site\/2020\/02\/06\/sustentabilidade-aplicada-a-energia-dos-materiais-uma-avaliacao-dos-compositos-cimenticeos\/","url":"https:\/\/www.institutodeengenharia.org.br\/site\/2020\/02\/06\/sustentabilidade-aplicada-a-energia-dos-materiais-uma-avaliacao-dos-compositos-cimenticeos\/","name":"Sustentabilidade aplicada \u00e0 energia dos materiais \u2013 Uma avalia\u00e7\u00e3o dos comp\u00f3sitos ciment\u00edceos - Instituto de Engenharia","isPartOf":{"@id":"https:\/\/www.institutodeengenharia.org.br\/site\/#website"},"primaryImageOfPage":{"@id":"https:\/\/www.institutodeengenharia.org.br\/site\/2020\/02\/06\/sustentabilidade-aplicada-a-energia-dos-materiais-uma-avaliacao-dos-compositos-cimenticeos\/#primaryimage"},"image":{"@id":"https:\/\/www.institutodeengenharia.org.br\/site\/2020\/02\/06\/sustentabilidade-aplicada-a-energia-dos-materiais-uma-avaliacao-dos-compositos-cimenticeos\/#primaryimage"},"thumbnailUrl":"https:\/\/www.institutodeengenharia.org.br\/site\/wp-content\/uploads\/2019\/10\/green-building.jpg","datePublished":"2020-02-06T19:04:36+00:00","dateModified":"2020-02-07T19:08:11+00:00","breadcrumb":{"@id":"https:\/\/www.institutodeengenharia.org.br\/site\/2020\/02\/06\/sustentabilidade-aplicada-a-energia-dos-materiais-uma-avaliacao-dos-compositos-cimenticeos\/#breadcrumb"},"inLanguage":"pt-BR","potentialAction":[{"@type":"ReadAction","target":["https:\/\/www.institutodeengenharia.org.br\/site\/2020\/02\/06\/sustentabilidade-aplicada-a-energia-dos-materiais-uma-avaliacao-dos-compositos-cimenticeos\/"]}]},{"@type":"ImageObject","inLanguage":"pt-BR","@id":"https:\/\/www.institutodeengenharia.org.br\/site\/2020\/02\/06\/sustentabilidade-aplicada-a-energia-dos-materiais-uma-avaliacao-dos-compositos-cimenticeos\/#primaryimage","url":"https:\/\/www.institutodeengenharia.org.br\/site\/wp-content\/uploads\/2019\/10\/green-building.jpg","contentUrl":"https:\/\/www.institutodeengenharia.org.br\/site\/wp-content\/uploads\/2019\/10\/green-building.jpg","width":1417,"height":822},{"@type":"BreadcrumbList","@id":"https:\/\/www.institutodeengenharia.org.br\/site\/2020\/02\/06\/sustentabilidade-aplicada-a-energia-dos-materiais-uma-avaliacao-dos-compositos-cimenticeos\/#breadcrumb","itemListElement":[{"@type":"ListItem","position":1,"name":"In\u00edcio","item":"https:\/\/www.institutodeengenharia.org.br\/site\/"},{"@type":"ListItem","position":2,"name":"Sustentabilidade aplicada \u00e0 energia dos materiais \u2013 Uma avalia\u00e7\u00e3o dos comp\u00f3sitos ciment\u00edceos"}]},{"@type":"WebSite","@id":"https:\/\/www.institutodeengenharia.org.br\/site\/#website","url":"https:\/\/www.institutodeengenharia.org.br\/site\/","name":"Instituto de Engenharia","description":"O Instituto de Engenharia promove a Engenharia em benef\u00edcio do desenvolvimento e da qualidade de vida da sociedade.","publisher":{"@id":"https:\/\/www.institutodeengenharia.org.br\/site\/#organization"},"potentialAction":[{"@type":"SearchAction","target":{"@type":"EntryPoint","urlTemplate":"https:\/\/www.institutodeengenharia.org.br\/site\/?s={search_term_string}"},"query-input":{"@type":"PropertyValueSpecification","valueRequired":true,"valueName":"search_term_string"}}],"inLanguage":"pt-BR"},{"@type":"Organization","@id":"https:\/\/www.institutodeengenharia.org.br\/site\/#organization","name":"Instituto de Engenharia","url":"https:\/\/www.institutodeengenharia.org.br\/site\/","logo":{"@type":"ImageObject","inLanguage":"pt-BR","@id":"https:\/\/www.institutodeengenharia.org.br\/site\/#\/schema\/logo\/image\/","url":"https:\/\/www.institutodeengenharia.org.br\/site\/wp-content\/uploads\/2019\/03\/logo-novo-IE2018-1.jpg","contentUrl":"https:\/\/www.institutodeengenharia.org.br\/site\/wp-content\/uploads\/2019\/03\/logo-novo-IE2018-1.jpg","width":1486,"height":1879,"caption":"Instituto de Engenharia"},"image":{"@id":"https:\/\/www.institutodeengenharia.org.br\/site\/#\/schema\/logo\/image\/"},"sameAs":["https:\/\/www.facebook.com\/institutodeengenharia","https:\/\/x.com\/iengenharia","https:\/\/www.instagram.com\/institutodeengenharia\/","https:\/\/www.linkedin.com\/company\/instituto-de-engenharia\/","https:\/\/www.youtube.com\/channel\/UCXiCAlsSMe977vamW915HxA"]},{"@type":"Person","@id":"https:\/\/www.institutodeengenharia.org.br\/site\/#\/schema\/person\/aeb64951c405e100d26d30b033dd423f","name":"Bianca","image":{"@type":"ImageObject","inLanguage":"pt-BR","@id":"https:\/\/secure.gravatar.com\/avatar\/a6fbe9bff57405baf4c1e2c5c1811e072b558253974a9f9508f4678900c97c2a?s=96&d=mm&r=g","url":"https:\/\/secure.gravatar.com\/avatar\/a6fbe9bff57405baf4c1e2c5c1811e072b558253974a9f9508f4678900c97c2a?s=96&d=mm&r=g","contentUrl":"https:\/\/secure.gravatar.com\/avatar\/a6fbe9bff57405baf4c1e2c5c1811e072b558253974a9f9508f4678900c97c2a?s=96&d=mm&r=g","caption":"Bianca"},"url":"https:\/\/www.institutodeengenharia.org.br\/site\/author\/comunicacao1\/"}]}},"_links":{"self":[{"href":"https:\/\/www.institutodeengenharia.org.br\/site\/wp-json\/wp\/v2\/posts\/60091","targetHints":{"allow":["GET"]}}],"collection":[{"href":"https:\/\/www.institutodeengenharia.org.br\/site\/wp-json\/wp\/v2\/posts"}],"about":[{"href":"https:\/\/www.institutodeengenharia.org.br\/site\/wp-json\/wp\/v2\/types\/post"}],"author":[{"embeddable":true,"href":"https:\/\/www.institutodeengenharia.org.br\/site\/wp-json\/wp\/v2\/users\/13"}],"replies":[{"embeddable":true,"href":"https:\/\/www.institutodeengenharia.org.br\/site\/wp-json\/wp\/v2\/comments?post=60091"}],"version-history":[{"count":1,"href":"https:\/\/www.institutodeengenharia.org.br\/site\/wp-json\/wp\/v2\/posts\/60091\/revisions"}],"predecessor-version":[{"id":60092,"href":"https:\/\/www.institutodeengenharia.org.br\/site\/wp-json\/wp\/v2\/posts\/60091\/revisions\/60092"}],"wp:featuredmedia":[{"embeddable":true,"href":"https:\/\/www.institutodeengenharia.org.br\/site\/wp-json\/wp\/v2\/media\/44219"}],"wp:attachment":[{"href":"https:\/\/www.institutodeengenharia.org.br\/site\/wp-json\/wp\/v2\/media?parent=60091"}],"wp:term":[{"taxonomy":"category","embeddable":true,"href":"https:\/\/www.institutodeengenharia.org.br\/site\/wp-json\/wp\/v2\/categories?post=60091"},{"taxonomy":"post_tag","embeddable":true,"href":"https:\/\/www.institutodeengenharia.org.br\/site\/wp-json\/wp\/v2\/tags?post=60091"}],"curies":[{"name":"wp","href":"https:\/\/api.w.org\/{rel}","templated":true}]}}