{"id":58926,"date":"2019-12-05T16:48:33","date_gmt":"2019-12-05T18:48:33","guid":{"rendered":"https:\/\/www.institutodeengenharia.org.br\/site\/?p=58926"},"modified":"2019-12-18T16:51:33","modified_gmt":"2019-12-18T18:51:33","slug":"material-tecnico-cidades-sustentaveis-e-a-engenharia-dos-residuos-solidos","status":"publish","type":"post","link":"https:\/\/www.institutodeengenharia.org.br\/site\/2019\/12\/05\/material-tecnico-cidades-sustentaveis-e-a-engenharia-dos-residuos-solidos\/","title":{"rendered":"Material T\u00e9cnico &#8211; Cidades sustent\u00e1veis e a engenharia dos res\u00edduos s\u00f3lidos"},"content":{"rendered":"<p><strong>Confira o material t\u00e9cnico da palestra:<\/strong><\/p>\n<p><a href=\"https:\/\/www.institutodeengenharia.org.br\/site\/wp-content\/uploads\/2019\/12\/Clovis-Benvenuto_Marcelo-Benvenuto-Geotech-Geotecnia-Ambiental-Consultoria-e-Projetos-LTDA.pdf\">Clovis Benvenuto_Marcelo Benvenuto &#8211; Geotech Geotecnia Ambiental Consultoria e Projetos LTDA<\/a><\/p>\n<p>&nbsp;<\/p>\n<p><strong>Realiza\u00e7\u00e3o:<\/strong><\/p>\n<p><strong>Eng. Jer\u00f4nimo Cabral Pereira Fagundes Neto\u00a0<\/strong>\u2013 Vice-presidente de Atividades T\u00e9cnicas<\/p>\n<p><strong>Eng. Roberto Kochen<\/strong>\u00a0\u2013 Diretor do Departamento de Engenharia do Habitat e Infraestrutura<\/p>\n<p><strong>Eng. Jos\u00e9 Manoel de O. Reis<\/strong>\u00a0\u2013 Coord. da DT. de Constru\u00e7\u00e3o Sustent\u00e1vel e Meio Ambiente<\/p>\n","protected":false},"excerpt":{"rendered":"<p>Confira o material t\u00e9cnico da palestra: Clovis Benvenuto_Marcelo Benvenuto &#8211; Geotech Geotecnia Ambiental Consultoria e Projetos LTDA &nbsp; Realiza\u00e7\u00e3o: Eng. Jer\u00f4nimo Cabral Pereira Fagundes Neto\u00a0\u2013 Vice-presidente de Atividades T\u00e9cnicas Eng. Roberto Kochen\u00a0\u2013 Diretor do Departamento de Engenharia do Habitat e Infraestrutura Eng. Jos\u00e9 Manoel de O. Reis\u00a0\u2013 Coord. da DT. de Constru\u00e7\u00e3o Sustent\u00e1vel e Meio [&hellip;]<\/p>\n","protected":false},"author":13,"featured_media":57367,"comment_status":"open","ping_status":"open","sticky":false,"template":"","format":"standard","meta":{"footnotes":""},"categories":[15,74,119],"tags":[],"class_list":{"0":"post-58926","1":"post","2":"type-post","3":"status-publish","4":"format-standard","5":"has-post-thumbnail","7":"category-departamento-desenvolvimento-de-projetos-e-servicos-de-infraestrutura","8":"category-divisao-tecnica-meio-ambiente-e-sustentabilidade","9":"category-publicacoes-tecnicas"},"yoast_head":"<!-- This site is optimized with the Yoast SEO plugin v27.2 - https:\/\/yoast.com\/product\/yoast-seo-wordpress\/ -->\n<title>Material T\u00e9cnico - Cidades sustent\u00e1veis e a engenharia dos res\u00edduos s\u00f3lidos - Instituto de Engenharia<\/title>\n<meta name=\"robots\" content=\"index, follow, max-snippet:-1, max-image-preview:large, max-video-preview:-1\" \/>\n<link rel=\"canonical\" href=\"https:\/\/www.institutodeengenharia.org.br\/site\/2019\/12\/05\/material-tecnico-cidades-sustentaveis-e-a-engenharia-dos-residuos-solidos\/\" \/>\n<meta property=\"og:locale\" content=\"pt_BR\" \/>\n<meta property=\"og:type\" content=\"article\" \/>\n<meta property=\"og:title\" content=\"Material T\u00e9cnico - Cidades sustent\u00e1veis e a engenharia dos res\u00edduos s\u00f3lidos - Instituto de Engenharia\" \/>\n<meta property=\"og:description\" content=\"Confira o material t\u00e9cnico da palestra: Clovis Benvenuto_Marcelo Benvenuto &#8211; Geotech Geotecnia Ambiental Consultoria e Projetos LTDA &nbsp; Realiza\u00e7\u00e3o: Eng. Jer\u00f4nimo Cabral Pereira Fagundes Neto\u00a0\u2013 Vice-presidente de Atividades T\u00e9cnicas Eng. Roberto Kochen\u00a0\u2013 Diretor do Departamento de Engenharia do Habitat e Infraestrutura Eng. Jos\u00e9 Manoel de O. Reis\u00a0\u2013 Coord. da DT. de Constru\u00e7\u00e3o Sustent\u00e1vel e Meio [&hellip;]\" \/>\n<meta property=\"og:url\" content=\"https:\/\/www.institutodeengenharia.org.br\/site\/2019\/12\/05\/material-tecnico-cidades-sustentaveis-e-a-engenharia-dos-residuos-solidos\/\" \/>\n<meta property=\"og:site_name\" content=\"Instituto de Engenharia\" \/>\n<meta property=\"article:publisher\" content=\"https:\/\/www.facebook.com\/institutodeengenharia\" \/>\n<meta property=\"article:published_time\" content=\"2019-12-05T18:48:33+00:00\" \/>\n<meta property=\"article:modified_time\" content=\"2019-12-18T18:51:33+00:00\" \/>\n<meta property=\"og:image\" content=\"https:\/\/www.institutodeengenharia.org.br\/site\/wp-content\/uploads\/2019\/11\/Entenda-como-a-pol\u00edtica-de-res\u00edduos-s\u00f3lidos-abre-portas-para-a-ind\u00fastria-da-reciclagem-de-pl\u00e1stico.png\" \/>\n\t<meta property=\"og:image:width\" content=\"800\" \/>\n\t<meta property=\"og:image:height\" content=\"600\" \/>\n\t<meta property=\"og:image:type\" content=\"image\/png\" \/>\n<meta name=\"author\" content=\"Bianca\" \/>\n<meta name=\"twitter:card\" content=\"summary_large_image\" \/>\n<meta name=\"twitter:creator\" content=\"@iengenharia\" \/>\n<meta name=\"twitter:site\" content=\"@iengenharia\" \/>\n<meta name=\"twitter:label1\" content=\"Escrito por\" \/>\n\t<meta name=\"twitter:data1\" content=\"Bianca\" \/>\n<script type=\"application\/ld+json\" class=\"yoast-schema-graph\">{\"@context\":\"https:\/\/schema.org\",\"@graph\":[{\"@type\":\"Article\",\"@id\":\"https:\/\/www.institutodeengenharia.org.br\/site\/2019\/12\/05\/material-tecnico-cidades-sustentaveis-e-a-engenharia-dos-residuos-solidos\/#article\",\"isPartOf\":{\"@id\":\"https:\/\/www.institutodeengenharia.org.br\/site\/2019\/12\/05\/material-tecnico-cidades-sustentaveis-e-a-engenharia-dos-residuos-solidos\/\"},\"author\":{\"name\":\"Bianca\",\"@id\":\"https:\/\/www.institutodeengenharia.org.br\/site\/#\/schema\/person\/aeb64951c405e100d26d30b033dd423f\"},\"headline\":\"Material T\u00e9cnico &#8211; Cidades sustent\u00e1veis e a engenharia dos res\u00edduos s\u00f3lidos\",\"datePublished\":\"2019-12-05T18:48:33+00:00\",\"dateModified\":\"2019-12-18T18:51:33+00:00\",\"mainEntityOfPage\":{\"@id\":\"https:\/\/www.institutodeengenharia.org.br\/site\/2019\/12\/05\/material-tecnico-cidades-sustentaveis-e-a-engenharia-dos-residuos-solidos\/\"},\"wordCount\":78,\"commentCount\":0,\"publisher\":{\"@id\":\"https:\/\/www.institutodeengenharia.org.br\/site\/#organization\"},\"image\":{\"@id\":\"https:\/\/www.institutodeengenharia.org.br\/site\/2019\/12\/05\/material-tecnico-cidades-sustentaveis-e-a-engenharia-dos-residuos-solidos\/#primaryimage\"},\"thumbnailUrl\":\"https:\/\/www.institutodeengenharia.org.br\/site\/wp-content\/uploads\/2019\/11\/Entenda-como-a-pol\u00edtica-de-res\u00edduos-s\u00f3lidos-abre-portas-para-a-ind\u00fastria-da-reciclagem-de-pl\u00e1stico.png\",\"articleSection\":[\"Departamento Desenvolvimento de Projetos e Servi\u00e7os de Infraestrutura\",\"Divis\u00e3o T\u00e9cnica Meio Ambiente e Sustentabilidade\",\"Publica\u00e7\u00f5es T\u00e9cnicas\"],\"inLanguage\":\"pt-BR\",\"potentialAction\":[{\"@type\":\"CommentAction\",\"name\":\"Comment\",\"target\":[\"https:\/\/www.institutodeengenharia.org.br\/site\/2019\/12\/05\/material-tecnico-cidades-sustentaveis-e-a-engenharia-dos-residuos-solidos\/#respond\"]}]},{\"@type\":\"WebPage\",\"@id\":\"https:\/\/www.institutodeengenharia.org.br\/site\/2019\/12\/05\/material-tecnico-cidades-sustentaveis-e-a-engenharia-dos-residuos-solidos\/\",\"url\":\"https:\/\/www.institutodeengenharia.org.br\/site\/2019\/12\/05\/material-tecnico-cidades-sustentaveis-e-a-engenharia-dos-residuos-solidos\/\",\"name\":\"Material T\u00e9cnico - Cidades sustent\u00e1veis e a engenharia dos res\u00edduos s\u00f3lidos - Instituto de Engenharia\",\"isPartOf\":{\"@id\":\"https:\/\/www.institutodeengenharia.org.br\/site\/#website\"},\"primaryImageOfPage\":{\"@id\":\"https:\/\/www.institutodeengenharia.org.br\/site\/2019\/12\/05\/material-tecnico-cidades-sustentaveis-e-a-engenharia-dos-residuos-solidos\/#primaryimage\"},\"image\":{\"@id\":\"https:\/\/www.institutodeengenharia.org.br\/site\/2019\/12\/05\/material-tecnico-cidades-sustentaveis-e-a-engenharia-dos-residuos-solidos\/#primaryimage\"},\"thumbnailUrl\":\"https:\/\/www.institutodeengenharia.org.br\/site\/wp-content\/uploads\/2019\/11\/Entenda-como-a-pol\u00edtica-de-res\u00edduos-s\u00f3lidos-abre-portas-para-a-ind\u00fastria-da-reciclagem-de-pl\u00e1stico.png\",\"datePublished\":\"2019-12-05T18:48:33+00:00\",\"dateModified\":\"2019-12-18T18:51:33+00:00\",\"breadcrumb\":{\"@id\":\"https:\/\/www.institutodeengenharia.org.br\/site\/2019\/12\/05\/material-tecnico-cidades-sustentaveis-e-a-engenharia-dos-residuos-solidos\/#breadcrumb\"},\"inLanguage\":\"pt-BR\",\"potentialAction\":[{\"@type\":\"ReadAction\",\"target\":[\"https:\/\/www.institutodeengenharia.org.br\/site\/2019\/12\/05\/material-tecnico-cidades-sustentaveis-e-a-engenharia-dos-residuos-solidos\/\"]}]},{\"@type\":\"ImageObject\",\"inLanguage\":\"pt-BR\",\"@id\":\"https:\/\/www.institutodeengenharia.org.br\/site\/2019\/12\/05\/material-tecnico-cidades-sustentaveis-e-a-engenharia-dos-residuos-solidos\/#primaryimage\",\"url\":\"https:\/\/www.institutodeengenharia.org.br\/site\/wp-content\/uploads\/2019\/11\/Entenda-como-a-pol\u00edtica-de-res\u00edduos-s\u00f3lidos-abre-portas-para-a-ind\u00fastria-da-reciclagem-de-pl\u00e1stico.png\",\"contentUrl\":\"https:\/\/www.institutodeengenharia.org.br\/site\/wp-content\/uploads\/2019\/11\/Entenda-como-a-pol\u00edtica-de-res\u00edduos-s\u00f3lidos-abre-portas-para-a-ind\u00fastria-da-reciclagem-de-pl\u00e1stico.png\",\"width\":800,\"height\":600},{\"@type\":\"BreadcrumbList\",\"@id\":\"https:\/\/www.institutodeengenharia.org.br\/site\/2019\/12\/05\/material-tecnico-cidades-sustentaveis-e-a-engenharia-dos-residuos-solidos\/#breadcrumb\",\"itemListElement\":[{\"@type\":\"ListItem\",\"position\":1,\"name\":\"In\u00edcio\",\"item\":\"https:\/\/www.institutodeengenharia.org.br\/site\/\"},{\"@type\":\"ListItem\",\"position\":2,\"name\":\"Material T\u00e9cnico &#8211; Cidades sustent\u00e1veis e a engenharia dos res\u00edduos s\u00f3lidos\"}]},{\"@type\":\"WebSite\",\"@id\":\"https:\/\/www.institutodeengenharia.org.br\/site\/#website\",\"url\":\"https:\/\/www.institutodeengenharia.org.br\/site\/\",\"name\":\"Instituto de Engenharia\",\"description\":\"O Instituto de Engenharia promove a Engenharia em benef\u00edcio do desenvolvimento e da qualidade de vida da sociedade.\",\"publisher\":{\"@id\":\"https:\/\/www.institutodeengenharia.org.br\/site\/#organization\"},\"potentialAction\":[{\"@type\":\"SearchAction\",\"target\":{\"@type\":\"EntryPoint\",\"urlTemplate\":\"https:\/\/www.institutodeengenharia.org.br\/site\/?s={search_term_string}\"},\"query-input\":{\"@type\":\"PropertyValueSpecification\",\"valueRequired\":true,\"valueName\":\"search_term_string\"}}],\"inLanguage\":\"pt-BR\"},{\"@type\":\"Organization\",\"@id\":\"https:\/\/www.institutodeengenharia.org.br\/site\/#organization\",\"name\":\"Instituto de Engenharia\",\"url\":\"https:\/\/www.institutodeengenharia.org.br\/site\/\",\"logo\":{\"@type\":\"ImageObject\",\"inLanguage\":\"pt-BR\",\"@id\":\"https:\/\/www.institutodeengenharia.org.br\/site\/#\/schema\/logo\/image\/\",\"url\":\"https:\/\/www.institutodeengenharia.org.br\/site\/wp-content\/uploads\/2019\/03\/logo-novo-IE2018-1.jpg\",\"contentUrl\":\"https:\/\/www.institutodeengenharia.org.br\/site\/wp-content\/uploads\/2019\/03\/logo-novo-IE2018-1.jpg\",\"width\":1486,\"height\":1879,\"caption\":\"Instituto de Engenharia\"},\"image\":{\"@id\":\"https:\/\/www.institutodeengenharia.org.br\/site\/#\/schema\/logo\/image\/\"},\"sameAs\":[\"https:\/\/www.facebook.com\/institutodeengenharia\",\"https:\/\/x.com\/iengenharia\",\"https:\/\/www.instagram.com\/institutodeengenharia\/\",\"https:\/\/www.linkedin.com\/company\/instituto-de-engenharia\/\",\"https:\/\/www.youtube.com\/channel\/UCXiCAlsSMe977vamW915HxA\"]},{\"@type\":\"Person\",\"@id\":\"https:\/\/www.institutodeengenharia.org.br\/site\/#\/schema\/person\/aeb64951c405e100d26d30b033dd423f\",\"name\":\"Bianca\",\"image\":{\"@type\":\"ImageObject\",\"inLanguage\":\"pt-BR\",\"@id\":\"https:\/\/secure.gravatar.com\/avatar\/a6fbe9bff57405baf4c1e2c5c1811e072b558253974a9f9508f4678900c97c2a?s=96&d=mm&r=g\",\"url\":\"https:\/\/secure.gravatar.com\/avatar\/a6fbe9bff57405baf4c1e2c5c1811e072b558253974a9f9508f4678900c97c2a?s=96&d=mm&r=g\",\"contentUrl\":\"https:\/\/secure.gravatar.com\/avatar\/a6fbe9bff57405baf4c1e2c5c1811e072b558253974a9f9508f4678900c97c2a?s=96&d=mm&r=g\",\"caption\":\"Bianca\"},\"url\":\"https:\/\/www.institutodeengenharia.org.br\/site\/author\/comunicacao1\/\"}]}<\/script>\n<!-- \/ Yoast SEO plugin. -->","yoast_head_json":{"title":"Material T\u00e9cnico - Cidades sustent\u00e1veis e a engenharia dos res\u00edduos s\u00f3lidos - Instituto de Engenharia","robots":{"index":"index","follow":"follow","max-snippet":"max-snippet:-1","max-image-preview":"max-image-preview:large","max-video-preview":"max-video-preview:-1"},"canonical":"https:\/\/www.institutodeengenharia.org.br\/site\/2019\/12\/05\/material-tecnico-cidades-sustentaveis-e-a-engenharia-dos-residuos-solidos\/","og_locale":"pt_BR","og_type":"article","og_title":"Material T\u00e9cnico - Cidades sustent\u00e1veis e a engenharia dos res\u00edduos s\u00f3lidos - Instituto de Engenharia","og_description":"Confira o material t\u00e9cnico da palestra: Clovis Benvenuto_Marcelo Benvenuto &#8211; Geotech Geotecnia Ambiental Consultoria e Projetos LTDA &nbsp; Realiza\u00e7\u00e3o: Eng. Jer\u00f4nimo Cabral Pereira Fagundes Neto\u00a0\u2013 Vice-presidente de Atividades T\u00e9cnicas Eng. Roberto Kochen\u00a0\u2013 Diretor do Departamento de Engenharia do Habitat e Infraestrutura Eng. Jos\u00e9 Manoel de O. Reis\u00a0\u2013 Coord. da DT. de Constru\u00e7\u00e3o Sustent\u00e1vel e Meio [&hellip;]","og_url":"https:\/\/www.institutodeengenharia.org.br\/site\/2019\/12\/05\/material-tecnico-cidades-sustentaveis-e-a-engenharia-dos-residuos-solidos\/","og_site_name":"Instituto de Engenharia","article_publisher":"https:\/\/www.facebook.com\/institutodeengenharia","article_published_time":"2019-12-05T18:48:33+00:00","article_modified_time":"2019-12-18T18:51:33+00:00","og_image":[{"width":800,"height":600,"url":"https:\/\/www.institutodeengenharia.org.br\/site\/wp-content\/uploads\/2019\/11\/Entenda-como-a-pol\u00edtica-de-res\u00edduos-s\u00f3lidos-abre-portas-para-a-ind\u00fastria-da-reciclagem-de-pl\u00e1stico.png","type":"image\/png"}],"author":"Bianca","twitter_card":"summary_large_image","twitter_creator":"@iengenharia","twitter_site":"@iengenharia","twitter_misc":{"Escrito por":"Bianca"},"schema":{"@context":"https:\/\/schema.org","@graph":[{"@type":"Article","@id":"https:\/\/www.institutodeengenharia.org.br\/site\/2019\/12\/05\/material-tecnico-cidades-sustentaveis-e-a-engenharia-dos-residuos-solidos\/#article","isPartOf":{"@id":"https:\/\/www.institutodeengenharia.org.br\/site\/2019\/12\/05\/material-tecnico-cidades-sustentaveis-e-a-engenharia-dos-residuos-solidos\/"},"author":{"name":"Bianca","@id":"https:\/\/www.institutodeengenharia.org.br\/site\/#\/schema\/person\/aeb64951c405e100d26d30b033dd423f"},"headline":"Material T\u00e9cnico &#8211; Cidades sustent\u00e1veis e a engenharia dos res\u00edduos s\u00f3lidos","datePublished":"2019-12-05T18:48:33+00:00","dateModified":"2019-12-18T18:51:33+00:00","mainEntityOfPage":{"@id":"https:\/\/www.institutodeengenharia.org.br\/site\/2019\/12\/05\/material-tecnico-cidades-sustentaveis-e-a-engenharia-dos-residuos-solidos\/"},"wordCount":78,"commentCount":0,"publisher":{"@id":"https:\/\/www.institutodeengenharia.org.br\/site\/#organization"},"image":{"@id":"https:\/\/www.institutodeengenharia.org.br\/site\/2019\/12\/05\/material-tecnico-cidades-sustentaveis-e-a-engenharia-dos-residuos-solidos\/#primaryimage"},"thumbnailUrl":"https:\/\/www.institutodeengenharia.org.br\/site\/wp-content\/uploads\/2019\/11\/Entenda-como-a-pol\u00edtica-de-res\u00edduos-s\u00f3lidos-abre-portas-para-a-ind\u00fastria-da-reciclagem-de-pl\u00e1stico.png","articleSection":["Departamento Desenvolvimento de Projetos e Servi\u00e7os de Infraestrutura","Divis\u00e3o T\u00e9cnica Meio Ambiente e Sustentabilidade","Publica\u00e7\u00f5es T\u00e9cnicas"],"inLanguage":"pt-BR","potentialAction":[{"@type":"CommentAction","name":"Comment","target":["https:\/\/www.institutodeengenharia.org.br\/site\/2019\/12\/05\/material-tecnico-cidades-sustentaveis-e-a-engenharia-dos-residuos-solidos\/#respond"]}]},{"@type":"WebPage","@id":"https:\/\/www.institutodeengenharia.org.br\/site\/2019\/12\/05\/material-tecnico-cidades-sustentaveis-e-a-engenharia-dos-residuos-solidos\/","url":"https:\/\/www.institutodeengenharia.org.br\/site\/2019\/12\/05\/material-tecnico-cidades-sustentaveis-e-a-engenharia-dos-residuos-solidos\/","name":"Material T\u00e9cnico - Cidades sustent\u00e1veis e a engenharia dos res\u00edduos s\u00f3lidos - Instituto de Engenharia","isPartOf":{"@id":"https:\/\/www.institutodeengenharia.org.br\/site\/#website"},"primaryImageOfPage":{"@id":"https:\/\/www.institutodeengenharia.org.br\/site\/2019\/12\/05\/material-tecnico-cidades-sustentaveis-e-a-engenharia-dos-residuos-solidos\/#primaryimage"},"image":{"@id":"https:\/\/www.institutodeengenharia.org.br\/site\/2019\/12\/05\/material-tecnico-cidades-sustentaveis-e-a-engenharia-dos-residuos-solidos\/#primaryimage"},"thumbnailUrl":"https:\/\/www.institutodeengenharia.org.br\/site\/wp-content\/uploads\/2019\/11\/Entenda-como-a-pol\u00edtica-de-res\u00edduos-s\u00f3lidos-abre-portas-para-a-ind\u00fastria-da-reciclagem-de-pl\u00e1stico.png","datePublished":"2019-12-05T18:48:33+00:00","dateModified":"2019-12-18T18:51:33+00:00","breadcrumb":{"@id":"https:\/\/www.institutodeengenharia.org.br\/site\/2019\/12\/05\/material-tecnico-cidades-sustentaveis-e-a-engenharia-dos-residuos-solidos\/#breadcrumb"},"inLanguage":"pt-BR","potentialAction":[{"@type":"ReadAction","target":["https:\/\/www.institutodeengenharia.org.br\/site\/2019\/12\/05\/material-tecnico-cidades-sustentaveis-e-a-engenharia-dos-residuos-solidos\/"]}]},{"@type":"ImageObject","inLanguage":"pt-BR","@id":"https:\/\/www.institutodeengenharia.org.br\/site\/2019\/12\/05\/material-tecnico-cidades-sustentaveis-e-a-engenharia-dos-residuos-solidos\/#primaryimage","url":"https:\/\/www.institutodeengenharia.org.br\/site\/wp-content\/uploads\/2019\/11\/Entenda-como-a-pol\u00edtica-de-res\u00edduos-s\u00f3lidos-abre-portas-para-a-ind\u00fastria-da-reciclagem-de-pl\u00e1stico.png","contentUrl":"https:\/\/www.institutodeengenharia.org.br\/site\/wp-content\/uploads\/2019\/11\/Entenda-como-a-pol\u00edtica-de-res\u00edduos-s\u00f3lidos-abre-portas-para-a-ind\u00fastria-da-reciclagem-de-pl\u00e1stico.png","width":800,"height":600},{"@type":"BreadcrumbList","@id":"https:\/\/www.institutodeengenharia.org.br\/site\/2019\/12\/05\/material-tecnico-cidades-sustentaveis-e-a-engenharia-dos-residuos-solidos\/#breadcrumb","itemListElement":[{"@type":"ListItem","position":1,"name":"In\u00edcio","item":"https:\/\/www.institutodeengenharia.org.br\/site\/"},{"@type":"ListItem","position":2,"name":"Material T\u00e9cnico &#8211; Cidades sustent\u00e1veis e a engenharia dos res\u00edduos s\u00f3lidos"}]},{"@type":"WebSite","@id":"https:\/\/www.institutodeengenharia.org.br\/site\/#website","url":"https:\/\/www.institutodeengenharia.org.br\/site\/","name":"Instituto de Engenharia","description":"O Instituto de Engenharia promove a Engenharia em benef\u00edcio do desenvolvimento e da qualidade de vida da sociedade.","publisher":{"@id":"https:\/\/www.institutodeengenharia.org.br\/site\/#organization"},"potentialAction":[{"@type":"SearchAction","target":{"@type":"EntryPoint","urlTemplate":"https:\/\/www.institutodeengenharia.org.br\/site\/?s={search_term_string}"},"query-input":{"@type":"PropertyValueSpecification","valueRequired":true,"valueName":"search_term_string"}}],"inLanguage":"pt-BR"},{"@type":"Organization","@id":"https:\/\/www.institutodeengenharia.org.br\/site\/#organization","name":"Instituto de Engenharia","url":"https:\/\/www.institutodeengenharia.org.br\/site\/","logo":{"@type":"ImageObject","inLanguage":"pt-BR","@id":"https:\/\/www.institutodeengenharia.org.br\/site\/#\/schema\/logo\/image\/","url":"https:\/\/www.institutodeengenharia.org.br\/site\/wp-content\/uploads\/2019\/03\/logo-novo-IE2018-1.jpg","contentUrl":"https:\/\/www.institutodeengenharia.org.br\/site\/wp-content\/uploads\/2019\/03\/logo-novo-IE2018-1.jpg","width":1486,"height":1879,"caption":"Instituto de Engenharia"},"image":{"@id":"https:\/\/www.institutodeengenharia.org.br\/site\/#\/schema\/logo\/image\/"},"sameAs":["https:\/\/www.facebook.com\/institutodeengenharia","https:\/\/x.com\/iengenharia","https:\/\/www.instagram.com\/institutodeengenharia\/","https:\/\/www.linkedin.com\/company\/instituto-de-engenharia\/","https:\/\/www.youtube.com\/channel\/UCXiCAlsSMe977vamW915HxA"]},{"@type":"Person","@id":"https:\/\/www.institutodeengenharia.org.br\/site\/#\/schema\/person\/aeb64951c405e100d26d30b033dd423f","name":"Bianca","image":{"@type":"ImageObject","inLanguage":"pt-BR","@id":"https:\/\/secure.gravatar.com\/avatar\/a6fbe9bff57405baf4c1e2c5c1811e072b558253974a9f9508f4678900c97c2a?s=96&d=mm&r=g","url":"https:\/\/secure.gravatar.com\/avatar\/a6fbe9bff57405baf4c1e2c5c1811e072b558253974a9f9508f4678900c97c2a?s=96&d=mm&r=g","contentUrl":"https:\/\/secure.gravatar.com\/avatar\/a6fbe9bff57405baf4c1e2c5c1811e072b558253974a9f9508f4678900c97c2a?s=96&d=mm&r=g","caption":"Bianca"},"url":"https:\/\/www.institutodeengenharia.org.br\/site\/author\/comunicacao1\/"}]}},"_links":{"self":[{"href":"https:\/\/www.institutodeengenharia.org.br\/site\/wp-json\/wp\/v2\/posts\/58926","targetHints":{"allow":["GET"]}}],"collection":[{"href":"https:\/\/www.institutodeengenharia.org.br\/site\/wp-json\/wp\/v2\/posts"}],"about":[{"href":"https:\/\/www.institutodeengenharia.org.br\/site\/wp-json\/wp\/v2\/types\/post"}],"author":[{"embeddable":true,"href":"https:\/\/www.institutodeengenharia.org.br\/site\/wp-json\/wp\/v2\/users\/13"}],"replies":[{"embeddable":true,"href":"https:\/\/www.institutodeengenharia.org.br\/site\/wp-json\/wp\/v2\/comments?post=58926"}],"version-history":[{"count":1,"href":"https:\/\/www.institutodeengenharia.org.br\/site\/wp-json\/wp\/v2\/posts\/58926\/revisions"}],"predecessor-version":[{"id":58929,"href":"https:\/\/www.institutodeengenharia.org.br\/site\/wp-json\/wp\/v2\/posts\/58926\/revisions\/58929"}],"wp:featuredmedia":[{"embeddable":true,"href":"https:\/\/www.institutodeengenharia.org.br\/site\/wp-json\/wp\/v2\/media\/57367"}],"wp:attachment":[{"href":"https:\/\/www.institutodeengenharia.org.br\/site\/wp-json\/wp\/v2\/media?parent=58926"}],"wp:term":[{"taxonomy":"category","embeddable":true,"href":"https:\/\/www.institutodeengenharia.org.br\/site\/wp-json\/wp\/v2\/categories?post=58926"},{"taxonomy":"post_tag","embeddable":true,"href":"https:\/\/www.institutodeengenharia.org.br\/site\/wp-json\/wp\/v2\/tags?post=58926"}],"curies":[{"name":"wp","href":"https:\/\/api.w.org\/{rel}","templated":true}]}}