{"id":58918,"date":"2019-12-06T16:44:35","date_gmt":"2019-12-06T18:44:35","guid":{"rendered":"https:\/\/www.institutodeengenharia.org.br\/site\/?p=58918"},"modified":"2019-12-18T16:47:15","modified_gmt":"2019-12-18T18:47:15","slug":"material-tecnico-seguranca-e-saude-no-trabalho","status":"publish","type":"post","link":"https:\/\/www.institutodeengenharia.org.br\/site\/2019\/12\/06\/material-tecnico-seguranca-e-saude-no-trabalho\/","title":{"rendered":"Material T\u00e9cnico &#8211; Seguran\u00e7a e Sa\u00fade no Trabalho"},"content":{"rendered":"<p><strong>Confira abaixo:<\/strong><\/p>\n<p><a href=\"https:\/\/www.institutodeengenharia.org.br\/site\/wp-content\/uploads\/2019\/12\/Ricardo-Pavan-Scanmetal.pdf\">Ricardo Pavan &#8211; Scanmetal<\/a><\/p>\n<p><a href=\"https:\/\/www.institutodeengenharia.org.br\/site\/wp-content\/uploads\/2019\/12\/Luciana-Pontes-Adolpho-Lindenberg-Construtora-Boas-Pr\u00e1ticas-em-SST.pdf\">Luciana Pontes &#8211; Adolpho Lindenberg Construtora &#8211; Boas Pr\u00e1ticas em SST<\/a><\/p>\n<p><a href=\"https:\/\/www.institutodeengenharia.org.br\/site\/wp-content\/uploads\/2019\/12\/Dimitri-Espa\u00e7os-Confinados-SENAI.pdf\">Dimitri &#8211; Espa\u00e7os Confinados &#8211; SENAI<\/a><\/p>\n<p><a href=\"https:\/\/www.institutodeengenharia.org.br\/site\/wp-content\/uploads\/2019\/12\/Danilo-Sarti-Impactos-dos-acidentes-com-quedas-de-altura-na-ind\u00fastria-e-o-e-Social-SECONCI-SP.pdf\">Danilo Sarti &#8211; Impactos dos acidentes com quedas de altura na ind\u00fastria e o e-Social &#8211; SECONCI-SP<\/a><\/p>\n<p><a href=\"https:\/\/www.institutodeengenharia.org.br\/site\/wp-content\/uploads\/2019\/12\/Alexon-Oliveira-APOR-Inova\u00e7\u00f5es-em-prol-da-gest\u00e3o-de-SST.pdf\">Alexon Oliveira &#8211; APOR &#8211; Inova\u00e7\u00f5es em prol da gest\u00e3o de SST<\/a><\/p>\n<p><a href=\"https:\/\/www.institutodeengenharia.org.br\/site\/wp-content\/uploads\/2019\/12\/Antonio-Pereira-Impacto-da-revis\u00e3o-da-NR-18-na-Constru\u00e7\u00e3o-Civil.pdf\">Antonio Pereira &#8211; Impacto da revis\u00e3o da NR-18 na Constru\u00e7\u00e3o Civil<\/a><\/p>\n<p>&nbsp;<\/p>\n<p><strong>Realiza\u00e7\u00e3o:<\/strong><\/p>\n<p><img loading=\"lazy\" decoding=\"async\" class=\"wp-image-38439 alignleft td-animation-stack-type0-2\" src=\"https:\/\/www.institutodeengenharia.org.br\/site\/wp-content\/uploads\/2018\/10\/logo_para_newsletter-1.png\" alt=\"\" width=\"134\" height=\"119\" \/><\/p>\n<p><img loading=\"lazy\" decoding=\"async\" class=\"alignleft td-animation-stack-type0-2\" src=\"https:\/\/static.wixstatic.com\/media\/45b55b_e272ba6fb6134385818255ee4d4f3112.jpg\/v1\/fit\/w_2500,h_1330,al_c\/45b55b_e272ba6fb6134385818255ee4d4f3112.jpg\" alt=\"Resultado de imagem para trabalho e vida\" width=\"243\" height=\"150\" \/><\/p>\n<p>&nbsp;<\/p>\n<p>&nbsp;<\/p>\n<p>&nbsp;<\/p>\n<p>&nbsp;<\/p>\n<p>&nbsp;<\/p>\n<p><strong>Eng. Jer\u00f4nimo Cabral Pereira Fagundes Neto\u00a0<\/strong>\u2013 Vice-presidente de Atividades T\u00e9cnicas<\/p>\n<p><strong>Eng. Roberto Kochen<\/strong>\u00a0\u2013 Diretor do Departamento de Engenharia do Habitat e Infraestrutura<\/p>\n<p><strong>Eng. Jefferson D. Teixeira da Costa\u00a0<\/strong>\u2013 Coordenador da DT. \u00a0de Seguran\u00e7a no Trabalho<\/p>\n<p>&nbsp;<\/p>\n<p><strong>Apoio Institucional:<\/strong><\/p>\n<p><img loading=\"lazy\" decoding=\"async\" class=\"wp-image-57258 alignleft td-animation-stack-type0-2\" src=\"https:\/\/www.institutodeengenharia.org.br\/site\/wp-content\/uploads\/2019\/11\/apoio.jpg\" alt=\"\" width=\"531\" height=\"114\" srcset=\"https:\/\/www.institutodeengenharia.org.br\/site\/wp-content\/uploads\/2019\/11\/apoio.jpg 433w, https:\/\/www.institutodeengenharia.org.br\/site\/wp-content\/uploads\/2019\/11\/apoio-300x64.jpg 300w\" sizes=\"auto, (max-width: 531px) 100vw, 531px\" \/><img loading=\"lazy\" decoding=\"async\" class=\"wp-image-34556 alignleft td-animation-stack-type0-2\" src=\"https:\/\/www.institutodeengenharia.org.br\/site\/wp-content\/uploads\/2018\/04\/CREA-SP_vertical.jpg\" alt=\"\" width=\"121\" height=\"85\" srcset=\"https:\/\/www.institutodeengenharia.org.br\/site\/wp-content\/uploads\/2018\/04\/CREA-SP_vertical.jpg 150w, https:\/\/www.institutodeengenharia.org.br\/site\/wp-content\/uploads\/2018\/04\/CREA-SP_vertical-100x70.jpg 100w\" sizes=\"auto, (max-width: 121px) 100vw, 121px\" \/><\/p>\n<p><img loading=\"lazy\" decoding=\"async\" class=\"alignleft td-animation-stack-type0-2\" src=\"http:\/\/sindafsp.org.br\/wp-content\/uploads\/2018\/02\/sindafsp-5.jpg\" alt=\"Resultado de imagem para aafitsp\" width=\"326\" height=\"42\" \/><img loading=\"lazy\" decoding=\"async\" class=\"alignleft td-animation-stack-type0-2\" src=\"https:\/\/i1.wp.com\/smilephoto.com.br\/wp-content\/uploads\/2018\/05\/sesi-logo.png?ssl=1\" alt=\"Imagem relacionada\" width=\"157\" height=\"73\" \/><img loading=\"lazy\" decoding=\"async\" class=\"alignleft td-animation-stack-type0-2\" src=\"https:\/\/www.seconci-sp.org.br\/midia\/131134298531625461.jpg\" alt=\"Resultado de imagem para seconci sp\" width=\"205\" height=\"58\" \/><\/p>\n<p><img loading=\"lazy\" decoding=\"async\" class=\"alignleft td-animation-stack-type0-2\" src=\"https:\/\/encrypted-tbn0.gstatic.com\/images?q=tbn:ANd9GcSh5gBb_-uEywdMuoUpAVqJyMQW0bmD3SWgxu--FdYdcZwHv4K4&amp;s\" alt=\"Imagem relacionada\" width=\"119\" height=\"102\" \/><\/p>\n<p><img loading=\"lazy\" decoding=\"async\" class=\"wp-image-57259 alignleft td-animation-stack-type0-2\" src=\"https:\/\/www.institutodeengenharia.org.br\/site\/wp-content\/uploads\/2019\/11\/apoio-1.jpg\" alt=\"\" width=\"105\" height=\"130\" \/><\/p>\n","protected":false},"excerpt":{"rendered":"<p>Confira abaixo: Ricardo Pavan &#8211; Scanmetal Luciana Pontes &#8211; Adolpho Lindenberg Construtora &#8211; Boas Pr\u00e1ticas em SST Dimitri &#8211; Espa\u00e7os Confinados &#8211; SENAI Danilo Sarti &#8211; Impactos dos acidentes com quedas de altura na ind\u00fastria e o e-Social &#8211; SECONCI-SP Alexon Oliveira &#8211; APOR &#8211; Inova\u00e7\u00f5es em prol da gest\u00e3o de SST Antonio Pereira &#8211; [&hellip;]<\/p>\n","protected":false},"author":13,"featured_media":57268,"comment_status":"open","ping_status":"open","sticky":false,"template":"","format":"standard","meta":{"footnotes":""},"categories":[15,78,119],"tags":[],"class_list":{"0":"post-58918","1":"post","2":"type-post","3":"status-publish","4":"format-standard","5":"has-post-thumbnail","7":"category-departamento-desenvolvimento-de-projetos-e-servicos-de-infraestrutura","8":"category-divisao-de-seguranca-no-trabalho","9":"category-publicacoes-tecnicas"},"yoast_head":"<!-- This site is optimized with the Yoast SEO plugin v27.2 - https:\/\/yoast.com\/product\/yoast-seo-wordpress\/ -->\n<title>Material T\u00e9cnico - Seguran\u00e7a e Sa\u00fade no Trabalho - Instituto de Engenharia<\/title>\n<meta name=\"robots\" content=\"index, follow, max-snippet:-1, max-image-preview:large, max-video-preview:-1\" \/>\n<link rel=\"canonical\" href=\"https:\/\/www.institutodeengenharia.org.br\/site\/2019\/12\/06\/material-tecnico-seguranca-e-saude-no-trabalho\/\" \/>\n<meta property=\"og:locale\" content=\"pt_BR\" \/>\n<meta property=\"og:type\" content=\"article\" \/>\n<meta property=\"og:title\" content=\"Material T\u00e9cnico - Seguran\u00e7a e Sa\u00fade no Trabalho - Instituto de Engenharia\" \/>\n<meta property=\"og:description\" content=\"Confira abaixo: Ricardo Pavan &#8211; Scanmetal Luciana Pontes &#8211; Adolpho Lindenberg Construtora &#8211; Boas Pr\u00e1ticas em SST Dimitri &#8211; Espa\u00e7os Confinados &#8211; SENAI Danilo Sarti &#8211; Impactos dos acidentes com quedas de altura na ind\u00fastria e o e-Social &#8211; SECONCI-SP Alexon Oliveira &#8211; APOR &#8211; Inova\u00e7\u00f5es em prol da gest\u00e3o de SST Antonio Pereira &#8211; [&hellip;]\" \/>\n<meta property=\"og:url\" content=\"https:\/\/www.institutodeengenharia.org.br\/site\/2019\/12\/06\/material-tecnico-seguranca-e-saude-no-trabalho\/\" \/>\n<meta property=\"og:site_name\" content=\"Instituto de Engenharia\" \/>\n<meta property=\"article:publisher\" content=\"https:\/\/www.facebook.com\/institutodeengenharia\" \/>\n<meta property=\"article:published_time\" content=\"2019-12-06T18:44:35+00:00\" \/>\n<meta property=\"article:modified_time\" content=\"2019-12-18T18:47:15+00:00\" \/>\n<meta property=\"og:image\" content=\"https:\/\/www.institutodeengenharia.org.br\/site\/wp-content\/uploads\/2019\/11\/Seguran\u00e7a-do-Trabalho-\u2013-7-bons-exemplos-a-seguir.jpg\" \/>\n\t<meta property=\"og:image:width\" content=\"915\" \/>\n\t<meta property=\"og:image:height\" content=\"610\" \/>\n\t<meta property=\"og:image:type\" content=\"image\/jpeg\" \/>\n<meta name=\"author\" content=\"Bianca\" \/>\n<meta name=\"twitter:card\" content=\"summary_large_image\" \/>\n<meta name=\"twitter:creator\" content=\"@iengenharia\" \/>\n<meta name=\"twitter:site\" content=\"@iengenharia\" \/>\n<meta name=\"twitter:label1\" content=\"Escrito por\" \/>\n\t<meta name=\"twitter:data1\" content=\"Bianca\" \/>\n\t<meta name=\"twitter:label2\" content=\"Est. tempo de leitura\" \/>\n\t<meta name=\"twitter:data2\" content=\"1 minuto\" \/>\n<script type=\"application\/ld+json\" class=\"yoast-schema-graph\">{\"@context\":\"https:\/\/schema.org\",\"@graph\":[{\"@type\":\"Article\",\"@id\":\"https:\/\/www.institutodeengenharia.org.br\/site\/2019\/12\/06\/material-tecnico-seguranca-e-saude-no-trabalho\/#article\",\"isPartOf\":{\"@id\":\"https:\/\/www.institutodeengenharia.org.br\/site\/2019\/12\/06\/material-tecnico-seguranca-e-saude-no-trabalho\/\"},\"author\":{\"name\":\"Bianca\",\"@id\":\"https:\/\/www.institutodeengenharia.org.br\/site\/#\/schema\/person\/aeb64951c405e100d26d30b033dd423f\"},\"headline\":\"Material T\u00e9cnico &#8211; Seguran\u00e7a e Sa\u00fade no Trabalho\",\"datePublished\":\"2019-12-06T18:44:35+00:00\",\"dateModified\":\"2019-12-18T18:47:15+00:00\",\"mainEntityOfPage\":{\"@id\":\"https:\/\/www.institutodeengenharia.org.br\/site\/2019\/12\/06\/material-tecnico-seguranca-e-saude-no-trabalho\/\"},\"wordCount\":130,\"commentCount\":0,\"publisher\":{\"@id\":\"https:\/\/www.institutodeengenharia.org.br\/site\/#organization\"},\"image\":{\"@id\":\"https:\/\/www.institutodeengenharia.org.br\/site\/2019\/12\/06\/material-tecnico-seguranca-e-saude-no-trabalho\/#primaryimage\"},\"thumbnailUrl\":\"https:\/\/www.institutodeengenharia.org.br\/site\/wp-content\/uploads\/2019\/11\/Seguran\u00e7a-do-Trabalho-\u2013-7-bons-exemplos-a-seguir.jpg\",\"articleSection\":[\"Departamento Desenvolvimento de Projetos e Servi\u00e7os de Infraestrutura\",\"Divis\u00e3o T\u00e9cnica de Seguran\u00e7a no Trabalho\",\"Publica\u00e7\u00f5es T\u00e9cnicas\"],\"inLanguage\":\"pt-BR\",\"potentialAction\":[{\"@type\":\"CommentAction\",\"name\":\"Comment\",\"target\":[\"https:\/\/www.institutodeengenharia.org.br\/site\/2019\/12\/06\/material-tecnico-seguranca-e-saude-no-trabalho\/#respond\"]}]},{\"@type\":\"WebPage\",\"@id\":\"https:\/\/www.institutodeengenharia.org.br\/site\/2019\/12\/06\/material-tecnico-seguranca-e-saude-no-trabalho\/\",\"url\":\"https:\/\/www.institutodeengenharia.org.br\/site\/2019\/12\/06\/material-tecnico-seguranca-e-saude-no-trabalho\/\",\"name\":\"Material T\u00e9cnico - Seguran\u00e7a e Sa\u00fade no Trabalho - Instituto de Engenharia\",\"isPartOf\":{\"@id\":\"https:\/\/www.institutodeengenharia.org.br\/site\/#website\"},\"primaryImageOfPage\":{\"@id\":\"https:\/\/www.institutodeengenharia.org.br\/site\/2019\/12\/06\/material-tecnico-seguranca-e-saude-no-trabalho\/#primaryimage\"},\"image\":{\"@id\":\"https:\/\/www.institutodeengenharia.org.br\/site\/2019\/12\/06\/material-tecnico-seguranca-e-saude-no-trabalho\/#primaryimage\"},\"thumbnailUrl\":\"https:\/\/www.institutodeengenharia.org.br\/site\/wp-content\/uploads\/2019\/11\/Seguran\u00e7a-do-Trabalho-\u2013-7-bons-exemplos-a-seguir.jpg\",\"datePublished\":\"2019-12-06T18:44:35+00:00\",\"dateModified\":\"2019-12-18T18:47:15+00:00\",\"breadcrumb\":{\"@id\":\"https:\/\/www.institutodeengenharia.org.br\/site\/2019\/12\/06\/material-tecnico-seguranca-e-saude-no-trabalho\/#breadcrumb\"},\"inLanguage\":\"pt-BR\",\"potentialAction\":[{\"@type\":\"ReadAction\",\"target\":[\"https:\/\/www.institutodeengenharia.org.br\/site\/2019\/12\/06\/material-tecnico-seguranca-e-saude-no-trabalho\/\"]}]},{\"@type\":\"ImageObject\",\"inLanguage\":\"pt-BR\",\"@id\":\"https:\/\/www.institutodeengenharia.org.br\/site\/2019\/12\/06\/material-tecnico-seguranca-e-saude-no-trabalho\/#primaryimage\",\"url\":\"https:\/\/www.institutodeengenharia.org.br\/site\/wp-content\/uploads\/2019\/11\/Seguran\u00e7a-do-Trabalho-\u2013-7-bons-exemplos-a-seguir.jpg\",\"contentUrl\":\"https:\/\/www.institutodeengenharia.org.br\/site\/wp-content\/uploads\/2019\/11\/Seguran\u00e7a-do-Trabalho-\u2013-7-bons-exemplos-a-seguir.jpg\",\"width\":915,\"height\":610},{\"@type\":\"BreadcrumbList\",\"@id\":\"https:\/\/www.institutodeengenharia.org.br\/site\/2019\/12\/06\/material-tecnico-seguranca-e-saude-no-trabalho\/#breadcrumb\",\"itemListElement\":[{\"@type\":\"ListItem\",\"position\":1,\"name\":\"In\u00edcio\",\"item\":\"https:\/\/www.institutodeengenharia.org.br\/site\/\"},{\"@type\":\"ListItem\",\"position\":2,\"name\":\"Material T\u00e9cnico &#8211; Seguran\u00e7a e Sa\u00fade no Trabalho\"}]},{\"@type\":\"WebSite\",\"@id\":\"https:\/\/www.institutodeengenharia.org.br\/site\/#website\",\"url\":\"https:\/\/www.institutodeengenharia.org.br\/site\/\",\"name\":\"Instituto de Engenharia\",\"description\":\"O Instituto de Engenharia promove a Engenharia em benef\u00edcio do desenvolvimento e da qualidade de vida da sociedade.\",\"publisher\":{\"@id\":\"https:\/\/www.institutodeengenharia.org.br\/site\/#organization\"},\"potentialAction\":[{\"@type\":\"SearchAction\",\"target\":{\"@type\":\"EntryPoint\",\"urlTemplate\":\"https:\/\/www.institutodeengenharia.org.br\/site\/?s={search_term_string}\"},\"query-input\":{\"@type\":\"PropertyValueSpecification\",\"valueRequired\":true,\"valueName\":\"search_term_string\"}}],\"inLanguage\":\"pt-BR\"},{\"@type\":\"Organization\",\"@id\":\"https:\/\/www.institutodeengenharia.org.br\/site\/#organization\",\"name\":\"Instituto de Engenharia\",\"url\":\"https:\/\/www.institutodeengenharia.org.br\/site\/\",\"logo\":{\"@type\":\"ImageObject\",\"inLanguage\":\"pt-BR\",\"@id\":\"https:\/\/www.institutodeengenharia.org.br\/site\/#\/schema\/logo\/image\/\",\"url\":\"https:\/\/www.institutodeengenharia.org.br\/site\/wp-content\/uploads\/2019\/03\/logo-novo-IE2018-1.jpg\",\"contentUrl\":\"https:\/\/www.institutodeengenharia.org.br\/site\/wp-content\/uploads\/2019\/03\/logo-novo-IE2018-1.jpg\",\"width\":1486,\"height\":1879,\"caption\":\"Instituto de Engenharia\"},\"image\":{\"@id\":\"https:\/\/www.institutodeengenharia.org.br\/site\/#\/schema\/logo\/image\/\"},\"sameAs\":[\"https:\/\/www.facebook.com\/institutodeengenharia\",\"https:\/\/x.com\/iengenharia\",\"https:\/\/www.instagram.com\/institutodeengenharia\/\",\"https:\/\/www.linkedin.com\/company\/instituto-de-engenharia\/\",\"https:\/\/www.youtube.com\/channel\/UCXiCAlsSMe977vamW915HxA\"]},{\"@type\":\"Person\",\"@id\":\"https:\/\/www.institutodeengenharia.org.br\/site\/#\/schema\/person\/aeb64951c405e100d26d30b033dd423f\",\"name\":\"Bianca\",\"image\":{\"@type\":\"ImageObject\",\"inLanguage\":\"pt-BR\",\"@id\":\"https:\/\/secure.gravatar.com\/avatar\/a6fbe9bff57405baf4c1e2c5c1811e072b558253974a9f9508f4678900c97c2a?s=96&d=mm&r=g\",\"url\":\"https:\/\/secure.gravatar.com\/avatar\/a6fbe9bff57405baf4c1e2c5c1811e072b558253974a9f9508f4678900c97c2a?s=96&d=mm&r=g\",\"contentUrl\":\"https:\/\/secure.gravatar.com\/avatar\/a6fbe9bff57405baf4c1e2c5c1811e072b558253974a9f9508f4678900c97c2a?s=96&d=mm&r=g\",\"caption\":\"Bianca\"},\"url\":\"https:\/\/www.institutodeengenharia.org.br\/site\/author\/comunicacao1\/\"}]}<\/script>\n<!-- \/ Yoast SEO plugin. -->","yoast_head_json":{"title":"Material T\u00e9cnico - Seguran\u00e7a e Sa\u00fade no Trabalho - Instituto de Engenharia","robots":{"index":"index","follow":"follow","max-snippet":"max-snippet:-1","max-image-preview":"max-image-preview:large","max-video-preview":"max-video-preview:-1"},"canonical":"https:\/\/www.institutodeengenharia.org.br\/site\/2019\/12\/06\/material-tecnico-seguranca-e-saude-no-trabalho\/","og_locale":"pt_BR","og_type":"article","og_title":"Material T\u00e9cnico - Seguran\u00e7a e Sa\u00fade no Trabalho - Instituto de Engenharia","og_description":"Confira abaixo: Ricardo Pavan &#8211; Scanmetal Luciana Pontes &#8211; Adolpho Lindenberg Construtora &#8211; Boas Pr\u00e1ticas em SST Dimitri &#8211; Espa\u00e7os Confinados &#8211; SENAI Danilo Sarti &#8211; Impactos dos acidentes com quedas de altura na ind\u00fastria e o e-Social &#8211; SECONCI-SP Alexon Oliveira &#8211; APOR &#8211; Inova\u00e7\u00f5es em prol da gest\u00e3o de SST Antonio Pereira &#8211; [&hellip;]","og_url":"https:\/\/www.institutodeengenharia.org.br\/site\/2019\/12\/06\/material-tecnico-seguranca-e-saude-no-trabalho\/","og_site_name":"Instituto de Engenharia","article_publisher":"https:\/\/www.facebook.com\/institutodeengenharia","article_published_time":"2019-12-06T18:44:35+00:00","article_modified_time":"2019-12-18T18:47:15+00:00","og_image":[{"width":915,"height":610,"url":"https:\/\/www.institutodeengenharia.org.br\/site\/wp-content\/uploads\/2019\/11\/Seguran\u00e7a-do-Trabalho-\u2013-7-bons-exemplos-a-seguir.jpg","type":"image\/jpeg"}],"author":"Bianca","twitter_card":"summary_large_image","twitter_creator":"@iengenharia","twitter_site":"@iengenharia","twitter_misc":{"Escrito por":"Bianca","Est. tempo de leitura":"1 minuto"},"schema":{"@context":"https:\/\/schema.org","@graph":[{"@type":"Article","@id":"https:\/\/www.institutodeengenharia.org.br\/site\/2019\/12\/06\/material-tecnico-seguranca-e-saude-no-trabalho\/#article","isPartOf":{"@id":"https:\/\/www.institutodeengenharia.org.br\/site\/2019\/12\/06\/material-tecnico-seguranca-e-saude-no-trabalho\/"},"author":{"name":"Bianca","@id":"https:\/\/www.institutodeengenharia.org.br\/site\/#\/schema\/person\/aeb64951c405e100d26d30b033dd423f"},"headline":"Material T\u00e9cnico &#8211; Seguran\u00e7a e Sa\u00fade no Trabalho","datePublished":"2019-12-06T18:44:35+00:00","dateModified":"2019-12-18T18:47:15+00:00","mainEntityOfPage":{"@id":"https:\/\/www.institutodeengenharia.org.br\/site\/2019\/12\/06\/material-tecnico-seguranca-e-saude-no-trabalho\/"},"wordCount":130,"commentCount":0,"publisher":{"@id":"https:\/\/www.institutodeengenharia.org.br\/site\/#organization"},"image":{"@id":"https:\/\/www.institutodeengenharia.org.br\/site\/2019\/12\/06\/material-tecnico-seguranca-e-saude-no-trabalho\/#primaryimage"},"thumbnailUrl":"https:\/\/www.institutodeengenharia.org.br\/site\/wp-content\/uploads\/2019\/11\/Seguran\u00e7a-do-Trabalho-\u2013-7-bons-exemplos-a-seguir.jpg","articleSection":["Departamento Desenvolvimento de Projetos e Servi\u00e7os de Infraestrutura","Divis\u00e3o T\u00e9cnica de Seguran\u00e7a no Trabalho","Publica\u00e7\u00f5es T\u00e9cnicas"],"inLanguage":"pt-BR","potentialAction":[{"@type":"CommentAction","name":"Comment","target":["https:\/\/www.institutodeengenharia.org.br\/site\/2019\/12\/06\/material-tecnico-seguranca-e-saude-no-trabalho\/#respond"]}]},{"@type":"WebPage","@id":"https:\/\/www.institutodeengenharia.org.br\/site\/2019\/12\/06\/material-tecnico-seguranca-e-saude-no-trabalho\/","url":"https:\/\/www.institutodeengenharia.org.br\/site\/2019\/12\/06\/material-tecnico-seguranca-e-saude-no-trabalho\/","name":"Material T\u00e9cnico - Seguran\u00e7a e Sa\u00fade no Trabalho - Instituto de Engenharia","isPartOf":{"@id":"https:\/\/www.institutodeengenharia.org.br\/site\/#website"},"primaryImageOfPage":{"@id":"https:\/\/www.institutodeengenharia.org.br\/site\/2019\/12\/06\/material-tecnico-seguranca-e-saude-no-trabalho\/#primaryimage"},"image":{"@id":"https:\/\/www.institutodeengenharia.org.br\/site\/2019\/12\/06\/material-tecnico-seguranca-e-saude-no-trabalho\/#primaryimage"},"thumbnailUrl":"https:\/\/www.institutodeengenharia.org.br\/site\/wp-content\/uploads\/2019\/11\/Seguran\u00e7a-do-Trabalho-\u2013-7-bons-exemplos-a-seguir.jpg","datePublished":"2019-12-06T18:44:35+00:00","dateModified":"2019-12-18T18:47:15+00:00","breadcrumb":{"@id":"https:\/\/www.institutodeengenharia.org.br\/site\/2019\/12\/06\/material-tecnico-seguranca-e-saude-no-trabalho\/#breadcrumb"},"inLanguage":"pt-BR","potentialAction":[{"@type":"ReadAction","target":["https:\/\/www.institutodeengenharia.org.br\/site\/2019\/12\/06\/material-tecnico-seguranca-e-saude-no-trabalho\/"]}]},{"@type":"ImageObject","inLanguage":"pt-BR","@id":"https:\/\/www.institutodeengenharia.org.br\/site\/2019\/12\/06\/material-tecnico-seguranca-e-saude-no-trabalho\/#primaryimage","url":"https:\/\/www.institutodeengenharia.org.br\/site\/wp-content\/uploads\/2019\/11\/Seguran\u00e7a-do-Trabalho-\u2013-7-bons-exemplos-a-seguir.jpg","contentUrl":"https:\/\/www.institutodeengenharia.org.br\/site\/wp-content\/uploads\/2019\/11\/Seguran\u00e7a-do-Trabalho-\u2013-7-bons-exemplos-a-seguir.jpg","width":915,"height":610},{"@type":"BreadcrumbList","@id":"https:\/\/www.institutodeengenharia.org.br\/site\/2019\/12\/06\/material-tecnico-seguranca-e-saude-no-trabalho\/#breadcrumb","itemListElement":[{"@type":"ListItem","position":1,"name":"In\u00edcio","item":"https:\/\/www.institutodeengenharia.org.br\/site\/"},{"@type":"ListItem","position":2,"name":"Material T\u00e9cnico &#8211; Seguran\u00e7a e Sa\u00fade no Trabalho"}]},{"@type":"WebSite","@id":"https:\/\/www.institutodeengenharia.org.br\/site\/#website","url":"https:\/\/www.institutodeengenharia.org.br\/site\/","name":"Instituto de Engenharia","description":"O Instituto de Engenharia promove a Engenharia em benef\u00edcio do desenvolvimento e da qualidade de vida da sociedade.","publisher":{"@id":"https:\/\/www.institutodeengenharia.org.br\/site\/#organization"},"potentialAction":[{"@type":"SearchAction","target":{"@type":"EntryPoint","urlTemplate":"https:\/\/www.institutodeengenharia.org.br\/site\/?s={search_term_string}"},"query-input":{"@type":"PropertyValueSpecification","valueRequired":true,"valueName":"search_term_string"}}],"inLanguage":"pt-BR"},{"@type":"Organization","@id":"https:\/\/www.institutodeengenharia.org.br\/site\/#organization","name":"Instituto de Engenharia","url":"https:\/\/www.institutodeengenharia.org.br\/site\/","logo":{"@type":"ImageObject","inLanguage":"pt-BR","@id":"https:\/\/www.institutodeengenharia.org.br\/site\/#\/schema\/logo\/image\/","url":"https:\/\/www.institutodeengenharia.org.br\/site\/wp-content\/uploads\/2019\/03\/logo-novo-IE2018-1.jpg","contentUrl":"https:\/\/www.institutodeengenharia.org.br\/site\/wp-content\/uploads\/2019\/03\/logo-novo-IE2018-1.jpg","width":1486,"height":1879,"caption":"Instituto de Engenharia"},"image":{"@id":"https:\/\/www.institutodeengenharia.org.br\/site\/#\/schema\/logo\/image\/"},"sameAs":["https:\/\/www.facebook.com\/institutodeengenharia","https:\/\/x.com\/iengenharia","https:\/\/www.instagram.com\/institutodeengenharia\/","https:\/\/www.linkedin.com\/company\/instituto-de-engenharia\/","https:\/\/www.youtube.com\/channel\/UCXiCAlsSMe977vamW915HxA"]},{"@type":"Person","@id":"https:\/\/www.institutodeengenharia.org.br\/site\/#\/schema\/person\/aeb64951c405e100d26d30b033dd423f","name":"Bianca","image":{"@type":"ImageObject","inLanguage":"pt-BR","@id":"https:\/\/secure.gravatar.com\/avatar\/a6fbe9bff57405baf4c1e2c5c1811e072b558253974a9f9508f4678900c97c2a?s=96&d=mm&r=g","url":"https:\/\/secure.gravatar.com\/avatar\/a6fbe9bff57405baf4c1e2c5c1811e072b558253974a9f9508f4678900c97c2a?s=96&d=mm&r=g","contentUrl":"https:\/\/secure.gravatar.com\/avatar\/a6fbe9bff57405baf4c1e2c5c1811e072b558253974a9f9508f4678900c97c2a?s=96&d=mm&r=g","caption":"Bianca"},"url":"https:\/\/www.institutodeengenharia.org.br\/site\/author\/comunicacao1\/"}]}},"_links":{"self":[{"href":"https:\/\/www.institutodeengenharia.org.br\/site\/wp-json\/wp\/v2\/posts\/58918","targetHints":{"allow":["GET"]}}],"collection":[{"href":"https:\/\/www.institutodeengenharia.org.br\/site\/wp-json\/wp\/v2\/posts"}],"about":[{"href":"https:\/\/www.institutodeengenharia.org.br\/site\/wp-json\/wp\/v2\/types\/post"}],"author":[{"embeddable":true,"href":"https:\/\/www.institutodeengenharia.org.br\/site\/wp-json\/wp\/v2\/users\/13"}],"replies":[{"embeddable":true,"href":"https:\/\/www.institutodeengenharia.org.br\/site\/wp-json\/wp\/v2\/comments?post=58918"}],"version-history":[{"count":1,"href":"https:\/\/www.institutodeengenharia.org.br\/site\/wp-json\/wp\/v2\/posts\/58918\/revisions"}],"predecessor-version":[{"id":58925,"href":"https:\/\/www.institutodeengenharia.org.br\/site\/wp-json\/wp\/v2\/posts\/58918\/revisions\/58925"}],"wp:featuredmedia":[{"embeddable":true,"href":"https:\/\/www.institutodeengenharia.org.br\/site\/wp-json\/wp\/v2\/media\/57268"}],"wp:attachment":[{"href":"https:\/\/www.institutodeengenharia.org.br\/site\/wp-json\/wp\/v2\/media?parent=58918"}],"wp:term":[{"taxonomy":"category","embeddable":true,"href":"https:\/\/www.institutodeengenharia.org.br\/site\/wp-json\/wp\/v2\/categories?post=58918"},{"taxonomy":"post_tag","embeddable":true,"href":"https:\/\/www.institutodeengenharia.org.br\/site\/wp-json\/wp\/v2\/tags?post=58918"}],"curies":[{"name":"wp","href":"https:\/\/api.w.org\/{rel}","templated":true}]}}