{"id":58761,"date":"2019-11-13T09:46:24","date_gmt":"2019-11-13T11:46:24","guid":{"rendered":"https:\/\/www.institutodeengenharia.org.br\/site\/?p=58761"},"modified":"2019-12-17T16:05:21","modified_gmt":"2019-12-17T18:05:21","slug":"explosoes-de-supernovas-revelam-origem-de-concha-estelar-gigante","status":"publish","type":"post","link":"https:\/\/www.institutodeengenharia.org.br\/site\/2019\/11\/13\/explosoes-de-supernovas-revelam-origem-de-concha-estelar-gigante\/","title":{"rendered":"Explos\u00f5es de supernovas revelam origem de concha estelar gigante"},"content":{"rendered":"<section class=\"elementor-element elementor-element-5997905a elementor-section-boxed elementor-section-height-default elementor-section-height-default elementor-section elementor-top-section\" data-id=\"5997905a\" data-element_type=\"section\">\n<div class=\"elementor-container elementor-column-gap-default\">\n<div class=\"elementor-row\">\n<div class=\"elementor-element elementor-element-72ab0278 elementor-column elementor-col-100 elementor-top-column\" data-id=\"72ab0278\" data-element_type=\"column\">\n<div class=\"elementor-column-wrap elementor-element-populated\">\n<div class=\"elementor-widget-wrap\">\n<div class=\"elementor-element elementor-element-7832fbdc elementor-widget elementor-widget-text-editor\" data-id=\"7832fbdc\" data-element_type=\"widget\" data-widget_type=\"text-editor.default\">\n<div class=\"elementor-widget-container\">\n<div class=\"elementor-text-editor elementor-clearfix\">\n<p>Um grupo internacional liderado pela astr\u00f4noma brasileira Beatriz Fernandes, p\u00f3s-doutoranda do Instituto de Astronomia, Geof\u00edsica e Ci\u00eancias Atmosf\u00e9ricas (IAG) da USP,\u00a0 desvendou a origem da nebulosa Sh 2-296, que comp\u00f5e a nebulosa da Gaivota. O trabalho tamb\u00e9m revelou que tr\u00eas estrelas \u201cem fuga\u201d dessa regi\u00e3o foram ejetadas por diferentes explos\u00f5es de supernovas. O trabalho foi feito em parceria com o Instituto de Astrof\u00edsica de Paris.<\/p>\n<p>A\u00a0Sh 2-296, conhecida como a nebulosa da Gaivota, \u00e9 uma extensa regi\u00e3o no c\u00e9u em forma de arco, associada \u00e0 regi\u00e3o de forma\u00e7\u00e3o estelar Canis Major OB1, composta de estrelas jovens, g\u00e1s e poeira. Sua origem foi um mist\u00e9rio por muitos anos. Trabalhos anteriores propuseram que ela poderia ser devida a uma antiga explos\u00e3o de supernova, que teria desencadeado a forma\u00e7\u00e3o de estrelas nessa regi\u00e3o, mas o cen\u00e1rio \u00e9 bem mais complexo: existem estrelas jovens de v\u00e1rias idades no ber\u00e7\u00e1rio estelar e ainda n\u00e3o havia sido identificada a estrutura de concha deixada pela suposta explos\u00e3o de supernova.<\/p>\n<\/div>\n<\/div>\n<\/div>\n<\/div>\n<\/div>\n<\/div>\n<\/div>\n<\/div>\n<\/section>\n<section class=\"elementor-element elementor-element-a193485 elementor-section-boxed elementor-section-height-default elementor-section-height-default elementor-section elementor-top-section\" data-id=\"a193485\" data-element_type=\"section\">\n<div class=\"elementor-container elementor-column-gap-default\">\n<div class=\"elementor-row\">\n<div class=\"elementor-element elementor-element-61d0e9a elementor-column elementor-col-50 elementor-top-column\" data-id=\"61d0e9a\" data-element_type=\"column\">\n<div class=\"elementor-column-wrap elementor-element-populated\">\n<div class=\"elementor-widget-wrap\">\n<div class=\"elementor-element elementor-element-b4efcce elementor-widget elementor-widget-text-editor\" data-id=\"b4efcce\" data-element_type=\"widget\" data-widget_type=\"text-editor.default\">\n<div class=\"elementor-widget-container\">\n<div class=\"elementor-text-editor elementor-clearfix\">\n<p>O trabalho liderado por Beatriz mostrou que a nebulosa da Gaivota \u00e9, na verdade, parte de uma gigantesca concha estelar descoberta pela equipe, que denominou a estrutura de \u201cCMa shell\u201d (concha CMa), e que foi formada por sucessivas explos\u00f5es de supernova. \u201cAo analisar imagens da associac\u0327a\u0303o CMa OB1, vemos claramente que a nebulosa Sh 2-296 e\u0301 de fato parte de uma grande estrutura, que pode ser aproximada por uma grande concha eli\u0301ptica\u201d, explica Beatriz.<\/p>\n<p>Segunda a pesquisadora, a equipe tamb\u00e9m identificou tr\u00eas estrelas que est\u00e3o \u201cfugindo\u201d dessa regi\u00e3o, que est\u00e3o associadas a estruturas de choque em forma de arco (<i>bow shock<\/i>), com origem comum perto do centro da concha CMa. \u201cDescobrimos que as estrelas fugitivas, provavelmente, foram ejetadas de um aglomerado de estrelas progenitor, em tre\u0302s sucessivas exploso\u0303es de supernovas, ocorridas h\u00e1 aproximadamente 6 milh\u00f5es, 2 milh\u00f5es e 1 milha\u0303o de anos\u201d, explica a astr\u00f4noma brasileira.<\/p>\n<\/div>\n<\/div>\n<\/div>\n<\/div>\n<\/div>\n<\/div>\n<div class=\"elementor-element elementor-element-d3b5620 elementor-column elementor-col-50 elementor-top-column\" data-id=\"d3b5620\" data-element_type=\"column\">\n<div class=\"elementor-column-wrap elementor-element-populated\">\n<div class=\"elementor-widget-wrap\">\n<div class=\"elementor-element elementor-element-2ebece9 elementor-widget elementor-widget-image\" data-id=\"2ebece9\" data-element_type=\"widget\" data-widget_type=\"image.default\">\n<div class=\"elementor-widget-container\">\n<div class=\"elementor-image\">\n<figure style=\"width: 411px\" class=\"wp-caption aligncenter\"><img loading=\"lazy\" decoding=\"async\" class=\"attachment-large \" src=\"https:\/\/jornal.usp.br\/wp-content\/uploads\/2019\/12\/20191210_supernovas_nebuosa-gaivota.jpg\" sizes=\"auto, (max-width: 640px) 100vw, 640px\" srcset=\"https:\/\/jornal.usp.br\/wp-content\/uploads\/2019\/12\/20191210_supernovas_nebuosa-gaivota.jpg 750w, https:\/\/jornal.usp.br\/wp-content\/uploads\/2019\/12\/20191210_supernovas_nebuosa-gaivota-281x300.jpg 281w\" alt=\"\" width=\"411\" height=\"439\" \/><figcaption class=\"wp-caption-text\">Imagem mostrando a regi\u00e3o estudada e as tr\u00eas estrelas fugitivas, e a posi\u00e7\u00e3o original das estrelas (in\u00edcio das setas) antes de serem ejetadas pelas explos\u00f5es de supernova. As setas indicam a dire\u00e7\u00e3o do movimento das estrelas fugitivas \u2013 Foto: Beatriz Fernandes<\/figcaption><\/figure>\n<\/div>\n<\/div>\n<\/div>\n<\/div>\n<\/div>\n<\/div>\n<\/div>\n<\/div>\n<\/section>\n<section class=\"elementor-element elementor-element-4ba1ca9 elementor-section-boxed elementor-section-height-default elementor-section-height-default elementor-section elementor-top-section\" data-id=\"4ba1ca9\" data-element_type=\"section\">\n<div class=\"elementor-container elementor-column-gap-default\">\n<div class=\"elementor-row\">\n<div class=\"elementor-element elementor-element-50eb1d5 elementor-column elementor-col-100 elementor-top-column\" data-id=\"50eb1d5\" data-element_type=\"column\">\n<div class=\"elementor-column-wrap elementor-element-populated\">\n<div class=\"elementor-widget-wrap\">\n<div class=\"elementor-element elementor-element-30f3945 elementor-widget elementor-widget-text-editor\" data-id=\"30f3945\" data-element_type=\"widget\" data-widget_type=\"text-editor.default\">\n<div class=\"elementor-widget-container\">\n<div class=\"elementor-text-editor elementor-clearfix\">\n<p>A descoberta foi poss\u00edvel empregando dados de v\u00e1rios observat\u00f3rios, usando diversos tipos de emiss\u00f5es: raios-X, vis\u00edvel, infravermelho e r\u00e1dio, al\u00e9m de informa\u00e7\u00f5es do sat\u00e9lite europeu GAIA, que mede a dist\u00e2ncia e os movimentos das estrelas de nossa gal\u00e1xia. Todas essas informa\u00e7\u00f5es permitiram pela primeira vez ter uma vis\u00e3o geral da forma\u00e7\u00e3o estelar nessa regi\u00e3o, diz a pesquisadora.<\/p>\n<\/div>\n<\/div>\n<\/div>\n<\/div>\n<\/div>\n<\/div>\n<\/div>\n<\/div>\n<\/section>\n<section class=\"elementor-element elementor-element-3d21278 elementor-section-boxed elementor-section-height-default elementor-section-height-default elementor-section elementor-top-section\" data-id=\"3d21278\" data-element_type=\"section\">\n<div class=\"elementor-container elementor-column-gap-default\">\n<div class=\"elementor-row\">\n<div class=\"elementor-element elementor-element-67a21ec elementor-column elementor-col-100 elementor-top-column\" data-id=\"67a21ec\" data-element_type=\"column\">\n<div class=\"elementor-column-wrap elementor-element-populated\">\n<div class=\"elementor-widget-wrap\">\n<div class=\"elementor-element elementor-element-6131627 elementor-widget elementor-widget-image\" data-id=\"6131627\" data-element_type=\"widget\" data-widget_type=\"image.default\">\n<div class=\"elementor-widget-container\">\n<div class=\"elementor-image\">\n<figure style=\"width: 529px\" class=\"wp-caption aligncenter\"><img loading=\"lazy\" decoding=\"async\" class=\"attachment-full \" src=\"https:\/\/jornal.usp.br\/wp-content\/uploads\/2019\/12\/20191210_estrela-fugitiva-01.jpg\" sizes=\"auto, (max-width: 800px) 100vw, 800px\" srcset=\"https:\/\/jornal.usp.br\/wp-content\/uploads\/2019\/12\/20191210_estrela-fugitiva-01.jpg 800w, https:\/\/jornal.usp.br\/wp-content\/uploads\/2019\/12\/20191210_estrela-fugitiva-01-150x150.jpg 150w, https:\/\/jornal.usp.br\/wp-content\/uploads\/2019\/12\/20191210_estrela-fugitiva-01-300x300.jpg 300w, https:\/\/jornal.usp.br\/wp-content\/uploads\/2019\/12\/20191210_estrela-fugitiva-01-768x768.jpg 768w, https:\/\/jornal.usp.br\/wp-content\/uploads\/2019\/12\/20191210_estrela-fugitiva-01-60x60.jpg 60w, https:\/\/jornal.usp.br\/wp-content\/uploads\/2019\/12\/20191210_estrela-fugitiva-01-45x45.jpg 45w, https:\/\/jornal.usp.br\/wp-content\/uploads\/2019\/12\/20191210_estrela-fugitiva-01-65x65.jpg 65w\" alt=\"\" width=\"529\" height=\"529\" \/><figcaption class=\"wp-caption-text\">Imagem mostrando uma das estrelas fugitivas e a frente de choque. A seta amarela indica a dire\u00e7\u00e3o do movimento da estrela fugitiva \u2013 Foto: Beatriz Fernandes<\/figcaption><\/figure>\n<\/div>\n<\/div>\n<\/div>\n<\/div>\n<\/div>\n<\/div>\n<\/div>\n<\/div>\n<\/section>\n<section class=\"elementor-element elementor-element-47c995e elementor-section-boxed elementor-section-height-default elementor-section-height-default elementor-section elementor-top-section\" data-id=\"47c995e\" data-element_type=\"section\">\n<div class=\"elementor-container elementor-column-gap-default\">\n<div class=\"elementor-row\">\n<div class=\"elementor-element elementor-element-9aba0bc elementor-column elementor-col-100 elementor-top-column\" data-id=\"9aba0bc\" data-element_type=\"column\">\n<div class=\"elementor-column-wrap elementor-element-populated\">\n<div class=\"elementor-widget-wrap\">\n<div class=\"elementor-element elementor-element-9c58888 elementor-widget elementor-widget-text-editor\" data-id=\"9c58888\" data-element_type=\"widget\" data-widget_type=\"text-editor.default\">\n<div class=\"elementor-widget-container\">\n<div class=\"elementor-text-editor elementor-clearfix\">\n<p>As sucessivas explos\u00f5es de supernovas nos \u00faltimos 6 milh\u00f5es de anos desencadearam v\u00e1rios surtos de forma\u00e7\u00e3o estelar na nebulosa Sh 2-296, mas n\u00e3o era esperado que mais estrelas fossem formadas nessa regi\u00e3o. Segundo a professora do IAG Jane Gregorio-Hetem, \u201co trabalho de Beatriz desvendou o miste\u0301rio sobre a histo\u0301ria da formac\u0327a\u0303o estelar na associac\u0327a\u0303o Canis Major OB1. Ela encontrou evide\u0302ncias de tre\u0302s eventos de explosa\u0303o de supernovas que induziram ao nascimento de estrelas h\u00e1 alguns milho\u0303es de anos. E, ao que tudo indica, na\u0303o va\u0303o ocorrer mais episo\u0301dios de formac\u0327a\u0303o estelar nesta regia\u0303o\u201d, diz.<\/p>\n<p>A pesquisa sobre a hist\u00f3ria da forma\u00e7\u00e3o estelar na associa\u00e7\u00e3o Canis Major OB1 foi realizada com apoio das ag\u00eancias financiadoras brasileiras Conselho Nacional de Desenvolvimento Cient\u00edfico e Tecnol\u00f3gico (CNPq), Coordena\u00e7\u00e3o de Aperfei\u00e7oamento de Pessoal de N\u00edvel Superior (Capes) e Funda\u00e7\u00e3o de Amparo \u00e0 Pesquisa do Estado de S\u00e3o Paulo (Fapesp). O artigo\u00a0<a href=\"https:\/\/www.aanda.org\/articles\/aa\/abs\/2019\/08\/aa35484-19\/aa35484-19.html\" target=\"_blank\" rel=\"noopener\"><em>Runaways and shells around the CMa OB1 association<\/em><\/a>\u00a0foi publicado na revista Astronomy &amp; Astrophysics.<\/p>\n<p><em>Por\u00a0Luciana H Y Silveira\/ Apoio Institucional IAG<\/em><br \/>\n<em>Fonte<a href=\"https:\/\/jornal.usp.br\/ciencias\/ciencias-exatas-e-da-terra\/explosoes-de-supernovas-revelam-origem-de-concha-estelar-gigante\/\" target=\"_blank\" rel=\"noopener\"> Jornal da USP<\/a><\/em><\/p>\n<\/div>\n<\/div>\n<\/div>\n<\/div>\n<\/div>\n<\/div>\n<\/div>\n<\/div>\n<\/section>\n","protected":false},"excerpt":{"rendered":"<p>Um grupo internacional liderado pela astr\u00f4noma brasileira Beatriz Fernandes, p\u00f3s-doutoranda do Instituto de Astronomia, Geof\u00edsica e Ci\u00eancias Atmosf\u00e9ricas (IAG) da USP,\u00a0 desvendou a origem da nebulosa Sh 2-296, que comp\u00f5e a nebulosa da Gaivota. O trabalho tamb\u00e9m revelou que tr\u00eas estrelas \u201cem fuga\u201d dessa regi\u00e3o foram ejetadas por diferentes explos\u00f5es de supernovas. O trabalho foi [&hellip;]<\/p>\n","protected":false},"author":13,"featured_media":58762,"comment_status":"open","ping_status":"open","sticky":false,"template":"","format":"standard","meta":{"footnotes":""},"categories":[963,35,40,972],"tags":[202],"class_list":{"0":"post-58761","1":"post","2":"type-post","3":"status-publish","4":"format-standard","5":"has-post-thumbnail","7":"category-futuro","8":"category-pesquisa-e-desenvolvimento","9":"category-tecnologia","10":"category-tecnologia-futuro","11":"tag-destaque"},"yoast_head":"<!-- This site is optimized with the Yoast SEO plugin v27.2 - https:\/\/yoast.com\/product\/yoast-seo-wordpress\/ -->\n<title>Explos\u00f5es de supernovas revelam origem de concha estelar gigante - Instituto de Engenharia<\/title>\n<meta name=\"robots\" content=\"index, follow, max-snippet:-1, max-image-preview:large, max-video-preview:-1\" \/>\n<link rel=\"canonical\" href=\"https:\/\/www.institutodeengenharia.org.br\/site\/2019\/11\/13\/explosoes-de-supernovas-revelam-origem-de-concha-estelar-gigante\/\" \/>\n<meta property=\"og:locale\" content=\"pt_BR\" \/>\n<meta property=\"og:type\" content=\"article\" \/>\n<meta property=\"og:title\" content=\"Explos\u00f5es de supernovas revelam origem de concha estelar gigante - Instituto de Engenharia\" \/>\n<meta property=\"og:description\" content=\"Um grupo internacional liderado pela astr\u00f4noma brasileira Beatriz Fernandes, p\u00f3s-doutoranda do Instituto de Astronomia, Geof\u00edsica e Ci\u00eancias Atmosf\u00e9ricas (IAG) da USP,\u00a0 desvendou a origem da nebulosa Sh 2-296, que comp\u00f5e a nebulosa da Gaivota. O trabalho tamb\u00e9m revelou que tr\u00eas estrelas \u201cem fuga\u201d dessa regi\u00e3o foram ejetadas por diferentes explos\u00f5es de supernovas. O trabalho foi [&hellip;]\" \/>\n<meta property=\"og:url\" content=\"https:\/\/www.institutodeengenharia.org.br\/site\/2019\/11\/13\/explosoes-de-supernovas-revelam-origem-de-concha-estelar-gigante\/\" \/>\n<meta property=\"og:site_name\" content=\"Instituto de Engenharia\" \/>\n<meta property=\"article:publisher\" content=\"https:\/\/www.facebook.com\/institutodeengenharia\" \/>\n<meta property=\"article:published_time\" content=\"2019-11-13T11:46:24+00:00\" \/>\n<meta property=\"article:modified_time\" content=\"2019-12-17T18:05:21+00:00\" \/>\n<meta property=\"og:image\" content=\"https:\/\/www.institutodeengenharia.org.br\/site\/wp-content\/uploads\/2019\/12\/20191210_nebulosa-gaivota.jpg\" \/>\n\t<meta property=\"og:image:width\" content=\"1280\" \/>\n\t<meta property=\"og:image:height\" content=\"500\" \/>\n\t<meta property=\"og:image:type\" content=\"image\/jpeg\" \/>\n<meta name=\"author\" content=\"Bianca\" \/>\n<meta name=\"twitter:card\" content=\"summary_large_image\" \/>\n<meta name=\"twitter:creator\" content=\"@iengenharia\" \/>\n<meta name=\"twitter:site\" content=\"@iengenharia\" \/>\n<meta name=\"twitter:label1\" content=\"Escrito por\" \/>\n\t<meta name=\"twitter:data1\" content=\"Bianca\" \/>\n\t<meta name=\"twitter:label2\" content=\"Est. tempo de leitura\" \/>\n\t<meta name=\"twitter:data2\" content=\"4 minutos\" \/>\n<script type=\"application\/ld+json\" class=\"yoast-schema-graph\">{\"@context\":\"https:\/\/schema.org\",\"@graph\":[{\"@type\":\"Article\",\"@id\":\"https:\/\/www.institutodeengenharia.org.br\/site\/2019\/11\/13\/explosoes-de-supernovas-revelam-origem-de-concha-estelar-gigante\/#article\",\"isPartOf\":{\"@id\":\"https:\/\/www.institutodeengenharia.org.br\/site\/2019\/11\/13\/explosoes-de-supernovas-revelam-origem-de-concha-estelar-gigante\/\"},\"author\":{\"name\":\"Bianca\",\"@id\":\"https:\/\/www.institutodeengenharia.org.br\/site\/#\/schema\/person\/aeb64951c405e100d26d30b033dd423f\"},\"headline\":\"Explos\u00f5es de supernovas revelam origem de concha estelar gigante\",\"datePublished\":\"2019-11-13T11:46:24+00:00\",\"dateModified\":\"2019-12-17T18:05:21+00:00\",\"mainEntityOfPage\":{\"@id\":\"https:\/\/www.institutodeengenharia.org.br\/site\/2019\/11\/13\/explosoes-de-supernovas-revelam-origem-de-concha-estelar-gigante\/\"},\"wordCount\":712,\"commentCount\":0,\"publisher\":{\"@id\":\"https:\/\/www.institutodeengenharia.org.br\/site\/#organization\"},\"image\":{\"@id\":\"https:\/\/www.institutodeengenharia.org.br\/site\/2019\/11\/13\/explosoes-de-supernovas-revelam-origem-de-concha-estelar-gigante\/#primaryimage\"},\"thumbnailUrl\":\"https:\/\/www.institutodeengenharia.org.br\/site\/wp-content\/uploads\/2019\/12\/20191210_nebulosa-gaivota.jpg\",\"keywords\":[\"+ Destaque\"],\"articleSection\":[\"Futuro\",\"Pesquisa e Desenvolvimento\",\"Tecnologia\",\"Tecnologia\"],\"inLanguage\":\"pt-BR\",\"potentialAction\":[{\"@type\":\"CommentAction\",\"name\":\"Comment\",\"target\":[\"https:\/\/www.institutodeengenharia.org.br\/site\/2019\/11\/13\/explosoes-de-supernovas-revelam-origem-de-concha-estelar-gigante\/#respond\"]}]},{\"@type\":\"WebPage\",\"@id\":\"https:\/\/www.institutodeengenharia.org.br\/site\/2019\/11\/13\/explosoes-de-supernovas-revelam-origem-de-concha-estelar-gigante\/\",\"url\":\"https:\/\/www.institutodeengenharia.org.br\/site\/2019\/11\/13\/explosoes-de-supernovas-revelam-origem-de-concha-estelar-gigante\/\",\"name\":\"Explos\u00f5es de supernovas revelam origem de concha estelar gigante - Instituto de Engenharia\",\"isPartOf\":{\"@id\":\"https:\/\/www.institutodeengenharia.org.br\/site\/#website\"},\"primaryImageOfPage\":{\"@id\":\"https:\/\/www.institutodeengenharia.org.br\/site\/2019\/11\/13\/explosoes-de-supernovas-revelam-origem-de-concha-estelar-gigante\/#primaryimage\"},\"image\":{\"@id\":\"https:\/\/www.institutodeengenharia.org.br\/site\/2019\/11\/13\/explosoes-de-supernovas-revelam-origem-de-concha-estelar-gigante\/#primaryimage\"},\"thumbnailUrl\":\"https:\/\/www.institutodeengenharia.org.br\/site\/wp-content\/uploads\/2019\/12\/20191210_nebulosa-gaivota.jpg\",\"datePublished\":\"2019-11-13T11:46:24+00:00\",\"dateModified\":\"2019-12-17T18:05:21+00:00\",\"breadcrumb\":{\"@id\":\"https:\/\/www.institutodeengenharia.org.br\/site\/2019\/11\/13\/explosoes-de-supernovas-revelam-origem-de-concha-estelar-gigante\/#breadcrumb\"},\"inLanguage\":\"pt-BR\",\"potentialAction\":[{\"@type\":\"ReadAction\",\"target\":[\"https:\/\/www.institutodeengenharia.org.br\/site\/2019\/11\/13\/explosoes-de-supernovas-revelam-origem-de-concha-estelar-gigante\/\"]}]},{\"@type\":\"ImageObject\",\"inLanguage\":\"pt-BR\",\"@id\":\"https:\/\/www.institutodeengenharia.org.br\/site\/2019\/11\/13\/explosoes-de-supernovas-revelam-origem-de-concha-estelar-gigante\/#primaryimage\",\"url\":\"https:\/\/www.institutodeengenharia.org.br\/site\/wp-content\/uploads\/2019\/12\/20191210_nebulosa-gaivota.jpg\",\"contentUrl\":\"https:\/\/www.institutodeengenharia.org.br\/site\/wp-content\/uploads\/2019\/12\/20191210_nebulosa-gaivota.jpg\",\"width\":1280,\"height\":500,\"caption\":\"A nebulosa da Gaivota \u00e9 uma extensa regi\u00e3o no c\u00e9u em forma de arco, composta de estrelas jovens, g\u00e1s e poeira \u2013 Foto: Bob Franke, usada com permiss\u00e3o do autor (Dispon\u00edvel em: http:\/\/bf-astro.com\/ic2177\/ic2177.htm)\"},{\"@type\":\"BreadcrumbList\",\"@id\":\"https:\/\/www.institutodeengenharia.org.br\/site\/2019\/11\/13\/explosoes-de-supernovas-revelam-origem-de-concha-estelar-gigante\/#breadcrumb\",\"itemListElement\":[{\"@type\":\"ListItem\",\"position\":1,\"name\":\"In\u00edcio\",\"item\":\"https:\/\/www.institutodeengenharia.org.br\/site\/\"},{\"@type\":\"ListItem\",\"position\":2,\"name\":\"Explos\u00f5es de supernovas revelam origem de concha estelar gigante\"}]},{\"@type\":\"WebSite\",\"@id\":\"https:\/\/www.institutodeengenharia.org.br\/site\/#website\",\"url\":\"https:\/\/www.institutodeengenharia.org.br\/site\/\",\"name\":\"Instituto de Engenharia\",\"description\":\"O Instituto de Engenharia promove a Engenharia em benef\u00edcio do desenvolvimento e da qualidade de vida da sociedade.\",\"publisher\":{\"@id\":\"https:\/\/www.institutodeengenharia.org.br\/site\/#organization\"},\"potentialAction\":[{\"@type\":\"SearchAction\",\"target\":{\"@type\":\"EntryPoint\",\"urlTemplate\":\"https:\/\/www.institutodeengenharia.org.br\/site\/?s={search_term_string}\"},\"query-input\":{\"@type\":\"PropertyValueSpecification\",\"valueRequired\":true,\"valueName\":\"search_term_string\"}}],\"inLanguage\":\"pt-BR\"},{\"@type\":\"Organization\",\"@id\":\"https:\/\/www.institutodeengenharia.org.br\/site\/#organization\",\"name\":\"Instituto de Engenharia\",\"url\":\"https:\/\/www.institutodeengenharia.org.br\/site\/\",\"logo\":{\"@type\":\"ImageObject\",\"inLanguage\":\"pt-BR\",\"@id\":\"https:\/\/www.institutodeengenharia.org.br\/site\/#\/schema\/logo\/image\/\",\"url\":\"https:\/\/www.institutodeengenharia.org.br\/site\/wp-content\/uploads\/2019\/03\/logo-novo-IE2018-1.jpg\",\"contentUrl\":\"https:\/\/www.institutodeengenharia.org.br\/site\/wp-content\/uploads\/2019\/03\/logo-novo-IE2018-1.jpg\",\"width\":1486,\"height\":1879,\"caption\":\"Instituto de Engenharia\"},\"image\":{\"@id\":\"https:\/\/www.institutodeengenharia.org.br\/site\/#\/schema\/logo\/image\/\"},\"sameAs\":[\"https:\/\/www.facebook.com\/institutodeengenharia\",\"https:\/\/x.com\/iengenharia\",\"https:\/\/www.instagram.com\/institutodeengenharia\/\",\"https:\/\/www.linkedin.com\/company\/instituto-de-engenharia\/\",\"https:\/\/www.youtube.com\/channel\/UCXiCAlsSMe977vamW915HxA\"]},{\"@type\":\"Person\",\"@id\":\"https:\/\/www.institutodeengenharia.org.br\/site\/#\/schema\/person\/aeb64951c405e100d26d30b033dd423f\",\"name\":\"Bianca\",\"image\":{\"@type\":\"ImageObject\",\"inLanguage\":\"pt-BR\",\"@id\":\"https:\/\/secure.gravatar.com\/avatar\/a6fbe9bff57405baf4c1e2c5c1811e072b558253974a9f9508f4678900c97c2a?s=96&d=mm&r=g\",\"url\":\"https:\/\/secure.gravatar.com\/avatar\/a6fbe9bff57405baf4c1e2c5c1811e072b558253974a9f9508f4678900c97c2a?s=96&d=mm&r=g\",\"contentUrl\":\"https:\/\/secure.gravatar.com\/avatar\/a6fbe9bff57405baf4c1e2c5c1811e072b558253974a9f9508f4678900c97c2a?s=96&d=mm&r=g\",\"caption\":\"Bianca\"},\"url\":\"https:\/\/www.institutodeengenharia.org.br\/site\/author\/comunicacao1\/\"}]}<\/script>\n<!-- \/ Yoast SEO plugin. -->","yoast_head_json":{"title":"Explos\u00f5es de supernovas revelam origem de concha estelar gigante - Instituto de Engenharia","robots":{"index":"index","follow":"follow","max-snippet":"max-snippet:-1","max-image-preview":"max-image-preview:large","max-video-preview":"max-video-preview:-1"},"canonical":"https:\/\/www.institutodeengenharia.org.br\/site\/2019\/11\/13\/explosoes-de-supernovas-revelam-origem-de-concha-estelar-gigante\/","og_locale":"pt_BR","og_type":"article","og_title":"Explos\u00f5es de supernovas revelam origem de concha estelar gigante - Instituto de Engenharia","og_description":"Um grupo internacional liderado pela astr\u00f4noma brasileira Beatriz Fernandes, p\u00f3s-doutoranda do Instituto de Astronomia, Geof\u00edsica e Ci\u00eancias Atmosf\u00e9ricas (IAG) da USP,\u00a0 desvendou a origem da nebulosa Sh 2-296, que comp\u00f5e a nebulosa da Gaivota. O trabalho tamb\u00e9m revelou que tr\u00eas estrelas \u201cem fuga\u201d dessa regi\u00e3o foram ejetadas por diferentes explos\u00f5es de supernovas. O trabalho foi [&hellip;]","og_url":"https:\/\/www.institutodeengenharia.org.br\/site\/2019\/11\/13\/explosoes-de-supernovas-revelam-origem-de-concha-estelar-gigante\/","og_site_name":"Instituto de Engenharia","article_publisher":"https:\/\/www.facebook.com\/institutodeengenharia","article_published_time":"2019-11-13T11:46:24+00:00","article_modified_time":"2019-12-17T18:05:21+00:00","og_image":[{"width":1280,"height":500,"url":"https:\/\/www.institutodeengenharia.org.br\/site\/wp-content\/uploads\/2019\/12\/20191210_nebulosa-gaivota.jpg","type":"image\/jpeg"}],"author":"Bianca","twitter_card":"summary_large_image","twitter_creator":"@iengenharia","twitter_site":"@iengenharia","twitter_misc":{"Escrito por":"Bianca","Est. tempo de leitura":"4 minutos"},"schema":{"@context":"https:\/\/schema.org","@graph":[{"@type":"Article","@id":"https:\/\/www.institutodeengenharia.org.br\/site\/2019\/11\/13\/explosoes-de-supernovas-revelam-origem-de-concha-estelar-gigante\/#article","isPartOf":{"@id":"https:\/\/www.institutodeengenharia.org.br\/site\/2019\/11\/13\/explosoes-de-supernovas-revelam-origem-de-concha-estelar-gigante\/"},"author":{"name":"Bianca","@id":"https:\/\/www.institutodeengenharia.org.br\/site\/#\/schema\/person\/aeb64951c405e100d26d30b033dd423f"},"headline":"Explos\u00f5es de supernovas revelam origem de concha estelar gigante","datePublished":"2019-11-13T11:46:24+00:00","dateModified":"2019-12-17T18:05:21+00:00","mainEntityOfPage":{"@id":"https:\/\/www.institutodeengenharia.org.br\/site\/2019\/11\/13\/explosoes-de-supernovas-revelam-origem-de-concha-estelar-gigante\/"},"wordCount":712,"commentCount":0,"publisher":{"@id":"https:\/\/www.institutodeengenharia.org.br\/site\/#organization"},"image":{"@id":"https:\/\/www.institutodeengenharia.org.br\/site\/2019\/11\/13\/explosoes-de-supernovas-revelam-origem-de-concha-estelar-gigante\/#primaryimage"},"thumbnailUrl":"https:\/\/www.institutodeengenharia.org.br\/site\/wp-content\/uploads\/2019\/12\/20191210_nebulosa-gaivota.jpg","keywords":["+ Destaque"],"articleSection":["Futuro","Pesquisa e Desenvolvimento","Tecnologia","Tecnologia"],"inLanguage":"pt-BR","potentialAction":[{"@type":"CommentAction","name":"Comment","target":["https:\/\/www.institutodeengenharia.org.br\/site\/2019\/11\/13\/explosoes-de-supernovas-revelam-origem-de-concha-estelar-gigante\/#respond"]}]},{"@type":"WebPage","@id":"https:\/\/www.institutodeengenharia.org.br\/site\/2019\/11\/13\/explosoes-de-supernovas-revelam-origem-de-concha-estelar-gigante\/","url":"https:\/\/www.institutodeengenharia.org.br\/site\/2019\/11\/13\/explosoes-de-supernovas-revelam-origem-de-concha-estelar-gigante\/","name":"Explos\u00f5es de supernovas revelam origem de concha estelar gigante - Instituto de Engenharia","isPartOf":{"@id":"https:\/\/www.institutodeengenharia.org.br\/site\/#website"},"primaryImageOfPage":{"@id":"https:\/\/www.institutodeengenharia.org.br\/site\/2019\/11\/13\/explosoes-de-supernovas-revelam-origem-de-concha-estelar-gigante\/#primaryimage"},"image":{"@id":"https:\/\/www.institutodeengenharia.org.br\/site\/2019\/11\/13\/explosoes-de-supernovas-revelam-origem-de-concha-estelar-gigante\/#primaryimage"},"thumbnailUrl":"https:\/\/www.institutodeengenharia.org.br\/site\/wp-content\/uploads\/2019\/12\/20191210_nebulosa-gaivota.jpg","datePublished":"2019-11-13T11:46:24+00:00","dateModified":"2019-12-17T18:05:21+00:00","breadcrumb":{"@id":"https:\/\/www.institutodeengenharia.org.br\/site\/2019\/11\/13\/explosoes-de-supernovas-revelam-origem-de-concha-estelar-gigante\/#breadcrumb"},"inLanguage":"pt-BR","potentialAction":[{"@type":"ReadAction","target":["https:\/\/www.institutodeengenharia.org.br\/site\/2019\/11\/13\/explosoes-de-supernovas-revelam-origem-de-concha-estelar-gigante\/"]}]},{"@type":"ImageObject","inLanguage":"pt-BR","@id":"https:\/\/www.institutodeengenharia.org.br\/site\/2019\/11\/13\/explosoes-de-supernovas-revelam-origem-de-concha-estelar-gigante\/#primaryimage","url":"https:\/\/www.institutodeengenharia.org.br\/site\/wp-content\/uploads\/2019\/12\/20191210_nebulosa-gaivota.jpg","contentUrl":"https:\/\/www.institutodeengenharia.org.br\/site\/wp-content\/uploads\/2019\/12\/20191210_nebulosa-gaivota.jpg","width":1280,"height":500,"caption":"A nebulosa da Gaivota \u00e9 uma extensa regi\u00e3o no c\u00e9u em forma de arco, composta de estrelas jovens, g\u00e1s e poeira \u2013 Foto: Bob Franke, usada com permiss\u00e3o do autor (Dispon\u00edvel em: http:\/\/bf-astro.com\/ic2177\/ic2177.htm)"},{"@type":"BreadcrumbList","@id":"https:\/\/www.institutodeengenharia.org.br\/site\/2019\/11\/13\/explosoes-de-supernovas-revelam-origem-de-concha-estelar-gigante\/#breadcrumb","itemListElement":[{"@type":"ListItem","position":1,"name":"In\u00edcio","item":"https:\/\/www.institutodeengenharia.org.br\/site\/"},{"@type":"ListItem","position":2,"name":"Explos\u00f5es de supernovas revelam origem de concha estelar gigante"}]},{"@type":"WebSite","@id":"https:\/\/www.institutodeengenharia.org.br\/site\/#website","url":"https:\/\/www.institutodeengenharia.org.br\/site\/","name":"Instituto de Engenharia","description":"O Instituto de Engenharia promove a Engenharia em benef\u00edcio do desenvolvimento e da qualidade de vida da sociedade.","publisher":{"@id":"https:\/\/www.institutodeengenharia.org.br\/site\/#organization"},"potentialAction":[{"@type":"SearchAction","target":{"@type":"EntryPoint","urlTemplate":"https:\/\/www.institutodeengenharia.org.br\/site\/?s={search_term_string}"},"query-input":{"@type":"PropertyValueSpecification","valueRequired":true,"valueName":"search_term_string"}}],"inLanguage":"pt-BR"},{"@type":"Organization","@id":"https:\/\/www.institutodeengenharia.org.br\/site\/#organization","name":"Instituto de Engenharia","url":"https:\/\/www.institutodeengenharia.org.br\/site\/","logo":{"@type":"ImageObject","inLanguage":"pt-BR","@id":"https:\/\/www.institutodeengenharia.org.br\/site\/#\/schema\/logo\/image\/","url":"https:\/\/www.institutodeengenharia.org.br\/site\/wp-content\/uploads\/2019\/03\/logo-novo-IE2018-1.jpg","contentUrl":"https:\/\/www.institutodeengenharia.org.br\/site\/wp-content\/uploads\/2019\/03\/logo-novo-IE2018-1.jpg","width":1486,"height":1879,"caption":"Instituto de Engenharia"},"image":{"@id":"https:\/\/www.institutodeengenharia.org.br\/site\/#\/schema\/logo\/image\/"},"sameAs":["https:\/\/www.facebook.com\/institutodeengenharia","https:\/\/x.com\/iengenharia","https:\/\/www.instagram.com\/institutodeengenharia\/","https:\/\/www.linkedin.com\/company\/instituto-de-engenharia\/","https:\/\/www.youtube.com\/channel\/UCXiCAlsSMe977vamW915HxA"]},{"@type":"Person","@id":"https:\/\/www.institutodeengenharia.org.br\/site\/#\/schema\/person\/aeb64951c405e100d26d30b033dd423f","name":"Bianca","image":{"@type":"ImageObject","inLanguage":"pt-BR","@id":"https:\/\/secure.gravatar.com\/avatar\/a6fbe9bff57405baf4c1e2c5c1811e072b558253974a9f9508f4678900c97c2a?s=96&d=mm&r=g","url":"https:\/\/secure.gravatar.com\/avatar\/a6fbe9bff57405baf4c1e2c5c1811e072b558253974a9f9508f4678900c97c2a?s=96&d=mm&r=g","contentUrl":"https:\/\/secure.gravatar.com\/avatar\/a6fbe9bff57405baf4c1e2c5c1811e072b558253974a9f9508f4678900c97c2a?s=96&d=mm&r=g","caption":"Bianca"},"url":"https:\/\/www.institutodeengenharia.org.br\/site\/author\/comunicacao1\/"}]}},"_links":{"self":[{"href":"https:\/\/www.institutodeengenharia.org.br\/site\/wp-json\/wp\/v2\/posts\/58761","targetHints":{"allow":["GET"]}}],"collection":[{"href":"https:\/\/www.institutodeengenharia.org.br\/site\/wp-json\/wp\/v2\/posts"}],"about":[{"href":"https:\/\/www.institutodeengenharia.org.br\/site\/wp-json\/wp\/v2\/types\/post"}],"author":[{"embeddable":true,"href":"https:\/\/www.institutodeengenharia.org.br\/site\/wp-json\/wp\/v2\/users\/13"}],"replies":[{"embeddable":true,"href":"https:\/\/www.institutodeengenharia.org.br\/site\/wp-json\/wp\/v2\/comments?post=58761"}],"version-history":[{"count":1,"href":"https:\/\/www.institutodeengenharia.org.br\/site\/wp-json\/wp\/v2\/posts\/58761\/revisions"}],"predecessor-version":[{"id":58763,"href":"https:\/\/www.institutodeengenharia.org.br\/site\/wp-json\/wp\/v2\/posts\/58761\/revisions\/58763"}],"wp:featuredmedia":[{"embeddable":true,"href":"https:\/\/www.institutodeengenharia.org.br\/site\/wp-json\/wp\/v2\/media\/58762"}],"wp:attachment":[{"href":"https:\/\/www.institutodeengenharia.org.br\/site\/wp-json\/wp\/v2\/media?parent=58761"}],"wp:term":[{"taxonomy":"category","embeddable":true,"href":"https:\/\/www.institutodeengenharia.org.br\/site\/wp-json\/wp\/v2\/categories?post=58761"},{"taxonomy":"post_tag","embeddable":true,"href":"https:\/\/www.institutodeengenharia.org.br\/site\/wp-json\/wp\/v2\/tags?post=58761"}],"curies":[{"name":"wp","href":"https:\/\/api.w.org\/{rel}","templated":true}]}}