{"id":58598,"date":"2019-11-21T10:05:13","date_gmt":"2019-11-21T12:05:13","guid":{"rendered":"https:\/\/www.institutodeengenharia.org.br\/site\/?p=58598"},"modified":"2024-01-29T09:24:17","modified_gmt":"2024-01-29T12:24:17","slug":"engenharia-diagnostica-aplicada-ao-patrimonio-edificado","status":"publish","type":"post","link":"https:\/\/www.institutodeengenharia.org.br\/site\/2019\/11\/21\/engenharia-diagnostica-aplicada-ao-patrimonio-edificado\/","title":{"rendered":"Engenharia diagn\u00f3stica aplicada ao patrim\u00f4nio edificado"},"content":{"rendered":"<p><iframe loading=\"lazy\" src=\"https:\/\/player.vimeo.com\/video\/374666325\" width=\"640\" height=\"360\" frameborder=\"0\" allowfullscreen=\"allowfullscreen\"><\/iframe><\/p>\n<p>&nbsp;<\/p>\n<p>&nbsp;<\/p>\n<h2>+ Informa\u00e7\u00f5es:<\/h2>\n<p>&nbsp;<\/p>\n<p><strong>Abordagem<\/strong>:<\/p>\n<p>Interven\u00e7\u00e3o em edif\u00edcios tombados e \u00e1reas envolt\u00f3rias<\/p>\n<p><strong>Palestrantes:<\/strong><\/p>\n<p><strong>Prof.\u00aa Me. Fernanda Craveiro Cunha<\/strong><\/p>\n<p>Arquiteta e Urbanista pela FAU USP, Mestre em Tecnologia de Constru\u00e7\u00e3o de Edif\u00edcios pelo IPT; Especialista em Conserva\u00e7\u00e3o Preventiva pelo Instituto del Patrimonio Historico Espa\u00f1ol de Madrid\/Espanha (IPHE, atual IPCE), P\u00f3s-graduada em Gest\u00e3o de Obras de Restauro pelo Centro de Estudos Avan\u00e7ados da Conserva\u00e7\u00e3o Integrada (CECI\/UFPE). Atua na \u00e1rea de preserva\u00e7\u00e3o do patrim\u00f4nio arquitet\u00f4nico h\u00e1 15 anos, tendo trabalhado com obras e projeto de interven\u00e7\u00e3o no patrim\u00f4nio em diversos escrit\u00f3rios do segmento. Atualmente \u00e9 s\u00f3cia fundadora e diretora do escrit\u00f3rio Est\u00fadio BIC Arquitetura. \u00c9 professora das disciplinas T\u00e9cnicas Retrospectivas, Hist\u00f3ria da Arquitetura do Brasil e Materiais Naturais e Artificiais no curso de Arquitetura e Urbanismo da UNIP; professora convidada do curso de p\u00f3s-gradua\u00e7\u00e3o de Gest\u00e3o de Obras de Restauro pelo Centro de Estudos Avan\u00e7ados da Conserva\u00e7\u00e3o Integrada (CECI);\u00a0 autora do livro \u201cPedra Fingida: protagonista invis\u00edvel do centro de S\u00e3o Paulo\u201d, Membro do ICOMOS-Brasil, Membro dos Comit\u00eas Cient\u00edficos de Prepara\u00e7\u00e3o para o Risco, de Arquitetura Vernacular e de Pinturas Murais do ICOMOS-Brasil e Membro do Comit\u00ea T\u00e9cnico de Candidatura das Fortifica\u00e7\u00f5es Brasileira a Patrim\u00f4nio da Humanidade pela UNESCO \u2013 N\u00facleo SP.<\/p>\n<p><strong>Prof. Me. Marcus Vinicius Fernandes Grossi<\/strong><\/p>\n<p>Engenheiro Civil, mestre em Tecnologia da Constru\u00e7\u00e3o pelo IPT, especialista em Excel\u00eancia Construtiva e Anomalias pelo Mackenzie, Gest\u00e3o e Tecnologia da Constru\u00e7\u00e3o pela POLI-USP, Inspetor de Estruturas de Concreto pelo IBRACON, ABECE e ALCONPAT; Perito Judicial, Assistente T\u00e9cnico da Defensoria P\u00fablica e Minist\u00e9rio P\u00fablico do Estado de S\u00e3o Paulo; Professor universit\u00e1rio; Palestrante de cursos de per\u00edcia e patologia das constru\u00e7\u00f5es; Colunista da Revista Direcional Condom\u00ednios; S\u00f3cio-gerente da Fernandes &amp; Grossi Consultoria e Per\u00edcias de Engenharia, onde atua com consultoria de patologias e per\u00edcias de engenharia, inspe\u00e7\u00e3o predial, entrega de obras, auditoria de projetos, desempenho e qualidade das constru\u00e7\u00f5es. Membro da Associa\u00e7\u00e3o Brasileira de Patologia das Constru\u00e7\u00f5es (ALCONPAT BR).<\/p>\n<p><strong>Apoio Institucional:<\/strong><\/p>\n<p><strong>\u00a0<img loading=\"lazy\" decoding=\"async\" class=\"alignnone size-full wp-image-34556 td-animation-stack-type0-2\" src=\"https:\/\/www.institutodeengenharia.org.br\/site\/wp-content\/uploads\/2018\/04\/CREA-SP_vertical.jpg\" alt=\"\" width=\"150\" height=\"106\" srcset=\"https:\/\/www.institutodeengenharia.org.br\/site\/wp-content\/uploads\/2018\/04\/CREA-SP_vertical.jpg 150w, https:\/\/www.institutodeengenharia.org.br\/site\/wp-content\/uploads\/2018\/04\/CREA-SP_vertical-100x70.jpg 100w\" sizes=\"auto, (max-width: 150px) 100vw, 150px\" \/><\/strong><\/p>\n<p><strong>Realiza\u00e7\u00e3o:<\/strong><\/p>\n<p><strong>Eng. Jer\u00f4nimo Cabral Pereira Fagundes Neto\u00a0<\/strong>\u2013 Vice-presidente de Atividades T\u00e9cnicas<\/p>\n<p><strong>Arqt\u00aa. Ana Paula Capuano\u00a0<\/strong>\u2013 Diretora do Departamento de Arquitetura<\/p>\n<p><strong>Eng. Marcos Moliterno<\/strong>\u00a0\u2013 Coord. DT. de Preserva\u00e7\u00e3o do Patrim\u00f4nio Hist\u00f3rico e Cultural da Eng\u00aa.<\/p>\n<p><strong>Eng\u00aa.\u00a0<\/strong><strong>Stella Marys Della Flora<\/strong>\u00a0\u2013 Coordenadora da DT. de Patologias das Constru\u00e7\u00f5es<\/p>\n","protected":false},"excerpt":{"rendered":"<p>&nbsp; &nbsp; + Informa\u00e7\u00f5es: &nbsp; Abordagem: Interven\u00e7\u00e3o em edif\u00edcios tombados e \u00e1reas envolt\u00f3rias Palestrantes: Prof.\u00aa Me. Fernanda Craveiro Cunha Arquiteta e Urbanista pela FAU USP, Mestre em Tecnologia de Constru\u00e7\u00e3o de Edif\u00edcios pelo IPT; Especialista em Conserva\u00e7\u00e3o Preventiva pelo Instituto del Patrimonio Historico Espa\u00f1ol de Madrid\/Espanha (IPHE, atual IPCE), P\u00f3s-graduada em Gest\u00e3o de Obras de [&hellip;]<\/p>\n","protected":false},"author":13,"featured_media":43927,"comment_status":"open","ping_status":"open","sticky":false,"template":"","format":"video","meta":{"footnotes":""},"categories":[15,207,68,968,969],"tags":[1176],"class_list":{"0":"post-58598","1":"post","2":"type-post","3":"status-publish","4":"format-video","5":"has-post-thumbnail","7":"category-departamento-desenvolvimento-de-projetos-e-servicos-de-infraestrutura","8":"category-divisao-tecnica-arquitetura-paisagismo-e-comunicacao-visual","9":"category-divisao-tecnica-de-engenharia-diagnostica","10":"category-nova-tv-engenharia","11":"category-palestra","12":"tag-video-home","13":"post_format-post-format-video"},"yoast_head":"<!-- This site is optimized with the Yoast SEO plugin v27.2 - https:\/\/yoast.com\/product\/yoast-seo-wordpress\/ -->\n<title>Engenharia diagn\u00f3stica aplicada ao patrim\u00f4nio edificado - Instituto de Engenharia<\/title>\n<meta name=\"robots\" content=\"index, follow, max-snippet:-1, max-image-preview:large, max-video-preview:-1\" \/>\n<link rel=\"canonical\" href=\"https:\/\/www.institutodeengenharia.org.br\/site\/2019\/11\/21\/engenharia-diagnostica-aplicada-ao-patrimonio-edificado\/\" \/>\n<meta property=\"og:locale\" content=\"pt_BR\" \/>\n<meta property=\"og:type\" content=\"article\" \/>\n<meta property=\"og:title\" content=\"Engenharia diagn\u00f3stica aplicada ao patrim\u00f4nio edificado - Instituto de Engenharia\" \/>\n<meta property=\"og:description\" content=\"&nbsp; &nbsp; + Informa\u00e7\u00f5es: &nbsp; Abordagem: Interven\u00e7\u00e3o em edif\u00edcios tombados e \u00e1reas envolt\u00f3rias Palestrantes: Prof.\u00aa Me. Fernanda Craveiro Cunha Arquiteta e Urbanista pela FAU USP, Mestre em Tecnologia de Constru\u00e7\u00e3o de Edif\u00edcios pelo IPT; Especialista em Conserva\u00e7\u00e3o Preventiva pelo Instituto del Patrimonio Historico Espa\u00f1ol de Madrid\/Espanha (IPHE, atual IPCE), P\u00f3s-graduada em Gest\u00e3o de Obras de [&hellip;]\" \/>\n<meta property=\"og:url\" content=\"https:\/\/www.institutodeengenharia.org.br\/site\/2019\/11\/21\/engenharia-diagnostica-aplicada-ao-patrimonio-edificado\/\" \/>\n<meta property=\"og:site_name\" content=\"Instituto de Engenharia\" \/>\n<meta property=\"article:publisher\" content=\"https:\/\/www.facebook.com\/institutodeengenharia\" \/>\n<meta property=\"article:published_time\" content=\"2019-11-21T12:05:13+00:00\" \/>\n<meta property=\"article:modified_time\" content=\"2024-01-29T12:24:17+00:00\" \/>\n<meta property=\"og:image\" content=\"https:\/\/www.institutodeengenharia.org.br\/site\/wp-content\/uploads\/2019\/09\/Reforma-Igreja-Matriz-FM-14-03-2017-10-1200x630.jpg\" \/>\n\t<meta property=\"og:image:width\" content=\"1200\" \/>\n\t<meta property=\"og:image:height\" content=\"630\" \/>\n\t<meta property=\"og:image:type\" content=\"image\/jpeg\" \/>\n<meta name=\"author\" content=\"Bianca\" \/>\n<meta name=\"twitter:card\" content=\"summary_large_image\" \/>\n<meta name=\"twitter:creator\" content=\"@iengenharia\" \/>\n<meta name=\"twitter:site\" content=\"@iengenharia\" \/>\n<meta name=\"twitter:label1\" content=\"Escrito por\" \/>\n\t<meta name=\"twitter:data1\" content=\"Bianca\" \/>\n\t<meta name=\"twitter:label2\" content=\"Est. tempo de leitura\" \/>\n\t<meta name=\"twitter:data2\" content=\"3 minutos\" \/>\n<script type=\"application\/ld+json\" class=\"yoast-schema-graph\">{\"@context\":\"https:\/\/schema.org\",\"@graph\":[{\"@type\":\"Article\",\"@id\":\"https:\/\/www.institutodeengenharia.org.br\/site\/2019\/11\/21\/engenharia-diagnostica-aplicada-ao-patrimonio-edificado\/#article\",\"isPartOf\":{\"@id\":\"https:\/\/www.institutodeengenharia.org.br\/site\/2019\/11\/21\/engenharia-diagnostica-aplicada-ao-patrimonio-edificado\/\"},\"author\":{\"name\":\"Bianca\",\"@id\":\"https:\/\/www.institutodeengenharia.org.br\/site\/#\/schema\/person\/aeb64951c405e100d26d30b033dd423f\"},\"headline\":\"Engenharia diagn\u00f3stica aplicada ao patrim\u00f4nio edificado\",\"datePublished\":\"2019-11-21T12:05:13+00:00\",\"dateModified\":\"2024-01-29T12:24:17+00:00\",\"mainEntityOfPage\":{\"@id\":\"https:\/\/www.institutodeengenharia.org.br\/site\/2019\/11\/21\/engenharia-diagnostica-aplicada-ao-patrimonio-edificado\/\"},\"wordCount\":430,\"commentCount\":0,\"publisher\":{\"@id\":\"https:\/\/www.institutodeengenharia.org.br\/site\/#organization\"},\"image\":{\"@id\":\"https:\/\/www.institutodeengenharia.org.br\/site\/2019\/11\/21\/engenharia-diagnostica-aplicada-ao-patrimonio-edificado\/#primaryimage\"},\"thumbnailUrl\":\"https:\/\/www.institutodeengenharia.org.br\/site\/wp-content\/uploads\/2019\/09\/Reforma-Igreja-Matriz-FM-14-03-2017-10-1200x630.jpg\",\"keywords\":[\"video-home\"],\"articleSection\":[\"Departamento Desenvolvimento de Projetos e Servi\u00e7os de Infraestrutura\",\"Divis\u00e3o T\u00e9cnica Arquitetura, Paisagismo e Comunica\u00e7\u00e3o Visual\",\"Divis\u00e3o T\u00e9cnica de Engenharia Diagn\u00f3stica\",\"Nova TV Engenharia\",\"Palestra\"],\"inLanguage\":\"pt-BR\",\"potentialAction\":[{\"@type\":\"CommentAction\",\"name\":\"Comment\",\"target\":[\"https:\/\/www.institutodeengenharia.org.br\/site\/2019\/11\/21\/engenharia-diagnostica-aplicada-ao-patrimonio-edificado\/#respond\"]}]},{\"@type\":\"WebPage\",\"@id\":\"https:\/\/www.institutodeengenharia.org.br\/site\/2019\/11\/21\/engenharia-diagnostica-aplicada-ao-patrimonio-edificado\/\",\"url\":\"https:\/\/www.institutodeengenharia.org.br\/site\/2019\/11\/21\/engenharia-diagnostica-aplicada-ao-patrimonio-edificado\/\",\"name\":\"Engenharia diagn\u00f3stica aplicada ao patrim\u00f4nio edificado - Instituto de Engenharia\",\"isPartOf\":{\"@id\":\"https:\/\/www.institutodeengenharia.org.br\/site\/#website\"},\"primaryImageOfPage\":{\"@id\":\"https:\/\/www.institutodeengenharia.org.br\/site\/2019\/11\/21\/engenharia-diagnostica-aplicada-ao-patrimonio-edificado\/#primaryimage\"},\"image\":{\"@id\":\"https:\/\/www.institutodeengenharia.org.br\/site\/2019\/11\/21\/engenharia-diagnostica-aplicada-ao-patrimonio-edificado\/#primaryimage\"},\"thumbnailUrl\":\"https:\/\/www.institutodeengenharia.org.br\/site\/wp-content\/uploads\/2019\/09\/Reforma-Igreja-Matriz-FM-14-03-2017-10-1200x630.jpg\",\"datePublished\":\"2019-11-21T12:05:13+00:00\",\"dateModified\":\"2024-01-29T12:24:17+00:00\",\"breadcrumb\":{\"@id\":\"https:\/\/www.institutodeengenharia.org.br\/site\/2019\/11\/21\/engenharia-diagnostica-aplicada-ao-patrimonio-edificado\/#breadcrumb\"},\"inLanguage\":\"pt-BR\",\"potentialAction\":[{\"@type\":\"ReadAction\",\"target\":[\"https:\/\/www.institutodeengenharia.org.br\/site\/2019\/11\/21\/engenharia-diagnostica-aplicada-ao-patrimonio-edificado\/\"]}]},{\"@type\":\"ImageObject\",\"inLanguage\":\"pt-BR\",\"@id\":\"https:\/\/www.institutodeengenharia.org.br\/site\/2019\/11\/21\/engenharia-diagnostica-aplicada-ao-patrimonio-edificado\/#primaryimage\",\"url\":\"https:\/\/www.institutodeengenharia.org.br\/site\/wp-content\/uploads\/2019\/09\/Reforma-Igreja-Matriz-FM-14-03-2017-10-1200x630.jpg\",\"contentUrl\":\"https:\/\/www.institutodeengenharia.org.br\/site\/wp-content\/uploads\/2019\/09\/Reforma-Igreja-Matriz-FM-14-03-2017-10-1200x630.jpg\",\"width\":1200,\"height\":630},{\"@type\":\"BreadcrumbList\",\"@id\":\"https:\/\/www.institutodeengenharia.org.br\/site\/2019\/11\/21\/engenharia-diagnostica-aplicada-ao-patrimonio-edificado\/#breadcrumb\",\"itemListElement\":[{\"@type\":\"ListItem\",\"position\":1,\"name\":\"In\u00edcio\",\"item\":\"https:\/\/www.institutodeengenharia.org.br\/site\/\"},{\"@type\":\"ListItem\",\"position\":2,\"name\":\"Engenharia diagn\u00f3stica aplicada ao patrim\u00f4nio edificado\"}]},{\"@type\":\"WebSite\",\"@id\":\"https:\/\/www.institutodeengenharia.org.br\/site\/#website\",\"url\":\"https:\/\/www.institutodeengenharia.org.br\/site\/\",\"name\":\"Instituto de Engenharia\",\"description\":\"O Instituto de Engenharia promove a Engenharia em benef\u00edcio do desenvolvimento e da qualidade de vida da sociedade.\",\"publisher\":{\"@id\":\"https:\/\/www.institutodeengenharia.org.br\/site\/#organization\"},\"potentialAction\":[{\"@type\":\"SearchAction\",\"target\":{\"@type\":\"EntryPoint\",\"urlTemplate\":\"https:\/\/www.institutodeengenharia.org.br\/site\/?s={search_term_string}\"},\"query-input\":{\"@type\":\"PropertyValueSpecification\",\"valueRequired\":true,\"valueName\":\"search_term_string\"}}],\"inLanguage\":\"pt-BR\"},{\"@type\":\"Organization\",\"@id\":\"https:\/\/www.institutodeengenharia.org.br\/site\/#organization\",\"name\":\"Instituto de Engenharia\",\"url\":\"https:\/\/www.institutodeengenharia.org.br\/site\/\",\"logo\":{\"@type\":\"ImageObject\",\"inLanguage\":\"pt-BR\",\"@id\":\"https:\/\/www.institutodeengenharia.org.br\/site\/#\/schema\/logo\/image\/\",\"url\":\"https:\/\/www.institutodeengenharia.org.br\/site\/wp-content\/uploads\/2019\/03\/logo-novo-IE2018-1.jpg\",\"contentUrl\":\"https:\/\/www.institutodeengenharia.org.br\/site\/wp-content\/uploads\/2019\/03\/logo-novo-IE2018-1.jpg\",\"width\":1486,\"height\":1879,\"caption\":\"Instituto de Engenharia\"},\"image\":{\"@id\":\"https:\/\/www.institutodeengenharia.org.br\/site\/#\/schema\/logo\/image\/\"},\"sameAs\":[\"https:\/\/www.facebook.com\/institutodeengenharia\",\"https:\/\/x.com\/iengenharia\",\"https:\/\/www.instagram.com\/institutodeengenharia\/\",\"https:\/\/www.linkedin.com\/company\/instituto-de-engenharia\/\",\"https:\/\/www.youtube.com\/channel\/UCXiCAlsSMe977vamW915HxA\"]},{\"@type\":\"Person\",\"@id\":\"https:\/\/www.institutodeengenharia.org.br\/site\/#\/schema\/person\/aeb64951c405e100d26d30b033dd423f\",\"name\":\"Bianca\",\"image\":{\"@type\":\"ImageObject\",\"inLanguage\":\"pt-BR\",\"@id\":\"https:\/\/secure.gravatar.com\/avatar\/a6fbe9bff57405baf4c1e2c5c1811e072b558253974a9f9508f4678900c97c2a?s=96&d=mm&r=g\",\"url\":\"https:\/\/secure.gravatar.com\/avatar\/a6fbe9bff57405baf4c1e2c5c1811e072b558253974a9f9508f4678900c97c2a?s=96&d=mm&r=g\",\"contentUrl\":\"https:\/\/secure.gravatar.com\/avatar\/a6fbe9bff57405baf4c1e2c5c1811e072b558253974a9f9508f4678900c97c2a?s=96&d=mm&r=g\",\"caption\":\"Bianca\"},\"url\":\"https:\/\/www.institutodeengenharia.org.br\/site\/author\/comunicacao1\/\"}]}<\/script>\n<!-- \/ Yoast SEO plugin. -->","yoast_head_json":{"title":"Engenharia diagn\u00f3stica aplicada ao patrim\u00f4nio edificado - Instituto de Engenharia","robots":{"index":"index","follow":"follow","max-snippet":"max-snippet:-1","max-image-preview":"max-image-preview:large","max-video-preview":"max-video-preview:-1"},"canonical":"https:\/\/www.institutodeengenharia.org.br\/site\/2019\/11\/21\/engenharia-diagnostica-aplicada-ao-patrimonio-edificado\/","og_locale":"pt_BR","og_type":"article","og_title":"Engenharia diagn\u00f3stica aplicada ao patrim\u00f4nio edificado - Instituto de Engenharia","og_description":"&nbsp; &nbsp; + Informa\u00e7\u00f5es: &nbsp; Abordagem: Interven\u00e7\u00e3o em edif\u00edcios tombados e \u00e1reas envolt\u00f3rias Palestrantes: Prof.\u00aa Me. Fernanda Craveiro Cunha Arquiteta e Urbanista pela FAU USP, Mestre em Tecnologia de Constru\u00e7\u00e3o de Edif\u00edcios pelo IPT; Especialista em Conserva\u00e7\u00e3o Preventiva pelo Instituto del Patrimonio Historico Espa\u00f1ol de Madrid\/Espanha (IPHE, atual IPCE), P\u00f3s-graduada em Gest\u00e3o de Obras de [&hellip;]","og_url":"https:\/\/www.institutodeengenharia.org.br\/site\/2019\/11\/21\/engenharia-diagnostica-aplicada-ao-patrimonio-edificado\/","og_site_name":"Instituto de Engenharia","article_publisher":"https:\/\/www.facebook.com\/institutodeengenharia","article_published_time":"2019-11-21T12:05:13+00:00","article_modified_time":"2024-01-29T12:24:17+00:00","og_image":[{"width":1200,"height":630,"url":"https:\/\/www.institutodeengenharia.org.br\/site\/wp-content\/uploads\/2019\/09\/Reforma-Igreja-Matriz-FM-14-03-2017-10-1200x630.jpg","type":"image\/jpeg"}],"author":"Bianca","twitter_card":"summary_large_image","twitter_creator":"@iengenharia","twitter_site":"@iengenharia","twitter_misc":{"Escrito por":"Bianca","Est. tempo de leitura":"3 minutos"},"schema":{"@context":"https:\/\/schema.org","@graph":[{"@type":"Article","@id":"https:\/\/www.institutodeengenharia.org.br\/site\/2019\/11\/21\/engenharia-diagnostica-aplicada-ao-patrimonio-edificado\/#article","isPartOf":{"@id":"https:\/\/www.institutodeengenharia.org.br\/site\/2019\/11\/21\/engenharia-diagnostica-aplicada-ao-patrimonio-edificado\/"},"author":{"name":"Bianca","@id":"https:\/\/www.institutodeengenharia.org.br\/site\/#\/schema\/person\/aeb64951c405e100d26d30b033dd423f"},"headline":"Engenharia diagn\u00f3stica aplicada ao patrim\u00f4nio edificado","datePublished":"2019-11-21T12:05:13+00:00","dateModified":"2024-01-29T12:24:17+00:00","mainEntityOfPage":{"@id":"https:\/\/www.institutodeengenharia.org.br\/site\/2019\/11\/21\/engenharia-diagnostica-aplicada-ao-patrimonio-edificado\/"},"wordCount":430,"commentCount":0,"publisher":{"@id":"https:\/\/www.institutodeengenharia.org.br\/site\/#organization"},"image":{"@id":"https:\/\/www.institutodeengenharia.org.br\/site\/2019\/11\/21\/engenharia-diagnostica-aplicada-ao-patrimonio-edificado\/#primaryimage"},"thumbnailUrl":"https:\/\/www.institutodeengenharia.org.br\/site\/wp-content\/uploads\/2019\/09\/Reforma-Igreja-Matriz-FM-14-03-2017-10-1200x630.jpg","keywords":["video-home"],"articleSection":["Departamento Desenvolvimento de Projetos e Servi\u00e7os de Infraestrutura","Divis\u00e3o T\u00e9cnica Arquitetura, Paisagismo e Comunica\u00e7\u00e3o Visual","Divis\u00e3o T\u00e9cnica de Engenharia Diagn\u00f3stica","Nova TV Engenharia","Palestra"],"inLanguage":"pt-BR","potentialAction":[{"@type":"CommentAction","name":"Comment","target":["https:\/\/www.institutodeengenharia.org.br\/site\/2019\/11\/21\/engenharia-diagnostica-aplicada-ao-patrimonio-edificado\/#respond"]}]},{"@type":"WebPage","@id":"https:\/\/www.institutodeengenharia.org.br\/site\/2019\/11\/21\/engenharia-diagnostica-aplicada-ao-patrimonio-edificado\/","url":"https:\/\/www.institutodeengenharia.org.br\/site\/2019\/11\/21\/engenharia-diagnostica-aplicada-ao-patrimonio-edificado\/","name":"Engenharia diagn\u00f3stica aplicada ao patrim\u00f4nio edificado - Instituto de Engenharia","isPartOf":{"@id":"https:\/\/www.institutodeengenharia.org.br\/site\/#website"},"primaryImageOfPage":{"@id":"https:\/\/www.institutodeengenharia.org.br\/site\/2019\/11\/21\/engenharia-diagnostica-aplicada-ao-patrimonio-edificado\/#primaryimage"},"image":{"@id":"https:\/\/www.institutodeengenharia.org.br\/site\/2019\/11\/21\/engenharia-diagnostica-aplicada-ao-patrimonio-edificado\/#primaryimage"},"thumbnailUrl":"https:\/\/www.institutodeengenharia.org.br\/site\/wp-content\/uploads\/2019\/09\/Reforma-Igreja-Matriz-FM-14-03-2017-10-1200x630.jpg","datePublished":"2019-11-21T12:05:13+00:00","dateModified":"2024-01-29T12:24:17+00:00","breadcrumb":{"@id":"https:\/\/www.institutodeengenharia.org.br\/site\/2019\/11\/21\/engenharia-diagnostica-aplicada-ao-patrimonio-edificado\/#breadcrumb"},"inLanguage":"pt-BR","potentialAction":[{"@type":"ReadAction","target":["https:\/\/www.institutodeengenharia.org.br\/site\/2019\/11\/21\/engenharia-diagnostica-aplicada-ao-patrimonio-edificado\/"]}]},{"@type":"ImageObject","inLanguage":"pt-BR","@id":"https:\/\/www.institutodeengenharia.org.br\/site\/2019\/11\/21\/engenharia-diagnostica-aplicada-ao-patrimonio-edificado\/#primaryimage","url":"https:\/\/www.institutodeengenharia.org.br\/site\/wp-content\/uploads\/2019\/09\/Reforma-Igreja-Matriz-FM-14-03-2017-10-1200x630.jpg","contentUrl":"https:\/\/www.institutodeengenharia.org.br\/site\/wp-content\/uploads\/2019\/09\/Reforma-Igreja-Matriz-FM-14-03-2017-10-1200x630.jpg","width":1200,"height":630},{"@type":"BreadcrumbList","@id":"https:\/\/www.institutodeengenharia.org.br\/site\/2019\/11\/21\/engenharia-diagnostica-aplicada-ao-patrimonio-edificado\/#breadcrumb","itemListElement":[{"@type":"ListItem","position":1,"name":"In\u00edcio","item":"https:\/\/www.institutodeengenharia.org.br\/site\/"},{"@type":"ListItem","position":2,"name":"Engenharia diagn\u00f3stica aplicada ao patrim\u00f4nio edificado"}]},{"@type":"WebSite","@id":"https:\/\/www.institutodeengenharia.org.br\/site\/#website","url":"https:\/\/www.institutodeengenharia.org.br\/site\/","name":"Instituto de Engenharia","description":"O Instituto de Engenharia promove a Engenharia em benef\u00edcio do desenvolvimento e da qualidade de vida da sociedade.","publisher":{"@id":"https:\/\/www.institutodeengenharia.org.br\/site\/#organization"},"potentialAction":[{"@type":"SearchAction","target":{"@type":"EntryPoint","urlTemplate":"https:\/\/www.institutodeengenharia.org.br\/site\/?s={search_term_string}"},"query-input":{"@type":"PropertyValueSpecification","valueRequired":true,"valueName":"search_term_string"}}],"inLanguage":"pt-BR"},{"@type":"Organization","@id":"https:\/\/www.institutodeengenharia.org.br\/site\/#organization","name":"Instituto de Engenharia","url":"https:\/\/www.institutodeengenharia.org.br\/site\/","logo":{"@type":"ImageObject","inLanguage":"pt-BR","@id":"https:\/\/www.institutodeengenharia.org.br\/site\/#\/schema\/logo\/image\/","url":"https:\/\/www.institutodeengenharia.org.br\/site\/wp-content\/uploads\/2019\/03\/logo-novo-IE2018-1.jpg","contentUrl":"https:\/\/www.institutodeengenharia.org.br\/site\/wp-content\/uploads\/2019\/03\/logo-novo-IE2018-1.jpg","width":1486,"height":1879,"caption":"Instituto de Engenharia"},"image":{"@id":"https:\/\/www.institutodeengenharia.org.br\/site\/#\/schema\/logo\/image\/"},"sameAs":["https:\/\/www.facebook.com\/institutodeengenharia","https:\/\/x.com\/iengenharia","https:\/\/www.instagram.com\/institutodeengenharia\/","https:\/\/www.linkedin.com\/company\/instituto-de-engenharia\/","https:\/\/www.youtube.com\/channel\/UCXiCAlsSMe977vamW915HxA"]},{"@type":"Person","@id":"https:\/\/www.institutodeengenharia.org.br\/site\/#\/schema\/person\/aeb64951c405e100d26d30b033dd423f","name":"Bianca","image":{"@type":"ImageObject","inLanguage":"pt-BR","@id":"https:\/\/secure.gravatar.com\/avatar\/a6fbe9bff57405baf4c1e2c5c1811e072b558253974a9f9508f4678900c97c2a?s=96&d=mm&r=g","url":"https:\/\/secure.gravatar.com\/avatar\/a6fbe9bff57405baf4c1e2c5c1811e072b558253974a9f9508f4678900c97c2a?s=96&d=mm&r=g","contentUrl":"https:\/\/secure.gravatar.com\/avatar\/a6fbe9bff57405baf4c1e2c5c1811e072b558253974a9f9508f4678900c97c2a?s=96&d=mm&r=g","caption":"Bianca"},"url":"https:\/\/www.institutodeengenharia.org.br\/site\/author\/comunicacao1\/"}]}},"_links":{"self":[{"href":"https:\/\/www.institutodeengenharia.org.br\/site\/wp-json\/wp\/v2\/posts\/58598","targetHints":{"allow":["GET"]}}],"collection":[{"href":"https:\/\/www.institutodeengenharia.org.br\/site\/wp-json\/wp\/v2\/posts"}],"about":[{"href":"https:\/\/www.institutodeengenharia.org.br\/site\/wp-json\/wp\/v2\/types\/post"}],"author":[{"embeddable":true,"href":"https:\/\/www.institutodeengenharia.org.br\/site\/wp-json\/wp\/v2\/users\/13"}],"replies":[{"embeddable":true,"href":"https:\/\/www.institutodeengenharia.org.br\/site\/wp-json\/wp\/v2\/comments?post=58598"}],"version-history":[{"count":1,"href":"https:\/\/www.institutodeengenharia.org.br\/site\/wp-json\/wp\/v2\/posts\/58598\/revisions"}],"predecessor-version":[{"id":58599,"href":"https:\/\/www.institutodeengenharia.org.br\/site\/wp-json\/wp\/v2\/posts\/58598\/revisions\/58599"}],"wp:featuredmedia":[{"embeddable":true,"href":"https:\/\/www.institutodeengenharia.org.br\/site\/wp-json\/wp\/v2\/media\/43927"}],"wp:attachment":[{"href":"https:\/\/www.institutodeengenharia.org.br\/site\/wp-json\/wp\/v2\/media?parent=58598"}],"wp:term":[{"taxonomy":"category","embeddable":true,"href":"https:\/\/www.institutodeengenharia.org.br\/site\/wp-json\/wp\/v2\/categories?post=58598"},{"taxonomy":"post_tag","embeddable":true,"href":"https:\/\/www.institutodeengenharia.org.br\/site\/wp-json\/wp\/v2\/tags?post=58598"}],"curies":[{"name":"wp","href":"https:\/\/api.w.org\/{rel}","templated":true}]}}