{"id":57510,"date":"2019-11-19T10:28:14","date_gmt":"2019-11-19T12:28:14","guid":{"rendered":"https:\/\/www.institutodeengenharia.org.br\/site\/?p=57510"},"modified":"2024-01-19T08:07:21","modified_gmt":"2024-01-19T11:07:21","slug":"workshop-governanca-metropolitana","status":"publish","type":"post","link":"https:\/\/www.institutodeengenharia.org.br\/site\/2019\/11\/19\/workshop-governanca-metropolitana\/","title":{"rendered":"Workshop Governan\u00e7a Metropolitana"},"content":{"rendered":"<p><iframe loading=\"lazy\" src=\"https:\/\/player.vimeo.com\/video\/373955155\" width=\"640\" height=\"360\" frameborder=\"0\" allowfullscreen=\"allowfullscreen\"><\/iframe><\/p>\n<p>&nbsp;<\/p>\n<h2>+ Informa\u00e7\u00f5es:<\/h2>\n<p>Os moradores das regi\u00f5es metropolitanas brasileiras sofrem, cada vez mais, o impacto de um modelo de transporte p\u00fablico desagregado, em que os governos municipais e estaduais, isoladamente, planejam, financiam, implantam, operam, mant\u00eam, instituem tarifas e avaliam o desempenho dos servi\u00e7os prestados \u00e0 popula\u00e7\u00e3o. Isso impede que as cidades dos aglomerados urbanos assegurem condi\u00e7\u00f5es satisfat\u00f3rias de seguran\u00e7a, capacidade e regularidade da opera\u00e7\u00e3o dos transportes em rede com integra\u00e7\u00e3o tarif\u00e1ria, intermodalidade e interoperabilidade.<\/p>\n<p>O Instituto de Engenharia, cumprindo com o seu papel hist\u00f3rico de promover a engenharia em benef\u00edcio do desenvolvimento brasileiro e da qualidade de vida de sua popula\u00e7\u00e3o, promove este Workshop, em que ser\u00e3o abordados e exemplificados os aspectos de planejamento operacional, meios de pagamento, comunica\u00e7\u00e3o, sistema centralizado de controle operacional, integra\u00e7\u00e3o tarif\u00e1ria de exemplos bem sucedidos de entidades organizadas na regula\u00e7\u00e3o de transporte p\u00fablico de regi\u00f5es metropolitanas. Ser\u00e3o abordados e exemplificados os aspectos e equipamentos para: planejamento operacional, aplica\u00e7\u00e3o de pesquisas O\/D na defini\u00e7\u00e3o percursos do cidad\u00e3o, gest\u00e3o de informa\u00e7\u00f5es, meios de pagamento, comunica\u00e7\u00e3o e sistema centralizado de controle operacional.<\/p>\n<p><strong>Abertura<\/strong><\/p>\n<ul>\n<li><strong>Eduardo Lafraia<\/strong>\u00a0\u2013 Presidente do Instituto de Engenharia<\/li>\n<li><strong>Jean Carlos Pejo<\/strong>\u00a0\u2013\u00a0Assessor Especial do Ministro de Estado do Desenvolvimento Regional<\/li>\n<li><strong>Jos\u00e9 Carlos Rodrigues Martins<\/strong>\u00a0\u2013\u00a0C\u00e2mara Brasileira da Industria da Constru\u00e7\u00e3o (CBIC)<\/li>\n<li><strong>Vicente Abate<\/strong>\u00a0\u2013\u00a0Presidente da Associa\u00e7\u00e3o Brasileira da Ind\u00fastria Ferrovi\u00e1ria (ABIFER)<\/li>\n<li><strong>Ailton Brasiliense\u00a0Pires<\/strong>\u00a0\u2013 Presidente da Associa\u00e7\u00e3o Nacional de Transportes P\u00fablicos (ANTP)<\/li>\n<li><strong>Jurandir Fernando Ribeiro Fernandes<\/strong>\u00a0\u2013\u00a0Presidente da Associa\u00e7\u00e3o Internacional do Transporte P\u00fablico \u2013 America Latina (UITP Latin America)<\/li>\n<li><strong>Pedro Armante Carneiro Machado<\/strong>\u00a0\u2013 Presidente da Associa\u00e7\u00e3o dos Engenheiros e Arquitetos de Metr\u00f4 (AEAMESP)<\/li>\n<\/ul>\n<p><strong>Governan\u00e7a na Fran\u00e7a<\/strong><\/p>\n<ul>\n<li><strong>Fran\u00e7oise M\u00e9teyer-Zeldine<\/strong>\u00a0\u2013\u00a0Conselheira para o Desenvolvimento Sustent\u00e1vel no Servi\u00e7o Econ\u00f4mico da Embaixada da Fran\u00e7a<\/li>\n<\/ul>\n<p><strong>Governan\u00e7a na Alemanha<\/strong><\/p>\n<ul>\n<li><strong>Gustavo Gardini<\/strong>\u00a0\u2013\u00a0Diretor de Neg\u00f3cios da Deutsche Bahn Brasil<\/li>\n<\/ul>\n<p><strong>Governan\u00e7a Metropolitana nas Parcerias P\u00fablico-Privadas (PPP\u2019s)<\/strong><\/p>\n<ul>\n<li><strong>Jos\u00e9 Carlos<\/strong>\u00a0<strong>Medaglia<\/strong>\u00a0\u2013\u00a0Subsecret\u00e1rio de Parcerias, Arranjos Institucionais e Coopera\u00e7\u00e3o Internacional da Secretaria Executiva do Minist\u00e9rio do Desenvolvimento Regional<\/li>\n<\/ul>\n<p><strong>Mobility as a Service (MaaS) na Governan\u00e7a Metropolitana e meios de pagamentos<\/strong><\/p>\n<ul>\n<li><strong>Luiz Fernando Portella<\/strong>\u00a0\u2013\u00a0CCO Calypso Network Association e conselheiro do Instituto de Engenharia<\/li>\n<\/ul>\n<p><strong>Sistemas Inteligentes de Transporte na Gest\u00e3o Metropolitana<\/strong><\/p>\n<ul>\n<li><strong>Mauricio Consulo<\/strong>\u00a0\u2013\u00a0Vice-presidente da Am\u00e9rica Latina da Clever Devices e Membro da APTA<\/li>\n<\/ul>\n<p><strong>Debate<\/strong><\/p>\n<ul>\n<li><strong>Ivan Metran Whately<\/strong>\u00a0\u2013\u00a0Diretor Departamento Mobilidade e Log\u00edstica do Instituto de Engenharia\u00a0<em>(moderador)<\/em><\/li>\n<li><strong>Stenio Franco<\/strong>\u00a0\u2013\u00a0Consultor UITP<\/li>\n<li><strong>Flam\u00ednio Fichmann<\/strong>\u00a0\u2013 Consultor<\/li>\n<li><strong>Pedro Pereira Benvenuto<\/strong>\u00a0\u2013 Consultor<\/li>\n<li><strong>Luiz Celio Bottura<\/strong>\u00a0\u2013 Consultor<\/li>\n<\/ul>\n<p><strong>Encerramento<\/strong><\/p>\n<ul>\n<li><strong>Eduardo Lafraia<\/strong>\u00a0\u2013 Presidente do Instituto de Engenharia<\/li>\n<\/ul>\n<p>&nbsp;<\/p>\n<p><strong>Palestrantes:<\/strong><\/p>\n<p><img loading=\"lazy\" decoding=\"async\" class=\"alignnone wp-image-42557 td-animation-stack-type0-2\" src=\"https:\/\/www.institutodeengenharia.org.br\/site\/wp-content\/uploads\/2019\/03\/Flam%C3%ADnio.png\" alt=\"\" width=\"192\" height=\"246\" \/><\/p>\n<p><strong>Flam\u00ednio Fichmann<\/strong><\/p>\n<p>Arquiteto e Urbanista pela Universidade Mackenzie. Trabalhou na administra\u00e7\u00e3o p\u00fablica por 14 anos (CET e EMTU\/SP). \u00c9 s\u00f3cio e diretor da Projeto 34 \u2013 Arquitetura e Engenharia, empresa que executou in\u00fameros planos e projetos no Brasil e exterior, de rodovias, BRTs, metr\u00f4s, trens e atividades relacionadas a mobilidade urbana junto para \u00f3rg\u00e3os p\u00fablicos e empresas particulares.<\/p>\n<p>Foi consultor da Socicam e do INST \u2013 Instituto Nacional de Seguran\u00e7a no Tr\u00e2nsito; Diretor da ONG Bairro Vivo, Presidente do Comit\u00ea de Tr\u00e2nsito da Ag\u00eancia Brasil de Seguran\u00e7a \u2013 ABS e Professor do Curso de P\u00f3s Gradua\u00e7\u00e3o \u201cGerente da Cidade\u201d da FAAP.<\/p>\n<p><img loading=\"lazy\" decoding=\"async\" class=\"td-animation-stack-type0-2\" src=\"http:\/\/www.aeamesp.org.br\/wp-content\/uploads\/2017\/09\/Francoise-M%C3%A9teyer-Zeldine.jpg\" alt=\"Resultado de imagem para Fran\u00c3\u00a7oise M\u00c3\u00a9teyer-Zeldine\" width=\"201\" height=\"248\" \/><\/p>\n<p><strong>Fran\u00e7oise M\u00e9teyer-Zeldine<\/strong><\/p>\n<p>P\u00f3s-graduada em economia na Universidade Panth\u00e9on-Sorbonne, em Paris. \u00c9 atualmente Conselheira para o Desenvolvimento Sustent\u00e1vel no Servi\u00e7o Econ\u00f4mico da Embaixada da Fran\u00e7a.\u00a0 Ela trabalha h\u00e1 30 anos no campo do Meio Ambiente e dos Transportes na Fran\u00e7a e no exterior. Foi diretora de rela\u00e7\u00f5es internacionais do Centro de estudos e expertise sobre os Riscos, o Meio Ambiente, a Mobilidade e o Ordenamento Territorial (Cerema), foi igualmente respons\u00e1vel da coopera\u00e7\u00e3o com Am\u00e9rica Latina no Servi\u00e7o internacional do Minist\u00e9rio de Obras P\u00fablicas e chefe do setor dos Transportes, Meio Ambiente e Constru\u00e7\u00e3o na Miss\u00e3o Econ\u00f4mica da Embaixada da Fran\u00e7a no Brasil h\u00e1 15 anos. Como consultora, dirigiu estudos e projetos internacionais para bancos estrangeiros, se especializou em economia dos transportes e publicou artigos e livros sobre este assunto.<\/p>\n<p><img loading=\"lazy\" decoding=\"async\" class=\"alignnone wp-image-56727 td-animation-stack-type0-2\" src=\"https:\/\/www.institutodeengenharia.org.br\/site\/wp-content\/uploads\/2019\/10\/Gustavo-Gardini.jpg\" alt=\"\" width=\"206\" height=\"206\" srcset=\"https:\/\/www.institutodeengenharia.org.br\/site\/wp-content\/uploads\/2019\/10\/Gustavo-Gardini.jpg 238w, https:\/\/www.institutodeengenharia.org.br\/site\/wp-content\/uploads\/2019\/10\/Gustavo-Gardini-150x150.jpg 150w, https:\/\/www.institutodeengenharia.org.br\/site\/wp-content\/uploads\/2019\/10\/Gustavo-Gardini-100x100.jpg 100w\" sizes=\"auto, (max-width: 206px) 100vw, 206px\" \/><\/p>\n<p><strong>Gustavo Gardini<\/strong><\/p>\n<p>\u00c9 diretor de Neg\u00f3cios da Deutsche Bahn Brasil, subsidi\u00e1ria do grupo alem\u00e3o Deutsche Bahn que ajudou a fundar no Pa\u00eds em 2012. O grupo DB \u00e9 um dos l\u00edderes mundiais em transporte multimodal de passageiros e cargas, presente em 130 pa\u00edses. \u00c9 tamb\u00e9m diretor do Departamento de Infraestrutura da Federa\u00e7\u00e3o das Ind\u00fastrias do Estado de S\u00e3o Paulo \u2013 FIESP e Membro do Conselho Consultivo da Regi\u00e3o Metropolitana do Rio de Janeiro.<\/p>\n<p>Graduou-se em Gest\u00e3o Ambiental e Sustentabilidade pela Universidade Tecnol\u00f3gica de Cottbus, na Alemanha, frequentou cursos de Engenharia Civil na UFMG, no Brasil, e de Engenharia de Produ\u00e7\u00e3o no Politecnico di Milano, na It\u00e1lia.<\/p>\n<p>Estudioso em melhores pr\u00e1ticas alem\u00e3s de transportes, vem trabalhando h\u00e1 dez anos com\u00a0<em>experts<\/em>\u00a0da DB Alemanha e parceiros brasileiros em projetos estrat\u00e9gicos no Brasil envolvendo regula\u00e7\u00e3o, modelagens institucionais e planos diretores, buscado contribuir para o desenvolvimento do setor metroferrovi\u00e1rio no Pa\u00eds. Entre os projetos destacam-se o PAM-TL Plano de A\u00e7\u00e3o da Macrometr\u00f3pole Paulista de Transportes e Log\u00edstica que incluem as metr\u00f3poles de S\u00e3o Paulo, Campinas, S\u00e3o Jos\u00e9 dos Campos, Santos, Sorocaba e Jundia\u00ed; o PELC-RJ Plano Estrat\u00e9gico de Log\u00edstica e Cargas do Estado do Rio de Janeiro, entre outros.<\/p>\n<p><img loading=\"lazy\" decoding=\"async\" class=\"alignnone wp-image-56762 td-animation-stack-type0-2\" src=\"https:\/\/www.institutodeengenharia.org.br\/site\/wp-content\/uploads\/2019\/10\/JC02.jpg\" alt=\"\" width=\"184\" height=\"201\" srcset=\"https:\/\/www.institutodeengenharia.org.br\/site\/wp-content\/uploads\/2019\/10\/JC02.jpg 1943w, https:\/\/www.institutodeengenharia.org.br\/site\/wp-content\/uploads\/2019\/10\/JC02-275x300.jpg 275w, https:\/\/www.institutodeengenharia.org.br\/site\/wp-content\/uploads\/2019\/10\/JC02-768x838.jpg 768w, https:\/\/www.institutodeengenharia.org.br\/site\/wp-content\/uploads\/2019\/10\/JC02-938x1024.jpg 938w, https:\/\/www.institutodeengenharia.org.br\/site\/wp-content\/uploads\/2019\/10\/JC02-696x760.jpg 696w, https:\/\/www.institutodeengenharia.org.br\/site\/wp-content\/uploads\/2019\/10\/JC02-1068x1166.jpg 1068w, https:\/\/www.institutodeengenharia.org.br\/site\/wp-content\/uploads\/2019\/10\/JC02-385x420.jpg 385w, https:\/\/www.institutodeengenharia.org.br\/site\/wp-content\/uploads\/2019\/10\/JC02-1920x2096.jpg 1920w, https:\/\/www.institutodeengenharia.org.br\/site\/wp-content\/uploads\/2019\/10\/JC02-600x655.jpg 600w\" sizes=\"auto, (max-width: 184px) 100vw, 184px\" \/><\/p>\n<p><strong>Jos\u00e9 Carlos Medaglia Filho<\/strong><\/p>\n<p>Engenheiro Civil formado pela Universidade Federal do Rio Grande do Sul (UFRGS) no ano de 1985, e p\u00f3s-graduado em Constru\u00e7\u00e3o Civil pela mesma universidade em 2002.\u00a0MBA em Ger\u00eancia de Projetos pela\u00a0Escola Superior de Administra\u00e7\u00e3o de Bras\u00edlia (ESAD) em 2009. \u00c9 subsecret\u00e1rio de Parcerias, Arranjos Institucionais e Coopera\u00e7\u00e3o Internacional do\u00a0Minist\u00e9rio do Desenvolvimento Regional.<\/p>\n<p><img loading=\"lazy\" decoding=\"async\" class=\"alignnone wp-image-36879 td-animation-stack-type0-2\" src=\"https:\/\/www.institutodeengenharia.org.br\/site\/wp-content\/uploads\/2018\/06\/Foto-Portella-1.jpg\" alt=\"\" width=\"177\" height=\"254\" \/><\/p>\n<p><strong>Luiz Fernando Portella<\/strong><\/p>\n<p>\u00c9 CCO da Calypso Networks Association para Am\u00e9rica Latina, com sede na B\u00e9lgica, Paris e S\u00e3o Paulo. Uma associa\u00e7\u00e3o de Operadores de Transporte e Industrias fornecedores de solu\u00e7\u00f5es em meios de pagamentos para transporte p\u00fablico em mais de 28 pa\u00edses h\u00e1 mais de 25 anos desenvolvendo padr\u00f5es abertos em bilhetagem eletr\u00f4nica n\u00e3o propriet\u00e1ria.<\/p>\n<p>Portella tamb\u00e9m \u00e9 Conselheiro, respons\u00e1vel pela<em>\u00a0Mentoria a servi\u00e7o da Engenharia<\/em>\u00a0no Instituto de Engenharia, e palestrante; e CEO da NBO Participa\u00e7\u00f5es e Servi\u00e7os.<\/p>\n<p>Se formou em Engenharia pela FEI, p\u00f3s-graduado em Adm. de Empresas (FGV), An\u00e1lise de Sistemas (Datamec), Marketing Industrial (Mau\u00e1) e Marketing Estrat\u00e9gico (GE-Camp).<\/p>\n<p>H\u00e1 mais de 40 anos com forte participa\u00e7\u00e3o internacional em projetos de transporte p\u00fablico e log\u00edstica, com diversos projetos operados por sua empresa NBO.<\/p>\n<p>Foi executivo de multinacionais como, ESSO, Alfa-Laval e GE, participou de v\u00e1rios projetos na Am\u00e9rica Latina, Europa e EUA, voltados para\u00a0 o \u201ccidad\u00e3o\u201d cliente do transporte p\u00fablico.<\/p>\n<p>Hoje transfere conhecimento das melhores pr\u00e1ticas de bilhetagem eletr\u00f4nica, ITS e\u00a0 Plataforma MaaS em projetos no Brasil, Chile, Paraguai, Peru, Col\u00f4mbia e M\u00e9xico, entre outros. Desenvolve programas de capacita\u00e7\u00e3o em conjunto com entidades afins.<\/p>\n<p><img loading=\"lazy\" decoding=\"async\" class=\"alignnone wp-image-56788 td-animation-stack-type0-2\" src=\"https:\/\/www.institutodeengenharia.org.br\/site\/wp-content\/uploads\/2019\/10\/foto-PedroBenvenuto.jpg\" alt=\"\" width=\"196\" height=\"202\" srcset=\"https:\/\/www.institutodeengenharia.org.br\/site\/wp-content\/uploads\/2019\/10\/foto-PedroBenvenuto.jpg 819w, https:\/\/www.institutodeengenharia.org.br\/site\/wp-content\/uploads\/2019\/10\/foto-PedroBenvenuto-291x300.jpg 291w, https:\/\/www.institutodeengenharia.org.br\/site\/wp-content\/uploads\/2019\/10\/foto-PedroBenvenuto-768x791.jpg 768w, https:\/\/www.institutodeengenharia.org.br\/site\/wp-content\/uploads\/2019\/10\/foto-PedroBenvenuto-696x716.jpg 696w, https:\/\/www.institutodeengenharia.org.br\/site\/wp-content\/uploads\/2019\/10\/foto-PedroBenvenuto-408x420.jpg 408w, https:\/\/www.institutodeengenharia.org.br\/site\/wp-content\/uploads\/2019\/10\/foto-PedroBenvenuto-600x618.jpg 600w\" sizes=\"auto, (max-width: 196px) 100vw, 196px\" \/><\/p>\n<p><strong>Pedro Pereira Benvenuto<\/strong><\/p>\n<p>Engenheiro El\u00e9trico pela Faculdade de Engenharia Industrial, com P\u00f3s-gradua\u00e7\u00e3o em Administra\u00e7\u00e3o de Empresas na Universidade Mackenzie. Possui aperfei\u00e7oamento em Projetos de Parcerias com o Setor Privado:<\/p>\n<ul>\n<li>Commercialisation, Rehabilitation and Liberalisation of Railways \u2013 Adam Smith Institute em Londres;<\/li>\n<li>Infrastruture in Market Economy \u2013 Harvard University;<\/li>\n<li>Privatizaci\u00f3n y Regulaci\u00f3n de Servcios e Infraestructuras de Transporte \u2013 Universidad de Las Palmas de Gran Canaria.<\/li>\n<\/ul>\n<p>No setor p\u00fablico, atuou como Secret\u00e1rio Executivo do Conselho Gestor de Parcerias P\u00fablico-Privadas, Secret\u00e1rio Executivo do Conselho Diretor do Plano Estadual de Desestatiza\u00e7\u00e3o (PED), Coordenador de Planejamento e Avalia\u00e7\u00e3o da Secretaria de Estado de Planejamento e Desenvolvimento Regional (SPDR), Coordenador de Planejamento e Gest\u00e3o da Secretaria de Estado dos Transportes Metropolitanos (STM), Diretor de Engenharia da CPTM, Diretor de Planejamento da CPTM e Diretor de Planejamento do Metr\u00f4 de S\u00e3o Paulo.<\/p>\n<p>Foi Secret\u00e1rio Executivo da C\u00e2mara Metropolitana de Transportes, \u00f3rg\u00e3o consultivo do CODEGRAM \u2013 Conselho Deliberativo da Grande S\u00e3o Paulo, Diretor Executivo Adjunto da ANTP \u2013 Associa\u00e7\u00e3o Nacional de Transportes P\u00fablicos, Vice Presidente da ALAMYS \u2013 Associa\u00e7\u00e3o Latino Americana de Metros e Subterr\u00e2neos e Diretor Executivo do Departamento de Transportes do Instituto de Engenharia. Atualmente \u00e9 S\u00f3cio Diretor da BENVENUTO ENGENHARIA LTDA, que atua na engenharia consultiva e em especial na estrutura\u00e7\u00e3o de projetos da para concess\u00e3o e PPP.<\/p>\n<p><img loading=\"lazy\" decoding=\"async\" class=\"alignnone wp-image-57203 td-animation-stack-type0-2\" src=\"https:\/\/www.institutodeengenharia.org.br\/site\/wp-content\/uploads\/2019\/10\/Silvenio.jpg\" alt=\"\" width=\"196\" height=\"196\" srcset=\"https:\/\/www.institutodeengenharia.org.br\/site\/wp-content\/uploads\/2019\/10\/Silvenio.jpg 538w, https:\/\/www.institutodeengenharia.org.br\/site\/wp-content\/uploads\/2019\/10\/Silvenio-150x150.jpg 150w, https:\/\/www.institutodeengenharia.org.br\/site\/wp-content\/uploads\/2019\/10\/Silvenio-300x300.jpg 300w, https:\/\/www.institutodeengenharia.org.br\/site\/wp-content\/uploads\/2019\/10\/Silvenio-420x420.jpg 420w, https:\/\/www.institutodeengenharia.org.br\/site\/wp-content\/uploads\/2019\/10\/Silvenio-100x100.jpg 100w\" sizes=\"auto, (max-width: 196px) 100vw, 196px\" \/><\/p>\n<p><strong>Stenio Franco<\/strong><\/p>\n<p>&nbsp;<\/p>\n<p><strong>Patroc\u00ednio:<\/strong><\/p>\n<p><img loading=\"lazy\" decoding=\"async\" class=\"alignleft td-animation-stack-type0-2\" src=\"http:\/\/seekvectorlogo.com\/wp-content\/uploads\/2018\/04\/deutsche-bahn-db-vector-logo-small.png\" alt=\"Imagem relacionada\" width=\"116\" height=\"116\" \/><\/p>\n<p>&nbsp;<\/p>\n<p><img loading=\"lazy\" decoding=\"async\" class=\"alignleft td-animation-stack-type0-2\" src=\"https:\/\/www.calypsonet-asso.org\/sites\/default\/files\/OFFICIEL%20-%20LOGO%20CALYPSO%20NETWORKS%20ASSOCIATION%20-%20NOIR%20ET%20BLEU%20-%20RVB%20%28002%29.jpg\" alt=\"Resultado de imagem para Calypso Network Association\" width=\"210\" height=\"75\" \/><\/p>\n<p><img loading=\"lazy\" decoding=\"async\" class=\"td-animation-stack-type0-2\" src=\"https:\/\/images.metro-magazine.com\/post\/L-MET2Tech-Clever.jpg\" alt=\"Imagem relacionada\" width=\"244\" height=\"76\" \/><\/p>\n<h3><\/h3>\n<p>&nbsp;<\/p>\n<p><strong>Apoio T\u00e9cnico:<\/strong><\/p>\n<p>&nbsp;<\/p>\n<p><img loading=\"lazy\" decoding=\"async\" class=\"alignleft td-animation-stack-type0-2\" src=\"https:\/\/abifer.org.br\/wp-content\/uploads\/2018\/05\/ABF_001_LogoSlogan.jpg\" alt=\"Resultado de imagem para abifer\" width=\"136\" height=\"56\" \/><img loading=\"lazy\" decoding=\"async\" class=\"alignnone wp-image-36737 td-animation-stack-type0-2\" src=\"https:\/\/www.institutodeengenharia.org.br\/site\/wp-content\/uploads\/2018\/07\/CANAL-AEAMESP-01.jpg\" alt=\"\" width=\"179\" height=\"40\" srcset=\"https:\/\/www.institutodeengenharia.org.br\/site\/wp-content\/uploads\/2018\/07\/CANAL-AEAMESP-01.jpg 2709w, https:\/\/www.institutodeengenharia.org.br\/site\/wp-content\/uploads\/2018\/07\/CANAL-AEAMESP-01-300x67.jpg 300w, https:\/\/www.institutodeengenharia.org.br\/site\/wp-content\/uploads\/2018\/07\/CANAL-AEAMESP-01-768x173.jpg 768w, https:\/\/www.institutodeengenharia.org.br\/site\/wp-content\/uploads\/2018\/07\/CANAL-AEAMESP-01-1024x230.jpg 1024w, https:\/\/www.institutodeengenharia.org.br\/site\/wp-content\/uploads\/2018\/07\/CANAL-AEAMESP-01-696x156.jpg 696w, https:\/\/www.institutodeengenharia.org.br\/site\/wp-content\/uploads\/2018\/07\/CANAL-AEAMESP-01-1068x240.jpg 1068w, https:\/\/www.institutodeengenharia.org.br\/site\/wp-content\/uploads\/2018\/07\/CANAL-AEAMESP-01-1868x420.jpg 1868w, https:\/\/www.institutodeengenharia.org.br\/site\/wp-content\/uploads\/2018\/07\/CANAL-AEAMESP-01-1920x432.jpg 1920w\" sizes=\"auto, (max-width: 179px) 100vw, 179px\" \/><img loading=\"lazy\" decoding=\"async\" class=\"alignleft td-animation-stack-type0-2\" src=\"http:\/\/www.shreditorial.com.br\/wp-content\/uploads\/2019\/02\/antp1.jpg\" alt=\"Imagem relacionada\" width=\"132\" height=\"84\" \/><img loading=\"lazy\" decoding=\"async\" class=\"td-animation-stack-type0-2\" src=\"https:\/\/cbic.org.br\/wp-content\/themes\/cbic-v2\/assets\/img\/cbic-padrao.png\" alt=\"Resultado de imagem para cbic\" width=\"127\" height=\"67\" \/><\/p>\n<p><img loading=\"lazy\" decoding=\"async\" class=\"alignleft td-animation-stack-type0-2\" src=\"https:\/\/forummobilidade.com.br\/wp-content\/uploads\/2018\/03\/cm18_logo_mobilitas_300x300200.jpg\" alt=\"Resultado de imagem para MOBILITAS\" width=\"138\" height=\"85\" \/><\/p>\n<p><img loading=\"lazy\" decoding=\"async\" class=\"alignnone td-animation-stack-type0-2\" src=\"https:\/\/pictures.attention-ngn.com\/portal\/35\/186654\/logo\/1465480923.4036_114_o.jpg\" alt=\"Resultado de imagem para uitp\" width=\"113\" height=\"113\" \/><\/p>\n<p>&nbsp;<\/p>\n<p>&nbsp;<\/p>\n<p><strong>Apoio Institucional:<\/strong><\/p>\n<p>&nbsp;<\/p>\n<p><img loading=\"lazy\" decoding=\"async\" class=\"aligncenter td-animation-stack-type0-2\" src=\"http:\/\/flexelevadores.web2243.uni5.net\/img\/logo-creasp-flex-elevadores.jpg\" alt=\"Imagem relacionada\" width=\"156\" height=\"72\" \/><\/p>\n<h3><\/h3>\n<p><strong>Realiza\u00e7\u00e3o:<\/strong><\/p>\n<p><strong>Eng. Jer\u00f4nimo Cabral Pereira Fagundes Neto<\/strong>\u00a0\u2013 Vice-presidente de Atividades T\u00e9cnicas<br \/>\n<strong>Eng. Ivan Metran Whately<\/strong>\u00a0\u2013 Diretor do Dept\u00ba. de Engenharia de Mobilidade e Log\u00edstica<\/p>\n<p>&nbsp;<\/p>\n","protected":false},"excerpt":{"rendered":"<p>&nbsp; + Informa\u00e7\u00f5es: Os moradores das regi\u00f5es metropolitanas brasileiras sofrem, cada vez mais, o impacto de um modelo de transporte p\u00fablico desagregado, em que os governos municipais e estaduais, isoladamente, planejam, financiam, implantam, operam, mant\u00eam, instituem tarifas e avaliam o desempenho dos servi\u00e7os prestados \u00e0 popula\u00e7\u00e3o. Isso impede que as cidades dos aglomerados urbanos assegurem [&hellip;]<\/p>\n","protected":false},"author":13,"featured_media":57512,"comment_status":"open","ping_status":"open","sticky":false,"template":"","format":"standard","meta":{"footnotes":""},"categories":[48,968,970],"tags":[1176],"class_list":{"0":"post-57510","1":"post","2":"type-post","3":"status-publish","4":"format-standard","5":"has-post-thumbnail","7":"category-departamento-desenvolvimento-urbano-e-regional","8":"category-nova-tv-engenharia","9":"category-seminario","10":"tag-video-home"},"yoast_head":"<!-- This site is optimized with the Yoast SEO plugin v27.2 - https:\/\/yoast.com\/product\/yoast-seo-wordpress\/ -->\n<title>Workshop Governan\u00e7a Metropolitana - Instituto de Engenharia<\/title>\n<meta name=\"robots\" content=\"index, follow, max-snippet:-1, max-image-preview:large, max-video-preview:-1\" \/>\n<link rel=\"canonical\" href=\"https:\/\/www.institutodeengenharia.org.br\/site\/2019\/11\/19\/workshop-governanca-metropolitana\/\" \/>\n<meta property=\"og:locale\" content=\"pt_BR\" \/>\n<meta property=\"og:type\" content=\"article\" \/>\n<meta property=\"og:title\" content=\"Workshop Governan\u00e7a Metropolitana - Instituto de Engenharia\" \/>\n<meta property=\"og:description\" content=\"&nbsp; + Informa\u00e7\u00f5es: Os moradores das regi\u00f5es metropolitanas brasileiras sofrem, cada vez mais, o impacto de um modelo de transporte p\u00fablico desagregado, em que os governos municipais e estaduais, isoladamente, planejam, financiam, implantam, operam, mant\u00eam, instituem tarifas e avaliam o desempenho dos servi\u00e7os prestados \u00e0 popula\u00e7\u00e3o. Isso impede que as cidades dos aglomerados urbanos assegurem [&hellip;]\" \/>\n<meta property=\"og:url\" content=\"https:\/\/www.institutodeengenharia.org.br\/site\/2019\/11\/19\/workshop-governanca-metropolitana\/\" \/>\n<meta property=\"og:site_name\" content=\"Instituto de Engenharia\" \/>\n<meta property=\"article:publisher\" content=\"https:\/\/www.facebook.com\/institutodeengenharia\" \/>\n<meta property=\"article:published_time\" content=\"2019-11-19T12:28:14+00:00\" \/>\n<meta property=\"article:modified_time\" content=\"2024-01-19T11:07:21+00:00\" \/>\n<meta property=\"og:image\" content=\"https:\/\/www.institutodeengenharia.org.br\/site\/wp-content\/uploads\/2019\/11\/lei-de-mobilidade-urbana-redesenhando-as-cidades1.jpg\" \/>\n\t<meta property=\"og:image:width\" content=\"576\" \/>\n\t<meta property=\"og:image:height\" content=\"385\" \/>\n\t<meta property=\"og:image:type\" content=\"image\/jpeg\" \/>\n<meta name=\"author\" content=\"Bianca\" \/>\n<meta name=\"twitter:card\" content=\"summary_large_image\" \/>\n<meta name=\"twitter:creator\" content=\"@iengenharia\" \/>\n<meta name=\"twitter:site\" content=\"@iengenharia\" \/>\n<meta name=\"twitter:label1\" content=\"Escrito por\" \/>\n\t<meta name=\"twitter:data1\" content=\"Bianca\" \/>\n\t<meta name=\"twitter:label2\" content=\"Est. tempo de leitura\" \/>\n\t<meta name=\"twitter:data2\" content=\"11 minutos\" \/>\n<script type=\"application\/ld+json\" class=\"yoast-schema-graph\">{\"@context\":\"https:\/\/schema.org\",\"@graph\":[{\"@type\":\"Article\",\"@id\":\"https:\/\/www.institutodeengenharia.org.br\/site\/2019\/11\/19\/workshop-governanca-metropolitana\/#article\",\"isPartOf\":{\"@id\":\"https:\/\/www.institutodeengenharia.org.br\/site\/2019\/11\/19\/workshop-governanca-metropolitana\/\"},\"author\":{\"name\":\"Bianca\",\"@id\":\"https:\/\/www.institutodeengenharia.org.br\/site\/#\/schema\/person\/aeb64951c405e100d26d30b033dd423f\"},\"headline\":\"Workshop Governan\u00e7a Metropolitana\",\"datePublished\":\"2019-11-19T12:28:14+00:00\",\"dateModified\":\"2024-01-19T11:07:21+00:00\",\"mainEntityOfPage\":{\"@id\":\"https:\/\/www.institutodeengenharia.org.br\/site\/2019\/11\/19\/workshop-governanca-metropolitana\/\"},\"wordCount\":1487,\"commentCount\":0,\"publisher\":{\"@id\":\"https:\/\/www.institutodeengenharia.org.br\/site\/#organization\"},\"image\":{\"@id\":\"https:\/\/www.institutodeengenharia.org.br\/site\/2019\/11\/19\/workshop-governanca-metropolitana\/#primaryimage\"},\"thumbnailUrl\":\"https:\/\/www.institutodeengenharia.org.br\/site\/wp-content\/uploads\/2019\/11\/lei-de-mobilidade-urbana-redesenhando-as-cidades1.jpg\",\"keywords\":[\"video-home\"],\"articleSection\":[\"Departamento de Desenvolvimento Urbano e Regional\",\"Nova TV Engenharia\",\"Semin\u00e1rio\"],\"inLanguage\":\"pt-BR\",\"potentialAction\":[{\"@type\":\"CommentAction\",\"name\":\"Comment\",\"target\":[\"https:\/\/www.institutodeengenharia.org.br\/site\/2019\/11\/19\/workshop-governanca-metropolitana\/#respond\"]}]},{\"@type\":\"WebPage\",\"@id\":\"https:\/\/www.institutodeengenharia.org.br\/site\/2019\/11\/19\/workshop-governanca-metropolitana\/\",\"url\":\"https:\/\/www.institutodeengenharia.org.br\/site\/2019\/11\/19\/workshop-governanca-metropolitana\/\",\"name\":\"Workshop Governan\u00e7a Metropolitana - Instituto de Engenharia\",\"isPartOf\":{\"@id\":\"https:\/\/www.institutodeengenharia.org.br\/site\/#website\"},\"primaryImageOfPage\":{\"@id\":\"https:\/\/www.institutodeengenharia.org.br\/site\/2019\/11\/19\/workshop-governanca-metropolitana\/#primaryimage\"},\"image\":{\"@id\":\"https:\/\/www.institutodeengenharia.org.br\/site\/2019\/11\/19\/workshop-governanca-metropolitana\/#primaryimage\"},\"thumbnailUrl\":\"https:\/\/www.institutodeengenharia.org.br\/site\/wp-content\/uploads\/2019\/11\/lei-de-mobilidade-urbana-redesenhando-as-cidades1.jpg\",\"datePublished\":\"2019-11-19T12:28:14+00:00\",\"dateModified\":\"2024-01-19T11:07:21+00:00\",\"breadcrumb\":{\"@id\":\"https:\/\/www.institutodeengenharia.org.br\/site\/2019\/11\/19\/workshop-governanca-metropolitana\/#breadcrumb\"},\"inLanguage\":\"pt-BR\",\"potentialAction\":[{\"@type\":\"ReadAction\",\"target\":[\"https:\/\/www.institutodeengenharia.org.br\/site\/2019\/11\/19\/workshop-governanca-metropolitana\/\"]}]},{\"@type\":\"ImageObject\",\"inLanguage\":\"pt-BR\",\"@id\":\"https:\/\/www.institutodeengenharia.org.br\/site\/2019\/11\/19\/workshop-governanca-metropolitana\/#primaryimage\",\"url\":\"https:\/\/www.institutodeengenharia.org.br\/site\/wp-content\/uploads\/2019\/11\/lei-de-mobilidade-urbana-redesenhando-as-cidades1.jpg\",\"contentUrl\":\"https:\/\/www.institutodeengenharia.org.br\/site\/wp-content\/uploads\/2019\/11\/lei-de-mobilidade-urbana-redesenhando-as-cidades1.jpg\",\"width\":576,\"height\":385},{\"@type\":\"BreadcrumbList\",\"@id\":\"https:\/\/www.institutodeengenharia.org.br\/site\/2019\/11\/19\/workshop-governanca-metropolitana\/#breadcrumb\",\"itemListElement\":[{\"@type\":\"ListItem\",\"position\":1,\"name\":\"In\u00edcio\",\"item\":\"https:\/\/www.institutodeengenharia.org.br\/site\/\"},{\"@type\":\"ListItem\",\"position\":2,\"name\":\"Workshop Governan\u00e7a Metropolitana\"}]},{\"@type\":\"WebSite\",\"@id\":\"https:\/\/www.institutodeengenharia.org.br\/site\/#website\",\"url\":\"https:\/\/www.institutodeengenharia.org.br\/site\/\",\"name\":\"Instituto de Engenharia\",\"description\":\"O Instituto de Engenharia promove a Engenharia em benef\u00edcio do desenvolvimento e da qualidade de vida da sociedade.\",\"publisher\":{\"@id\":\"https:\/\/www.institutodeengenharia.org.br\/site\/#organization\"},\"potentialAction\":[{\"@type\":\"SearchAction\",\"target\":{\"@type\":\"EntryPoint\",\"urlTemplate\":\"https:\/\/www.institutodeengenharia.org.br\/site\/?s={search_term_string}\"},\"query-input\":{\"@type\":\"PropertyValueSpecification\",\"valueRequired\":true,\"valueName\":\"search_term_string\"}}],\"inLanguage\":\"pt-BR\"},{\"@type\":\"Organization\",\"@id\":\"https:\/\/www.institutodeengenharia.org.br\/site\/#organization\",\"name\":\"Instituto de Engenharia\",\"url\":\"https:\/\/www.institutodeengenharia.org.br\/site\/\",\"logo\":{\"@type\":\"ImageObject\",\"inLanguage\":\"pt-BR\",\"@id\":\"https:\/\/www.institutodeengenharia.org.br\/site\/#\/schema\/logo\/image\/\",\"url\":\"https:\/\/www.institutodeengenharia.org.br\/site\/wp-content\/uploads\/2019\/03\/logo-novo-IE2018-1.jpg\",\"contentUrl\":\"https:\/\/www.institutodeengenharia.org.br\/site\/wp-content\/uploads\/2019\/03\/logo-novo-IE2018-1.jpg\",\"width\":1486,\"height\":1879,\"caption\":\"Instituto de Engenharia\"},\"image\":{\"@id\":\"https:\/\/www.institutodeengenharia.org.br\/site\/#\/schema\/logo\/image\/\"},\"sameAs\":[\"https:\/\/www.facebook.com\/institutodeengenharia\",\"https:\/\/x.com\/iengenharia\",\"https:\/\/www.instagram.com\/institutodeengenharia\/\",\"https:\/\/www.linkedin.com\/company\/instituto-de-engenharia\/\",\"https:\/\/www.youtube.com\/channel\/UCXiCAlsSMe977vamW915HxA\"]},{\"@type\":\"Person\",\"@id\":\"https:\/\/www.institutodeengenharia.org.br\/site\/#\/schema\/person\/aeb64951c405e100d26d30b033dd423f\",\"name\":\"Bianca\",\"image\":{\"@type\":\"ImageObject\",\"inLanguage\":\"pt-BR\",\"@id\":\"https:\/\/secure.gravatar.com\/avatar\/a6fbe9bff57405baf4c1e2c5c1811e072b558253974a9f9508f4678900c97c2a?s=96&d=mm&r=g\",\"url\":\"https:\/\/secure.gravatar.com\/avatar\/a6fbe9bff57405baf4c1e2c5c1811e072b558253974a9f9508f4678900c97c2a?s=96&d=mm&r=g\",\"contentUrl\":\"https:\/\/secure.gravatar.com\/avatar\/a6fbe9bff57405baf4c1e2c5c1811e072b558253974a9f9508f4678900c97c2a?s=96&d=mm&r=g\",\"caption\":\"Bianca\"},\"url\":\"https:\/\/www.institutodeengenharia.org.br\/site\/author\/comunicacao1\/\"}]}<\/script>\n<!-- \/ Yoast SEO plugin. -->","yoast_head_json":{"title":"Workshop Governan\u00e7a Metropolitana - Instituto de Engenharia","robots":{"index":"index","follow":"follow","max-snippet":"max-snippet:-1","max-image-preview":"max-image-preview:large","max-video-preview":"max-video-preview:-1"},"canonical":"https:\/\/www.institutodeengenharia.org.br\/site\/2019\/11\/19\/workshop-governanca-metropolitana\/","og_locale":"pt_BR","og_type":"article","og_title":"Workshop Governan\u00e7a Metropolitana - Instituto de Engenharia","og_description":"&nbsp; + Informa\u00e7\u00f5es: Os moradores das regi\u00f5es metropolitanas brasileiras sofrem, cada vez mais, o impacto de um modelo de transporte p\u00fablico desagregado, em que os governos municipais e estaduais, isoladamente, planejam, financiam, implantam, operam, mant\u00eam, instituem tarifas e avaliam o desempenho dos servi\u00e7os prestados \u00e0 popula\u00e7\u00e3o. Isso impede que as cidades dos aglomerados urbanos assegurem [&hellip;]","og_url":"https:\/\/www.institutodeengenharia.org.br\/site\/2019\/11\/19\/workshop-governanca-metropolitana\/","og_site_name":"Instituto de Engenharia","article_publisher":"https:\/\/www.facebook.com\/institutodeengenharia","article_published_time":"2019-11-19T12:28:14+00:00","article_modified_time":"2024-01-19T11:07:21+00:00","og_image":[{"width":576,"height":385,"url":"https:\/\/www.institutodeengenharia.org.br\/site\/wp-content\/uploads\/2019\/11\/lei-de-mobilidade-urbana-redesenhando-as-cidades1.jpg","type":"image\/jpeg"}],"author":"Bianca","twitter_card":"summary_large_image","twitter_creator":"@iengenharia","twitter_site":"@iengenharia","twitter_misc":{"Escrito por":"Bianca","Est. tempo de leitura":"11 minutos"},"schema":{"@context":"https:\/\/schema.org","@graph":[{"@type":"Article","@id":"https:\/\/www.institutodeengenharia.org.br\/site\/2019\/11\/19\/workshop-governanca-metropolitana\/#article","isPartOf":{"@id":"https:\/\/www.institutodeengenharia.org.br\/site\/2019\/11\/19\/workshop-governanca-metropolitana\/"},"author":{"name":"Bianca","@id":"https:\/\/www.institutodeengenharia.org.br\/site\/#\/schema\/person\/aeb64951c405e100d26d30b033dd423f"},"headline":"Workshop Governan\u00e7a Metropolitana","datePublished":"2019-11-19T12:28:14+00:00","dateModified":"2024-01-19T11:07:21+00:00","mainEntityOfPage":{"@id":"https:\/\/www.institutodeengenharia.org.br\/site\/2019\/11\/19\/workshop-governanca-metropolitana\/"},"wordCount":1487,"commentCount":0,"publisher":{"@id":"https:\/\/www.institutodeengenharia.org.br\/site\/#organization"},"image":{"@id":"https:\/\/www.institutodeengenharia.org.br\/site\/2019\/11\/19\/workshop-governanca-metropolitana\/#primaryimage"},"thumbnailUrl":"https:\/\/www.institutodeengenharia.org.br\/site\/wp-content\/uploads\/2019\/11\/lei-de-mobilidade-urbana-redesenhando-as-cidades1.jpg","keywords":["video-home"],"articleSection":["Departamento de Desenvolvimento Urbano e Regional","Nova TV Engenharia","Semin\u00e1rio"],"inLanguage":"pt-BR","potentialAction":[{"@type":"CommentAction","name":"Comment","target":["https:\/\/www.institutodeengenharia.org.br\/site\/2019\/11\/19\/workshop-governanca-metropolitana\/#respond"]}]},{"@type":"WebPage","@id":"https:\/\/www.institutodeengenharia.org.br\/site\/2019\/11\/19\/workshop-governanca-metropolitana\/","url":"https:\/\/www.institutodeengenharia.org.br\/site\/2019\/11\/19\/workshop-governanca-metropolitana\/","name":"Workshop Governan\u00e7a Metropolitana - Instituto de Engenharia","isPartOf":{"@id":"https:\/\/www.institutodeengenharia.org.br\/site\/#website"},"primaryImageOfPage":{"@id":"https:\/\/www.institutodeengenharia.org.br\/site\/2019\/11\/19\/workshop-governanca-metropolitana\/#primaryimage"},"image":{"@id":"https:\/\/www.institutodeengenharia.org.br\/site\/2019\/11\/19\/workshop-governanca-metropolitana\/#primaryimage"},"thumbnailUrl":"https:\/\/www.institutodeengenharia.org.br\/site\/wp-content\/uploads\/2019\/11\/lei-de-mobilidade-urbana-redesenhando-as-cidades1.jpg","datePublished":"2019-11-19T12:28:14+00:00","dateModified":"2024-01-19T11:07:21+00:00","breadcrumb":{"@id":"https:\/\/www.institutodeengenharia.org.br\/site\/2019\/11\/19\/workshop-governanca-metropolitana\/#breadcrumb"},"inLanguage":"pt-BR","potentialAction":[{"@type":"ReadAction","target":["https:\/\/www.institutodeengenharia.org.br\/site\/2019\/11\/19\/workshop-governanca-metropolitana\/"]}]},{"@type":"ImageObject","inLanguage":"pt-BR","@id":"https:\/\/www.institutodeengenharia.org.br\/site\/2019\/11\/19\/workshop-governanca-metropolitana\/#primaryimage","url":"https:\/\/www.institutodeengenharia.org.br\/site\/wp-content\/uploads\/2019\/11\/lei-de-mobilidade-urbana-redesenhando-as-cidades1.jpg","contentUrl":"https:\/\/www.institutodeengenharia.org.br\/site\/wp-content\/uploads\/2019\/11\/lei-de-mobilidade-urbana-redesenhando-as-cidades1.jpg","width":576,"height":385},{"@type":"BreadcrumbList","@id":"https:\/\/www.institutodeengenharia.org.br\/site\/2019\/11\/19\/workshop-governanca-metropolitana\/#breadcrumb","itemListElement":[{"@type":"ListItem","position":1,"name":"In\u00edcio","item":"https:\/\/www.institutodeengenharia.org.br\/site\/"},{"@type":"ListItem","position":2,"name":"Workshop Governan\u00e7a Metropolitana"}]},{"@type":"WebSite","@id":"https:\/\/www.institutodeengenharia.org.br\/site\/#website","url":"https:\/\/www.institutodeengenharia.org.br\/site\/","name":"Instituto de Engenharia","description":"O Instituto de Engenharia promove a Engenharia em benef\u00edcio do desenvolvimento e da qualidade de vida da sociedade.","publisher":{"@id":"https:\/\/www.institutodeengenharia.org.br\/site\/#organization"},"potentialAction":[{"@type":"SearchAction","target":{"@type":"EntryPoint","urlTemplate":"https:\/\/www.institutodeengenharia.org.br\/site\/?s={search_term_string}"},"query-input":{"@type":"PropertyValueSpecification","valueRequired":true,"valueName":"search_term_string"}}],"inLanguage":"pt-BR"},{"@type":"Organization","@id":"https:\/\/www.institutodeengenharia.org.br\/site\/#organization","name":"Instituto de Engenharia","url":"https:\/\/www.institutodeengenharia.org.br\/site\/","logo":{"@type":"ImageObject","inLanguage":"pt-BR","@id":"https:\/\/www.institutodeengenharia.org.br\/site\/#\/schema\/logo\/image\/","url":"https:\/\/www.institutodeengenharia.org.br\/site\/wp-content\/uploads\/2019\/03\/logo-novo-IE2018-1.jpg","contentUrl":"https:\/\/www.institutodeengenharia.org.br\/site\/wp-content\/uploads\/2019\/03\/logo-novo-IE2018-1.jpg","width":1486,"height":1879,"caption":"Instituto de Engenharia"},"image":{"@id":"https:\/\/www.institutodeengenharia.org.br\/site\/#\/schema\/logo\/image\/"},"sameAs":["https:\/\/www.facebook.com\/institutodeengenharia","https:\/\/x.com\/iengenharia","https:\/\/www.instagram.com\/institutodeengenharia\/","https:\/\/www.linkedin.com\/company\/instituto-de-engenharia\/","https:\/\/www.youtube.com\/channel\/UCXiCAlsSMe977vamW915HxA"]},{"@type":"Person","@id":"https:\/\/www.institutodeengenharia.org.br\/site\/#\/schema\/person\/aeb64951c405e100d26d30b033dd423f","name":"Bianca","image":{"@type":"ImageObject","inLanguage":"pt-BR","@id":"https:\/\/secure.gravatar.com\/avatar\/a6fbe9bff57405baf4c1e2c5c1811e072b558253974a9f9508f4678900c97c2a?s=96&d=mm&r=g","url":"https:\/\/secure.gravatar.com\/avatar\/a6fbe9bff57405baf4c1e2c5c1811e072b558253974a9f9508f4678900c97c2a?s=96&d=mm&r=g","contentUrl":"https:\/\/secure.gravatar.com\/avatar\/a6fbe9bff57405baf4c1e2c5c1811e072b558253974a9f9508f4678900c97c2a?s=96&d=mm&r=g","caption":"Bianca"},"url":"https:\/\/www.institutodeengenharia.org.br\/site\/author\/comunicacao1\/"}]}},"_links":{"self":[{"href":"https:\/\/www.institutodeengenharia.org.br\/site\/wp-json\/wp\/v2\/posts\/57510","targetHints":{"allow":["GET"]}}],"collection":[{"href":"https:\/\/www.institutodeengenharia.org.br\/site\/wp-json\/wp\/v2\/posts"}],"about":[{"href":"https:\/\/www.institutodeengenharia.org.br\/site\/wp-json\/wp\/v2\/types\/post"}],"author":[{"embeddable":true,"href":"https:\/\/www.institutodeengenharia.org.br\/site\/wp-json\/wp\/v2\/users\/13"}],"replies":[{"embeddable":true,"href":"https:\/\/www.institutodeengenharia.org.br\/site\/wp-json\/wp\/v2\/comments?post=57510"}],"version-history":[{"count":1,"href":"https:\/\/www.institutodeengenharia.org.br\/site\/wp-json\/wp\/v2\/posts\/57510\/revisions"}],"predecessor-version":[{"id":57513,"href":"https:\/\/www.institutodeengenharia.org.br\/site\/wp-json\/wp\/v2\/posts\/57510\/revisions\/57513"}],"wp:featuredmedia":[{"embeddable":true,"href":"https:\/\/www.institutodeengenharia.org.br\/site\/wp-json\/wp\/v2\/media\/57512"}],"wp:attachment":[{"href":"https:\/\/www.institutodeengenharia.org.br\/site\/wp-json\/wp\/v2\/media?parent=57510"}],"wp:term":[{"taxonomy":"category","embeddable":true,"href":"https:\/\/www.institutodeengenharia.org.br\/site\/wp-json\/wp\/v2\/categories?post=57510"},{"taxonomy":"post_tag","embeddable":true,"href":"https:\/\/www.institutodeengenharia.org.br\/site\/wp-json\/wp\/v2\/tags?post=57510"}],"curies":[{"name":"wp","href":"https:\/\/api.w.org\/{rel}","templated":true}]}}