{"id":57382,"date":"2019-11-12T10:33:14","date_gmt":"2019-11-12T12:33:14","guid":{"rendered":"https:\/\/www.institutodeengenharia.org.br\/site\/?p=57382"},"modified":"2019-11-26T10:35:28","modified_gmt":"2019-11-26T12:35:28","slug":"mulheres-em-gestao-facilities","status":"publish","type":"post","link":"https:\/\/www.institutodeengenharia.org.br\/site\/2019\/11\/12\/mulheres-em-gestao-facilities\/","title":{"rendered":"Mulheres em Gest\u00e3o \u2013 Facilities"},"content":{"rendered":"<p><strong>Assista abaixo \u00e0 \u00edntegra:<\/strong><\/p>\n<p><iframe loading=\"lazy\" src=\"https:\/\/player.vimeo.com\/video\/372628790\" width=\"640\" height=\"360\" frameborder=\"0\" allowfullscreen=\"allowfullscreen\"><\/iframe><\/p>\n<p>&nbsp;<\/p>\n<h2>+ Informa\u00e7\u00f5es:<\/h2>\n<p>&nbsp;<\/p>\n<p><strong>Palestrantes:<\/strong><\/p>\n<p>&nbsp;<\/p>\n<p><strong>Rosimeire Ciasi<\/strong><\/p>\n<p>Gerente de Aquisi\u00e7\u00e3o de Talentos na Sodexo On-Site. Psic\u00f3loga, P\u00f3s Graduada em Economia e Gest\u00e3o das Rela\u00e7\u00f5es do Trabalho pela PUC, Especialista em Psicopatologia e Psicossom\u00e1tica contempor\u00e2nea pela Universidade S\u00e3o Camilo, docente do curso de Gest\u00e3o de Neg\u00f3cios em Servi\u00e7os de Alimenta\u00e7\u00e3o pelo Senac. Experi\u00eancia de mais de 20 anos em Recursos Humanos em empresas nacionais e multinacionais.<\/p>\n<p>&nbsp;<\/p>\n<p><strong>Lilian Rauld<\/strong><\/p>\n<p>L\u00edder de Diversidade &amp; Inclus\u00e3o na Sodexo On-Site. Expatriada do Chile para o Brasil em 2013, trabalhou em grandes companhias multinacionais na Espanha, nos Estados Unidos e no Chile. Cientista Pol\u00edtico, Jornalista. Especializa\u00e7\u00e3o em Gest\u00e3o Estrat\u00e9gica e Econ\u00f3mica de Recursos Humanos, FGV. MBA de Comunica\u00e7\u00e3o Estrat\u00e9gica no Chile e Marketing na Espanha.\u200b Co-autora do livro \u00ab\u00a0Inser\u00e7\u00e3o do Talento e da For\u00e7a de trabalho de Profissionais Refugiados nas Organiza\u00e7\u00f5es Brasileiras\u00a0\u00bb, lan\u00e7ado no CONARH 2019.<\/p>\n<p>&nbsp;<\/p>\n<p><strong>Realiza\u00e7\u00e3o:<\/strong><\/p>\n<p><strong>Eng. Jer\u00f4nimo Cabral Pereira Fagundes Neto\u00a0<\/strong>\u2013 Vice-presidente de Atividades T\u00e9cnicas<\/p>\n<p><strong>Eng\u00aa. Miriana Marques\u00a0<\/strong>\u2013 Vice-presidente de Assuntos Internos<\/p>\n<p><strong>COMET (Comit\u00ea das Mulheres na Engenharia e Tecnologia)<\/strong><\/p>\n","protected":false},"excerpt":{"rendered":"<p>Assista abaixo \u00e0 \u00edntegra: &nbsp; + Informa\u00e7\u00f5es: &nbsp; Palestrantes: &nbsp; Rosimeire Ciasi Gerente de Aquisi\u00e7\u00e3o de Talentos na Sodexo On-Site. Psic\u00f3loga, P\u00f3s Graduada em Economia e Gest\u00e3o das Rela\u00e7\u00f5es do Trabalho pela PUC, Especialista em Psicopatologia e Psicossom\u00e1tica contempor\u00e2nea pela Universidade S\u00e3o Camilo, docente do curso de Gest\u00e3o de Neg\u00f3cios em Servi\u00e7os de Alimenta\u00e7\u00e3o pelo [&hellip;]<\/p>\n","protected":false},"author":13,"featured_media":56846,"comment_status":"open","ping_status":"open","sticky":false,"template":"","format":"standard","meta":{"footnotes":""},"categories":[936,968,969],"tags":[],"class_list":{"0":"post-57382","1":"post","2":"type-post","3":"status-publish","4":"format-standard","5":"has-post-thumbnail","7":"category-mulher","8":"category-nova-tv-engenharia","9":"category-palestra"},"yoast_head":"<!-- This site is optimized with the Yoast SEO plugin v27.2 - https:\/\/yoast.com\/product\/yoast-seo-wordpress\/ -->\n<title>Mulheres em Gest\u00e3o \u2013 Facilities - Instituto de Engenharia<\/title>\n<meta name=\"robots\" content=\"index, follow, max-snippet:-1, max-image-preview:large, max-video-preview:-1\" \/>\n<link rel=\"canonical\" href=\"https:\/\/www.institutodeengenharia.org.br\/site\/2019\/11\/12\/mulheres-em-gestao-facilities\/\" \/>\n<meta property=\"og:locale\" content=\"pt_BR\" \/>\n<meta property=\"og:type\" content=\"article\" \/>\n<meta property=\"og:title\" content=\"Mulheres em Gest\u00e3o \u2013 Facilities - Instituto de Engenharia\" \/>\n<meta property=\"og:description\" content=\"Assista abaixo \u00e0 \u00edntegra: &nbsp; + Informa\u00e7\u00f5es: &nbsp; Palestrantes: &nbsp; Rosimeire Ciasi Gerente de Aquisi\u00e7\u00e3o de Talentos na Sodexo On-Site. Psic\u00f3loga, P\u00f3s Graduada em Economia e Gest\u00e3o das Rela\u00e7\u00f5es do Trabalho pela PUC, Especialista em Psicopatologia e Psicossom\u00e1tica contempor\u00e2nea pela Universidade S\u00e3o Camilo, docente do curso de Gest\u00e3o de Neg\u00f3cios em Servi\u00e7os de Alimenta\u00e7\u00e3o pelo [&hellip;]\" \/>\n<meta property=\"og:url\" content=\"https:\/\/www.institutodeengenharia.org.br\/site\/2019\/11\/12\/mulheres-em-gestao-facilities\/\" \/>\n<meta property=\"og:site_name\" content=\"Instituto de Engenharia\" \/>\n<meta property=\"article:publisher\" content=\"https:\/\/www.facebook.com\/institutodeengenharia\" \/>\n<meta property=\"article:published_time\" content=\"2019-11-12T12:33:14+00:00\" \/>\n<meta property=\"article:modified_time\" content=\"2019-11-26T12:35:28+00:00\" \/>\n<meta property=\"og:image\" content=\"https:\/\/www.institutodeengenharia.org.br\/site\/wp-content\/uploads\/2019\/11\/kissclipart-facilities-management-icons-clipart-facility-manag-746535418a82e657.png\" \/>\n\t<meta property=\"og:image:width\" content=\"900\" \/>\n\t<meta property=\"og:image:height\" content=\"726\" \/>\n\t<meta property=\"og:image:type\" content=\"image\/png\" \/>\n<meta name=\"author\" content=\"Bianca\" \/>\n<meta name=\"twitter:card\" content=\"summary_large_image\" \/>\n<meta name=\"twitter:creator\" content=\"@iengenharia\" \/>\n<meta name=\"twitter:site\" content=\"@iengenharia\" \/>\n<meta name=\"twitter:label1\" content=\"Escrito por\" \/>\n\t<meta name=\"twitter:data1\" content=\"Bianca\" \/>\n\t<meta name=\"twitter:label2\" content=\"Est. tempo de leitura\" \/>\n\t<meta name=\"twitter:data2\" content=\"1 minuto\" \/>\n<script type=\"application\/ld+json\" class=\"yoast-schema-graph\">{\"@context\":\"https:\/\/schema.org\",\"@graph\":[{\"@type\":\"Article\",\"@id\":\"https:\/\/www.institutodeengenharia.org.br\/site\/2019\/11\/12\/mulheres-em-gestao-facilities\/#article\",\"isPartOf\":{\"@id\":\"https:\/\/www.institutodeengenharia.org.br\/site\/2019\/11\/12\/mulheres-em-gestao-facilities\/\"},\"author\":{\"name\":\"Bianca\",\"@id\":\"https:\/\/www.institutodeengenharia.org.br\/site\/#\/schema\/person\/aeb64951c405e100d26d30b033dd423f\"},\"headline\":\"Mulheres em Gest\u00e3o \u2013 Facilities\",\"datePublished\":\"2019-11-12T12:33:14+00:00\",\"dateModified\":\"2019-11-26T12:35:28+00:00\",\"mainEntityOfPage\":{\"@id\":\"https:\/\/www.institutodeengenharia.org.br\/site\/2019\/11\/12\/mulheres-em-gestao-facilities\/\"},\"wordCount\":203,\"commentCount\":0,\"publisher\":{\"@id\":\"https:\/\/www.institutodeengenharia.org.br\/site\/#organization\"},\"image\":{\"@id\":\"https:\/\/www.institutodeengenharia.org.br\/site\/2019\/11\/12\/mulheres-em-gestao-facilities\/#primaryimage\"},\"thumbnailUrl\":\"https:\/\/www.institutodeengenharia.org.br\/site\/wp-content\/uploads\/2019\/11\/kissclipart-facilities-management-icons-clipart-facility-manag-746535418a82e657.png\",\"articleSection\":[\"Mulher\",\"Nova TV Engenharia\",\"Palestra\"],\"inLanguage\":\"pt-BR\",\"potentialAction\":[{\"@type\":\"CommentAction\",\"name\":\"Comment\",\"target\":[\"https:\/\/www.institutodeengenharia.org.br\/site\/2019\/11\/12\/mulheres-em-gestao-facilities\/#respond\"]}]},{\"@type\":\"WebPage\",\"@id\":\"https:\/\/www.institutodeengenharia.org.br\/site\/2019\/11\/12\/mulheres-em-gestao-facilities\/\",\"url\":\"https:\/\/www.institutodeengenharia.org.br\/site\/2019\/11\/12\/mulheres-em-gestao-facilities\/\",\"name\":\"Mulheres em Gest\u00e3o \u2013 Facilities - Instituto de Engenharia\",\"isPartOf\":{\"@id\":\"https:\/\/www.institutodeengenharia.org.br\/site\/#website\"},\"primaryImageOfPage\":{\"@id\":\"https:\/\/www.institutodeengenharia.org.br\/site\/2019\/11\/12\/mulheres-em-gestao-facilities\/#primaryimage\"},\"image\":{\"@id\":\"https:\/\/www.institutodeengenharia.org.br\/site\/2019\/11\/12\/mulheres-em-gestao-facilities\/#primaryimage\"},\"thumbnailUrl\":\"https:\/\/www.institutodeengenharia.org.br\/site\/wp-content\/uploads\/2019\/11\/kissclipart-facilities-management-icons-clipart-facility-manag-746535418a82e657.png\",\"datePublished\":\"2019-11-12T12:33:14+00:00\",\"dateModified\":\"2019-11-26T12:35:28+00:00\",\"breadcrumb\":{\"@id\":\"https:\/\/www.institutodeengenharia.org.br\/site\/2019\/11\/12\/mulheres-em-gestao-facilities\/#breadcrumb\"},\"inLanguage\":\"pt-BR\",\"potentialAction\":[{\"@type\":\"ReadAction\",\"target\":[\"https:\/\/www.institutodeengenharia.org.br\/site\/2019\/11\/12\/mulheres-em-gestao-facilities\/\"]}]},{\"@type\":\"ImageObject\",\"inLanguage\":\"pt-BR\",\"@id\":\"https:\/\/www.institutodeengenharia.org.br\/site\/2019\/11\/12\/mulheres-em-gestao-facilities\/#primaryimage\",\"url\":\"https:\/\/www.institutodeengenharia.org.br\/site\/wp-content\/uploads\/2019\/11\/kissclipart-facilities-management-icons-clipart-facility-manag-746535418a82e657.png\",\"contentUrl\":\"https:\/\/www.institutodeengenharia.org.br\/site\/wp-content\/uploads\/2019\/11\/kissclipart-facilities-management-icons-clipart-facility-manag-746535418a82e657.png\",\"width\":900,\"height\":726},{\"@type\":\"BreadcrumbList\",\"@id\":\"https:\/\/www.institutodeengenharia.org.br\/site\/2019\/11\/12\/mulheres-em-gestao-facilities\/#breadcrumb\",\"itemListElement\":[{\"@type\":\"ListItem\",\"position\":1,\"name\":\"In\u00edcio\",\"item\":\"https:\/\/www.institutodeengenharia.org.br\/site\/\"},{\"@type\":\"ListItem\",\"position\":2,\"name\":\"Mulheres em Gest\u00e3o \u2013 Facilities\"}]},{\"@type\":\"WebSite\",\"@id\":\"https:\/\/www.institutodeengenharia.org.br\/site\/#website\",\"url\":\"https:\/\/www.institutodeengenharia.org.br\/site\/\",\"name\":\"Instituto de Engenharia\",\"description\":\"O Instituto de Engenharia promove a Engenharia em benef\u00edcio do desenvolvimento e da qualidade de vida da sociedade.\",\"publisher\":{\"@id\":\"https:\/\/www.institutodeengenharia.org.br\/site\/#organization\"},\"potentialAction\":[{\"@type\":\"SearchAction\",\"target\":{\"@type\":\"EntryPoint\",\"urlTemplate\":\"https:\/\/www.institutodeengenharia.org.br\/site\/?s={search_term_string}\"},\"query-input\":{\"@type\":\"PropertyValueSpecification\",\"valueRequired\":true,\"valueName\":\"search_term_string\"}}],\"inLanguage\":\"pt-BR\"},{\"@type\":\"Organization\",\"@id\":\"https:\/\/www.institutodeengenharia.org.br\/site\/#organization\",\"name\":\"Instituto de Engenharia\",\"url\":\"https:\/\/www.institutodeengenharia.org.br\/site\/\",\"logo\":{\"@type\":\"ImageObject\",\"inLanguage\":\"pt-BR\",\"@id\":\"https:\/\/www.institutodeengenharia.org.br\/site\/#\/schema\/logo\/image\/\",\"url\":\"https:\/\/www.institutodeengenharia.org.br\/site\/wp-content\/uploads\/2019\/03\/logo-novo-IE2018-1.jpg\",\"contentUrl\":\"https:\/\/www.institutodeengenharia.org.br\/site\/wp-content\/uploads\/2019\/03\/logo-novo-IE2018-1.jpg\",\"width\":1486,\"height\":1879,\"caption\":\"Instituto de Engenharia\"},\"image\":{\"@id\":\"https:\/\/www.institutodeengenharia.org.br\/site\/#\/schema\/logo\/image\/\"},\"sameAs\":[\"https:\/\/www.facebook.com\/institutodeengenharia\",\"https:\/\/x.com\/iengenharia\",\"https:\/\/www.instagram.com\/institutodeengenharia\/\",\"https:\/\/www.linkedin.com\/company\/instituto-de-engenharia\/\",\"https:\/\/www.youtube.com\/channel\/UCXiCAlsSMe977vamW915HxA\"]},{\"@type\":\"Person\",\"@id\":\"https:\/\/www.institutodeengenharia.org.br\/site\/#\/schema\/person\/aeb64951c405e100d26d30b033dd423f\",\"name\":\"Bianca\",\"image\":{\"@type\":\"ImageObject\",\"inLanguage\":\"pt-BR\",\"@id\":\"https:\/\/secure.gravatar.com\/avatar\/a6fbe9bff57405baf4c1e2c5c1811e072b558253974a9f9508f4678900c97c2a?s=96&d=mm&r=g\",\"url\":\"https:\/\/secure.gravatar.com\/avatar\/a6fbe9bff57405baf4c1e2c5c1811e072b558253974a9f9508f4678900c97c2a?s=96&d=mm&r=g\",\"contentUrl\":\"https:\/\/secure.gravatar.com\/avatar\/a6fbe9bff57405baf4c1e2c5c1811e072b558253974a9f9508f4678900c97c2a?s=96&d=mm&r=g\",\"caption\":\"Bianca\"},\"url\":\"https:\/\/www.institutodeengenharia.org.br\/site\/author\/comunicacao1\/\"}]}<\/script>\n<!-- \/ Yoast SEO plugin. -->","yoast_head_json":{"title":"Mulheres em Gest\u00e3o \u2013 Facilities - Instituto de Engenharia","robots":{"index":"index","follow":"follow","max-snippet":"max-snippet:-1","max-image-preview":"max-image-preview:large","max-video-preview":"max-video-preview:-1"},"canonical":"https:\/\/www.institutodeengenharia.org.br\/site\/2019\/11\/12\/mulheres-em-gestao-facilities\/","og_locale":"pt_BR","og_type":"article","og_title":"Mulheres em Gest\u00e3o \u2013 Facilities - Instituto de Engenharia","og_description":"Assista abaixo \u00e0 \u00edntegra: &nbsp; + Informa\u00e7\u00f5es: &nbsp; Palestrantes: &nbsp; Rosimeire Ciasi Gerente de Aquisi\u00e7\u00e3o de Talentos na Sodexo On-Site. Psic\u00f3loga, P\u00f3s Graduada em Economia e Gest\u00e3o das Rela\u00e7\u00f5es do Trabalho pela PUC, Especialista em Psicopatologia e Psicossom\u00e1tica contempor\u00e2nea pela Universidade S\u00e3o Camilo, docente do curso de Gest\u00e3o de Neg\u00f3cios em Servi\u00e7os de Alimenta\u00e7\u00e3o pelo [&hellip;]","og_url":"https:\/\/www.institutodeengenharia.org.br\/site\/2019\/11\/12\/mulheres-em-gestao-facilities\/","og_site_name":"Instituto de Engenharia","article_publisher":"https:\/\/www.facebook.com\/institutodeengenharia","article_published_time":"2019-11-12T12:33:14+00:00","article_modified_time":"2019-11-26T12:35:28+00:00","og_image":[{"width":900,"height":726,"url":"https:\/\/www.institutodeengenharia.org.br\/site\/wp-content\/uploads\/2019\/11\/kissclipart-facilities-management-icons-clipart-facility-manag-746535418a82e657.png","type":"image\/png"}],"author":"Bianca","twitter_card":"summary_large_image","twitter_creator":"@iengenharia","twitter_site":"@iengenharia","twitter_misc":{"Escrito por":"Bianca","Est. tempo de leitura":"1 minuto"},"schema":{"@context":"https:\/\/schema.org","@graph":[{"@type":"Article","@id":"https:\/\/www.institutodeengenharia.org.br\/site\/2019\/11\/12\/mulheres-em-gestao-facilities\/#article","isPartOf":{"@id":"https:\/\/www.institutodeengenharia.org.br\/site\/2019\/11\/12\/mulheres-em-gestao-facilities\/"},"author":{"name":"Bianca","@id":"https:\/\/www.institutodeengenharia.org.br\/site\/#\/schema\/person\/aeb64951c405e100d26d30b033dd423f"},"headline":"Mulheres em Gest\u00e3o \u2013 Facilities","datePublished":"2019-11-12T12:33:14+00:00","dateModified":"2019-11-26T12:35:28+00:00","mainEntityOfPage":{"@id":"https:\/\/www.institutodeengenharia.org.br\/site\/2019\/11\/12\/mulheres-em-gestao-facilities\/"},"wordCount":203,"commentCount":0,"publisher":{"@id":"https:\/\/www.institutodeengenharia.org.br\/site\/#organization"},"image":{"@id":"https:\/\/www.institutodeengenharia.org.br\/site\/2019\/11\/12\/mulheres-em-gestao-facilities\/#primaryimage"},"thumbnailUrl":"https:\/\/www.institutodeengenharia.org.br\/site\/wp-content\/uploads\/2019\/11\/kissclipart-facilities-management-icons-clipart-facility-manag-746535418a82e657.png","articleSection":["Mulher","Nova TV Engenharia","Palestra"],"inLanguage":"pt-BR","potentialAction":[{"@type":"CommentAction","name":"Comment","target":["https:\/\/www.institutodeengenharia.org.br\/site\/2019\/11\/12\/mulheres-em-gestao-facilities\/#respond"]}]},{"@type":"WebPage","@id":"https:\/\/www.institutodeengenharia.org.br\/site\/2019\/11\/12\/mulheres-em-gestao-facilities\/","url":"https:\/\/www.institutodeengenharia.org.br\/site\/2019\/11\/12\/mulheres-em-gestao-facilities\/","name":"Mulheres em Gest\u00e3o \u2013 Facilities - Instituto de Engenharia","isPartOf":{"@id":"https:\/\/www.institutodeengenharia.org.br\/site\/#website"},"primaryImageOfPage":{"@id":"https:\/\/www.institutodeengenharia.org.br\/site\/2019\/11\/12\/mulheres-em-gestao-facilities\/#primaryimage"},"image":{"@id":"https:\/\/www.institutodeengenharia.org.br\/site\/2019\/11\/12\/mulheres-em-gestao-facilities\/#primaryimage"},"thumbnailUrl":"https:\/\/www.institutodeengenharia.org.br\/site\/wp-content\/uploads\/2019\/11\/kissclipart-facilities-management-icons-clipart-facility-manag-746535418a82e657.png","datePublished":"2019-11-12T12:33:14+00:00","dateModified":"2019-11-26T12:35:28+00:00","breadcrumb":{"@id":"https:\/\/www.institutodeengenharia.org.br\/site\/2019\/11\/12\/mulheres-em-gestao-facilities\/#breadcrumb"},"inLanguage":"pt-BR","potentialAction":[{"@type":"ReadAction","target":["https:\/\/www.institutodeengenharia.org.br\/site\/2019\/11\/12\/mulheres-em-gestao-facilities\/"]}]},{"@type":"ImageObject","inLanguage":"pt-BR","@id":"https:\/\/www.institutodeengenharia.org.br\/site\/2019\/11\/12\/mulheres-em-gestao-facilities\/#primaryimage","url":"https:\/\/www.institutodeengenharia.org.br\/site\/wp-content\/uploads\/2019\/11\/kissclipart-facilities-management-icons-clipart-facility-manag-746535418a82e657.png","contentUrl":"https:\/\/www.institutodeengenharia.org.br\/site\/wp-content\/uploads\/2019\/11\/kissclipart-facilities-management-icons-clipart-facility-manag-746535418a82e657.png","width":900,"height":726},{"@type":"BreadcrumbList","@id":"https:\/\/www.institutodeengenharia.org.br\/site\/2019\/11\/12\/mulheres-em-gestao-facilities\/#breadcrumb","itemListElement":[{"@type":"ListItem","position":1,"name":"In\u00edcio","item":"https:\/\/www.institutodeengenharia.org.br\/site\/"},{"@type":"ListItem","position":2,"name":"Mulheres em Gest\u00e3o \u2013 Facilities"}]},{"@type":"WebSite","@id":"https:\/\/www.institutodeengenharia.org.br\/site\/#website","url":"https:\/\/www.institutodeengenharia.org.br\/site\/","name":"Instituto de Engenharia","description":"O Instituto de Engenharia promove a Engenharia em benef\u00edcio do desenvolvimento e da qualidade de vida da sociedade.","publisher":{"@id":"https:\/\/www.institutodeengenharia.org.br\/site\/#organization"},"potentialAction":[{"@type":"SearchAction","target":{"@type":"EntryPoint","urlTemplate":"https:\/\/www.institutodeengenharia.org.br\/site\/?s={search_term_string}"},"query-input":{"@type":"PropertyValueSpecification","valueRequired":true,"valueName":"search_term_string"}}],"inLanguage":"pt-BR"},{"@type":"Organization","@id":"https:\/\/www.institutodeengenharia.org.br\/site\/#organization","name":"Instituto de Engenharia","url":"https:\/\/www.institutodeengenharia.org.br\/site\/","logo":{"@type":"ImageObject","inLanguage":"pt-BR","@id":"https:\/\/www.institutodeengenharia.org.br\/site\/#\/schema\/logo\/image\/","url":"https:\/\/www.institutodeengenharia.org.br\/site\/wp-content\/uploads\/2019\/03\/logo-novo-IE2018-1.jpg","contentUrl":"https:\/\/www.institutodeengenharia.org.br\/site\/wp-content\/uploads\/2019\/03\/logo-novo-IE2018-1.jpg","width":1486,"height":1879,"caption":"Instituto de Engenharia"},"image":{"@id":"https:\/\/www.institutodeengenharia.org.br\/site\/#\/schema\/logo\/image\/"},"sameAs":["https:\/\/www.facebook.com\/institutodeengenharia","https:\/\/x.com\/iengenharia","https:\/\/www.instagram.com\/institutodeengenharia\/","https:\/\/www.linkedin.com\/company\/instituto-de-engenharia\/","https:\/\/www.youtube.com\/channel\/UCXiCAlsSMe977vamW915HxA"]},{"@type":"Person","@id":"https:\/\/www.institutodeengenharia.org.br\/site\/#\/schema\/person\/aeb64951c405e100d26d30b033dd423f","name":"Bianca","image":{"@type":"ImageObject","inLanguage":"pt-BR","@id":"https:\/\/secure.gravatar.com\/avatar\/a6fbe9bff57405baf4c1e2c5c1811e072b558253974a9f9508f4678900c97c2a?s=96&d=mm&r=g","url":"https:\/\/secure.gravatar.com\/avatar\/a6fbe9bff57405baf4c1e2c5c1811e072b558253974a9f9508f4678900c97c2a?s=96&d=mm&r=g","contentUrl":"https:\/\/secure.gravatar.com\/avatar\/a6fbe9bff57405baf4c1e2c5c1811e072b558253974a9f9508f4678900c97c2a?s=96&d=mm&r=g","caption":"Bianca"},"url":"https:\/\/www.institutodeengenharia.org.br\/site\/author\/comunicacao1\/"}]}},"_links":{"self":[{"href":"https:\/\/www.institutodeengenharia.org.br\/site\/wp-json\/wp\/v2\/posts\/57382","targetHints":{"allow":["GET"]}}],"collection":[{"href":"https:\/\/www.institutodeengenharia.org.br\/site\/wp-json\/wp\/v2\/posts"}],"about":[{"href":"https:\/\/www.institutodeengenharia.org.br\/site\/wp-json\/wp\/v2\/types\/post"}],"author":[{"embeddable":true,"href":"https:\/\/www.institutodeengenharia.org.br\/site\/wp-json\/wp\/v2\/users\/13"}],"replies":[{"embeddable":true,"href":"https:\/\/www.institutodeengenharia.org.br\/site\/wp-json\/wp\/v2\/comments?post=57382"}],"version-history":[{"count":1,"href":"https:\/\/www.institutodeengenharia.org.br\/site\/wp-json\/wp\/v2\/posts\/57382\/revisions"}],"predecessor-version":[{"id":57383,"href":"https:\/\/www.institutodeengenharia.org.br\/site\/wp-json\/wp\/v2\/posts\/57382\/revisions\/57383"}],"wp:featuredmedia":[{"embeddable":true,"href":"https:\/\/www.institutodeengenharia.org.br\/site\/wp-json\/wp\/v2\/media\/56846"}],"wp:attachment":[{"href":"https:\/\/www.institutodeengenharia.org.br\/site\/wp-json\/wp\/v2\/media?parent=57382"}],"wp:term":[{"taxonomy":"category","embeddable":true,"href":"https:\/\/www.institutodeengenharia.org.br\/site\/wp-json\/wp\/v2\/categories?post=57382"},{"taxonomy":"post_tag","embeddable":true,"href":"https:\/\/www.institutodeengenharia.org.br\/site\/wp-json\/wp\/v2\/tags?post=57382"}],"curies":[{"name":"wp","href":"https:\/\/api.w.org\/{rel}","templated":true}]}}