{"id":56791,"date":"2019-11-04T13:28:28","date_gmt":"2019-11-04T15:28:28","guid":{"rendered":"https:\/\/www.institutodeengenharia.org.br\/site\/?p=56791"},"modified":"2019-11-04T14:35:03","modified_gmt":"2019-11-04T16:35:03","slug":"brasil-vai-lancar-1o-satelite-monitorado-e-operado-pelo-pais-em-2020","status":"publish","type":"post","link":"https:\/\/www.institutodeengenharia.org.br\/site\/2019\/11\/04\/brasil-vai-lancar-1o-satelite-monitorado-e-operado-pelo-pais-em-2020\/","title":{"rendered":"Brasil vai lan\u00e7ar 1\u00ba sat\u00e9lite monitorado e operado pelo pa\u00eds em 2020"},"content":{"rendered":"<p>O tema desta\u00a0segundfeira\u00a0(04) no\u00a0<strong>Brasil Rural<\/strong>\u00a0\u00e9 o<strong>\u00a0monitoramento das florestas<\/strong><strong>por sat\u00e9lite<\/strong>. O programa entrevistou\u00a0<strong>Ademilson Roberto da Silva,<\/strong>gerente do projeto<strong>\u00a0Sat\u00e9lite Amaz\u00f4nia-1<\/strong>,<strong>\u00a0<\/strong>primeiro sat\u00e9lite de observa\u00e7\u00e3o da terra\u00a0projetado, integrado e operado pelo Brasil, que\u00a0est\u00e1<b>\u00a0<\/b>vinculado ao<strong>\u00a0<\/strong>Instituto Nacional de Pesquisas Espaciais (<a href=\"http:\/\/www.inpe.br\/\" target=\"_blank\" rel=\"noopener\">INPE<\/a>).<\/p>\n<p>Ou\u00e7a no\u00a0<em>player<\/em>\u00a0abaixo:<\/p>\n<audio class=\"wp-audio-shortcode\" id=\"audio-56791-1\" preload=\"none\" style=\"width: 100%;\" controls=\"controls\"><source type=\"audio\/mpeg\" src=\"https:\/\/www.institutodeengenharia.org.br\/site\/wp-content\/uploads\/2019\/11\/625a1bc91f073ab8c751a5c825ac0e11.mp3?_=1\" \/><a href=\"https:\/\/www.institutodeengenharia.org.br\/site\/wp-content\/uploads\/2019\/11\/625a1bc91f073ab8c751a5c825ac0e11.mp3\">https:\/\/www.institutodeengenharia.org.br\/site\/wp-content\/uploads\/2019\/11\/625a1bc91f073ab8c751a5c825ac0e11.mp3<\/a><\/audio>\n<p>&nbsp;<\/p>\n<p>Ele falou sobre a evolu\u00e7\u00e3o da resolu\u00e7\u00e3o das imagens. De acordo com Ademilson,\u00a0n\u00e3o basta somente ter a resolu\u00e7\u00e3o geom\u00e9trica. \u00c9 preciso apresentar qualidade radiom\u00e9trica da imagem.<\/p>\n<p>O projeto Sat\u00e9lite Amaz\u00f4nia tem o objetivo de fornecer dados para o monitoramento de floresta,\u00a0costeiro, reservat\u00f3rio de \u00e1gua etc.<\/p>\n<p>O sat\u00e9lite Amaz\u00f4nia 1 ser\u00e1 lan\u00e7ado em 2020.<\/p>\n<p>&nbsp;<\/p>\n<blockquote>\n<h3 class=\"rtecenter\" style=\"text-align: center;\">&#8220;\u00c9 um sat\u00e9lite de cobertura global&#8221;, acrescentou.<\/h3>\n<\/blockquote>\n<p>&nbsp;<\/p>\n<p>O<strong>\u00a0<\/strong><a href=\"http:\/\/radios.ebc.com.br\/brasil-rural\/\" target=\"_blank\" rel=\"noopener\">Brasil Rural<\/a>\u00a0vai ao ar\u00a0de segunda a sexta-feira, \u00e0s 5h, pelas r\u00e1dios\u00a0<a href=\"http:\/\/radios.ebc.com.br\/nacionalbrasiliaam\" target=\"_blank\" rel=\"noopener\">Nacional AM Bras\u00edlia<\/a>\u00a0e\u00a0<a href=\"http:\/\/radios.ebc.com.br\/nacionalrioam\" target=\"_blank\" rel=\"noopener\">Nacional AM Rio<\/a>; s\u00e1bado, \u00e0s 5h, pela\u00a0<a href=\"http:\/\/radios.ebc.com.br\/nacionalaltosolimoes\" target=\"_blank\" rel=\"noopener\">R\u00e1dio\u00a0Nacional do Alto Solim\u00f5es\u00a0<\/a>e, \u00e0s 7h, pelas r\u00e1dios\u00a0<a href=\"http:\/\/radios.ebc.com.br\/nacionalbrasiliaam\" target=\"_blank\" rel=\"noopener\">Nacional AM Bras\u00edlia<\/a>\u00a0e\u00a0<a href=\"http:\/\/radios.ebc.com.br\/nacionalamazonia\" target=\"_blank\" rel=\"noopener\">Nacional da Amaz\u00f4nia<\/a>.<\/p>\n<p>&nbsp;<\/p>\n<p><em>Fonte <a href=\"http:\/\/radios.ebc.com.br\/brasil-rural\/2019\/11\/1o-satelite-monitorado-e-operado-pelo-brasil-sera-lancado-em-2020\" target=\"_blank\" rel=\"noopener\">Ag\u00eancia Brasil<\/a><\/em><\/p>\n","protected":false},"excerpt":{"rendered":"<p>O tema desta\u00a0segundfeira\u00a0(04) no\u00a0Brasil Rural\u00a0\u00e9 o\u00a0monitoramento das florestaspor sat\u00e9lite. O programa entrevistou\u00a0Ademilson Roberto da Silva,gerente do projeto\u00a0Sat\u00e9lite Amaz\u00f4nia-1,\u00a0primeiro sat\u00e9lite de observa\u00e7\u00e3o da terra\u00a0projetado, integrado e operado pelo Brasil, que\u00a0est\u00e1\u00a0vinculado ao\u00a0Instituto Nacional de Pesquisas Espaciais (INPE). Ou\u00e7a no\u00a0player\u00a0abaixo: &nbsp; Ele falou sobre a evolu\u00e7\u00e3o da resolu\u00e7\u00e3o das imagens. De acordo com Ademilson,\u00a0n\u00e3o basta somente ter a [&hellip;]<\/p>\n","protected":false},"author":13,"featured_media":56793,"comment_status":"open","ping_status":"open","sticky":false,"template":"","format":"standard","meta":{"footnotes":""},"categories":[35,40],"tags":[201],"class_list":{"0":"post-56791","1":"post","2":"type-post","3":"status-publish","4":"format-standard","5":"has-post-thumbnail","7":"category-pesquisa-e-desenvolvimento","8":"category-tecnologia","9":"tag-destaque-topo"},"yoast_head":"<!-- This site is optimized with the Yoast SEO plugin v27.2 - https:\/\/yoast.com\/product\/yoast-seo-wordpress\/ -->\n<title>Brasil vai lan\u00e7ar 1\u00ba sat\u00e9lite monitorado e operado pelo pa\u00eds em 2020 - Instituto de Engenharia<\/title>\n<meta name=\"robots\" content=\"index, follow, max-snippet:-1, max-image-preview:large, max-video-preview:-1\" \/>\n<link rel=\"canonical\" href=\"https:\/\/www.institutodeengenharia.org.br\/site\/2019\/11\/04\/brasil-vai-lancar-1o-satelite-monitorado-e-operado-pelo-pais-em-2020\/\" \/>\n<meta property=\"og:locale\" content=\"pt_BR\" \/>\n<meta property=\"og:type\" content=\"article\" \/>\n<meta property=\"og:title\" content=\"Brasil vai lan\u00e7ar 1\u00ba sat\u00e9lite monitorado e operado pelo pa\u00eds em 2020 - Instituto de Engenharia\" \/>\n<meta property=\"og:description\" content=\"O tema desta\u00a0segundfeira\u00a0(04) no\u00a0Brasil Rural\u00a0\u00e9 o\u00a0monitoramento das florestaspor sat\u00e9lite. O programa entrevistou\u00a0Ademilson Roberto da Silva,gerente do projeto\u00a0Sat\u00e9lite Amaz\u00f4nia-1,\u00a0primeiro sat\u00e9lite de observa\u00e7\u00e3o da terra\u00a0projetado, integrado e operado pelo Brasil, que\u00a0est\u00e1\u00a0vinculado ao\u00a0Instituto Nacional de Pesquisas Espaciais (INPE). Ou\u00e7a no\u00a0player\u00a0abaixo: &nbsp; Ele falou sobre a evolu\u00e7\u00e3o da resolu\u00e7\u00e3o das imagens. De acordo com Ademilson,\u00a0n\u00e3o basta somente ter a [&hellip;]\" \/>\n<meta property=\"og:url\" content=\"https:\/\/www.institutodeengenharia.org.br\/site\/2019\/11\/04\/brasil-vai-lancar-1o-satelite-monitorado-e-operado-pelo-pais-em-2020\/\" \/>\n<meta property=\"og:site_name\" content=\"Instituto de Engenharia\" \/>\n<meta property=\"article:publisher\" content=\"https:\/\/www.facebook.com\/institutodeengenharia\" \/>\n<meta property=\"article:published_time\" content=\"2019-11-04T15:28:28+00:00\" \/>\n<meta property=\"article:modified_time\" content=\"2019-11-04T16:35:03+00:00\" \/>\n<meta property=\"og:image\" content=\"https:\/\/www.institutodeengenharia.org.br\/site\/wp-content\/uploads\/2019\/11\/satellite-1030782_1920.jpg\" \/>\n\t<meta property=\"og:image:width\" content=\"1920\" \/>\n\t<meta property=\"og:image:height\" content=\"1280\" \/>\n\t<meta property=\"og:image:type\" content=\"image\/jpeg\" \/>\n<meta name=\"author\" content=\"Bianca\" \/>\n<meta name=\"twitter:card\" content=\"summary_large_image\" \/>\n<meta name=\"twitter:creator\" content=\"@iengenharia\" \/>\n<meta name=\"twitter:site\" content=\"@iengenharia\" \/>\n<meta name=\"twitter:label1\" content=\"Escrito por\" \/>\n\t<meta name=\"twitter:data1\" content=\"Bianca\" \/>\n\t<meta name=\"twitter:label2\" content=\"Est. tempo de leitura\" \/>\n\t<meta name=\"twitter:data2\" content=\"1 minuto\" \/>\n<script type=\"application\/ld+json\" class=\"yoast-schema-graph\">{\"@context\":\"https:\/\/schema.org\",\"@graph\":[{\"@type\":\"Article\",\"@id\":\"https:\/\/www.institutodeengenharia.org.br\/site\/2019\/11\/04\/brasil-vai-lancar-1o-satelite-monitorado-e-operado-pelo-pais-em-2020\/#article\",\"isPartOf\":{\"@id\":\"https:\/\/www.institutodeengenharia.org.br\/site\/2019\/11\/04\/brasil-vai-lancar-1o-satelite-monitorado-e-operado-pelo-pais-em-2020\/\"},\"author\":{\"name\":\"Bianca\",\"@id\":\"https:\/\/www.institutodeengenharia.org.br\/site\/#\/schema\/person\/aeb64951c405e100d26d30b033dd423f\"},\"headline\":\"Brasil vai lan\u00e7ar 1\u00ba sat\u00e9lite monitorado e operado pelo pa\u00eds em 2020\",\"datePublished\":\"2019-11-04T15:28:28+00:00\",\"dateModified\":\"2019-11-04T16:35:03+00:00\",\"mainEntityOfPage\":{\"@id\":\"https:\/\/www.institutodeengenharia.org.br\/site\/2019\/11\/04\/brasil-vai-lancar-1o-satelite-monitorado-e-operado-pelo-pais-em-2020\/\"},\"wordCount\":220,\"commentCount\":0,\"publisher\":{\"@id\":\"https:\/\/www.institutodeengenharia.org.br\/site\/#organization\"},\"image\":{\"@id\":\"https:\/\/www.institutodeengenharia.org.br\/site\/2019\/11\/04\/brasil-vai-lancar-1o-satelite-monitorado-e-operado-pelo-pais-em-2020\/#primaryimage\"},\"thumbnailUrl\":\"https:\/\/www.institutodeengenharia.org.br\/site\/wp-content\/uploads\/2019\/11\/satellite-1030782_1920.jpg\",\"keywords\":[\"Destaque Topo\"],\"articleSection\":[\"Pesquisa e Desenvolvimento\",\"Tecnologia\"],\"inLanguage\":\"pt-BR\",\"potentialAction\":[{\"@type\":\"CommentAction\",\"name\":\"Comment\",\"target\":[\"https:\/\/www.institutodeengenharia.org.br\/site\/2019\/11\/04\/brasil-vai-lancar-1o-satelite-monitorado-e-operado-pelo-pais-em-2020\/#respond\"]}]},{\"@type\":\"WebPage\",\"@id\":\"https:\/\/www.institutodeengenharia.org.br\/site\/2019\/11\/04\/brasil-vai-lancar-1o-satelite-monitorado-e-operado-pelo-pais-em-2020\/\",\"url\":\"https:\/\/www.institutodeengenharia.org.br\/site\/2019\/11\/04\/brasil-vai-lancar-1o-satelite-monitorado-e-operado-pelo-pais-em-2020\/\",\"name\":\"Brasil vai lan\u00e7ar 1\u00ba sat\u00e9lite monitorado e operado pelo pa\u00eds em 2020 - Instituto de Engenharia\",\"isPartOf\":{\"@id\":\"https:\/\/www.institutodeengenharia.org.br\/site\/#website\"},\"primaryImageOfPage\":{\"@id\":\"https:\/\/www.institutodeengenharia.org.br\/site\/2019\/11\/04\/brasil-vai-lancar-1o-satelite-monitorado-e-operado-pelo-pais-em-2020\/#primaryimage\"},\"image\":{\"@id\":\"https:\/\/www.institutodeengenharia.org.br\/site\/2019\/11\/04\/brasil-vai-lancar-1o-satelite-monitorado-e-operado-pelo-pais-em-2020\/#primaryimage\"},\"thumbnailUrl\":\"https:\/\/www.institutodeengenharia.org.br\/site\/wp-content\/uploads\/2019\/11\/satellite-1030782_1920.jpg\",\"datePublished\":\"2019-11-04T15:28:28+00:00\",\"dateModified\":\"2019-11-04T16:35:03+00:00\",\"breadcrumb\":{\"@id\":\"https:\/\/www.institutodeengenharia.org.br\/site\/2019\/11\/04\/brasil-vai-lancar-1o-satelite-monitorado-e-operado-pelo-pais-em-2020\/#breadcrumb\"},\"inLanguage\":\"pt-BR\",\"potentialAction\":[{\"@type\":\"ReadAction\",\"target\":[\"https:\/\/www.institutodeengenharia.org.br\/site\/2019\/11\/04\/brasil-vai-lancar-1o-satelite-monitorado-e-operado-pelo-pais-em-2020\/\"]}]},{\"@type\":\"ImageObject\",\"inLanguage\":\"pt-BR\",\"@id\":\"https:\/\/www.institutodeengenharia.org.br\/site\/2019\/11\/04\/brasil-vai-lancar-1o-satelite-monitorado-e-operado-pelo-pais-em-2020\/#primaryimage\",\"url\":\"https:\/\/www.institutodeengenharia.org.br\/site\/wp-content\/uploads\/2019\/11\/satellite-1030782_1920.jpg\",\"contentUrl\":\"https:\/\/www.institutodeengenharia.org.br\/site\/wp-content\/uploads\/2019\/11\/satellite-1030782_1920.jpg\",\"width\":1920,\"height\":1280,\"caption\":\"Foto: Pixabay\"},{\"@type\":\"BreadcrumbList\",\"@id\":\"https:\/\/www.institutodeengenharia.org.br\/site\/2019\/11\/04\/brasil-vai-lancar-1o-satelite-monitorado-e-operado-pelo-pais-em-2020\/#breadcrumb\",\"itemListElement\":[{\"@type\":\"ListItem\",\"position\":1,\"name\":\"In\u00edcio\",\"item\":\"https:\/\/www.institutodeengenharia.org.br\/site\/\"},{\"@type\":\"ListItem\",\"position\":2,\"name\":\"Brasil vai lan\u00e7ar 1\u00ba sat\u00e9lite monitorado e operado pelo pa\u00eds em 2020\"}]},{\"@type\":\"WebSite\",\"@id\":\"https:\/\/www.institutodeengenharia.org.br\/site\/#website\",\"url\":\"https:\/\/www.institutodeengenharia.org.br\/site\/\",\"name\":\"Instituto de Engenharia\",\"description\":\"O Instituto de Engenharia promove a Engenharia em benef\u00edcio do desenvolvimento e da qualidade de vida da sociedade.\",\"publisher\":{\"@id\":\"https:\/\/www.institutodeengenharia.org.br\/site\/#organization\"},\"potentialAction\":[{\"@type\":\"SearchAction\",\"target\":{\"@type\":\"EntryPoint\",\"urlTemplate\":\"https:\/\/www.institutodeengenharia.org.br\/site\/?s={search_term_string}\"},\"query-input\":{\"@type\":\"PropertyValueSpecification\",\"valueRequired\":true,\"valueName\":\"search_term_string\"}}],\"inLanguage\":\"pt-BR\"},{\"@type\":\"Organization\",\"@id\":\"https:\/\/www.institutodeengenharia.org.br\/site\/#organization\",\"name\":\"Instituto de Engenharia\",\"url\":\"https:\/\/www.institutodeengenharia.org.br\/site\/\",\"logo\":{\"@type\":\"ImageObject\",\"inLanguage\":\"pt-BR\",\"@id\":\"https:\/\/www.institutodeengenharia.org.br\/site\/#\/schema\/logo\/image\/\",\"url\":\"https:\/\/www.institutodeengenharia.org.br\/site\/wp-content\/uploads\/2019\/03\/logo-novo-IE2018-1.jpg\",\"contentUrl\":\"https:\/\/www.institutodeengenharia.org.br\/site\/wp-content\/uploads\/2019\/03\/logo-novo-IE2018-1.jpg\",\"width\":1486,\"height\":1879,\"caption\":\"Instituto de Engenharia\"},\"image\":{\"@id\":\"https:\/\/www.institutodeengenharia.org.br\/site\/#\/schema\/logo\/image\/\"},\"sameAs\":[\"https:\/\/www.facebook.com\/institutodeengenharia\",\"https:\/\/x.com\/iengenharia\",\"https:\/\/www.instagram.com\/institutodeengenharia\/\",\"https:\/\/www.linkedin.com\/company\/instituto-de-engenharia\/\",\"https:\/\/www.youtube.com\/channel\/UCXiCAlsSMe977vamW915HxA\"]},{\"@type\":\"Person\",\"@id\":\"https:\/\/www.institutodeengenharia.org.br\/site\/#\/schema\/person\/aeb64951c405e100d26d30b033dd423f\",\"name\":\"Bianca\",\"image\":{\"@type\":\"ImageObject\",\"inLanguage\":\"pt-BR\",\"@id\":\"https:\/\/secure.gravatar.com\/avatar\/a6fbe9bff57405baf4c1e2c5c1811e072b558253974a9f9508f4678900c97c2a?s=96&d=mm&r=g\",\"url\":\"https:\/\/secure.gravatar.com\/avatar\/a6fbe9bff57405baf4c1e2c5c1811e072b558253974a9f9508f4678900c97c2a?s=96&d=mm&r=g\",\"contentUrl\":\"https:\/\/secure.gravatar.com\/avatar\/a6fbe9bff57405baf4c1e2c5c1811e072b558253974a9f9508f4678900c97c2a?s=96&d=mm&r=g\",\"caption\":\"Bianca\"},\"url\":\"https:\/\/www.institutodeengenharia.org.br\/site\/author\/comunicacao1\/\"}]}<\/script>\n<!-- \/ Yoast SEO plugin. -->","yoast_head_json":{"title":"Brasil vai lan\u00e7ar 1\u00ba sat\u00e9lite monitorado e operado pelo pa\u00eds em 2020 - Instituto de Engenharia","robots":{"index":"index","follow":"follow","max-snippet":"max-snippet:-1","max-image-preview":"max-image-preview:large","max-video-preview":"max-video-preview:-1"},"canonical":"https:\/\/www.institutodeengenharia.org.br\/site\/2019\/11\/04\/brasil-vai-lancar-1o-satelite-monitorado-e-operado-pelo-pais-em-2020\/","og_locale":"pt_BR","og_type":"article","og_title":"Brasil vai lan\u00e7ar 1\u00ba sat\u00e9lite monitorado e operado pelo pa\u00eds em 2020 - Instituto de Engenharia","og_description":"O tema desta\u00a0segundfeira\u00a0(04) no\u00a0Brasil Rural\u00a0\u00e9 o\u00a0monitoramento das florestaspor sat\u00e9lite. O programa entrevistou\u00a0Ademilson Roberto da Silva,gerente do projeto\u00a0Sat\u00e9lite Amaz\u00f4nia-1,\u00a0primeiro sat\u00e9lite de observa\u00e7\u00e3o da terra\u00a0projetado, integrado e operado pelo Brasil, que\u00a0est\u00e1\u00a0vinculado ao\u00a0Instituto Nacional de Pesquisas Espaciais (INPE). Ou\u00e7a no\u00a0player\u00a0abaixo: &nbsp; Ele falou sobre a evolu\u00e7\u00e3o da resolu\u00e7\u00e3o das imagens. De acordo com Ademilson,\u00a0n\u00e3o basta somente ter a [&hellip;]","og_url":"https:\/\/www.institutodeengenharia.org.br\/site\/2019\/11\/04\/brasil-vai-lancar-1o-satelite-monitorado-e-operado-pelo-pais-em-2020\/","og_site_name":"Instituto de Engenharia","article_publisher":"https:\/\/www.facebook.com\/institutodeengenharia","article_published_time":"2019-11-04T15:28:28+00:00","article_modified_time":"2019-11-04T16:35:03+00:00","og_image":[{"width":1920,"height":1280,"url":"https:\/\/www.institutodeengenharia.org.br\/site\/wp-content\/uploads\/2019\/11\/satellite-1030782_1920.jpg","type":"image\/jpeg"}],"author":"Bianca","twitter_card":"summary_large_image","twitter_creator":"@iengenharia","twitter_site":"@iengenharia","twitter_misc":{"Escrito por":"Bianca","Est. tempo de leitura":"1 minuto"},"schema":{"@context":"https:\/\/schema.org","@graph":[{"@type":"Article","@id":"https:\/\/www.institutodeengenharia.org.br\/site\/2019\/11\/04\/brasil-vai-lancar-1o-satelite-monitorado-e-operado-pelo-pais-em-2020\/#article","isPartOf":{"@id":"https:\/\/www.institutodeengenharia.org.br\/site\/2019\/11\/04\/brasil-vai-lancar-1o-satelite-monitorado-e-operado-pelo-pais-em-2020\/"},"author":{"name":"Bianca","@id":"https:\/\/www.institutodeengenharia.org.br\/site\/#\/schema\/person\/aeb64951c405e100d26d30b033dd423f"},"headline":"Brasil vai lan\u00e7ar 1\u00ba sat\u00e9lite monitorado e operado pelo pa\u00eds em 2020","datePublished":"2019-11-04T15:28:28+00:00","dateModified":"2019-11-04T16:35:03+00:00","mainEntityOfPage":{"@id":"https:\/\/www.institutodeengenharia.org.br\/site\/2019\/11\/04\/brasil-vai-lancar-1o-satelite-monitorado-e-operado-pelo-pais-em-2020\/"},"wordCount":220,"commentCount":0,"publisher":{"@id":"https:\/\/www.institutodeengenharia.org.br\/site\/#organization"},"image":{"@id":"https:\/\/www.institutodeengenharia.org.br\/site\/2019\/11\/04\/brasil-vai-lancar-1o-satelite-monitorado-e-operado-pelo-pais-em-2020\/#primaryimage"},"thumbnailUrl":"https:\/\/www.institutodeengenharia.org.br\/site\/wp-content\/uploads\/2019\/11\/satellite-1030782_1920.jpg","keywords":["Destaque Topo"],"articleSection":["Pesquisa e Desenvolvimento","Tecnologia"],"inLanguage":"pt-BR","potentialAction":[{"@type":"CommentAction","name":"Comment","target":["https:\/\/www.institutodeengenharia.org.br\/site\/2019\/11\/04\/brasil-vai-lancar-1o-satelite-monitorado-e-operado-pelo-pais-em-2020\/#respond"]}]},{"@type":"WebPage","@id":"https:\/\/www.institutodeengenharia.org.br\/site\/2019\/11\/04\/brasil-vai-lancar-1o-satelite-monitorado-e-operado-pelo-pais-em-2020\/","url":"https:\/\/www.institutodeengenharia.org.br\/site\/2019\/11\/04\/brasil-vai-lancar-1o-satelite-monitorado-e-operado-pelo-pais-em-2020\/","name":"Brasil vai lan\u00e7ar 1\u00ba sat\u00e9lite monitorado e operado pelo pa\u00eds em 2020 - Instituto de Engenharia","isPartOf":{"@id":"https:\/\/www.institutodeengenharia.org.br\/site\/#website"},"primaryImageOfPage":{"@id":"https:\/\/www.institutodeengenharia.org.br\/site\/2019\/11\/04\/brasil-vai-lancar-1o-satelite-monitorado-e-operado-pelo-pais-em-2020\/#primaryimage"},"image":{"@id":"https:\/\/www.institutodeengenharia.org.br\/site\/2019\/11\/04\/brasil-vai-lancar-1o-satelite-monitorado-e-operado-pelo-pais-em-2020\/#primaryimage"},"thumbnailUrl":"https:\/\/www.institutodeengenharia.org.br\/site\/wp-content\/uploads\/2019\/11\/satellite-1030782_1920.jpg","datePublished":"2019-11-04T15:28:28+00:00","dateModified":"2019-11-04T16:35:03+00:00","breadcrumb":{"@id":"https:\/\/www.institutodeengenharia.org.br\/site\/2019\/11\/04\/brasil-vai-lancar-1o-satelite-monitorado-e-operado-pelo-pais-em-2020\/#breadcrumb"},"inLanguage":"pt-BR","potentialAction":[{"@type":"ReadAction","target":["https:\/\/www.institutodeengenharia.org.br\/site\/2019\/11\/04\/brasil-vai-lancar-1o-satelite-monitorado-e-operado-pelo-pais-em-2020\/"]}]},{"@type":"ImageObject","inLanguage":"pt-BR","@id":"https:\/\/www.institutodeengenharia.org.br\/site\/2019\/11\/04\/brasil-vai-lancar-1o-satelite-monitorado-e-operado-pelo-pais-em-2020\/#primaryimage","url":"https:\/\/www.institutodeengenharia.org.br\/site\/wp-content\/uploads\/2019\/11\/satellite-1030782_1920.jpg","contentUrl":"https:\/\/www.institutodeengenharia.org.br\/site\/wp-content\/uploads\/2019\/11\/satellite-1030782_1920.jpg","width":1920,"height":1280,"caption":"Foto: Pixabay"},{"@type":"BreadcrumbList","@id":"https:\/\/www.institutodeengenharia.org.br\/site\/2019\/11\/04\/brasil-vai-lancar-1o-satelite-monitorado-e-operado-pelo-pais-em-2020\/#breadcrumb","itemListElement":[{"@type":"ListItem","position":1,"name":"In\u00edcio","item":"https:\/\/www.institutodeengenharia.org.br\/site\/"},{"@type":"ListItem","position":2,"name":"Brasil vai lan\u00e7ar 1\u00ba sat\u00e9lite monitorado e operado pelo pa\u00eds em 2020"}]},{"@type":"WebSite","@id":"https:\/\/www.institutodeengenharia.org.br\/site\/#website","url":"https:\/\/www.institutodeengenharia.org.br\/site\/","name":"Instituto de Engenharia","description":"O Instituto de Engenharia promove a Engenharia em benef\u00edcio do desenvolvimento e da qualidade de vida da sociedade.","publisher":{"@id":"https:\/\/www.institutodeengenharia.org.br\/site\/#organization"},"potentialAction":[{"@type":"SearchAction","target":{"@type":"EntryPoint","urlTemplate":"https:\/\/www.institutodeengenharia.org.br\/site\/?s={search_term_string}"},"query-input":{"@type":"PropertyValueSpecification","valueRequired":true,"valueName":"search_term_string"}}],"inLanguage":"pt-BR"},{"@type":"Organization","@id":"https:\/\/www.institutodeengenharia.org.br\/site\/#organization","name":"Instituto de Engenharia","url":"https:\/\/www.institutodeengenharia.org.br\/site\/","logo":{"@type":"ImageObject","inLanguage":"pt-BR","@id":"https:\/\/www.institutodeengenharia.org.br\/site\/#\/schema\/logo\/image\/","url":"https:\/\/www.institutodeengenharia.org.br\/site\/wp-content\/uploads\/2019\/03\/logo-novo-IE2018-1.jpg","contentUrl":"https:\/\/www.institutodeengenharia.org.br\/site\/wp-content\/uploads\/2019\/03\/logo-novo-IE2018-1.jpg","width":1486,"height":1879,"caption":"Instituto de Engenharia"},"image":{"@id":"https:\/\/www.institutodeengenharia.org.br\/site\/#\/schema\/logo\/image\/"},"sameAs":["https:\/\/www.facebook.com\/institutodeengenharia","https:\/\/x.com\/iengenharia","https:\/\/www.instagram.com\/institutodeengenharia\/","https:\/\/www.linkedin.com\/company\/instituto-de-engenharia\/","https:\/\/www.youtube.com\/channel\/UCXiCAlsSMe977vamW915HxA"]},{"@type":"Person","@id":"https:\/\/www.institutodeengenharia.org.br\/site\/#\/schema\/person\/aeb64951c405e100d26d30b033dd423f","name":"Bianca","image":{"@type":"ImageObject","inLanguage":"pt-BR","@id":"https:\/\/secure.gravatar.com\/avatar\/a6fbe9bff57405baf4c1e2c5c1811e072b558253974a9f9508f4678900c97c2a?s=96&d=mm&r=g","url":"https:\/\/secure.gravatar.com\/avatar\/a6fbe9bff57405baf4c1e2c5c1811e072b558253974a9f9508f4678900c97c2a?s=96&d=mm&r=g","contentUrl":"https:\/\/secure.gravatar.com\/avatar\/a6fbe9bff57405baf4c1e2c5c1811e072b558253974a9f9508f4678900c97c2a?s=96&d=mm&r=g","caption":"Bianca"},"url":"https:\/\/www.institutodeengenharia.org.br\/site\/author\/comunicacao1\/"}]}},"_links":{"self":[{"href":"https:\/\/www.institutodeengenharia.org.br\/site\/wp-json\/wp\/v2\/posts\/56791","targetHints":{"allow":["GET"]}}],"collection":[{"href":"https:\/\/www.institutodeengenharia.org.br\/site\/wp-json\/wp\/v2\/posts"}],"about":[{"href":"https:\/\/www.institutodeengenharia.org.br\/site\/wp-json\/wp\/v2\/types\/post"}],"author":[{"embeddable":true,"href":"https:\/\/www.institutodeengenharia.org.br\/site\/wp-json\/wp\/v2\/users\/13"}],"replies":[{"embeddable":true,"href":"https:\/\/www.institutodeengenharia.org.br\/site\/wp-json\/wp\/v2\/comments?post=56791"}],"version-history":[{"count":1,"href":"https:\/\/www.institutodeengenharia.org.br\/site\/wp-json\/wp\/v2\/posts\/56791\/revisions"}],"predecessor-version":[{"id":56794,"href":"https:\/\/www.institutodeengenharia.org.br\/site\/wp-json\/wp\/v2\/posts\/56791\/revisions\/56794"}],"wp:featuredmedia":[{"embeddable":true,"href":"https:\/\/www.institutodeengenharia.org.br\/site\/wp-json\/wp\/v2\/media\/56793"}],"wp:attachment":[{"href":"https:\/\/www.institutodeengenharia.org.br\/site\/wp-json\/wp\/v2\/media?parent=56791"}],"wp:term":[{"taxonomy":"category","embeddable":true,"href":"https:\/\/www.institutodeengenharia.org.br\/site\/wp-json\/wp\/v2\/categories?post=56791"},{"taxonomy":"post_tag","embeddable":true,"href":"https:\/\/www.institutodeengenharia.org.br\/site\/wp-json\/wp\/v2\/tags?post=56791"}],"curies":[{"name":"wp","href":"https:\/\/api.w.org\/{rel}","templated":true}]}}