{"id":56777,"date":"2019-10-28T15:46:45","date_gmt":"2019-10-28T18:46:45","guid":{"rendered":"https:\/\/www.institutodeengenharia.org.br\/site\/?p=56777"},"modified":"2019-11-01T15:48:33","modified_gmt":"2019-11-01T18:48:33","slug":"dia-de-mentoria-acelerando-carreiras","status":"publish","type":"post","link":"https:\/\/www.institutodeengenharia.org.br\/site\/2019\/10\/28\/dia-de-mentoria-acelerando-carreiras\/","title":{"rendered":"Dia de Mentoria &#8211; Acelerando Carreiras"},"content":{"rendered":"<p><strong>Assista abaixo \u00e0 \u00edntegra:<\/strong><\/p>\n<p><iframe loading=\"lazy\" src=\"https:\/\/player.vimeo.com\/video\/370368235\" width=\"640\" height=\"359\" frameborder=\"0\" allowfullscreen=\"allowfullscreen\"><\/iframe><\/p>\n<p>&nbsp;<\/p>\n<p><strong>Mentor:<\/strong><\/p>\n<p><strong>Luiz Fernando Portella<\/strong>\u00a0\u00e9 engenheiro Mec\u00e2nico Automobil\u00edstico, FEI, p\u00f3s-graduado em Administra\u00e7\u00e3o de Empresas, FGV; Marketing Industrial, Mau\u00e1, e An\u00e1lise de Sistemas, pela LTD \u2013 Datamec. Curso de extens\u00e3o: Advanced Marketing Planing (GE-Camp). Iniciou carreira na Esso Brasileira de Petr\u00f3leo, como engenheiro de Vendas. Foi gerente de Servi\u00e7os pr\u00e9\/p\u00f3s-vendas na M\u00e1quinas Piratininga; diretor para AL na Alfa Laval Sueca e gerente Geral na GE na \u00e1rea de New Bussiness Development (transportes). \u00c9 s\u00f3cio da NBO Participa\u00e7\u00f5es &amp; Servi\u00e7os Ltda. Foi um dos fundadores da Divis\u00e3o de Marketing\/IE, coordenador da Divis\u00e3o, membro do Conselho Consultivo e Administra\u00e7\u00e3o, por cinco anos, na gest\u00e3o do presidente eng. Ma\u00e7ahico Tisaka. \u00c9 membro da UITP \u2013 Uni\u00e3o Internacional de Transportes P\u00fablicos; da NTU \u2013 Associa\u00e7\u00e3o Nacional de Empresas de Transportes Urbanos; conselheiro T\u00e9cnico Estrat\u00e9gico no CMT (Cons\u00f3rcio Metropolitano de Transportes) e Researcher (GA-ESI-USP) no desenvolvimento de tecnologias em ITS e Bilhetagem aplicadas no transporte p\u00fablico e planejamento de mobilidade urbana. Atualmente, \u00e9 coordenador do Programa Mentoria a Servi\u00e7o da Engenharia, do IE.<\/p>\n","protected":false},"excerpt":{"rendered":"<p>Assista abaixo \u00e0 \u00edntegra: &nbsp; Mentor: Luiz Fernando Portella\u00a0\u00e9 engenheiro Mec\u00e2nico Automobil\u00edstico, FEI, p\u00f3s-graduado em Administra\u00e7\u00e3o de Empresas, FGV; Marketing Industrial, Mau\u00e1, e An\u00e1lise de Sistemas, pela LTD \u2013 Datamec. Curso de extens\u00e3o: Advanced Marketing Planing (GE-Camp). Iniciou carreira na Esso Brasileira de Petr\u00f3leo, como engenheiro de Vendas. Foi gerente de Servi\u00e7os pr\u00e9\/p\u00f3s-vendas na M\u00e1quinas [&hellip;]<\/p>\n","protected":false},"author":13,"featured_media":44037,"comment_status":"open","ping_status":"open","sticky":false,"template":"","format":"standard","meta":{"footnotes":""},"categories":[968,969],"tags":[],"class_list":{"0":"post-56777","1":"post","2":"type-post","3":"status-publish","4":"format-standard","5":"has-post-thumbnail","7":"category-nova-tv-engenharia","8":"category-palestra"},"yoast_head":"<!-- This site is optimized with the Yoast SEO plugin v27.2 - https:\/\/yoast.com\/product\/yoast-seo-wordpress\/ -->\n<title>Dia de Mentoria - Acelerando Carreiras - Instituto de Engenharia<\/title>\n<meta name=\"robots\" content=\"index, follow, max-snippet:-1, max-image-preview:large, max-video-preview:-1\" \/>\n<link rel=\"canonical\" href=\"https:\/\/www.institutodeengenharia.org.br\/site\/2019\/10\/28\/dia-de-mentoria-acelerando-carreiras\/\" \/>\n<meta property=\"og:locale\" content=\"pt_BR\" \/>\n<meta property=\"og:type\" content=\"article\" \/>\n<meta property=\"og:title\" content=\"Dia de Mentoria - Acelerando Carreiras - Instituto de Engenharia\" \/>\n<meta property=\"og:description\" content=\"Assista abaixo \u00e0 \u00edntegra: &nbsp; Mentor: Luiz Fernando Portella\u00a0\u00e9 engenheiro Mec\u00e2nico Automobil\u00edstico, FEI, p\u00f3s-graduado em Administra\u00e7\u00e3o de Empresas, FGV; Marketing Industrial, Mau\u00e1, e An\u00e1lise de Sistemas, pela LTD \u2013 Datamec. Curso de extens\u00e3o: Advanced Marketing Planing (GE-Camp). Iniciou carreira na Esso Brasileira de Petr\u00f3leo, como engenheiro de Vendas. Foi gerente de Servi\u00e7os pr\u00e9\/p\u00f3s-vendas na M\u00e1quinas [&hellip;]\" \/>\n<meta property=\"og:url\" content=\"https:\/\/www.institutodeengenharia.org.br\/site\/2019\/10\/28\/dia-de-mentoria-acelerando-carreiras\/\" \/>\n<meta property=\"og:site_name\" content=\"Instituto de Engenharia\" \/>\n<meta property=\"article:publisher\" content=\"https:\/\/www.facebook.com\/institutodeengenharia\" \/>\n<meta property=\"article:published_time\" content=\"2019-10-28T18:46:45+00:00\" \/>\n<meta property=\"article:modified_time\" content=\"2019-11-01T18:48:33+00:00\" \/>\n<meta property=\"og:image\" content=\"https:\/\/www.institutodeengenharia.org.br\/site\/wp-content\/uploads\/2019\/09\/Planejamento-Estrategico-Jornal140.jpg\" \/>\n\t<meta property=\"og:image:width\" content=\"948\" \/>\n\t<meta property=\"og:image:height\" content=\"720\" \/>\n\t<meta property=\"og:image:type\" content=\"image\/jpeg\" \/>\n<meta name=\"author\" content=\"Bianca\" \/>\n<meta name=\"twitter:card\" content=\"summary_large_image\" \/>\n<meta name=\"twitter:creator\" content=\"@iengenharia\" \/>\n<meta name=\"twitter:site\" content=\"@iengenharia\" \/>\n<meta name=\"twitter:label1\" content=\"Escrito por\" \/>\n\t<meta name=\"twitter:data1\" content=\"Bianca\" \/>\n\t<meta name=\"twitter:label2\" content=\"Est. tempo de leitura\" \/>\n\t<meta name=\"twitter:data2\" content=\"1 minuto\" \/>\n<script type=\"application\/ld+json\" class=\"yoast-schema-graph\">{\"@context\":\"https:\/\/schema.org\",\"@graph\":[{\"@type\":\"Article\",\"@id\":\"https:\/\/www.institutodeengenharia.org.br\/site\/2019\/10\/28\/dia-de-mentoria-acelerando-carreiras\/#article\",\"isPartOf\":{\"@id\":\"https:\/\/www.institutodeengenharia.org.br\/site\/2019\/10\/28\/dia-de-mentoria-acelerando-carreiras\/\"},\"author\":{\"name\":\"Bianca\",\"@id\":\"https:\/\/www.institutodeengenharia.org.br\/site\/#\/schema\/person\/aeb64951c405e100d26d30b033dd423f\"},\"headline\":\"Dia de Mentoria &#8211; Acelerando Carreiras\",\"datePublished\":\"2019-10-28T18:46:45+00:00\",\"dateModified\":\"2019-11-01T18:48:33+00:00\",\"mainEntityOfPage\":{\"@id\":\"https:\/\/www.institutodeengenharia.org.br\/site\/2019\/10\/28\/dia-de-mentoria-acelerando-carreiras\/\"},\"wordCount\":198,\"commentCount\":0,\"publisher\":{\"@id\":\"https:\/\/www.institutodeengenharia.org.br\/site\/#organization\"},\"image\":{\"@id\":\"https:\/\/www.institutodeengenharia.org.br\/site\/2019\/10\/28\/dia-de-mentoria-acelerando-carreiras\/#primaryimage\"},\"thumbnailUrl\":\"https:\/\/www.institutodeengenharia.org.br\/site\/wp-content\/uploads\/2019\/09\/Planejamento-Estrategico-Jornal140.jpg\",\"articleSection\":[\"Nova TV Engenharia\",\"Palestra\"],\"inLanguage\":\"pt-BR\",\"potentialAction\":[{\"@type\":\"CommentAction\",\"name\":\"Comment\",\"target\":[\"https:\/\/www.institutodeengenharia.org.br\/site\/2019\/10\/28\/dia-de-mentoria-acelerando-carreiras\/#respond\"]}]},{\"@type\":\"WebPage\",\"@id\":\"https:\/\/www.institutodeengenharia.org.br\/site\/2019\/10\/28\/dia-de-mentoria-acelerando-carreiras\/\",\"url\":\"https:\/\/www.institutodeengenharia.org.br\/site\/2019\/10\/28\/dia-de-mentoria-acelerando-carreiras\/\",\"name\":\"Dia de Mentoria - Acelerando Carreiras - Instituto de Engenharia\",\"isPartOf\":{\"@id\":\"https:\/\/www.institutodeengenharia.org.br\/site\/#website\"},\"primaryImageOfPage\":{\"@id\":\"https:\/\/www.institutodeengenharia.org.br\/site\/2019\/10\/28\/dia-de-mentoria-acelerando-carreiras\/#primaryimage\"},\"image\":{\"@id\":\"https:\/\/www.institutodeengenharia.org.br\/site\/2019\/10\/28\/dia-de-mentoria-acelerando-carreiras\/#primaryimage\"},\"thumbnailUrl\":\"https:\/\/www.institutodeengenharia.org.br\/site\/wp-content\/uploads\/2019\/09\/Planejamento-Estrategico-Jornal140.jpg\",\"datePublished\":\"2019-10-28T18:46:45+00:00\",\"dateModified\":\"2019-11-01T18:48:33+00:00\",\"breadcrumb\":{\"@id\":\"https:\/\/www.institutodeengenharia.org.br\/site\/2019\/10\/28\/dia-de-mentoria-acelerando-carreiras\/#breadcrumb\"},\"inLanguage\":\"pt-BR\",\"potentialAction\":[{\"@type\":\"ReadAction\",\"target\":[\"https:\/\/www.institutodeengenharia.org.br\/site\/2019\/10\/28\/dia-de-mentoria-acelerando-carreiras\/\"]}]},{\"@type\":\"ImageObject\",\"inLanguage\":\"pt-BR\",\"@id\":\"https:\/\/www.institutodeengenharia.org.br\/site\/2019\/10\/28\/dia-de-mentoria-acelerando-carreiras\/#primaryimage\",\"url\":\"https:\/\/www.institutodeengenharia.org.br\/site\/wp-content\/uploads\/2019\/09\/Planejamento-Estrategico-Jornal140.jpg\",\"contentUrl\":\"https:\/\/www.institutodeengenharia.org.br\/site\/wp-content\/uploads\/2019\/09\/Planejamento-Estrategico-Jornal140.jpg\",\"width\":948,\"height\":720},{\"@type\":\"BreadcrumbList\",\"@id\":\"https:\/\/www.institutodeengenharia.org.br\/site\/2019\/10\/28\/dia-de-mentoria-acelerando-carreiras\/#breadcrumb\",\"itemListElement\":[{\"@type\":\"ListItem\",\"position\":1,\"name\":\"In\u00edcio\",\"item\":\"https:\/\/www.institutodeengenharia.org.br\/site\/\"},{\"@type\":\"ListItem\",\"position\":2,\"name\":\"Dia de Mentoria &#8211; Acelerando Carreiras\"}]},{\"@type\":\"WebSite\",\"@id\":\"https:\/\/www.institutodeengenharia.org.br\/site\/#website\",\"url\":\"https:\/\/www.institutodeengenharia.org.br\/site\/\",\"name\":\"Instituto de Engenharia\",\"description\":\"O Instituto de Engenharia promove a Engenharia em benef\u00edcio do desenvolvimento e da qualidade de vida da sociedade.\",\"publisher\":{\"@id\":\"https:\/\/www.institutodeengenharia.org.br\/site\/#organization\"},\"potentialAction\":[{\"@type\":\"SearchAction\",\"target\":{\"@type\":\"EntryPoint\",\"urlTemplate\":\"https:\/\/www.institutodeengenharia.org.br\/site\/?s={search_term_string}\"},\"query-input\":{\"@type\":\"PropertyValueSpecification\",\"valueRequired\":true,\"valueName\":\"search_term_string\"}}],\"inLanguage\":\"pt-BR\"},{\"@type\":\"Organization\",\"@id\":\"https:\/\/www.institutodeengenharia.org.br\/site\/#organization\",\"name\":\"Instituto de Engenharia\",\"url\":\"https:\/\/www.institutodeengenharia.org.br\/site\/\",\"logo\":{\"@type\":\"ImageObject\",\"inLanguage\":\"pt-BR\",\"@id\":\"https:\/\/www.institutodeengenharia.org.br\/site\/#\/schema\/logo\/image\/\",\"url\":\"https:\/\/www.institutodeengenharia.org.br\/site\/wp-content\/uploads\/2019\/03\/logo-novo-IE2018-1.jpg\",\"contentUrl\":\"https:\/\/www.institutodeengenharia.org.br\/site\/wp-content\/uploads\/2019\/03\/logo-novo-IE2018-1.jpg\",\"width\":1486,\"height\":1879,\"caption\":\"Instituto de Engenharia\"},\"image\":{\"@id\":\"https:\/\/www.institutodeengenharia.org.br\/site\/#\/schema\/logo\/image\/\"},\"sameAs\":[\"https:\/\/www.facebook.com\/institutodeengenharia\",\"https:\/\/x.com\/iengenharia\",\"https:\/\/www.instagram.com\/institutodeengenharia\/\",\"https:\/\/www.linkedin.com\/company\/instituto-de-engenharia\/\",\"https:\/\/www.youtube.com\/channel\/UCXiCAlsSMe977vamW915HxA\"]},{\"@type\":\"Person\",\"@id\":\"https:\/\/www.institutodeengenharia.org.br\/site\/#\/schema\/person\/aeb64951c405e100d26d30b033dd423f\",\"name\":\"Bianca\",\"image\":{\"@type\":\"ImageObject\",\"inLanguage\":\"pt-BR\",\"@id\":\"https:\/\/secure.gravatar.com\/avatar\/a6fbe9bff57405baf4c1e2c5c1811e072b558253974a9f9508f4678900c97c2a?s=96&d=mm&r=g\",\"url\":\"https:\/\/secure.gravatar.com\/avatar\/a6fbe9bff57405baf4c1e2c5c1811e072b558253974a9f9508f4678900c97c2a?s=96&d=mm&r=g\",\"contentUrl\":\"https:\/\/secure.gravatar.com\/avatar\/a6fbe9bff57405baf4c1e2c5c1811e072b558253974a9f9508f4678900c97c2a?s=96&d=mm&r=g\",\"caption\":\"Bianca\"},\"url\":\"https:\/\/www.institutodeengenharia.org.br\/site\/author\/comunicacao1\/\"}]}<\/script>\n<!-- \/ Yoast SEO plugin. -->","yoast_head_json":{"title":"Dia de Mentoria - Acelerando Carreiras - Instituto de Engenharia","robots":{"index":"index","follow":"follow","max-snippet":"max-snippet:-1","max-image-preview":"max-image-preview:large","max-video-preview":"max-video-preview:-1"},"canonical":"https:\/\/www.institutodeengenharia.org.br\/site\/2019\/10\/28\/dia-de-mentoria-acelerando-carreiras\/","og_locale":"pt_BR","og_type":"article","og_title":"Dia de Mentoria - Acelerando Carreiras - Instituto de Engenharia","og_description":"Assista abaixo \u00e0 \u00edntegra: &nbsp; Mentor: Luiz Fernando Portella\u00a0\u00e9 engenheiro Mec\u00e2nico Automobil\u00edstico, FEI, p\u00f3s-graduado em Administra\u00e7\u00e3o de Empresas, FGV; Marketing Industrial, Mau\u00e1, e An\u00e1lise de Sistemas, pela LTD \u2013 Datamec. Curso de extens\u00e3o: Advanced Marketing Planing (GE-Camp). Iniciou carreira na Esso Brasileira de Petr\u00f3leo, como engenheiro de Vendas. Foi gerente de Servi\u00e7os pr\u00e9\/p\u00f3s-vendas na M\u00e1quinas [&hellip;]","og_url":"https:\/\/www.institutodeengenharia.org.br\/site\/2019\/10\/28\/dia-de-mentoria-acelerando-carreiras\/","og_site_name":"Instituto de Engenharia","article_publisher":"https:\/\/www.facebook.com\/institutodeengenharia","article_published_time":"2019-10-28T18:46:45+00:00","article_modified_time":"2019-11-01T18:48:33+00:00","og_image":[{"width":948,"height":720,"url":"https:\/\/www.institutodeengenharia.org.br\/site\/wp-content\/uploads\/2019\/09\/Planejamento-Estrategico-Jornal140.jpg","type":"image\/jpeg"}],"author":"Bianca","twitter_card":"summary_large_image","twitter_creator":"@iengenharia","twitter_site":"@iengenharia","twitter_misc":{"Escrito por":"Bianca","Est. tempo de leitura":"1 minuto"},"schema":{"@context":"https:\/\/schema.org","@graph":[{"@type":"Article","@id":"https:\/\/www.institutodeengenharia.org.br\/site\/2019\/10\/28\/dia-de-mentoria-acelerando-carreiras\/#article","isPartOf":{"@id":"https:\/\/www.institutodeengenharia.org.br\/site\/2019\/10\/28\/dia-de-mentoria-acelerando-carreiras\/"},"author":{"name":"Bianca","@id":"https:\/\/www.institutodeengenharia.org.br\/site\/#\/schema\/person\/aeb64951c405e100d26d30b033dd423f"},"headline":"Dia de Mentoria &#8211; Acelerando Carreiras","datePublished":"2019-10-28T18:46:45+00:00","dateModified":"2019-11-01T18:48:33+00:00","mainEntityOfPage":{"@id":"https:\/\/www.institutodeengenharia.org.br\/site\/2019\/10\/28\/dia-de-mentoria-acelerando-carreiras\/"},"wordCount":198,"commentCount":0,"publisher":{"@id":"https:\/\/www.institutodeengenharia.org.br\/site\/#organization"},"image":{"@id":"https:\/\/www.institutodeengenharia.org.br\/site\/2019\/10\/28\/dia-de-mentoria-acelerando-carreiras\/#primaryimage"},"thumbnailUrl":"https:\/\/www.institutodeengenharia.org.br\/site\/wp-content\/uploads\/2019\/09\/Planejamento-Estrategico-Jornal140.jpg","articleSection":["Nova TV Engenharia","Palestra"],"inLanguage":"pt-BR","potentialAction":[{"@type":"CommentAction","name":"Comment","target":["https:\/\/www.institutodeengenharia.org.br\/site\/2019\/10\/28\/dia-de-mentoria-acelerando-carreiras\/#respond"]}]},{"@type":"WebPage","@id":"https:\/\/www.institutodeengenharia.org.br\/site\/2019\/10\/28\/dia-de-mentoria-acelerando-carreiras\/","url":"https:\/\/www.institutodeengenharia.org.br\/site\/2019\/10\/28\/dia-de-mentoria-acelerando-carreiras\/","name":"Dia de Mentoria - Acelerando Carreiras - Instituto de Engenharia","isPartOf":{"@id":"https:\/\/www.institutodeengenharia.org.br\/site\/#website"},"primaryImageOfPage":{"@id":"https:\/\/www.institutodeengenharia.org.br\/site\/2019\/10\/28\/dia-de-mentoria-acelerando-carreiras\/#primaryimage"},"image":{"@id":"https:\/\/www.institutodeengenharia.org.br\/site\/2019\/10\/28\/dia-de-mentoria-acelerando-carreiras\/#primaryimage"},"thumbnailUrl":"https:\/\/www.institutodeengenharia.org.br\/site\/wp-content\/uploads\/2019\/09\/Planejamento-Estrategico-Jornal140.jpg","datePublished":"2019-10-28T18:46:45+00:00","dateModified":"2019-11-01T18:48:33+00:00","breadcrumb":{"@id":"https:\/\/www.institutodeengenharia.org.br\/site\/2019\/10\/28\/dia-de-mentoria-acelerando-carreiras\/#breadcrumb"},"inLanguage":"pt-BR","potentialAction":[{"@type":"ReadAction","target":["https:\/\/www.institutodeengenharia.org.br\/site\/2019\/10\/28\/dia-de-mentoria-acelerando-carreiras\/"]}]},{"@type":"ImageObject","inLanguage":"pt-BR","@id":"https:\/\/www.institutodeengenharia.org.br\/site\/2019\/10\/28\/dia-de-mentoria-acelerando-carreiras\/#primaryimage","url":"https:\/\/www.institutodeengenharia.org.br\/site\/wp-content\/uploads\/2019\/09\/Planejamento-Estrategico-Jornal140.jpg","contentUrl":"https:\/\/www.institutodeengenharia.org.br\/site\/wp-content\/uploads\/2019\/09\/Planejamento-Estrategico-Jornal140.jpg","width":948,"height":720},{"@type":"BreadcrumbList","@id":"https:\/\/www.institutodeengenharia.org.br\/site\/2019\/10\/28\/dia-de-mentoria-acelerando-carreiras\/#breadcrumb","itemListElement":[{"@type":"ListItem","position":1,"name":"In\u00edcio","item":"https:\/\/www.institutodeengenharia.org.br\/site\/"},{"@type":"ListItem","position":2,"name":"Dia de Mentoria &#8211; Acelerando Carreiras"}]},{"@type":"WebSite","@id":"https:\/\/www.institutodeengenharia.org.br\/site\/#website","url":"https:\/\/www.institutodeengenharia.org.br\/site\/","name":"Instituto de Engenharia","description":"O Instituto de Engenharia promove a Engenharia em benef\u00edcio do desenvolvimento e da qualidade de vida da sociedade.","publisher":{"@id":"https:\/\/www.institutodeengenharia.org.br\/site\/#organization"},"potentialAction":[{"@type":"SearchAction","target":{"@type":"EntryPoint","urlTemplate":"https:\/\/www.institutodeengenharia.org.br\/site\/?s={search_term_string}"},"query-input":{"@type":"PropertyValueSpecification","valueRequired":true,"valueName":"search_term_string"}}],"inLanguage":"pt-BR"},{"@type":"Organization","@id":"https:\/\/www.institutodeengenharia.org.br\/site\/#organization","name":"Instituto de Engenharia","url":"https:\/\/www.institutodeengenharia.org.br\/site\/","logo":{"@type":"ImageObject","inLanguage":"pt-BR","@id":"https:\/\/www.institutodeengenharia.org.br\/site\/#\/schema\/logo\/image\/","url":"https:\/\/www.institutodeengenharia.org.br\/site\/wp-content\/uploads\/2019\/03\/logo-novo-IE2018-1.jpg","contentUrl":"https:\/\/www.institutodeengenharia.org.br\/site\/wp-content\/uploads\/2019\/03\/logo-novo-IE2018-1.jpg","width":1486,"height":1879,"caption":"Instituto de Engenharia"},"image":{"@id":"https:\/\/www.institutodeengenharia.org.br\/site\/#\/schema\/logo\/image\/"},"sameAs":["https:\/\/www.facebook.com\/institutodeengenharia","https:\/\/x.com\/iengenharia","https:\/\/www.instagram.com\/institutodeengenharia\/","https:\/\/www.linkedin.com\/company\/instituto-de-engenharia\/","https:\/\/www.youtube.com\/channel\/UCXiCAlsSMe977vamW915HxA"]},{"@type":"Person","@id":"https:\/\/www.institutodeengenharia.org.br\/site\/#\/schema\/person\/aeb64951c405e100d26d30b033dd423f","name":"Bianca","image":{"@type":"ImageObject","inLanguage":"pt-BR","@id":"https:\/\/secure.gravatar.com\/avatar\/a6fbe9bff57405baf4c1e2c5c1811e072b558253974a9f9508f4678900c97c2a?s=96&d=mm&r=g","url":"https:\/\/secure.gravatar.com\/avatar\/a6fbe9bff57405baf4c1e2c5c1811e072b558253974a9f9508f4678900c97c2a?s=96&d=mm&r=g","contentUrl":"https:\/\/secure.gravatar.com\/avatar\/a6fbe9bff57405baf4c1e2c5c1811e072b558253974a9f9508f4678900c97c2a?s=96&d=mm&r=g","caption":"Bianca"},"url":"https:\/\/www.institutodeengenharia.org.br\/site\/author\/comunicacao1\/"}]}},"_links":{"self":[{"href":"https:\/\/www.institutodeengenharia.org.br\/site\/wp-json\/wp\/v2\/posts\/56777","targetHints":{"allow":["GET"]}}],"collection":[{"href":"https:\/\/www.institutodeengenharia.org.br\/site\/wp-json\/wp\/v2\/posts"}],"about":[{"href":"https:\/\/www.institutodeengenharia.org.br\/site\/wp-json\/wp\/v2\/types\/post"}],"author":[{"embeddable":true,"href":"https:\/\/www.institutodeengenharia.org.br\/site\/wp-json\/wp\/v2\/users\/13"}],"replies":[{"embeddable":true,"href":"https:\/\/www.institutodeengenharia.org.br\/site\/wp-json\/wp\/v2\/comments?post=56777"}],"version-history":[{"count":1,"href":"https:\/\/www.institutodeengenharia.org.br\/site\/wp-json\/wp\/v2\/posts\/56777\/revisions"}],"predecessor-version":[{"id":56778,"href":"https:\/\/www.institutodeengenharia.org.br\/site\/wp-json\/wp\/v2\/posts\/56777\/revisions\/56778"}],"wp:featuredmedia":[{"embeddable":true,"href":"https:\/\/www.institutodeengenharia.org.br\/site\/wp-json\/wp\/v2\/media\/44037"}],"wp:attachment":[{"href":"https:\/\/www.institutodeengenharia.org.br\/site\/wp-json\/wp\/v2\/media?parent=56777"}],"wp:term":[{"taxonomy":"category","embeddable":true,"href":"https:\/\/www.institutodeengenharia.org.br\/site\/wp-json\/wp\/v2\/categories?post=56777"},{"taxonomy":"post_tag","embeddable":true,"href":"https:\/\/www.institutodeengenharia.org.br\/site\/wp-json\/wp\/v2\/tags?post=56777"}],"curies":[{"name":"wp","href":"https:\/\/api.w.org\/{rel}","templated":true}]}}